
{"id":9251,"date":"2024-02-22T09:00:00","date_gmt":"2024-02-22T07:00:00","guid":{"rendered":"https:\/\/neuronup.com\/it\/?p=9251"},"modified":"2025-07-24T08:08:44","modified_gmt":"2025-07-24T06:08:44","slug":"disturbo-del-linguaggio-cause-sintomi-e-comorbilita","status":"publish","type":"post","link":"https:\/\/neuronup.com\/it\/stimolazione-e-riabilitazione-cognitiva\/disturbi-del-neurosviluppo\/disturbo-del-linguaggio-cause-sintomi-e-comorbilita\/","title":{"rendered":"Disturbo del linguaggio: cause, sintomi e comorbilit\u00e0"},"content":{"rendered":"\n<p>Il disturbo del linguaggio (LD) \u00e8 un disturbo del neurosviluppo grave e di lunga durata che colpisce l&#8217;<strong>acquisizione e lo sviluppo del linguaggio parlato<\/strong>. Inoltre, pu\u00f2 interessare l&#8217;area della comprensione o quella espressiva o entrambe.<\/p>\n\n\n\n<p>Viene descritto come disturbo &#8220;<strong>eterogeneo<\/strong>&#8221; perch\u00e9 non esistono due LD uguali. Ci\u00f2 significa che i sintomi variano notevolmente da un bambino all&#8217;altro e non si presentano sempre allo stesso modo e con la stessa intensit\u00e0.<\/p>\n\n\n\n<p>Il disturbo del linguaggio pu\u00f2 anche coinvolgere una o pi\u00f9 componenti del linguaggio: fonetica e fonologica, semantica, morfosintattica e\/o pragmatica.<\/p>\n\n\n\n<p>In questo articolo, Cristina Mart\u00ednez Carrero del centro D-letras ne spiega le cause, i sintomi e la comorbilit\u00e0, nonch\u00e9 la diagnosi e l&#8217;intervento.<\/p>\n\n\n\n<h2 class=\"wp-block-heading\">Difficolt\u00e0 specifiche per aree&nbsp;<\/h2>\n\n\n\n<h3 class=\"wp-block-heading\">Area fonetica\/fonologica<\/h3>\n\n\n\n<p>Nell&#8217;area fonetica\/fonologica i bambini presentano un <strong>eloquio inintelligibile<\/strong>, con molti errori di semplificazione fonologica, dislalie multiple, difficolt\u00e0 nella discriminazione uditiva.<\/p>\n\n\n\n<h3 class=\"wp-block-heading\">Area semantica<\/h3>\n\n\n\n<p>Nell&#8217;area semantica i bambini presentano un <strong>vocabolario ridotto<\/strong>, con difficolt\u00e0 di accesso al lessico: conoscono le parole, ma hanno difficolt\u00e0 ad evocarle. Per questa ragione tendono a usare parole molto generiche e circonlocuzioni. Hanno anche moltissime <strong>difficolt\u00e0 ad esprimere e a capire tutto ci\u00f2 che \u00e8 astratto<\/strong>, cio\u00e8 tutto ci\u00f2 che non pu\u00f2 essere contestualizzato, nonch\u00e9 ad imparare nuovi vocaboli.<\/p>\n\n\n\n<h3 class=\"wp-block-heading\">Area morfosintattica<\/h3>\n\n\n\n<p>L&#8217;area morfosintattica \u00e8 la pi\u00f9 colpita: i bambini tendono ad avvalersi di <strong>frasi semplici<\/strong> con pochi elementi, generalmente <strong>mal strutturate<\/strong> con errori di concordanza, nella coniugazione dei verbi, omissioni di preposizioni e di pronomi e altri errori. Indubbiamente, se l&#8217;area morfosintattica non \u00e8 colpita, non si pu\u00f2 parlare di LD.<\/p>\n\n\n\n<h3 class=\"wp-block-heading\">Area pragmatica<\/h3>\n\n\n\n<p>L&#8217;area pragmatica \u00e8 sempre compromessa nelle persone affette da disturbo del linguaggio. Hanno difficolt\u00e0 a stabilire <strong>relazioni sociali<\/strong> attraverso il gioco, nonch\u00e9 a capire e rispettare le regole. Mostrano anche <strong>difficolt\u00e0 a capire gli stati emotivi e a risolvere i problemi interpersonali<\/strong>. Questo \u00e8 un grosso ostacolo per le inferenze, cio\u00e8 nel capire tutto ci\u00f2 che non \u00e8 letterale e\/o contestualizzato, come ironie, doppi sensi, metafore, battute, ecc. Tutto ci\u00f2 influisce in modo significativo nel modo di relazionarsi con gli altri.<\/p>\n\n\n\n<p>Tutte le difficolt\u00e0 indicate in precedenza non possono essere attribuite o associate a nessun altro disturbo o patologia, per cui come cause si escludono l&#8217;ipoacusia, i danni cerebrali, il basso quoziente intellettivo, i deficit motori, i fattori socio-ambientali o le alterazioni dello sviluppo (Leonard, 1998).<\/p>\n\n\n\n<h2 class=\"wp-block-heading\">Aree dello sviluppo interessate dal disturbo del linguaggio<\/h2>\n\n\n\n<p>Il disturbo del linguaggio \u00e8 un termine relativamente nuovo che in poco tempo ha subito molte modifiche nella propria denominazione, la pi\u00f9 nota delle quali \u00e8 &#8220;<strong>disfasia<\/strong>&#8220;. Attualmente, con la nuova classificazione del DSM-V, \u00e8 stato messo in discussione l\u2019uso dell\u2019aggettivo \u201cspecifico\u201d e di &#8220;Specific Languaje Impairment (SLI)&#8221; per passare a &#8220;Language Disorders (LD)&#8221;, cio\u00e8 &#8220;<strong>Disturbi del Linguaggio<\/strong>&#8221; che rientrano nella categoria &#8220;<strong>Disturbi della Comunicazione<\/strong>&#8220;.<\/p>\n\n\n\n<p>I disturbi del linguaggio sono ulteriormente suddivisi in due tipi: <strong>fonologico-sintattico<\/strong> e <strong>lessicale-sintattico<\/strong>.<\/p>\n\n\n\n<p>Nel comitato di esperti non \u00e8 ancora stato raggiunto un consenso sulla terminologia pi\u00f9 adatta per definire questi disturbi. Tuttavia, molti sembrano concordare sul fatto che il termine &#8220;specifico&#8221; contenuto in SLI sia un po&#8217; incongruo, in quanto, sebbene la principale area colpita nei bambini con SLI sia la <strong>dimensione del linguaggio<\/strong>, interessa molte altre aree dello sviluppo, quali:<\/p>\n\n\n\n<ul class=\"wp-block-list\">\n<li>Memoria di lavoro<\/li>\n\n\n\n<li>Abilit\u00e0 mentali<\/li>\n\n\n\n<li>Udito<\/li>\n\n\n\n<li>Funzioni esecutive<\/li>\n\n\n\n<li>Controllo motorio<\/li>\n\n\n\n<li>Attenzione congiunta<\/li>\n\n\n\n<li>Sviluppo sociale<\/li>\n\n\n\n<li>Comportamento<\/li>\n\n\n\n<li>Rendimento scolastico<\/li>\n\n\n\n<li>Concetto di s\u00e9<\/li>\n<\/ul>\n\n\n\n<h2 class=\"wp-block-heading\">Cause del disturbo del linguaggio<\/h2>\n\n\n\n<p>Le <strong>cause del disturbo sono ancora sconosciute<\/strong>, ma studi recenti confermano l&#8217;importanza del <strong>carico genetico<\/strong>; dal 50 al 70% dei casi bambini con LD c&#8217;\u00e8 almeno un membro della famiglia con lo stesso disturbo. Inoltre, sono state riscontrate alterazioni nel gene FOXP2, noto come gene del linguaggio.<\/p>\n\n\n\n\n\n<h2 class=\"wp-block-heading\">Sintomi del disturbo del linguaggio<\/h2>\n\n\n\n<p>La prevalenza di LD \u00e8 del <strong>2-7% della popolazione infantile<\/strong>, con un rapporto di 2:1\/3:1 per i maschi. Si tratta di un <strong>disturbo grave e persistente<\/strong> che interessa l&#8217;acquisizione del linguaggio fin dai primi anni di vita, prosegue per tutta l&#8217;infanzia e l&#8217;adolescenza e pu\u00f2 lasciare postumi significativi in et\u00e0 adulta. La <strong>diagnosi e l&#8217;intervento precoci <\/strong>sono perci\u00f2 di vitale importanza.<\/p>\n\n\n\n<p>Alcuni segnali di allarme devono essere tenuti in considerazione non appena vengono riscontrati. Occorre evitare luoghi comuni quali &#8220;parler\u00e0 quando venga il momento&#8221;, &#8220;\u00e8 troppo piccolo&#8221;, &#8220;ogni bambino ha il suo ritmo&#8221;&#8230; Il LD si manifesta sempre come un ritardo nell&#8217;acquisizione del linguaggio. Ci\u00f2 non significa che tutti i parlatori tardivi finiranno per avere un disturbo specifico del linguaggio, tuttavia tutti gli affetti da LD sono stati parlatori tardivi.<\/p>\n\n\n\n<p>Spesso <strong>cominciano a parlare pi\u00f9 tardi<\/strong> e generalmente il loro <strong>repertorio lessicale \u00e8 molto limitato<\/strong>. L\u2019indicatore di LD \u00e8 elevato:<\/p>\n\n\n\n<ul class=\"wp-block-list\">\n<li>Se <strong>all&#8217;et\u00e0 di 2 anni<\/strong> <strong>non hanno almeno 50 parole<\/strong> nel loro bagaglio lessicale e di queste 50 parole il 20% sono verbi. Lo stesso vale per i bambini che a questa et\u00e0 non combinano due parole.<\/li>\n\n\n\n<li>Se <strong>a 3 anni<\/strong> possono parlare, ma presentano un <strong>eloquio inintelligibile<\/strong>, frasi con errori fonetici e fonologici, con frasi di tre elementi. Presentano difficolt\u00e0 a comprendere frasi di tipo C (cosa, come, chi&#8230;).<\/li>\n\n\n\n<li>Se <strong>a 4 anni<\/strong>, <strong>formulano solo frasi di 3 parole o meno<\/strong>, non usano aggettivi, pronomi, presentano un lessico limitato e senza alcuna narrazione.<\/li>\n\n\n\n<li>Se <strong>a 5 anni<\/strong>, elaborano frasi grammaticalmente scorrette e hanno difficolt\u00e0 a trovare le parole quando raccontano&#8230;<\/li>\n<\/ul>\n\n\n\n<p>Attenzione! Questi sono segnali di allarme che possono indicare eventuali difficolt\u00e0 linguistiche. Il fatto che un bambino presenti alcuni di essi non comporta necessariamente una diagnosi di LD.<\/p>\n\n\n\n<h2 class=\"wp-block-heading\">Diagnosi e intervento per i bambini con LD<\/h2>\n\n\n\n<p>La valutazione, la diagnosi e l&#8217;intervento precoce sono essenziali per lo sviluppo dei bambini con LD.<\/p>\n\n\n\n<p>Da un lato, la diagnosi \u00e8 molto complessa e pone molti problemi, soprattutto in et\u00e0 precoce.<\/p>\n\n\n\n<ul class=\"wp-block-list\">\n<li><strong>Prima dei 3 anni<\/strong> <strong>\u00e8 difficile stabilire<\/strong> se le difficolt\u00e0 del linguaggio orale siano dovute a un ritardo o a un disturbo del linguaggio.<\/li>\n\n\n\n<li><strong>All&#8217;et\u00e0 di 4 anni \u00e8 gi\u00e0 possibile parlare di un possibile LD<\/strong>.<\/li>\n\n\n\n<li><strong>A 5 anni la diagnosi \u00e8 solitamente confermata<\/strong>.<\/li>\n<\/ul>\n\n\n\n<p>Non dobbiamo attendere la conferma della diagnosi, ma prestare attenzione ai segnali non appena vengono rilevati. \u00c8 bene ricordare il grande impatto di questo disturbo sulla vita scolastica, personale ed emotiva, non solo in tenera et\u00e0.<\/p>\n\n\n\n<p>Quando vanno alle elementari i bambini compensano progressivamente queste difficolt\u00e0 e si potrebbe dire che la sintomatologia diventa meno evidente o visibile, soprattutto in seconda e terza elementare. Infatti, riescono a comunicare con un linguaggio pi\u00f9 formale ed elaborato, il che pu\u00f2 far pensare che abbiano superato le loro difficolt\u00e0 linguistiche. Tuttavia cos\u00ec non \u00e8: continuano ad avere difficolt\u00e0 con il lessico, il loro linguaggio espressivo \u00e8 alterato, hanno problemi a narrare e a mantenere un discorso coerente con idee ben coese. Raccontano storie pi\u00f9 brevi, con un minor numero di idee principali e secondarie, con un&#8217;errata sequenza temporale ecc.<\/p>\n\n\n\n<p>Inoltre, manifestano di norma <strong>problemi di apprendimento<\/strong>, soprattutto nello sviluppo della <strong>letto-scrittura<\/strong>, nonch\u00e9 nell&#8217;apprendimento della <strong>matematica<\/strong>, a causa di problemi di comprensione e di acquisizione di contenuti pi\u00f9 astratti. Il loro rendimento scolastico \u00e8 compromesso <strong>in tutte le tappe scolastiche<\/strong>, compresa quella secondaria.<\/p>\n\n\n\n<h2 class=\"wp-block-heading\">Comorbilit\u00e0 del disturbo del linguaggio<\/h2>\n\n\n\n<p>Molti disturbi del linguaggio presentano una comorbilit\u00e0 con altri disturbi quali dislessia, discalculia, disgrafia, disturbo da deficit di attenzione e iperattivit\u00e0, disturbi dell&#8217;interazione sociale, ecc.<\/p>\n\n\n\n<p>Il disturbo del linguaggio \u00e8 considerato un&#8217;esigenza educativa speciale. Se c&#8217;\u00e8 un grande divario curricolare (1,5-2 anni) possono avere adattamenti curricolari significativi.<\/p>\n\n\n\n<p>Se dopo aver letto questo articolo hai qualche dubbio, consulta uno specialista esperto in grado di guidarti e orientarti. Noi di D-letras saremo lieti di aiutarti.<\/p>\n\n\n\n<div style=\"height:50px\" aria-hidden=\"true\" class=\"wp-block-spacer\"><\/div>\n\n\n<div class=\"wp-block-image image-interface\">\n<figure class=\"aligncenter size-full is-resized\"><img decoding=\"async\" width=\"954\" height=\"1400\" src=\"https:\/\/neuronup.com\/it\/wp-content\/uploads\/2024\/02\/Disturbi-del-linguaggio-Infografica-dellarticolo.webp\" alt=\"Disturbi del linguaggio - Infografica dell\u2019articolo\" class=\"wp-image-41364\" style=\"width:700px\" srcset=\"https:\/\/neuronup.com\/it\/wp-content\/uploads\/2024\/02\/Disturbi-del-linguaggio-Infografica-dellarticolo-204x300.webp 204w, https:\/\/neuronup.com\/it\/wp-content\/uploads\/2024\/02\/Disturbi-del-linguaggio-Infografica-dellarticolo-698x1024.webp 698w, https:\/\/neuronup.com\/it\/wp-content\/uploads\/2024\/02\/Disturbi-del-linguaggio-Infografica-dellarticolo-768x1127.webp 768w, https:\/\/neuronup.com\/it\/wp-content\/uploads\/2024\/02\/Disturbi-del-linguaggio-Infografica-dellarticolo.webp 954w\" sizes=\"(max-width: 954px) 100vw, 954px\" \/><\/figure>\n<\/div>\n\n\n<div style=\"height:50px\" aria-hidden=\"true\" class=\"wp-block-spacer\"><\/div>\n\n\n\n<h3 class=\"wp-block-heading\">Se ti \u00e8 piaciuto questo articolo sui <strong>disturbi del linguaggio<\/strong>, potrebbero interessarti anche ad altri articoli relativi al linguaggio:<\/h3>\n\n\n<div class=\"mai-grid entries entries-grid has-boxed has-image-full\" style=\"--entry-title-font-size:var(--font-size-lg);--align-text:start;--entry-meta-text-align:start;\"><div class=\"entries-wrap has-columns\" style=\"--columns-xs:1\/1;--columns-sm:1\/1;--columns-md:1\/3;--columns-lg:1\/3;--flex-xs:0 0 var(--flex-basis);--flex-sm:0 0 var(--flex-basis);--flex-md:0 0 var(--flex-basis);--flex-lg:0 0 var(--flex-basis);--column-gap:var(--spacing-lg);--row-gap:var(--spacing-lg);--align-columns:start;\"><article class=\"entry entry-grid is-column has-entry-link has-image has-image-first type-post category-disturbi-del-neurosviluppo tag-disturbi-del-neurosviluppo tag-funzioni-esecutive\" style=\"--entry-index:1;\" aria-label=\"Guida alla revisione della letteratura sulle aprassie\" itemscope itemtype=\"https:\/\/schema.org\/CreativeWork\"><a class=\"entry-image-link\" href=\"https:\/\/neuronup.com\/it\/stimolazione-e-riabilitazione-cognitiva\/disturbi-del-neurosviluppo\/guida-per-la-revisione-della-letteratura-sulle-aprassie\/\" tabindex=\"-1\" aria-hidden=\"true\"><img decoding=\"async\" width=\"400\" height=\"267\" src=\"https:\/\/neuronup.com\/it\/wp-content\/uploads\/2024\/09\/apraxias-pareja.webp\" class=\"entry-image size-landscape-sm\" alt=\"Coppia distesa su pavimento di legno; una persona forma una cornice con le mani mentre l&#039;altra sorride, atmosfera giocosa.\" srcset=\"https:\/\/neuronup.com\/it\/wp-content\/uploads\/2024\/09\/apraxias-pareja-300x200.webp 300w, https:\/\/neuronup.com\/it\/wp-content\/uploads\/2024\/09\/apraxias-pareja-768x512.webp 768w, https:\/\/neuronup.com\/it\/wp-content\/uploads\/2024\/09\/apraxias-pareja-1024x683.webp 1024w, https:\/\/neuronup.com\/it\/wp-content\/uploads\/2024\/09\/apraxias-pareja.webp 1200w\" sizes=\"(max-width:599px) 599px, (min-width:600px) and (max-width: 799px) 799px, (min-width:800px) and (max-width: 999px) 333px, (min-width:1000px) 400px\" \/><\/a><div class=\"entry-wrap entry-wrap-grid\"><h3 class=\"entry-title\" itemprop=\"headline\"><a class=\"entry-title-link\" href=\"https:\/\/neuronup.com\/it\/stimolazione-e-riabilitazione-cognitiva\/disturbi-del-neurosviluppo\/guida-per-la-revisione-della-letteratura-sulle-aprassie\/\" rel=\"bookmark\">Guida alla revisione della letteratura sulle aprassie<\/a><\/h3>\n<\/div><\/article><article class=\"entry entry-grid is-column has-entry-link has-image has-image-first type-post category-asd-disturbi-dello-spettro-autistico tag-autismo tag-bambini tag-disturbo-dello-spettro-autistico\" style=\"--entry-index:2;\" aria-label=\"L&#8217;autismo e la realt\u00e0 delle persone con disturbo dello spettro autistico\" itemscope itemtype=\"https:\/\/schema.org\/CreativeWork\"><a class=\"entry-image-link\" href=\"https:\/\/neuronup.com\/it\/stimolazione-e-riabilitazione-cognitiva\/disturbi-del-neurosviluppo\/asd-disturbi-dello-spettro-autistico\/te\/\" tabindex=\"-1\" aria-hidden=\"true\"><img decoding=\"async\" width=\"400\" height=\"300\" src=\"https:\/\/neuronup.com\/it\/wp-content\/uploads\/2024\/09\/dia-mundial-sobre-el-autismo.webp\" class=\"entry-image size-landscape-sm\" alt=\"Quattro mani di bambini sollevate con dita distese davanti a un puzzle colorato, sfondo vivace che richiama inclusione.\" srcset=\"https:\/\/neuronup.com\/it\/wp-content\/uploads\/2024\/09\/dia-mundial-sobre-el-autismo-300x225.webp 300w, https:\/\/neuronup.com\/it\/wp-content\/uploads\/2024\/09\/dia-mundial-sobre-el-autismo-768x576.webp 768w, https:\/\/neuronup.com\/it\/wp-content\/uploads\/2024\/09\/dia-mundial-sobre-el-autismo-1024x768.webp 1024w, https:\/\/neuronup.com\/it\/wp-content\/uploads\/2024\/09\/dia-mundial-sobre-el-autismo.webp 1200w\" sizes=\"(max-width:599px) 599px, (min-width:600px) and (max-width: 799px) 799px, (min-width:800px) and (max-width: 999px) 333px, (min-width:1000px) 400px\" \/><\/a><div class=\"entry-wrap entry-wrap-grid\"><h3 class=\"entry-title\" itemprop=\"headline\"><a class=\"entry-title-link\" href=\"https:\/\/neuronup.com\/it\/stimolazione-e-riabilitazione-cognitiva\/disturbi-del-neurosviluppo\/asd-disturbi-dello-spettro-autistico\/te\/\" rel=\"bookmark\">L&#8217;autismo e la realt\u00e0 delle persone con disturbo dello spettro autistico<\/a><\/h3>\n<\/div><\/article><article class=\"entry entry-grid is-column has-entry-link has-image has-image-first type-post category-asd-disturbi-dello-spettro-autistico tag-abilita-sociali tag-autismo tag-bambini tag-disturbi-del-neurosviluppo tag-disturbo-dello-spettro-autistico tag-psicologia\" style=\"--entry-index:3;\" aria-label=\"Le persone che vivono con l&#8217;Asperger dal punto di vista sociale\" itemscope itemtype=\"https:\/\/schema.org\/CreativeWork\"><a class=\"entry-image-link\" href=\"https:\/\/neuronup.com\/it\/stimolazione-e-riabilitazione-cognitiva\/disturbi-del-neurosviluppo\/asd-disturbi-dello-spettro-autistico\/le-persone-che-vivono-con-asperger-dal-punto-di-vista-sociale\/\" tabindex=\"-1\" aria-hidden=\"true\"><img decoding=\"async\" width=\"400\" height=\"267\" src=\"https:\/\/neuronup.com\/it\/wp-content\/uploads\/2024\/09\/Terapia-de-juego-para-el-trastorno-de-autismo.webp\" class=\"entry-image size-landscape-sm\" alt=\"Donna seduta osserva una bambina in piedi che scrive su una lavagna colorata; ambiente luminoso e accogliente.\" srcset=\"https:\/\/neuronup.com\/it\/wp-content\/uploads\/2024\/09\/Terapia-de-juego-para-el-trastorno-de-autismo-300x200.webp 300w, https:\/\/neuronup.com\/it\/wp-content\/uploads\/2024\/09\/Terapia-de-juego-para-el-trastorno-de-autismo-768x512.webp 768w, https:\/\/neuronup.com\/it\/wp-content\/uploads\/2024\/09\/Terapia-de-juego-para-el-trastorno-de-autismo-1024x683.webp 1024w, https:\/\/neuronup.com\/it\/wp-content\/uploads\/2024\/09\/Terapia-de-juego-para-el-trastorno-de-autismo.webp 1202w\" sizes=\"(max-width:599px) 599px, (min-width:600px) and (max-width: 799px) 799px, (min-width:800px) and (max-width: 999px) 333px, (min-width:1000px) 400px\" \/><\/a><div class=\"entry-wrap entry-wrap-grid\"><h3 class=\"entry-title\" itemprop=\"headline\"><a class=\"entry-title-link\" href=\"https:\/\/neuronup.com\/it\/stimolazione-e-riabilitazione-cognitiva\/disturbi-del-neurosviluppo\/asd-disturbi-dello-spettro-autistico\/le-persone-che-vivono-con-asperger-dal-punto-di-vista-sociale\/\" rel=\"bookmark\">Le persone che vivono con l&#8217;Asperger dal punto di vista sociale<\/a><\/h3>\n<\/div><\/article><\/div><\/div>","protected":false},"excerpt":{"rendered":"<p>Il disturbo del linguaggio (LD) \u00e8 un disturbo del neurosviluppo grave e di lunga durata che colpisce l&#8217;acquisizione e lo sviluppo del linguaggio parlato. Inoltre, pu\u00f2 interessare l&#8217;area della comprensione o quella espressiva o entrambe. Viene descritto come disturbo &#8220;eterogeneo&#8221; perch\u00e9 non esistono due LD uguali. Ci\u00f2 significa che i sintomi variano notevolmente da un &hellip;<\/p>\n","protected":false},"author":71,"featured_media":30122,"comment_status":"closed","ping_status":"closed","sticky":false,"template":"","format":"standard","meta":{"_acf_changed":false,"_genesis_hide_title":false,"_genesis_hide_breadcrumbs":false,"_genesis_hide_singular_image":false,"_genesis_hide_footer_widgets":false,"_genesis_custom_body_class":"","_genesis_custom_post_class":"","_genesis_layout":"","footnotes":""},"categories":[385,14],"tags":[57,109,422,148],"class_list":{"2":"type-post","7":"category-disturbi-del-linguaggio","8":"category-disturbi-del-neurosviluppo","9":"tag-attivita-per-la-stimolazione-cognitiva","10":"tag-bambini","11":"tag-disturbi-del-neurosviluppo","12":"tag-linguaggio","13":"entry"},"acf":[],"_links":{"self":[{"href":"https:\/\/neuronup.com\/it\/wp-json\/wp\/v2\/posts\/9251","targetHints":{"allow":["GET"]}}],"collection":[{"href":"https:\/\/neuronup.com\/it\/wp-json\/wp\/v2\/posts"}],"about":[{"href":"https:\/\/neuronup.com\/it\/wp-json\/wp\/v2\/types\/post"}],"author":[{"embeddable":true,"href":"https:\/\/neuronup.com\/it\/wp-json\/wp\/v2\/users\/71"}],"replies":[{"embeddable":true,"href":"https:\/\/neuronup.com\/it\/wp-json\/wp\/v2\/comments?post=9251"}],"version-history":[{"count":0,"href":"https:\/\/neuronup.com\/it\/wp-json\/wp\/v2\/posts\/9251\/revisions"}],"wp:featuredmedia":[{"embeddable":true,"href":"https:\/\/neuronup.com\/it\/wp-json\/wp\/v2\/media\/30122"}],"wp:attachment":[{"href":"https:\/\/neuronup.com\/it\/wp-json\/wp\/v2\/media?parent=9251"}],"wp:term":[{"taxonomy":"category","embeddable":true,"href":"https:\/\/neuronup.com\/it\/wp-json\/wp\/v2\/categories?post=9251"},{"taxonomy":"post_tag","embeddable":true,"href":"https:\/\/neuronup.com\/it\/wp-json\/wp\/v2\/tags?post=9251"}],"curies":[{"name":"wp","href":"https:\/\/api.w.org\/{rel}","templated":true}]}}