
{"id":900000640,"date":"2026-08-28T09:37:23","date_gmt":"2026-08-28T07:37:23","guid":{"rendered":"https:\/\/neuronup.com\/it\/?p=900000640"},"modified":"2026-08-28T12:58:54","modified_gmt":"2026-08-28T10:58:54","slug":"biomarcatori-sanguinei-e-alzheimer-come-il-p-tau217-permette-di-prevedere-l-esordio-dei-sintomi","status":"publish","type":"post","link":"https:\/\/neuronup.com\/it\/ricerca\/linee-di-ricerca\/biomarcatori-sanguinei-e-alzheimer-come-il-p-tau217-permette-di-prevedere-l-esordio-dei-sintomi\/","title":{"rendered":"Biomarcatori del sangue e Alzheimer: come il p-tau217 consente di prevedere la comparsa dei sintomi"},"content":{"rendered":"\n<p class=\"has-xl-font-size wp-block-paragraph\">La dottoranda Marta Arbizu G\u00f3mez presenta gli <strong>ultimi progressi nei biomarcatori dell\u2019Alzheimer nel sangue<\/strong>, sottolineando <strong>come il p-tau217 plasmatico consenta di prevedere l\u2019esordio dei sintomi con una precisione sorprendente.\u00a0<\/strong><\/p>\n\n\n\n<section class=\"wp-block-group anims-fadein-up\"><div class=\"wp-block-group__inner-container is-layout-constrained wp-block-group-is-layout-constrained\">\n<p class=\"has-text-align-center br-0101 has-heading-color has-alt-background-color has-text-color has-background has-link-color wp-elements-1 has-xl-margin-top has-xxl-margin-bottom wp-block-paragraph\">Il p-tau217 \u00e8 un biomarcatore ematico che riflette l\u2019accumulo patologico della proteina tau associato alla malattia di Alzheimer. Consente di prevedere l\u2019esordio della malattia con un errore di soli 3-4 anni. Questo progresso promuove la neuroriabilitazione precoce e la stimolazione cognitiva personalizzata con NeuronUP.\u00a0<\/p>\n<\/div><\/section>\n\n\n\n<div style=\"height:20px\" aria-hidden=\"true\" class=\"wp-block-spacer\"><\/div>\n\n\n\n<h2 class=\"wp-block-heading\">Perch\u00e9 \u00e8 importante prevedere l\u2019Alzheimer prima della comparsa dei sintomi?<\/h2>\n\n\n\n<p class=\"wp-block-paragraph\">La <a href=\"https:\/\/neuronup.com\/it\/neuroriabilitazione\/malattie-neurodegenerative\/morbo-di-alzheimer\/\">malattia di Alzheimer (MA) <\/a>inizia molto prima della comparsa dei primi sintomi cognitivi. Per anni o persino decenni, <strong>nel cervello si accumulano proteine patologiche come il \u03b2-amiloide e la proteina tau<\/strong>, che alterano progressivamente la struttura e il funzionamento neuronale. Sebbene sia vero che l\u2019eliminazione di questi depositi proteici nel cervello non faccia regredire la malattia, <strong>l\u2019evoluzione della malattia \u00e8 modulata da questi depositi<\/strong>.<\/p>\n\n\n\n<p class=\"wp-block-paragraph\">Negli ultimi anni, i progressi nei biomarcatori hanno consentito di rilevare queste alterazioni nelle fasi molto precoci della malattia. Tuttavia, una delle domande pi\u00f9 rilevanti per la ricerca e la pratica clinica resta difficile da rispondere: <strong>quando compariranno i sintomi? <\/strong>E ancora di pi\u00f9,<strong> possiamo trattare la malattia nei pazienti ad alto rischio persino prima della comparsa dei primi sintomi?<\/strong><\/p>\n\n\n\n<p class=\"wp-block-paragraph\">Due persone possono presentare livelli simili di patologia cerebrale, ma evolvere in modo molto diverso. Mentre alcuni individui rimangono cognitivamente stabili per molti anni, altri sviluppano un <a href=\"https:\/\/neuronup.com\/it\/stimolazione-e-riabilitazione-cognitiva\/malattie-neurodegenerative\/deterioramento-cognitivo-lieve-o-demenza-differenze-cliniche-diagnosi-e-stimolazione-cognitiva\/\">decadimento cognitivo<\/a> in un periodo relativamente breve.<\/p>\n\n\n\n<p class=\"wp-block-paragraph\">Finora, stimare questo momento richiedeva tecniche complesse come la tomografia a emissione di positroni (PET) per visualizzare l\u2019amiloide o la tau nel cervello. Questi <strong>esami sono costosi e scarsamente accessibili<\/strong> a causa della produzione dei traccianti necessari per ottenere le immagini, quindi erano disponibili soltanto in pochi centri d\u2019\u00e9lite nel mondo.<\/p>\n\n\n\n<p class=\"wp-block-paragraph\">In questo contesto, i <strong><a href=\"https:\/\/neuronup.com\/it\/ricerca\/linee-di-ricerca\/la-malattia-di-alzheimer-come-costrutto-clinico-biologico-raccomandazioni-di-una-task-force-internazionale\/\">biomarcatori ematici<\/a> stanno diventando uno strumento promettente<\/strong>. Molti dei depositi cerebrali di proteine possono infatti essere \u201cinferiti\u201d a partire dalle stesse proteine o da altre presenti nel siero. Un recente studio pubblicato su <em>Nature Medicine<\/em> propone un approccio innovativo: utilizzare un unico esame del sangue per stimare quanti anni mancano alla comparsa dei sintomi dell\u2019Alzheimer.<\/p>\n\n\n\n<h2 class=\"wp-block-heading\">Come \u00e8 stata condotta questa ricerca sui biomarcatori ematici?: metodologia del modello a orologio del p-tau217<\/h2>\n\n\n\n<p class=\"wp-block-paragraph\">Per sviluppare questo modello, i ricercatori hanno <strong>analizzato dati longitudinali di due ampie coorti di ricerca<\/strong> sull\u2019<a href=\"https:\/\/neuronup.com\/it\/ricerca\/linee-di-ricerca\/brain-age-e-alzheimer-come-differenziare-l-invecchiamento-cerebrale-e-il-deterioramento-cognitivo\/\">invecchiamento e l\u2019Alzheimer<\/a>:<\/p>\n\n\n\n<ul class=\"wp-block-list\">\n<li>Knight Alzheimer Disease Research Center (Knight ADRC).<\/li>\n\n\n\n<li>Alzheimer\u2019s Disease Neuroimaging Initiative (ADNI).<\/li>\n<\/ul>\n\n\n\n<p class=\"wp-block-paragraph\">In totale sono stati inclusi <strong>pi\u00f9 di 900 partecipanti<\/strong>, molti dei quali sono stati seguiti per diversi anni con valutazioni cliniche e numerosi campioni di sangue.<\/p>\n\n\n\n<p class=\"wp-block-paragraph\">Il <strong>biomarcatore analizzato era il <a href=\"https:\/\/neuronup.com\/it\/ricerca\/linee-di-ricerca\/precisione-e-affidabilita-del-test-del-plasma-p-tau217-per-la-diagnosi-della-malattia-di-alzheimer\/\">p-tau217<\/a> plasmatico<\/strong>, una forma fosforilata della proteina tau che \u00e8 diventata uno dei marcatori ematici pi\u00f9 affidabili della patologia di Alzheimer.<\/p>\n\n\n\n<p class=\"wp-block-paragraph\">Anzich\u00e9 limitarsi a valutare se il biomarcatore fosse presente o meno, i ricercatori hanno sviluppato un approccio matematico denominato<strong> \u201cclock model\u201d o modello a orologio<\/strong>. Questo tipo di modello consente di trasformare il livello del biomarcatore in una <strong>stima temporale della progressione della malattia<\/strong>.<\/p>\n\n\n\n<p class=\"wp-block-paragraph\">In altre parole, il modello converte un valore biologico (la concentrazione di p-tau217) in una stima di quanti anni siano trascorsi dall\u2019inizio della patologia rilevabile.<\/p>\n\n\n\n<div style=\"height:50px\" aria-hidden=\"true\" class=\"wp-block-spacer\"><\/div>\n\n\n\n<div class=\"wp-block-group br-0111 has-primary-background-color has-background has-dark-background has-sm-padding-top has-sm-padding-left has-sm-padding-right has-xxl-margin-top\"><div class=\"wp-block-group__inner-container is-layout-constrained wp-block-group-is-layout-constrained\">\n<div class=\"wp-block-columns is-layout-flex wp-container-core-columns-is-layout-8f761849 wp-block-columns-is-layout-flex\">\n<div class=\"wp-block-column is-layout-flow wp-block-column-is-layout-flow\">\n<figure class=\"wp-block-image size-full desktop-position-absolute desktop-bottom-0 mobile-width-50 mobile-m-inline-auto has-xl-margin-top\"><img decoding=\"async\" src=\"https:\/\/neuronup.com\/it\/wp-content\/uploads\/2022\/v3\/producto-certificado.webp\" alt=\"\" class=\"wp-image-31568\"><\/figure>\n<\/div>\n\n\n\n<div class=\"wp-block-column is-layout-flow wp-block-column-is-layout-flow\">\n<h2 class=\"wp-block-heading has-white-color has-text-color\"><strong>Iscriviti<\/strong> <br>alla nostra <br>Newsletter<\/h2>\n\n\n\n<div class=\"wp-block-buttons is-layout-flex wp-block-buttons-is-layout-flex\">\n<div class=\"wp-block-button--1\" style=\"--button-outline-color:var(--color-white);--button-outline-color-hover:rgba(0,0,0,0.8);\"><a class=\"wp-block-button__link button button-outline   wp-element-button\" href=\"https:\/\/neuronup.com\/it\/newsletter\/\">Iscriviti<\/a><\/div>\n\n<\/div>\n\n\n\n<div style=\"height:40px\" aria-hidden=\"true\" class=\"wp-block-spacer\"><\/div>\n<\/div>\n<\/div>\n<\/div><\/div>\n\n\n\n\n<div style=\"height:50px\" aria-hidden=\"true\" class=\"wp-block-spacer\"><\/div>\n\n\n\n<h2 class=\"wp-block-heading\">Risultati del p-tau217 plasmatico: precisione nella previsione del decadimento cognitivo<\/h2>\n\n\n\n<p class=\"wp-block-paragraph\">I risultati mostrano che il livello di p-tau217 nel sangue consente di stimare il momento in cui compariranno i sintomi clinici dell\u2019Alzheimer con una <strong>precisione sorprendente<\/strong>.<\/p>\n\n\n\n<p class=\"wp-block-paragraph\">Nello specifico, il modello \u00e8 riuscito a prevedere l\u2019et\u00e0 di esordio dei sintomi con un <strong>errore medio di circa 3-4 anni<\/strong>.<\/p>\n\n\n\n<p class=\"wp-block-paragraph\">Inoltre, i ricercatori hanno osservato un fenomeno particolarmente interessante: l\u2019et\u00e0 in cui compare la positivit\u00e0 del biomarcatore <strong>influisce sulla velocit\u00e0 di progressione della malattia<\/strong>.<\/p>\n\n\n\n<p class=\"wp-block-paragraph\">Per esempio:<\/p>\n\n\n\n<ul class=\"wp-block-list\">\n<li>Se il biomarcatore diventa <strong>positivo intorno ai 60 anni<\/strong>, i <strong>sintomi <\/strong>compaiono generalmente circa <strong>20 anni dopo<\/strong>.<\/li>\n\n\n\n<li>Se la <strong>positivit\u00e0 compare a 80 anni<\/strong>, l\u2019intervallo prima dei <strong>sintomi <\/strong>si riduce a circa <strong>11 anni<\/strong>.<\/li>\n\n\n\n<li><\/li>\n<\/ul>\n\n\n\n<p class=\"wp-block-paragraph\">Ci\u00f2 suggerisce che il cervello possa tollerare l\u2019accumulo della patologia pi\u00f9 a lungo quando questa inizia in et\u00e0 pi\u00f9 precoce, mentre <strong>in et\u00e0 avanzata la progressione verso il decadimento cognitivo pu\u00f2 essere pi\u00f9 rapida<\/strong>.<\/p>\n\n\n\n<p class=\"wp-block-paragraph\">Questo effetto \u00e8 chiaramente visibile nella figura seguente, che mostra il tempo medio fino alla comparsa dei sintomi in base all\u2019et\u00e0 in cui il biomarcatore diventa positivo.<\/p>\n\n\n\n<div style=\"height:50px\" aria-hidden=\"true\" class=\"wp-block-spacer\"><\/div>\n\n\n<div class=\"wp-block-image image-interface\">\n<figure class=\"aligncenter size-full\"><img decoding=\"async\" width=\"1008\" height=\"1042\" src=\"https:\/\/neuronup.com\/it\/wp-content\/uploads\/2026\/08\/it-Tiempo-estimado-desde-la-positividad-del-biomarcador-p-tau217-hasta-la-aparicion.webp\" alt=\"Tempo stimato dalla positivit\u00e0 del biomarcatore p-tau217 alla comparsa dei sintomi dell\u2019Alzheimer in base all\u2019et\u00e0.\" class=\"wp-image-900000638\" srcset=\"https:\/\/neuronup.com\/it\/wp-content\/uploads\/2026\/08\/it-Tiempo-estimado-desde-la-positividad-del-biomarcador-p-tau217-hasta-la-aparicion-290x300.webp 290w, https:\/\/neuronup.com\/it\/wp-content\/uploads\/2026\/08\/it-Tiempo-estimado-desde-la-positividad-del-biomarcador-p-tau217-hasta-la-aparicion-768x794.webp 768w, https:\/\/neuronup.com\/it\/wp-content\/uploads\/2026\/08\/it-Tiempo-estimado-desde-la-positividad-del-biomarcador-p-tau217-hasta-la-aparicion-991x1024.webp 991w, https:\/\/neuronup.com\/it\/wp-content\/uploads\/2026\/08\/it-Tiempo-estimado-desde-la-positividad-del-biomarcador-p-tau217-hasta-la-aparicion.webp 1008w\" sizes=\"(max-width: 1008px) 100vw, 1008px\" \/><figcaption class=\"wp-element-caption\">Immagine 1. Tempo stimato dalla positivit\u00e0 del biomarcatore p-tau217 alla comparsa dei sintomi dell\u2019Alzheimer in base all\u2019et\u00e0. Quando il biomarcatore diventa positivo in et\u00e0 pi\u00f9 precoce (per esempio, a 60 anni), l\u2019intervallo fino all\u2019esordio dei sintomi \u00e8 pi\u00f9 lungo. Al contrario, quando compare in et\u00e0 pi\u00f9 avanzata, la progressione verso il decadimento cognitivo \u00e8 pi\u00f9 rapida. Immagine adattata da Petersen et al., <em>Nature Medicine<\/em> (2026).<\/figcaption><\/figure>\n<\/div>\n\n\n<div style=\"height:50px\" aria-hidden=\"true\" class=\"wp-block-spacer\"><\/div>\n\n\n\n<p class=\"wp-block-paragraph\">Nel complesso, i modelli hanno mostrato una <strong>associazione significativa tra l\u2019et\u00e0 stimata <\/strong>di positivit\u00e0 del biomarcatore<strong> e l\u2019et\u00e0 reale<\/strong> di esordio dei sintomi, rafforzando il potenziale di questo approccio per comprendere l\u2019evoluzione temporale dell\u2019Alzheimer.<\/p>\n\n\n\n<p class=\"wp-block-paragraph\">Questa relazione tra il momento in cui compare il biomarcatore e l\u2019et\u00e0 di esordio dei sintomi \u00e8 chiaramente visibile nella figura seguente.<\/p>\n\n\n\n<div style=\"height:50px\" aria-hidden=\"true\" class=\"wp-block-spacer\"><\/div>\n\n\n<div class=\"wp-block-image image-interface\">\n<figure class=\"aligncenter size-full\"><img decoding=\"async\" width=\"1049\" height=\"1024\" src=\"https:\/\/neuronup.com\/it\/wp-content\/uploads\/2026\/08\/it-Relacion-entre-la-edad-estimada-en-la-que-el-biomarcador-p-tau217-se-vuelve-posi.webp\" alt=\"Relazione tra l\u2019et\u00e0 stimata in cui il biomarcatore p-tau217 diventa positivo e l\u2019et\u00e0 di comparsa dei sintomi dell\u2019Alzheimer.\" class=\"wp-image-900000637\" srcset=\"https:\/\/neuronup.com\/it\/wp-content\/uploads\/2026\/08\/it-Relacion-entre-la-edad-estimada-en-la-que-el-biomarcador-p-tau217-se-vuelve-posi-300x293.webp 300w, https:\/\/neuronup.com\/it\/wp-content\/uploads\/2026\/08\/it-Relacion-entre-la-edad-estimada-en-la-que-el-biomarcador-p-tau217-se-vuelve-posi-768x750.webp 768w, https:\/\/neuronup.com\/it\/wp-content\/uploads\/2026\/08\/it-Relacion-entre-la-edad-estimada-en-la-que-el-biomarcador-p-tau217-se-vuelve-posi-1024x1000.webp 1024w, https:\/\/neuronup.com\/it\/wp-content\/uploads\/2026\/08\/it-Relacion-entre-la-edad-estimada-en-la-que-el-biomarcador-p-tau217-se-vuelve-posi.webp 1049w\" sizes=\"(max-width: 1049px) 100vw, 1049px\" \/><figcaption class=\"wp-element-caption\">Immagine 2. Relazione tra l\u2019et\u00e0 stimata in cui il biomarcatore p-tau217 diventa positivo e l\u2019et\u00e0 di comparsa dei sintomi dell\u2019Alzheimer. Ogni punto rappresenta un partecipante allo studio. La tendenza ascendente indica che quanto pi\u00f9 tardi compare la positivit\u00e0 del biomarcatore, tanto pi\u00f9 tardi si sviluppano i sintomi. Immagine adattata da Petersen et al., <em>Nature Medicine<\/em> (2026).<\/figcaption><\/figure>\n<\/div>\n\n\n<div style=\"height:50px\" aria-hidden=\"true\" class=\"wp-block-spacer\"><\/div>\n\n\n\n<h2 class=\"wp-block-heading\">Quali implicazioni ha questo progresso per la ricerca e gli studi clinici?<\/h2>\n\n\n\n<p class=\"wp-block-paragraph\">Sebbene questi modelli non siano ancora progettati per prevedere il futuro di una singola persona nella pratica clinica, possono avere un <strong>impatto molto importante sulla ricerca<\/strong>.<\/p>\n\n\n\n<p class=\"wp-block-paragraph\">Una delle principali sfide negli studi clinici sull\u2019Alzheimer \u00e8 selezionare partecipanti che sviluppino i sintomi durante la durata dello studio. Se i ricercatori possono stimare con maggiore precisione quando comparir\u00e0 il decadimento cognitivo, sar\u00e0 possibile:<\/p>\n\n\n\n<ul class=\"wp-block-list\">\n<li><strong>Reclutare partecipanti con maggiore probabilit\u00e0 di progressione<\/strong> durante lo studio.<\/li>\n\n\n\n<li><strong>Ridurre la durata e il costo degli studi clinici<\/strong>.<\/li>\n\n\n\n<li><strong>Valutare con maggiore precisione l\u2019effetto dei nuovi trattamenti.<\/strong><\/li>\n<\/ul>\n\n\n\n<p class=\"wp-block-paragraph\">In questo senso, i <a href=\"https:\/\/neuronup.com\/it\/ricerca\/linee-di-ricerca\/eta-cerebrale-e-biomarcatori-nella-malattia-di-alzheimer-implicazioni-per-la-pratica-clinica-nella-valutazione-e-nell-intervento\/\">biomarcatori ematici<\/a> potrebbero diventare strumenti chiave per accelerare lo sviluppo di terapie modificanti la malattia.<\/p>\n\n\n\n<h2 class=\"wp-block-heading\">Come si collega questo progresso a NeuronUP?<\/h2>\n\n\n\n<p class=\"wp-block-paragraph\">I progressi nei <strong>biomarcatori biologici e negli strumenti digitali per la riabilitazione cognitiva non sono approcci indipendenti<\/strong>, bens\u00ec complementari.<\/p>\n\n\n\n<p class=\"wp-block-paragraph\">La rilevazione precoce della patologia mediante biomarcatori come il p-tau217 consente di identificare le persone nelle fasi iniziali della malattia, quando gli interventi cognitivi possono avere un impatto maggiore.<\/p>\n\n\n\n<p class=\"wp-block-paragraph\">In questo contesto, le <strong>piattaforme di <a href=\"https:\/\/neuronup.com\/it\/attivita-di-neuroriabilitazione\/attivita-per-lalzheimer\/10-esercizi-di-stimolazione-cognitiva-per-persone-con-il-morbo-di-alzheimer\/\">stimolazione cognitiva<\/a> basate su evidenze scientifiche come NeuronUP<\/strong> possono svolgere un ruolo fondamentale:<\/p>\n\n\n\n<ul class=\"wp-block-list\">\n<li><strong>Adattando i programmi<\/strong> di riabilitazione alla fase di progressione della malattia.<\/li>\n\n\n\n<li><strong>Monitorando l\u2019evoluzione<\/strong> funzionale del paziente nel tempo.<\/li>\n\n\n\n<li><strong>Integrando i progressi biomedici <\/strong>con interventi incentrati sulla funzione cognitiva e sulla qualit\u00e0 di vita.<\/li>\n<\/ul>\n\n\n\n<p class=\"wp-block-paragraph\">L\u2019integrazione dei biomarcatori biologici con gli strumenti digitali di riabilitazione <strong>apre la strada a un approccio pi\u00f9 personalizzato e multidisciplinare<\/strong> nel trattamento dell\u2019Alzheimer.<\/p>\n\n\n\n<div style=\"height:50px\" aria-hidden=\"true\" class=\"wp-block-spacer\"><\/div>\n\n\n\n<aside class=\"wp-block-group br-0111 particle-bg has-background has-sm-padding-top has-sm-padding-bottom has-sm-padding-left has-sm-padding-right\" style=\"background-color:#008096\"><div class=\"wp-block-group__inner-container is-layout-constrained wp-block-group-is-layout-constrained\">\n<div class=\"wp-block-columns are-vertically-aligned-center is-layout-flex wp-container-core-columns-is-layout-8f761849 wp-block-columns-is-layout-flex\">\n<div class=\"wp-block-column is-vertically-aligned-center is-layout-flow wp-block-column-is-layout-flow\" style=\"flex-basis:66.66%\">\n<p class=\"has-white-color has-text-color has-xxl-font-size wp-block-paragraph\">Prova NeuronUP gratis per 7 giorni<\/p>\n\n\n\n<p class=\"has-white-color has-text-color wp-block-paragraph\">Digitalizza la tua valutazione e inizia a risparmiare tempo con un\u2019esperienza pi\u00f9 dinamica e coinvolgente grazie ai test digitali di NeuronUP.<\/p>\n<\/div>\n\n\n\n<div class=\"wp-block-column is-vertically-aligned-center is-layout-flow wp-block-column-is-layout-flow\" style=\"flex-basis:33.33%\">\n<div class=\"wp-block-buttons is-content-justification-center is-layout-flex wp-container-core-buttons-is-layout-fe48e5de wp-block-buttons-is-layout-flex\">\n<div class=\"wp-block-button\" style=\"--button-background:var(--color-custom-1);--button-background-hover:#cc7e00;\"><a class=\"wp-block-button__link button   wp-element-button\" href=\"https:\/\/neuronup.com\/it\/landing-store-user\/\">Inizia la prova<\/a><\/div>\n\n<\/div>\n<\/div>\n<\/div>\n<\/div><\/aside>\n\n\n\n<div style=\"height:50px\" aria-hidden=\"true\" class=\"wp-block-spacer\"><\/div>\n\n\n\n<h2 class=\"wp-block-heading\">Conclusioni <\/h2>\n\n\n\n<p class=\"wp-block-paragraph\">Questo studio dimostra che un semplice esame del sangue basato sul p-tau217 plasmatico potrebbe contribuire a stimare il tempo che manca alla comparsa dei sintomi dell\u2019Alzheimer.<\/p>\n\n\n\n<p class=\"wp-block-paragraph\">Sebbene siano ancora necessarie ulteriori ricerche prima di applicare questi modelli alla pratica clinica individuale, i risultati rappresentano un <strong>passo importante verso una comprensione pi\u00f9 precisa dell\u2019evoluzione temporale della malattia<\/strong>.<\/p>\n\n\n\n<p class=\"wp-block-paragraph\">Con il continuo sviluppo dei biomarcatori ematici, \u00e8 probabile che questi svolgano un ruolo centrale nella rilevazione precoce, nella progettazione degli studi clinici e nella personalizzazione degli interventi terapeutici.<\/p>\n\n\n\n<p class=\"wp-block-paragraph\">In combinazione con strumenti di riabilitazione cognitiva come quelli sviluppati da NeuronUP, questi progressi possono contribuire a un approccio pi\u00f9 completo ed efficace nella gestione della malattia di Alzheimer.<\/p>\n\n\n\n<h2 class=\"wp-block-heading\">Bibliografia <\/h2>\n\n\n\n<ul class=\"wp-block-list\">\n<li class=\"has-sm-font-size\">Petersen KK, Mil\u00e0-Alom\u00e0 M, Li Y, Du L, Xiong C, Tosun D, Saef B, Saad ZS, Du-Cuny L, Coomaraswamy J, Mordashova Y, Rubel CE, Meyers EA, Shaw LM, Dage JL, Ashton NJ, Zetterberg H, et al. Predicting onset of symptomatic Alzheimer\u2019s disease with plasma p-tau217 clocks. <em>Nature Medicine<\/em>. 2026. doi:10.1038\/s41591-026-04206-y.<\/li>\n<\/ul>\n\n\n\n<div style=\"height:70px\" aria-hidden=\"true\" class=\"wp-block-spacer\"><\/div>\n\n\n\n<div class=\"wp-block-group p-4 br-0111 has-alt-background-color has-background has-light-background\"><div class=\"wp-block-group__inner-container is-layout-constrained wp-block-group-is-layout-constrained\">\n<h2 class=\"wp-block-heading\"><strong>Domande frequenti sui biomarcatori ematici e l\u2019Alzheimer<\/strong><\/h2>\n\n\n\n<div style=\"height:20px\" aria-hidden=\"true\" class=\"wp-block-spacer\"><\/div>\n\n\n\n<div class=\"wp-block-pb-accordion-item c-accordion__item js-accordion-item no-js\" data-initially-open=\"false\" data-click-to-close=\"true\" data-auto-close=\"true\" data-scroll=\"false\" data-scroll-offset=\"0\" id=\"trabajarneuronup\"><h3 id=\"at-503180\" class=\"c-accordion__title js-accordion-controller\" role=\"button\">1. Che cos\u2019\u00e8 il biomarcatore p-tau217 e perch\u00e9 \u00e8 fondamentale nella diagnosi?<\/h3><div id=\"ac-503180\" class=\"c-accordion__content\">\n<p class=\"wp-block-paragraph\">Il p-tau217 \u00e8 una forma fosforilata della proteina tau rilevabile nel plasma sanguigno, ormai affermata come uno dei marcatori pi\u00f9 affidabili della patologia di Alzheimer. La sua importanza risiede nella possibilit\u00e0 di \u201cinferire\u201d i depositi cerebrali di proteine patologiche mediante un esame del sangue molto pi\u00f9 accessibile della PET.<\/p>\n<\/div><\/div>\n\n\n\n<div class=\"wp-block-pb-accordion-item c-accordion__item js-accordion-item no-js\" data-initially-open=\"false\" data-click-to-close=\"true\" data-auto-close=\"true\" data-scroll=\"false\" data-scroll-offset=\"0\" id=\"trabajarneuronup\"><h3 id=\"at-503181\" class=\"c-accordion__title js-accordion-controller\" role=\"button\">2. Con quale precisione un esame del sangue pu\u00f2 prevedere l\u2019esordio dei sintomi?<\/h3><div id=\"ac-503181\" class=\"c-accordion__content\">\n<p class=\"wp-block-paragraph\">Secondo lo studio di Petersen et al. (2026), il modello matematico \u201ca orologio\u201d sviluppato pu\u00f2 stimare l\u2019et\u00e0 di esordio dei sintomi clinici con un margine di errore medio di soli 3-4 anni. Questo modello converte la concentrazione di p-tau217 in una stima di quanti anni siano trascorsi dall\u2019inizio della patologia rilevabile.<\/p>\n<\/div><\/div>\n\n\n\n<div class=\"wp-block-pb-accordion-item c-accordion__item js-accordion-item no-js\" data-initially-open=\"false\" data-click-to-close=\"true\" data-auto-close=\"true\" data-scroll=\"false\" data-scroll-offset=\"0\" id=\"videosneuronup\"><h3 id=\"at-503182\" class=\"c-accordion__title js-accordion-controller\" role=\"button\">3. Un esame del sangue pu\u00f2 diagnosticare l\u2019Alzheimer?<\/h3><div id=\"ac-503182\" class=\"c-accordion__content\">\n<p class=\"wp-block-paragraph\">Attualmente, il p-tau217 consente di \u201cinferire\u201d la patologia cerebrale con elevata affidabilit\u00e0, ma viene utilizzato principalmente per stimare la progressione e la comparsa dei sintomi, integrando la diagnosi clinica tradizionale.<\/p>\n<\/div><\/div>\n\n\n\n<div class=\"wp-block-pb-accordion-item c-accordion__item js-accordion-item no-js\" data-initially-open=\"false\" data-click-to-close=\"true\" data-auto-close=\"true\" data-scroll=\"false\" data-scroll-offset=\"0\" id=\"formaciongratuita\"><h3 id=\"at-503183\" class=\"c-accordion__title js-accordion-controller\" role=\"button\">4. In che modo l\u2019et\u00e0 influisce sulla progressione dell\u2019Alzheimer dopo un risultato positivo al p-tau217?<\/h3><div id=\"ac-503183\" class=\"c-accordion__content\">\n<p class=\"wp-block-paragraph\">La ricerca rivela che la progressione \u00e8 pi\u00f9 lenta se la patologia inizia in et\u00e0 precoce:<\/p>\n\n\n\n<ul class=\"wp-block-list\">\n<li>Se il biomarcatore \u00e8 positivo a 60 anni, l\u2019intervallo fino ai sintomi \u00e8 di circa 20,5 anni.\u00a0\u00a0<\/li>\n\n\n\n<li>Se la positivit\u00e0 compare a 80 anni, il tempo fino al decadimento cognitivo si riduce a 11,4 anni.<\/li>\n<\/ul>\n\n\n\n<p class=\"wp-block-paragraph\">Ci\u00f2 suggerisce che il cervello tolleri meglio l\u2019accumulo della patologia quando questa inizia nelle fasi pi\u00f9 precoci della vita.\u00a0\u00a0<\/p>\n<\/div><\/div>\n\n\n\n<div class=\"wp-block-pb-accordion-item c-accordion__item js-accordion-item no-js\" data-initially-open=\"false\" data-click-to-close=\"true\" data-auto-close=\"true\" data-scroll=\"false\" data-scroll-offset=\"0\" id=\"formaciongratuita\"><h3 id=\"at-503184\" class=\"c-accordion__title js-accordion-controller\" role=\"button\">5. Quale ruolo svolge la stimolazione cognitiva in caso di diagnosi precoce mediante biomarcatori?<\/h3><div id=\"ac-503184\" class=\"c-accordion__content\">\n<p class=\"wp-block-paragraph\">La rilevazione precoce mediante p-tau217 consente di identificare le persone quando gli interventi cognitivi hanno il massimo impatto potenziale. Le piattaforme basate su evidenze scientifiche come NeuronUP consentono di:<\/p>\n\n\n\n<ul class=\"wp-block-list\">\n<li>Adattare i programmi di riabilitazione alla specifica fase di progressione rilevata.\u00a0\u00a0<\/li>\n\n\n\n<li>Monitorare l\u2019evoluzione funzionale del paziente a lungo termine.\u00a0\u00a0<\/li>\n\n\n\n<li>Integrare i progressi biomedici con un approccio incentrato sulla qualit\u00e0 di vita e sulla funzione cognitiva.\u00a0\u00a0<\/li>\n<\/ul>\n<\/div><\/div>\n<\/div><\/div>\n\n\n\n\n<div style=\"height:50px\" aria-hidden=\"true\" class=\"wp-block-spacer\"><\/div>\n\n\n<div class=\"mai-grid entries entries-grid has-boxed has-image-full\" style=\"--entry-title-font-size:var(--font-size-lg);--align-text:start;--entry-meta-text-align:start;\"><div class=\"entries-wrap has-columns\" style=\"--columns-xs:1 \/ 1;--columns-sm:1 \/ 1;--columns-md:1 \/ 3;--columns-lg:1 \/ 3;--flex-xs:0 0 var(--flex-basis);--flex-sm:0 0 var(--flex-basis);--flex-md:0 0 var(--flex-basis);--flex-lg:0 0 var(--flex-basis);--column-gap:var(--spacing-lg);--row-gap:var(--spacing-lg);--align-columns:start;\"><article class=\"entry entry-grid is-column has-entry-link has-image has-image-first type-post category-linee-di-ricerca tag-malattia-di-alzheimer tag-ricerca\" style=\"--entry-index:1;\" aria-label=\"Biomarcatori del sangue e Alzheimer: come il p-tau217 consente di prevedere la comparsa dei sintomi\" itemscope itemtype=\"https:\/\/schema.org\/CreativeWork\"><a class=\"entry-image-link\" href=\"https:\/\/neuronup.com\/it\/ricerca\/linee-di-ricerca\/biomarcatori-sanguinei-e-alzheimer-come-il-p-tau217-permette-di-prevedere-l-esordio-dei-sintomi\/\" tabindex=\"-1\" aria-hidden=\"true\"><img decoding=\"async\" width=\"400\" height=\"300\" src=\"https:\/\/neuronup.com\/it\/wp-content\/uploads\/2026\/08\/Biomarcadores-sanguineos-y-alzheimer-como-el-p-tau217-permite-predecir-la-aparicion-de-sintomas-400x300.webp\" class=\"entry-image size-landscape-sm\" alt=\"Biomarcatori ematici e Alzheimer: come il p-tau217 consente di prevedere la comparsa dei sintomi.\" srcset=\"https:\/\/neuronup.com\/it\/wp-content\/uploads\/2026\/08\/Biomarcadores-sanguineos-y-alzheimer-como-el-p-tau217-permite-predecir-la-aparicion-de-sintomas-400x300.webp 400w, https:\/\/neuronup.com\/it\/wp-content\/uploads\/2026\/08\/Biomarcadores-sanguineos-y-alzheimer-como-el-p-tau217-permite-predecir-la-aparicion-de-sintomas-800x600.webp 800w\" sizes=\"(max-width:599px) 599px, (min-width:600px) and (max-width: 799px) 799px, (min-width:800px) and (max-width: 999px) 333px, (min-width:1000px) 400px\" \/><\/a><div class=\"entry-wrap entry-wrap-grid\"><h3 class=\"entry-title\" itemprop=\"headline\"><a class=\"entry-title-link\" href=\"https:\/\/neuronup.com\/it\/ricerca\/linee-di-ricerca\/biomarcatori-sanguinei-e-alzheimer-come-il-p-tau217-permette-di-prevedere-l-esordio-dei-sintomi\/\" rel=\"bookmark\">Biomarcatori del sangue e Alzheimer: come il p-tau217 consente di prevedere la comparsa dei sintomi<\/a><\/h3>\n<\/div><\/article><article class=\"entry entry-grid is-column has-entry-link has-image has-image-first type-post category-linee-di-ricerca tag-malattia-di-alzheimer tag-malattie-neurodegenerative tag-ricerca\" style=\"--entry-index:2;\" aria-label=\"Vaccino antinfluenzale ad alto dosaggio e malattia di Alzheimer: pu\u00f2 ridurre il rischio negli anziani?\" itemscope itemtype=\"https:\/\/schema.org\/CreativeWork\"><a class=\"entry-image-link\" href=\"https:\/\/neuronup.com\/it\/ricerca\/linee-di-ricerca\/vaccino-influenzale-dose-alta-e-malattia-di-alzheimer-potrebbe-ridurre-il-rischio-negli-anziani\/\" tabindex=\"-1\" aria-hidden=\"true\"><img decoding=\"async\" width=\"400\" height=\"300\" src=\"https:\/\/neuronup.com\/it\/wp-content\/uploads\/2026\/08\/Vacuna-de-la-gripe-de-alta-dosis-y-enfermedad-de-Alzheimer-\u00bfpuede-reducir-el-riesgo-en-adultos-mayores-400x300.webp\" class=\"entry-image size-landscape-sm\" alt=\"Vaccino antinfluenzale ad alto dosaggio e malattia di Alzheimer: pu\u00f2 ridurre il rischio negli anziani?\" srcset=\"https:\/\/neuronup.com\/it\/wp-content\/uploads\/2026\/08\/Vacuna-de-la-gripe-de-alta-dosis-y-enfermedad-de-Alzheimer-\u00bfpuede-reducir-el-riesgo-en-adultos-mayores-400x300.webp 400w, https:\/\/neuronup.com\/it\/wp-content\/uploads\/2026\/08\/Vacuna-de-la-gripe-de-alta-dosis-y-enfermedad-de-Alzheimer-\u00bfpuede-reducir-el-riesgo-en-adultos-mayores-800x600.webp 800w\" sizes=\"(max-width:599px) 599px, (min-width:600px) and (max-width: 799px) 799px, (min-width:800px) and (max-width: 999px) 333px, (min-width:1000px) 400px\" \/><\/a><div class=\"entry-wrap entry-wrap-grid\"><h3 class=\"entry-title\" itemprop=\"headline\"><a class=\"entry-title-link\" href=\"https:\/\/neuronup.com\/it\/ricerca\/linee-di-ricerca\/vaccino-influenzale-dose-alta-e-malattia-di-alzheimer-potrebbe-ridurre-il-rischio-negli-anziani\/\" rel=\"bookmark\">Vaccino antinfluenzale ad alto dosaggio e malattia di Alzheimer: pu\u00f2 ridurre il rischio negli anziani?<\/a><\/h3>\n<\/div><\/article><article class=\"entry entry-grid is-column has-entry-link has-image has-image-first type-post category-linee-di-ricerca tag-malattia-di-alzheimer tag-malattie-neurodegenerative tag-ricerca\" style=\"--entry-index:3;\" aria-label=\"Prevalenza della patologia di Alzheimer nella popolazione generale: cosa ci dicono i biomarcatori nel sangue?\" itemscope itemtype=\"https:\/\/schema.org\/CreativeWork\"><a class=\"entry-image-link\" href=\"https:\/\/neuronup.com\/it\/ricerca\/linee-di-ricerca\/prevalenza-della-patologia-di-alzheimer-nella-popolazione-generale-cosa-ci-dicono-i-biomarcatori-nel-sangue\/\" tabindex=\"-1\" aria-hidden=\"true\"><img decoding=\"async\" width=\"400\" height=\"300\" src=\"https:\/\/neuronup.com\/it\/wp-content\/uploads\/2026\/08\/p-tau217-y-alzheimer-como-los-biomarcadores-en-sangre-detectan-cambios-antes-de-los-sintomas-400x300.webp\" class=\"entry-image size-landscape-sm\" alt=\"Prevalenza della patologia di Alzheimer nella popolazione generale\" srcset=\"https:\/\/neuronup.com\/it\/wp-content\/uploads\/2026\/08\/p-tau217-y-alzheimer-como-los-biomarcadores-en-sangre-detectan-cambios-antes-de-los-sintomas-400x300.webp 400w, https:\/\/neuronup.com\/it\/wp-content\/uploads\/2026\/08\/p-tau217-y-alzheimer-como-los-biomarcadores-en-sangre-detectan-cambios-antes-de-los-sintomas-800x600.webp 800w\" sizes=\"(max-width:599px) 599px, (min-width:600px) and (max-width: 799px) 799px, (min-width:800px) and (max-width: 999px) 333px, (min-width:1000px) 400px\" \/><\/a><div class=\"entry-wrap entry-wrap-grid\"><h3 class=\"entry-title\" itemprop=\"headline\"><a class=\"entry-title-link\" href=\"https:\/\/neuronup.com\/it\/ricerca\/linee-di-ricerca\/prevalenza-della-patologia-di-alzheimer-nella-popolazione-generale-cosa-ci-dicono-i-biomarcatori-nel-sangue\/\" rel=\"bookmark\">Prevalenza della patologia di Alzheimer nella popolazione generale: cosa ci dicono i biomarcatori nel sangue?<\/a><\/h3>\n<\/div><\/article><article class=\"entry entry-grid is-column has-entry-link has-image has-image-first type-post category-linee-di-ricerca tag-ricerca tag-sclerosi-multipla\" style=\"--entry-index:4;\" aria-label=\"NeuronUP in una revisione internazionale sulle tecnologie di riabilitazione cognitiva nella sclerosi multipla\" itemscope itemtype=\"https:\/\/schema.org\/CreativeWork\"><a class=\"entry-image-link\" href=\"https:\/\/neuronup.com\/it\/ricerca\/linee-di-ricerca\/neuronup-in-una-revisione-internazionale-sulle-tecnologie-di-riabilitazione-cognitiva-nella-sclerosi-multipla\/\" tabindex=\"-1\" aria-hidden=\"true\"><img decoding=\"async\" width=\"400\" height=\"300\" src=\"https:\/\/neuronup.com\/it\/wp-content\/uploads\/2026\/08\/NeuronUP-en-una-revision-internacional-sobre-tecnologias-de-rehabilitacion-cognitiva-en-esclerosis-multiple-400x300.webp\" class=\"entry-image size-landscape-sm\" alt=\"NeuronUP in una revisione internazionale sulle tecnologie di riabilitazione cognitiva nella sclerosi multipla.\" srcset=\"https:\/\/neuronup.com\/it\/wp-content\/uploads\/2026\/08\/NeuronUP-en-una-revision-internacional-sobre-tecnologias-de-rehabilitacion-cognitiva-en-esclerosis-multiple-400x300.webp 400w, https:\/\/neuronup.com\/it\/wp-content\/uploads\/2026\/08\/NeuronUP-en-una-revision-internacional-sobre-tecnologias-de-rehabilitacion-cognitiva-en-esclerosis-multiple-800x600.webp 800w, https:\/\/neuronup.com\/it\/wp-content\/uploads\/2026\/08\/NeuronUP-en-una-revision-internacional-sobre-tecnologias-de-rehabilitacion-cognitiva-en-esclerosis-multiple-1200x900.webp 1200w\" sizes=\"(max-width:599px) 599px, (min-width:600px) and (max-width: 799px) 799px, (min-width:800px) and (max-width: 999px) 333px, (min-width:1000px) 400px\" \/><\/a><div class=\"entry-wrap entry-wrap-grid\"><h3 class=\"entry-title\" itemprop=\"headline\"><a class=\"entry-title-link\" href=\"https:\/\/neuronup.com\/it\/ricerca\/linee-di-ricerca\/neuronup-in-una-revisione-internazionale-sulle-tecnologie-di-riabilitazione-cognitiva-nella-sclerosi-multipla\/\" rel=\"bookmark\">NeuronUP in una revisione internazionale sulle tecnologie di riabilitazione cognitiva nella sclerosi multipla<\/a><\/h3>\n<\/div><\/article><article class=\"entry entry-grid is-column has-entry-link has-image has-image-first type-post category-linee-di-ricerca tag-malattia-di-alzheimer tag-malattie-neurodegenerative tag-ricerca\" style=\"--entry-index:5;\" aria-label=\"Gli anticorpi anti-amiloide funzionano davvero per l\u2019Alzheimer? Evidenze, benefici e rischi\" itemscope itemtype=\"https:\/\/schema.org\/CreativeWork\"><a class=\"entry-image-link\" href=\"https:\/\/neuronup.com\/it\/ricerca\/linee-di-ricerca\/funzionano-davvero-gli-anticorpi-antiamiloide-per-l-alzheimer-evidenze-benefici-rischi\/\" tabindex=\"-1\" aria-hidden=\"true\"><img decoding=\"async\" width=\"400\" height=\"300\" src=\"https:\/\/neuronup.com\/it\/wp-content\/uploads\/2026\/08\/Funcionan-realmente-los-anticuerpos-antiamiloide-para-el-alzheimer-400x300.webp\" class=\"entry-image size-landscape-sm\" alt=\"Gli anticorpi anti-amiloide funzionano davvero per l\u2019Alzheimer?\" srcset=\"https:\/\/neuronup.com\/it\/wp-content\/uploads\/2026\/08\/Funcionan-realmente-los-anticuerpos-antiamiloide-para-el-alzheimer-400x300.webp 400w, https:\/\/neuronup.com\/it\/wp-content\/uploads\/2026\/08\/Funcionan-realmente-los-anticuerpos-antiamiloide-para-el-alzheimer-800x600.webp 800w\" sizes=\"(max-width:599px) 599px, (min-width:600px) and (max-width: 799px) 799px, (min-width:800px) and (max-width: 999px) 333px, (min-width:1000px) 400px\" \/><\/a><div class=\"entry-wrap entry-wrap-grid\"><h3 class=\"entry-title\" itemprop=\"headline\"><a class=\"entry-title-link\" href=\"https:\/\/neuronup.com\/it\/ricerca\/linee-di-ricerca\/funzionano-davvero-gli-anticorpi-antiamiloide-per-l-alzheimer-evidenze-benefici-rischi\/\" rel=\"bookmark\">Gli anticorpi anti-amiloide funzionano davvero per l\u2019Alzheimer? Evidenze, benefici e rischi<\/a><\/h3>\n<\/div><\/article><article class=\"entry entry-grid is-column has-entry-link has-image has-image-first type-post category-linee-di-ricerca tag-neuroscienze tag-ricerca tag-stimolazione-cognitiva\" style=\"--entry-index:6;\" aria-label=\"Intervista a Jes\u00fas M. Cort\u00e9s: LATAM-FINGERS e l\u2019opportunit\u00e0 di prevenire il deterioramento cognitivo dall\u2019America Latina\" itemscope itemtype=\"https:\/\/schema.org\/CreativeWork\"><a class=\"entry-image-link\" href=\"https:\/\/neuronup.com\/it\/ricerca\/linee-di-ricerca\/intervista-a-jesus-m-cortes-latam-fingers-e-l-opportunita-di-prevenire-il-deterioramento-cognitivo-dall-america-latina\/\" tabindex=\"-1\" aria-hidden=\"true\"><img decoding=\"async\" width=\"400\" height=\"300\" src=\"https:\/\/neuronup.com\/it\/wp-content\/uploads\/2026\/08\/it-Entrevista-a-Jesus-M.-Cortes-LATAM-FINGERS-y-la-oportunidad-de-prevenir-el-deter-400x300.webp\" class=\"entry-image size-landscape-sm\" alt=\"Intervista a Jes\u00fas M. Cort\u00e9s su LATAM-FINGERS e sull\u2019opportunit\u00e0 di prevenire il deterioramento cognitivo dall\u2019America Latina.\" srcset=\"https:\/\/neuronup.com\/it\/wp-content\/uploads\/2026\/08\/it-Entrevista-a-Jesus-M.-Cortes-LATAM-FINGERS-y-la-oportunidad-de-prevenir-el-deter-400x300.webp 400w, https:\/\/neuronup.com\/it\/wp-content\/uploads\/2026\/08\/it-Entrevista-a-Jesus-M.-Cortes-LATAM-FINGERS-y-la-oportunidad-de-prevenir-el-deter-800x600.webp 800w\" sizes=\"(max-width:599px) 599px, (min-width:600px) and (max-width: 799px) 799px, (min-width:800px) and (max-width: 999px) 333px, (min-width:1000px) 400px\" \/><\/a><div class=\"entry-wrap entry-wrap-grid\"><h3 class=\"entry-title\" itemprop=\"headline\"><a class=\"entry-title-link\" href=\"https:\/\/neuronup.com\/it\/ricerca\/linee-di-ricerca\/intervista-a-jesus-m-cortes-latam-fingers-e-l-opportunita-di-prevenire-il-deterioramento-cognitivo-dall-america-latina\/\" rel=\"bookmark\">Intervista a Jes\u00fas M. Cort\u00e9s: LATAM-FINGERS e l\u2019opportunit\u00e0 di prevenire il deterioramento cognitivo dall\u2019America Latina<\/a><\/h3>\n<\/div><\/article><\/div><\/div>","protected":false},"excerpt":{"rendered":"<p>La dottoranda Marta Arbizu G\u00f3mez presenta gli ultimi progressi nei biomarcatori dell\u2019Alzheimer nel sangue, sottolineando come il p-tau217 plasmatico consenta di prevedere l\u2019esordio dei sintomi con una precisione sorprendente.\u00a0 Il p-tau217 \u00e8 un biomarcatore ematico che riflette l\u2019accumulo patologico della proteina tau associato alla malattia di Alzheimer. Consente di prevedere l\u2019esordio della malattia con un &hellip;<\/p>\n","protected":false},"author":231,"featured_media":900000639,"comment_status":"open","ping_status":"open","sticky":false,"template":"","format":"standard","meta":{"_acf_changed":false,"_genesis_hide_title":false,"_genesis_hide_breadcrumbs":false,"_genesis_hide_singular_image":false,"_genesis_hide_footer_widgets":false,"_genesis_custom_body_class":"","_genesis_custom_post_class":"","_genesis_layout":"","footnotes":""},"categories":[452],"tags":[490,370],"class_list":["type-post","category-linee-di-ricerca","tag-malattia-di-alzheimer","tag-ricerca","entry"],"acf":[],"_links":{"self":[{"href":"https:\/\/neuronup.com\/it\/wp-json\/wp\/v2\/posts\/900000640","targetHints":{"allow":["GET"]}}],"collection":[{"href":"https:\/\/neuronup.com\/it\/wp-json\/wp\/v2\/posts"}],"about":[{"href":"https:\/\/neuronup.com\/it\/wp-json\/wp\/v2\/types\/post"}],"author":[{"embeddable":true,"href":"https:\/\/neuronup.com\/it\/wp-json\/wp\/v2\/users\/231"}],"replies":[{"embeddable":true,"href":"https:\/\/neuronup.com\/it\/wp-json\/wp\/v2\/comments?post=900000640"}],"version-history":[{"count":2,"href":"https:\/\/neuronup.com\/it\/wp-json\/wp\/v2\/posts\/900000640\/revisions"}],"predecessor-version":[{"id":900000688,"href":"https:\/\/neuronup.com\/it\/wp-json\/wp\/v2\/posts\/900000640\/revisions\/900000688"}],"wp:featuredmedia":[{"embeddable":true,"href":"https:\/\/neuronup.com\/it\/wp-json\/wp\/v2\/media\/900000639"}],"wp:attachment":[{"href":"https:\/\/neuronup.com\/it\/wp-json\/wp\/v2\/media?parent=900000640"}],"wp:term":[{"taxonomy":"category","embeddable":true,"href":"https:\/\/neuronup.com\/it\/wp-json\/wp\/v2\/categories?post=900000640"},{"taxonomy":"post_tag","embeddable":true,"href":"https:\/\/neuronup.com\/it\/wp-json\/wp\/v2\/tags?post=900000640"}],"curies":[{"name":"wp","href":"https:\/\/api.w.org\/{rel}","templated":true}]}}