
{"id":900000633,"date":"2026-08-28T09:37:21","date_gmt":"2026-08-28T07:37:21","guid":{"rendered":"https:\/\/neuronup.com\/it\/?p=900000633"},"modified":"2026-08-28T10:49:56","modified_gmt":"2026-08-28T08:49:56","slug":"alterazioni-del-sonno-e-delle-prestazioni-esecutive-nei-disturbi-dello-sviluppo-neuropsicologico-infantile-valutazione-clinica-e-implicazioni-per-l-intervento-neuropsicologico","status":"publish","type":"post","link":"https:\/\/neuronup.com\/it\/stimolazione-e-riabilitazione-cognitiva\/disturbi-del-neurosviluppo\/alterazioni-del-sonno-e-delle-prestazioni-esecutive-nei-disturbi-dello-sviluppo-neuropsicologico-infantile-valutazione-clinica-e-implicazioni-per-l-intervento-neuropsicologico\/","title":{"rendered":"Alterazioni del sonno e rendimento esecutivo nei disturbi del neurosviluppo infantile: valutazione clinica e implicazioni per l\u2019intervento neuropsicologico"},"content":{"rendered":"\n<p class=\"has-xl-font-size wp-block-paragraph\">Sandra Fonz Bujalance, terapista occupazionale, illustra la <strong>stretta relazione tra le alterazioni del sonno e il rendimento esecutivo nei bambini con disturbi del neurosviluppo come autismo e ADHD<\/strong>.<\/p>\n\n\n\n<section class=\"wp-block-group anims-fadein-up\"><div class=\"wp-block-group__inner-container is-layout-constrained wp-block-group-is-layout-constrained\">\n<p class=\"has-text-align-center br-0101 has-heading-color has-alt-background-color has-text-color has-background has-link-color wp-elements-1 has-xl-margin-top has-xxl-margin-bottom wp-block-paragraph\">Analizziamo l\u2019architettura del sonno e il suo impatto sulla maturazione delle reti prefrontali, descrivendo i profili clinici specifici nell\u2019ADHD, nell\u2019autismo e nei disturbi del linguaggio. Ti offriamo indicazioni per la diagnosi differenziale e protocolli di valutazione mediante strumenti come la batteria NEPSY-II, integrando interventi basati sulla terapia cognitivo-comportamentale e sull\u2019igiene del sonno. \u00c8 una guida tecnica essenziale per ottimizzare la precisione diagnostica e l\u2019efficacia terapeutica nella neuroriabilitazione infantile. <\/p>\n<\/div><\/section>\n\n\n\n<div style=\"height:20px\" aria-hidden=\"true\" class=\"wp-block-spacer\"><\/div>\n\n\n\n<h2 class=\"wp-block-heading\">Perch\u00e9 il sonno \u00e8 una variabile critica nella valutazione neuropsicologica infantile?<\/h2>\n\n\n\n<p class=\"wp-block-paragraph\">Il sonno \u00e8 un\u2019<strong>attivit\u00e0 biologica quotidiana<\/strong> che assume particolare rilevanza nello sviluppo infantile, poich\u00e9 le sue alterazioni possono incidere significativamente sul funzionamento cognitivo e comportamentale e sulla partecipazione alle attivit\u00e0 quotidiane.<\/p>\n\n\n\n<p class=\"wp-block-paragraph\">Nella neuropsicologia infantile, sia i <strong>problemi del sonno<\/strong> sia le <strong><a href=\"https:\/\/neuronup.com\/it\/aree-dintervento\/funzioni-cognitive\/funzioni-esecutive\/\">difficolt\u00e0 nelle funzioni esecutive<\/a><\/strong> (generalmente associate a problemi comportamentali e\/o al rendimento scolastico) sono motivi di consultazione comuni nei <a href=\"https:\/\/neuronup.com\/it\/neuroriabilitazione\/disturbi-del-neurosviluppo\/\">disturbi del neurosviluppo<\/a>. Tuttavia, \u00e8 fondamentale considerare che <strong>entrambe le variabili sono strettamente correlate e si influenzano reciprocamente<\/strong>; pertanto, devono essere valutate congiuntamente per evitare interpretazioni distorte e tenute in considerazione nell\u2019interpretazione dei risultati.\u00a0<\/p>\n\n\n\n<p class=\"wp-block-paragraph\"><strong>Il sonno agisce come variabile modulatrice del rendimento cognitivo<\/strong>, influenzando in particolare processi esecutivi quali la memoria di lavoro, la flessibilit\u00e0 cognitiva e la velocit\u00e0 di elaborazione (Waters e Bucks, 2011).<\/p>\n\n\n\n<h2 class=\"wp-block-heading\">Basi neurobiologiche del sonno e impatto sulle funzioni esecutive nell\u2019infanzia<\/h2>\n\n\n\n<p class=\"wp-block-paragraph\">L\u2019architettura del sonno varia da uno stato di presonno nelle prime fasi fetali fino a raggiungere, intorno ai 3 anni, l\u2019architettura del sonno adulto, in base alla maturazione del sistema nervoso centrale (SNC). Si distinguono due grandi fasi: il <strong>sonno non REM (NREM)<\/strong>, che include il <em>sonno a onde lente<\/em> e svolge un ruolo fondamentale nel <em>ripristino fisiologico<\/em>, e il <strong>sonno REM (Rapid Eye Movements)<\/strong>, caratterizzato da un\u2019<em>intensa attivit\u00e0 corticale <\/em>(Falup-Pecurariu et al., 2021).<\/p>\n\n\n\n<h3 class=\"wp-block-heading\">Sonno e sviluppo delle reti del lobo prefrontale<\/h3>\n\n\n\n<p class=\"wp-block-paragraph\">Durante il sonno si attivano processi neurochimici e neurofisiologici essenziali per la struttura, il metabolismo e la funzione dei lobi frontali. Questi processi includono <strong>meccanismi di plasticit\u00e0 sinaptica, regolazione dei neurotrasmettitori e riorganizzazione delle reti neuronali<\/strong>. Nell\u2019infanzia, tutti questi processi sono rilevanti per la maturazione delle reti prefrontali coinvolte nella <em>pianificazione, nel controllo inibitorio e nella regolazione emotiva<\/em>.<\/p>\n\n\n\n<h3 class=\"wp-block-heading\">Consolidamento della memoria, controllo inibitorio e regolazione emotiva <\/h3>\n\n\n\n<p class=\"wp-block-paragraph\">Durante il <strong>sonno NREM<\/strong> si verifica la <em>riattivazione dei circuiti ippocampali<\/em>, che favorisce il consolidamento della <strong>memoria<\/strong> <strong>dichiarativa<\/strong>. Il <strong>sonno REM<\/strong>, invece, facilita l\u2019integrazione e la riorganizzazione delle informazioni immagazzinate durante la veglia in reti corticali pi\u00f9 ampie, contribuendo all\u2019<strong>apprendimento emotivo e procedurale <\/strong>(Landmann et al., 2014).<\/p>\n\n\n\n<h3 class=\"wp-block-heading\">Privazione del sonno e alterazioni delle reti esecutive <\/h3>\n\n\n\n<p class=\"wp-block-paragraph\">La mancanza di sonno influisce significativamente sulle capacit\u00e0 cognitive e, di conseguenza, sul funzionamento nella vita quotidiana.<\/p>\n\n\n\n<p class=\"wp-block-paragraph\">La privazione del sonno \u00e8 associata a una <strong>riduzione dell\u2019attivit\u00e0 nella corteccia prefrontale dorsolaterale e orbitofrontale<\/strong>, che spiega il <em>deterioramento nel processo decisionale, nel controllo inibitorio e nella regolazione emotiva <\/em>osservato nei bambini e negli adolescenti con sonno insufficiente, oltre a un <strong>basso livello di arousal<\/strong> che non risponde allo stesso modo agli stimoli dell\u2019ambiente (Angulo, 2025).<\/p>\n\n\n\n<h2 class=\"wp-block-heading\">Fenotipo del sonno e principali disturbi del neurosviluppo<\/h2>\n\n\n\n<p class=\"wp-block-paragraph\">Lo studio di Robinson-Shelton e Maslow (2016) ha evidenziato che i disturbi del sonno compaiono spesso come <strong>comorbilit\u00e0<\/strong> di alcuni dei principali disturbi del neurosviluppo nell\u2019infanzia. Tuttavia, anche <em>questa alterazione dello stato fisiologico pu\u00f2 aumentare la sintomatologia del disturbo del neurosviluppo stesso<\/em>. Questa situazione \u00e8 inoltre influenzata dai <strong>trattamenti farmacologici<\/strong> primari, che possono esacerbare e\/o generare alterazioni del sonno.<\/p>\n\n\n\n<h3 class=\"wp-block-heading\">Alterazioni del sonno nell\u2019ADHD: latenza, ritardo di fase e risvegli notturni <\/h3>\n\n\n\n<p class=\"wp-block-paragraph\">Il <a href=\"https:\/\/neuronup.com\/it\/neuroriabilitazione\/disturbi-del-neurosviluppo\/disturbo-da-deficit-di-attenzione-e-iperattivita-adhd\/\">disturbo da deficit di attenzione\/iperattivit\u00e0 (ADHD)<\/a> presenta un\u2019elevata comorbilit\u00e0 con i disturbi del sonno, poich\u00e9 condividono meccanismi neurobiologici correlati a un <strong>ritardo nell\u2019inizio della secrezione notturna di melatonina<\/strong>: <\/p>\n\n\n\n<p class=\"wp-block-paragraph\">\u00c8 particolarmente frequente l\u2019<strong>aumento dei risvegli notturni<\/strong> (pi\u00f9 di due durante la notte), il <strong>risveglio precoce<\/strong> e<strong> <\/strong>una <strong>riduzione della quantit\u00e0 totale di sonno<\/strong>. \u00c8 inoltre comune la <strong>difficolt\u00e0 ad addormentarsi<\/strong>.\u00a0<\/p>\n\n\n\n<p class=\"wp-block-paragraph\">Sono bambini che tendono a rimanere pi\u00f9 a lungo a letto, ma il sonno effettivo \u00e8 meno efficiente. Presentano inoltre pi\u00f9 movimenti nelle fasi del sonno superficiale e gambe senza riposo. \u00c8 frequente l\u2019<strong>instabilit\u00e0 dei ritmi circadiani<\/strong>, che comporta una maggiore sonnolenza diurna (Arboledas et al., 2014).\u00a0<\/p>\n\n\n\n<p class=\"wp-block-paragraph\">Altre associazioni relative al sonno in questa popolazione sono il <strong>russamento e<\/strong> l\u2019<strong>enuresi <\/strong>(Dom\u00ednguez-Ortega e de Vicente-Colomina, 2006).<\/p>\n\n\n\n<h3 class=\"wp-block-heading\">Alterazioni del sonno nell\u2019autismo: ritmo circadiano e secrezione di melatonina <\/h3>\n\n\n\n<p class=\"wp-block-paragraph\">Nei bambini con <a href=\"https:\/\/neuronup.com\/it\/neuroriabilitazione\/disturbi-del-neurosviluppo\/disturbi-dello-spettro-autistico\/\">disturbo dello spettro autistico (ASD)<\/a> sono frequenti <strong>ritardi nell\u2019inizio del sonno (latenza del sonno)<\/strong> superiori a 30 minuti per notte e\/o frequenti <strong>risvegli notturni prolungati<\/strong>, che possono portare al risveglio definitivo.\u00a0<\/p>\n\n\n\n<p class=\"wp-block-paragraph\">Queste anomalie sono correlate al sonno REM e a una possibile disfunzione delle vie monoaminergiche eccitatorie, associata a un ritmo ritardato nel rilascio della melatonina (comune carenza di dopamina e\/o ferritina) e a una sua minore produzione, che sarebbe correlata ai risvegli notturni. \u00c8 necessario considerare anche la <strong>disregolazione sensoriale <\/strong>come variabile implicata nel sonno (Iannizzotto et al., 2013).<\/p>\n\n\n\n<div style=\"height:50px\" aria-hidden=\"true\" class=\"wp-block-spacer\"><\/div>\n\n\n\n<div class=\"wp-block-group br-0111 has-primary-background-color has-background has-dark-background has-sm-padding-top has-sm-padding-left has-sm-padding-right has-xxl-margin-top\"><div class=\"wp-block-group__inner-container is-layout-constrained wp-block-group-is-layout-constrained\">\n<div class=\"wp-block-columns is-layout-flex wp-container-core-columns-is-layout-8f761849 wp-block-columns-is-layout-flex\">\n<div class=\"wp-block-column is-layout-flow wp-block-column-is-layout-flow\">\n<figure class=\"wp-block-image size-full desktop-position-absolute desktop-bottom-0 mobile-width-50 mobile-m-inline-auto has-xl-margin-top\"><img decoding=\"async\" src=\"https:\/\/neuronup.com\/it\/wp-content\/uploads\/2022\/v3\/producto-certificado.webp\" alt=\"\" class=\"wp-image-31568\"><\/figure>\n<\/div>\n\n\n\n<div class=\"wp-block-column is-layout-flow wp-block-column-is-layout-flow\">\n<h2 class=\"wp-block-heading has-white-color has-text-color\"><strong>Iscriviti<\/strong> <br>alla nostra <br>Newsletter<\/h2>\n\n\n\n<div class=\"wp-block-buttons is-layout-flex wp-block-buttons-is-layout-flex\">\n<div class=\"wp-block-button--1\" style=\"--button-outline-color:var(--color-white);--button-outline-color-hover:rgba(0,0,0,0.8);\"><a class=\"wp-block-button__link button button-outline   wp-element-button\" href=\"https:\/\/neuronup.com\/it\/newsletter\/\">Iscriviti<\/a><\/div>\n\n<\/div>\n\n\n\n<div style=\"height:40px\" aria-hidden=\"true\" class=\"wp-block-spacer\"><\/div>\n<\/div>\n<\/div>\n<\/div><\/div>\n\n\n\n\n<div style=\"height:50px\" aria-hidden=\"true\" class=\"wp-block-spacer\"><\/div>\n\n\n\n<h2 class=\"wp-block-heading\">Alterazioni del sonno nei disturbi specifici del linguaggio&nbsp;<\/h2>\n\n\n\n<p class=\"wp-block-paragraph\">\u00c8 frequente trovare evidenze sulle alterazioni del sonno nei disturbi del neurosviluppo, ma non specificamente nel disturbo specifico del linguaggio. Tuttavia, studi recenti evidenziano un\u2019alterazione del sonno in questa diagnosi, che pu\u00f2 correlare con la sintomatologia clinica di questi bambini. Sembra che presentino <strong>frequenze pi\u00f9 rapide nel sonno NREM, usi inadeguati, un maggior numero di movimenti corporei e un indice di arousal pi\u00f9 elevato<\/strong> (And\u00fajar, 2017).<\/p>\n\n\n\n<h3 class=\"wp-block-heading\">Alterazioni del sonno nella disabilit\u00e0 intellettiva<\/h3>\n\n\n\n<p class=\"wp-block-paragraph\">Nella disabilit\u00e0 intellettiva, le alterazioni del sonno pi\u00f9 frequenti riguardano <strong>l\u2019addormentamento e il mantenimento del sonno, i risvegli precoci e la sonnolenza diurna<\/strong>, con uno sfasamento delle fasi. Nelle sindromi associate a disabilit\u00e0 intellettiva, come la sindrome di Prader-Willi o la sindrome di Down, l\u2019apnea del sonno \u00e8 un disturbo frequente (Nieto del Rinc\u00f3n, 2017).<\/p>\n\n\n\n<h2 class=\"wp-block-heading\">Come integrare l\u2019analisi del sonno nella valutazione neuropsicologica infantile <\/h2>\n\n\n\n<h3 class=\"wp-block-heading\">Strumenti per la valutazione neuropsicologica del sonno<\/h3>\n\n\n\n<p class=\"wp-block-paragraph\">La <a href=\"https:\/\/neuronup.com\/it\/stimolazione-e-riabilitazione-cognitiva\/disturbi-del-neurosviluppo\/adhd-disturbo-da-deficit-di-attenzione-iperattivita\/il-tda-h-nei-bambini-e-i-disturbi-del-sonno-associati\/\">valutazione neuropsicologica in et\u00e0 evolutiva<\/a> \u00e8 un <strong>processo multimodale<\/strong> che richiede diversi informatori: la famiglia e il bambino stesso. Pu\u00f2 essere valutato come variabile indipendente, ma dovrebbe essere tenuto in considerazione per valutare in modo realistico il rendimento cognitivo (P\u00e9rez-Jara e Ruiz, 2022).\u00a0<\/p>\n\n\n\n<p class=\"wp-block-paragraph\">Come primo passo, \u00e8 <strong>indispensabile esaminare la storia clinica e completare il colloquio<\/strong> con i genitori e\/o i tutori per conoscere le routine del sonno, i cambiamenti comportamentali ecc. \u00c8 inoltre necessario <strong>adattare il canale comunicativo<\/strong> al bambino per raccogliere anche le sue percezioni. Possono essere richiesti esami integrativi, come la polisonnografia.<\/p>\n\n\n\n<p class=\"wp-block-paragraph\">La valutazione deve <strong>combinare l\u2019osservazione clinica, scale standardizzate e test neuropsicologici<\/strong>. Tra gli strumenti pi\u00f9 utilizzati vi sono: il <strong>Questionario sulle abitudini del sonno di Owens (CHSO), il Children\u2019s Sleep Habits Questionnaire (CSHQ), il Pittsburgh Sleep Quality Index (PSQI) o l\u2019Epworth Sleepiness Scale per bambini e adolescenti (ESS-CHAD). <\/strong>La valutazione cognitiva <strong>NEPSY-II<\/strong> \u00e8 un\u2019opzione molto valida, poich\u00e9 misura le funzioni esecutive e altri processi cognitivi per collegarli alle alterazioni del sonno.<\/p>\n\n\n\n<p class=\"wp-block-paragraph\"><strong>Non bisogna trascurare la valutazione emotiva<\/strong>, poich\u00e9 pu\u00f2 essere una causa e\/o una conseguenza delle alterazioni del sonno e della compromissione delle funzioni cognitive, soprattutto nel contesto dei disturbi del neurosviluppo, dove esiste una <strong>stretta interrelazione tra regolazione emotiva, pattern del sonno e rendimento cognitivo<\/strong>. <\/p>\n\n\n\n<p class=\"wp-block-paragraph\">In condizioni come l\u2019ADHD o il disturbo dello spettro autistico, le <strong>difficolt\u00e0 di <a href=\"https:\/\/neuronup.com\/it\/stimolazione-e-riabilitazione-cognitiva\/disturbi-del-neurosviluppo\/asd-disturbi-dello-spettro-autistico\/elaborazione-delle-emozioni-nelle-persone-con-disturbo-dello-spettro-autistico-asd\/\">autoregolazione emotiva<\/a> possono esacerbare i problemi del sonno<\/strong>, il che a sua volta influisce negativamente sull\u2019attenzione, sulla memoria e sulle funzioni esecutive, generando un circolo bidirezionale di compromissione che deve essere affrontato in modo globale.<\/p>\n\n\n\n<div style=\"height:50px\" aria-hidden=\"true\" class=\"wp-block-spacer\"><\/div>\n\n\n\n<h3 class=\"wp-block-heading\">Diagnosi differenziale: deficit esecutivo o privazione del sonno <\/h3>\n\n\n\n<p class=\"wp-block-paragraph\"><strong>\u00c8 difficile discriminare <\/strong>se il deficit esecutivo sia dovuto a un disturbo esecutivo o se sia modulato da un\u2019alterazione del sonno. <strong>Spesso si manifestano con comportamenti simili<\/strong>: difficolt\u00e0 attentive, compromissione dell\u2019inibizione e del controllo degli impulsi, riduzione della velocit\u00e0 di elaborazione, disregolazione emotiva e bassa tolleranza alla frustrazione.\u00a0<\/p>\n\n\n\n<p class=\"wp-block-paragraph\">Per ottenere una diagnosi differenziale, <strong>\u00e8 necessario indagare la quantit\u00e0 e la qualit\u00e0 del sonno, la sonnolenza durante il giorno, gli effetti collaterali dei farmaci e altri disturbi che potrebbero ripercuotersi sul sonno.<\/strong><\/p>\n\n\n\n<h2 class=\"wp-block-heading\">Implicazioni per l\u2019intervento neuropsicologico: ottimizzare le funzioni esecutive attraverso l\u2019intervento sul sonno <\/h2>\n\n\n\n<p class=\"wp-block-paragraph\">L\u2019intervento sul sonno <strong>non deve essere considerato un elemento accessorio<\/strong> nella presa in carico neuropsicologica infantile, <strong>bens\u00ec un obiettivo terapeutico prioritario e trasversale<\/strong>, soprattutto nella popolazione con disturbi del neurosviluppo. Le evidenze indicano che il miglioramento della qualit\u00e0 e della quantit\u00e0 del sonno pu\u00f2 produrre cambiamenti significativi nel rendimento esecutivo, nella regolazione emotiva e nel comportamento adattivo.<\/p>\n\n\n\n<h3 class=\"wp-block-heading\">Strategie di intervento cognitivo-comportamentale nei problemi del sonno<\/h3>\n\n\n\n<p class=\"wp-block-paragraph\">I <strong>programmi di intervento multimodale basati sulla terapia cognitivo-comportamentale (TCC)<\/strong> costituiscono una linea di trattamento di prima scelta per affrontare i problemi del sonno in et\u00e0 evolutiva. <\/p>\n\n\n\n<p class=\"wp-block-paragraph\">Questi programmi includono:<\/p>\n\n\n\n<ul class=\"wp-block-list\">\n<li><strong>Igiene del sonno strutturata<\/strong>. Definizione di routine regolari e prevedibili per prepararsi al sonno. Eliminazione degli schermi prima di dormire, controllo delle variabili ambientali ed evitare i sonnellini diurni.\u00a0<\/li>\n<\/ul>\n\n\n\n<ul class=\"wp-block-list\">\n<li>Tra le tecniche comportamentali, <strong>estinzione graduale e\/o controllata dei risvegli notturni, rinforzo positivo<\/strong> (per esempio, con un\u2019economia a gettoni) per il rispetto delle routine ed <strong>esposizione progressiva a dormire da soli.<\/strong><\/li>\n<\/ul>\n\n\n\n<ul class=\"wp-block-list\">\n<li>A livello cognitivo, si propongono <strong>tecniche di rilassamento<\/strong> adattate all\u2019et\u00e0, training di <em>consapevolezza corporea<\/em> e strategie di <em>riduzione dell\u2019attivit\u00e0 cognitiva <\/em>prima del sonno (Ma, Shi e Deng, 2018).<\/li>\n<\/ul>\n\n\n\n<h3 class=\"wp-block-heading\">Neuroriabilitazione infantile nei problemi del sonno<\/h3>\n\n\n\n<p class=\"wp-block-paragraph\">Attraverso il <a href=\"https:\/\/neuronup.com\/it\/attivita-di-neuroriabilitazione\/attivita-per-le-funzioni-cognitive\/attivita-delle-funzioni-esecutive\/5-attivita-per-migliorare-le-funzioni-esecutive\/\">lavoro sulle funzioni esecutive<\/a>, in particolare sulla pianificazione, \u00e8 possibile ottenere la <strong>creazione di routine che migliorino l\u2019igiene del sonno<\/strong>. L\u2019obiettivo \u00e8 anche ridurre la disorganizzazione delle routine e ottenere pattern e orari del sonno pi\u00f9 stabili, che facilitino i cicli del sonno (Oropeza-Bahena et al., 2019).<\/p>\n\n\n\n<p class=\"wp-block-paragraph\">Inoltre, l\u2019<strong>intervento sull\u2019attenzione \u00e8 fondamentale<\/strong>, poich\u00e9 le difficolt\u00e0 attentive sono spesso aggravate dalla fatica diurna derivante da un riposo insufficiente o di scarsa qualit\u00e0. Questa <strong>fatica incide direttamente sul rendimento cognitivo, soprattutto nei compiti che richiedono attenzione sostenuta e controllo inibitorio<\/strong>, generando un circolo di retroazione negativa tra sonno e funzionamento quotidiano.<\/p>\n\n\n\n<div style=\"height:50px\" aria-hidden=\"true\" class=\"wp-block-spacer\"><\/div>\n\n\n\n<p class=\"wp-block-paragraph\">Nella popolazione infantile, ci\u00f2 pu\u00f2 manifestarsi, per esempio, con maggiore irritabilit\u00e0, difficolt\u00e0 a mantenere l\u2019attenzione in classe, aumento dell\u2019impulsivit\u00e0 o minore tolleranza alla frustrazione dopo notti di sonno inadeguato. Analogamente, la <strong>fatica pu\u00f2 manifestarsi come apparente iperattivit\u00e0 o disconnessione, che pu\u00f2 essere confusa con la sintomatologia propria dei disturbi del neurosviluppo<\/strong>.<\/p>\n\n\n\n<p class=\"wp-block-paragraph\">In quest\u2019ottica, il <strong>training dell\u2019autoregolazione e dell\u2019inibizione consentir\u00e0 un maggiore autocontrollo dei fattori che interferiscono con il sonno<\/strong>, come l\u2019uso degli schermi prima di dormire. In questo senso, le evidenze indicano che l\u2019esposizione ai dispositivi elettronici nelle ore notturne \u00e8 associata a una peggiore qualit\u00e0 del sonno, a una maggiore latenza di insorgenza e a una riduzione della sua durata, sia a causa della stimolazione cognitiva sia per l\u2019emissione di luce blu, che interferisce con i ritmi circadiani (Hale e Guan, 2015).<\/p>\n\n\n\n<h3 class=\"wp-block-heading\">Psicoeducazione familiare<\/h3>\n\n\n\n<p class=\"wp-block-paragraph\">Le <strong>famiglie devono essere coinvolte nell\u2019intervento affinch\u00e9 il trattamento sia pi\u00f9 efficace<\/strong>; \u00e8 quindi necessario intervenire sulla loro formazione attraverso la psicoeducazione.\u00a0<\/p>\n\n\n\n<p class=\"wp-block-paragraph\">\u00c8 <strong>necessario offrire una psicoeducazione basata sulle evidenze<\/strong> riguardo ai disturbi del sonno, alle loro ripercussioni sul funzionamento cognitivo, comportamentale ed emotivo e alle strategie pi\u00f9 efficaci da applicare nell\u2019ambiente familiare.<\/p>\n\n\n\n<p class=\"wp-block-paragraph\">Devono essere <strong>istruite sulle strategie comportamentali<\/strong> per applicare adeguatamente i rinforzi, gestire le resistenze notturne e stabilire limiti coerenti.\u00a0<\/p>\n\n\n\n<p class=\"wp-block-paragraph\">\u00c8 inoltre <strong>fondamentale creare uno spazio di fiducia<\/strong> in cui possano esprimere preoccupazioni, frustrazioni e timori. L\u2019alterazione cronica del sonno infantile spesso incide sulla salute fisica ed emotiva dei caregiver; \u00e8 quindi opportuno includere strategie di autocura, regolazione emotiva e gestione dello stress genitoriale (Ogundele e Yemula, 2022).<\/p>\n\n\n\n<h2 class=\"wp-block-heading\">Conclusioni: il sonno come modulatore trasversale del rendimento esecutivo nei disturbi del neurosviluppo infantile<\/h2>\n\n\n\n<p class=\"wp-block-paragraph\"><strong>Il sonno costituisce un modulatore neurobiologico essenziale del rendimento esecutivo e del funzionamento quotidiano nell\u2019infanzia<\/strong>. Influisce direttamente su processi quali attenzione, memoria di lavoro, controllo inibitorio, flessibilit\u00e0 cognitiva e regolazione emotiva (Adams et al., 2001).<\/p>\n\n\n\n<p class=\"wp-block-paragraph\">Nei disturbi del neurosviluppo, le alterazioni del sonno non solo compaiono frequentemente come comorbilit\u00e0, ma possono intensificare la sintomatologia nucleare e distorcere l\u2019interpretazione del profilo neuropsicologico. La privazione o la frammentazione del sonno pu\u00f2 simulare o esacerbare i deficit esecutivi, generando quadri clinici pi\u00f9 complessi e aumentando l\u2019impatto funzionale in ambito scolastico, familiare e sociale.<\/p>\n\n\n\n<p class=\"wp-block-paragraph\">Per questo motivo, la valutazione neuropsicologica infantile deve integrare sistematicamente l\u2019analisi del pattern del sonno come variabile modulatrice del rendimento cognitivo. Ignorare questa dimensione pu\u00f2 portare a diagnosi sovrastimate o a interventi meno efficaci.<\/p>\n\n\n\n<p class=\"wp-block-paragraph\">Da una prospettiva terapeutica, intervenire sul sonno non significa soltanto migliorare il riposo notturno, ma ottimizzare le condizioni neurofisiologiche necessarie all\u2019apprendimento, all\u2019autoregolazione e allo sviluppo cerebrale. L\u2019approccio interdisciplinare implica la collaborazione di professionisti quali neuropsicologo, psicologo clinico, neuropediatra o neurologo, pediatra, terapista occupazionale, logopedista e professionisti dell\u2019ambito educativo e sociale. Insieme alla psicoeducazione familiare e all\u2019intervento cognitivo-comportamentale sui problemi del sonno, questi sono pilastri fondamentali di un intervento neuropsicologico integrato.<\/p>\n\n\n\n<p class=\"wp-block-paragraph\">In definitiva, comprendere il sonno come asse trasversale consente di progettare interventi pi\u00f9 mirati, efficaci e sostenibili, favorendo uno sviluppo cognitivo ed emotivo pi\u00f9 adattivo nei bambini con disturbi del neurosviluppo.<\/p>\n\n\n\n<h2 class=\"wp-block-heading\">Bibliografia <\/h2>\n\n\n\n<ul class=\"wp-block-list\">\n<li class=\"has-sm-font-size\">Adams, N., Strauss, M., Schluchter, M., &amp; Redline, S. (2001). Relation of measures of sleep-disordered breathing to neuropsychological functioning. <em>American Journal of Respiratory and Critical Care Medicine<\/em>, <em>163<\/em>(7), 1626\u20131631.<\/li>\n\n\n\n<li class=\"has-sm-font-size\">And\u00fajar, M.A. (2017). <em>Analisi del sonno nei bambini con diagnosi di disturbo specifico del linguaggio <\/em>(Doctoral dissertation, Universidad de Sevilla).<\/li>\n\n\n\n<li class=\"has-sm-font-size\">Angulo, D. B. A. (2025). La privazione del sonno e il suo impatto sulla neurocognizione: un\u2019analisi degli effetti su memoria, attenzione ed emozioni. <em>Horizonte Acad\u00e9mico<\/em>, <em>5<\/em>(1), 635\u2013653.<\/li>\n\n\n\n<li class=\"has-sm-font-size\">Arboledas, G. P., Andreu, M. M., &amp; Marabotto, M. M. (2014). Disturbi del sonno e ADHD o ADHD e disturbi del sonno: esiste una relazione?. <em>Pediatr\u00eda Integral<\/em>, 668.<\/li>\n\n\n\n<li class=\"has-sm-font-size\">Dom\u00ednguez-Ortega, L., &amp; de Vicente-Colomina, A. (2006). Disturbo da deficit di attenzione\/iperattivit\u00e0 e alterazioni del sonno. <em>Medicina cl\u00ednica<\/em>, <em>126<\/em>(13), 500-506.<\/li>\n\n\n\n<li class=\"has-sm-font-size\">Falup-Pecurariu, C., Diaconu, \u0218., \u021a\u00een\u021b, D., &amp; Falup-Pecurariu, O. (2021). Neurobiology of sleep. <em>Experimental and therapeutic medicine<\/em>, <em>21<\/em>(3), 272. https:\/\/doi.org\/10.3892\/etm.2021.9703\u00a0<\/li>\n\n\n\n<li class=\"has-sm-font-size\">Hale, L., &amp; Guan, S. (2015). Screen time and sleep among school-aged children and adolescents: A systematic literature review. Sleep Medicine Reviews, 21, 50\u201358.<\/li>\n\n\n\n<li class=\"has-sm-font-size\">Iannizzotto, V., Paez, A., Zanin, L., Azpiroz, R., &amp; De Bortoli, M. (2013). Abitudini del sonno e disturbi dello spettro autistico. <em>Fundamentos en humanidades<\/em>, <em>14<\/em>(27), 159-173.<\/li>\n\n\n\n<li class=\"has-sm-font-size\">Landmann, N., Kuhn, M., Piosczyk, H., Feige, B., Baglioni, C., Spiegelhalder, K., Frase, L., Riemann, D., &amp; Nissen, C. (2014). The reorganisation of memory during sleep. Sleep Medicine Reviews, 18(6), 531\u2013541.<\/li>\n\n\n\n<li class=\"has-sm-font-size\">Ma, Z. R., Shi, L. J., &amp; Deng, M. H. (2018). Efficacia della terapia cognitivo-comportamentale nei bambini e negli adolescenti con insonnia: revisione sistematica e metanalisi. <em>Brazilian Journal of Medical and Biological Research<\/em>, <em>51<\/em>, e7070.<\/li>\n\n\n\n<li class=\"has-sm-font-size\">Nieto del Rinc\u00f3n, P. L. (2017). Disabilit\u00e0 intellettiva. <em>Fundamentos de Psicopatolog\u00eda<\/em>.<\/li>\n\n\n\n<li class=\"has-sm-font-size\">Ogundele, M. O., &amp; Yemula, C. (2022). Management of sleep disorders among children and adolescents with neurodevelopmental disorders: A practical guide for clinicians. <em>World journal of clinical pediatrics<\/em>, <em>11<\/em>(3), 239.<\/li>\n\n\n\n<li class=\"has-sm-font-size\">Oropeza-Bahena, G., L\u00f3pez-S\u00e1nchez, J. D., &amp; Granados-Ramos, D. E. (2019). Abitudini del sonno, memoria e attenzione nei bambini in et\u00e0 scolare. <em>Revista mexicana de neurociencia<\/em>, <em>20<\/em>(1), 42-49.<\/li>\n\n\n\n<li class=\"has-sm-font-size\">P\u00e9rez-Jara, C., &amp; Ru\u00edz, Y. (2022). Valutazione neuropsicologica nei bambini con disturbi del neurosviluppo. <em>Revista M\u00e9dica Cl\u00ednica Las Condes<\/em>, <em>33<\/em>(5), 502-511.<\/li>\n\n\n\n<li class=\"has-sm-font-size\">Robinson-Shelton, A., &amp; Malow, B. A. (2016). Sleep disturbances in neurodevelopmental disorders. <em>Current psychiatry reports<\/em>, <em>18<\/em>(1), Art\u00edculo 6.<\/li>\n\n\n\n<li class=\"has-sm-font-size\">Waters, F., &amp; Bucks, R. S. (2011). Neuropsychological effects of sleep loss: Implication for neuropsychologists. <em>Journal of the International Neuropsychological Society<\/em>, <em>17<\/em>(4), 571\u2013586.https:\/\/doi.org\/10.1017\/S1355617711000610\u00a0<\/li>\n<\/ul>\n\n\n\n<div style=\"height:70px\" aria-hidden=\"true\" class=\"wp-block-spacer\"><\/div>\n\n\n\n<div class=\"wp-block-group p-4 br-0111 has-alt-background-color has-background has-light-background\"><div class=\"wp-block-group__inner-container is-layout-constrained wp-block-group-is-layout-constrained\">\n<h2 class=\"wp-block-heading\"><strong>Domande frequenti sulle alterazioni del sonno e sul rendimento esecutivo nei disturbi del neurosviluppo infantile<\/strong><\/h2>\n\n\n\n<div style=\"height:20px\" aria-hidden=\"true\" class=\"wp-block-spacer\"><\/div>\n\n\n\n<div class=\"wp-block-pb-accordion-item c-accordion__item js-accordion-item no-js\" data-initially-open=\"false\" data-click-to-close=\"true\" data-auto-close=\"true\" data-scroll=\"false\" data-scroll-offset=\"0\" id=\"trabajarneuronup\"><h3 id=\"at-501350\" class=\"c-accordion__title js-accordion-controller\" role=\"button\">1. Perch\u00e9 il sonno \u00e8 una variabile critica nella valutazione neuropsicologica infantile?<\/h3><div id=\"ac-501350\" class=\"c-accordion__content\">\n<p class=\"wp-block-paragraph\">Il sonno \u00e8 un modulatore essenziale del rendimento cognitivo. Le sue alterazioni incidono direttamente sulla memoria di lavoro, sulla flessibilit\u00e0 cognitiva e sulla velocit\u00e0 di elaborazione. Nella pratica clinica, valutare il sonno \u00e8 fondamentale per evitare interpretazioni distorte dei profili cognitivi, poich\u00e9 i problemi del riposo e le difficolt\u00e0 esecutive spesso si influenzano reciprocamente.<\/p>\n<\/div><\/div>\n\n\n\n<div class=\"wp-block-pb-accordion-item c-accordion__item js-accordion-item no-js\" data-initially-open=\"false\" data-click-to-close=\"true\" data-auto-close=\"true\" data-scroll=\"false\" data-scroll-offset=\"0\" id=\"trabajarneuronup\"><h3 id=\"at-501351\" class=\"c-accordion__title js-accordion-controller\" role=\"button\">2. In che modo la privazione del sonno influisce sulla neurobiologia del lobo prefrontale?<\/h3><div id=\"ac-501351\" class=\"c-accordion__content\">\n<p class=\"wp-block-paragraph\">Durante il sonno si attivano processi neurochimici fondamentali per la struttura e il metabolismo dei lobi frontali. La privazione del sonno riduce l\u2019attivit\u00e0 nella corteccia prefrontale dorsolaterale e orbitofrontale. Ci\u00f2 spiega il deterioramento del processo decisionale, del controllo inibitorio e della regolazione emotiva osservato nei bambini con riposo insufficiente.<\/p>\n<\/div><\/div>\n\n\n\n<div class=\"wp-block-pb-accordion-item c-accordion__item js-accordion-item no-js\" data-initially-open=\"false\" data-click-to-close=\"true\" data-auto-close=\"true\" data-scroll=\"false\" data-scroll-offset=\"0\" id=\"videosneuronup\"><h3 id=\"at-501357\" class=\"c-accordion__title js-accordion-controller\" role=\"button\">3. Come effettuare una diagnosi differenziale tra deficit esecutivo primario e mancanza di sonno?<\/h3><div id=\"ac-501357\" class=\"c-accordion__content\">\n<p class=\"wp-block-paragraph\">Distinguere i due quadri \u00e8 complesso perch\u00e9 condividono sintomi quali difficolt\u00e0 attentive, impulsivit\u00e0, disregolazione emotiva e bassa tolleranza alla frustrazione. Per una diagnosi accurata, il professionista deve:<\/p>\n\n\n\n<ul class=\"wp-block-list\">\n<li>Analizzare la qualit\u00e0 e la quantit\u00e0 effettive del sonno del paziente.<\/li>\n\n\n\n<li>Valutare la presenza di sonnolenza diurna e affaticamento.<\/li>\n\n\n\n<li>Individuare gli effetti collaterali dei trattamenti farmacologici che possono esacerbare le alterazioni del sonno. <\/li>\n\n\n\n<li>Osservare se la sintomatologia (come l\u2019apparente iperattivit\u00e0) peggiora dopo notti di riposo inadeguato.<\/li>\n<\/ul>\n<\/div><\/div>\n\n\n\n<div class=\"wp-block-pb-accordion-item c-accordion__item js-accordion-item no-js\" data-initially-open=\"false\" data-click-to-close=\"true\" data-auto-close=\"true\" data-scroll=\"false\" data-scroll-offset=\"0\" id=\"formaciongratuita\"><h3 id=\"at-501358\" class=\"c-accordion__title js-accordion-controller\" role=\"button\">4. Quali sono le alterazioni del sonno pi\u00f9 frequenti nell\u2019ADHD?<\/h3><div id=\"ac-501358\" class=\"c-accordion__content\">\n<p class=\"wp-block-paragraph\">L\u2019ADHD presenta un\u2019elevata comorbilit\u00e0 con i disturbi del sonno a causa di meccanismi condivisi, come il ritardo nella secrezione notturna di melatonina. I pattern tipici includono:<\/p>\n\n\n\n<ul class=\"wp-block-list\">\n<li>Aumento dei risvegli notturni e risveglio precoce.<\/li>\n\n\n\n<li>Difficolt\u00e0 ad addormentarsi o aumento della latenza del sonno.<\/li>\n\n\n\n<li>Instabilit\u00e0 dei ritmi circadiani e maggiore sonnolenza diurna.<\/li>\n\n\n\n<li>Presenza di movimenti nelle fasi superficiali del sonno, come nella sindrome delle gambe senza riposo.<\/li>\n<\/ul>\n<\/div><\/div>\n\n\n\n<div class=\"wp-block-pb-accordion-item c-accordion__item js-accordion-item no-js\" data-initially-open=\"false\" data-click-to-close=\"true\" data-auto-close=\"true\" data-scroll=\"false\" data-scroll-offset=\"0\" id=\"formaciongratuita\"><h3 id=\"at-501359\" class=\"c-accordion__title js-accordion-controller\" role=\"button\">5. Quale profilo del sonno presentano i bambini con autismo?<\/h3><div id=\"ac-501359\" class=\"c-accordion__content\">\n<p class=\"wp-block-paragraph\">Nell\u2019autismo, le alterazioni sono spesso associate a una minore produzione di melatonina e a disfunzioni delle vie monoaminergiche. Il profilo clinico presenta generalmente:<\/p>\n\n\n\n<ul class=\"wp-block-list\">\n<li>Ritardi nell\u2019inizio del sonno superiori a 30 minuti.<\/li>\n\n\n\n<li>Frequenti risvegli notturni prolungati.<\/li>\n\n\n\n<li>Interferenza della disregolazione sensoriale nel mantenimento del sonno.<\/li>\n<\/ul>\n<\/div><\/div>\n\n\n\n<div class=\"wp-block-pb-accordion-item c-accordion__item js-accordion-item no-js\" data-initially-open=\"false\" data-click-to-close=\"true\" data-auto-close=\"true\" data-scroll=\"false\" data-scroll-offset=\"0\" id=\"formaciongratuita\"><h3 id=\"at-501355\" class=\"c-accordion__title js-accordion-controller\" role=\"button\">6. Quali strumenti di valutazione sono raccomandati nella pratica clinica?<\/h3><div id=\"ac-501355\" class=\"c-accordion__content\">\n<p class=\"wp-block-paragraph\">La valutazione deve essere un processo multimodale che combini il colloquio clinico con strumenti standardizzati:<\/p>\n\n\n\n<ul class=\"wp-block-list\">\n<li>Questionari: il Questionario di Owens (CHSO), il Children\u2019s Sleep Habits Questionnaire (CSHQ) e il Pittsburgh Sleep Quality Index (PSQI).<\/li>\n\n\n\n<li>Batterie cognitive: la NEPSY-II \u00e8 particolarmente valida per collegare i processi esecutivi alle alterazioni del sonno rilevate.<\/li>\n\n\n\n<li>Esami obiettivi: in alcuni casi \u00e8 necessario inviare il paziente a eseguire una polisonnografia.<\/li>\n<\/ul>\n<\/div><\/div>\n\n\n\n<div class=\"wp-block-pb-accordion-item c-accordion__item js-accordion-item no-js\" data-initially-open=\"false\" data-click-to-close=\"true\" data-auto-close=\"true\" data-scroll=\"false\" data-scroll-offset=\"0\" id=\"formaciongratuita\"><h3 id=\"at-501356\" class=\"c-accordion__title js-accordion-controller\" role=\"button\">7. Quali sono i pilastri dell\u2019intervento neuropsicologico sul sonno?<\/h3><div id=\"ac-501356\" class=\"c-accordion__content\">\n<p class=\"wp-block-paragraph\">L\u2019intervento sul sonno deve essere un obiettivo terapeutico prioritario e trasversale. I pilastri fondamentali includono:<\/p>\n\n\n\n<ul class=\"wp-block-list\">\n<li>Terapia cognitivo-comportamentale (TCC): applicazione dell\u2019igiene del sonno, routine prevedibili e tecniche di rilassamento adattate.\u00a0<\/li>\n\n\n\n<li>Neuroriabilitazione: training della pianificazione e dell\u2019autoregolazione per migliorare le abitudini quotidiane e il controllo dell\u2019uso degli schermi.\u00a0<\/li>\n\n\n\n<li>Psicoeducazione familiare: istruzione dei caregiver sull\u2019impatto del sonno sul comportamento e sulle strategie per gestire le resistenze notturne.<\/li>\n<\/ul>\n<\/div><\/div>\n<\/div><\/div>\n\n\n\n\n<div style=\"height:50px\" aria-hidden=\"true\" class=\"wp-block-spacer\"><\/div>\n\n\n\n<h3 class=\"wp-block-heading\">Se ti \u00e8 piaciuto questo articolo sulle <strong>alterazioni del sonno e sul rendimento esecutivo nei disturbi del neurosviluppo infantile<\/strong>, probabilmente ti interesseranno anche questi articoli di NeuronUP:<\/h3>\n\n\n<div class=\"mai-grid entries entries-grid has-boxed has-image-full\" style=\"--entry-title-font-size:var(--font-size-lg);--align-text:start;--entry-meta-text-align:start;\"><div class=\"entries-wrap has-columns\" style=\"--columns-xs:1 \/ 1;--columns-sm:1 \/ 1;--columns-md:1 \/ 3;--columns-lg:1 \/ 3;--flex-xs:0 0 var(--flex-basis);--flex-sm:0 0 var(--flex-basis);--flex-md:0 0 var(--flex-basis);--flex-lg:0 0 var(--flex-basis);--column-gap:var(--spacing-lg);--row-gap:var(--spacing-lg);--align-columns:start;\"><article class=\"entry entry-grid is-column has-entry-link has-image has-image-first type-post category-disturbi-del-neurosviluppo tag-adhd tag-autismo tag-bambini tag-disabilita-intellettiva\" style=\"--entry-index:1;\" aria-label=\"Alterazioni del sonno e rendimento esecutivo nei disturbi del neurosviluppo infantile: valutazione clinica e implicazioni per l\u2019intervento neuropsicologico\" itemscope itemtype=\"https:\/\/schema.org\/CreativeWork\"><a class=\"entry-image-link\" href=\"https:\/\/neuronup.com\/it\/stimolazione-e-riabilitazione-cognitiva\/disturbi-del-neurosviluppo\/alterazioni-del-sonno-e-delle-prestazioni-esecutive-nei-disturbi-dello-sviluppo-neuropsicologico-infantile-valutazione-clinica-e-implicazioni-per-l-intervento-neuropsicologico\/\" tabindex=\"-1\" aria-hidden=\"true\"><img decoding=\"async\" width=\"400\" height=\"300\" src=\"https:\/\/neuronup.com\/it\/wp-content\/uploads\/2026\/08\/Alteraciones-del-sueno-y-rendimiento-ejecutivo-en-trastornos-del-neurodesarrollo-infantil.-Relacion-entre-las-alteraciones-del-sueno-y-el-rendimiento-ejecutivo-de-ninos-con-TDAH-y-autismo-400x300.webp\" class=\"entry-image size-landscape-sm\" alt=\"Alterazioni del sonno e rendimento esecutivo nei disturbi del neurosviluppo infantile. Relazione tra alterazioni del sonno e rendimento esecutivo nei bambini con ADHD e autismo.\" srcset=\"https:\/\/neuronup.com\/it\/wp-content\/uploads\/2026\/08\/Alteraciones-del-sueno-y-rendimiento-ejecutivo-en-trastornos-del-neurodesarrollo-infantil.-Relacion-entre-las-alteraciones-del-sueno-y-el-rendimiento-ejecutivo-de-ninos-con-TDAH-y-autismo-400x300.webp 400w, https:\/\/neuronup.com\/it\/wp-content\/uploads\/2026\/08\/Alteraciones-del-sueno-y-rendimiento-ejecutivo-en-trastornos-del-neurodesarrollo-infantil.-Relacion-entre-las-alteraciones-del-sueno-y-el-rendimiento-ejecutivo-de-ninos-con-TDAH-y-autismo-800x600.webp 800w, https:\/\/neuronup.com\/it\/wp-content\/uploads\/2026\/08\/Alteraciones-del-sueno-y-rendimiento-ejecutivo-en-trastornos-del-neurodesarrollo-infantil.-Relacion-entre-las-alteraciones-del-sueno-y-el-rendimiento-ejecutivo-de-ninos-con-TDAH-y-autismo-1200x900.webp 1200w\" sizes=\"(max-width:599px) 599px, (min-width:600px) and (max-width: 799px) 799px, (min-width:800px) and (max-width: 999px) 333px, (min-width:1000px) 400px\" \/><\/a><div class=\"entry-wrap entry-wrap-grid\"><h3 class=\"entry-title\" itemprop=\"headline\"><a class=\"entry-title-link\" href=\"https:\/\/neuronup.com\/it\/stimolazione-e-riabilitazione-cognitiva\/disturbi-del-neurosviluppo\/alterazioni-del-sonno-e-delle-prestazioni-esecutive-nei-disturbi-dello-sviluppo-neuropsicologico-infantile-valutazione-clinica-e-implicazioni-per-l-intervento-neuropsicologico\/\" rel=\"bookmark\">Alterazioni del sonno e rendimento esecutivo nei disturbi del neurosviluppo infantile: valutazione clinica e implicazioni per l\u2019intervento neuropsicologico<\/a><\/h3>\n<\/div><\/article><article class=\"entry entry-grid is-column has-entry-link has-image has-image-first type-post category-adhd-disturbo-da-deficit-di-attenzione-iperattivita tag-adhd tag-bambini\" style=\"--entry-index:2;\" aria-label=\"Iperfocus nei bambini con ADHD: valutazione neuropsicologica e strategie di flessibilit\u00e0 cognitiva\" itemscope itemtype=\"https:\/\/schema.org\/CreativeWork\"><a class=\"entry-image-link\" href=\"https:\/\/neuronup.com\/it\/stimolazione-e-riabilitazione-cognitiva\/disturbi-del-neurosviluppo\/adhd-disturbo-da-deficit-di-attenzione-iperattivita\/iperfoco-nei-bambini-con-tdah-valutazione-neuropsicologica-e-strategie-di-flessibilita-cognitiva\/\" tabindex=\"-1\" aria-hidden=\"true\"><img decoding=\"async\" width=\"400\" height=\"300\" src=\"https:\/\/neuronup.com\/it\/wp-content\/uploads\/2026\/08\/Hiperenfoque-en-ninos-con-TDAH-400x300.webp\" class=\"entry-image size-landscape-sm\" alt=\"Iperfocus nei bambini con ADHD: valutazione neuropsicologica e strategie di flessibilit\u00e0 cognitiva\" srcset=\"https:\/\/neuronup.com\/it\/wp-content\/uploads\/2026\/08\/Hiperenfoque-en-ninos-con-TDAH-400x300.webp 400w, https:\/\/neuronup.com\/it\/wp-content\/uploads\/2026\/08\/Hiperenfoque-en-ninos-con-TDAH-800x600.webp 800w\" sizes=\"(max-width:599px) 599px, (min-width:600px) and (max-width: 799px) 799px, (min-width:800px) and (max-width: 999px) 333px, (min-width:1000px) 400px\" \/><\/a><div class=\"entry-wrap entry-wrap-grid\"><h3 class=\"entry-title\" itemprop=\"headline\"><a class=\"entry-title-link\" href=\"https:\/\/neuronup.com\/it\/stimolazione-e-riabilitazione-cognitiva\/disturbi-del-neurosviluppo\/adhd-disturbo-da-deficit-di-attenzione-iperattivita\/iperfoco-nei-bambini-con-tdah-valutazione-neuropsicologica-e-strategie-di-flessibilita-cognitiva\/\" rel=\"bookmark\">Iperfocus nei bambini con ADHD: valutazione neuropsicologica e strategie di flessibilit\u00e0 cognitiva<\/a><\/h3>\n<\/div><\/article><article class=\"entry entry-grid is-column has-entry-link has-image has-image-first type-post category-attivita-per-i-disturbi-dello-sviluppo-neurologico tag-attivita-di-stimolazione-cognitiva-per-bambini tag-bambini tag-stimolazione-cognitiva\" style=\"--entry-index:3;\" aria-label=\"Nuove attivit\u00e0 di stimolazione cognitiva per bambini nel 2026\" itemscope itemtype=\"https:\/\/schema.org\/CreativeWork\"><a class=\"entry-image-link\" href=\"https:\/\/neuronup.com\/it\/attivita-di-neuroriabilitazione\/attivita-per-i-disturbi-dello-sviluppo-neurologico\/nuove-attivita-di-stimolazione-cognitiva-per-bambini-nel-2026\/\" tabindex=\"-1\" aria-hidden=\"true\"><img decoding=\"async\" width=\"400\" height=\"300\" src=\"https:\/\/neuronup.com\/it\/wp-content\/uploads\/2026\/08\/it-Nuevas-actividades-de-estimulacion-cognitiva-para-ninos-en-2026.-Actividades-par-400x300.webp\" class=\"entry-image size-landscape-sm\" alt=\"Nuove attivit\u00e0 di stimolazione cognitiva per bambini nel 2026. Attivit\u00e0 per bambini con ADHD, autismo, danno cerebrale infantile e disabilit\u00e0 intellettiva.\" srcset=\"https:\/\/neuronup.com\/it\/wp-content\/uploads\/2026\/08\/it-Nuevas-actividades-de-estimulacion-cognitiva-para-ninos-en-2026.-Actividades-par-400x300.webp 400w, https:\/\/neuronup.com\/it\/wp-content\/uploads\/2026\/08\/it-Nuevas-actividades-de-estimulacion-cognitiva-para-ninos-en-2026.-Actividades-par-800x600.webp 800w\" sizes=\"(max-width:599px) 599px, (min-width:600px) and (max-width: 799px) 799px, (min-width:800px) and (max-width: 999px) 333px, (min-width:1000px) 400px\" \/><\/a><div class=\"entry-wrap entry-wrap-grid\"><h3 class=\"entry-title\" itemprop=\"headline\"><a class=\"entry-title-link\" href=\"https:\/\/neuronup.com\/it\/attivita-di-neuroriabilitazione\/attivita-per-i-disturbi-dello-sviluppo-neurologico\/nuove-attivita-di-stimolazione-cognitiva-per-bambini-nel-2026\/\" rel=\"bookmark\">Nuove attivit\u00e0 di stimolazione cognitiva per bambini nel 2026<\/a><\/h3>\n<\/div><\/article><article class=\"entry entry-grid is-column has-entry-link has-image has-image-first type-post category-disturbi-del-neurosviluppo tag-bambini tag-neuropsicologia tag-riabilitazione-cognitiva\" style=\"--entry-index:4;\" aria-label=\"L\u2019impatto emotivo delle difficolt\u00e0 di apprendimento: approccio psicoterapeutico e neuropsicologico\" itemscope itemtype=\"https:\/\/schema.org\/CreativeWork\"><a class=\"entry-image-link\" href=\"https:\/\/neuronup.com\/it\/stimolazione-e-riabilitazione-cognitiva\/disturbi-del-neurosviluppo\/limpatto-emotivo-delle-difficolta-di-apprendimento-approccio-psicoterapeutico-e-neuropsicologico\/\" tabindex=\"-1\" aria-hidden=\"true\"><img decoding=\"async\" width=\"400\" height=\"300\" src=\"https:\/\/neuronup.com\/it\/wp-content\/uploads\/2026\/08\/Descubre-como-abordar-el-impacto-emocional-de-las-dificultades-de-aprendizaje-mediante-evaluacion-neuropsicologica-psicoterapia-y-rehabilitacion-cognitiva.--400x300.webp\" class=\"entry-image size-landscape-sm\" alt=\"Scopri come affrontare l\u2019impatto emotivo delle difficolt\u00e0 di apprendimento attraverso la valutazione neuropsicologica, la psicoterapia e la riabilitazione cognitiva.\" srcset=\"https:\/\/neuronup.com\/it\/wp-content\/uploads\/2026\/08\/Descubre-como-abordar-el-impacto-emocional-de-las-dificultades-de-aprendizaje-mediante-evaluacion-neuropsicologica-psicoterapia-y-rehabilitacion-cognitiva.--400x300.webp 400w, https:\/\/neuronup.com\/it\/wp-content\/uploads\/2026\/08\/Descubre-como-abordar-el-impacto-emocional-de-las-dificultades-de-aprendizaje-mediante-evaluacion-neuropsicologica-psicoterapia-y-rehabilitacion-cognitiva.--800x600.webp 800w\" sizes=\"(max-width:599px) 599px, (min-width:600px) and (max-width: 799px) 799px, (min-width:800px) and (max-width: 999px) 333px, (min-width:1000px) 400px\" \/><\/a><div class=\"entry-wrap entry-wrap-grid\"><h3 class=\"entry-title\" itemprop=\"headline\"><a class=\"entry-title-link\" href=\"https:\/\/neuronup.com\/it\/stimolazione-e-riabilitazione-cognitiva\/disturbi-del-neurosviluppo\/limpatto-emotivo-delle-difficolta-di-apprendimento-approccio-psicoterapeutico-e-neuropsicologico\/\" rel=\"bookmark\">L\u2019impatto emotivo delle difficolt\u00e0 di apprendimento: approccio psicoterapeutico e neuropsicologico<\/a><\/h3>\n<\/div><\/article><article class=\"entry entry-grid is-column has-entry-link has-image has-image-first type-post category-adhd-disturbo-da-deficit-di-attenzione-iperattivita tag-adulti tag-tdah\" style=\"--entry-index:5;\" aria-label=\"ADHD negli adulti: basi neurobiologiche, impatto sistemico e riabilitazione neuropsicologica\" itemscope itemtype=\"https:\/\/schema.org\/CreativeWork\"><a class=\"entry-image-link\" href=\"https:\/\/neuronup.com\/it\/stimolazione-e-riabilitazione-cognitiva\/disturbi-del-neurosviluppo\/adhd-disturbo-da-deficit-di-attenzione-iperattivita\/tdha-adulti-intervento-neuropsicologico\/\" tabindex=\"-1\" aria-hidden=\"true\"><img decoding=\"async\" width=\"400\" height=\"229\" src=\"https:\/\/neuronup.com\/it\/wp-content\/uploads\/2026\/04\/TDAH-en-adultos-bases-neurobiologicas-impacto-sistemico-y-rehabilitacion-neuropsicologica.-Guia-tecnica-sobre-el-TDAH-en-adultos.webp\" class=\"entry-image size-landscape-sm\" alt=\"Disturbo da Deficit di Attenzione e Iperattivit\u00e0 negli adulti: basi neurobiologiche, impatto sistemico e riabilitazione neuropsicologica\" srcset=\"https:\/\/neuronup.com\/it\/wp-content\/uploads\/2026\/04\/TDAH-en-adultos-bases-neurobiologicas-impacto-sistemico-y-rehabilitacion-neuropsicologica.-Guia-tecnica-sobre-el-TDAH-en-adultos-300x172.webp 300w, https:\/\/neuronup.com\/it\/wp-content\/uploads\/2026\/04\/TDAH-en-adultos-bases-neurobiologicas-impacto-sistemico-y-rehabilitacion-neuropsicologica.-Guia-tecnica-sobre-el-TDAH-en-adultos-768x439.webp 768w, https:\/\/neuronup.com\/it\/wp-content\/uploads\/2026\/04\/TDAH-en-adultos-bases-neurobiologicas-impacto-sistemico-y-rehabilitacion-neuropsicologica.-Guia-tecnica-sobre-el-TDAH-en-adultos-1024x585.webp 1024w, https:\/\/neuronup.com\/it\/wp-content\/uploads\/2026\/04\/TDAH-en-adultos-bases-neurobiologicas-impacto-sistemico-y-rehabilitacion-neuropsicologica.-Guia-tecnica-sobre-el-TDAH-en-adultos.webp 1200w\" sizes=\"(max-width:599px) 599px, (min-width:600px) and (max-width: 799px) 799px, (min-width:800px) and (max-width: 999px) 333px, (min-width:1000px) 400px\" \/><\/a><div class=\"entry-wrap entry-wrap-grid\"><h3 class=\"entry-title\" itemprop=\"headline\"><a class=\"entry-title-link\" href=\"https:\/\/neuronup.com\/it\/stimolazione-e-riabilitazione-cognitiva\/disturbi-del-neurosviluppo\/adhd-disturbo-da-deficit-di-attenzione-iperattivita\/tdha-adulti-intervento-neuropsicologico\/\" rel=\"bookmark\">ADHD negli adulti: basi neurobiologiche, impatto sistemico e riabilitazione neuropsicologica<\/a><\/h3>\n<\/div><\/article><article class=\"entry entry-grid is-column has-entry-link has-image has-image-first type-post category-disturbi-del-neurosviluppo tag-ninos tag-trastornos-del-neurodesarrollo\" style=\"--entry-index:6;\" aria-label=\"Approccio clinico alla discalculia nei bambini e negli adolescenti: guida alla valutazione e all&#8217;intervento neuropsicologico\" itemscope itemtype=\"https:\/\/schema.org\/CreativeWork\"><a class=\"entry-image-link\" href=\"https:\/\/neuronup.com\/it\/stimolazione-e-riabilitazione-cognitiva\/disturbi-del-neurosviluppo\/approccio-clinico-alla-discalculia-nei-bambini-e-adolescenti-guida-valutazione-intervento-neuropsicologico\/\" tabindex=\"-1\" aria-hidden=\"true\"><img decoding=\"async\" width=\"400\" height=\"300\" src=\"https:\/\/neuronup.com\/it\/wp-content\/uploads\/2026\/03\/Abordaje-clinico-de-la-discalculia-en-ninos-y-adolescentes-guia-de-evaluacion-e-intervencion-neuropsicologica.webp\" class=\"entry-image size-landscape-sm\" alt=\"Approccio clinico della discalculia nei bambini e negli adolescenti: guida alla valutazione e all&#039;intervento neuropsicologico\" srcset=\"https:\/\/neuronup.com\/it\/wp-content\/uploads\/2026\/03\/Abordaje-clinico-de-la-discalculia-en-ninos-y-adolescentes-guia-de-evaluacion-e-intervencion-neuropsicologica-300x225.webp 300w, https:\/\/neuronup.com\/it\/wp-content\/uploads\/2026\/03\/Abordaje-clinico-de-la-discalculia-en-ninos-y-adolescentes-guia-de-evaluacion-e-intervencion-neuropsicologica-768x577.webp 768w, https:\/\/neuronup.com\/it\/wp-content\/uploads\/2026\/03\/Abordaje-clinico-de-la-discalculia-en-ninos-y-adolescentes-guia-de-evaluacion-e-intervencion-neuropsicologica-1024x769.webp 1024w, https:\/\/neuronup.com\/it\/wp-content\/uploads\/2026\/03\/Abordaje-clinico-de-la-discalculia-en-ninos-y-adolescentes-guia-de-evaluacion-e-intervencion-neuropsicologica.webp 1200w\" sizes=\"(max-width:599px) 599px, (min-width:600px) and (max-width: 799px) 799px, (min-width:800px) and (max-width: 999px) 333px, (min-width:1000px) 400px\" \/><\/a><div class=\"entry-wrap entry-wrap-grid\"><h3 class=\"entry-title\" itemprop=\"headline\"><a class=\"entry-title-link\" href=\"https:\/\/neuronup.com\/it\/stimolazione-e-riabilitazione-cognitiva\/disturbi-del-neurosviluppo\/approccio-clinico-alla-discalculia-nei-bambini-e-adolescenti-guida-valutazione-intervento-neuropsicologico\/\" rel=\"bookmark\">Approccio clinico alla discalculia nei bambini e negli adolescenti: guida alla valutazione e all&#8217;intervento neuropsicologico<\/a><\/h3>\n<\/div><\/article><\/div><\/div>\n\n","protected":false},"excerpt":{"rendered":"<p>Sandra Fonz Bujalance, terapista occupazionale, illustra la stretta relazione tra le alterazioni del sonno e il rendimento esecutivo nei bambini con disturbi del neurosviluppo come autismo e ADHD. Analizziamo l\u2019architettura del sonno e il suo impatto sulla maturazione delle reti prefrontali, descrivendo i profili clinici specifici nell\u2019ADHD, nell\u2019autismo e nei disturbi del linguaggio. Ti offriamo &hellip;<\/p>\n","protected":false},"author":284,"featured_media":900000632,"comment_status":"open","ping_status":"open","sticky":false,"template":"","format":"standard","meta":{"_acf_changed":false,"_genesis_hide_title":false,"_genesis_hide_breadcrumbs":false,"_genesis_hide_singular_image":false,"_genesis_hide_footer_widgets":false,"_genesis_custom_body_class":"","_genesis_custom_post_class":"","_genesis_layout":"","footnotes":""},"categories":[14],"tags":[54,163,109,421],"class_list":["type-post","category-disturbi-del-neurosviluppo","tag-adhd","tag-autismo","tag-bambini","tag-disabilita-intellettiva","entry"],"acf":[],"_links":{"self":[{"href":"https:\/\/neuronup.com\/it\/wp-json\/wp\/v2\/posts\/900000633","targetHints":{"allow":["GET"]}}],"collection":[{"href":"https:\/\/neuronup.com\/it\/wp-json\/wp\/v2\/posts"}],"about":[{"href":"https:\/\/neuronup.com\/it\/wp-json\/wp\/v2\/types\/post"}],"author":[{"embeddable":true,"href":"https:\/\/neuronup.com\/it\/wp-json\/wp\/v2\/users\/284"}],"replies":[{"embeddable":true,"href":"https:\/\/neuronup.com\/it\/wp-json\/wp\/v2\/comments?post=900000633"}],"version-history":[{"count":2,"href":"https:\/\/neuronup.com\/it\/wp-json\/wp\/v2\/posts\/900000633\/revisions"}],"predecessor-version":[{"id":900000677,"href":"https:\/\/neuronup.com\/it\/wp-json\/wp\/v2\/posts\/900000633\/revisions\/900000677"}],"wp:featuredmedia":[{"embeddable":true,"href":"https:\/\/neuronup.com\/it\/wp-json\/wp\/v2\/media\/900000632"}],"wp:attachment":[{"href":"https:\/\/neuronup.com\/it\/wp-json\/wp\/v2\/media?parent=900000633"}],"wp:term":[{"taxonomy":"category","embeddable":true,"href":"https:\/\/neuronup.com\/it\/wp-json\/wp\/v2\/categories?post=900000633"},{"taxonomy":"post_tag","embeddable":true,"href":"https:\/\/neuronup.com\/it\/wp-json\/wp\/v2\/tags?post=900000633"}],"curies":[{"name":"wp","href":"https:\/\/api.w.org\/{rel}","templated":true}]}}