
{"id":900000617,"date":"2026-08-28T09:37:14","date_gmt":"2026-08-28T07:37:14","guid":{"rendered":"https:\/\/neuronup.com\/it\/?p=900000617"},"modified":"2026-08-28T09:37:14","modified_gmt":"2026-08-28T07:37:14","slug":"prevalenza-della-patologia-di-alzheimer-nella-popolazione-generale-cosa-ci-dicono-i-biomarcatori-nel-sangue","status":"publish","type":"post","link":"https:\/\/neuronup.com\/it\/ricerca\/linee-di-ricerca\/prevalenza-della-patologia-di-alzheimer-nella-popolazione-generale-cosa-ci-dicono-i-biomarcatori-nel-sangue\/","title":{"rendered":"Prevalenza della patologia di Alzheimer nella popolazione generale: cosa ci dicono i biomarcatori nel sangue?"},"content":{"rendered":"\n<p class=\"has-xl-font-size wp-block-paragraph\">La dottoranda Marta Arbizu G\u00f3mez analizza un ampio studio di popolazione che utilizza il biomarcatore ematico p-tau217 per rilevare cambiamenti associati alla malattia di Alzheimer prima della comparsa dei sintomi. I risultati mostrano un\u2019elevata presenza di questi biomarcatori nelle persone anziane e cognitivamente sane, con importanti implicazioni per la valutazione e la stimolazione cognitiva.<\/p>\n\n\n\n<div style=\"height:20px\" aria-hidden=\"true\" class=\"wp-block-spacer\"><\/div>\n\n\n\n<div class=\"wp-block-group\"><div class=\"wp-block-group__inner-container is-layout-constrained wp-block-group-is-layout-constrained\">\n<p class=\"br-0101 has-heading-color has-alt-background-color has-text-color has-background has-link-color wp-block-paragraph\">Marta Arbizu G\u00f3mez <strong>analizza uno studio<\/strong> pubblicato su Neurology sulla relazione tra il vaccino antinfluenzale ad alto dosaggio e il rischio di malattia di Alzheimer negli anziani. La ricerca ha rilevato un\u2019<strong>associazione tra la vaccinazione antinfluenzale ad alto dosaggio e un minor rischio di sviluppare l\u2019Alzheimer<\/strong> rispetto al dosaggio standard. L\u2019articolo esamina il possibile ruolo del sistema immunitario, dell\u2019infiammazione e della prevenzione medica nella salute cerebrale, nonch\u00e9 le sue <strong>implicazioni per la valutazione e la riabilitazione cognitiva<\/strong> professionale.<\/p>\n<\/div><\/div>\n\n\n\n<div style=\"height:20px\" aria-hidden=\"true\" class=\"wp-block-spacer\"><\/div>\n\n\n\n<h2 class=\"wp-block-heading\">Perch\u00e9 \u00e8 importante misurare la patologia di Alzheimer nella popolazione?<\/h2>\n\n\n\n<p class=\"wp-block-paragraph\">La <a href=\"https:\/\/neuronup.com\/it\/neuroriabilitazione\/malattie-neurodegenerative\/morbo-di-alzheimer\/\">malattia di Alzheimer<\/a> (MA) \u00e8 la principale causa di <a href=\"https:\/\/neuronup.com\/it\/neuroscienze\/neuroscienze-del-cervello\/esercizio-fisico-e-salute-cerebrale-come-miglora-la-memoria-e-previene-il-deterioramento-cognitivo\/\">decadimento cognitivo<\/a> e demenza nel mondo. Tuttavia, uno dei grandi interrogativi della ricerca \u00e8 sempre stato lo stesso:<\/p>\n\n\n\n<p class=\"wp-block-paragraph\"><strong>Quante persone presentano realmente cambiamenti cerebrali associati all\u2019Alzheimer, anche prima di avere sintomi?<\/strong><\/p>\n\n\n\n<p class=\"wp-block-paragraph\">Tradizionalmente, rispondere a questa domanda \u00e8 stato complicato, poich\u00e9 per rilevare la patologia sono necessarie tecniche come:<\/p>\n\n\n\n<ul class=\"wp-block-list\">\n<li>la PET cerebrale,<\/li>\n\n\n\n<li>l\u2019analisi del liquido cerebrospinale.<\/li>\n<\/ul>\n\n\n\n<p class=\"wp-block-paragraph\">Entrambi i metodi sono costosi, invasivi e difficilmente applicabili su larga scala a livello di popolazione.<\/p>\n\n\n\n<p class=\"wp-block-paragraph\">In questo contesto, i <strong>biomarcatori ematici<\/strong>, come la proteina <strong><a href=\"https:\/\/neuronup.com\/investigacion\/lineas-de-investigacion\/biomarcadores-sanguineos-y-alzheimer-como-el-p-tau217-permite-predecir-la-aparicion-de-sintomas\/\">p-tau217<\/a><\/strong>, hanno aperto una nuova strada: consentono di rilevare i cambiamenti associati all\u2019Alzheimer in modo <strong>minimamente invasivo e su larga scala<\/strong>.&nbsp;<\/p>\n\n\n\n<p class=\"wp-block-paragraph\">Lo studio pubblicato su <em>Nature<\/em> nel dicembre 2025 compie un ulteriore passo avanti, analizzando per la prima volta la prevalenza di questi cambiamenti in un <strong>campione di popolazione di oltre 11.000 persone<\/strong>.<\/p>\n\n\n\n<h2 class=\"wp-block-heading\">Come \u00e8 stata condotta la ricerca?<\/h2>\n\n\n\n<p class=\"wp-block-paragraph\">Per rispondere a questa domanda, i ricercatori hanno utilizzato i dati dello studio di popolazione norvegese <strong>HUNT<\/strong>, includendo:<\/p>\n\n\n\n<ul class=\"wp-block-list\">\n<li><strong>11.486 partecipanti<\/strong> di et\u00e0 superiore ai 57 anni,<\/li>\n\n\n\n<li>valutazione cognitiva nelle persone di et\u00e0 superiore ai 70 anni,<\/li>\n\n\n\n<li>misurazione della <strong>p-tau217 nel plasma<\/strong> come marker della patologia di Alzheimer.<\/li>\n<\/ul>\n\n\n\n<p class=\"wp-block-paragraph\">L\u2019aspetto metodologico chiave \u00e8 stato l\u2019uso di un <strong>sistema a doppia soglia<\/strong>:<\/p>\n\n\n\n<ul class=\"wp-block-list\">\n<li>valori bassi \u2192 escludono la patologia,<\/li>\n\n\n\n<li>valori elevati \u2192 confermano la patologia,<\/li>\n\n\n\n<li>valori intermedi \u2192 richiedono un follow-up.<\/li>\n<\/ul>\n\n\n\n<p class=\"wp-block-paragraph\">Questo approccio consente di bilanciare sensibilit\u00e0 e specificit\u00e0 ed \u00e8 particolarmente utile nei contesti clinici reali.<\/p>\n\n\n\n<div style=\"height:50px\" aria-hidden=\"true\" class=\"wp-block-spacer\"><\/div>\n\n\n\n<div class=\"wp-block-group br-0111 has-primary-background-color has-background has-dark-background has-sm-padding-top has-sm-padding-left has-sm-padding-right has-xxl-margin-top\"><div class=\"wp-block-group__inner-container is-layout-constrained wp-block-group-is-layout-constrained\">\n<div class=\"wp-block-columns is-layout-flex wp-container-core-columns-is-layout-8f761849 wp-block-columns-is-layout-flex\">\n<div class=\"wp-block-column is-layout-flow wp-block-column-is-layout-flow\">\n<figure class=\"wp-block-image size-full desktop-position-absolute desktop-bottom-0 mobile-width-50 mobile-m-inline-auto has-xl-margin-top\"><img decoding=\"async\" src=\"https:\/\/neuronup.com\/it\/wp-content\/uploads\/2022\/v3\/producto-certificado.webp\" alt=\"\" class=\"wp-image-31568\"><\/figure>\n<\/div>\n\n\n\n<div class=\"wp-block-column is-layout-flow wp-block-column-is-layout-flow\">\n<h2 class=\"wp-block-heading has-white-color has-text-color\"><strong>Iscriviti<\/strong> <br>alla nostra <br>Newsletter<\/h2>\n\n\n\n<div class=\"wp-block-buttons is-layout-flex wp-block-buttons-is-layout-flex\">\n<div class=\"wp-block-button--1\" style=\"--button-outline-color:var(--color-white);--button-outline-color-hover:rgba(0,0,0,0.8);\"><a class=\"wp-block-button__link button button-outline   wp-element-button\" href=\"https:\/\/neuronup.com\/it\/newsletter\/\">Iscriviti<\/a><\/div>\n\n<\/div>\n\n\n\n<div style=\"height:40px\" aria-hidden=\"true\" class=\"wp-block-spacer\"><\/div>\n<\/div>\n<\/div>\n<\/div><\/div>\n\n\n\n\n<div style=\"height:50px\" aria-hidden=\"true\" class=\"wp-block-spacer\"><\/div>\n\n\n\n<h2 class=\"wp-block-heading\">Cosa rivelano i risultati principali?<\/h2>\n\n\n\n<h3 class=\"wp-block-heading\">La patologia di Alzheimer aumenta drasticamente con l\u2019et\u00e0<\/h3>\n\n\n\n<p class=\"wp-block-paragraph\">Uno dei risultati pi\u00f9 rilevanti \u00e8 l\u2019aumento progressivo della prevalenza:<\/p>\n\n\n\n<ul class=\"wp-block-list\">\n<li>&lt; 8% tra i 58 e i 69 anni,<\/li>\n\n\n\n<li>~33% nelle persone di et\u00e0 superiore ai 70 anni,<\/li>\n\n\n\n<li><strong>fino al 65% nelle persone di et\u00e0 superiore ai 90 anni<\/strong>.<\/li>\n<\/ul>\n\n\n\n<p class=\"wp-block-paragraph\">Ci\u00f2 indica che i cambiamenti biologici associati all\u2019Alzheimer sono <strong>estremamente frequenti in et\u00e0 avanzata<\/strong>, persino pi\u00f9 di quanto si pensasse.<\/p>\n\n\n\n<p class=\"wp-block-paragraph\">Come si osserva nella figura seguente, la prevalenza dei cambiamenti compatibili con la malattia di Alzheimer aumenta progressivamente con l\u2019et\u00e0, passando da valori inferiori al 10% nelle persone di et\u00e0 inferiore ai 70 anni a oltre il 60% nelle persone di et\u00e0 superiore ai 90 anni.<\/p>\n\n\n\n<div style=\"height:50px\" aria-hidden=\"true\" class=\"wp-block-spacer\"><\/div>\n\n\n<div class=\"wp-block-image image-interface \">\n<figure class=\"aligncenter size-full\"><img decoding=\"async\" src=\"https:\/\/neuronup.com\/wp-content\/uploads\/2026\/06\/Distribucion-de-los-niveles-de-p-tau217-en-plasma-por-grupos-de-edad-1.webp\" alt=\"\" class=\"wp-image-51117\"\/><figcaption class=\"wp-element-caption\"><strong>Figura 1.<\/strong> Distribuzione dei livelli di p-tau217 nel plasma per gruppi di et\u00e0. Le percentuali indicano la proporzione stimata di individui con cambiamenti neuropatologici compatibili con la malattia di Alzheimer (\u2265 0,63 pg\/mL). Si osserva un aumento progressivo della prevalenza con l\u2019et\u00e0, che raggiunge valori superiori al 60% nelle persone di et\u00e0 superiore ai 90 anni. Adattato da Aarsland et al., <em>Nature<\/em> (2026).<\/figcaption><\/figure>\n<\/div>\n\n\n<div style=\"height:50px\" aria-hidden=\"true\" class=\"wp-block-spacer\"><\/div>\n\n\n\n<p class=\"wp-block-paragraph\">Questo andamento rafforza l\u2019idea che l\u2019et\u00e0 sia il principale fattore di rischio per lo sviluppo della patologia di Alzheimer.<\/p>\n\n\n\n<h3 class=\"wp-block-heading\">La malattia di Alzheimer inizia prima della comparsa dei sintomi clinici.<\/h3>\n\n\n\n<p class=\"wp-block-paragraph\">Analizzando i dati delle persone di et\u00e0 superiore ai 70 anni, lo studio identifica tre stadi clinici con una prevalenza sorprendentemente simile:&nbsp;<\/p>\n\n\n\n<ul class=\"wp-block-list\">\n<li>10% \u2192 MA preclinica (senza sintomi),<\/li>\n\n\n\n<li>10,4% \u2192 fase prodromica (decadimento cognitivo lieve),<\/li>\n\n\n\n<li>9,8% \u2192 demenza dovuta alla malattia di Alzheimer.<\/li>\n<\/ul>\n\n\n\n<p class=\"wp-block-paragraph\">Ci\u00f2 implica che una quota molto rilevante della popolazione si trova nelle fasi iniziali della malattia e che la patologia attiva \u00e8 altrettanto presente nelle persone asintomatiche quanto in quelle con demenza conclamata.&nbsp;<\/p>\n\n\n\n<h3 class=\"wp-block-heading\">Anche le persone cognitivamente sane possono presentare la patologia<\/h3>\n\n\n\n<p class=\"wp-block-paragraph\">Uno dei dati pi\u00f9 sorprendenti \u00e8 che <strong>il 23,5% delle persone cognitivamente sane presenta cambiamenti compatibili con l\u2019Alzheimer <\/strong>rilevabili mediante p-tau217 nel plasma.<strong>\u00a0<\/strong><\/p>\n\n\n\n<p class=\"wp-block-paragraph\">Questo rafforza l\u2019idea che l\u2019Alzheimer sia un processo biologico che inizia anni \u2014 o persino decenni \u2014 prima della comparsa dei sintomi clinici.<\/p>\n\n\n\n<p class=\"wp-block-paragraph\">Inoltre, analizzando i livelli del biomarcatore in base allo stato cognitivo, si osserva che la patologia di Alzheimer non \u00e8 presente solo nelle persone con demenza, ma anche negli individui con decadimento cognitivo lieve e persino in quelli senza sintomi clinici.<\/p>\n\n\n\n<div style=\"height:50px\" aria-hidden=\"true\" class=\"wp-block-spacer\"><\/div>\n\n\n<div class=\"wp-block-image image-interface\">\n<figure class=\"aligncenter size-full\"><img decoding=\"async\" src=\"https:\/\/neuronup.com\/wp-content\/uploads\/2026\/06\/Niveles-de-p-tau217-en-plasma-en-personas-mayores-de-70-anos-segun-estado-cognitivo-1.webp\" alt=\"\" class=\"wp-image-51118\"\/><figcaption class=\"wp-element-caption\"><strong>Figura 2.<\/strong> Livelli di p-tau217 nel plasma nelle persone di et\u00e0 superiore ai 70 anni in base allo stato cognitivo: cognitivamente sane (CU), decadimento cognitivo lieve (MCI) e demenza. Le percentuali rappresentano la proporzione stimata di individui con patologia di Alzheimer in ciascun gruppo. Si osserva che una quota rilevante delle persone senza decadimento cognitivo presenta gi\u00e0 cambiamenti compatibili con la malattia. Adattato da Aarsland et al., <em>Nature<\/em> (2026).<\/figcaption><\/figure>\n<\/div>\n\n\n<div style=\"height:50px\" aria-hidden=\"true\" class=\"wp-block-spacer\"><\/div>\n\n\n\n<p class=\"wp-block-paragraph\">Questo risultato sostiene il concetto che l\u2019Alzheimer inizi come un processo biologico silente prima di manifestarsi clinicamente, con una finestra di anni o persino decenni tra l\u2019attivazione della patologia e i primi sintomi.<\/p>\n\n\n\n<h3 class=\"wp-block-heading\">Non tutte le demenze sono dovute all\u2019Alzheimer<\/h3>\n\n\n\n<p class=\"wp-block-paragraph\">Nelle persone di et\u00e0 superiore ai 70 anni con diagnosi di demenza:&nbsp;<\/p>\n\n\n\n<ul class=\"wp-block-list\">\n<li>il 60% delle persone con demenza \u2192 presenta patologia di Alzheimer,<\/li>\n\n\n\n<li>il 40% \u2192 presenta altre cause.<\/li>\n<\/ul>\n\n\n\n<p class=\"wp-block-paragraph\">Ci\u00f2 sottolinea l\u2019importanza di disporre di biomarcatori per una diagnosi pi\u00f9 precisa.<\/p>\n\n\n\n<h3 class=\"wp-block-heading\">Fattori associati<\/h3>\n\n\n\n<p class=\"wp-block-paragraph\">Lo studio identifica diversi fattori associati a una maggiore prevalenza della patologia di Alzheimer nella popolazione:&nbsp;<\/p>\n\n\n\n<ul class=\"wp-block-list\">\n<li>et\u00e0 (il fattore pi\u00f9 determinante),<\/li>\n\n\n\n<li>genotipo APOE \u03b54,<\/li>\n\n\n\n<li>livello di istruzione pi\u00f9 basso.<\/li>\n<\/ul>\n\n\n\n<p class=\"wp-block-paragraph\">Al contrario, dopo l\u2019aggiustamento per le variabili rilevanti, non sono state riscontrate associazioni chiare con numerose malattie croniche.<\/p>\n\n\n\n<h3 class=\"wp-block-heading\">Riepilogo dei principali risultati<\/h3>\n\n\n\n<div style=\"height:50px\" aria-hidden=\"true\" class=\"wp-block-spacer\"><\/div>\n\n\n\n<figure class=\"wp-block-table aligncenter is-style-stripes table-nup\"><table class=\"has-fixed-layout\"><thead><tr><th class=\"has-text-align-center\" data-align=\"center\"><strong>Parametro<\/strong><\/th><th class=\"has-text-align-center\" data-align=\"center\"><strong>Risultato<\/strong><\/th><\/tr><\/thead><tbody><tr><td class=\"has-text-align-center\" data-align=\"center\">Prevalenza >90 anni<\/td><td class=\"has-text-align-center\" data-align=\"center\">65%<\/td><\/tr><tr><td class=\"has-text-align-center\" data-align=\"center\">Prevalenza \u226570 anni<\/td><td class=\"has-text-align-center\" data-align=\"center\">33,4%<\/td><\/tr><tr><td class=\"has-text-align-center\" data-align=\"center\">MA preclinica<\/td><td class=\"has-text-align-center\" data-align=\"center\">10%<\/td><\/tr><tr><td class=\"has-text-align-center\" data-align=\"center\">MA prodromica<\/td><td class=\"has-text-align-center\" data-align=\"center\">10,4%<\/td><\/tr><tr><td class=\"has-text-align-center\" data-align=\"center\">Demenza dovuta alla malattia di Alzheimer&nbsp;<\/td><td class=\"has-text-align-center\" data-align=\"center\">9,8%<\/td><\/tr><tr><td class=\"has-text-align-center\" data-align=\"center\">Patologia nelle persone cognitivamente sane<\/td><td class=\"has-text-align-center\" data-align=\"center\">23,5%<\/td><\/tr><tr><td class=\"has-text-align-center\" data-align=\"center\">Potenzialmente eleggibili al trattamento<\/td><td class=\"has-text-align-center\" data-align=\"center\">~11%<\/td><\/tr><\/tbody><\/table><figcaption class=\"wp-element-caption\"><strong>Tabella 1.<\/strong> Principali risultati dello studio.<\/figcaption><\/figure>\n\n\n\n<div style=\"height:50px\" aria-hidden=\"true\" class=\"wp-block-spacer\"><\/div>\n\n\n\n<h2 class=\"wp-block-heading\">Quali implicazioni ha per la pratica clinica?<\/h2>\n\n\n\n<h3 class=\"wp-block-heading\">Screening di popolazione e diagnosi precoce<\/h3>\n\n\n\n<p class=\"wp-block-paragraph\">L\u2019uso dei biomarcatori ematici pu\u00f2 aiutare a identificare le persone con cambiamenti biologici compatibili con le fasi iniziali della malattia, sempre in combinazione con la valutazione clinica, cognitiva e diagnostica.&nbsp;<\/p>\n\n\n\n<h3 class=\"wp-block-heading\">Selezione dei pazienti per i nuovi trattamenti<\/h3>\n\n\n\n<p class=\"wp-block-paragraph\">Circa l\u2019<strong>11% delle persone di et\u00e0 superiore ai 70 anni<\/strong> potrebbe essere candidato a terapie modificanti la malattia, con un enorme impatto sulla pianificazione sanitaria. I biomarcatori possono contribuire a identificare le persone potenzialmente candidabili a queste terapie, insieme alla valutazione clinica e agli esami diagnostici complementari.<\/p>\n\n\n\n<h3 class=\"wp-block-heading\">Ridefinizione dell\u2019Alzheimer<\/h3>\n\n\n\n<p class=\"wp-block-paragraph\">Questo studio rafforza un cambio di paradigma che la comunit\u00e0 scientifica sta sviluppando da anni:&nbsp;<\/p>\n\n\n\n<p class=\"wp-block-paragraph\">L\u2019Alzheimer non \u00e8 solo una malattia clinica che compare con i sintomi, ma un <strong>continuum biologico presente nella popolazione<\/strong> molto prima di qualsiasi manifestazione rilevabile.&nbsp;<\/p>\n\n\n\n<div style=\"height:50px\" aria-hidden=\"true\" class=\"wp-block-spacer\"><\/div>\n\n\n\n<figure class=\"wp-block-embed aligncenter is-type-wp-embed is-provider-neuronup wp-block-embed-neuronup\"><div class=\"wp-block-embed__wrapper\">\n<blockquote class=\"wp-embedded-content\" data-secret=\"FNiW3MEABu\"><a href=\"https:\/\/neuronup.com\/it\/attivita-di-neuroriabilitazione\/attivita-per-lalzheimer\/10-esercizi-di-stimolazione-cognitiva-per-persone-con-il-morbo-di-alzheimer\/\">10 esercizi di stimolazione cognitiva per persone affette da Alzheimer<\/a><\/blockquote><iframe class=\"wp-embedded-content\" sandbox=\"allow-scripts\" security=\"restricted\" style=\"position: absolute; visibility: hidden;\" title=\"\u201c10 esercizi di stimolazione cognitiva per persone affette da Alzheimer\u201d \u2014 NeuronUP\" src=\"https:\/\/neuronup.com\/it\/attivita-di-neuroriabilitazione\/attivita-per-lalzheimer\/10-esercizi-di-stimolazione-cognitiva-per-persone-con-il-morbo-di-alzheimer\/embed\/#?secret=NlfbWy8xtO#?secret=FNiW3MEABu\" data-secret=\"FNiW3MEABu\" width=\"600\" height=\"338\" frameborder=\"0\" marginwidth=\"0\" marginheight=\"0\" scrolling=\"no\"><\/iframe>\n<\/div><\/figure>\n\n\n\n<div style=\"height:50px\" aria-hidden=\"true\" class=\"wp-block-spacer\"><\/div>\n\n\n\n<h2 class=\"wp-block-heading\">Qual \u00e8 il rapporto tra questo progresso e NeuronUP?<\/h2>\n\n\n\n<p class=\"wp-block-paragraph\">In <a href=\"https:\/\/neuronup.com\/it\/\" data-type=\"link\" data-id=\"https:\/\/neuronup.com\/it\/\">NeuronUP,<\/a> l\u2019obiettivo \u00e8 migliorare l\u2019<a href=\"https:\/\/neuronup.com\/it\/ricerca\/linee-di-ricerca\/eta-cerebrale-e-biomarcatori-nella-malattia-di-alzheimer-implicazioni-per-la-pratica-clinica-nella-valutazione-e-nell-intervento\/\">intervento<\/a> e la riabilitazione cognitiva sulla base delle evidenze scientifiche.<\/p>\n\n\n\n<p class=\"wp-block-paragraph\">L\u2019integrazione di biomarcatori come p-tau217 consente di:<\/p>\n\n\n\n<ul class=\"wp-block-list\">\n<li>identificare i cambiamenti biologici nelle fasi pi\u00f9 precoci,&nbsp;<\/li>\n\n\n\n<li>integrare i risultati biologici con la valutazione neuropsicologica e funzionale,<\/li>\n\n\n\n<li>progettare programmi di stimolazione cognitiva adattati al profilo, alle esigenze e all\u2019evoluzione di ogni persona;<\/li>\n\n\n\n<li>favorire un approccio multidisciplinare che combini diagnosi, monitoraggio e intervento cognitivo.&nbsp;<\/li>\n<\/ul>\n\n\n\n<p class=\"wp-block-paragraph\">Questo approccio consente di progredire verso modelli assistenziali pi\u00f9 completi, nei quali la diagnosi precoce \u00e8 accompagnata da una valutazione cognitiva rigorosa e da un intervento personalizzato.&nbsp;<\/p>\n\n\n\n<div style=\"height:50px\" aria-hidden=\"true\" class=\"wp-block-spacer\"><\/div>\n\n\n\n<aside class=\"wp-block-group br-0111 particle-bg has-background has-sm-padding-top has-sm-padding-bottom has-sm-padding-left has-sm-padding-right\" style=\"background-color:#008096\"><div class=\"wp-block-group__inner-container is-layout-constrained wp-block-group-is-layout-constrained\">\n<div class=\"wp-block-columns are-vertically-aligned-center is-layout-flex wp-container-core-columns-is-layout-8f761849 wp-block-columns-is-layout-flex\">\n<div class=\"wp-block-column is-vertically-aligned-center is-layout-flow wp-block-column-is-layout-flow\" style=\"flex-basis:66.66%\">\n<p class=\"has-white-color has-text-color has-xxl-font-size wp-block-paragraph\">Prova NeuronUP gratis per 7 giorni<\/p>\n\n\n\n<p class=\"has-white-color has-text-color wp-block-paragraph\">Digitalizza la tua valutazione e inizia a risparmiare tempo con un\u2019esperienza pi\u00f9 dinamica e coinvolgente grazie ai test digitali di NeuronUP.<\/p>\n<\/div>\n\n\n\n<div class=\"wp-block-column is-vertically-aligned-center is-layout-flow wp-block-column-is-layout-flow\" style=\"flex-basis:33.33%\">\n<div class=\"wp-block-buttons is-content-justification-center is-layout-flex wp-container-core-buttons-is-layout-fe48e5de wp-block-buttons-is-layout-flex\">\n<div class=\"wp-block-button\" style=\"--button-background:var(--color-custom-1);--button-background-hover:#cc7e00;\"><a class=\"wp-block-button__link button   wp-element-button\" href=\"https:\/\/neuronup.com\/it\/landing-store-user\/\">Inizia la prova<\/a><\/div>\n\n<\/div>\n<\/div>\n<\/div>\n<\/div><\/aside>\n\n\n\n<div style=\"height:50px\" aria-hidden=\"true\" class=\"wp-block-spacer\"><\/div>\n\n\n\n<h2 class=\"wp-block-heading\">Conclusioni<\/h2>\n\n\n\n<p class=\"wp-block-paragraph\">Questo studio rappresenta una delle analisi pi\u00f9 complete finora realizzate sulla prevalenza della patologia di Alzheimer nella popolazione generale.<\/p>\n\n\n\n<p class=\"wp-block-paragraph\">I risultati mostrano che:<\/p>\n\n\n\n<ul class=\"wp-block-list\">\n<li>la patologia \u00e8 molto pi\u00f9 frequente del previsto nelle et\u00e0 avanzate,<\/li>\n\n\n\n<li>una larga parte della popolazione presenta cambiamenti in assenza di sintomi,<\/li>\n\n\n\n<li>i biomarcatori ematici consentono di studiare l\u2019Alzheimer su larga scala.<\/li>\n<\/ul>\n\n\n\n<p class=\"wp-block-paragraph\">Nel complesso, questi risultati rafforzano la necessit\u00e0 di progredire verso modelli di diagnosi precoce e approcci integrati, nei quali strumenti come NeuronUP svolgono un ruolo chiave nel miglioramento della <a href=\"https:\/\/neuronup.com\/it\/stimolazione-e-riabilitazione-cognitiva\/malattie-neurodegenerative\/malattia-di-alzheimer\/qualita-della-vita-nella-malattia-di-alzheimer\/\">qualit\u00e0 di vita<\/a> dei pazienti.<\/p>\n\n\n\n<h2 class=\"wp-block-heading\">Bibliografia<\/h2>\n\n\n\n<ul class=\"wp-block-list\">\n<li class=\"has-sm-font-size\">Aarsland, D., Sunde, A. L., Tovar-Rios, D. A., Leuzy, A., Fladby, T., Zetterberg, H., et al. (2026). Prevalence of Alzheimer\u2019s disease pathology in the community. <em>Nature, 650<\/em>, 182\u2013186.<\/li>\n<\/ul>\n\n\n\n<div style=\"height:70px\" aria-hidden=\"true\" class=\"wp-block-spacer\"><\/div>\n\n\n\n<div class=\"wp-block-group p-4 br-0111 has-alt-background-color has-background has-light-background\"><div class=\"wp-block-group__inner-container is-layout-constrained wp-block-group-is-layout-constrained\">\n<h2 class=\"wp-block-heading\"><strong>Domande frequenti su p-tau217, biomarcatori ematici e Alzheimer<\/strong><\/h2>\n\n\n\n<div style=\"height:20px\" aria-hidden=\"true\" class=\"wp-block-spacer\"><\/div>\n\n\n\n<div class=\"wp-block-pb-accordion-item c-accordion__item js-accordion-item no-js\" data-initially-open=\"false\" data-click-to-close=\"true\" data-auto-close=\"true\" data-scroll=\"false\" data-scroll-offset=\"0\" id=\"trabajarneuronup\"><h3 id=\"at-511160\" class=\"c-accordion__title js-accordion-controller\" role=\"button\">1. Che cos\u2019\u00e8 la p-tau217 e che rapporto ha con la malattia di Alzheimer?<\/h3><div id=\"ac-511160\" class=\"c-accordion__content\">\n<p class=\"wp-block-paragraph\">La p-tau217 \u00e8 una forma fosforilata della proteina tau che pu\u00f2 essere misurata nel sangue. I suoi livelli elevati sono associati a cambiamenti neuropatologici caratteristici della malattia di Alzheimer, perci\u00f2 \u00e8 considerata un biomarcatore promettente per la diagnosi precoce.<\/p>\n<\/div><\/div>\n\n\n\n<div class=\"wp-block-pb-accordion-item c-accordion__item js-accordion-item no-js\" data-initially-open=\"false\" data-click-to-close=\"true\" data-auto-close=\"true\" data-scroll=\"false\" data-scroll-offset=\"0\" id=\"trabajarneuronup\"><h3 id=\"at-511161\" class=\"c-accordion__title js-accordion-controller\" role=\"button\">2. I biomarcatori ematici consentono di diagnosticare l\u2019Alzheimer?<\/h3><div id=\"ac-511161\" class=\"c-accordion__content\">\n<p class=\"wp-block-paragraph\">I biomarcatori ematici possono aiutare a identificare cambiamenti biologici compatibili con la malattia di Alzheimer, ma non devono essere interpretati isolatamente. I loro risultati devono essere integrati con la valutazione clinica, cognitiva e funzionale del paziente.<\/p>\n<\/div><\/div>\n\n\n\n<div class=\"wp-block-pb-accordion-item c-accordion__item js-accordion-item no-js\" data-initially-open=\"false\" data-click-to-close=\"true\" data-auto-close=\"true\" data-scroll=\"false\" data-scroll-offset=\"0\" id=\"videosneuronup\"><h3 id=\"at-511162\" class=\"c-accordion__title js-accordion-controller\" role=\"button\">3. Una persona pu\u00f2 presentare la patologia di Alzheimer senza avere sintomi?<\/h3><div id=\"ac-511162\" class=\"c-accordion__content\">\n<p class=\"wp-block-paragraph\">S\u00ec. Lo studio mostra che alcune persone cognitivamente sane presentano livelli di p-tau217 compatibili con cambiamenti neuropatologici della malattia di Alzheimer. Ci\u00f2 sostiene l\u2019idea che la malattia possa iniziare anni prima della comparsa dei primi sintomi.<\/p>\n<\/div><\/div>\n\n\n\n<div class=\"wp-block-pb-accordion-item c-accordion__item js-accordion-item no-js\" data-initially-open=\"false\" data-click-to-close=\"true\" data-auto-close=\"true\" data-scroll=\"false\" data-scroll-offset=\"0\" id=\"formaciongratuita\"><h3 id=\"at-511163\" class=\"c-accordion__title js-accordion-controller\" role=\"button\">4. Come aumenta con l\u2019et\u00e0 la prevalenza della patologia di Alzheimer?<\/h3><div id=\"ac-511163\" class=\"c-accordion__content\">\n<p class=\"wp-block-paragraph\">La prevalenza cresce progressivamente con l\u2019invecchiamento. Lo studio ha rilevato valori inferiori all\u20198% tra i 58 e i 69 anni, intorno al 33% nelle persone di et\u00e0 superiore ai 70 anni e superiori al 60% nelle persone di et\u00e0 superiore ai 90 anni.<\/p>\n<\/div><\/div>\n\n\n\n<div class=\"wp-block-pb-accordion-item c-accordion__item js-accordion-item no-js\" data-initially-open=\"false\" data-click-to-close=\"true\" data-auto-close=\"true\" data-scroll=\"false\" data-scroll-offset=\"0\" id=\"formaciongratuita\"><h3 id=\"at-511164\" class=\"c-accordion__title js-accordion-controller\" role=\"button\">5. Quale ruolo svolge la valutazione cognitiva nella diagnosi della malattia di Alzheimer?<\/h3><div id=\"ac-511164\" class=\"c-accordion__content\">\n<p class=\"wp-block-paragraph\">La valutazione cognitiva consente di identificare alterazioni della memoria, dell\u2019attenzione, delle funzioni esecutive e di altre capacit\u00e0. Sebbene i biomarcatori forniscano informazioni biologiche, la valutazione neuropsicologica resta fondamentale per conoscere l\u2019impatto funzionale della malattia e progettare interventi personalizzati.<\/p>\n<\/div><\/div>\n<\/div><\/div>\n\n\n\n\n<div style=\"height:50px\" aria-hidden=\"true\" class=\"wp-block-spacer\"><\/div>\n\n\n\n<h3 class=\"wp-block-heading\">Se ti \u00e8 piaciuto questo articolo del blog su<strong> p-tau217 e Alzheimer: come i biomarcatori ematici rilevano i cambiamenti prima dei sintomi<\/strong>, probabilmente ti interesseranno anche questi articoli di NeuronUP:<\/h3>\n\n\n<div class=\"mai-grid entries entries-grid has-boxed has-image-full\" style=\"--entry-title-font-size:var(--font-size-lg);--align-text:start;--entry-meta-text-align:start;\"><div class=\"entries-wrap has-columns\" style=\"--columns-xs:1 \/ 1;--columns-sm:1 \/ 1;--columns-md:1 \/ 3;--columns-lg:1 \/ 3;--flex-xs:0 0 var(--flex-basis);--flex-sm:0 0 var(--flex-basis);--flex-md:0 0 var(--flex-basis);--flex-lg:0 0 var(--flex-basis);--column-gap:var(--spacing-lg);--row-gap:var(--spacing-lg);--align-columns:start;\"><article class=\"entry entry-grid is-column has-entry-link has-image has-image-first type-post category-neuropsicologia tag-neuropsicologia\" style=\"--entry-index:1;\" aria-label=\"Disturbo d\u2019ansia generalizzato (DAG): profilo neuropsicologico e valutazione clinica\" itemscope itemtype=\"https:\/\/schema.org\/CreativeWork\"><a class=\"entry-image-link\" href=\"https:\/\/neuronup.com\/it\/neuroscienze\/neuropsicologia\/disturbo-d-ansia-generalizzato-tag-profilo-neuropsicologico-e-valutazione-clinica\/\" tabindex=\"-1\" aria-hidden=\"true\"><img decoding=\"async\" width=\"400\" height=\"300\" src=\"https:\/\/neuronup.com\/it\/wp-content\/uploads\/2026\/08\/Trastorno-de-ansiedad-generalizada-TAG-perfil-neuropsicologico-y-evaluacion-clinica.-Como-afecta-el-TAG-a-las-funciones-ejecutivas-y-como-evaluarlo-400x300.webp\" class=\"entry-image size-landscape-sm\" alt=\"Disturbo d\u2019ansia generalizzato (DAG): profilo neuropsicologico e valutazione clinica. Come il DAG influisce sulle funzioni esecutive e come valutarlo.\" srcset=\"https:\/\/neuronup.com\/it\/wp-content\/uploads\/2026\/08\/Trastorno-de-ansiedad-generalizada-TAG-perfil-neuropsicologico-y-evaluacion-clinica.-Como-afecta-el-TAG-a-las-funciones-ejecutivas-y-como-evaluarlo-400x300.webp 400w, https:\/\/neuronup.com\/it\/wp-content\/uploads\/2026\/08\/Trastorno-de-ansiedad-generalizada-TAG-perfil-neuropsicologico-y-evaluacion-clinica.-Como-afecta-el-TAG-a-las-funciones-ejecutivas-y-como-evaluarlo-800x600.webp 800w, https:\/\/neuronup.com\/it\/wp-content\/uploads\/2026\/08\/Trastorno-de-ansiedad-generalizada-TAG-perfil-neuropsicologico-y-evaluacion-clinica.-Como-afecta-el-TAG-a-las-funciones-ejecutivas-y-como-evaluarlo-1200x900.webp 1200w\" sizes=\"(max-width:599px) 599px, (min-width:600px) and (max-width: 799px) 799px, (min-width:800px) and (max-width: 999px) 333px, (min-width:1000px) 400px\" \/><\/a><div class=\"entry-wrap entry-wrap-grid\"><h3 class=\"entry-title\" itemprop=\"headline\"><a class=\"entry-title-link\" href=\"https:\/\/neuronup.com\/it\/neuroscienze\/neuropsicologia\/disturbo-d-ansia-generalizzato-tag-profilo-neuropsicologico-e-valutazione-clinica\/\" rel=\"bookmark\">Disturbo d\u2019ansia generalizzato (DAG): profilo neuropsicologico e valutazione clinica<\/a><\/h3>\n<\/div><\/article><article class=\"entry entry-grid is-column has-entry-link has-image has-image-first type-post category-linee-di-ricerca tag-malattia-di-alzheimer tag-ricerca\" style=\"--entry-index:2;\" aria-label=\"Biomarcatori del sangue e Alzheimer: come il p-tau217 consente di prevedere la comparsa dei sintomi\" itemscope itemtype=\"https:\/\/schema.org\/CreativeWork\"><a class=\"entry-image-link\" href=\"https:\/\/neuronup.com\/it\/ricerca\/linee-di-ricerca\/biomarcatori-sanguinei-e-alzheimer-come-il-p-tau217-permette-di-prevedere-l-esordio-dei-sintomi\/\" tabindex=\"-1\" aria-hidden=\"true\"><img decoding=\"async\" width=\"400\" height=\"300\" src=\"https:\/\/neuronup.com\/it\/wp-content\/uploads\/2026\/08\/Biomarcadores-sanguineos-y-alzheimer-como-el-p-tau217-permite-predecir-la-aparicion-de-sintomas-400x300.webp\" class=\"entry-image size-landscape-sm\" alt=\"Biomarcatori ematici e Alzheimer: come il p-tau217 consente di prevedere la comparsa dei sintomi.\" srcset=\"https:\/\/neuronup.com\/it\/wp-content\/uploads\/2026\/08\/Biomarcadores-sanguineos-y-alzheimer-como-el-p-tau217-permite-predecir-la-aparicion-de-sintomas-400x300.webp 400w, https:\/\/neuronup.com\/it\/wp-content\/uploads\/2026\/08\/Biomarcadores-sanguineos-y-alzheimer-como-el-p-tau217-permite-predecir-la-aparicion-de-sintomas-800x600.webp 800w\" sizes=\"(max-width:599px) 599px, (min-width:600px) and (max-width: 799px) 799px, (min-width:800px) and (max-width: 999px) 333px, (min-width:1000px) 400px\" \/><\/a><div class=\"entry-wrap entry-wrap-grid\"><h3 class=\"entry-title\" itemprop=\"headline\"><a class=\"entry-title-link\" href=\"https:\/\/neuronup.com\/it\/ricerca\/linee-di-ricerca\/biomarcatori-sanguinei-e-alzheimer-come-il-p-tau217-permette-di-prevedere-l-esordio-dei-sintomi\/\" rel=\"bookmark\">Biomarcatori del sangue e Alzheimer: come il p-tau217 consente di prevedere la comparsa dei sintomi<\/a><\/h3>\n<\/div><\/article><article class=\"entry entry-grid is-column has-entry-link has-image has-image-first type-post category-risorse-umane\" style=\"--entry-index:3;\" aria-label=\"14 anni di crescita con NeuronUP: il percorso di C\u00e9sar Ortea fino alla guida della nostra tecnologia\" itemscope itemtype=\"https:\/\/schema.org\/CreativeWork\"><a class=\"entry-image-link\" href=\"https:\/\/neuronup.com\/it\/risorse-umane\/14-anni-crescendo-con-neuronup-il-percorso-di-cesar-ortea-fino-a-guidare-la-nostra-tecnologia\/\" tabindex=\"-1\" aria-hidden=\"true\"><img decoding=\"async\" width=\"400\" height=\"300\" src=\"https:\/\/neuronup.com\/it\/wp-content\/uploads\/2026\/08\/it-Historias-exito-NeuronUP-4-1-400x300.webp\" class=\"entry-image size-landscape-sm\" alt=\"\" srcset=\"https:\/\/neuronup.com\/it\/wp-content\/uploads\/2026\/08\/it-Historias-exito-NeuronUP-4-1-400x300.webp 400w, https:\/\/neuronup.com\/it\/wp-content\/uploads\/2026\/08\/it-Historias-exito-NeuronUP-4-1-800x600.webp 800w\" sizes=\"(max-width:599px) 599px, (min-width:600px) and (max-width: 799px) 799px, (min-width:800px) and (max-width: 999px) 333px, (min-width:1000px) 400px\" \/><\/a><div class=\"entry-wrap entry-wrap-grid\"><h3 class=\"entry-title\" itemprop=\"headline\"><a class=\"entry-title-link\" href=\"https:\/\/neuronup.com\/it\/risorse-umane\/14-anni-crescendo-con-neuronup-il-percorso-di-cesar-ortea-fino-a-guidare-la-nostra-tecnologia\/\" rel=\"bookmark\">14 anni di crescita con NeuronUP: il percorso di C\u00e9sar Ortea fino alla guida della nostra tecnologia<\/a><\/h3>\n<\/div><\/article><article class=\"entry entry-grid is-column has-entry-link has-image has-image-first type-post category-disturbi-del-neurosviluppo tag-adhd tag-autismo tag-bambini tag-disabilita-intellettiva\" style=\"--entry-index:4;\" aria-label=\"Alterazioni del sonno e rendimento esecutivo nei disturbi del neurosviluppo infantile: valutazione clinica e implicazioni per l\u2019intervento neuropsicologico\" itemscope itemtype=\"https:\/\/schema.org\/CreativeWork\"><a class=\"entry-image-link\" href=\"https:\/\/neuronup.com\/it\/stimolazione-e-riabilitazione-cognitiva\/disturbi-del-neurosviluppo\/alterazioni-del-sonno-e-delle-prestazioni-esecutive-nei-disturbi-dello-sviluppo-neuropsicologico-infantile-valutazione-clinica-e-implicazioni-per-l-intervento-neuropsicologico\/\" tabindex=\"-1\" aria-hidden=\"true\"><img decoding=\"async\" width=\"400\" height=\"300\" src=\"https:\/\/neuronup.com\/it\/wp-content\/uploads\/2026\/08\/Alteraciones-del-sueno-y-rendimiento-ejecutivo-en-trastornos-del-neurodesarrollo-infantil.-Relacion-entre-las-alteraciones-del-sueno-y-el-rendimiento-ejecutivo-de-ninos-con-TDAH-y-autismo-400x300.webp\" class=\"entry-image size-landscape-sm\" alt=\"Alterazioni del sonno e rendimento esecutivo nei disturbi del neurosviluppo infantile. Relazione tra alterazioni del sonno e rendimento esecutivo nei bambini con ADHD e autismo.\" srcset=\"https:\/\/neuronup.com\/it\/wp-content\/uploads\/2026\/08\/Alteraciones-del-sueno-y-rendimiento-ejecutivo-en-trastornos-del-neurodesarrollo-infantil.-Relacion-entre-las-alteraciones-del-sueno-y-el-rendimiento-ejecutivo-de-ninos-con-TDAH-y-autismo-400x300.webp 400w, https:\/\/neuronup.com\/it\/wp-content\/uploads\/2026\/08\/Alteraciones-del-sueno-y-rendimiento-ejecutivo-en-trastornos-del-neurodesarrollo-infantil.-Relacion-entre-las-alteraciones-del-sueno-y-el-rendimiento-ejecutivo-de-ninos-con-TDAH-y-autismo-800x600.webp 800w, https:\/\/neuronup.com\/it\/wp-content\/uploads\/2026\/08\/Alteraciones-del-sueno-y-rendimiento-ejecutivo-en-trastornos-del-neurodesarrollo-infantil.-Relacion-entre-las-alteraciones-del-sueno-y-el-rendimiento-ejecutivo-de-ninos-con-TDAH-y-autismo-1200x900.webp 1200w\" sizes=\"(max-width:599px) 599px, (min-width:600px) and (max-width: 799px) 799px, (min-width:800px) and (max-width: 999px) 333px, (min-width:1000px) 400px\" \/><\/a><div class=\"entry-wrap entry-wrap-grid\"><h3 class=\"entry-title\" itemprop=\"headline\"><a class=\"entry-title-link\" href=\"https:\/\/neuronup.com\/it\/stimolazione-e-riabilitazione-cognitiva\/disturbi-del-neurosviluppo\/alterazioni-del-sonno-e-delle-prestazioni-esecutive-nei-disturbi-dello-sviluppo-neuropsicologico-infantile-valutazione-clinica-e-implicazioni-per-l-intervento-neuropsicologico\/\" rel=\"bookmark\">Alterazioni del sonno e rendimento esecutivo nei disturbi del neurosviluppo infantile: valutazione clinica e implicazioni per l\u2019intervento neuropsicologico<\/a><\/h3>\n<\/div><\/article><article class=\"entry entry-grid is-column has-entry-link has-image has-image-first type-post category-adhd-disturbo-da-deficit-di-attenzione-iperattivita tag-adhd tag-bambini\" style=\"--entry-index:5;\" aria-label=\"Iperfocus nei bambini con ADHD: valutazione neuropsicologica e strategie di flessibilit\u00e0 cognitiva\" itemscope itemtype=\"https:\/\/schema.org\/CreativeWork\"><a class=\"entry-image-link\" href=\"https:\/\/neuronup.com\/it\/stimolazione-e-riabilitazione-cognitiva\/disturbi-del-neurosviluppo\/adhd-disturbo-da-deficit-di-attenzione-iperattivita\/iperfoco-nei-bambini-con-tdah-valutazione-neuropsicologica-e-strategie-di-flessibilita-cognitiva\/\" tabindex=\"-1\" aria-hidden=\"true\"><img decoding=\"async\" width=\"400\" height=\"300\" src=\"https:\/\/neuronup.com\/it\/wp-content\/uploads\/2026\/08\/Hiperenfoque-en-ninos-con-TDAH-400x300.webp\" class=\"entry-image size-landscape-sm\" alt=\"Iperfocus nei bambini con ADHD: valutazione neuropsicologica e strategie di flessibilit\u00e0 cognitiva\" srcset=\"https:\/\/neuronup.com\/it\/wp-content\/uploads\/2026\/08\/Hiperenfoque-en-ninos-con-TDAH-400x300.webp 400w, https:\/\/neuronup.com\/it\/wp-content\/uploads\/2026\/08\/Hiperenfoque-en-ninos-con-TDAH-800x600.webp 800w\" sizes=\"(max-width:599px) 599px, (min-width:600px) and (max-width: 799px) 799px, (min-width:800px) and (max-width: 999px) 333px, (min-width:1000px) 400px\" \/><\/a><div class=\"entry-wrap entry-wrap-grid\"><h3 class=\"entry-title\" itemprop=\"headline\"><a class=\"entry-title-link\" href=\"https:\/\/neuronup.com\/it\/stimolazione-e-riabilitazione-cognitiva\/disturbi-del-neurosviluppo\/adhd-disturbo-da-deficit-di-attenzione-iperattivita\/iperfoco-nei-bambini-con-tdah-valutazione-neuropsicologica-e-strategie-di-flessibilita-cognitiva\/\" rel=\"bookmark\">Iperfocus nei bambini con ADHD: valutazione neuropsicologica e strategie di flessibilit\u00e0 cognitiva<\/a><\/h3>\n<\/div><\/article><article class=\"entry entry-grid is-column has-entry-link has-image has-image-first type-post category-linee-di-ricerca tag-malattia-di-alzheimer tag-malattie-neurodegenerative tag-ricerca\" style=\"--entry-index:6;\" aria-label=\"Vaccino antinfluenzale ad alto dosaggio e malattia di Alzheimer: pu\u00f2 ridurre il rischio negli anziani?\" itemscope itemtype=\"https:\/\/schema.org\/CreativeWork\"><a class=\"entry-image-link\" href=\"https:\/\/neuronup.com\/it\/ricerca\/linee-di-ricerca\/vaccino-influenzale-dose-alta-e-malattia-di-alzheimer-potrebbe-ridurre-il-rischio-negli-anziani\/\" tabindex=\"-1\" aria-hidden=\"true\"><img decoding=\"async\" width=\"400\" height=\"300\" src=\"https:\/\/neuronup.com\/it\/wp-content\/uploads\/2026\/08\/Vacuna-de-la-gripe-de-alta-dosis-y-enfermedad-de-Alzheimer-\u00bfpuede-reducir-el-riesgo-en-adultos-mayores-400x300.webp\" class=\"entry-image size-landscape-sm\" alt=\"Vaccino antinfluenzale ad alto dosaggio e malattia di Alzheimer: pu\u00f2 ridurre il rischio negli anziani?\" srcset=\"https:\/\/neuronup.com\/it\/wp-content\/uploads\/2026\/08\/Vacuna-de-la-gripe-de-alta-dosis-y-enfermedad-de-Alzheimer-\u00bfpuede-reducir-el-riesgo-en-adultos-mayores-400x300.webp 400w, https:\/\/neuronup.com\/it\/wp-content\/uploads\/2026\/08\/Vacuna-de-la-gripe-de-alta-dosis-y-enfermedad-de-Alzheimer-\u00bfpuede-reducir-el-riesgo-en-adultos-mayores-800x600.webp 800w\" sizes=\"(max-width:599px) 599px, (min-width:600px) and (max-width: 799px) 799px, (min-width:800px) and (max-width: 999px) 333px, (min-width:1000px) 400px\" \/><\/a><div class=\"entry-wrap entry-wrap-grid\"><h3 class=\"entry-title\" itemprop=\"headline\"><a class=\"entry-title-link\" href=\"https:\/\/neuronup.com\/it\/ricerca\/linee-di-ricerca\/vaccino-influenzale-dose-alta-e-malattia-di-alzheimer-potrebbe-ridurre-il-rischio-negli-anziani\/\" rel=\"bookmark\">Vaccino antinfluenzale ad alto dosaggio e malattia di Alzheimer: pu\u00f2 ridurre il rischio negli anziani?<\/a><\/h3>\n<\/div><\/article><\/div><\/div>\n\n","protected":false},"excerpt":{"rendered":"<p>La dottoranda Marta Arbizu G\u00f3mez analizza un ampio studio di popolazione che utilizza il biomarcatore ematico p-tau217 per rilevare cambiamenti associati alla malattia di Alzheimer prima della comparsa dei sintomi. I risultati mostrano un\u2019elevata presenza di questi biomarcatori nelle persone anziane e cognitivamente sane, con importanti implicazioni per la valutazione e la stimolazione cognitiva. Marta &hellip;<\/p>\n","protected":false},"author":231,"featured_media":900000616,"comment_status":"open","ping_status":"open","sticky":false,"template":"","format":"standard","meta":{"_acf_changed":false,"_genesis_hide_title":false,"_genesis_hide_breadcrumbs":false,"_genesis_hide_singular_image":false,"_genesis_hide_footer_widgets":false,"_genesis_custom_body_class":"","_genesis_custom_post_class":"","_genesis_layout":"","footnotes":""},"categories":[452],"tags":[490,339,370],"class_list":["type-post","category-linee-di-ricerca","tag-malattia-di-alzheimer","tag-malattie-neurodegenerative","tag-ricerca","entry"],"acf":[],"_links":{"self":[{"href":"https:\/\/neuronup.com\/it\/wp-json\/wp\/v2\/posts\/900000617","targetHints":{"allow":["GET"]}}],"collection":[{"href":"https:\/\/neuronup.com\/it\/wp-json\/wp\/v2\/posts"}],"about":[{"href":"https:\/\/neuronup.com\/it\/wp-json\/wp\/v2\/types\/post"}],"author":[{"embeddable":true,"href":"https:\/\/neuronup.com\/it\/wp-json\/wp\/v2\/users\/231"}],"replies":[{"embeddable":true,"href":"https:\/\/neuronup.com\/it\/wp-json\/wp\/v2\/comments?post=900000617"}],"version-history":[{"count":1,"href":"https:\/\/neuronup.com\/it\/wp-json\/wp\/v2\/posts\/900000617\/revisions"}],"predecessor-version":[{"id":900000660,"href":"https:\/\/neuronup.com\/it\/wp-json\/wp\/v2\/posts\/900000617\/revisions\/900000660"}],"wp:featuredmedia":[{"embeddable":true,"href":"https:\/\/neuronup.com\/it\/wp-json\/wp\/v2\/media\/900000616"}],"wp:attachment":[{"href":"https:\/\/neuronup.com\/it\/wp-json\/wp\/v2\/media?parent=900000617"}],"wp:term":[{"taxonomy":"category","embeddable":true,"href":"https:\/\/neuronup.com\/it\/wp-json\/wp\/v2\/categories?post=900000617"},{"taxonomy":"post_tag","embeddable":true,"href":"https:\/\/neuronup.com\/it\/wp-json\/wp\/v2\/tags?post=900000617"}],"curies":[{"name":"wp","href":"https:\/\/api.w.org\/{rel}","templated":true}]}}