
{"id":900000599,"date":"2026-08-28T09:37:07","date_gmt":"2026-08-28T07:37:07","guid":{"rendered":"https:\/\/neuronup.com\/it\/?p=900000599"},"modified":"2026-08-28T12:59:07","modified_gmt":"2026-08-28T10:59:07","slug":"intervista-a-jesus-m-cortes-latam-fingers-e-l-opportunita-di-prevenire-il-deterioramento-cognitivo-dall-america-latina","status":"publish","type":"post","link":"https:\/\/neuronup.com\/it\/ricerca\/linee-di-ricerca\/intervista-a-jesus-m-cortes-latam-fingers-e-l-opportunita-di-prevenire-il-deterioramento-cognitivo-dall-america-latina\/","title":{"rendered":"Intervista a Jes\u00fas M. Cort\u00e9s: LATAM-FINGERS e l\u2019opportunit\u00e0 di prevenire il deterioramento cognitivo dall\u2019America Latina"},"content":{"rendered":"\n<p class=\"has-xl-font-size wp-block-paragraph\"><strong>LATAM-FINGERS<\/strong> ha trasformato la prevenzione del deterioramento cognitivo in una conversazione regionale, collaborativa e scientificamente ambiziosa. In questa intervista, Jes\u00fas M. Cort\u00e9s analizza <strong>perch\u00e9 l\u2019iniziativa segna un prima e un dopo per l\u2019America Latina e quale ruolo NeuronUP potrebbe esplorare come partner tecnologico e scientifico<\/strong>.<\/p>\n\n\n\n<h2 class=\"wp-block-heading\">Un dialogo tra ricerca clinica e tecnologia digitale<\/h2>\n\n\n\n<p class=\"wp-block-paragraph\">Nel campo della neuroriabilitazione, la <strong>prevenzione del <a href=\"https:\/\/neuronup.com\/it\/stimolazione-e-riabilitazione-cognitiva\/malattie-neurodegenerative\/deterioramento-cognitivo-lieve-o-demenza-differenze-cliniche-diagnosi-e-stimolazione-cognitiva\/\">deterioramento cognitivo<\/a> mediante <a href=\"https:\/\/neuronup.com\/it\/neuroscienze\/neuropsicologia\/riserva-cognitiva-e-neuroplasticita-nell-invecchiamento-implicazioni-cliniche-per-la-valutazione-e-la-stimolazione-cognitiva\/\">interventi multidominio<\/a><\/strong> si \u00e8 affermata come <strong>una delle grandi sfide e speranze della scienza attuale<\/strong>. <\/p>\n\n\n\n<p class=\"wp-block-paragraph\">Il <strong>progetto LATAM-FINGERS<\/strong> ha trasformato questa prevenzione in una conversazione regionale, collaborativa e scientificamente ambiziosa, segnando un <strong>prima e un dopo per l\u2019America Latina<\/strong>. Per analizzare in profondit\u00e0 le implicazioni di questo traguardo, in questa intervista raccogliamo un dialogo fondamentale tra due prospettive complementari: la ricerca clinica e l\u2019innovazione tecnologica. <\/p>\n\n\n\n<p class=\"wp-block-paragraph\">Come intervistato abbiamo <strong>Jes\u00fas M. Cort\u00e9s, ricercatore di spicco<\/strong> ed esperto internazionale di neuroscienze e connettivit\u00e0 cerebrale, attualmente Direttore della ricerca presso NeuronUP. In questa conversazione, Cort\u00e9s <strong>illustra nel dettaglio i risultati del recente studio clinico multicentrico<\/strong> pubblicato su The Lancet, spiegando come un intervento basato su alimentazione, attivit\u00e0 fisica, allenamento cognitivo, controllo dei fattori di rischio e socializzazione abbia prodotto miglioramenti cognitivi misurabili in adulti anziani a rischio di deterioramento.<\/p>\n\n\n\n<p class=\"wp-block-paragraph\">Alla guida dell\u2019intervista c\u2019\u00e8 Luc\u00eda Fuente Pinillos, CMO di NeuronUP. Grazie alla sua profonda comprensione delle esigenze dei professionisti che svolgono <a href=\"https:\/\/neuronup.com\/it\/neuroriabilitazione\/\">valutazione e stimolazione cognitiva<\/a>, Luc\u00eda <strong>guida la conversazione per esplorare quale ruolo possano svolgere le piattaforme digitali in questo nuovo scenario<\/strong>. Nel corso dell\u2019intervista, i due esperti analizzano come strumenti come <a href=\"https:\/\/neuronup.com\/it\/\">NeuronUP<\/a> possano integrarsi come partner tecnologici e scientifici per aiutare a standardizzare le attivit\u00e0, misurare i risultati e rendere la prevenzione del deterioramento cognitivo pi\u00f9 scalabile e applicabile alla vita reale.<\/p>\n\n\n\n<h2 class=\"wp-block-heading\">Che cos\u2019\u00e8 LATAM-FINGERS e perch\u00e9 rivoluziona la salute cerebrale? Quali risultati ha ottenuto?<\/h2>\n\n\n\n<h3 class=\"wp-block-heading\">Luc\u00eda Fuente: <em>Jes\u00fas, perch\u00e9 LATAM-FINGERS merita cos\u00ec tanta attenzione proprio ora?<\/em><\/h3>\n\n\n\n<p class=\"wp-block-paragraph\"><strong>Jes\u00fas M. Cort\u00e9s: <\/strong><em>&#8220;Perch\u00e9 LATAM-FINGERS <strong>ha dimostrato<\/strong> qualcosa che fino a poco tempo fa era ancora irrisolto: <strong>un intervento multidominio per prevenire il <a href=\"https:\/\/neuronup.com\/it\/stimolazione-e-riabilitazione-cognitiva\/deterioramento-cognitivo\/riabilitazione-neuropsicologica-nel-deterioramento-cognitivo-lieve\/\">deterioramento cognitivo<\/a> pu\u00f2 essere organizzato e mantenuto in America Latina<\/strong> con rigore scientifico, adattamento culturale e risultati misurabili. <\/em><\/p>\n\n\n\n<p class=\"wp-block-paragraph\"><em>Lo studio pubblicato su The Lancet dimostra che <strong>un intervento sistematico<\/strong>, basato su alimentazione, attivit\u00e0 fisica, allenamento cognitivo, controllo dei fattori di rischio vascolare e socializzazione, <strong>era fattibile e produceva miglioramenti cognitivi maggiori rispetto a un intervento flessibile<\/strong> <strong>di consulenza sulla salute<\/strong> negli adulti anziani a rischio di deterioramento cognitivo (Crivelli et al., 2026).&#8221;<\/em><\/p>\n\n\n\n<h2 class=\"wp-block-heading\">Lo studio clinico LATAM-FINGERS e il futuro in America Latina<\/h2>\n\n\n\n<h3 class=\"wp-block-heading\">Luc\u00eda Fuente: <em>Per aiutare chi ci legge a orientarsi, puoi riassumere che cosa ha fatto esattamente lo studio clinico pubblicato su The Lancet, che cosa ha ottenuto e quali implicazioni potrebbe avere in futuro?<\/em><\/h3>\n\n\n\n<p class=\"wp-block-paragraph\"><strong>Jes\u00fas M. Cort\u00e9s:<\/strong><em> &#8220;Lo studio di The Lancet \u00e8 uno <strong>studio clinico multicentrico, randomizzato e in singolo cieco<\/strong> condotto in 11 Paesi dell\u2019America Latina su adulti di et\u00e0 compresa tra 60 e 77 anni, senza demenza ma con un rischio elevato di deterioramento cognitivo. Per due anni ha confrontato un intervento sistematico sullo stile di vita con un intervento flessibile basato sulla consulenza sanitaria. L\u2019<strong>intervento sistematico combinava alimentazione, attivit\u00e0 fisica, allenamento cognitivo, controllo dei fattori di rischio vascolare e metabolico e supporto alla socializzazione<\/strong>. <\/em><\/p>\n\n\n\n<p class=\"wp-block-paragraph\"><em>L\u2019aspetto importante \u00e8 che non solo era fattibile: l\u2019<strong>82,3% dei partecipanti ha completato il follow-up<\/strong>, l\u2019aderenza media \u00e8 stata del 71,6% e il gruppo sottoposto all\u2019intervento sistematico ha ottenuto miglioramenti maggiori nel punteggio composito globale della cognizione rispetto al gruppo flessibile. Sono stati inoltre <strong>osservati benefici nella memoria episodica, nella <a href=\"https:\/\/neuronup.com\/it\/aree-dintervento\/funzioni-cognitive\/funzioni-esecutive\/\">funzione esecutiva<\/a> e nella velocit\u00e0 di elaborazione<\/strong>, senza eventi avversi gravi correlati all\u2019intervento. <\/em><\/p>\n\n\n\n<p class=\"wp-block-paragraph\"><em>L\u2019implicazione per il futuro \u00e8 enorme: <strong>LATAM-FINGERS offre una base per progettare strategie di prevenzione scalabili, culturalmente adattate e applicabili a sistemi sanitari reali nei Paesi a reddito medio e basso<\/strong>. Apre inoltre la strada a nuove fasi di follow-up, alla ricerca con biomarcatori e alla collaborazione con strumenti digitali che aiutino a misurare, personalizzare e mantenere l\u2019intervento (Crivelli et al., 2026).&#8221;<\/em><\/p>\n\n\n\n<div style=\"height:50px\" aria-hidden=\"true\" class=\"wp-block-spacer\"><\/div>\n\n\n\n<h3 class=\"wp-block-heading\">Luc\u00eda Fuente: <em>Che cosa cambia quando uno studio di questo tipo viene condotto in America Latina e non viene semplicemente importato da altri contesti?<\/em><\/h3>\n\n\n\n<p class=\"wp-block-paragraph\"><strong>Luc\u00eda Fuentes: Che cosa cambia quando uno studio di questo tipo viene condotto in America Latina e non viene semplicemente importato da altri contesti?<\/strong><\/p>\n\n\n\n<p class=\"wp-block-paragraph\"><strong>Jes\u00fas M. Cort\u00e9s: <\/strong><em>&#8220;Cambia molto. <strong>L\u2019America Latina presenta una combinazione molto particolare<\/strong> di invecchiamento accelerato, disuguaglianza sociale, diversit\u00e0 culturale, diversi livelli di istruzione e alta presenza di fattori di rischio modificabili. Le prime pubblicazioni del progetto avevano gi\u00e0 evidenziato questa necessit\u00e0: <strong>non bastava estrapolare dati da altri continenti<\/strong>; era necessario verificare se il modello potesse adattarsi alla realt\u00e0 latinoamericana (Crivelli et al., 2023; Duque Pe\u00f1ailillo, 2022)<\/em>.<em>&#8220;<\/em><\/p>\n\n\n\n<h3 class=\"wp-block-heading\">Luc\u00eda Fuente: <em>Come spiegheresti LATAM-FINGERS a una persona estranea all\u2019ambito scientifico?<\/em><\/h3>\n\n\n\n<p class=\"wp-block-paragraph\"><strong>Luc\u00eda Fuentes: Come spiegheresti LATAM-FINGERS a una persona estranea all\u2019ambito scientifico?<\/strong><\/p>\n\n\n\n<p class=\"wp-block-paragraph\"><strong>Jes\u00fas M. Cort\u00e9s: <\/strong><em>&#8220;Lo descriverei come una <strong>grande iniziativa regionale per prendersi cura della salute cerebrale prima che compaia la demenza<\/strong>. Non \u00e8 un trattamento farmacologico n\u00e9 una promessa miracolosa. \u00c8 un <strong>programma strutturato che interviene su pi\u00f9 fronti contemporaneamente<\/strong>: esercizio fisico, alimentazione, stimolazione cognitiva, controllo medico dei fattori di rischio e vita sociale. L\u2019idea centrale \u00e8 molto intuitiva: <strong>se il rischio di deterioramento cognitivo dipende da molti fattori, anche la prevenzione deve essere affrontata agendo contemporaneamente su pi\u00f9 fattori<\/strong> (Crivelli et al., 2023; Crivelli et al., 2026; Le\u00f3n-Salas et al., 2024)<\/em>.<em>&#8220;<\/em><\/p>\n\n\n\n<h2 class=\"wp-block-heading\">Reti istituzionali e collaborazione per lo studio LATAM-FINGERS<\/h2>\n\n\n\n<h3 class=\"wp-block-heading\">Luc\u00eda Fuente: <em>Una parte importante dell\u2019articolo precedente riguardava la collaborazione. Quali istituzioni hanno reso possibile questa iniziativa?<\/em><\/h3>\n\n\n\n<p class=\"wp-block-paragraph\"><strong>Luc\u00eda Fuentes: Una parte importante dell\u2019articolo precedente riguardava la collaborazione. Quali istituzioni hanno reso possibile questa iniziativa?<\/strong><\/p>\n\n\n\n<p class=\"wp-block-paragraph\"><strong>Jes\u00fas M. Cort\u00e9s: <\/strong><em>&#8220;Questa \u00e8 una delle componenti pi\u00f9 significative di LATAM-FINGERS. Non parliamo di un centro isolato, ma di una <strong>rete istituzionale latinoamericana e internazionale<\/strong>. Allo studio partecipano istituzioni come Fleni in Argentina; Universidade de S\u00e3o Paulo, Hospital das Cl\u00ednicas da Faculdade de Medicina da Universidade de S\u00e3o Paulo e Universidade Federal de Minas Gerais in Brasile; Instituto Nacional de Neurolog\u00eda y Neurocirug\u00eda Manuel Velasco Su\u00e1rez in Messico; Universidad de Antioquia in Colombia; Hospital Cl\u00ednico Universidad de Chile; Universidad Nacional Pedro Henr\u00edquez Ure\u00f1a nella Repubblica Dominicana; Hospital Cl\u00ednica B\u00edblica in Costa Rica; Neuromedicenter in Ecuador; Centro Neurol\u00f3gico Mente Activa e Hospital de Cl\u00ednicas in Bolivia; Instituto Peruano de Neurociencias; Hospital Brit\u00e1nico e Universidad de la Rep\u00fablica in Uruguay; Universidad de Puerto Rico; Alzheimer\u2019s Association; Karolinska Institutet; University of Texas Health San Antonio; Alzheimer\u2019s Therapeutic Research Institute de University of Southern California; e Wake Forest University School of Medicine (Crivelli et al., 2026; Figueiredo et al., 2025; Friedlaender et al., 2025; Jeunon et al., 2025)<\/em>.<em>&#8220;<\/em><\/p>\n\n\n\n<h3 class=\"wp-block-heading\">Luc\u00eda Fuente: <em>Che cosa trovi particolarmente ammirevole in questa collaborazione?<\/em><\/h3>\n\n\n\n<p class=\"wp-block-paragraph\"><strong>Luc\u00eda Fuente: Che cosa trovi particolarmente ammirevole in questa collaborazione?<\/strong><\/p>\n\n\n\n<p class=\"wp-block-paragraph\"><strong>Jes\u00fas M. Cort\u00e9s: <\/strong><em>&#8220;Trovo ammirevole che siano riusciti ad armonizzare le procedure senza cancellare la diversit\u00e0 locale. \u00c8 molto difficile. L\u2019articolo sulla progettazione e sull\u2019armonizzazione descrive un duplice compito: da un lato, <strong>mantenere la continuit\u00e0 con il modello FINGER e con altri studi internazionali<\/strong>; dall\u2019altro, <strong>adattare il protocollo affinch\u00e9 fosse fattibile e comparabile tra Paesi latinoamericani con realt\u00e0 molto diverse<\/strong> (Duque Pe\u00f1ailillo, 2022)<\/em>.<em>&#8220;<\/em><\/p>\n\n\n\n<h2 class=\"wp-block-heading\">Principali risultati cognitivi dello studio LATAM-FINGERS<\/h2>\n\n\n\n<h3 class=\"wp-block-heading\">Luc\u00eda Fuente: <em>Quali sono stati i principali risultati dello studio pubblicato su The Lancet?<\/em><\/h3>\n\n\n\n<p class=\"wp-block-paragraph\"><strong>Luc\u00eda Fuente: Quali sono stati i principali risultati dello studio pubblicato su The Lancet?<\/strong><\/p>\n\n\n\n<p class=\"wp-block-paragraph\"><strong>Jes\u00fas M. Cort\u00e9s:<\/strong><em><strong> &#8220;<\/strong>Lo studio ha valutato 1.719 persone e ha incluso infine <strong>1.065 partecipanti<\/strong> nel campione analitico: 539 nel gruppo sottoposto all\u2019intervento sistematico e 526 in quello sottoposto all\u2019intervento flessibile. L\u2019<strong>et\u00e0 media era di 67,5 anni<\/strong> e l\u2019<strong>82,3% ha completato il follow-up di due anni<\/strong>. L\u2019aderenza media del gruppo sistematico \u00e8 stata del 71,6%. Per quanto riguarda il principale esito cognitivo, il <strong>gruppo sistematico ha ottenuto un miglioramento maggiore<\/strong>: 0,31 deviazioni standard all\u2019anno rispetto a 0,20 nel gruppo flessibile. Inoltre, gli eventi avversi gravi non sono stati considerati correlati all\u2019intervento (Crivelli et al., 2026)<\/em>.&#8221;<\/p>\n\n\n\n<div style=\"height:50px\" aria-hidden=\"true\" class=\"wp-block-spacer\"><\/div>\n\n\n\n<div class=\"wp-block-group br-0111 has-primary-background-color has-background has-dark-background has-sm-padding-top has-sm-padding-left has-sm-padding-right has-xxl-margin-top\"><div class=\"wp-block-group__inner-container is-layout-constrained wp-block-group-is-layout-constrained\">\n<div class=\"wp-block-columns is-layout-flex wp-container-core-columns-is-layout-8f761849 wp-block-columns-is-layout-flex\">\n<div class=\"wp-block-column is-layout-flow wp-block-column-is-layout-flow\">\n<figure class=\"wp-block-image size-full desktop-position-absolute desktop-bottom-0 mobile-width-50 mobile-m-inline-auto has-xl-margin-top\"><img decoding=\"async\" src=\"https:\/\/neuronup.com\/it\/wp-content\/uploads\/2022\/v3\/producto-certificado.webp\" alt=\"\" class=\"wp-image-31568\"><\/figure>\n<\/div>\n\n\n\n<div class=\"wp-block-column is-layout-flow wp-block-column-is-layout-flow\">\n<h2 class=\"wp-block-heading has-white-color has-text-color\"><strong>Iscriviti<\/strong> <br>alla nostra <br>Newsletter<\/h2>\n\n\n\n<div class=\"wp-block-buttons is-layout-flex wp-block-buttons-is-layout-flex\">\n<div class=\"wp-block-button--1\" style=\"--button-outline-color:var(--color-white);--button-outline-color-hover:rgba(0,0,0,0.8);\"><a class=\"wp-block-button__link button button-outline   wp-element-button\" href=\"https:\/\/neuronup.com\/it\/newsletter\/\">Iscriviti<\/a><\/div>\n\n<\/div>\n\n\n\n<div style=\"height:40px\" aria-hidden=\"true\" class=\"wp-block-spacer\"><\/div>\n<\/div>\n<\/div>\n<\/div><\/div>\n\n\n\n\n<div style=\"height:50px\" aria-hidden=\"true\" class=\"wp-block-spacer\"><\/div>\n\n\n\n<h2 class=\"wp-block-heading\">Approfondimento sui dati clinici: genetica, polifarmacoterapia e rischio cardiometabolico<\/h2>\n\n\n\n<h3 class=\"wp-block-heading\">Luc\u00eda Fuente: <em>Che cosa avevano mostrato le pubblicazioni precedenti del progetto prima del risultato di The Lancet?<\/em><\/h3>\n\n\n\n<p class=\"wp-block-paragraph\"><strong>Luc\u00eda Fuente: Che cosa avevano mostrato le pubblicazioni precedenti del progetto prima del risultato di The Lancet?<\/strong><\/p>\n\n\n\n<p class=\"wp-block-paragraph\"><strong>Jes\u00fas M. Cort\u00e9s: <\/strong><em>&#8220;Mostravano che il progetto stava maturando in modo molto solido. <strong>Nel 2022 LATAM-FINGERS \u00e8 stato presentato come parte di World-Wide FINGERS e sono stati evidenziati i suoi cinque pilastri d\u2019intervento<\/strong> (Crivelli et al., 2023<\/em>).<em> <strong>Nel 2023 \u00e8 stato pubblicato il disegno dello studio<\/strong>, la sua strategia di armonizzazione e i dati iniziali di screening e randomizzazione (Duque Pe\u00f1ailillo, 2022). In Costa Rica sono stati descritti l\u2019adattamento locale e l\u2019estensione del follow-up (Crivelli et al., 2026); in Brasile, i dati basali dell\u2019UFMG hanno evidenziato un\u2019elevata frequenza di fattori di rischio modificabili, come ipertensione, dislipidemia, sedentariet\u00e0 e obesit\u00e0 (Dutra Lima et al., 2023)<\/em>.&#8221;<\/p>\n\n\n\n<h3 class=\"wp-block-heading\">Luc\u00eda Fuente: <em>Nel 2025 compaiono diversi abstract molto clinici. Che cosa apportano?<\/em><\/h3>\n\n\n\n<p class=\"wp-block-paragraph\"><strong>Luc\u00eda Fuente: Nel 2025 compaiono diversi abstract molto clinici. Che cosa apportano?<\/strong><\/p>\n\n\n\n<p class=\"wp-block-paragraph\"><strong>Jes\u00fas M. Cort\u00e9s:<\/strong><em><strong> <\/strong>&#8220;<strong>Apportano profondit\u00e0<\/strong>. Per esempio, il carico anticolinergico \u00e8 stato associato a prestazioni cognitive peggiori e a una maggiore probabilit\u00e0 di un punteggio CDR globale pari a 0,5; ogni punto aggiuntivo nella scala del carico anticolinergico ha aumentato tale probabilit\u00e0 del 28% (Jeunon et al., 2025). L\u2019analisi su APOE e memoria ha suggerito che,<strong> in America Latina, i fattori sociodemografici possono avere un peso enorme nell\u2019interpretazione delle prestazioni mnestiche<\/strong> (Friedlaender et al., 2025)<\/em>.<em> Sono stati inoltre pubblicati dati sul consumo alimentare e sulla composizione corporea presso l\u2019UFMG, con segnali di adiposit\u00e0 elevata, rischio cardiometabolico e carenze di nutrienti rilevanti (Vieira et al., 2025).<\/em>&#8220;<\/p>\n\n\n\n<h3 class=\"wp-block-heading\">Luc\u00eda Fuente: <em>E che cosa ci dicono i dati sulle malattie croniche, la polifarmacoterapia e la genetica?<\/em><\/h3>\n\n\n\n<p class=\"wp-block-paragraph\"><strong>Luc\u00eda Fuente: E che cosa ci dicono i dati sulle malattie croniche, la polifarmacoterapia e la genetica?<\/strong><\/p>\n\n\n\n<p class=\"wp-block-paragraph\"><strong>Jes\u00fas M. Cort\u00e9s: <\/strong><em>&#8220;Ci dicono che <strong>LATAM-FINGERS non si limita a misurare la cognizione<\/strong>. Sta costruendo un quadro molto pi\u00f9 completo del rischio. In un campione brasiliano, la frequenza dell\u2019allele APOE E4 era del 25,5% e sono state osservate differenze nei test della funzione esecutiva e nell\u2019indice di massa corporea (Almeida et al., 2025). In un\u2019altra comunicazione, su 1.243 partecipanti, \u00e8 stata descritta ipertensione nel 44,6% dei casi, dislipidemia nel 42,8%, una media di 2,58 farmaci e polifarmacoterapia nel 18,4% (Figueiredo et al., 2025). Questo tipo di dati \u00e8 molto <strong>prezioso per comprendere la prevenzione nella popolazione reale<\/strong>.<\/em>&#8220;<\/p>\n\n\n\n<h2 class=\"wp-block-heading\">Stimolazione cognitiva e tecnologia digitale: sinergie con NeuronUP<\/h2>\n\n\n\n<h3 class=\"wp-block-heading\">Luc\u00eda Fuente: <em>Se pensiamo a NeuronUP, dove vedi il punto di connessione naturale?<\/em><\/h3>\n\n\n\n<p class=\"wp-block-paragraph\"><strong>Luc\u00eda Fuente: Se pensiamo a NeuronUP, dove vedi il punto di connessione naturale?<\/strong><\/p>\n\n\n\n<p class=\"wp-block-paragraph\"><strong>Jes\u00fas M. Cort\u00e9s:<\/strong><em><strong> <\/strong>&#8220;<strong>NeuronUP <\/strong>opera in un ambito che si integra molto bene con una componente centrale del modello: l\u2019<strong><a href=\"https:\/\/neuronup.com\/it\/stimolazione-e-riabilitazione-cognitiva\/10-esercizi-di-stimolazione-cognitiva\/\">allenamento cognitivo strutturato, adattabile e misurabile<\/a><\/strong>. In un intervento multidominio, la componente cognitiva necessita di strumenti che aiutino a standardizzare le attivit\u00e0, registrare l\u2019utilizzo, favorire l\u2019aderenza e consentire il monitoraggio da parte delle \u00e9quipe cliniche. In questo senso, una <strong>piattaforma digitale pu\u00f2 essere molto utile, purch\u00e9 venga integrata all\u2019interno di accordi scientifici ed etici chiari<\/strong>.<\/em>&#8220;<\/p>\n\n\n\n<h3 class=\"wp-block-heading\">Luc\u00eda Fuente: <em>Come potrebbe partecipare NeuronUP?<\/em><\/h3>\n\n\n\n<p class=\"wp-block-paragraph\"><strong>Luc\u00eda Fuente: Come potrebbe partecipare NeuronUP?<\/strong><\/p>\n\n\n\n<p class=\"wp-block-paragraph\"><strong>Jes\u00fas M. Cort\u00e9s:<\/strong><em><strong> <\/strong>&#8220;La collaborazione potrebbe articolarsi <strong>attraverso accordi istituzionali, licenze di ricerca, progetti pilota finanziati, sviluppo congiunto di moduli, adattamento culturale degli esercizi, supporto metodologico o progetti con obiettivi scientifici condivisi<\/strong>. L\u2019importante \u00e8 che il quadro sia trasparente: che cosa apporta ciascuna parte, quali dati vengono raccolti, come vengono protetti, come viene valutato l\u2019impatto e quale beneficio ottengono la ricerca, i centri e i partecipanti.<\/em>&#8220;<\/p>\n\n\n\n<h3 class=\"wp-block-heading\">Luc\u00eda Fuente: <em>Che cosa potrebbe imparare NeuronUP da una collaborazione di questo tipo?<\/em><\/h3>\n\n\n\n<p class=\"wp-block-paragraph\"><strong>Luc\u00eda Fuente: Che cosa potrebbe imparare NeuronUP da una collaborazione di questo tipo?<\/strong><\/p>\n\n\n\n<p class=\"wp-block-paragraph\"><strong>Jes\u00fas M. Cort\u00e9s: <\/strong><em>&#8220;Moltissimo. Partecipare a un\u2019iniziativa latinoamericana di questa portata <strong>permetterebbe di comprendere come si comportano gli interventi cognitivi digitali nei contesti reali<\/strong>: diversi livelli di istruzione, differenze nell\u2019accesso digitale, variabilit\u00e0 culturale, esigenze cliniche eterogenee ed \u00e9quipe con risorse differenti. Questo apprendimento <strong>contribuirebbe a migliorare la piattaforma e a progettare strumenti pi\u00f9 utili per la prevenzione, la riabilitazione e il monitoraggio<\/strong>.&#8221;<\/em><\/p>\n\n\n\n<div style=\"height:50px\" aria-hidden=\"true\" class=\"wp-block-spacer\"><\/div>\n\n\n\n<div class=\"wp-block-group\"><div class=\"wp-block-group__inner-container is-layout-constrained wp-block-group-is-layout-constrained\">\n<div class=\"wp-block-columns br-0111 particle-bg p-5 has-primary-background-color has-background is-layout-flex wp-container-core-columns-is-layout-8f761849 wp-block-columns-is-layout-flex\">\n<div class=\"wp-block-column is-layout-flow wp-block-column-is-layout-flow\" style=\"flex-basis:66.66%\">\n<h2 class=\"wp-block-heading has-white-color has-text-color\">Prova NeuronUP gratis per 7 giorni<\/h2>\n\n\n\n<p class=\"has-white-color has-text-color wp-block-paragraph\">Potrai collaborare con le nostre attivit\u00e0, progettare sedute o fare riabilitazione a distanza.<\/p>\n<\/div>\n\n\n\n<div class=\"wp-block-column is-layout-flow wp-block-column-is-layout-flow\" style=\"flex-basis:33.33%\">\n<div class=\"wp-block-buttons is-content-justification-center is-layout-flex wp-container-core-buttons-is-layout-fe48e5de wp-block-buttons-is-layout-flex\">\n<div class=\"wp-block-button\" style=\"--button-background:var(--color-custom-1);--button-background-hover:#cc7e00;\"><a class=\"wp-block-button__link button   wp-element-button\" href=\"https:\/\/neuronup.com\/it\/landing-store-user\/\">Comincia la tua prova<\/a><\/div>\n\n<\/div>\n<\/div>\n<\/div>\n<\/div><\/div>\n\n\n\n<div style=\"height:18px\" aria-hidden=\"true\" class=\"wp-block-spacer\"><\/div>\n\n\n\n<div style=\"height:50px\" aria-hidden=\"true\" class=\"wp-block-spacer\"><\/div>\n\n\n\n<h2 class=\"wp-block-heading\">Il futuro della prevenzione scalabile<\/h2>\n\n\n\n<h3 class=\"wp-block-heading\">Luc\u00eda Fuente:<em> Quale messaggio finale vorresti lasciare?<\/em><\/h3>\n\n\n\n<p class=\"wp-block-paragraph\"><strong>Luc\u00eda Fuente: Quale messaggio finale vorresti lasciare?<\/strong><\/p>\n\n\n\n<p class=\"wp-block-paragraph\"><strong>Jes\u00fas M. Cort\u00e9s: <\/strong><em>&#8220;Che LATAM-FINGERS \u00e8 una di quelle iniziative che ampliano gli orizzonti. Ha dimostrato che <strong>l\u2019America Latina pu\u00f2 produrre evidenze di primo livello nella prevenzione del deterioramento cognitivo<\/strong>, grazie alla collaborazione regionale, all\u2019armonizzazione internazionale e a risultati clinicamente rilevanti. <strong>Per NeuronUP, l\u2019opportunit\u00e0 consiste nel<\/strong> partecipare con umilt\u00e0 e ambizione: <strong>offrire una tecnologia cognitiva utile, imparare dai centri e contribuire a rendere la prevenzione del deterioramento cognitivo pi\u00f9 misurabile, pi\u00f9 scalabile e pi\u00f9 vicina alla vita reale.<\/strong><\/em>&#8220;<\/p>\n\n\n\n<h2 class=\"wp-block-heading\">Bibliografia<\/h2>\n\n\n\n<ul class=\"wp-block-list\">\n<li class=\"has-sm-font-size\">Almeida, L. C. B., Zima, G. F., Studart-Neto, A., Takada, L. T., Nitrini, R., &amp; Brucki, S. M. D. (2025). Prevalence of apolipoprotein E genotypes in Brazilian sample in LATAM-FINGERS study. <em>S\u00e3o Paulo Medical Journal, 143<\/em>(Suppl 2), 55-56. https:\/\/doi.org\/10.5327\/1516-3180.CPN.1403<\/li>\n\n\n\n<li class=\"has-sm-font-size\">Crivelli, L., Calandri, I. L., Suemoto, C. K., et al. (2023). Latin American Initiative for Lifestyle Intervention to Prevent Cognitive Decline (LATAM-FINGERS): Study design and harmonization. <em>Alzheimer&#8217;s &amp; Dementia, 19<\/em>, 4046-4060. https:\/\/doi.org\/10.1002\/alz.13101<\/li>\n\n\n\n<li class=\"has-sm-font-size\">Crivelli, L., Suemoto, C. K., Sosa, A. L., et al. (2026). Multidomain lifestyle intervention for the prevention of cognitive decline in at-risk older adults in Latin America (LATAM-FINGERS): a single-blind, multicentre, randomised controlled trial. <em>The Lancet<\/em>. Advance online publication. https:\/\/doi.org\/10.1016\/S0140-6736(26)01278-X<\/li>\n\n\n\n<li class=\"has-sm-font-size\">Duque Pe\u00f1ailillo, L. (2022). El LATAM Fingers: una gran iniciativa mundial en prevenci\u00f3n de la Demencias. <em>MetroCiencia, 30<\/em>(3), 89-92. https:\/\/doi.org\/10.47464\/MetroCiencia\/vol30\/3\/2022\/89-92<\/li>\n\n\n\n<li class=\"has-sm-font-size\">Duque Pe\u00f1ailillo, L. (2025). El LATAM Fingers: una gran iniciativa mundial en prevenci\u00f3n de la Demencias. Estado actual. <em>MetroCiencia, 33<\/em>(2), 125-127. https:\/\/doi.org\/10.47464\/MetroCiencia\/vol33\/2\/2025\/125-127<\/li>\n\n\n\n<li class=\"has-sm-font-size\">Dutra Lima, D. M., Soares Figueiredo, L., Pedrosa de Menezes, A. L., et al. (2023). Latin american initiative for lifestyle interventions to prevent cognitive decline (latam-fingers): baseline characteristics of participants at UFMG, Brazil. <em>Dementia &amp; Neuropsychologia, 17<\/em>(Suppl 2), 7. https:\/\/doi.org\/10.22491\/19805764\/018<\/li>\n\n\n\n<li class=\"has-sm-font-size\">Figueiredo, L. S., Jeunon, V. R., Dutra Lima, D. M., et al. (2025). Prevalence of chronic diseases and polypharmacy among older adults in latin america: the LATAM-FINGERS study. <em>Dementia &amp; Neuropsychologia, 19<\/em>(Suppl 2), 61. https:\/\/doi.org\/10.5327\/RPDA25184<\/li>\n\n\n\n<li class=\"has-sm-font-size\">Friedlaender, C. V., Cruz de Souza, L., Barbosa, M. T., et al. (2025). APOE and memory in latin america: Baseline Findings from the LATAM-FINGERS trial. <em>Dementia &amp; Neuropsychologia, 19<\/em>(Suppl 2), 78. https:\/\/doi.org\/10.5327\/RPDA25234<\/li>\n\n\n\n<li class=\"has-sm-font-size\">Jeunon, V. R., Figueiredo, L. S., Dutra, D. M., et al. (2025). Anticholinergic burden is associated with cognitive impairment in older adults at risk for dementia in latin america: the LATAM-FINGERS study. <em>Dementia &amp; Neuropsychologia, 19<\/em>(Suppl 2), 53-54. https:\/\/doi.org\/10.5327\/RPDA25160<\/li>\n\n\n\n<li class=\"has-sm-font-size\">Le\u00f3n-Salas, J. M., Quesada-Villase\u00f1or, R., Arguedas-Chac\u00f3n, S., Quesada-Lor\u00eda, D., &amp; Zavaleta-Monestel, E. (2024). Avances en la Prevenci\u00f3n y Tratamiento del Alzheimer: Participaci\u00f3n costarricense en el estudio LATAM FINGERS. <em>Cr\u00f3nicas Cient\u00edficas, XXVII<\/em>, 7-10. https:\/\/doi.org\/10.55139\/ynzu1938<\/li>\n\n\n\n<li class=\"has-sm-font-size\">Sevlever, G. E., Crivelli, L., Salinas, R. M., Charamelo, A., &amp; Delgado, C. (2024). S4: The LATAM-FINGERS Initiative: The First Non-Pharmacological Randomized Controlled Trial to Prevent Cognitive Decline Across Latin America. <em>International Psychogeriatrics<\/em>. https:\/\/doi.org\/10.1017\/S1041610224001029<\/li>\n\n\n\n<li class=\"has-sm-font-size\">Vieira, V. S., Tosatti, J. A. G., Pereira, J. D., et al. (2025). Assessment of dietary intake and body composition of Universidade Federal de Minas Gerais participants in the LATAM-FINGERS study. <em>Dementia &amp; Neuropsychologia, 19<\/em>(Suppl 2), 59-60. https:\/\/doi.org\/10.5327\/RPDA25178<\/li>\n<\/ul>\n\n\n\n<div style=\"height:70px\" aria-hidden=\"true\" class=\"wp-block-spacer\"><\/div>\n\n\n\n<div class=\"wp-block-group p-4 br-0111 has-alt-background-color has-background has-light-background\"><div class=\"wp-block-group__inner-container is-layout-constrained wp-block-group-is-layout-constrained\">\n<h2 class=\"wp-block-heading\"><strong>Domande frequenti sullo studio LATAM-FINGERS e sul deterioramento cognitivo<\/strong><\/h2>\n\n\n\n<div style=\"height:20px\" aria-hidden=\"true\" class=\"wp-block-spacer\"><\/div>\n\n\n\n<div class=\"wp-block-pb-accordion-item c-accordion__item js-accordion-item no-js\" data-initially-open=\"false\" data-click-to-close=\"true\" data-auto-close=\"true\" data-scroll=\"false\" data-scroll-offset=\"0\" id=\"trabajarneuronup\"><h3 id=\"at-514770\" class=\"c-accordion__title js-accordion-controller\" role=\"button\">1. Che cos\u2019\u00e8 il progetto LATAM-FINGERS?<\/h3><div id=\"ac-514770\" class=\"c-accordion__content\">\n<p class=\"wp-block-paragraph\">LATAM-FINGERS \u00e8 un\u2019iniziativa di ricerca pionieristica in America Latina dedicata alla prevenzione del deterioramento cognitivo attraverso un intervento multidominio. Questo programma sistematico affronta contemporaneamente diversi ambiti: alimentazione, attivit\u00e0 fisica, allenamento cognitivo, controllo dei fattori di rischio vascolare e supporto alla socializzazione.<br><\/p>\n<\/div><\/div>\n\n\n\n<div class=\"wp-block-pb-accordion-item c-accordion__item js-accordion-item no-js\" data-initially-open=\"false\" data-click-to-close=\"true\" data-auto-close=\"true\" data-scroll=\"false\" data-scroll-offset=\"0\" id=\"trabajarneuronup\"><h3 id=\"at-514771\" class=\"c-accordion__title js-accordion-controller\" role=\"button\">2. Quali sono stati i risultati dello studio LATAM-FINGERS pubblicato su The Lancet?<\/h3><div id=\"ac-514771\" class=\"c-accordion__content\">\n<p class=\"wp-block-paragraph\">Lo studio clinico multicentrico pubblicato su The Lancet ha dimostrato che gli adulti anziani sottoposti all\u2019intervento sistematico e strutturato hanno ottenuto miglioramenti significativamente maggiori nelle prestazioni cognitive globali rispetto a coloro che avevano ricevuto soltanto consigli sanitari flessibili. \u00c8 stato inoltre dimostrato che questo tipo di intervento \u00e8 fattibile e sicuro nel contesto latinoamericano, con un\u2019aderenza media del 71,6%.<\/p>\n<\/div><\/div>\n\n\n\n<div class=\"wp-block-pb-accordion-item c-accordion__item js-accordion-item no-js\" data-initially-open=\"false\" data-click-to-close=\"true\" data-auto-close=\"true\" data-scroll=\"false\" data-scroll-offset=\"0\" id=\"videosneuronup\"><h3 id=\"at-514772\" class=\"c-accordion__title js-accordion-controller\" role=\"button\">3. Che cos\u2019\u00e8 un intervento multidominio in neuropsicologia?<\/h3><div id=\"ac-514772\" class=\"c-accordion__content\">\n<p class=\"wp-block-paragraph\">Un intervento multidominio \u00e8 un approccio terapeutico e preventivo che non si concentra su un\u2019unica area, ma agisce contemporaneamente su molteplici fattori di rischio modificabili. Nell\u2019ambito della salute cerebrale, combina esercizio fisico, alimentazione, controllo medico e stimolazione cognitiva strutturata per massimizzare la protezione dal deterioramento cognitivo.<br><\/p>\n<\/div><\/div>\n\n\n\n<div class=\"wp-block-pb-accordion-item c-accordion__item js-accordion-item no-js\" data-initially-open=\"false\" data-click-to-close=\"true\" data-auto-close=\"true\" data-scroll=\"false\" data-scroll-offset=\"0\" id=\"formaciongratuita\"><h3 id=\"at-514773\" class=\"c-accordion__title js-accordion-controller\" role=\"button\">4. In che modo la tecnologia digitale aiuta a prevenire il deterioramento cognitivo?<\/h3><div id=\"ac-514773\" class=\"c-accordion__content\">\n<p class=\"wp-block-paragraph\">Le piattaforme digitali di neuroriabilitazione e stimolazione cognitiva, come NeuronUP, sono fondamentali per standardizzare gli esercizi, registrare l\u2019utilizzo e favorire l\u2019aderenza degli utenti. Questi strumenti consentono ai professionisti clinici di misurare con precisione i risultati, adattare le sessioni alle esigenze di ogni paziente e rendere gli interventi preventivi molto pi\u00f9 scalabili e sostenibili nel tempo.<br><\/p>\n<\/div><\/div>\n<\/div><\/div>\n\n\n\n\n<div style=\"height:50px\" aria-hidden=\"true\" class=\"wp-block-spacer\"><\/div>\n\n\n\n<h3 class=\"wp-block-heading\">Se ti \u00e8 piaciuto questo articolo sull\u2019<strong>intervista a Jes\u00fas M. Cort\u00e9s: LATAM-FINGERS e l\u2019opportunit\u00e0 di prevenire il deterioramento cognitivo dall\u2019America Latina<\/strong>, probabilmente ti interesseranno anche questi articoli di NeuronUP:<\/h3>\n\n\n<div class=\"mai-grid entries entries-grid has-boxed has-image-full\" style=\"--entry-title-font-size:var(--font-size-lg);--align-text:start;--entry-meta-text-align:start;\"><div class=\"entries-wrap has-columns\" style=\"--columns-xs:1 \/ 1;--columns-sm:1 \/ 1;--columns-md:1 \/ 3;--columns-lg:1 \/ 3;--flex-xs:0 0 var(--flex-basis);--flex-sm:0 0 var(--flex-basis);--flex-md:0 0 var(--flex-basis);--flex-lg:0 0 var(--flex-basis);--column-gap:var(--spacing-lg);--row-gap:var(--spacing-lg);--align-columns:start;\"><article class=\"entry entry-grid is-column has-entry-link has-image has-image-first type-post category-linee-di-ricerca tag-malattia-di-alzheimer tag-ricerca\" style=\"--entry-index:1;\" aria-label=\"Biomarcatori del sangue e Alzheimer: come il p-tau217 consente di prevedere la comparsa dei sintomi\" itemscope itemtype=\"https:\/\/schema.org\/CreativeWork\"><a class=\"entry-image-link\" href=\"https:\/\/neuronup.com\/it\/ricerca\/linee-di-ricerca\/biomarcatori-sanguinei-e-alzheimer-come-il-p-tau217-permette-di-prevedere-l-esordio-dei-sintomi\/\" tabindex=\"-1\" aria-hidden=\"true\"><img decoding=\"async\" width=\"400\" height=\"300\" src=\"https:\/\/neuronup.com\/it\/wp-content\/uploads\/2026\/08\/Biomarcadores-sanguineos-y-alzheimer-como-el-p-tau217-permite-predecir-la-aparicion-de-sintomas-400x300.webp\" class=\"entry-image size-landscape-sm\" alt=\"Biomarcatori ematici e Alzheimer: come il p-tau217 consente di prevedere la comparsa dei sintomi.\" srcset=\"https:\/\/neuronup.com\/it\/wp-content\/uploads\/2026\/08\/Biomarcadores-sanguineos-y-alzheimer-como-el-p-tau217-permite-predecir-la-aparicion-de-sintomas-400x300.webp 400w, https:\/\/neuronup.com\/it\/wp-content\/uploads\/2026\/08\/Biomarcadores-sanguineos-y-alzheimer-como-el-p-tau217-permite-predecir-la-aparicion-de-sintomas-800x600.webp 800w\" sizes=\"(max-width:599px) 599px, (min-width:600px) and (max-width: 799px) 799px, (min-width:800px) and (max-width: 999px) 333px, (min-width:1000px) 400px\" \/><\/a><div class=\"entry-wrap entry-wrap-grid\"><h3 class=\"entry-title\" itemprop=\"headline\"><a class=\"entry-title-link\" href=\"https:\/\/neuronup.com\/it\/ricerca\/linee-di-ricerca\/biomarcatori-sanguinei-e-alzheimer-come-il-p-tau217-permette-di-prevedere-l-esordio-dei-sintomi\/\" rel=\"bookmark\">Biomarcatori del sangue e Alzheimer: come il p-tau217 consente di prevedere la comparsa dei sintomi<\/a><\/h3>\n<\/div><\/article><article class=\"entry entry-grid is-column has-entry-link has-image has-image-first type-post category-linee-di-ricerca tag-malattia-di-alzheimer tag-malattie-neurodegenerative tag-ricerca\" style=\"--entry-index:2;\" aria-label=\"Vaccino antinfluenzale ad alto dosaggio e malattia di Alzheimer: pu\u00f2 ridurre il rischio negli anziani?\" itemscope itemtype=\"https:\/\/schema.org\/CreativeWork\"><a class=\"entry-image-link\" href=\"https:\/\/neuronup.com\/it\/ricerca\/linee-di-ricerca\/vaccino-influenzale-dose-alta-e-malattia-di-alzheimer-potrebbe-ridurre-il-rischio-negli-anziani\/\" tabindex=\"-1\" aria-hidden=\"true\"><img decoding=\"async\" width=\"400\" height=\"300\" src=\"https:\/\/neuronup.com\/it\/wp-content\/uploads\/2026\/08\/Vacuna-de-la-gripe-de-alta-dosis-y-enfermedad-de-Alzheimer-\u00bfpuede-reducir-el-riesgo-en-adultos-mayores-400x300.webp\" class=\"entry-image size-landscape-sm\" alt=\"Vaccino antinfluenzale ad alto dosaggio e malattia di Alzheimer: pu\u00f2 ridurre il rischio negli anziani?\" srcset=\"https:\/\/neuronup.com\/it\/wp-content\/uploads\/2026\/08\/Vacuna-de-la-gripe-de-alta-dosis-y-enfermedad-de-Alzheimer-\u00bfpuede-reducir-el-riesgo-en-adultos-mayores-400x300.webp 400w, https:\/\/neuronup.com\/it\/wp-content\/uploads\/2026\/08\/Vacuna-de-la-gripe-de-alta-dosis-y-enfermedad-de-Alzheimer-\u00bfpuede-reducir-el-riesgo-en-adultos-mayores-800x600.webp 800w\" sizes=\"(max-width:599px) 599px, (min-width:600px) and (max-width: 799px) 799px, (min-width:800px) and (max-width: 999px) 333px, (min-width:1000px) 400px\" \/><\/a><div class=\"entry-wrap entry-wrap-grid\"><h3 class=\"entry-title\" itemprop=\"headline\"><a class=\"entry-title-link\" href=\"https:\/\/neuronup.com\/it\/ricerca\/linee-di-ricerca\/vaccino-influenzale-dose-alta-e-malattia-di-alzheimer-potrebbe-ridurre-il-rischio-negli-anziani\/\" rel=\"bookmark\">Vaccino antinfluenzale ad alto dosaggio e malattia di Alzheimer: pu\u00f2 ridurre il rischio negli anziani?<\/a><\/h3>\n<\/div><\/article><article class=\"entry entry-grid is-column has-entry-link has-image has-image-first type-post category-linee-di-ricerca tag-malattia-di-alzheimer tag-malattie-neurodegenerative tag-ricerca\" style=\"--entry-index:3;\" aria-label=\"Prevalenza della patologia di Alzheimer nella popolazione generale: cosa ci dicono i biomarcatori nel sangue?\" itemscope itemtype=\"https:\/\/schema.org\/CreativeWork\"><a class=\"entry-image-link\" href=\"https:\/\/neuronup.com\/it\/ricerca\/linee-di-ricerca\/prevalenza-della-patologia-di-alzheimer-nella-popolazione-generale-cosa-ci-dicono-i-biomarcatori-nel-sangue\/\" tabindex=\"-1\" aria-hidden=\"true\"><img decoding=\"async\" width=\"400\" height=\"300\" src=\"https:\/\/neuronup.com\/it\/wp-content\/uploads\/2026\/08\/p-tau217-y-alzheimer-como-los-biomarcadores-en-sangre-detectan-cambios-antes-de-los-sintomas-400x300.webp\" class=\"entry-image size-landscape-sm\" alt=\"Prevalenza della patologia di Alzheimer nella popolazione generale\" srcset=\"https:\/\/neuronup.com\/it\/wp-content\/uploads\/2026\/08\/p-tau217-y-alzheimer-como-los-biomarcadores-en-sangre-detectan-cambios-antes-de-los-sintomas-400x300.webp 400w, https:\/\/neuronup.com\/it\/wp-content\/uploads\/2026\/08\/p-tau217-y-alzheimer-como-los-biomarcadores-en-sangre-detectan-cambios-antes-de-los-sintomas-800x600.webp 800w\" sizes=\"(max-width:599px) 599px, (min-width:600px) and (max-width: 799px) 799px, (min-width:800px) and (max-width: 999px) 333px, (min-width:1000px) 400px\" \/><\/a><div class=\"entry-wrap entry-wrap-grid\"><h3 class=\"entry-title\" itemprop=\"headline\"><a class=\"entry-title-link\" href=\"https:\/\/neuronup.com\/it\/ricerca\/linee-di-ricerca\/prevalenza-della-patologia-di-alzheimer-nella-popolazione-generale-cosa-ci-dicono-i-biomarcatori-nel-sangue\/\" rel=\"bookmark\">Prevalenza della patologia di Alzheimer nella popolazione generale: cosa ci dicono i biomarcatori nel sangue?<\/a><\/h3>\n<\/div><\/article><article class=\"entry entry-grid is-column has-entry-link has-image has-image-first type-post category-linee-di-ricerca tag-ricerca tag-sclerosi-multipla\" style=\"--entry-index:4;\" aria-label=\"NeuronUP in una revisione internazionale sulle tecnologie di riabilitazione cognitiva nella sclerosi multipla\" itemscope itemtype=\"https:\/\/schema.org\/CreativeWork\"><a class=\"entry-image-link\" href=\"https:\/\/neuronup.com\/it\/ricerca\/linee-di-ricerca\/neuronup-in-una-revisione-internazionale-sulle-tecnologie-di-riabilitazione-cognitiva-nella-sclerosi-multipla\/\" tabindex=\"-1\" aria-hidden=\"true\"><img decoding=\"async\" width=\"400\" height=\"300\" src=\"https:\/\/neuronup.com\/it\/wp-content\/uploads\/2026\/08\/NeuronUP-en-una-revision-internacional-sobre-tecnologias-de-rehabilitacion-cognitiva-en-esclerosis-multiple-400x300.webp\" class=\"entry-image size-landscape-sm\" alt=\"NeuronUP in una revisione internazionale sulle tecnologie di riabilitazione cognitiva nella sclerosi multipla.\" srcset=\"https:\/\/neuronup.com\/it\/wp-content\/uploads\/2026\/08\/NeuronUP-en-una-revision-internacional-sobre-tecnologias-de-rehabilitacion-cognitiva-en-esclerosis-multiple-400x300.webp 400w, https:\/\/neuronup.com\/it\/wp-content\/uploads\/2026\/08\/NeuronUP-en-una-revision-internacional-sobre-tecnologias-de-rehabilitacion-cognitiva-en-esclerosis-multiple-800x600.webp 800w, https:\/\/neuronup.com\/it\/wp-content\/uploads\/2026\/08\/NeuronUP-en-una-revision-internacional-sobre-tecnologias-de-rehabilitacion-cognitiva-en-esclerosis-multiple-1200x900.webp 1200w\" sizes=\"(max-width:599px) 599px, (min-width:600px) and (max-width: 799px) 799px, (min-width:800px) and (max-width: 999px) 333px, (min-width:1000px) 400px\" \/><\/a><div class=\"entry-wrap entry-wrap-grid\"><h3 class=\"entry-title\" itemprop=\"headline\"><a class=\"entry-title-link\" href=\"https:\/\/neuronup.com\/it\/ricerca\/linee-di-ricerca\/neuronup-in-una-revisione-internazionale-sulle-tecnologie-di-riabilitazione-cognitiva-nella-sclerosi-multipla\/\" rel=\"bookmark\">NeuronUP in una revisione internazionale sulle tecnologie di riabilitazione cognitiva nella sclerosi multipla<\/a><\/h3>\n<\/div><\/article><article class=\"entry entry-grid is-column has-entry-link has-image has-image-first type-post category-linee-di-ricerca tag-malattia-di-alzheimer tag-malattie-neurodegenerative tag-ricerca\" style=\"--entry-index:5;\" aria-label=\"Gli anticorpi anti-amiloide funzionano davvero per l\u2019Alzheimer? Evidenze, benefici e rischi\" itemscope itemtype=\"https:\/\/schema.org\/CreativeWork\"><a class=\"entry-image-link\" href=\"https:\/\/neuronup.com\/it\/ricerca\/linee-di-ricerca\/funzionano-davvero-gli-anticorpi-antiamiloide-per-l-alzheimer-evidenze-benefici-rischi\/\" tabindex=\"-1\" aria-hidden=\"true\"><img decoding=\"async\" width=\"400\" height=\"300\" src=\"https:\/\/neuronup.com\/it\/wp-content\/uploads\/2026\/08\/Funcionan-realmente-los-anticuerpos-antiamiloide-para-el-alzheimer-400x300.webp\" class=\"entry-image size-landscape-sm\" alt=\"Gli anticorpi anti-amiloide funzionano davvero per l\u2019Alzheimer?\" srcset=\"https:\/\/neuronup.com\/it\/wp-content\/uploads\/2026\/08\/Funcionan-realmente-los-anticuerpos-antiamiloide-para-el-alzheimer-400x300.webp 400w, https:\/\/neuronup.com\/it\/wp-content\/uploads\/2026\/08\/Funcionan-realmente-los-anticuerpos-antiamiloide-para-el-alzheimer-800x600.webp 800w\" sizes=\"(max-width:599px) 599px, (min-width:600px) and (max-width: 799px) 799px, (min-width:800px) and (max-width: 999px) 333px, (min-width:1000px) 400px\" \/><\/a><div class=\"entry-wrap entry-wrap-grid\"><h3 class=\"entry-title\" itemprop=\"headline\"><a class=\"entry-title-link\" href=\"https:\/\/neuronup.com\/it\/ricerca\/linee-di-ricerca\/funzionano-davvero-gli-anticorpi-antiamiloide-per-l-alzheimer-evidenze-benefici-rischi\/\" rel=\"bookmark\">Gli anticorpi anti-amiloide funzionano davvero per l\u2019Alzheimer? Evidenze, benefici e rischi<\/a><\/h3>\n<\/div><\/article><article class=\"entry entry-grid is-column has-entry-link has-image has-image-first type-post category-linee-di-ricerca tag-neuroscienze tag-ricerca tag-stimolazione-cognitiva\" style=\"--entry-index:6;\" aria-label=\"Intervista a Jes\u00fas M. Cort\u00e9s: LATAM-FINGERS e l\u2019opportunit\u00e0 di prevenire il deterioramento cognitivo dall\u2019America Latina\" itemscope itemtype=\"https:\/\/schema.org\/CreativeWork\"><a class=\"entry-image-link\" href=\"https:\/\/neuronup.com\/it\/ricerca\/linee-di-ricerca\/intervista-a-jesus-m-cortes-latam-fingers-e-l-opportunita-di-prevenire-il-deterioramento-cognitivo-dall-america-latina\/\" tabindex=\"-1\" aria-hidden=\"true\"><img decoding=\"async\" width=\"400\" height=\"300\" src=\"https:\/\/neuronup.com\/it\/wp-content\/uploads\/2026\/08\/it-Entrevista-a-Jesus-M.-Cortes-LATAM-FINGERS-y-la-oportunidad-de-prevenir-el-deter-400x300.webp\" class=\"entry-image size-landscape-sm\" alt=\"Intervista a Jes\u00fas M. Cort\u00e9s su LATAM-FINGERS e sull\u2019opportunit\u00e0 di prevenire il deterioramento cognitivo dall\u2019America Latina.\" srcset=\"https:\/\/neuronup.com\/it\/wp-content\/uploads\/2026\/08\/it-Entrevista-a-Jesus-M.-Cortes-LATAM-FINGERS-y-la-oportunidad-de-prevenir-el-deter-400x300.webp 400w, https:\/\/neuronup.com\/it\/wp-content\/uploads\/2026\/08\/it-Entrevista-a-Jesus-M.-Cortes-LATAM-FINGERS-y-la-oportunidad-de-prevenir-el-deter-800x600.webp 800w\" sizes=\"(max-width:599px) 599px, (min-width:600px) and (max-width: 799px) 799px, (min-width:800px) and (max-width: 999px) 333px, (min-width:1000px) 400px\" \/><\/a><div class=\"entry-wrap entry-wrap-grid\"><h3 class=\"entry-title\" itemprop=\"headline\"><a class=\"entry-title-link\" href=\"https:\/\/neuronup.com\/it\/ricerca\/linee-di-ricerca\/intervista-a-jesus-m-cortes-latam-fingers-e-l-opportunita-di-prevenire-il-deterioramento-cognitivo-dall-america-latina\/\" rel=\"bookmark\">Intervista a Jes\u00fas M. Cort\u00e9s: LATAM-FINGERS e l\u2019opportunit\u00e0 di prevenire il deterioramento cognitivo dall\u2019America Latina<\/a><\/h3>\n<\/div><\/article><\/div><\/div>","protected":false},"excerpt":{"rendered":"<p>LATAM-FINGERS ha trasformato la prevenzione del deterioramento cognitivo in una conversazione regionale, collaborativa e scientificamente ambiziosa. In questa intervista, Jes\u00fas M. Cort\u00e9s analizza perch\u00e9 l\u2019iniziativa segna un prima e un dopo per l\u2019America Latina e quale ruolo NeuronUP potrebbe esplorare come partner tecnologico e scientifico. Un dialogo tra ricerca clinica e tecnologia digitale Nel campo &hellip;<\/p>\n","protected":false},"author":238,"featured_media":900000598,"comment_status":"open","ping_status":"open","sticky":false,"template":"","format":"standard","meta":{"_acf_changed":false,"_genesis_hide_title":false,"_genesis_hide_breadcrumbs":false,"_genesis_hide_singular_image":false,"_genesis_hide_footer_widgets":false,"_genesis_custom_body_class":"","_genesis_custom_post_class":"","_genesis_layout":"","footnotes":""},"categories":[452],"tags":[445,370,156],"class_list":["type-post","category-linee-di-ricerca","tag-neuroscienze","tag-ricerca","tag-stimolazione-cognitiva","entry"],"acf":[],"_links":{"self":[{"href":"https:\/\/neuronup.com\/it\/wp-json\/wp\/v2\/posts\/900000599","targetHints":{"allow":["GET"]}}],"collection":[{"href":"https:\/\/neuronup.com\/it\/wp-json\/wp\/v2\/posts"}],"about":[{"href":"https:\/\/neuronup.com\/it\/wp-json\/wp\/v2\/types\/post"}],"author":[{"embeddable":true,"href":"https:\/\/neuronup.com\/it\/wp-json\/wp\/v2\/users\/238"}],"replies":[{"embeddable":true,"href":"https:\/\/neuronup.com\/it\/wp-json\/wp\/v2\/comments?post=900000599"}],"version-history":[{"count":3,"href":"https:\/\/neuronup.com\/it\/wp-json\/wp\/v2\/posts\/900000599\/revisions"}],"predecessor-version":[{"id":900000691,"href":"https:\/\/neuronup.com\/it\/wp-json\/wp\/v2\/posts\/900000599\/revisions\/900000691"}],"wp:featuredmedia":[{"embeddable":true,"href":"https:\/\/neuronup.com\/it\/wp-json\/wp\/v2\/media\/900000598"}],"wp:attachment":[{"href":"https:\/\/neuronup.com\/it\/wp-json\/wp\/v2\/media?parent=900000599"}],"wp:term":[{"taxonomy":"category","embeddable":true,"href":"https:\/\/neuronup.com\/it\/wp-json\/wp\/v2\/categories?post=900000599"},{"taxonomy":"post_tag","embeddable":true,"href":"https:\/\/neuronup.com\/it\/wp-json\/wp\/v2\/tags?post=900000599"}],"curies":[{"name":"wp","href":"https:\/\/api.w.org\/{rel}","templated":true}]}}