
{"id":900000590,"date":"2026-08-28T09:37:04","date_gmt":"2026-08-28T07:37:04","guid":{"rendered":"https:\/\/neuronup.com\/it\/?p=900000590"},"modified":"2026-08-28T12:59:11","modified_gmt":"2026-08-28T10:59:11","slug":"la-respirazione-come-modulatore-della-percezione-visiva-e-dell-attivita-cerebrale","status":"publish","type":"post","link":"https:\/\/neuronup.com\/it\/ricerca\/la-respirazione-come-modulatore-della-percezione-visiva-e-dell-attivita-cerebrale\/","title":{"rendered":"La respirazione come modulatrice della percezione visiva e dell\u2019attivit\u00e0 cerebrale"},"content":{"rendered":"\n<p class=\"has-xl-font-size wp-block-paragraph\"><strong>Marta Arbizu G\u00f3mez<\/strong> analizza uno studio pubblicato su <strong>Nature Communications<\/strong> che esplora come la <strong>respirazione<\/strong> moduli la <strong>percezione visiva<\/strong>, l\u2019<strong>eccitabilit\u00e0 corticale<\/strong> e l\u2019<strong>attivazione cerebrale<\/strong>. La ricerca apporta nuove evidenze sul ruolo della respirazione nella <strong>cognizione<\/strong> e sulla sua possibile applicazione nelle strategie di <strong>riabilitazione cognitiva<\/strong> e <strong>stimolazione cognitiva<\/strong>.<\/p>\n\n\n\n<div class=\"wp-block-group\"><div class=\"wp-block-group__inner-container is-layout-constrained wp-block-group-is-layout-constrained\">\n<p class=\"has-text-align-center br-0101 has-heading-color has-alt-background-color has-text-color has-background has-link-color wp-elements-1 has-xl-margin-top has-xxl-margin-bottom wp-block-paragraph\">Marta Arbizu G\u00f3mez analizza uno studio pubblicato su <strong>Nature Communications<\/strong> che dimostra come la <strong>respirazione<\/strong> moduli la <strong>percezione visiva<\/strong> e l\u2019<strong>attivit\u00e0 cerebrale<\/strong>. I risultati mostrano che la <strong>sensibilit\u00e0 percettiva<\/strong> aumenta durante l\u2019<strong>inspirazione<\/strong>, momento in cui il cervello presenta una maggiore <strong>attivazione<\/strong> ed <strong>eccitabilit\u00e0 corticale<\/strong>. Inoltre, i partecipanti hanno adattato la respirazione per ottimizzare la prestazione, rafforzando l\u2019idea che la <strong>cognizione<\/strong> emerga dall\u2019interazione dinamica tra <strong>corpo e cervello<\/strong>.<\/p>\n<\/div><\/div>\n\n\n\n<h2 class=\"wp-block-heading\">La respirazione pu\u00f2 influenzare il modo in cui percepiamo il mondo?<\/h2>\n\n\n\n<p class=\"wp-block-paragraph\">La respirazione \u00e8 un processo automatico che svolgiamo migliaia di volte al giorno senza prestarvi attenzione. Tuttavia, sono sempre pi\u00f9 numerose le evidenze secondo cui non mantiene soltanto le funzioni vitali, ma <strong>influisce direttamente sull\u2019<\/strong><a href=\"https:\/\/neuronup.com\/it\/stimolazione-e-riabilitazione-cognitiva\/tdcs-nella-riabilitazione-neurale-come-adattare-la-stimolazione-cerebrale-secondo-l-eta-di-ogni-persona\/\"><strong>attivit\u00e0 cerebrale<\/strong><\/a><strong> e sul comportamento<\/strong>.<\/p>\n\n\n\n<p class=\"wp-block-paragraph\">In particolare, studi recenti suggeriscono che la respirazione potrebbe agire come un meccanismo di \u201csincronizzazione\u201d tra corpo e cervello, modulando processi quali attenzione, percezione e presa di decisioni.<\/p>\n\n\n\n<p class=\"wp-block-paragraph\">Lo studio pubblicato su <em>Nature Communications<\/em> nel 2026 approfondisce questa idea e pone una questione chiave:<br>La respirazione pu\u00f2 migliorare attivamente la nostra capacit\u00e0 di percepire gli stimoli?<\/p>\n\n\n\n<h2 class=\"wp-block-heading\">Come \u00e8 stata condotta la ricerca?<\/h2>\n\n\n\n<p class=\"wp-block-paragraph\">Per rispondere a questa domanda, i ricercatori hanno analizzato simultaneamente tre tipi di segnali in 30 partecipanti sani:<\/p>\n\n\n\n<ul class=\"wp-block-list\">\n<li>Attivit\u00e0 cerebrale (mediante magnetoencefalografia, MEG)<\/li>\n\n\n\n<li>Ritmo respiratorio<\/li>\n\n\n\n<li>Dilatazione pupillare (indicatore di attivazione o <em>arousal<\/em>)<\/li>\n<\/ul>\n\n\n\n<p class=\"wp-block-paragraph\">Durante l\u2019esperimento, i partecipanti svolgevano un semplice compito visivo:<br>dovevano rilevare stimoli molto deboli (quasi impercettibili) che comparivano sullo schermo.<\/p>\n\n\n\n<p class=\"wp-block-paragraph\">Inoltre, la <strong>prevedibilit\u00e0 dello stimolo<\/strong> \u00e8 stata manipolata mediante:<\/p>\n\n\n\n<ul class=\"wp-block-list\">\n<li>Indizi spaziali (dove sarebbe comparso)<\/li>\n\n\n\n<li>Indizi temporali (quando sarebbe comparso)<\/li>\n<\/ul>\n\n\n\n<p class=\"wp-block-paragraph\">Questo disegno ha permesso di analizzare come interagiscono respirazione, cervello e comportamento in condizioni controllate.<\/p>\n\n\n\n<div style=\"height:50px\" aria-hidden=\"true\" class=\"wp-block-spacer\"><\/div>\n\n\n\n<div class=\"wp-block-group br-0111 has-primary-background-color has-background has-dark-background has-sm-padding-top has-sm-padding-left has-sm-padding-right has-xxl-margin-top\"><div class=\"wp-block-group__inner-container is-layout-constrained wp-block-group-is-layout-constrained\">\n<div class=\"wp-block-columns is-layout-flex wp-container-core-columns-is-layout-8f761849 wp-block-columns-is-layout-flex\">\n<div class=\"wp-block-column is-layout-flow wp-block-column-is-layout-flow\">\n<figure class=\"wp-block-image size-full desktop-position-absolute desktop-bottom-0 mobile-width-50 mobile-m-inline-auto has-xl-margin-top\"><img decoding=\"async\" src=\"https:\/\/neuronup.com\/it\/wp-content\/uploads\/2022\/v3\/producto-certificado.webp\" alt=\"\" class=\"wp-image-31568\"><\/figure>\n<\/div>\n\n\n\n<div class=\"wp-block-column is-layout-flow wp-block-column-is-layout-flow\">\n<h2 class=\"wp-block-heading has-white-color has-text-color\"><strong>Iscriviti<\/strong> <br>alla nostra <br>Newsletter<\/h2>\n\n\n\n<div class=\"wp-block-buttons is-layout-flex wp-block-buttons-is-layout-flex\">\n<div class=\"wp-block-button--1\" style=\"--button-outline-color:var(--color-white);--button-outline-color-hover:rgba(0,0,0,0.8);\"><a class=\"wp-block-button__link button button-outline   wp-element-button\" href=\"https:\/\/neuronup.com\/it\/newsletter\/\">Iscriviti<\/a><\/div>\n\n<\/div>\n\n\n\n<div style=\"height:40px\" aria-hidden=\"true\" class=\"wp-block-spacer\"><\/div>\n<\/div>\n<\/div>\n<\/div><\/div>\n\n\n\n\n<div style=\"height:50px\" aria-hidden=\"true\" class=\"wp-block-spacer\"><\/div>\n\n\n\n<h2 class=\"wp-block-heading\">Cosa rivelano i risultati principali?<\/h2>\n\n\n\n<h3 class=\"wp-block-heading\">1. Percepiamo meglio durante l\u2019inspirazione<\/h3>\n\n\n\n<p class=\"wp-block-paragraph\">Uno dei risultati pi\u00f9 importanti \u00e8 che la percezione visiva <strong>non \u00e8 costante lungo il ciclo respiratorio<\/strong>.<\/p>\n\n\n\n<ul class=\"wp-block-list\">\n<li>La sensibilit\u00e0 \u00e8 maggiore durante la <strong>fase di inspirazione (inalazione)<\/strong><\/li>\n\n\n\n<li>In quel momento, i partecipanti rilevano meglio gli stimoli deboli<\/li>\n<\/ul>\n\n\n\n<p class=\"wp-block-paragraph\">Ci\u00f2 implica che il cervello si trovi in uno stato pi\u00f9 \u201cricettivo\u201d durante l\u2019inalazione.<\/p>\n\n\n\n<div style=\"height:50px\" aria-hidden=\"true\" class=\"wp-block-spacer\"><\/div>\n\n\n<div class=\"wp-block-image image-interface\">\n<figure class=\"aligncenter size-full\"><img decoding=\"async\" width=\"1049\" height=\"1008\" src=\"https:\/\/neuronup.com\/it\/wp-content\/uploads\/2026\/08\/it-La-percepcion-visual-fluctua-a-lo-largo-del-ciclo-respiratorio.webp\" alt=\"\" class=\"wp-image-900000587\" srcset=\"https:\/\/neuronup.com\/it\/wp-content\/uploads\/2026\/08\/it-La-percepcion-visual-fluctua-a-lo-largo-del-ciclo-respiratorio-300x288.webp 300w, https:\/\/neuronup.com\/it\/wp-content\/uploads\/2026\/08\/it-La-percepcion-visual-fluctua-a-lo-largo-del-ciclo-respiratorio-768x738.webp 768w, https:\/\/neuronup.com\/it\/wp-content\/uploads\/2026\/08\/it-La-percepcion-visual-fluctua-a-lo-largo-del-ciclo-respiratorio-1024x984.webp 1024w, https:\/\/neuronup.com\/it\/wp-content\/uploads\/2026\/08\/it-La-percepcion-visual-fluctua-a-lo-largo-del-ciclo-respiratorio.webp 1049w\" sizes=\"(max-width: 1049px) 100vw, 1049px\" \/><figcaption class=\"wp-element-caption\"><strong>Figura 1. La percezione visiva varia lungo il ciclo respiratorio. <\/strong>Adattato da Chalas et al., <em>Nature Communications<\/em> (2026).<br><\/figcaption><\/figure>\n<\/div>\n\n\n<div style=\"height:50px\" aria-hidden=\"true\" class=\"wp-block-spacer\"><\/div>\n\n\n\n<p class=\"wp-block-paragraph\">La sensibilit\u00e0 nel rilevare gli stimoli visivi \u00e8 maggiore durante la fase di inspirazione (in), durante la quale la soglia percettiva diminuisce. Ci\u00f2 indica che il cervello si trova in uno stato pi\u00f9 favorevole all\u2019elaborazione delle informazioni sensoriali durante l\u2019inalazione.&nbsp;<\/p>\n\n\n\n<h3 class=\"wp-block-heading\">2. Adattiamo la respirazione per migliorare la prestazione<\/h3>\n\n\n\n<p class=\"wp-block-paragraph\">Lo studio dimostra qualcosa di ancora pi\u00f9 interessante:<\/p>\n\n\n\n<p class=\"wp-block-paragraph\">I partecipanti <strong>adattavano la respirazione<\/strong> quando potevano prevedere lo stimolo.<\/p>\n\n\n\n<ul class=\"wp-block-list\">\n<li>Sincronizzavano l\u2019inspirazione con il momento in cui sarebbe comparso<\/li>\n\n\n\n<li>Quanto migliore era questa sincronizzazione \u2192 migliore era la prestazione<\/li>\n<\/ul>\n\n\n\n<p class=\"wp-block-paragraph\">Ci\u00f2 suggerisce che la respirazione faccia parte di un processo attivo per ottimizzare la percezione.<\/p>\n\n\n\n<div style=\"height:49px\" aria-hidden=\"true\" class=\"wp-block-spacer\"><\/div>\n\n\n<div class=\"wp-block-image image-interface\">\n<figure class=\"aligncenter size-full\"><img decoding=\"async\" width=\"1521\" height=\"704\" src=\"https:\/\/neuronup.com\/it\/wp-content\/uploads\/2026\/08\/it-Adaptacion-de-la-respiracion-a-las-demandas-de-la-tarea.webp\" alt=\"\" class=\"wp-image-900000588\" srcset=\"https:\/\/neuronup.com\/it\/wp-content\/uploads\/2026\/08\/it-Adaptacion-de-la-respiracion-a-las-demandas-de-la-tarea-300x139.webp 300w, https:\/\/neuronup.com\/it\/wp-content\/uploads\/2026\/08\/it-Adaptacion-de-la-respiracion-a-las-demandas-de-la-tarea-768x355.webp 768w, https:\/\/neuronup.com\/it\/wp-content\/uploads\/2026\/08\/it-Adaptacion-de-la-respiracion-a-las-demandas-de-la-tarea-1024x474.webp 1024w, https:\/\/neuronup.com\/it\/wp-content\/uploads\/2026\/08\/it-Adaptacion-de-la-respiracion-a-las-demandas-de-la-tarea.webp 1521w\" sizes=\"(max-width: 1521px) 100vw, 1521px\" \/><figcaption class=\"wp-element-caption\"><strong>Figura 2. Adattamento della respirazione alle richieste del compito. <\/strong>Adattato da Chalas et al., <em>Nature Communications<\/em> (2026).<\/figcaption><\/figure>\n<\/div>\n\n\n<div style=\"height:49px\" aria-hidden=\"true\" class=\"wp-block-spacer\"><\/div>\n\n\n\n<p class=\"wp-block-paragraph\">I partecipanti hanno adattato il ritmo respiratorio per allineare la fase di inspirazione alla comparsa di stimoli prevedibili. Quanto maggiore era questo adattamento, tanto migliore era la loro prestazione nel compito percettivo.<\/p>\n\n\n\n<h3 class=\"wp-block-heading\">3. La respirazione modula lo stato del cervello<\/h3>\n\n\n\n<p class=\"wp-block-paragraph\">I cambiamenti nella percezione sono correlati a due meccanismi chiave:<\/p>\n\n\n\n<h4 class=\"wp-block-heading\">Attivazione (arousal)<\/h4>\n\n\n\n<ul class=\"wp-block-list\">\n<li>Misurata attraverso la pupilla<\/li>\n\n\n\n<li>Maggiore dilatazione durante l\u2019inspirazione<\/li>\n\n\n\n<li>Associata a una migliore prestazione percettiva<\/li>\n<\/ul>\n\n\n\n<h4 class=\"wp-block-heading\">Eccitabilit\u00e0 corticale<\/h4>\n\n\n\n<ul class=\"wp-block-list\">\n<li>Cambiamenti nelle oscillazioni cerebrali:\n<ul class=\"wp-block-list\">\n<li><strong>Alpha (7\u201313 Hz)<\/strong> \u2193 \u2192 maggiore eccitabilit\u00e0 sensoriale<\/li>\n\n\n\n<li><strong>Beta (15\u201340 Hz)<\/strong> \u2193 \u2192 preparazione motoria<\/li>\n<\/ul>\n<\/li>\n<\/ul>\n\n\n\n<p class=\"wp-block-paragraph\">Nel complesso, questi cambiamenti indicano che durante l\u2019inspirazione il cervello si trova in uno stato ottimale per elaborare le informazioni.<\/p>\n\n\n\n<div style=\"height:49px\" aria-hidden=\"true\" class=\"wp-block-spacer\"><\/div>\n\n\n<div class=\"wp-block-image image-interface\">\n<figure class=\"aligncenter size-full\"><img decoding=\"async\" width=\"1152\" height=\"926\" src=\"https:\/\/neuronup.com\/it\/wp-content\/uploads\/2026\/08\/it-Relacion-entre-respiracion-y-activacion-fisiologica.webp\" alt=\"\" class=\"wp-image-900000586\" srcset=\"https:\/\/neuronup.com\/it\/wp-content\/uploads\/2026\/08\/it-Relacion-entre-respiracion-y-activacion-fisiologica-300x241.webp 300w, https:\/\/neuronup.com\/it\/wp-content\/uploads\/2026\/08\/it-Relacion-entre-respiracion-y-activacion-fisiologica-768x617.webp 768w, https:\/\/neuronup.com\/it\/wp-content\/uploads\/2026\/08\/it-Relacion-entre-respiracion-y-activacion-fisiologica-1024x823.webp 1024w, https:\/\/neuronup.com\/it\/wp-content\/uploads\/2026\/08\/it-Relacion-entre-respiracion-y-activacion-fisiologica.webp 1152w\" sizes=\"(max-width: 1152px) 100vw, 1152px\" \/><figcaption class=\"wp-element-caption\"><strong>Figura 3. Relazione tra respirazione e attivazione fisiologica. <\/strong>Adattato da Chalas et al., <em>Nature Communications<\/em> (2026).<\/figcaption><\/figure>\n<\/div>\n\n\n<div style=\"height:49px\" aria-hidden=\"true\" class=\"wp-block-spacer\"><\/div>\n\n\n\n<p class=\"wp-block-paragraph\">La dilatazione pupillare, un indicatore del livello di attivazione cerebrale, varia in funzione della fase respiratoria e aumenta durante l\u2019inspirazione, in concomitanza con una migliore prestazione percettiva.<\/p>\n\n\n\n<h3 class=\"wp-block-heading\">4. La respirazione organizza la comunicazione tra le regioni cerebrali<\/h3>\n\n\n\n<p class=\"wp-block-paragraph\">L\u2019effetto non si limita ad aree specifiche, ma coinvolge un\u2019ampia rete che include:<\/p>\n\n\n\n<ul class=\"wp-block-list\">\n<li>Corteccia visiva<\/li>\n\n\n\n<li>Insula<\/li>\n\n\n\n<li>Corteccia cingolata<\/li>\n\n\n\n<li>Aree motorie<\/li>\n<\/ul>\n\n\n\n<p class=\"wp-block-paragraph\">La respirazione <strong>modula il flusso di informazioni tra queste regioni<\/strong>, facilitando la percezione, soprattutto quando gli stimoli sono prevedibili.<\/p>\n\n\n\n<h2 class=\"wp-block-heading\">Quali implicazioni ha questa scoperta?<\/h2>\n\n\n\n<p class=\"wp-block-paragraph\">Questo studio fornisce solide evidenze del fatto che la respirazione faccia parte di un meccanismo di <strong>\u201cactive sensing\u201d<\/strong> (percezione attiva):<\/p>\n\n\n\n<ul class=\"wp-block-list\">\n<li>Il cervello non reagisce soltanto all\u2019ambiente<\/li>\n\n\n\n<li>Utilizza anche segnali interni (come la respirazione) per ottimizzare la percezione<\/li>\n<\/ul>\n\n\n\n<p class=\"wp-block-paragraph\">In pratica, ci\u00f2 significa che:<\/p>\n\n\n\n<ul class=\"wp-block-list\">\n<li>La percezione dipende tanto dallo stimolo quanto dallo stato corporeo<\/li>\n\n\n\n<li>Corpo e cervello funzionano come un sistema integrato<\/li>\n<\/ul>\n\n\n\n<h2 class=\"wp-block-heading\">Come si collega questo progresso a NeuronUP?<\/h2>\n\n\n\n<p class=\"wp-block-paragraph\">In NeuronUP vengono sviluppati strumenti di riabilitazione cognitiva basati sull\u2019evidenza scientifica. Questo tipo di risultati apre nuove linee di interesse:<\/p>\n\n\n\n<h3 class=\"wp-block-heading\">Integrazione corpo-cervello<\/h3>\n\n\n\n<p class=\"wp-block-paragraph\">La respirazione potrebbe essere incorporata come variabile rilevante nell\u2019intervento cognitivo, soprattutto nei compiti di <a href=\"https:\/\/neuronup.com\/it\/attivita-di-neuroriabilitazione\/attivita-per-le-funzioni-cognitive\/attivita-di-attenzione\/che-cose-lattenzione-definizione-problemi-e-attivita-per-lavorarci\/\">attenzione<\/a> o percezione.<\/p>\n\n\n\n<h3 class=\"wp-block-heading\">Ottimizzazione della prestazione<\/h3>\n\n\n\n<p class=\"wp-block-paragraph\">Allenare la sincronizzazione tra stati fisiologici e compiti cognitivi potrebbe migliorare l\u2019efficacia degli interventi.<\/p>\n\n\n\n<h3 class=\"wp-block-heading\">Nuove strategie terapeutiche<\/h3>\n\n\n\n<p class=\"wp-block-paragraph\">La modulazione della respirazione (ad esempio mediante tecniche di respirazione guidata) potrebbe integrare i programmi di stimolazione cognitiva.<\/p>\n\n\n\n<div style=\"height:50px\" aria-hidden=\"true\" class=\"wp-block-spacer\"><\/div>\n\n\n\n<aside class=\"wp-block-group br-0111 particle-bg has-background has-sm-padding-top has-sm-padding-bottom has-sm-padding-left has-sm-padding-right\" style=\"background-color:#008096\"><div class=\"wp-block-group__inner-container is-layout-constrained wp-block-group-is-layout-constrained\">\n<div class=\"wp-block-columns are-vertically-aligned-center is-layout-flex wp-container-core-columns-is-layout-8f761849 wp-block-columns-is-layout-flex\">\n<div class=\"wp-block-column is-vertically-aligned-center is-layout-flow wp-block-column-is-layout-flow\" style=\"flex-basis:66.66%\">\n<p class=\"has-white-color has-text-color has-xxl-font-size wp-block-paragraph\">Prova NeuronUP gratis per 7 giorni<\/p>\n\n\n\n<p class=\"has-white-color has-text-color wp-block-paragraph\">Digitalizza la tua valutazione e inizia a risparmiare tempo con un\u2019esperienza pi\u00f9 dinamica e coinvolgente grazie ai test digitali di NeuronUP.<\/p>\n<\/div>\n\n\n\n<div class=\"wp-block-column is-vertically-aligned-center is-layout-flow wp-block-column-is-layout-flow\" style=\"flex-basis:33.33%\">\n<div class=\"wp-block-buttons is-content-justification-center is-layout-flex wp-container-core-buttons-is-layout-fe48e5de wp-block-buttons-is-layout-flex\">\n<div class=\"wp-block-button\" style=\"--button-background:var(--color-custom-1);--button-background-hover:#cc7e00;\"><a class=\"wp-block-button__link button   wp-element-button\" href=\"https:\/\/neuronup.com\/it\/landing-store-user\/\">Inizia la prova<\/a><\/div>\n\n<\/div>\n<\/div>\n<\/div>\n<\/div><\/aside>\n\n\n\n<div style=\"height:50px\" aria-hidden=\"true\" class=\"wp-block-spacer\"><\/div>\n\n\n\n<h2 class=\"wp-block-heading\">Conclusione<\/h2>\n\n\n\n<p class=\"wp-block-paragraph\">Questo studio dimostra che la respirazione non \u00e8 un processo passivo, ma un meccanismo attivo che influisce sul modo in cui percepiamo il mondo.<\/p>\n\n\n\n<p class=\"wp-block-paragraph\">La capacit\u00e0 di sincronizzare la respirazione con l\u2019ambiente consente al cervello di <strong>ottimizzare gli stati di attivazione ed eccitabilit\u00e0<\/strong>, migliorando cos\u00ec la percezione.<\/p>\n\n\n\n<p class=\"wp-block-paragraph\">Nel complesso, questi risultati rafforzano un\u2019idea chiave: <strong>la cognizione non dipende soltanto dal cervello, ma dalla continua interazione tra corpo e mente.<\/strong><\/p>\n\n\n\n<h2 class=\"wp-block-heading\">Bibliografia<\/h2>\n\n\n\n<p class=\"has-sm-font-size wp-block-paragraph\">Chalas, N., Saltafossi, M., Berther, T., Balestrieri, E., Abbasi, O., &amp; Kluger, D. S. (s. f.). <em>Respiration as a dynamic modulator of sensory sampling<\/em>.<em><br><\/em><\/p>\n\n\n\n<div style=\"height:70px\" aria-hidden=\"true\" class=\"wp-block-spacer\"><\/div>\n\n\n\n<div class=\"wp-block-group p-4 br-0111 has-alt-background-color has-background has-light-background\"><div class=\"wp-block-group__inner-container is-layout-constrained wp-block-group-is-layout-constrained\">\n<h2 class=\"wp-block-heading\"><strong>Domande frequenti sulla respirazione come modulatrice della percezione visiva e dell\u2019attivit\u00e0 cerebrale<\/strong><\/h2>\n\n\n\n<div style=\"height:20px\" aria-hidden=\"true\" class=\"wp-block-spacer\"><\/div>\n\n\n\n<div class=\"wp-block-pb-accordion-item c-accordion__item js-accordion-item no-js\" data-initially-open=\"false\" data-click-to-close=\"true\" data-auto-close=\"true\" data-scroll=\"false\" data-scroll-offset=\"0\" id=\"trabajarneuronup\"><h3 id=\"at-511720\" class=\"c-accordion__title js-accordion-controller\" role=\"button\">1.Come influisce la respirazione sulla percezione visiva?<\/h3><div id=\"ac-511720\" class=\"c-accordion__content\">\n<p class=\"wp-block-paragraph\">La ricerca mostra che la capacit\u00e0 di rilevare stimoli visivi deboli varia lungo il ciclo respiratorio. Durante l\u2019inspirazione, il cervello presenta uno stato di maggiore attivazione ed eccitabilit\u00e0 corticale, favorendo l\u2019elaborazione delle informazioni sensoriali.<\/p>\n<\/div><\/div>\n\n\n\n<div class=\"wp-block-pb-accordion-item c-accordion__item js-accordion-item no-js\" data-initially-open=\"false\" data-click-to-close=\"true\" data-auto-close=\"true\" data-scroll=\"false\" data-scroll-offset=\"0\" id=\"trabajarneuronup\"><h3 id=\"at-511721\" class=\"c-accordion__title js-accordion-controller\" role=\"button\">2. Quale relazione esiste tra respirazione e attivit\u00e0 cerebrale?<\/h3><div id=\"ac-511721\" class=\"c-accordion__content\">\n<p class=\"wp-block-paragraph\">La respirazione modula l\u2019attivit\u00e0 di diverse reti cerebrali coinvolte nella percezione, nell\u2019attenzione e nella preparazione motoria. Inoltre, influisce sulle oscillazioni neuronali correlate all\u2019eccitabilit\u00e0 corticale e all\u2019elaborazione sensoriale.<\/p>\n<\/div><\/div>\n\n\n\n<div class=\"wp-block-pb-accordion-item c-accordion__item js-accordion-item no-js\" data-initially-open=\"false\" data-click-to-close=\"true\" data-auto-close=\"true\" data-scroll=\"false\" data-scroll-offset=\"0\" id=\"videosneuronup\"><h3 id=\"at-511722\" class=\"c-accordion__title js-accordion-controller\" role=\"button\">3.<strong> <\/strong>Che cos\u2019\u00e8 l\u2019active sensing o percezione attiva?<\/h3><div id=\"ac-511722\" class=\"c-accordion__content\">\n<p class=\"wp-block-paragraph\">L\u2019active sensing \u00e8 un meccanismo attraverso il quale il cervello utilizza segnali corporei interni, come la respirazione, per ottimizzare la percezione dell\u2019ambiente. Questo processo consente di anticipare e migliorare l\u2019elaborazione degli stimoli rilevanti.<\/p>\n<\/div><\/div>\n\n\n\n<div class=\"wp-block-pb-accordion-item c-accordion__item js-accordion-item no-js\" data-initially-open=\"false\" data-click-to-close=\"true\" data-auto-close=\"true\" data-scroll=\"false\" data-scroll-offset=\"0\" id=\"formaciongratuita\"><h3 id=\"at-511723\" class=\"c-accordion__title js-accordion-controller\" role=\"button\">4. In che modo la respirazione influisce sull\u2019attenzione e sull\u2019elaborazione sensoriale?<\/h3><div id=\"ac-511723\" class=\"c-accordion__content\">\n<p class=\"wp-block-paragraph\">La respirazione pu\u00f2 modificare lo stato funzionale del cervello, facilitando l\u2019attenzione e aumentando la capacit\u00e0 di elaborare le informazioni sensoriali. Gli studi suggeriscono che determinate fasi respiratorie favoriscano una prestazione percettiva superiore.<\/p>\n<\/div><\/div>\n\n\n\n<div class=\"wp-block-pb-accordion-item c-accordion__item js-accordion-item no-js\" data-initially-open=\"false\" data-click-to-close=\"true\" data-auto-close=\"true\" data-scroll=\"false\" data-scroll-offset=\"0\" id=\"formaciongratuita\"><h3 id=\"at-511724\" class=\"c-accordion__title js-accordion-controller\" role=\"button\">5. La respirazione pu\u00f2 essere applicata nei programmi di riabilitazione cognitiva?<\/h3><div id=\"ac-511724\" class=\"c-accordion__content\">\n<p class=\"wp-block-paragraph\">Sebbene le evidenze siano ancora emergenti, i risultati suggeriscono che le tecniche di respirazione guidata potrebbero integrare i programmi di riabilitazione cognitiva e stimolazione cognitiva, favorendo stati cerebrali pi\u00f9 ottimali per l\u2019apprendimento e l\u2019attenzione.<\/p>\n<\/div><\/div>\n<\/div><\/div>\n\n\n\n\n<div style=\"height:50px\" aria-hidden=\"true\" class=\"wp-block-spacer\"><\/div>\n\n\n\n<h3 class=\"wp-block-heading\">Se ti \u00e8 piaciuto questo articolo del blog sulla <strong>respirazione come modulatrice della percezione visiva e dell\u2019attivit\u00e0 cerebrale, <\/strong>potrebbero interessarti anche questi articoli di NeuronUP:<\/h3>\n\n\n<div class=\"mai-grid entries entries-grid has-boxed has-image-full\" style=\"--entry-title-font-size:var(--font-size-lg);--align-text:start;--entry-meta-text-align:start;\"><div class=\"entries-wrap has-columns\" style=\"--columns-xs:1 \/ 1;--columns-sm:1 \/ 1;--columns-md:1 \/ 3;--columns-lg:1 \/ 3;--flex-xs:0 0 var(--flex-basis);--flex-sm:0 0 var(--flex-basis);--flex-md:0 0 var(--flex-basis);--flex-lg:0 0 var(--flex-basis);--column-gap:var(--spacing-lg);--row-gap:var(--spacing-lg);--align-columns:start;\"><article class=\"entry entry-grid is-column has-entry-link has-image has-image-first type-post category-linee-di-ricerca tag-malattia-di-alzheimer tag-ricerca\" style=\"--entry-index:1;\" aria-label=\"Biomarcatori del sangue e Alzheimer: come il p-tau217 consente di prevedere la comparsa dei sintomi\" itemscope itemtype=\"https:\/\/schema.org\/CreativeWork\"><a class=\"entry-image-link\" href=\"https:\/\/neuronup.com\/it\/ricerca\/linee-di-ricerca\/biomarcatori-sanguinei-e-alzheimer-come-il-p-tau217-permette-di-prevedere-l-esordio-dei-sintomi\/\" tabindex=\"-1\" aria-hidden=\"true\"><img decoding=\"async\" width=\"400\" height=\"300\" src=\"https:\/\/neuronup.com\/it\/wp-content\/uploads\/2026\/08\/Biomarcadores-sanguineos-y-alzheimer-como-el-p-tau217-permite-predecir-la-aparicion-de-sintomas-400x300.webp\" class=\"entry-image size-landscape-sm\" alt=\"Biomarcatori ematici e Alzheimer: come il p-tau217 consente di prevedere la comparsa dei sintomi.\" srcset=\"https:\/\/neuronup.com\/it\/wp-content\/uploads\/2026\/08\/Biomarcadores-sanguineos-y-alzheimer-como-el-p-tau217-permite-predecir-la-aparicion-de-sintomas-400x300.webp 400w, https:\/\/neuronup.com\/it\/wp-content\/uploads\/2026\/08\/Biomarcadores-sanguineos-y-alzheimer-como-el-p-tau217-permite-predecir-la-aparicion-de-sintomas-800x600.webp 800w\" sizes=\"(max-width:599px) 599px, (min-width:600px) and (max-width: 799px) 799px, (min-width:800px) and (max-width: 999px) 333px, (min-width:1000px) 400px\" \/><\/a><div class=\"entry-wrap entry-wrap-grid\"><h3 class=\"entry-title\" itemprop=\"headline\"><a class=\"entry-title-link\" href=\"https:\/\/neuronup.com\/it\/ricerca\/linee-di-ricerca\/biomarcatori-sanguinei-e-alzheimer-come-il-p-tau217-permette-di-prevedere-l-esordio-dei-sintomi\/\" rel=\"bookmark\">Biomarcatori del sangue e Alzheimer: come il p-tau217 consente di prevedere la comparsa dei sintomi<\/a><\/h3>\n<\/div><\/article><article class=\"entry entry-grid is-column has-entry-link has-image has-image-first type-post category-linee-di-ricerca tag-malattia-di-alzheimer tag-malattie-neurodegenerative tag-ricerca\" style=\"--entry-index:2;\" aria-label=\"Vaccino antinfluenzale ad alto dosaggio e malattia di Alzheimer: pu\u00f2 ridurre il rischio negli anziani?\" itemscope itemtype=\"https:\/\/schema.org\/CreativeWork\"><a class=\"entry-image-link\" href=\"https:\/\/neuronup.com\/it\/ricerca\/linee-di-ricerca\/vaccino-influenzale-dose-alta-e-malattia-di-alzheimer-potrebbe-ridurre-il-rischio-negli-anziani\/\" tabindex=\"-1\" aria-hidden=\"true\"><img decoding=\"async\" width=\"400\" height=\"300\" src=\"https:\/\/neuronup.com\/it\/wp-content\/uploads\/2026\/08\/Vacuna-de-la-gripe-de-alta-dosis-y-enfermedad-de-Alzheimer-\u00bfpuede-reducir-el-riesgo-en-adultos-mayores-400x300.webp\" class=\"entry-image size-landscape-sm\" alt=\"Vaccino antinfluenzale ad alto dosaggio e malattia di Alzheimer: pu\u00f2 ridurre il rischio negli anziani?\" srcset=\"https:\/\/neuronup.com\/it\/wp-content\/uploads\/2026\/08\/Vacuna-de-la-gripe-de-alta-dosis-y-enfermedad-de-Alzheimer-\u00bfpuede-reducir-el-riesgo-en-adultos-mayores-400x300.webp 400w, https:\/\/neuronup.com\/it\/wp-content\/uploads\/2026\/08\/Vacuna-de-la-gripe-de-alta-dosis-y-enfermedad-de-Alzheimer-\u00bfpuede-reducir-el-riesgo-en-adultos-mayores-800x600.webp 800w\" sizes=\"(max-width:599px) 599px, (min-width:600px) and (max-width: 799px) 799px, (min-width:800px) and (max-width: 999px) 333px, (min-width:1000px) 400px\" \/><\/a><div class=\"entry-wrap entry-wrap-grid\"><h3 class=\"entry-title\" itemprop=\"headline\"><a class=\"entry-title-link\" href=\"https:\/\/neuronup.com\/it\/ricerca\/linee-di-ricerca\/vaccino-influenzale-dose-alta-e-malattia-di-alzheimer-potrebbe-ridurre-il-rischio-negli-anziani\/\" rel=\"bookmark\">Vaccino antinfluenzale ad alto dosaggio e malattia di Alzheimer: pu\u00f2 ridurre il rischio negli anziani?<\/a><\/h3>\n<\/div><\/article><article class=\"entry entry-grid is-column has-entry-link has-image has-image-first type-post category-linee-di-ricerca tag-malattia-di-alzheimer tag-malattie-neurodegenerative tag-ricerca\" style=\"--entry-index:3;\" aria-label=\"Prevalenza della patologia di Alzheimer nella popolazione generale: cosa ci dicono i biomarcatori nel sangue?\" itemscope itemtype=\"https:\/\/schema.org\/CreativeWork\"><a class=\"entry-image-link\" href=\"https:\/\/neuronup.com\/it\/ricerca\/linee-di-ricerca\/prevalenza-della-patologia-di-alzheimer-nella-popolazione-generale-cosa-ci-dicono-i-biomarcatori-nel-sangue\/\" tabindex=\"-1\" aria-hidden=\"true\"><img decoding=\"async\" width=\"400\" height=\"300\" src=\"https:\/\/neuronup.com\/it\/wp-content\/uploads\/2026\/08\/p-tau217-y-alzheimer-como-los-biomarcadores-en-sangre-detectan-cambios-antes-de-los-sintomas-400x300.webp\" class=\"entry-image size-landscape-sm\" alt=\"Prevalenza della patologia di Alzheimer nella popolazione generale\" srcset=\"https:\/\/neuronup.com\/it\/wp-content\/uploads\/2026\/08\/p-tau217-y-alzheimer-como-los-biomarcadores-en-sangre-detectan-cambios-antes-de-los-sintomas-400x300.webp 400w, https:\/\/neuronup.com\/it\/wp-content\/uploads\/2026\/08\/p-tau217-y-alzheimer-como-los-biomarcadores-en-sangre-detectan-cambios-antes-de-los-sintomas-800x600.webp 800w\" sizes=\"(max-width:599px) 599px, (min-width:600px) and (max-width: 799px) 799px, (min-width:800px) and (max-width: 999px) 333px, (min-width:1000px) 400px\" \/><\/a><div class=\"entry-wrap entry-wrap-grid\"><h3 class=\"entry-title\" itemprop=\"headline\"><a class=\"entry-title-link\" href=\"https:\/\/neuronup.com\/it\/ricerca\/linee-di-ricerca\/prevalenza-della-patologia-di-alzheimer-nella-popolazione-generale-cosa-ci-dicono-i-biomarcatori-nel-sangue\/\" rel=\"bookmark\">Prevalenza della patologia di Alzheimer nella popolazione generale: cosa ci dicono i biomarcatori nel sangue?<\/a><\/h3>\n<\/div><\/article><article class=\"entry entry-grid is-column has-entry-link has-image has-image-first type-post category-linee-di-ricerca tag-ricerca tag-sclerosi-multipla\" style=\"--entry-index:4;\" aria-label=\"NeuronUP in una revisione internazionale sulle tecnologie di riabilitazione cognitiva nella sclerosi multipla\" itemscope itemtype=\"https:\/\/schema.org\/CreativeWork\"><a class=\"entry-image-link\" href=\"https:\/\/neuronup.com\/it\/ricerca\/linee-di-ricerca\/neuronup-in-una-revisione-internazionale-sulle-tecnologie-di-riabilitazione-cognitiva-nella-sclerosi-multipla\/\" tabindex=\"-1\" aria-hidden=\"true\"><img decoding=\"async\" width=\"400\" height=\"300\" src=\"https:\/\/neuronup.com\/it\/wp-content\/uploads\/2026\/08\/NeuronUP-en-una-revision-internacional-sobre-tecnologias-de-rehabilitacion-cognitiva-en-esclerosis-multiple-400x300.webp\" class=\"entry-image size-landscape-sm\" alt=\"NeuronUP in una revisione internazionale sulle tecnologie di riabilitazione cognitiva nella sclerosi multipla.\" srcset=\"https:\/\/neuronup.com\/it\/wp-content\/uploads\/2026\/08\/NeuronUP-en-una-revision-internacional-sobre-tecnologias-de-rehabilitacion-cognitiva-en-esclerosis-multiple-400x300.webp 400w, https:\/\/neuronup.com\/it\/wp-content\/uploads\/2026\/08\/NeuronUP-en-una-revision-internacional-sobre-tecnologias-de-rehabilitacion-cognitiva-en-esclerosis-multiple-800x600.webp 800w, https:\/\/neuronup.com\/it\/wp-content\/uploads\/2026\/08\/NeuronUP-en-una-revision-internacional-sobre-tecnologias-de-rehabilitacion-cognitiva-en-esclerosis-multiple-1200x900.webp 1200w\" sizes=\"(max-width:599px) 599px, (min-width:600px) and (max-width: 799px) 799px, (min-width:800px) and (max-width: 999px) 333px, (min-width:1000px) 400px\" \/><\/a><div class=\"entry-wrap entry-wrap-grid\"><h3 class=\"entry-title\" itemprop=\"headline\"><a class=\"entry-title-link\" href=\"https:\/\/neuronup.com\/it\/ricerca\/linee-di-ricerca\/neuronup-in-una-revisione-internazionale-sulle-tecnologie-di-riabilitazione-cognitiva-nella-sclerosi-multipla\/\" rel=\"bookmark\">NeuronUP in una revisione internazionale sulle tecnologie di riabilitazione cognitiva nella sclerosi multipla<\/a><\/h3>\n<\/div><\/article><article class=\"entry entry-grid is-column has-entry-link has-image has-image-first type-post category-linee-di-ricerca tag-malattia-di-alzheimer tag-malattie-neurodegenerative tag-ricerca\" style=\"--entry-index:5;\" aria-label=\"Gli anticorpi anti-amiloide funzionano davvero per l\u2019Alzheimer? Evidenze, benefici e rischi\" itemscope itemtype=\"https:\/\/schema.org\/CreativeWork\"><a class=\"entry-image-link\" href=\"https:\/\/neuronup.com\/it\/ricerca\/linee-di-ricerca\/funzionano-davvero-gli-anticorpi-antiamiloide-per-l-alzheimer-evidenze-benefici-rischi\/\" tabindex=\"-1\" aria-hidden=\"true\"><img decoding=\"async\" width=\"400\" height=\"300\" src=\"https:\/\/neuronup.com\/it\/wp-content\/uploads\/2026\/08\/Funcionan-realmente-los-anticuerpos-antiamiloide-para-el-alzheimer-400x300.webp\" class=\"entry-image size-landscape-sm\" alt=\"Gli anticorpi anti-amiloide funzionano davvero per l\u2019Alzheimer?\" srcset=\"https:\/\/neuronup.com\/it\/wp-content\/uploads\/2026\/08\/Funcionan-realmente-los-anticuerpos-antiamiloide-para-el-alzheimer-400x300.webp 400w, https:\/\/neuronup.com\/it\/wp-content\/uploads\/2026\/08\/Funcionan-realmente-los-anticuerpos-antiamiloide-para-el-alzheimer-800x600.webp 800w\" sizes=\"(max-width:599px) 599px, (min-width:600px) and (max-width: 799px) 799px, (min-width:800px) and (max-width: 999px) 333px, (min-width:1000px) 400px\" \/><\/a><div class=\"entry-wrap entry-wrap-grid\"><h3 class=\"entry-title\" itemprop=\"headline\"><a class=\"entry-title-link\" href=\"https:\/\/neuronup.com\/it\/ricerca\/linee-di-ricerca\/funzionano-davvero-gli-anticorpi-antiamiloide-per-l-alzheimer-evidenze-benefici-rischi\/\" rel=\"bookmark\">Gli anticorpi anti-amiloide funzionano davvero per l\u2019Alzheimer? Evidenze, benefici e rischi<\/a><\/h3>\n<\/div><\/article><article class=\"entry entry-grid is-column has-entry-link has-image has-image-first type-post category-linee-di-ricerca tag-neuroscienze tag-ricerca tag-stimolazione-cognitiva\" style=\"--entry-index:6;\" aria-label=\"Intervista a Jes\u00fas M. Cort\u00e9s: LATAM-FINGERS e l\u2019opportunit\u00e0 di prevenire il deterioramento cognitivo dall\u2019America Latina\" itemscope itemtype=\"https:\/\/schema.org\/CreativeWork\"><a class=\"entry-image-link\" href=\"https:\/\/neuronup.com\/it\/ricerca\/linee-di-ricerca\/intervista-a-jesus-m-cortes-latam-fingers-e-l-opportunita-di-prevenire-il-deterioramento-cognitivo-dall-america-latina\/\" tabindex=\"-1\" aria-hidden=\"true\"><img decoding=\"async\" width=\"400\" height=\"300\" src=\"https:\/\/neuronup.com\/it\/wp-content\/uploads\/2026\/08\/it-Entrevista-a-Jesus-M.-Cortes-LATAM-FINGERS-y-la-oportunidad-de-prevenir-el-deter-400x300.webp\" class=\"entry-image size-landscape-sm\" alt=\"Intervista a Jes\u00fas M. Cort\u00e9s su LATAM-FINGERS e sull\u2019opportunit\u00e0 di prevenire il deterioramento cognitivo dall\u2019America Latina.\" srcset=\"https:\/\/neuronup.com\/it\/wp-content\/uploads\/2026\/08\/it-Entrevista-a-Jesus-M.-Cortes-LATAM-FINGERS-y-la-oportunidad-de-prevenir-el-deter-400x300.webp 400w, https:\/\/neuronup.com\/it\/wp-content\/uploads\/2026\/08\/it-Entrevista-a-Jesus-M.-Cortes-LATAM-FINGERS-y-la-oportunidad-de-prevenir-el-deter-800x600.webp 800w\" sizes=\"(max-width:599px) 599px, (min-width:600px) and (max-width: 799px) 799px, (min-width:800px) and (max-width: 999px) 333px, (min-width:1000px) 400px\" \/><\/a><div class=\"entry-wrap entry-wrap-grid\"><h3 class=\"entry-title\" itemprop=\"headline\"><a class=\"entry-title-link\" href=\"https:\/\/neuronup.com\/it\/ricerca\/linee-di-ricerca\/intervista-a-jesus-m-cortes-latam-fingers-e-l-opportunita-di-prevenire-il-deterioramento-cognitivo-dall-america-latina\/\" rel=\"bookmark\">Intervista a Jes\u00fas M. Cort\u00e9s: LATAM-FINGERS e l\u2019opportunit\u00e0 di prevenire il deterioramento cognitivo dall\u2019America Latina<\/a><\/h3>\n<\/div><\/article><\/div><\/div>\n\n","protected":false},"excerpt":{"rendered":"<p>Marta Arbizu G\u00f3mez analizza uno studio pubblicato su Nature Communications che esplora come la respirazione moduli la percezione visiva, l\u2019eccitabilit\u00e0 corticale e l\u2019attivazione cerebrale. La ricerca apporta nuove evidenze sul ruolo della respirazione nella cognizione e sulla sua possibile applicazione nelle strategie di riabilitazione cognitiva e stimolazione cognitiva. Marta Arbizu G\u00f3mez analizza uno studio pubblicato &hellip;<\/p>\n","protected":false},"author":231,"featured_media":900000589,"comment_status":"open","ping_status":"open","sticky":false,"template":"","format":"standard","meta":{"_acf_changed":false,"_genesis_hide_title":false,"_genesis_hide_breadcrumbs":false,"_genesis_hide_singular_image":false,"_genesis_hide_footer_widgets":false,"_genesis_custom_body_class":"","_genesis_custom_post_class":"","_genesis_layout":"","footnotes":""},"categories":[452,449],"tags":[370],"class_list":["type-post","category-linee-di-ricerca","category-ricerca","tag-ricerca","entry"],"acf":[],"_links":{"self":[{"href":"https:\/\/neuronup.com\/it\/wp-json\/wp\/v2\/posts\/900000590","targetHints":{"allow":["GET"]}}],"collection":[{"href":"https:\/\/neuronup.com\/it\/wp-json\/wp\/v2\/posts"}],"about":[{"href":"https:\/\/neuronup.com\/it\/wp-json\/wp\/v2\/types\/post"}],"author":[{"embeddable":true,"href":"https:\/\/neuronup.com\/it\/wp-json\/wp\/v2\/users\/231"}],"replies":[{"embeddable":true,"href":"https:\/\/neuronup.com\/it\/wp-json\/wp\/v2\/comments?post=900000590"}],"version-history":[{"count":2,"href":"https:\/\/neuronup.com\/it\/wp-json\/wp\/v2\/posts\/900000590\/revisions"}],"predecessor-version":[{"id":900000692,"href":"https:\/\/neuronup.com\/it\/wp-json\/wp\/v2\/posts\/900000590\/revisions\/900000692"}],"wp:featuredmedia":[{"embeddable":true,"href":"https:\/\/neuronup.com\/it\/wp-json\/wp\/v2\/media\/900000589"}],"wp:attachment":[{"href":"https:\/\/neuronup.com\/it\/wp-json\/wp\/v2\/media?parent=900000590"}],"wp:term":[{"taxonomy":"category","embeddable":true,"href":"https:\/\/neuronup.com\/it\/wp-json\/wp\/v2\/categories?post=900000590"},{"taxonomy":"post_tag","embeddable":true,"href":"https:\/\/neuronup.com\/it\/wp-json\/wp\/v2\/tags?post=900000590"}],"curies":[{"name":"wp","href":"https:\/\/api.w.org\/{rel}","templated":true}]}}