
{"id":900000575,"date":"2026-08-28T09:36:58","date_gmt":"2026-08-28T07:36:58","guid":{"rendered":"https:\/\/neuronup.com\/it\/?p=900000575"},"modified":"2026-08-28T12:59:19","modified_gmt":"2026-08-28T10:59:19","slug":"deterioramento-cognitivo-indotto-da-farmaci-un-effetto-avverso-comune-ma-sottodiagnosticato","status":"publish","type":"post","link":"https:\/\/neuronup.com\/it\/ricerca\/linee-di-ricerca\/deterioramento-cognitivo-indotto-da-farmaci-un-effetto-avverso-comune-ma-sottodiagnosticato\/","title":{"rendered":"Deterioramento cognitivo indotto da farmaci: un effetto avverso frequente ma sottodiagnosticato"},"content":{"rendered":"\n<p class=\"has-xl-font-size wp-block-paragraph\">La dottoranda Marta Arbizu G\u00f3mez <strong>presenta gli aspetti clinici chiave del deterioramento cognitivo indotto da farmaci<\/strong>, un effetto avverso frequente ma sottodiagnosticato che pu\u00f2 alterare drasticamente la memoria e l\u2019attenzione dei pazienti.<\/p>\n\n\n\n<div class=\"wp-block-group\"><div class=\"wp-block-group__inner-container is-layout-constrained wp-block-group-is-layout-constrained\">\n<p class=\"has-text-align-left br-0101 has-heading-color has-alt-background-color has-text-color has-background has-link-color wp-elements-1 has-xl-margin-top has-xxl-margin-bottom wp-block-paragraph\">Il deterioramento cognitivo indotto da farmaci (DICI) \u00e8 un <strong>effetto avverso frequente ma fortemente sottodiagnosticato<\/strong> che nella pratica clinica pu\u00f2 simulare quadri di demenza o deterioramento cognitivo lieve. In questo articolo analizziamo dettagliatamente <strong>quali farmaci influenzano la memoria, l\u2019attenzione e altre funzioni esecutive<\/strong>, dai farmaci del sistema nervoso centrale ai comuni trattamenti non neurologici. Scopri i <strong>meccanismi fisiologici alla base di queste alterazioni<\/strong>, spesso reversibili, e <strong>perch\u00e9 integrare una valutazione farmacologica approfondita \u00e8 fondamentale<\/strong> per i professionisti della neuroriabilitazione.<\/p>\n<\/div><\/div>\n\n\n\n<div style=\"height:20px\" aria-hidden=\"true\" class=\"wp-block-spacer\"><\/div>\n\n\n\n<h2 class=\"wp-block-heading\">I farmaci possono influire sulle nostre funzioni cognitive?<\/h2>\n\n\n\n<p class=\"wp-block-paragraph\">Nella pratica clinica, quando un paziente presenta problemi di memoria, attenzione o linguaggio, \u00e8 comune pensare a malattie neurodegenerative, disturbi psichiatrici o invecchiamento. Tuttavia, <strong>esiste un fattore spesso trascurato: i farmaci stessi<\/strong>.<\/p>\n\n\n\n<p class=\"wp-block-paragraph\">Il deterioramento cognitivo indotto da farmaci (DICI) \u00e8 una <strong>complicanza ben documentata<\/strong> <strong>che <\/strong>pu\u00f2 comparire con molteplici trattamenti, sia neurologici sia non neurologici. Nonostante ci\u00f2, <strong>rimane frequentemente sottodiagnosticato<\/strong>, con il rischio di importanti errori clinici.<\/p>\n\n\n\n<p class=\"wp-block-paragraph\">Questo fenomeno non riguarda solo le persone anziane n\u00e9 si limita ai casi gravi di demenza. Pu\u00f2 manifestarsi in modo sottile, interessare domini cognitivi specifici e comparire negli adulti giovani e persino nei bambini.<\/p>\n\n\n\n<h2 class=\"wp-block-heading\">Che cos\u2019\u00e8 il deterioramento cognitivo indotto da farmaci (DICI)?<\/h2>\n\n\n\n<p class=\"wp-block-paragraph\">Il <a href=\"https:\/\/neuronup.com\/it\/stimolazione-e-riabilitazione-cognitiva\/malattie-neurodegenerative\/atrofia-dellippocampo-differenze-tra-mild-cognitive-impairment-mci-e-malattia-di-alzheimer\/\">deterioramento cognitivo<\/a> indotto da farmaci \u00e8 definito come un\u2019<strong>alterazione delle funzioni cognitive causata direttamente da un farmaco<\/strong>. Queste alterazioni <strong>possono interessare diversi domini<\/strong>:<\/p>\n\n\n\n<ul class=\"wp-block-list\">\n<li><strong>Memoria <\/strong>(dimenticanze, difficolt\u00e0 a ricordare informazioni recenti);<\/li>\n\n\n\n<li><strong>attenzione <\/strong>(distraibilit\u00e0, difficolt\u00e0 a concentrarsi);<\/li>\n\n\n\n<li><strong>velocit\u00e0 di elaborazione<\/strong> (lentezza mentale);<\/li>\n\n\n\n<li><strong>linguaggio <\/strong>(difficolt\u00e0 a trovare le parole);<\/li>\n\n\n\n<li>e <a href=\"https:\/\/neuronup.com\/it\/aree-dintervento\/funzioni-cognitive\/funzioni-esecutive\/\"><strong>funzioni esecutive<\/strong><\/a> (pianificazione, presa di decisioni).&nbsp;<\/li>\n<\/ul>\n\n\n\n<p class=\"wp-block-paragraph\">Uno dei problemi principali \u00e8 che <strong>questi sintomi possono simulare malattie neurologiche<\/strong>, come il <a href=\"https:\/\/neuronup.com\/it\/stimolazione-e-riabilitazione-cognitiva\/malattie-neurodegenerative\/deterioramento-cognitivo-lieve-o-demenza-differenze-cliniche-diagnosi-e-stimolazione-cognitiva\/\">deterioramento cognitivo lieve o la demenza<\/a>, rendendone difficile l\u2019identificazione.<\/p>\n\n\n\n<h2 class=\"wp-block-heading\">Prevalenza del deterioramento cognitivo indotto da farmaci<\/h2>\n\n\n\n<p class=\"wp-block-paragraph\">I <strong>dati disponibili<\/strong> suggeriscono che l\u2019impatto del deterioramento cognitivo indotto da farmaci sia rilevante:<\/p>\n\n\n\n<ul class=\"wp-block-list\">\n<li>I farmaci possono essere <strong>coinvolti fino nel 30% dei casi di delirium nei pazienti anziani ospedalizzati<\/strong>.&nbsp;<\/li>\n\n\n\n<li>Si stima che tra <strong>il 2,7% e il 10% delle demenze<\/strong> possano essere correlate ai farmaci.<\/li>\n\n\n\n<li>La <strong>politerapia aumenta esponenzialmente il rischio<\/strong> di deterioramento cognitivo.<\/li>\n<\/ul>\n\n\n\n<p class=\"wp-block-paragraph\">Inoltre, l\u2019invecchiamento della popolazione e l\u2019aumento del consumo di farmaci fanno prevedere che <strong>questo problema acquisir\u00e0 sempre maggiore rilevanza<\/strong>.<\/p>\n\n\n\n<div style=\"height:50px\" aria-hidden=\"true\" class=\"wp-block-spacer\"><\/div>\n\n\n\n<div class=\"wp-block-media-text alignfull is-stacked-on-mobile is-vertically-aligned-center has-primary-background-color has-background\" style=\"grid-template-columns:35% auto\"><figure class=\"wp-block-media-text__media\"><img decoding=\"async\" width=\"1080\" height=\"656\" src=\"https:\/\/neuronup.com\/it\/wp-content\/uploads\/2023\/05\/Alzheimer.webp\" alt=\"\" class=\"wp-image-25303 size-full\" srcset=\"https:\/\/neuronup.com\/it\/wp-content\/uploads\/2023\/05\/Alzheimer-300x182.webp 300w, https:\/\/neuronup.com\/it\/wp-content\/uploads\/2023\/05\/Alzheimer-768x466.webp 768w, https:\/\/neuronup.com\/it\/wp-content\/uploads\/2023\/05\/Alzheimer-1024x622.webp 1024w, https:\/\/neuronup.com\/it\/wp-content\/uploads\/2023\/05\/Alzheimer.webp 1080w\" sizes=\"(max-width: 1080px) 100vw, 1080px\" \/><\/figure><div class=\"wp-block-media-text__content\">\n<h2 class=\"wp-block-heading has-white-color has-text-color\">10 esercizi per lavorare con le persone con Alzheimer<\/h2>\n\n\n\n<p class=\"has-white-color has-text-color wp-block-paragraph\">Scarica 10 esercizi di stimolazione cognitiva sviluppati da NeuronUP per i terapisti occupazionali e gli psicologi che trattano persone con Alzheimer.<\/p>\n\n\n\n<div class=\"wp-block-buttons is-content-justification-center is-layout-flex wp-container-core-buttons-is-layout-fe48e5de wp-block-buttons-is-layout-flex\">\n<div class=\"wp-block-button\" style=\"--button-background:var(--color-custom-1);--button-background-hover:#cc7e00;\"><a class=\"wp-block-button__link button   wp-element-button\" href=\"https:\/\/neuronup.com\/redirect\/?target=typeform\/esalzheimer?utm_first_source=Web&#038;utm_first_campaign_name=Worksheets_alzheimer\"><strong>Scarica gli esercizi<\/strong><\/a><\/div>\n\n<\/div>\n<\/div><\/div>\n\n\n\n<div style=\"height:50px\" aria-hidden=\"true\" class=\"wp-block-spacer\"><\/div>\n\n\n\n<h2 class=\"wp-block-heading\">Quali farmaci possono causare deterioramento cognitivo?<\/h2>\n\n\n\n<p class=\"wp-block-paragraph\">Una delle conclusioni pi\u00f9 importanti dello studio \u00e8 che molti tipi di farmaci possono influire sulle funzioni cognitive, persino quelli che non agiscono direttamente sul cervello.<\/p>\n\n\n\n<h3 class=\"wp-block-heading\">Farmaci del sistema nervoso centrale (SNC)<\/h3>\n\n\n\n<ul class=\"wp-block-list\">\n<li>Antiepilettici;<\/li>\n\n\n\n<li>antidepressivi;&nbsp;<\/li>\n\n\n\n<li>antipsicotici;<\/li>\n\n\n\n<li>e benzodiazepine.<\/li>\n<\/ul>\n\n\n\n<p class=\"wp-block-paragraph\">Questi farmaci <strong>tendono a influire sulla memoria, sull\u2019attenzione e sulla velocit\u00e0 cognitiva<\/strong>.<\/p>\n\n\n\n<h3 class=\"wp-block-heading\">Farmaci con effetto sedativo o anticolinergico<\/h3>\n\n\n\n<ul class=\"wp-block-list\">\n<li>Antistaminici di prima generazione;<\/li>\n\n\n\n<li>farmaci per l\u2019incontinenza urinaria;&nbsp;<\/li>\n\n\n\n<li>e alcuni antidepressivi.<\/li>\n<\/ul>\n\n\n\n<p class=\"wp-block-paragraph\">Sono <strong>particolarmente associati<\/strong> a:<\/p>\n\n\n\n<ul class=\"wp-block-list\">\n<li>Problemi di memoria;&nbsp;<\/li>\n\n\n\n<li>confusione;&nbsp;<\/li>\n\n\n\n<li>e delirium.&nbsp;<\/li>\n<\/ul>\n\n\n\n<h3 class=\"wp-block-heading\">Altri farmaci non neurologici associati<\/h3>\n\n\n\n<ul class=\"wp-block-list\">\n<li>Oppioidi;&nbsp;<\/li>\n\n\n\n<li>corticosteroidi;<\/li>\n\n\n\n<li>inibitori della pompa protonica (omeprazolo);&nbsp;<\/li>\n\n\n\n<li>statine;&nbsp;<\/li>\n\n\n\n<li>antipertensivi;&nbsp;<\/li>\n\n\n\n<li>e chemioterapia.<\/li>\n<\/ul>\n\n\n\n<p class=\"wp-block-paragraph\">Questo dato \u00e8 fondamentale: <strong>le funzioni cognitive possono essere influenzate da trattamenti molto diversi<\/strong>, non solo neurologici.<\/p>\n\n\n\n<p class=\"wp-block-paragraph\">Di seguito viene presentato un <strong>riepilogo pi\u00f9 dettagliato<\/strong> di come diverse classi di farmaci possano influire su specifici processi cognitivi:<\/p>\n\n\n\n<div style=\"height:50px\" aria-hidden=\"true\" class=\"wp-block-spacer\"><\/div>\n\n\n\n<figure class=\"wp-block-table is-style-stripes table-nup\"><table class=\"has-fixed-layout\"><thead><tr><th><strong>Classe di farmaci<\/strong><\/th><th><strong>Tipo di deterioramento cognitivo<\/strong><\/th><th><strong>Dettaglio specifico<\/strong><\/th><\/tr><\/thead><tbody><tr><td>Antiepilettici<\/td><td>Attenzione, funzioni esecutive, velocit\u00e0 di elaborazione, apprendimento<\/td><td>Lentezza cognitiva, difficolt\u00e0 nell\u2019apprendimento verbale e nella memoria; effetti pi\u00f9 marcati con la politerapia<\/td><\/tr><tr><td>Topiramato \/ zonisamide<\/td><td>Memoria e linguaggio<\/td><td>Difficolt\u00e0 nella denominazione, nella fluenza verbale e nella memoria; effetto particolarmente rilevante per il topiramato<\/td><\/tr><tr><td>Antidepressivi triciclici<\/td><td>Memoria e apprendimento, delirium<\/td><td>Effetto anticolinergico \u2192 deterioramento della memoria, confusione; maggiore rischio di delirium<\/td><\/tr><tr><td>SSRI \/ SNRI<\/td><td>Basso rischio, impatto lieve<\/td><td>Possibile lieve rallentamento cognitivo; impatto minore rispetto ai triciclici; generalmente sicuri<\/td><\/tr><tr><td>Farmaci antiparkinsoniani (agonisti dopaminergici)<\/td><td>Confusione, delirium<\/td><td>Fluttuazioni cognitive, alterazione dello stato di vigilanza e del controllo cognitivo<\/td><\/tr><tr><td>Inibitori MAO \/ amantadina<\/td><td>Delirium<\/td><td>Alterazioni acute dello stato mentale, soprattutto nei pazienti vulnerabili<\/td><\/tr><tr><td>Antipsicotici<\/td><td>Delirium, attenzione, funzioni esecutive<\/td><td>Riduzione della velocit\u00e0 di elaborazione, della memoria verbale e delle funzioni esecutive; maggiore rischio negli anziani<\/td><\/tr><tr><td>Litio<\/td><td>Lentezza cognitiva, memoria, attenzione<\/td><td>Riduzione della vigilanza, dell\u2019attenzione sostenuta e della velocit\u00e0 psicomotoria; impatto sulla memoria<\/td><\/tr><tr><td>Benzodiazepine e farmaci Z<\/td><td>Amnesia, attenzione, velocit\u00e0<\/td><td>Amnesia anterograda, riduzione della vigilanza, rallentamento psicomotorio; rischio cumulativo<\/td><\/tr><tr><td>Oppioidi<\/td><td>Attenzione, memoria, velocit\u00e0<\/td><td>Sedazione, rallentamento cognitivo, deterioramento dell\u2019attenzione e della memoria; effetto dose-dipendente<\/td><\/tr><tr><td>Antistaminici (1\u00aa generazione)<\/td><td>Memoria, attenzione<\/td><td>Effetto anticolinergico \u2192 deterioramento cognitivo, soprattutto negli anziani<\/td><\/tr><tr><td>Corticosteroidi<\/td><td>Memoria, stato mentale<\/td><td>Alterazioni dell\u2019umore, della memoria e possibile confusione<\/td><\/tr><tr><td>IPP (omeprazolo, ecc.)<\/td><td>Rischio cognitivo a lungo termine<\/td><td>Associazione con deterioramento cognitivo (meccanismo non completamente chiaro)<\/td><\/tr><tr><td>Antipertensivi<\/td><td>Attenzione, stato mentale<\/td><td>Possibile impatto dovuto all\u2019ipotensione \u2192 riduzione della perfusione cerebrale<\/td><\/tr><\/tbody><\/table><figcaption class=\"wp-element-caption\">Tabella 1. Classi di farmaci, tipi di deterioramento cognitivo e manifestazioni specifiche descritte in letteratura. Adattato da Reimers et al., 2025.<\/figcaption><\/figure>\n\n\n\n<div style=\"height:50px\" aria-hidden=\"true\" class=\"wp-block-spacer\"><\/div>\n\n\n\n<h2 class=\"wp-block-heading\">Meccanismi: perch\u00e9 si verifica il deterioramento cognitivo indotto da farmaci<\/h2>\n\n\n\n<p class=\"wp-block-paragraph\">I <strong>meccanismi <\/strong>sono molteplici e dipendono dal farmaco, ma alcuni dei <strong>pi\u00f9 rilevanti<\/strong> sono:<\/p>\n\n\n\n<ul class=\"wp-block-list\">\n<li>Blocco dell\u2019acetilcolina \u2192 influisce sulla memoria;<\/li>\n\n\n\n<li>sedazione \u2192 riduce l\u2019attenzione e la velocit\u00e0 cognitiva;<\/li>\n\n\n\n<li>alterazioni dopaminergiche \u2192 incidono sulle funzioni esecutive;<\/li>\n\n\n\n<li>infiammazione e stress ossidativo;<\/li>\n\n\n\n<li>danno all\u2019ippocampo;<\/li>\n\n\n\n<li>e riduzione del flusso sanguigno cerebrale.<\/li>\n<\/ul>\n\n\n\n<p class=\"wp-block-paragraph\">In molti casi, questi effetti sono <strong>reversibili modificando o interrompendo il trattamento<\/strong>, a conferma dell\u2019importanza di identificarli correttamente.<\/p>\n\n\n\n<div style=\"height:50px\" aria-hidden=\"true\" class=\"wp-block-spacer\"><\/div>\n\n\n\n<h2 class=\"wp-block-heading\">Sfide nella diagnosi del deterioramento cognitivo indotto da farmaci<\/h2>\n\n\n\n<p class=\"wp-block-paragraph\">Nonostante la sua rilevanza, il deterioramento cognitivo indotto da farmaci <strong>continua a essere poco riconosciuto nella pratica clinica<\/strong>. Una delle <strong>ragioni principali<\/strong> \u00e8 che:<\/p>\n\n\n\n<ul class=\"wp-block-list\">\n<li>Solo <strong>il 6,5% degli studi clinici valuta la sicurezza cognitiva dei farmaci<\/strong>;&nbsp;<\/li>\n\n\n\n<li>si utilizzano strumenti di screening poco sensibili;&nbsp;<\/li>\n\n\n\n<li>e gli effetti lievi spesso passano inosservati.<\/li>\n<\/ul>\n\n\n\n<p class=\"wp-block-paragraph\">Ci\u00f2 significa che <strong>molti casi non vengono rilevati e possono essere interpretati erroneamente<\/strong> come deterioramento cognitivo primario.<\/p>\n\n\n\n<h2 class=\"wp-block-heading\">Quali implicazioni ha il deterioramento cognitivo indotto da farmaci per la pratica clinica?<\/h2>\n\n\n\n<p class=\"wp-block-paragraph\">Riconoscere il deterioramento cognitivo indotto da farmaci ha implicazioni dirette:<\/p>\n\n\n\n<h3 class=\"wp-block-heading\">Diagnosi pi\u00f9 precisa<\/h3>\n\n\n\n<p class=\"wp-block-paragraph\">Considerare i farmaci come possibile causa evita diagnosi errate di demenza o deterioramento cognitivo lieve.<\/p>\n\n\n\n<h3 class=\"wp-block-heading\">Interventi reversibili<\/h3>\n\n\n\n<p class=\"wp-block-paragraph\">A differenza di molte malattie neurodegenerative, il deterioramento cognitivo indotto da farmaci pu\u00f2 migliorare modificando il trattamento.<\/p>\n\n\n\n<h3 class=\"wp-block-heading\">Prevenzione<\/h3>\n\n\n\n<p class=\"wp-block-paragraph\">Ridurre la politerapia e scegliere farmaci con minore impatto cognitivo pu\u00f2 diminuire il rischio.<\/p>\n\n\n\n<div style=\"height:50px\" aria-hidden=\"true\" class=\"wp-block-spacer\"><\/div>\n\n\n\n<div class=\"wp-block-group br-0111 has-primary-background-color has-background has-dark-background has-sm-padding-top has-sm-padding-left has-sm-padding-right has-xxl-margin-top\"><div class=\"wp-block-group__inner-container is-layout-constrained wp-block-group-is-layout-constrained\">\n<div class=\"wp-block-columns is-layout-flex wp-container-core-columns-is-layout-8f761849 wp-block-columns-is-layout-flex\">\n<div class=\"wp-block-column is-layout-flow wp-block-column-is-layout-flow\">\n<figure class=\"wp-block-image size-full desktop-position-absolute desktop-bottom-0 mobile-width-50 mobile-m-inline-auto has-xl-margin-top\"><img decoding=\"async\" src=\"https:\/\/neuronup.com\/it\/wp-content\/uploads\/2022\/v3\/producto-certificado.webp\" alt=\"\" class=\"wp-image-31568\"><\/figure>\n<\/div>\n\n\n\n<div class=\"wp-block-column is-layout-flow wp-block-column-is-layout-flow\">\n<h2 class=\"wp-block-heading has-white-color has-text-color\"><strong>Iscriviti<\/strong> <br>alla nostra <br>Newsletter<\/h2>\n\n\n\n<div class=\"wp-block-buttons is-layout-flex wp-block-buttons-is-layout-flex\">\n<div class=\"wp-block-button--1\" style=\"--button-outline-color:var(--color-white);--button-outline-color-hover:rgba(0,0,0,0.8);\"><a class=\"wp-block-button__link button button-outline   wp-element-button\" href=\"https:\/\/neuronup.com\/it\/newsletter\/\">Iscriviti<\/a><\/div>\n\n<\/div>\n\n\n\n<div style=\"height:40px\" aria-hidden=\"true\" class=\"wp-block-spacer\"><\/div>\n<\/div>\n<\/div>\n<\/div><\/div>\n\n\n\n\n<div style=\"height:50px\" aria-hidden=\"true\" class=\"wp-block-spacer\"><\/div>\n\n\n\n<h2 class=\"wp-block-heading\">Qual \u00e8 il rapporto con NeuronUP?<\/h2>\n\n\n\n<p class=\"wp-block-paragraph\">In <strong><a href=\"https:\/\/neuronup.com\/it\/\">NeuronUP<\/a><\/strong>, il lavoro si concentra sulla valutazione e sulla riabilitazione cognitiva. In questo contesto, il deterioramento cognitivo indotto da farmaci \u00e8 particolarmente rilevante<strong> <\/strong>perch\u00e9:<\/p>\n\n\n\n<ul class=\"wp-block-list\">\n<li>Pu\u00f2 <strong>alterare reversibilmente le prestazioni cognitive<\/strong>, influenzando l\u2019interpretazione dei risultati;<\/li>\n\n\n\n<li>consente di <strong>identificare i casi in cui l\u2019intervento farmacologico \u00e8 fondamentale<\/strong>;<\/li>\n\n\n\n<li>rafforza la necessit\u00e0 di una <strong>valutazione completa del paziente<\/strong>, combinando dati clinici, farmacologici e cognitivi.<\/li>\n<\/ul>\n\n\n\n<p class=\"wp-block-paragraph\">Inoltre, il monitoraggio cognitivo mediante strumenti digitali pu\u00f2 aiutare a rilevare i cambiamenti associati ai trattamenti e a monitorarne l\u2019evoluzione.<\/p>\n\n\n\n<div style=\"height:50px\" aria-hidden=\"true\" class=\"wp-block-spacer\"><\/div>\n\n\n\n<aside class=\"wp-block-group br-0111 particle-bg has-background has-sm-padding-top has-sm-padding-bottom has-sm-padding-left has-sm-padding-right\" style=\"background-color:#008096\"><div class=\"wp-block-group__inner-container is-layout-constrained wp-block-group-is-layout-constrained\">\n<div class=\"wp-block-columns are-vertically-aligned-center is-layout-flex wp-container-core-columns-is-layout-8f761849 wp-block-columns-is-layout-flex\">\n<div class=\"wp-block-column is-vertically-aligned-center is-layout-flow wp-block-column-is-layout-flow\" style=\"flex-basis:66.66%\">\n<p class=\"has-white-color has-text-color has-xxl-font-size wp-block-paragraph\">Prova NeuronUP gratis per 7 giorni<\/p>\n\n\n\n<p class=\"has-white-color has-text-color wp-block-paragraph\">Digitalizza la tua valutazione e inizia a risparmiare tempo con un\u2019esperienza pi\u00f9 dinamica e coinvolgente grazie ai test digitali di NeuronUP.<\/p>\n<\/div>\n\n\n\n<div class=\"wp-block-column is-vertically-aligned-center is-layout-flow wp-block-column-is-layout-flow\" style=\"flex-basis:33.33%\">\n<div class=\"wp-block-buttons is-content-justification-center is-layout-flex wp-container-core-buttons-is-layout-fe48e5de wp-block-buttons-is-layout-flex\">\n<div class=\"wp-block-button\" style=\"--button-background:var(--color-custom-1);--button-background-hover:#cc7e00;\"><a class=\"wp-block-button__link button   wp-element-button\" href=\"https:\/\/neuronup.com\/it\/landing-store-user\/\">Inizia la prova<\/a><\/div>\n\n<\/div>\n<\/div>\n<\/div>\n<\/div><\/aside>\n\n\n\n<div style=\"height:50px\" aria-hidden=\"true\" class=\"wp-block-spacer\"><\/div>\n\n\n\n<h2 class=\"wp-block-heading\">Conclusioni sui farmaci e il deterioramento cognitivo<\/h2>\n\n\n\n<p class=\"wp-block-paragraph\">Il deterioramento cognitivo indotto da farmaci \u00e8 un fenomeno frequente, complesso e spesso sottodiagnosticato. Il suo impatto varia da sintomi lievi a quadri che possono simulare la demenza, con importanti conseguenze se non viene riconosciuto tempestivamente.<\/p>\n\n\n\n<p class=\"wp-block-paragraph\">In un contesto di crescente uso di farmaci e invecchiamento della popolazione, integrare la valutazione cognitiva nella pratica clinica \u2014 insieme a un\u2019attenta analisi della terapia farmacologica \u2014 \u00e8 fondamentale per migliorare la diagnosi e la qualit\u00e0 di vita dei pazienti.<\/p>\n\n\n\n<h2 class=\"wp-block-heading\">Bibliografia <\/h2>\n\n\n\n<ul class=\"wp-block-list\">\n<li class=\"has-sm-font-size\">Reimers A, Odin P, Ljung H. Drug-Induced Cognitive Impairment. Drug Safety. 2025;48(4):339\u2013361. https:\/\/doi.org\/10.1007\/s40264-024-01506-5<\/li>\n<\/ul>\n\n\n\n<div style=\"height:70px\" aria-hidden=\"true\" class=\"wp-block-spacer\"><\/div>\n\n\n\n<div class=\"wp-block-group p-4 br-0111 has-alt-background-color has-background has-light-background\"><div class=\"wp-block-group__inner-container is-layout-constrained wp-block-group-is-layout-constrained\">\n<h2 class=\"wp-block-heading\"><strong>Domande frequenti sull\u2019esposoma e la salute cerebrale<\/strong><\/h2>\n\n\n\n<div style=\"height:20px\" aria-hidden=\"true\" class=\"wp-block-spacer\"><\/div>\n\n\n\n<div class=\"wp-block-pb-accordion-item c-accordion__item js-accordion-item no-js\" data-initially-open=\"false\" data-click-to-close=\"true\" data-auto-close=\"true\" data-scroll=\"false\" data-scroll-offset=\"0\" id=\"trabajarneuronup\"><h3 id=\"at-515710\" class=\"c-accordion__title js-accordion-controller\" role=\"button\">1. Che cos\u2019\u00e8 il deterioramento cognitivo indotto da farmaci (DICI)?<\/h3><div id=\"ac-515710\" class=\"c-accordion__content\">\n<p class=\"wp-block-paragraph\">Il deterioramento cognitivo indotto da farmaci (DICI) \u00e8 definito come un\u2019alterazione delle funzioni cognitive causata direttamente dall\u2019assunzione di un farmaco. Non riguarda esclusivamente le persone anziane o i casi gravi di demenza: pu\u00f2 comparire negli adulti giovani e persino nei bambini, manifestandosi spesso in modo sottile. Queste alterazioni possono interessare diversi domini cerebrali chiave, tra cui la memoria (dimenticanze di informazioni recenti), l\u2019attenzione (distraibilit\u00e0), la velocit\u00e0 di elaborazione (lentezza mentale), il linguaggio (difficolt\u00e0 a trovare le parole) e le funzioni esecutive (problemi di pianificazione e presa di decisioni).<\/p>\n<\/div><\/div>\n\n\n\n<div class=\"wp-block-pb-accordion-item c-accordion__item js-accordion-item no-js\" data-initially-open=\"false\" data-click-to-close=\"true\" data-auto-close=\"true\" data-scroll=\"false\" data-scroll-offset=\"0\" id=\"trabajarneuronup\"><h3 id=\"at-515711\" class=\"c-accordion__title js-accordion-controller\" role=\"button\">2. Il deterioramento cognitivo indotto da farmaci \u00e8 reversibile?<\/h3><div id=\"ac-515711\" class=\"c-accordion__content\">\n<p class=\"wp-block-paragraph\">In molti casi, s\u00ec. A differenza di molte malattie neurodegenerative primarie, le alterazioni cognitive causate dal DICI possono migliorare o regredire completamente modificando la dose o interrompendo il trattamento farmacologico. Ci\u00f2 sottolinea l\u2019importanza di considerare i farmaci come possibile causa, cos\u00ec da applicare interventi precoci e reversibili.<\/p>\n<\/div><\/div>\n\n\n\n<div class=\"wp-block-pb-accordion-item c-accordion__item js-accordion-item no-js\" data-initially-open=\"false\" data-click-to-close=\"true\" data-auto-close=\"true\" data-scroll=\"false\" data-scroll-offset=\"0\" id=\"videosneuronup\"><h3 id=\"at-515712\" class=\"c-accordion__title js-accordion-controller\" role=\"button\">3. Quali farmaci comuni possono causare problemi di memoria o attenzione?<\/h3><div id=\"ac-515712\" class=\"c-accordion__content\">\n<p class=\"wp-block-paragraph\">Le funzioni cognitive possono essere influenzate da un\u2019ampia variet\u00e0 di trattamenti, non solo neurologici. Tra i pi\u00f9 comuni vi sono i farmaci del sistema nervoso centrale (antiepilettici, antidepressivi, antipsicotici e benzodiazepine). Sono rilevanti anche i farmaci con effetti sedativi o anticolinergici (antistaminici di prima generazione, farmaci per l\u2019incontinenza) e farmaci di uso generale come oppioidi, corticosteroidi, antipertensivi o inibitori della pompa protonica (omeprazolo).<\/p>\n<\/div><\/div>\n\n\n\n<div class=\"wp-block-pb-accordion-item c-accordion__item js-accordion-item no-js\" data-initially-open=\"false\" data-click-to-close=\"true\" data-auto-close=\"true\" data-scroll=\"false\" data-scroll-offset=\"0\" id=\"formaciongratuita\"><h3 id=\"at-515713\" class=\"c-accordion__title js-accordion-controller\" role=\"button\">4. Come distinguere il deterioramento cognitivo indotto da farmaci dalla demenza?<\/h3><div id=\"ac-515713\" class=\"c-accordion__content\">\n<p class=\"wp-block-paragraph\">\u00c8 una sfida clinica importante, perch\u00e9 i sintomi del DICI possono simulare malattie neurologiche come la demenza o il deterioramento cognitivo lieve. Per distinguerli, \u00e8 fondamentale effettuare una valutazione completa che combini anamnesi clinica, analisi approfondita della politerapia e test cognitivi. Strumenti di monitoraggio digitale, come NeuronUP, aiutano a monitorare i cambiamenti dopo le modifiche del trattamento.<\/p>\n<\/div><\/div>\n\n\n\n<div class=\"wp-block-pb-accordion-item c-accordion__item js-accordion-item no-js\" data-initially-open=\"false\" data-click-to-close=\"true\" data-auto-close=\"true\" data-scroll=\"false\" data-scroll-offset=\"0\" id=\"formaciongratuita\"><h3 id=\"at-515714\" class=\"c-accordion__title js-accordion-controller\" role=\"button\">5. Perch\u00e9 il deterioramento cognitivo indotto da farmaci \u00e8 sottodiagnosticato?<\/h3><div id=\"ac-515714\" class=\"c-accordion__content\">\n<p class=\"wp-block-paragraph\">Nonostante la sua frequenza (pu\u00f2 essere coinvolto fino nel 30% dei casi di delirium negli anziani ospedalizzati), passa inosservato per diversi motivi: gli effetti lievi vengono spesso ignorati, si utilizzano strumenti di screening poco sensibili e solo il 6,5% degli studi clinici valuta adeguatamente la sicurezza cognitiva dei farmaci. Inoltre, si presume spesso erroneamente che i problemi di memoria siano dovuti semplicemente all\u2019invecchiamento.<\/p>\n<\/div><\/div>\n<\/div><\/div>\n\n\n\n\n<div style=\"height:50px\" aria-hidden=\"true\" class=\"wp-block-spacer\"><\/div>\n\n\n\n<h3 class=\"wp-block-heading\">Se ti \u00e8 piaciuto questo articolo sul <strong>deterioramento cognitivo indotto da farmaci: un effetto avverso frequente ma sottodiagnosticato<\/strong>, probabilmente ti interesseranno questi articoli di NeuronUP:<\/h3>\n\n\n<div class=\"mai-grid entries entries-grid has-boxed has-image-full\" style=\"--entry-title-font-size:var(--font-size-lg);--align-text:start;--entry-meta-text-align:start;\"><div class=\"entries-wrap has-columns\" style=\"--columns-xs:1 \/ 1;--columns-sm:1 \/ 1;--columns-md:1 \/ 3;--columns-lg:1 \/ 3;--flex-xs:0 0 var(--flex-basis);--flex-sm:0 0 var(--flex-basis);--flex-md:0 0 var(--flex-basis);--flex-lg:0 0 var(--flex-basis);--column-gap:var(--spacing-lg);--row-gap:var(--spacing-lg);--align-columns:start;\"><article class=\"entry entry-grid is-column has-entry-link has-image has-image-first type-post category-neuropsicologia tag-neuropsicologia\" style=\"--entry-index:1;\" aria-label=\"Disturbo d\u2019ansia generalizzato (DAG): profilo neuropsicologico e valutazione clinica\" itemscope itemtype=\"https:\/\/schema.org\/CreativeWork\"><a class=\"entry-image-link\" href=\"https:\/\/neuronup.com\/it\/neuroscienze\/neuropsicologia\/disturbo-d-ansia-generalizzato-tag-profilo-neuropsicologico-e-valutazione-clinica\/\" tabindex=\"-1\" aria-hidden=\"true\"><img decoding=\"async\" width=\"400\" height=\"300\" src=\"https:\/\/neuronup.com\/it\/wp-content\/uploads\/2026\/08\/Trastorno-de-ansiedad-generalizada-TAG-perfil-neuropsicologico-y-evaluacion-clinica.-Como-afecta-el-TAG-a-las-funciones-ejecutivas-y-como-evaluarlo-400x300.webp\" class=\"entry-image size-landscape-sm\" alt=\"Disturbo d\u2019ansia generalizzato (DAG): profilo neuropsicologico e valutazione clinica. Come il DAG influisce sulle funzioni esecutive e come valutarlo.\" srcset=\"https:\/\/neuronup.com\/it\/wp-content\/uploads\/2026\/08\/Trastorno-de-ansiedad-generalizada-TAG-perfil-neuropsicologico-y-evaluacion-clinica.-Como-afecta-el-TAG-a-las-funciones-ejecutivas-y-como-evaluarlo-400x300.webp 400w, https:\/\/neuronup.com\/it\/wp-content\/uploads\/2026\/08\/Trastorno-de-ansiedad-generalizada-TAG-perfil-neuropsicologico-y-evaluacion-clinica.-Como-afecta-el-TAG-a-las-funciones-ejecutivas-y-como-evaluarlo-800x600.webp 800w, https:\/\/neuronup.com\/it\/wp-content\/uploads\/2026\/08\/Trastorno-de-ansiedad-generalizada-TAG-perfil-neuropsicologico-y-evaluacion-clinica.-Como-afecta-el-TAG-a-las-funciones-ejecutivas-y-como-evaluarlo-1200x900.webp 1200w\" sizes=\"(max-width:599px) 599px, (min-width:600px) and (max-width: 799px) 799px, (min-width:800px) and (max-width: 999px) 333px, (min-width:1000px) 400px\" \/><\/a><div class=\"entry-wrap entry-wrap-grid\"><h3 class=\"entry-title\" itemprop=\"headline\"><a class=\"entry-title-link\" href=\"https:\/\/neuronup.com\/it\/neuroscienze\/neuropsicologia\/disturbo-d-ansia-generalizzato-tag-profilo-neuropsicologico-e-valutazione-clinica\/\" rel=\"bookmark\">Disturbo d\u2019ansia generalizzato (DAG): profilo neuropsicologico e valutazione clinica<\/a><\/h3>\n<\/div><\/article><article class=\"entry entry-grid is-column has-entry-link has-image has-image-first type-post category-linee-di-ricerca tag-malattia-di-alzheimer tag-ricerca\" style=\"--entry-index:2;\" aria-label=\"Biomarcatori del sangue e Alzheimer: come il p-tau217 consente di prevedere la comparsa dei sintomi\" itemscope itemtype=\"https:\/\/schema.org\/CreativeWork\"><a class=\"entry-image-link\" href=\"https:\/\/neuronup.com\/it\/ricerca\/linee-di-ricerca\/biomarcatori-sanguinei-e-alzheimer-come-il-p-tau217-permette-di-prevedere-l-esordio-dei-sintomi\/\" tabindex=\"-1\" aria-hidden=\"true\"><img decoding=\"async\" width=\"400\" height=\"300\" src=\"https:\/\/neuronup.com\/it\/wp-content\/uploads\/2026\/08\/Biomarcadores-sanguineos-y-alzheimer-como-el-p-tau217-permite-predecir-la-aparicion-de-sintomas-400x300.webp\" class=\"entry-image size-landscape-sm\" alt=\"Biomarcatori ematici e Alzheimer: come il p-tau217 consente di prevedere la comparsa dei sintomi.\" srcset=\"https:\/\/neuronup.com\/it\/wp-content\/uploads\/2026\/08\/Biomarcadores-sanguineos-y-alzheimer-como-el-p-tau217-permite-predecir-la-aparicion-de-sintomas-400x300.webp 400w, https:\/\/neuronup.com\/it\/wp-content\/uploads\/2026\/08\/Biomarcadores-sanguineos-y-alzheimer-como-el-p-tau217-permite-predecir-la-aparicion-de-sintomas-800x600.webp 800w\" sizes=\"(max-width:599px) 599px, (min-width:600px) and (max-width: 799px) 799px, (min-width:800px) and (max-width: 999px) 333px, (min-width:1000px) 400px\" \/><\/a><div class=\"entry-wrap entry-wrap-grid\"><h3 class=\"entry-title\" itemprop=\"headline\"><a class=\"entry-title-link\" href=\"https:\/\/neuronup.com\/it\/ricerca\/linee-di-ricerca\/biomarcatori-sanguinei-e-alzheimer-come-il-p-tau217-permette-di-prevedere-l-esordio-dei-sintomi\/\" rel=\"bookmark\">Biomarcatori del sangue e Alzheimer: come il p-tau217 consente di prevedere la comparsa dei sintomi<\/a><\/h3>\n<\/div><\/article><article class=\"entry entry-grid is-column has-entry-link has-image has-image-first type-post category-risorse-umane\" style=\"--entry-index:3;\" aria-label=\"14 anni di crescita con NeuronUP: il percorso di C\u00e9sar Ortea fino alla guida della nostra tecnologia\" itemscope itemtype=\"https:\/\/schema.org\/CreativeWork\"><a class=\"entry-image-link\" href=\"https:\/\/neuronup.com\/it\/risorse-umane\/14-anni-crescendo-con-neuronup-il-percorso-di-cesar-ortea-fino-a-guidare-la-nostra-tecnologia\/\" tabindex=\"-1\" aria-hidden=\"true\"><img decoding=\"async\" width=\"400\" height=\"300\" src=\"https:\/\/neuronup.com\/it\/wp-content\/uploads\/2026\/08\/it-Historias-exito-NeuronUP-4-1-400x300.webp\" class=\"entry-image size-landscape-sm\" alt=\"\" srcset=\"https:\/\/neuronup.com\/it\/wp-content\/uploads\/2026\/08\/it-Historias-exito-NeuronUP-4-1-400x300.webp 400w, https:\/\/neuronup.com\/it\/wp-content\/uploads\/2026\/08\/it-Historias-exito-NeuronUP-4-1-800x600.webp 800w\" sizes=\"(max-width:599px) 599px, (min-width:600px) and (max-width: 799px) 799px, (min-width:800px) and (max-width: 999px) 333px, (min-width:1000px) 400px\" \/><\/a><div class=\"entry-wrap entry-wrap-grid\"><h3 class=\"entry-title\" itemprop=\"headline\"><a class=\"entry-title-link\" href=\"https:\/\/neuronup.com\/it\/risorse-umane\/14-anni-crescendo-con-neuronup-il-percorso-di-cesar-ortea-fino-a-guidare-la-nostra-tecnologia\/\" rel=\"bookmark\">14 anni di crescita con NeuronUP: il percorso di C\u00e9sar Ortea fino alla guida della nostra tecnologia<\/a><\/h3>\n<\/div><\/article><article class=\"entry entry-grid is-column has-entry-link has-image has-image-first type-post category-disturbi-del-neurosviluppo tag-adhd tag-autismo tag-bambini tag-disabilita-intellettiva\" style=\"--entry-index:4;\" aria-label=\"Alterazioni del sonno e rendimento esecutivo nei disturbi del neurosviluppo infantile: valutazione clinica e implicazioni per l\u2019intervento neuropsicologico\" itemscope itemtype=\"https:\/\/schema.org\/CreativeWork\"><a class=\"entry-image-link\" href=\"https:\/\/neuronup.com\/it\/stimolazione-e-riabilitazione-cognitiva\/disturbi-del-neurosviluppo\/alterazioni-del-sonno-e-delle-prestazioni-esecutive-nei-disturbi-dello-sviluppo-neuropsicologico-infantile-valutazione-clinica-e-implicazioni-per-l-intervento-neuropsicologico\/\" tabindex=\"-1\" aria-hidden=\"true\"><img decoding=\"async\" width=\"400\" height=\"300\" src=\"https:\/\/neuronup.com\/it\/wp-content\/uploads\/2026\/08\/Alteraciones-del-sueno-y-rendimiento-ejecutivo-en-trastornos-del-neurodesarrollo-infantil.-Relacion-entre-las-alteraciones-del-sueno-y-el-rendimiento-ejecutivo-de-ninos-con-TDAH-y-autismo-400x300.webp\" class=\"entry-image size-landscape-sm\" alt=\"Alterazioni del sonno e rendimento esecutivo nei disturbi del neurosviluppo infantile. Relazione tra alterazioni del sonno e rendimento esecutivo nei bambini con ADHD e autismo.\" srcset=\"https:\/\/neuronup.com\/it\/wp-content\/uploads\/2026\/08\/Alteraciones-del-sueno-y-rendimiento-ejecutivo-en-trastornos-del-neurodesarrollo-infantil.-Relacion-entre-las-alteraciones-del-sueno-y-el-rendimiento-ejecutivo-de-ninos-con-TDAH-y-autismo-400x300.webp 400w, https:\/\/neuronup.com\/it\/wp-content\/uploads\/2026\/08\/Alteraciones-del-sueno-y-rendimiento-ejecutivo-en-trastornos-del-neurodesarrollo-infantil.-Relacion-entre-las-alteraciones-del-sueno-y-el-rendimiento-ejecutivo-de-ninos-con-TDAH-y-autismo-800x600.webp 800w, https:\/\/neuronup.com\/it\/wp-content\/uploads\/2026\/08\/Alteraciones-del-sueno-y-rendimiento-ejecutivo-en-trastornos-del-neurodesarrollo-infantil.-Relacion-entre-las-alteraciones-del-sueno-y-el-rendimiento-ejecutivo-de-ninos-con-TDAH-y-autismo-1200x900.webp 1200w\" sizes=\"(max-width:599px) 599px, (min-width:600px) and (max-width: 799px) 799px, (min-width:800px) and (max-width: 999px) 333px, (min-width:1000px) 400px\" \/><\/a><div class=\"entry-wrap entry-wrap-grid\"><h3 class=\"entry-title\" itemprop=\"headline\"><a class=\"entry-title-link\" href=\"https:\/\/neuronup.com\/it\/stimolazione-e-riabilitazione-cognitiva\/disturbi-del-neurosviluppo\/alterazioni-del-sonno-e-delle-prestazioni-esecutive-nei-disturbi-dello-sviluppo-neuropsicologico-infantile-valutazione-clinica-e-implicazioni-per-l-intervento-neuropsicologico\/\" rel=\"bookmark\">Alterazioni del sonno e rendimento esecutivo nei disturbi del neurosviluppo infantile: valutazione clinica e implicazioni per l\u2019intervento neuropsicologico<\/a><\/h3>\n<\/div><\/article><article class=\"entry entry-grid is-column has-entry-link has-image has-image-first type-post category-adhd-disturbo-da-deficit-di-attenzione-iperattivita tag-adhd tag-bambini\" style=\"--entry-index:5;\" aria-label=\"Iperfocus nei bambini con ADHD: valutazione neuropsicologica e strategie di flessibilit\u00e0 cognitiva\" itemscope itemtype=\"https:\/\/schema.org\/CreativeWork\"><a class=\"entry-image-link\" href=\"https:\/\/neuronup.com\/it\/stimolazione-e-riabilitazione-cognitiva\/disturbi-del-neurosviluppo\/adhd-disturbo-da-deficit-di-attenzione-iperattivita\/iperfoco-nei-bambini-con-tdah-valutazione-neuropsicologica-e-strategie-di-flessibilita-cognitiva\/\" tabindex=\"-1\" aria-hidden=\"true\"><img decoding=\"async\" width=\"400\" height=\"300\" src=\"https:\/\/neuronup.com\/it\/wp-content\/uploads\/2026\/08\/Hiperenfoque-en-ninos-con-TDAH-400x300.webp\" class=\"entry-image size-landscape-sm\" alt=\"Iperfocus nei bambini con ADHD: valutazione neuropsicologica e strategie di flessibilit\u00e0 cognitiva\" srcset=\"https:\/\/neuronup.com\/it\/wp-content\/uploads\/2026\/08\/Hiperenfoque-en-ninos-con-TDAH-400x300.webp 400w, https:\/\/neuronup.com\/it\/wp-content\/uploads\/2026\/08\/Hiperenfoque-en-ninos-con-TDAH-800x600.webp 800w\" sizes=\"(max-width:599px) 599px, (min-width:600px) and (max-width: 799px) 799px, (min-width:800px) and (max-width: 999px) 333px, (min-width:1000px) 400px\" \/><\/a><div class=\"entry-wrap entry-wrap-grid\"><h3 class=\"entry-title\" itemprop=\"headline\"><a class=\"entry-title-link\" href=\"https:\/\/neuronup.com\/it\/stimolazione-e-riabilitazione-cognitiva\/disturbi-del-neurosviluppo\/adhd-disturbo-da-deficit-di-attenzione-iperattivita\/iperfoco-nei-bambini-con-tdah-valutazione-neuropsicologica-e-strategie-di-flessibilita-cognitiva\/\" rel=\"bookmark\">Iperfocus nei bambini con ADHD: valutazione neuropsicologica e strategie di flessibilit\u00e0 cognitiva<\/a><\/h3>\n<\/div><\/article><article class=\"entry entry-grid is-column has-entry-link has-image has-image-first type-post category-linee-di-ricerca tag-malattia-di-alzheimer tag-malattie-neurodegenerative tag-ricerca\" style=\"--entry-index:6;\" aria-label=\"Vaccino antinfluenzale ad alto dosaggio e malattia di Alzheimer: pu\u00f2 ridurre il rischio negli anziani?\" itemscope itemtype=\"https:\/\/schema.org\/CreativeWork\"><a class=\"entry-image-link\" href=\"https:\/\/neuronup.com\/it\/ricerca\/linee-di-ricerca\/vaccino-influenzale-dose-alta-e-malattia-di-alzheimer-potrebbe-ridurre-il-rischio-negli-anziani\/\" tabindex=\"-1\" aria-hidden=\"true\"><img decoding=\"async\" width=\"400\" height=\"300\" src=\"https:\/\/neuronup.com\/it\/wp-content\/uploads\/2026\/08\/Vacuna-de-la-gripe-de-alta-dosis-y-enfermedad-de-Alzheimer-\u00bfpuede-reducir-el-riesgo-en-adultos-mayores-400x300.webp\" class=\"entry-image size-landscape-sm\" alt=\"Vaccino antinfluenzale ad alto dosaggio e malattia di Alzheimer: pu\u00f2 ridurre il rischio negli anziani?\" srcset=\"https:\/\/neuronup.com\/it\/wp-content\/uploads\/2026\/08\/Vacuna-de-la-gripe-de-alta-dosis-y-enfermedad-de-Alzheimer-\u00bfpuede-reducir-el-riesgo-en-adultos-mayores-400x300.webp 400w, https:\/\/neuronup.com\/it\/wp-content\/uploads\/2026\/08\/Vacuna-de-la-gripe-de-alta-dosis-y-enfermedad-de-Alzheimer-\u00bfpuede-reducir-el-riesgo-en-adultos-mayores-800x600.webp 800w\" sizes=\"(max-width:599px) 599px, (min-width:600px) and (max-width: 799px) 799px, (min-width:800px) and (max-width: 999px) 333px, (min-width:1000px) 400px\" \/><\/a><div class=\"entry-wrap entry-wrap-grid\"><h3 class=\"entry-title\" itemprop=\"headline\"><a class=\"entry-title-link\" href=\"https:\/\/neuronup.com\/it\/ricerca\/linee-di-ricerca\/vaccino-influenzale-dose-alta-e-malattia-di-alzheimer-potrebbe-ridurre-il-rischio-negli-anziani\/\" rel=\"bookmark\">Vaccino antinfluenzale ad alto dosaggio e malattia di Alzheimer: pu\u00f2 ridurre il rischio negli anziani?<\/a><\/h3>\n<\/div><\/article><\/div><\/div>","protected":false},"excerpt":{"rendered":"<p>La dottoranda Marta Arbizu G\u00f3mez presenta gli aspetti clinici chiave del deterioramento cognitivo indotto da farmaci, un effetto avverso frequente ma sottodiagnosticato che pu\u00f2 alterare drasticamente la memoria e l\u2019attenzione dei pazienti. Il deterioramento cognitivo indotto da farmaci (DICI) \u00e8 un effetto avverso frequente ma fortemente sottodiagnosticato che nella pratica clinica pu\u00f2 simulare quadri di &hellip;<\/p>\n","protected":false},"author":231,"featured_media":900000574,"comment_status":"open","ping_status":"open","sticky":false,"template":"","format":"standard","meta":{"_acf_changed":false,"_genesis_hide_title":false,"_genesis_hide_breadcrumbs":false,"_genesis_hide_singular_image":false,"_genesis_hide_footer_widgets":false,"_genesis_custom_body_class":"","_genesis_custom_post_class":"","_genesis_layout":"","footnotes":""},"categories":[452],"tags":[370],"class_list":["type-post","category-linee-di-ricerca","tag-ricerca","entry"],"acf":[],"_links":{"self":[{"href":"https:\/\/neuronup.com\/it\/wp-json\/wp\/v2\/posts\/900000575","targetHints":{"allow":["GET"]}}],"collection":[{"href":"https:\/\/neuronup.com\/it\/wp-json\/wp\/v2\/posts"}],"about":[{"href":"https:\/\/neuronup.com\/it\/wp-json\/wp\/v2\/types\/post"}],"author":[{"embeddable":true,"href":"https:\/\/neuronup.com\/it\/wp-json\/wp\/v2\/users\/231"}],"replies":[{"embeddable":true,"href":"https:\/\/neuronup.com\/it\/wp-json\/wp\/v2\/comments?post=900000575"}],"version-history":[{"count":3,"href":"https:\/\/neuronup.com\/it\/wp-json\/wp\/v2\/posts\/900000575\/revisions"}],"predecessor-version":[{"id":900000694,"href":"https:\/\/neuronup.com\/it\/wp-json\/wp\/v2\/posts\/900000575\/revisions\/900000694"}],"wp:featuredmedia":[{"embeddable":true,"href":"https:\/\/neuronup.com\/it\/wp-json\/wp\/v2\/media\/900000574"}],"wp:attachment":[{"href":"https:\/\/neuronup.com\/it\/wp-json\/wp\/v2\/media?parent=900000575"}],"wp:term":[{"taxonomy":"category","embeddable":true,"href":"https:\/\/neuronup.com\/it\/wp-json\/wp\/v2\/categories?post=900000575"},{"taxonomy":"post_tag","embeddable":true,"href":"https:\/\/neuronup.com\/it\/wp-json\/wp\/v2\/tags?post=900000575"}],"curies":[{"name":"wp","href":"https:\/\/api.w.org\/{rel}","templated":true}]}}