
{"id":900000571,"date":"2026-08-28T09:36:56","date_gmt":"2026-08-28T07:36:56","guid":{"rendered":"https:\/\/neuronup.com\/it\/?p=900000571"},"modified":"2026-08-28T12:59:23","modified_gmt":"2026-08-28T10:59:23","slug":"durata-del-sonno-e-invecchiamento-biologico-cerebrale-implicazioni-cliniche-e-neurobiologiche","status":"publish","type":"post","link":"https:\/\/neuronup.com\/it\/ricerca\/linee-di-ricerca\/durata-del-sonno-e-invecchiamento-biologico-cerebrale-implicazioni-cliniche-e-neurobiologiche\/","title":{"rendered":"Durata del sonno e invecchiamento biologico cerebrale: implicazioni cliniche e neurobiologiche"},"content":{"rendered":"\n<p class=\"has-xl-font-size wp-block-paragraph\">La dottoranda Marta Arbizu G\u00f3mez <strong>analizza un recente studio sull\u2019impatto della durata del sonno sugli orologi biologici cerebrali e sulle sue implicazioni per la pratica clinica<\/strong>.<\/p>\n\n\n\n<div class=\"wp-block-group\"><div class=\"wp-block-group__inner-container is-layout-constrained wp-block-group-is-layout-constrained\">\n<p class=\"has-text-align-left br-0101 has-heading-color has-alt-background-color has-text-color has-background has-link-color wp-elements-1 has-xl-margin-top has-xxl-margin-bottom wp-block-paragraph\">Uno studio pubblicato su Nature dimostra che la <strong>durata del sonno presenta una relazione a forma di U con l\u2019invecchiamento biologico<\/strong> cerebrale e sistemico. Dormire meno di 6 ore o pi\u00f9 di 8 ore accelera l\u2019et\u00e0 biologica stimata mediante risonanza magnetica, proteomica e metabolomica, aumentando il rischio di malattie e la mortalit\u00e0. La <strong>finestra di riposo ottimale \u00e8 compresa tra 6,4 e 7,8 ore al giorno<\/strong>.<br><br>Per i professionisti della neuroriabilitazione, <strong>integrare l\u2019igiene del sonno nei programmi di stimolazione cognitiva<\/strong> di NeuronUP <strong>\u00e8 fondamentale per rallentare il declino cognitivo<\/strong> e promuovere un invecchiamento sano.<\/p>\n<\/div><\/div>\n\n\n\n<div style=\"height:20px\" aria-hidden=\"true\" class=\"wp-block-spacer\"><\/div>\n\n\n\n<h2 class=\"wp-block-heading\">Impatto del riposo sugli orologi dell\u2019invecchiamento biologico<\/h2>\n\n\n\n<p class=\"wp-block-paragraph\">Il sonno \u00e8 una delle funzioni biologiche pi\u00f9 importanti per mantenere la salute fisica e mentale. Tuttavia, negli ultimi decenni \u00e8 stato osservato che sia dormire poco sia dormire troppo \u00e8 associato a un maggiore rischio di malattie cardiovascolari, <a href=\"https:\/\/neuronup.com\/it\/stimolazione-e-riabilitazione-cognitiva\/malattie-neurodegenerative\/deterioramento-cognitivo-lieve-o-demenza-differenze-cliniche-diagnosi-e-stimolazione-cognitiva\/\">declino cognitivo<\/a>, depressione o diabete.<\/p>\n\n\n\n<p class=\"wp-block-paragraph\">Sebbene queste associazioni fossero gi\u00e0 note, <strong>non era ancora chiaro in che modo il sonno influisca realmente <\/strong>sull\u2019invecchiamento dell\u2019organismo. L\u2019impatto \u00e8 limitato al cervello? Oppure coinvolge anche altri organi e sistemi del corpo?<\/p>\n\n\n\n<p class=\"wp-block-paragraph\">Un <strong>recente studio<\/strong> pubblicato su <em>Nature<\/em> affronta proprio questa questione attraverso l\u2019analisi di \u201corologi biologici\u201d basati su neuroimaging, proteomica e metabolomica, rivelando che <strong>esiste una relazione a forma di U tra le <\/strong><a href=\"https:\/\/neuronup.com\/it\/ricerca\/linee-di-ricerca\/come-il-sonno-protegge-il-cervello-di-fronte-alla-neurodegenerazione-implicazioni-per-la-riabilitazione-cognitiva\/\"><strong>ore di sonno e l\u2019invecchiamento biologico<\/strong><\/a>. In altre parole: sia dormire troppo poco sia dormire troppo \u00e8 associato a un invecchiamento accelerato dell\u2019organismo.<\/p>\n\n\n\n<h2 class=\"wp-block-heading\">Metodologia: come \u00e8 stata condotta la ricerca sul sonno e sull\u2019invecchiamento cerebrale?<\/h2>\n\n\n\n<p class=\"wp-block-paragraph\">Il lavoro ha utilizzato i dati di centinaia di migliaia di partecipanti provenienti principalmente dalla UK Biobank, una delle pi\u00f9 grandi banche dati biomediche del mondo. I ricercatori <strong>hanno analizzato la relazione tra la durata del sonno e 23 diversi orologi biologici<\/strong> sviluppati a partire da:<\/p>\n\n\n\n<ul class=\"wp-block-list\">\n<li>Risonanza magnetica (MRI);<\/li>\n\n\n\n<li>proteomica plasmatica;\u00a0<\/li>\n\n\n\n<li>metabolomica;\u00a0<\/li>\n\n\n\n<li>e biomarcatori multiorgano.<\/li>\n<\/ul>\n\n\n\n<p class=\"wp-block-paragraph\">In totale,<strong> sono stati valutati molteplici sistemi corporei<\/strong>, tra cui:<\/p>\n\n\n\n<ul class=\"wp-block-list\">\n<li>Cervello;<\/li>\n\n\n\n<li>polmoni;<\/li>\n\n\n\n<li>fegato;<\/li>\n\n\n\n<li>sistema immunitario;<\/li>\n\n\n\n<li>tessuto adiposo;<\/li>\n\n\n\n<li>pancreas;\u00a0<\/li>\n\n\n\n<li>e sistema endocrino.<\/li>\n<\/ul>\n\n\n\n<p class=\"wp-block-paragraph\">Per studiare queste associazioni sono stati utilizzati <strong>modelli statistici non lineari<\/strong>, <strong>che hanno permesso di individuare pattern complessi<\/strong> tra le ore di sonno e l\u2019invecchiamento biologico.<\/p>\n\n\n\n<div style=\"height:50px\" aria-hidden=\"true\" class=\"wp-block-spacer\"><\/div>\n\n\n<div class=\"wp-block-image image-interface\">\n<figure class=\"aligncenter size-full\"><img decoding=\"async\" width=\"1008\" height=\"1071\" src=\"https:\/\/neuronup.com\/it\/wp-content\/uploads\/2026\/08\/it-Relacion-entre-duracion-del-sueno-y-relojes-de-envejecimiento-biologico-BAG-en-d.webp\" alt=\"Relazione tra durata del sonno e orologi dell\u2019invecchiamento biologico (BAG) in diversi organi e tecnologie omiche.\" class=\"wp-image-900000570\" srcset=\"https:\/\/neuronup.com\/it\/wp-content\/uploads\/2026\/08\/it-Relacion-entre-duracion-del-sueno-y-relojes-de-envejecimiento-biologico-BAG-en-d-282x300.webp 282w, https:\/\/neuronup.com\/it\/wp-content\/uploads\/2026\/08\/it-Relacion-entre-duracion-del-sueno-y-relojes-de-envejecimiento-biologico-BAG-en-d-768x816.webp 768w, https:\/\/neuronup.com\/it\/wp-content\/uploads\/2026\/08\/it-Relacion-entre-duracion-del-sueno-y-relojes-de-envejecimiento-biologico-BAG-en-d-964x1024.webp 964w, https:\/\/neuronup.com\/it\/wp-content\/uploads\/2026\/08\/it-Relacion-entre-duracion-del-sueno-y-relojes-de-envejecimiento-biologico-BAG-en-d.webp 1008w\" sizes=\"(max-width: 1008px) 100vw, 1008px\" \/><figcaption class=\"wp-element-caption\"><strong>Figura 1<\/strong>. Relazione tra durata del sonno e orologi dell\u2019invecchiamento biologico (BAG) in diversi organi e tecnologie omiche. Le curve mostrano l\u2019associazione tra ore di sonno ed et\u00e0 biologica stimata mediante proteomica plasmatica (ProtBAG), metabolomica plasmatica (MetBAG) e risonanza magnetica (MRIBAG). Le linee blu corrispondono agli uomini e quelle arancioni alle donne. Le linee tratteggiate indicano la durata del sonno associata al valore pi\u00f9 basso di BAG per ciascun sesso. Adattato da The MULTI Consortium et al., Nature (2026).<\/figcaption><\/figure>\n<\/div>\n\n\n<div style=\"height:50px\" aria-hidden=\"true\" class=\"wp-block-spacer\"><\/div>\n\n\n\n<h2 class=\"wp-block-heading\">Cosa rivelano i dati sulla salute biologica?: la curva a U del sonno<\/h2>\n\n\n\n<p class=\"wp-block-paragraph\">I <strong>risultati mostrano un pattern molto coerente<\/strong>: i <strong>valori pi\u00f9 bassi di invecchiamento biologico si raggiungono approssimativamente tra 6,4 e 7,8 ore di sonno<\/strong>, a seconda dell\u2019organo e del sesso.<\/p>\n\n\n\n<p class=\"wp-block-paragraph\">Al contrario:<\/p>\n\n\n\n<ul class=\"wp-block-list\">\n<li><strong>Dormire meno di 6 ore<\/strong> \u00e8 associato a un <strong>invecchiamento biologico accelerato<\/strong>.<\/li>\n\n\n\n<li><strong>Dormire pi\u00f9 di 8 ore<\/strong> \u00e8 anch\u2019esso associato a una <strong>peggiore salute biologica<\/strong>.<\/li>\n<\/ul>\n\n\n\n<p class=\"wp-block-paragraph\">Questo pattern \u00e8 emerso nei biomarcatori correlati al cervello, al metabolismo, al sistema immunitario e agli organi periferici, il che <strong>suggerisce che il sonno influisca sistemicamente sull\u2019organismo<\/strong> e non soltanto sulla funzione cerebrale.<\/p>\n\n\n\n<p class=\"wp-block-paragraph\">Inoltre, lo studio ha rilevato che il <a href=\"https:\/\/neuronup.com\/it\/neuroscienze\/neuropsicologia\/funzioni-esecutive\/come-influisce-linsonnia-sulle-nostre-funzioni-esecutive\/\"><strong>sonno breve<\/strong><\/a><strong> era particolarmente associato a un rischio maggiore<\/strong> di:<\/p>\n\n\n\n<ul class=\"wp-block-list\">\n<li>Depressione e ansia;<\/li>\n\n\n\n<li>diabete di tipo 2;\u00a0<\/li>\n\n\n\n<li>ipertensione e cardiopatia ischemica;<\/li>\n\n\n\n<li>dolore muscoloscheletrico;\u00a0<\/li>\n\n\n\n<li>broncopneumopatia cronica ostruttiva (BPCO);\u00a0<\/li>\n\n\n\n<li>e disturbi digestivi.<\/li>\n<\/ul>\n\n\n\n<p class=\"wp-block-paragraph\">Per quanto riguarda la mortalit\u00e0, sia il sonno breve sia il sonno lungo erano associati a un <strong>aumento significativo del rischio di morte per qualsiasi causa<\/strong>:<\/p>\n\n\n\n<div style=\"height:50px\" aria-hidden=\"true\" class=\"wp-block-spacer\"><\/div>\n\n\n\n<figure class=\"wp-block-table is-style-stripes table-nup\"><table class=\"has-fixed-layout\"><thead><tr><th class=\"has-text-align-center\" data-align=\"center\"><strong>Pattern del sonno<\/strong><\/th><th class=\"has-text-align-center\" data-align=\"center\"><strong>Rischio di mortalit\u00e0<\/strong><\/th><\/tr><\/thead><tbody><tr><td class=\"has-text-align-center\" data-align=\"center\">Sonno breve (&lt;6 h)<\/td><td class=\"has-text-align-center\" data-align=\"center\">HR \u2248 1,50<\/td><\/tr><tr><td class=\"has-text-align-center\" data-align=\"center\">Sonno lungo (>8 h)<\/td><td class=\"has-text-align-center\" data-align=\"center\">HR \u2248 1,40<\/td><\/tr><\/tbody><\/table><figcaption class=\"wp-element-caption\"><strong>Tabella 1<\/strong>: Relazione tra durata del sonno e rischio di mortalit\u00e0.<\/figcaption><\/figure>\n\n\n\n<div style=\"height:50px\" aria-hidden=\"true\" class=\"wp-block-spacer\"><\/div>\n\n\n\n<div class=\"wp-block-group br-0111 has-primary-background-color has-background has-dark-background has-sm-padding-top has-sm-padding-left has-sm-padding-right has-xxl-margin-top\"><div class=\"wp-block-group__inner-container is-layout-constrained wp-block-group-is-layout-constrained\">\n<div class=\"wp-block-columns is-layout-flex wp-container-core-columns-is-layout-8f761849 wp-block-columns-is-layout-flex\">\n<div class=\"wp-block-column is-layout-flow wp-block-column-is-layout-flow\">\n<figure class=\"wp-block-image size-full desktop-position-absolute desktop-bottom-0 mobile-width-50 mobile-m-inline-auto has-xl-margin-top\"><img decoding=\"async\" src=\"https:\/\/neuronup.com\/it\/wp-content\/uploads\/2022\/v3\/producto-certificado.webp\" alt=\"\" class=\"wp-image-31568\"><\/figure>\n<\/div>\n\n\n\n<div class=\"wp-block-column is-layout-flow wp-block-column-is-layout-flow\">\n<h2 class=\"wp-block-heading has-white-color has-text-color\"><strong>Iscriviti<\/strong> <br>alla nostra <br>Newsletter<\/h2>\n\n\n\n<div class=\"wp-block-buttons is-layout-flex wp-block-buttons-is-layout-flex\">\n<div class=\"wp-block-button--1\" style=\"--button-outline-color:var(--color-white);--button-outline-color-hover:rgba(0,0,0,0.8);\"><a class=\"wp-block-button__link button button-outline   wp-element-button\" href=\"https:\/\/neuronup.com\/it\/newsletter\/\">Iscriviti<\/a><\/div>\n\n<\/div>\n\n\n\n<div style=\"height:40px\" aria-hidden=\"true\" class=\"wp-block-spacer\"><\/div>\n<\/div>\n<\/div>\n<\/div><\/div>\n\n\n\n\n<div style=\"height:50px\" aria-hidden=\"true\" class=\"wp-block-spacer\"><\/div>\n\n\n\n<h2 class=\"wp-block-heading\">Meccanismi differenziali e processi biologici<\/h2>\n\n\n\n<p class=\"wp-block-paragraph\">Uno degli aspetti pi\u00f9 interessanti dello studio \u00e8 che il sonno breve e quello lungo<strong> non sembrano influire sull\u2019organismo nello stesso modo<\/strong>.<\/p>\n\n\n\n<p class=\"wp-block-paragraph\">Gli autori hanno osservato che:<\/p>\n\n\n\n<ul class=\"wp-block-list\">\n<li>Il <strong>sonno breve<\/strong> \u00e8 pi\u00f9 direttamente correlato a <a href=\"https:\/\/neuronup.com\/it\/stimolazione-e-riabilitazione-cognitiva\/malattia-mentale\/depressione-negli-anziani-impatto-cognitivo-e-approccio-dalla-stimolazione\/\"><strong>depressione e deterioramento della salute<\/strong><\/a>.<\/li>\n\n\n\n<li>Il <strong>sonno lungo<\/strong> sembra agire indirettamente, attraverso l\u2019<strong>invecchiamento cerebrale e sistemico<\/strong>.<\/li>\n<\/ul>\n\n\n\n<p class=\"wp-block-paragraph\">Ci\u00f2 suggerisce che <strong>dormire troppo potrebbe essere<\/strong>, in alcuni casi, un <strong>marcatore di processi biologici sottostanti<\/strong> correlati all\u2019invecchiamento, all\u2019infiammazione o alla malattia.<\/p>\n\n\n\n<div style=\"height:50px\" aria-hidden=\"true\" class=\"wp-block-spacer\"><\/div>\n\n\n<div class=\"wp-block-image image-interface\">\n<figure class=\"aligncenter size-large\"><img decoding=\"async\" width=\"2044\" height=\"528\" src=\"https:\/\/neuronup.com\/it\/wp-content\/uploads\/2026\/08\/it-Modelo-simplificado-de-mediacion-temporal-entre-duracion-del-sueno-envejecimient.webp\" alt=\"\" class=\"wp-image-900000569\" srcset=\"https:\/\/neuronup.com\/it\/wp-content\/uploads\/2026\/08\/it-Modelo-simplificado-de-mediacion-temporal-entre-duracion-del-sueno-envejecimient-300x77.webp 300w, https:\/\/neuronup.com\/it\/wp-content\/uploads\/2026\/08\/it-Modelo-simplificado-de-mediacion-temporal-entre-duracion-del-sueno-envejecimient-768x198.webp 768w, https:\/\/neuronup.com\/it\/wp-content\/uploads\/2026\/08\/it-Modelo-simplificado-de-mediacion-temporal-entre-duracion-del-sueno-envejecimient-1024x265.webp 1024w, https:\/\/neuronup.com\/it\/wp-content\/uploads\/2026\/08\/it-Modelo-simplificado-de-mediacion-temporal-entre-duracion-del-sueno-envejecimient-1536x397.webp 1536w, https:\/\/neuronup.com\/it\/wp-content\/uploads\/2026\/08\/it-Modelo-simplificado-de-mediacion-temporal-entre-duracion-del-sueno-envejecimient.webp 2044w\" sizes=\"(max-width: 2044px) 100vw, 2044px\" \/><figcaption class=\"wp-element-caption\"><strong>Figura 2<\/strong>: Modello semplificato di mediazione temporale tra durata del sonno, invecchiamento cerebrale e sintomi depressivi. Lo studio suggerisce che il sonno lungo potrebbe agire indirettamente attraverso processi di invecchiamento biologico cerebrale. Adattato da The MULTI Consortium et al., Nature (2026).<\/figcaption><\/figure>\n<\/div>\n\n\n<div style=\"height:50px\" aria-hidden=\"true\" class=\"wp-block-spacer\"><\/div>\n\n\n\n<h2 class=\"wp-block-heading\">Quali implicazioni ha per la pratica clinica?<\/h2>\n\n\n\n<p class=\"wp-block-paragraph\">I risultati rafforzano l\u2019importanza del sonno come fattore chiave per un invecchiamento sano e la prevenzione delle malattie.<\/p>\n\n\n\n<p class=\"wp-block-paragraph\">Tra le principali implicazioni figurano:<\/p>\n\n\n\n<h3 class=\"wp-block-heading\">Prevenzione e invecchiamento sano<\/h3>\n\n\n\n<p class=\"wp-block-paragraph\">Mantenere abitudini di sonno adeguate potrebbe contribuire a rallentare i processi di invecchiamento biologico in diversi organi.<\/p>\n\n\n\n<h3 class=\"wp-block-heading\">Identificazione precoce del rischio<\/h3>\n\n\n\n<p class=\"wp-block-paragraph\">Alterazioni persistenti del sonno potrebbero fungere da segnali precoci di vulnerabilit\u00e0 biologica o di una futura malattia.<\/p>\n\n\n\n<h3 class=\"wp-block-heading\">Approccio multidisciplinare<\/h3>\n\n\n\n<p class=\"wp-block-paragraph\">Lo studio mostra che il sonno influisce simultaneamente sul cervello, sul metabolismo, sull\u2019infiammazione e sulla salute cardiovascolare, sottolineando la necessit\u00e0 di un approccio integrato all\u2019assistenza sanitaria.<\/p>\n\n\n\n<h2 class=\"wp-block-heading\">Qual \u00e8 il rapporto tra questo progresso e NeuronUP?<\/h2>\n\n\n\n<p class=\"wp-block-paragraph\">In <a href=\"https:\/\/neuronup.com\/it\/\"><strong>NeuronUP<\/strong><\/a>, la <a href=\"https:\/\/neuronup.com\/it\/neuroriabilitazione\/\">stimolazione e riabilitazione cognitiva<\/a> sono concepite all\u2019interno di un approccio globale alla salute cerebrale. Questo studio rafforza l\u2019idea che fattori come il sonno svolgano un<strong> ruolo fondamentale nel mantenimento della funzione cognitiva e della qualit\u00e0 di vita<\/strong>.<\/p>\n\n\n\n<p class=\"wp-block-paragraph\"><strong>Comprendere come il sonno influisca<\/strong> sull\u2019invecchiamento cerebrale <strong>pu\u00f2 aiutare a<\/strong>:<\/p>\n\n\n\n<ul class=\"wp-block-list\">\n<li>Progettare <strong>interventi <\/strong>cognitivi <strong>pi\u00f9 personalizzati<\/strong>.<\/li>\n\n\n\n<li><strong>Identificare i fattori modificabili <\/strong>associati al declino cognitivo.<\/li>\n\n\n\n<li><strong>Integrare i programmi di riabilitazione<\/strong> con <a href=\"https:\/\/neuronup.com\/it\/neuroscienze\/neuropsicologia\/l-impatto-del-sonno-sull-attenzione-capire-e-migliorare-la-vigilanza-cognitiva\/\">strategie di igiene del sonno<\/a>.<\/li>\n\n\n\n<li><strong>Favorire un approccio preventivo<\/strong> all\u2019invecchiamento cerebrale.<\/li>\n<\/ul>\n\n\n\n<p class=\"wp-block-paragraph\">Inoltre, questi <strong>risultati supportano la crescente integrazione tra biomarcatori biologici e strumenti digitali per la salute cognitiva<\/strong>.<\/p>\n\n\n\n<div style=\"height:50px\" aria-hidden=\"true\" class=\"wp-block-spacer\"><\/div>\n\n\n\n<div class=\"wp-block-group\"><div class=\"wp-block-group__inner-container is-layout-constrained wp-block-group-is-layout-constrained\">\n<div class=\"wp-block-columns br-0111 particle-bg p-5 has-primary-background-color has-background is-layout-flex wp-container-core-columns-is-layout-8f761849 wp-block-columns-is-layout-flex\">\n<div class=\"wp-block-column is-layout-flow wp-block-column-is-layout-flow\" style=\"flex-basis:66.66%\">\n<h2 class=\"wp-block-heading has-white-color has-text-color\">Prova NeuronUP gratis per 7 giorni<\/h2>\n\n\n\n<p class=\"has-white-color has-text-color wp-block-paragraph\">Potrai collaborare con le nostre attivit\u00e0, progettare sedute o fare riabilitazione a distanza.<\/p>\n<\/div>\n\n\n\n<div class=\"wp-block-column is-layout-flow wp-block-column-is-layout-flow\" style=\"flex-basis:33.33%\">\n<div class=\"wp-block-buttons is-content-justification-center is-layout-flex wp-container-core-buttons-is-layout-fe48e5de wp-block-buttons-is-layout-flex\">\n<div class=\"wp-block-button\" style=\"--button-background:var(--color-custom-1);--button-background-hover:#cc7e00;\"><a class=\"wp-block-button__link button   wp-element-button\" href=\"https:\/\/neuronup.com\/it\/landing-store-user\/\">Comincia la tua prova<\/a><\/div>\n\n<\/div>\n<\/div>\n<\/div>\n<\/div><\/div>\n\n\n\n<div style=\"height:18px\" aria-hidden=\"true\" class=\"wp-block-spacer\"><\/div>\n\n\n\n<div style=\"height:50px\" aria-hidden=\"true\" class=\"wp-block-spacer\"><\/div>\n\n\n\n<h2 class=\"wp-block-heading\">Conclusioni sull\u2019igiene del sonno e la salute cerebrale<\/h2>\n\n\n\n<p class=\"wp-block-paragraph\">Questo ampio studio pubblicato su Nature dimostra che la relazione tra sonno e salute segue una curva a forma di U: sia dormire poco sia dormire troppo sono associati a un invecchiamento biologico accelerato e a un maggiore rischio di malattia e mortalit\u00e0.<\/p>\n\n\n\n<p class=\"wp-block-paragraph\">I risultati suggeriscono che <strong>mantenere una durata del sonno adeguata potrebbe diventare una strategia chiave per promuovere un invecchiamento sano<\/strong> e proteggere la salute cerebrale.<\/p>\n\n\n\n<p class=\"wp-block-paragraph\">Nel contesto di NeuronUP, questi risultati rafforzano l\u2019<strong>importanza di affrontare il declino cognitivo da una prospettiva integrata<\/strong>, in cui fattori biologici, abitudini di vita e riabilitazione cognitiva collaborino per migliorare la qualit\u00e0 di vita delle persone.<\/p>\n\n\n\n<h2 class=\"wp-block-heading\">Bibliografia <\/h2>\n\n\n\n<ul class=\"wp-block-list\">\n<li class=\"has-sm-font-size\">The MULTI Consortium, O\u2019Toole CK, Song Z, Anagnostakis F, Yang Z, Tian YE, Duggan MR, Zou C, Leng Y, Cai Y, Bai W, Fu CHY, Rafii MS, Aisen P, Wang G, De Jager PL, Zeng J, Oh HSH, Zhou X, Walker KA, Belsky DW, Zalesky A, Simonsick EM, Resnick SM, Ferrucci L, Davatzikos C, Wen J. <em>Sleep chart of biological ageing clocks in middle and late life.<\/em> Nature. 2026. doi:10.1038\/s41586-026-10524-5. <\/li>\n<\/ul>\n\n\n\n<div style=\"height:70px\" aria-hidden=\"true\" class=\"wp-block-spacer\"><\/div>\n\n\n\n<div class=\"wp-block-group p-4 br-0111 has-alt-background-color has-background has-light-background\"><div class=\"wp-block-group__inner-container is-layout-constrained wp-block-group-is-layout-constrained\">\n<h2 class=\"wp-block-heading\"><strong>Domande frequenti sul<\/strong> <strong>sonno e sull\u2019invecchiamento biologico<\/strong> <strong>cerebrale<\/strong><\/h2>\n\n\n\n<div style=\"height:20px\" aria-hidden=\"true\" class=\"wp-block-spacer\"><\/div>\n\n\n\n<div class=\"wp-block-pb-accordion-item c-accordion__item js-accordion-item no-js\" data-initially-open=\"false\" data-click-to-close=\"true\" data-auto-close=\"true\" data-scroll=\"false\" data-scroll-offset=\"0\" id=\"trabajarneuronup\"><h3 id=\"at-515930\" class=\"c-accordion__title js-accordion-controller\" role=\"button\">1. Quante ore bisogna dormire per non accelerare l\u2019invecchiamento biologico?<\/h3><div id=\"ac-515930\" class=\"c-accordion__content\">\n<p class=\"wp-block-paragraph\">La finestra di riposo ottimale \u00e8 compresa tra 6,4 e 7,8 ore al giorno, a seconda dell\u2019organo valutato e del sesso. Dormire meno di 6 ore o pi\u00f9 di 8 ore \u00e8 associato a un\u2019accelerazione dell\u2019et\u00e0 biologica stimata.<\/p>\n<\/div><\/div>\n\n\n\n<div class=\"wp-block-pb-accordion-item c-accordion__item js-accordion-item no-js\" data-initially-open=\"false\" data-click-to-close=\"true\" data-auto-close=\"true\" data-scroll=\"false\" data-scroll-offset=\"0\" id=\"trabajarneuronup\"><h3 id=\"at-515931\" class=\"c-accordion__title js-accordion-controller\" role=\"button\">2. Perch\u00e9 sia il sonno breve sia quello lungo influiscono negativamente sulla salute?<\/h3><div id=\"ac-515931\" class=\"c-accordion__content\">\n<p class=\"wp-block-paragraph\">Lo studio mostra una relazione a forma di U tra la durata del sonno e gli orologi biologici. Il sonno breve \u00e8 direttamente correlato al deterioramento della salute e alla depressione, mentre quello lungo agisce indirettamente attraverso processi di invecchiamento cerebrale e sistemico.<\/p>\n<\/div><\/div>\n\n\n\n<div class=\"wp-block-pb-accordion-item c-accordion__item js-accordion-item no-js\" data-initially-open=\"false\" data-click-to-close=\"true\" data-auto-close=\"true\" data-scroll=\"false\" data-scroll-offset=\"0\" id=\"videosneuronup\"><h3 id=\"at-515932\" class=\"c-accordion__title js-accordion-controller\" role=\"button\">3. Quali organi e sistemi corporei sono alterati dalla durata del riposo?<\/h3><div id=\"ac-515932\" class=\"c-accordion__content\">\n<p class=\"wp-block-paragraph\">La durata del sonno influisce sistemicamente sull\u2019organismo. La ricerca ha valutato biomarcatori di neuroimaging, proteomica e metabolomica che hanno dimostrato alterazioni nel cervello, nei polmoni, nel fegato, nel pancreas, nel tessuto adiposo, nel sistema immunitario e nel sistema endocrino.<\/p>\n<\/div><\/div>\n\n\n\n<div class=\"wp-block-pb-accordion-item c-accordion__item js-accordion-item no-js\" data-initially-open=\"false\" data-click-to-close=\"true\" data-auto-close=\"true\" data-scroll=\"false\" data-scroll-offset=\"0\" id=\"formaciongratuita\"><h3 id=\"at-515933\" class=\"c-accordion__title js-accordion-controller\" role=\"button\">4. Quali malattie e rischi di mortalit\u00e0 sono associati a una durata inadeguata del sonno?<\/h3><div id=\"ac-515933\" class=\"c-accordion__content\">\n<p class=\"wp-block-paragraph\">Dormire meno di 6 ore \u00e8 associato a un maggiore rischio di depressione, ansia, diabete di tipo 2, ipertensione, cardiopatia ischemica, BPCO, dolore muscoloscheletrico e disturbi digestivi. Per quanto riguarda la mortalit\u00e0 per qualsiasi causa, il sonno breve presenta un rischio aumentato con un HR \u2248 1,50, mentre quello lungo (> 8 h) presenta un HR \u2248 1,40.<\/p>\n<\/div><\/div>\n\n\n\n<div class=\"wp-block-pb-accordion-item c-accordion__item js-accordion-item no-js\" data-initially-open=\"false\" data-click-to-close=\"true\" data-auto-close=\"true\" data-scroll=\"false\" data-scroll-offset=\"0\" id=\"formaciongratuita\"><h3 id=\"at-515934\" class=\"c-accordion__title js-accordion-controller\" role=\"button\">5. In che modo questi risultati sull\u2019igiene del sonno influiscono sulla neuroriabilitazione cognitiva?<\/h3><div id=\"ac-515934\" class=\"c-accordion__content\">\n<p class=\"wp-block-paragraph\">Poich\u00e9 il riposo influisce sull\u2019invecchiamento cerebrale, integrare l\u2019igiene del sonno come fattore modificabile nei programmi di stimolazione cognitiva di NeuronUP consente di personalizzare gli interventi, favorire la prevenzione del declino cognitivo e migliorare la qualit\u00e0 di vita del paziente attraverso un approccio integrato.<\/p>\n<\/div><\/div>\n<\/div><\/div>\n\n\n\n\n<div style=\"height:50px\" aria-hidden=\"true\" class=\"wp-block-spacer\"><\/div>\n\n\n\n<h3 class=\"wp-block-heading\">Se ti \u00e8 piaciuto questo articolo sulla <strong>durata del sonno e sull\u2019invecchiamento biologico cerebrale: implicazioni cliniche e neurobiologiche<\/strong>, probabilmente ti interesseranno anche questi articoli di NeuronUP:<\/h3>\n\n\n<div class=\"mai-grid entries entries-grid has-boxed has-image-full\" style=\"--entry-title-font-size:var(--font-size-lg);--align-text:start;--entry-meta-text-align:start;\"><div class=\"entries-wrap has-columns\" style=\"--columns-xs:1 \/ 1;--columns-sm:1 \/ 1;--columns-md:1 \/ 3;--columns-lg:1 \/ 3;--flex-xs:0 0 var(--flex-basis);--flex-sm:0 0 var(--flex-basis);--flex-md:0 0 var(--flex-basis);--flex-lg:0 0 var(--flex-basis);--column-gap:var(--spacing-lg);--row-gap:var(--spacing-lg);--align-columns:start;\"><article class=\"entry entry-grid is-column has-entry-link has-image has-image-first type-post category-linee-di-ricerca tag-malattia-di-alzheimer tag-ricerca\" style=\"--entry-index:1;\" aria-label=\"Biomarcatori del sangue e Alzheimer: come il p-tau217 consente di prevedere la comparsa dei sintomi\" itemscope itemtype=\"https:\/\/schema.org\/CreativeWork\"><a class=\"entry-image-link\" href=\"https:\/\/neuronup.com\/it\/ricerca\/linee-di-ricerca\/biomarcatori-sanguinei-e-alzheimer-come-il-p-tau217-permette-di-prevedere-l-esordio-dei-sintomi\/\" tabindex=\"-1\" aria-hidden=\"true\"><img decoding=\"async\" width=\"400\" height=\"300\" src=\"https:\/\/neuronup.com\/it\/wp-content\/uploads\/2026\/08\/Biomarcadores-sanguineos-y-alzheimer-como-el-p-tau217-permite-predecir-la-aparicion-de-sintomas-400x300.webp\" class=\"entry-image size-landscape-sm\" alt=\"Biomarcatori ematici e Alzheimer: come il p-tau217 consente di prevedere la comparsa dei sintomi.\" srcset=\"https:\/\/neuronup.com\/it\/wp-content\/uploads\/2026\/08\/Biomarcadores-sanguineos-y-alzheimer-como-el-p-tau217-permite-predecir-la-aparicion-de-sintomas-400x300.webp 400w, https:\/\/neuronup.com\/it\/wp-content\/uploads\/2026\/08\/Biomarcadores-sanguineos-y-alzheimer-como-el-p-tau217-permite-predecir-la-aparicion-de-sintomas-800x600.webp 800w\" sizes=\"(max-width:599px) 599px, (min-width:600px) and (max-width: 799px) 799px, (min-width:800px) and (max-width: 999px) 333px, (min-width:1000px) 400px\" \/><\/a><div class=\"entry-wrap entry-wrap-grid\"><h3 class=\"entry-title\" itemprop=\"headline\"><a class=\"entry-title-link\" href=\"https:\/\/neuronup.com\/it\/ricerca\/linee-di-ricerca\/biomarcatori-sanguinei-e-alzheimer-come-il-p-tau217-permette-di-prevedere-l-esordio-dei-sintomi\/\" rel=\"bookmark\">Biomarcatori del sangue e Alzheimer: come il p-tau217 consente di prevedere la comparsa dei sintomi<\/a><\/h3>\n<\/div><\/article><article class=\"entry entry-grid is-column has-entry-link has-image has-image-first type-post category-linee-di-ricerca tag-malattia-di-alzheimer tag-malattie-neurodegenerative tag-ricerca\" style=\"--entry-index:2;\" aria-label=\"Vaccino antinfluenzale ad alto dosaggio e malattia di Alzheimer: pu\u00f2 ridurre il rischio negli anziani?\" itemscope itemtype=\"https:\/\/schema.org\/CreativeWork\"><a class=\"entry-image-link\" href=\"https:\/\/neuronup.com\/it\/ricerca\/linee-di-ricerca\/vaccino-influenzale-dose-alta-e-malattia-di-alzheimer-potrebbe-ridurre-il-rischio-negli-anziani\/\" tabindex=\"-1\" aria-hidden=\"true\"><img decoding=\"async\" width=\"400\" height=\"300\" src=\"https:\/\/neuronup.com\/it\/wp-content\/uploads\/2026\/08\/Vacuna-de-la-gripe-de-alta-dosis-y-enfermedad-de-Alzheimer-\u00bfpuede-reducir-el-riesgo-en-adultos-mayores-400x300.webp\" class=\"entry-image size-landscape-sm\" alt=\"Vaccino antinfluenzale ad alto dosaggio e malattia di Alzheimer: pu\u00f2 ridurre il rischio negli anziani?\" srcset=\"https:\/\/neuronup.com\/it\/wp-content\/uploads\/2026\/08\/Vacuna-de-la-gripe-de-alta-dosis-y-enfermedad-de-Alzheimer-\u00bfpuede-reducir-el-riesgo-en-adultos-mayores-400x300.webp 400w, https:\/\/neuronup.com\/it\/wp-content\/uploads\/2026\/08\/Vacuna-de-la-gripe-de-alta-dosis-y-enfermedad-de-Alzheimer-\u00bfpuede-reducir-el-riesgo-en-adultos-mayores-800x600.webp 800w\" sizes=\"(max-width:599px) 599px, (min-width:600px) and (max-width: 799px) 799px, (min-width:800px) and (max-width: 999px) 333px, (min-width:1000px) 400px\" \/><\/a><div class=\"entry-wrap entry-wrap-grid\"><h3 class=\"entry-title\" itemprop=\"headline\"><a class=\"entry-title-link\" href=\"https:\/\/neuronup.com\/it\/ricerca\/linee-di-ricerca\/vaccino-influenzale-dose-alta-e-malattia-di-alzheimer-potrebbe-ridurre-il-rischio-negli-anziani\/\" rel=\"bookmark\">Vaccino antinfluenzale ad alto dosaggio e malattia di Alzheimer: pu\u00f2 ridurre il rischio negli anziani?<\/a><\/h3>\n<\/div><\/article><article class=\"entry entry-grid is-column has-entry-link has-image has-image-first type-post category-linee-di-ricerca tag-malattia-di-alzheimer tag-malattie-neurodegenerative tag-ricerca\" style=\"--entry-index:3;\" aria-label=\"Prevalenza della patologia di Alzheimer nella popolazione generale: cosa ci dicono i biomarcatori nel sangue?\" itemscope itemtype=\"https:\/\/schema.org\/CreativeWork\"><a class=\"entry-image-link\" href=\"https:\/\/neuronup.com\/it\/ricerca\/linee-di-ricerca\/prevalenza-della-patologia-di-alzheimer-nella-popolazione-generale-cosa-ci-dicono-i-biomarcatori-nel-sangue\/\" tabindex=\"-1\" aria-hidden=\"true\"><img decoding=\"async\" width=\"400\" height=\"300\" src=\"https:\/\/neuronup.com\/it\/wp-content\/uploads\/2026\/08\/p-tau217-y-alzheimer-como-los-biomarcadores-en-sangre-detectan-cambios-antes-de-los-sintomas-400x300.webp\" class=\"entry-image size-landscape-sm\" alt=\"Prevalenza della patologia di Alzheimer nella popolazione generale\" srcset=\"https:\/\/neuronup.com\/it\/wp-content\/uploads\/2026\/08\/p-tau217-y-alzheimer-como-los-biomarcadores-en-sangre-detectan-cambios-antes-de-los-sintomas-400x300.webp 400w, https:\/\/neuronup.com\/it\/wp-content\/uploads\/2026\/08\/p-tau217-y-alzheimer-como-los-biomarcadores-en-sangre-detectan-cambios-antes-de-los-sintomas-800x600.webp 800w\" sizes=\"(max-width:599px) 599px, (min-width:600px) and (max-width: 799px) 799px, (min-width:800px) and (max-width: 999px) 333px, (min-width:1000px) 400px\" \/><\/a><div class=\"entry-wrap entry-wrap-grid\"><h3 class=\"entry-title\" itemprop=\"headline\"><a class=\"entry-title-link\" href=\"https:\/\/neuronup.com\/it\/ricerca\/linee-di-ricerca\/prevalenza-della-patologia-di-alzheimer-nella-popolazione-generale-cosa-ci-dicono-i-biomarcatori-nel-sangue\/\" rel=\"bookmark\">Prevalenza della patologia di Alzheimer nella popolazione generale: cosa ci dicono i biomarcatori nel sangue?<\/a><\/h3>\n<\/div><\/article><article class=\"entry entry-grid is-column has-entry-link has-image has-image-first type-post category-linee-di-ricerca tag-ricerca tag-sclerosi-multipla\" style=\"--entry-index:4;\" aria-label=\"NeuronUP in una revisione internazionale sulle tecnologie di riabilitazione cognitiva nella sclerosi multipla\" itemscope itemtype=\"https:\/\/schema.org\/CreativeWork\"><a class=\"entry-image-link\" href=\"https:\/\/neuronup.com\/it\/ricerca\/linee-di-ricerca\/neuronup-in-una-revisione-internazionale-sulle-tecnologie-di-riabilitazione-cognitiva-nella-sclerosi-multipla\/\" tabindex=\"-1\" aria-hidden=\"true\"><img decoding=\"async\" width=\"400\" height=\"300\" src=\"https:\/\/neuronup.com\/it\/wp-content\/uploads\/2026\/08\/NeuronUP-en-una-revision-internacional-sobre-tecnologias-de-rehabilitacion-cognitiva-en-esclerosis-multiple-400x300.webp\" class=\"entry-image size-landscape-sm\" alt=\"NeuronUP in una revisione internazionale sulle tecnologie di riabilitazione cognitiva nella sclerosi multipla.\" srcset=\"https:\/\/neuronup.com\/it\/wp-content\/uploads\/2026\/08\/NeuronUP-en-una-revision-internacional-sobre-tecnologias-de-rehabilitacion-cognitiva-en-esclerosis-multiple-400x300.webp 400w, https:\/\/neuronup.com\/it\/wp-content\/uploads\/2026\/08\/NeuronUP-en-una-revision-internacional-sobre-tecnologias-de-rehabilitacion-cognitiva-en-esclerosis-multiple-800x600.webp 800w, https:\/\/neuronup.com\/it\/wp-content\/uploads\/2026\/08\/NeuronUP-en-una-revision-internacional-sobre-tecnologias-de-rehabilitacion-cognitiva-en-esclerosis-multiple-1200x900.webp 1200w\" sizes=\"(max-width:599px) 599px, (min-width:600px) and (max-width: 799px) 799px, (min-width:800px) and (max-width: 999px) 333px, (min-width:1000px) 400px\" \/><\/a><div class=\"entry-wrap entry-wrap-grid\"><h3 class=\"entry-title\" itemprop=\"headline\"><a class=\"entry-title-link\" href=\"https:\/\/neuronup.com\/it\/ricerca\/linee-di-ricerca\/neuronup-in-una-revisione-internazionale-sulle-tecnologie-di-riabilitazione-cognitiva-nella-sclerosi-multipla\/\" rel=\"bookmark\">NeuronUP in una revisione internazionale sulle tecnologie di riabilitazione cognitiva nella sclerosi multipla<\/a><\/h3>\n<\/div><\/article><article class=\"entry entry-grid is-column has-entry-link has-image has-image-first type-post category-linee-di-ricerca tag-malattia-di-alzheimer tag-malattie-neurodegenerative tag-ricerca\" style=\"--entry-index:5;\" aria-label=\"Gli anticorpi anti-amiloide funzionano davvero per l\u2019Alzheimer? Evidenze, benefici e rischi\" itemscope itemtype=\"https:\/\/schema.org\/CreativeWork\"><a class=\"entry-image-link\" href=\"https:\/\/neuronup.com\/it\/ricerca\/linee-di-ricerca\/funzionano-davvero-gli-anticorpi-antiamiloide-per-l-alzheimer-evidenze-benefici-rischi\/\" tabindex=\"-1\" aria-hidden=\"true\"><img decoding=\"async\" width=\"400\" height=\"300\" src=\"https:\/\/neuronup.com\/it\/wp-content\/uploads\/2026\/08\/Funcionan-realmente-los-anticuerpos-antiamiloide-para-el-alzheimer-400x300.webp\" class=\"entry-image size-landscape-sm\" alt=\"Gli anticorpi anti-amiloide funzionano davvero per l\u2019Alzheimer?\" srcset=\"https:\/\/neuronup.com\/it\/wp-content\/uploads\/2026\/08\/Funcionan-realmente-los-anticuerpos-antiamiloide-para-el-alzheimer-400x300.webp 400w, https:\/\/neuronup.com\/it\/wp-content\/uploads\/2026\/08\/Funcionan-realmente-los-anticuerpos-antiamiloide-para-el-alzheimer-800x600.webp 800w\" sizes=\"(max-width:599px) 599px, (min-width:600px) and (max-width: 799px) 799px, (min-width:800px) and (max-width: 999px) 333px, (min-width:1000px) 400px\" \/><\/a><div class=\"entry-wrap entry-wrap-grid\"><h3 class=\"entry-title\" itemprop=\"headline\"><a class=\"entry-title-link\" href=\"https:\/\/neuronup.com\/it\/ricerca\/linee-di-ricerca\/funzionano-davvero-gli-anticorpi-antiamiloide-per-l-alzheimer-evidenze-benefici-rischi\/\" rel=\"bookmark\">Gli anticorpi anti-amiloide funzionano davvero per l\u2019Alzheimer? Evidenze, benefici e rischi<\/a><\/h3>\n<\/div><\/article><article class=\"entry entry-grid is-column has-entry-link has-image has-image-first type-post category-linee-di-ricerca tag-neuroscienze tag-ricerca tag-stimolazione-cognitiva\" style=\"--entry-index:6;\" aria-label=\"Intervista a Jes\u00fas M. Cort\u00e9s: LATAM-FINGERS e l\u2019opportunit\u00e0 di prevenire il deterioramento cognitivo dall\u2019America Latina\" itemscope itemtype=\"https:\/\/schema.org\/CreativeWork\"><a class=\"entry-image-link\" href=\"https:\/\/neuronup.com\/it\/ricerca\/linee-di-ricerca\/intervista-a-jesus-m-cortes-latam-fingers-e-l-opportunita-di-prevenire-il-deterioramento-cognitivo-dall-america-latina\/\" tabindex=\"-1\" aria-hidden=\"true\"><img decoding=\"async\" width=\"400\" height=\"300\" src=\"https:\/\/neuronup.com\/it\/wp-content\/uploads\/2026\/08\/it-Entrevista-a-Jesus-M.-Cortes-LATAM-FINGERS-y-la-oportunidad-de-prevenir-el-deter-400x300.webp\" class=\"entry-image size-landscape-sm\" alt=\"Intervista a Jes\u00fas M. Cort\u00e9s su LATAM-FINGERS e sull\u2019opportunit\u00e0 di prevenire il deterioramento cognitivo dall\u2019America Latina.\" srcset=\"https:\/\/neuronup.com\/it\/wp-content\/uploads\/2026\/08\/it-Entrevista-a-Jesus-M.-Cortes-LATAM-FINGERS-y-la-oportunidad-de-prevenir-el-deter-400x300.webp 400w, https:\/\/neuronup.com\/it\/wp-content\/uploads\/2026\/08\/it-Entrevista-a-Jesus-M.-Cortes-LATAM-FINGERS-y-la-oportunidad-de-prevenir-el-deter-800x600.webp 800w\" sizes=\"(max-width:599px) 599px, (min-width:600px) and (max-width: 799px) 799px, (min-width:800px) and (max-width: 999px) 333px, (min-width:1000px) 400px\" \/><\/a><div class=\"entry-wrap entry-wrap-grid\"><h3 class=\"entry-title\" itemprop=\"headline\"><a class=\"entry-title-link\" href=\"https:\/\/neuronup.com\/it\/ricerca\/linee-di-ricerca\/intervista-a-jesus-m-cortes-latam-fingers-e-l-opportunita-di-prevenire-il-deterioramento-cognitivo-dall-america-latina\/\" rel=\"bookmark\">Intervista a Jes\u00fas M. Cort\u00e9s: LATAM-FINGERS e l\u2019opportunit\u00e0 di prevenire il deterioramento cognitivo dall\u2019America Latina<\/a><\/h3>\n<\/div><\/article><\/div><\/div>","protected":false},"excerpt":{"rendered":"<p>La dottoranda Marta Arbizu G\u00f3mez analizza un recente studio sull\u2019impatto della durata del sonno sugli orologi biologici cerebrali e sulle sue implicazioni per la pratica clinica. Uno studio pubblicato su Nature dimostra che la durata del sonno presenta una relazione a forma di U con l\u2019invecchiamento biologico cerebrale e sistemico. Dormire meno di 6 ore &hellip;<\/p>\n","protected":false},"author":231,"featured_media":900000569,"comment_status":"open","ping_status":"open","sticky":false,"template":"","format":"standard","meta":{"_acf_changed":false,"_genesis_hide_title":false,"_genesis_hide_breadcrumbs":false,"_genesis_hide_singular_image":false,"_genesis_hide_footer_widgets":false,"_genesis_custom_body_class":"","_genesis_custom_post_class":"","_genesis_layout":"","footnotes":""},"categories":[452],"tags":[250,370],"class_list":["type-post","category-linee-di-ricerca","tag-invecchiamento-normale","tag-ricerca","entry"],"acf":[],"_links":{"self":[{"href":"https:\/\/neuronup.com\/it\/wp-json\/wp\/v2\/posts\/900000571","targetHints":{"allow":["GET"]}}],"collection":[{"href":"https:\/\/neuronup.com\/it\/wp-json\/wp\/v2\/posts"}],"about":[{"href":"https:\/\/neuronup.com\/it\/wp-json\/wp\/v2\/types\/post"}],"author":[{"embeddable":true,"href":"https:\/\/neuronup.com\/it\/wp-json\/wp\/v2\/users\/231"}],"replies":[{"embeddable":true,"href":"https:\/\/neuronup.com\/it\/wp-json\/wp\/v2\/comments?post=900000571"}],"version-history":[{"count":2,"href":"https:\/\/neuronup.com\/it\/wp-json\/wp\/v2\/posts\/900000571\/revisions"}],"predecessor-version":[{"id":900000695,"href":"https:\/\/neuronup.com\/it\/wp-json\/wp\/v2\/posts\/900000571\/revisions\/900000695"}],"wp:featuredmedia":[{"embeddable":true,"href":"https:\/\/neuronup.com\/it\/wp-json\/wp\/v2\/media\/900000569"}],"wp:attachment":[{"href":"https:\/\/neuronup.com\/it\/wp-json\/wp\/v2\/media?parent=900000571"}],"wp:term":[{"taxonomy":"category","embeddable":true,"href":"https:\/\/neuronup.com\/it\/wp-json\/wp\/v2\/categories?post=900000571"},{"taxonomy":"post_tag","embeddable":true,"href":"https:\/\/neuronup.com\/it\/wp-json\/wp\/v2\/tags?post=900000571"}],"curies":[{"name":"wp","href":"https:\/\/api.w.org\/{rel}","templated":true}]}}