
{"id":8243,"date":"2025-07-15T10:02:18","date_gmt":"2025-07-15T10:02:18","guid":{"rendered":"https:\/\/neuronup.com\/?p=8243"},"modified":"2025-07-11T10:05:45","modified_gmt":"2025-07-11T08:05:45","slug":"approccio-non-farmacologico-del-paziente-neurologico-agitato","status":"publish","type":"post","link":"https:\/\/neuronup.com\/it\/formazione\/neuronup-academy\/approccio-non-farmacologico-del-paziente-neurologico-agitato\/","title":{"rendered":"Approccio non farmacologico al paziente neurologico agitato"},"content":{"rendered":"\n<div class=\"wp-block-group\"><div class=\"wp-block-group__inner-container is-layout-flow wp-block-group-is-layout-flow\">\n<p class=\"has-text-align-center is-style-subheading has-primary-color has-text-color\">Diamo il via a NeuronUP Academy 2022 con un relatore di grande prestigio!<\/p>\n\n\n\n<p class=\"has-lg-font-size\"><strong>David De Nore\u00f1a<\/strong> inaugurer\u00e0 questa nuova edizione marted\u00ec 18 gennaio alle 19:00 (ora spagnola) con una presentazione su <em>Approccio non farmacologico al paziente neurologico agitato.<\/em> Ti aspettiamo!<\/p>\n\n\n\n<hr class=\"wp-block-separator has-css-opacity is-style-wide has-xl-margin-top has-xl-margin-bottom\"\/>\n\n\n\n<p class=\"has-text-align-center\">Compila questo modulo e clicca su &#8216;REGISTRATI ORA&#8217; per poter partecipare alla presentazione.<\/p>\n\n\n<span class=\"mai-icon mai-icon-arrow-circle-down\" style=\"display:block;text-align:center;--icon-margin:0px 0px 0px 0px;--icon-padding:0px;--icon-size:40px;--icon-color:var(--color-primary);--icon-border-radius:var(--border-radius);\"><span class=\"mai-icon-wrap\"><svg xmlns=\"http:\/\/www.w3.org\/2000\/svg\" viewbox=\"0 0 512 512\" width=\"40\" height=\"40\"><!-- Font Awesome Pro 5.15.4 by @fontawesome - https:\/\/fontawesome.com License - https:\/\/fontawesome.com\/license (Commercial License) --><path d=\"M256 8C119 8 8 119 8 256s111 248 248 248 248-111 248-248S393 8 256 8zm216 248c0 118.7-96.1 216-216 216-118.7 0-216-96.1-216-216 0-118.7 96.1-216 216-216 118.7 0 216 96.1 216 216zm-92.5-4.5l-6.9-6.9c-4.7-4.7-12.5-4.7-17.1.2L273 330.3V140c0-6.6-5.4-12-12-12h-10c-6.6 0-12 5.4-12 12v190.3l-82.5-85.6c-4.7-4.8-12.4-4.9-17.1-.2l-6.9 6.9c-4.7 4.7-4.7 12.3 0 17l115 115.1c4.7 4.7 12.3 4.7 17 0l115-115.1c4.7-4.6 4.7-12.2 0-16.9z\"><\/path><\/svg><\/span><\/span>\n\n\n<div class=\"wp-block-group has-xl-margin-top\"><div class=\"wp-block-group__inner-container is-layout-flow wp-block-group-is-layout-flow\">\n<div class=\"wp-block-columns is-layout-flex wp-container-core-columns-is-layout-9d6595d7 wp-block-columns-is-layout-flex\" id=\"formulario-clickmeeting\">\n<div class=\"wp-block-column is-layout-flow wp-block-column-is-layout-flow\">\n<script type=\"text\/javascript\" src=\"https:\/\/embed.clickmeeting.com\/embed_conference.html?r=177082186108997&amp;w=1024&amp;h=2230\"><\/script>\n<\/div>\n<\/div>\n<\/div><\/div>\n<\/div><\/div>\n\n\n\n<div style=\"height:62px\" aria-hidden=\"true\" class=\"wp-block-spacer\"><\/div>\n\n\n\n<div class=\"wp-block-group testimonial-block\"><div class=\"wp-block-group__inner-container is-layout-flow wp-block-group-is-layout-flow\">\n<h2 class=\"wp-block-heading has-text-align-center\" id=\"datos-de-la-ponencia\">Dettagli della presentazione<\/h2>\n\n\n\n<div class=\"wp-block-columns is-layout-flex wp-container-core-columns-is-layout-9d6595d7 wp-block-columns-is-layout-flex\">\n<div class=\"wp-block-column is-layout-flow wp-block-column-is-layout-flow\">\n<p class=\"is-style-default\"><strong>Relatore:<\/strong><\/p>\n\n\n\n<p class=\"is-style-default\">David De Nore\u00f1a Mart\u00ednez.<\/p>\n\n\n\n<p class=\"is-style-default\"><strong>Titolo della presentazione<\/strong>:<\/p>\n\n\n\n<p class=\"is-style-default\"><em>Approccio non farmacologico al paziente neurologico agitato.<\/em><\/p>\n<\/div>\n\n\n\n<div class=\"wp-block-column is-layout-flow wp-block-column-is-layout-flow\">\n<p class=\"is-style-default\"><strong>Data<\/strong>: marted\u00ec 18 gennaio.<\/p>\n\n\n\n<p class=\"is-style-default\"><strong>Orario<\/strong>:<\/p>\n\n\n\n<ul class=\"wp-block-list\">\n<li><figure><img decoding=\"async\" width=\"20\" src=\"https:\/\/neuronup.com\/wp-content\/uploads\/2025\/03\/bandera-mexico.svg\" alt=\"M\u00e9xico\"> <span style=\"color: var(--body-color,var(--color-body)); font-family: var(--body-font-family,unset); font-size: var(--body-font-size,var(--font-size-md)); font-style: var(--body-font-style,normal); font-weight: var(--body-font-weight,unset);\">Messico: 12:00<\/span><\/figure><\/li>\n\n\n\n<li><figure><img decoding=\"async\" width=\"20\" src=\"https:\/\/neuronup.com\/wp-content\/uploads\/2025\/03\/bandera-colombia.svg\" alt=\"Espa\u00f1a\"> <span style=\"color: var(--body-color,var(--color-body)); font-family: var(--body-font-family,unset); font-size: var(--body-font-size,var(--font-size-md)); font-style: var(--body-font-style,normal); font-weight: var(--body-font-weight,unset);\">Colombia: 13:00<\/span><\/figure><\/li>\n\n\n\n<li><figure><img decoding=\"async\" width=\"20\" src=\"https:\/\/neuronup.com\/wp-content\/uploads\/2025\/03\/bandera-chile.svg\" alt=\"Chile\"> <span style=\"color: var(--body-color,var(--color-body)); font-family: var(--body-font-family,unset); font-size: var(--body-font-size,var(--font-size-md)); font-style: var(--body-font-style,normal); font-weight: var(--body-font-weight,unset);\">Cile: 15:00<\/span><\/figure><\/li>\n\n\n\n<li><figure><img decoding=\"async\" width=\"20\" src=\"https:\/\/neuronup.com\/wp-content\/uploads\/2025\/03\/bandera-argentina.svg\" alt=\"Argentina\"> <span style=\"color: var(--body-color,var(--color-body)); font-family: var(--body-font-family,unset); font-size: var(--body-font-size,var(--font-size-md)); font-style: var(--body-font-style,normal); font-weight: var(--body-font-weight,unset);\">Argentina: 15:00<\/span><\/figure><\/li>\n\n\n\n<li><figure><img decoding=\"async\" width=\"20\" src=\"https:\/\/neuronup.com\/wp-content\/uploads\/2025\/03\/bandera-espana.svg\" alt=\"Espa\u00f1a\"> <span style=\"color: var(--body-color,var(--color-body)); font-family: var(--body-font-family,unset); font-size: var(--body-font-size,var(--font-size-md)); font-style: var(--body-font-style,normal); font-weight: var(--body-font-weight,unset);\">Spagna: 19:00<\/span><\/figure><\/li>\n<\/ul>\n<\/div>\n<\/div>\n<\/div><\/div>\n\n\n\n<div style=\"height:62px\" aria-hidden=\"true\" class=\"wp-block-spacer\"><\/div>\n\n\n<div class=\"wp-block-image\">\n<figure class=\"aligncenter size-full is-resized\"><img decoding=\"async\" width=\"500\" height=\"500\" src=\"https:\/\/neuronup.com\/wp-content\/uploads\/2021\/12\/David-de-norena.webp\" alt=\"\" class=\"wp-image-8363\" style=\"width:250px;height:250px\" srcset=\"https:\/\/neuronup.com\/it\/wp-content\/uploads\/2021\/12\/David-de-norena-150x150.webp 150w, https:\/\/neuronup.com\/it\/wp-content\/uploads\/2021\/12\/David-de-norena-300x300.webp 300w, https:\/\/neuronup.com\/it\/wp-content\/uploads\/2021\/12\/David-de-norena.webp 500w\" sizes=\"(max-width: 500px) 100vw, 500px\" \/><\/figure>\n<\/div>\n\n\n<h2 class=\"wp-block-heading\" id=\"perfil-de-david-de-norena-martinez\">Profilo di David De Nore\u00f1a Mart\u00ednez<\/h2>\n\n\n\n<p>Neuropsicologo clinico presso l&#8217;Unit\u00e0 di Danno Cerebrale dell&#8217;Ospedale Beata Mar\u00eda Ana (Madrid). Tra le sue mansioni vi \u00e8 <strong>valutare e riabilitare le alterazioni neuropsicologiche in persone che hanno subito un danno cerebrale acquisito<\/strong>.<\/p>\n\n\n\n<p>Inoltre, \u00e8 professore collaboratore presso la Universitat Oberta de Catalunya (UOC), sia nei corsi di laurea che post-laurea, e collabora come docente con altre entit\u00e0 quali la UNED o l&#8217;Istituto Superiore di Studi Psicologici (ISEP).<\/p>\n\n\n\n<p>Ha inoltre partecipato a diverse pubblicazioni (libri e articoli) relative alla riabilitazione neuropsicologica, al danno cerebrale acquisito e alle alterazioni cognitive e comportamentali ad esso associate.<\/p>\n\n\n\n<div class=\"wp-block-buttons is-horizontal is-content-justification-center is-layout-flex wp-container-core-buttons-is-layout-499968f5 wp-block-buttons-is-layout-flex\">\n<div class=\"wp-block-button\"><a class=\"wp-block-button__link button wp-element-button\" href=\"#formulario-clickmeeting\">Iscrivimi alla presentazione<\/a><\/div>\n<\/div>\n\n\n\n<hr class=\"wp-block-separator has-css-opacity is-style-wide has-xxl-margin-top has-xxl-margin-bottom\"\/>\n\n\n\n<h2 class=\"wp-block-heading\" id=\"preguntas-frecuentes\">Domande frequenti<\/h2>\n\n\n\n<h3 class=\"wp-block-heading\" id=\"1-a-quien-va-dirigida-esta-ponencia\">1. A chi \u00e8 rivolta questa presentazione?<\/h3>\n\n\n\n<p>Questa presentazione \u00e8 rivolta a neuropsicologi, psicologi, neurologi, terapisti occupazionali, logopedisti e fisioterapisti, nonch\u00e9 a studenti del settore della neuroriabilitazione.<\/p>\n\n\n\n<h3 class=\"wp-block-heading\" id=\"2-cuanto-vale-esta-ponencia\">2. Quanto costa questa presentazione?<\/h3>\n\n\n\n<p>Questa presentazione \u00e8 <strong>totalmente gratuita il giorno della trasmissione.<\/strong> Successivamente, la presentazione sar\u00e0 disponibile solo per i clienti di NeuronUP all&#8217;interno della piattaforma.<\/p>\n\n\n\n<h3 class=\"wp-block-heading\" id=\"3-donde-se-imparte-la-ponencia\">3. Dove si svolge la presentazione?<\/h3>\n\n\n\n<p>La presentazione \u00e8 <strong>online<\/strong> e puoi accedervi da dove vuoi.<\/p>\n\n\n\n<h3 class=\"wp-block-heading\" id=\"4-cuanto-dura\">4. Quanto dura?<\/h3>\n\n\n\n<p>La presentazione dura 1 ora.<\/p>\n\n\n\n<h3 class=\"wp-block-heading\" id=\"5-la-ponencia-es-en-directo\">5. La presentazione \u00e8 in diretta?<\/h3>\n\n\n\n<p><strong>Registriamo la presentazione<\/strong> in anticipo <strong>per garantire la massima qualit\u00e0<\/strong> e cercare di evitare possibili interruzioni a causa di cattiva connessione. Al termine della presentazione, <strong>il relatore sar\u00e0 disponibile IN DIRETTA per 10 minuti per rispondere alle domande<\/strong>.<\/p>\n\n\n\n<h3 class=\"wp-block-heading\" id=\"6-hay-turno-de-preguntas\"><strong>6. Ci sar\u00e0 una sessione di domande?<\/strong><\/h3>\n\n\n\n<p>Il relatore risponder\u00e0 in diretta ai dubbi negli ultimi 10 minuti. Nel caso non ci fosse tempo per rispondere a tutte le domande, il relatore risponder\u00e0 per iscritto sul blog di NeuronUP.<\/p>\n\n\n\n<hr class=\"wp-block-separator has-css-opacity is-style-wide has-xxl-margin-top has-xxl-margin-bottom\"\/>\n\n\n\n<h3 class=\"wp-block-heading\" id=\"recomendaciones-a-la-hora-de-asistir-a-la-ponencia\">Raccomandazioni per partecipare alla presentazione<\/h3>\n\n\n\n<ul class=\"wp-block-list\">\n<li><strong>Accedere da computer.<\/strong> Le persone che accedono da dispositivo mobile possono avere problemi a visualizzare o ascoltare la presentazione a causa di un segnale Wi-Fi insufficiente, pertanto consigliamo di collegarsi da un computer desktop o portatile.<\/li>\n\n\n\n<li><strong>Utilizzare la connessione via cavo<\/strong>, se possibile, invece del Wi-Fi.<\/li>\n\n\n\n<li><strong>Eseguire un test di connessione prima di unirsi alla presentazione.<\/strong> Questa opzione \u00e8 disponibile per ogni utente nella schermata di accesso all&#8217;evento.<\/li>\n<\/ul>\n\n\n\n<div class=\"wp-block-buttons is-horizontal is-content-justification-center is-layout-flex wp-container-core-buttons-is-layout-499968f5 wp-block-buttons-is-layout-flex\">\n<div class=\"wp-block-button\"><a class=\"wp-block-button__link button wp-element-button\" href=\"#formulario-clickmeeting\">Iscrivimi alla presentazione<\/a><\/div>\n<\/div>\n\n\n\n<hr class=\"wp-block-separator has-css-opacity is-style-wide has-xxl-margin-top has-xxl-margin-bottom\"\/>\n\n\n\n<div style=\"height:50px\" aria-hidden=\"true\" class=\"wp-block-spacer\"><\/div>\n\n\n\n<div class=\"wp-block-group br-0111 has-primary-background-color has-background has-dark-background has-sm-padding-top has-sm-padding-left has-sm-padding-right has-xxl-margin-top\"><div class=\"wp-block-group__inner-container is-layout-constrained wp-block-group-is-layout-constrained\">\n<div class=\"wp-block-columns is-layout-flex wp-container-core-columns-is-layout-9d6595d7 wp-block-columns-is-layout-flex\">\n<div class=\"wp-block-column is-layout-flow wp-block-column-is-layout-flow\">\n<figure class=\"wp-block-image size-full desktop-position-absolute desktop-bottom-0 mobile-width-50 mobile-m-inline-auto has-xl-margin-top\"><img decoding=\"async\" src=\"https:\/\/neuronup.com\/it\/wp-content\/uploads\/2022\/v3\/producto-certificado.webp\" alt=\"\" class=\"wp-image-31568\"><\/figure>\n<\/div>\n\n\n\n<div class=\"wp-block-column is-layout-flow wp-block-column-is-layout-flow\">\n<h2 class=\"wp-block-heading has-white-color has-text-color\"><strong>Iscriviti<\/strong> <br>alla nostra <br>Newsletter<\/h2>\n\n\n\n<div class=\"wp-block-buttons is-layout-flex wp-block-buttons-is-layout-flex\">\n<div class=\"wp-block-button--1\" style=\"--button-outline-color:var(--color-white);--button-outline-color-hover:rgba(0,0,0,0.8);\"><a class=\"wp-block-button__link button button-outline   wp-element-button\" href=\"https:\/\/neuronup.com\/it\/newsletter\/\">Iscriviti<\/a><\/div>\n\n<\/div>\n\n\n\n<div style=\"height:40px\" aria-hidden=\"true\" class=\"wp-block-spacer\"><\/div>\n<\/div>\n<\/div>\n<\/div><\/div>\n\n\n\n\n<div style=\"height:50px\" aria-hidden=\"true\" class=\"wp-block-spacer\"><\/div>\n\n\n<div class=\"mai-grid entries entries-grid has-boxed has-image-full\" style=\"--entry-title-font-size:var(--font-size-lg);--align-text:start;--entry-meta-text-align:start;\"><div class=\"entries-wrap has-columns\" style=\"--columns-xs:1\/1;--columns-sm:1\/1;--columns-md:1\/3;--columns-lg:1\/3;--flex-xs:0 0 var(--flex-basis);--flex-sm:0 0 var(--flex-basis);--flex-md:0 0 var(--flex-basis);--flex-lg:0 0 var(--flex-basis);--column-gap:var(--spacing-lg);--row-gap:var(--spacing-lg);--align-columns:start;\"><article class=\"entry entry-grid is-column has-entry-link has-image has-image-first type-post category-attivita-per-bambini-con-esigenze-speciali tag-attivita-di-stimolazione-cognitiva tag-attivita-di-stimolazione-cognitiva-per-bambini tag-bambini\" style=\"--entry-index:1;\" aria-label=\"Divertente gioco di lettere per i pi\u00f9 piccoli: Il piccolo goloso di lettere\" itemscope itemtype=\"https:\/\/schema.org\/CreativeWork\"><a class=\"entry-image-link\" href=\"https:\/\/neuronup.com\/it\/attivita-di-neuroriabilitazione\/attivita-per-bambini-con-esigenze-speciali\/gioco-divertente-di-lettere\/\" tabindex=\"-1\" aria-hidden=\"true\"><img decoding=\"async\" width=\"400\" height=\"267\" src=\"https:\/\/neuronup.com\/it\/wp-content\/uploads\/2024\/09\/nina-con-un-portatil-usando-actividades-de-neuronup-1.webp\" class=\"entry-image size-landscape-sm\" alt=\"Ragazza con portatile, trecce e camicia a quadri; schermo mostra icone colorate in un laboratorio con altre postazioni.\" srcset=\"https:\/\/neuronup.com\/it\/wp-content\/uploads\/2024\/09\/nina-con-un-portatil-usando-actividades-de-neuronup-1-300x200.webp 300w, https:\/\/neuronup.com\/it\/wp-content\/uploads\/2024\/09\/nina-con-un-portatil-usando-actividades-de-neuronup-1-768x512.webp 768w, https:\/\/neuronup.com\/it\/wp-content\/uploads\/2024\/09\/nina-con-un-portatil-usando-actividades-de-neuronup-1-1024x683.webp 1024w, https:\/\/neuronup.com\/it\/wp-content\/uploads\/2024\/09\/nina-con-un-portatil-usando-actividades-de-neuronup-1.webp 1200w\" sizes=\"(max-width:599px) 599px, (min-width:600px) and (max-width: 799px) 799px, (min-width:800px) and (max-width: 999px) 333px, (min-width:1000px) 400px\" \/><\/a><div class=\"entry-wrap entry-wrap-grid\"><h3 class=\"entry-title\" itemprop=\"headline\"><a class=\"entry-title-link\" href=\"https:\/\/neuronup.com\/it\/attivita-di-neuroriabilitazione\/attivita-per-bambini-con-esigenze-speciali\/gioco-divertente-di-lettere\/\" rel=\"bookmark\">Divertente gioco di lettere per i pi\u00f9 piccoli: Il piccolo goloso di lettere<\/a><\/h3>\n<\/div><\/article><article class=\"entry entry-grid is-column has-entry-link has-image has-image-first type-post category-disabilita-intelletiva tag-disabilita-intellettiva tag-neuropsicologia\" style=\"--entry-index:2;\" aria-label=\"Consumo di alcol durante la gravidanza: effetti sul cervello fetale e rischio di disabilit\u00e0 intellettiva.\" itemscope itemtype=\"https:\/\/schema.org\/CreativeWork\"><a class=\"entry-image-link\" href=\"https:\/\/neuronup.com\/it\/stimolazione-e-riabilitazione-cognitiva\/disabilita-intelletiva\/consumo-di-alcol-durante-la-gravidanza-effetti-sul-cervello-fetale-e-rischio-di-disabilita-intellettiva\/\" tabindex=\"-1\" aria-hidden=\"true\"><img decoding=\"async\" width=\"400\" height=\"300\" src=\"https:\/\/neuronup.com\/it\/wp-content\/uploads\/2024\/10\/Consumo-di-alcol-durante-la-gravidanza-400x300.webp\" class=\"entry-image size-landscape-sm\" alt=\"Persona incinta seduta che tiene in mano scarpine marroni, pancione visibile, manicure chiara, atmosfera intima.\" srcset=\"https:\/\/neuronup.com\/it\/wp-content\/uploads\/2024\/10\/Consumo-di-alcol-durante-la-gravidanza-400x300.webp 400w, https:\/\/neuronup.com\/it\/wp-content\/uploads\/2024\/10\/Consumo-di-alcol-durante-la-gravidanza-800x600.webp 800w\" sizes=\"(max-width:599px) 599px, (min-width:600px) and (max-width: 799px) 799px, (min-width:800px) and (max-width: 999px) 333px, (min-width:1000px) 400px\" \/><\/a><div class=\"entry-wrap entry-wrap-grid\"><h3 class=\"entry-title\" itemprop=\"headline\"><a class=\"entry-title-link\" href=\"https:\/\/neuronup.com\/it\/stimolazione-e-riabilitazione-cognitiva\/disabilita-intelletiva\/consumo-di-alcol-durante-la-gravidanza-effetti-sul-cervello-fetale-e-rischio-di-disabilita-intellettiva\/\" rel=\"bookmark\">Consumo di alcol durante la gravidanza: effetti sul cervello fetale e rischio di disabilit\u00e0 intellettiva.<\/a><\/h3>\n<\/div><\/article><article class=\"entry entry-grid is-column has-entry-link has-image has-image-first type-post category-neuropsicologia tag-attenzione tag-attivita-di-stimolazione-cognitiva tag-riabilitazione-cognitiva tag-stimolazione-cognitiva\" style=\"--entry-index:3;\" aria-label=\"Quali funzioni cognitive mettiamo in gioco con Pac-man?\" itemscope itemtype=\"https:\/\/schema.org\/CreativeWork\"><a class=\"entry-image-link\" href=\"https:\/\/neuronup.com\/it\/neuroscienze\/neuropsicologia\/funzioni-cognitive-usate-con-il-pac-man\/\" tabindex=\"-1\" aria-hidden=\"true\"><img decoding=\"async\" width=\"400\" height=\"181\" src=\"https:\/\/neuronup.com\/it\/wp-content\/uploads\/2024\/09\/Funciones-cognitivas-en-el-Pac-man.webp\" class=\"entry-image size-landscape-sm\" alt=\"Design neon ispirato ai videogiochi su sfondo di mattoni scuri: PLAY ZONE, icona di console retro con pulsanti colorati e simbolo VS luminoso.\" srcset=\"https:\/\/neuronup.com\/it\/wp-content\/uploads\/2024\/09\/Funciones-cognitivas-en-el-Pac-man-300x135.webp 300w, https:\/\/neuronup.com\/it\/wp-content\/uploads\/2024\/09\/Funciones-cognitivas-en-el-Pac-man-768x347.webp 768w, https:\/\/neuronup.com\/it\/wp-content\/uploads\/2024\/09\/Funciones-cognitivas-en-el-Pac-man-1024x462.webp 1024w, https:\/\/neuronup.com\/it\/wp-content\/uploads\/2024\/09\/Funciones-cognitivas-en-el-Pac-man.webp 1500w\" sizes=\"(max-width:599px) 599px, (min-width:600px) and (max-width: 799px) 799px, (min-width:800px) and (max-width: 999px) 333px, (min-width:1000px) 400px\" \/><\/a><div class=\"entry-wrap entry-wrap-grid\"><h3 class=\"entry-title\" itemprop=\"headline\"><a class=\"entry-title-link\" href=\"https:\/\/neuronup.com\/it\/neuroscienze\/neuropsicologia\/funzioni-cognitive-usate-con-il-pac-man\/\" rel=\"bookmark\">Quali funzioni cognitive mettiamo in gioco con Pac-man?<\/a><\/h3>\n<\/div><\/article><article class=\"entry entry-grid is-column has-entry-link has-image has-image-first type-post category-neuronup-academy tag-disturbi-del-neurosviluppo tag-neuronup-academy\" style=\"--entry-index:4;\" aria-label=\"Ana Bel\u00e9n Vintimilla risponde ai dubbi sulla sua presentazione sul neurosviluppo nel danno cerebrale pediatrico\" itemscope itemtype=\"https:\/\/schema.org\/CreativeWork\"><a class=\"entry-image-link\" href=\"https:\/\/neuronup.com\/it\/formazione\/neuronup-academy\/dubbi-sulla-relazione-sul-neurosviluppo-nel-danno-cerebrale-pediatrico\/\" tabindex=\"-1\" aria-hidden=\"true\"><img decoding=\"async\" width=\"400\" height=\"225\" src=\"https:\/\/neuronup.com\/it\/wp-content\/uploads\/2021\/10\/ana-belen-neurodesarrollo-dano-cerebral-pediatrico.webp\" class=\"entry-image size-landscape-sm\" alt=\"Donna in camice scuro con occhiali, testo con il nome Ana Bel\u00e9n Vintimilla-Tosi e la descrizione &#039;Neurodesarrollo en da\u00f1o cerebral pedi\u00e1trico&#039; sullo sfondo, logo Neuron Academy.\" srcset=\"https:\/\/neuronup.com\/it\/wp-content\/uploads\/2021\/10\/ana-belen-neurodesarrollo-dano-cerebral-pediatrico-300x169.webp 300w, https:\/\/neuronup.com\/it\/wp-content\/uploads\/2021\/10\/ana-belen-neurodesarrollo-dano-cerebral-pediatrico-768x432.webp 768w, https:\/\/neuronup.com\/it\/wp-content\/uploads\/2021\/10\/ana-belen-neurodesarrollo-dano-cerebral-pediatrico-1024x576.webp 1024w, https:\/\/neuronup.com\/it\/wp-content\/uploads\/2021\/10\/ana-belen-neurodesarrollo-dano-cerebral-pediatrico.webp 1200w\" sizes=\"(max-width:599px) 599px, (min-width:600px) and (max-width: 799px) 799px, (min-width:800px) and (max-width: 999px) 333px, (min-width:1000px) 400px\" \/><\/a><div class=\"entry-wrap entry-wrap-grid\"><h3 class=\"entry-title\" itemprop=\"headline\"><a class=\"entry-title-link\" href=\"https:\/\/neuronup.com\/it\/formazione\/neuronup-academy\/dubbi-sulla-relazione-sul-neurosviluppo-nel-danno-cerebrale-pediatrico\/\" rel=\"bookmark\">Ana Bel\u00e9n Vintimilla risponde ai dubbi sulla sua presentazione sul neurosviluppo nel danno cerebrale pediatrico<\/a><\/h3>\n<\/div><\/article><article class=\"entry entry-grid is-column has-entry-link has-image has-image-first type-post category-metodi-e-tecniche-di-intervento-terapeutico-e-psicologico tag-adhd tag-alzheimer tag-disturbi-del-neurosviluppo tag-funzioni-esecutive tag-stimolazione-cognitiva tag-testimonianze\" style=\"--entry-index:5;\" aria-label=\"Trattamento neuropsicologico presso il centro IENSA tramite NeuronUP\" itemscope itemtype=\"https:\/\/schema.org\/CreativeWork\"><a class=\"entry-image-link\" href=\"https:\/\/neuronup.com\/it\/stimolazione-e-riabilitazione-cognitiva\/metodi-e-tecniche-di-intervento-terapeutico-e-psicologico\/trattamento-neuropsicologico-presso-il-centro-iensa-tramite-neuronup\/\" tabindex=\"-1\" aria-hidden=\"true\"><img decoding=\"async\" width=\"400\" height=\"300\" src=\"https:\/\/neuronup.com\/it\/wp-content\/uploads\/2024\/05\/Trattamento-neuropsicologico-presso-il-Centro-IENSA-attraverso-il-NeuroneUP-1-400x300.webp\" class=\"entry-image size-landscape-sm\" alt=\"Persona in camicia bianca seduta davanti a un computer desktop; mouse e penna sul tavolo, sfondo luminoso con finestra.\" srcset=\"https:\/\/neuronup.com\/it\/wp-content\/uploads\/2024\/05\/Trattamento-neuropsicologico-presso-il-Centro-IENSA-attraverso-il-NeuroneUP-1-300x225.webp 300w, https:\/\/neuronup.com\/it\/wp-content\/uploads\/2024\/05\/Trattamento-neuropsicologico-presso-il-Centro-IENSA-attraverso-il-NeuroneUP-1-400x300.webp 400w, https:\/\/neuronup.com\/it\/wp-content\/uploads\/2024\/05\/Trattamento-neuropsicologico-presso-il-Centro-IENSA-attraverso-il-NeuroneUP-1-768x576.webp 768w, https:\/\/neuronup.com\/it\/wp-content\/uploads\/2024\/05\/Trattamento-neuropsicologico-presso-il-Centro-IENSA-attraverso-il-NeuroneUP-1-800x600.webp 800w, https:\/\/neuronup.com\/it\/wp-content\/uploads\/2024\/05\/Trattamento-neuropsicologico-presso-il-Centro-IENSA-attraverso-il-NeuroneUP-1-1024x768.webp 1024w, https:\/\/neuronup.com\/it\/wp-content\/uploads\/2024\/05\/Trattamento-neuropsicologico-presso-il-Centro-IENSA-attraverso-il-NeuroneUP-1.webp 1200w\" sizes=\"(max-width:599px) 599px, (min-width:600px) and (max-width: 799px) 799px, (min-width:800px) and (max-width: 999px) 333px, (min-width:1000px) 400px\" \/><\/a><div class=\"entry-wrap entry-wrap-grid\"><h3 class=\"entry-title\" itemprop=\"headline\"><a class=\"entry-title-link\" href=\"https:\/\/neuronup.com\/it\/stimolazione-e-riabilitazione-cognitiva\/metodi-e-tecniche-di-intervento-terapeutico-e-psicologico\/trattamento-neuropsicologico-presso-il-centro-iensa-tramite-neuronup\/\" rel=\"bookmark\">Trattamento neuropsicologico presso il centro IENSA tramite NeuronUP<\/a><\/h3>\n<\/div><\/article><article class=\"entry entry-grid is-column has-entry-link has-image has-image-first type-post category-funzioni-esecutive tag-funzioni-esecutive tag-neuropsicologia\" style=\"--entry-index:6;\" aria-label=\"Modello di funzioni esecutive basato su analisi fattoriali\" itemscope itemtype=\"https:\/\/schema.org\/CreativeWork\"><a class=\"entry-image-link\" href=\"https:\/\/neuronup.com\/it\/neuroscienze\/neuropsicologia\/funzioni-esecutive\/modello-di-funzioni-esecutive-basato-su-analisi-fattoriali\/\" tabindex=\"-1\" aria-hidden=\"true\"><img decoding=\"async\" width=\"400\" height=\"300\" src=\"https:\/\/neuronup.com\/it\/wp-content\/uploads\/2023\/02\/neurorrehabilitaciom-cerebro-1-1-1.webp\" class=\"entry-image size-landscape-sm\" alt=\"Rappresentazione tridimensionale del cervello umano con bagliore blu e insetto nell&#039;angolo che mostra neuroni rossi.\" srcset=\"https:\/\/neuronup.com\/it\/wp-content\/uploads\/2023\/02\/neurorrehabilitaciom-cerebro-1-1-1-300x225.webp 300w, https:\/\/neuronup.com\/it\/wp-content\/uploads\/2023\/02\/neurorrehabilitaciom-cerebro-1-1-1-768x576.webp 768w, https:\/\/neuronup.com\/it\/wp-content\/uploads\/2023\/02\/neurorrehabilitaciom-cerebro-1-1-1-1024x768.webp 1024w, https:\/\/neuronup.com\/it\/wp-content\/uploads\/2023\/02\/neurorrehabilitaciom-cerebro-1-1-1.webp 1200w\" sizes=\"(max-width:599px) 599px, (min-width:600px) and (max-width: 799px) 799px, (min-width:800px) and (max-width: 999px) 333px, (min-width:1000px) 400px\" \/><\/a><div class=\"entry-wrap entry-wrap-grid\"><h3 class=\"entry-title\" itemprop=\"headline\"><a class=\"entry-title-link\" href=\"https:\/\/neuronup.com\/it\/neuroscienze\/neuropsicologia\/funzioni-esecutive\/modello-di-funzioni-esecutive-basato-su-analisi-fattoriali\/\" rel=\"bookmark\">Modello di funzioni esecutive basato su analisi fattoriali<\/a><\/h3>\n<\/div><\/article><\/div><\/div>","protected":false},"excerpt":{"rendered":"<p>Diamo il via a NeuronUP Academy 2022 con un relatore di grande prestigio! David De Nore\u00f1a inaugurer\u00e0 questa nuova edizione marted\u00ec 18 gennaio alle 19:00 (ora spagnola) con una presentazione su Approccio non farmacologico al paziente neurologico agitato. Ti aspettiamo! Compila questo modulo e clicca su &#8216;REGISTRATI ORA&#8217; per poter partecipare alla presentazione. Dettagli della &hellip;<\/p>\n","protected":false},"author":7,"featured_media":8536,"comment_status":"open","ping_status":"open","sticky":false,"template":"","format":"standard","meta":{"_acf_changed":false,"_genesis_hide_title":false,"_genesis_hide_breadcrumbs":false,"_genesis_hide_singular_image":false,"_genesis_hide_footer_widgets":false,"_genesis_custom_body_class":"","_genesis_custom_post_class":"","_genesis_layout":"","footnotes":""},"categories":[70],"tags":[459,461],"class_list":{"2":"type-post","7":"category-neuronup-academy","8":"tag-neuronup-academy","9":"tag-presentazione-di-neuronup-academy","10":"entry"},"acf":[],"_links":{"self":[{"href":"https:\/\/neuronup.com\/it\/wp-json\/wp\/v2\/posts\/8243","targetHints":{"allow":["GET"]}}],"collection":[{"href":"https:\/\/neuronup.com\/it\/wp-json\/wp\/v2\/posts"}],"about":[{"href":"https:\/\/neuronup.com\/it\/wp-json\/wp\/v2\/types\/post"}],"author":[{"embeddable":true,"href":"https:\/\/neuronup.com\/it\/wp-json\/wp\/v2\/users\/7"}],"replies":[{"embeddable":true,"href":"https:\/\/neuronup.com\/it\/wp-json\/wp\/v2\/comments?post=8243"}],"version-history":[{"count":0,"href":"https:\/\/neuronup.com\/it\/wp-json\/wp\/v2\/posts\/8243\/revisions"}],"wp:featuredmedia":[{"embeddable":true,"href":"https:\/\/neuronup.com\/it\/wp-json\/wp\/v2\/media\/8536"}],"wp:attachment":[{"href":"https:\/\/neuronup.com\/it\/wp-json\/wp\/v2\/media?parent=8243"}],"wp:term":[{"taxonomy":"category","embeddable":true,"href":"https:\/\/neuronup.com\/it\/wp-json\/wp\/v2\/categories?post=8243"},{"taxonomy":"post_tag","embeddable":true,"href":"https:\/\/neuronup.com\/it\/wp-json\/wp\/v2\/tags?post=8243"}],"curies":[{"name":"wp","href":"https:\/\/api.w.org\/{rel}","templated":true}]}}