
{"id":5200,"date":"2025-06-10T10:02:18","date_gmt":"2025-06-10T10:02:18","guid":{"rendered":"https:\/\/neuronup.com\/?p=5200"},"modified":"2025-06-10T10:02:18","modified_gmt":"2025-06-10T10:02:18","slug":"il-lavoro-della-psicologia-durante-leruzione-del-vulcano-di-la-palma","status":"publish","type":"post","link":"https:\/\/neuronup.com\/it\/psicologia\/il-lavoro-della-psicologia-durante-leruzione-del-vulcano-di-la-palma\/","title":{"rendered":"Il lavoro della psicologia durante l&#8217;eruzione del vulcano di La Palma"},"content":{"rendered":"\n<p>Lo scorso 19 settembre \u00e8 iniziata la <strong>eruzione del vulcano sull&#8217;isola di La Palma<\/strong>, isola che fa parte di Santa Cruz de Tenerife, una delle due province che compongono le Canarie. Prima di ci\u00f2 si erano verificati sciami sismici insoliti, avvertiti sempre con maggiore intensit\u00e0 e stupore dalla popolazione.<\/p>\n\n\n\n<p>Da quella domenica, tutte le <strong>Canarie si sono unite a La Palma<\/strong>. Le risposte pi\u00f9 immediate sono arrivate sotto forma di invii di personale di emergenza e professionisti che si sono recati sull&#8217;isola volontariamente. Inoltre, alla solidariet\u00e0 degli stessi isolani di La Palma si sono aggiunte le altre isole per fornire beni di prima necessit\u00e0, cibo e vestiti alle persone colpite.<\/p>\n\n\n\n<h2 class=\"wp-block-heading\">Assistenza psicologica dopo l&#8217;eruzione del vulcano di La Palma<\/h2>\n\n\n\n<p>Pochi giorni dopo l&#8217;eruzione del vulcano sono arrivata a La Palma per prestare assistenza come psicologa. La <strong>psicologia<\/strong> non \u00e8 ancora espressamente inclusa nei piani di <strong>emergenza<\/strong> in modo ufficiale, nonostante la sofferenza delle persone sia evidente in ogni catastrofe naturale o emergenza simile.<\/p>\n\n\n\n<h3 class=\"wp-block-heading\">Cos&#8217;\u00e8 la psicologia delle emergenze?<\/h3>\n\n\n\n<p>La <strong>psicologia delle emergenze<\/strong> si propone di essere una <strong>prima assistenza<\/strong> per fornire <strong>ventilazione emotiva e sfogo<\/strong>, cercando cos\u00ec di prevenire <strong>problemi psicologici<\/strong> maggiori nel tempo, come disturbi d&#8217;ansia, depressione o altri. Inoltre, situazioni di vita cos\u00ec complesse possono essere fattori scatenanti che fanno aumentare i tassi di suicidio.<\/p>\n\n\n\n<h3 class=\"wp-block-heading\">Conseguenze psicologiche dell&#8217;eruzione del vulcano di La Palma<\/h3>\n\n\n\n<p>In caso di eruzione vulcanica bisogna tenere presente che vengono effettuate <strong>evacuazioni preventive<\/strong> e ci sono due approcci diversi: le persone che sanno gi\u00e0 di aver perso le proprie case inghiottite dalla lava e quelle che sono ancora in attesa di sapere cosa succeder\u00e0 alle loro abitazioni. L&#8217;<strong>incertezza<\/strong> \u00e8 un fattore molto importante in quest&#8217;ultimo caso, che aumenta la <strong>sintomatologia ansiosa<\/strong>. Nel primo caso, bisogna aiutare le persone a elaborare il lutto per tutto ci\u00f2 che hanno perso e fornire loro supporto professionale affinch\u00e9 possano canalizzare ed esprimere i propri <strong>pensieri ed emozioni<\/strong>. Ci sono poi persone che hanno perso il lavoro, il loro sostentamento derivante dall&#8217;allevamento e dall&#8217;agricoltura e altre piccole attivit\u00e0 commerciali della zona.<\/p>\n\n\n\n<p>La lava non \u00e8 come un incendio in cui \u00e8 possibile tornare a casa e ripristinarla in parte, ricostruendo cos\u00ec il proprio ambiente. In caso di eruzione vulcanica, <strong>tutto si perde<\/strong>. La lava al suo passaggio distrugge e inghiotte tutto ci\u00f2 che incontra e il paesaggio cambia drasticamente. Le persone non rivedranno pi\u00f9 quel paese in cui sono nate o dove sono cresciuti i loro figli. Il dolore che si prova \u00e8 devastante e i ricordi riaffiorano con grande nostalgia.<\/p>\n\n\n\n<p>Allo stesso modo, il rumore del vulcano impedisce di dimenticare questa situazione e sempre pi\u00f9 persone soffrono di <strong>disturbi del sonno e sintomi ansiosi e depressivi<\/strong>. Nei minori si osservano anche sintomi come <strong>incubi e problemi nel controllo degli sfinteri<\/strong>. Inoltre, i minori sono penalizzati dall&#8217;elevato livello di cenere, che compromette i loro spazi di gioco.<\/p>\n\n\n\n<h3 class=\"wp-block-heading\">Il ruolo fondamentale della psicologia<\/h3>\n\n\n\n<p>La vita cambia in una parte di La Palma in modo <strong>radicale e commovente<\/strong>, con una situazione di <strong>devastazione<\/strong> per molte famiglie. La <strong>psicologia<\/strong> deve svolgere la sua funzione in questi momenti, di fronte a una situazione di cui nessuno sa quanto durer\u00e0.<\/p>\n\n\n\n<p>I <strong>professionisti delle emergenze<\/strong> (vigili del fuoco, volontari di diverse organizzazioni, operatori sanitari, ecc.) necessitano inoltre di un <strong>supporto terapeutico professionale.<\/strong> L&#8217;impotenza si fa sentire in molti momenti e le immagini, cos\u00ec come le testimonianze, hanno un <strong>impatto emotivo sul personale di supporto.<\/strong><\/p>\n\n\n\n<h2 class=\"wp-block-heading\">Conclusioni<\/h2>\n\n\n\n<p>In definitiva, in queste situazioni bisogna continuare a lavorare, con le pause necessarie per poter ritornare ed essere utili nell&#8217;<strong>aiuto fondamentale<\/strong> che offrono. Nel frattempo, il <strong>rispetto<\/strong> in questo momento verso le <strong>persone colpite<\/strong> \u00e8 la migliore cosa che si possa fare da ogni ambito, oltre a essere disponibili e pronti ad aiutare qualora necessario.<\/p>\n\n\n\n<p>Se ti \u00e8 piaciuto questo articolo sul <strong>lavoro della psicologia durante l&#8217;eruzione del vulcano di La Palma<\/strong>, ti consigliamo di dare un&#8217;occhiata a queste pubblicazioni di <strong>NeuronUP<\/strong>:<\/p>\n\n<div class=\"mai-grid entries entries-grid has-boxed has-image-full\" style=\"--entry-title-font-size:var(--font-size-lg);--align-text:start;--entry-meta-text-align:start;\"><div class=\"entries-wrap has-columns\" style=\"--columns-xs:1\/1;--columns-sm:1\/1;--columns-md:1\/3;--columns-lg:1\/3;--flex-xs:0 0 var(--flex-basis);--flex-sm:0 0 var(--flex-basis);--flex-md:0 0 var(--flex-basis);--flex-lg:0 0 var(--flex-basis);--column-gap:var(--spacing-lg);--row-gap:var(--spacing-lg);--align-columns:start;\"><article class=\"entry entry-grid is-column has-entry-link has-image has-image-first type-post category-formazione tag-disabilita-intellettiva tag-presentazione-di-neuronup-academy tag-sindrome-di-down\" style=\"--entry-index:1;\" aria-label=\"Giornata della Disabilit\u00e0 Intellettuale: Progressi e Sfide Future\" itemscope itemtype=\"https:\/\/schema.org\/CreativeWork\"><a class=\"entry-image-link\" href=\"https:\/\/neuronup.com\/it\/formazione\/giornata-della-disabilita-intellettuale-progressi-e-sfide-future\/\" tabindex=\"-1\" aria-hidden=\"true\"><img decoding=\"async\" width=\"400\" height=\"225\" src=\"https:\/\/neuronup.com\/it\/wp-content\/uploads\/2022\/09\/ponentes-jornada-discapacidad-intelectual.webp\" class=\"entry-image size-landscape-sm\" alt=\"Intestazione evento online gratuito: Disabilit\u00e0 Intellettuale, relatori confermati e logo NeuronUP su sfondo azzurro.\" srcset=\"https:\/\/neuronup.com\/it\/wp-content\/uploads\/2022\/09\/ponentes-jornada-discapacidad-intelectual-300x169.webp 300w, https:\/\/neuronup.com\/it\/wp-content\/uploads\/2022\/09\/ponentes-jornada-discapacidad-intelectual-768x432.webp 768w, https:\/\/neuronup.com\/it\/wp-content\/uploads\/2022\/09\/ponentes-jornada-discapacidad-intelectual-1024x576.webp 1024w, https:\/\/neuronup.com\/it\/wp-content\/uploads\/2022\/09\/ponentes-jornada-discapacidad-intelectual.webp 1201w\" sizes=\"(max-width:599px) 599px, (min-width:600px) and (max-width: 799px) 799px, (min-width:800px) and (max-width: 999px) 333px, (min-width:1000px) 400px\" \/><\/a><div class=\"entry-wrap entry-wrap-grid\"><h3 class=\"entry-title\" itemprop=\"headline\"><a class=\"entry-title-link\" href=\"https:\/\/neuronup.com\/it\/formazione\/giornata-della-disabilita-intellettuale-progressi-e-sfide-future\/\" rel=\"bookmark\">Giornata della Disabilit\u00e0 Intellettuale: Progressi e Sfide Future<\/a><\/h3>\n<\/div><\/article><article class=\"entry entry-grid is-column has-entry-link has-image has-image-first type-post category-cerebrolesione-acquisita tag-cerebrolesione-acquisita\" style=\"--entry-index:2;\" aria-label=\"Apprendimento motorio: cos&#8217;\u00e8, fattori, metodologia e obiettivi\" itemscope itemtype=\"https:\/\/schema.org\/CreativeWork\"><a class=\"entry-image-link\" href=\"https:\/\/neuronup.com\/it\/stimolazione-e-riabilitazione-cognitiva\/cerebrolesione-acquisita\/apprendimento-motorio-cose-fattori-metodologia-e-obiettivi\/\" tabindex=\"-1\" aria-hidden=\"true\"><img decoding=\"async\" width=\"400\" height=\"300\" src=\"https:\/\/neuronup.com\/it\/wp-content\/uploads\/2024\/04\/Apprendimento-motorio-cose-fattori-metodologia-e-obiettivi-2-400x300.webp\" class=\"entry-image size-landscape-sm\" alt=\"Struttura ramificata complessa con linee intrecciate, simile a diagramma vascolare; tonalit\u00e0 marrone e oro, aspetto organico.\" srcset=\"https:\/\/neuronup.com\/it\/wp-content\/uploads\/2024\/04\/Apprendimento-motorio-cose-fattori-metodologia-e-obiettivi-2-400x300.webp 400w, https:\/\/neuronup.com\/it\/wp-content\/uploads\/2024\/04\/Apprendimento-motorio-cose-fattori-metodologia-e-obiettivi-2-800x600.webp 800w\" sizes=\"(max-width:599px) 599px, (min-width:600px) and (max-width: 799px) 799px, (min-width:800px) and (max-width: 999px) 333px, (min-width:1000px) 400px\" \/><\/a><div class=\"entry-wrap entry-wrap-grid\"><h3 class=\"entry-title\" itemprop=\"headline\"><a class=\"entry-title-link\" href=\"https:\/\/neuronup.com\/it\/stimolazione-e-riabilitazione-cognitiva\/cerebrolesione-acquisita\/apprendimento-motorio-cose-fattori-metodologia-e-obiettivi\/\" rel=\"bookmark\">Apprendimento motorio: cos&#8217;\u00e8, fattori, metodologia e obiettivi<\/a><\/h3>\n<\/div><\/article><article class=\"entry entry-grid is-column has-entry-link has-image has-image-first type-post category-testimonianze tag-asd-disturbi-dello-spettro-autistico tag-bambini tag-paralisi-cerebrale tag-sindrome-di-down tag-testimonianze\" style=\"--entry-index:3;\" aria-label=\"Verso una neurodidattica dell&#8217;apprendimento musicale\" itemscope itemtype=\"https:\/\/schema.org\/CreativeWork\"><a class=\"entry-image-link\" href=\"https:\/\/neuronup.com\/it\/stimolazione-e-riabilitazione-cognitiva\/testimonianze\/verso-una-neurodidattica-dellapprendimento-musicale\/\" tabindex=\"-1\" aria-hidden=\"true\"><img decoding=\"async\" width=\"400\" height=\"300\" src=\"https:\/\/neuronup.com\/it\/wp-content\/uploads\/2024\/06\/Neurodidattica-musicale-Ruben-Montaldo-NeuronUP-400x300.webp\" class=\"entry-image size-landscape-sm\" alt=\"Ragazza con maglietta verde e nastro rosso tra i capelli al pianoforte, davanti quaderno e laptop, vaso di piante; luce naturale e neve esterna.\" srcset=\"https:\/\/neuronup.com\/it\/wp-content\/uploads\/2024\/06\/Neurodidattica-musicale-Ruben-Montaldo-NeuronUP-400x300.webp 400w, https:\/\/neuronup.com\/it\/wp-content\/uploads\/2024\/06\/Neurodidattica-musicale-Ruben-Montaldo-NeuronUP-800x600.webp 800w\" sizes=\"(max-width:599px) 599px, (min-width:600px) and (max-width: 799px) 799px, (min-width:800px) and (max-width: 999px) 333px, (min-width:1000px) 400px\" \/><\/a><div class=\"entry-wrap entry-wrap-grid\"><h3 class=\"entry-title\" itemprop=\"headline\"><a class=\"entry-title-link\" href=\"https:\/\/neuronup.com\/it\/stimolazione-e-riabilitazione-cognitiva\/testimonianze\/verso-una-neurodidattica-dellapprendimento-musicale\/\" rel=\"bookmark\">Verso una neurodidattica dell&#8217;apprendimento musicale<\/a><\/h3>\n<\/div><\/article><article class=\"entry entry-grid is-column has-entry-link has-image has-image-first type-post category-attivita-delle-funzioni-esecutive tag-funzioni-esecutive\" style=\"--entry-index:4;\" aria-label=\"6 nuove attivit\u00e0 per potenziare le funzioni esecutive.\" itemscope itemtype=\"https:\/\/schema.org\/CreativeWork\"><a class=\"entry-image-link\" href=\"https:\/\/neuronup.com\/it\/attivita-di-neuroriabilitazione\/attivita-per-le-funzioni-cognitive\/attivita-delle-funzioni-esecutive\/nuove-attivita-per-potenziare-le-funzioni-esecutive\/\" tabindex=\"-1\" aria-hidden=\"true\"><img decoding=\"async\" width=\"400\" height=\"300\" src=\"https:\/\/neuronup.com\/it\/wp-content\/uploads\/2024\/12\/Captura-de-pantalla-2024-12-20-174048-400x300.webp\" class=\"entry-image size-landscape-sm\" alt=\"Griglia di icone quotidiane: scacchiera, auto rossa, carta; in basso stivali blu, tablet e autobus rosso.\" srcset=\"https:\/\/neuronup.com\/it\/wp-content\/uploads\/2024\/12\/Captura-de-pantalla-2024-12-20-174048-400x300.webp 400w, https:\/\/neuronup.com\/it\/wp-content\/uploads\/2024\/12\/Captura-de-pantalla-2024-12-20-174048-800x600.webp 800w\" sizes=\"(max-width:599px) 599px, (min-width:600px) and (max-width: 799px) 799px, (min-width:800px) and (max-width: 999px) 333px, (min-width:1000px) 400px\" \/><\/a><div class=\"entry-wrap entry-wrap-grid\"><h3 class=\"entry-title\" itemprop=\"headline\"><a class=\"entry-title-link\" href=\"https:\/\/neuronup.com\/it\/attivita-di-neuroriabilitazione\/attivita-per-le-funzioni-cognitive\/attivita-delle-funzioni-esecutive\/nuove-attivita-per-potenziare-le-funzioni-esecutive\/\" rel=\"bookmark\">6 nuove attivit\u00e0 per potenziare le funzioni esecutive.<\/a><\/h3>\n<\/div><\/article><article class=\"entry entry-grid is-column has-entry-link has-image has-image-first type-post category-stimolazione-e-riabilitazione-cognitiva tag-stimolazione-cognitiva\" style=\"--entry-index:5;\" aria-label=\"Allenamento Cognitivo-Motorio: Integrazione di Compiti Duali, Realt\u00e0 Virtuale e Aumentata\" itemscope itemtype=\"https:\/\/schema.org\/CreativeWork\"><a class=\"entry-image-link\" href=\"https:\/\/neuronup.com\/it\/stimolazione-e-riabilitazione-cognitiva\/allenamento-cognitivo-motor-uso-di-compiti-duali-realta-virtuale-e-aumentata\/\" tabindex=\"-1\" aria-hidden=\"true\"><img decoding=\"async\" width=\"400\" height=\"267\" src=\"https:\/\/neuronup.com\/it\/wp-content\/uploads\/2023\/03\/Entrenamiento-cognitivo-motor.webp\" class=\"entry-image size-landscape-sm\" alt=\"Giovane con visore per realt\u00e0 virtuale assistito da un operatore in camice bianco in ambiente clinico, segnalando una sessione di riabilitazione.\" srcset=\"https:\/\/neuronup.com\/it\/wp-content\/uploads\/2023\/03\/Entrenamiento-cognitivo-motor-300x200.webp 300w, https:\/\/neuronup.com\/it\/wp-content\/uploads\/2023\/03\/Entrenamiento-cognitivo-motor-768x512.webp 768w, https:\/\/neuronup.com\/it\/wp-content\/uploads\/2023\/03\/Entrenamiento-cognitivo-motor-1024x683.webp 1024w, https:\/\/neuronup.com\/it\/wp-content\/uploads\/2023\/03\/Entrenamiento-cognitivo-motor.webp 1200w\" sizes=\"(max-width:599px) 599px, (min-width:600px) and (max-width: 799px) 799px, (min-width:800px) and (max-width: 999px) 333px, (min-width:1000px) 400px\" \/><\/a><div class=\"entry-wrap entry-wrap-grid\"><h3 class=\"entry-title\" itemprop=\"headline\"><a class=\"entry-title-link\" href=\"https:\/\/neuronup.com\/it\/stimolazione-e-riabilitazione-cognitiva\/allenamento-cognitivo-motor-uso-di-compiti-duali-realta-virtuale-e-aumentata\/\" rel=\"bookmark\">Allenamento Cognitivo-Motorio: Integrazione di Compiti Duali, Realt\u00e0 Virtuale e Aumentata<\/a><\/h3>\n<\/div><\/article><article class=\"entry entry-grid is-column has-entry-link has-image has-image-first type-post category-attivita-per-gnosia tag-attenzione tag-attivita-di-stimolazione-cognitiva tag-bambini tag-ddai tag-disturbi-del-neurosviluppo tag-notizie-di-neuronup\" style=\"--entry-index:6;\" aria-label=\"Attivit\u00e0 per insegnare ai bambini la gestione del denaro\" itemscope itemtype=\"https:\/\/schema.org\/CreativeWork\"><a class=\"entry-image-link\" href=\"https:\/\/neuronup.com\/it\/attivita-di-neuroriabilitazione\/attivita-per-le-funzioni-cognitive\/attivita-per-gnosia\/attivita-per-insegnare-ai-bambini-la-gestione-del-denaro\/\" tabindex=\"-1\" aria-hidden=\"true\"><img decoding=\"async\" width=\"400\" height=\"300\" src=\"https:\/\/neuronup.com\/it\/wp-content\/uploads\/2021\/10\/Actividad-para-ensenar-a-los-ninos-el-manejo-del-dinero-1-1-1.webp\" class=\"entry-image size-landscape-sm\" alt=\"Banconote europee da 5-20\u20ac e monete su sfondo azzurro, con icone verdi interattive e pulsante Rispondi in basso a destra.\" srcset=\"https:\/\/neuronup.com\/it\/wp-content\/uploads\/2021\/10\/Actividad-para-ensenar-a-los-ninos-el-manejo-del-dinero-1-1-1-300x225.webp 300w, https:\/\/neuronup.com\/it\/wp-content\/uploads\/2021\/10\/Actividad-para-ensenar-a-los-ninos-el-manejo-del-dinero-1-1-1-768x575.webp 768w, https:\/\/neuronup.com\/it\/wp-content\/uploads\/2021\/10\/Actividad-para-ensenar-a-los-ninos-el-manejo-del-dinero-1-1-1-1024x767.webp 1024w, https:\/\/neuronup.com\/it\/wp-content\/uploads\/2021\/10\/Actividad-para-ensenar-a-los-ninos-el-manejo-del-dinero-1-1-1.webp 1204w\" sizes=\"(max-width:599px) 599px, (min-width:600px) and (max-width: 799px) 799px, (min-width:800px) and (max-width: 999px) 333px, (min-width:1000px) 400px\" \/><\/a><div class=\"entry-wrap entry-wrap-grid\"><h3 class=\"entry-title\" itemprop=\"headline\"><a class=\"entry-title-link\" href=\"https:\/\/neuronup.com\/it\/attivita-di-neuroriabilitazione\/attivita-per-le-funzioni-cognitive\/attivita-per-gnosia\/attivita-per-insegnare-ai-bambini-la-gestione-del-denaro\/\" rel=\"bookmark\">Attivit\u00e0 per insegnare ai bambini la gestione del denaro<\/a><\/h3>\n<\/div><\/article><\/div><\/div>","protected":false},"excerpt":{"rendered":"<p>Lo scorso 19 settembre \u00e8 iniziata la eruzione del vulcano sull&#8217;isola di La Palma, isola che fa parte di Santa Cruz de Tenerife, una delle due province che compongono le Canarie. Prima di ci\u00f2 si erano verificati sciami sismici insoliti, avvertiti sempre con maggiore intensit\u00e0 e stupore dalla popolazione. Da quella domenica, tutte le Canarie &hellip;<\/p>\n","protected":false},"author":8,"featured_media":5212,"comment_status":"open","ping_status":"open","sticky":false,"template":"","format":"standard","meta":{"_acf_changed":false,"_genesis_hide_title":false,"_genesis_hide_breadcrumbs":false,"_genesis_hide_singular_image":false,"_genesis_hide_footer_widgets":false,"_genesis_custom_body_class":"","_genesis_custom_post_class":"","_genesis_layout":"","footnotes":""},"categories":[442],"tags":[88],"class_list":{"2":"type-post","7":"category-psicologia","8":"tag-psicologia","9":"entry"},"acf":[],"_links":{"self":[{"href":"https:\/\/neuronup.com\/it\/wp-json\/wp\/v2\/posts\/5200","targetHints":{"allow":["GET"]}}],"collection":[{"href":"https:\/\/neuronup.com\/it\/wp-json\/wp\/v2\/posts"}],"about":[{"href":"https:\/\/neuronup.com\/it\/wp-json\/wp\/v2\/types\/post"}],"author":[{"embeddable":true,"href":"https:\/\/neuronup.com\/it\/wp-json\/wp\/v2\/users\/8"}],"replies":[{"embeddable":true,"href":"https:\/\/neuronup.com\/it\/wp-json\/wp\/v2\/comments?post=5200"}],"version-history":[{"count":0,"href":"https:\/\/neuronup.com\/it\/wp-json\/wp\/v2\/posts\/5200\/revisions"}],"wp:featuredmedia":[{"embeddable":true,"href":"https:\/\/neuronup.com\/it\/wp-json\/wp\/v2\/media\/5212"}],"wp:attachment":[{"href":"https:\/\/neuronup.com\/it\/wp-json\/wp\/v2\/media?parent=5200"}],"wp:term":[{"taxonomy":"category","embeddable":true,"href":"https:\/\/neuronup.com\/it\/wp-json\/wp\/v2\/categories?post=5200"},{"taxonomy":"post_tag","embeddable":true,"href":"https:\/\/neuronup.com\/it\/wp-json\/wp\/v2\/tags?post=5200"}],"curies":[{"name":"wp","href":"https:\/\/api.w.org\/{rel}","templated":true}]}}