
{"id":46010,"date":"2025-10-28T16:29:26","date_gmt":"2025-10-28T14:29:26","guid":{"rendered":"https:\/\/neuronup.com\/it\/?p=46010"},"modified":"2025-10-28T16:35:50","modified_gmt":"2025-10-28T14:35:50","slug":"nuove-attivita-cartacea-per-lavorare-con-i-tuoi-pazienti-adulti","status":"publish","type":"post","link":"https:\/\/neuronup.com\/it\/attivita-di-neuroriabilitazione\/nuove-attivita-cartacea-per-lavorare-con-i-tuoi-pazienti-adulti\/","title":{"rendered":"Nuova attivit\u00e0 cartacea per lavorare con i tuoi pazienti adulti!"},"content":{"rendered":"\n<p class=\"has-xl-font-size\">Oggi in NeuronUP pubblichiamo una nuova attivit\u00e0 su carta per lavorare con i tuoi pazienti.<\/p>\n\n\n\n<p class=\"has-xl-font-size\">Ti mostriamo qual&#8217;\u00e8!<br><\/p>\n\n\n\n<h2 class=\"wp-block-heading\" id=\"en-que-consiste\"><em>Cambi di posizione<\/em><\/h2>\n\n\n\n<figure class=\"wp-block-image size-full\"><img decoding=\"async\" width=\"954\" height=\"675\" src=\"https:\/\/neuronup.com\/it\/wp-content\/uploads\/2025\/10\/EWM4-A-1_page-0001.webp\" alt=\"\" class=\"wp-image-46021\" srcset=\"https:\/\/neuronup.com\/it\/wp-content\/uploads\/2025\/10\/EWM4-A-1_page-0001-300x212.webp 300w, https:\/\/neuronup.com\/it\/wp-content\/uploads\/2025\/10\/EWM4-A-1_page-0001-768x543.webp 768w, https:\/\/neuronup.com\/it\/wp-content\/uploads\/2025\/10\/EWM4-A-1_page-0001.webp 954w\" sizes=\"(max-width: 954px) 100vw, 954px\" \/><figcaption class=\"wp-element-caption\">Cambi di posizione<\/figcaption><\/figure>\n\n\n\n<p>la nuova attivit\u00e0 in formato cartaceo pensata per stimolare la <strong>memoria di lavoro<\/strong> negli adulti seguiti nel vostro centro.<\/p>\n\n\n\n<h3 class=\"wp-block-heading\">In cosa consiste questa attivit\u00e0?<\/h3>\n\n\n\n<p>Per completare l\u2019esercizio, i pazienti devono ricostruire nell\u2019ordine corretto una serie di elementi visivi che hanno precedentemente memorizzato.<\/p>\n\n\n\n<h3 class=\"wp-block-heading\">Quali abilit\u00e0 vengono allenate?<\/h3>\n\n\n\n<p><em>\u201cCambi di posizione\u201d<\/em> \u00e8 progettata per esercitare la <strong>memoria di lavoro<\/strong>, favorendo la rievocazione e l\u2019organizzazione delle informazioni in modo strutturato.<\/p>\n\n\n\n<h3 class=\"wp-block-heading\">Com\u2019\u00e8 strutturata la scheda?<\/h3>\n\n\n\n<p>Il set include <strong>65 schede<\/strong> suddivise in <strong>cinque livelli di difficolt\u00e0<\/strong>: base, facile, intermedio, difficile e avanzato.<\/p>\n\n\n\n<h3 class=\"wp-block-heading\">Quali sono i livelli di difficolt\u00e0?<\/h3>\n\n\n\n<p><em>\u201cCambi di posizione\u201d<\/em> \u00e8 suddivisa in cinque livelli di difficolt\u00e0: base, facile, medio, difficile e avanzato.<br><\/p>\n\n\n\n<div style=\"height:32px\" aria-hidden=\"true\" class=\"wp-block-spacer\"><\/div>\n\n\n\n<div class=\"wp-block-group\"><div class=\"wp-block-group__inner-container is-layout-constrained wp-block-group-is-layout-constrained\">\n<div class=\"wp-block-columns br-0111 particle-bg p-5 has-primary-background-color has-background is-layout-flex wp-container-core-columns-is-layout-9d6595d7 wp-block-columns-is-layout-flex\">\n<div class=\"wp-block-column is-layout-flow wp-block-column-is-layout-flow\" style=\"flex-basis:66.66%\">\n<h2 class=\"wp-block-heading has-white-color has-text-color\">Prova NeuronUP gratis per 7 giorni<\/h2>\n\n\n\n<p class=\"has-white-color has-text-color\">Potrai collaborare con le nostre attivit\u00e0, progettare sedute o fare riabilitazione a distanza.<\/p>\n<\/div>\n\n\n\n<div class=\"wp-block-column is-layout-flow wp-block-column-is-layout-flow\" style=\"flex-basis:33.33%\">\n<div class=\"wp-block-buttons is-content-justification-center is-layout-flex wp-container-core-buttons-is-layout-16018d1d wp-block-buttons-is-layout-flex\">\n<div class=\"wp-block-button\" style=\"--button-background:var(--color-custom-1);--button-background-hover:#cc7e00;\"><a class=\"wp-block-button__link button   wp-element-button\" href=\"https:\/\/neuronup.com\/it\/landing-store-user\/\">Comincia la tua prova<\/a><\/div>\n\n<\/div>\n<\/div>\n<\/div>\n<\/div><\/div>\n\n\n\n<div style=\"height:18px\" aria-hidden=\"true\" class=\"wp-block-spacer\"><\/div>\n\n\n\n<div style=\"height:32px\" aria-hidden=\"true\" class=\"wp-block-spacer\"><\/div>\n\n\n\n<h2 class=\"wp-block-heading\">Non perderti nessuna di queste!<\/h2>\n\n\n\n<h2 class=\"wp-block-heading\" id=\"si-te-ha-gustado-esta-actividad-de-memoria-para-ninos-puede-que-tambien-te-interese-leer\">Se ti \u00e8 piaciuta questa attivit\u00e0, potrebbero interessarti anche questi articoli:<\/h2>\n\n\n<div class=\"mai-grid entries entries-grid has-boxed has-image-full\" style=\"--entry-title-font-size:var(--font-size-lg);--align-text:start;--entry-meta-text-align:start;\"><div class=\"entries-wrap has-columns\" style=\"--columns-xs:1\/1;--columns-sm:1\/1;--columns-md:1\/3;--columns-lg:1\/3;--flex-xs:0 0 var(--flex-basis);--flex-sm:0 0 var(--flex-basis);--flex-md:0 0 var(--flex-basis);--flex-lg:0 0 var(--flex-basis);--column-gap:var(--spacing-lg);--row-gap:var(--spacing-lg);--align-columns:start;\"><article class=\"entry entry-grid is-column has-entry-link has-image has-image-first type-post category-neuroscienze tag-cervello\" style=\"--entry-index:1;\" aria-label=\"Che cos&#8217;\u00e8 la magnetorecezione? L&#8217;essere umano e la magnetorecezione\" itemscope itemtype=\"https:\/\/schema.org\/CreativeWork\"><a class=\"entry-image-link\" href=\"https:\/\/neuronup.com\/it\/neuroscienze\/che-cose-la-magnetorecezione-lessere-umano-e-la-magnetorecezione\/\" tabindex=\"-1\" aria-hidden=\"true\"><img decoding=\"async\" width=\"400\" height=\"246\" src=\"https:\/\/neuronup.com\/it\/wp-content\/uploads\/2022\/09\/plantilla-blog-1.webp\" class=\"entry-image size-landscape-sm\" alt=\"Corpo celeste visibile, probabilmente una stella o pulsar, circondato da fasci di luce blu; sfondo scuro con stelle.\" srcset=\"https:\/\/neuronup.com\/it\/wp-content\/uploads\/2022\/09\/plantilla-blog-1-300x185.webp 300w, https:\/\/neuronup.com\/it\/wp-content\/uploads\/2022\/09\/plantilla-blog-1.webp 650w\" sizes=\"(max-width:599px) 599px, (min-width:600px) and (max-width: 799px) 799px, (min-width:800px) and (max-width: 999px) 333px, (min-width:1000px) 400px\" \/><\/a><div class=\"entry-wrap entry-wrap-grid\"><h3 class=\"entry-title\" itemprop=\"headline\"><a class=\"entry-title-link\" href=\"https:\/\/neuronup.com\/it\/neuroscienze\/che-cose-la-magnetorecezione-lessere-umano-e-la-magnetorecezione\/\" rel=\"bookmark\">Che cos&#8217;\u00e8 la magnetorecezione? L&#8217;essere umano e la magnetorecezione<\/a><\/h3>\n<\/div><\/article><article class=\"entry entry-grid is-column has-entry-link has-image has-image-first type-post category-attivita-di-orientamento tag-attivita-di-stimolazione-cognitiva tag-orientamento\" style=\"--entry-index:2;\" aria-label=\"Orientamento: definizione, tipi e attivit\u00e0 di orientamento\" itemscope itemtype=\"https:\/\/schema.org\/CreativeWork\"><a class=\"entry-image-link\" href=\"https:\/\/neuronup.com\/it\/attivita-di-neuroriabilitazione\/attivita-per-le-funzioni-cognitive\/attivita-di-orientamento\/orientamento-definizione-tipi-e-attivita-di-orientamento\/\" tabindex=\"-1\" aria-hidden=\"true\"><img decoding=\"async\" width=\"400\" height=\"269\" src=\"https:\/\/neuronup.com\/it\/wp-content\/uploads\/2022\/01\/Actividades-de-orientacionObjetos-en-el-hogar.webp\" class=\"entry-image size-landscape-sm\" alt=\"Tre scene: area lavoro con scrivania e orologio; stanza bambini con letto a castello; garage con bici e auto gialla, simboli in ogni sezione.\" srcset=\"https:\/\/neuronup.com\/it\/wp-content\/uploads\/2022\/01\/Actividades-de-orientacionObjetos-en-el-hogar-300x202.webp 300w, https:\/\/neuronup.com\/it\/wp-content\/uploads\/2022\/01\/Actividades-de-orientacionObjetos-en-el-hogar-768x517.webp 768w, https:\/\/neuronup.com\/it\/wp-content\/uploads\/2022\/01\/Actividades-de-orientacionObjetos-en-el-hogar-1024x689.webp 1024w, https:\/\/neuronup.com\/it\/wp-content\/uploads\/2022\/01\/Actividades-de-orientacionObjetos-en-el-hogar.webp 1200w\" sizes=\"(max-width:599px) 599px, (min-width:600px) and (max-width: 799px) 799px, (min-width:800px) and (max-width: 999px) 333px, (min-width:1000px) 400px\" \/><\/a><div class=\"entry-wrap entry-wrap-grid\"><h3 class=\"entry-title\" itemprop=\"headline\"><a class=\"entry-title-link\" href=\"https:\/\/neuronup.com\/it\/attivita-di-neuroriabilitazione\/attivita-per-le-funzioni-cognitive\/attivita-di-orientamento\/orientamento-definizione-tipi-e-attivita-di-orientamento\/\" rel=\"bookmark\">Orientamento: definizione, tipi e attivit\u00e0 di orientamento<\/a><\/h3>\n<\/div><\/article><article class=\"entry entry-grid is-column has-entry-link has-image has-image-first type-post category-notizie-su-neuronup tag-notizie-su-neuronup\" style=\"--entry-index:3;\" aria-label=\"Marcos R\u00edos-Lago, referente per la neuropsicologia, si unisce a NeuronUP\" itemscope itemtype=\"https:\/\/schema.org\/CreativeWork\"><a class=\"entry-image-link\" href=\"https:\/\/neuronup.com\/it\/notizie-su-neuronup\/marcos-rios-lago-referente-per-la-neuropsicologia-si-unisce-a-neuronup\/\" tabindex=\"-1\" aria-hidden=\"true\"><img decoding=\"async\" width=\"400\" height=\"300\" src=\"https:\/\/neuronup.com\/it\/wp-content\/uploads\/2025\/03\/marcos-rios-lago-400x300.webp\" class=\"entry-image size-landscape-sm\" alt=\"Medico in camice bianco sorride nel corridoio di una struttura sanitaria, con piante in vasi, luce naturale e distintivo al collo.\" srcset=\"https:\/\/neuronup.com\/it\/wp-content\/uploads\/2025\/03\/marcos-rios-lago-400x300.webp 400w, https:\/\/neuronup.com\/it\/wp-content\/uploads\/2025\/03\/marcos-rios-lago-800x600.webp 800w\" sizes=\"(max-width:599px) 599px, (min-width:600px) and (max-width: 799px) 799px, (min-width:800px) and (max-width: 999px) 333px, (min-width:1000px) 400px\" \/><\/a><div class=\"entry-wrap entry-wrap-grid\"><h3 class=\"entry-title\" itemprop=\"headline\"><a class=\"entry-title-link\" href=\"https:\/\/neuronup.com\/it\/notizie-su-neuronup\/marcos-rios-lago-referente-per-la-neuropsicologia-si-unisce-a-neuronup\/\" rel=\"bookmark\">Marcos R\u00edos-Lago, referente per la neuropsicologia, si unisce a NeuronUP<\/a><\/h3>\n<\/div><\/article><article class=\"entry entry-grid is-column has-entry-link has-image has-image-first type-post category-sindrome-di-down tag-disabilita-intellettiva tag-sindrome-di-down tag-teleriabilitazione tag-testimonianze\" style=\"--entry-index:4;\" aria-label=\"Down Madrid racconta la sua esperienza con la teleriabilitazione\" itemscope itemtype=\"https:\/\/schema.org\/CreativeWork\"><a class=\"entry-image-link\" href=\"https:\/\/neuronup.com\/it\/stimolazione-e-riabilitazione-cognitiva\/disabilita-intelletiva\/sindrome-di-down\/down-madrid-racconta-la-sua-esperienza-con-la-teleriabilitazione\/\" tabindex=\"-1\" aria-hidden=\"true\"><img decoding=\"async\" width=\"400\" height=\"300\" src=\"https:\/\/neuronup.com\/it\/wp-content\/uploads\/2024\/02\/img_20201221_094708-2-2_optimized-1-11-400x300.webp\" class=\"entry-image size-landscape-sm\" alt=\"Due ragazzi in ambiente educativo, seduti davanti a due computer con cuffie, interagiscono con contenuti visivi sullo schermo.\" srcset=\"https:\/\/neuronup.com\/it\/wp-content\/uploads\/2024\/02\/img_20201221_094708-2-2_optimized-1-11-300x225.webp 300w, https:\/\/neuronup.com\/it\/wp-content\/uploads\/2024\/02\/img_20201221_094708-2-2_optimized-1-11-400x300.webp 400w, https:\/\/neuronup.com\/it\/wp-content\/uploads\/2024\/02\/img_20201221_094708-2-2_optimized-1-11-768x576.webp 768w, https:\/\/neuronup.com\/it\/wp-content\/uploads\/2024\/02\/img_20201221_094708-2-2_optimized-1-11-800x600.webp 800w, https:\/\/neuronup.com\/it\/wp-content\/uploads\/2024\/02\/img_20201221_094708-2-2_optimized-1-11-1024x768.webp 1024w, https:\/\/neuronup.com\/it\/wp-content\/uploads\/2024\/02\/img_20201221_094708-2-2_optimized-1-11-1200x900.webp 1200w, https:\/\/neuronup.com\/it\/wp-content\/uploads\/2024\/02\/img_20201221_094708-2-2_optimized-1-11-1536x1152.webp 1536w, https:\/\/neuronup.com\/it\/wp-content\/uploads\/2024\/02\/img_20201221_094708-2-2_optimized-1-11.webp 1600w\" sizes=\"(max-width:599px) 599px, (min-width:600px) and (max-width: 799px) 799px, (min-width:800px) and (max-width: 999px) 333px, (min-width:1000px) 400px\" \/><\/a><div class=\"entry-wrap entry-wrap-grid\"><h3 class=\"entry-title\" itemprop=\"headline\"><a class=\"entry-title-link\" href=\"https:\/\/neuronup.com\/it\/stimolazione-e-riabilitazione-cognitiva\/disabilita-intelletiva\/sindrome-di-down\/down-madrid-racconta-la-sua-esperienza-con-la-teleriabilitazione\/\" rel=\"bookmark\">Down Madrid racconta la sua esperienza con la teleriabilitazione<\/a><\/h3>\n<\/div><\/article><article class=\"entry entry-grid is-column has-entry-link has-image has-image-first type-post category-malattia-di-alzheimer tag-alzheimer tag-anziani\" style=\"--entry-index:5;\" aria-label=\"Perch\u00e9 dedicare tante risorse alle persone con Alzheimer?\" itemscope itemtype=\"https:\/\/schema.org\/CreativeWork\"><a class=\"entry-image-link\" href=\"https:\/\/neuronup.com\/it\/stimolazione-e-riabilitazione-cognitiva\/malattie-neurodegenerative\/malattia-di-alzheimer\/perche-dedicare-tante-risorse-alle-persone-con-alzheimer\/\" tabindex=\"-1\" aria-hidden=\"true\"><img decoding=\"async\" width=\"400\" height=\"267\" src=\"https:\/\/neuronup.com\/it\/wp-content\/uploads\/2021\/10\/assistance-and-disease-alzheimer-problems-for-seni-2021-08-29-13-08-02-utc-1.webp\" class=\"entry-image size-landscape-sm\" alt=\"Uomo anziano capelli grigi e barba curata sorride, stringe la mano di una persona non visibile in un ambiente boscoso.\" srcset=\"https:\/\/neuronup.com\/it\/wp-content\/uploads\/2021\/10\/assistance-and-disease-alzheimer-problems-for-seni-2021-08-29-13-08-02-utc-1-300x200.webp 300w, https:\/\/neuronup.com\/it\/wp-content\/uploads\/2021\/10\/assistance-and-disease-alzheimer-problems-for-seni-2021-08-29-13-08-02-utc-1-768x512.webp 768w, https:\/\/neuronup.com\/it\/wp-content\/uploads\/2021\/10\/assistance-and-disease-alzheimer-problems-for-seni-2021-08-29-13-08-02-utc-1-1024x683.webp 1024w, https:\/\/neuronup.com\/it\/wp-content\/uploads\/2021\/10\/assistance-and-disease-alzheimer-problems-for-seni-2021-08-29-13-08-02-utc-1.webp 1200w\" sizes=\"(max-width:599px) 599px, (min-width:600px) and (max-width: 799px) 799px, (min-width:800px) and (max-width: 999px) 333px, (min-width:1000px) 400px\" \/><\/a><div class=\"entry-wrap entry-wrap-grid\"><h3 class=\"entry-title\" itemprop=\"headline\"><a class=\"entry-title-link\" href=\"https:\/\/neuronup.com\/it\/stimolazione-e-riabilitazione-cognitiva\/malattie-neurodegenerative\/malattia-di-alzheimer\/perche-dedicare-tante-risorse-alle-persone-con-alzheimer\/\" rel=\"bookmark\">Perch\u00e9 dedicare tante risorse alle persone con Alzheimer?<\/a><\/h3>\n<\/div><\/article><article class=\"entry entry-grid is-column has-entry-link has-image has-image-first type-post category-stimolazione-e-riabilitazione-cognitiva tag-attivita-di-stimolazione-cognitiva tag-notizie-di-neuronup tag-salute-mentale\" style=\"--entry-index:6;\" aria-label=\"L&#8217;impatto della neuroribilitazione sulla salute mentale: un approccio integrato per il benessere cognitivo ed emotivo\" itemscope itemtype=\"https:\/\/schema.org\/CreativeWork\"><a class=\"entry-image-link\" href=\"https:\/\/neuronup.com\/it\/stimolazione-e-riabilitazione-cognitiva\/limpatto-della-neuroriabilitazione-sulla-salute-mentale-un-approccio-integrato-per-il-benessere-cognitivo-ed-emotivo\/\" tabindex=\"-1\" aria-hidden=\"true\"><img decoding=\"async\" width=\"400\" height=\"267\" src=\"https:\/\/neuronup.com\/it\/wp-content\/uploads\/2024\/09\/El-impacto-de-la-neurorrehabilitacion-en-la-salud-mental-un-enfoque-integral-para-el-bienestar-cognitivo-y-emocional.webp\" class=\"entry-image size-landscape-sm\" alt=\"Donna anziana seduta su divano, occhi chiusi e mani sulle tempie in gesto rilassante; ambiente domestico sereno.\" srcset=\"https:\/\/neuronup.com\/it\/wp-content\/uploads\/2024\/09\/El-impacto-de-la-neurorrehabilitacion-en-la-salud-mental-un-enfoque-integral-para-el-bienestar-cognitivo-y-emocional-300x200.webp 300w, https:\/\/neuronup.com\/it\/wp-content\/uploads\/2024\/09\/El-impacto-de-la-neurorrehabilitacion-en-la-salud-mental-un-enfoque-integral-para-el-bienestar-cognitivo-y-emocional-768x512.webp 768w, https:\/\/neuronup.com\/it\/wp-content\/uploads\/2024\/09\/El-impacto-de-la-neurorrehabilitacion-en-la-salud-mental-un-enfoque-integral-para-el-bienestar-cognitivo-y-emocional-1024x683.webp 1024w, https:\/\/neuronup.com\/it\/wp-content\/uploads\/2024\/09\/El-impacto-de-la-neurorrehabilitacion-en-la-salud-mental-un-enfoque-integral-para-el-bienestar-cognitivo-y-emocional.webp 1200w\" sizes=\"(max-width:599px) 599px, (min-width:600px) and (max-width: 799px) 799px, (min-width:800px) and (max-width: 999px) 333px, (min-width:1000px) 400px\" \/><\/a><div class=\"entry-wrap entry-wrap-grid\"><h3 class=\"entry-title\" itemprop=\"headline\"><a class=\"entry-title-link\" href=\"https:\/\/neuronup.com\/it\/stimolazione-e-riabilitazione-cognitiva\/limpatto-della-neuroriabilitazione-sulla-salute-mentale-un-approccio-integrato-per-il-benessere-cognitivo-ed-emotivo\/\" rel=\"bookmark\">L&#8217;impatto della neuroribilitazione sulla salute mentale: un approccio integrato per il benessere cognitivo ed emotivo<\/a><\/h3>\n<\/div><\/article><\/div><\/div>","protected":false},"excerpt":{"rendered":"<p>Oggi in NeuronUP pubblichiamo una nuova attivit\u00e0 su carta per lavorare con i tuoi pazienti. Ti mostriamo qual&#8217;\u00e8! Cambi di posizione la nuova attivit\u00e0 in formato cartaceo pensata per stimolare la memoria di lavoro negli adulti seguiti nel vostro centro. In cosa consiste questa attivit\u00e0? Per completare l\u2019esercizio, i pazienti devono ricostruire nell\u2019ordine corretto una &hellip;<\/p>\n","protected":false},"author":7,"featured_media":0,"comment_status":"open","ping_status":"open","sticky":false,"template":"","format":"standard","meta":{"_acf_changed":false,"_genesis_hide_title":false,"_genesis_hide_breadcrumbs":false,"_genesis_hide_singular_image":false,"_genesis_hide_footer_widgets":false,"_genesis_custom_body_class":"","_genesis_custom_post_class":"","_genesis_layout":"","footnotes":""},"categories":[32,346],"tags":[398,57,399],"class_list":{"2":"type-post","6":"category-attivita-di-neuroriabilitazione","7":"category-memoria","8":"tag-adulti","9":"tag-attivita-per-la-stimolazione-cognitiva","10":"tag-attivita-di-stimolazione-cognitiva-per-adulti","11":"entry"},"acf":[],"_links":{"self":[{"href":"https:\/\/neuronup.com\/it\/wp-json\/wp\/v2\/posts\/46010","targetHints":{"allow":["GET"]}}],"collection":[{"href":"https:\/\/neuronup.com\/it\/wp-json\/wp\/v2\/posts"}],"about":[{"href":"https:\/\/neuronup.com\/it\/wp-json\/wp\/v2\/types\/post"}],"author":[{"embeddable":true,"href":"https:\/\/neuronup.com\/it\/wp-json\/wp\/v2\/users\/7"}],"replies":[{"embeddable":true,"href":"https:\/\/neuronup.com\/it\/wp-json\/wp\/v2\/comments?post=46010"}],"version-history":[{"count":0,"href":"https:\/\/neuronup.com\/it\/wp-json\/wp\/v2\/posts\/46010\/revisions"}],"wp:attachment":[{"href":"https:\/\/neuronup.com\/it\/wp-json\/wp\/v2\/media?parent=46010"}],"wp:term":[{"taxonomy":"category","embeddable":true,"href":"https:\/\/neuronup.com\/it\/wp-json\/wp\/v2\/categories?post=46010"},{"taxonomy":"post_tag","embeddable":true,"href":"https:\/\/neuronup.com\/it\/wp-json\/wp\/v2\/tags?post=46010"}],"curies":[{"name":"wp","href":"https:\/\/api.w.org\/{rel}","templated":true}]}}