
{"id":45737,"date":"2025-10-17T19:05:00","date_gmt":"2025-10-17T19:05:00","guid":{"rendered":"https:\/\/neuronup.com\/?p=45737"},"modified":"2025-10-17T19:05:00","modified_gmt":"2025-10-17T19:05:00","slug":"letture-consigliate-sulle-demenze-neurodegenerative","status":"publish","type":"post","link":"https:\/\/neuronup.com\/it\/neuronup-talks\/letture-consigliate-sulle-demenze-neurodegenerative\/","title":{"rendered":"Letture consigliate sulle demenze neurodegenerative"},"content":{"rendered":"\n<p class=\"has-xl-font-size\">Ti ha interessato la nostra Intervista con Adri\u00e0 Tort Merino in NeuronUP Talks? In questo articolo&nbsp;<strong>condividiamo la bibliografia raccomandata da questo neuropsicologo <\/strong>per continuare ad approfondire le demenze neurodegenerative.<\/p>\n\n\n\n<h2 class=\"wp-block-heading\">Chi \u00e8 Adri\u00e0 Tort Merino<\/h2>\n\n\n\n<p>Adri\u00e0 Tort-Merino \u00e8 <strong>neuropsicologo clinico nell&#8217;Unit\u00e0 Alzheimer e altri Disturbi Cognitivi dell&#8217;Hospital Cl\u00ednic di Barcellona e ricercatore post-dottorato accreditato all&#8217;IDIBAPS<\/strong>.&nbsp;<\/p>\n\n\n\n<p>Con pi\u00f9 di dieci anni di esperienza nella valutazione e nel trattamento di persone con deterioramento cognitivo lieve, malattia di Alzheimer e altre demenze, <strong>il suo lavoro si concentra sull&#8217;identificazione di marcatori cognitivi precoci <\/strong>che permettano una diagnosi precoce e un intervento pi\u00f9 efficace. Le sue ricerche hanno dimostrato la presenza di deficit sottili nella memoria e nel linguaggio nelle fasi precliniche dell&#8217;Alzheimer, cos\u00ec come differenze nel profilo neuropsicologico tra l&#8217;Alzheimer ad esordio precoce e quello ad esordio tardivo.<\/p>\n\n\n\n<p>Il suo lavoro \u00e8 particolarmente rilevante per i professionisti che svolgono programmi di stimolazione cognitiva, poich\u00e9 <strong>fornisce evidenze su come rilevare cambiamenti minimi nella prestazione cognitiva e adattare le terapie<\/strong> per favorire la plasticit\u00e0 cerebrale e rallentare il deterioramento. Inoltre, ha studiato fenomeni come la dimenticanza accelerata a lungo termine nei portatori dell&#8217;allele APOE \u025b4, aprendo nuove vie per comprendere come si produce l&#8217;oblio a lungo termine e come intervenire in modo pi\u00f9 personalizzato.<\/p>\n\n\n\n<h2 class=\"wp-block-heading\">Intervista con Adri\u00e0 Tort Merino in NeuronUP Talks<\/h2>\n\n\n\n<div style=\"height:50px\" aria-hidden=\"true\" class=\"wp-block-spacer\"><\/div>\n\n\n\n<figure class=\"wp-block-embed aligncenter is-type-video is-provider-youtube wp-block-embed-youtube image-interface wp-embed-aspect-16-9 wp-has-aspect-ratio\"><div class=\"wp-block-embed__wrapper\">\n<iframe title=\"Neuropsicolog\u00eda de las demencias neurodegenerativas |Adri\u00e0 Tort &amp; Carolina Sastre|NeuronUPTalks T2E1\" width=\"800\" height=\"450\" src=\"https:\/\/www.youtube.com\/embed\/ZaqpiglhzCw?feature=oembed\" frameborder=\"0\" allow=\"accelerometer; autoplay; clipboard-write; encrypted-media; gyroscope; picture-in-picture; web-share\" referrerpolicy=\"strict-origin-when-cross-origin\" allowfullscreen><\/iframe>\n<\/div><\/figure>\n\n\n\n<div style=\"height:50px\" aria-hidden=\"true\" class=\"wp-block-spacer\"><\/div>\n\n\n\n<p>NeuronUP Talks torna con una seconda stagione piena di conversazioni e contenuti di valore destinati agli specialisti che lavorano in stimolazione cognitiva e neuroriabilitazione.<\/p>\n\n\n\n<p>In questo primo episodio, Carolina Sastre si siede insieme al neuropsicologo Adri\u00e0 Tort Merino per parlare delle <strong>demenze neurodegenerative<\/strong>. <\/p>\n\n\n\n<p>La valutazione precoce del deterioramento cognitivo, i nuovi strumenti psicometrici e i dati longitudinali, l&#8217;importanza del giudizio clinico e del rapporto con il paziente; e i limiti e le sfide attuali nella pratica clinica, sono solo alcuni dei punti che entrambi i neuropsicologi affrontano in questa occasione. <\/p>\n\n\n\n<p>Se vuoi migliorare la tua pratica clinica, aggiornare le tue conoscenze e ripensare a come valutiamo ci\u00f2 che ancora non si vede, non puoi perderti questo inizio di stagione. <\/p>\n\n\n\n<div style=\"height:50px\" aria-hidden=\"true\" class=\"wp-block-spacer\"><\/div>\n\n\n\n<div class=\"wp-block-group br-0111 has-primary-background-color has-background has-dark-background has-sm-padding-top has-sm-padding-left has-sm-padding-right has-xxl-margin-top\"><div class=\"wp-block-group__inner-container is-layout-constrained wp-block-group-is-layout-constrained\">\n<div class=\"wp-block-columns is-layout-flex wp-container-core-columns-is-layout-9d6595d7 wp-block-columns-is-layout-flex\">\n<div class=\"wp-block-column is-layout-flow wp-block-column-is-layout-flow\">\n<figure class=\"wp-block-image size-full desktop-position-absolute desktop-bottom-0 mobile-width-50 mobile-m-inline-auto has-xl-margin-top\"><img decoding=\"async\" src=\"https:\/\/neuronup.com\/it\/wp-content\/uploads\/2022\/v3\/producto-certificado.webp\" alt=\"\" class=\"wp-image-31568\"><\/figure>\n<\/div>\n\n\n\n<div class=\"wp-block-column is-layout-flow wp-block-column-is-layout-flow\">\n<h2 class=\"wp-block-heading has-white-color has-text-color\"><strong>Iscriviti<\/strong> <br>alla nostra <br>Newsletter<\/h2>\n\n\n\n<div class=\"wp-block-buttons is-layout-flex wp-block-buttons-is-layout-flex\">\n<div class=\"wp-block-button--1\" style=\"--button-outline-color:var(--color-white);--button-outline-color-hover:rgba(0,0,0,0.8);\"><a class=\"wp-block-button__link button button-outline   wp-element-button\" href=\"https:\/\/neuronup.com\/it\/newsletter\/\">Iscriviti<\/a><\/div>\n\n<\/div>\n\n\n\n<div style=\"height:40px\" aria-hidden=\"true\" class=\"wp-block-spacer\"><\/div>\n<\/div>\n<\/div>\n<\/div><\/div>\n\n\n\n\n<div style=\"height:50px\" aria-hidden=\"true\" class=\"wp-block-spacer\"><\/div>\n\n\n\n<h2 class=\"wp-block-heading\">Letture consigliate sulle demenze neurodegenerative<\/h2>\n\n\n\n<h3 class=\"wp-block-heading\">Articoli scientifici consigliati<\/h3>\n\n\n\n<ul class=\"wp-block-list\">\n<li>Aschenbrenner et al.(2022). Avoid or embrace? Practice effects in Alzheimer\u2019s disease prevention trials. Frontiers in Aging Neuroscience, 14, Article 883131. https:\/\/doi.org\/10.3389\/fnagi.2022.883131<\/li>\n\n\n\n<li>Baddeley, A. D., Atkinson, A. L., Hitch, G. J., &amp; Allen, R. J. (2021). Detecting accelerated long-term forgetting: A problem and some solutions. Cortex, 142, 237-251. https:\/\/doi.org\/10.1016\/j.cortex.2021.03.038<\/li>\n<\/ul>\n\n\n\n<ul class=\"wp-block-list\">\n<li>Duff, K., Callister, C., Dennett, K., &amp; Tometich, D. (2012). Practice Effects: A Unique Cognitive Variable. The Clinical Neuropsychologist, 26(7), 1117\u20131127. https:\/\/doi.org\/10.1080\/13854046.2012.722685<\/li>\n\n\n\n<li>Hassenstab, J., Ruvolo, D., Jasielec, M., Xiong, C., Grant, E., &amp; Morris, J. C. (2015). Absence of practice effects in preclinical Alzheimer\u2019s disease. Neuropsychology, 29(6), 940\u2013948. https:\/\/doi.org\/10.1037\/neu0000208<\/li>\n\n\n\n<li>Putcha, D., Katsumi, Y., Touroutoglou, A. et al. Heterogeneous clinical phenotypes of sporadic early-onset Alzheimer\u2019s disease: a neuropsychological data-driven approach. Alz Res Therapy 17, 38 (2025). https:\/\/doi.org\/10.1186\/s13195-025-01689-8<\/li>\n\n\n\n<li>Rentz, D.M., Parra Rodriguez, M.A., Amariglio, R. et al. Promising developments in neuropsychological approaches for the detection of preclinical Alzheimer\u2019s disease: a selective review. Alz Res Therapy 5, 58 (2013). https:\/\/doi.org\/10.1186\/alzrt222<\/li>\n<\/ul>\n\n\n\n<div style=\"height:50px\" aria-hidden=\"true\" class=\"wp-block-spacer\"><\/div>\n\n\n\n<div class=\"wp-block-group\"><div class=\"wp-block-group__inner-container is-layout-constrained wp-block-group-is-layout-constrained\">\n<div class=\"wp-block-columns br-0111 particle-bg p-5 has-primary-background-color has-background is-layout-flex wp-container-core-columns-is-layout-9d6595d7 wp-block-columns-is-layout-flex\">\n<div class=\"wp-block-column is-layout-flow wp-block-column-is-layout-flow\" style=\"flex-basis:66.66%\">\n<h2 class=\"wp-block-heading has-white-color has-text-color\">Prova NeuronUP gratis per 7 giorni<\/h2>\n\n\n\n<p class=\"has-white-color has-text-color\">Potrai collaborare con le nostre attivit\u00e0, progettare sedute o fare riabilitazione a distanza.<\/p>\n<\/div>\n\n\n\n<div class=\"wp-block-column is-layout-flow wp-block-column-is-layout-flow\" style=\"flex-basis:33.33%\">\n<div class=\"wp-block-buttons is-content-justification-center is-layout-flex wp-container-core-buttons-is-layout-16018d1d wp-block-buttons-is-layout-flex\">\n<div class=\"wp-block-button\" style=\"--button-background:var(--color-custom-1);--button-background-hover:#cc7e00;\"><a class=\"wp-block-button__link button   wp-element-button\" href=\"https:\/\/neuronup.com\/it\/landing-store-user\/\">Comincia la tua prova<\/a><\/div>\n\n<\/div>\n<\/div>\n<\/div>\n<\/div><\/div>\n\n\n\n<div style=\"height:18px\" aria-hidden=\"true\" class=\"wp-block-spacer\"><\/div>\n\n\n\n<div style=\"height:50px\" aria-hidden=\"true\" class=\"wp-block-spacer\"><\/div>\n\n\n\n<h3 class=\"wp-block-heading\">Se ti \u00e8 piaciuto questo articolo del blog sulle <strong>letture consigliate sulle demenze neurodegenerative<\/strong>, probabilmente ti interesseranno questi articoli di NeuronUP:<\/h3>\n\n<div class=\"mai-grid entries entries-grid has-boxed has-image-full\" style=\"--entry-title-font-size:var(--font-size-lg);--align-text:start;--entry-meta-text-align:start;\"><div class=\"entries-wrap has-columns\" style=\"--columns-xs:1\/1;--columns-sm:1\/1;--columns-md:1\/3;--columns-lg:1\/3;--flex-xs:0 0 var(--flex-basis);--flex-sm:0 0 var(--flex-basis);--flex-md:0 0 var(--flex-basis);--flex-lg:0 0 var(--flex-basis);--column-gap:var(--spacing-lg);--row-gap:var(--spacing-lg);--align-columns:start;\"><article class=\"entry entry-grid is-column has-entry-link has-image has-image-first type-post category-malattia-di-alzheimer tag-alzheimer tag-anziani tag-malattie-neurodegenerative\" style=\"--entry-index:1;\" aria-label=\"Dipingere l&#8217;Alzheimer\" itemscope itemtype=\"https:\/\/schema.org\/CreativeWork\"><a class=\"entry-image-link\" href=\"https:\/\/neuronup.com\/it\/stimolazione-e-riabilitazione-cognitiva\/malattie-neurodegenerative\/malattia-di-alzheimer\/pitturando-lalzheimer\/\" tabindex=\"-1\" aria-hidden=\"true\"><img decoding=\"async\" width=\"400\" height=\"249\" src=\"https:\/\/neuronup.com\/it\/wp-content\/uploads\/2021\/11\/pintando-el-alzheimer-william-utermohlen.webp\" class=\"entry-image size-landscape-sm\" alt=\"Serie di ritratti espressionisti di William Utermohlen: volti calvi, espressioni intense, tonalit\u00e0 scure e sfondo terroso.\" srcset=\"https:\/\/neuronup.com\/it\/wp-content\/uploads\/2021\/11\/pintando-el-alzheimer-william-utermohlen-300x187.webp 300w, https:\/\/neuronup.com\/it\/wp-content\/uploads\/2021\/11\/pintando-el-alzheimer-william-utermohlen.webp 674w\" sizes=\"(max-width:599px) 599px, (min-width:600px) and (max-width: 799px) 799px, (min-width:800px) and (max-width: 999px) 333px, (min-width:1000px) 400px\" \/><\/a><div class=\"entry-wrap entry-wrap-grid\"><h3 class=\"entry-title\" itemprop=\"headline\"><a class=\"entry-title-link\" href=\"https:\/\/neuronup.com\/it\/stimolazione-e-riabilitazione-cognitiva\/malattie-neurodegenerative\/malattia-di-alzheimer\/pitturando-lalzheimer\/\" rel=\"bookmark\">Dipingere l&#8217;Alzheimer<\/a><\/h3>\n<\/div><\/article><article class=\"entry entry-grid is-column has-entry-link has-image has-image-first type-post category-sindrome-di-down tag-disabilita-intellettiva tag-sindrome-di-down tag-testimonianze\" style=\"--entry-index:2;\" aria-label=\"Qual \u00e8 il lavoro di un&#8217;associazione per la sindrome di Down?\" itemscope itemtype=\"https:\/\/schema.org\/CreativeWork\"><a class=\"entry-image-link\" href=\"https:\/\/neuronup.com\/it\/stimolazione-e-riabilitazione-cognitiva\/disabilita-intelletiva\/sindrome-di-down\/qual-e-il-lavoro-di-unassociazione-per-la-sindrome-di-down\/\" tabindex=\"-1\" aria-hidden=\"true\"><img decoding=\"async\" width=\"400\" height=\"300\" src=\"https:\/\/neuronup.com\/it\/wp-content\/uploads\/2024\/11\/Gruppo-di-pazienti-con-sindrome-di-Down-che-collabora-con-NeuronUP-400x300.webp\" class=\"entry-image size-landscape-sm\" alt=\"Gruppo di persone con sindrome di Down sedute davanti a computer, collaborano su NeuronUP in una stanza luminosa.\" srcset=\"https:\/\/neuronup.com\/it\/wp-content\/uploads\/2024\/11\/Gruppo-di-pazienti-con-sindrome-di-Down-che-collabora-con-NeuronUP-300x225.webp 300w, https:\/\/neuronup.com\/it\/wp-content\/uploads\/2024\/11\/Gruppo-di-pazienti-con-sindrome-di-Down-che-collabora-con-NeuronUP-400x300.webp 400w, https:\/\/neuronup.com\/it\/wp-content\/uploads\/2024\/11\/Gruppo-di-pazienti-con-sindrome-di-Down-che-collabora-con-NeuronUP-768x576.webp 768w, https:\/\/neuronup.com\/it\/wp-content\/uploads\/2024\/11\/Gruppo-di-pazienti-con-sindrome-di-Down-che-collabora-con-NeuronUP-800x600.webp 800w, https:\/\/neuronup.com\/it\/wp-content\/uploads\/2024\/11\/Gruppo-di-pazienti-con-sindrome-di-Down-che-collabora-con-NeuronUP.webp 1024w\" sizes=\"(max-width:599px) 599px, (min-width:600px) and (max-width: 799px) 799px, (min-width:800px) and (max-width: 999px) 333px, (min-width:1000px) 400px\" \/><\/a><div class=\"entry-wrap entry-wrap-grid\"><h3 class=\"entry-title\" itemprop=\"headline\"><a class=\"entry-title-link\" href=\"https:\/\/neuronup.com\/it\/stimolazione-e-riabilitazione-cognitiva\/disabilita-intelletiva\/sindrome-di-down\/qual-e-il-lavoro-di-unassociazione-per-la-sindrome-di-down\/\" rel=\"bookmark\">Qual \u00e8 il lavoro di un&#8217;associazione per la sindrome di Down?<\/a><\/h3>\n<\/div><\/article><article class=\"entry entry-grid is-column has-entry-link has-image has-image-first type-post category-cerebrolesione-acquisita tag-attivita-di-stimolazione-cognitiva tag-danno-cerebrale-acquisito\" style=\"--entry-index:3;\" aria-label=\"Attivit\u00e0 di riabilitazione cognitiva dopo un danno cerebrale acquisito\" itemscope itemtype=\"https:\/\/schema.org\/CreativeWork\"><a class=\"entry-image-link\" href=\"https:\/\/neuronup.com\/it\/stimolazione-e-riabilitazione-cognitiva\/cerebrolesione-acquisita\/attivita-di-riabilitazione-cognitiva-dopo-un-danno-cerebrale-acquisito\/\" tabindex=\"-1\" aria-hidden=\"true\"><img decoding=\"async\" width=\"400\" height=\"260\" src=\"https:\/\/neuronup.com\/it\/wp-content\/uploads\/2021\/10\/Actividades-de-rehabilitacion-cognitiva-tras-un-dano-cerebral-adquirido-1-1.webp\" class=\"entry-image size-landscape-sm\" alt=\"Uomo in giacca elegante con espressione di tristezza; accanto parole ENFADO e PENA per riconoscimento emotivo.\" srcset=\"https:\/\/neuronup.com\/it\/wp-content\/uploads\/2021\/10\/Actividades-de-rehabilitacion-cognitiva-tras-un-dano-cerebral-adquirido-1-1-300x195.webp 300w, https:\/\/neuronup.com\/it\/wp-content\/uploads\/2021\/10\/Actividades-de-rehabilitacion-cognitiva-tras-un-dano-cerebral-adquirido-1-1.webp 768w\" sizes=\"(max-width:599px) 599px, (min-width:600px) and (max-width: 799px) 799px, (min-width:800px) and (max-width: 999px) 333px, (min-width:1000px) 400px\" \/><\/a><div class=\"entry-wrap entry-wrap-grid\"><h3 class=\"entry-title\" itemprop=\"headline\"><a class=\"entry-title-link\" href=\"https:\/\/neuronup.com\/it\/stimolazione-e-riabilitazione-cognitiva\/cerebrolesione-acquisita\/attivita-di-riabilitazione-cognitiva-dopo-un-danno-cerebrale-acquisito\/\" rel=\"bookmark\">Attivit\u00e0 di riabilitazione cognitiva dopo un danno cerebrale acquisito<\/a><\/h3>\n<\/div><\/article><article class=\"entry entry-grid is-column has-entry-link has-image has-image-first type-post category-malattia-di-parkinson tag-linguaggio tag-malattie-neurodegenerative tag-morbo-di-parkinson\" style=\"--entry-index:4;\" aria-label=\"La logopedia e i disturbi del linguaggio nel Parkinson\" itemscope itemtype=\"https:\/\/schema.org\/CreativeWork\"><a class=\"entry-image-link\" href=\"https:\/\/neuronup.com\/it\/stimolazione-e-riabilitazione-cognitiva\/malattie-neurodegenerative\/malattia-di-parkinson\/la-logopedia-e-i-disturbi-del-linguaggio-nel-parkinson\/\" tabindex=\"-1\" aria-hidden=\"true\"><img decoding=\"async\" width=\"400\" height=\"300\" src=\"https:\/\/neuronup.com\/it\/wp-content\/uploads\/2022\/02\/closeup-of-support-hands-1-400x300-1.webp\" class=\"entry-image size-landscape-sm\" alt=\"Due mani: anziano sostenuto da un caregiver vicino a un bastone, simbolo di supporto e riabilitazione nel Parkinson.\" srcset=\"https:\/\/neuronup.com\/it\/wp-content\/uploads\/2022\/02\/closeup-of-support-hands-1-400x300-1-300x225.webp 300w, https:\/\/neuronup.com\/it\/wp-content\/uploads\/2022\/02\/closeup-of-support-hands-1-400x300-1-768x576.webp 768w, https:\/\/neuronup.com\/it\/wp-content\/uploads\/2022\/02\/closeup-of-support-hands-1-400x300-1-1024x768.webp 1024w, https:\/\/neuronup.com\/it\/wp-content\/uploads\/2022\/02\/closeup-of-support-hands-1-400x300-1.webp 1200w\" sizes=\"(max-width:599px) 599px, (min-width:600px) and (max-width: 799px) 799px, (min-width:800px) and (max-width: 999px) 333px, (min-width:1000px) 400px\" \/><\/a><div class=\"entry-wrap entry-wrap-grid\"><h3 class=\"entry-title\" itemprop=\"headline\"><a class=\"entry-title-link\" href=\"https:\/\/neuronup.com\/it\/stimolazione-e-riabilitazione-cognitiva\/malattie-neurodegenerative\/malattia-di-parkinson\/la-logopedia-e-i-disturbi-del-linguaggio-nel-parkinson\/\" rel=\"bookmark\">La logopedia e i disturbi del linguaggio nel Parkinson<\/a><\/h3>\n<\/div><\/article><article class=\"entry entry-grid is-column has-entry-link has-image has-image-first type-post category-neuropsicologia tag-emozioni tag-intelligenza-emotiva tag-neuropsicologia\" style=\"--entry-index:5;\" aria-label=\"La regolazione emotiva dal punto di vista della neuropsicologia\" itemscope itemtype=\"https:\/\/schema.org\/CreativeWork\"><a class=\"entry-image-link\" href=\"https:\/\/neuronup.com\/it\/neuroscienze\/neuropsicologia\/la-regolazione-emotiva-dalla-neuropsicologia\/\" tabindex=\"-1\" aria-hidden=\"true\"><img decoding=\"async\" width=\"400\" height=\"267\" src=\"https:\/\/neuronup.com\/it\/wp-content\/uploads\/2024\/09\/mujer-joven-triste-con-problemas-emocionales.webp\" class=\"entry-image size-landscape-sm\" alt=\"Donna giovane dai capelli ricci distesa a letto, abbraccia un cuscino con espressione pensierosa, in ambiente luminoso.\" srcset=\"https:\/\/neuronup.com\/it\/wp-content\/uploads\/2024\/09\/mujer-joven-triste-con-problemas-emocionales-300x200.webp 300w, https:\/\/neuronup.com\/it\/wp-content\/uploads\/2024\/09\/mujer-joven-triste-con-problemas-emocionales-768x512.webp 768w, https:\/\/neuronup.com\/it\/wp-content\/uploads\/2024\/09\/mujer-joven-triste-con-problemas-emocionales-1024x683.webp 1024w, https:\/\/neuronup.com\/it\/wp-content\/uploads\/2024\/09\/mujer-joven-triste-con-problemas-emocionales.webp 1200w\" sizes=\"(max-width:599px) 599px, (min-width:600px) and (max-width: 799px) 799px, (min-width:800px) and (max-width: 999px) 333px, (min-width:1000px) 400px\" \/><\/a><div class=\"entry-wrap entry-wrap-grid\"><h3 class=\"entry-title\" itemprop=\"headline\"><a class=\"entry-title-link\" href=\"https:\/\/neuronup.com\/it\/neuroscienze\/neuropsicologia\/la-regolazione-emotiva-dalla-neuropsicologia\/\" rel=\"bookmark\">La regolazione emotiva dal punto di vista della neuropsicologia<\/a><\/h3>\n<\/div><\/article><article class=\"entry entry-grid is-column has-entry-link has-image has-image-first type-post category-attivita-di-cognizione-sociale tag-attivita-di-stimolazione-cognitiva tag-cognizione-sociale tag-funzioni-esecutive\" style=\"--entry-index:6;\" aria-label=\"La cognizione sociale o come comprendere le persone: esercizi di cognizione sociale\" itemscope itemtype=\"https:\/\/schema.org\/CreativeWork\"><a class=\"entry-image-link\" href=\"https:\/\/neuronup.com\/it\/attivita-di-neuroriabilitazione\/attivita-per-le-funzioni-cognitive\/attivita-di-cognizione-sociale\/la-cognizione-sociale-o-come-comprendere-le-persone-esercizi-di-cognizione-sociale\/\" tabindex=\"-1\" aria-hidden=\"true\"><img decoding=\"async\" width=\"396\" height=\"300\" src=\"https:\/\/neuronup.com\/it\/wp-content\/uploads\/2022\/06\/Reaccion-emocional-ante-situaciones.webp\" class=\"entry-image size-landscape-sm\" alt=\"Interfaccia: uomo anziano con pipa e cappello a sinistra esprime un&#039;emozione; a destra A e B su conversazioni familiari.\" srcset=\"https:\/\/neuronup.com\/it\/wp-content\/uploads\/2022\/06\/Reaccion-emocional-ante-situaciones-300x227.webp 300w, https:\/\/neuronup.com\/it\/wp-content\/uploads\/2022\/06\/Reaccion-emocional-ante-situaciones-768x582.webp 768w, https:\/\/neuronup.com\/it\/wp-content\/uploads\/2022\/06\/Reaccion-emocional-ante-situaciones-1024x776.webp 1024w, https:\/\/neuronup.com\/it\/wp-content\/uploads\/2022\/06\/Reaccion-emocional-ante-situaciones.webp 1148w\" sizes=\"(max-width:599px) 599px, (min-width:600px) and (max-width: 799px) 799px, (min-width:800px) and (max-width: 999px) 333px, (min-width:1000px) 400px\" \/><\/a><div class=\"entry-wrap entry-wrap-grid\"><h3 class=\"entry-title\" itemprop=\"headline\"><a class=\"entry-title-link\" href=\"https:\/\/neuronup.com\/it\/attivita-di-neuroriabilitazione\/attivita-per-le-funzioni-cognitive\/attivita-di-cognizione-sociale\/la-cognizione-sociale-o-come-comprendere-le-persone-esercizi-di-cognizione-sociale\/\" rel=\"bookmark\">La cognizione sociale o come comprendere le persone: esercizi di cognizione sociale<\/a><\/h3>\n<\/div><\/article><\/div><\/div>\n\n<div style=\"height:50px\" aria-hidden=\"true\" class=\"wp-block-spacer\"><\/div>\n\n\n\n<p class=\"has-sm-font-size\">&#8220;Questo articolo \u00e8 stato tradotto. Link all\u2019articolo originale in spagnolo:&#8221;<br><a href=\"https:\/\/neuronup.com\/neuronup-talks\/lecturas-recomendadas-sobre-demencias-neurodegenerativas\/\" data-type=\"link\" data-id=\"https:\/\/neuronup.com\/neuronup-talks\/lecturas-recomendadas-sobre-demencias-neurodegenerativas\/\"><em>Lecturas recomendadas sobre demencias neurodegenerativas<\/em><\/a><\/p>\n\n","protected":false},"excerpt":{"rendered":"<p>Ti ha interessato la nostra Intervista con Adri\u00e0 Tort Merino in NeuronUP Talks? In questo articolo&nbsp;condividiamo la bibliografia raccomandata da questo neuropsicologo per continuare ad approfondire le demenze neurodegenerative. Chi \u00e8 Adri\u00e0 Tort Merino Adri\u00e0 Tort-Merino \u00e8 neuropsicologo clinico nell&#8217;Unit\u00e0 Alzheimer e altri Disturbi Cognitivi dell&#8217;Hospital Cl\u00ednic di Barcellona e ricercatore post-dottorato accreditato all&#8217;IDIBAPS.&nbsp; Con &hellip;<\/p>\n","protected":false},"author":33,"featured_media":45939,"comment_status":"open","ping_status":"open","sticky":false,"template":"","format":"standard","meta":{"_acf_changed":false,"_genesis_hide_title":false,"_genesis_hide_breadcrumbs":false,"_genesis_hide_singular_image":false,"_genesis_hide_footer_widgets":false,"_genesis_custom_body_class":"","_genesis_custom_post_class":"","_genesis_layout":"content-sidebar","footnotes":""},"categories":[484],"tags":[391,339,486],"class_list":{"2":"type-post","7":"category-neuronup-talks","8":"tag-demenza","9":"tag-malattie-neurodegenerative","10":"tag-neuronup-talks","11":"entry"},"acf":[],"_links":{"self":[{"href":"https:\/\/neuronup.com\/it\/wp-json\/wp\/v2\/posts\/45737","targetHints":{"allow":["GET"]}}],"collection":[{"href":"https:\/\/neuronup.com\/it\/wp-json\/wp\/v2\/posts"}],"about":[{"href":"https:\/\/neuronup.com\/it\/wp-json\/wp\/v2\/types\/post"}],"author":[{"embeddable":true,"href":"https:\/\/neuronup.com\/it\/wp-json\/wp\/v2\/users\/33"}],"replies":[{"embeddable":true,"href":"https:\/\/neuronup.com\/it\/wp-json\/wp\/v2\/comments?post=45737"}],"version-history":[{"count":0,"href":"https:\/\/neuronup.com\/it\/wp-json\/wp\/v2\/posts\/45737\/revisions"}],"wp:featuredmedia":[{"embeddable":true,"href":"https:\/\/neuronup.com\/it\/wp-json\/wp\/v2\/media\/45939"}],"wp:attachment":[{"href":"https:\/\/neuronup.com\/it\/wp-json\/wp\/v2\/media?parent=45737"}],"wp:term":[{"taxonomy":"category","embeddable":true,"href":"https:\/\/neuronup.com\/it\/wp-json\/wp\/v2\/categories?post=45737"},{"taxonomy":"post_tag","embeddable":true,"href":"https:\/\/neuronup.com\/it\/wp-json\/wp\/v2\/tags?post=45737"}],"curies":[{"name":"wp","href":"https:\/\/api.w.org\/{rel}","templated":true}]}}