
{"id":43989,"date":"2025-10-12T08:00:00","date_gmt":"2025-10-12T08:00:00","guid":{"rendered":"https:\/\/neuronup.com\/?p=43989"},"modified":"2025-10-12T08:00:00","modified_gmt":"2025-10-12T08:00:00","slug":"biofeedback-della-variabilita-della-frequenza-cardiaca-per-migliorare-la-cognizione-negli-anziani-uno-strumento-basato-sull-evidenza","status":"publish","type":"post","link":"https:\/\/neuronup.com\/it\/stimolazione-e-riabilitazione-cognitiva\/metodi-e-tecniche-di-intervento-terapeutico-e-psicologico\/biofeedback-della-variabilita-della-frequenza-cardiaca-per-migliorare-la-cognizione-negli-anziani-uno-strumento-basato-sull-evidenza\/","title":{"rendered":"Biofeedback della VFC per migliorare la cognizione negli anziani: Uno strumento basato sull&#8217;evidenza"},"content":{"rendered":"\n<p class=\"has-xl-font-size\">La neuropsic\u00f3loga Sof\u00eda Fonseca explica <strong>c\u00f3mo el biofeedback de la VFC puede mejorar la cognici\u00f3n en adultos mayores <\/strong>desde una perspectiva cl\u00ednica y aportando la evidencia disponible. <\/p>\n\n\n\n<h2 class=\"wp-block-heading\">Introducci\u00f3n <\/h2>\n\n\n\n<p>En la <a href=\"https:\/\/neuronup.com\/estimulacion-y-rehabilitacion-cognitiva\/metodos-y-tecnicas-de-intervencion-terapeutica-y-psicologica\/la-variabilidad-de-la-frecuencia-cardiaca-vfc-y-su-relacion-con-el-deterioro-cognitivo\/\">primera parte de este art\u00edculo<\/a> exploramos <strong>c\u00f3mo la variabilidad de la frecuencia card\u00edaca (VFC) se vincula con el rendimiento cognitivo <\/strong>en la vejez. A medida que envejecemos, esta variabilidad tiende a disminuir, afectando no solo la salud f\u00edsica, sino tambi\u00e9n la atenci\u00f3n, la memoria y otras funciones mentales cr\u00edticas. Ante este panorama, surgen interrogantes cl\u00ednicos clave: \u00bfPodemos intervenir sobre la VFC?; \u00bfexisten t\u00e9cnicas validadas para mejorarla?; \u00bfpuede esto impactar la cognici\u00f3n?<\/p>\n\n\n\n<p>A continuaci\u00f3n, <strong>abordamos el biofeedback de la VFC<\/strong>, una intervenci\u00f3n no invasiva que permite entrenar al sistema nervioso aut\u00f3nomo mediante la autorregulaci\u00f3n respiratoria. Analizaremos c\u00f3mo funciona, qu\u00e9 evidencia respalda su uso en adultos mayores y qu\u00e9 aplicaciones tiene en el contexto de la estimulaci\u00f3n cognitiva y la rehabilitaci\u00f3n neuropsicol\u00f3gica.<\/p>\n\n\n\n<h2 class=\"wp-block-heading\">Biofeedback de la VFC y funciones cognitivas<\/h2>\n\n\n\n<h3 class=\"wp-block-heading\">\u00bfQu\u00e9 es el biofeedback y c\u00f3mo funciona?<\/h3>\n\n\n\n<p>El biofeedback, es una <strong>t\u00e9cnica cuyo objetivo es que el individuo aprenda a controlar de manera voluntaria respuestas de distintos procesos biol\u00f3gicos propios<\/strong> (Carrobles, 2016), a trav\u00e9s de disminuir o aumentar la probabilidad de aparici\u00f3n de una alguna respuesta fisiol\u00f3gica, al asociarla a alguna consecuencia\u00a0 (Moscoso, 1984).\u00a0\u00a0<\/p>\n\n\n\n<p>Esta t\u00e9cnica es una pr\u00e1ctica basada en evidencia, es decir, <strong>se basa en evidencia obtenida de investigaciones<\/strong> para guiar la prestaci\u00f3n de servicios de salud, adem\u00e1s de que ha sido probada y comprobada en la investigaci\u00f3n y en la pr\u00e1ctica cl\u00ednica (Yucha &amp; Montgomery, 2008).\u00a0<\/p>\n\n\n\n<p>El procedimiento <strong>consiste en registrar una actividad fisiol\u00f3gica espec\u00edfica de un sujeto mediante dispositivos electr\u00f3nicos y un software especializado<\/strong>. El sistema se programa para que, cuando el sujeto logre evocar la actividad fisiol\u00f3gica deseada, reciba una retroalimentaci\u00f3n inmediata y precisa a trav\u00e9s de est\u00edmulos auditivos o visuales. Al asociar esta retroalimentaci\u00f3n con la respuesta fisiol\u00f3gica, el sujeto aprende a identificarla y, mediante el entrenamiento, logra modularla voluntariamente. Es fundamental que la informaci\u00f3n se presente en tiempo real, para que el sujeto pueda percibir los cambios y aprender a controlarlos eficazmente (Yucha &amp; Montgomery, 2008).<\/p>\n\n\n\n<h3 class=\"wp-block-heading\">\u00bfQu\u00e9 tipos de biofeedback existen?<\/h3>\n\n\n\n<p>Existen <strong>distintos tipos de biofeedback, dependiendo del sistema fisiol\u00f3gico que se monitoree<\/strong>, que a continuaci\u00f3n se describen (Yucha &amp; Montgomery, 2008):<\/p>\n\n\n\n<ul class=\"wp-block-list\">\n<li><strong>Electromiogr\u00e1fico<\/strong>: mide la actividad el\u00e9ctrica de los m\u00fasculos.<\/li>\n\n\n\n<li><strong>Temperatura<\/strong>: registra la temperatura perif\u00e9rica.<\/li>\n\n\n\n<li><strong>Electroencefalogr\u00e1fico (EEG o neurofeedback)<\/strong>: registra la actividad el\u00e9ctrica cerebral.<\/li>\n\n\n\n<li><strong>Respuesta galv\u00e1nica de la piel<\/strong>: registra los cambios en la conductancia el\u00e9ctrica de la piel, sensibles al sudor.<\/li>\n\n\n\n<li><strong>Respiratorio<\/strong>: registra el ritmo y la profundidad de la respiraci\u00f3n.<\/li>\n\n\n\n<li><strong>Variabilidad de la frecuencia cardiaca (VFC)<\/strong>: se enfoca en la regulaci\u00f3n del ritmo card\u00edaco.<\/li>\n<\/ul>\n\n\n\n<p>En resumen, el biofeedback es una herramienta terap\u00e9utica que permite a los individuos adquirir un mayor control sobre algunas de sus funciones fisiol\u00f3gicas que normalmente operan de forma autom\u00e1tica, mediante un proceso de aprendizaje basado en la retroalimentaci\u00f3n en tiempo real. <strong>Su utilidad ha sido respaldada por numerosos estudios cient\u00edficos y su aplicaci\u00f3n se ha extendido a diversos contextos cl\u00ednicos<\/strong> como el manejo del estr\u00e9s, ansiedad, dolor cr\u00f3nico, trastornos neurol\u00f3gicos y optimizaci\u00f3n cognitiva, entre otros.<\/p>\n\n\n\n<h3 class=\"wp-block-heading\">Biofeedback de la VFC<\/h3>\n\n\n\n<p>El biofeedback de la VFC <strong>se ha aplicado a diversas condiciones m\u00e9dicas y psiqui\u00e1tricas como el asma, ansiedad, <a href=\"https:\/\/neuronup.com\/psicologia\/los-sintomas-de-la-depresion-desde-un-punto-de-vista-cognitivo\/\">depresi\u00f3n<\/a>, dolor cr\u00f3nico, entre otras<\/strong> (Moss, 2004). Consiste en incrementar la variabilidad de la frecuencia card\u00edaca al estimular el barorreflejo y la arritmia sinusal respiratoria, mediante la modulaci\u00f3n de la frecuencia respiratoria (Khazan, 2013).<\/p>\n\n\n\n<ul class=\"wp-block-list\">\n<li>El <strong>barorreflejo es un mecanismo del sistema nervioso aut\u00f3nomo que permite mantener estable la presi\u00f3n arterial<\/strong>, funciona a trav\u00e9s de receptores ubicados en las arterias (llamados barorreceptores) que detectan cambios en la presi\u00f3n y env\u00edan se\u00f1ales al cerebro para ajustar la frecuencia cardiaca y el di\u00e1metro de los vasos sangu\u00edneos, promoviendo as\u00ed el equilibrio cardiovascular. <\/li>\n\n\n\n<li>Por su parte, la <strong>arritmia sinusal respiratoria (ARS) es una fluctuaci\u00f3n r\u00edtmica de la FC que acompa\u00f1a a la respiraci\u00f3n<\/strong>, con la inhalaci\u00f3n sube la FC y con la exhalaci\u00f3n baja (Khazan, 2013; Lehrer &amp; Gevirtz, 2014).<\/li>\n<\/ul>\n\n\n\n<p>Para lograr el entrenamiento de la VFC con esta t\u00e9cnica, es necesario que se monitoree el pulso y la respiraci\u00f3n al mismo tiempo y en una pantalla de computadora se muestran las variaciones en las se\u00f1ales de dichas funciones fisiol\u00f3gicas; quien recibe el entrenamiento utiliza la informaci\u00f3n proveniente de la computadora para regular dichas funciones por medio de la modulaci\u00f3n de la respiraci\u00f3n. <\/p>\n\n\n\n<h4 class=\"wp-block-heading\">Sesiones y personalizaci\u00f3n de la VFC<\/h4>\n\n\n\n<p>Se ha evidenciado que <strong>se requieren de 4 a 10 sesiones de este tipo de entrenamiento para lograr un aumento de la VFC<\/strong> (Yucha &amp; Montgomery, 2008). El objetivo es incrementarla al estimular el barorreflejo y la arritmia sinusal respiratoria, mediante la modulaci\u00f3n de la frecuencia respiratoria (Khazan, 2013).<\/p>\n\n\n\n<p>Para personalizar el tratamiento, <strong>en la primera sesi\u00f3n se determina la variabilidad de la frecuencia card\u00edaca (VFC) y se identifica la frecuencia respiratoria \u00f3ptima de la persona<\/strong>. Para ello, se colocan dos electrodos, un fotopletism\u00f3grafo sobre el dedo \u00edndice de la mano izquierda para monitorear el pulso, y un electrodo alrededor del diafragma para registrar la respiraci\u00f3n. <\/p>\n\n\n\n<p>Posteriormente, para identificar la frecuencia respiratoria \u00f3ptima, se solicita a la persona que respire a distintos ritmos (6.5, 6, 5.5, 5 y 4.5 respiraciones por minuto), durante un par de minutos cada uno. Con esta informaci\u00f3n, se identifica la frecuencia respiratoria que genera el mayor aumento en la VFC, lo cual indica una<strong> mejor activaci\u00f3n del sistema nervioso parasimp\u00e1tico y una mayor capacidad de regulaci\u00f3n auton\u00f3mica<\/strong>. Para las siguientes sesiones, la persona aprende a respirar a su frecuencia respiratoria \u00f3ptima, la cual se sincronizar\u00e1 con su frecuencia cardiaca (Eddie et al., 2015; Moss, 2004; Theodore et al., 2002).<\/p>\n\n\n\n<p>Actualmente <strong>no existen contraindicaciones o riesgos asociados al biofeedback de la VFC<\/strong> (Eddie et al., 2015); se ha utilizado de forma segura para el tratamiento de la enfermedad pulmonar obstructiva cr\u00f3nica (Giardino et al., 2004), para mejorar el funcionamiento cardiaco despu\u00e9s de infarto al miocardio y en sujetos con cardiopat\u00edas (Del Pozo et al., 2004; Nolan et al., 2005).\u00a0<\/p>\n\n\n\n<div style=\"height:50px\" aria-hidden=\"true\" class=\"wp-block-spacer\"><\/div>\n\n\n\n<div class=\"wp-block-group br-0111 has-primary-background-color has-background has-dark-background has-sm-padding-top has-sm-padding-left has-sm-padding-right has-xxl-margin-top\"><div class=\"wp-block-group__inner-container is-layout-constrained wp-block-group-is-layout-constrained\">\n<div class=\"wp-block-columns is-layout-flex wp-container-core-columns-is-layout-9d6595d7 wp-block-columns-is-layout-flex\">\n<div class=\"wp-block-column is-layout-flow wp-block-column-is-layout-flow\">\n<figure class=\"wp-block-image size-full desktop-position-absolute desktop-bottom-0 mobile-width-50 mobile-m-inline-auto has-xl-margin-top\"><img decoding=\"async\" src=\"https:\/\/neuronup.com\/it\/wp-content\/uploads\/2022\/v3\/producto-certificado.webp\" alt=\"\" class=\"wp-image-31568\"><\/figure>\n<\/div>\n\n\n\n<div class=\"wp-block-column is-layout-flow wp-block-column-is-layout-flow\">\n<h2 class=\"wp-block-heading has-white-color has-text-color\"><strong>Iscriviti<\/strong> <br>alla nostra <br>Newsletter<\/h2>\n\n\n\n<div class=\"wp-block-buttons is-layout-flex wp-block-buttons-is-layout-flex\">\n<div class=\"wp-block-button--1\" style=\"--button-outline-color:var(--color-white);--button-outline-color-hover:rgba(0,0,0,0.8);\"><a class=\"wp-block-button__link button button-outline   wp-element-button\" href=\"https:\/\/neuronup.com\/it\/newsletter\/\">Iscriviti<\/a><\/div>\n\n<\/div>\n\n\n\n<div style=\"height:40px\" aria-hidden=\"true\" class=\"wp-block-spacer\"><\/div>\n<\/div>\n<\/div>\n<\/div><\/div>\n\n\n\n\n<div style=\"height:50px\" aria-hidden=\"true\" class=\"wp-block-spacer\"><\/div>\n\n\n\n<h3 class=\"wp-block-heading\">Evidencia sobre los efectos del biofeedback en la mejora del funcionamiento cognitivo<\/h3>\n\n\n\n<p>El biofeedback de la VFC ha demostrado ser efectivo para mejorar <a href=\"https:\/\/neuronup.com\/it\/aree-dintervento\/funzioni-cognitive\/\">funciones cognitivas<\/a> y habilidades emocionales. <\/p>\n\n\n\n<div style=\"height:30px\" aria-hidden=\"true\" class=\"wp-block-spacer\"><\/div>\n\n\n\n<div class=\"wp-block-columns is-layout-flex wp-container-core-columns-is-layout-9d6595d7 wp-block-columns-is-layout-flex\">\n<div class=\"wp-block-column is-layout-flow wp-block-column-is-layout-flow\">\n<p class=\"has-alt-background-color has-background\">Un estudio realizado por Kim y colaboradores mostr\u00f3 que, tras un programa de entrenamiento con biofeedback de la VFC, <strong>personas con lesi\u00f3n cerebral severa lograron incrementar su VFC y, adem\u00e1s, presentaron mejoras en la regulaci\u00f3n emocional, la memoria de trabajo, la atenci\u00f3n y la resoluci\u00f3n de problemas<\/strong>. Estos resultados sugieren que esta intervenci\u00f3n puede ser \u00fatil como herramienta complementaria en la rehabilitaci\u00f3n cognitiva (Kim et al., 2013).<\/p>\n<\/div>\n<\/div>\n\n\n\n<div style=\"height:30px\" aria-hidden=\"true\" class=\"wp-block-spacer\"><\/div>\n\n\n\n<p>Un estudio realizado por Kim y colaboradores mostr\u00f3 que, tras un programa de entrenamiento con biofeedback de la VFC, <strong>personas con lesi\u00f3n cerebral severa lograron incrementar su VFC y, adem\u00e1s, presentaron mejoras en la regulaci\u00f3n emocional, la memoria de trabajo, la atenci\u00f3n y la resoluci\u00f3n de problemas<\/strong>. Estos resultados sugieren que esta intervenci\u00f3n puede ser \u00fatil como herramienta complementaria en la rehabilitaci\u00f3n cognitiva (Kim et al., 2013).<\/p>\n\n\n\n<p>Esta intervenci\u00f3n tambi\u00e9n ha mostrado beneficios en adultos mayores, especialmente en la reducci\u00f3n de s\u00edntomas emocionales y la mejora de funciones cognitivas. <\/p>\n\n\n\n<div style=\"height:30px\" aria-hidden=\"true\" class=\"wp-block-spacer\"><\/div>\n\n\n\n<div class=\"wp-block-columns is-layout-flex wp-container-core-columns-is-layout-9d6595d7 wp-block-columns-is-layout-flex\">\n<div class=\"wp-block-column is-layout-flow wp-block-column-is-layout-flow\">\n<p class=\"has-alt-background-color has-background\">Un estudio realizado por Jester y colaboradores, evalu\u00f3 los efectos de una intervenci\u00f3n de biofeedback de VFC en este grupo, observando una disminuci\u00f3n significativa en s\u00edntomas de depresi\u00f3n y ansiedad tras el entrenamiento, as\u00ed como mejoras en habilidades atencionales y, en menor medida, en funciones ejecutivas. Estos resultados sugieren que el biofeedback de la VFC <strong>puede ser una herramienta \u00fatil en intervenciones dirigidas al bienestar emocional y cognitivo en personas mayores<\/strong> (Jester et al., 2018).<\/p>\n<\/div>\n<\/div>\n\n\n\n<div style=\"height:30px\" aria-hidden=\"true\" class=\"wp-block-spacer\"><\/div>\n\n\n\n<h2 class=\"wp-block-heading\">Retos, limitaciones y consideraciones \u00e9ticas<\/h2>\n\n\n\n<p><strong>Uno de los principales retos en la aplicaci\u00f3n del biofeedback es la accesibilidad y capacitaci\u00f3n de profesionales.<\/strong> <\/p>\n\n\n\n<p>En Latinoam\u00e9rica, la disponibilidad de equipos especializados para biofeedback es limitada, y sus costos suelen ser elevados. Adem\u00e1s, la difusi\u00f3n del conocimiento sobre esta t\u00e9cnica es a\u00fan algo escasa, lo que reduce su implementaci\u00f3n en contextos cl\u00ednicos. A pesar de ello, existen esfuerzos por promover su uso, como el trabajo realizado por la Sociedad Mexicana de Bio y Neurofeedback, por ejemplo, que busca fomentar la formaci\u00f3n y aplicaci\u00f3n profesional en M\u00e9xico.<\/p>\n\n\n\n<p>En cuanto a las limitaciones metodol\u00f3gicas, aunque existe una creciente base de investigaci\u00f3n sobre el biofeedback en general, <strong>los estudios que eval\u00faan espec\u00edficamente los efectos del biofeedback de la VFC sobre el funcionamiento cognitivo siguen siendo limitados<\/strong>, particularmente al trabajar con poblaci\u00f3n adulta mayor, ya que representa un desaf\u00edo adicional debido a factores como la presencia de comorbilidades m\u00e9dicas, el uso de m\u00faltiples f\u00e1rmacos y la heterogeneidad en el <a href=\"https:\/\/neuronup.com\/it\/neuroriabilitazione\/invecchiamento-normale\/\">envejecimiento<\/a>, lo que resulta algo complicado realizar investigaciones con alto grado de control en la muestra.<\/p>\n\n\n\n<p>Finalmente, es importante mencionar que se deben considerar aspectos \u00e9ticos al implementar intervenciones con biofeedback. <strong>Es fundamental que las intervenciones de biofeedback sean aplicadas \u00fanicamente por profesionales debidamente capacitados y formados en el \u00e1rea de la salud.<\/strong> Para garantizar la seguridad y efectividad del tratamiento, es necesario solicitar credenciales profesionales oficiales, as\u00ed como constancias de formaci\u00f3n respaldadas por instituciones acad\u00e9micas o asociaciones reconocidas y serias. Esto contribuye a evitar la pr\u00e1ctica irresponsable o la actuaci\u00f3n de personas sin la preparaci\u00f3n adecuada, protegiendo a los pacientes de posibles da\u00f1os y del riesgo de caer en manos de personas que podr\u00edan ofrecer tratamientos no fundamentados ni \u00e9ticos.<\/p>\n\n\n\n<h2 class=\"wp-block-heading\">Conclusi\u00f3n<\/h2>\n\n\n\n<p>En conclusi\u00f3n, el biofeedback de la variabilidad de la frecuencia card\u00edaca (VFC) representa una<strong> herramienta prometedora para mejorar tanto la salud f\u00edsica como el funcionamiento cognitivo<\/strong>, especialmente en el envejecimiento. Esto se debe a que la VFC es un indicador clave de la flexibilidad fisiol\u00f3gica y de la capacidad del sistema nervioso aut\u00f3nomo para adaptarse a diversas situaciones, como el estr\u00e9s, funciones que tienden a deteriorarse con la edad. Diversas investigaciones han se\u00f1alado que entrenar la VFC mediante biofeedback puede favorecer la regulaci\u00f3n emocional, la atenci\u00f3n, las funciones ejecutivas y otras habilidades cognitivas com\u00fanmente afectadas en adultos mayores.<\/p>\n\n\n\n<p><strong>Una de las ventajas de esta intervenci\u00f3n es que puede personalizarse<\/strong>, ya que en la evaluaci\u00f3n inicial se identifica la frecuencia respiratoria individual que genera el mayor aumento en la VFC, lo que se asocia con una mejor activaci\u00f3n del sistema nervioso parasimp\u00e1tico y una mayor capacidad de autorregulaci\u00f3n auton\u00f3mica. Adem\u00e1s, hasta el momento no se han reportado contraindicaciones ni riesgos asociados a su uso.<\/p>\n\n\n\n<p>No obstante, <strong>a pesar de los resultados preliminares alentadores, es necesario contar con mayor evidencia cient\u00edfica <\/strong>basada en dise\u00f1os metodol\u00f3gicamente s\u00f3lidos y con muestras amplias que respalden su eficacia en esta poblaci\u00f3n. Para garantizar una aplicaci\u00f3n segura y efectiva, estas intervenciones deben ser realizadas por profesionales capacitados y con formaci\u00f3n espec\u00edfica en salud, adaptando los protocolos a las caracter\u00edsticas particulares de cada persona, especialmente considerando las comorbilidades y condiciones propias de la edad avanzada.<\/p>\n\n\n\n<div style=\"height:50px\" aria-hidden=\"true\" class=\"wp-block-spacer\"><\/div>\n\n\n\n<div class=\"wp-block-group alignfull br-1010 has-alt-background-color has-background has-light-background has-sm-padding-top has-sm-padding-bottom\"><div class=\"wp-block-group__inner-container is-layout-constrained wp-block-group-is-layout-constrained\">\n<p class=\"has-text-align-left has-text-color has-xxl-font-size wp-elements-741b90fc64f4965488edc0f7403a9d8c has-links-color\"><strong><a href=\"https:\/\/neuronup.com\/estimulacion-y-rehabilitacion-cognitiva\/metodos-y-tecnicas-de-intervencion-terapeutica-y-psicologica\/la-variabilidad-de-la-frecuencia-cardiaca-vfc-y-su-relacion-con-el-deterioro-cognitivo\/\">Acceso a m\u00e1s informaci\u00f3n<\/a><\/strong><\/p>\n\n\n\n<p class=\"has-text-align-left\">Si no llegaste a leer la primera parte de este art\u00edculo sobre <strong>c\u00f3mo la variabilidad de la frecuencia card\u00edaca (VFC) influye en el deterioro cognitivo<\/strong>, puedes consultarla desde <strong><a href=\"https:\/\/neuronup.com\/estimulacion-y-rehabilitacion-cognitiva\/metodos-y-tecnicas-de-intervencion-terapeutica-y-psicologica\/la-variabilidad-de-la-frecuencia-cardiaca-vfc-y-su-relacion-con-el-deterioro-cognitivo\/\">aqu\u00ed<\/a><\/strong>.<\/p>\n<\/div><\/div>\n\n\n\n\n<div style=\"height:50px\" aria-hidden=\"true\" class=\"wp-block-spacer\"><\/div>\n\n\n\n<h2 class=\"wp-block-heading\">Bibliograf\u00eda<\/h2>\n\n\n\n<ul class=\"wp-block-list\">\n<li class=\"has-sm-font-size\">Carrobles, J. A. (2016). Bio\/neurofeedback. <em>Clinica y Salud<\/em>, <em>27<\/em>(3), 125\u2013131. https:\/\/doi.org\/10.1016\/j.clysa.2016.09.003<\/li>\n\n\n\n<li class=\"has-sm-font-size\">Del Pozo, J. M., Gevirtz, R. N., Scher, B., &amp; Guarneri, E. (2004). Biofeedback treatment increases heart rate variability in patients with known coronary artery disease. <em>American Heart Journal<\/em>, <em>147<\/em>(3), 545. https:\/\/doi.org\/10.1016\/j.ahj.2003.08.013<\/li>\n\n\n\n<li class=\"has-sm-font-size\">Eddie, D., Vaschillo, E., Vaschillo, B., &amp; Lehrer, P. (2015). Heart rate variability biofeedback: Theoretical basis, delivery, and its potential for the treatment of substance use disorders. <em>Addiction Research and Theory<\/em>, <em>23<\/em>(4), 266\u2013272. https:\/\/doi.org\/10.3109\/16066359.2015.1011625<\/li>\n\n\n\n<li class=\"has-sm-font-size\">Giardino, N. D., Chan, L., &amp; Borson, S. (2004). Combined heart rate variability and pulse oximetry biofeedback for chronic obstructive pulmonary disease: Preliminary findings. <em>Applied Psychophysiology Biofeedback<\/em>, <em>29<\/em>(2), 121\u2013133. https:\/\/doi.org\/10.1023\/B:APBI.0000026638.64386.89\u00a0<\/li>\n\n\n\n<li class=\"has-sm-font-size\">Jester, D., Rozek, E., &amp; McKelley, R. (2018). Heart rate variability biofeedback: implications for cognitive and psychiatric effects in older adults. <em>Aging y Mental Health<\/em>, <em>23<\/em>(5), 574\u2013580. https:\/\/doi.org\/10.1080\/13607863.2018.1432031<\/li>\n\n\n\n<li class=\"has-sm-font-size\">Khazan, I. Z. (2013). <em>The Clinical Handbook of Biofeedback\u202f: a Step-by-Step Guide for Training and Practice with Mindfulness.<\/em> Wiley.<\/li>\n\n\n\n<li class=\"has-sm-font-size\">Kim, S., Zemon, V., Cavallo, M. M., Rath, J. F., Mccraty, R., &amp; Foley, F. W. (2013). Heart rate variability biofeedback, executive functioning and chronic brain injury. <em>Brain Injury<\/em>, <em>27<\/em>(2), 209\u2013222. https:\/\/doi.org\/10.3109\/02699052.2012.729292<\/li>\n\n\n\n<li class=\"has-sm-font-size\">Lehrer, P. M., &amp; Gevirtz, R. (2014). Heart rate variability biofeedback: How and why does it work? <em>Frontiers in Psychology<\/em>, <em>5<\/em>(JUL), 756. https:\/\/doi.org\/10.3389\/fpsyg.2014.00756<\/li>\n\n\n\n<li class=\"has-sm-font-size\">Moscoso, M. S. (1984). El condicionamiento operante en biorretroalimentaci\u00f3n. <em>Revista Latinoamericana de Psicolog\u00eda<\/em>, <em>16<\/em>, 61\u201376.<\/li>\n\n\n\n<li class=\"has-sm-font-size\">Moss, D. (2004). Heart rate variability and biofeedback. <em>Psychophysiology Today: The Magazine for Mind-Body Medicine<\/em>, <em>1<\/em>, 4\u201311.<\/li>\n\n\n\n<li class=\"has-sm-font-size\">Nolan, R. P., Kamath, M. V., Floras, J. S., Stanley, J., Pang, C., Picton, P., &amp; Young, Q. R. (2005). Heart rate variability biofeedback as a behavioral neurocardiac intervention to enhance vagal heart rate control. <em>American Heart Journal<\/em>, <em>149<\/em>(6), 1137. https:\/\/doi.org\/10.1016\/j.ahj.2005.03.015<\/li>\n\n\n\n<li class=\"has-sm-font-size\">Theodore, J. L. V., Corydon Hammond, D., Trudeau, D., Monastra, V., Perry, J., Lehrer, P., Matheson, D., &amp; Sherman, R. (2002). Template for developing guidelines for the evaluation of the clinical efficacy of psychophysiological interventions. <em>Applied Psychophysiology Biofeedback<\/em>, <em>27<\/em>(4), 273\u2013281. https:\/\/doi.org\/10.1023\/A:1021061318355<\/li>\n\n\n\n<li class=\"has-sm-font-size\">Yucha, C. B., &amp; Montgomery, D. D. (2008). Evidence-based practice in biofeedback and neurofeedback. In <em>Wheat Ridge, CO: AAPB.<\/em><\/li>\n<\/ul>\n\n\n\n<div style=\"height:70px\" aria-hidden=\"true\" class=\"wp-block-spacer\"><\/div>\n\n\n\n<div class=\"wp-block-group p-4 br-0111 has-alt-background-color has-background has-light-background\"><div class=\"wp-block-group__inner-container is-layout-constrained wp-block-group-is-layout-constrained\">\n<h2 class=\"wp-block-heading\"><strong>Preguntas frecuentes sobre el biofeedback de la VFC<\/strong><\/h2>\n\n\n\n<div style=\"height:20px\" aria-hidden=\"true\" class=\"wp-block-spacer\"><\/div>\n\n\n\n<div class=\"wp-block-pb-accordion-item c-accordion__item js-accordion-item no-js\" data-initially-open=\"false\" data-click-to-close=\"true\" data-auto-close=\"true\" data-scroll=\"false\" data-scroll-offset=\"0\" id=\"trabajarneuronup\"><h3 id=\"at-439890\" class=\"c-accordion__title js-accordion-controller\" role=\"button\">1. \u00bfQu\u00e9 es el biofeedback de la VFC?<\/h3><div id=\"ac-439890\" class=\"c-accordion__content\">\n<p>Es una t\u00e9cnica que permite al paciente aprender a controlar su ritmo card\u00edaco mediante retroalimentaci\u00f3n visual o auditiva en tiempo real, generalmente a trav\u00e9s de la respiraci\u00f3n guiada.<\/p>\n<\/div><\/div>\n\n\n\n<div class=\"wp-block-pb-accordion-item c-accordion__item js-accordion-item no-js\" data-initially-open=\"false\" data-click-to-close=\"true\" data-auto-close=\"true\" data-scroll=\"false\" data-scroll-offset=\"0\" id=\"trabajarneuronup\"><h3 id=\"at-439891\" class=\"c-accordion__title js-accordion-controller\" role=\"button\">2. \u00bfQu\u00e9 beneficios tiene el biofeedback en adultos mayores?<\/h3><div id=\"ac-439891\" class=\"c-accordion__content\">\n<p>Mejora la autorregulaci\u00f3n emocional, la atenci\u00f3n, la memoria y otras funciones cognitivas, adem\u00e1s de reducir s\u00edntomas de ansiedad o estr\u00e9s.<\/p>\n<\/div><\/div>\n\n\n\n<div class=\"wp-block-pb-accordion-item c-accordion__item js-accordion-item no-js\" data-initially-open=\"false\" data-click-to-close=\"true\" data-auto-close=\"true\" data-scroll=\"false\" data-scroll-offset=\"0\" id=\"videosneuronup\"><h3 id=\"at-439892\" class=\"c-accordion__title js-accordion-controller\" role=\"button\">3. \u00bfC\u00f3mo se aplica el biofeedback de la VFC en la pr\u00e1ctica cl\u00ednica?<\/h3><div id=\"ac-439892\" class=\"c-accordion__content\">\n<p>Se utilizan sensores que miden la respiraci\u00f3n y el ritmo card\u00edaco, mientras el paciente sigue una pauta respiratoria controlada y observa sus resultados en tiempo real.<\/p>\n<\/div><\/div>\n\n\n\n<div class=\"wp-block-pb-accordion-item c-accordion__item js-accordion-item no-js\" data-initially-open=\"false\" data-click-to-close=\"true\" data-auto-close=\"true\" data-scroll=\"false\" data-scroll-offset=\"0\" id=\"formaciongratuita\"><h3 id=\"at-439893\" class=\"c-accordion__title js-accordion-controller\" role=\"button\">4. \u00bfCu\u00e1ntas sesiones de biofeedback se recomiendan?<\/h3><div id=\"ac-439893\" class=\"c-accordion__content\">\n<p>Aunque var\u00eda seg\u00fan el caso, los protocolos suelen incluir entre 6 y 10 sesiones de 30-60 minutos para lograr efectos significativos.<\/p>\n<\/div><\/div>\n\n\n\n<div class=\"wp-block-pb-accordion-item c-accordion__item js-accordion-item no-js\" data-initially-open=\"false\" data-click-to-close=\"true\" data-auto-close=\"true\" data-scroll=\"false\" data-scroll-offset=\"0\" id=\"formaciongratuita\"><h3 id=\"at-439894\" class=\"c-accordion__title js-accordion-controller\" role=\"button\">5. \u00bfEl biofeedback de la VFC reemplaza otras formas de estimulaci\u00f3n cognitiva?<\/h3><div id=\"ac-439894\" class=\"c-accordion__content\">\n<p>No. Es una herramienta complementaria que puede potenciar los efectos de otros programas de intervenci\u00f3n cognitiva o terapias neuropsicol\u00f3gicas.<\/p>\n<\/div><\/div>\n<\/div><\/div>\n\n\n\n\n<div style=\"height:50px\" aria-hidden=\"true\" class=\"wp-block-spacer\"><\/div>\n\n\n\n<h3 class=\"wp-block-heading\">Si te ha gustado esta entrada del blog sobre el <strong>biofeedback de la VFC para mejorar la cognici\u00f3n en adultos mayores<\/strong>, seguramente te interesen estos art\u00edculos de NeuronUP:<\/h3>\n\n<div class=\"mai-grid entries entries-grid has-boxed has-image-full\" style=\"--entry-title-font-size:var(--font-size-lg);--align-text:start;--entry-meta-text-align:start;\"><div class=\"entries-wrap has-columns\" style=\"--columns-xs:1\/1;--columns-sm:1\/1;--columns-md:1\/3;--columns-lg:1\/3;--flex-xs:0 0 var(--flex-basis);--flex-sm:0 0 var(--flex-basis);--flex-md:0 0 var(--flex-basis);--flex-lg:0 0 var(--flex-basis);--column-gap:var(--spacing-lg);--row-gap:var(--spacing-lg);--align-columns:start;\"><article class=\"entry entry-grid is-column has-entry-link has-image has-image-first type-post category-stimolazione-e-riabilitazione-cognitiva tag-attenzione tag-riabilitazione-cognitiva\" style=\"--entry-index:1;\" aria-label=\"Riabilitazione dell&#8217;attenzione selettiva\" itemscope itemtype=\"https:\/\/schema.org\/CreativeWork\"><a class=\"entry-image-link\" href=\"https:\/\/neuronup.com\/it\/stimolazione-e-riabilitazione-cognitiva\/riabilitazione-dellattenzione-selettiva\/\" tabindex=\"-1\" aria-hidden=\"true\"><img decoding=\"async\" width=\"400\" height=\"267\" src=\"https:\/\/neuronup.com\/it\/wp-content\/uploads\/2024\/02\/Rehabilitacion-de-la-atencion-selectiva.webp\" class=\"entry-image size-landscape-sm\" alt=\"Donna giovane seduta in un caff\u00e8, indossa maglione grigio e sciarpa arancione, legge un giornale con espressione concentrata.\" srcset=\"https:\/\/neuronup.com\/it\/wp-content\/uploads\/2024\/02\/Rehabilitacion-de-la-atencion-selectiva-300x200.webp 300w, https:\/\/neuronup.com\/it\/wp-content\/uploads\/2024\/02\/Rehabilitacion-de-la-atencion-selectiva-768x512.webp 768w, https:\/\/neuronup.com\/it\/wp-content\/uploads\/2024\/02\/Rehabilitacion-de-la-atencion-selectiva-1024x683.webp 1024w, https:\/\/neuronup.com\/it\/wp-content\/uploads\/2024\/02\/Rehabilitacion-de-la-atencion-selectiva.webp 1200w\" sizes=\"(max-width:599px) 599px, (min-width:600px) and (max-width: 799px) 799px, (min-width:800px) and (max-width: 999px) 333px, (min-width:1000px) 400px\" \/><\/a><div class=\"entry-wrap entry-wrap-grid\"><h3 class=\"entry-title\" itemprop=\"headline\"><a class=\"entry-title-link\" href=\"https:\/\/neuronup.com\/it\/stimolazione-e-riabilitazione-cognitiva\/riabilitazione-dellattenzione-selettiva\/\" rel=\"bookmark\">Riabilitazione dell&#8217;attenzione selettiva<\/a><\/h3>\n<\/div><\/article><article class=\"entry entry-grid is-column has-entry-link has-image has-image-first type-post category-ictus-o-malattie-cerebrovascolari-cva tag-ictus\" style=\"--entry-index:2;\" aria-label=\"4 Cause Infrequenti dell&#8217;ictus\" itemscope itemtype=\"https:\/\/schema.org\/CreativeWork\"><a class=\"entry-image-link\" href=\"https:\/\/neuronup.com\/it\/stimolazione-e-riabilitazione-cognitiva\/cerebrolesione-acquisita\/ictus-o-malattie-cerebrovascolari-cva\/cause-infrequenti-dellictus\/\" tabindex=\"-1\" aria-hidden=\"true\"><img decoding=\"async\" width=\"400\" height=\"267\" src=\"https:\/\/neuronup.com\/it\/wp-content\/uploads\/2024\/09\/causas-infrecuentes-del-ictus.webp\" class=\"entry-image size-landscape-sm\" alt=\"Serie di immagini MRI del cervello presentate in pannelli, evidenziando anatomia cerebrale, angolazioni diverse.\" srcset=\"https:\/\/neuronup.com\/it\/wp-content\/uploads\/2024\/09\/causas-infrecuentes-del-ictus-300x200.webp 300w, https:\/\/neuronup.com\/it\/wp-content\/uploads\/2024\/09\/causas-infrecuentes-del-ictus-768x512.webp 768w, https:\/\/neuronup.com\/it\/wp-content\/uploads\/2024\/09\/causas-infrecuentes-del-ictus-1024x683.webp 1024w, https:\/\/neuronup.com\/it\/wp-content\/uploads\/2024\/09\/causas-infrecuentes-del-ictus.webp 1200w\" sizes=\"(max-width:599px) 599px, (min-width:600px) and (max-width: 799px) 799px, (min-width:800px) and (max-width: 999px) 333px, (min-width:1000px) 400px\" \/><\/a><div class=\"entry-wrap entry-wrap-grid\"><h3 class=\"entry-title\" itemprop=\"headline\"><a class=\"entry-title-link\" href=\"https:\/\/neuronup.com\/it\/stimolazione-e-riabilitazione-cognitiva\/cerebrolesione-acquisita\/ictus-o-malattie-cerebrovascolari-cva\/cause-infrequenti-dellictus\/\" rel=\"bookmark\">4 Cause Infrequenti dell&#8217;ictus<\/a><\/h3>\n<\/div><\/article><article class=\"entry entry-grid is-column has-entry-link has-image has-image-first type-post category-attivita-di-cognizione-sociale tag-attivita-di-stimolazione-cognitiva tag-cognizione-sociale tag-intelligenza-emotiva\" style=\"--entry-index:3;\" aria-label=\"Attivit\u00e0 di cognizione sociale per lavorare con adulti\" itemscope itemtype=\"https:\/\/schema.org\/CreativeWork\"><a class=\"entry-image-link\" href=\"https:\/\/neuronup.com\/it\/attivita-di-neuroriabilitazione\/attivita-per-le-funzioni-cognitive\/attivita-di-cognizione-sociale\/attivita-di-cognizione-sociale-per-lavorare-con-adulti\/\" tabindex=\"-1\" aria-hidden=\"true\"><img decoding=\"async\" width=\"400\" height=\"246\" src=\"https:\/\/neuronup.com\/it\/wp-content\/uploads\/2022\/09\/Actividades-de-cognicion-social.webp\" class=\"entry-image size-landscape-sm\" alt=\"Collage di volti con espressioni diverse e una possibile interfaccia di controllo in basso, utile per l&#039;esercizio di cognizione sociale.\" srcset=\"https:\/\/neuronup.com\/it\/wp-content\/uploads\/2022\/09\/Actividades-de-cognicion-social-300x185.webp 300w, https:\/\/neuronup.com\/it\/wp-content\/uploads\/2022\/09\/Actividades-de-cognicion-social-768x473.webp 768w, https:\/\/neuronup.com\/it\/wp-content\/uploads\/2022\/09\/Actividades-de-cognicion-social-1024x631.webp 1024w, https:\/\/neuronup.com\/it\/wp-content\/uploads\/2022\/09\/Actividades-de-cognicion-social.webp 1205w\" sizes=\"(max-width:599px) 599px, (min-width:600px) and (max-width: 799px) 799px, (min-width:800px) and (max-width: 999px) 333px, (min-width:1000px) 400px\" \/><\/a><div class=\"entry-wrap entry-wrap-grid\"><h3 class=\"entry-title\" itemprop=\"headline\"><a class=\"entry-title-link\" href=\"https:\/\/neuronup.com\/it\/attivita-di-neuroriabilitazione\/attivita-per-le-funzioni-cognitive\/attivita-di-cognizione-sociale\/attivita-di-cognizione-sociale-per-lavorare-con-adulti\/\" rel=\"bookmark\">Attivit\u00e0 di cognizione sociale per lavorare con adulti<\/a><\/h3>\n<\/div><\/article><article class=\"entry entry-grid is-column has-entry-link has-image has-image-first type-post category-disabilita-intelletiva tag-disabilita-intellettiva tag-neuropsicologia\" style=\"--entry-index:4;\" aria-label=\"Consumo di alcol durante la gravidanza: effetti sul cervello fetale e rischio di disabilit\u00e0 intellettiva.\" itemscope itemtype=\"https:\/\/schema.org\/CreativeWork\"><a class=\"entry-image-link\" href=\"https:\/\/neuronup.com\/it\/stimolazione-e-riabilitazione-cognitiva\/disabilita-intelletiva\/consumo-di-alcol-durante-la-gravidanza-effetti-sul-cervello-fetale-e-rischio-di-disabilita-intellettiva\/\" tabindex=\"-1\" aria-hidden=\"true\"><img decoding=\"async\" width=\"400\" height=\"300\" src=\"https:\/\/neuronup.com\/it\/wp-content\/uploads\/2024\/10\/Consumo-di-alcol-durante-la-gravidanza-400x300.webp\" class=\"entry-image size-landscape-sm\" alt=\"Persona incinta seduta che tiene in mano scarpine marroni, pancione visibile, manicure chiara, atmosfera intima.\" srcset=\"https:\/\/neuronup.com\/it\/wp-content\/uploads\/2024\/10\/Consumo-di-alcol-durante-la-gravidanza-400x300.webp 400w, https:\/\/neuronup.com\/it\/wp-content\/uploads\/2024\/10\/Consumo-di-alcol-durante-la-gravidanza-800x600.webp 800w\" sizes=\"(max-width:599px) 599px, (min-width:600px) and (max-width: 799px) 799px, (min-width:800px) and (max-width: 999px) 333px, (min-width:1000px) 400px\" \/><\/a><div class=\"entry-wrap entry-wrap-grid\"><h3 class=\"entry-title\" itemprop=\"headline\"><a class=\"entry-title-link\" href=\"https:\/\/neuronup.com\/it\/stimolazione-e-riabilitazione-cognitiva\/disabilita-intelletiva\/consumo-di-alcol-durante-la-gravidanza-effetti-sul-cervello-fetale-e-rischio-di-disabilita-intellettiva\/\" rel=\"bookmark\">Consumo di alcol durante la gravidanza: effetti sul cervello fetale e rischio di disabilit\u00e0 intellettiva.<\/a><\/h3>\n<\/div><\/article><article class=\"entry entry-grid is-column has-entry-link has-image has-image-first type-post category-psicologia tag-problemi-di-condotta tag-psicologia tag-salute-mentale\" style=\"--entry-index:5;\" aria-label=\"Problemi di comportamento e metodologie preventive\" itemscope itemtype=\"https:\/\/schema.org\/CreativeWork\"><a class=\"entry-image-link\" href=\"https:\/\/neuronup.com\/it\/psicologia\/metodologie-preventive-di-comportamento\/\" tabindex=\"-1\" aria-hidden=\"true\"><img decoding=\"async\" width=\"400\" height=\"267\" src=\"https:\/\/neuronup.com\/it\/wp-content\/uploads\/2024\/09\/un-nino-con-problemas-de-comportamiento-sentado-junto-a-una-mesa.webp\" class=\"entry-image size-landscape-sm\" alt=\"Bambino dai capelli ricci seduto a tavolo in ambiente domestico luminoso, peluche in mano; donna con occhiali osserva una cartella.\" srcset=\"https:\/\/neuronup.com\/it\/wp-content\/uploads\/2024\/09\/un-nino-con-problemas-de-comportamiento-sentado-junto-a-una-mesa-300x200.webp 300w, https:\/\/neuronup.com\/it\/wp-content\/uploads\/2024\/09\/un-nino-con-problemas-de-comportamiento-sentado-junto-a-una-mesa-768x512.webp 768w, https:\/\/neuronup.com\/it\/wp-content\/uploads\/2024\/09\/un-nino-con-problemas-de-comportamiento-sentado-junto-a-una-mesa-1024x683.webp 1024w, https:\/\/neuronup.com\/it\/wp-content\/uploads\/2024\/09\/un-nino-con-problemas-de-comportamiento-sentado-junto-a-una-mesa.webp 1200w\" sizes=\"(max-width:599px) 599px, (min-width:600px) and (max-width: 799px) 799px, (min-width:800px) and (max-width: 999px) 333px, (min-width:1000px) 400px\" \/><\/a><div class=\"entry-wrap entry-wrap-grid\"><h3 class=\"entry-title\" itemprop=\"headline\"><a class=\"entry-title-link\" href=\"https:\/\/neuronup.com\/it\/psicologia\/metodologie-preventive-di-comportamento\/\" rel=\"bookmark\">Problemi di comportamento e metodologie preventive<\/a><\/h3>\n<\/div><\/article><article class=\"entry entry-grid is-column has-entry-link has-image has-image-first type-post category-notizie tag-notizie-di-neuronup\" style=\"--entry-index:6;\" aria-label=\"NOVIT\u00c0 Arrivano i grafici di evoluzione su NeuronUP\" itemscope itemtype=\"https:\/\/schema.org\/CreativeWork\"><a class=\"entry-image-link\" href=\"https:\/\/neuronup.com\/it\/notizie-su-neuronup\/notizie\/arrivano-le-grafiche-di-evoluzione-neuronup-score\/\" tabindex=\"-1\" aria-hidden=\"true\"><img decoding=\"async\" width=\"400\" height=\"149\" src=\"https:\/\/neuronup.com\/it\/wp-content\/uploads\/2022\/11\/ES-NeuronUP-Score-evolucion-4-1.webp\" class=\"entry-image size-landscape-sm\" alt=\"Interfaccia NeuroniIP Score con grafico di evoluzione: Alejandro Gonzalez, punteggio attuale 74 e valori storici 89, 63 e 67.\" srcset=\"https:\/\/neuronup.com\/it\/wp-content\/uploads\/2022\/11\/ES-NeuronUP-Score-evolucion-4-1-300x112.webp 300w, https:\/\/neuronup.com\/it\/wp-content\/uploads\/2022\/11\/ES-NeuronUP-Score-evolucion-4-1-768x286.webp 768w, https:\/\/neuronup.com\/it\/wp-content\/uploads\/2022\/11\/ES-NeuronUP-Score-evolucion-4-1-1024x381.webp 1024w, https:\/\/neuronup.com\/it\/wp-content\/uploads\/2022\/11\/ES-NeuronUP-Score-evolucion-4-1-1536x572.webp 1536w, https:\/\/neuronup.com\/it\/wp-content\/uploads\/2022\/11\/ES-NeuronUP-Score-evolucion-4-1.webp 1815w\" sizes=\"(max-width:599px) 599px, (min-width:600px) and (max-width: 799px) 799px, (min-width:800px) and (max-width: 999px) 333px, (min-width:1000px) 400px\" \/><\/a><div class=\"entry-wrap entry-wrap-grid\"><h3 class=\"entry-title\" itemprop=\"headline\"><a class=\"entry-title-link\" href=\"https:\/\/neuronup.com\/it\/notizie-su-neuronup\/notizie\/arrivano-le-grafiche-di-evoluzione-neuronup-score\/\" rel=\"bookmark\">[NOVIT\u00c0] Arrivano i grafici di evoluzione su NeuronUP<\/a><\/h3>\n<\/div><\/article><\/div><\/div>\n\n<div style=\"height:50px\" aria-hidden=\"true\" class=\"wp-block-spacer\"><\/div>\n\n\n\n<p class=\"has-sm-font-size\">&#8220;Questo articolo \u00e8 stato tradotto. Link all\u2019articolo originale in spagnolo:&#8221;<br><a href=\"https:\/\/neuronup.com\/estimulacion-y-rehabilitacion-cognitiva\/metodos-y-tecnicas-de-intervencion-terapeutica-y-psicologica\/biofeedback-de-la-vfc-para-mejorar-la-cognicion-en-adultos-mayores-una-herramienta-basada-en-evidencia\/\" data-type=\"link\" data-id=\"https:\/\/neuronup.com\/estimulacion-y-rehabilitacion-cognitiva\/metodos-y-tecnicas-de-intervencion-terapeutica-y-psicologica\/biofeedback-de-la-vfc-para-mejorar-la-cognicion-en-adultos-mayores-una-herramienta-basada-en-evidencia\/\"><em>Biofeedback de la VFC para mejorar la cognici\u00f3n en adultos mayores: Una herramienta basada en evidencia<\/em><\/a><\/p>\n\n","protected":false},"excerpt":{"rendered":"<p>La neuropsic\u00f3loga Sof\u00eda Fonseca explica c\u00f3mo el biofeedback de la VFC puede mejorar la cognici\u00f3n en adultos mayores desde una perspectiva cl\u00ednica y aportando la evidencia disponible. Introducci\u00f3n En la primera parte de este art\u00edculo exploramos c\u00f3mo la variabilidad de la frecuencia card\u00edaca (VFC) se vincula con el rendimiento cognitivo en la vejez. A medida &hellip;<\/p>\n","protected":false},"author":251,"featured_media":44010,"comment_status":"open","ping_status":"open","sticky":false,"template":"","format":"standard","meta":{"_acf_changed":false,"_genesis_hide_title":false,"_genesis_hide_breadcrumbs":false,"_genesis_hide_singular_image":false,"_genesis_hide_footer_widgets":false,"_genesis_custom_body_class":"","_genesis_custom_post_class":"","_genesis_layout":"content-sidebar","footnotes":""},"categories":[63],"tags":[398,424,250],"class_list":{"2":"type-post","7":"category-metodi-e-tecniche-di-intervento-terapeutico-e-psicologico","8":"tag-adulti","9":"tag-anziani","10":"tag-invecchiamento-normale","11":"entry"},"acf":[],"_links":{"self":[{"href":"https:\/\/neuronup.com\/it\/wp-json\/wp\/v2\/posts\/43989","targetHints":{"allow":["GET"]}}],"collection":[{"href":"https:\/\/neuronup.com\/it\/wp-json\/wp\/v2\/posts"}],"about":[{"href":"https:\/\/neuronup.com\/it\/wp-json\/wp\/v2\/types\/post"}],"author":[{"embeddable":true,"href":"https:\/\/neuronup.com\/it\/wp-json\/wp\/v2\/users\/251"}],"replies":[{"embeddable":true,"href":"https:\/\/neuronup.com\/it\/wp-json\/wp\/v2\/comments?post=43989"}],"version-history":[{"count":0,"href":"https:\/\/neuronup.com\/it\/wp-json\/wp\/v2\/posts\/43989\/revisions"}],"wp:featuredmedia":[{"embeddable":true,"href":"https:\/\/neuronup.com\/it\/wp-json\/wp\/v2\/media\/44010"}],"wp:attachment":[{"href":"https:\/\/neuronup.com\/it\/wp-json\/wp\/v2\/media?parent=43989"}],"wp:term":[{"taxonomy":"category","embeddable":true,"href":"https:\/\/neuronup.com\/it\/wp-json\/wp\/v2\/categories?post=43989"},{"taxonomy":"post_tag","embeddable":true,"href":"https:\/\/neuronup.com\/it\/wp-json\/wp\/v2\/tags?post=43989"}],"curies":[{"name":"wp","href":"https:\/\/api.w.org\/{rel}","templated":true}]}}