
{"id":40027,"date":"2026-03-09T12:24:53","date_gmt":"2026-03-09T12:24:53","guid":{"rendered":"https:\/\/neuronup.com\/?p=30955"},"modified":"2026-03-09T12:24:53","modified_gmt":"2026-03-09T12:24:53","slug":"promuovendo-un-invecchiamento-attivo-il-pilota-andaluso-del-progetto-phara-on","status":"publish","type":"post","link":"https:\/\/neuronup.com\/it\/progetti\/promuovendo-un-invecchiamento-attivo-il-pilota-andaluso-del-progetto-phara-on\/","title":{"rendered":"Promuovendo un invecchiamento attivo: il pilota andaluso del Progetto PHArA-ON"},"content":{"rendered":"\n<p class=\"has-xl-font-size\">In questo post, la dottoressa e ricercatrice Aurora Polo Rodr\u00edguez espone i <strong>dettagli del progetto europeo PHArA-ON (Pilots for Healthy and Active Ageing)<\/strong>, a cui ha partecipato NeuronUP.<\/p>\n\n\n\n<p>L&#8217;invecchiamento attivo e sano \u00e8 una priorit\u00e0 crescente nella nostra societ\u00e0. Nella societ\u00e0 in cui viviamo, \u00e8 sempre pi\u00f9 evidente la necessit\u00e0 di disporre di strumenti che abbiano un impatto positivo non solo sulla qualit\u00e0 della vita degli anziani, ma anche sulla loro indipendenza e salute in generale.&nbsp;<\/p>\n\n\n\n<p>In questo contesto, il progetto europeo <a href=\"https:\/\/www.pharaon.eu\/about\/\">PHArA-ON<\/a> si presenta come un&#8217; <strong>iniziativa innovativa<\/strong> per raggiungere questo obiettivo ambizioso e imprescindibile, attraverso la creazione di una serie di piattaforme aperte e integrate, con interessanti opzioni di personalizzazione e interoperabili con altre soluzioni avanzate che includono intelligenza artificiale, dispositivi indossabili intelligenti o big data, tra gli altri.&nbsp;<\/p>\n\n\n\n<p>PHArA-ON \u00e8 finanziato dal programma Orizzonte 2020 dell&#8217;Unione Europea, dispone di un budget di 21 milioni di euro e beneficia inoltre della collaborazione di 41 enti provenienti da 12 paesi diversi come Spagna, Italia, Portogallo, Francia, Germania, Austria, Belgio, Paesi Bassi, Regno Unito, Croazia, Slovenia ed Estonia.&nbsp;<\/p>\n\n\n\n<p>Nel caso specifico dell&#8217;Andalusia, l&#8217;implementazione di questo progetto ha avuto un impatto pi\u00f9 che positivo grazie al suo approccio particolare nel combattere la solitudine indesiderata e nel promuovere la coesione sociale. Grazie al coordinamento della Fundaci\u00f3n Ageing Lab, insieme all&#8217;Universit\u00e0 di Ja\u00e9n, alla Deputazione Provinciale di Ja\u00e9n e a Minsait di Indra, \u00e8 stato possibile realizzare il pilota andaluso con un budget totale di 1.200.000 euro.<\/p>\n\n\n\n<p>Questo si \u00e8 concentrato su <strong>tre obiettivi chiave mirati a migliorare la vita dei partecipanti<\/strong>:<\/p>\n\n\n\n<ol class=\"wp-block-list\">\n<li><strong>Promozione della partecipazione comunitaria:<\/strong> Utilizzando il social network Sentab, i partecipanti sono stati incoraggiati a interagire e a partecipare nella comunit\u00e0, promuovendo l&#8217;integrazione sociale.<\/li>\n\n\n\n<li><strong>Supporto al benessere fisico:<\/strong> Attraverso il dispositivo MISS Activity, i partecipanti sono stati motivati a mantenersi fisicamente attivi, contribuendo alla loro salute generale.<\/li>\n\n\n\n<li><strong>Promozione della stimolazione cognitiva:<\/strong> Con la piattaforma NeuronUP, vengono offerte attivit\u00e0 che stimolano le <a href=\"https:\/\/neuronup.com\/it\/aree-dintervento\/funzioni-cognitive\/\">funzioni cognitive<\/a>, aiutando a mantenere la mente attiva.<\/li>\n<\/ol>\n\n\n\n<p>NeuronUP \u00e8 stata integrata nel progetto fin dalla prima call, nell&#8217;ottobre 2023, per un periodo di valutazione di tre mesi. Da allora, <strong>la nostra <a href=\"https:\/\/neuronup.com\/it\/prodotto\/\">piattaforma di riabilitazione e stimolazione cognitiva<\/a> \u00e8 riuscita a dispiegarsi in 9 comuni andalusi<\/strong>: Castillo de Locub\u00edn, Arjona, Martos, Peal de Becerro e Alcaudete (Ja\u00e9n); e Las Gabias, Atarfe, Zaid\u00edn e Albolote (Granada). In totale, ben 60 partecipanti hanno ricevuto formazione su NeuronUP, di cui 49 sono anziani e 11 sono professionisti.<\/p>\n\n\n\n<p>L&#8217;implementazione di NeuronUP \u00e8 stata realizzata secondo <strong>due approcci diversi<\/strong>:<\/p>\n\n\n\n<ol class=\"wp-block-list\">\n<li><strong>Residenze e centri diurni<\/strong>: Dove i tecnici dell&#8217;<a href=\"https:\/\/neuronup.com\/it\/\">Universit\u00e0 di Ja\u00e9n<\/a> e della <a href=\"https:\/\/neuronup.com\/it\/\">Fondazione Ageing Lab<\/a> hanno formato i professionisti di questi centri affinch\u00e9 potessero lavorare con la nostra piattaforma di neuroriabilitazione in modo ottimale e personalizzato con gli utenti.<\/li>\n\n\n\n<li><strong>Centri di partecipazione attiva<\/strong>: Qui, la durata del pilotaggio \u00e8 stata estesa da tre a sei mesi grazie all&#8217;elevata motivazione degli utenti. In questo caso, l&#8217;Universit\u00e0 di Ja\u00e9n ha fornito formazione diretta agli utenti, che poi hanno potuto lavorare autonomamente da casa con le sessioni personalizzate di <a href=\"https:\/\/neuronup.com\/it\/prodotto\/teleriabilitazione-la-riabilitazione-cognitiva-a-distanza-con-neuronup\/\">NeuronUP2GO<\/a>.<\/li>\n<\/ol>\n\n\n\n<p>Questo approccio duale ha permesso di <strong>adattare l&#8217;uso di NeuronUP alle esigenze specifiche di diversi contesti<\/strong>. La risposta positiva e l&#8217;alto impegno dimostrato dai partecipanti in ogni occasione sono esempi del valore aggiunto che la nostra piattaforma apporta al progetto, offrendo strumenti essenziali per un invecchiamento attivo e partecipativo.&nbsp;<\/p>\n\n\n\n<p>In tutto questo processo, \u00e8 importante sottolineare il ruolo cruciale svolto dai ricercatori dell&#8217;Universit\u00e0 di Ja\u00e9n, Aurora Polo Rodr\u00edguez e Javier Medina Quero, per raggiungere questo successo. In qualit\u00e0 di responsabili della formazione e grazie al loro monitoraggio attivo, hanno lavorato instancabilmente per garantire l&#8217;aderenza dei partecipanti al programma.<\/p>\n\n<div class=\"mai-grid entries entries-grid has-boxed has-image-full\" style=\"--entry-title-font-size:var(--font-size-lg);--align-text:start;--entry-meta-text-align:start;\"><div class=\"entries-wrap has-columns\" style=\"--columns-xs:1\/1;--columns-sm:1\/1;--columns-md:1\/3;--columns-lg:1\/3;--flex-xs:0 0 var(--flex-basis);--flex-sm:0 0 var(--flex-basis);--flex-md:0 0 var(--flex-basis);--flex-lg:0 0 var(--flex-basis);--column-gap:var(--spacing-lg);--row-gap:var(--spacing-lg);--align-columns:start;\"><article class=\"entry entry-grid is-column has-entry-link has-image has-image-first type-post category-sclerosi-multipla tag-malattie-neurodegenerative tag-sclerosi-multipla tag-stimolazione-cognitiva\" style=\"--entry-index:1;\" aria-label=\"Riabilitazione cognitiva nei pazienti con sclerosi multipla: strategie per migliorare la qualit\u00e0 della vita\" itemscope itemtype=\"https:\/\/schema.org\/CreativeWork\"><a class=\"entry-image-link\" href=\"https:\/\/neuronup.com\/it\/stimolazione-e-riabilitazione-cognitiva\/malattie-neurodegenerative\/sclerosi-multipla\/riabilitazione-cognitiva-nei-pazienti-con-sclerosi-multipla-strategie-per-migliorare-la-qualita-della-vita\/\" tabindex=\"-1\" aria-hidden=\"true\"><img decoding=\"async\" width=\"400\" height=\"300\" src=\"https:\/\/neuronup.com\/it\/wp-content\/uploads\/2025\/03\/Riabilitazione-cognitiva-nei-pazienti-con-sclerosi-multipla-400x300.webp\" class=\"entry-image size-landscape-sm\" alt=\"Due mani in primo piano: una persona su sedia a rotelle stringe la mano di un caregiver con guanti blu, simbolo di cura e supporto.\" srcset=\"https:\/\/neuronup.com\/it\/wp-content\/uploads\/2025\/03\/Riabilitazione-cognitiva-nei-pazienti-con-sclerosi-multipla-400x300.webp 400w, https:\/\/neuronup.com\/it\/wp-content\/uploads\/2025\/03\/Riabilitazione-cognitiva-nei-pazienti-con-sclerosi-multipla-800x600.webp 800w\" sizes=\"(max-width:599px) 599px, (min-width:600px) and (max-width: 799px) 799px, (min-width:800px) and (max-width: 999px) 333px, (min-width:1000px) 400px\" \/><\/a><div class=\"entry-wrap entry-wrap-grid\"><h3 class=\"entry-title\" itemprop=\"headline\"><a class=\"entry-title-link\" href=\"https:\/\/neuronup.com\/it\/stimolazione-e-riabilitazione-cognitiva\/malattie-neurodegenerative\/sclerosi-multipla\/riabilitazione-cognitiva-nei-pazienti-con-sclerosi-multipla-strategie-per-migliorare-la-qualita-della-vita\/\" rel=\"bookmark\">Riabilitazione cognitiva nei pazienti con sclerosi multipla: strategie per migliorare la qualit\u00e0 della vita<\/a><\/h3>\n<\/div><\/article><article class=\"entry entry-grid is-column has-entry-link has-image has-image-first type-post category-disforia-di-genere tag-bambini\" style=\"--entry-index:2;\" aria-label=\"Disforia di genere nell&#8217;infanzia e nell&#8217;adolescenza. Trattamenti e conseguenze psicosociali\" itemscope itemtype=\"https:\/\/schema.org\/CreativeWork\"><a class=\"entry-image-link\" href=\"https:\/\/neuronup.com\/it\/neuroscienze\/neuroscienze-del-cervello\/disforia-di-genere\/disforia-di-genere-nellinfanzia-e-nelladolescenza\/\" tabindex=\"-1\" aria-hidden=\"true\"><img decoding=\"async\" width=\"400\" height=\"225\" src=\"https:\/\/neuronup.com\/it\/wp-content\/uploads\/2022\/03\/Disforia-de-genero-en-la-infancia-y-la-adolescencia.webp\" class=\"entry-image size-landscape-sm\" alt=\"Due figure di ragazza: riflesso a sinistra nello specchio, capelli corti biondi; a destra capelli lunghi castani, sfondo blu.\" srcset=\"https:\/\/neuronup.com\/it\/wp-content\/uploads\/2022\/03\/Disforia-de-genero-en-la-infancia-y-la-adolescencia-300x169.webp 300w, https:\/\/neuronup.com\/it\/wp-content\/uploads\/2022\/03\/Disforia-de-genero-en-la-infancia-y-la-adolescencia-768x432.webp 768w, https:\/\/neuronup.com\/it\/wp-content\/uploads\/2022\/03\/Disforia-de-genero-en-la-infancia-y-la-adolescencia-1024x576.webp 1024w, https:\/\/neuronup.com\/it\/wp-content\/uploads\/2022\/03\/Disforia-de-genero-en-la-infancia-y-la-adolescencia.webp 1200w\" sizes=\"(max-width:599px) 599px, (min-width:600px) and (max-width: 799px) 799px, (min-width:800px) and (max-width: 999px) 333px, (min-width:1000px) 400px\" \/><\/a><div class=\"entry-wrap entry-wrap-grid\"><h3 class=\"entry-title\" itemprop=\"headline\"><a class=\"entry-title-link\" href=\"https:\/\/neuronup.com\/it\/neuroscienze\/neuroscienze-del-cervello\/disforia-di-genere\/disforia-di-genere-nellinfanzia-e-nelladolescenza\/\" rel=\"bookmark\">Disforia di genere nell&#8217;infanzia e nell&#8217;adolescenza. Trattamenti e conseguenze psicosociali<\/a><\/h3>\n<\/div><\/article><article class=\"entry entry-grid is-column has-entry-link has-image has-image-first type-post category-schizofrenia tag-salute-mentale tag-schizofrenia\" style=\"--entry-index:3;\" aria-label=\"Neuropsicologia della schizofrenia\" itemscope itemtype=\"https:\/\/schema.org\/CreativeWork\"><a class=\"entry-image-link\" href=\"https:\/\/neuronup.com\/it\/stimolazione-e-riabilitazione-cognitiva\/malattia-mentale\/schizofrenia\/neuropsicologia-della-schizofrenia\/\" tabindex=\"-1\" aria-hidden=\"true\"><img decoding=\"async\" width=\"400\" height=\"300\" src=\"https:\/\/neuronup.com\/it\/wp-content\/uploads\/2024\/06\/Neuropsicologia-della-schizofrenia-400x300.webp\" class=\"entry-image size-landscape-sm\" alt=\"Donna pensierosa con capelli scuri raccolti in chignon, maglietta bianca, sguardo rivolto verso il basso.\" srcset=\"https:\/\/neuronup.com\/it\/wp-content\/uploads\/2024\/06\/Neuropsicologia-della-schizofrenia-400x300.webp 400w, https:\/\/neuronup.com\/it\/wp-content\/uploads\/2024\/06\/Neuropsicologia-della-schizofrenia-800x600.webp 800w\" sizes=\"(max-width:599px) 599px, (min-width:600px) and (max-width: 799px) 799px, (min-width:800px) and (max-width: 999px) 333px, (min-width:1000px) 400px\" \/><\/a><div class=\"entry-wrap entry-wrap-grid\"><h3 class=\"entry-title\" itemprop=\"headline\"><a class=\"entry-title-link\" href=\"https:\/\/neuronup.com\/it\/stimolazione-e-riabilitazione-cognitiva\/malattia-mentale\/schizofrenia\/neuropsicologia-della-schizofrenia\/\" rel=\"bookmark\">Neuropsicologia della schizofrenia<\/a><\/h3>\n<\/div><\/article><article class=\"entry entry-grid is-column has-entry-link has-image has-image-first type-post category-attivita-linguistiche tag-attivita-di-stimolazione-cognitiva-per-bambini tag-linguaggio\" style=\"--entry-index:4;\" aria-label=\"Nuova attivit\u00e0 di prelettura infantile: Lettere girate\" itemscope itemtype=\"https:\/\/schema.org\/CreativeWork\"><a class=\"entry-image-link\" href=\"https:\/\/neuronup.com\/it\/attivita-di-neuroriabilitazione\/attivita-per-le-funzioni-cognitive\/attivita-linguistiche\/nuova-attivita-di-prelettura-infantile-lettere-girate\/\" tabindex=\"-1\" aria-hidden=\"true\"><img decoding=\"async\" width=\"400\" height=\"264\" src=\"https:\/\/neuronup.com\/it\/wp-content\/uploads\/2024\/02\/Nueva-actividad-de-prelectura-infantil-Letras-giradas-1.webp\" class=\"entry-image size-landscape-sm\" alt=\"Lettere disposte casualmente attorno a un simbolo &#039;O&#039; in un rettangolo blu; alcune &#039;O&#039; sono evidenziate in quadrati verdi.\" srcset=\"https:\/\/neuronup.com\/it\/wp-content\/uploads\/2024\/02\/Nueva-actividad-de-prelectura-infantil-Letras-giradas-1-300x198.webp 300w, https:\/\/neuronup.com\/it\/wp-content\/uploads\/2024\/02\/Nueva-actividad-de-prelectura-infantil-Letras-giradas-1-768x507.webp 768w, https:\/\/neuronup.com\/it\/wp-content\/uploads\/2024\/02\/Nueva-actividad-de-prelectura-infantil-Letras-giradas-1-1024x676.webp 1024w, https:\/\/neuronup.com\/it\/wp-content\/uploads\/2024\/02\/Nueva-actividad-de-prelectura-infantil-Letras-giradas-1.webp 1458w\" sizes=\"(max-width:599px) 599px, (min-width:600px) and (max-width: 799px) 799px, (min-width:800px) and (max-width: 999px) 333px, (min-width:1000px) 400px\" \/><\/a><div class=\"entry-wrap entry-wrap-grid\"><h3 class=\"entry-title\" itemprop=\"headline\"><a class=\"entry-title-link\" href=\"https:\/\/neuronup.com\/it\/attivita-di-neuroriabilitazione\/attivita-per-le-funzioni-cognitive\/attivita-linguistiche\/nuova-attivita-di-prelettura-infantile-lettere-girate\/\" rel=\"bookmark\">Nuova attivit\u00e0 di prelettura infantile: Lettere girate<\/a><\/h3>\n<\/div><\/article><article class=\"entry entry-grid is-column has-entry-link has-image has-image-first type-post category-malattia-di-alzheimer tag-alzheimer tag-anziani tag-malattie-neurodegenerative\" style=\"--entry-index:5;\" aria-label=\"CEAFA rivendica il valore del caregiver delle persone con Alzheimer\" itemscope itemtype=\"https:\/\/schema.org\/CreativeWork\"><a class=\"entry-image-link\" href=\"https:\/\/neuronup.com\/it\/stimolazione-e-riabilitazione-cognitiva\/malattie-neurodegenerative\/malattia-di-alzheimer\/caregiver-delle-persone-con-alzheimer\/\" tabindex=\"-1\" aria-hidden=\"true\"><img decoding=\"async\" width=\"211\" height=\"300\" src=\"https:\/\/neuronup.com\/it\/wp-content\/uploads\/2021\/10\/cuidador-de-las-personas-con-Alzheimer-1.webp\" class=\"entry-image size-landscape-sm\" alt=\"Manifesto della Giornata Mondiale dell&#039;Alzheimer con cuore e lettera C per caregiver, sfondo chiaro e hashtag #ALZHEIMER.\" srcset=\"https:\/\/neuronup.com\/it\/wp-content\/uploads\/2021\/10\/cuidador-de-las-personas-con-Alzheimer-1-211x300.webp 211w, https:\/\/neuronup.com\/it\/wp-content\/uploads\/2021\/10\/cuidador-de-las-personas-con-Alzheimer-1-720x1024.webp 720w, https:\/\/neuronup.com\/it\/wp-content\/uploads\/2021\/10\/cuidador-de-las-personas-con-Alzheimer-1.webp 768w\" sizes=\"(max-width:599px) 599px, (min-width:600px) and (max-width: 799px) 799px, (min-width:800px) and (max-width: 999px) 333px, (min-width:1000px) 400px\" \/><\/a><div class=\"entry-wrap entry-wrap-grid\"><h3 class=\"entry-title\" itemprop=\"headline\"><a class=\"entry-title-link\" href=\"https:\/\/neuronup.com\/it\/stimolazione-e-riabilitazione-cognitiva\/malattie-neurodegenerative\/malattia-di-alzheimer\/caregiver-delle-persone-con-alzheimer\/\" rel=\"bookmark\">CEAFA rivendica il valore del caregiver delle persone con Alzheimer<\/a><\/h3>\n<\/div><\/article><article class=\"entry entry-grid is-column has-entry-link has-image has-image-first type-post category-neuroscienze tag-cervello\" style=\"--entry-index:6;\" aria-label=\"Le neuroscienze e la loro evoluzione nel tempo\" itemscope itemtype=\"https:\/\/schema.org\/CreativeWork\"><a class=\"entry-image-link\" href=\"https:\/\/neuronup.com\/it\/neuroscienze\/le-neuroscienze-e-la-loro-evoluzione-nel-tempo\/\" tabindex=\"-1\" aria-hidden=\"true\"><img decoding=\"async\" width=\"400\" height=\"246\" src=\"https:\/\/neuronup.com\/it\/wp-content\/uploads\/2022\/03\/brain-neurociencias.webp\" class=\"entry-image size-landscape-sm\" alt=\"Figura umana in silhouette osserva un dispositivo mobile con immagini di neuroni; sullo sfondo cervello stilizzato in blu.\" srcset=\"https:\/\/neuronup.com\/it\/wp-content\/uploads\/2022\/03\/brain-neurociencias-300x185.webp 300w, https:\/\/neuronup.com\/it\/wp-content\/uploads\/2022\/03\/brain-neurociencias.webp 650w\" sizes=\"(max-width:599px) 599px, (min-width:600px) and (max-width: 799px) 799px, (min-width:800px) and (max-width: 999px) 333px, (min-width:1000px) 400px\" \/><\/a><div class=\"entry-wrap entry-wrap-grid\"><h3 class=\"entry-title\" itemprop=\"headline\"><a class=\"entry-title-link\" href=\"https:\/\/neuronup.com\/it\/neuroscienze\/le-neuroscienze-e-la-loro-evoluzione-nel-tempo\/\" rel=\"bookmark\">Le neuroscienze e la loro evoluzione nel tempo<\/a><\/h3>\n<\/div><\/article><\/div><\/div>","protected":false},"excerpt":{"rendered":"<p>In questo post, la dottoressa e ricercatrice Aurora Polo Rodr\u00edguez espone i dettagli del progetto europeo PHArA-ON (Pilots for Healthy and Active Ageing), a cui ha partecipato NeuronUP. L&#8217;invecchiamento attivo e sano \u00e8 una priorit\u00e0 crescente nella nostra societ\u00e0. Nella societ\u00e0 in cui viviamo, \u00e8 sempre pi\u00f9 evidente la necessit\u00e0 di disporre di strumenti che &hellip;<\/p>\n","protected":false},"author":201,"featured_media":30958,"comment_status":"open","ping_status":"open","sticky":false,"template":"","format":"standard","meta":{"_acf_changed":false,"_genesis_hide_title":false,"_genesis_hide_breadcrumbs":false,"_genesis_hide_singular_image":false,"_genesis_hide_footer_widgets":false,"_genesis_custom_body_class":"","_genesis_custom_post_class":"","_genesis_layout":"","footnotes":""},"categories":[450],"tags":[460],"class_list":{"2":"type-post","7":"category-progetti","8":"tag-notizie-di-neuronup","9":"entry"},"acf":[],"_links":{"self":[{"href":"https:\/\/neuronup.com\/it\/wp-json\/wp\/v2\/posts\/40027","targetHints":{"allow":["GET"]}}],"collection":[{"href":"https:\/\/neuronup.com\/it\/wp-json\/wp\/v2\/posts"}],"about":[{"href":"https:\/\/neuronup.com\/it\/wp-json\/wp\/v2\/types\/post"}],"author":[{"embeddable":true,"href":"https:\/\/neuronup.com\/it\/wp-json\/wp\/v2\/users\/201"}],"replies":[{"embeddable":true,"href":"https:\/\/neuronup.com\/it\/wp-json\/wp\/v2\/comments?post=40027"}],"version-history":[{"count":0,"href":"https:\/\/neuronup.com\/it\/wp-json\/wp\/v2\/posts\/40027\/revisions"}],"wp:featuredmedia":[{"embeddable":true,"href":"https:\/\/neuronup.com\/it\/wp-json\/wp\/v2\/media\/30958"}],"wp:attachment":[{"href":"https:\/\/neuronup.com\/it\/wp-json\/wp\/v2\/media?parent=40027"}],"wp:term":[{"taxonomy":"category","embeddable":true,"href":"https:\/\/neuronup.com\/it\/wp-json\/wp\/v2\/categories?post=40027"},{"taxonomy":"post_tag","embeddable":true,"href":"https:\/\/neuronup.com\/it\/wp-json\/wp\/v2\/tags?post=40027"}],"curies":[{"name":"wp","href":"https:\/\/api.w.org\/{rel}","templated":true}]}}