
{"id":39948,"date":"2025-12-06T11:26:14","date_gmt":"2025-12-06T11:26:14","guid":{"rendered":"https:\/\/neuronup.com\/?p=28531"},"modified":"2025-12-06T11:26:14","modified_gmt":"2025-12-06T11:26:14","slug":"neuropsicologia-clinica-nella-neurochirurgia-dellepilessia-pediatrica","status":"publish","type":"post","link":"https:\/\/neuronup.com\/it\/neuroscienze\/neuropsicologia\/neuropsicologia-clinica-nella-neurochirurgia-dellepilessia-pediatrica\/","title":{"rendered":"Neuropsicologia clinica nella neurochirurgia dell&#8217;epilessia pediatrica"},"content":{"rendered":"\n<ul>\n<li>Possibili manifestazioni della funzione automatica come <strong>sudorazione, variazioni di temperatura, salivazione eccessiva<\/strong>, ecc.<\/li>\n<li><strong>Sensitivit\u00e0<\/strong>: formicolio, sensazione di caldo o freddo, odori intensi, alterazioni visive, o dolore.<\/li>\n<li><strong>Manifestazioni cognitive<\/strong>: difficolt\u00e0 <strong>nel linguaggio o in specifiche funzioni cognitive<\/strong> (afasia, aprassia o negligenza).<\/li>\n<li>Gaps di memoria, <strong>sensazione di d\u00e9j\u00e0 vu<\/strong>, pensieri ripetitivi, allucinazioni, ecc.<\/li>\n<li><strong>Emotive<\/strong>: reazioni intense e non correlate alla situazione (paura, aggressivit\u00e0, pianto, cambiamenti bruschi come risa o pianto), ecc.<\/li>\n<\/ul>\n\n\n\n<h5 class=\"wp-block-heading\">2. Crisi generalizzata<\/h5>\n\n\n\n<p><strong>Diffusa in tutta la corteccia.<\/strong> Ha origine in un punto all\u2019interno di reti neurali bilaterali e si propaga rapidamente. Queste reti possono includere strutture corticali e sottocorticali e risultare asimmetriche (Berg et al., 2017).<\/p>\n\n\n\n<p>Possono manifestarsi come:<\/p>\n\n\n\n<ul class=\"wp-block-list\">\n<li><strong>Motorie:<\/strong> tonico-cloniche (ttoniche e cloniche), miocloniche, mioclonico-troncoconiche, mioclonico-atoniche,<\/li>\n<li><strong>Non motorie:<\/strong> (assenze): tipiche o atipiche, assenza mioclonica o con mioclonie palpebrali.<\/li>\n<\/ul>\n\n\n\n<p><strong>Se la crisi si prolunga oltre 60 minuti<\/strong> senza rispondere ai farmaci, si considera <strong>status epilepticus<\/strong> refrattario. Secondo la ILAE (2017) questa condizione pu\u00f2 avere <strong>conseguenze a lungo termine<\/strong>, inclusi danni o morte neuronale e alterazioni delle reti neurali, a seconda della tipologia e della durata delle convulsioni.<\/p>\n\n<div class=\"mai-grid entries entries-grid has-boxed has-image-full\" style=\"--entry-title-font-size:var(--font-size-lg);--align-text:start;--entry-meta-text-align:start;\"><div class=\"entries-wrap has-columns\" style=\"--columns-xs:1\/1;--columns-sm:1\/1;--columns-md:1\/3;--columns-lg:1\/3;--flex-xs:0 0 var(--flex-basis);--flex-sm:0 0 var(--flex-basis);--flex-md:0 0 var(--flex-basis);--flex-lg:0 0 var(--flex-basis);--column-gap:var(--spacing-lg);--row-gap:var(--spacing-lg);--align-columns:start;\"><article class=\"entry entry-grid is-column has-entry-link has-image has-image-first type-post category-neuropsicologia tag-attenzione\" style=\"--entry-index:1;\" aria-label=\"Riabilitazione dell&#8217;attenzione divisa\" itemscope itemtype=\"https:\/\/schema.org\/CreativeWork\"><a class=\"entry-image-link\" href=\"https:\/\/neuronup.com\/it\/neuroscienze\/neuropsicologia\/riabilitazione-dellattenzione-divisa\/\" tabindex=\"-1\" aria-hidden=\"true\"><img decoding=\"async\" width=\"400\" height=\"267\" src=\"https:\/\/neuronup.com\/it\/wp-content\/uploads\/2022\/10\/multitarear.webp\" class=\"entry-image size-landscape-sm\" alt=\"Uomo in camicia a quadri al tavolo domestico: parla al telefono, tiene fogli e scrive su quaderno, laptop aperto.\" srcset=\"https:\/\/neuronup.com\/it\/wp-content\/uploads\/2022\/10\/multitarear-300x200.webp 300w, https:\/\/neuronup.com\/it\/wp-content\/uploads\/2022\/10\/multitarear-768x513.webp 768w, https:\/\/neuronup.com\/it\/wp-content\/uploads\/2022\/10\/multitarear-1024x684.webp 1024w, https:\/\/neuronup.com\/it\/wp-content\/uploads\/2022\/10\/multitarear.webp 1200w\" sizes=\"(max-width:599px) 599px, (min-width:600px) and (max-width: 799px) 799px, (min-width:800px) and (max-width: 999px) 333px, (min-width:1000px) 400px\" \/><\/a><div class=\"entry-wrap entry-wrap-grid\"><h3 class=\"entry-title\" itemprop=\"headline\"><a class=\"entry-title-link\" href=\"https:\/\/neuronup.com\/it\/neuroscienze\/neuropsicologia\/riabilitazione-dellattenzione-divisa\/\" rel=\"bookmark\">Riabilitazione dell&#8217;attenzione divisa<\/a><\/h3>\n<\/div><\/article><article class=\"entry entry-grid is-column has-entry-link has-image has-image-first type-post category-attivita-di-cognizione-sociale tag-attivita-di-stimolazione-cognitiva tag-cognizione-sociale tag-funzioni-esecutive\" style=\"--entry-index:2;\" aria-label=\"La cognizione sociale o come comprendere le persone: esercizi di cognizione sociale\" itemscope itemtype=\"https:\/\/schema.org\/CreativeWork\"><a class=\"entry-image-link\" href=\"https:\/\/neuronup.com\/it\/attivita-di-neuroriabilitazione\/attivita-per-le-funzioni-cognitive\/attivita-di-cognizione-sociale\/la-cognizione-sociale-o-come-comprendere-le-persone-esercizi-di-cognizione-sociale\/\" tabindex=\"-1\" aria-hidden=\"true\"><img decoding=\"async\" width=\"396\" height=\"300\" src=\"https:\/\/neuronup.com\/it\/wp-content\/uploads\/2022\/06\/Reaccion-emocional-ante-situaciones.webp\" class=\"entry-image size-landscape-sm\" alt=\"Interfaccia: uomo anziano con pipa e cappello a sinistra esprime un&#039;emozione; a destra A e B su conversazioni familiari.\" srcset=\"https:\/\/neuronup.com\/it\/wp-content\/uploads\/2022\/06\/Reaccion-emocional-ante-situaciones-300x227.webp 300w, https:\/\/neuronup.com\/it\/wp-content\/uploads\/2022\/06\/Reaccion-emocional-ante-situaciones-768x582.webp 768w, https:\/\/neuronup.com\/it\/wp-content\/uploads\/2022\/06\/Reaccion-emocional-ante-situaciones-1024x776.webp 1024w, https:\/\/neuronup.com\/it\/wp-content\/uploads\/2022\/06\/Reaccion-emocional-ante-situaciones.webp 1148w\" sizes=\"(max-width:599px) 599px, (min-width:600px) and (max-width: 799px) 799px, (min-width:800px) and (max-width: 999px) 333px, (min-width:1000px) 400px\" \/><\/a><div class=\"entry-wrap entry-wrap-grid\"><h3 class=\"entry-title\" itemprop=\"headline\"><a class=\"entry-title-link\" href=\"https:\/\/neuronup.com\/it\/attivita-di-neuroriabilitazione\/attivita-per-le-funzioni-cognitive\/attivita-di-cognizione-sociale\/la-cognizione-sociale-o-come-comprendere-le-persone-esercizi-di-cognizione-sociale\/\" rel=\"bookmark\">La cognizione sociale o come comprendere le persone: esercizi di cognizione sociale<\/a><\/h3>\n<\/div><\/article><article class=\"entry entry-grid is-column has-entry-link has-image has-image-first type-post category-metodi-e-tecniche-di-intervento-terapeutico-e-psicologico tag-adhd tag-alzheimer tag-cerebrolesione-acquisita tag-disturbi-del-neurosviluppo tag-malattie-neurodegenerative tag-parkinson tag-riabilitazione-cognitiva tag-testimonianze\" style=\"--entry-index:3;\" aria-label=\"La riabilitazione neuropsicologica nelle malattie neurologiche\" itemscope itemtype=\"https:\/\/schema.org\/CreativeWork\"><a class=\"entry-image-link\" href=\"https:\/\/neuronup.com\/it\/stimolazione-e-riabilitazione-cognitiva\/metodi-e-tecniche-di-intervento-terapeutico-e-psicologico\/la-riabilitazione-neuropsicologica-nelle-malattie-neurologiche\/\" tabindex=\"-1\" aria-hidden=\"true\"><img decoding=\"async\" width=\"400\" height=\"300\" src=\"https:\/\/neuronup.com\/it\/wp-content\/uploads\/2024\/02\/Chapas-con-letras-e16497003261961-1-400x300.webp\" class=\"entry-image size-landscape-sm\" alt=\"Due persone con mascherine davanti al computer discutono mentre sullo schermo appare un campo di gioco interattivo in ufficio neutro.\" srcset=\"https:\/\/neuronup.com\/it\/wp-content\/uploads\/2024\/02\/Chapas-con-letras-e16497003261961-1-400x300.webp 400w, https:\/\/neuronup.com\/it\/wp-content\/uploads\/2024\/02\/Chapas-con-letras-e16497003261961-1-800x600.webp 800w, https:\/\/neuronup.com\/it\/wp-content\/uploads\/2024\/02\/Chapas-con-letras-e16497003261961-1-1200x900.webp 1200w\" sizes=\"(max-width:599px) 599px, (min-width:600px) and (max-width: 799px) 799px, (min-width:800px) and (max-width: 999px) 333px, (min-width:1000px) 400px\" \/><\/a><div class=\"entry-wrap entry-wrap-grid\"><h3 class=\"entry-title\" itemprop=\"headline\"><a class=\"entry-title-link\" href=\"https:\/\/neuronup.com\/it\/stimolazione-e-riabilitazione-cognitiva\/metodi-e-tecniche-di-intervento-terapeutico-e-psicologico\/la-riabilitazione-neuropsicologica-nelle-malattie-neurologiche\/\" rel=\"bookmark\">La riabilitazione neuropsicologica nelle malattie neurologiche<\/a><\/h3>\n<\/div><\/article><article class=\"entry entry-grid is-column has-entry-link has-image has-image-first type-post category-attivita-di-memoria tag-attenzione tag-memoria tag-notizie-su-neuronup\" style=\"--entry-index:4;\" aria-label=\"Nuove Attivit\u00e0 in NeuronUP per migliorare l&#8217;Attenzione Selettiva e la Memoria Semantica\" itemscope itemtype=\"https:\/\/schema.org\/CreativeWork\"><a class=\"entry-image-link\" href=\"https:\/\/neuronup.com\/it\/attivita-di-neuroriabilitazione\/attivita-per-le-funzioni-cognitive\/attivita-di-memoria\/nuove-attivita-in-neuronup-per-migliorare-lattenzione-selettiva-e-la-memoria-semantica\/\" tabindex=\"-1\" aria-hidden=\"true\"><img decoding=\"async\" width=\"400\" height=\"300\" src=\"https:\/\/neuronup.com\/it\/wp-content\/uploads\/2025\/03\/Selezionare-gli-elementi-di-una-categoria-400x300.webp\" class=\"entry-image size-landscape-sm\" alt=\"Collage di icone NeuronUP che mostrano categorie diverse: mela verde, asciugamano, hamburger, rullo pittura, formaggi, biscotti.\" srcset=\"https:\/\/neuronup.com\/it\/wp-content\/uploads\/2025\/03\/Selezionare-gli-elementi-di-una-categoria-400x300.webp 400w, https:\/\/neuronup.com\/it\/wp-content\/uploads\/2025\/03\/Selezionare-gli-elementi-di-una-categoria-800x600.webp 800w\" sizes=\"(max-width:599px) 599px, (min-width:600px) and (max-width: 799px) 799px, (min-width:800px) and (max-width: 999px) 333px, (min-width:1000px) 400px\" \/><\/a><div class=\"entry-wrap entry-wrap-grid\"><h3 class=\"entry-title\" itemprop=\"headline\"><a class=\"entry-title-link\" href=\"https:\/\/neuronup.com\/it\/attivita-di-neuroriabilitazione\/attivita-per-le-funzioni-cognitive\/attivita-di-memoria\/nuove-attivita-in-neuronup-per-migliorare-lattenzione-selettiva-e-la-memoria-semantica\/\" rel=\"bookmark\">Nuove Attivit\u00e0 in NeuronUP per migliorare l&#8217;Attenzione Selettiva e la Memoria Semantica<\/a><\/h3>\n<\/div><\/article><article class=\"entry entry-grid is-column has-entry-link has-image has-image-first type-post category-disturbi-del-neurosviluppo tag-bambini tag-disturbi-del-neurosviluppo tag-testimonianze\" style=\"--entry-index:5;\" aria-label=\"Disturbo dello spettro fetale dell&#8217;alcol (FASD)\" itemscope itemtype=\"https:\/\/schema.org\/CreativeWork\"><a class=\"entry-image-link\" href=\"https:\/\/neuronup.com\/it\/stimolazione-e-riabilitazione-cognitiva\/disturbi-del-neurosviluppo\/disturbo-dello-spettro-fetale-dellalcol-fasd\/\" tabindex=\"-1\" aria-hidden=\"true\"><img decoding=\"async\" width=\"400\" height=\"300\" src=\"https:\/\/neuronup.com\/it\/wp-content\/uploads\/2024\/11\/Disturbo-dello-spettro-fetale-dellalcol-FASD-400x300.webp\" class=\"entry-image size-landscape-sm\" alt=\"Donna incinta rifiuta un bicchiere di vino rosso offerto da un&#039;altra persona; sfondo domestico con divano e cuscini.\" srcset=\"https:\/\/neuronup.com\/it\/wp-content\/uploads\/2024\/11\/Disturbo-dello-spettro-fetale-dellalcol-FASD-300x225.webp 300w, https:\/\/neuronup.com\/it\/wp-content\/uploads\/2024\/11\/Disturbo-dello-spettro-fetale-dellalcol-FASD-400x300.webp 400w, https:\/\/neuronup.com\/it\/wp-content\/uploads\/2024\/11\/Disturbo-dello-spettro-fetale-dellalcol-FASD-768x576.webp 768w, https:\/\/neuronup.com\/it\/wp-content\/uploads\/2024\/11\/Disturbo-dello-spettro-fetale-dellalcol-FASD-800x600.webp 800w, https:\/\/neuronup.com\/it\/wp-content\/uploads\/2024\/11\/Disturbo-dello-spettro-fetale-dellalcol-FASD-1024x768.webp 1024w, https:\/\/neuronup.com\/it\/wp-content\/uploads\/2024\/11\/Disturbo-dello-spettro-fetale-dellalcol-FASD.webp 1200w\" sizes=\"(max-width:599px) 599px, (min-width:600px) and (max-width: 799px) 799px, (min-width:800px) and (max-width: 999px) 333px, (min-width:1000px) 400px\" \/><\/a><div class=\"entry-wrap entry-wrap-grid\"><h3 class=\"entry-title\" itemprop=\"headline\"><a class=\"entry-title-link\" href=\"https:\/\/neuronup.com\/it\/stimolazione-e-riabilitazione-cognitiva\/disturbi-del-neurosviluppo\/disturbo-dello-spettro-fetale-dellalcol-fasd\/\" rel=\"bookmark\">Disturbo dello spettro fetale dell&#8217;alcol (FASD)<\/a><\/h3>\n<\/div><\/article><article class=\"entry entry-grid is-column has-entry-link has-image has-image-first type-post category-attivita-di-neuroriabilitazione category-attivita-per-gnosia category-attivita-per-le-funzioni-cognitive category-malattie-neurodegenerative category-stimolazione-e-riabilitazione-cognitiva tag-adulti tag-attivita-per-la-stimolazione-cognitiva tag-attivita-di-stimolazione-cognitiva-per-adulti tag-malattie-neurodegenerative\" style=\"--entry-index:6;\" aria-label=\"Nuova attivit\u00e0 cartacea: Memorizza la sequenza di immagini!\" itemscope itemtype=\"https:\/\/schema.org\/CreativeWork\"><a class=\"entry-image-link\" href=\"https:\/\/neuronup.com\/it\/stimolazione-e-riabilitazione-cognitiva\/nuova-attivita-cartacea-memorizza-la-sequenza-di-immagini\/\" tabindex=\"-1\" aria-hidden=\"true\"><img decoding=\"async\" width=\"400\" height=\"300\" src=\"https:\/\/neuronup.com\/it\/wp-content\/uploads\/2025\/12\/EWM2A1-400x300.webp\" class=\"entry-image size-landscape-sm\" alt=\"In fila: torta bianca, oggetto rosso a forma di triangolo, coniglio grigio, ananas, oggetto arancione e scatola di cartone.\" srcset=\"https:\/\/neuronup.com\/it\/wp-content\/uploads\/2025\/12\/EWM2A1-400x300.webp 400w, https:\/\/neuronup.com\/it\/wp-content\/uploads\/2025\/12\/EWM2A1-800x600.webp 800w, https:\/\/neuronup.com\/it\/wp-content\/uploads\/2025\/12\/EWM2A1-1200x900.webp 1200w\" sizes=\"(max-width:599px) 599px, (min-width:600px) and (max-width: 799px) 799px, (min-width:800px) and (max-width: 999px) 333px, (min-width:1000px) 400px\" \/><\/a><div class=\"entry-wrap entry-wrap-grid\"><h3 class=\"entry-title\" itemprop=\"headline\"><a class=\"entry-title-link\" href=\"https:\/\/neuronup.com\/it\/stimolazione-e-riabilitazione-cognitiva\/nuova-attivita-cartacea-memorizza-la-sequenza-di-immagini\/\" rel=\"bookmark\">Nuova attivit\u00e0 cartacea: Memorizza la sequenza di immagini!<\/a><\/h3>\n<\/div><\/article><\/div><\/div><!-- \/wp:list -->\n<ul><!-- wp:list-item -->\n<li><strong>Esordio con segni motori<\/strong>: con possibili automatismi motori. Si possono differenziare <strong>diversi tipi di crisi<\/strong> come:<\/li>\n<!-- wp:list -->\n<ul><!-- wp:list-item -->\n<li>Crisi atoniche,<\/li>\n<li>cloniche,<\/li>\n<li>ipercinetiche,<\/li>\n<li>miocloniche,<\/li>\n<li>toniche,<\/li>\n<li>inizio senza componente motoria (automatiche).<\/li>\n<\/ul>\n<!-- \/wp:list-item --><\/ul>\n<\/ul>\n<!-- \/wp:list -->\n\n<!-- wp:list -->\n<ul><!-- wp:list-item -->\n<li>Possibili manifestazioni della funzione automatica come <strong>sudorazione, variazioni di temperatura, salivazione eccessiva<\/strong>, ecc.<\/li>\n<li><strong>Sensitivit\u00e0<\/strong>: formicolio, sensazione di caldo o freddo, odori intensi, alterazioni visive, o dolore.<\/li>\n<li><strong>Manifestazioni cognitive<\/strong>: difficolt\u00e0 <strong>nel linguaggio o in specifiche funzioni cognitive<\/strong> (afasia, aprassia o negligenza).<\/li>\n<li>Gaps di memoria, <strong>sensazione di d\u00e9j\u00e0 vu<\/strong>, pensieri ripetitivi, allucinazioni, ecc.<\/li>\n<li><strong>Emotive<\/strong>: reazioni intense e non correlate alla situazione (paura, aggressivit\u00e0, pianto, cambiamenti bruschi come risa o pianto), ecc.<\/li>\n<\/ul>\n<!-- \/wp:list -->\n\n<!-- wp:heading {\"level\":5} -->\n<h5 class=\"wp-block-heading\">2. Crisi generalizzata<\/h5>\n<!-- \/wp:heading -->\n\n<!-- wp:paragraph -->\n<p><strong>Diffusa in tutta la corteccia.<\/strong> Ha origine in un punto all\u2019interno di reti neurali bilaterali e si propaga rapidamente. Queste reti possono includere strutture corticali e sottocorticali e risultare asimmetriche (Berg et al., 2017).<\/p>\n<!-- \/wp:paragraph -->\n\n<!-- wp:paragraph -->\n<p>Possono manifestarsi come:<\/p>\n<!-- \/wp:paragraph -->\n\n<!-- wp:list -->\n<ul><!-- wp:list-item -->\n<li><strong>Motorie:<\/strong> tonico-cloniche (ttoniche e cloniche), miocloniche, mioclonico-troncoconiche, mioclonico-atoniche,<\/li>\n<li><strong>Non motorie:<\/strong> (assenze): tipiche o atipiche, assenza mioclonica o con mioclonie palpebrali.<\/li>\n<\/ul>\n<!-- \/wp:list -->\n\n<!-- wp:paragraph -->\n<p><strong>Se la crisi si prolunga oltre 60 minuti<\/strong> senza rispondere ai farmaci, si considera <strong>status epilepticus<\/strong> refrattario. Secondo la ILAE (2017) questa condizione pu\u00f2 avere <strong>conseguenze a lungo termine<\/strong>, inclusi danni o morte neuronale e alterazioni delle reti neurali, a seconda della tipologia e della durata delle convulsioni.<\/p>\n<!-- \/wp:paragraph -->\n<!-- wp:acf\/mai-post-grid {\"name\":\"acf\/mai-post-grid\",\"data\":{\"mai_post_grid_clone\":{\"mai_grid_block_show\":[\"image\",\"title\"],\"mai_grid_block_title_size\":\"lg\",\"mai_grid_block_image_orientation\":\"landscape\",\"mai_grid_block_image_position\":\"full\",\"mai_grid_block_align_text\":\"start\",\"mai_grid_block_boxed\":\"1\",\"mai_grid_block_border_radius\":\"\",\"mai_grid_block_columns\":\"3\",\"mai_grid_block_columns_responsive\":\"0\",\"mai_grid_block_align_columns\":\"start\",\"mai_grid_block_align_columns_vertical\":\"\",\"mai_grid_block_column_gap\":\"lg\",\"mai_grid_block_row_gap\":\"lg\",\"mai_grid_block_margin_top\":\"\",\"mai_grid_block_margin_bottom\":\"\",\"mai_grid_block_post_type\":[\"post\"],\"mai_grid_block_query_by\":\"\",\"mai_grid_block_posts_per_page\":\"6\",\"mai_grid_block_posts_offset\":\"0\",\"mai_grid_block_posts_date_after\":\"\",\"mai_grid_block_posts_date_before\":\"\",\"mai_grid_block_posts_orderby\":\"rand\",\"mai_grid_block_posts_order\":\"DESC\",\"mai_grid_block_post_not_in\":\"\",\"mai_grid_block_posts_exclude\":[\"exclude_current\"],\"mai_grid_block_disable_entry_link\":\"0\",\"mai_grid_block_no_results\":\"\"}},\"mode\":\"preview\"} \/--><!-- \/wp:post-content --><!-- \/wp:list-item -->\n\n<!-- wp:list -->\n<ul><!-- wp:list-item -->\n<li><strong>Esordio con segni motori<\/strong>: con possibili automatismi motori. Si possono differenziare <strong>diversi tipi di crisi<\/strong> come:<\/li>\n<!-- wp:list -->\n<ul><!-- wp:list-item -->\n<li>Crisi atoniche,<\/li>\n<li>cloniche,<\/li>\n<li>ipercinetiche,<\/li>\n<li>miocloniche,<\/li>\n<li>toniche,<\/li>\n<li>inizio senza componente motoria (automatiche).<\/li>\n<\/ul>\n<!-- \/wp:list --><\/ul>\n<\/ul>\n<!-- \/wp:list -->\n\n<!-- wp:list -->\n<ul><!-- wp:list-item -->\n<li>Possibili manifestazioni della funzione automatica come <strong>sudorazione, variazioni di temperatura, salivazione eccessiva<\/strong>, ecc.<\/li>\n<li><strong>Sensitivit\u00e0<\/strong>: formicolio, sensazione di caldo o freddo, odori intensi, alterazioni visive, o dolore.<\/li>\n<li><strong>Manifestazioni cognitive<\/strong>: difficolt\u00e0 <strong>nel linguaggio o in specifiche funzioni cognitive<\/strong> (afasia, aprassia o negligenza).<\/li>\n<li>Gaps di memoria, <strong>sensazione di d\u00e9j\u00e0 vu<\/strong>, pensieri ripetitivi, allucinazioni, ecc.<\/li>\n<li><strong>Emotive<\/strong>: reazioni intense e non correlate alla situazione (paura, aggressivit\u00e0, pianto, cambiamenti bruschi come risa o pianto), ecc.<\/li>\n<\/ul>\n<!-- \/wp:list -->\n\n<!-- wp:heading {\"level\":5} -->\n<h5 class=\"wp-block-heading\">2. Crisi generalizzata<\/h5>\n<!-- \/wp:heading -->\n\n<!-- wp:paragraph -->\n<p><strong>Diffusa in tutta la corteccia.<\/strong> Ha origine in un punto all\u2019interno di reti neurali bilaterali e si propaga rapidamente. Queste reti possono includere strutture corticali e sottocorticali e risultare asimmetriche (Berg et al., 2017).<\/p>\n<!-- \/wp:paragraph -->\n\n<!-- wp:paragraph -->\n<p>Possono manifestarsi come:<\/p>\n<!-- \/wp:paragraph -->\n\n<!-- wp:list -->\n<ul><!-- wp:list-item -->\n<li><strong>Motorie:<\/strong> tonico-cloniche (ttoniche e cloniche), miocloniche, mioclonico-troncoconiche, mioclonico-atoniche,<\/li>\n<li><strong>Non motorie:<\/strong> (assenze): tipiche o atipiche, assenza mioclonica o con mioclonie palpebrali.<\/li>\n<\/ul>\n<!-- \/wp:list -->\n\n<!-- wp:paragraph -->\n<p><strong>Se la crisi si prolunga oltre 60 minuti<\/strong> senza rispondere ai farmaci, si considera <strong>status epilepticus<\/strong> refrattario. Secondo la ILAE (2017) questa condizione pu\u00f2 avere <strong>conseguenze a lungo termine<\/strong>, inclusi danni o morte neuronale e alterazioni delle reti neurali, a seconda della tipologia e della durata delle convulsioni.<\/p>\n<!-- \/wp:paragraph -->\n<!-- wp:acf\/mai-post-grid {\"name\":\"acf\/mai-post-grid\",\"data\":{\"mai_post_grid_clone\":{\"mai_grid_block_show\":[\"image\",\"title\"],\"mai_grid_block_title_size\":\"lg\",\"mai_grid_block_image_orientation\":\"landscape\",\"mai_grid_block_image_position\":\"full\",\"mai_grid_block_align_text\":\"start\",\"mai_grid_block_boxed\":\"1\",\"mai_grid_block_border_radius\":\"\",\"mai_grid_block_columns\":\"3\",\"mai_grid_block_columns_responsive\":\"0\",\"mai_grid_block_align_columns\":\"start\",\"mai_grid_block_align_columns_vertical\":\"\",\"mai_grid_block_column_gap\":\"lg\",\"mai_grid_block_row_gap\":\"lg\",\"mai_grid_block_margin_top\":\"\",\"mai_grid_block_margin_bottom\":\"\",\"mai_grid_block_post_type\":[\"post\"],\"mai_grid_block_query_by\":\"\",\"mai_grid_block_posts_per_page\":\"6\",\"mai_grid_block_posts_offset\":\"0\",\"mai_grid_block_posts_date_after\":\"\",\"mai_grid_block_posts_date_before\":\"\",\"mai_grid_block_posts_orderby\":\"rand\",\"mai_grid_block_posts_order\":\"DESC\",\"mai_grid_block_post_not_in\":\"\",\"mai_grid_block_posts_exclude\":[\"exclude_current\"],\"mai_grid_block_disable_entry_link\":\"0\",\"mai_grid_block_no_results\":\"\"}},\"mode\":\"preview\"} \/--><!-- \/wp:post-content --><!-- \/wp:list --><!-- wp:post-content --><!-- wp:paragraph {\"fontSize\":\"xl\"} -->\n<p class=\"has-xl-font-size\">In occasione della Giornata Internazionale dell\u2019Epilessia, lo studente di Psicologia Cristian Francisco Liebanas Vega ci parla in questo articolo di <strong>Neuropsicologia clinica nella neurochirurgia dell\u2019epilessia pediatrica.<\/strong> In particolare, ci spiega cos\u2019\u00e8 l\u2019epilessia, i tipi e le cause dell\u2019epilessia, le fasi della crisi epilettica e le sindromi epilettiche associate a manifestazioni cognitive. Inoltre, Liebanas sottolinea <strong>l\u2019importanza della valutazione neuropsicologica e della neuroriabilitazione nei pazienti con epilessia<\/strong><\/p>\n<!-- \/wp:paragraph -->\n\n<!-- wp:heading -->\n<h2 class=\"wp-block-heading\">Definizione e considerazioni cliniche dell\u2019epilessia<\/h2>\n<!-- \/wp:heading -->\n\n<!-- wp:paragraph -->\n<p>L\u2019<strong>epilessia<\/strong>, come altri disturbi dello sviluppo neurologico, non \u00e8 un\u2019unica entit\u00e0 patologica e, sebbene il sintomo distintivo dell\u2019epilessia siano le crisi ricorrenti, in una percentuale significativa di bambini e adolescenti essa \u00e8 <strong>associata a problemi intellettivi, cognitivi e comportamentali.<\/strong><\/p>\n<!-- \/wp:paragraph -->\n\n<!-- wp:heading {\"level\":3} -->\n<h3 class=\"wp-block-heading\">Crisi, epilessia e sindrome epilettica<\/h3>\n<!-- \/wp:heading -->\n\n<!-- wp:paragraph -->\n<p>Il denominatore comune dell\u2019epilessia sono le <strong>crisi<\/strong>. Secondo la Lega Internazionale Contro l\u2019Epilessia (d\u2019ora in avanti ILAE), una crisi si definisce come \u00abla comparsa transitoria di segni o sintomi dovuta a un\u2019<strong>attivit\u00e0 neuronale eccessiva <\/strong>o <strong>sincronica nel cervello<\/strong>\u00bb. <\/p>\n<!-- \/wp:paragraph -->\n\n<!-- wp:heading {\"level\":4} -->\n<h4 class=\"wp-block-heading\">Tipi di crisi epilettica<\/h4>\n<!-- \/wp:heading -->\n\n<!-- wp:paragraph -->\n<p>Si distinguono due tipi di base di crisi epilettica:<\/p>\n<!-- \/wp:paragraph -->\n\n<!-- wp:heading {\"level\":5} -->\n<h5 class=\"wp-block-heading\">1. Crisi focale<\/h5>\n<!-- \/wp:heading -->\n\n<!-- wp:paragraph -->\n<p><strong>Eccitabilit\u00e0 localizzata<\/strong> di origine corticale o sottocorticale <strong>che si produce<\/strong> <strong>all\u2019interno di reti limitate a un emisfero<\/strong>, potendo essere pi\u00f9<strong> localizzata o distribuita.<\/strong><\/p>\n<!-- \/wp:paragraph -->\n\n<!-- wp:heading {\"level\":6} -->\n<h6 class=\"wp-block-heading\"><strong>Modalit\u00e0 di manifestazione<\/strong><\/h6>\n<!-- \/wp:heading -->\n\n<!-- wp:paragraph -->\n<p>In questo tipo di crisi la coscienza pu\u00f2 essere preservata o alterata e si possono osservare diverse modalit\u00e0 di manifestazione:<\/p>\n<!-- \/wp:paragraph -->\n\n<!-- wp:list -->\n<ul><!-- wp:list-item -->\n<li><strong>Esordio con segni motori<\/strong>: con possibili automatismi motori. Si possono differenziare <strong>diversi tipi di crisi<\/strong> come:<\/li>\n<!-- wp:list -->\n<ul><!-- wp:list-item -->\n<li>Crisi atoniche,<\/li>\n<li>cloniche,<\/li>\n<li>ipercinetiche,<\/li>\n<li>miocloniche,<\/li>\n<li>toniche,<\/li>\n<li>inizio senza componente motoria (automatiche).<\/li>\n<\/ul>\n<!-- \/wp:list --><\/ul>\n<\/ul>\n<!-- \/wp:list -->\n\n<!-- wp:list -->\n<ul><!-- wp:list-item -->\n<li>Possibili manifestazioni della funzione automatica come <strong>sudorazione, variazioni di temperatura, salivazione eccessiva<\/strong>, ecc.<\/li>\n<li><strong>Sensitivit\u00e0<\/strong>: formicolio, sensazione di caldo o freddo, odori intensi, alterazioni visive, o dolore.<\/li>\n<li><strong>Manifestazioni cognitive<\/strong>: difficolt\u00e0 <strong>nel linguaggio o in specifiche funzioni cognitive<\/strong> (afasia, aprassia o negligenza).<\/li>\n<li>Gaps di memoria, <strong>sensazione di d\u00e9j\u00e0 vu<\/strong>, pensieri ripetitivi, allucinazioni, ecc.<\/li>\n<li><strong>Emotive<\/strong>: reazioni intense e non correlate alla situazione (paura, aggressivit\u00e0, pianto, cambiamenti bruschi come risa o pianto), ecc.<\/li>\n<\/ul>\n<!-- \/wp:list -->\n\n<!-- wp:heading {\"level\":5} -->\n<h5 class=\"wp-block-heading\">2. Crisi generalizzata<\/h5>\n<!-- \/wp:heading -->\n\n<!-- wp:paragraph -->\n<p><strong>Diffusa in tutta la corteccia.<\/strong> Ha origine in un punto all\u2019interno di reti neurali bilaterali e si propaga rapidamente. Queste reti possono includere strutture corticali e sottocorticali e risultare asimmetriche (Berg et al., 2017).<\/p>\n<!-- \/wp:paragraph -->\n\n<!-- wp:paragraph -->\n<p>Possono manifestarsi come:<\/p>\n<!-- \/wp:paragraph -->\n\n<!-- wp:list -->\n<ul><!-- wp:list-item -->\n<li><strong>Motorie:<\/strong> tonico-cloniche (ttoniche e cloniche), miocloniche, mioclonico-troncoconiche, mioclonico-atoniche,<\/li>\n<li><strong>Non motorie:<\/strong> (assenze): tipiche o atipiche, assenza mioclonica o con mioclonie palpebrali.<\/li>\n<\/ul>\n<!-- \/wp:list -->\n\n<!-- wp:paragraph -->\n<p><strong>Se la crisi si prolunga oltre 60 minuti<\/strong> senza rispondere ai farmaci, si considera <strong>status epilepticus<\/strong> refrattario. Secondo la ILAE (2017) questa condizione pu\u00f2 avere <strong>conseguenze a lungo termine<\/strong>, inclusi danni o morte neuronale e alterazioni delle reti neurali, a seconda della tipologia e della durata delle convulsioni.<\/p>\n<!-- \/wp:paragraph -->\n<!-- wp:acf\/mai-post-grid {\"name\":\"acf\/mai-post-grid\",\"data\":{\"mai_post_grid_clone\":{\"mai_grid_block_show\":[\"image\",\"title\"],\"mai_grid_block_title_size\":\"lg\",\"mai_grid_block_image_orientation\":\"landscape\",\"mai_grid_block_image_position\":\"full\",\"mai_grid_block_align_text\":\"start\",\"mai_grid_block_boxed\":\"1\",\"mai_grid_block_border_radius\":\"\",\"mai_grid_block_columns\":\"3\",\"mai_grid_block_columns_responsive\":\"0\",\"mai_grid_block_align_columns\":\"start\",\"mai_grid_block_align_columns_vertical\":\"\",\"mai_grid_block_column_gap\":\"lg\",\"mai_grid_block_row_gap\":\"lg\",\"mai_grid_block_margin_top\":\"\",\"mai_grid_block_margin_bottom\":\"\",\"mai_grid_block_post_type\":[\"post\"],\"mai_grid_block_query_by\":\"\",\"mai_grid_block_posts_per_page\":\"6\",\"mai_grid_block_posts_offset\":\"0\",\"mai_grid_block_posts_date_after\":\"\",\"mai_grid_block_posts_date_before\":\"\",\"mai_grid_block_posts_orderby\":\"rand\",\"mai_grid_block_posts_order\":\"DESC\",\"mai_grid_block_post_not_in\":\"\",\"mai_grid_block_posts_exclude\":[\"exclude_current\"],\"mai_grid_block_disable_entry_link\":\"0\",\"mai_grid_block_no_results\":\"\"}},\"mode\":\"preview\"} \/--><!-- \/wp:post-content -->","protected":false},"excerpt":{"rendered":"<p>Possibili manifestazioni della funzione automatica come sudorazione, variazioni di temperatura, salivazione eccessiva, ecc. Sensitivit\u00e0: formicolio, sensazione di caldo o freddo, odori intensi, alterazioni visive, o dolore. Manifestazioni cognitive: difficolt\u00e0 nel linguaggio o in specifiche funzioni cognitive (afasia, aprassia o negligenza). Gaps di memoria, sensazione di d\u00e9j\u00e0 vu, pensieri ripetitivi, allucinazioni, ecc. Emotive: reazioni intense e &hellip;<\/p>\n","protected":false},"author":148,"featured_media":39949,"comment_status":"open","ping_status":"open","sticky":false,"template":"","format":"standard","meta":{"_acf_changed":false,"_genesis_hide_title":false,"_genesis_hide_breadcrumbs":false,"_genesis_hide_singular_image":false,"_genesis_hide_footer_widgets":false,"_genesis_custom_body_class":"","_genesis_custom_post_class":"","_genesis_layout":"","footnotes":""},"categories":[65],"tags":[170],"class_list":{"2":"type-post","7":"category-neuropsicologia","8":"tag-neuropsicologia","9":"entry"},"acf":[],"_links":{"self":[{"href":"https:\/\/neuronup.com\/it\/wp-json\/wp\/v2\/posts\/39948","targetHints":{"allow":["GET"]}}],"collection":[{"href":"https:\/\/neuronup.com\/it\/wp-json\/wp\/v2\/posts"}],"about":[{"href":"https:\/\/neuronup.com\/it\/wp-json\/wp\/v2\/types\/post"}],"author":[{"embeddable":true,"href":"https:\/\/neuronup.com\/it\/wp-json\/wp\/v2\/users\/148"}],"replies":[{"embeddable":true,"href":"https:\/\/neuronup.com\/it\/wp-json\/wp\/v2\/comments?post=39948"}],"version-history":[{"count":0,"href":"https:\/\/neuronup.com\/it\/wp-json\/wp\/v2\/posts\/39948\/revisions"}],"wp:featuredmedia":[{"embeddable":true,"href":"https:\/\/neuronup.com\/it\/wp-json\/wp\/v2\/media\/39949"}],"wp:attachment":[{"href":"https:\/\/neuronup.com\/it\/wp-json\/wp\/v2\/media?parent=39948"}],"wp:term":[{"taxonomy":"category","embeddable":true,"href":"https:\/\/neuronup.com\/it\/wp-json\/wp\/v2\/categories?post=39948"},{"taxonomy":"post_tag","embeddable":true,"href":"https:\/\/neuronup.com\/it\/wp-json\/wp\/v2\/tags?post=39948"}],"curies":[{"name":"wp","href":"https:\/\/api.w.org\/{rel}","templated":true}]}}