
{"id":33445,"date":"2026-05-01T07:00:00","date_gmt":"2026-05-01T07:00:00","guid":{"rendered":"https:\/\/neuronup.com\/?p=33445"},"modified":"2026-05-01T07:00:00","modified_gmt":"2026-05-01T07:00:00","slug":"comunicazione-del-caregiver-verso-il-paziente-con-demenza","status":"publish","type":"post","link":"https:\/\/neuronup.com\/it\/stimolazione-e-riabilitazione-cognitiva\/malattie-neurodegenerative\/comunicazione-del-caregiver-verso-il-paziente-con-demenza\/","title":{"rendered":"Comunicazione del caregiver verso il paziente con demenza"},"content":{"rendered":"\n<p class=\"has-xl-font-size\">In questo articolo esponiamo le difficolt\u00e0 e le possibili strategie di <strong>comunicazione del caregiver<\/strong> verso il <strong>paziente con demenza<\/strong>.<\/p>\n\n\n\n<p><strong>La comunicazione<\/strong> \u00e8 un mezzo di <strong>espressione verbale e non verbale<\/strong> che ci permette di <strong>interagire con gli altri<\/strong>, essendo una risorsa di <strong>importanza fondamentale<\/strong> nella relazione tra il <strong>paziente con demenza e il suo caregiver primario<\/strong>. Spesso, per <strong>mancanza di conoscenza<\/strong> su come affrontare e comunicare con le <strong>persone con demenza<\/strong>, i caregiver e le persone vicine optano molte volte per <strong>escluderli da situazioni sociali<\/strong> e dal contatto con gli altri, pensando che non abbiano bisogno di interagire ed integrarsi con l&#8217;ambiente che li circonda.<\/p>\n\n\n\n<div style=\"height:25px\" aria-hidden=\"true\" class=\"wp-block-spacer\"><\/div>\n\n\n<div class=\"wp-block-image image-interface\">\n<figure class=\"aligncenter size-large\"><img decoding=\"async\" src=\"https:\/\/neuronup.com\/wp-content\/uploads\/2024\/10\/comunicacion-del-cuidador-hacia-el-paciente-con-demencia-1024x684.webp\" alt=\"Comunicazione del caregiver verso il paziente con demenza\" class=\"wp-image-33446\"\/><\/figure>\n<\/div>\n\n\n<div style=\"height:25px\" aria-hidden=\"true\" class=\"wp-block-spacer\"><\/div>\n\n\n\n<p>A causa di una <strong>comunicazione inefficace,<\/strong> i caregiver <strong>possono limitare il loro rendimento, oltre a influire sullo stato emotivo del paziente con demenza.<\/strong> Per questo motivo, \u00e8 necessario conoscere le <strong>alterazioni<\/strong> nel <strong>linguaggio<\/strong> che le <strong>persone con demenza<\/strong> possono <strong>manifestare<\/strong>, per <strong>sviluppare strategie<\/strong> di comunicazione e creare una <strong>connessione assertiva<\/strong> tra il paziente e noi. Infatti, <strong>quotidianamente abbiamo bisogno<\/strong> di <strong>comunicarci<\/strong> con loro per <strong>identificare<\/strong> i loro <strong>bisogni<\/strong> e interessi, oltre a che attraverso il linguaggio <strong>li incoraggiamo<\/strong> a <strong>cooperare<\/strong> nello svolgimento delle <strong>attivit\u00e0 quotidiane<\/strong>. Sulla base di quanto sopra, affronteremo diverse alterazioni del linguaggio che i pazienti con demenza possono presentare, nonch\u00e9 strategie per stabilire una migliore interazione.<\/p>\n\n\n\n<div style=\"height:50px\" aria-hidden=\"true\" class=\"wp-block-spacer\"><\/div>\n\n\n\n<div class=\"wp-block-group br-0111 has-primary-background-color has-background has-dark-background has-sm-padding-top has-sm-padding-left has-sm-padding-right has-xxl-margin-top\"><div class=\"wp-block-group__inner-container is-layout-constrained wp-block-group-is-layout-constrained\">\n<div class=\"wp-block-columns is-layout-flex wp-container-core-columns-is-layout-9d6595d7 wp-block-columns-is-layout-flex\">\n<div class=\"wp-block-column is-layout-flow wp-block-column-is-layout-flow\">\n<figure class=\"wp-block-image size-full desktop-position-absolute desktop-bottom-0 mobile-width-50 mobile-m-inline-auto has-xl-margin-top\"><img decoding=\"async\" src=\"https:\/\/neuronup.com\/it\/wp-content\/uploads\/2022\/v3\/producto-certificado.webp\" alt=\"\" class=\"wp-image-31568\"><\/figure>\n<\/div>\n\n\n\n<div class=\"wp-block-column is-layout-flow wp-block-column-is-layout-flow\">\n<h2 class=\"wp-block-heading has-white-color has-text-color\"><strong>Iscriviti<\/strong> <br>alla nostra <br>Newsletter<\/h2>\n\n\n\n<div class=\"wp-block-buttons is-layout-flex wp-block-buttons-is-layout-flex\">\n<div class=\"wp-block-button--1\" style=\"--button-outline-color:var(--color-white);--button-outline-color-hover:rgba(0,0,0,0.8);\"><a class=\"wp-block-button__link button button-outline   wp-element-button\" href=\"https:\/\/neuronup.com\/it\/newsletter\/\">Iscriviti<\/a><\/div>\n\n<\/div>\n\n\n\n<div style=\"height:40px\" aria-hidden=\"true\" class=\"wp-block-spacer\"><\/div>\n<\/div>\n<\/div>\n<\/div><\/div>\n\n\n\n\n<div style=\"height:50px\" aria-hidden=\"true\" class=\"wp-block-spacer\"><\/div>\n\n\n\n<h2 class=\"wp-block-heading\">Che cos&#8217;\u00e8 la demenza?<\/h2>\n\n\n\n<p>\u00c8 il <strong>termine<\/strong> che fa <strong>riferimento<\/strong> alla <strong>presenza di un deterioramento cognitivo progressivo<\/strong>, che si caratterizza per <strong>alterazioni<\/strong> nei <strong>processi cognitivi<\/strong> come: <strong>orientamento, attenzione, concentrazione, memoria a breve e lungo termine<\/strong>, oltre a <strong>alterazioni comportamentali<\/strong> e dell\u2019<strong>umore<\/strong> che <strong>limitano<\/strong> l\u2019<strong>autonomia<\/strong> e l\u2019indipendenza dei <strong>pazienti<\/strong> <strong>con demenza<\/strong>. Portandoli a <strong>richiedere<\/strong> <strong>assistenza<\/strong> individuale da parte di <strong>specialisti<\/strong> come terapisti fisici, infermieri, geriatri, psicologi cognitivi e familiari detti <strong>caregiver primari<\/strong>.<\/p>\n\n\n\n<div style=\"height:25px\" aria-hidden=\"true\" class=\"wp-block-spacer\"><\/div>\n\n\n<div class=\"wp-block-image image-interface\">\n<figure class=\"aligncenter size-large\"><img decoding=\"async\" width=\"1024\" height=\"683\" src=\"https:\/\/neuronup.com\/it\/wp-content\/uploads\/2024\/10\/paciente-con-demecia-1024x683.webp\" alt=\"Paziente con demenza\" class=\"wp-image-33452\" srcset=\"https:\/\/neuronup.com\/it\/wp-content\/uploads\/2024\/10\/paciente-con-demecia-300x200.webp 300w, https:\/\/neuronup.com\/it\/wp-content\/uploads\/2024\/10\/paciente-con-demecia-768x512.webp 768w, https:\/\/neuronup.com\/it\/wp-content\/uploads\/2024\/10\/paciente-con-demecia-1024x683.webp 1024w, https:\/\/neuronup.com\/it\/wp-content\/uploads\/2024\/10\/paciente-con-demecia.webp 1200w\" sizes=\"(max-width: 1024px) 100vw, 1024px\" \/><\/figure>\n<\/div>\n\n\n<h2 class=\"wp-block-heading\">Alterazioni del linguaggio nei pazienti con demenza<\/h2>\n\n\n\n<p>Esistono <strong>diversi tipi di demenza<\/strong>; in questa sede saranno trattati la <strong>demenza di Alzheimer, la demenza vascolare, la demenza frontotemporale e la demenza semantica<\/strong>.<\/p>\n\n\n\n<h3 class=\"wp-block-heading\">Demenza di Alzheimer<\/h3>\n\n\n\n<p>I pazienti con <strong>demenza di Alzheimer<\/strong> generalmente presentano un <strong>andamento lentamente progressivo<\/strong>; infatti, all&#8217;inizio della malattia <strong>manifestano alterazioni<\/strong> solitamente associate alla <strong>memoria immediata<\/strong>, il che rende difficile per loro consolidare nuove informazioni. Inoltre, vengono compromesse la <strong>memoria episodica, semantica e di lavoro<\/strong>, oltre alla comparsa di <strong>alterazioni del comportamento e deficit nei processi visuo-spaziali e anomie<\/strong> che possono <strong>influire<\/strong> direttamente sul <strong>linguaggio e sulla comunicazione<\/strong> con l&#8217;ambiente.<\/p>\n\n\n\n<h3 class=\"wp-block-heading\">Demenza vascolare<\/h3>\n\n\n\n<p>Le alterazioni nella <strong>demenza vascolare<\/strong> possono derivare da un singolo infarto che <strong>danneggia diverse regioni corticali<\/strong>, dando luogo a gravi ripercussioni in aree quali<strong>: la corteccia prefrontale dorsolaterale, parietale, la neocorteccia temporale del nodo transmodale o l\u2019area di Wernicke<\/strong>, per citarne alcune. Questo aspetto \u00e8 negativo in quanto potrebbe compromettere <strong>la comprensione del linguaggio<\/strong>, presentando anche <strong>alterazioni nell\u2019evocazione della memoria semantica ed episodica<\/strong>, per citare solo alcuni esempi.<\/p>\n\n\n\n<h3 class=\"wp-block-heading\">Demenza frontotemporale<\/h3>\n\n\n\n<p>Per quanto riguarda la <strong>demenza frontotemporale<\/strong>, questi pazienti presentano regolarmente <strong>alterazioni nella fluenza grammaticale e sintattica<\/strong>, il che porta a escludere l\u2019uso di congiunzioni e preposizioni, utilizzando solamente verbi e sostantivi nella comunicazione. L\u2019<strong>interazione<\/strong> con questi pazienti tende a essere <strong>fortemente compromessa<\/strong> negli stadi avanzati della malattia, poich\u00e9 possono <strong>disinibirsi<\/strong> al punto da manifestare <strong>comportamenti<\/strong> che sono socialmente <strong>male accettati<\/strong>, come urlare, spogliarsi, imprecare, tra gli altri, il che provoca un <strong>allontanamento<\/strong> da parte dei <strong>caregiver primari e il rifiuto sociale<\/strong>.<\/p>\n\n\n\n<h3 class=\"wp-block-heading\">Demenza semantica<\/h3>\n\n\n\n<p>Infine, i sintomi della <strong>demenza semantica<\/strong> somigliano ad alcuni di quelli presenti nella demenza di Alzheimer, poich\u00e9 una delle prime <strong>alterazioni riguarda il linguaggio<\/strong>. In questa particolare patologia il processo maggiormente <strong>compromesso<\/strong> \u00e8 la <strong>memoria semantica<\/strong>, che <strong>influisce sul recupero delle informazioni relative a contenuti, argomenti, concetti e dati<\/strong> immagazzinati nel corso della vita del paziente, costituendo un grave <strong>impedimento<\/strong> che <strong>pu\u00f2 limitare il suo linguaggio e la sua espressione verbale<\/strong> verso gli altri.<\/p>\n\n\n\n<h2 class=\"wp-block-heading\">Comunicarsi con il paziente con demenza<\/h2>\n\n\n\n<p>Dopo aver appreso alcune alterazioni nel linguaggio e nei processi cognitivi che i pazienti con demenza sperimentano, <strong>il nostro compito<\/strong> come <strong>specialisti e caregiver primari<\/strong> \u00e8 mettere in atto <strong>strategie efficaci<\/strong> che ci permettano di <strong>comunicarci in modo ottimale e assertivo<\/strong> con il nostro familiare o paziente, con l&#8217;<strong>obiettivo<\/strong> di <strong>aiutarlo<\/strong> nello svolgimento quotidiano delle sue attivit\u00e0, contribuendo al raggiungimento di una migliore <strong>qualit\u00e0 di vita<\/strong> e, infine, sviluppando <strong>legami affettivi<\/strong> positivi che gli diano <strong>tranquillit\u00e0<\/strong> e soprattutto <strong>sicurezza<\/strong>.<\/p>\n\n\n\n<div style=\"height:25px\" aria-hidden=\"true\" class=\"wp-block-spacer\"><\/div>\n\n\n<div class=\"wp-block-image image-interface\">\n<figure class=\"aligncenter size-large\"><img decoding=\"async\" width=\"1024\" height=\"711\" src=\"https:\/\/neuronup.com\/it\/wp-content\/uploads\/2024\/10\/paciente-con-demencia-1024x711.webp\" alt=\"Comunicazione del caregiver verso il paziente con demenza\" class=\"wp-image-33447\" srcset=\"https:\/\/neuronup.com\/it\/wp-content\/uploads\/2024\/10\/paciente-con-demencia-300x208.webp 300w, https:\/\/neuronup.com\/it\/wp-content\/uploads\/2024\/10\/paciente-con-demencia-768x533.webp 768w, https:\/\/neuronup.com\/it\/wp-content\/uploads\/2024\/10\/paciente-con-demencia-1024x711.webp 1024w, https:\/\/neuronup.com\/it\/wp-content\/uploads\/2024\/10\/paciente-con-demencia.webp 1200w\" sizes=\"(max-width: 1024px) 100vw, 1024px\" \/><\/figure>\n<\/div>\n\n\n<h3 class=\"wp-block-heading\">15 strategie per comunicare con il nostro familiare o paziente<\/h3>\n\n\n\n<p>Di seguito ti presentiamo 15 strategie che facilitano la comunicazione con le persone che soffrono di demenza.<\/p>\n\n\n\n<ul class=\"wp-block-list\"><li>Utilizzare il <strong>tono di voce in base alle loro esigenze uditive<\/strong>, considerando se il paziente ha deficit uditivi o utilizza apparecchi acustici. L\u2019uso di toni di voce troppo delicati potrebbe non essere utile per tutti i pazienti. Dobbiamo identificare le caratteristiche dei nostri pazienti e familiari per determinare il tono che consenta loro di sentirci chiaramente.<\/li><li><strong>Parlare in modo chiaro e a ritmo lento<\/strong> affinch\u00e9 il paziente o familiare possa cogliere le informazioni fornite. Evitare l\u2019uso di parole insolite o di parlare rapidamente.<\/li><li>Fornire <strong>istruzioni concrete<\/strong>, un\u2019istruzione alla volta, ad esempio: <em>&#8220;chiudi l\u2019armadio, apri la finestra, lava i piatti&#8221;.<\/em> Non sovraccaricare con istruzioni complesse.<\/li><li>Stabilire <strong>contatto visivo in ogni momento<\/strong>, ad esempio quando gli si d\u00e0 un\u2019istruzione, quando gli si parla o si pone una domanda.<\/li><li>Negli stadi avanzati <strong>utilizzare e incentivare l\u2019uso di gesti<\/strong> per integrare la comunicazione. Ad esempio: il gesto di lavarsi i denti, di andare a dormire, di dire s\u00ec e no.<\/li><li>Stabilire <strong>contatto fisico<\/strong> con il paziente, esercitando una leggera pressione sulla sua mano o spalla mentre gli si d\u00e0 un\u2019istruzione o mentre gli si parla con affetto.<\/li><li><strong>Chiamarlo per nome<\/strong>, o chiedergli come preferirebbe essere chiamato; evitare di infantilizzare con diminutivi o termini inappropriati come vecchietto, nonnino, anziano.<\/li><li><strong>Aiutarlo a recuperare informazioni<\/strong>, fornendogli suggerimenti fonologici o semantici su come inizia la parola o il concetto che vuole esprimere. Ad esempio: nome di un frutto rosso comune (ma) = mela.<\/li><li>Negli stadi avanzati di demenza <strong>utilizzare supporti visivi<\/strong> tramite cartelli, pittogrammi, album fotografici in formato cartaceo o digitale.<\/li><li><strong>Validare il discorso del paziente<\/strong>. Non contraddire le informazioni; incoraggiarlo a rispondere a nuove domande anzich\u00e9 ripetergli continuamente che ha gi\u00e1 parlato dello stesso argomento pi\u00f9 volte. Ad esempio: se ci ha detto tre volte di essere andato al parco, invece di contraddirlo chiediamogli: Cosa ha visto al parco? Quando ci \u00e8 andato? Come si \u00e8 sentito? Quali altri parchi conosce?<\/li><li><strong>Motivare il paziente a scrivere<\/strong> piccole frasi in un taccuino, sulla lavagna o sul frigorifero.<\/li><li><strong>Incentivare a comunicarsi con altre persone<\/strong> per via telefonica o virtuale.<\/li><li><strong>Farlo parte di una conversazione familiare<\/strong>, chiedergli di affrontare un argomento che lo appassioni e fargli domande in merito.<\/li><li>Eseguire <strong>ripetizioni pertinenti<\/strong>, ripetendo le istruzioni o le informazioni di cui il paziente ha bisogno.<\/li><li><strong>Stabilire ruoli e momenti di qualit\u00e0 con il paziente<\/strong>. Il caregiver primario ha anch\u2019egli bisogno di riposo per mantenere condizioni fisiche ed emotive ottimali nel prendersi cura del paziente.<\/li><\/ul>\n\n\n\n<h2 class=\"wp-block-heading\">Conclusioni<\/h2>\n\n\n\n<p><strong>Il paziente con demenza<\/strong> <strong>soffre<\/strong> di diverse <strong>alterazioni del linguaggio<\/strong> e della comunicazione durante la progressione della malattia. Pertanto, <strong>il nostro obiettivo<\/strong> come caregiver e specialisti \u00e8 <strong>fornire strumenti<\/strong> e strategie che gli permettano di <strong>integrarsi<\/strong> il pi\u00f9 possibile nel suo <strong>contesto sociale<\/strong> e di rimanere in contatto con esso.<\/p>\n\n\n\n<p>\u00c8 una <strong>sfida quotidiana<\/strong> che molte volte risulta difficile, ma che, con il <strong>supporto<\/strong> di specialisti, reti di sostegno e informazione, potremo <strong>superare<\/strong> le complicazioni che comporta questa malattia. \u00c8 estremamente importante ricordare che, nonostante soffrano di un <strong>disturbo neurocognitivo<\/strong>, sono <strong>esseri umani<\/strong> che <strong>meritano la nostra attenzione, pazienza, empatia, cura e soprattutto tanto amore.<\/strong><\/p>\n\n\n\n<h2 class=\"wp-block-heading\">Bibliografia<\/h2>\n\n\n\n<ul class=\"wp-block-list has-sm-font-size\"><li>Aguilar, V., Mart\u00ednez, R., Sosa, O. (2016). Diagnosi differenziale delle demenze. Instituto Nacional de Neurolog\u00eda y Neurocirug\u00eda. http:\/\/repositorio.inger.gob.mx\/jspui\/handle\/20.500.12100\/17226<\/li><li>Nilton, C., Montesinos, R. (2015). Malattia di Alzheimer. Conoscere la malattia, che \u00e8 arrivata per restare.<\/li><li>Brooker, D., &amp; Surr, C. (2005). <em>Dementia care mapping<\/em>. Bradford: Bradford Dementia Group.<\/li><li>Mace, N., &amp; Rabins, P. (1997). <em>Quando il giorno ha 36 ore<\/em>. M\u00e9xico: Editorial Pax M\u00e9xico.<\/li><\/ul>\n\n\n\n<h3 class=\"wp-block-heading\">Se ti \u00e8 piaciuto questo post sulla comunicazione con il paziente con demenza, potrebbero interessarti questi articoli di NeuronUP.<\/h3>\n\n<div class=\"mai-grid entries entries-grid has-boxed has-image-full\" style=\"--entry-title-font-size:var(--font-size-lg);--align-text:start;--entry-meta-text-align:start;\"><div class=\"entries-wrap has-columns\" style=\"--columns-xs:1\/1;--columns-sm:1\/1;--columns-md:1\/3;--columns-lg:1\/3;--flex-xs:0 0 var(--flex-basis);--flex-sm:0 0 var(--flex-basis);--flex-md:0 0 var(--flex-basis);--flex-lg:0 0 var(--flex-basis);--column-gap:var(--spacing-lg);--row-gap:var(--spacing-lg);--align-columns:start;\"><article class=\"entry entry-grid is-column has-entry-link has-image has-image-first type-post category-cerebrolesione-acquisita tag-danno-cerebrale\" style=\"--entry-index:1;\" aria-label=\"Non posso godere della mia sessualit\u00e0 per avere una paralisi cerebrale?\" itemscope itemtype=\"https:\/\/schema.org\/CreativeWork\"><a class=\"entry-image-link\" href=\"https:\/\/neuronup.com\/it\/stimolazione-e-riabilitazione-cognitiva\/cerebrolesione-acquisita\/non-posso-godere-della-mia-sessualita-per-avere-paralisi-cerebrale\/\" tabindex=\"-1\" aria-hidden=\"true\"><img decoding=\"async\" width=\"400\" height=\"267\" src=\"https:\/\/neuronup.com\/it\/wp-content\/uploads\/2023\/03\/sexualidad-paralisis-cerebral.webp\" class=\"entry-image size-landscape-sm\" alt=\"Due persone in sedie a rotelle si divertono all&#039;aperto lungo una passeggiata vicino a un corpo d&#039;acqua, cielo sereno e sfondo urbano.\" srcset=\"https:\/\/neuronup.com\/it\/wp-content\/uploads\/2023\/03\/sexualidad-paralisis-cerebral-300x200.webp 300w, https:\/\/neuronup.com\/it\/wp-content\/uploads\/2023\/03\/sexualidad-paralisis-cerebral-768x513.webp 768w, https:\/\/neuronup.com\/it\/wp-content\/uploads\/2023\/03\/sexualidad-paralisis-cerebral-1024x684.webp 1024w, https:\/\/neuronup.com\/it\/wp-content\/uploads\/2023\/03\/sexualidad-paralisis-cerebral.webp 1200w\" sizes=\"(max-width:599px) 599px, (min-width:600px) and (max-width: 799px) 799px, (min-width:800px) and (max-width: 999px) 333px, (min-width:1000px) 400px\" \/><\/a><div class=\"entry-wrap entry-wrap-grid\"><h3 class=\"entry-title\" itemprop=\"headline\"><a class=\"entry-title-link\" href=\"https:\/\/neuronup.com\/it\/stimolazione-e-riabilitazione-cognitiva\/cerebrolesione-acquisita\/non-posso-godere-della-mia-sessualita-per-avere-paralisi-cerebrale\/\" rel=\"bookmark\">Non posso godere della mia sessualit\u00e0 per avere una paralisi cerebrale?<\/a><\/h3>\n<\/div><\/article><article class=\"entry entry-grid is-column has-entry-link has-image has-image-first type-post category-metodi-e-tecniche-di-intervento-terapeutico-e-psicologico tag-attenzione tag-disturbi-del-neurosviluppo tag-teleriabilitazione tag-testimonianze\" style=\"--entry-index:2;\" aria-label=\"Intervento neuropsicologico online in un caso di ritardo dello sviluppo\" itemscope itemtype=\"https:\/\/schema.org\/CreativeWork\"><a class=\"entry-image-link\" href=\"https:\/\/neuronup.com\/it\/stimolazione-e-riabilitazione-cognitiva\/metodi-e-tecniche-di-intervento-terapeutico-e-psicologico\/intervento-neuropsicologico-online-in-un-caso-di-ritardo-dello-sviluppo\/\" tabindex=\"-1\" aria-hidden=\"true\"><img decoding=\"async\" width=\"400\" height=\"300\" src=\"https:\/\/neuronup.com\/it\/wp-content\/uploads\/2024\/11\/Intervento-neuropsicologico-online-400x300.webp\" class=\"entry-image size-landscape-sm\" alt=\"Illustrazione interattiva: animale e cerchio simbolico del cibo dentro una freccia; pulsanti NO e S\u00ed e volti in videochiamata.\" srcset=\"https:\/\/neuronup.com\/it\/wp-content\/uploads\/2024\/11\/Intervento-neuropsicologico-online-400x300.webp 400w, https:\/\/neuronup.com\/it\/wp-content\/uploads\/2024\/11\/Intervento-neuropsicologico-online-800x600.webp 800w\" sizes=\"(max-width:599px) 599px, (min-width:600px) and (max-width: 799px) 799px, (min-width:800px) and (max-width: 999px) 333px, (min-width:1000px) 400px\" \/><\/a><div class=\"entry-wrap entry-wrap-grid\"><h3 class=\"entry-title\" itemprop=\"headline\"><a class=\"entry-title-link\" href=\"https:\/\/neuronup.com\/it\/stimolazione-e-riabilitazione-cognitiva\/metodi-e-tecniche-di-intervento-terapeutico-e-psicologico\/intervento-neuropsicologico-online-in-un-caso-di-ritardo-dello-sviluppo\/\" rel=\"bookmark\">Intervento neuropsicologico online in un caso di ritardo dello sviluppo<\/a><\/h3>\n<\/div><\/article><article class=\"entry entry-grid is-column has-entry-link has-image has-image-first type-post category-stimolazione-e-riabilitazione-cognitiva tag-ricerca tag-teleriabilitazione\" style=\"--entry-index:3;\" aria-label=\"Studio sulla riabilitazione neuropsicologica a distanza\" itemscope itemtype=\"https:\/\/schema.org\/CreativeWork\"><a class=\"entry-image-link\" href=\"https:\/\/neuronup.com\/it\/stimolazione-e-riabilitazione-cognitiva\/studio-sulla-riabilitazione-neuropsicologica-a-distanza\/\" tabindex=\"-1\" aria-hidden=\"true\"><img decoding=\"async\" width=\"400\" height=\"300\" src=\"https:\/\/neuronup.com\/it\/wp-content\/uploads\/2024\/07\/NeuronUp2GO-adulti-400x300.webp\" class=\"entry-image size-landscape-sm\" alt=\"Persona seduta a un tavolo di legno lavora su laptop, tiene una penna digitale e usa un tablet; pianta sullo sfondo, luce naturale.\" srcset=\"https:\/\/neuronup.com\/it\/wp-content\/uploads\/2024\/07\/NeuronUp2GO-adulti-400x300.webp 400w, https:\/\/neuronup.com\/it\/wp-content\/uploads\/2024\/07\/NeuronUp2GO-adulti-800x600.webp 800w\" sizes=\"(max-width:599px) 599px, (min-width:600px) and (max-width: 799px) 799px, (min-width:800px) and (max-width: 999px) 333px, (min-width:1000px) 400px\" \/><\/a><div class=\"entry-wrap entry-wrap-grid\"><h3 class=\"entry-title\" itemprop=\"headline\"><a class=\"entry-title-link\" href=\"https:\/\/neuronup.com\/it\/stimolazione-e-riabilitazione-cognitiva\/studio-sulla-riabilitazione-neuropsicologica-a-distanza\/\" rel=\"bookmark\">Studio sulla riabilitazione neuropsicologica a distanza<\/a><\/h3>\n<\/div><\/article><article class=\"entry entry-grid is-column has-entry-link has-image has-image-first type-post category-sclerosi-multipla tag-sclerosi-multipla tag-stimolazione-cognitiva\" style=\"--entry-index:4;\" aria-label=\"Come le nuove tecnologie producono benefici nei trattamenti cognitivi per la sclerosi multipla\" itemscope itemtype=\"https:\/\/schema.org\/CreativeWork\"><a class=\"entry-image-link\" href=\"https:\/\/neuronup.com\/it\/stimolazione-e-riabilitazione-cognitiva\/malattie-neurodegenerative\/sclerosi-multipla\/come-le-nuove-tecnologie-producono-benefici-nei-trattamenti-cognitivi-per-la-sclerosi-multipla\/\" tabindex=\"-1\" aria-hidden=\"true\"><img decoding=\"async\" width=\"400\" height=\"300\" src=\"https:\/\/neuronup.com\/it\/wp-content\/uploads\/2024\/04\/Esclerosis-multiple-y-nuevas-tecnologias-Yolanda-Virue-NeuronUP-400x300.webp\" class=\"entry-image size-landscape-sm\" alt=\"Donna davanti a un portatile, capelli castani lunghi, digita; accanto tablet, ambiente luminoso con pareti chiare.\" srcset=\"https:\/\/neuronup.com\/it\/wp-content\/uploads\/2024\/04\/Esclerosis-multiple-y-nuevas-tecnologias-Yolanda-Virue-NeuronUP-400x300.webp 400w, https:\/\/neuronup.com\/it\/wp-content\/uploads\/2024\/04\/Esclerosis-multiple-y-nuevas-tecnologias-Yolanda-Virue-NeuronUP-800x600.webp 800w\" sizes=\"(max-width:599px) 599px, (min-width:600px) and (max-width: 799px) 799px, (min-width:800px) and (max-width: 999px) 333px, (min-width:1000px) 400px\" \/><\/a><div class=\"entry-wrap entry-wrap-grid\"><h3 class=\"entry-title\" itemprop=\"headline\"><a class=\"entry-title-link\" href=\"https:\/\/neuronup.com\/it\/stimolazione-e-riabilitazione-cognitiva\/malattie-neurodegenerative\/sclerosi-multipla\/come-le-nuove-tecnologie-producono-benefici-nei-trattamenti-cognitivi-per-la-sclerosi-multipla\/\" rel=\"bookmark\">Come le nuove tecnologie producono benefici nei trattamenti cognitivi per la sclerosi multipla<\/a><\/h3>\n<\/div><\/article><article class=\"entry entry-grid is-column has-entry-link has-image has-image-first type-post category-neuropsicologia tag-neuropsicologia tag-riabilitazione-cognitiva\" style=\"--entry-index:5;\" aria-label=\"Psicoeducazione per bambini: strategie chiave per lo sviluppo cognitivo ed emotivo\" itemscope itemtype=\"https:\/\/schema.org\/CreativeWork\"><a class=\"entry-image-link\" href=\"https:\/\/neuronup.com\/it\/neuroscienze\/neuropsicologia\/psicoeducazione-per-bambini-strategie-chiave-per-lo-sviluppo-cognitivo-ed-emotivo\/\" tabindex=\"-1\" aria-hidden=\"true\"><img decoding=\"async\" width=\"400\" height=\"300\" src=\"https:\/\/neuronup.com\/it\/wp-content\/uploads\/2025\/02\/Psicoeducazione-nei-bambini-Strategie-chiave-per-lo-sviluppo-cognitivo-ed-emotivo-NeuronUP-400x300.webp\" class=\"entry-image size-landscape-sm\" alt=\"Bambino in classe seduto con maglione verde e camicia bianca, concentrato su un compito; altri studenti sullo sfondo.\" srcset=\"https:\/\/neuronup.com\/it\/wp-content\/uploads\/2025\/02\/Psicoeducazione-nei-bambini-Strategie-chiave-per-lo-sviluppo-cognitivo-ed-emotivo-NeuronUP-400x300.webp 400w, https:\/\/neuronup.com\/it\/wp-content\/uploads\/2025\/02\/Psicoeducazione-nei-bambini-Strategie-chiave-per-lo-sviluppo-cognitivo-ed-emotivo-NeuronUP-800x600.webp 800w\" sizes=\"(max-width:599px) 599px, (min-width:600px) and (max-width: 799px) 799px, (min-width:800px) and (max-width: 999px) 333px, (min-width:1000px) 400px\" \/><\/a><div class=\"entry-wrap entry-wrap-grid\"><h3 class=\"entry-title\" itemprop=\"headline\"><a class=\"entry-title-link\" href=\"https:\/\/neuronup.com\/it\/neuroscienze\/neuropsicologia\/psicoeducazione-per-bambini-strategie-chiave-per-lo-sviluppo-cognitivo-ed-emotivo\/\" rel=\"bookmark\">Psicoeducazione per bambini: strategie chiave per lo sviluppo cognitivo ed emotivo<\/a><\/h3>\n<\/div><\/article><article class=\"entry entry-grid is-column has-entry-link has-image has-image-first type-post category-testimonianze tag-bambini tag-stimolazione-cognitiva tag-testimonianze\" style=\"--entry-index:6;\" aria-label=\"Ottimizzare la stimolazione cognitiva: il ruolo di NeuronUP nel nostro centro psicopedagogico\" itemscope itemtype=\"https:\/\/schema.org\/CreativeWork\"><a class=\"entry-image-link\" href=\"https:\/\/neuronup.com\/it\/stimolazione-e-riabilitazione-cognitiva\/testimonianze\/ottimizzare-la-stimolazione-cognitiva-il-ruolo-di-neuronup-nel-nostro-centro-psicopedagogico\/\" tabindex=\"-1\" aria-hidden=\"true\"><img decoding=\"async\" width=\"400\" height=\"300\" src=\"https:\/\/neuronup.com\/it\/wp-content\/uploads\/2024\/06\/Utente-lavoratore-con-NeuronUP-al-centro-psicopedagogico-Brainkare-400x300.webp\" class=\"entry-image size-landscape-sm\" alt=\"Bambino seduto davanti al laptop osserva un&#039;illustrazione circolare sullo schermo, con libri e mouse sul tavolo in una stanza domestica.\" srcset=\"https:\/\/neuronup.com\/it\/wp-content\/uploads\/2024\/06\/Utente-lavoratore-con-NeuronUP-al-centro-psicopedagogico-Brainkare-400x300.webp 400w, https:\/\/neuronup.com\/it\/wp-content\/uploads\/2024\/06\/Utente-lavoratore-con-NeuronUP-al-centro-psicopedagogico-Brainkare-800x600.webp 800w, https:\/\/neuronup.com\/it\/wp-content\/uploads\/2024\/06\/Utente-lavoratore-con-NeuronUP-al-centro-psicopedagogico-Brainkare-1200x900.webp 1200w\" sizes=\"(max-width:599px) 599px, (min-width:600px) and (max-width: 799px) 799px, (min-width:800px) and (max-width: 999px) 333px, (min-width:1000px) 400px\" \/><\/a><div class=\"entry-wrap entry-wrap-grid\"><h3 class=\"entry-title\" itemprop=\"headline\"><a class=\"entry-title-link\" href=\"https:\/\/neuronup.com\/it\/stimolazione-e-riabilitazione-cognitiva\/testimonianze\/ottimizzare-la-stimolazione-cognitiva-il-ruolo-di-neuronup-nel-nostro-centro-psicopedagogico\/\" rel=\"bookmark\">Ottimizzare la stimolazione cognitiva: il ruolo di NeuronUP nel nostro centro psicopedagogico<\/a><\/h3>\n<\/div><\/article><\/div><\/div>","protected":false},"excerpt":{"rendered":"<p>In questo articolo esponiamo le difficolt\u00e0 e le possibili strategie di comunicazione del caregiver verso il paziente con demenza. La comunicazione \u00e8 un mezzo di espressione verbale e non verbale che ci permette di interagire con gli altri, essendo una risorsa di importanza fondamentale nella relazione tra il paziente con demenza e il suo caregiver &hellip;<\/p>\n","protected":false},"author":7,"featured_media":33452,"comment_status":"open","ping_status":"open","sticky":false,"template":"","format":"standard","meta":{"_acf_changed":false,"_genesis_hide_title":false,"_genesis_hide_breadcrumbs":false,"_genesis_hide_singular_image":false,"_genesis_hide_footer_widgets":false,"_genesis_custom_body_class":"","_genesis_custom_post_class":"","_genesis_layout":"","footnotes":""},"categories":[9],"tags":[99,391,339],"class_list":{"2":"type-post","7":"category-malattie-neurodegenerative","8":"tag-alzheimer","9":"tag-demenza","10":"tag-malattie-neurodegenerative","11":"entry"},"acf":[],"_links":{"self":[{"href":"https:\/\/neuronup.com\/it\/wp-json\/wp\/v2\/posts\/33445","targetHints":{"allow":["GET"]}}],"collection":[{"href":"https:\/\/neuronup.com\/it\/wp-json\/wp\/v2\/posts"}],"about":[{"href":"https:\/\/neuronup.com\/it\/wp-json\/wp\/v2\/types\/post"}],"author":[{"embeddable":true,"href":"https:\/\/neuronup.com\/it\/wp-json\/wp\/v2\/users\/7"}],"replies":[{"embeddable":true,"href":"https:\/\/neuronup.com\/it\/wp-json\/wp\/v2\/comments?post=33445"}],"version-history":[{"count":1,"href":"https:\/\/neuronup.com\/it\/wp-json\/wp\/v2\/posts\/33445\/revisions"}],"predecessor-version":[{"id":46793,"href":"https:\/\/neuronup.com\/it\/wp-json\/wp\/v2\/posts\/33445\/revisions\/46793"}],"wp:featuredmedia":[{"embeddable":true,"href":"https:\/\/neuronup.com\/it\/wp-json\/wp\/v2\/media\/33452"}],"wp:attachment":[{"href":"https:\/\/neuronup.com\/it\/wp-json\/wp\/v2\/media?parent=33445"}],"wp:term":[{"taxonomy":"category","embeddable":true,"href":"https:\/\/neuronup.com\/it\/wp-json\/wp\/v2\/categories?post=33445"},{"taxonomy":"post_tag","embeddable":true,"href":"https:\/\/neuronup.com\/it\/wp-json\/wp\/v2\/tags?post=33445"}],"curies":[{"name":"wp","href":"https:\/\/api.w.org\/{rel}","templated":true}]}}