
{"id":33425,"date":"2026-04-29T07:00:00","date_gmt":"2026-04-29T07:00:00","guid":{"rendered":"https:\/\/neuronup.com\/?p=33425"},"modified":"2026-04-29T07:00:00","modified_gmt":"2026-04-29T07:00:00","slug":"teoria-della-mente-e-schizofrenia","status":"publish","type":"post","link":"https:\/\/neuronup.com\/it\/stimolazione-e-riabilitazione-cognitiva\/malattia-mentale\/schizofrenia\/teoria-della-mente-e-schizofrenia\/","title":{"rendered":"Teoria della mente nella schizofrenia"},"content":{"rendered":"\n<p class=\"has-xl-font-size\">Il dottor in psicologia Carlos Rebolleda spiega i deficit della <strong>teoria della mente<\/strong> nella <strong>schizofrenia<\/strong> e i test per la sua <strong>valutazione<\/strong>.<\/p>\n\n\n\n<p>Il termine &#8220;teoria della mente&#8221; \u00e8 stato inizialmente proposto da Premack e Woodruff (1978) e si riferisce alla <strong>capacit\u00e0 dell&#8217;individuo di inferire stati mentali degli altri, come intenzioni, disposizioni e credenze.<\/strong><\/p>\n\n\n\n<h2 class=\"wp-block-heading\">Valutazione della teoria della mente nella schizofrenia<\/h2>\n\n\n\n<p>Ruiz, Garc\u00eda e Fuentes (2006) osservano che in genere<strong> i test<\/strong> destinati alla misurazione della teoria della mente vengono presentati <strong>sotto forma di fumetti su cui vengono poi poste determinate domande<\/strong>. Tali domande hanno l&#8217;obiettivo di valutare due tipi di false credenze in relazione alla storia.<\/p>\n\n\n\n<h3 class=\"wp-block-heading\">Tipi di domande<\/h3>\n\n\n\n<h4 class=\"wp-block-heading\">Domande di primo ordine<\/h4>\n\n\n\n<p>Le domande di primo ordine sono destinate a <strong>valutare fino a che punto il soggetto esaminato \u00e8 in grado di prevedere il comportamento di un personaggio guidato da una credenza errata<\/strong>, <em>Sally and Anne<\/em> (Baron-Cohen, Leslie e Frith, 1985) e <em>Cigarretes<\/em> (Happ\u00e8, 1994) sarebbero esempi di storie che pongono domande di primo ordine.<\/p>\n\n\n\n<h4 class=\"wp-block-heading\">Domande di secondo ordine<\/h4>\n\n\n\n<p>Le domande di secondo ordine <strong>valutano fino a che punto il soggetto esaminato \u00e8 in grado di prevedere la falsa credenza che uno dei personaggi ha riguardo alla credenza di un altro personaggio<\/strong>, <em>Ice-Cream Van Store<\/em> (Baron-Cohen, 1989) e <em>Burglar Store<\/em> (Happ\u00e8 e Frith, 1994) sono test creati per la formulazione di domande di secondo ordine.<\/p>\n\n\n\n<h3 class=\"wp-block-heading\">Hinting Task<\/h3>\n\n\n\n<p>Uno degli strumenti pi\u00f9 utilizzati nella ricerca sulla psicosi \u00e8 l&#8217;<em>Hinting Task<\/em> (Corcoran, Mercer e Frith, 1995), che comprende <strong>dieci brevi storie in cui si verifica un&#8217;interazione tra due personaggi<\/strong>. Tutte queste storie <strong>si concludono con un&#8217;allusione<\/strong> di uno dei personaggi all&#8217;altro. L&#8217;obiettivo del compito \u00e8 che, dopo la lettura delle diverse storie da parte dell&#8217;esaminatore, il soggetto cerchi di spiegare ci\u00f2 che il personaggio che fa l&#8217;allusione intende dire.<\/p>\n\n\n\n<h3 class=\"wp-block-heading\">Faux Pas Task<\/h3>\n\n\n\n<p>Il <em>Faux Pas Task<\/em> (Stone, Baron-Cohen, Calder e Keane, 1998) presenta al soggetto dieci storie in cui <strong>uno dei personaggi commette un errore dicendo qualcosa che risulta socialmente imbarazzante<\/strong>. Dopo aver presentato ogni storia al soggetto, gli viene chiesto di individuare la situazione socialmente imbarazzante e di valutare come potrebbe essersi sentito l&#8217;altro personaggio.<\/p>\n\n\n\n<p>Il test richiede al soggetto la capacit\u00e0 di <strong>individuare false credenze<\/strong> nel caso della persona che commette l&#8217;errore socialmente imbarazzante, e di <strong>inferire stati emotivi<\/strong> in base a come ritiene che il personaggio che riceve la verbalizzazione possa essersi sentito.<\/p>\n\n\n\n<h3 class=\"wp-block-heading\">Eye-Task<\/h3>\n\n\n\n<p><em>Eye-Task<\/em> (Baron-Cohen, Wheelwright, Hill, Raste e Plumb, 2001) consiste nel <strong>mostrare ai partecipanti diverse fotografie in cui vengono mostrati solo gli occhi di un soggetto, chiedendo loro di inferire cosa la persona pu\u00f2 star provando o pensando<\/strong>. Per effettuare questa valutazione, il partecipante pu\u00f2 scegliere solo una delle quattro parole offerte come opzioni.<\/p>\n\n\n\n<div style=\"height:50px\" aria-hidden=\"true\" class=\"wp-block-spacer\"><\/div>\n\n\n\n<div class=\"wp-block-group br-0111 has-primary-background-color has-background has-dark-background has-sm-padding-top has-sm-padding-left has-sm-padding-right has-xxl-margin-top\"><div class=\"wp-block-group__inner-container is-layout-constrained wp-block-group-is-layout-constrained\">\n<div class=\"wp-block-columns is-layout-flex wp-container-core-columns-is-layout-9d6595d7 wp-block-columns-is-layout-flex\">\n<div class=\"wp-block-column is-layout-flow wp-block-column-is-layout-flow\">\n<figure class=\"wp-block-image size-full desktop-position-absolute desktop-bottom-0 mobile-width-50 mobile-m-inline-auto has-xl-margin-top\"><img decoding=\"async\" src=\"https:\/\/neuronup.com\/it\/wp-content\/uploads\/2022\/v3\/producto-certificado.webp\" alt=\"\" class=\"wp-image-31568\"><\/figure>\n<\/div>\n\n\n\n<div class=\"wp-block-column is-layout-flow wp-block-column-is-layout-flow\">\n<h2 class=\"wp-block-heading has-white-color has-text-color\"><strong>Iscriviti<\/strong> <br>alla nostra <br>Newsletter<\/h2>\n\n\n\n<div class=\"wp-block-buttons is-layout-flex wp-block-buttons-is-layout-flex\">\n<div class=\"wp-block-button--1\" style=\"--button-outline-color:var(--color-white);--button-outline-color-hover:rgba(0,0,0,0.8);\"><a class=\"wp-block-button__link button button-outline   wp-element-button\" href=\"https:\/\/neuronup.com\/it\/newsletter\/\">Iscriviti<\/a><\/div>\n\n<\/div>\n\n\n\n<div style=\"height:40px\" aria-hidden=\"true\" class=\"wp-block-spacer\"><\/div>\n<\/div>\n<\/div>\n<\/div><\/div>\n\n\n\n\n<div style=\"height:50px\" aria-hidden=\"true\" class=\"wp-block-spacer\"><\/div>\n\n\n\n<h2 class=\"wp-block-heading\">Deficit della teoria della mente nella schizofrenia<\/h2>\n\n\n\n<p>Le differenze riscontrate in termini di prestazioni in quest&#8217;area da parte di pazienti diagnosticati con schizofrenia e soggetti di controllo sono sostanziali, come evidenziano due metaanalisi che rilevano dimensioni dell&#8217;effetto tra medie (d=0,69) e grandi (d=1,25) per queste differenze (Bora, Yucel e Pantelis, 2009; Sprong, Schothorst, Vos, Hox e Van Engeland, 2007).<\/p>\n\n\n\n<h3 class=\"wp-block-heading\">Ipotesi di ricerca<\/h3>\n\n\n\n<p>Storicamente si \u00e8 cercato di studiare fino a che punto siano i sintomi della schizofrenia a determinare i deficit che le persone diagnosticate con questa malattia presentano nella teoria della mente.<\/p>\n\n\n\n<p>Alcune ricerche sostengono l&#8217;ipotesi che il soggetto debba presentare una <strong>teoria della mente senza deficit<\/strong> di alcun tipo per poter sviluppare idee deliranti persecutorie (Drury, Robinson e Birchwood, 1998; Watson, Blenner-Hasset e Charlton, 2000).<\/p>\n\n\n\n<p>Altre affermano che i pazienti che mostrano sintomatologia negativa o disorganizzata <strong>non siano mai arrivati a sviluppare una teoria della mente<\/strong>, aspetto che pu\u00f2 essere osservato nella performance peggiore che mostrano quando si trovano di fronte a compiti che richiedono l&#8217;uso di questa capacit\u00e0 (Garety e Freeman, 1999; Greig, Bryson e Bell, 2004)<\/p>\n\n\n\n<h3 class=\"wp-block-heading\">Obiettivo delle ricerche<\/h3>\n\n\n\n<p>Un obiettivo attuale nello studio dei deficit nella teoria della mente nella schizofrenia \u00e8 identificare se questi deficit <strong>somiglino a un tratto o a uno stato della malattia<\/strong>, poich\u00e9 ci\u00f2 aiuterebbe a risolvere la questione se siano associati esclusivamente ai sintomi della malattia.<\/p>\n\n\n\n<p>\u00c8 importante sottolineare che la maggior parte della ricerca condotta in questo senso indica che questi deficit costituirebbero un <strong>tratto caratteristico della malattia<\/strong> (Herold, Tenyi, Lenard e Trixler, 2002; Irani et al., 2006; Janssen, Krabbendam, Jolles e Van Os, 2003; Penn, Sanna e Roberts, 2008).<\/p>\n\n\n\n<p>Anche se studi come quello di Bora et al. (2009) mettono in evidenza che, nonostante questi deficit sembrino rimanere presenti in qualsiasi fase della malattia, non si sappia fino a che punto siano le problematiche neurocognitive nella <a href=\"https:\/\/www.neuronup.com\/es\/areas\/functions\/executive\" target=\"_blank\" rel=\"noopener\">memoria di lavoro<\/a> e nelle <a href=\"https:\/\/www.neuronup.com\/es\/areas\/functions\/executive\" target=\"_blank\" rel=\"noopener\">funzioni esecutive<\/a>, o la stessa sintomatologia residua, i fattori che contribuiscono realmente al loro mantenimento.<\/p>\n\n\n\n<p>Sembra quindi necessario continuare a investigare in questa direzione prima di poter affermare che tali deficit si costituiscano come un tratto della malattia.<\/p>\n\n\n\n<h3 class=\"wp-block-heading\">Visione neurologica<\/h3>\n\n\n\n<p>A livello neurologico, Rodr\u00edguez e Touri\u00f1o (2010) segnalano che, in studi di neuroimmagine su soggetti sani, \u00e8 stato constatato che alcune aree cerebrali come l&#8217;area prefrontale, l&#8217;amigdala o il lobo parietale inferiore, si attivano durante l&#8217;esecuzione di compiti in cui deve essere messa in pratica la teoria della mente (Brunet, Sarfati, Hardy-Bayle e Decety, 2000; 2003). Nel caso di pazienti diagnosticati con schizofrenia \u00e8 stata riscontrata una <strong>diminuzione dell&#8217;attivazione nella corteccia prefrontale destra e nel giro frontale inferiore sinistro<\/strong> durante l&#8217;esecuzione di compiti di questo tipo (Adolphs, 2002; Brunet et al., 2000).<\/p>\n\n\n\n<h2 class=\"wp-block-heading\">Bibliografia<\/h2>\n\n\n\n<ul class=\"wp-block-list has-sm-font-size\">\n<li>Adolphs, R. (2002). Neural systems for recognizing emotion. <em>Current Opinion in Neurobiology, 12<\/em>(2), 1-9<\/li>\n<li>Baron-Cohen, S. (1989). The autistic child\u00b4s theory of mind: a case of specific developmental delay. <em>Journal of Child Psychology and Psychiatry, 30<\/em>(2), 285-297<\/li>\n<li>Baron-Cohen, S., Leslie, A. M. e Frith, U. (1985). Does the autistic child have a theory of mind? <em>Cognition, 21<\/em>(1), 37-46<\/li>\n<li>Baron\u2010Cohen, S., Wheelwright, S., Hill, J., Raste, Y. e Plumb, I. (2001). The \u201cReading the mind in the eyes\u201d test revised version: a study with normal adults, and adults with asperger syndrome or high\u2010functioning autism. <em>Journal of Child Psychology and Psychiatry, 42<\/em>(2), 241-251.<\/li>\n<li>Bora, E., Yucel, M. e Pantelis, C. (2009). Theory of mind impairment in schizophrenia: meta-analysis. <em>Schizophrenia Research, 109<\/em>(1-3), 1-9<\/li>\n<li>Brunet, E., Sarfati, Y., Hardy-Bayle, M. C. e Decety, J. (2000). PET investigation of the attribution of intentions with nonverbal task. <em>Neuroimage, 11<\/em>(2), 157-166<\/li>\n<li>Brunet, E., Sarfati, Y., Hardy-Bayle, M. C. e Decety, J. (2003). Abnormalities of brain function during a nonverbal theory of mind task in schizophrenia. <em>Neuropsychologia, 41<\/em>(12), 1574-1582.<\/li>\n<li>Corcoran, R., Mercer, G. e Frith, C. D. (1995). Schizophrenia, symptomatology and social inference: investigating \u201ctheory of mind\u201d in people with schizophrenia. <em>Schizophrenia Research, 17<\/em>(1), 5-13.<\/li>\n<li>Drury, V. M., Robinson, E. J. e Birchwood, M. (1998). Theory of mind skills during an acute episode of psychosis and following recovery. <em>Psychological Medicine, 28<\/em>(5), 1101-1112<\/li>\n<li>Garety, P. A. e Freeman, D. (1999). Cognitive approaches to delusions: a critical review of theories and evidence. <em>British Journal of Clinical Psychology, 38<\/em>(2), 113-154.<\/li>\n<li>Greig, T. C., Bryson, G. J. e Bell, M. D. (2004). Theory of mind performance in schizophrenia: diagnostic, symptom and neuropsychological correlates. <em>Journal of Nervous and Mental Disease, 192<\/em>(1), 12-18<\/li>\n<li>Happ\u00e8, F. (1994). An advanced test of theory of mind: understanding of story characters thoughts and feelings by able autistics, mentally handicapped and normal children and adults. <em>Journal of Autism and Developmental Disorders, 24<\/em>(2), 129-154<\/li>\n<li>Happ\u00e8, F. e Frith, U. (1994). In E. Schloper e G. Mesivob (Eds). <em>Learning and Cognition in Autism<\/em> (pp.177-197). New York, NY: Plenum Press<\/li>\n<li>Herold, R., Tenyi, T., Lenard, K. e Trixler, M. (2002). Theory of mind deficit in people with schizophrenia during remission. <em>Psychological Medicine, 32<\/em>(6), 1125-1129<\/li>\n<li>Irani, F., Platek, S. M., Panyavin, I. S., Calkins, M. E., Kohler, C., Siegel, S. J.\u2026 e Gur, R. C. (2006). Self-face recognition and theory of mind in patients with schizophrenia and first-degree relatives. <em>Schizophrenia Research, 88<\/em>(1-3), 151-160.<\/li>\n<li>Janssen, I., Krabbendam, L., Jolles, J. e Van Os, J. (2003). Alterations in theory of mind in patients with schizophrenia and non-psychotic relatives. <em>Acta Psychiatrica Scandinavica, 108<\/em>(2), 110-117<\/li>\n<li>Penn, D. L., Sanna, L. J. e Roberts, D. L. (2008). Social Cognition in schizophrenia: an overview. <em>Schizophrenia Bulletin, 34<\/em>(3), 408-411<\/li>\n<li>Premack, D. e Woodruff, G. (1978). Does the chimpanzee have a theory of mind? <em>Behavioral and Brain Sciences, 1<\/em>(4), 515-526.<\/li>\n<li>Rodr\u00edguez, J. A. e Touri\u00f1o, R. (2010). Cognizione sociale nella schizofrenia: una revisione del concetto. <em>Archivos de Psiquiatr\u00eda, 73<\/em>, 9-12<\/li>\n<li>Ruiz, J. C., Garc\u00eda, S. e Fuentes, I. (2006). L&#8217;importanza della cognizione sociale nella schizofrenia. <em>Apuntes de Psicolog\u00eda, 24<\/em>(1-3), 137-155<\/li>\n<li>Sprong, M., Schothorst, P., Vos, E., Hox, J. e Van Engeland, H. (2007). Theory of mind in schizophrenia: meta-analysis. <em>British Journal of Psychiatry, 191<\/em>(1), 5-13.<\/li>\n<li>Stone, V. E., Baron-Cohen, S., Calder, A. W. e Keane, J. (1998). Impairments in social cognition following orbitofrontal or amygdale damage. <em>Society for Neuroscience Abstracts, 24<\/em>, 1176<\/li>\n<li>Watson, F., Blenner-Hasset, R. C. e Charlton, B. G. (2000). Theory of mind, persecutory delusions and the somatic marker mechanism. <em>Cognitive Neuropsychiatry, 5<\/em>(3), 161-174.<\/li>\n<\/ul>\n\n\n\n<h3 class=\"wp-block-heading\">Se ti \u00e8 piaciuto questo post sulla teoria della mente nella schizofrenia, potrebbero interessarti questi articoli di NeuronUP.<\/h3>\n\n<div class=\"mai-grid entries entries-grid has-boxed has-image-full\" style=\"--entry-title-font-size:var(--font-size-lg);--align-text:start;--entry-meta-text-align:start;\"><div class=\"entries-wrap has-columns\" style=\"--columns-xs:1\/1;--columns-sm:1\/1;--columns-md:1\/3;--columns-lg:1\/3;--flex-xs:0 0 var(--flex-basis);--flex-sm:0 0 var(--flex-basis);--flex-md:0 0 var(--flex-basis);--flex-lg:0 0 var(--flex-basis);--column-gap:var(--spacing-lg);--row-gap:var(--spacing-lg);--align-columns:start;\"><article class=\"entry entry-grid is-column has-entry-link has-image has-image-first type-post category-stimolazione-e-riabilitazione-cognitiva tag-funzioni-esecutive tag-stimolazione-cognitiva\" style=\"--entry-index:1;\" aria-label=\"Programma di accessibilit\u00e0 alla musica\" itemscope itemtype=\"https:\/\/schema.org\/CreativeWork\"><a class=\"entry-image-link\" href=\"https:\/\/neuronup.com\/it\/stimolazione-e-riabilitazione-cognitiva\/programma-di-accessibilita-alla-musica\/\" tabindex=\"-1\" aria-hidden=\"true\"><img decoding=\"async\" width=\"400\" height=\"300\" src=\"https:\/\/neuronup.com\/it\/wp-content\/uploads\/2024\/11\/Programma-di-accessibilita-musicale-NeuronUP-400x300.webp\" class=\"entry-image size-landscape-sm\" alt=\"Primo piano della tastiera di pianoforte: tasti bianchi lunghi e tasti neri corti, sfondo in legno e atmosfera musicale.\" srcset=\"https:\/\/neuronup.com\/it\/wp-content\/uploads\/2024\/11\/Programma-di-accessibilita-musicale-NeuronUP-400x300.webp 400w, https:\/\/neuronup.com\/it\/wp-content\/uploads\/2024\/11\/Programma-di-accessibilita-musicale-NeuronUP-800x600.webp 800w\" sizes=\"(max-width:599px) 599px, (min-width:600px) and (max-width: 799px) 799px, (min-width:800px) and (max-width: 999px) 333px, (min-width:1000px) 400px\" \/><\/a><div class=\"entry-wrap entry-wrap-grid\"><h3 class=\"entry-title\" itemprop=\"headline\"><a class=\"entry-title-link\" href=\"https:\/\/neuronup.com\/it\/stimolazione-e-riabilitazione-cognitiva\/programma-di-accessibilita-alla-musica\/\" rel=\"bookmark\">Programma di accessibilit\u00e0 alla musica<\/a><\/h3>\n<\/div><\/article><article class=\"entry entry-grid is-column has-entry-link has-image has-image-first type-post category-disturbi-del-neurosviluppo tag-bambini tag-disturbi-del-neurosviluppo\" style=\"--entry-index:2;\" aria-label=\"Disturbi dello sviluppo neuropsicologico e prospettiva di genere: chiavi per una diagnosi e un intervento pi\u00f9 equi\" itemscope itemtype=\"https:\/\/schema.org\/CreativeWork\"><a class=\"entry-image-link\" href=\"https:\/\/neuronup.com\/it\/stimolazione-e-riabilitazione-cognitiva\/disturbi-del-neurosviluppo\/disturbi-dello-sviluppo-neuropsichico-e-prospettiva-di-genere-chiavi-per-una-diagnosi-e-un-intervento-piu-equo\/\" tabindex=\"-1\" aria-hidden=\"true\"><img decoding=\"async\" width=\"400\" height=\"267\" src=\"https:\/\/neuronup.com\/it\/wp-content\/uploads\/2025\/08\/Trastornos-del-neurodesarrollo-y-perspectiva-de-genero-claves-para-un-diagnostico-e-intervencion-mas-equitativos-.webp\" class=\"entry-image size-landscape-sm\" alt=\"Bambina seduta a tavolo con laptop aperto, maglietta rosa, capelli castani e una libreria sullo sfondo.\" srcset=\"https:\/\/neuronup.com\/it\/wp-content\/uploads\/2025\/08\/Trastornos-del-neurodesarrollo-y-perspectiva-de-genero-claves-para-un-diagnostico-e-intervencion-mas-equitativos--300x200.webp 300w, https:\/\/neuronup.com\/it\/wp-content\/uploads\/2025\/08\/Trastornos-del-neurodesarrollo-y-perspectiva-de-genero-claves-para-un-diagnostico-e-intervencion-mas-equitativos--768x512.webp 768w, https:\/\/neuronup.com\/it\/wp-content\/uploads\/2025\/08\/Trastornos-del-neurodesarrollo-y-perspectiva-de-genero-claves-para-un-diagnostico-e-intervencion-mas-equitativos--1024x683.webp 1024w, https:\/\/neuronup.com\/it\/wp-content\/uploads\/2025\/08\/Trastornos-del-neurodesarrollo-y-perspectiva-de-genero-claves-para-un-diagnostico-e-intervencion-mas-equitativos-.webp 1200w\" sizes=\"(max-width:599px) 599px, (min-width:600px) and (max-width: 799px) 799px, (min-width:800px) and (max-width: 999px) 333px, (min-width:1000px) 400px\" \/><\/a><div class=\"entry-wrap entry-wrap-grid\"><h3 class=\"entry-title\" itemprop=\"headline\"><a class=\"entry-title-link\" href=\"https:\/\/neuronup.com\/it\/stimolazione-e-riabilitazione-cognitiva\/disturbi-del-neurosviluppo\/disturbi-dello-sviluppo-neuropsichico-e-prospettiva-di-genere-chiavi-per-una-diagnosi-e-un-intervento-piu-equo\/\" rel=\"bookmark\">Disturbi dello sviluppo neuropsicologico e prospettiva di genere: chiavi per una diagnosi e un intervento pi\u00f9 equi<\/a><\/h3>\n<\/div><\/article><article class=\"entry entry-grid is-column has-entry-link has-image has-image-first type-post category-attivita-per-disabili-intelletivi tag-attivita-di-stimolazione-cognitiva tag-disabilita-intellettiva tag-disturbi-del-neurosviluppo\" style=\"--entry-index:3;\" aria-label=\"5 attivit\u00e0 di stimolazione cognitiva per la disabilit\u00e0 intellettiva\" itemscope itemtype=\"https:\/\/schema.org\/CreativeWork\"><a class=\"entry-image-link\" href=\"https:\/\/neuronup.com\/it\/attivita-di-neuroriabilitazione\/attivita-per-disabili-intelletivi\/5-attivita-di-stimolazione-cognitiva-per-la-disabilita-intellettuale\/\" tabindex=\"-1\" aria-hidden=\"true\"><img decoding=\"async\" width=\"400\" height=\"250\" src=\"https:\/\/neuronup.com\/it\/wp-content\/uploads\/2022\/03\/actividad-de-estimulacion-cognitiva-para-personas-con-discapacidad-intelectual-Relacionar-sustantivo-con-imagen-1.webp\" class=\"entry-image size-landscape-sm\" alt=\"Quattro oggetti etichettati in spagnolo: televisore con segno di spunta, frigorifero, lavatrice e seconda lavatrice.\" srcset=\"https:\/\/neuronup.com\/it\/wp-content\/uploads\/2022\/03\/actividad-de-estimulacion-cognitiva-para-personas-con-discapacidad-intelectual-Relacionar-sustantivo-con-imagen-1-300x187.webp 300w, https:\/\/neuronup.com\/it\/wp-content\/uploads\/2022\/03\/actividad-de-estimulacion-cognitiva-para-personas-con-discapacidad-intelectual-Relacionar-sustantivo-con-imagen-1-768x479.webp 768w, https:\/\/neuronup.com\/it\/wp-content\/uploads\/2022\/03\/actividad-de-estimulacion-cognitiva-para-personas-con-discapacidad-intelectual-Relacionar-sustantivo-con-imagen-1-1024x639.webp 1024w, https:\/\/neuronup.com\/it\/wp-content\/uploads\/2022\/03\/actividad-de-estimulacion-cognitiva-para-personas-con-discapacidad-intelectual-Relacionar-sustantivo-con-imagen-1.webp 1200w\" sizes=\"(max-width:599px) 599px, (min-width:600px) and (max-width: 799px) 799px, (min-width:800px) and (max-width: 999px) 333px, (min-width:1000px) 400px\" \/><\/a><div class=\"entry-wrap entry-wrap-grid\"><h3 class=\"entry-title\" itemprop=\"headline\"><a class=\"entry-title-link\" href=\"https:\/\/neuronup.com\/it\/attivita-di-neuroriabilitazione\/attivita-per-disabili-intelletivi\/5-attivita-di-stimolazione-cognitiva-per-la-disabilita-intellettuale\/\" rel=\"bookmark\">5 attivit\u00e0 di stimolazione cognitiva per la disabilit\u00e0 intellettiva<\/a><\/h3>\n<\/div><\/article><article class=\"entry entry-grid is-column has-entry-link has-image has-image-first type-post category-neuropsicologia tag-cervello tag-neuropsicologia\" style=\"--entry-index:4;\" aria-label=\"Una breve neuropsicologia dell&#8217;autoritarismo\" itemscope itemtype=\"https:\/\/schema.org\/CreativeWork\"><a class=\"entry-image-link\" href=\"https:\/\/neuronup.com\/it\/neuroscienze\/neuropsicologia\/una-breve-neuropsicologia-dellautoritarismo\/\" tabindex=\"-1\" aria-hidden=\"true\"><img decoding=\"async\" width=\"400\" height=\"261\" src=\"https:\/\/neuronup.com\/it\/wp-content\/uploads\/2023\/12\/charles-chaplin-autoritarismo.webp\" class=\"entry-image size-landscape-sm\" alt=\"Illustrazione in bianco e nero di un personaggio in uniforme militare, cappello con visiera e baffi prominenti.\" srcset=\"https:\/\/neuronup.com\/it\/wp-content\/uploads\/2023\/12\/charles-chaplin-autoritarismo-300x196.webp 300w, https:\/\/neuronup.com\/it\/wp-content\/uploads\/2023\/12\/charles-chaplin-autoritarismo-768x500.webp 768w, https:\/\/neuronup.com\/it\/wp-content\/uploads\/2023\/12\/charles-chaplin-autoritarismo-1024x667.webp 1024w, https:\/\/neuronup.com\/it\/wp-content\/uploads\/2023\/12\/charles-chaplin-autoritarismo.webp 1200w\" sizes=\"(max-width:599px) 599px, (min-width:600px) and (max-width: 799px) 799px, (min-width:800px) and (max-width: 999px) 333px, (min-width:1000px) 400px\" \/><\/a><div class=\"entry-wrap entry-wrap-grid\"><h3 class=\"entry-title\" itemprop=\"headline\"><a class=\"entry-title-link\" href=\"https:\/\/neuronup.com\/it\/neuroscienze\/neuropsicologia\/una-breve-neuropsicologia-dellautoritarismo\/\" rel=\"bookmark\">Una breve neuropsicologia dell&#8217;autoritarismo<\/a><\/h3>\n<\/div><\/article><article class=\"entry entry-grid is-column has-entry-link has-image has-image-first type-post category-psicologia tag-salute-mentale\" style=\"--entry-index:5;\" aria-label=\"Lo stress lavorativo: definizione, cause e conseguenze per la salute\" itemscope itemtype=\"https:\/\/schema.org\/CreativeWork\"><a class=\"entry-image-link\" href=\"https:\/\/neuronup.com\/it\/psicologia\/lo-stress-lavorativo-definizione-cause-e-conseguenze-per-la-salute\/\" tabindex=\"-1\" aria-hidden=\"true\"><img decoding=\"async\" width=\"310\" height=\"214\" src=\"https:\/\/neuronup.com\/it\/wp-content\/uploads\/2021\/11\/estrjes-laboral-definicion-causas-y-consecuencias-para-la-salud.webp\" class=\"entry-image size-landscape-sm\" alt=\"Uomo davanti al laptop con espressione di stress; mani sulla testa, fogli e telefono sul tavolo in contesto lavorativo.\" srcset=\"https:\/\/neuronup.com\/it\/wp-content\/uploads\/2021\/11\/estrjes-laboral-definicion-causas-y-consecuencias-para-la-salud-300x207.webp 300w, https:\/\/neuronup.com\/it\/wp-content\/uploads\/2021\/11\/estrjes-laboral-definicion-causas-y-consecuencias-para-la-salud.webp 310w\" sizes=\"(max-width:599px) 599px, (min-width:600px) and (max-width: 799px) 799px, (min-width:800px) and (max-width: 999px) 333px, (min-width:1000px) 400px\" \/><\/a><div class=\"entry-wrap entry-wrap-grid\"><h3 class=\"entry-title\" itemprop=\"headline\"><a class=\"entry-title-link\" href=\"https:\/\/neuronup.com\/it\/psicologia\/lo-stress-lavorativo-definizione-cause-e-conseguenze-per-la-salute\/\" rel=\"bookmark\">Lo stress lavorativo: definizione, cause e conseguenze per la salute<\/a><\/h3>\n<\/div><\/article><article class=\"entry entry-grid is-column has-entry-link has-image has-image-first type-post category-attivita-per-lalzheimer tag-alzheimer tag-attivita-per-la-stimolazione-cognitiva tag-malattie-neurodegenerative\" style=\"--entry-index:6;\" aria-label=\"10 esercizi di stimolazione cognitiva per persone con il morbo di Alzheimer\" itemscope itemtype=\"https:\/\/schema.org\/CreativeWork\"><a class=\"entry-image-link\" href=\"https:\/\/neuronup.com\/it\/attivita-di-neuroriabilitazione\/attivita-per-lalzheimer\/10-esercizi-di-stimolazione-cognitiva-per-persone-con-il-morbo-di-alzheimer\/\" tabindex=\"-1\" aria-hidden=\"true\"><img decoding=\"async\" width=\"400\" height=\"300\" src=\"https:\/\/neuronup.com\/it\/wp-content\/uploads\/2024\/02\/Screenshot-2024-02-26-173046-400x300.webp\" class=\"entry-image size-landscape-sm\" alt=\"Figura umana di schiena al centro, maglietta arancione, icone di abbigliamento a lato e finestra con paesaggio montano.\" srcset=\"https:\/\/neuronup.com\/it\/wp-content\/uploads\/2024\/02\/Screenshot-2024-02-26-173046-300x225.webp 300w, https:\/\/neuronup.com\/it\/wp-content\/uploads\/2024\/02\/Screenshot-2024-02-26-173046-400x300.webp 400w, https:\/\/neuronup.com\/it\/wp-content\/uploads\/2024\/02\/Screenshot-2024-02-26-173046-768x577.webp 768w, https:\/\/neuronup.com\/it\/wp-content\/uploads\/2024\/02\/Screenshot-2024-02-26-173046-800x600.webp 800w, https:\/\/neuronup.com\/it\/wp-content\/uploads\/2024\/02\/Screenshot-2024-02-26-173046-1024x770.webp 1024w, https:\/\/neuronup.com\/it\/wp-content\/uploads\/2024\/02\/Screenshot-2024-02-26-173046-1200x900.webp 1200w, https:\/\/neuronup.com\/it\/wp-content\/uploads\/2024\/02\/Screenshot-2024-02-26-173046.webp 1437w\" sizes=\"(max-width:599px) 599px, (min-width:600px) and (max-width: 799px) 799px, (min-width:800px) and (max-width: 999px) 333px, (min-width:1000px) 400px\" \/><\/a><div class=\"entry-wrap entry-wrap-grid\"><h3 class=\"entry-title\" itemprop=\"headline\"><a class=\"entry-title-link\" href=\"https:\/\/neuronup.com\/it\/attivita-di-neuroriabilitazione\/attivita-per-lalzheimer\/10-esercizi-di-stimolazione-cognitiva-per-persone-con-il-morbo-di-alzheimer\/\" rel=\"bookmark\">10 esercizi di stimolazione cognitiva per persone con il morbo di Alzheimer<\/a><\/h3>\n<\/div><\/article><\/div><\/div>","protected":false},"excerpt":{"rendered":"<p>Il dottor in psicologia Carlos Rebolleda spiega i deficit della teoria della mente nella schizofrenia e i test per la sua valutazione. Il termine &#8220;teoria della mente&#8221; \u00e8 stato inizialmente proposto da Premack e Woodruff (1978) e si riferisce alla capacit\u00e0 dell&#8217;individuo di inferire stati mentali degli altri, come intenzioni, disposizioni e credenze. Valutazione della &hellip;<\/p>\n","protected":false},"author":203,"featured_media":33428,"comment_status":"open","ping_status":"open","sticky":false,"template":"","format":"standard","meta":{"_acf_changed":false,"_genesis_hide_title":false,"_genesis_hide_breadcrumbs":false,"_genesis_hide_singular_image":false,"_genesis_hide_footer_widgets":false,"_genesis_custom_body_class":"","_genesis_custom_post_class":"","_genesis_layout":"","footnotes":""},"categories":[23],"tags":[88,431],"class_list":{"2":"type-post","7":"category-schizofrenia","8":"tag-psicologia","9":"tag-schizofrenia","10":"entry"},"acf":[],"_links":{"self":[{"href":"https:\/\/neuronup.com\/it\/wp-json\/wp\/v2\/posts\/33425","targetHints":{"allow":["GET"]}}],"collection":[{"href":"https:\/\/neuronup.com\/it\/wp-json\/wp\/v2\/posts"}],"about":[{"href":"https:\/\/neuronup.com\/it\/wp-json\/wp\/v2\/types\/post"}],"author":[{"embeddable":true,"href":"https:\/\/neuronup.com\/it\/wp-json\/wp\/v2\/users\/203"}],"replies":[{"embeddable":true,"href":"https:\/\/neuronup.com\/it\/wp-json\/wp\/v2\/comments?post=33425"}],"version-history":[{"count":1,"href":"https:\/\/neuronup.com\/it\/wp-json\/wp\/v2\/posts\/33425\/revisions"}],"predecessor-version":[{"id":46791,"href":"https:\/\/neuronup.com\/it\/wp-json\/wp\/v2\/posts\/33425\/revisions\/46791"}],"wp:featuredmedia":[{"embeddable":true,"href":"https:\/\/neuronup.com\/it\/wp-json\/wp\/v2\/media\/33428"}],"wp:attachment":[{"href":"https:\/\/neuronup.com\/it\/wp-json\/wp\/v2\/media?parent=33425"}],"wp:term":[{"taxonomy":"category","embeddable":true,"href":"https:\/\/neuronup.com\/it\/wp-json\/wp\/v2\/categories?post=33425"},{"taxonomy":"post_tag","embeddable":true,"href":"https:\/\/neuronup.com\/it\/wp-json\/wp\/v2\/tags?post=33425"}],"curies":[{"name":"wp","href":"https:\/\/api.w.org\/{rel}","templated":true}]}}