
{"id":31938,"date":"2025-01-21T08:15:00","date_gmt":"2025-01-21T06:15:00","guid":{"rendered":"https:\/\/neuronup.com\/it\/?p=31938"},"modified":"2025-02-19T19:08:52","modified_gmt":"2025-02-19T17:08:52","slug":"riabilitazione-cognitiva-con-neuronup-presso-lateneu-maestrat","status":"publish","type":"post","link":"https:\/\/neuronup.com\/it\/stimolazione-e-riabilitazione-cognitiva\/testimonianze\/riabilitazione-cognitiva-con-neuronup-presso-lateneu-maestrat\/","title":{"rendered":"Riabilitazione cognitiva con NeuronUP presso l&#8217;Ateneu Maestrat"},"content":{"rendered":"\n<p class=\"has-xl-font-size\">Jose Segura Navarro, neuropsicologa presso l&#8217;Associazione per il danno cerebrale acquisito Ateneu Maestrat, illustra in questo articolo l&#8217;<strong>impatto di NeuronUP nel centro e fornisce un esempio di sessione di stimolazione cognitiva.<\/strong><\/p>\n\n\n\n<h2 class=\"wp-block-heading\">Cos&#8217;\u00e8 Ateneu Maestrat?<\/h2>\n\n\n\n<p><strong>Ateneu Maestrat<\/strong> \u00e8 un&#8217;associazione senza scopo di lucro composta da persone con <strong><a href=\"https:\/\/neuronup.com\/it\/neuroriabilitazione\/cerebrolesione-acquisita\/\">cerebrolesione acquisita<\/a><\/strong> e le loro famiglie.<\/p>\n\n\n\n<p>Fondata nel 2008 per rispondere alle esigenze di riabilitazione di queste persone nella zona settentrionale della provincia di Castell\u00f3n. Con il tempo, e per ottimizzare le risorse materiali e umane, abbiamo esteso i nostri servizi ad altre malattie neurologiche simili come la <a href=\"https:\/\/neuronup.com\/it\/neuroriabilitazione\/malattie-neurodegenerative\/sclerosi-multipla\/\">sclerosi multipla (SM)<\/a> o il <a href=\"https:\/\/neuronup.com\/it\/neuroriabilitazione\/malattie-neurodegenerative\/morbo-di-parkinson\/\">Parkinson<\/a>. La maggior parte dei nostri utenti ha subito un danno cerebrale acquisito e vive nelle regioni di Alt e Baix Maestrat.<\/p>\n\n\n\n<p>Ateneu Maestrat \u00e8 riconosciuta come ente di utilit\u00e0 pubblica ed \u00e8 accreditata come servizio di promozione dell&#8217;autonomia personale.<\/p>\n\n\n\n<h3 class=\"wp-block-heading\">Figure professionali presenti in Ateneu Maestrat<\/h3>\n\n\n\n<p>Attualmente il nostro centro dispone dei seguenti profili professionali:<\/p>\n\n\n\n<ul class=\"wp-block-list\">\n<li>neuropsicologa, <\/li>\n\n\n\n<li>fisioterapista, <\/li>\n\n\n\n<li>logopedista, <\/li>\n\n\n\n<li>assistente sociale, <\/li>\n\n\n\n<li>terapista occupazionale, <\/li>\n\n\n\n<li>psicologa, <\/li>\n\n\n\n<li>monitor occupazionale, <\/li>\n\n\n\n<li>ausiliario occupazionale, <\/li>\n\n\n\n<li>autista, <\/li>\n\n\n\n<li>direttore <\/li>\n\n\n\n<li>e amministrativa.<\/li>\n<\/ul>\n\n\n\n<h3 class=\"wp-block-heading\">Qual \u00e8 l&#8217;approccio di Ateneu Maestrat?<\/h3>\n\n\n\n<p>Nel nostro centro adottiamo l&#8217;<strong>approccio PCP (Pianificazione Centrata sulla Persona)<\/strong>, poich\u00e9 ogni persona che richiede i nostri servizi si trova in una fase diversa dell&#8217;evoluzione della lesione.<\/p>\n\n\n\n<p>Ogni persona vive in modo soggettivo la portata delle sue conseguenze, e questa soggettivit\u00e0 \u00e8 fortemente influenzata dall&#8217;attivit\u00e0 deliberata (Javaloy e Rodr\u00edguez, 2010), ovvero da come ciascuno decide di affrontare le proprie condizioni personali o ambientali.<\/p>\n\n\n\n<p>La maggior parte delle persone che frequentano il nostro centro si trova nella fase subacuta o cronica. Operiamo con una <strong>prospettiva interdisciplinare e multiprofessionale, poich\u00e9 le conseguenze<\/strong> che persistono dopo un danno cerebrale (fisiche, cognitive, emotive, psicosociali&#8230;) sono cos\u00ec complesse che non possono essere affrontate esclusivamente da un singolo professionista, <strong>richiedono la partecipazione congiunta e coordinata di un team interdisciplinare<\/strong>.<\/p>\n\n\n\n<p>Il nostro lavoro nella fase subacuta si concentra su sessioni individuali integrate con laboratori occupazionali; nella fase cronica, per mantenere i progressi raggiunti, si svolgono pi\u00f9 sessioni di gruppo combinate con laboratori e attivit\u00e0 nella comunit\u00e0. Cerchiamo sempre attivit\u00e0 ecologiche affinch\u00e9 ci\u00f2 che viene appreso in sessione possa essere applicato nelle attivit\u00e0 quotidiane di base e strumentali degli utenti per promuovere la loro autonomia.<\/p>\n\n\n\n<h2 class=\"wp-block-heading\">NeuronUP ad Ateneu Maestrat<\/h2>\n\n\n\n<p>La comparsa delle piattaforme di riabilitazione, come NeuronUP, ha <strong>facilitato il lavoro quotidiano delle professioniste della neuropsicologia<\/strong>, poich\u00e9:<\/p>\n\n\n\n<ul class=\"wp-block-list\">\n<li>\u00e8 possibile graduare la complessit\u00e0 del compito,<\/li>\n\n\n\n<li>consente un controllo rapido e affidabile dei risultati, <\/li>\n\n\n\n<li>offre la possibilit\u00e0 di preparare le sessioni in anticipo, programmarle e lavorare da casa con persone che non possono recarsi al centro ogni settimana. <\/li>\n<\/ul>\n\n\n\n<p>Inoltre, questo formato ha una <strong>ottima accettazione tra le persone di et\u00e0 giovane e media<\/strong>, che forse associavano la stimolazione cognitiva alla realizzazione di cruciverba e giochi enigmistici nei quaderni di \u201cpassatempi\u201d.<\/p>\n\n\n\n<p>Le piattaforme di teleriabilitazione continuano a migliorare e a basarsi sulle evidenze scientifiche per offrire un servizio migliore, per cui possiamo dire che dispongono gi\u00e0 dei tre ingredienti chiave dell\u2019allenamento cognitivo di cui parlano \u00c1lvaro Pascual-Leone, \u00c1lvaro Fern\u00e1ndez Ib\u00e1\u00f1ez e David Bartr\u00e9s-Faz nel loro libro \u201cIl cervello che cura\u201d: <strong>novit\u00e0, sfida e variet\u00e0<\/strong>. <\/p>\n\n\n\n<p>Il <strong>formato \u00e8 molto accattivante<\/strong> e questo <strong>motiva la partecipazione<\/strong>. Nelle persone pi\u00f9 anziane e nei casi di emiplegia in cui non \u00e8 possibile utilizzare la mano colpita, possiamo contare sul fatto che la maggior parte dei dispositivi dispone di uno schermo tattile, il che facilita loro l\u2019utilizzo.&nbsp;<\/p>\n\n\n\n<p>Nel nostro centro <strong>utilizziamo la <a href=\"https:\/\/neuronup.com\/it\/prodotto\/\">piattaforma NeuronUP<\/a> nelle aree di neuropsicologia, logopedia e terapia occupazionale<\/strong>, sia in sessioni individuali che di gruppo. Dopo l\u2019inserimento dell\u2019utente nel programma, viene effettuata una valutazione in tutte le aree di intervento per stabilire un ordine di priorit\u00e0. Il miglioramento dei processi attentivi \u00e8 sempre un obiettivo delle prime fasi del piano di intervento individuale, poich\u00e9 l\u2019attenzione \u00e8 un requisito necessario per la comprensione e l\u2019esecuzione di qualsiasi altro compito. In alcune occasioni abbiamo incontrato persone che, a causa delle loro difficolt\u00e0 attentive, non sono in grado di seguire correttamente le istruzioni date dalla fisioterapista, il che influisce negativamente sulla loro evoluzione.<\/p>\n\n\n\n<p>In questa fotografia, l\u2019utente, che soffre di afasia, sta svolgendo un esercizio per identificare le emozioni.<\/p>\n\n\n\n<div style=\"height:70px\" aria-hidden=\"true\" class=\"wp-block-spacer\"><\/div>\n\n\n<div class=\"wp-block-image image-interface\">\n<figure class=\"aligncenter size-large\"><img decoding=\"async\" width=\"1022\" height=\"1024\" src=\"https:\/\/neuronup.com\/it\/wp-content\/uploads\/2025\/01\/NeuronUP-nella-stimolazione-cognitiva-di-Ateneu-Maestrat-1022x1024.webp\" alt=\"Riabilitazione cognitiva con NeuronUP presso l'Ateneu Maestrat. Utente di Ateneu Maestrat che lavora con NeuronUP.\" class=\"wp-image-31939\" srcset=\"https:\/\/neuronup.com\/it\/wp-content\/uploads\/2025\/01\/NeuronUP-nella-stimolazione-cognitiva-di-Ateneu-Maestrat-80x80.webp 80w, https:\/\/neuronup.com\/it\/wp-content\/uploads\/2025\/01\/NeuronUP-nella-stimolazione-cognitiva-di-Ateneu-Maestrat-150x150.webp 150w, https:\/\/neuronup.com\/it\/wp-content\/uploads\/2025\/01\/NeuronUP-nella-stimolazione-cognitiva-di-Ateneu-Maestrat-300x300.webp 300w, https:\/\/neuronup.com\/it\/wp-content\/uploads\/2025\/01\/NeuronUP-nella-stimolazione-cognitiva-di-Ateneu-Maestrat-768x769.webp 768w, https:\/\/neuronup.com\/it\/wp-content\/uploads\/2025\/01\/NeuronUP-nella-stimolazione-cognitiva-di-Ateneu-Maestrat-1022x1024.webp 1022w, https:\/\/neuronup.com\/it\/wp-content\/uploads\/2025\/01\/NeuronUP-nella-stimolazione-cognitiva-di-Ateneu-Maestrat.webp 1200w\" sizes=\"(max-width: 1022px) 100vw, 1022px\" \/><figcaption class=\"wp-element-caption\">Utente di Ateneu Maestrat che lavora con NeuronUP.<\/figcaption><\/figure>\n<\/div>\n\n\n<div style=\"height:70px\" aria-hidden=\"true\" class=\"wp-block-spacer\"><\/div>\n\n\n\n<p>Nel nostro centro utilizziamo anche le opzioni <strong>Kids e <a href=\"https:\/\/neuronup.com\/it\/prodotto\/teleriabilitazione-la-riabilitazione-cognitiva-a-distanza-con-neuronup\/\">NeuronUP2GO<\/a><\/strong> della piattaforma. I pi\u00f9 piccoli adorano lavorare al computer o sul tablet. Le persone che utilizzano NeuronUP2GO lo fanno perch\u00e9 non possono temporaneamente venire al centro, o perch\u00e9 si sono trasferite in un&#8217;altra citt\u00e0 ma desiderano continuare le sessioni di stimolazione cognitiva.<\/p>\n\n\n\n<div style=\"height:50px\" aria-hidden=\"true\" class=\"wp-block-spacer\"><\/div>\n\n\n\n<div class=\"wp-block-group\"><div class=\"wp-block-group__inner-container is-layout-constrained wp-block-group-is-layout-constrained\">\n<div class=\"wp-block-columns br-0111 particle-bg p-4 has-primary-background-color has-background is-layout-flex wp-container-core-columns-is-layout-9d6595d7 wp-block-columns-is-layout-flex\">\n<div class=\"wp-block-column is-vertically-aligned-center is-layout-flow wp-block-column-is-layout-flow\" style=\"flex-basis:70%\">\n<h2 class=\"wp-block-heading has-white-color has-text-color has-link-color has-lg-font-size wp-elements-2dfbd70ad4a2c1dda7c4b9481e279564\">Ottenere un<strong> programma di stimolazione cognitiva<\/strong> per persone con lesioni cerebrali<\/h2>\n<\/div>\n\n\n\n<div class=\"wp-block-column is-vertically-aligned-center is-layout-flow wp-block-column-is-layout-flow\" style=\"flex-basis:30%\">\n<div class=\"wp-block-buttons is-content-justification-center is-layout-flex wp-container-core-buttons-is-layout-16018d1d wp-block-buttons-is-layout-flex\">\n<div class=\"wp-block-button has-custom-width wp-block-button__width-75\" style=\"--button-background:var(--color-custom-1);--button-background-hover:#cc7e00;\"><a class=\"wp-block-button__link button   wp-element-button\" href=\"https:\/\/neuronup.com\/redirect\/?target=typeform\/lesionicerebral?utm_first_source=Web&#038;utm_first_campaign_name=Worksheets_brain_injury\"><strong>Clicca qui<\/strong><\/a><\/div>\n\n<\/div>\n<\/div>\n<\/div>\n<\/div><\/div>\n\n\n\n<h3 class=\"wp-block-heading\">Se ti \u00e8 piaciuto questo articolo sulla <strong>riabilitazione cognitiva con NeuronUP in Ateneu Maestrat<\/strong>, potrebbero interessarti anche i seguenti articoli:<\/h3>\n\n\n<div class=\"mai-grid entries entries-grid has-boxed has-image-full\" style=\"--entry-title-font-size:var(--font-size-lg);--align-text:start;--entry-meta-text-align:start;\"><div class=\"entries-wrap has-columns\" style=\"--columns-xs:1\/1;--columns-sm:1\/1;--columns-md:1\/3;--columns-lg:1\/3;--flex-xs:0 0 var(--flex-basis);--flex-sm:0 0 var(--flex-basis);--flex-md:0 0 var(--flex-basis);--flex-lg:0 0 var(--flex-basis);--column-gap:var(--spacing-lg);--row-gap:var(--spacing-lg);--align-columns:start;\"><article class=\"entry entry-grid is-column has-entry-link has-image has-image-first type-post category-testimonianze tag-alzheimer tag-testimonianze\" style=\"--entry-index:1;\" aria-label=\"AFA Rioja e NeuronUP, dieci anni di neuroriabilitazione insieme\" itemscope itemtype=\"https:\/\/schema.org\/CreativeWork\"><a class=\"entry-image-link\" href=\"https:\/\/neuronup.com\/it\/stimolazione-e-riabilitazione-cognitiva\/testimonianze\/afa-rioja-e-neuronup-dieci-anni-di-neuroriabilitazione-insieme\/\" tabindex=\"-1\" aria-hidden=\"true\"><img decoding=\"async\" width=\"400\" height=\"225\" src=\"https:\/\/neuronup.com\/it\/wp-content\/uploads\/2024\/09\/Usuarios-de-AFA-Rioja-trabajando-con-NeuronUP-en-sesion-grupal.webp\" class=\"entry-image size-landscape-sm\" alt=\"Gruppo di persone davanti a un proiettore che mostra una presentazione; laptop sulla scrivania in aula interna.\" srcset=\"https:\/\/neuronup.com\/it\/wp-content\/uploads\/2024\/09\/Usuarios-de-AFA-Rioja-trabajando-con-NeuronUP-en-sesion-grupal-300x169.webp 300w, https:\/\/neuronup.com\/it\/wp-content\/uploads\/2024\/09\/Usuarios-de-AFA-Rioja-trabajando-con-NeuronUP-en-sesion-grupal-768x432.webp 768w, https:\/\/neuronup.com\/it\/wp-content\/uploads\/2024\/09\/Usuarios-de-AFA-Rioja-trabajando-con-NeuronUP-en-sesion-grupal-1024x576.webp 1024w, https:\/\/neuronup.com\/it\/wp-content\/uploads\/2024\/09\/Usuarios-de-AFA-Rioja-trabajando-con-NeuronUP-en-sesion-grupal.webp 1200w\" sizes=\"(max-width:599px) 599px, (min-width:600px) and (max-width: 799px) 799px, (min-width:800px) and (max-width: 999px) 333px, (min-width:1000px) 400px\" \/><\/a><div class=\"entry-wrap entry-wrap-grid\"><h3 class=\"entry-title\" itemprop=\"headline\"><a class=\"entry-title-link\" href=\"https:\/\/neuronup.com\/it\/stimolazione-e-riabilitazione-cognitiva\/testimonianze\/afa-rioja-e-neuronup-dieci-anni-di-neuroriabilitazione-insieme\/\" rel=\"bookmark\">AFA Rioja e NeuronUP, dieci anni di neuroriabilitazione insieme<\/a><\/h3>\n<\/div><\/article><article class=\"entry entry-grid is-column has-entry-link has-image has-image-first type-post category-testimonianze tag-salute-mentale tag-stimolazione-cognitiva tag-testimonianze\" style=\"--entry-index:2;\" aria-label=\"Come NeuronUP potenzia la stimolazione cognitiva nelle persone con difficolt\u00e0 di salute mentale: Caso Elkarkide Iturrama\" itemscope itemtype=\"https:\/\/schema.org\/CreativeWork\"><a class=\"entry-image-link\" href=\"https:\/\/neuronup.com\/it\/stimolazione-e-riabilitazione-cognitiva\/testimonianze\/come-neuronup-potenzia-la-stimolazione-cognitiva-in-persone-con-difficolta-di-salute-mentale-caso-elkarkide-iturrama\/\" tabindex=\"-1\" aria-hidden=\"true\"><img decoding=\"async\" width=\"400\" height=\"267\" src=\"https:\/\/neuronup.com\/it\/wp-content\/uploads\/2025\/02\/NEURONUP-3.webp\" class=\"entry-image size-landscape-sm\" alt=\"Persona che usa tablet su tavolo in ambiente di lavoro; schermo mostra disegno colorato con forme geometriche.\" srcset=\"https:\/\/neuronup.com\/it\/wp-content\/uploads\/2025\/02\/NEURONUP-3-300x201.webp 300w, https:\/\/neuronup.com\/it\/wp-content\/uploads\/2025\/02\/NEURONUP-3-768x513.webp 768w, https:\/\/neuronup.com\/it\/wp-content\/uploads\/2025\/02\/NEURONUP-3-1024x684.webp 1024w, https:\/\/neuronup.com\/it\/wp-content\/uploads\/2025\/02\/NEURONUP-3.webp 1200w\" sizes=\"(max-width:599px) 599px, (min-width:600px) and (max-width: 799px) 799px, (min-width:800px) and (max-width: 999px) 333px, (min-width:1000px) 400px\" \/><\/a><div class=\"entry-wrap entry-wrap-grid\"><h3 class=\"entry-title\" itemprop=\"headline\"><a class=\"entry-title-link\" href=\"https:\/\/neuronup.com\/it\/stimolazione-e-riabilitazione-cognitiva\/testimonianze\/come-neuronup-potenzia-la-stimolazione-cognitiva-in-persone-con-difficolta-di-salute-mentale-caso-elkarkide-iturrama\/\" rel=\"bookmark\">Come NeuronUP potenzia la stimolazione cognitiva nelle persone con difficolt\u00e0 di salute mentale: Caso Elkarkide Iturrama<\/a><\/h3>\n<\/div><\/article><article class=\"entry entry-grid is-column has-entry-link has-image has-image-first type-post category-testimonianze tag-adulti tag-salute-mentale tag-stimolazione-cognitiva tag-testimonianze\" style=\"--entry-index:3;\" aria-label=\"Stimolazione cognitiva personalizzata nelle persone con malattia mentale grave: Residenza Espartales Sud\" itemscope itemtype=\"https:\/\/schema.org\/CreativeWork\"><a class=\"entry-image-link\" href=\"https:\/\/neuronup.com\/it\/stimolazione-e-riabilitazione-cognitiva\/testimonianze\/stimolazione-cognitiva-personalizzata-nelle-persone-con-malattia-mentale-grave-residenza-espartales-sud\/\" tabindex=\"-1\" aria-hidden=\"true\"><img decoding=\"async\" width=\"225\" height=\"300\" src=\"https:\/\/neuronup.com\/it\/wp-content\/uploads\/2025\/07\/Usuario-de-la-Residencia-Espartales-Sur-utilizando-NeuronUP-con-pantalla.webp\" class=\"entry-image size-landscape-sm\" alt=\"Persona di spalle interagisce con grande schermo touch in aula; griglia di lettere con selezioni, indossa maglietta nera.\" srcset=\"https:\/\/neuronup.com\/it\/wp-content\/uploads\/2025\/07\/Usuario-de-la-Residencia-Espartales-Sur-utilizando-NeuronUP-con-pantalla-225x300.webp 225w, https:\/\/neuronup.com\/it\/wp-content\/uploads\/2025\/07\/Usuario-de-la-Residencia-Espartales-Sur-utilizando-NeuronUP-con-pantalla-768x1024.webp 768w, https:\/\/neuronup.com\/it\/wp-content\/uploads\/2025\/07\/Usuario-de-la-Residencia-Espartales-Sur-utilizando-NeuronUP-con-pantalla-1152x1536.webp 1152w, https:\/\/neuronup.com\/it\/wp-content\/uploads\/2025\/07\/Usuario-de-la-Residencia-Espartales-Sur-utilizando-NeuronUP-con-pantalla.webp 1200w\" sizes=\"(max-width:599px) 599px, (min-width:600px) and (max-width: 799px) 799px, (min-width:800px) and (max-width: 999px) 333px, (min-width:1000px) 400px\" \/><\/a><div class=\"entry-wrap entry-wrap-grid\"><h3 class=\"entry-title\" itemprop=\"headline\"><a class=\"entry-title-link\" href=\"https:\/\/neuronup.com\/it\/stimolazione-e-riabilitazione-cognitiva\/testimonianze\/stimolazione-cognitiva-personalizzata-nelle-persone-con-malattia-mentale-grave-residenza-espartales-sud\/\" rel=\"bookmark\">Stimolazione cognitiva personalizzata nelle persone con malattia mentale grave: Residenza Espartales Sud<\/a><\/h3>\n<\/div><\/article><\/div><\/div>","protected":false},"excerpt":{"rendered":"<p>Jose Segura Navarro, neuropsicologa presso l&#8217;Associazione per il danno cerebrale acquisito Ateneu Maestrat, illustra in questo articolo l&#8217;impatto di NeuronUP nel centro e fornisce un esempio di sessione di stimolazione cognitiva. Cos&#8217;\u00e8 Ateneu Maestrat? Ateneu Maestrat \u00e8 un&#8217;associazione senza scopo di lucro composta da persone con cerebrolesione acquisita e le loro famiglie. Fondata nel 2008 &hellip;<\/p>\n","protected":false},"author":187,"featured_media":31939,"comment_status":"open","ping_status":"open","sticky":false,"template":"","format":"standard","meta":{"_acf_changed":false,"_genesis_hide_title":false,"_genesis_hide_breadcrumbs":false,"_genesis_hide_singular_image":false,"_genesis_hide_footer_widgets":false,"_genesis_custom_body_class":"","_genesis_custom_post_class":"","_genesis_layout":"","footnotes":""},"categories":[416],"tags":[398,112,156,418],"class_list":{"2":"type-post","7":"category-testimonianze","8":"tag-adulti","9":"tag-cerebrolesione-acquisita","10":"tag-stimolazione-cognitiva","11":"tag-testimonianze","12":"entry"},"acf":[],"_links":{"self":[{"href":"https:\/\/neuronup.com\/it\/wp-json\/wp\/v2\/posts\/31938","targetHints":{"allow":["GET"]}}],"collection":[{"href":"https:\/\/neuronup.com\/it\/wp-json\/wp\/v2\/posts"}],"about":[{"href":"https:\/\/neuronup.com\/it\/wp-json\/wp\/v2\/types\/post"}],"author":[{"embeddable":true,"href":"https:\/\/neuronup.com\/it\/wp-json\/wp\/v2\/users\/187"}],"replies":[{"embeddable":true,"href":"https:\/\/neuronup.com\/it\/wp-json\/wp\/v2\/comments?post=31938"}],"version-history":[{"count":0,"href":"https:\/\/neuronup.com\/it\/wp-json\/wp\/v2\/posts\/31938\/revisions"}],"wp:featuredmedia":[{"embeddable":true,"href":"https:\/\/neuronup.com\/it\/wp-json\/wp\/v2\/media\/31939"}],"wp:attachment":[{"href":"https:\/\/neuronup.com\/it\/wp-json\/wp\/v2\/media?parent=31938"}],"wp:term":[{"taxonomy":"category","embeddable":true,"href":"https:\/\/neuronup.com\/it\/wp-json\/wp\/v2\/categories?post=31938"},{"taxonomy":"post_tag","embeddable":true,"href":"https:\/\/neuronup.com\/it\/wp-json\/wp\/v2\/tags?post=31938"}],"curies":[{"name":"wp","href":"https:\/\/api.w.org\/{rel}","templated":true}]}}