
{"id":31880,"date":"2026-03-14T12:24:53","date_gmt":"2026-03-14T12:24:53","guid":{"rendered":"https:\/\/neuronup.com\/?p=31880"},"modified":"2026-03-14T12:24:53","modified_gmt":"2026-03-14T12:24:53","slug":"congresso-di-neuropsicologia-globale-il-congresso-che-ha-riunito-il-mondo-a-porto","status":"publish","type":"post","link":"https:\/\/neuronup.com\/it\/eventi\/congresso-di-neuropsicologia-globale-il-congresso-che-ha-riunito-il-mondo-a-porto\/","title":{"rendered":"Congresso Globale di Neuropsicologia: il congresso che ha riunito il mondo a Porto"},"content":{"rendered":"\n<h2 class=\"wp-block-heading\">Circa 1.000 persone di diversi paesi di tutto il mondo si sono riunite al <em><a href=\"https:\/\/neuronup.com\/it\/\"><strong>Global Neuropsychology Congress<\/strong><\/a><\/em>.<\/h2>\n\n\n\n<p>Un congresso internazionale organizzato da diverse societ\u00e0 di neuropsicologia di tutto il mondo, ossia la <a href=\"https:\/\/neuronup.com\/it\/\">Australasian Society of the Study of Brain Impairment (ASSBI)<\/a>, la <a href=\"https:\/\/neuronup.com\/it\/\">Federation of European Societies of Neuropsychology (FESN)<\/a>, la <a href=\"https:\/\/neuronup.com\/it\/\">International Neuropsychological Society (INS)<\/a> e la<strong> <\/strong><a href=\"https:\/\/neuronup.com\/it\/\">Sociedad Latinoamericana de Neuropsicolog\u00eda (SLAN)<\/a>. L&#8217;obiettivo era riunire i membri di queste societ\u00e0 e molti altri ospiti nel loro primo e riuscito Global Neuropsychology Congress.<\/p>\n\n\n\n<p>Ognuna delle societ\u00e0 \u00e8 stata rappresentata dal suo presidente e, in alcuni casi, dall&#8217;ex presidente:<\/p>\n\n\n\n<ul class=\"wp-block-list\">\n<li><strong>ASSBI<\/strong>: Dana Wong (Presidente).<\/li>\n\n\n\n<li><strong>FESN<\/strong>: Hans-Otto (ex presidente); Lisa Cipolotti (Presidente).<\/li>\n\n\n\n<li><strong>INS<\/strong>: Jonathan Evans (ex presidente); David Loring (Presidente).<\/li>\n\n\n\n<li><strong>SLAN<\/strong>: Ariel Cuadro (Presidente).<\/li>\n<\/ul>\n\n\n\n<p>Il <em>Global Neuropsychology Congress<\/em> \u00e8 stato organizzato da membri di diversi paesi. Professionisti dal Portogallo, Australia, Paesi Bassi, Brasile, Argentina, Sudafrica, Taiwan, Regno Unito, Stati Uniti, Germania, Canada, Spagna, Giappone, Norvegia ed Ecuador hanno contribuito a rendere possibile l&#8217;evento.<\/p>\n\n\n\n<p>Alla Super Bock Arena, dove si \u00e8 svolto il congresso, i partecipanti hanno potuto assistere a <strong>conferenze, dibattiti e tavole rotonde<\/strong>, tra le quali si sono distinti i seguenti interventi:<\/p>\n\n\n\n<ul class=\"wp-block-list\">\n<li>&#8216;<em><strong>Infectious Diseases of Poverty and Neuropsychology: Gaps and Opportunities<\/strong><\/em>&#8216;, di Amina Abubakar della <em>Aga Khan University<\/em>.<\/li>\n\n\n\n<li>&#8216;<em><strong>Consciousness: A Biological and Psychological account<\/strong><\/em>&#8216;, di Ant\u00f3nio e Hanna Dam\u00e1sio della <em>University of Southern California<\/em>.<\/li>\n\n\n\n<li>&#8216;<em><strong>The hippocampus, spatial navigation, and episodic memory?<\/strong><\/em>&#8216;, di John O\u2019Keefe della <em>University College London<\/em>.<\/li>\n\n\n\n<li>&#8216;<em><strong>A culturally informed approach to the detection and management of dementia<\/strong><\/em>&#8216;, di Monica Rosselli della <em>Florida Atlantic University<\/em>.<\/li>\n<\/ul>\n\n\n\n<p>Oltre a questi e molti altri, vale la pena evidenziare il <strong>Partner Symposium<\/strong> che si \u00e8 tenuto il secondo giorno del congresso, gioved\u00ec 4 luglio, con il titolo &#8216;<em>Global technology trends for neuropsychology: bridging concepts, data and methods<\/em>&#8216;. I relatori Bob Bilder, Andreia Geraldo, Maureen Schmitter-Edgecombe e Roy Kessels hanno illustrato <strong>come la tecnologia possa aiutare nel trattamento e nella valutazione dei pazienti che necessitano di assistenza neuropsicologica<\/strong> e le sfide derivanti dal suo utilizzo.<\/p>\n\n\n<div class=\"wp-block-image is-style-default\">\n<figure class=\"aligncenter size-full is-resized\"><img decoding=\"async\" src=\"https:\/\/neuronup.com\/it\/wp-content\/uploads\/2024\/07\/Global-Neuropsychology-Congress.webp\" alt=\"Arena del Global Neuropsychology Congress \n\" class=\"wp-image-31944\" style=\"width:800px;height:auto\"\/><figcaption class=\"wp-element-caption\">Arena del Global Neuropsychology Congress nella Super Bock Arena &#8211; Porto.<\/figcaption><\/figure>\n<\/div>\n\n\n<h2 class=\"wp-block-heading\">Programma per studenti<\/h2>\n\n\n\n<p>Inoltre, c&#8217;\u00e8 stato un <strong>programma speciale per studenti<\/strong>, il cui comitato era composto da:<\/p>\n\n\n\n<ul class=\"wp-block-list\">\n<li>Aishani Desai &#8211; Dottorando\/Master in Neuropsicologia Clinica presso la Macquarie University.<\/li>\n\n\n\n<li>Isabel Manica &#8211; Master, dottoranda, Universidade Cat\u00f3lica Portuguesa.<\/li>\n\n\n\n<li>Nicole Feast &#8211; BA (Hons) Master in Psicologia (Neuropsicologia Clinica), borsista Forrest e dottoranda, University of Western Australia.<\/li>\n\n\n\n<li>Vaia Sideropoulou &#8211; Master in Neuropsicologia, Universit\u00e0 Aristotele di Salonicco.<\/li>\n\n\n\n<li>Sof\u00eda L\u00f3pez Vallejo &#8211; Dottorato. Candidata in Psicologia. Membro del Gruppo di Ricerca PN\u00ednsula (CTS-581) dell&#8217;Universit\u00e0 di Granada.<\/li>\n<\/ul>\n\n\n\n<p>Tra le sessioni dedicate agli studenti si \u00e8 distinta la <em><strong>Student Award Session<\/strong><\/em>, a cui hanno partecipato quattro dei cinque studenti premiati con gli <em>Student Awards for the Five Best Abstract Submissions<\/em>:<\/p>\n\n\n\n<ul class=\"wp-block-list\">\n<li><strong>Catarina Barros<\/strong> (Universit\u00e0 do Minho &#8211; Portogallo): <em>&#8216;Age-Related Differences in Cognitive Function Prediction: Integrating Emotional and Physical Well-Being through Machine Learning<\/em>&#8216;.<\/li>\n\n\n\n<li><strong>Sandra Glazer<\/strong> (Universit\u00e0 di Cincinnati in Ohio &#8211; USA): &#8216;<em>Mental Health Diagnosis Trends in Adolescents 3 Months After Mild Traumatic Brain Injury and Associations with Gender and Race<\/em>&#8216;.<\/li>\n\n\n\n<li><strong>Cole J. Kennedy<\/strong> (Universit\u00e0 di Victoria &#8211; Canada): &#8216;<em>Meta-Analysis of Meta-Analyses on Non-Invasive Brain Stimulation for Post-Stroke Depression<\/em>&#8216;.<\/li>\n\n\n\n<li><strong>Silvia Oliver Mass<\/strong> (Hospital Cl\u00ednico San Carlos &#8211; Spagna): &#8216;<em>Transcranial direct current stimulation for post-COVID fatigue: comparison of two therapeutic targets combined with cognitive training<\/em>&#8216;.<\/li>\n\n\n\n<li><strong>Alba Roca Ventura<\/strong> (Universit\u00e0 di Barcellona &#8211; Spagna):<em> &#8216;Exploring Longitudinal Lifestyle Trajectory Patterns and Their Impact on Health Outcomes: Insights from the Barcelona Brain Health Initiative<\/em>&#8216;.<\/li>\n<\/ul>\n\n\n<div class=\"wp-block-image\">\n<figure class=\"aligncenter size-full\"><img decoding=\"async\" width=\"768\" height=\"576\" src=\"https:\/\/neuronup.com\/it\/wp-content\/uploads\/2024\/07\/Super-Bock-Arena-GNC-2024.webp\" alt=\"\" class=\"wp-image-31947\" srcset=\"https:\/\/neuronup.com\/it\/wp-content\/uploads\/2024\/07\/Super-Bock-Arena-GNC-2024-300x225.webp 300w, https:\/\/neuronup.com\/it\/wp-content\/uploads\/2024\/07\/Super-Bock-Arena-GNC-2024.webp 768w\" sizes=\"(max-width: 768px) 100vw, 768px\" \/><figcaption class=\"wp-element-caption\">Esterno della Super Bock Arena &#8211; Porto.<\/figcaption><\/figure>\n<\/div>\n\n\n<h2 class=\"wp-block-heading\">Networking<\/h2>\n\n\n\n<p>Il<strong> Global Neuropsychology Congress<\/strong> ha permesso e facilitato il networking grazie all&#8217;app GNC 2024, con cui i partecipanti hanno potuto interagire tra loro e consultare informazioni sul congresso.<\/p>\n\n\n\n<p>Tuttavia, ci\u00f2 che ha reso pi\u00f9 agevole questo scambio tra i partecipanti, e senza dubbio il pi\u00f9 efficace, sono state le pause caff\u00e8, durante le quali i partecipanti potevano trovarsi all&#8217;interno della Super Bock Arena o nei giardini del Pal\u00e1cio de Cristal.<\/p>\n\n\n\n<h2 class=\"wp-block-heading\">Ringraziamenti<\/h2>\n\n\n\n<p>Da parte di NeuronUP desideriamo congratularci e ringraziare il team responsabile dell&#8217;organizzazione di questa prima edizione del Global Neuropsychology Congress per il grande successo ottenuto. Il nostro team non vede l&#8217;ora di conoscere i dettagli del prossimo appuntamento!<\/p>\n\n\n\n<p>Vogliamo inoltre inviare un ringraziamento speciale a Fernando Barbosa e Artemisa Rocha Dores, di SPNPsy; a Andreia Geraldo, dottoranda nel Programma di Dottorato in Psicologia, Laboratorio di Neuropsicofisiologia della FPCEUP; e ad Ariel Cuadro, presidente di SLAN, per il loro tempo e la cortesia che ci hanno dedicato.<\/p>\n\n<div class=\"mai-grid entries entries-grid has-boxed has-image-full\" style=\"--entry-title-font-size:var(--font-size-lg);--align-text:start;--entry-meta-text-align:start;\"><div class=\"entries-wrap has-columns\" style=\"--columns-xs:1\/1;--columns-sm:1\/1;--columns-md:1\/3;--columns-lg:1\/3;--flex-xs:0 0 var(--flex-basis);--flex-sm:0 0 var(--flex-basis);--flex-md:0 0 var(--flex-basis);--flex-lg:0 0 var(--flex-basis);--column-gap:var(--spacing-lg);--row-gap:var(--spacing-lg);--align-columns:start;\"><article class=\"entry entry-grid is-column has-entry-link has-image has-image-first type-post category-lesione-cerebrale-traumatica-tbi tag-danno-cerebrale tag-danno-cerebrale-acquisito\" style=\"--entry-index:1;\" aria-label=\"Traumatismo cranioencefalico per incidente automobilistico e diaschisi: impatto neuropsicologico\" itemscope itemtype=\"https:\/\/schema.org\/CreativeWork\"><a class=\"entry-image-link\" href=\"https:\/\/neuronup.com\/it\/stimolazione-e-riabilitazione-cognitiva\/cerebrolesione-acquisita\/lesione-cerebrale-traumatica-tbi\/traumatismo-cranioencefalico-per-incidente-automobilistico-e-disquisis-impatto-neuropsicologico\/\" tabindex=\"-1\" aria-hidden=\"true\"><img decoding=\"async\" width=\"400\" height=\"225\" src=\"https:\/\/neuronup.com\/it\/wp-content\/uploads\/2025\/09\/Traumatismo-craneoencefalico-por-accidente-automovilistico-y-diasquisis-impacto-neuropsicologico.webp\" class=\"entry-image size-landscape-sm\" alt=\"Profilo di una figura umana con cervello rosso su sfondo blu e raggi luminosi che indicano attivit\u00e0 cerebrale.\" srcset=\"https:\/\/neuronup.com\/it\/wp-content\/uploads\/2025\/09\/Traumatismo-craneoencefalico-por-accidente-automovilistico-y-diasquisis-impacto-neuropsicologico-300x169.webp 300w, https:\/\/neuronup.com\/it\/wp-content\/uploads\/2025\/09\/Traumatismo-craneoencefalico-por-accidente-automovilistico-y-diasquisis-impacto-neuropsicologico-768x432.webp 768w, https:\/\/neuronup.com\/it\/wp-content\/uploads\/2025\/09\/Traumatismo-craneoencefalico-por-accidente-automovilistico-y-diasquisis-impacto-neuropsicologico-1024x576.webp 1024w, https:\/\/neuronup.com\/it\/wp-content\/uploads\/2025\/09\/Traumatismo-craneoencefalico-por-accidente-automovilistico-y-diasquisis-impacto-neuropsicologico.webp 1200w\" sizes=\"(max-width:599px) 599px, (min-width:600px) and (max-width: 799px) 799px, (min-width:800px) and (max-width: 999px) 333px, (min-width:1000px) 400px\" \/><\/a><div class=\"entry-wrap entry-wrap-grid\"><h3 class=\"entry-title\" itemprop=\"headline\"><a class=\"entry-title-link\" href=\"https:\/\/neuronup.com\/it\/stimolazione-e-riabilitazione-cognitiva\/cerebrolesione-acquisita\/lesione-cerebrale-traumatica-tbi\/traumatismo-cranioencefalico-per-incidente-automobilistico-e-disquisis-impatto-neuropsicologico\/\" rel=\"bookmark\">Traumatismo cranioencefalico per incidente automobilistico e diaschisi: impatto neuropsicologico<\/a><\/h3>\n<\/div><\/article><article class=\"entry entry-grid is-column has-entry-link has-image has-image-first type-post category-attivita-per-lalzheimer tag-alzheimer tag-attivita-per-la-stimolazione-cognitiva tag-malattie-neurodegenerative\" style=\"--entry-index:2;\" aria-label=\"10 esercizi di stimolazione cognitiva per persone con il morbo di Alzheimer\" itemscope itemtype=\"https:\/\/schema.org\/CreativeWork\"><a class=\"entry-image-link\" href=\"https:\/\/neuronup.com\/it\/attivita-di-neuroriabilitazione\/attivita-per-lalzheimer\/10-esercizi-di-stimolazione-cognitiva-per-persone-con-il-morbo-di-alzheimer\/\" tabindex=\"-1\" aria-hidden=\"true\"><img decoding=\"async\" width=\"400\" height=\"300\" src=\"https:\/\/neuronup.com\/it\/wp-content\/uploads\/2024\/02\/Screenshot-2024-02-26-173046-400x300.webp\" class=\"entry-image size-landscape-sm\" alt=\"Figura umana di schiena al centro, maglietta arancione, icone di abbigliamento a lato e finestra con paesaggio montano.\" srcset=\"https:\/\/neuronup.com\/it\/wp-content\/uploads\/2024\/02\/Screenshot-2024-02-26-173046-300x225.webp 300w, https:\/\/neuronup.com\/it\/wp-content\/uploads\/2024\/02\/Screenshot-2024-02-26-173046-400x300.webp 400w, https:\/\/neuronup.com\/it\/wp-content\/uploads\/2024\/02\/Screenshot-2024-02-26-173046-768x577.webp 768w, https:\/\/neuronup.com\/it\/wp-content\/uploads\/2024\/02\/Screenshot-2024-02-26-173046-800x600.webp 800w, https:\/\/neuronup.com\/it\/wp-content\/uploads\/2024\/02\/Screenshot-2024-02-26-173046-1024x770.webp 1024w, https:\/\/neuronup.com\/it\/wp-content\/uploads\/2024\/02\/Screenshot-2024-02-26-173046-1200x900.webp 1200w, https:\/\/neuronup.com\/it\/wp-content\/uploads\/2024\/02\/Screenshot-2024-02-26-173046.webp 1437w\" sizes=\"(max-width:599px) 599px, (min-width:600px) and (max-width: 799px) 799px, (min-width:800px) and (max-width: 999px) 333px, (min-width:1000px) 400px\" \/><\/a><div class=\"entry-wrap entry-wrap-grid\"><h3 class=\"entry-title\" itemprop=\"headline\"><a class=\"entry-title-link\" href=\"https:\/\/neuronup.com\/it\/attivita-di-neuroriabilitazione\/attivita-per-lalzheimer\/10-esercizi-di-stimolazione-cognitiva-per-persone-con-il-morbo-di-alzheimer\/\" rel=\"bookmark\">10 esercizi di stimolazione cognitiva per persone con il morbo di Alzheimer<\/a><\/h3>\n<\/div><\/article><article class=\"entry entry-grid is-column has-entry-link has-image has-image-first type-post category-neuroscienze\" style=\"--entry-index:3;\" aria-label=\"Il meraviglioso mondo della neurodiversit\u00e0\" itemscope itemtype=\"https:\/\/schema.org\/CreativeWork\"><a class=\"entry-image-link\" href=\"https:\/\/neuronup.com\/it\/neuroscienze\/il-meraviglioso-mondo-della-neurodiversita\/\" tabindex=\"-1\" aria-hidden=\"true\"><img decoding=\"async\" width=\"400\" height=\"229\" src=\"https:\/\/neuronup.com\/it\/wp-content\/uploads\/2024\/02\/siluetas-figuras-evocan-emocion-e-imaginacion-abstracta-ia-generativa-1.webp\" class=\"entry-image size-landscape-sm\" alt=\"Profilo di figura umana stilizzata con cranio esploso in colori e forme astratte, toni dall&#039;arancione al blu, sfondo sfumato.\" srcset=\"https:\/\/neuronup.com\/it\/wp-content\/uploads\/2024\/02\/siluetas-figuras-evocan-emocion-e-imaginacion-abstracta-ia-generativa-1-300x172.webp 300w, https:\/\/neuronup.com\/it\/wp-content\/uploads\/2024\/02\/siluetas-figuras-evocan-emocion-e-imaginacion-abstracta-ia-generativa-1-768x439.webp 768w, https:\/\/neuronup.com\/it\/wp-content\/uploads\/2024\/02\/siluetas-figuras-evocan-emocion-e-imaginacion-abstracta-ia-generativa-1-1024x585.webp 1024w, https:\/\/neuronup.com\/it\/wp-content\/uploads\/2024\/02\/siluetas-figuras-evocan-emocion-e-imaginacion-abstracta-ia-generativa-1.webp 1200w\" sizes=\"(max-width:599px) 599px, (min-width:600px) and (max-width: 799px) 799px, (min-width:800px) and (max-width: 999px) 333px, (min-width:1000px) 400px\" \/><\/a><div class=\"entry-wrap entry-wrap-grid\"><h3 class=\"entry-title\" itemprop=\"headline\"><a class=\"entry-title-link\" href=\"https:\/\/neuronup.com\/it\/neuroscienze\/il-meraviglioso-mondo-della-neurodiversita\/\" rel=\"bookmark\">Il meraviglioso mondo della neurodiversit\u00e0<\/a><\/h3>\n<\/div><\/article><article class=\"entry entry-grid is-column has-entry-link has-image has-image-first type-post category-stimolazione-e-riabilitazione-cognitiva tag-riabilitazione-cognitiva tag-stimolazione-cognitiva tag-teleriabilitazione tag-testimonianze\" style=\"--entry-index:4;\" aria-label=\"Riabilitazione e stimolazione cognitiva con le nuove tecnologie\" itemscope itemtype=\"https:\/\/schema.org\/CreativeWork\"><a class=\"entry-image-link\" href=\"https:\/\/neuronup.com\/it\/stimolazione-e-riabilitazione-cognitiva\/riabilitazione-e-stimolazione-cognitiva-con-le-nuove-tecnologie\/\" tabindex=\"-1\" aria-hidden=\"true\"><img decoding=\"async\" width=\"400\" height=\"300\" src=\"https:\/\/neuronup.com\/it\/wp-content\/uploads\/2024\/02\/La-rehabilitacion-y-estimulacion-cognitiva-con-nuevas-tecnologias-1-11-400x300.webp\" class=\"entry-image size-landscape-sm\" alt=\"Ragazzo di spalle davanti a un laptop su tavolo domestico, con carta, scatola e cancelleria visibili sul tavolo.\" srcset=\"https:\/\/neuronup.com\/it\/wp-content\/uploads\/2024\/02\/La-rehabilitacion-y-estimulacion-cognitiva-con-nuevas-tecnologias-1-11-300x225.webp 300w, https:\/\/neuronup.com\/it\/wp-content\/uploads\/2024\/02\/La-rehabilitacion-y-estimulacion-cognitiva-con-nuevas-tecnologias-1-11-400x300.webp 400w, https:\/\/neuronup.com\/it\/wp-content\/uploads\/2024\/02\/La-rehabilitacion-y-estimulacion-cognitiva-con-nuevas-tecnologias-1-11-768x576.webp 768w, https:\/\/neuronup.com\/it\/wp-content\/uploads\/2024\/02\/La-rehabilitacion-y-estimulacion-cognitiva-con-nuevas-tecnologias-1-11-800x600.webp 800w, https:\/\/neuronup.com\/it\/wp-content\/uploads\/2024\/02\/La-rehabilitacion-y-estimulacion-cognitiva-con-nuevas-tecnologias-1-11-1024x768.webp 1024w, https:\/\/neuronup.com\/it\/wp-content\/uploads\/2024\/02\/La-rehabilitacion-y-estimulacion-cognitiva-con-nuevas-tecnologias-1-11-1200x900.webp 1200w, https:\/\/neuronup.com\/it\/wp-content\/uploads\/2024\/02\/La-rehabilitacion-y-estimulacion-cognitiva-con-nuevas-tecnologias-1-11.webp 1205w\" sizes=\"(max-width:599px) 599px, (min-width:600px) and (max-width: 799px) 799px, (min-width:800px) and (max-width: 999px) 333px, (min-width:1000px) 400px\" \/><\/a><div class=\"entry-wrap entry-wrap-grid\"><h3 class=\"entry-title\" itemprop=\"headline\"><a class=\"entry-title-link\" href=\"https:\/\/neuronup.com\/it\/stimolazione-e-riabilitazione-cognitiva\/riabilitazione-e-stimolazione-cognitiva-con-le-nuove-tecnologie\/\" rel=\"bookmark\">Riabilitazione e stimolazione cognitiva con le nuove tecnologie<\/a><\/h3>\n<\/div><\/article><article class=\"entry entry-grid is-column has-entry-link has-image has-image-first type-post category-notizie-su-neuronup tag-ricerca\" style=\"--entry-index:5;\" aria-label=\"Valutazione intensiva delle funzioni esecutive derivate dalle prestazioni in giochi di allenamento cognitivo.\" itemscope itemtype=\"https:\/\/schema.org\/CreativeWork\"><a class=\"entry-image-link\" href=\"https:\/\/neuronup.com\/it\/notizie-su-neuronup\/valutazione-intensiva-delle-funzioni-esecutive-derivate-dalle-prestazioni-in-giochi-di-allenamento-cognitivo\/\" tabindex=\"-1\" aria-hidden=\"true\"><img decoding=\"async\" width=\"400\" height=\"300\" src=\"https:\/\/neuronup.com\/it\/wp-content\/uploads\/2025\/01\/Valutazione-delle-funzioni-esecutive-con-NeuronUP-400x300.webp\" class=\"entry-image size-landscape-sm\" alt=\"Anziano con occhiali e camicia floreale osserva un laptop durante un allenamento cognitivo NeuronUP, in ambiente luminoso.\" srcset=\"https:\/\/neuronup.com\/it\/wp-content\/uploads\/2025\/01\/Valutazione-delle-funzioni-esecutive-con-NeuronUP-400x300.webp 400w, https:\/\/neuronup.com\/it\/wp-content\/uploads\/2025\/01\/Valutazione-delle-funzioni-esecutive-con-NeuronUP-800x600.webp 800w\" sizes=\"(max-width:599px) 599px, (min-width:600px) and (max-width: 799px) 799px, (min-width:800px) and (max-width: 999px) 333px, (min-width:1000px) 400px\" \/><\/a><div class=\"entry-wrap entry-wrap-grid\"><h3 class=\"entry-title\" itemprop=\"headline\"><a class=\"entry-title-link\" href=\"https:\/\/neuronup.com\/it\/notizie-su-neuronup\/valutazione-intensiva-delle-funzioni-esecutive-derivate-dalle-prestazioni-in-giochi-di-allenamento-cognitivo\/\" rel=\"bookmark\">Valutazione intensiva delle funzioni esecutive derivate dalle prestazioni in giochi di allenamento cognitivo.<\/a><\/h3>\n<\/div><\/article><article class=\"entry entry-grid is-column has-entry-link has-image has-image-first type-post category-sclerosi-multipla tag-sclerosi-multipla tag-stimolazione-cognitiva\" style=\"--entry-index:6;\" aria-label=\"Come le nuove tecnologie producono benefici nei trattamenti cognitivi per la sclerosi multipla\" itemscope itemtype=\"https:\/\/schema.org\/CreativeWork\"><a class=\"entry-image-link\" href=\"https:\/\/neuronup.com\/it\/stimolazione-e-riabilitazione-cognitiva\/malattie-neurodegenerative\/sclerosi-multipla\/come-le-nuove-tecnologie-producono-benefici-nei-trattamenti-cognitivi-per-la-sclerosi-multipla\/\" tabindex=\"-1\" aria-hidden=\"true\"><img decoding=\"async\" width=\"400\" height=\"300\" src=\"https:\/\/neuronup.com\/it\/wp-content\/uploads\/2024\/04\/Esclerosis-multiple-y-nuevas-tecnologias-Yolanda-Virue-NeuronUP-400x300.webp\" class=\"entry-image size-landscape-sm\" alt=\"Donna davanti a un portatile, capelli castani lunghi, digita; accanto tablet, ambiente luminoso con pareti chiare.\" srcset=\"https:\/\/neuronup.com\/it\/wp-content\/uploads\/2024\/04\/Esclerosis-multiple-y-nuevas-tecnologias-Yolanda-Virue-NeuronUP-400x300.webp 400w, https:\/\/neuronup.com\/it\/wp-content\/uploads\/2024\/04\/Esclerosis-multiple-y-nuevas-tecnologias-Yolanda-Virue-NeuronUP-800x600.webp 800w\" sizes=\"(max-width:599px) 599px, (min-width:600px) and (max-width: 799px) 799px, (min-width:800px) and (max-width: 999px) 333px, (min-width:1000px) 400px\" \/><\/a><div class=\"entry-wrap entry-wrap-grid\"><h3 class=\"entry-title\" itemprop=\"headline\"><a class=\"entry-title-link\" href=\"https:\/\/neuronup.com\/it\/stimolazione-e-riabilitazione-cognitiva\/malattie-neurodegenerative\/sclerosi-multipla\/come-le-nuove-tecnologie-producono-benefici-nei-trattamenti-cognitivi-per-la-sclerosi-multipla\/\" rel=\"bookmark\">Come le nuove tecnologie producono benefici nei trattamenti cognitivi per la sclerosi multipla<\/a><\/h3>\n<\/div><\/article><\/div><\/div>","protected":false},"excerpt":{"rendered":"<p>Circa 1.000 persone di diversi paesi di tutto il mondo si sono riunite al Global Neuropsychology Congress. Un congresso internazionale organizzato da diverse societ\u00e0 di neuropsicologia di tutto il mondo, ossia la Australasian Society of the Study of Brain Impairment (ASSBI), la Federation of European Societies of Neuropsychology (FESN), la International Neuropsychological Society (INS) e &hellip;<\/p>\n","protected":false},"author":7,"featured_media":31957,"comment_status":"open","ping_status":"open","sticky":false,"template":"","format":"standard","meta":{"_acf_changed":false,"_genesis_hide_title":false,"_genesis_hide_breadcrumbs":false,"_genesis_hide_singular_image":false,"_genesis_hide_footer_widgets":false,"_genesis_custom_body_class":"","_genesis_custom_post_class":"","_genesis_layout":"","footnotes":""},"categories":[144],"tags":[467],"class_list":{"2":"type-post","7":"category-eventi","8":"tag-congresso","9":"entry"},"acf":[],"_links":{"self":[{"href":"https:\/\/neuronup.com\/it\/wp-json\/wp\/v2\/posts\/31880","targetHints":{"allow":["GET"]}}],"collection":[{"href":"https:\/\/neuronup.com\/it\/wp-json\/wp\/v2\/posts"}],"about":[{"href":"https:\/\/neuronup.com\/it\/wp-json\/wp\/v2\/types\/post"}],"author":[{"embeddable":true,"href":"https:\/\/neuronup.com\/it\/wp-json\/wp\/v2\/users\/7"}],"replies":[{"embeddable":true,"href":"https:\/\/neuronup.com\/it\/wp-json\/wp\/v2\/comments?post=31880"}],"version-history":[{"count":0,"href":"https:\/\/neuronup.com\/it\/wp-json\/wp\/v2\/posts\/31880\/revisions"}],"wp:featuredmedia":[{"embeddable":true,"href":"https:\/\/neuronup.com\/it\/wp-json\/wp\/v2\/media\/31957"}],"wp:attachment":[{"href":"https:\/\/neuronup.com\/it\/wp-json\/wp\/v2\/media?parent=31880"}],"wp:term":[{"taxonomy":"category","embeddable":true,"href":"https:\/\/neuronup.com\/it\/wp-json\/wp\/v2\/categories?post=31880"},{"taxonomy":"post_tag","embeddable":true,"href":"https:\/\/neuronup.com\/it\/wp-json\/wp\/v2\/tags?post=31880"}],"curies":[{"name":"wp","href":"https:\/\/api.w.org\/{rel}","templated":true}]}}