
{"id":31663,"date":"2024-11-12T16:27:17","date_gmt":"2024-11-12T14:27:17","guid":{"rendered":"https:\/\/neuronup.com\/it\/?p=31663"},"modified":"2025-02-28T09:51:13","modified_gmt":"2025-02-28T07:51:13","slug":"interventi-per-problemi-psicologici-e-comportamentali-nella-demenza","status":"publish","type":"post","link":"https:\/\/neuronup.com\/it\/stimolazione-e-riabilitazione-cognitiva\/malattie-neurodegenerative\/interventi-per-problemi-psicologici-e-comportamentali-nella-demenza\/","title":{"rendered":"Interventi per problemi psicologici e comportamentali nella demenza"},"content":{"rendered":"\n<p class=\"has-xl-font-size\">La neuropsicologa Diana Carolina G\u00f3mez Blanco mostra come le <strong>interventi non farmacologiche possano essere uno strumento chiave per gestire i sintomi psicologici e comportamentali nelle persone con demenza.<\/strong><\/p>\n\n\n\n<blockquote class=\"wp-block-quote is-layout-flow wp-block-quote-is-layout-flow\">\n<p>\u201cUna persona con demenza vive in un presente in cui le cose scompaiono, le spiegazioni si dimenticano e le conversazioni non hanno senso, dove l\u2019amore \u00e8 l\u2019unica alternativa\u201d.<\/p>\n<\/blockquote>\n\n\n\n<p>Negli ultimi anni, l\u2019aumento della popolazione anziana nel mondo ha portato a una <strong>maggiore incidenza nella rilevazione dei disturbi neurocognitivi<\/strong> come la demenza.<\/p>\n\n\n\n<p>Questo aumento dell\u2019incidenza ha promosso ricerche sia nella prevenzione che nel trattamento, non solo dei sintomi cognitivi ma anche di quelli psicologici e comportamentali, che comportano un sovraccarico per le famiglie e i sistemi sanitari, in quanto aggravano il deterioramento cognitivo e funzionale, causando sofferenza al paziente e al suo caregiver, aumentando il rischio di istituzionalizzazione, diminuendo la qualit\u00e0 della vita del paziente e dei suoi familiari, incrementando i livelli di stress dei caregiver e del personale infermieristico, e comportando un maggiore costo finanziario.<\/p>\n\n\n\n<h2 class=\"wp-block-heading\">Cosa sono i sintomi psicologici e comportamentali della demenza (SPCD)<\/h2>\n\n\n\n<p>I sintomi psicologici e comportamentali della demenza (SPCD) fanno riferimento a un <strong>insieme di sintomi e segni che includono sintomi psichiatrici e problemi comportamentali che possono manifestarsi nelle persone con demenza<\/strong>, e che possono comparire praticamente in qualsiasi momento della malattia, con un pattern di raggruppamento molto variabile, influenzato da fattori psicologici e ambientali suscettibili di modifica, che offrono opportunit\u00e0 di trattamento (Olazar\u00e1n-Rodr\u00edguez &amp; Ag\u00fcera-Ortiz, 2012, p. 598).<\/p>\n\n\n\n<p>I sintomi psicologici pi\u00f9 complessi e articolati dal punto di vista mentale, vengono rilevati attraverso l\u2019intervista con il paziente e la sua famiglia. \u00c8 il caso, ad esempio, della depressione, dell\u2019ansia o della psicosi. Mentre i sintomi comportamentali, si rilevano attraverso l\u2019osservazione diretta del paziente, come l\u2019aggressivit\u00e0, l\u2019iperattivit\u00e0 motoria o la disinibizione.<\/p>\n\n\n\n<p>I sintomi psicologici e comportamentali della demenza (SPCD) sono <strong>altamente prevalenti e sono stati identificati diversi fattori nella loro genesi<\/strong> che sono il risultato di una complessa interazione di fattori biologici, psicologici, sociali e ambientali che agiscono su un individuo con predisposizione biologica.<\/p>\n\n\n\n<p>Tra questi fattori vi sono il danno o la disfunzione frontale o di altre aree, l\u2019alterazione dei neurotrasmettitori, cos\u00ec come la personalit\u00e0 pregressa, poich\u00e9 la perdita delle capacit\u00e0 cognitive finisce per far emergere i tratti pi\u00f9 basilari della personalit\u00e0.<\/p>\n\n\n\n<p>Allo stesso modo, la presenza di eventi vitali stressanti o semplicemente di situazioni che il paziente non \u00e8 in grado di elaborare, la perdita di relazioni o di altri stimoli, attivit\u00e0 o funzioni rilevanti, e la mancata soddisfazione dei bisogni biologici o psicologici di base, possono scatenare i sintomi.<\/p>\n\n\n\n<p>Inoltre, atteggiamenti paternalistici, autoritari o infantilizzanti, esasperazione, ignorare il paziente, imporre cose o lotte di potere, o ripetere frequentemente le stesse domande affinch\u00e9 il paziente le ricordi, sono comportamenti che, presenti nei caregiver, possono creare o mantenere i sintomi comportamentali della demenza (SPCD).<\/p>\n\n\n\n<p>Gli SPCD sono classificati in sintomi psicologici e sintomi comportamentali.<\/p>\n\n\n\n<h3 class=\"wp-block-heading\">Sintomi psicologici<\/h3>\n\n\n\n<p>Tra i sintomi psicologici della demenza si trovano i <strong>deliri<\/strong> con una prevalenza tra il 10% e il 73%, con il delirio di persecuzione come il pi\u00f9 frequente. A questi seguono le <strong>allucinazioni<\/strong>, con una prevalenza dal 12% al 49%, e con le <strong>visioni<\/strong> come le pi\u00f9 comuni.<\/p>\n\n\n\n<p>Inoltre, ci sono anche le <strong>erronee identificazioni<\/strong>, con una prevalenza del 16% tra i pazienti con Alzheimer. Inoltre, la <strong>depressione<\/strong>, l\u2019<strong>ansia<\/strong> e l\u2019<strong>apatia<\/strong> sono comuni. In particolare, l\u2019apatia \u00e8 uno dei sintomi pi\u00f9 comuni, con una prevalenza del 50%.<\/p>\n\n\n\n<h3 class=\"wp-block-heading\">Sintomi comportamentali<\/h3>\n\n\n\n<p>Tra i sintomi comportamentali spiccano il <strong>vagabondaggio o deambulazione<\/strong> (uno dei pi\u00f9 problematici), l\u2019<strong>agitazione\/aggressivit\u00e0<\/strong>, la <strong>resistenza<\/strong> alle cure, i <strong>comportamenti sessuali inappropriati<\/strong> e le reazioni catastrofiche, come la <strong>rabbia<\/strong> o l\u2019<strong>aggressivit\u00e0 verbale e fisica<\/strong>. La presenza di ciascuno di questi sintomi varia a seconda del tipo di demenza, anche se ogni paziente pu\u00f2 presentare sintomi diversi rispetto a quelli caratteristici del suo tipo di demenza (P\u00e9rez Romero, 2018, p.379).<\/p>\n\n\n\n<p>\u00c8 importante tenere presente che questi sintomi devono essere trattati. Di seguito vengono menzionati alcuni dei pi\u00f9 comuni (Fundaci\u00f3n Alzheimer Catalunya, 2022):<\/p>\n\n\n\n<h4 class=\"wp-block-heading\">Alterazioni dell\u2019umore<\/h4>\n\n\n\n<ul class=\"wp-block-list\">\n<li><strong>Depressione:<\/strong> Sentimenti persistenti di tristezza, mancanza di speranza, sensazione di essere un peso. Pu\u00f2 causare cambiamenti nell\u2019appetito, stanchezza e altri sintomi psicologici e comportamentali della demenza (SPCD) come l\u2019apatia o perdita di funzionalit\u00e0.<\/li>\n\n\n\n<li><strong>Apatia:<\/strong> Disconnessione dall\u2019ambiente. Mancanza di interesse nello svolgimento di attivit\u00e0 e scarsa o nessuna espressione emotiva.<\/li>\n\n\n\n<li><strong>Ansia:<\/strong> Angoscia spesso causata dalla sensazione di perdita di controllo nelle situazioni quotidiane.<\/li>\n\n\n\n<li><strong>Aggressivit\u00e0:<\/strong> Verbale o fisica, che causa disagio nelle persone vicine. Resistenza ingiustificata a ricevere aiuto.<\/li>\n\n\n\n<li><strong>Disinibizione:<\/strong> Perdita di pudore o vergogna nell\u2019esprimersi sia a livello verbale che corporeo. Pu\u00f2 portare a comportamenti sessuali considerati inappropriati.<\/li>\n<\/ul>\n\n\n\n<h4 class=\"wp-block-heading\">Alterazioni vegetative<\/h4>\n\n\n\n<ul class=\"wp-block-list\">\n<li><strong>Sogno:<\/strong> Alterazioni del ciclo del sonno. Dormire durante il giorno e svegliarsi la notte, insonnia, sonno frammentato, ecc.<\/li>\n\n\n\n<li><strong>Alimentazione:<\/strong> Aumento o diminuzione dell\u2019appetito.<\/li>\n<\/ul>\n\n\n\n<h4 class=\"wp-block-heading\">Alterazioni della percezione<\/h4>\n\n\n\n<ul class=\"wp-block-list\">\n<li><strong>Deliri:<\/strong> Convinzioni o pensieri che non corrispondono alla realt\u00e0.<\/li>\n\n\n\n<li><strong>Allucinazioni:<\/strong> Sperimentare sensazioni e esperienze che non sono reali, senza riuscire a discernere tra ci\u00f2 che \u00e8 reale e ci\u00f2 che non lo \u00e8.<\/li>\n<\/ul>\n\n\n\n<h4 class=\"wp-block-heading\">Alterazioni nell\u2019attivit\u00e0 motoria<\/h4>\n\n\n\n<ul class=\"wp-block-list\">\n<li><strong>Iperattivit\u00e0 motoria.<\/strong> Muoversi senza una spiegazione apparente, che pu\u00f2 portare a deambulazioni.<\/li>\n<\/ul>\n\n\n\n<h2 class=\"wp-block-heading\">Indicazioni per la gestione dei sintomi psicologici e comportamentali della demenza (SPCD)<\/h2>\n\n\n\n<h3 class=\"wp-block-heading\">Gestione iniziale dei sintomi psicologici e comportamentali della demenza (SPCD)<\/h3>\n\n\n\n<p>Tutti questi sintomi rappresentano una <strong>sfida nell\u2019intervenire e fornire le necessarie indicazioni<\/strong> alla famiglia, perci\u00f2 la gestione iniziale dei sintomi psicologici e comportamentali della demenza (SPCD) dovrebbe basarsi sulla comprensione del processo biologico di base, l\u2019assunzione della prospettiva personale del paziente, la ricerca e la modifica dei fattori scatenanti e un atteggiamento che consenta di recuperare la fiducia e la sensazione di controllo.<\/p>\n\n\n\n<p>\u00c8 inoltre importante spiegare alle famiglie l\u2019origine degli stessi, nonch\u00e9 avvertire che la loro completa eliminazione non \u00e8 sempre possibile. A volte, \u00e8 sufficiente accontentarsi di ridurre la frequenza o l\u2019intensit\u00e0 dei sintomi, dando sempre priorit\u00e0 al benessere del paziente.<\/p>\n\n\n\n<p>Allo stesso modo, cos\u00ec come \u00e8 importante ci\u00f2 che si deve fare, \u00e8 anche utile sapere ci\u00f2 che si deve evitare. <strong>Spesso gli SPCD non costituiscono un rischio o pericolo imminente per la persona o la sua famiglia<\/strong>, e possono rappresentare un modo per compensare la malattia, come nel caso delle domande ripetitive. In altre occasioni sono reazioni personali che devono essere rispettate, quindi accompagnare o rispettare la solitudine pu\u00f2 essere la migliore delle attitudini in alcune situazioni.<\/p>\n\n\n\n<div style=\"height:50px\" aria-hidden=\"true\" class=\"wp-block-spacer\"><\/div>\n\n\n\n<div class=\"wp-block-group br-0111 has-primary-background-color has-background has-dark-background has-sm-padding-top has-sm-padding-left has-sm-padding-right has-xxl-margin-top\"><div class=\"wp-block-group__inner-container is-layout-constrained wp-block-group-is-layout-constrained\">\n<div class=\"wp-block-columns is-layout-flex wp-container-core-columns-is-layout-9d6595d7 wp-block-columns-is-layout-flex\">\n<div class=\"wp-block-column is-layout-flow wp-block-column-is-layout-flow\">\n<figure class=\"wp-block-image size-full desktop-position-absolute desktop-bottom-0 mobile-width-50 mobile-m-inline-auto has-xl-margin-top\"><img decoding=\"async\" src=\"https:\/\/neuronup.com\/it\/wp-content\/uploads\/2022\/v3\/producto-certificado.webp\" alt=\"\" class=\"wp-image-31568\"><\/figure>\n<\/div>\n\n\n\n<div class=\"wp-block-column is-layout-flow wp-block-column-is-layout-flow\">\n<h2 class=\"wp-block-heading has-white-color has-text-color\"><strong>Iscriviti<\/strong> <br>alla nostra <br>Newsletter<\/h2>\n\n\n\n<div class=\"wp-block-buttons is-layout-flex wp-block-buttons-is-layout-flex\">\n<div class=\"wp-block-button--1\" style=\"--button-outline-color:var(--color-white);--button-outline-color-hover:rgba(0,0,0,0.8);\"><a class=\"wp-block-button__link button button-outline   wp-element-button\" href=\"https:\/\/neuronup.com\/it\/newsletter\/\">Iscriviti<\/a><\/div>\n\n<\/div>\n\n\n\n<div style=\"height:40px\" aria-hidden=\"true\" class=\"wp-block-spacer\"><\/div>\n<\/div>\n<\/div>\n<\/div><\/div>\n\n\n\n\n<div style=\"height:50px\" aria-hidden=\"true\" class=\"wp-block-spacer\"><\/div>\n\n\n\n<h3 class=\"wp-block-heading\">Indicazioni generali per la gestione dei sintomi psicologici e comportamentali della demenza (SPCD)<\/h3>\n\n\n\n<p>Prima di esporre i possibili trattamenti per gli SPCD, \u00e8 importante menzionare alcune indicazioni generali da tenere in considerazione per la gestione di questi sintomi:<\/p>\n\n\n\n<ul class=\"wp-block-list\">\n<li><strong>Alterazione del pensiero:<\/strong> Ambiente familiare; evitare i fattori scatenanti; orientare o distrarre verso altri argomenti; evitare di discutere, scherzare, rafforzare o amplificare il contenuto del pensiero alterato.<\/li>\n\n\n\n<li><strong>Illusioni e allucinazioni:<\/strong> Simile al precedente.<\/li>\n\n\n\n<li><strong>Aggressivit\u00e0:<\/strong> Rispettare i gusti premorbidi, promuovere l&#8217;autonomia e la privacy, avvicinarsi di fronte, utilizzare linguaggio non verbale, avvisare, spiegare, negoziare e rafforzare la collaborazione; evitare che il paziente si senta sminuito nella propria dignit\u00e0 (ad esempio: cambio pannolini senza tatto, lasciare la porta del bagno aperta, parlare in sua presenza come se non esistesse&#8230;); per problemi specifici, approfondire la storia personale e fare un&#8217;analisi accurata dei fattori scatenanti (ad esempio: se nella doccia il getto d&#8217;acqua provoca irritazione, si potrebbe risolvere interponendo la mano per ammorbidire il contatto dell&#8217;acqua con la pelle).<\/li>\n\n\n\n<li><strong>Depressione:<\/strong> Identificare il possibile fattore scatenante (ricovero in casa di cura, morte del coniuge, ecc.) e modificarlo per quanto possibile (ad esempio: cambio di reparto se il grave deterioramento di altri residenti causa depressione); luce pi\u00f9 intensa del solito, spazi aperti e piacevoli, interazione sociale, conversazione, attivit\u00e0 gratificanti (passeggiate, giochi, ecc.), ricordi di eventi piacevoli o di successo.<\/li>\n\n\n\n<li><strong>Ansia:<\/strong> Riduzione degli stimoli; spiegazioni continue su ci\u00f2 che accade; evitare situazioni nuove; distrattori; offrire sicurezza in modo verbale e non verbale; in caso di demenza lieve, ristrutturazione cognitiva (ad esempio: imparare a fidarsi del caregiver).<\/li>\n\n\n\n<li><strong>Euforia:<\/strong> Non imitare n\u00e9 rafforzare il paziente, non banalizzare; cercare di farlo mettere nei panni degli altri; correggere o offrire affetto in modo rispettoso.<\/li>\n\n\n\n<li><strong>Apatia:<\/strong> Sollecitazione verbale o fisica; imitazione (attivit\u00e0 di gruppo), modellamento; stimoli con movimento e componente affettivo (musica, animali, ecc.); proporre o persuadere per attivit\u00e0 di massimo godimento, senza possibilit\u00e0 di errore; aiutare il caregiver a comprendere e accettare il sintomo.<\/li>\n\n\n\n<li><strong>Disinibizione:<\/strong> Studiare possibili fattori scatenanti (svestirsi pu\u00f2 essere dovuto al caldo o a un&#8217;etichetta che irrita il collo); attivit\u00e0 fisica, attivit\u00e0 ludiche, contatto sociale; rispetto, umorismo, flessibilit\u00e0; non giudicare, rafforzare o banalizzare; comprendere il comportamento nel contesto della malattia; insegnare agli altri a convivere con i sintomi; limitare la contenzione per evitare la perdita di dignit\u00e0 di tutte le persone coinvolte.<\/li>\n\n\n\n<li><strong>Irritabilit\u00e0:<\/strong> Ristrutturazione cognitiva in caso di demenza lieve (accettare le limitazioni, attivit\u00e0 alternative e realistiche, ecc.); studio e modifica ambientale (rumori, ambiente sociale, trattamento da parte del caregiver, ecc.).<\/li>\n\n\n\n<li><strong>Iperattivit\u00e0 motoria:<\/strong> Calzature e spazi sicuri, sorveglianza costante; camminare accanto e guidare; consentire l&#8217;attivit\u00e0, offrire oggetti da manipolare; non cercare di fermarlo.<\/li>\n\n\n\n<li><strong>Vocalizzazioni ripetitive:<\/strong> Verificare i bisogni di base con particolare attenzione all&#8217;isolamento sociale, alla mancanza o all&#8217;eccesso di stimoli (ad esempio, rumore) e al dolore; rafforzare i momenti di calma (toccare, tenere la mano, parlare di questioni non importanti, ecc.).<\/li>\n\n\n\n<li><strong>Alterazione del sonno:<\/strong> Attivit\u00e0, illuminazione, dieta, riduzione del sonnellino, posticipare l&#8217;ora di andare a dormire, evitare rumori o altri stimoli notturni.<\/li>\n\n\n\n<li><strong>Aumento dell&#8217;appetito:<\/strong> Ridurre o evitare l&#8217;esposizione a cibi o sostanze.<\/li>\n\n\n\n<li><strong>Diminuzione dell&#8217;appetito:<\/strong> Cibi e ambiente secondo i gusti premorbidi; rafforzare con aromi, sapori e presentazione degli alimenti; igiene e controllo dentale, pulizia della lingua; aiuto graduale (iniziare con una sollecitazione verbale); conversazione durante i pasti.<\/li>\n<\/ul>\n\n\n\n<h2 class=\"wp-block-heading\">Trattamento dei sintomi psicologici e comportamentali della demenza (SPCD)<\/h2>\n\n\n\n<p>In tal senso \u00e8 importante chiarire come possono trattare questi sintomi le famiglie e i professionisti.<\/p>\n\n\n\n<h3 class=\"wp-block-heading\">Trattamento farmacologico degli SPCD<\/h3>\n\n\n\n<p>Nel caso dei trattamenti farmacologici, <strong>a volte vengono prioritizzati per pressione dei familiari o dei caregiver professionali a causa dello stress generato dai problemi psicologici e comportamentali<\/strong> della demenza. Per questo motivo, si tende a offrire un farmaco come soluzione immediata.<\/p>\n\n\n\n<p>Tuttavia, questo trattamento deve essere inquadrato in una serie di considerazioni e principi fondamentali. In primo luogo, \u00e8 necessario verificare che non vi siano controindicazioni o intolleranze da parte del paziente e considerare gli effetti collaterali. Allo stesso modo, \u00e8 importante ricordare che alcuni sintomi psicologici e comportamentali della demenza (SPCD) hanno un decorso limitato e, col tempo, possono scomparire. Per questo motivo \u00e8 di vitale importanza:<\/p>\n\n\n\n<ul class=\"wp-block-list\">\n<li><strong>Valutare i rischi e i benefici<\/strong>; rivedere regolarmente la necessit\u00e0 della loro somministrazione riducendo gradualmente le dosi per verificare se continuano a essere utili;<\/li>\n\n\n\n<li>oltre a <strong>personalizzare il trattamento<\/strong> per ogni paziente in base alle caratteristiche della propria comorbilit\u00e0 fisica, trattamenti concomitanti e profilo di effetti avversi.<\/li>\n<\/ul>\n\n\n\n<p>I trattamenti farmacologici <strong>non devono essere considerati come prima opzione o come unica risposta<\/strong> nella gestione degli SPCD, bens\u00ec vanno prima esaurite le strategie generali d&#8217;intervento o l&#8217;uso di terapie non farmacologiche per ridurre i sintomi e migliorare la qualit\u00e0 della vita del paziente.<\/p>\n\n\n\n<div style=\"height:50px\" aria-hidden=\"true\" class=\"wp-block-spacer\"><\/div>\n\n\n\n<div class=\"wp-block-group\"><div class=\"wp-block-group__inner-container is-layout-constrained wp-block-group-is-layout-constrained\">\n<div class=\"wp-block-columns br-0111 particle-bg p-5 has-primary-background-color has-background is-layout-flex wp-container-core-columns-is-layout-9d6595d7 wp-block-columns-is-layout-flex\">\n<div class=\"wp-block-column is-layout-flow wp-block-column-is-layout-flow\" style=\"flex-basis:66.66%\">\n<h2 class=\"wp-block-heading has-white-color has-text-color\">Prova NeuronUP gratis per 7 giorni<\/h2>\n\n\n\n<p class=\"has-white-color has-text-color\">Potrai collaborare con le nostre attivit\u00e0, progettare sedute o fare riabilitazione a distanza.<\/p>\n<\/div>\n\n\n\n<div class=\"wp-block-column is-layout-flow wp-block-column-is-layout-flow\" style=\"flex-basis:33.33%\">\n<div class=\"wp-block-buttons is-content-justification-center is-layout-flex wp-container-core-buttons-is-layout-16018d1d wp-block-buttons-is-layout-flex\">\n<div class=\"wp-block-button\" style=\"--button-background:var(--color-custom-1);--button-background-hover:#cc7e00;\"><a class=\"wp-block-button__link button   wp-element-button\" href=\"https:\/\/neuronup.com\/it\/landing-store-user\/\">Comincia la tua prova<\/a><\/div>\n\n<\/div>\n<\/div>\n<\/div>\n<\/div><\/div>\n\n\n\n<div style=\"height:18px\" aria-hidden=\"true\" class=\"wp-block-spacer\"><\/div>\n\n\n\n<div style=\"height:50px\" aria-hidden=\"true\" class=\"wp-block-spacer\"><\/div>\n\n\n\n<h3 class=\"wp-block-heading\">Trattamento non farmacologico dei SPCD<\/h3>\n\n\n\n<p>Le terapie non farmacologiche sono definite come un intervento non chimico, teoricamente fondato, focalizzato e replicabile, realizzato sul paziente o sul caregiver e potenzialmente capace di apportare un beneficio rilevante. Rappresenta un ampio insieme di <strong>strategie e interventi mirati a stimolare le capacit\u00e0 cognitive e funzionali, ma che inoltre aiutano a ridurre i SPCD<\/strong>. <\/p>\n\n\n\n<p>Tra le terapie non farmacologiche pi\u00f9 comuni si trovano:<\/p>\n\n\n\n<ul class=\"wp-block-list\">\n<li>La <a href=\"https:\/\/neuronup.com\/it\/neuroriabilitazione\/\">stimolazione cognitiva<\/a>,<\/li>\n\n\n\n<li>attivit\u00e0 della vita quotidiana,<\/li>\n\n\n\n<li>ginnastica per anziani, <\/li>\n\n\n\n<li>arteterapia, <\/li>\n\n\n\n<li>musicoterapia,<\/li>\n\n\n\n<li>intervento comportamentale, <\/li>\n\n\n\n<li>formazione del caregiver professionale della persona con demenza,<\/li>\n\n\n\n<li>educazione del caregiver, <\/li>\n\n\n\n<li>terapia della validazione,<\/li>\n\n\n\n<li>terapia della risata,<\/li>\n\n\n\n<li>terapia con bambole,<\/li>\n\n\n\n<li>stimolazione sensoriale Snoezelen.<\/li>\n<\/ul>\n\n\n\n<p>Esistono molte altre terapie e certamente se ne svilupperanno di nuove in futuro. Olazar\u00e1n et al, dopo una revisione sistematica della bibliografia disponibile sulle terapie non farmacologiche (TNF), segnalano che &#8220;le TNF possono contribuire realisticamente e in modo accessibile al miglioramento e alla gestione delle cure nella EATR (sia dei pazienti sia dei caregiver). A differenza dei farmaci, le terapie non farmacologiche sono solitamente a basso costo, con spese orientate alle risorse umane piuttosto che all&#8217;impiego di tecnologie o farmaci costosi&#8221; (Olazar\u00e1n et al., 2010, p.171).<\/p>\n\n\n\n<p>Le terapie non farmacologiche (TNF) possono essere orientate al paziente, al caregiver o al caregiver professionale. &#8220;Le terapie complementari basate sull&#8217;attivit\u00e0 fisica e la riabilitazione, la stimolazione cognitiva e la terapia occupazionale con musica, animali e arte, applicate e mantenute nel tempo, sono un&#8217;alternativa che, ben combinate o in forma isolata, si rivelano efficaci per prevenire, contenere e rallentare i sintomi della malattia di Alzheimer, soprattutto nella fase iniziale&#8221; (Ruiz-Hern\u00e1ndez et al., 2023, p.18).<\/p>\n\n\n\n<h2 class=\"wp-block-heading\">Conclusione<\/h2>\n\n\n\n<p>Cos\u00ec, anche se questo articolo risulta breve nel mostrare tutti i benefici delle terapie non farmacologiche (TNF) per l&#8217;intervento sui sintomi psicologici e comportamentali della demenza (SPCD), \u00e8 possibile affermare che la soddisfazione dei bisogni di base del paziente, l&#8217;adattamento dell&#8217;ambiente, la formazione del caregiver, la consulenza e il supporto continuo ai pazienti sono strumenti potentissimi per prevenirne l&#8217;insorgenza.<\/p>\n\n\n\n<p>Una volta che questi sintomi compaiono, la prima risposta non deve essere quella farmacologica ma, al contrario, identificare i sintomi primari o destabilizzanti e intervenire su di essi.<\/p>\n\n\n\n<p>Nella vita reale, quindi, la gestione dei sintomi psicologici e comportamentali della demenza dipende in gran parte dalla capacit\u00e0 e dalla volont\u00e0 del caregiver e delle istituzioni di collaborare con tali misure ambientali, implementare programmi di stimolazione e impiegare terapie non farmacologiche, utilizzando i farmaci come parte di un piano di cura progettato, valutato e personalizzato da un team multidisciplinare; in questo modo si eviteranno complicazioni indesiderate e si contribuir\u00e0 a una migliore qualit\u00e0 della vita del paziente.<\/p>\n\n\n\n<h2 class=\"wp-block-heading\">Bibliografia<\/h2>\n\n\n\n<ul class=\"wp-block-list\">\n<li class=\"has-sm-font-size\">Fundaci\u00f3n Alzheimer Catalunya. (2022, 4 luglio). Cosa sono i sintomi psicologici e comportamentali delle demenze? Alzheimer Catalunya. Consultato il 15 ottobre 2024, da https:\/\/alzheimercatalunya.org\/es\/que-son-los-sintomas-psicologicos-y-conductuales-de-las-demencias\/<\/li>\n\n\n\n<li class=\"has-sm-font-size\">Olazar\u00e1n, J. (2010). Efficacia delle terapie non farmacologiche nella malattia di Alzheimer: una revisione sistematica. Dement Geriatr Cogn Disord, 30(1), 161-178. DOI: 10.1159\/000321458<\/li>\n\n\n\n<li class=\"has-sm-font-size\">Olazar\u00e1n-Rodr\u00edguez, J., &amp; Ag\u00fcera-Ortiz, L. F. (2012). Sintomi psicologici e comportamentali della demenza: prevenzione, diagnosi e trattamento. Revista de neurolog\u00eda, 55(10), 598-608. https:\/\/mariawolff.org\/wp-content\/uploads\/documentos\/olazaran.pdf<\/li>\n\n\n\n<li class=\"has-sm-font-size\">P\u00e9rez Romero, A. (2018). L&#8217;importanza dei sintomi psicologici e comportamentali (SPCD) nella malattia di Alzheimer. Revista Neurolog\u00eda, 33(6), 378-384. Elsevier. DOI: 10.1016\/j.nrl.2016.02.024<\/li>\n\n\n\n<li class=\"has-sm-font-size\">Ru\u00edz-Hern\u00e1ndez M, Mur-Gomar R, Montejano-Lozoya R. Efficacia delle terapie non farmacologiche nelle persone con Alzheimer: una revisione sistematica. Rev Esp Salud P\u00fablica. 2023; 97: 18 ottobre e202310086<\/li>\n<\/ul>\n\n\n\n<h3 class=\"wp-block-heading\">Se ti \u00e8 piaciuto questo articolo del blog sulle <strong>interventi per problemi psicologici e comportamentali nelle demenze<\/strong>, potrebbero interessarti questi articoli di NeuronUP:<\/h3>\n\n\n<div class=\"mai-grid entries entries-grid has-boxed has-image-full\" style=\"--entry-title-font-size:var(--font-size-lg);--entry-image-link-max-width:800px;--align-text:start;--entry-meta-text-align:start;\"><div class=\"entries-wrap has-columns\" style=\"--columns-xs:1\/1;--columns-sm:1\/1;--columns-md:1\/3;--columns-lg:1\/3;--flex-xs:0 0 var(--flex-basis);--flex-sm:0 0 var(--flex-basis);--flex-md:0 0 var(--flex-basis);--flex-lg:0 0 var(--flex-basis);--column-gap:var(--spacing-lg);--row-gap:var(--spacing-lg);--align-columns:start;\"><article class=\"entry entry-grid is-column has-entry-link has-image has-image-first type-post category-malattia-di-alzheimer tag-alzheimer tag-demenza tag-memoria\" style=\"--entry-index:1;\" aria-label=\"La lingua come fattore predittivo delle demenze\" itemscope itemtype=\"https:\/\/schema.org\/CreativeWork\"><a class=\"entry-image-link\" href=\"https:\/\/neuronup.com\/it\/stimolazione-e-riabilitazione-cognitiva\/malattie-neurodegenerative\/malattia-di-alzheimer\/il-linguaggio-come-fattore-predittivo-delle-demenze\/\" tabindex=\"-1\" aria-hidden=\"true\"><img decoding=\"async\" width=\"800\" height=\"533\" src=\"https:\/\/neuronup.com\/it\/wp-content\/uploads\/2023\/11\/El-lenguaje-como-factor-predictor-de-las-demencias-1-1.webp\" class=\"entry-image size-landscape-md\" alt=\"Disegno stilizzato di cervello su sfondo chiaro; una parte del cervello si stacca rivelando un volto, simboleggia pensiero e identit\u00e0.\" srcset=\"https:\/\/neuronup.com\/it\/wp-content\/uploads\/2023\/11\/El-lenguaje-como-factor-predictor-de-las-demencias-1-1-300x200.webp 300w, https:\/\/neuronup.com\/it\/wp-content\/uploads\/2023\/11\/El-lenguaje-como-factor-predictor-de-las-demencias-1-1-768x512.webp 768w, https:\/\/neuronup.com\/it\/wp-content\/uploads\/2023\/11\/El-lenguaje-como-factor-predictor-de-las-demencias-1-1-1024x683.webp 1024w, https:\/\/neuronup.com\/it\/wp-content\/uploads\/2023\/11\/El-lenguaje-como-factor-predictor-de-las-demencias-1-1.webp 1200w\" sizes=\"(max-width:599px) 599px, (min-width:600px) and (max-width: 799px) 799px, (min-width:800px) and (max-width: 999px) 333px, (min-width:1000px) 400px\" \/><\/a><div class=\"entry-wrap entry-wrap-grid\"><h3 class=\"entry-title\" itemprop=\"headline\"><a class=\"entry-title-link\" href=\"https:\/\/neuronup.com\/it\/stimolazione-e-riabilitazione-cognitiva\/malattie-neurodegenerative\/malattia-di-alzheimer\/il-linguaggio-come-fattore-predittivo-delle-demenze\/\" rel=\"bookmark\">La lingua come fattore predittivo delle demenze<\/a><\/h3>\n<\/div><\/article><article class=\"entry entry-grid is-column has-entry-link has-image has-image-first type-post category-malattia-di-alzheimer tag-alzheimer tag-anziani tag-attivita-di-stimolazione-cognitiva\" style=\"--entry-index:2;\" aria-label=\"Laboratorio cognitivo con NeuronUP per anziani con alzheimer\" itemscope itemtype=\"https:\/\/schema.org\/CreativeWork\"><a class=\"entry-image-link\" href=\"https:\/\/neuronup.com\/it\/stimolazione-e-riabilitazione-cognitiva\/malattie-neurodegenerative\/malattia-di-alzheimer\/laboratorio-cognitivo-con-neuronup-per-persone-anziane-con-alzheimer\/\" tabindex=\"-1\" aria-hidden=\"true\"><img decoding=\"async\" width=\"800\" height=\"446\" src=\"https:\/\/neuronup.com\/it\/wp-content\/uploads\/2025\/02\/Actividad-de-NeuronUP-para-la-intervencion-de-personas-mayores-con-alzheimer-Post-it-ordenados.webp\" class=\"entry-image size-landscape-md\" alt=\"Interfaccia su bacheca di sughero con tre post-it numerati, barra 0\/5 e cuore, raffigura un esercizio sequenziale.\" srcset=\"https:\/\/neuronup.com\/it\/wp-content\/uploads\/2025\/02\/Actividad-de-NeuronUP-para-la-intervencion-de-personas-mayores-con-alzheimer-Post-it-ordenados-300x167.webp 300w, https:\/\/neuronup.com\/it\/wp-content\/uploads\/2025\/02\/Actividad-de-NeuronUP-para-la-intervencion-de-personas-mayores-con-alzheimer-Post-it-ordenados-768x428.webp 768w, https:\/\/neuronup.com\/it\/wp-content\/uploads\/2025\/02\/Actividad-de-NeuronUP-para-la-intervencion-de-personas-mayores-con-alzheimer-Post-it-ordenados-1024x571.webp 1024w, https:\/\/neuronup.com\/it\/wp-content\/uploads\/2025\/02\/Actividad-de-NeuronUP-para-la-intervencion-de-personas-mayores-con-alzheimer-Post-it-ordenados-1536x857.webp 1536w, https:\/\/neuronup.com\/it\/wp-content\/uploads\/2025\/02\/Actividad-de-NeuronUP-para-la-intervencion-de-personas-mayores-con-alzheimer-Post-it-ordenados.webp 1916w\" sizes=\"(max-width:599px) 599px, (min-width:600px) and (max-width: 799px) 799px, (min-width:800px) and (max-width: 999px) 333px, (min-width:1000px) 400px\" \/><\/a><div class=\"entry-wrap entry-wrap-grid\"><h3 class=\"entry-title\" itemprop=\"headline\"><a class=\"entry-title-link\" href=\"https:\/\/neuronup.com\/it\/stimolazione-e-riabilitazione-cognitiva\/malattie-neurodegenerative\/malattia-di-alzheimer\/laboratorio-cognitivo-con-neuronup-per-persone-anziane-con-alzheimer\/\" rel=\"bookmark\">Laboratorio cognitivo con NeuronUP per anziani con alzheimer<\/a><\/h3>\n<\/div><\/article><article class=\"entry entry-grid is-column has-entry-link has-image has-image-first type-post category-sclerosi-multipla tag-attivita-di-stimolazione-cognitiva tag-sclerosi-multipla\" style=\"--entry-index:3;\" aria-label=\"Laboratorio cognitivo con NeuronUP per l&#8217;intervento della sclerosi multipla (SM)\" itemscope itemtype=\"https:\/\/schema.org\/CreativeWork\"><a class=\"entry-image-link\" href=\"https:\/\/neuronup.com\/it\/stimolazione-e-riabilitazione-cognitiva\/malattie-neurodegenerative\/sclerosi-multipla\/laboratorio-cognitivo-con-neuronup-per-lintervento-nella-sclerosi-multipla-em\/\" tabindex=\"-1\" aria-hidden=\"true\"><img decoding=\"async\" width=\"800\" height=\"600\" src=\"https:\/\/neuronup.com\/it\/wp-content\/uploads\/2024\/10\/Actividad-Objetos-en-el-hogar.webp\" class=\"entry-image size-landscape-md\" alt=\"Collage di ambienti domestici: giardino fiorito, camera, lavanderia e accessori casa; segni di progresso in basso.\" srcset=\"https:\/\/neuronup.com\/it\/wp-content\/uploads\/2024\/10\/Actividad-Objetos-en-el-hogar-300x225.webp 300w, https:\/\/neuronup.com\/it\/wp-content\/uploads\/2024\/10\/Actividad-Objetos-en-el-hogar-768x577.webp 768w, https:\/\/neuronup.com\/it\/wp-content\/uploads\/2024\/10\/Actividad-Objetos-en-el-hogar-1024x769.webp 1024w, https:\/\/neuronup.com\/it\/wp-content\/uploads\/2024\/10\/Actividad-Objetos-en-el-hogar.webp 1200w\" sizes=\"(max-width:599px) 599px, (min-width:600px) and (max-width: 799px) 799px, (min-width:800px) and (max-width: 999px) 333px, (min-width:1000px) 400px\" \/><\/a><div class=\"entry-wrap entry-wrap-grid\"><h3 class=\"entry-title\" itemprop=\"headline\"><a class=\"entry-title-link\" href=\"https:\/\/neuronup.com\/it\/stimolazione-e-riabilitazione-cognitiva\/malattie-neurodegenerative\/sclerosi-multipla\/laboratorio-cognitivo-con-neuronup-per-lintervento-nella-sclerosi-multipla-em\/\" rel=\"bookmark\">Laboratorio cognitivo con NeuronUP per l&#8217;intervento della sclerosi multipla (SM)<\/a><\/h3>\n<\/div><\/article><article class=\"entry entry-grid is-column has-entry-link has-image has-image-first type-post category-malattia-di-alzheimer tag-alzheimer tag-anziani tag-invecchiamento-normale tag-malattie-neurodegenerative\" style=\"--entry-index:4;\" aria-label=\"Design di attivit\u00e0 significative per pazienti con demenza e invecchiamento sano\" itemscope itemtype=\"https:\/\/schema.org\/CreativeWork\"><a class=\"entry-image-link\" href=\"https:\/\/neuronup.com\/it\/stimolazione-e-riabilitazione-cognitiva\/malattie-neurodegenerative\/malattia-di-alzheimer\/progettazione-di-attivita-per-pazienti-con-demenza-e-invecchiamento-sano\/\" tabindex=\"-1\" aria-hidden=\"true\"><img decoding=\"async\" width=\"800\" height=\"600\" src=\"https:\/\/neuronup.com\/it\/wp-content\/uploads\/2022\/10\/1202982913070921.Td96AfIJM1Twk8FZADJl_height640-1-1-1-1-1-1-1-1-1-1-1.webp\" class=\"entry-image size-landscape-md\" alt=\"Tre anziane sedute attorno a un tavolo partecipano a un\u2019attivit\u00e0 creativa con scatole e una figura di legno, in ambiente.\" srcset=\"https:\/\/neuronup.com\/it\/wp-content\/uploads\/2022\/10\/1202982913070921.Td96AfIJM1Twk8FZADJl_height640-1-1-1-1-1-1-1-1-1-1-1-300x225.webp 300w, https:\/\/neuronup.com\/it\/wp-content\/uploads\/2022\/10\/1202982913070921.Td96AfIJM1Twk8FZADJl_height640-1-1-1-1-1-1-1-1-1-1-1-768x576.webp 768w, https:\/\/neuronup.com\/it\/wp-content\/uploads\/2022\/10\/1202982913070921.Td96AfIJM1Twk8FZADJl_height640-1-1-1-1-1-1-1-1-1-1-1-1024x768.webp 1024w, https:\/\/neuronup.com\/it\/wp-content\/uploads\/2022\/10\/1202982913070921.Td96AfIJM1Twk8FZADJl_height640-1-1-1-1-1-1-1-1-1-1-1.webp 1200w\" sizes=\"(max-width:599px) 599px, (min-width:600px) and (max-width: 799px) 799px, (min-width:800px) and (max-width: 999px) 333px, (min-width:1000px) 400px\" \/><\/a><div class=\"entry-wrap entry-wrap-grid\"><h3 class=\"entry-title\" itemprop=\"headline\"><a class=\"entry-title-link\" href=\"https:\/\/neuronup.com\/it\/stimolazione-e-riabilitazione-cognitiva\/malattie-neurodegenerative\/malattia-di-alzheimer\/progettazione-di-attivita-per-pazienti-con-demenza-e-invecchiamento-sano\/\" rel=\"bookmark\">Design di attivit\u00e0 significative per pazienti con demenza e invecchiamento sano<\/a><\/h3>\n<\/div><\/article><article class=\"entry entry-grid is-column has-entry-link has-image has-image-first type-post category-attivita-di-neuroriabilitazione category-attivita-per-gnosia category-attivita-per-le-funzioni-cognitive category-malattie-neurodegenerative category-stimolazione-e-riabilitazione-cognitiva tag-adulti tag-attivita-per-la-stimolazione-cognitiva tag-attivita-di-stimolazione-cognitiva-per-adulti tag-malattie-neurodegenerative\" style=\"--entry-index:5;\" aria-label=\"Nuova attivit\u00e0 cartacea: Memorizza la sequenza di immagini!\" itemscope itemtype=\"https:\/\/schema.org\/CreativeWork\"><a class=\"entry-image-link\" href=\"https:\/\/neuronup.com\/it\/stimolazione-e-riabilitazione-cognitiva\/nuova-attivita-cartacea-memorizza-la-sequenza-di-immagini\/\" tabindex=\"-1\" aria-hidden=\"true\"><img decoding=\"async\" width=\"800\" height=\"600\" src=\"https:\/\/neuronup.com\/it\/wp-content\/uploads\/2025\/12\/EWM2A1-800x600.webp\" class=\"entry-image size-landscape-md\" alt=\"In fila: torta bianca, oggetto rosso a forma di triangolo, coniglio grigio, ananas, oggetto arancione e scatola di cartone.\" srcset=\"https:\/\/neuronup.com\/it\/wp-content\/uploads\/2025\/12\/EWM2A1-400x300.webp 400w, https:\/\/neuronup.com\/it\/wp-content\/uploads\/2025\/12\/EWM2A1-800x600.webp 800w, https:\/\/neuronup.com\/it\/wp-content\/uploads\/2025\/12\/EWM2A1-1200x900.webp 1200w\" sizes=\"(max-width:599px) 599px, (min-width:600px) and (max-width: 799px) 799px, (min-width:800px) and (max-width: 999px) 333px, (min-width:1000px) 400px\" \/><\/a><div class=\"entry-wrap entry-wrap-grid\"><h3 class=\"entry-title\" itemprop=\"headline\"><a class=\"entry-title-link\" href=\"https:\/\/neuronup.com\/it\/stimolazione-e-riabilitazione-cognitiva\/nuova-attivita-cartacea-memorizza-la-sequenza-di-immagini\/\" rel=\"bookmark\">Nuova attivit\u00e0 cartacea: Memorizza la sequenza di immagini!<\/a><\/h3>\n<\/div><\/article><article class=\"entry entry-grid is-column has-entry-link has-image has-image-first type-post category-malattie-neurodegenerative tag-alzheimer tag-anziani tag-malattie-neurodegenerative tag-morbo-di-parkinson tag-sclerosi-multipla\" style=\"--entry-index:6;\" aria-label=\"Cinque film sulle malattie neurodegenerative\" itemscope itemtype=\"https:\/\/schema.org\/CreativeWork\"><a class=\"entry-image-link\" href=\"https:\/\/neuronup.com\/it\/stimolazione-e-riabilitazione-cognitiva\/malattie-neurodegenerative\/cinque-film-sulle-malattie-neurodegenerative\/\" tabindex=\"-1\" aria-hidden=\"true\"><img decoding=\"async\" width=\"800\" height=\"534\" src=\"https:\/\/neuronup.com\/it\/wp-content\/uploads\/2022\/06\/Amor-y-otras-drogas.webp\" class=\"entry-image size-landscape-md\" alt=\"Due persone in uno studio creativo: una ragazza con salopette taglia stampe con righello e cutter, un ragazzo con macchina fotografica.\" srcset=\"https:\/\/neuronup.com\/it\/wp-content\/uploads\/2022\/06\/Amor-y-otras-drogas-300x200.webp 300w, https:\/\/neuronup.com\/it\/wp-content\/uploads\/2022\/06\/Amor-y-otras-drogas-768x512.webp 768w, https:\/\/neuronup.com\/it\/wp-content\/uploads\/2022\/06\/Amor-y-otras-drogas.webp 1000w\" sizes=\"(max-width:599px) 599px, (min-width:600px) and (max-width: 799px) 799px, (min-width:800px) and (max-width: 999px) 333px, (min-width:1000px) 400px\" \/><\/a><div class=\"entry-wrap entry-wrap-grid\"><h3 class=\"entry-title\" itemprop=\"headline\"><a class=\"entry-title-link\" href=\"https:\/\/neuronup.com\/it\/stimolazione-e-riabilitazione-cognitiva\/malattie-neurodegenerative\/cinque-film-sulle-malattie-neurodegenerative\/\" rel=\"bookmark\">Cinque film sulle malattie neurodegenerative<\/a><\/h3>\n<\/div><\/article><\/div><\/div>","protected":false},"excerpt":{"rendered":"<p>La neuropsicologa Diana Carolina G\u00f3mez Blanco mostra come le interventi non farmacologiche possano essere uno strumento chiave per gestire i sintomi psicologici e comportamentali nelle persone con demenza. \u201cUna persona con demenza vive in un presente in cui le cose scompaiono, le spiegazioni si dimenticano e le conversazioni non hanno senso, dove l\u2019amore \u00e8 l\u2019unica &hellip;<\/p>\n","protected":false},"author":134,"featured_media":31665,"comment_status":"open","ping_status":"open","sticky":false,"template":"","format":"standard","meta":{"_acf_changed":false,"_genesis_hide_title":false,"_genesis_hide_breadcrumbs":false,"_genesis_hide_singular_image":false,"_genesis_hide_footer_widgets":false,"_genesis_custom_body_class":"","_genesis_custom_post_class":"","_genesis_layout":"","footnotes":""},"categories":[9],"tags":[391,339,321],"class_list":{"2":"type-post","7":"category-malattie-neurodegenerative","8":"tag-demenza","9":"tag-malattie-neurodegenerative","10":"tag-salute-mentale","11":"entry"},"acf":[],"_links":{"self":[{"href":"https:\/\/neuronup.com\/it\/wp-json\/wp\/v2\/posts\/31663","targetHints":{"allow":["GET"]}}],"collection":[{"href":"https:\/\/neuronup.com\/it\/wp-json\/wp\/v2\/posts"}],"about":[{"href":"https:\/\/neuronup.com\/it\/wp-json\/wp\/v2\/types\/post"}],"author":[{"embeddable":true,"href":"https:\/\/neuronup.com\/it\/wp-json\/wp\/v2\/users\/134"}],"replies":[{"embeddable":true,"href":"https:\/\/neuronup.com\/it\/wp-json\/wp\/v2\/comments?post=31663"}],"version-history":[{"count":0,"href":"https:\/\/neuronup.com\/it\/wp-json\/wp\/v2\/posts\/31663\/revisions"}],"wp:featuredmedia":[{"embeddable":true,"href":"https:\/\/neuronup.com\/it\/wp-json\/wp\/v2\/media\/31665"}],"wp:attachment":[{"href":"https:\/\/neuronup.com\/it\/wp-json\/wp\/v2\/media?parent=31663"}],"wp:term":[{"taxonomy":"category","embeddable":true,"href":"https:\/\/neuronup.com\/it\/wp-json\/wp\/v2\/categories?post=31663"},{"taxonomy":"post_tag","embeddable":true,"href":"https:\/\/neuronup.com\/it\/wp-json\/wp\/v2\/tags?post=31663"}],"curies":[{"name":"wp","href":"https:\/\/api.w.org\/{rel}","templated":true}]}}