
{"id":31427,"date":"2024-10-15T09:30:00","date_gmt":"2024-10-15T07:30:00","guid":{"rendered":"https:\/\/neuronup.com\/it\/?p=31427"},"modified":"2025-02-28T10:04:56","modified_gmt":"2025-02-28T08:04:56","slug":"come-funziona-una-fondazione-per-la-sindrome-di-down","status":"publish","type":"post","link":"https:\/\/neuronup.com\/it\/stimolazione-e-riabilitazione-cognitiva\/disabilita-intelletiva\/sindrome-di-down\/come-funziona-una-fondazione-per-la-sindrome-di-down\/","title":{"rendered":"Come funziona una Fondazione per la sindrome di Down?"},"content":{"rendered":"\n<p class=\"has-xl-font-size\">La&nbsp;<strong>Fondazione Sindrome di Down della Regione di Murcia (FUNDOWN)<\/strong>&nbsp;spiega in questo articolo le azioni e i <strong>programmi di stimolazione e riabilitazione cognitiva<\/strong> che sviluppano per aiutare le persone con sindrome di Down.<\/p>\n\n\n\n<p>FUNDOWN&nbsp;si costituisce come una&nbsp;<strong>Fondazione senza scopo di lucro&nbsp;<\/strong>destinata all&#8217;integrazione sociale e lavorativa di giovani e adulti con sindrome di Down e altre disabilit\u00e0 intellettive dal&nbsp;<strong>9 maggio 1994<\/strong>. \u00c8 un ente senza scopo di lucro e dichiarata Fondazione Benefico-Privata di carattere assistenziale (Ordinanza del 14 maggio 1995 \u2013 BOE 18\/05\/95).<\/p>\n\n\n\n<p>Come stabilito nell&#8217;articolo 4 del suo Statuto, gli scopi di FUNDOWN sono&nbsp;<strong><em>\u201cla promozione e realizzazione di tutte le attivit\u00e0 che contribuiscano al miglioramento delle condizioni di vita e favoriscano la piena integrazione familiare, sociale e lavorativa e lo sviluppo di una vita normale, delle persone con la sindrome di Down, nel quadro di solidariet\u00e0 rispetto ad altre eziologie che comportano qualche tipo di disabilit\u00e0\u201d<\/em><\/strong>.<\/p>\n\n\n\n<h2 class=\"wp-block-heading\" id=\"obiettivi-della-fondazione-sindrome-di-down-della-regione-di-murcia\">Obiettivi della Fondazione Sindrome di Down della Regione di Murcia<\/h2>\n\n\n\n<p>Uno degli obiettivi essenziali di FUNDOWN \u00e8&nbsp;<strong>l&#8217;integrazione globale e totale della persona con disabilit\u00e0 nella societ\u00e0.<\/strong>&nbsp;Si mira a far s\u00ec che le persone con sindrome di Down o con qualsiasi altro tipo di disabilit\u00e0 intellettiva abbiano&nbsp;<strong>accesso<\/strong>&nbsp;o la possibilit\u00e0 di avere una&nbsp;<strong>socializzazione<\/strong>&nbsp;adeguata e normalizzata nella comunit\u00e0.<\/p>\n\n\n\n<p>La Fondazione ha sviluppato un lavoro ampio e intenso, cercando di rispondere ai bisogni e alle richieste dei nostri utenti e delle loro famiglie. Per realizzare queste aspirazioni,&nbsp;<strong>FUNDOWN<\/strong>&nbsp;impregna ciascuno dei servizi, programmi e azioni che si sviluppano con valori quali&nbsp;<strong>autonomia, indipendenza, rispetto, autodeterminazione, presa di decisioni e controllo della propria vita.<\/strong>&nbsp;Tutto ci\u00f2, con l\u2019obiettivo che le persone con&nbsp;<strong>disabilit\u00e0 intellettiva<\/strong>&nbsp;possano partecipare al proprio ambiente come ciascuna sceglie, con i diritti e i doveri che spettano loro come cittadini, e mettendo in atto le misure necessarie per equiparare le loro opportunit\u00e0 a quelle che avrebbero se non avessero tale disabilit\u00e0. Con questa mentalit\u00e0, la Fondazione \u00e8 cresciuta e ha creato servizi che puntano a un lavoro integrale con la persona per&nbsp;<strong>potenziare il livello di autonomia e indipendenza<\/strong>&nbsp;in tutti gli ambiti della sua vita.<\/p>\n\n\n\n<h3 class=\"wp-block-heading\" id=\"azioni-e-programmi\">Azioni e programmi<\/h3>\n\n\n\n<p>Le azioni e i programmi che vengono realizzati dalla Fondazione Sindrome di Down della Regione di Murcia partecipano dei principi e dei valori che definiscono la filosofia di quella che chiamiamo&nbsp;<strong>Scuola di Vita.<\/strong>&nbsp;<\/p>\n\n\n\n<p>Questa filosofia promuove che le persone con disabilit\u00e0 intellettiva possano partecipare al proprio ambiente come ciascuna sceglie, con i diritti e i doveri che spettano loro come cittadini, e mettendo in atto le misure necessarie per<strong>&nbsp;equiparare le loro opportunit\u00e0<\/strong>&nbsp;a quelle che avrebbero se non avessero tale disabilit\u00e0. Ci\u00f2 implica un rigoroso rispetto della diversit\u00e0, che deve essere appreso sia dalla persona con disabilit\u00e0 stessa, sia dalla sua famiglia e dall\u2019ambiente che la circonda.<\/p>\n\n\n\n<p>Da questa linea di pensiero, si comprende che i processi di inserimento sociale e lavorativo degli utenti devono essere orientati verso il raggiungimento di una vita il pi\u00f9 autonoma e indipendente possibile. Cos\u00ec, valori e principi come&nbsp;<strong>autodeterminazione<\/strong>,&nbsp;<strong>controllo della propria vita<\/strong>,&nbsp;<strong>autonomia<\/strong>,&nbsp;<strong>capacit\u00e0 di scegliere<\/strong>&nbsp;o&nbsp;<strong>indipendenza<\/strong>&nbsp;sono presenti sia nel modo in cui&nbsp;<strong>FUNDOWN<\/strong>&nbsp;si organizza, sia nei diversi programmi e progetti realizzati con gli utenti e le loro famiglie.<\/p>\n\n\n\n<h3 class=\"wp-block-heading\" id=\"servizi\">Servizi<\/h3>\n\n\n\n<p>La Fondazione Sindrome di Down della Regione di Murcia offre due servizi alle persone con disabilit\u00e0 intellettiva:<\/p>\n\n\n\n<ul class=\"wp-block-list\">\n<li>Il Servizio per la Promozione dell&#8217;Autonomia Personale:&nbsp;<strong>SEPAP<\/strong><\/li>\n\n\n\n<li>Il Servizio di Formazione Professionale e Lavoro:&nbsp;<strong>SEFE<\/strong><\/li>\n<\/ul>\n\n\n\n<p>Entrambi rispondono a un&nbsp;<strong>modello adattato<\/strong>&nbsp;alla nuova mentalit\u00e0 sociale che favorisce l&#8217;integrazione sociale di questo collettivo ai massimi livelli, permettendo di superare i modelli pi\u00f9 protettivi e limitanti che erano previsti per le persone con disabilit\u00e0 come unica opzione, favorendo cos\u00ec il miglioramento della qualit\u00e0 della vita nel collettivo.<\/p>\n\n\n\n<p>La Fondazione Sindrome di Down della Regione di Murcia comprende che il miglioramento della qualit\u00e0 della vita del collettivo delle persone con disabilit\u00e0 intellettiva deve essere cercato promuovendo lo sviluppo di una vita normale che faciliti la loro piena integrazione in tutti gli ambiti della vita, in un costante&nbsp;<strong>rispetto della diversit\u00e0<\/strong>.<\/p>\n\n\n\n<h3 class=\"wp-block-heading\" id=\"linee-di-lavoro\">Linee di lavoro<\/h3>\n\n\n\n<p>Sotto questa linea di pensiero, le linee di lavoro approvate dal Consiglio di Fondazione si articolano attorno a tre aspetti chiave.<\/p>\n\n\n\n<ol class=\"wp-block-list\">\n<li><strong>Promuovere un atteggiamento favorevole<\/strong>&nbsp;che consenta di potenziare e sfruttare appieno le capacit\u00e0 delle persone con disabilit\u00e0, eliminando gli ostacoli e compensando le loro carenze affinch\u00e9 possano integrarsi nella societ\u00e0 in condizioni di normalit\u00e0.<\/li>\n\n\n\n<li>Stabilire una rigorosa, continua e aggiornata&nbsp;<strong>valutazione delle loro capacit\u00e0 e competenze<\/strong>, cos\u00ec come delle loro <strong>limitazioni e restrizioni<\/strong>.<\/li>\n\n\n\n<li><strong>Rivendicare i diritti personali<\/strong>&nbsp;stabiliti dalla legislazione vigente e il riconoscimento di altri diritti che potrebbero consentirgli, anche attraverso una discriminazione positiva, di raggiungere una vita autonoma e indipendente, ove possibile.<\/li>\n<\/ol>\n\n\n<div class=\"wp-block-image image-interface\">\n<figure class=\"aligncenter size-full\"><img decoding=\"async\" width=\"1024\" height=\"620\" src=\"https:\/\/neuronup.com\/it\/wp-content\/uploads\/2024\/10\/fundown-1-scaled-1.webp\" alt=\"\u00a0Fondazione Sindrome di Down della Regione di Murcia\" class=\"wp-image-31436\" srcset=\"https:\/\/neuronup.com\/it\/wp-content\/uploads\/2024\/10\/fundown-1-scaled-1-300x182.webp 300w, https:\/\/neuronup.com\/it\/wp-content\/uploads\/2024\/10\/fundown-1-scaled-1-768x465.webp 768w, https:\/\/neuronup.com\/it\/wp-content\/uploads\/2024\/10\/fundown-1-scaled-1.webp 1024w\" sizes=\"(max-width: 1024px) 100vw, 1024px\" \/><figcaption class=\"wp-element-caption\">&nbsp;Fondazione Sindrome di Down della Regione di Murcia<\/figcaption><\/figure>\n<\/div>\n\n\n<h2 class=\"wp-block-heading\" id=\"aree-di-lavoro-della-fondazione-sindrome-di-down-della-regione-di-murcia\">Aree di lavoro della Fondazione Sindrome di Down della Regione di Murcia<\/h2>\n\n\n\n<p>Tra le aree di lavoro e le azioni che fanno parte del meccanismo di FUNDOWN spiccano quattro aree trasversali:<\/p>\n\n\n\n<ul class=\"wp-block-list\">\n<li>Lavoro sociale.<\/li>\n\n\n\n<li>Psicologia.<\/li>\n\n\n\n<li>Pedagogia.<\/li>\n\n\n\n<li>Logopedia.<\/li>\n<\/ul>\n\n\n\n<p>Sono aree&nbsp;<strong>trasversali<\/strong> perch\u00e9 il loro ambito di intervento non \u00e8 limitato n\u00e9 a una fase della vita dell&#8217;utente n\u00e9 a un programma o azione specifica, ma la loro peculiarit\u00e0 \u00e8 quella di accompagnare l&#8217;utente e la sua famiglia per tutta la durata della loro permanenza nella Fondazione.<\/p>\n\n\n\n<p>Le altre aree sono specifiche:<\/p>\n\n\n\n<ul class=\"wp-block-list\">\n<li>Formazione integrale e continua.<\/li>\n\n\n\n<li>Residenze condivise.<\/li>\n\n\n\n<li>Transizione verso il mondo del lavoro e l&#8217;area dell&#8217;occupazione.<\/li>\n<\/ul>\n\n\n\n<p>Passiamo a presentare, in modo riassuntivo, ci\u00f2 che viene svolto in ciascuna delle aree della Fondazione e le presenteremo in ordine secondo le quali l&#8217;utente entra in contatto con esse al suo ingresso in FUNDOWN.<\/p>\n\n\n\n<h3 class=\"wp-block-heading\" id=\"1-area-di-lavoro-sociale-nella-fondazione-sindrome-di-down-della-regione-di-murcia\">1. Area di Lavoro Sociale nella Fondazione Sindrome di Down della Regione di Murcia<\/h3>\n\n\n\n<p>\u00c8 un&#8217;area trasversale all&#8217;interno del funzionamento globale dei Servizi della Scuola di Vita di Fundown \u2013<strong>SEPAP E SEFE<\/strong>. Il suo carattere trasversale deriva dal fatto che \u00e8 un&#8217;area che assiste tutti gli utenti e le loro famiglie, durante tutto il loro percorso vitale in FUNDOWN.<\/p>\n\n\n\n<p>Le nostre azioni e interventi si svolgono non solo all&#8217;interno dei centri e dei servizi della Fondazione, ma anche nei&nbsp;<strong>contesti comunitari<\/strong>&nbsp;in cui i nostri utenti e le loro famiglie sono inseriti (residenze, luoghi di lavoro, centri sanitari, ecc.).<\/p>\n\n\n\n<h4 class=\"wp-block-heading\" id=\"programmi\">Programmi<\/h4>\n\n\n\n<p>Svolge tutte le sue azioni attorno a 6 programmi, uno dei quali comprende due programmi di intervento paralleli:<\/p>\n\n\n\n<ol class=\"wp-block-list\">\n<li>Informazione, Orientamento e Consulenza: Questo programma \u00e8 rivolto a fornire all&#8217;utente e alla sua famiglia tutte le informazioni necessarie sulla Scuola di Vita di FUNDOWN e su altri servizi comunitari di loro interesse, in base alle loro caratteristiche e necessit\u00e0. Inoltre, mira a fornire supporto individualizzato alle famiglie e agli utenti che, in modo occasionale o continuativo, necessitano di consulenza.<\/li>\n\n\n\n<li>Valutazione socio-familiare: Si concentra sulla valutazione sociale degli utenti e delle loro famiglie, culminando nella stesura del relativo rapporto sociale. L&#8217;obiettivo \u00e8 ottenere una visione e una conoscenza globale della situazione dell&#8217;utente e della famiglia, per poter programmare un intervento adeguato, valutando la possibilit\u00e0 del loro inserimento nei programmi gi\u00e0 attivi nell&#8217;Area.<\/li>\n\n\n\n<li>Gestione e Accompagnamento: Ha come obiettivo prioritario fornire il supporto di cui sia gli utenti che le loro famiglie hanno bisogno in determinati momenti, per eseguire qualsiasi tipo di pratica amministrativa, legata alla salute o alla dipendenza.<\/li>\n\n\n\n<li>Inclusione socio-familiare: L&#8217;obiettivo principale del programma \u00e8 sostenere la famiglia nel suo contesto socio-familiare, fornendo ai membri le risorse necessarie per svolgere le Attivit\u00e0 della Vita Quotidiana, organizzare e gestire i compiti del giorno.<\/li>\n\n\n\n<li>Dipendenza: Attraverso questo programma vengono fornite informazioni, orientamento e consulenza su questo tipo di pratiche, nonch\u00e9 supporto nella gestione. Durante il processo di assistenza viene effettuato un monitoraggio completo di tutti i fascicoli di ciascun utente.<\/li>\n\n\n\n<li>Assistenza alle Famiglie: L\u2019obiettivo \u00e8 offrire supporto alle famiglie dei nostri utenti in un contesto di gruppo, partecipativo, dinamico e di scambio di esperienze tra famiglie con preoccupazioni e interessi simili. Si sviluppa lungo due linee principali.<\/li>\n<\/ol>\n\n\n\n<ul class=\"wp-block-list\">\n<li>Programma Scuola per Genitori: Con questo programma si mira ad ampliare le conoscenze e la formazione dei genitori su argomenti legati ai loro figli e\/o familiari e su altri temi di interesse. Si offre loro uno spazio di apprendimento e scambio di esperienze, fondamentale per permettere alle famiglie di condividere le loro paure e timori, naturali e comprensibili, legati alla crescita e autodeterminazione dei loro figli.<\/li>\n<\/ul>\n\n\n\n<ul class=\"wp-block-list\">\n<li>Programma Scuola per Fratelli: Con questo programma vogliamo ottenere un maggiore coinvolgimento e successo dei fratelli e delle sorelle nell&#8217;educazione, nella formazione e in altri aspetti importanti che favoriscano il miglioramento della qualit\u00e0 della vita dei loro fratelli con disabilit\u00e0.<\/li>\n<\/ul>\n\n\n\n<div class=\"wp-block-columns is-layout-flex wp-container-core-columns-is-layout-9d6595d7 wp-block-columns-is-layout-flex\">\n<div class=\"wp-block-column is-layout-flow wp-block-column-is-layout-flow\"><div class=\"wp-block-image\">\n<figure class=\"aligncenter size-full is-resized\"><img decoding=\"async\" width=\"522\" height=\"327\" src=\"https:\/\/neuronup.com\/it\/wp-content\/uploads\/2024\/10\/fundown-3.webp\" alt=\"La Fondazione FUNDOWN svolge attivit\u00e0 con i suoi pazienti\" class=\"wp-image-31431\" style=\"width:532px;height:auto\" srcset=\"https:\/\/neuronup.com\/it\/wp-content\/uploads\/2024\/10\/fundown-3-300x188.webp 300w, https:\/\/neuronup.com\/it\/wp-content\/uploads\/2024\/10\/fundown-3.webp 522w\" sizes=\"(max-width: 522px) 100vw, 522px\" \/><figcaption class=\"wp-element-caption\">La Fondazione FUNDOWN svolge attivit\u00e0 con i suoi pazienti<\/figcaption><\/figure>\n<\/div><\/div>\n\n\n\n<div class=\"wp-block-column is-layout-flow wp-block-column-is-layout-flow\"><div class=\"wp-block-image\">\n<figure class=\"aligncenter size-full\"><img decoding=\"async\" width=\"432\" height=\"371\" src=\"https:\/\/neuronup.com\/it\/wp-content\/uploads\/2024\/10\/fundown-2.webp\" alt=\"Come funziona una Fondazione per la sindrome di Down? La Fondazione FUNDOWN svolge attivit\u00e0 con i pazienti\" class=\"wp-image-31432\" srcset=\"https:\/\/neuronup.com\/it\/wp-content\/uploads\/2024\/10\/fundown-2-300x258.webp 300w, https:\/\/neuronup.com\/it\/wp-content\/uploads\/2024\/10\/fundown-2.webp 432w\" sizes=\"(max-width: 432px) 100vw, 432px\" \/><figcaption class=\"wp-element-caption\">La Fondazione FUNDOWN svolge attivit\u00e0 con i pazienti<\/figcaption><\/figure>\n<\/div><\/div>\n<\/div>\n\n\n\n<h3 class=\"wp-block-heading\">2. Area di Psicologia<\/h3>\n\n\n\n<p>L&#8217;Area Trasversale Psicologica si colloca all&#8217;interno del funzionamento globale dei Servizi della <strong><em>Scuola di Vita<\/em><\/strong> di FUNDOWN -SEPAP E SEFE- con la particolarit\u00e0 di accompagnare l&#8217;utente dei servizi e la sua famiglia durante la permanenza nella Fondazione.<\/p>\n\n\n\n<p>L&#8217;obiettivo fondamentale dell&#8217;Area di Psicologia \u00e8 fornire agli utenti le <strong>strategie personali adeguate per ottenere i migliori risultati in autonomia emotiva, cognitiva e comportamentale<\/strong>. Promuoviamo, cio\u00e8, il grado in cui la persona \u00e8 in grado di orientarsi secondo i propri criteri.<\/p>\n\n\n\n<h4 class=\"wp-block-heading\" id=\"autonomia-cognitiva\">Autonomia cognitiva<\/h4>\n\n\n\n<p>L&#8217;<strong>aspetto cognitivo<\/strong> integra una posizione individuale che resiste alla pressione esercitata dalle opinioni dei genitori e del gruppo di amici, portando l&#8217;utente a basarsi sul proprio criterio (<em><u>autonomia cognitiva<\/u><\/em>). Inoltre, vengono trattati gli aspetti dell&#8217;<strong>indipendenza<\/strong> legati ai cambiamenti nelle relazioni strette dell&#8217;individuo rispetto ai genitori e ad altri agenti sociali.<\/p>\n\n\n\n<h4 class=\"wp-block-heading\" id=\"autonomia-emozionale\">Autonomia emozionale<\/h4>\n\n\n\n<p>L&#8217;autonomia emozionale contribuisce alla <strong>valutazione personale<\/strong> degli eventi, poich\u00e9 l&#8217;affettivit\u00e0 abbraccia la totalit\u00e0 dell&#8217;essere personale. Pertanto, \u00e8 una delle risorse pi\u00f9 potenti dello sviluppo socio-personale e richiede l&#8217;esercizio delle operazioni formali che comportano la capacit\u00e0 di gestire i propri <strong>sentimenti ed emozioni<\/strong> e quelli degli altri, discriminare tra di essi e usare queste informazioni per guidare pensieri e azioni personali (Covey, 2000).<\/p>\n\n\n\n<p>Oggi \u00e8 riconosciuta come <strong>intelligenza emotiva<\/strong> e fa parte della capacit\u00e0 che permette di partecipare a una situazione mediante la sua comprensione affettiva; \u00e8 una sorta di motivazione intrinseca che consente una migliore conoscenza di s\u00e9 e una connessione con gli altri (<em><u>autonomia emozionale<\/u><\/em>).<\/p>\n\n\n\n<h4 class=\"wp-block-heading\" id=\"autonomia-comportamentale\">Autonomia comportamentale<\/h4>\n\n\n\n<p>Viene allenata anche la capacit\u00e0 di <strong>prendere decisioni indipendenti<\/strong> e di assumersene la responsabilit\u00e0. Questa \u00e8 la <strong>capacit\u00e0 di autogestione<\/strong>, il grado in cui una persona di solito decide e agisce per conto proprio. Implica un processo decisionale durante il quale la persona impara e inizia a definirsi personalmente in vari ambiti significativi e ad accettare gradualmente la responsabilit\u00e0 delle proprie azioni (<em><u>autonomia comportamentale<\/u><\/em>). Puntiamo sulle capacit\u00e0 delle persone e le accompagniamo a scoprirle, fornendo loro fiducia e una percezione di futuro.<\/p>\n\n\n\n<p>Le azioni svolte dall&#8217;area sono orientate a coprire le necessit\u00e0 di <strong>sostegno<\/strong> psicologico, cognitivo ed emotivo presentate <strong>dagli utenti e dalle famiglie<\/strong>, con l&#8217;obiettivo di promuovere al massimo le loro possibilit\u00e0 di autonomia personale. Queste azioni si sviluppano attraverso i processi di valutazione, orientamento, intervento psicologico e follow-up.<\/p>\n\n\n\n<p>Comprendiamo le diverse discipline della professione: Psicologia sociale, psicologia dell&#8217;educazione, psicologia del lavoro, psicologia giuridica e soprattutto la psicologia della salute.<\/p>\n\n\n\n<h4 class=\"wp-block-heading\" id=\"disabilita-associate\">Disabilit\u00e0 associate<\/h4>\n\n\n\n<p>La popolazione con disabilit\u00e0 intellettiva pu\u00f2, o meno, presentare altre disabilit\u00e0 associate, <strong>fisiche, sensoriali e mentali<\/strong> come i disturbi psichiatrici o i disturbi comportamentali. \u00c8 stato dimostrato che esiste un&#8217; <strong>alta prevalenza di diagnosi doppie<\/strong> all&#8217;interno della disabilit\u00e0 intellettiva (20%, 40% e studi che dimostrano l&#8217;esistenza di fino al 60% di problemi psicologici associati alla disabilit\u00e0 intellettiva, congeniti o acquisiti).<\/p>\n\n\n\n<p>Il lavoro con disabilit\u00e0 intellettiva \u00e8 passato dall&#8217;essere centrato, durante l&#8217;infanzia, su un intervento puramente educativo e durante l&#8217;et\u00e0 adulta, su un intervento assistenziale e puramente farmacologico, a un <strong>approccio preventivo e integrativo<\/strong>. Questo <strong>aumenta l&#8217;aspettativa di vita<\/strong> e quindi il campo di intervento. L&#8217;intervento sanitario dello psicologo \u00e8 considerato un&#8217;azione essenziale nell&#8217;assistenza alle persone con disabilit\u00e0 intellettiva, soprattutto, contemplando le attuali linee di lavoro all&#8217;avanguardia in questo campo professionale da un approccio biopsicosociale, il che avr\u00e0 inevitabili ripercussioni nella promozione continua dell&#8217; <strong>autonomia personale e la prevenzione<\/strong> e nel sostegno al loro successivo deterioramento e dipendenza.<\/p>\n\n\n\n<p>Ci occupiamo della prevenzione e del ritardo del deterioramento cognitivo causato dal passare degli anni e dalle demenze. Per questo \u00e8 importante prendersi cura della salute mentale in tutte le fasi della vita dell&#8217;utente.<\/p>\n\n\n\n<h3 class=\"wp-block-heading\" id=\"azioni-nell-area-di-psicologia\">Azioni nell&#8217;area di psicologia<\/h3>\n\n\n\n<p>L&#8217;area di Psicologia dispone di sei professionisti che svolgono le seguenti azioni:<\/p>\n\n\n\n<p><strong>1. Processo di intervento:&nbsp;<\/strong>Azioni che derivano da trattamenti, interventi psicologici o psicoterapie, mirate a migliorare e\/o risolvere problemi psicologici degli utenti della Fondazione, siano essi di natura personale, sociale o familiare. Le terapie possono essere a breve, medio o lungo termine e comportano l&#8217;applicazione di un trattamento psicologico, scientificamente validato e basato sull&#8217;evidenza, per la soluzione di problemi psicologici o psichiatrici.<\/p>\n\n\n\n<p><strong>2. Processo di follow-up:&nbsp;<\/strong>Questo processo garantisce il mantenimento di quanto acquisito attraverso gli interventi precedenti, oltre a perseguire la prevenzione e la rilevazione di possibili alterazioni psicologiche negli utenti del servizio.<\/p>\n\n\n\n<p id=\"4-intervento-psicologico-nelle-abitazioni-condivise-consiste-nella-valutazione-di-utenti-famiglie-e-mediatori-nellorientamento-psicologico-al-team-tecnico-e-famiglie-intervento-psicologico-per-i-partecipanti-formazione-psicoeducazione-e-divulgazione\"><strong>3.Intervento psicologico nelle Abitazioni Condivise:&nbsp;<\/strong>Consiste nella valutazione di utenti, famiglie e mediatori, nell&#8217;orientamento psicologico al team tecnico, mediatori e famiglie, intervento psicologico per i partecipanti, formazione, psicoeducazione e divulgazione.<\/p>\n\n\n\n<p><strong>4. Valutazione psicologica per la valutazione della Dipendenza:&nbsp;<\/strong>Valutazione del grado di dipendenza per le persone con disabilit\u00e0 intellettiva secondo il BVD (Baremo per la Valutazione della Dipendenza) e secondo i criteri dell&#8217;IMAS, basandosi sul Questionario specifico creato dall&#8217;Area per tale scopo.<\/p>\n\n\n\n<p><strong>5. Valutazione dell&#8217;autonomia personale:&nbsp;<\/strong>Valutazione del livello di autonomia personale di ciascun utente attraverso l&#8217;applicazione di test psicologici mirati a valutare il comportamento adattivo e la funzionalit\u00e0 delle persone valutate.<\/p>\n\n\n\n<p><strong>6. Coordinamento con gli altri servizi della Fondazione FUNDOWN<\/strong> (SEPAP e SEFE),&nbsp; fornendo orientamenti tecnici attraverso il Dipartimento di Psicologia per l&#8217;inclusione delle azioni psicologiche all&#8217;interno del PEI degli utenti che necessitano di un intervento psicologico (Piano Educativo Individualizzato).<\/p>\n\n\n\n<h2 class=\"wp-block-heading\" id=\"programma-di-stimolazione-e-riabilitazione-cognitiva-degli-utenti\">Programma di Stimolazione e Riabilitazione Cognitiva degli utenti<\/h2>\n\n\n\n<p>\u00c8 in quest&#8217;area, e all&#8217;interno del processo di <strong>intervento psicologico di gruppo e individuale<\/strong>, che si introduce il Programma di Stimolazione e Riabilitazione Cognitiva degli utenti.<\/p>\n\n\n\n<p>Questo programma ha senso dal punto di vista del miglioramento delle competenze cognitive dei nostri utenti e della riabilitazione o mantenimento delle capacit\u00e0 danneggiate o deteriorate. Tenendo conto delle caratteristiche cognitive e di personalit\u00e0 della popolazione per la quale lavoriamo, diventa <strong>indispensabile migliorare la funzionalit\u00e0 e le competenze cognitive<\/strong> per varie circostanze che spaziano dalla disabilit\u00e0 intellettiva, danni derivati da problemi organici come crisi epilettiche, episodi psicotici, malattie mentali gravi associate alla loro stessa disabilit\u00e0, consumo di sostanze, trattamenti con psicofarmaci, e altre disabilit\u00e0 sopraggiunte come incidenti o traumi, ictus, ecc.<\/p>\n\n\n\n<p>La disabilit\u00e0 intellettiva \u00e8 spesso accompagnata da altre disabilit\u00e0 (fisiche, sensoriali, psichiatriche, ecc&#8230;) che influenzano il rendimento e l&#8217;efficacia cognitiva delle persone che ne sono affette.<\/p>\n\n\n\n<p>Sin dall&#8217;inizio, l&#8217;Area di psicologia, dopo la valutazione psicologica e neuropsicologica degli utenti, ha compreso che era assolutamente necessario creare un Programma di Stimolazione e Riabilitazione Cognitiva che <strong>fornisse ai nostri utenti le necessit\u00e0 individuali rilevate per promuovere la loro salute neuropsicologica<\/strong> e, di conseguenza, raggiungere il nostro obiettivo finale: la promozione dell&#8217;autonomia personale del nostro collettivo.<\/p>\n\n\n\n<h3 class=\"wp-block-heading\" id=\"miglioriamo-l-intervento-con-neuronup\">Miglioriamo l&#8217;intervento con NeuronUP<\/h3>\n\n\n\n<p>Alla Fondazione Sindrome di Down della Regione di Murcia stavamo implementando da anni il nostro programma quando abbiamo scoperto il programma NeuronUP.<\/p>\n\n\n\n<figure class=\"wp-block-gallery has-nested-images columns-default is-cropped wp-block-gallery-1 is-layout-flex wp-block-gallery-is-layout-flex\">\n<figure class=\"wp-block-image size-full\"><img decoding=\"async\" width=\"589\" height=\"594\" data-id=\"31438\" src=\"https:\/\/neuronup.com\/it\/wp-content\/uploads\/2024\/10\/fundown-7.webp\" alt=\"Come funziona una Fondazione per la sindrome di Down? La Fundacion FUNDOWN svolge attivit\u00e0 NeuronUP con i suoi pazienti affetti da sindrome di Down.\" class=\"wp-image-31438\" srcset=\"https:\/\/neuronup.com\/it\/wp-content\/uploads\/2024\/10\/fundown-7-80x80.webp 80w, https:\/\/neuronup.com\/it\/wp-content\/uploads\/2024\/10\/fundown-7-150x150.webp 150w, https:\/\/neuronup.com\/it\/wp-content\/uploads\/2024\/10\/fundown-7-297x300.webp 297w, https:\/\/neuronup.com\/it\/wp-content\/uploads\/2024\/10\/fundown-7.webp 589w\" sizes=\"(max-width: 589px) 100vw, 589px\" \/><\/figure>\n\n\n\n<figure class=\"wp-block-image size-full\"><img decoding=\"async\" width=\"614\" height=\"592\" data-id=\"31439\" src=\"https:\/\/neuronup.com\/it\/wp-content\/uploads\/2024\/10\/fundown-8.webp\" alt=\"La Fundacion FUNDOWN svolge attivit\u00e0 NeuronUP con i suoi pazienti affetti da sindrome di Down.\" class=\"wp-image-31439\" srcset=\"https:\/\/neuronup.com\/it\/wp-content\/uploads\/2024\/10\/fundown-8-300x289.webp 300w, https:\/\/neuronup.com\/it\/wp-content\/uploads\/2024\/10\/fundown-8.webp 614w\" sizes=\"(max-width: 614px) 100vw, 614px\" \/><\/figure>\n\n\n\n<figure class=\"wp-block-image size-large\"><img decoding=\"async\" width=\"1024\" height=\"962\" data-id=\"31434\" src=\"https:\/\/neuronup.com\/it\/wp-content\/uploads\/2024\/10\/La-Fundacion-Sindrome-de-Down-de-la-Region-de-Murcia-FUNDOWN-explica-en-este-articulo-las-acciones-y-programas-de-estimulacion-y-rehabilitacion-cognitiva-1024x962.webp\" alt=\"La Fondazione per la Sindrome di Down della Regione di Murcia (FUNDOWN) spiega in questo articolo le azioni e i programmi di stimolazione e riabilitazione cognitiva.\" class=\"wp-image-31434\" srcset=\"https:\/\/neuronup.com\/it\/wp-content\/uploads\/2024\/10\/La-Fundacion-Sindrome-de-Down-de-la-Region-de-Murcia-FUNDOWN-explica-en-este-articulo-las-acciones-y-programas-de-estimulacion-y-rehabilitacion-cognitiva-300x282.webp 300w, https:\/\/neuronup.com\/it\/wp-content\/uploads\/2024\/10\/La-Fundacion-Sindrome-de-Down-de-la-Region-de-Murcia-FUNDOWN-explica-en-este-articulo-las-acciones-y-programas-de-estimulacion-y-rehabilitacion-cognitiva-768x721.webp 768w, https:\/\/neuronup.com\/it\/wp-content\/uploads\/2024\/10\/La-Fundacion-Sindrome-de-Down-de-la-Region-de-Murcia-FUNDOWN-explica-en-este-articulo-las-acciones-y-programas-de-estimulacion-y-rehabilitacion-cognitiva-1024x962.webp 1024w, https:\/\/neuronup.com\/it\/wp-content\/uploads\/2024\/10\/La-Fundacion-Sindrome-de-Down-de-la-Region-de-Murcia-FUNDOWN-explica-en-este-articulo-las-acciones-y-programas-de-estimulacion-y-rehabilitacion-cognitiva.webp 1200w\" sizes=\"(max-width: 1024px) 100vw, 1024px\" \/><\/figure>\n<\/figure>\n\n\n\n<p><strong>La piattaforma NeuronUP ha facilitato in modo significativo il lavoro degli psicologi e delle psicologhe della Fondazione<\/strong>, permettendoci di migliorare la qualit\u00e0 dei nostri interventi a livello cognitivo e aiutandoci a raggiungere i seguenti obiettivi:<\/p>\n\n\n\n<ul class=\"wp-block-list\">\n<li><strong>Motivare gli utenti con nuovi esercizi<\/strong>, e consentire loro di svolgerli in modalit\u00e0 digitale (utilizzando tablet, computer e lavagne interattive). Il formato offerto dalla piattaforma NeuronUP \u00e8 molto motivante per i nostri utenti.<\/li>\n\n\n\n<li><strong>Pianificare con maggiore rapidit\u00e0<\/strong> e in modo personalizzato.<\/li>\n\n\n\n<li><strong>Accedere a una vasta gamma di esercizi classificati<\/strong> per area cognitiva.<\/li>\n\n\n\n<li><strong>Facilitare la correzione degli esercizi<\/strong> quando vengono svolti online.<\/li>\n\n\n\n<li><strong>Creare facilmente nuovi esercizi con i generatori<\/strong>.<\/li>\n\n\n\n<li><strong>Selezionare esercizi in base al livello di difficolt\u00e0 e alla capacit\u00e0 cognitiva<\/strong> dei nostri utenti, oltre ad adattarli a problemi di lettura e scrittura, uditivi, visivi, ecc.<\/li>\n\n\n\n<li><strong>Effettuare il monitoraggio delle prestazioni degli utenti online<\/strong>, consentendoci di osservare le loro difficolt\u00e0 o miglioramenti per pianificare nuove sessioni. Questo facilita anche la valutazione e l&#8217;evoluzione degli utenti.<\/li>\n\n\n\n<li><strong>Migliorare la pianificazione organizzando sessioni diverse<\/strong>, e\/o programmi.<\/li>\n\n\n\n<li><strong>Utilizzare e combinare diverse modalit\u00e0 di lavoro<\/strong>: individuale, a coppie e in gruppo.<\/li>\n<\/ul>\n\n\n\n<p><strong>Quindi, l&#8217;uso di NeuronUP ci aiuta e\/o facilita il raggiungimento degli obiettivi principali dei nostri utenti di autonomia e indipendenza.<\/strong><\/p>\n\n\n\n<div style=\"height:50px\" aria-hidden=\"true\" class=\"wp-block-spacer\"><\/div>\n\n\n\n\n\n<h3 class=\"wp-block-heading\" id=\"3-area-di-pedagogia\">3. Area di Pedagogia<\/h3>\n\n\n\n<p>Quest&#8217;area si inserisce nella struttura operativa della Scuola di Vita di <strong>FUNDOWN<\/strong> come area trasversale, con lo scopo principale di supervisionare i processi di insegnamento\/apprendimento che hanno luogo nei nostri servizi <strong>(SEPAP e SEFE)<\/strong>, le loro aree e i programmi e le azioni che li integrano. A tale scopo, si avvale di tre pedagogiste specializzate in orientamento, pianificazione, valutazione, diagnosi e intervento educativo.<\/p>\n\n\n\n<p>I processi di <strong>supervisione<\/strong> e consulenza attuati dalla nostra area riguardano sia gli utenti e le loro famiglie, sia i professionisti della nostra entit\u00e0 e quelli della nostra comunit\u00e0 che in qualche modo incidono nel processo vitale dei nostri utenti.<\/p>\n\n\n\n<p>Una delle nostre linee di intervento prioritarie consiste nell&#8217;<strong>identificazione dei livelli di competenza curricolare<\/strong> dei nostri utenti, al fine di determinare un <strong>itinerario formativo individualizzato<\/strong> e adeguato alle loro esigenze reali in un dato momento, nonch\u00e9 articolare le azioni necessarie e indispensabili per garantire che i processi formativi si svolgano in modo efficace e promuovano il massimo grado di autonomia possibile.<\/p>\n\n\n\n<h4 class=\"wp-block-heading\" id=\"linee-di-azione\">Linee di azione<\/h4>\n\n\n\n<p>Le linee di azione che realizziamo sono orientate a:<\/p>\n\n\n\n<ul class=\"wp-block-list\">\n<li>Analisi, valutazione e diagnosi pedagogica<\/li>\n\n\n\n<li>Progettazione, monitoraggio e valutazione di programmi educativi<\/li>\n\n\n\n<li>Pianificazione e progettazione di piani di formazione individuali e di gruppo<\/li>\n\n\n\n<li>Valutazione dei processi di insegnamento\/apprendimento<\/li>\n\n\n\n<li>Progettazione e applicazione di metodologie educative innovative<\/li>\n\n\n\n<li>Progettazione di materiali didattici multimediali<\/li>\n\n\n\n<li>Direzione e gestione di gruppi di lavoro<\/li>\n\n\n\n<li>Creazione di reti<\/li>\n\n\n\n<li>Formazione e divulgazione di azioni<\/li>\n\n\n\n<li>Consulenza pedagogica a professionisti, utenti e famiglie<\/li>\n\n\n\n<li>Ricerca<\/li>\n<\/ul>\n\n\n\n<p>L&#8217;area trasversale Pedagogica promuove iniziative educative che incoraggiano i pi\u00f9 alti livelli di autonomia nei nostri utenti, favorendo la loro inclusione sociale e lavorativa. Di seguito sono dettagliate le azioni formative attualmente integrate nell&#8217;area:<\/p>\n\n\n\n<h4 class=\"wp-block-heading\" id=\"corso-di-diploma-di-istruzione-secondaria\"><strong>Corso di Diploma di Istruzione Secondaria<\/strong><\/h4>\n\n\n\n<p>Questo corso consente all&#8217;utente di acquisire un livello pi\u00f9 elevato di conoscenze educative, ottenere il diploma di scuola secondaria e, quindi, migliorare le proprie possibilit\u00e0 lavorative.<\/p>\n\n\n\n<p><strong>Supporto per la patente di guida. Patenti di classe A1 e B<\/strong><\/p>\n\n\n\n<p>Attualmente, possedere la patente di guida \u00e8 uno strumento di lavoro molto prezioso per i nostri utenti, poich\u00e9 la maggior parte dei posti di lavoro si trovano in aree industriali e spesso le linee di trasporto sono difficilmente accessibili.<\/p>\n\n\n\n<p><strong>Supporto alla formazione esterna<\/strong><\/p>\n\n\n\n<p>In questo corso l&#8217;alunno trover\u00e0: supporto e monitoraggio individualizzato; tutorati in cui l&#8217;alunno potr\u00e0 porre domande; orientamento sul tipo di prove da superare; organizzazione del tempo dell&#8217;esame; struttura dei contenuti; sviluppo dell&#8217;intuizione, agilit\u00e0, capacit\u00e0 di ragionamento e capacit\u00e0 di superare ostacoli, e tutto ci\u00f2 che l&#8217;alunno necessita per raggiungere il suo obiettivo.<\/p>\n\n\n\n<h3 class=\"wp-block-heading\" id=\"4-area-di-logopedia-nella-fondazione-sindrome-di-down-della-regione-di-murcia\">4. Area di Logopedia nella Fondazione Sindrome di Down della Regione di Murcia<\/h3>\n\n\n\n<p>L&#8217;area di Logopedia si costituisce come un&#8217;altra area all&#8217;interno del servizio di promozione dell&#8217;autonomia personale di FUNDOWN, con obiettivi prioritari la <strong>prevenzione, la diagnosi, la prognosi, il trattamento e l&#8217;evoluzione integrale dei disturbi della comunicazione umana<\/strong>, siano essi del linguaggio o del parlato, comprendendo anche la comprensione e l&#8217;espressione scritta del linguaggio e la comunicazione non verbale.<\/p>\n\n\n\n<p>Le persone con disabilit\u00e0 intellettiva hanno bisogni comunicativi che a volte possono essere alterati, non riuscendo a trasmettere ci\u00f2 di cui hanno bisogno, desiderano o vogliono, influenzando il loro benessere e le relazioni con gli altri.<\/p>\n\n\n\n<p>Lo scopo di quest&#8217;area \u00e8 <strong>riabilitare i possibili disturbi del linguaggio, parlato o comunicazione, permettendo alle persone con difficolt\u00e0 di comunicazione verbale e\/o uditiva di relazionarsi e interagire con gli altri<\/strong>, stabilendo o ampliando i canali di comunicazione attraverso sistemi alternativi o aumentativi.<\/p>\n\n\n\n<h4 class=\"wp-block-heading\" id=\"principali-linee-di-azione\">Principali linee di azione<\/h4>\n\n\n\n<ol class=\"wp-block-list\">\n<li>Alterazione della prosodia<\/li>\n\n\n\n<li>Ritardo del linguaggio e del parlato<\/li>\n\n\n\n<li>Disfasia<\/li>\n\n\n\n<li>Disfemia (tonica, clonica, mista)<\/li>\n\n\n\n<li>Ecolalia<\/li>\n\n\n\n<li>Dislessia<\/li>\n\n\n\n<li>Dislalie funzionali<\/li>\n\n\n\n<li>Malocclusione e sigillatura labiale<\/li>\n\n\n\n<li>Modello respiratorio inadeguato<\/li>\n\n\n\n<li>Problemi di soffio<\/li>\n\n\n\n<li>Problemi di deglutizione<\/li>\n\n\n\n<li>Disgrafia, disortografia<\/li>\n\n\n\n<li>Problemi di motricit\u00e0 fine<\/li>\n\n\n\n<li>Problemi di attenzione visiva e uditiva<\/li>\n\n\n\n<li>Espressione e comprensione<\/li>\n<\/ol>\n\n\n\n<div class=\"wp-block-columns alignwide are-vertically-aligned-center is-layout-flex wp-container-core-columns-is-layout-9d6595d7 wp-block-columns-is-layout-flex\">\n<div class=\"wp-block-column is-vertically-aligned-center is-layout-flow wp-block-column-is-layout-flow\" style=\"flex-basis:66.66%\">\n<h3 class=\"wp-block-heading\" id=\"5-area-di-formazione-integrale-e-continua\">5. Area di Formazione Integrale e Continua<\/h3>\n\n\n\n<p>Quest&#8217;area \u00e8 organizzata attorno a una serie di programmi orientati a fornire supporto ai nostri utenti, in modo integrale e continuativo, nei diversi ambiti che costituiscono il loro sviluppo lungo il percorso della vita.<\/p>\n<\/div>\n<\/div>\n\n\n\n<p>Di recente creazione, l&#8217;area conta su cinque professionisti e si configura come una delle nostre aree con un&nbsp;<strong>maggiore livello di innovazione<\/strong>. Questo per due motivi:<\/p>\n\n\n\n<ol class=\"wp-block-list\">\n<li>Il primo riguarda il modo in cui sono progettati i programmi. La loro&nbsp;<strong>flessibilit\u00e0<\/strong>&nbsp;e l&#8217;integrazione della conoscenza, consentono di rispondere alle esigenze specifiche di ciascun utente, fornendo una risposta reale e adeguata ai loro bisogni lungo tutta la vita.<\/li>\n\n\n\n<li>Il secondo si riferisce alla metodologia di lavoro impiegata, l\u2019<strong>Apprendimento Cooperativo<\/strong>. La scelta di questa metodologia ha portato alla riformulazione di tutti i programmi di quest&#8217;area per poterli mettere in pratica con le maggiori garanzie di successo.<\/li>\n<\/ol>\n\n\n\n<p>I programmi offerti da quest&#8217;area sono organizzati attorno a due grandi ambiti d&#8217;intervento, a seconda del tipo di popolazione a cui sono rivolti.<\/p>\n\n\n\n<h4 class=\"wp-block-heading\" id=\"programmi-base\">Programmi Base<\/h4>\n\n\n\n<p>I Programmi Base sono rivolti a tutti i nostri utenti e sono i seguenti:<\/p>\n\n\n\n<ul class=\"wp-block-list\">\n<li>Competenze Sociali<\/li>\n<\/ul>\n\n\n\n<ul class=\"wp-block-list\">\n<li>Tecnologie dell&#8217;Informazione e della Comunicazione<\/li>\n<\/ul>\n\n\n\n<ul class=\"wp-block-list\">\n<li>Formazione di Base<\/li>\n<\/ul>\n\n\n\n<ul class=\"wp-block-list\">\n<li>Tempo Libero<\/li>\n<\/ul>\n\n\n\n<ul class=\"wp-block-list\">\n<li>Affettivit\u00e0 e Sessualit\u00e0<\/li>\n<\/ul>\n\n\n\n<ul class=\"wp-block-list\">\n<li>Autonomia Urbana<\/li>\n<\/ul>\n\n\n\n<ul class=\"wp-block-list\">\n<li>Gestione del denaro<\/li>\n<\/ul>\n\n\n\n<ul class=\"wp-block-list\">\n<li>Autonomia Domestic<\/li>\n<\/ul>\n\n\n\n<h4 class=\"wp-block-heading\">Modalit\u00e0<\/h4>\n\n\n\n<p>Sono previste due modalit\u00e0 per l&#8217;attuazione di questi programmi.<\/p>\n\n\n\n<ol class=\"wp-block-list\">\n<li>La prima modalit\u00e0 prevede la&nbsp;<strong>progettazione di un percorso individuale<\/strong>. In questo caso, ogni utente, sulla base della valutazione psicopedagogica e della sua situazione personale, verrebbe inserito nella parte del programma che meglio si adatta alle sue esigenze.<\/li>\n\n\n\n<li>La seconda modalit\u00e0, che abbiamo chiamato&nbsp;<strong>programmi integrati<\/strong>, integra in ogni azione educativa l&#8217;area delle diverse discipline che meglio rispondono ai bisogni di un gruppo specifico di utenti. In questo modo, ogni azione educativa sarebbe configurata dal complesso di competenze e abilit\u00e0, relative a determinati programmi, in base alle esigenze e alle richieste dei nostri utenti.<\/li>\n<\/ol>\n\n\n\n<h5 class=\"wp-block-heading\" id=\"programmi-specifici\">Programmi Specifici<\/h5>\n\n\n\n<p>I cosiddetti Programmi Specifici sono rivolti agli utenti che si trovano nella fase iniziale di declino cognitivo, oppure in una fase pi\u00f9 avanzata.<\/p>\n\n\n\n<p>Attualmente ci sono tre programmi che rispondono a questa esigenza:<\/p>\n\n\n\n<ul class=\"wp-block-list\">\n<li>Mantenimento delle Competenze Lavorative<\/li>\n\n\n\n<li>Stimolazione delle Abilit\u00e0<\/li>\n\n\n\n<li>Competenze della vita quotidiana\/Invecchiamento Attivo<\/li>\n<\/ul>\n\n\n\n<div class=\"wp-block-columns is-layout-flex wp-container-core-columns-is-layout-9d6595d7 wp-block-columns-is-layout-flex\">\n<div class=\"wp-block-column is-layout-flow wp-block-column-is-layout-flow\" style=\"flex-basis:66.66%\">\n<h3 class=\"wp-block-heading\" id=\"6-area-di-transizione-al-mondo-del-lavoro\">6. Area di Transizione al Mondo del Lavoro<\/h3>\n\n\n\n<p>L&#8217;Area di transizione al mondo del lavoro conta attualmente su undici professionisti. Il suo obiettivo principale \u00e8&nbsp;<strong>fornire ai nostri utenti gli spazi di insegnamento\/apprendimento necessari per la loro formazione e specializzazione.&nbsp;<\/strong>Tutto ci\u00f2 in un&nbsp;<strong>profilo professionale specifico, al fine della loro futura inclusione sociale e, soprattutto, lavorativa.<\/strong><\/p>\n\n\n\n<p>\u00c8 strutturata in tre programmi principali che si sviluppano nel SEPAP e nel SEFE. In questo modo, l&#8217;area di transizione al mondo del lavoro \u00e8 un&#8217;area inter-servizi. Consente agli utenti di passare da un servizio all&#8217;altro, a seconda delle loro esigenze formative. L&#8217;obiettivo \u00e8 che&nbsp;<strong>ogni utente riceva la formazione pi\u00f9 adeguata e personalizzata al proprio stato evolutivo<\/strong>, all&#8217;interno del proprio percorso formativo.<\/p>\n\n\n\n<p>In quest&#8217;area, ci proponiamo quindi di guidare i nostri utenti nel loro percorso, aiutandoli a scoprire il loro profilo professionale, che deve essere in linea con le loro motivazioni, esigenze, aspettative e capacit\u00e0.<\/p>\n<\/div>\n\n\n\n<div class=\"wp-block-column is-layout-flow wp-block-column-is-layout-flow\" style=\"flex-basis:33.33%\">\n<figure class=\"wp-block-image size-full\"><img decoding=\"async\" width=\"266\" height=\"209\" src=\"https:\/\/neuronup.com\/it\/wp-content\/uploads\/2024\/10\/fundown-11-2-1.webp\" alt=\"Come funziona una Fondazione per la sindrome di Down? La Fundacion FUNDOWN svolge attivit\u00e0 NeuronUP con i suoi pazienti affetti da sindrome di Down.\" class=\"wp-image-31440\"\/><\/figure>\n<\/div>\n<\/div>\n\n\n\n\n\n<p>Sotto questi principi guida, l&#8217;&nbsp;<strong>Area di Transizione al Mondo del Lavoro<\/strong>&nbsp;struttura tutto il suo intervento attorno al percorso formativo degli utenti, che si articola in tre programmi, secondo il loro momento di formazione individuale. I programmi a cui ci riferiamo sono:<\/p>\n\n\n\n<ol class=\"wp-block-list\">\n<li>Programma di Orientamento Vocazionale<\/li>\n\n\n\n<li>Programmi di Formazione Professionale<\/li>\n\n\n\n<li>Programmi di Qualificazione Prelavorativa<\/li>\n<\/ol>\n\n\n\n<h4 class=\"wp-block-heading\" id=\"ademas-el-area-realiza-otras-acciones-complementarias-para-lograr-la-preparacion-optima-de-nuestros-usuarios-tales-como\">Inoltre, l&#8217;area svolge altre azioni complementari per ottenere la preparazione ottimale dei nostri utenti, come ad esempio:<\/h4>\n\n\n\n<ul class=\"wp-block-list\">\n<li>Orientamento Vocazionale e Professionale<\/li>\n\n\n\n<li>Promozione della capacit\u00e0 e del potere decisionale dell&#8217;utente<\/li>\n\n\n\n<li>Supporto e consulenza a famiglie e utenti<\/li>\n\n\n\n<li>Tutoraggi<\/li>\n\n\n\n<li>Valutazione e monitoraggio del Percorso Formativo<\/li>\n\n\n\n<li>Cerca di azioni esterne e supporto a professionisti e utenti in tali azioni<\/li>\n<\/ul>\n\n\n\n<h5 class=\"wp-block-heading\" id=\"metodologia\">Metodologia<\/h5>\n\n\n\n<p>La metodologia generale degli interventi dell&#8217;area \u00e8 segnata da&nbsp;<strong>due premesse fondamentali<\/strong>&nbsp;che conferiscono unicit\u00e0.<\/p>\n\n\n\n<p>Da un lato, la&nbsp;<strong>realizzazione delle azioni formative in contesti lavorativi reali<\/strong>&nbsp;e dall&#8217;altro, il&nbsp;<strong>riconoscimento e rispetto<\/strong>&nbsp;dell&#8217;individualit\u00e0 di ogni utente, dei suoi desideri e motivazioni.<\/p>\n\n\n\n<p>In definitiva, il processo di formazione che proponiamo dall&#8217;Area di Transito al Mondo del Lavoro consente di&nbsp;<strong>adattarsi alle esigenze dei nostri utenti<\/strong>&nbsp;e dare continuit\u00e0 alle nostre azioni. Preserviamo, in ogni momento, la loro intenzionalit\u00e0 educativa e formativa. Pertanto, il percorso che proponiamo ci consente di rispondere alle&nbsp; esigenze che i nostri utenti presentano in questa fase della loro vita. Orientiamo i loro passi verso un&#8217;inclusione lavorativa che sia vantaggiosa e contribuisca a consolidare la loro autonomia e indipendenza.<\/p>\n\n\n\n<p>Alla fine di tutto il&nbsp;<strong>processo formativo,<\/strong>&nbsp;quando l&#8217;alunno conosce un mestiere, ottiene buone valutazioni in qualit\u00e0 e rendimenti e applica le competenze lavorative richieste per accedere a un possibile posto di lavoro, accede alla<strong>&nbsp;Borsa di Lavoro di FUNDOWN.<\/strong><\/p>\n\n\n<div class=\"wp-block-image image-interface\">\n<figure class=\"aligncenter size-full\"><img decoding=\"async\" width=\"836\" height=\"419\" src=\"https:\/\/neuronup.com\/it\/wp-content\/uploads\/2024\/10\/fundown-14-1.webp\" alt=\"Come funziona una Fondazione per la sindrome di Down? La Fundacion FUNDOWN svolge attivit\u00e0 NeuronUP con i suoi pazienti affetti da sindrome di Down. Due utenti che lavorno nell'orto\" class=\"wp-image-31441\" srcset=\"https:\/\/neuronup.com\/it\/wp-content\/uploads\/2024\/10\/fundown-14-1-300x150.webp 300w, https:\/\/neuronup.com\/it\/wp-content\/uploads\/2024\/10\/fundown-14-1-768x385.webp 768w, https:\/\/neuronup.com\/it\/wp-content\/uploads\/2024\/10\/fundown-14-1.webp 836w\" sizes=\"(max-width: 836px) 100vw, 836px\" \/><figcaption class=\"wp-element-caption\">Due utenti che lavorno nell&#8217;orto<\/figcaption><\/figure>\n<\/div>\n\n\n<h3 class=\"wp-block-heading\" id=\"7-area-de-empleo\">7. Area di Lavoro<\/h3>\n\n\n\n<p>L&#8217;&nbsp;<strong>Area di Lavoro<\/strong> \u00e8 inquadrata all&#8217;interno del Servizio di Lavoro e Formazione (SEFE) della Scuola di Vita della&nbsp;<strong>FUNDOWN<\/strong>&nbsp;e conta su otto professionisti. Ha l&#8217;obiettivo di trovare e promuovere nuove vie di&nbsp;&nbsp;<strong>Inserimento&nbsp; Lavorativo<\/strong>. Sono orientate agli utenti che, una volta terminati i processi di formazione professionale, richiedono di essere inseriti nel mondo del lavoro.<\/p>\n\n\n\n<p>Questa area ha ottenuto brillanti risultati nell&#8217;accesso al mercato del lavoro ordinario degli utenti della Fondazione e nella consolidazione dei loro posti di lavoro. Si evidenzia che le azioni sviluppate dal servizio di lavoro sono dirette a soddisfare le esigenze dei principali attori coinvolti nel processo di integrazione lavorativa: utente, famiglia e azienda.<\/p>\n\n\n\n<h4 class=\"wp-block-heading\" id=\"el-servicio-prestado-comprende-acciones-de\">Il servizio fornito comprende azioni di:<\/h4>\n\n\n\n<ul class=\"wp-block-list\">\n<li>Orientamento lavorativo<\/li>\n\n\n\n<li>Prospezione di lavoro<\/li>\n\n\n\n<li>Selezione del personale<\/li>\n\n\n\n<li>Borsa attiva di lavoro<\/li>\n\n\n\n<li>Accompagnamento all&#8217;inserimento<\/li>\n\n\n\n<li>Adattamento persona a posto<\/li>\n\n\n\n<li>Supporto nell&#8217;esecuzione del lavoro<\/li>\n\n\n\n<li>Consulenza e supporto all&#8217;azienda: Aiuti e sovvenzioni per l&#8217;assunzione, presentazione delle candidature, monitoraggio delle assunzioni.<\/li>\n<\/ul>\n\n\n\n<p>E, in generale, tutte quelle azioni che costituiscono la&nbsp;<strong>consolidazione del processo di integrazione lavorativa<\/strong>&nbsp;completa. E ci\u00f2, prestando attenzione a un Percorso di Inclusione Integrale e Personalizzato, basato sui principi di integrazione, normalizzazione, autonomia e indipendenza.<\/p>\n\n\n\n<p>La metodologia del Lavoro con supporto \u00e8 quella che pi\u00f9 si allinea con i fini fondamentali della Fondazione. I quali si concretizzano nella&nbsp;<strong>plena integrazione familiare, sociale e lavorativa<\/strong>&nbsp;e nello sviluppo di una vita normale.<\/p>\n\n\n\n<p>Da quest&#8217;area si punta anche affinch\u00e9 i<strong>&nbsp;Centri Speciali di Lavoro<\/strong>&nbsp;abbiano un ruolo fondamentale nell&#8217;integrazione lavorativa di persone con D.I.. Sempre e&nbsp; quando questa figura non venga distorta. I Centri Speciali di Lavoro, come lavoro protetto, devono essere utilizzati come aziende per la creazione di posti di lavoro. Ma devono anche essere centri che&nbsp;<strong>possibilitino lo sviluppo integrale<\/strong>&nbsp;della persona con disabilit\u00e0, consentendo il suo accesso al lavoro ordinario in quei casi in cui le capacit\u00e0 e la motivazione dei lavoratori lo consigliano.<\/p>\n\n\n\n<h4 class=\"wp-block-heading\" id=\"direcciones-principales\">Direzioni principali<\/h4>\n\n\n\n<p>La&nbsp;<strong>FUNDOWN<\/strong>&nbsp;sviluppa diverse linee di intervento nel campo dell&#8217;inserimento lavorativo di persone con D.I. Per raggiungere questo obiettivo, l&#8217;Area di Lavoro lavora in due direzioni principali:<\/p>\n\n\n\n<ol class=\"wp-block-list\">\n<li><strong>Occupazione in Azienda Ordinaria. Attraverso tre strategie di inserimento lavorativo<\/strong><\/li>\n<\/ol>\n\n\n\n<ul class=\"wp-block-list\">\n<li><strong>Stage in azienda:<\/strong>&nbsp;Successivi a un corso di formazione professionale. Avranno come principale obiettivo consolidare la formazione pratica riguardo all&#8217;esecuzione di compiti e abilit\u00e0 socio-lavorative di un profilo specifico.<\/li>\n\n\n\n<li><strong>Formazione sul posto di lavoro:<\/strong>&nbsp;\u00c8 un processo strutturato di formazione. Si svolge direttamente nel luogo di lavoro. Lo scopo \u00e8 fornire, sia le conoscenze e competenze necessarie per svolgere i compiti specifici di quella posizione, sia favorire una successiva assunzione.<\/li>\n\n\n\n<li><strong>Occupazione con Supporto:<\/strong>&nbsp;Modalit\u00e0 di lavoro orientata all&#8217;inserimento lavorativo di persone con disabilit\u00e0 intellettuale nel mercato del lavoro ordinario. Questo modello pu\u00f2 essere inteso, come lo definisce Bellver Silv\u00e1n (1994), come: \u201cUn sistema di supporto tecnico individualizzato che affronta le abilit\u00e0 lavorative e sociali della persona e tutte le eventuali aiuti tecnici e adattamenti necessari affinch\u00e9 il lavoratore con disabilit\u00e0 possa contribuire come un cittadino normale in un posto di lavoro reale di un&#8217;azienda ordinaria\u201d.<\/li>\n<\/ul>\n\n\n\n<ol start=\"2\" class=\"wp-block-list\">\n<li><strong>Creazione di imprese (C.E.E.) e supporto alle imprese gi\u00e0 create dalla Fondazione.<\/strong><\/li>\n<\/ol>\n\n\n\n<p><strong>FUNDOWN dispone di un Centro Speciale di Lavoro in cui la maggior parte dei suoi lavoratori sono persone con disabilit\u00e0 intellettuale:<\/strong><\/p>\n\n\n\n<ul class=\"wp-block-list\">\n<li><strong>FUNDOWN &nbsp; Plant L.<\/strong><strong>&nbsp;Centro &nbsp; Speciale&nbsp;&nbsp; di &nbsp; Lavoro&nbsp;&nbsp; partecipato&nbsp; da FUNDOWN<\/strong>, la sua principale attivit\u00e0 \u00e8 legata alla viveristica e alla giardinaggio ed \u00e8 situata a Paraje di Librilla.<\/li>\n<\/ul>\n\n\n\n<figure class=\"wp-block-gallery has-nested-images columns-default is-cropped wp-block-gallery-2 is-layout-flex wp-block-gallery-is-layout-flex\">\n<figure class=\"wp-block-image size-full\"><img decoding=\"async\" width=\"377\" height=\"289\" data-id=\"31442\" src=\"https:\/\/neuronup.com\/it\/wp-content\/uploads\/2024\/10\/fundown-15.webp\" alt=\"Come funziona una Fondazione per la sindrome di Down? La Fondazione FUNDOWN svolge attivit\u00e0 con i pazienti \" class=\"wp-image-31442\" srcset=\"https:\/\/neuronup.com\/it\/wp-content\/uploads\/2024\/10\/fundown-15-300x230.webp 300w, https:\/\/neuronup.com\/it\/wp-content\/uploads\/2024\/10\/fundown-15.webp 377w\" sizes=\"(max-width: 377px) 100vw, 377px\" \/><\/figure>\n\n\n\n<figure class=\"wp-block-image size-full\"><img decoding=\"async\" width=\"357\" height=\"266\" data-id=\"31443\" src=\"https:\/\/neuronup.com\/it\/wp-content\/uploads\/2024\/10\/fundown-16.webp\" alt=\"Come funziona una Fondazione per la sindrome di Down? La Fondazione FUNDOWN svolge attivit\u00e0 con i pazienti \" class=\"wp-image-31443\" srcset=\"https:\/\/neuronup.com\/it\/wp-content\/uploads\/2024\/10\/fundown-16-300x224.webp 300w, https:\/\/neuronup.com\/it\/wp-content\/uploads\/2024\/10\/fundown-16.webp 357w\" sizes=\"(max-width: 357px) 100vw, 357px\" \/><\/figure>\n<\/figure>\n\n\n\n<h3 class=\"wp-block-heading\" id=\"8-area-de-viviendas-compartidas-en-la-fundacion-sindrome-de-down-de-la-region-de-murcia\">8. Area di Abitazioni Condivise nella Fondazione Sindrome di Down della Regione di Murcia<\/h3>\n\n\n\n<p>L&#8217;Area di Abitazioni Condivise fa parte delle Aree del Servizio di Promozione per l&#8217;Autonomia Personale SEPAP di&nbsp;<strong><em>FUNDOWN<\/em><\/strong>.<\/p>\n\n\n\n<p>L&#8217;Area dispone di abitazioni concepite come&nbsp;<strong>contesto formativo<\/strong>&nbsp;per la vita autonoma e indipendente del gruppo di persone con disabilit\u00e0 intellettuale. Promuoviamo scenari di apprendimento per la preparazione e l&#8217;acquisizione di abitudini e comportamenti che possano portare allo sviluppo di una vita autonoma. Vogliamo che la persona con disabilit\u00e0 abbia un&nbsp;<strong>ruolo attivo e protagonista nelle decisioni che riguardano la sua vita.<\/strong><\/p>\n\n\n\n<p>Le persone con disabilit\u00e0 intellettuale vivono in convivenza con giovani senza disabilit\u00e0 (per lo pi\u00f9 studenti universitari). Promuoviamo un&nbsp;<strong>interazione<\/strong>&nbsp;che genera gli apprendimenti necessari per l&#8217;acquisizione di strumenti psicoeducativi.&nbsp;<\/p>\n\n\n\n<h4 class=\"wp-block-heading\" id=\"mediadores\">Mediatori<\/h4>\n\n\n\n<p>L&#8217;area, eminentemente formativa, comporta un percorso in cui le persone senza disabilit\u00e0 (<strong><em>Mediatori)<\/em><\/strong> sono le guide per l&#8217;internalizzazione degli apprendimenti. I Mediatori necessitano di formazione sulla tematica della&nbsp;<strong><em>Mediaci\u00f3n Pedag\u00f3gica<\/em><\/strong>. Questo permetter\u00e0 loro di mettere in pratica la loro funzione come modelli educativi.<\/p>\n\n\n\n<p>Il percorso di apprendimento che seguono i membri dell&#8217;Area \u00e8 costituito da diverse modalit\u00e0. Sono caratterizzate dai contenuti di insegnamento sulla Vita Autonoma e Indipendente.<\/p>\n\n\n\n<p>L&#8217;Area si definisce per un&nbsp;<strong>lavoro olistico<\/strong>&nbsp;con tutti gli attori sociali, familiari e culturali legati alle persone con disabilit\u00e0. Questa collaborazione e partecipazione attiva consentono agli individui di radicarsi nelle esperienze del mondo e sviluppare tutte le sfere della loro personalit\u00e0. L&#8217;obiettivo \u00e8 potenziare e stimolare persone&nbsp;<strong>capaci di sentire, pensare, agire e valutare.<\/strong><\/p>\n\n\n\n<h4 class=\"wp-block-heading\" id=\"acciones\">Azioni<\/h4>\n\n\n\n<ol class=\"wp-block-list\">\n<li>Promuovere l&#8217;accesso dei giovani all&#8217;area di abitazioni per svolgere volontariato<\/li>\n\n\n\n<li>Sviluppare abilit\u00e0 e capacit\u00e0 nei volontari per una convivenza che generi apprendimenti di vita autonoma<\/li>\n\n\n\n<li>Sviluppare processi di insegnamento-apprendimento che potenzino gli utenti. Vogliamo una maggiore autonomia personale e una migliore funzionalit\u00e0 per la vita, in diversi contesti secondo le varie modalit\u00e0 dell&#8217;Area:<\/li>\n<\/ol>\n\n\n<div class=\"wp-block-image image-interface\">\n<figure class=\"aligncenter size-full\"><img decoding=\"async\" width=\"559\" height=\"312\" src=\"https:\/\/neuronup.com\/it\/wp-content\/uploads\/2024\/10\/fundown-18.webp\" alt=\"\" class=\"wp-image-31444\" srcset=\"https:\/\/neuronup.com\/it\/wp-content\/uploads\/2024\/10\/fundown-18-300x167.webp 300w, https:\/\/neuronup.com\/it\/wp-content\/uploads\/2024\/10\/fundown-18.webp 559w\" sizes=\"(max-width: 559px) 100vw, 559px\" \/><\/figure>\n<\/div>\n\n\n<ul class=\"wp-block-list\">\n<li>Progetto Amico<\/li>\n\n\n\n<li>Abitazioni Condivise<\/li>\n\n\n\n<li>Vivere tra Amici<\/li>\n\n\n\n<li>Programma La Mia Vita<\/li>\n<\/ul>\n\n\n\n<h3 class=\"wp-block-heading\">Se vi \u00e8 piaciuto questo post su come funziona una Fondazione per la sindrome di Down, potreste essere interessati anche a:<\/h3>\n\n\n<div class=\"mai-grid entries entries-grid has-boxed has-image-full\" style=\"--entry-title-font-size:var(--font-size-lg);--entry-image-link-max-width:800px;--align-text:start;--entry-meta-text-align:start;\"><div class=\"entries-wrap has-columns\" style=\"--columns-xs:1\/1;--columns-sm:1\/1;--columns-md:1\/3;--columns-lg:1\/3;--flex-xs:0 0 var(--flex-basis);--flex-sm:0 0 var(--flex-basis);--flex-md:0 0 var(--flex-basis);--flex-lg:0 0 var(--flex-basis);--column-gap:var(--spacing-lg);--row-gap:var(--spacing-lg);--align-columns:start;\"><article class=\"entry entry-grid is-column has-entry-link has-image has-image-first type-post category-sindrome-di-down tag-disabilita-intellettiva tag-sindrome-di-down\" style=\"--entry-index:1;\" aria-label=\"Sindrome di Down: cos&#8217;\u00e8, cifre, miti e verit\u00e0\" itemscope itemtype=\"https:\/\/schema.org\/CreativeWork\"><a class=\"entry-image-link\" href=\"https:\/\/neuronup.com\/it\/stimolazione-e-riabilitazione-cognitiva\/disabilita-intelletiva\/sindrome-di-down\/sindrome-di-down-che-cose-cifre-miti-e-verita\/\" tabindex=\"-1\" aria-hidden=\"true\"><img decoding=\"async\" width=\"767\" height=\"512\" src=\"https:\/\/neuronup.com\/it\/wp-content\/uploads\/2022\/02\/people-with-down-syndrome-cute-bonding-WMX5BHK-655x437-1-1.webp\" class=\"entry-image size-landscape-md\" alt=\"Uomo e bambina seduti su un tronco d&#039;albero in un ambiente naturale, entrambi sorridenti, con alberi e prato verde sullo sfondo.\" srcset=\"https:\/\/neuronup.com\/it\/wp-content\/uploads\/2022\/02\/people-with-down-syndrome-cute-bonding-WMX5BHK-655x437-1-1-300x200.webp 300w, https:\/\/neuronup.com\/it\/wp-content\/uploads\/2022\/02\/people-with-down-syndrome-cute-bonding-WMX5BHK-655x437-1-1.webp 767w\" sizes=\"(max-width:599px) 599px, (min-width:600px) and (max-width: 799px) 799px, (min-width:800px) and (max-width: 999px) 333px, (min-width:1000px) 400px\" \/><\/a><div class=\"entry-wrap entry-wrap-grid\"><h3 class=\"entry-title\" itemprop=\"headline\"><a class=\"entry-title-link\" href=\"https:\/\/neuronup.com\/it\/stimolazione-e-riabilitazione-cognitiva\/disabilita-intelletiva\/sindrome-di-down\/sindrome-di-down-che-cose-cifre-miti-e-verita\/\" rel=\"bookmark\">Sindrome di Down: cos&#8217;\u00e8, cifre, miti e verit\u00e0<\/a><\/h3>\n<\/div><\/article><article class=\"entry entry-grid is-column has-entry-link has-image has-image-first type-post category-attivita-sulla-sindrome-di-down tag-attivita-di-stimolazione-cognitiva tag-disabilita-intellettiva tag-sindrome-di-down\" style=\"--entry-index:2;\" aria-label=\"5 attivit\u00e0 di stimolazione cognitiva per persone con sindrome di Down\" itemscope itemtype=\"https:\/\/schema.org\/CreativeWork\"><a class=\"entry-image-link\" href=\"https:\/\/neuronup.com\/it\/attivita-di-neuroriabilitazione\/attivita-sulla-sindrome-di-down\/5-attivita-di-stimolazione-cognitiva-per-persone-con-sindrome-di-down\/\" tabindex=\"-1\" aria-hidden=\"true\"><img decoding=\"async\" width=\"800\" height=\"481\" src=\"https:\/\/neuronup.com\/it\/wp-content\/uploads\/2022\/02\/Actividad-de-estimulacion-cognitiva-para-personas-con-sindrome-de-Down-imagenes-incompletas-1.webp\" class=\"entry-image size-landscape-md\" alt=\"Pizza con crosta dorata, fette di salame e formaggio fuso su tagliere di legno; decorata con erbe; accanto opzioni diverse.\" srcset=\"https:\/\/neuronup.com\/it\/wp-content\/uploads\/2022\/02\/Actividad-de-estimulacion-cognitiva-para-personas-con-sindrome-de-Down-imagenes-incompletas-1-300x180.webp 300w, https:\/\/neuronup.com\/it\/wp-content\/uploads\/2022\/02\/Actividad-de-estimulacion-cognitiva-para-personas-con-sindrome-de-Down-imagenes-incompletas-1-768x461.webp 768w, https:\/\/neuronup.com\/it\/wp-content\/uploads\/2022\/02\/Actividad-de-estimulacion-cognitiva-para-personas-con-sindrome-de-Down-imagenes-incompletas-1-1024x615.webp 1024w, https:\/\/neuronup.com\/it\/wp-content\/uploads\/2022\/02\/Actividad-de-estimulacion-cognitiva-para-personas-con-sindrome-de-Down-imagenes-incompletas-1.webp 1200w\" sizes=\"(max-width:599px) 599px, (min-width:600px) and (max-width: 799px) 799px, (min-width:800px) and (max-width: 999px) 333px, (min-width:1000px) 400px\" \/><\/a><div class=\"entry-wrap entry-wrap-grid\"><h3 class=\"entry-title\" itemprop=\"headline\"><a class=\"entry-title-link\" href=\"https:\/\/neuronup.com\/it\/attivita-di-neuroriabilitazione\/attivita-sulla-sindrome-di-down\/5-attivita-di-stimolazione-cognitiva-per-persone-con-sindrome-di-down\/\" rel=\"bookmark\">5 attivit\u00e0 di stimolazione cognitiva per persone con sindrome di Down<\/a><\/h3>\n<\/div><\/article><article class=\"entry entry-grid is-column has-entry-link has-image has-image-first type-post category-sindrome-di-down tag-disabilita-intellettiva tag-sindrome-di-down tag-testimonianze\" style=\"--entry-index:3;\" aria-label=\"Lavorare con persone con sindrome di Down per gruppi di et\u00e0\" itemscope itemtype=\"https:\/\/schema.org\/CreativeWork\"><a class=\"entry-image-link\" href=\"https:\/\/neuronup.com\/it\/stimolazione-e-riabilitazione-cognitiva\/disabilita-intelletiva\/sindrome-di-down\/lavorare-con-persone-con-sindrome-di-down-per-gruppi-di-eta\/\" tabindex=\"-1\" aria-hidden=\"true\"><img decoding=\"async\" width=\"768\" height=\"576\" src=\"https:\/\/neuronup.com\/it\/wp-content\/uploads\/2024\/11\/Una-bambina-utilizza-lattivita-di-NeuronUP-per-lavorare-sulle-gnosie-chiamata-Formazione-di-volti.webp\" class=\"entry-image size-landscape-md\" alt=\"Ragazza seduta utilizza un tablet per l\u2019attivit\u00e0 Formazione di volti di NeuronUP, con maglione a scacchi giallo e nero.\" srcset=\"https:\/\/neuronup.com\/it\/wp-content\/uploads\/2024\/11\/Una-bambina-utilizza-lattivita-di-NeuronUP-per-lavorare-sulle-gnosie-chiamata-Formazione-di-volti-300x225.webp 300w, https:\/\/neuronup.com\/it\/wp-content\/uploads\/2024\/11\/Una-bambina-utilizza-lattivita-di-NeuronUP-per-lavorare-sulle-gnosie-chiamata-Formazione-di-volti-400x300.webp 400w, https:\/\/neuronup.com\/it\/wp-content\/uploads\/2024\/11\/Una-bambina-utilizza-lattivita-di-NeuronUP-per-lavorare-sulle-gnosie-chiamata-Formazione-di-volti.webp 768w\" sizes=\"(max-width:599px) 599px, (min-width:600px) and (max-width: 799px) 799px, (min-width:800px) and (max-width: 999px) 333px, (min-width:1000px) 400px\" \/><\/a><div class=\"entry-wrap entry-wrap-grid\"><h3 class=\"entry-title\" itemprop=\"headline\"><a class=\"entry-title-link\" href=\"https:\/\/neuronup.com\/it\/stimolazione-e-riabilitazione-cognitiva\/disabilita-intelletiva\/sindrome-di-down\/lavorare-con-persone-con-sindrome-di-down-per-gruppi-di-eta\/\" rel=\"bookmark\">Lavorare con persone con sindrome di Down per gruppi di et\u00e0<\/a><\/h3>\n<\/div><\/article><\/div><\/div>","protected":false},"excerpt":{"rendered":"<p>La&nbsp;Fondazione Sindrome di Down della Regione di Murcia (FUNDOWN)&nbsp;spiega in questo articolo le azioni e i programmi di stimolazione e riabilitazione cognitiva che sviluppano per aiutare le persone con sindrome di Down. FUNDOWN&nbsp;si costituisce come una&nbsp;Fondazione senza scopo di lucro&nbsp;destinata all&#8217;integrazione sociale e lavorativa di giovani e adulti con sindrome di Down e altre disabilit\u00e0 &hellip;<\/p>\n","protected":false},"author":174,"featured_media":31434,"comment_status":"open","ping_status":"open","sticky":false,"template":"","format":"standard","meta":{"_acf_changed":false,"_genesis_hide_title":false,"_genesis_hide_breadcrumbs":false,"_genesis_hide_singular_image":false,"_genesis_hide_footer_widgets":false,"_genesis_custom_body_class":"","_genesis_custom_post_class":"","_genesis_layout":"","footnotes":""},"categories":[257],"tags":[421,256,156,418],"class_list":{"2":"type-post","7":"category-sindrome-di-down","8":"tag-disabilita-intellettiva","9":"tag-sindrome-di-down","10":"tag-stimolazione-cognitiva","11":"tag-testimonianze","12":"entry"},"acf":[],"_links":{"self":[{"href":"https:\/\/neuronup.com\/it\/wp-json\/wp\/v2\/posts\/31427","targetHints":{"allow":["GET"]}}],"collection":[{"href":"https:\/\/neuronup.com\/it\/wp-json\/wp\/v2\/posts"}],"about":[{"href":"https:\/\/neuronup.com\/it\/wp-json\/wp\/v2\/types\/post"}],"author":[{"embeddable":true,"href":"https:\/\/neuronup.com\/it\/wp-json\/wp\/v2\/users\/174"}],"replies":[{"embeddable":true,"href":"https:\/\/neuronup.com\/it\/wp-json\/wp\/v2\/comments?post=31427"}],"version-history":[{"count":0,"href":"https:\/\/neuronup.com\/it\/wp-json\/wp\/v2\/posts\/31427\/revisions"}],"wp:featuredmedia":[{"embeddable":true,"href":"https:\/\/neuronup.com\/it\/wp-json\/wp\/v2\/media\/31434"}],"wp:attachment":[{"href":"https:\/\/neuronup.com\/it\/wp-json\/wp\/v2\/media?parent=31427"}],"wp:term":[{"taxonomy":"category","embeddable":true,"href":"https:\/\/neuronup.com\/it\/wp-json\/wp\/v2\/categories?post=31427"},{"taxonomy":"post_tag","embeddable":true,"href":"https:\/\/neuronup.com\/it\/wp-json\/wp\/v2\/tags?post=31427"}],"curies":[{"name":"wp","href":"https:\/\/api.w.org\/{rel}","templated":true}]}}