
{"id":31233,"date":"2024-09-03T09:00:00","date_gmt":"2024-09-03T07:00:00","guid":{"rendered":"https:\/\/neuronup.com\/it\/?p=31233"},"modified":"2025-02-28T10:35:01","modified_gmt":"2025-02-28T08:35:01","slug":"anosognosia-nella-malattia-di-alzheimer","status":"publish","type":"post","link":"https:\/\/neuronup.com\/it\/stimolazione-e-riabilitazione-cognitiva\/malattie-neurodegenerative\/malattia-di-alzheimer\/anosognosia-nella-malattia-di-alzheimer\/","title":{"rendered":"Anosognosia nella malattia di Alzheimer"},"content":{"rendered":"\n<p class=\"has-xl-font-size\">Il neuropsicologo \u00c1ngel Mart\u00ednez Nogueras ci espone in questo articolo <strong>come si manifesta l&#8217;anosognosia nella malattia di Alzheimer e il suo impatto sulle attivit\u00e0 della vita quotidiana<\/strong>.<\/p>\n\n\n\n<h2 class=\"wp-block-heading\">Che cos&#8217;\u00e8 l&#8217;anosognosia<\/h2>\n\n\n\n<p>L&#8217;anosognosia o mancanza di consapevolezza della propria malattia o disabilit\u00e0 \u00e8 un sintomo comune in diverse alterazioni e malattie neurologiche. <strong>Le persone che ne soffrono non riconoscono le proprie limitazioni cognitive o motorie<\/strong>, anche se queste sono evidenti per gli altri. Questa mancanza di consapevolezza non \u00e8 dovuta a una negazione deliberata o a una mancanza di comprensione di s\u00e9 o dell&#8217;ambiente, ma a un fallimento nella percezione di s\u00e9 causato dal danno cerebrale. Facile da definire, ma difficile da comprendere e tollerare per chi accompagna il paziente con anosognosia nella vita quotidiana, inclusi i professionisti.<\/p>\n\n\n\n<p>Il deficit di consapevolezza della malattia o anosognosia \u00e8, insieme all&#8217;amnesia, una delle alterazioni che pi\u00f9 bibliografia genera nella <a href=\"https:\/\/neuronup.com\/it\/neuroriabilitazione\/malattie-neurodegenerative\/morbo-di-alzheimer\/\">malattia di Alzheimer (EA)<\/a>. Tuttavia, <strong>questa attenzione che riceve l&#8217;anosognosia dal punto di vista della ricerca non \u00e8 stata trasferita nella realt\u00e0 quotidiana<\/strong>, ovvero a ci\u00f2 che le famiglie e i professionisti sanno su tale alterazione. Infatti, il grosso delle famiglie che arrivano alle consultazioni di \u201cneuro\u201d lo fanno senza la pi\u00f9 remota idea che l&#8217;anosognosia possa anche solo esistere. Della comprensione e gestione di tale alterazione nel contesto familiare, non parliamo nemmeno.<\/p>\n\n\n\n<h3 class=\"wp-block-heading\">L&#8217;anosognosia in cifre<\/h3>\n\n\n\n<p>Sebbene le cifre siano molto variabili, probabilmente a causa della mancanza di un approccio unanime e di una misura \u201c<em>gold standard<\/em>\u201d nella sua valutazione, si stima che <strong>tra il 20% e l&#8217;80% dei pazienti con EA presenteranno deficit di consapevolezza<\/strong> della malattia in qualche momento del corso evolutivo della malattia (Starkstein, 2014). Se limitiamo il punto di vista e ci concentriamo sulle fasi prodromiche e precliniche, ovvero nel stadio pi\u00f9 precoce della malattia, il disaccordo \u00e8 ancora maggiore.<\/p>\n\n\n\n<p>In questi casi, i dati disponibili sono stati molto contraddittori, alternandosi studi che trovavano evidenza di anosognosia nelle fasi iniziali della EA, con altri che non la trovavano (Roberts et al., 2009; Spalletta et al., 2012; Piras et al., 2016). Tuttavia, poco a poco questo problema si sta chiarendo, e una serie di scoperte recenti conferma segni di anosognosia in soggetti che si trovano sia in deterioramento cognitivo lieve che nelle fasi precliniche e prodromiche della EA (Guieysse et al., 2023).<\/p>\n\n\n\n<p>Le stime suggeriscono che almeno il 10% di questi pazienti potrebbe presentare deficit di consapevolezza della malattia, con un incremento progressivo di questa percentuale man mano che avanzano le fasi successive della malattia.<\/p>\n\n\n\n<div style=\"height:50px\" aria-hidden=\"true\" class=\"wp-block-spacer\"><\/div>\n\n\n\n<div class=\"wp-block-group br-0111 has-primary-background-color has-background has-dark-background has-sm-padding-top has-sm-padding-left has-sm-padding-right has-xxl-margin-top\"><div class=\"wp-block-group__inner-container is-layout-constrained wp-block-group-is-layout-constrained\">\n<div class=\"wp-block-columns is-layout-flex wp-container-core-columns-is-layout-9d6595d7 wp-block-columns-is-layout-flex\">\n<div class=\"wp-block-column is-layout-flow wp-block-column-is-layout-flow\">\n<figure class=\"wp-block-image size-full desktop-position-absolute desktop-bottom-0 mobile-width-50 mobile-m-inline-auto has-xl-margin-top\"><img decoding=\"async\" src=\"https:\/\/neuronup.com\/it\/wp-content\/uploads\/2022\/v3\/producto-certificado.webp\" alt=\"\" class=\"wp-image-31568\"><\/figure>\n<\/div>\n\n\n\n<div class=\"wp-block-column is-layout-flow wp-block-column-is-layout-flow\">\n<h2 class=\"wp-block-heading has-white-color has-text-color\"><strong>Iscriviti<\/strong> <br>alla nostra <br>Newsletter<\/h2>\n\n\n\n<div class=\"wp-block-buttons is-layout-flex wp-block-buttons-is-layout-flex\">\n<div class=\"wp-block-button--1\" style=\"--button-outline-color:var(--color-white);--button-outline-color-hover:rgba(0,0,0,0.8);\"><a class=\"wp-block-button__link button button-outline   wp-element-button\" href=\"https:\/\/neuronup.com\/it\/newsletter\/\">Iscriviti<\/a><\/div>\n\n<\/div>\n\n\n\n<div style=\"height:40px\" aria-hidden=\"true\" class=\"wp-block-spacer\"><\/div>\n<\/div>\n<\/div>\n<\/div><\/div>\n\n\n\n\n<div style=\"height:50px\" aria-hidden=\"true\" class=\"wp-block-spacer\"><\/div>\n\n\n\n<h2 class=\"wp-block-heading\">Anosognosia nella malattia di Alzheimer<\/h2>\n\n\n\n<p>Questa scoperta di anosognosia precoce non \u00e8 banale, in quanto sar\u00e0 un <strong>segnale molto rilevante nel corso evolutivo del paziente<\/strong>, e rilevarlo il prima possibile pu\u00f2 metterci in guardia su ci\u00f2 che pu\u00f2 accadere in seguito. In questo senso, le informazioni che si stanno raccogliendo sull&#8217;anosognosia suggeriscono che la sua presenza precoce \u00e8 correlata a un maggiore rischio di progressione da deterioramento cognitivo lieve ad Alzheimer, a una peggiore prognosi evolutiva della malattia, a una maggiore sovraccarico familiare, a una maggiore severit\u00e0 dei sintomi psicopatologici come apatia, deliri, depressione, ansia, irritabilit\u00e0, agitazione o disinibizione, e, inoltre, al deterioramento cognitivo di tipo amnesico e disesecutivo (Starkstein et al., 2006; De Carolis et al., 2015; Mak et al., 2015; Gerretsen et al., 2017; Vannini et al., 2017).<\/p>\n\n\n\n<p>A livello neuroanatomico, come avviene per qualsiasi processo cognitivo, <strong>non esiste un luogo specifico dove risiede la capacit\u00e0 di prendere consapevolezza<\/strong> della malattia o della salute, dobbiamo pensare che questa capacit\u00e0 o funzione emerga dall&#8217;attivit\u00e0 combinata di pi\u00f9 regioni cerebrali, ovvero da una rete neurale. In questo modo, l&#8217;anosognosia si spiegherebbe per un<strong> fallimento nel funzionamento o disconnessione tra le regioni cerebrali<\/strong> che intervengono nell&#8217;accesso, nel recupero e nell&#8217;aggiornamento delle informazioni (linea media posteriore, temporale mediale, cortecce parietali inferiori), nel loro monitoraggio, valutazione o controllo (cortecce prefrontali mediali e laterali), o nell&#8217;introspezione e consapevolezza di s\u00e9 (corteccia cingolata anteriore e posteriore e precuneo).<\/p>\n\n\n\n<p>Seppur la bibliografia al riguardo sia molto vasta e darebbe per molteplici post di un blog, in generale, gli studi di neuroimaging mostrano che l&#8217;anosognosia nelle fasi iniziali della malattia di Alzheimer potrebbe essere correlata, pi\u00f9 che a cambiamenti strutturali, a ipometabolismo e ipoconnettivit\u00e0 cerebrale in regioni come la corteccia cingolata anteriore e posteriore, precuneo, lobi temporali mediali bilaterali, lobo temporale laterale destro e cervello basale anteriore, ovvero regioni tipicamente associate alla EA (Starkstein, 2014; Senturk et al., 2017; Vannini et al., 2017; Salmon et al., 2023).<\/p>\n\n\n\n<p>Fino a qui \u00e8 stato descritto cos&#8217;\u00e8 l&#8217;anosognosia e la sua neuroanatomia, ma <strong>come emerge l&#8217;anosognosia dalla disfunzione cerebrale<\/strong>. A livello cognitivo, comportamentale o emotivo cosa sta fallendo. Ci sono diverse teorie o modi di spiegare i fondamenti dell&#8217;anosognosia, forse una delle spiegazioni pi\u00f9 diffuse \u00e8 quella proposta dal <strong>Cognitive Awareness Model (CAM)<\/strong>, un modello modulare di tipo cognitivo che collega l&#8217;anosognosia a deficit amnesici ed esecutivi.<\/p>\n\n\n\n<p>In sintesi, secondo il CAM ci sarebbero tre fattori correlati all&#8217;anosognosia: uno, relativo al deficit nella consolidazione di informazioni nuove e aggiornate su s\u00e9 stessi; un altro, relativo a un deficit nel processo di confronto tra le nostre capacit\u00e0 attuali e quelle passate; e il terzo, relativo a un deficit nel processo di aggiornamento dello stato cognitivo del paziente.<\/p>\n\n\n\n<p>Tuttavia, propongo qui un&#8217;altra idea interessante che potrebbe ampliare la precedente visione dell&#8217;anosognosia: l&#8217;ipotesi del doppio percorso meccanicistico. Questa ipotesi suggerisce che sia il sistema di monitoraggio degli errori sia quello di elaborazione delle emozioni siano elementi chiave per la consapevolezza di s\u00e9, con impatti diversi sull&#8217;insorgenza dell&#8217;anosognosia nella malattia di Alzheimer.<\/p>\n\n\n\n<p>Da un lato, un&#8217;insufficienza nel sistema di monitoraggio degli errori avrebbe un impatto diretto sulla consapevolezza degli errori, impedendo cos\u00ec ai pazienti di prendere coscienza della loro malattia di fronte a fallimenti in compiti anche semplici. Dall&#8217;altro lato, un deficit nel sistema di elaborazione emotiva, in cui i pazienti sarebbero in grado di rilevare i propri errori, ma non di assegnare loro un valore emotivo appropriato, n\u00e9 di comprenderne le conseguenze e di adattare il proprio comportamento come risposta appropriata ad essi. Infine, la pi\u00f9 grave delle tre situazioni, in cui sia il monitoraggio degli errori sia l&#8217;elaborazione emotiva falliscono, con il risultato che il paziente non \u00e8 in grado n\u00e9 di imparare dai propri errori n\u00e9 di adattare il proprio comportamento (Andrade et al., 2023).<\/p>\n\n\n\n<div style=\"height:50px\" aria-hidden=\"true\" class=\"wp-block-spacer\"><\/div>\n\n\n\n<div class=\"wp-block-group\"><div class=\"wp-block-group__inner-container is-layout-constrained wp-block-group-is-layout-constrained\">\n<div class=\"wp-block-columns br-0111 particle-bg p-4 has-custom-2-background-color has-background is-layout-flex wp-container-core-columns-is-layout-9d6595d7 wp-block-columns-is-layout-flex\">\n<div class=\"wp-block-column is-vertically-aligned-center is-layout-flow wp-block-column-is-layout-flow\" style=\"flex-basis:70%\">\n<h2 class=\"wp-block-heading has-white-color has-text-color has-link-color has-lg-font-size wp-elements-34bd87f6784eca4fe2ab3329cf1ba56b\">Ottenere un <strong>programma di stimolazione cognitiva<\/strong> per i malati di Alzheimer<\/h2>\n<\/div>\n\n\n\n<div class=\"wp-block-column is-vertically-aligned-center is-layout-flow wp-block-column-is-layout-flow\" style=\"flex-basis:30%\">\n<div class=\"wp-block-buttons is-content-justification-center is-layout-flex wp-container-core-buttons-is-layout-16018d1d wp-block-buttons-is-layout-flex\">\n<div class=\"wp-block-button has-custom-width wp-block-button__width-75 is-style-default\" style=\"--button-background:var(--color-custom-1);--button-background-hover:#cc7e00;\"><a class=\"wp-block-button__link button   wp-element-button\" href=\"https:\/\/neuronup.com\/redirect\/?target=typeform\/afariojait?utm_first_source=Web&#038;utm_first_campaign_name=Use_case_afarioja\"><strong>Clicca qui<\/strong><\/a><\/div>\n\n<\/div>\n<\/div>\n<\/div>\n<\/div><\/div>\n\n\n\n<div style=\"height:50px\" aria-hidden=\"true\" class=\"wp-block-spacer\"><\/div>\n\n\n\n<h2 class=\"wp-block-heading\">Impatto dell&#8217;anosognosia nella vita quotidiana<\/h2>\n\n\n\n<p><strong>Come si traduce tutto ci\u00f2 nella vita reale?<\/strong> Vediamo il deficit di consapevolezza della malattia dalla prospettiva di un caso clinico reale con una donna giovane.<\/p>\n\n\n\n<p>Donna di 61 anni, diagnosticata con malattia di Alzheimer a 58 anni, e che, dopo 3 anni di evoluzione dalla diagnosi, si trova in fase lieve secondo la Scala di Deterioramento Globale (GDS) di Reisberg. Presenta deficit mnestici anterogradi episodici, lievi segni di disinibizione, sospettosit\u00e0, alterazioni del sonno, labilit\u00e0 emotiva, un episodio isolato di disorientamento spaziale e deficit di consapevolezza sulla sua amnesia e sulla sua capacit\u00e0 di eseguire alcune <a href=\"https:\/\/neuronup.com\/it\/aree-dintervento\/attivita-della-vita-quotidiana-adl\/\">attivit\u00e0 della vita quotidiana (AVD)<\/a>.<\/p>\n\n\n\n<p>Ancora indipendente per tutte le AVD basilari e per alcune strumentali. Casalinga e buona cuoca di tutta la vita, ma ora commette errori in cucina, alcuni piatti mancano o hanno ingredienti in eccesso, a volte li brucia o li lascia crudi, in due occasioni si \u00e8 scottata mettendo le dita nell&#8217;olio caldo della padella per girare un alimento, i cibi deperibili nel frigorifero si rovinano (non ricorda la data di acquisto) e accumula vari pacchetti degli stessi alimenti negli armadi della cucina, mancando altri di uso abituale. Ma lei continua a voler cucinare e andare a comprare, anche se si dimentica dei prodotti della lista della spesa prima di uscire di casa, esiste rischio di intossicazione alimentare, di lesioni da tagli e scottature, o di essere ingannata con il denaro nei pagamenti in qualche negozio.<\/p>\n\n\n\n<p>I suoi familiari, preoccupati, le dicono che sta perdendo capacit\u00e0, che non prepara pi\u00f9 bene tutti i pasti e che dovrebbe farsi aiutare in cucina. In quei momenti lei nega tutto fermamente, si arrabbia enormemente e non riconosce mai la sua limitazione in questo aspetto della vita quotidiana. In consultazione non riconosce nemmeno questi deficit. Questa situazione genera continue discussioni, litigi, aggressivit\u00e0 verbale, sospettosit\u00e0 ed \u00e8 una fonte importante di alterazioni emotive e di sovraccarico per il coniuge e i figli.<\/p>\n\n\n\n<p>L&#8217;anosognosia ha un <strong>impatto profondo nella vita quotidiana delle persone affette e delle loro famiglie<\/strong>. Per l&#8217;individuo con Alzheimer, la mancanza di consapevolezza pu\u00f2 portare a una falsa sensazione di sicurezza, aumentando il rischio di incidenti e esposizione a situazioni pericolose. Per i caregiver e i familiari, l&#8217;anosognosia aggiunge un grande carico emotivo e sfide pratiche, poich\u00e9 i loro sforzi per aiutare o proteggere il loro familiare possono essere rifiutati o mal interpretati, generando conflitti e frustrazione. Il nostro lavoro \u00e8 far capire ai familiari che la loro moglie o madre non \u00e8 diventata testarda e che non \u00e8 che non voglia riconoscere di aver bisogno di aiuto a casa, \u00e8 che c&#8217;\u00e8 un meccanismo neurobiologico rotto che glielo impedisce, il processo di scansione e supervisione dello stato di salute rispetto alla realt\u00e0. A volte faccio l&#8217;esempio che cercare di far ragionare il proprio familiare \u00e8 come chiedere a qualcuno di guidare una macchina senza motore. \u00c8 semplicemente impossibile.<\/p>\n\n\n\n<h2 class=\"wp-block-heading\">Conclusioni<\/h2>\n\n\n\n<p>L&#8217;anosognosia nelle fasi iniziali della malattia di Alzheimer pu\u00f2 essere un catalizzatore di situazioni difficili da risolvere che influenzano sia il paziente che il suo ambiente, poich\u00e9 possiamo trovarci di fronte a una persona con deficit cognitivi che si notano gi\u00e0 nel suo livello di esecuzione delle attivit\u00e0 della vita quotidiana, ma che non li riconosce e si mostra ancora come una persona attiva, con iniziativa propria, con indipendenza per eseguire le attivit\u00e0 della vita quotidiana basilari e strumentali, e, molto importante, che mantiene ancora l&#8217;idea di svolgere un ruolo attivo di cura e organizzazione del nucleo familiare. L&#8217;anosognosia nell&#8217;Alzheimer \u00e8 una sfida complessa, quindi \u00e8 fondamentale che professionisti e familiari comprendano questa condizione per fornire un&#8217;assistenza adeguata e migliorare la qualit\u00e0 della vita dei pazienti.<\/p>\n\n\n\n<p>Come ha detto il neuroscienziato Antonio Damasio, \u201cSiamo storie che raccontiamo a noi stessi\u201d. L&#8217;anosognosia ci mostra come queste storie possano distorcersi, con conseguenze devastanti per l&#8217;identit\u00e0 e le relazioni personali.<\/p>\n\n\n\n<p>Se vuoi conoscere alcune linee guida per la gestione dell&#8217;anosognosia nell&#8217;ambiente familiare, ti invitiamo a <a href=\"https:\/\/www.instagram.com\/neurobase_neurorrehabilitacion\/\">visitare questo link<\/a>.<\/p>\n\n\n\n<h2 class=\"wp-block-heading\">Bibliografia<\/h2>\n\n\n\n<ul class=\"wp-block-list\">\n<li class=\"has-sm-font-size\">Andrade, K., Guieysse, T., Medani, T., Koechlin, E., Pantazis, D. e Dubois, B. (2023). L&#8217;ipotesi del percorso doppio per l&#8217;insorgenza dell&#8217;anosognosia nella malattia di Alzheimer. Frontiers in Neurology, 14, 1239057.<\/li>\n\n\n\n<li class=\"has-sm-font-size\">De Carolis, A., Cipollini, V., Corigliano, V., Comparelli, A., Sepe-Monti, M., Orzi, F., &#8230; &amp; Giubilei, F. (2015). Anosognosia nelle persone con deterioramento cognitivo: associazione con deficit cognitivi e disturbi comportamentali. Dementia and geriatric cognitive disorders extra, 5(1), 42-50.<\/li>\n\n\n\n<li class=\"has-sm-font-size\">Gerretsen, P., Chung, J. K., Shah, P., Plitman, E., Iwata, Y., Caravaggio, F., &#8230; &amp; Graff-Guerrero, A. (2017). L&#8217;anosognosia \u00e8 un predittore indipendente della conversione dal deterioramento cognitivo lieve alla malattia di Alzheimer ed \u00e8 associata a un metabolismo cerebrale ridotto. The Journal of clinical psychiatry, 78(9), e1187-e1196.<\/li>\n\n\n\n<li class=\"has-sm-font-size\">Guieysse, T., Lamothe, R., Houot, M., Razafimahatratra, S., Medani, T., Lejeune, F. X., Dreyfus, G., Klarsfeld, A., Pantazis, D., Koechlin, E., &amp; Andrade, K. (2023). Rilevazione dell&#8217;anosognosia dalla fase prodromica della malattia di Alzheimer. Journal of Alzheimer&#8217;s disease: JAD, 95(4), 1723\u20131733. https:\/\/doi.org\/10.3233\/JAD-230552<\/li>\n\n\n\n<li class=\"has-sm-font-size\">Mak, E., Chin, R., Ng, L. T., Yeo, D., &amp; Hameed, S. (2015). Associazioni cliniche dell&#8217;anosognosia nel deterioramento cognitivo lieve e nella malattia di Alzheimer. International journal of geriatric psychiatry, 30(12), 1207-1214.<\/li>\n\n\n\n<li class=\"has-sm-font-size\">Piras, F., Orfei, M. D., Caltagirone, C., &amp; Spalletta, G. (2016). Consapevolezza di s\u00e9 nel deterioramento cognitivo lieve: evidenze quantitative da revisione sistematica e meta-analisi. Neuroscience &amp; Biobehavioral Reviews, 61, 90-107.<\/li>\n\n\n\n<li class=\"has-sm-font-size\">Roberts, J. L., Clare, L., &amp; Woods, R. T. (2009). Reclami soggettivi di memoria e consapevolezza del funzionamento della memoria nel deterioramento cognitivo lieve: una revisione sistematica. Dementia and geriatric cognitive disorders, 28(2), 95-109.<\/li>\n\n\n\n<li class=\"has-sm-font-size\">Salmon, E., Meyer, F., Genon, S., Collette, F., &amp; Bastin, C. (2023). Correlati neurali dei processi cognitivi compromessi alla base della non consapevolezza di s\u00e9 nella malattia di Alzheimer. Cortex.<\/li>\n\n\n\n<li class=\"has-sm-font-size\">Senturk, G., Bilgic, B., Arslan, A. B., Bayram, A., Hanagasi, H., Gurvit, H., &amp; Emre, M. (2017). Correlati cognitivi e anatomici dell&#8217;anosognosia nel deterioramento cognitivo amnestico lieve e nella malattia di Alzheimer in fase iniziale. International psychogeriatrics, 29(2), 293-302.<\/li>\n\n\n\n<li class=\"has-sm-font-size\">Spalletta, G., Girardi, P., Caltagirone, C., &amp; Orfei, M. D. (2012). Anosognosia e sintomi e disturbi neuropsichiatrici nella malattia di Alzheimer lieve e nel deterioramento cognitivo lieve. Journal of Alzheimer&#8217;s Disease, 29(4), 761-772.<\/li>\n\n\n\n<li class=\"has-sm-font-size\">Starkstein, S. E., Jorge, R., Mizrahi, R., &amp; Robinson, R. G. (2006). Una formulazione diagnostica per l&#8217;anosognosia nella malattia di Alzheimer. Journal of Neurology, Neurosurgery &amp; Psychiatry, 77(6), 719-725.<\/li>\n\n\n\n<li class=\"has-sm-font-size\">Starkstein, S. E. (2014). Anosognosia nella malattia di Alzheimer: diagnosi, frequenza, meccanismo e correlati clinici. Cortex, 61, 64-73.<\/li>\n\n\n\n<li class=\"has-sm-font-size\">Vannini, P., Amariglio, R., Hanseeuw, B., Johnson, K. A., McLaren, D. G., Chhatwal, J., &#8230; &amp; Sperling, R. A. (2017). Consapevolezza della memoria nelle fasi precliniche e prodromiche della malattia di Alzheimer. Neuropsychologia, 99, 343-349.<\/li>\n<\/ul>\n\n\n\n<h3 class=\"wp-block-heading\">Se ti \u00e8 piaciuto questo articolo sull&#8217;<strong>anosognosia nella malattia di Alzheimer<\/strong>, sicuramente ti interesseranno questi articoli di NeuronUP:<\/h3>\n\n\n<div class=\"mai-grid entries entries-grid has-boxed has-image-full\" style=\"--entry-title-font-size:var(--font-size-lg);--entry-image-link-max-width:800px;--align-text:start;--entry-meta-text-align:start;\"><div class=\"entries-wrap has-columns\" style=\"--columns-xs:1\/1;--columns-sm:1\/1;--columns-md:1\/3;--columns-lg:1\/3;--flex-xs:0 0 var(--flex-basis);--flex-sm:0 0 var(--flex-basis);--flex-md:0 0 var(--flex-basis);--flex-lg:0 0 var(--flex-basis);--column-gap:var(--spacing-lg);--row-gap:var(--spacing-lg);--align-columns:start;\"><article class=\"entry entry-grid is-column has-entry-link has-image has-image-first type-post category-malattia-di-alzheimer tag-alzheimer tag-demenza tag-memoria\" style=\"--entry-index:1;\" aria-label=\"La lingua come fattore predittivo delle demenze\" itemscope itemtype=\"https:\/\/schema.org\/CreativeWork\"><a class=\"entry-image-link\" href=\"https:\/\/neuronup.com\/it\/stimolazione-e-riabilitazione-cognitiva\/malattie-neurodegenerative\/malattia-di-alzheimer\/il-linguaggio-come-fattore-predittivo-delle-demenze\/\" tabindex=\"-1\" aria-hidden=\"true\"><img decoding=\"async\" width=\"800\" height=\"533\" src=\"https:\/\/neuronup.com\/it\/wp-content\/uploads\/2023\/11\/El-lenguaje-como-factor-predictor-de-las-demencias-1-1.webp\" class=\"entry-image size-landscape-md\" alt=\"Disegno stilizzato di cervello su sfondo chiaro; una parte del cervello si stacca rivelando un volto, simboleggia pensiero e identit\u00e0.\" srcset=\"https:\/\/neuronup.com\/it\/wp-content\/uploads\/2023\/11\/El-lenguaje-como-factor-predictor-de-las-demencias-1-1-300x200.webp 300w, https:\/\/neuronup.com\/it\/wp-content\/uploads\/2023\/11\/El-lenguaje-como-factor-predictor-de-las-demencias-1-1-768x512.webp 768w, https:\/\/neuronup.com\/it\/wp-content\/uploads\/2023\/11\/El-lenguaje-como-factor-predictor-de-las-demencias-1-1-1024x683.webp 1024w, https:\/\/neuronup.com\/it\/wp-content\/uploads\/2023\/11\/El-lenguaje-como-factor-predictor-de-las-demencias-1-1.webp 1200w\" sizes=\"(max-width:599px) 599px, (min-width:600px) and (max-width: 799px) 799px, (min-width:800px) and (max-width: 999px) 333px, (min-width:1000px) 400px\" \/><\/a><div class=\"entry-wrap entry-wrap-grid\"><h3 class=\"entry-title\" itemprop=\"headline\"><a class=\"entry-title-link\" href=\"https:\/\/neuronup.com\/it\/stimolazione-e-riabilitazione-cognitiva\/malattie-neurodegenerative\/malattia-di-alzheimer\/il-linguaggio-come-fattore-predittivo-delle-demenze\/\" rel=\"bookmark\">La lingua come fattore predittivo delle demenze<\/a><\/h3>\n<\/div><\/article><article class=\"entry entry-grid is-column has-entry-link has-image has-image-first type-post category-malattia-di-alzheimer tag-alzheimer tag-anziani tag-attivita-di-stimolazione-cognitiva\" style=\"--entry-index:2;\" aria-label=\"Laboratorio cognitivo con NeuronUP per anziani con alzheimer\" itemscope itemtype=\"https:\/\/schema.org\/CreativeWork\"><a class=\"entry-image-link\" href=\"https:\/\/neuronup.com\/it\/stimolazione-e-riabilitazione-cognitiva\/malattie-neurodegenerative\/malattia-di-alzheimer\/laboratorio-cognitivo-con-neuronup-per-persone-anziane-con-alzheimer\/\" tabindex=\"-1\" aria-hidden=\"true\"><img decoding=\"async\" width=\"800\" height=\"446\" src=\"https:\/\/neuronup.com\/it\/wp-content\/uploads\/2025\/02\/Actividad-de-NeuronUP-para-la-intervencion-de-personas-mayores-con-alzheimer-Post-it-ordenados.webp\" class=\"entry-image size-landscape-md\" alt=\"Interfaccia su bacheca di sughero con tre post-it numerati, barra 0\/5 e cuore, raffigura un esercizio sequenziale.\" srcset=\"https:\/\/neuronup.com\/it\/wp-content\/uploads\/2025\/02\/Actividad-de-NeuronUP-para-la-intervencion-de-personas-mayores-con-alzheimer-Post-it-ordenados-300x167.webp 300w, https:\/\/neuronup.com\/it\/wp-content\/uploads\/2025\/02\/Actividad-de-NeuronUP-para-la-intervencion-de-personas-mayores-con-alzheimer-Post-it-ordenados-768x428.webp 768w, https:\/\/neuronup.com\/it\/wp-content\/uploads\/2025\/02\/Actividad-de-NeuronUP-para-la-intervencion-de-personas-mayores-con-alzheimer-Post-it-ordenados-1024x571.webp 1024w, https:\/\/neuronup.com\/it\/wp-content\/uploads\/2025\/02\/Actividad-de-NeuronUP-para-la-intervencion-de-personas-mayores-con-alzheimer-Post-it-ordenados-1536x857.webp 1536w, https:\/\/neuronup.com\/it\/wp-content\/uploads\/2025\/02\/Actividad-de-NeuronUP-para-la-intervencion-de-personas-mayores-con-alzheimer-Post-it-ordenados.webp 1916w\" sizes=\"(max-width:599px) 599px, (min-width:600px) and (max-width: 799px) 799px, (min-width:800px) and (max-width: 999px) 333px, (min-width:1000px) 400px\" \/><\/a><div class=\"entry-wrap entry-wrap-grid\"><h3 class=\"entry-title\" itemprop=\"headline\"><a class=\"entry-title-link\" href=\"https:\/\/neuronup.com\/it\/stimolazione-e-riabilitazione-cognitiva\/malattie-neurodegenerative\/malattia-di-alzheimer\/laboratorio-cognitivo-con-neuronup-per-persone-anziane-con-alzheimer\/\" rel=\"bookmark\">Laboratorio cognitivo con NeuronUP per anziani con alzheimer<\/a><\/h3>\n<\/div><\/article><article class=\"entry entry-grid is-column has-entry-link has-image has-image-first type-post category-malattia-di-alzheimer tag-alzheimer tag-anziani tag-invecchiamento-normale tag-malattie-neurodegenerative\" style=\"--entry-index:3;\" aria-label=\"Design di attivit\u00e0 significative per pazienti con demenza e invecchiamento sano\" itemscope itemtype=\"https:\/\/schema.org\/CreativeWork\"><a class=\"entry-image-link\" href=\"https:\/\/neuronup.com\/it\/stimolazione-e-riabilitazione-cognitiva\/malattie-neurodegenerative\/malattia-di-alzheimer\/progettazione-di-attivita-per-pazienti-con-demenza-e-invecchiamento-sano\/\" tabindex=\"-1\" aria-hidden=\"true\"><img decoding=\"async\" width=\"800\" height=\"600\" src=\"https:\/\/neuronup.com\/it\/wp-content\/uploads\/2022\/10\/1202982913070921.Td96AfIJM1Twk8FZADJl_height640-1-1-1-1-1-1-1-1-1-1-1.webp\" class=\"entry-image size-landscape-md\" alt=\"Tre anziane sedute attorno a un tavolo partecipano a un\u2019attivit\u00e0 creativa con scatole e una figura di legno, in ambiente.\" srcset=\"https:\/\/neuronup.com\/it\/wp-content\/uploads\/2022\/10\/1202982913070921.Td96AfIJM1Twk8FZADJl_height640-1-1-1-1-1-1-1-1-1-1-1-300x225.webp 300w, https:\/\/neuronup.com\/it\/wp-content\/uploads\/2022\/10\/1202982913070921.Td96AfIJM1Twk8FZADJl_height640-1-1-1-1-1-1-1-1-1-1-1-768x576.webp 768w, https:\/\/neuronup.com\/it\/wp-content\/uploads\/2022\/10\/1202982913070921.Td96AfIJM1Twk8FZADJl_height640-1-1-1-1-1-1-1-1-1-1-1-1024x768.webp 1024w, https:\/\/neuronup.com\/it\/wp-content\/uploads\/2022\/10\/1202982913070921.Td96AfIJM1Twk8FZADJl_height640-1-1-1-1-1-1-1-1-1-1-1.webp 1200w\" sizes=\"(max-width:599px) 599px, (min-width:600px) and (max-width: 799px) 799px, (min-width:800px) and (max-width: 999px) 333px, (min-width:1000px) 400px\" \/><\/a><div class=\"entry-wrap entry-wrap-grid\"><h3 class=\"entry-title\" itemprop=\"headline\"><a class=\"entry-title-link\" href=\"https:\/\/neuronup.com\/it\/stimolazione-e-riabilitazione-cognitiva\/malattie-neurodegenerative\/malattia-di-alzheimer\/progettazione-di-attivita-per-pazienti-con-demenza-e-invecchiamento-sano\/\" rel=\"bookmark\">Design di attivit\u00e0 significative per pazienti con demenza e invecchiamento sano<\/a><\/h3>\n<\/div><\/article><\/div><\/div>","protected":false},"excerpt":{"rendered":"<p>Il neuropsicologo \u00c1ngel Mart\u00ednez Nogueras ci espone in questo articolo come si manifesta l&#8217;anosognosia nella malattia di Alzheimer e il suo impatto sulle attivit\u00e0 della vita quotidiana. Che cos&#8217;\u00e8 l&#8217;anosognosia L&#8217;anosognosia o mancanza di consapevolezza della propria malattia o disabilit\u00e0 \u00e8 un sintomo comune in diverse alterazioni e malattie neurologiche. Le persone che ne soffrono &hellip;<\/p>\n","protected":false},"author":168,"featured_media":31235,"comment_status":"open","ping_status":"open","sticky":false,"template":"","format":"standard","meta":{"_acf_changed":false,"_genesis_hide_title":false,"_genesis_hide_breadcrumbs":false,"_genesis_hide_singular_image":false,"_genesis_hide_footer_widgets":false,"_genesis_custom_body_class":"","_genesis_custom_post_class":"","_genesis_layout":"","footnotes":""},"categories":[11],"tags":[99],"class_list":{"2":"type-post","7":"category-malattia-di-alzheimer","8":"tag-alzheimer","9":"entry"},"acf":[],"_links":{"self":[{"href":"https:\/\/neuronup.com\/it\/wp-json\/wp\/v2\/posts\/31233","targetHints":{"allow":["GET"]}}],"collection":[{"href":"https:\/\/neuronup.com\/it\/wp-json\/wp\/v2\/posts"}],"about":[{"href":"https:\/\/neuronup.com\/it\/wp-json\/wp\/v2\/types\/post"}],"author":[{"embeddable":true,"href":"https:\/\/neuronup.com\/it\/wp-json\/wp\/v2\/users\/168"}],"replies":[{"embeddable":true,"href":"https:\/\/neuronup.com\/it\/wp-json\/wp\/v2\/comments?post=31233"}],"version-history":[{"count":0,"href":"https:\/\/neuronup.com\/it\/wp-json\/wp\/v2\/posts\/31233\/revisions"}],"wp:featuredmedia":[{"embeddable":true,"href":"https:\/\/neuronup.com\/it\/wp-json\/wp\/v2\/media\/31235"}],"wp:attachment":[{"href":"https:\/\/neuronup.com\/it\/wp-json\/wp\/v2\/media?parent=31233"}],"wp:term":[{"taxonomy":"category","embeddable":true,"href":"https:\/\/neuronup.com\/it\/wp-json\/wp\/v2\/categories?post=31233"},{"taxonomy":"post_tag","embeddable":true,"href":"https:\/\/neuronup.com\/it\/wp-json\/wp\/v2\/tags?post=31233"}],"curies":[{"name":"wp","href":"https:\/\/api.w.org\/{rel}","templated":true}]}}