
{"id":30829,"date":"2024-07-02T10:08:13","date_gmt":"2024-07-02T08:08:13","guid":{"rendered":"https:\/\/neuronup.com\/it\/?p=30829"},"modified":"2025-02-28T10:42:30","modified_gmt":"2025-02-28T08:42:30","slug":"consapevolezza-fonologica","status":"publish","type":"post","link":"https:\/\/neuronup.com\/it\/stimolazione-e-riabilitazione-cognitiva\/disturbi-del-neurosviluppo\/consapevolezza-fonologica\/","title":{"rendered":"Consapevolezza fonologica"},"content":{"rendered":"\n<p class=\"has-xl-font-size\">In questo articolo, la psicologa clinica e neuropsicologa Covadonga Garc\u00eda San Nicol\u00e1s Cantero <strong>espone l&#8217;importanza della consapevolezza fonologica.<\/strong><\/p>\n\n\n\n<p>La consapevolezza fonologica (CF) \u00e8 la <strong>capacit\u00e0 che ci consente di essere consapevoli della struttura del linguaggio<\/strong>, ovvero di come si organizzano i suoni individualmente nelle parole che pronunciamo, non del loro significato. \u00c8 una competenza molto importante nello sviluppo della lettura e della scrittura.<\/p>\n\n\n\n<p>Alcuni autori definiscono la consapevolezza fonologica come una capacit\u00e0 metacognitiva da un lato, poich\u00e9 implica una riflessione consapevole sul linguaggio orale, e metalinguistica dall&#8217;altro, poich\u00e9 coinvolge diverse dimensioni del suono del linguaggio parlato. La consapevolezza fonologica \u00e8 una capacit\u00e0 che si apprende attraverso le esperienze e le interazioni del bambino durante il suo sviluppo.<\/p>\n\n\n\n<h2 class=\"wp-block-heading\">Perch\u00e9 \u00e8 importante la consapevolezza fonologica?<\/h2>\n\n\n\n<p>La consapevolezza fonologica \u00e8 fondamentale nel <strong>processo di lettura e scrittura<\/strong>, poich\u00e9 grazie ad essa possiamo decodificare e scomporre le parole in fonemi, consentendoci di manipolare i suoni e facilitando la comprensione della relazione tra i suoni e le lettere in modo consapevole. Pertanto, una buona consapevolezza fonologica favorir\u00e0 l&#8217;apprendimento di abilit\u00e0 come la lettura e la scrittura.<\/p>\n\n\n\n<p>Avere buone abilit\u00e0 fonologiche risulta anche vantaggioso per leggere per la prima volta parole sconosciute e per la morfosintassi, consentendo di studiare le funzioni e le forme delle parole in modo pi\u00f9 adeguato.<\/p>\n\n\n\n<p>Inoltre, lo sviluppo della consapevolezza fonologica e il processo di lettura e scrittura sono fondamentali per lo sviluppo personale, sociale e intellettuale delle persone.<\/p>\n\n\n\n<h2 class=\"wp-block-heading\">Quali sono i componenti della consapevolezza fonologica?<\/h2>\n\n\n\n<p>Prima di parlare dei componenti della CF, va sottolineato che <strong>non implica una grafia o un simbolo grafico<\/strong>, ovvero, per avere consapevolezza fonologica non \u00e8 ancora necessario sapere qual \u00e8 la corrispondenza grafema-fonema. Questo \u00e8 molto importante, poich\u00e9 spesso si confondono entrambi i concetti.<\/p>\n\n\n\n<p>La consapevolezza fonologica ha due <strong>unit\u00e0 di base fondamentali:<\/strong><\/p>\n\n\n\n<ul class=\"wp-block-list\">\n<li>I <strong>fonemi <\/strong>sono le unit\u00e0 pi\u00f9 piccole dei suoni del parlato. L&#8217;identificazione dei fonemi richiede allenamento. Ad esempio, la parola &#8220;gatto&#8221; \u00e8 composta da quattro fonemi: \/g\/ &#8211; \/a\/ &#8211; \/t\/ &#8211; \/o\/.<\/li>\n<\/ul>\n\n\n\n<ul class=\"wp-block-list\">\n<li>Le <strong>sillabe <\/strong>sono unit\u00e0 fonologiche in cui le parole vengono segmentate. Ad esempio, la parola &#8221;bambino&#8221; \u00e8 composta da tre sillabe: &#8221;bam&#8221; &#8211; &#8221;bi&#8221; &#8211; &#8221;no&#8221;.<\/li>\n<\/ul>\n\n\n\n<p>Di solito si lavora <strong>da strutture pi\u00f9 grandi a strutture pi\u00f9 piccole.<\/strong> Ad esempio, si parte da frasi, parole e sillabe per arrivare ai fonemi, piuttosto che lavorare dal meno al pi\u00f9 (dai fonemi alle frasi). Questo perch\u00e9, in generale, le unit\u00e0 pi\u00f9 grandi sono sempre pi\u00f9 semplici di quelle pi\u00f9 piccole.<\/p>\n\n\n\n<p>Inoltre, esiste un <strong>modello di acquisizione<\/strong> della consapevolezza fonologica che \u00e8 gerarchico e consiste nei seguenti livelli di consapevolezza:<\/p>\n\n\n\n<ul class=\"wp-block-list\">\n<li>La <strong>consapevolezza sillabica<\/strong> implica la conoscenza della segmentazione delle parole e la capacit\u00e0 di manipolarla.<\/li>\n<\/ul>\n\n\n\n<ul class=\"wp-block-list\">\n<li>La <strong>consapevolezza intrasillabica<\/strong> permette di segmentare le sillabe nelle loro parti. <strong>Una sillaba<\/strong> \u00e8 composta <strong>dall&#8217;inizio <\/strong>(chiamato anche onset), che si riferisce alla consonante o al gruppo di consonanti che costituiscono l&#8217;inizio della parola; e dalla <strong>rima<\/strong>, che \u00e8 costituita dalle lettere che seguono l&#8217;inizio. L&#8217;esempio seguente spiega meglio questi termini: la sillaba &#8220;fi&#8221;. L&#8217;inizio \u00e8 &#8221;f&#8221; e la rima \u00e8 &#8221;i&#8221;.<\/li>\n<\/ul>\n\n\n\n<ul class=\"wp-block-list\">\n<li>La <strong>consapevolezza fonemica<\/strong> si riferisce alla capacit\u00e0 di segmentare le unit\u00e0 pi\u00f9 piccole del discorso in suoni discreti, come i fonemi. Si tratta cio\u00e8 di essere consapevoli che una parola \u00e8 composta da diversi fonemi.<\/li>\n<\/ul>\n\n\n\n<h2 class=\"wp-block-heading\">Come si sviluppa la consapevolezza fonologica?<\/h2>\n\n\n\n<p>La consapevolezza fonologica viene appresa attraverso l&#8217;esposizione dei bambini ai suoni del linguaggio nel loro ambiente, principalmente attraverso le interazioni con gli adulti, parlando con loro, leggendo storie, raccontando storie, filastrocche, scioglilingua, musica, ecc. Questo permette ai bambini di prendere coscienza dei suoni, riconoscerli e imparare a usarli oralmente.<\/p>\n\n\n\n<p>Non c&#8217;\u00e8 consenso su quale sia l&#8217;et\u00e0 o lo stadio di sviluppo in cui i bambini sono maggiormente in grado di sviluppare o apprendere la consapevolezza fonologica. Inoltre, i bambini in fase di prelettura non hanno difficolt\u00e0 a riconoscere e manipolare le sillabe, quindi <strong>la scrittura o la lettura non sono prerequisiti per l&#8217;apprendimento della consapevolezza fonologica.<\/strong><\/p>\n\n\n\n<p>Tuttavia, per sviluppare la consapevolezza fonologica \u00e8 necessario possedere alcune competenze importanti:<\/p>\n\n\n\n<ul class=\"wp-block-list\">\n<li>In primo luogo, \u00e8 essenziale <strong>avere la capacit\u00e0 di ascoltare<\/strong>. Questo ci permetter\u00e0 di percepire i suoni e di prestare attenzione ad essi attraverso un ascolto attivo.<\/li>\n<\/ul>\n\n\n\n<ul class=\"wp-block-list\">\n<li>In seguito, \u00e8 essenziale<strong> avere una consapevolezza lessicale<\/strong>. Si tratta di saper identificare le parole presenti nelle frasi.<\/li>\n<\/ul>\n\n\n\n<ul class=\"wp-block-list\">\n<li>\u00c8 importante anche la <strong>consapevolezza sillabica<\/strong>, spiegata nei punti precedenti.<\/li>\n<\/ul>\n\n\n\n<ul class=\"wp-block-list\">\n<li>La <strong>consapevolezza della rima<\/strong> gioca un ruolo fondamentale, in quanto implica la comprensione di come \u00e8 strutturato il linguaggio, la segmentazione delle parole e la capacit\u00e0 di discriminare tra suoni simili e di riconoscere i suoni finali delle parole.<\/li>\n<\/ul>\n\n\n\n<ul class=\"wp-block-list\">\n<li>Il passo successivo \u00e8 la <strong>consapevolezza dei fonemi.<\/strong><\/li>\n<\/ul>\n\n\n\n<div style=\"height:50px\" aria-hidden=\"true\" class=\"wp-block-spacer\"><\/div>\n\n\n\n<div class=\"wp-block-group br-0111 has-primary-background-color has-background has-dark-background has-sm-padding-top has-sm-padding-left has-sm-padding-right has-xxl-margin-top\"><div class=\"wp-block-group__inner-container is-layout-constrained wp-block-group-is-layout-constrained\">\n<div class=\"wp-block-columns is-layout-flex wp-container-core-columns-is-layout-9d6595d7 wp-block-columns-is-layout-flex\">\n<div class=\"wp-block-column is-layout-flow wp-block-column-is-layout-flow\">\n<figure class=\"wp-block-image size-full desktop-position-absolute desktop-bottom-0 mobile-width-50 mobile-m-inline-auto has-xl-margin-top\"><img decoding=\"async\" src=\"https:\/\/neuronup.com\/it\/wp-content\/uploads\/2022\/v3\/producto-certificado.webp\" alt=\"\" class=\"wp-image-31568\"><\/figure>\n<\/div>\n\n\n\n<div class=\"wp-block-column is-layout-flow wp-block-column-is-layout-flow\">\n<h2 class=\"wp-block-heading has-white-color has-text-color\"><strong>Iscriviti<\/strong> <br>alla nostra <br>Newsletter<\/h2>\n\n\n\n<div class=\"wp-block-buttons is-layout-flex wp-block-buttons-is-layout-flex\">\n<div class=\"wp-block-button--1\" style=\"--button-outline-color:var(--color-white);--button-outline-color-hover:rgba(0,0,0,0.8);\"><a class=\"wp-block-button__link button button-outline   wp-element-button\" href=\"https:\/\/neuronup.com\/it\/newsletter\/\">Iscriviti<\/a><\/div>\n\n<\/div>\n\n\n\n<div style=\"height:40px\" aria-hidden=\"true\" class=\"wp-block-spacer\"><\/div>\n<\/div>\n<\/div>\n<\/div><\/div>\n\n\n\n\n<div style=\"height:50px\" aria-hidden=\"true\" class=\"wp-block-spacer\"><\/div>\n\n\n\n<h2 class=\"wp-block-heading\">Cosa viene insegnato per primo?<\/h2>\n\n\n\n<p>Questa \u00e8 una domanda che sicuramente sorger\u00e0 durante la lettura di questo post. Ci\u00f2 che \u00e8 chiaro da quanto abbiamo visto finora \u00e8 che la consapevolezza fonologica \u00e8 fondamentale nel processo di lettura e scrittura, cio\u00e8 sia per imparare a scrivere che per imparare a leggere. Piuttosto che spiegare cosa viene insegnato per primo, spiegheremo <strong>alcune delle abilit\u00e0 necessarie per la scrittura e la lettura in generale.<\/strong><\/p>\n\n\n\n<p>Per esempio, per essere in grado di <strong>scrivere<\/strong>, \u00e8 necessario compiere una serie di passi. Per prima cosa pensiamo a cosa vogliamo scrivere. Una volta che sappiamo cosa vogliamo scrivere, discriminiamo i singoli suoni delle parole in modo da poter recuperare l&#8217;ortografia o la lettera associata al suono che vogliamo scrivere. Per scriverlo, abbiamo bisogno di abilit\u00e0 motorie che ci permettano di eseguire i tratti di lettera necessari.<\/p>\n\n\n\n<p>Pertanto, per poter <strong>scrivere <\/strong>correttamente una parola, in generale, dobbiamo soddisfare alcuni prerequisiti:<\/p>\n\n\n\n<ul class=\"wp-block-list\">\n<li>Lingua.<\/li>\n<\/ul>\n\n\n\n<ul class=\"wp-block-list\">\n<li>Consapevolezza fonologica.<\/li>\n<\/ul>\n\n\n\n<ul class=\"wp-block-list\">\n<li>Corrispondenza fonema-grafema.<\/li>\n<\/ul>\n\n\n\n<ul class=\"wp-block-list\">\n<li>Abilit\u00e0 motorie.<\/li>\n<\/ul>\n\n\n\n<p>Per la <strong>lettura<\/strong>, invece, il processo \u00e8 diverso. La prima cosa a cui prestiamo attenzione \u00e8 il riconoscimento delle lettere che abbiamo davanti. Una volta riconosciute, si crea la corrispondenza fonema-grafema, producendo il fonema dalla lettera. Successivamente, i fonemi vengono integrati, componendo foneticamente la parola. Infine, cerco la parola nel lessico per capirne il significato.<\/p>\n\n\n\n<h2 class=\"wp-block-heading\">Esempi di sintomi di deficit di consapevolezza fonologica<\/h2>\n\n\n\n<p>Di seguito sono riportati alcuni esempi di quando si possono sospettare difficolt\u00e0 di consapevolezza fonologica:<\/p>\n\n\n\n<ul class=\"wp-block-list\">\n<li>Quando si commettono errori di pronuncia fonologica.<\/li>\n<\/ul>\n\n\n\n<ul class=\"wp-block-list\">\n<li>Difficolt\u00e0 nella lettura o nella scrittura.<\/li>\n<\/ul>\n\n\n\n<ul class=\"wp-block-list\">\n<li>Identificazione di singole lettere ma non capacit\u00e0 di leggere un&#8217;intera parola.<\/li>\n<\/ul>\n\n\n\n<ul class=\"wp-block-list\">\n<li>Quando si hanno difficolt\u00e0 a creare rime o a cercare parole che fanno rima con altre parole.<\/li>\n<\/ul>\n\n\n\n<ul class=\"wp-block-list\">\n<li>Quando la creazione di nuove parole \u00e8 una sfida.<\/li>\n<\/ul>\n\n\n\n<ul class=\"wp-block-list\">\n<li>Quando si commettono errori nella scomposizione delle parole in sillabe.<\/li>\n<\/ul>\n\n\n\n<h2 class=\"wp-block-heading\">Quali esercizi sono utili per lavorare sulla consapevolezza fonologica?<\/h2>\n\n\n\n<p>Per lavorare sulla consapevolezza fonologica <strong>non \u00e8 necessario<\/strong> utilizzare materiali in cui <strong>compaiano parole scritte<\/strong>, o parole scritte incomplete, ecc. perch\u00e9, come abbiamo spiegato prima, la consapevolezza fonologica non riguarda l&#8217;ortografia, ma la struttura della costruzione del linguaggio orale.<\/p>\n\n\n\n<p>Esercizi di onomatopea, scioglilingua, giochi di rime, segmentazione di parole in sillabe, ripetizione orale di parole o suoni ascoltati, ecc. sono buoni modi per stimolare la consapevolezza fonologica.<\/p>\n\n\n\n<h2 class=\"wp-block-heading\">Conclusioni<\/h2>\n\n\n\n<p>La consapevolezza fonologica \u00e8 un&#8217;abilit\u00e0 linguistica che ci permette di riflettere sull&#8217;organizzazione del linguaggio a livello fonologico per comprenderlo e manipolarlo. \u00c8 fondamentale per imparare a scrivere e a leggere. La consapevolezza fonologica pu\u00f2 essere stimolata attraverso esercizi che prevedono attivit\u00e0 fonologiche, senza la necessit\u00e0 di utilizzare lettere scritte o lette.<\/p>\n\n\n\n<h2 class=\"wp-block-heading\">Bibliografia<\/h2>\n\n\n\n<ul class=\"wp-block-list\">\n<li class=\"has-sm-font-size\">Andrade-Santamar\u00eda, J. V., Andrade-Sol\u00eds, P. E., y Zumba-Faic\u00e1n, D. P. (2023). Desarrollo neurobiol\u00f3gico de la conciencia fonol\u00f3gica y su relaci\u00f3n con la lectoescritura.&nbsp;<em>Revista Cient\u00edfica y Arbitrada de Ciencias Sociales y Trabajo Social: Tejedora,<\/em>&nbsp;<em>6<\/em>(12), 87-98.<\/li>\n\n\n\n<li class=\"has-sm-font-size\">Chaseling, M. (2022). Reading is not just Something, It is Everything: Using Collaborative Inquiry Twinned with Generative Dialogue for School Improvement in Elementary Classrooms.&nbsp;<em>The Canadian Journal of Action Research,&nbsp;22<\/em>(2), 46\u201371.<\/li>\n\n\n\n<li class=\"has-sm-font-size\">Guti\u00e9rrez Fresneda, R. y D\u00edez Mediavilla, A. (2018). Conciencia fonol\u00f3gica y desarrollo evolutivo de la escritura en las primeras edades. <em>Educaci\u00f3n XX1, 21<\/em>(1), 395-416, doi: 10.5944\/educXX1.13256&nbsp;<\/li>\n\n\n\n<li class=\"has-sm-font-size\">Mateo, M. [Cuentos para Crecer]. (10 de junio de 2022). <em>Conciencia Fonol\u00f3gica: Preguntas y Respuestas<\/em>. [Archivo de v\u00eddeo]. https:\/\/www.youtube.com\/watch?v=_74Ai-VaQXQ&amp;ab_channel=CuentosparaCrecer<\/li>\n\n\n\n<li class=\"has-sm-font-size\">Rivadeneir, E. M., Reyes, C. C., y Le\u00f3n, B. B. (2024). Desarrollo temprano del lenguaje: conexiones significativas entre conciencia fonol\u00f3gica, vocabulario y pronunciaci\u00f3n.&nbsp;<em>Conrado<\/em>,&nbsp;<em>20<\/em>(96), 139-147.<\/li>\n\n\n\n<li class=\"has-sm-font-size\">Valle-Zevallos, M.-J., Mendez-Vergaray, J., y Flores, E. (2024). La conciencia fonol\u00f3gica y su relaci\u00f3n con la lectura: Revisi\u00f3n sistem\u00e1tica.&nbsp;<em>Horizontes. Revista De Investigaci\u00f3n En Ciencias De La Educaci\u00f3n<\/em>,&nbsp;<em>8<\/em>(33), 1004\u20131021. https:\/\/doi.org\/10.33996\/revistahorizontes.v8i33.779<\/li>\n<\/ul>\n\n\n\n<h3 class=\"wp-block-heading\">Se vi \u00e8 piaciuto questo articolo sulla <strong>consapevolezza fonologica<\/strong>, probabilmente vi interesseranno anche questi articoli di NeuronUP:<\/h3>\n\n\n<div class=\"mai-grid entries entries-grid has-boxed has-image-full\" style=\"--entry-title-font-size:var(--font-size-lg);--entry-image-link-max-width:800px;--align-text:start;--entry-meta-text-align:start;\"><div class=\"entries-wrap has-columns\" style=\"--columns-xs:1\/1;--columns-sm:1\/1;--columns-md:1\/3;--columns-lg:1\/3;--flex-xs:0 0 var(--flex-basis);--flex-sm:0 0 var(--flex-basis);--flex-md:0 0 var(--flex-basis);--flex-lg:0 0 var(--flex-basis);--column-gap:var(--spacing-lg);--row-gap:var(--spacing-lg);--align-columns:start;\"><article class=\"entry entry-grid is-column has-entry-link has-image has-image-first type-post category-disturbi-del-neurosviluppo tag-disturbi-del-neurosviluppo tag-funzioni-esecutive\" style=\"--entry-index:1;\" aria-label=\"Guida alla revisione della letteratura sulle aprassie\" itemscope itemtype=\"https:\/\/schema.org\/CreativeWork\"><a class=\"entry-image-link\" href=\"https:\/\/neuronup.com\/it\/stimolazione-e-riabilitazione-cognitiva\/disturbi-del-neurosviluppo\/guida-per-la-revisione-della-letteratura-sulle-aprassie\/\" tabindex=\"-1\" aria-hidden=\"true\"><img decoding=\"async\" width=\"800\" height=\"533\" src=\"https:\/\/neuronup.com\/it\/wp-content\/uploads\/2024\/09\/apraxias-pareja.webp\" class=\"entry-image size-landscape-md\" alt=\"Coppia distesa su pavimento di legno; una persona forma una cornice con le mani mentre l&#039;altra sorride, atmosfera giocosa.\" srcset=\"https:\/\/neuronup.com\/it\/wp-content\/uploads\/2024\/09\/apraxias-pareja-300x200.webp 300w, https:\/\/neuronup.com\/it\/wp-content\/uploads\/2024\/09\/apraxias-pareja-768x512.webp 768w, https:\/\/neuronup.com\/it\/wp-content\/uploads\/2024\/09\/apraxias-pareja-1024x683.webp 1024w, https:\/\/neuronup.com\/it\/wp-content\/uploads\/2024\/09\/apraxias-pareja.webp 1200w\" sizes=\"(max-width:599px) 599px, (min-width:600px) and (max-width: 799px) 799px, (min-width:800px) and (max-width: 999px) 333px, (min-width:1000px) 400px\" \/><\/a><div class=\"entry-wrap entry-wrap-grid\"><h3 class=\"entry-title\" itemprop=\"headline\"><a class=\"entry-title-link\" href=\"https:\/\/neuronup.com\/it\/stimolazione-e-riabilitazione-cognitiva\/disturbi-del-neurosviluppo\/guida-per-la-revisione-della-letteratura-sulle-aprassie\/\" rel=\"bookmark\">Guida alla revisione della letteratura sulle aprassie<\/a><\/h3>\n<\/div><\/article><article class=\"entry entry-grid is-column has-entry-link has-image has-image-first type-post category-asd-disturbi-dello-spettro-autistico tag-autismo tag-bambini tag-disturbo-dello-spettro-autistico\" style=\"--entry-index:2;\" aria-label=\"L&#8217;autismo e la realt\u00e0 delle persone con disturbo dello spettro autistico\" itemscope itemtype=\"https:\/\/schema.org\/CreativeWork\"><a class=\"entry-image-link\" href=\"https:\/\/neuronup.com\/it\/stimolazione-e-riabilitazione-cognitiva\/disturbi-del-neurosviluppo\/asd-disturbi-dello-spettro-autistico\/te\/\" tabindex=\"-1\" aria-hidden=\"true\"><img decoding=\"async\" width=\"800\" height=\"600\" src=\"https:\/\/neuronup.com\/it\/wp-content\/uploads\/2024\/09\/dia-mundial-sobre-el-autismo.webp\" class=\"entry-image size-landscape-md\" alt=\"Quattro mani di bambini sollevate con dita distese davanti a un puzzle colorato, sfondo vivace che richiama inclusione.\" srcset=\"https:\/\/neuronup.com\/it\/wp-content\/uploads\/2024\/09\/dia-mundial-sobre-el-autismo-300x225.webp 300w, https:\/\/neuronup.com\/it\/wp-content\/uploads\/2024\/09\/dia-mundial-sobre-el-autismo-768x576.webp 768w, https:\/\/neuronup.com\/it\/wp-content\/uploads\/2024\/09\/dia-mundial-sobre-el-autismo-1024x768.webp 1024w, https:\/\/neuronup.com\/it\/wp-content\/uploads\/2024\/09\/dia-mundial-sobre-el-autismo.webp 1200w\" sizes=\"(max-width:599px) 599px, (min-width:600px) and (max-width: 799px) 799px, (min-width:800px) and (max-width: 999px) 333px, (min-width:1000px) 400px\" \/><\/a><div class=\"entry-wrap entry-wrap-grid\"><h3 class=\"entry-title\" itemprop=\"headline\"><a class=\"entry-title-link\" href=\"https:\/\/neuronup.com\/it\/stimolazione-e-riabilitazione-cognitiva\/disturbi-del-neurosviluppo\/asd-disturbi-dello-spettro-autistico\/te\/\" rel=\"bookmark\">L&#8217;autismo e la realt\u00e0 delle persone con disturbo dello spettro autistico<\/a><\/h3>\n<\/div><\/article><article class=\"entry entry-grid is-column has-entry-link has-image has-image-first type-post category-asd-disturbi-dello-spettro-autistico tag-abilita-sociali tag-autismo tag-bambini tag-disturbi-del-neurosviluppo tag-disturbo-dello-spettro-autistico tag-psicologia\" style=\"--entry-index:3;\" aria-label=\"Le persone che vivono con l&#8217;Asperger dal punto di vista sociale\" itemscope itemtype=\"https:\/\/schema.org\/CreativeWork\"><a class=\"entry-image-link\" href=\"https:\/\/neuronup.com\/it\/stimolazione-e-riabilitazione-cognitiva\/disturbi-del-neurosviluppo\/asd-disturbi-dello-spettro-autistico\/le-persone-che-vivono-con-asperger-dal-punto-di-vista-sociale\/\" tabindex=\"-1\" aria-hidden=\"true\"><img decoding=\"async\" width=\"800\" height=\"534\" src=\"https:\/\/neuronup.com\/it\/wp-content\/uploads\/2024\/09\/Terapia-de-juego-para-el-trastorno-de-autismo.webp\" class=\"entry-image size-landscape-md\" alt=\"Donna seduta osserva una bambina in piedi che scrive su una lavagna colorata; ambiente luminoso e accogliente.\" srcset=\"https:\/\/neuronup.com\/it\/wp-content\/uploads\/2024\/09\/Terapia-de-juego-para-el-trastorno-de-autismo-300x200.webp 300w, https:\/\/neuronup.com\/it\/wp-content\/uploads\/2024\/09\/Terapia-de-juego-para-el-trastorno-de-autismo-768x512.webp 768w, https:\/\/neuronup.com\/it\/wp-content\/uploads\/2024\/09\/Terapia-de-juego-para-el-trastorno-de-autismo-1024x683.webp 1024w, https:\/\/neuronup.com\/it\/wp-content\/uploads\/2024\/09\/Terapia-de-juego-para-el-trastorno-de-autismo.webp 1202w\" sizes=\"(max-width:599px) 599px, (min-width:600px) and (max-width: 799px) 799px, (min-width:800px) and (max-width: 999px) 333px, (min-width:1000px) 400px\" \/><\/a><div class=\"entry-wrap entry-wrap-grid\"><h3 class=\"entry-title\" itemprop=\"headline\"><a class=\"entry-title-link\" href=\"https:\/\/neuronup.com\/it\/stimolazione-e-riabilitazione-cognitiva\/disturbi-del-neurosviluppo\/asd-disturbi-dello-spettro-autistico\/le-persone-che-vivono-con-asperger-dal-punto-di-vista-sociale\/\" rel=\"bookmark\">Le persone che vivono con l&#8217;Asperger dal punto di vista sociale<\/a><\/h3>\n<\/div><\/article><\/div><\/div>","protected":false},"excerpt":{"rendered":"<p>In questo articolo, la psicologa clinica e neuropsicologa Covadonga Garc\u00eda San Nicol\u00e1s Cantero espone l&#8217;importanza della consapevolezza fonologica. La consapevolezza fonologica (CF) \u00e8 la capacit\u00e0 che ci consente di essere consapevoli della struttura del linguaggio, ovvero di come si organizzano i suoni individualmente nelle parole che pronunciamo, non del loro significato. \u00c8 una competenza molto &hellip;<\/p>\n","protected":false},"author":157,"featured_media":30835,"comment_status":"open","ping_status":"open","sticky":false,"template":"","format":"standard","meta":{"_acf_changed":false,"_genesis_hide_title":false,"_genesis_hide_breadcrumbs":false,"_genesis_hide_singular_image":false,"_genesis_hide_footer_widgets":false,"_genesis_custom_body_class":"","_genesis_custom_post_class":"","_genesis_layout":"","footnotes":""},"categories":[14],"tags":[109,434,422],"class_list":{"2":"type-post","7":"category-disturbi-del-neurosviluppo","8":"tag-bambini","9":"tag-consapevolezza-fonologica","10":"tag-disturbi-del-neurosviluppo","11":"entry"},"acf":[],"_links":{"self":[{"href":"https:\/\/neuronup.com\/it\/wp-json\/wp\/v2\/posts\/30829","targetHints":{"allow":["GET"]}}],"collection":[{"href":"https:\/\/neuronup.com\/it\/wp-json\/wp\/v2\/posts"}],"about":[{"href":"https:\/\/neuronup.com\/it\/wp-json\/wp\/v2\/types\/post"}],"author":[{"embeddable":true,"href":"https:\/\/neuronup.com\/it\/wp-json\/wp\/v2\/users\/157"}],"replies":[{"embeddable":true,"href":"https:\/\/neuronup.com\/it\/wp-json\/wp\/v2\/comments?post=30829"}],"version-history":[{"count":0,"href":"https:\/\/neuronup.com\/it\/wp-json\/wp\/v2\/posts\/30829\/revisions"}],"wp:featuredmedia":[{"embeddable":true,"href":"https:\/\/neuronup.com\/it\/wp-json\/wp\/v2\/media\/30835"}],"wp:attachment":[{"href":"https:\/\/neuronup.com\/it\/wp-json\/wp\/v2\/media?parent=30829"}],"wp:term":[{"taxonomy":"category","embeddable":true,"href":"https:\/\/neuronup.com\/it\/wp-json\/wp\/v2\/categories?post=30829"},{"taxonomy":"post_tag","embeddable":true,"href":"https:\/\/neuronup.com\/it\/wp-json\/wp\/v2\/tags?post=30829"}],"curies":[{"name":"wp","href":"https:\/\/api.w.org\/{rel}","templated":true}]}}