
{"id":30289,"date":"2024-05-03T13:52:18","date_gmt":"2024-05-03T11:52:18","guid":{"rendered":"https:\/\/neuronup.com\/it\/?p=30289"},"modified":"2025-09-29T08:57:16","modified_gmt":"2025-09-29T06:57:16","slug":"neuropsicologia-clinica-nella-prematurita-e-nel-neurosviluppo","status":"publish","type":"post","link":"https:\/\/neuronup.com\/it\/neuroscienze\/neuropsicologia\/neuropsicologia-clinica-nella-prematurita-e-nel-neurosviluppo\/","title":{"rendered":"Neuropsicologia clinica nella prematurit\u00e0 e nel neurosviluppo"},"content":{"rendered":"\n<p class=\"has-xl-font-size\">In questo post, lo psicologo ed esperto internazionale di Alzheimer e altre demenze Cristian Francisco Li\u00e9banas Vega ci parla della <strong>prematurit\u00e0 e della riabilitazione neuropsicologica nei bambini prematuri.<\/strong><\/p>\n\n\n\n<p><strong>La prematurit\u00e0 \u00e8 un problema serio sia per il neonato<\/strong> che per la sua famiglia, poich\u00e9 \u00e8 associata a un&#8217;elevata morbilit\u00e0 alla nascita e a un alto rischio di disabilit\u00e0 future. Il numero di neonati nati pretermine e la loro sopravvivenza sono aumentati significativamente negli ultimi decenni, grazie ai progressi dell&#8217;assistenza ostetrica e neonatale. Ridurre la loro mortalit\u00e0 senza aumentare la morbilit\u00e0 e le sequele \u00e8 una delle sfide pi\u00f9 importanti della medicina perinatale (Rodrigo et al., 2014).<\/p>\n\n\n\n<p>Per nascita prematura o pretermine si intende la nascita prima delle 37 settimane di gestazione.<\/p>\n\n\n\n<p>La prematurit\u00e0 <strong>pu\u00f2 essere classificata in diversi gruppi in base all&#8217;et\u00e0 gestazionale in cui avviene il parto o in base al peso del neonato,<\/strong> poich\u00e9 entrambi i parametri sono solitamente correlati in questi bambini. Pi\u00f9 bassa \u00e8 l&#8217;et\u00e0 gestazionale e pi\u00f9 basso \u00e8 il peso alla nascita, maggiore \u00e8 la probabilit\u00e0 di presentare complicazioni derivanti dalla prematurit\u00e0, maggiore \u00e8 il rischio di morte e di sequele del neurosviluppo.<\/p>\n\n\n\n<p>Esistono alcune <strong>variabili <\/strong>per classificare la prematurit\u00e0, come l&#8217;et\u00e0 gestazionale o il peso alla nascita. <strong>In base all&#8217;et\u00e0 gestazionale<\/strong>, i neonati pretermine <strong>sono classificati<\/strong> come segue:<\/p>\n\n\n\n<ul class=\"wp-block-list\">\n<li><strong>Pretermine tardivo<\/strong>: nato tra 34+0 e 36+6 settimane.<\/li>\n<\/ul>\n\n\n\n<ul class=\"wp-block-list\">\n<li><strong>Pretermine moderato<\/strong>: nato tra 32+0 e 33+6 settimane.<\/li>\n<\/ul>\n\n\n\n<ul class=\"wp-block-list\">\n<li><strong>Molto pretermine<\/strong>: nato tra 28+0 e 31+6 settimane.<\/li>\n<\/ul>\n\n\n\n<ul class=\"wp-block-list\">\n<li><strong>Estremamente pretermine<\/strong>: nato prima delle 28 settimane.<\/li>\n<\/ul>\n\n\n\n<p><strong>In base al peso alla nascita raggiunto<\/strong>, i neonati pretermine sono classificati come segue:<\/p>\n\n\n\n<ul class=\"wp-block-list\">\n<li><strong>Basso peso<\/strong> alla nascita: peso inferiore a 2500 grammi.<\/li>\n\n\n\n<li><strong>Peso molto basso<\/strong> alla nascita: peso compreso tra 1000 e 1500 grammi.<\/li>\n\n\n\n<li><strong>Peso estremamente basso<\/strong> alla nascita: peso compreso tra 800 e 1000 grammi.<\/li>\n\n\n\n<li><strong>Peso molto basso<\/strong> alla nascita: peso inferiore a 800 grammi.<\/li>\n<\/ul>\n\n\n\n<p>\u00c8 inoltre importante sottolineare il concetto di peso in relazione all&#8217;et\u00e0 gestazionale. Un neonato di basso peso per l&#8217;et\u00e0 gestazionale \u00e8 un neonato con un peso alla nascita &lt; P10 per l&#8217;et\u00e0 gestazionale e il sesso. Cio\u00e8, un neonato pu\u00f2 nascere pretermine (&lt; 37 settimane), a termine (da 37 a 41 settimane e 6 giorni) o post-termine (&gt; 42 settimane) ed essere di basso peso alla nascita (&lt; P10), di peso alla nascita adeguato (PIO-P90) o di peso alla nascita elevato (&gt; P90) per l&#8217;et\u00e0 gestazionale.<\/p>\n\n\n\n<p>I neonati con peso alla nascita uguale o inferiore a 1500 grammi, con et\u00e0 gestazionale uguale o inferiore a 32 settimane e basso peso per l&#8217;et\u00e0 gestazionale, sono considerati neonati a rischio neuro-psico-sensoriale, con una maggiore possibilit\u00e0 di sequele del neurosviluppo e richiederanno un follow-up neuromaturativo almeno fino a 6 anni di et\u00e0, nell&#8217;ambito dell&#8217;assistenza precoce (Federaci\u00f3n Estatal de Asociaciones de Profesionales de Atenci\u00f3n Temprana, 2005) e anche un successivo monitoraggio delle funzioni esecutive, del tasso di apprendimento scolastico, della coordinazione motoria, delle capacit\u00e0 di adattamento e del comportamento, almeno nella seconda infanzia e nell&#8217;adolescenza.<\/p>\n\n\n\n<h2 class=\"wp-block-heading\">Epidemiologia ed eziopatogenesi<\/h2>\n\n\n\n<p>Secondo fonti dell&#8217;Organizzazione Mondiale della Sanit\u00e0 (OMS) (Liu et al., 2016), ogni anno nascono nel mondo circa 15 milioni di bambini pretermine, con un tasso di prematurit\u00e0 che varia tra il 5% e il 18%, e in Spagna e nei Paesi limitrofi circa il 7% e il 9% di tutte le nascite. Circa il 10% di questo gruppo corrisponde a neonati prematuri inferiori a 32 settimane e a 1500 grammi, che concentrano la pi\u00f9 alta incidenza di mortalit\u00e0, morbilit\u00e0 e sequele durante il loro sviluppo (Ponte et al., 2022). Il gruppo dei nati tardivamente pretermine (da 34 settimane a 36+6) \u00e8 il pi\u00f9 numeroso (70-74% di tutti i neonati prematuri) e, sebbene un&#8217;alta percentuale non richieda il ricovero, presenta comunque un rischio pi\u00f9 elevato di complicanze e sequele durante lo sviluppo rispetto ai neonati a termine (Liu et al., 2016).<\/p>\n\n\n\n<p>Un gran numero di fattori \u00e8 coinvolto nell&#8217;eziopatogenesi della nascita pretermine (Rell\u00e1n et al., 2008):<\/p>\n\n\n\n<ul class=\"wp-block-list\">\n<li>fattori materni: fattori riproduttivi, malattie, abitudini tossiche, fattori ginecologici, stress, nascita pretermine, ecc\u2026.,<\/li>\n\n\n\n<li>fattori fetali (anomalie congenite, crescita intrauterina limitata, infezioni, perdita del benessere fetale\u2026),<\/li>\n\n\n\n<li>gravidanza multipla,<\/li>\n\n\n\n<li>complicazioni gestazionali: preeclampsia, rottura prematura del sacco\u2026<\/li>\n<\/ul>\n\n\n\n<p>Tuttavia, nel 70% dei casi, la nascita pretermine avviene spontaneamente (rendendo difficile la prevenzione primaria) come conseguenza dell&#8217;inizio prematuro del travaglio (45%) o della rottura prematura delle membrane (25%). Il restante 30% corrisponde a casi dovuti a indicazioni mediche per un parto precoce a causa di problemi materni o fetali (Rell\u00e1n et al., 2008). \u00c8 importante menzionare l&#8217;aumento generale dei tassi di prematurit\u00e0 negli ultimi 10-20 anni.<\/p>\n\n\n\n<p>Questo aumento nel nostro ambiente pu\u00f2 essere attribuito a una moltitudine di fattori che concorrono allo stesso tempo, come i progressi nell&#8217;assistenza perinatale, il miglioramento dei metodi di valutazione, l&#8217;aumento dell&#8217;et\u00e0 delle donne in gravidanza e quindi della prevalenza di malattie come il diabete mellito o l&#8217;ipertensione arteriosa, la maggiore richiesta e l&#8217;uso di tecniche di riproduzione assistita (non solo la gestazione multipla aumenta il rischio, ma aumenta anche se la gestazione \u00e8 singola). L&#8217;aumento del tasso di prematurit\u00e0 \u00e8 stato influenzato dal crescente numero di nascite tardive pretermine, mentre la percentuale di nascite a et\u00e0 gestazionale uguale o inferiore a 32 settimane \u00e8 rimasta invariata (Rell\u00e1n et al., 2008).<\/p>\n\n\n\n<p>In sintesi, la popolazione di neonati prematuri \u00e8 molto eterogenea in termini di eziologia, manifestazioni cliniche, complicanze e prognosi, e richiede un&#8217;assistenza multidisciplinare.<\/p>\n\n\n\n<div style=\"height:50px\" aria-hidden=\"true\" class=\"wp-block-spacer\"><\/div>\n\n\n\n<div class=\"wp-block-group br-0111 has-primary-background-color has-background has-dark-background has-sm-padding-top has-sm-padding-left has-sm-padding-right has-xxl-margin-top\"><div class=\"wp-block-group__inner-container is-layout-constrained wp-block-group-is-layout-constrained\">\n<div class=\"wp-block-columns is-layout-flex wp-container-core-columns-is-layout-9d6595d7 wp-block-columns-is-layout-flex\">\n<div class=\"wp-block-column is-layout-flow wp-block-column-is-layout-flow\">\n<figure class=\"wp-block-image size-full desktop-position-absolute desktop-bottom-0 mobile-width-50 mobile-m-inline-auto has-xl-margin-top\"><img decoding=\"async\" src=\"https:\/\/neuronup.com\/it\/wp-content\/uploads\/2022\/v3\/producto-certificado.webp\" alt=\"\" class=\"wp-image-31568\"><\/figure>\n<\/div>\n\n\n\n<div class=\"wp-block-column is-layout-flow wp-block-column-is-layout-flow\">\n<h2 class=\"wp-block-heading has-white-color has-text-color\"><strong>Iscriviti<\/strong> <br>alla nostra <br>Newsletter<\/h2>\n\n\n\n<div class=\"wp-block-buttons is-layout-flex wp-block-buttons-is-layout-flex\">\n<div class=\"wp-block-button--1\" style=\"--button-outline-color:var(--color-white);--button-outline-color-hover:rgba(0,0,0,0.8);\"><a class=\"wp-block-button__link button button-outline   wp-element-button\" href=\"https:\/\/neuronup.com\/it\/newsletter\/\">Iscriviti<\/a><\/div>\n\n<\/div>\n\n\n\n<div style=\"height:40px\" aria-hidden=\"true\" class=\"wp-block-spacer\"><\/div>\n<\/div>\n<\/div>\n<\/div><\/div>\n\n\n\n\n<div style=\"height:50px\" aria-hidden=\"true\" class=\"wp-block-spacer\"><\/div>\n\n\n\n<h2 class=\"wp-block-heading\">Lesioni cerebrali nel neonato prematuro<\/h2>\n\n\n\n<p>Secondo la Dott.ssa Miranda (2006), la nascita prematura di per s\u00e9, insieme a tutti gli stimoli a cui il cervello \u00e8 esposto nell&#8217;ambiente extrauterino, influisce in misura maggiore o minore sul normale sviluppo cerebrale dei neonati prematuri, che dipender\u00e0 dallo sviluppo cerebrale intrauterino, dall&#8217;et\u00e0 e dalla causa della prematurit\u00e0, dalla patologia perinatale (episodi di ipossia, ipotensione, ipo-ipercapnia, infezioni\u2026), dal trattamento intensivo che il bambino richiede nelle prime settimane di vita e dal tipo, dalla localizzazione e dall&#8217;entit\u00e0 delle possibili lesioni cerebrali. ), il trattamento intensivo che il bambino richiede nelle prime settimane di vita e il tipo, la localizzazione e l&#8217;entit\u00e0 delle possibili lesioni cerebrali. Il cervello di un PTNB estremo, a 40 settimane, presenta una minore complessit\u00e0 dei solchi e delle convoluzioni, un volume inferiore e una minore maturazione della sostanza bianca rispetto a quello di un neonato a termine (Miranda, 2006).<\/p>\n\n\n\n<p><strong>Le complicanze neurologiche\/neuropsicologiche sono comuni nel neonato prermaturo<\/strong>, e di solito si verificano pi\u00f9 fattori contemporaneamente o in successione per generare pi\u00f9 di un tipo di lesione (Cerisola et al. 2019).<\/p>\n\n\n\n<p>Nel neonato prematuro, la patologia S\/C pi\u00f9 frequente \u00e8 costituita da: emorragie intracraniche, lesioni della sostanza bianca e lesioni cerebellari.<\/p>\n\n\n\n<h3 class=\"wp-block-heading\">Emorragia intracranica <\/h3>\n\n\n\n<p>Le emorragie intracraniche che si verificano nel neonato pretermine comprendono l&#8217;emorragia della matrice germinale, che \u00e8 un&#8217;emorragia della matrice germinale, l&#8217;emorragia intraventricolare e le emorragie parenchimali, queste ultime meno frequenti. Sia la matrice germinale che l&#8217;emorragia intraventricolare possono essere raccolte sotto il termine di emorragia peri-intraventricolare ed \u00e8 la principale complicanza che pu\u00f2 portare a lesioni cerebrali nel neonato pretermine.<\/p>\n\n\n\n<p>La fonte pi\u00f9 frequente di emorragie nel cervello del neonato prematuro \u00e8 la matrice germinale, una struttura situata nella regione periventricolare subependimale e altamente vascolarizzata. Quando si verifica una emorragia della matrice germinale, questa pu\u00f2 rompere l&#8217;epentesi sottostante e penetrare nei ventricoli, costituendo cos\u00ec l&#8217;emorragia intraventricolare (Ballabh, 2014).<\/p>\n\n\n\n<p>L&#8217;emorragia intraventricolare \u00e8 classificata in diversi gradi definiti dalla presenza o assenza di emorragia nei ventricoli, dalla percentuale di emorragia intraventricolare e dalla presenza o assenza di infarto emorragico periventricolare.<\/p>\n\n\n\n<ul class=\"wp-block-list\">\n<li><strong>Grado I<\/strong>: l&#8217;emorragia \u00e8 localizzata nel MG subependimale,<\/li>\n\n\n\n<li><strong>Grado II<\/strong>: sangue intraventricolare che occupa meno del 50% dell&#8217;area ventricolare e senza dilatazione ventricolare,<\/li>\n\n\n\n<li><strong>Grado III<\/strong>: sangue intraventricolare che occupa pi\u00f9 del 50% dell&#8217;area ventricolare e con dilatazione ventricolare.<\/li>\n\n\n\n<li><strong>Grado IV<\/strong>: emorragia intraventricolare e intraparenchimale, corrispondente a infarto emorragico venoso periventricolare.<\/li>\n<\/ul>\n\n\n\n<div style=\"height:50px\" aria-hidden=\"true\" class=\"wp-block-spacer\"><\/div>\n\n\n<div class=\"wp-block-image image-interface\">\n<figure class=\"aligncenter size-full\"><img decoding=\"async\" width=\"770\" height=\"412\" src=\"https:\/\/neuronup.com\/it\/wp-content\/uploads\/2024\/05\/Cristian-Liebanas-.webp\" alt=\"ecografia cerebrale.\" class=\"wp-image-30290\" srcset=\"https:\/\/neuronup.com\/it\/wp-content\/uploads\/2024\/05\/Cristian-Liebanas--300x161.webp 300w, https:\/\/neuronup.com\/it\/wp-content\/uploads\/2024\/05\/Cristian-Liebanas--768x411.webp 768w, https:\/\/neuronup.com\/it\/wp-content\/uploads\/2024\/05\/Cristian-Liebanas-.webp 770w\" sizes=\"(max-width: 770px) 100vw, 770px\" \/><figcaption class=\"wp-element-caption\">Figura 1.1. IVPH di grado I (4), II (B), III (C), IV (D, con infarto parenchimale associato). Fonte: Llorens-Salador R, Moreno-Flores, A. L&#8217;ABC dell&#8217;ecografia transfontanellare e non solo. Radiology (2016) 129-141, 58.<\/figcaption><\/figure>\n<\/div>\n\n\n<div style=\"height:50px\" aria-hidden=\"true\" class=\"wp-block-spacer\"><\/div>\n\n\n\n<p>L&#8217;emorragia a questo livello produrr\u00e0 una perdita dei suoi progenitori cellulari e, per effetto della pressione causata dall&#8217;emorragia e dello stress ossidativo da essa derivato, il danno al SB circostante sar\u00e0 aggravato, contribuendo alla leucomalacia periventricolare (Cerisola et al., 2019).<\/p>\n\n\n\n<p>L&#8217;emorragia della matrice germinale si verifica nel neonato pretermine a causa di molteplici fattori. Secondo gli studi di Ballabh (2014) sulla sua patogenesi, &#8220;sar\u00e0 la fragilit\u00e0 dei vasi sanguigni a fare da scenario e le fluttuazioni emodinamiche, unite alla mancanza o all&#8217;immaturit\u00e0 dei meccanismi di autoregolazione, a scatenare l&#8217;emorragia&#8221;. Importanti fattori di rischio per le fluttuazioni emodinamiche sono: parto vaginale, basso punteggio APGAR, grave distress respiratorio, pneumotorace, ipossia e ipercapnia, convulsioni, dotto arterioso pervio, infezioni\u2026 I disturbi piastrinici e della coagulazione agiscono come fattori aggravanti in questa situazione (Ballabh, 2014).<\/p>\n\n\n\n<h3 class=\"wp-block-heading\">Riabilitazione neuropsicologica nei neonati prematuri<\/h3>\n\n\n\n<p>I bambini prematuri sono quelli nati prima delle 37 settimane. Sono a rischio di problemi di sviluppo, sia cognitivi che motori. Lo sviluppo cognitivo si riferisce alle capacit\u00e0 di pensiero e di apprendimento. Lo sviluppo motorio, invece, si riferisce alla capacit\u00e0 di muoversi, gattonare o camminare.<\/p>\n\n\n\n<p>Pertanto,<strong> i bambini prematuri hanno maggiori probabilit\u00e0 di sviluppare qualche patologia neuropsicologica<\/strong>. Queste patologie possono essere pi\u00f9 o meno gravi. Esse <strong>comprendono difficolt\u00e0 di apprendimento, ADHD, disturbi uditivi, visivi o del linguaggio, dislessia, ASD o paralisi cerebrale.<\/strong><\/p>\n\n\n\n<p>La riabilitazione neuropsicologica pediatrica \u00e8 rivolta a bambini con disturbi neurologici che compromettono la loro capacit\u00e0 funzionale. L&#8217;obiettivo \u00e8 raggiungere la massima autonomia e aiutarli a sviluppare le loro capacit\u00e0.<\/p>\n\n\n\n<p>Pertanto, la riabilitazione neuropsicologica pediatrica inizia nei primi mesi di vita ed \u00e8 spesso di natura preventiva.<\/p>\n\n\n\n<p>Ci si chiede ora se esistano prove scientifiche dei benefici di questo intervento precoce.<\/p>\n\n\n\n<div style=\"height:50px\" aria-hidden=\"true\" class=\"wp-block-spacer\"><\/div>\n\n\n\n<aside class=\"wp-block-group br-1010 has-background has-xs-padding-top has-xs-padding-bottom has-sm-padding-left has-sm-padding-right\" style=\"background:linear-gradient(90deg,rgb(183,225,233) 1%,rgb(229,244,248) 89%,rgb(241,249,251) 92%)\"><div class=\"wp-block-group__inner-container is-layout-constrained wp-block-group-is-layout-constrained\">\n<div class=\"wp-block-columns are-vertically-aligned-center is-layout-flex wp-container-core-columns-is-layout-9d6595d7 wp-block-columns-is-layout-flex\">\n<div class=\"wp-block-column is-vertically-aligned-center is-layout-flow wp-block-column-is-layout-flow\" style=\"flex-basis:35%\"><div class=\"wp-block-image\">\n<figure class=\"aligncenter size-full\"><img decoding=\"async\" src=\"https:\/\/neuronup.com\/wp-content\/uploads\/2025\/09\/Ilustracion-TDAH.webp\" alt=\"\" class=\"wp-image-44339\"\/><\/figure>\n<\/div><\/div>\n\n\n\n<div class=\"wp-block-column is-vertically-aligned-center is-layout-flow wp-block-column-is-layout-flow\" style=\"flex-basis:65%\">\n<p class=\"has-text-align-center has-primary-color has-text-color has-link-color has-xl-font-size wp-elements-471f6db16e1630eef99e8e3923c4aec3\">Ottieni il manuale per una <br><strong>rehabilitazione efficace dell&#8217;ADHD<\/strong><\/p>\n\n\n\n<div class=\"wp-block-buttons is-content-justification-center is-layout-flex wp-container-core-buttons-is-layout-16018d1d wp-block-buttons-is-layout-flex\">\n<div class=\"wp-block-button has-custom-width wp-block-button__width-50 is-style-default\" style=\"--button-background:var(--color-custom-1);--button-background-hover:#cc7e00;\"><a class=\"wp-block-button__link button   has-lg-font-size has-custom-font-size wp-element-button\" href=\"https:\/\/neuronup.com\/redirect\/?target=typeform\/TDAHIT?utm_first_source=Web&#038;utm_first_campaign_name=TDAH_guide\" target=\"_blank\" rel=\"noreferrer noopener\"><strong>Scarica<\/strong><\/a><\/div>\n\n<\/div>\n<\/div>\n<\/div>\n<\/div><\/aside>\n\n\n\n<div style=\"height:50px\" aria-hidden=\"true\" class=\"wp-block-spacer\"><\/div>\n\n\n\n<h4 class=\"wp-block-heading\">L&#8217;assistenza precoce \u00e8 benefica?<\/h4>\n\n\n\n<p>Secondo uno studio di Alicia Spittle, Jane Orton e altri, i programmi di intervento precoce per i neonati prematuri influenzano positivamente le capacit\u00e0 cognitive e motorie durante l&#8217;infanzia. Inoltre, i benefici cognitivi persistono anche in et\u00e0 prescolare.<\/p>\n\n\n\n<p>Al contrario, non sono state trovate prove di un effetto positivo a lungo termine di questi benefici cognitivi o motori in et\u00e0 adulta.<\/p>\n\n\n\n<p>Pertanto, l&#8217;obiettivo di questa riabilitazione \u00e8 quello di migliorare lo sviluppo cognitivo riducendo la probabilit\u00e0 di problemi cognitivi e motori a breve e medio termine.<\/p>\n\n\n\n<h2 class=\"wp-block-heading\">Bibliografia<\/h2>\n\n\n\n<ul class=\"wp-block-list\">\n<li class=\"has-sm-font-size\">Abbott, A. (2015). Neuroscience: The brain, interrupted. Nature, 518(7537), 24-26.https:\/\/dor.org\/10.1038\/518024\u00aa<\/li>\n\n\n\n<li class=\"has-sm-font-size\">Abiramalatha, T., Bandyopadhyay, T., Ramaswamy, V. V., Shaik, N. B., Thanigainathan, S., Pullattayil, A. K., &amp; Amboiram, P. (2021). Risk Factors for Periventricular Leukomalacia in Preterm Infants: A Systematic Review, Meta-analysis, and GRADE-Based Assessment of Certainty of Evidence. Pediatric Neurology, 124, 51-71. https:\/\/doi.org\/10.1016\/j.pediatrneurol.2021.08.003<\/li>\n\n\n\n<li class=\"has-sm-font-size\">Ancel, P.-Y., Goffinet, F., EPIPAGE-2 Writing Group, Kuhn, P., Langer, B., Matis, J.. Hernandorena, X., Chabanier, P., Joly-Pedespan, L., Lecomte, B., Vendittelli, F., Dreyfus, M., Guillois, B., Burguet, A., Sagot, P., Sizun, J., Beuch\u00e9e, A., Rouget, F., Favreau, A., \u2026 Kaminski, M. (2015).<\/li>\n\n\n\n<li class=\"has-sm-font-size\">Survival and morbidity of preterm children born at 22 through 34 weeks&#8217; gestation in France in 2011: Results of the EPIPAGE- Conor study. JAMA1693), https:\/\/doi.org\/10.1001\/jamapediatrics.2014.3351<\/li>\n\n\n\n<li class=\"has-sm-font-size\">Anderson, V., Northam, E., &amp; Wrennall, J. (2018). Developmental Neuropsychology: A Clinical Approach. Psychology Press.<\/li>\n\n\n\n<li class=\"has-sm-font-size\">Ballabh, P. (2014). Pathogenesis and prevention of intraventricular hemorrhage. Clinics in Perinatology, 41(1), 47-67. https:\/\/doi.org\/10.1016\/j.clp.2013.09.007<\/li>\n\n\n\n<li class=\"has-sm-font-size\">Baron, I. S. (2018). Neuropsvchological Evaluation of the Child: Domains, Methods, and Case Studies. Oxford University Press.<\/li>\n\n\n\n<li class=\"has-sm-font-size\">Bax, M., Goldstein, M., Rosenbaum, P., Leviton, A., Paneth, N., Dan, B., Jacobsson, B. Damiano, D., &amp; Executive Committee for the Definition of Cerebral Palsy. (2005). Proposed definition and classification of cerebral palsy, April 2005. Developmental Medicine Child Neurology, 478),571-576. https:\/\/doi.org\/10.1017\/s001216220500112x<\/li>\n\n\n\n<li class=\"has-sm-font-size\">Beaino, G., Khoshnood, B., Kaminski, M., Marret, S., Pierrat, V., Vieux, R., mThiriez, G., Matis, J., Picaud, J.-C., Roz\u00e9, J.-C., Alberge, C., Larroque, B., Br\u00e9art, G., Ancel, P.- Y., &amp; EPIPAGE Study Group. (2011). Predictors of the risk of cognitive deficiency in very preterm infants: The EPIPAGE prospective cohort. Acta Paediatrica (Oslo, Norway: 1992), 100(3), 370-378. https:\/\/doi.org\/10.1111\/j.1651-2227.2010.02064.x<\/li>\n\n\n\n<li class=\"has-sm-font-size\">Beauchamp, M. H., Peterson, R. L., Ris, M. D., &#8216;Taylor, H. G., &amp; Yeates, K. O. (2022). Pediatric Neuropsychology: Research, Theory, and Practice. Guilford Publications.<\/li>\n\n\n\n<li class=\"has-sm-font-size\">Burstein, O., Zevin, Z., &amp; Geva, R. (2021). Preterm Birth and the Development of Visual Attention During the First 2 Years of Life: A Systematic Review and Meta-analysis. JAMA Network Open 43), e213687.https:\/\/doi.org\/10.1001\/jamanetworkopen.2021.3687<\/li>\n\n\n\n<li class=\"has-sm-font-size\">Cantallops, A. E., &amp; Rovira, T. R. (2015). Neuropsicologia pedi\u00e1trica. Editorial Sintesis.<\/li>\n\n\n\n<li class=\"has-sm-font-size\">Castro-Caldas, A., Petersson, K. M., Reis, A., Stone-Elander, S., &amp; Ingvar, M. (1998). The illiterate brain. Learning to read and write during childhood influences the functional organization of the adult brain. Brain: A Journal of Neurology, 121 (Pt 6), 1053-1063. https:\/\/doi.org\/10.1093\/brain\/121.6.1053<\/li>\n\n\n\n<li class=\"has-sm-font-size\">Cerisola, A., Baltar, F., Ferr\u00e1n, C., &amp; Turcatti, E. (2019). Mecanismos de lesi\u00f3n cerebral en ni\u00f1os prematuros. Medicina (Buenos Aires), 79, 10-14. Chakraborty, R., Vijay Kumar, M. J., &amp; Clement, J. P. (2021). Critical aspects of neurodevelopment. Neurobiology of Learning and Memory, 180, 107415. https:\/\/doi.org\/10.1016\/j.nlm.2021.107415<\/li>\n\n\n\n<li class=\"has-sm-font-size\">Dennis, M. (1988). Language and the young damaged brain. En Clinical neuropsychology and brain function: Research, measurement, and practice (pp. 89-123). American Psychological Association. https:\/\/doi.org\/10.1037\/10063-003<\/li>\n\n\n\n<li class=\"has-sm-font-size\">D\u00edez-Cirarda, M., Yus, M., G\u00f3mez-Ruiz, N., Polidura, C., Gil-Mart\u00ednez, L., Delgado-Alonso, C., Jorquera, M., G\u00f3mez-Pinedo, U., Matias-Guiu, J., Arrazola, J., &amp; Matias-Guiu, J. A. (2022). Multimodal neuroimaging in post- COVID syndrome and Correlation with cognition. Brain, awac384. https:\/\/doi.org\/10.1093\/brain\/awac384<\/li>\n\n\n\n<li class=\"has-sm-font-size\">Federaci\u00f3n Estatal de Asociaciones de Profesionales de Atenci\u00f3n Temprana. (2005). Libro Blanco de la Atenci\u00f3n Temprana. Real Patronato sobre Discapacidad.<\/li>\n\n\n\n<li class=\"has-sm-font-size\">Fuentefria, R. do N., Silveira, R. C., &amp; Procianoy, R. S. (2017). Motor development of preterm infants assessed by the Alberta Infant Motor Scale: Systematic review article. Jornal De Pediatr\u00eda, 934),328-342. https:\/\/doi.org\/10.1016\/j.jped.2017.03.003<\/li>\n\n\n\n<li class=\"has-sm-font-size\">Garc\u00eda, P., San Feliciano, L., Benito, F., Garc\u00eda, R., Guzm\u00e1n, J., Salas, S., Fernandez, C., del Prado, N., Cipri\u00e1n, D., &amp; Figueras, J. (2013). Evoluci\u00f3n a los 2 a\u00f1os de edad corregida de una cohorte de reci\u00e9n nacidos con peso inferior o igual a 1.500 g de los hospitales pertenecientes a la red neonatal SEN1500. Anales de Pediatria, 795), 279-287. https:\/\/doi.org\/10.1016\/j.anpedi.2013.03.017<\/li>\n\n\n\n<li class=\"has-sm-font-size\">Garc\u00eda Reymundo, M., Hurtado Suazo, J. A., Calvo Aguilar, M. J., Soriano Faura, F. J., Ginovart Galiana, G., Martin Peinador, Y., Jim\u00e9nez Moya, A., &amp; Demestre Guasch, X. (2019). Recomendaciones de seguimiento del prematuro tardio. Anales de Pediatria, 905), 318.el-318.8. https:\/\/doi.org\/10.1016\/j.anpedi.2019.01.008<\/li>\n\n\n\n<li class=\"has-sm-font-size\">Garrido, A., Alfonso, M., G\u00f3mez, M., Ni\u00f1o, G., Pati\u00f1o, M., &amp; Luque, Y. (2014). Edad motora versus dad corregida en infantes prematuros y con bajo peso al nacer. Revista de Facultad de Medicina, 62, 205-211. https:\/\/doi.org\/10.15446\/revfacmed.v62n2.45376<\/li>\n\n\n\n<li class=\"has-sm-font-size\">GAT. (s. f.). Libro Blanco de la Atenci\u00f3n Temprana. Recuperado 6 de noviembre de2022, De https:\/\/www.observatonodelainfancia.es\/ora\/esp\/documentos_ficha.aspx?id=807<\/li>\n\n\n\n<li class=\"has-sm-font-size\">GERRARD-MORRIS, A., TAYLOR, H. G., YEATES, K. O., WALZ, N. C., STANCIN, T., MINICH, N., &amp; WADE, S. L. (2010). Cognitive development after traumatic brain injury in young children. Journal of the International Neuropsvchological Society:JINS, 161), 157-168. https:\/\/doi.org\/10.1017\/S1355617709991135<\/li>\n\n\n\n<li class=\"has-sm-font-size\">Gerrard-Morris, A., Taylor, H. G., Yeates, K. O., Walz, N. C., Stancin, T., Minich, N., &amp; Wade, S. L. (2010). Cognitive development after traumatic brain injurv in voung children. Journal of the International Neuropsychological Society: JINS, 16(1), 157-168. https:\/\/doi.org\/10.1017\/S1355617709991135<\/li>\n\n\n\n<li class=\"has-sm-font-size\">Gotardo, J. W., Volkmer, N. de F. V., Stangler, G. P., Dornelles, A. D., Bohrer, B. B. de A., &amp; Carvalho, C. G. (2019). Impact of peri-intraventricular haemorrhage and periventricular leukomalacia in the neurodevelopment of preterms: A svstematic review and meta-analvsis. PloS One, 1410), e0223427. https:\/\/doi.org\/10.1371\/journal.pone.0223427<\/li>\n<\/ul>\n\n\n\n<h3 class=\"wp-block-heading\">Se ti \u00e8 piaciuto questo articolo sulla <strong>neuropsicologia clinica nella prematurit\u00e0 e nello sviluppo neurologico<\/strong>, sicuramente sarai interessato a questi articoli di NeuronUP:<\/h3>\n\n\n<div class=\"mai-grid entries entries-grid has-boxed has-image-full\" style=\"--entry-title-font-size:var(--font-size-lg);--entry-image-link-max-width:800px;--align-text:start;--entry-meta-text-align:start;\"><div class=\"entries-wrap has-columns\" style=\"--columns-xs:1\/1;--columns-sm:1\/1;--columns-md:1\/3;--columns-lg:1\/3;--flex-xs:0 0 var(--flex-basis);--flex-sm:0 0 var(--flex-basis);--flex-md:0 0 var(--flex-basis);--flex-lg:0 0 var(--flex-basis);--column-gap:var(--spacing-lg);--row-gap:var(--spacing-lg);--align-columns:start;\"><article class=\"entry entry-grid is-column has-entry-link has-image has-image-first type-post category-funzioni-esecutive tag-bambini tag-funzioni-esecutive\" style=\"--entry-index:1;\" aria-label=\"Modello di funzioni esecutive basato su analisi fattoriali nella popolazione infantile e scolastica: meta-analisi\" itemscope itemtype=\"https:\/\/schema.org\/CreativeWork\"><a class=\"entry-image-link\" href=\"https:\/\/neuronup.com\/it\/neuroscienze\/neuropsicologia\/funzioni-esecutive\/modello-di-funzioni-esecutive-basato-su-analisi-fattoriali-in-popolazione-infantile-e-scolastica\/\" tabindex=\"-1\" aria-hidden=\"true\"><img decoding=\"async\" width=\"800\" height=\"600\" src=\"https:\/\/neuronup.com\/it\/wp-content\/uploads\/2022\/02\/everyone-knows-right-answear-400x300-1-1-1.webp\" class=\"entry-image size-landscape-md\" alt=\"Aula scolastica con lavagna verde; insegnante scrive mentre alunni alzano la mano, decorazioni colorate alle pareti.\" srcset=\"https:\/\/neuronup.com\/it\/wp-content\/uploads\/2022\/02\/everyone-knows-right-answear-400x300-1-1-1-300x225.webp 300w, https:\/\/neuronup.com\/it\/wp-content\/uploads\/2022\/02\/everyone-knows-right-answear-400x300-1-1-1-768x576.webp 768w, https:\/\/neuronup.com\/it\/wp-content\/uploads\/2022\/02\/everyone-knows-right-answear-400x300-1-1-1-1024x768.webp 1024w, https:\/\/neuronup.com\/it\/wp-content\/uploads\/2022\/02\/everyone-knows-right-answear-400x300-1-1-1.webp 1200w\" sizes=\"(max-width:599px) 599px, (min-width:600px) and (max-width: 799px) 799px, (min-width:800px) and (max-width: 999px) 333px, (min-width:1000px) 400px\" \/><\/a><div class=\"entry-wrap entry-wrap-grid\"><h3 class=\"entry-title\" itemprop=\"headline\"><a class=\"entry-title-link\" href=\"https:\/\/neuronup.com\/it\/neuroscienze\/neuropsicologia\/funzioni-esecutive\/modello-di-funzioni-esecutive-basato-su-analisi-fattoriali-in-popolazione-infantile-e-scolastica\/\" rel=\"bookmark\">Modello di funzioni esecutive basato su analisi fattoriali nella popolazione infantile e scolastica: meta-analisi<\/a><\/h3>\n<\/div><\/article><article class=\"entry entry-grid is-column has-entry-link has-image has-image-first type-post category-neuropsicologia tag-neuropsicologia\" style=\"--entry-index:2;\" aria-label=\"La clinica neuropsicologica: cos&#8217;\u00e8, metodologia e obiettivi\" itemscope itemtype=\"https:\/\/schema.org\/CreativeWork\"><a class=\"entry-image-link\" href=\"https:\/\/neuronup.com\/it\/neuroscienze\/neuropsicologia\/la-clinica-neuropsicologica-che-e-metodologia-e-obiettivi\/\" tabindex=\"-1\" aria-hidden=\"true\"><img decoding=\"async\" width=\"800\" height=\"400\" src=\"https:\/\/neuronup.com\/it\/wp-content\/uploads\/2024\/09\/una-nina-trabajando-con-NeuronUP.webp\" class=\"entry-image size-landscape-md\" alt=\"Ragazza giovane davanti a un portatile tocca lo schermo; puntini colorati su sfondo azzurro, capelli castani e top a righe.\" srcset=\"https:\/\/neuronup.com\/it\/wp-content\/uploads\/2024\/09\/una-nina-trabajando-con-NeuronUP-300x150.webp 300w, https:\/\/neuronup.com\/it\/wp-content\/uploads\/2024\/09\/una-nina-trabajando-con-NeuronUP-768x384.webp 768w, https:\/\/neuronup.com\/it\/wp-content\/uploads\/2024\/09\/una-nina-trabajando-con-NeuronUP-1024x512.webp 1024w, https:\/\/neuronup.com\/it\/wp-content\/uploads\/2024\/09\/una-nina-trabajando-con-NeuronUP.webp 1350w\" sizes=\"(max-width:599px) 599px, (min-width:600px) and (max-width: 799px) 799px, (min-width:800px) and (max-width: 999px) 333px, (min-width:1000px) 400px\" \/><\/a><div class=\"entry-wrap entry-wrap-grid\"><h3 class=\"entry-title\" itemprop=\"headline\"><a class=\"entry-title-link\" href=\"https:\/\/neuronup.com\/it\/neuroscienze\/neuropsicologia\/la-clinica-neuropsicologica-che-e-metodologia-e-obiettivi\/\" rel=\"bookmark\">La clinica neuropsicologica: cos&#8217;\u00e8, metodologia e obiettivi<\/a><\/h3>\n<\/div><\/article><article class=\"entry entry-grid is-column has-entry-link has-image has-image-first type-post category-funzioni-esecutive tag-funzioni-esecutive\" style=\"--entry-index:3;\" aria-label=\"Come influisce l&#8217;insonnia sulle nostre funzioni esecutive?\" itemscope itemtype=\"https:\/\/schema.org\/CreativeWork\"><a class=\"entry-image-link\" href=\"https:\/\/neuronup.com\/it\/neuroscienze\/neuropsicologia\/funzioni-esecutive\/come-influisce-linsonnia-sulle-nostre-funzioni-esecutive\/\" tabindex=\"-1\" aria-hidden=\"true\"><img decoding=\"async\" width=\"800\" height=\"450\" src=\"https:\/\/neuronup.com\/it\/wp-content\/uploads\/2024\/09\/insomnio-mujer-sin-dormir.webp\" class=\"entry-image size-landscape-md\" alt=\"Donna giovane a letto, mani sulle tempie, espressione di disagio, avvolta in coperta, cuscini bianchi.\" srcset=\"https:\/\/neuronup.com\/it\/wp-content\/uploads\/2024\/09\/insomnio-mujer-sin-dormir-300x169.webp 300w, https:\/\/neuronup.com\/it\/wp-content\/uploads\/2024\/09\/insomnio-mujer-sin-dormir-768x432.webp 768w, https:\/\/neuronup.com\/it\/wp-content\/uploads\/2024\/09\/insomnio-mujer-sin-dormir-1024x576.webp 1024w, https:\/\/neuronup.com\/it\/wp-content\/uploads\/2024\/09\/insomnio-mujer-sin-dormir.webp 1200w\" sizes=\"(max-width:599px) 599px, (min-width:600px) and (max-width: 799px) 799px, (min-width:800px) and (max-width: 999px) 333px, (min-width:1000px) 400px\" \/><\/a><div class=\"entry-wrap entry-wrap-grid\"><h3 class=\"entry-title\" itemprop=\"headline\"><a class=\"entry-title-link\" href=\"https:\/\/neuronup.com\/it\/neuroscienze\/neuropsicologia\/funzioni-esecutive\/come-influisce-linsonnia-sulle-nostre-funzioni-esecutive\/\" rel=\"bookmark\">Come influisce l&#8217;insonnia sulle nostre funzioni esecutive?<\/a><\/h3>\n<\/div><\/article><\/div><\/div>","protected":false},"excerpt":{"rendered":"<p>In questo post, lo psicologo ed esperto internazionale di Alzheimer e altre demenze Cristian Francisco Li\u00e9banas Vega ci parla della prematurit\u00e0 e della riabilitazione neuropsicologica nei bambini prematuri. La prematurit\u00e0 \u00e8 un problema serio sia per il neonato che per la sua famiglia, poich\u00e9 \u00e8 associata a un&#8217;elevata morbilit\u00e0 alla nascita e a un alto &hellip;<\/p>\n","protected":false},"author":148,"featured_media":30294,"comment_status":"open","ping_status":"open","sticky":false,"template":"","format":"standard","meta":{"_acf_changed":false,"_genesis_hide_title":false,"_genesis_hide_breadcrumbs":false,"_genesis_hide_singular_image":false,"_genesis_hide_footer_widgets":false,"_genesis_custom_body_class":"","_genesis_custom_post_class":"","_genesis_layout":"","footnotes":""},"categories":[65],"tags":[170],"class_list":{"2":"type-post","7":"category-neuropsicologia","8":"tag-neuropsicologia","9":"entry"},"acf":[],"_links":{"self":[{"href":"https:\/\/neuronup.com\/it\/wp-json\/wp\/v2\/posts\/30289","targetHints":{"allow":["GET"]}}],"collection":[{"href":"https:\/\/neuronup.com\/it\/wp-json\/wp\/v2\/posts"}],"about":[{"href":"https:\/\/neuronup.com\/it\/wp-json\/wp\/v2\/types\/post"}],"author":[{"embeddable":true,"href":"https:\/\/neuronup.com\/it\/wp-json\/wp\/v2\/users\/148"}],"replies":[{"embeddable":true,"href":"https:\/\/neuronup.com\/it\/wp-json\/wp\/v2\/comments?post=30289"}],"version-history":[{"count":0,"href":"https:\/\/neuronup.com\/it\/wp-json\/wp\/v2\/posts\/30289\/revisions"}],"wp:featuredmedia":[{"embeddable":true,"href":"https:\/\/neuronup.com\/it\/wp-json\/wp\/v2\/media\/30294"}],"wp:attachment":[{"href":"https:\/\/neuronup.com\/it\/wp-json\/wp\/v2\/media?parent=30289"}],"wp:term":[{"taxonomy":"category","embeddable":true,"href":"https:\/\/neuronup.com\/it\/wp-json\/wp\/v2\/categories?post=30289"},{"taxonomy":"post_tag","embeddable":true,"href":"https:\/\/neuronup.com\/it\/wp-json\/wp\/v2\/tags?post=30289"}],"curies":[{"name":"wp","href":"https:\/\/api.w.org\/{rel}","templated":true}]}}