
{"id":29638,"date":"2024-04-16T09:11:44","date_gmt":"2024-04-16T07:11:44","guid":{"rendered":"https:\/\/neuronup.com\/it\/?p=29638"},"modified":"2025-07-28T08:49:48","modified_gmt":"2025-07-28T06:49:48","slug":"test-di-raven-cose-e-come-interpretare-il-test-delle-matrici-progressive-di-raven","status":"publish","type":"post","link":"https:\/\/neuronup.com\/it\/neuroscienze\/neuropsicologia\/test-neuropsicologici\/test-di-raven-cose-e-come-interpretare-il-test-delle-matrici-progressive-di-raven\/","title":{"rendered":"Test di Raven: cos&#8217;\u00e8 e come interpretare il test delle matrici progressive di Raven."},"content":{"rendered":"\n<p class=\"has-xl-font-size\">In questo articolo la neuropsicologa clinica e direttrice del centro neurologico e neuropsicologico Espai Neurol\u00f2gic, Anna Curto, spiega <strong>in cosa consiste il test di Raven<\/strong> e come interpretare i risultati del test a matrici progressive.<\/p>\n\n\n\n<h2 class=\"wp-block-heading\">Cos&#8217;\u00e8 il test di Raven e cosa misura?<\/h2>\n\n\n\n<p>Se ti stai chiedendo cos&#8217;\u00e8 il test di Raven e <strong>a cosa serve<\/strong>, il test di Raven \u00e8 un test psicometrico che <strong>consiste nel completare le matrici presentate scegliendo tra diverse opzioni disponibili<\/strong>.<\/p>\n\n\n\n<p>Con questo compito, apparentemente semplice, si valuta la <strong>capacit\u00e0 di apprendimento<\/strong> della persona esaminata, ottenendo cos\u00ec un punteggio della sua capacit\u00e0 di ragionare e di risolvere problemi complessi.<\/p>\n\n\n<div class=\"wp-block-image\">\n<figure class=\"aligncenter size-full\"><img decoding=\"async\" width=\"1200\" height=\"600\" src=\"https:\/\/neuronup.com\/it\/wp-content\/uploads\/2024\/04\/ejemplo-matrices-test-de-raven.webp\" alt=\"Test di Raven: cos'\u00e8 e come interpretare il test delle matrici progressive di Raven.\" class=\"wp-image-30141\" srcset=\"https:\/\/neuronup.com\/it\/wp-content\/uploads\/2024\/04\/ejemplo-matrices-test-de-raven-300x150.webp 300w, https:\/\/neuronup.com\/it\/wp-content\/uploads\/2024\/04\/ejemplo-matrices-test-de-raven-768x384.webp 768w, https:\/\/neuronup.com\/it\/wp-content\/uploads\/2024\/04\/ejemplo-matrices-test-de-raven-1024x512.webp 1024w, https:\/\/neuronup.com\/it\/wp-content\/uploads\/2024\/04\/ejemplo-matrices-test-de-raven.webp 1200w\" sizes=\"(max-width: 1200px) 100vw, 1200px\" \/><figcaption class=\"wp-element-caption\">Test di Raven: cos&#8217;\u00e8 e come interpretare il test delle matrici progressive di Raven.<\/figcaption><\/figure>\n<\/div>\n\n\n<h3 class=\"wp-block-heading\">Origine del test<\/h3>\n\n\n\n<p>Questo test \u00e8 passato attraverso diversi nomi e versioni, la prima delle quali risale al 1938 ed \u00e8 stata pubblicata con il nome di <em><strong>Raven\u2019s Standard Progressive Matrices<\/strong><\/em>. L&#8217;idea non \u00e8 cambiata nelle sue diverse versioni, ma <strong>\u00e8 stata rivista e adattata a popolazioni diverse<\/strong>. L&#8217;ultima versione pubblicata \u00e8 la Raven&#8217;s 2 e risale al 2019.<\/p>\n\n\n\n<p>Le <strong>matrici di Raven<\/strong> sono state progettate per <strong>valutare il &#8220;Fattore G&#8221;<\/strong> dell&#8217;intelligenza, che \u00e8 considerato come la capacit\u00e0 di risolvere problemi complessi <strong>attraverso il ragionamento intellettuale e senza interferenza del linguaggio<\/strong> e, quindi, <strong>senza l&#8217;influenza del livello educativo e culturale pregresso<\/strong> della persona.<\/p>\n\n\n\n<h3 class=\"wp-block-heading\">In cosa consiste il test di Raven?<\/h3>\n\n\n\n<p>Come specificato nel manuale Raven 2 nella sua ultima versione, il test consiste in una serie di <strong>forme geometriche universali e identificabili<\/strong> indipendentemente dal livello di istruzione. Il compito verbale \u00e8 unico e non richiede alcun tipo di abilit\u00e0 di scrittura o di espressione orale per essere completato correttamente, in quanto consiste semplicemente nel completare la matrice presentata con uno degli elementi o schemi indicati tra le diverse risposte disponibili.<\/p>\n\n\n\n<h4 class=\"wp-block-heading\">Test di Raven: et\u00e0<\/h4>\n\n\n\n<p>Inoltre, l&#8217;intervallo di et\u00e0 in cui pu\u00f2 essere applicato \u00e8 molto ampio: <strong>dai 4 anni ai 69 anni e 11 mesi<\/strong>.<\/p>\n\n\n\n<p>Questo test misura ci\u00f2 che <strong>Spearman<\/strong> (1927) ha definito <strong>attitudine educativa<\/strong>. L&#8217;attivit\u00e0 educativa mentale richiede di dare un senso al disordine, di cercare ci\u00f2 che non \u00e8 ovvio e di sondare nuove intuizioni. In breve, sarebbe l&#8217;equivalente di analizzare lo schema di relazioni degli stimoli presentati, cercando quali cambiamenti o relazioni ci sono tra di essi, e da l\u00ec proporre quale sarebbe la risposta corretta tra quelle presentate.<\/p>\n\n\n\n<p>Questi compiti sono presentati con un<strong> livello di difficolt\u00e0 progressivo<\/strong>, che consente a chi li svolge di allenarsi al metodo di risoluzione.<\/p>\n\n\n\n<h2 class=\"wp-block-heading\">Come si applica il test di Raven? Principali utilizzi<\/h2>\n\n\n\n<p>Il punteggio ottenuto nel test di Raven <strong>non pu\u00f2 essere interpretato come un valore dell&#8217;intelligenza globale del soggetto<\/strong>, poich\u00e9 valuta solo domini specifici del funzionamento cognitivo.<\/p>\n\n\n\n<p>Questi domini sono strettamente correlati alle <a href=\"https:\/\/neuronup.com\/it\/aree-dintervento\/funzioni-cognitive\/funzioni-esecutive\/\">funzioni esecutive<\/a> (ragionamento, pianificazione, flessibilit\u00e0 cognitiva, decisione, astrazione\u2026), e non \u00e8 consigliabile somministrarlo a persone in cui questi domini sono punti di forza o di debolezza, a causa della distorsione dei risultati che si possono ottenere.<\/p>\n\n\n\n<p><strong>Pu\u00f2 essere somministrato individualmente o in gruppo<\/strong>, il che lo rende versatile, essendo utile per la <strong>valutazione delle capacit\u00e0 educative<\/strong> nei gruppi (ricerca scientifica, centri educativi, processi di selezione del personale, ecc\u2026) e nelle valutazioni individuali, come nei centri di valutazione cognitiva e\/o psicologica.<\/p>\n\n\n\n<h3 class=\"wp-block-heading\">Pratica clinica<\/h3>\n\n\n\n<p>Nella pratica clinica, quando si intende valutare l&#8217;intelligenza globale di un soggetto, \u00e8 pi\u00f9 opportuno utilizzare altre batterie di valutazione dell&#8217;intelligenza, come quelle di <strong>Weschler <\/strong>(WPPSI, WISC o WAIS) nelle loro diverse versioni, dato che forniscono un&#8217;approssimazione pi\u00f9 globale della cognizione.<\/p>\n\n\n\n<p>In particolare, i test di intelligenza di Wechler includono un subtest nel dominio del ragionamento percettivo o ragionamento fluido che si basa proprio sulle <strong>matrici progressive di Raven<\/strong>. Questo perch\u00e9 l&#8217;abilit\u00e0 educativa valutata dal test di Raven \u00e8 molto simile alla cosiddetta <strong>intelligenza fluida<\/strong>, definita come la capacit\u00e0 di <strong>risolvere problemi, ragionare e pensare in modo flessibile<\/strong>.<\/p>\n\n\n\n<h4 class=\"wp-block-heading\">Pazienti con gravi cerebrolesioni acquisite e disturbi del linguaggio<\/h4>\n\n\n\n<p>D&#8217;altra parte, le Matrici di Raven sono molto utili per stimare le capacit\u00e0 di quei pazienti che non possono usare il linguaggio, a causa di un disturbo, di una lesione o semplicemente perch\u00e9 non lo conoscono. Questo fatto rende pi\u00f9 facile, ad esempio, stimare la capacit\u00e0 educativa di pazienti con <a href=\"https:\/\/neuronup.com\/it\/neuroriabilitazione\/cerebrolesione-acquisita\/\">grave cerebrolesione acquisita<strong> <\/strong><\/a>che hanno perso l&#8217;uso del linguaggio, al fine di determinare, ad esempio, il loro <strong>livello cognitivo premorboso<\/strong> e quindi essere in grado di formulare obiettivi di stimolazione e\/o riabilitazione pi\u00f9 realistici.<\/p>\n\n\n\n<p>\u00c8 anche facile da applicare a persone con un disturbo del linguaggio, como alcuni <strong><a href=\"https:\/\/neuronup.com\/it\/neuroriabilitazione\/disturbi-del-neurosviluppo\/\">disturbi del neurosviluppo<\/a><\/strong>, o in casi come il mutismo selettivo o con persone straniere che non conoscono o non padroneggiano la lingua.<\/p>\n\n\n\n\n\n<h2 class=\"wp-block-heading\">Come interpretare il test di Raven? Interpretazione dei risultati del test di Raven<\/h2>\n\n\n\n<p>I risultati ottenuti nel Test delle Matrici Progressive di Raven devono essere <strong>interpretati tenendo conto del background clinico<\/strong>, personale, lavorativo ed emotivo del paziente, nonch\u00e9 del suo grado di motivazione e sforzo durante l&#8217;applicazione del test.<\/p>\n\n\n\n<p>I punteggi diretti sono le risposte corrette ottenute direttamente nel test, che vengono infine trasformate in punteggi tipici che permettono di classificare qualitativamente la capacit\u00e0 educativa del soggetto.<\/p>\n\n\n\n<figure class=\"wp-block-table aligncenter\"><table><tbody><tr><td><strong>Punteggio tipico<\/strong><\/td><td><strong>Classificazione qualitativa<\/strong><\/td><\/tr><tr><td>\u2265 130<\/td><td>Molto alto<\/td><\/tr><tr><td>120-129<\/td><td>Alto<\/td><\/tr><tr><td>110-119<\/td><td>Medio-alto<\/td><\/tr><tr><td>90-109<\/td><td>Medio<\/td><\/tr><tr><td>80-89<\/td><td>Medio-basso<\/td><\/tr><tr><td>70-79<\/td><td>Basso<\/td><\/tr><tr><td>\u2264 69<\/td><td>Molto basso<\/td><\/tr><\/tbody><\/table><figcaption class=\"wp-element-caption\">Risultati del test di Raven: test di Raven 95\u00b0 percentile, 90\u00b0 percentile, 75\u00b0 percentile, ecc.<\/figcaption><\/figure>\n\n\n\n<p>Inoltre, c&#8217;\u00e8 anche la possibilit\u00e0 di <strong>controllare l&#8217;et\u00e0 equivalente<\/strong>, che mostra l&#8217;et\u00e0 media, in anni e mesi, in cui si ottiene pi\u00f9 frequentemente un determinato punteggio attitudinale. Questo facilita l&#8217;interpretazione e la comprensione dei punteggi e delle equivalenze per coloro che non hanno una conoscenza generale dei concetti psicometrici.<\/p>\n\n\n\n<h3 class=\"wp-block-heading\">Conclusione<\/h3>\n\n\n\n<p>Il test di Raven, noto anche come test delle matrici progressive di Raven, \u00e8 un test psicometrico con una lunga storia nella disciplina psicologica, in grado di stimare la capacit\u00e0 educativa o formativa del soggetto che vi risponde.<\/p>\n\n\n\n<p>Utilizza forme geometriche di base e universali, comprensibili per tutte le et\u00e0 e le culture. Si basa principalmente sulla <strong>capacit\u00e0 di ragionare intellettualmente<\/strong>, di dare senso al disordine <strong>lasciando da parte l&#8217;interferenza della lingua e\/o della cultura<\/strong>.<\/p>\n\n\n\n<p>\u00c8 un test <strong>molto versatile<\/strong>, sia per quanto riguarda la sua applicazione, che pu\u00f2 essere di gruppo o individuale, sia per la <strong>fascia d&#8217;et\u00e0 <\/strong>che pu\u00f2 valutare, che va dai 4 anni ai 69 anni e 11 mesi.<\/p>\n\n\n\n<div style=\"height:50px\" aria-hidden=\"true\" class=\"wp-block-spacer\"><\/div>\n\n\n<div class=\"wp-block-image image-interface\">\n<figure class=\"aligncenter size-full is-resized\"><img decoding=\"async\" width=\"981\" height=\"1400\" src=\"https:\/\/neuronup.com\/it\/wp-content\/uploads\/2024\/04\/Test-di-Raven-Infografica-articolo.webp\" alt=\"Test di Raven - Infografica articolo\" class=\"wp-image-41389\" style=\"width:700px\" srcset=\"https:\/\/neuronup.com\/it\/wp-content\/uploads\/2024\/04\/Test-di-Raven-Infografica-articolo-210x300.webp 210w, https:\/\/neuronup.com\/it\/wp-content\/uploads\/2024\/04\/Test-di-Raven-Infografica-articolo-718x1024.webp 718w, https:\/\/neuronup.com\/it\/wp-content\/uploads\/2024\/04\/Test-di-Raven-Infografica-articolo-768x1096.webp 768w, https:\/\/neuronup.com\/it\/wp-content\/uploads\/2024\/04\/Test-di-Raven-Infografica-articolo.webp 981w\" sizes=\"(max-width: 981px) 100vw, 981px\" \/><\/figure>\n<\/div>\n\n\n<div style=\"height:50px\" aria-hidden=\"true\" class=\"wp-block-spacer\"><\/div>\n\n\n\n<h2 class=\"wp-block-heading\">Riferimenti<\/h2>\n\n\n\n<ul class=\"wp-block-list has-sm-font-size\">\n<li>Pearson (2019). Manual de Raven\u2019s 2, matrices progresivas.<\/li>\n<\/ul>\n\n\n\n<h3 class=\"wp-block-heading\">Se ti \u00e8 piaciuto questo articolo sul <strong>test di Raven<\/strong>, potrebbero interessarti anche questi contributi nel blog:<\/h3>\n\n\n<div class=\"mai-grid entries entries-grid has-boxed has-image-full\" style=\"--entry-title-font-size:var(--font-size-lg);--align-text:start;--entry-meta-text-align:start;\"><div class=\"entries-wrap has-columns\" style=\"--columns-xs:1\/1;--columns-sm:1\/1;--columns-md:1\/3;--columns-lg:1\/3;--flex-xs:0 0 var(--flex-basis);--flex-sm:0 0 var(--flex-basis);--flex-md:0 0 var(--flex-basis);--flex-lg:0 0 var(--flex-basis);--column-gap:var(--spacing-lg);--row-gap:var(--spacing-lg);--align-columns:start;\"><article class=\"entry entry-grid is-column has-entry-link has-image has-image-first type-post category-malattie-neurodegenerative tag-alzheimer tag-demenza tag-malattie-neurodegenerative\" style=\"--entry-index:1;\" aria-label=\"Comunicazione del caregiver verso il paziente con demenza\" itemscope itemtype=\"https:\/\/schema.org\/CreativeWork\"><a class=\"entry-image-link\" href=\"https:\/\/neuronup.com\/it\/stimolazione-e-riabilitazione-cognitiva\/malattie-neurodegenerative\/comunicazione-del-caregiver-verso-il-paziente-con-demenza\/\" tabindex=\"-1\" aria-hidden=\"true\"><img decoding=\"async\" width=\"400\" height=\"267\" src=\"https:\/\/neuronup.com\/it\/wp-content\/uploads\/2024\/10\/paciente-con-demecia.webp\" class=\"entry-image size-landscape-sm\" alt=\"Donna giovane avvicina un uomo anziano con occhiali; entrambi seduti in ambiente domestico caldo, illuminazione naturale.\" srcset=\"https:\/\/neuronup.com\/it\/wp-content\/uploads\/2024\/10\/paciente-con-demecia-300x200.webp 300w, https:\/\/neuronup.com\/it\/wp-content\/uploads\/2024\/10\/paciente-con-demecia-768x512.webp 768w, https:\/\/neuronup.com\/it\/wp-content\/uploads\/2024\/10\/paciente-con-demecia-1024x683.webp 1024w, https:\/\/neuronup.com\/it\/wp-content\/uploads\/2024\/10\/paciente-con-demecia.webp 1200w\" sizes=\"(max-width:599px) 599px, (min-width:600px) and (max-width: 799px) 799px, (min-width:800px) and (max-width: 999px) 333px, (min-width:1000px) 400px\" \/><\/a><div class=\"entry-wrap entry-wrap-grid\"><h3 class=\"entry-title\" itemprop=\"headline\"><a class=\"entry-title-link\" href=\"https:\/\/neuronup.com\/it\/stimolazione-e-riabilitazione-cognitiva\/malattie-neurodegenerative\/comunicazione-del-caregiver-verso-il-paziente-con-demenza\/\" rel=\"bookmark\">Comunicazione del caregiver verso il paziente con demenza<\/a><\/h3>\n<\/div><\/article><article class=\"entry entry-grid is-column has-entry-link has-image has-image-first type-post category-schizofrenia tag-psicologia tag-schizofrenia tag-valutazione-neuropsicologica\" style=\"--entry-index:2;\" aria-label=\"Percezione sociale nella schizofrenia\" itemscope itemtype=\"https:\/\/schema.org\/CreativeWork\"><a class=\"entry-image-link\" href=\"https:\/\/neuronup.com\/it\/stimolazione-e-riabilitazione-cognitiva\/malattia-mentale\/schizofrenia\/percezione-sociale-e-schizofrenia\/\" tabindex=\"-1\" aria-hidden=\"true\"><img decoding=\"async\" width=\"400\" height=\"267\" src=\"https:\/\/neuronup.com\/it\/wp-content\/uploads\/2024\/10\/Percepcion-social-y-conocimiento-social-en-esquizofrenia.webp\" class=\"entry-image size-landscape-sm\" alt=\"Uomo frustrato che si copre il volto con le mani, occhiali e maglione grigio, in soggiorno con divano e piante sullo sfondo\" srcset=\"https:\/\/neuronup.com\/it\/wp-content\/uploads\/2024\/10\/Percepcion-social-y-conocimiento-social-en-esquizofrenia-300x200.webp 300w, https:\/\/neuronup.com\/it\/wp-content\/uploads\/2024\/10\/Percepcion-social-y-conocimiento-social-en-esquizofrenia-768x512.webp 768w, https:\/\/neuronup.com\/it\/wp-content\/uploads\/2024\/10\/Percepcion-social-y-conocimiento-social-en-esquizofrenia-1024x683.webp 1024w, https:\/\/neuronup.com\/it\/wp-content\/uploads\/2024\/10\/Percepcion-social-y-conocimiento-social-en-esquizofrenia.webp 1200w\" sizes=\"(max-width:599px) 599px, (min-width:600px) and (max-width: 799px) 799px, (min-width:800px) and (max-width: 999px) 333px, (min-width:1000px) 400px\" \/><\/a><div class=\"entry-wrap entry-wrap-grid\"><h3 class=\"entry-title\" itemprop=\"headline\"><a class=\"entry-title-link\" href=\"https:\/\/neuronup.com\/it\/stimolazione-e-riabilitazione-cognitiva\/malattia-mentale\/schizofrenia\/percezione-sociale-e-schizofrenia\/\" rel=\"bookmark\">Percezione sociale nella schizofrenia<\/a><\/h3>\n<\/div><\/article><article class=\"entry entry-grid is-column has-entry-link has-image has-image-first type-post category-schizofrenia tag-psicologia tag-schizofrenia\" style=\"--entry-index:3;\" aria-label=\"Teoria della mente nella schizofrenia\" itemscope itemtype=\"https:\/\/schema.org\/CreativeWork\"><a class=\"entry-image-link\" href=\"https:\/\/neuronup.com\/it\/stimolazione-e-riabilitazione-cognitiva\/malattia-mentale\/schizofrenia\/teoria-della-mente-e-schizofrenia\/\" tabindex=\"-1\" aria-hidden=\"true\"><img decoding=\"async\" width=\"400\" height=\"225\" src=\"https:\/\/neuronup.com\/it\/wp-content\/uploads\/2024\/10\/Teoria-de-la-mente-en-la-esquizofrenia.webp\" class=\"entry-image size-landscape-sm\" alt=\"Due persone in abiti casual discutono; uomo, capelli scuri e maglietta bianca, donna a destra con cerchietto giallo.\" srcset=\"https:\/\/neuronup.com\/it\/wp-content\/uploads\/2024\/10\/Teoria-de-la-mente-en-la-esquizofrenia-300x169.webp 300w, https:\/\/neuronup.com\/it\/wp-content\/uploads\/2024\/10\/Teoria-de-la-mente-en-la-esquizofrenia-768x432.webp 768w, https:\/\/neuronup.com\/it\/wp-content\/uploads\/2024\/10\/Teoria-de-la-mente-en-la-esquizofrenia-1024x576.webp 1024w, https:\/\/neuronup.com\/it\/wp-content\/uploads\/2024\/10\/Teoria-de-la-mente-en-la-esquizofrenia.webp 1200w\" sizes=\"(max-width:599px) 599px, (min-width:600px) and (max-width: 799px) 799px, (min-width:800px) and (max-width: 999px) 333px, (min-width:1000px) 400px\" \/><\/a><div class=\"entry-wrap entry-wrap-grid\"><h3 class=\"entry-title\" itemprop=\"headline\"><a class=\"entry-title-link\" href=\"https:\/\/neuronup.com\/it\/stimolazione-e-riabilitazione-cognitiva\/malattia-mentale\/schizofrenia\/teoria-della-mente-e-schizofrenia\/\" rel=\"bookmark\">Teoria della mente nella schizofrenia<\/a><\/h3>\n<\/div><\/article><article class=\"entry entry-grid is-column has-entry-link has-image has-image-first type-post category-ictus-o-malattie-cerebrovascolari-cva tag-ictus tag-riabilitazione-cognitiva\" style=\"--entry-index:4;\" aria-label=\"La riabilitazione dell&#8217;eminegligenza dopo l&#8217;ictus\" itemscope itemtype=\"https:\/\/schema.org\/CreativeWork\"><a class=\"entry-image-link\" href=\"https:\/\/neuronup.com\/it\/stimolazione-e-riabilitazione-cognitiva\/cerebrolesione-acquisita\/ictus-o-malattie-cerebrovascolari-cva\/stimolazione-tdcs-nella-riabilitazione-delleminegligenza-dopo-un-ictus\/\" tabindex=\"-1\" aria-hidden=\"true\"><img decoding=\"async\" width=\"400\" height=\"300\" src=\"https:\/\/neuronup.com\/it\/wp-content\/uploads\/2024\/09\/montaje-de-los-electrodos-previos-a-la-aplicacion-de-la-estimulacion-tdcs.webp\" class=\"entry-image size-landscape-sm\" alt=\"Una persona indossa casco con elettrodi mentre un operatore in camice regola i cavi; ambiente di laboratorio o clinica.\" srcset=\"https:\/\/neuronup.com\/it\/wp-content\/uploads\/2024\/09\/montaje-de-los-electrodos-previos-a-la-aplicacion-de-la-estimulacion-tdcs-300x226.webp 300w, https:\/\/neuronup.com\/it\/wp-content\/uploads\/2024\/09\/montaje-de-los-electrodos-previos-a-la-aplicacion-de-la-estimulacion-tdcs-768x577.webp 768w, https:\/\/neuronup.com\/it\/wp-content\/uploads\/2024\/09\/montaje-de-los-electrodos-previos-a-la-aplicacion-de-la-estimulacion-tdcs-1024x770.webp 1024w, https:\/\/neuronup.com\/it\/wp-content\/uploads\/2024\/09\/montaje-de-los-electrodos-previos-a-la-aplicacion-de-la-estimulacion-tdcs.webp 1200w\" sizes=\"(max-width:599px) 599px, (min-width:600px) and (max-width: 799px) 799px, (min-width:800px) and (max-width: 999px) 333px, (min-width:1000px) 400px\" \/><\/a><div class=\"entry-wrap entry-wrap-grid\"><h3 class=\"entry-title\" itemprop=\"headline\"><a class=\"entry-title-link\" href=\"https:\/\/neuronup.com\/it\/stimolazione-e-riabilitazione-cognitiva\/cerebrolesione-acquisita\/ictus-o-malattie-cerebrovascolari-cva\/stimolazione-tdcs-nella-riabilitazione-delleminegligenza-dopo-un-ictus\/\" rel=\"bookmark\">La riabilitazione dell&#8217;eminegligenza dopo l&#8217;ictus<\/a><\/h3>\n<\/div><\/article><article class=\"entry entry-grid is-column has-entry-link has-image has-image-first type-post category-disturbi-del-neurosviluppo tag-disturbi-del-neurosviluppo tag-funzioni-esecutive\" style=\"--entry-index:5;\" aria-label=\"Guida alla revisione della letteratura sulle aprassie\" itemscope itemtype=\"https:\/\/schema.org\/CreativeWork\"><a class=\"entry-image-link\" href=\"https:\/\/neuronup.com\/it\/stimolazione-e-riabilitazione-cognitiva\/disturbi-del-neurosviluppo\/guida-per-la-revisione-della-letteratura-sulle-aprassie\/\" tabindex=\"-1\" aria-hidden=\"true\"><img decoding=\"async\" width=\"400\" height=\"267\" src=\"https:\/\/neuronup.com\/it\/wp-content\/uploads\/2024\/09\/apraxias-pareja.webp\" class=\"entry-image size-landscape-sm\" alt=\"Coppia distesa su pavimento di legno; una persona forma una cornice con le mani mentre l&#039;altra sorride, atmosfera giocosa.\" srcset=\"https:\/\/neuronup.com\/it\/wp-content\/uploads\/2024\/09\/apraxias-pareja-300x200.webp 300w, https:\/\/neuronup.com\/it\/wp-content\/uploads\/2024\/09\/apraxias-pareja-768x512.webp 768w, https:\/\/neuronup.com\/it\/wp-content\/uploads\/2024\/09\/apraxias-pareja-1024x683.webp 1024w, https:\/\/neuronup.com\/it\/wp-content\/uploads\/2024\/09\/apraxias-pareja.webp 1200w\" sizes=\"(max-width:599px) 599px, (min-width:600px) and (max-width: 799px) 799px, (min-width:800px) and (max-width: 999px) 333px, (min-width:1000px) 400px\" \/><\/a><div class=\"entry-wrap entry-wrap-grid\"><h3 class=\"entry-title\" itemprop=\"headline\"><a class=\"entry-title-link\" href=\"https:\/\/neuronup.com\/it\/stimolazione-e-riabilitazione-cognitiva\/disturbi-del-neurosviluppo\/guida-per-la-revisione-della-letteratura-sulle-aprassie\/\" rel=\"bookmark\">Guida alla revisione della letteratura sulle aprassie<\/a><\/h3>\n<\/div><\/article><article class=\"entry entry-grid is-column has-entry-link has-image has-image-first type-post category-stimolazione-e-riabilitazione-cognitiva tag-attivita-di-stimolazione-cognitiva tag-notizie-di-neuronup tag-salute-mentale\" style=\"--entry-index:6;\" aria-label=\"L&#8217;impatto della neuroribilitazione sulla salute mentale: un approccio integrato per il benessere cognitivo ed emotivo\" itemscope itemtype=\"https:\/\/schema.org\/CreativeWork\"><a class=\"entry-image-link\" href=\"https:\/\/neuronup.com\/it\/stimolazione-e-riabilitazione-cognitiva\/limpatto-della-neuroriabilitazione-sulla-salute-mentale-un-approccio-integrato-per-il-benessere-cognitivo-ed-emotivo\/\" tabindex=\"-1\" aria-hidden=\"true\"><img decoding=\"async\" width=\"400\" height=\"267\" src=\"https:\/\/neuronup.com\/it\/wp-content\/uploads\/2024\/09\/El-impacto-de-la-neurorrehabilitacion-en-la-salud-mental-un-enfoque-integral-para-el-bienestar-cognitivo-y-emocional.webp\" class=\"entry-image size-landscape-sm\" alt=\"Donna anziana seduta su divano, occhi chiusi e mani sulle tempie in gesto rilassante; ambiente domestico sereno.\" srcset=\"https:\/\/neuronup.com\/it\/wp-content\/uploads\/2024\/09\/El-impacto-de-la-neurorrehabilitacion-en-la-salud-mental-un-enfoque-integral-para-el-bienestar-cognitivo-y-emocional-300x200.webp 300w, https:\/\/neuronup.com\/it\/wp-content\/uploads\/2024\/09\/El-impacto-de-la-neurorrehabilitacion-en-la-salud-mental-un-enfoque-integral-para-el-bienestar-cognitivo-y-emocional-768x512.webp 768w, https:\/\/neuronup.com\/it\/wp-content\/uploads\/2024\/09\/El-impacto-de-la-neurorrehabilitacion-en-la-salud-mental-un-enfoque-integral-para-el-bienestar-cognitivo-y-emocional-1024x683.webp 1024w, https:\/\/neuronup.com\/it\/wp-content\/uploads\/2024\/09\/El-impacto-de-la-neurorrehabilitacion-en-la-salud-mental-un-enfoque-integral-para-el-bienestar-cognitivo-y-emocional.webp 1200w\" sizes=\"(max-width:599px) 599px, (min-width:600px) and (max-width: 799px) 799px, (min-width:800px) and (max-width: 999px) 333px, (min-width:1000px) 400px\" \/><\/a><div class=\"entry-wrap entry-wrap-grid\"><h3 class=\"entry-title\" itemprop=\"headline\"><a class=\"entry-title-link\" href=\"https:\/\/neuronup.com\/it\/stimolazione-e-riabilitazione-cognitiva\/limpatto-della-neuroriabilitazione-sulla-salute-mentale-un-approccio-integrato-per-il-benessere-cognitivo-ed-emotivo\/\" rel=\"bookmark\">L&#8217;impatto della neuroribilitazione sulla salute mentale: un approccio integrato per il benessere cognitivo ed emotivo<\/a><\/h3>\n<\/div><\/article><\/div><\/div>","protected":false},"excerpt":{"rendered":"<p>In questo articolo la neuropsicologa clinica e direttrice del centro neurologico e neuropsicologico Espai Neurol\u00f2gic, Anna Curto, spiega in cosa consiste il test di Raven e come interpretare i risultati del test a matrici progressive. Cos&#8217;\u00e8 il test di Raven e cosa misura? Se ti stai chiedendo cos&#8217;\u00e8 il test di Raven e a cosa &hellip;<\/p>\n","protected":false},"author":144,"featured_media":30141,"comment_status":"open","ping_status":"open","sticky":false,"template":"","format":"standard","meta":{"_acf_changed":false,"_genesis_hide_title":false,"_genesis_hide_breadcrumbs":false,"_genesis_hide_singular_image":false,"_genesis_hide_footer_widgets":false,"_genesis_custom_body_class":"","_genesis_custom_post_class":"","_genesis_layout":"","footnotes":""},"categories":[427],"tags":[362],"class_list":{"2":"type-post","7":"category-test-neuropsicologici","8":"tag-valutazione-neuropsicologica","9":"entry"},"acf":[],"_links":{"self":[{"href":"https:\/\/neuronup.com\/it\/wp-json\/wp\/v2\/posts\/29638","targetHints":{"allow":["GET"]}}],"collection":[{"href":"https:\/\/neuronup.com\/it\/wp-json\/wp\/v2\/posts"}],"about":[{"href":"https:\/\/neuronup.com\/it\/wp-json\/wp\/v2\/types\/post"}],"author":[{"embeddable":true,"href":"https:\/\/neuronup.com\/it\/wp-json\/wp\/v2\/users\/144"}],"replies":[{"embeddable":true,"href":"https:\/\/neuronup.com\/it\/wp-json\/wp\/v2\/comments?post=29638"}],"version-history":[{"count":0,"href":"https:\/\/neuronup.com\/it\/wp-json\/wp\/v2\/posts\/29638\/revisions"}],"wp:featuredmedia":[{"embeddable":true,"href":"https:\/\/neuronup.com\/it\/wp-json\/wp\/v2\/media\/30141"}],"wp:attachment":[{"href":"https:\/\/neuronup.com\/it\/wp-json\/wp\/v2\/media?parent=29638"}],"wp:term":[{"taxonomy":"category","embeddable":true,"href":"https:\/\/neuronup.com\/it\/wp-json\/wp\/v2\/categories?post=29638"},{"taxonomy":"post_tag","embeddable":true,"href":"https:\/\/neuronup.com\/it\/wp-json\/wp\/v2\/tags?post=29638"}],"curies":[{"name":"wp","href":"https:\/\/api.w.org\/{rel}","templated":true}]}}