
{"id":29632,"date":"2024-04-23T10:58:00","date_gmt":"2024-04-23T08:58:00","guid":{"rendered":"https:\/\/neuronup.com\/it\/?p=29632"},"modified":"2025-07-24T06:57:35","modified_gmt":"2025-07-24T04:57:35","slug":"aree-di-broca-e-wernicke","status":"publish","type":"post","link":"https:\/\/neuronup.com\/it\/stimolazione-e-riabilitazione-cognitiva\/disturbi-del-linguaggio\/aree-di-broca-e-wernicke\/","title":{"rendered":"Aree di Broca e Wernicke"},"content":{"rendered":"\n<p class=\"has-xl-font-size\">In questo articolo, la neuropsicologa Andrea Alvarado spiega <strong>dove si trovano l&#8217;area di Broca e l&#8217;area di Wernike e la loro funzione<\/strong>. Spiega inoltre le caratteristiche dell&#8217;afasia di Broca e dell&#8217;afasia di Wernike.<\/p>\n\n\n\n<p>Il <strong>linguaggio \u00e8 lo strumento<\/strong> utilizzato dagli esseri umani per <strong>comunicare<\/strong>. \u00c8 strettamente correlato al pensiero col quale spesso lavora in tandem, nonostante coinvolgano abilit\u00e0 diverse.<\/p>\n\n\n\n<p>Il linguaggio \u00e8 distribuito tra diverse aree cerebrali e dipende dal lavoro integrato di pi\u00f9 aree corticali e sottocorticali. Le lesioni cerebrali che colpiscono queste regioni possono portare a disturbi del linguaggio.<\/p>\n\n\n\n<h2 class=\"wp-block-heading\">Basi anatomiche del linguaggio<\/h2>\n\n\n\n<p>La base anatomica del <a href=\"https:\/\/neuronup.com\/areas-de-intervencion\/funciones-cognitivas\/lenguaje\/\">linguaggio<\/a>, \u00e8 stata individuata a met\u00e0 del XIX secolo, principalmente sulla base degli studi di Broca e Wernicke, che hanno proposto che il linguaggio sia associato all&#8217;attivit\u00e0 di tre regioni dell&#8217;emisfero sinistro:<\/p>\n\n\n\n<ul class=\"wp-block-list\">\n<li>Regione posteriore del lobo frontale,<\/li>\n\n\n\n<li>segmento superiore del lobo temporale,<\/li>\n\n\n\n<li>insula.<\/li>\n<\/ul>\n\n\n\n<p>All&#8217;inizio del XX secolo, Dejerine ha integrato le osservazioni clinico-anatomiche disponibili all&#8217;epoca e ha proposto l&#8217;esistenza di una &#8220;Area del linguaggio&#8221;, che comprende:<\/p>\n\n\n\n<ul class=\"wp-block-list\">\n<li><strong>Area di Broca<\/strong> (terza circonvoluzione frontale),<\/li>\n\n\n\n<li><strong>area di Wernicke<\/strong> (il segmento posteriore della prima circonvoluzione del lobo temporale), e<\/li>\n\n\n\n<li>un &#8220;<strong>Centro del linguaggio scritto<\/strong>&#8221; (circonvoluzione angolare).<\/li>\n<\/ul>\n\n\n\n<p>Solo alla fine del XX secolo Dronkers ha indicato che <strong>l&#8217;insula rappresenta una regione cerebrale critica<\/strong> nella coordinazione di movimenti articolatori complessi (speech praxis).<\/p>\n\n\n\n<p>La tesi dell&#8217;esistenza di un&#8217;area linguistica corrispondente alla regione perisilviana dell&#8217;emisfero sinistro fu praticamente accettata all&#8217;unanimit\u00e0 e si integr\u00f2 saldamente nel campo della neurologia e dell&#8217;afasiologia. Autori come Benson, Brain, Head, Nielsen, Luria, ecc. la integrarono nei loro modelli di organizzazione cerebrale del linguaggio.<\/p>\n\n\n\n<h2 class=\"wp-block-heading\">Area di Broca<\/h2>\n\n\n\n<h3 class=\"wp-block-heading\">Area di Broca: localizzazione. Dove si trova l&#8217;area di Broca?<\/h3>\n\n\n\n<p>Si trova nell&#8217;<strong>emisfero cerebrale sinistro<\/strong>, ai piedi della terza circonvoluzioni del lobo frontale. Secondo la mappa di Brodmann, corrisponde alle aree 44 (pars opercularis) e 45 (pars triangularis).<\/p>\n\n\n\n<h3 class=\"wp-block-heading\">Funzione dell&#8217;area di Broca<\/h3>\n\n\n\n<p>\u00c8 coinvolta principalmente in due aspetti:<\/p>\n\n\n\n<ol class=\"wp-block-list\">\n<li><strong>La produzione verbale del linguaggio<\/strong> (morfosintassi) corrispondente all&#8217;espressione e alla comprensione delle strutture sintattiche, e svolge un ruolo nell&#8217;elaborazione verbale.<\/li>\n\n\n\n<li><strong>Nella pianificazione e programmazione <\/strong>dei movimenti <strong>necessari all&#8217;articolazione<\/strong>.<\/li>\n<\/ol>\n\n\n\n<h2 class=\"wp-block-heading\">Area di Wernike<\/h2>\n\n\n\n<h3 class=\"wp-block-heading\">Area di Wernike: localizzazione. In quale lobo si trova l&#8217;area di Wernike?<\/h3>\n\n\n\n<p>Si trova <strong>nella prima circonvoluzione posteriore del lobo temporale sinistro<\/strong> in base alla classificazione di Brodmann, ed \u00e8 principalmente associata alle aree 22 e 42 della corteccia cerebrale. \u00c8 stato suggerito che anche la circonvoluzione sopramarginale e la circonvoluzione angolare facciano parte di quest&#8217;area.<\/p>\n\n\n\n<h3 class=\"wp-block-heading\">Funzione dell&#8217;area di Wernike<\/h3>\n\n\n\n<p>\u00c8 associata principalmente alla comprensione del linguaggio e all&#8217;elaborazione della scelta lessicale. \u00c8 quindi la regione pi\u00f9 importante dell&#8217;intero cervello per le<strong> funzioni intellettuali superiori.<\/strong><\/p>\n\n\n\n<h2 class=\"wp-block-heading\">Afasia<\/h2>\n\n\n\n<p>L&#8217;afasia \u00e8 un <strong>disturbo del linguaggio<\/strong> causato da una <a href=\"https:\/\/neuronup.com\/casos-de-uso-dano-cerebral-adquirido\/\">lesione cerebrale<\/a> che non si spiega con un disturbo sensoriale, motorio o mentale.<\/p>\n\n\n\n<p>Si verifica in un soggetto che aveva gi\u00e0 acquisito il linguaggio e ne faceva un uso normale prima della lesione cerebrale. In questa patologia si possono osservare <strong>difficolt\u00e0 <\/strong>sia nella <strong>produzione <\/strong>che nella<strong> comprensione del linguaggio<\/strong>.<\/p>\n\n\n\n<h3 class=\"wp-block-heading\">Afasia: trattamento<\/h3>\n\n\n\n<p>\u00c8 importante notare che esistono diversi gradi di severit\u00e0 dell&#8217;afasia e che i sintomi possono variare da persona a persona.<\/p>\n\n\n\n<p>Il trattamento di solito prevede la <strong>terapia del linguaggio e della parola<\/strong>, e il recupero pu\u00f2 variare a seconda dell&#8217;entit\u00e0 del danno cerebrale e della gravit\u00e0.<\/p>\n\n\n<div class=\"mai-grid entries entries-grid has-boxed has-image-left-top\" style=\"--entry-title-font-size:var(--font-size-lg);--entry-image-link-max-width:33.33333333%;--align-text:start;--align-text-vertical:unset;--entry-meta-text-align:start;\"><div class=\"entries-wrap has-columns has-image-stack\" style=\"--columns-xs:1\/1;--columns-sm:1\/1;--columns-md:1\/1;--columns-lg:1\/1;--flex-xs:0 0 var(--flex-basis);--flex-sm:0 0 var(--flex-basis);--flex-md:0 0 var(--flex-basis);--flex-lg:0 0 var(--flex-basis);--column-gap:var(--spacing-xl);--row-gap:var(--spacing-xl);--align-columns:start;\"><article class=\"entry entry-grid is-column has-entry-link has-image has-image-first type-post category-disturbi-del-linguaggio tag-afasia tag-danno-cerebrale tag-danno-cerebrale-acquisito tag-linguaggio\" style=\"--entry-index:1;\" aria-label=\"Afasia: diagnosi differenziale e tipi di afasie\" itemscope itemtype=\"https:\/\/schema.org\/CreativeWork\"><a class=\"entry-image-link\" href=\"https:\/\/neuronup.com\/it\/stimolazione-e-riabilitazione-cognitiva\/disturbi-del-linguaggio\/afasia-tipi\/\" tabindex=\"-1\" aria-hidden=\"true\"><img decoding=\"async\" width=\"400\" height=\"267\" src=\"https:\/\/neuronup.com\/it\/wp-content\/uploads\/2022\/10\/afasia.webp\" class=\"entry-image size-landscape-sm\" alt=\"Profilo stilizzato di testa con linee che simulano attivit\u00e0 cerebrale, illuminazione blu al centro e sfondo tecnologico.\" srcset=\"https:\/\/neuronup.com\/it\/wp-content\/uploads\/2022\/10\/afasia-300x200.webp 300w, https:\/\/neuronup.com\/it\/wp-content\/uploads\/2022\/10\/afasia-768x512.webp 768w, https:\/\/neuronup.com\/it\/wp-content\/uploads\/2022\/10\/afasia-1024x683.webp 1024w, https:\/\/neuronup.com\/it\/wp-content\/uploads\/2022\/10\/afasia.webp 1200w\" sizes=\"(max-width:599px) 599px, (min-width:600px) and (max-width: 799px) 266.33333333333px, (min-width:800px) and (max-width: 999px) 333px, (min-width:1000px) 400px\" \/><\/a><div class=\"entry-wrap entry-wrap-grid\"><h3 class=\"entry-title\" itemprop=\"headline\"><a class=\"entry-title-link\" href=\"https:\/\/neuronup.com\/it\/stimolazione-e-riabilitazione-cognitiva\/disturbi-del-linguaggio\/afasia-tipi\/\" rel=\"bookmark\">Afasia: diagnosi differenziale e tipi di afasie<\/a><\/h3>\n<div class=\"entry-custom-content\"><p>La neuropsic\u00f3loga Lidia Garc\u00eda P\u00e9rez explica en este art\u00edculo qu\u00e9 es la afasia, los tipos de afasias y realiza una discriminaci\u00f3n entre este trastorno y los trastornos del habla, la disartria y la alteraci\u00f3n cognitiva-comunicativa.<\/p><\/div><div class=\"entry-more\"><a class=\"entry-more-link button button-secondary button-small\" href=\"https:\/\/neuronup.com\/it\/stimolazione-e-riabilitazione-cognitiva\/disturbi-del-linguaggio\/afasia-tipi\/\">Leer m\u00e1s<span class=\"screen-reader-text\">Afasia: diagnosi differenziale e tipi di afasie<\/span><\/a><\/div><\/div><\/article><\/div><\/div>\n\n\n<h3 class=\"wp-block-heading\">Afasia di Broca<\/h3>\n\n\n\n<h4 class=\"wp-block-heading\">Che cos&#8217;\u00e8 l&#8217;afasia di Broca?<\/h4>\n\n\n\n<p>Si tratta di <strong>un disturbo del linguaggio che deriva da un danno all&#8217;area cerebrale di Broca.<\/strong><\/p>\n\n\n\n<h4 class=\"wp-block-heading\">Caratteristiche dell&#8217;afasia di Broca<\/h4>\n\n\n\n<p>Le caratteristiche principali dell&#8217;afasia di Broca comprendono:<\/p>\n\n\n\n<ol start=\"1\" class=\"wp-block-list\">\n<li><strong>Discorso non fluente<\/strong>: le persone affette da afasia di Broca hanno spesso difficolt\u00e0 a formare frasi in modo fluente. L&#8217;eloquio pu\u00f2 essere lento e affannoso;<\/li>\n\n\n\n<li><strong>ripetizione alterata<\/strong>;<\/li>\n\n\n\n<li><strong>difficolt\u00e0 nella produzione grammaticale<\/strong>: possono avere difficolt\u00e0 a usare correttamente la grammatica, omettendo ad esempio piccole parole (&#8220;a&#8221;, &#8220;il&#8221; o &#8220;e&#8221;) o invertendo l&#8217;ordine delle parole nella frase;<\/li>\n\n\n\n<li><strong>comprensione preservata<\/strong>: sebbene la produzione linguistica sia compromessa, la comprensione del linguaggio \u00e8 preservata. Le persone con afasia di Broca sono in grado di comprendere il linguaggio parlato e scritto;<\/li>\n\n\n\n<li><strong>consapevolezza degli errori<\/strong>: le persone con afasia di Broca sono spesso consapevoli delle loro difficolt\u00e0 ad esprimersi e possono sentirsi frustrate dalla loro incapacit\u00e0 di comunicare efficacemente i propri pensieri.<\/li>\n<\/ol>\n\n\n\n<div style=\"height:50px\" aria-hidden=\"true\" class=\"wp-block-spacer\"><\/div>\n\n\n\n\n\n<div style=\"height:50px\" aria-hidden=\"true\" class=\"wp-block-spacer\"><\/div>\n\n\n\n<h3 class=\"wp-block-heading\">Afasia di Wernike<\/h3>\n\n\n\n<h4 class=\"wp-block-heading\">Che cos&#8217;\u00e8 l&#8217;afasia di Wernicke ?<\/h4>\n\n\n\n<p>L&#8217;afasia di Wernicke \u00e8 un <strong>disturbo del linguaggio che deriva da un danno all&#8217;area di Wernicke del cervello.<\/strong><\/p>\n\n\n\n<h4 class=\"wp-block-heading\">Caratteristiche dell&#8217;afasia di Wernicke<\/h4>\n\n\n\n<p>Le caratteristiche principali dell&#8217;afasia di Wernicke comprendono:<\/p>\n\n\n\n<ol start=\"1\" class=\"wp-block-list\">\n<li><strong>Fluenza del linguaggio conservata:<\/strong> a differenza dell&#8217;afasia di Broca, le persone con afasia di Wernicke spesso parlano in modo fluente, ma il contenuto del discorso pu\u00f2 mancare di significato o essere incoerente;<\/li>\n\n\n\n<li><strong>parafasia:<\/strong> le parafasie sono errori di pronuncia in cui le parole sono usate in modo scorretto o combinate in modo inappropriato. Nell&#8217;afasia di Wernicke, le parafasie possono rendere difficile la comprensione del discorso;<\/li>\n\n\n\n<li><strong>comprensione compromessa:<\/strong> la comprensione del linguaggio, sia parlato che scritto, \u00e8 spesso compromessa. Le persone con afasia di Wernicke possono avere difficolt\u00e0 a comprendere il significato di parole e frasi;<\/li>\n\n\n\n<li><strong>ripetizione alterata<\/strong>;<\/li>\n\n\n\n<li><strong>mancanza di consapevolezza degli errori:<\/strong> a differenza dell&#8217;afasia di Broca, le persone con afasia di Wernicke spesso non sono consapevoli degli errori nel loro discorso e possono mostrare una mancanza di consapevolezza dell&#8217;incoerenza del loro discorso.<\/li>\n<\/ol>\n\n\n\n<h3 class=\"wp-block-heading\">Conclusioni<\/h3>\n\n\n\n<p>n sintesi, le aree di Broca e Wernicke sono regioni cerebrali specifiche che ricoprono un ruolo cruciale nel linguaggio. \u00c8 importante notare che, sebbene siano topograficamente separate, <strong>la connessione tra loro \u00e8 essenziale per la normale elaborazione del linguaggio<\/strong>. Il fascicolo arcuato \u00e8 una banda di fibre nervose che collega queste aree, facilitando una comunicazione <strong>efficace <\/strong>tra la <strong>produzione <\/strong>e la <strong>comprensione <\/strong>del linguaggio.<\/p>\n\n\n\n<div style=\"height:50px\" aria-hidden=\"true\" class=\"wp-block-spacer\"><\/div>\n\n\n<div class=\"wp-block-image image-interface\">\n<figure class=\"aligncenter size-full is-resized\"><img decoding=\"async\" width=\"824\" height=\"1400\" src=\"https:\/\/neuronup.com\/it\/wp-content\/uploads\/2024\/04\/Aree-di-Broca-e-Wernicke-Infografica-dellarticolo.webp\" alt=\"Aree di Broca e Wernicke - Infografica dell\u2019articolo\" class=\"wp-image-41337\" style=\"width:700px\" srcset=\"https:\/\/neuronup.com\/it\/wp-content\/uploads\/2024\/04\/Aree-di-Broca-e-Wernicke-Infografica-dellarticolo-177x300.webp 177w, https:\/\/neuronup.com\/it\/wp-content\/uploads\/2024\/04\/Aree-di-Broca-e-Wernicke-Infografica-dellarticolo-603x1024.webp 603w, https:\/\/neuronup.com\/it\/wp-content\/uploads\/2024\/04\/Aree-di-Broca-e-Wernicke-Infografica-dellarticolo-768x1305.webp 768w, https:\/\/neuronup.com\/it\/wp-content\/uploads\/2024\/04\/Aree-di-Broca-e-Wernicke-Infografica-dellarticolo.webp 824w\" sizes=\"(max-width: 824px) 100vw, 824px\" \/><\/figure>\n<\/div>\n\n\n<h2 class=\"wp-block-heading\">Bibliografia<\/h2>\n\n\n\n<ul class=\"wp-block-list has-sm-font-size\">\n<li>Ardila, A. (2014). <em>Aphasia handbook.<\/em> Edici\u00f3n en l\u00ednea. Obtenido de http:\/\/ aalfredoardila.files.wordpress.com<\/li>\n\n\n\n<li>Casta\u00f1o, J. (2003). Bases neurobiol\u00f3gicas del lenguaje y sus alteraciones. <em>Rev Neurol<\/em>, 36(8), 781-5.<\/li>\n\n\n\n<li>Di\u00e9guez-Vide, F., &amp; Pe\u00f1a-Casanova, J. (2012). <em>Cerebro y lenguaje: Sintomatolog\u00eda neuroling\u00fc\u00edstica.<\/em> Madrid: M\u00e9dica Panamericana.<\/li>\n\n\n\n<li>Friederici A, G. S. (2012). The language network. <em>Curr Opin Neurobiol<\/em>, 23:250-4.<\/li>\n\n\n\n<li>Gonz\u00e1lez, R. (2013). <em>Trastorno del Lenguaje y Habla.<\/em> Santiago: Editorial Mediterr\u00e1neo.<\/li>\n<\/ul>\n\n\n\n<h3 class=\"wp-block-heading\">Se ti \u00e8 piaciuto questo articolo sulle <strong>aree di Broca e Wernicke<\/strong>, allora potrebbe interessarti anche questo articolo:<\/h3>\n\n\n","protected":false},"excerpt":{"rendered":"<p>In questo articolo, la neuropsicologa Andrea Alvarado spiega dove si trovano l&#8217;area di Broca e l&#8217;area di Wernike e la loro funzione. Spiega inoltre le caratteristiche dell&#8217;afasia di Broca e dell&#8217;afasia di Wernike. Il linguaggio \u00e8 lo strumento utilizzato dagli esseri umani per comunicare. \u00c8 strettamente correlato al pensiero col quale spesso lavora in tandem, &hellip;<\/p>\n","protected":false},"author":145,"featured_media":29633,"comment_status":"open","ping_status":"open","sticky":false,"template":"","format":"standard","meta":{"_acf_changed":false,"_genesis_hide_title":false,"_genesis_hide_breadcrumbs":false,"_genesis_hide_singular_image":false,"_genesis_hide_footer_widgets":false,"_genesis_custom_body_class":"","_genesis_custom_post_class":"","_genesis_layout":"","footnotes":""},"categories":[385],"tags":[425,148],"class_list":{"2":"type-post","7":"category-disturbi-del-linguaggio","8":"tag-afasia","9":"tag-linguaggio","10":"entry"},"acf":[],"_links":{"self":[{"href":"https:\/\/neuronup.com\/it\/wp-json\/wp\/v2\/posts\/29632","targetHints":{"allow":["GET"]}}],"collection":[{"href":"https:\/\/neuronup.com\/it\/wp-json\/wp\/v2\/posts"}],"about":[{"href":"https:\/\/neuronup.com\/it\/wp-json\/wp\/v2\/types\/post"}],"author":[{"embeddable":true,"href":"https:\/\/neuronup.com\/it\/wp-json\/wp\/v2\/users\/145"}],"replies":[{"embeddable":true,"href":"https:\/\/neuronup.com\/it\/wp-json\/wp\/v2\/comments?post=29632"}],"version-history":[{"count":0,"href":"https:\/\/neuronup.com\/it\/wp-json\/wp\/v2\/posts\/29632\/revisions"}],"wp:featuredmedia":[{"embeddable":true,"href":"https:\/\/neuronup.com\/it\/wp-json\/wp\/v2\/media\/29633"}],"wp:attachment":[{"href":"https:\/\/neuronup.com\/it\/wp-json\/wp\/v2\/media?parent=29632"}],"wp:term":[{"taxonomy":"category","embeddable":true,"href":"https:\/\/neuronup.com\/it\/wp-json\/wp\/v2\/categories?post=29632"},{"taxonomy":"post_tag","embeddable":true,"href":"https:\/\/neuronup.com\/it\/wp-json\/wp\/v2\/tags?post=29632"}],"curies":[{"name":"wp","href":"https:\/\/api.w.org\/{rel}","templated":true}]}}