
{"id":25488,"date":"2025-10-19T11:26:14","date_gmt":"2025-10-19T11:26:14","guid":{"rendered":"https:\/\/neuronup.com\/?p=25488"},"modified":"2025-07-11T10:04:20","modified_gmt":"2025-07-11T08:04:20","slug":"saul-martinez-horta-tiene-una-conferenza-sulla-stimolazione-cognitiva-nei-disturbi-del-movimento","status":"publish","type":"post","link":"https:\/\/neuronup.com\/it\/formazione\/neuronup-academy\/saul-martinez-horta-tiene-una-conferenza-sulla-stimolazione-cognitiva-nei-disturbi-del-movimento\/","title":{"rendered":"Il neuropsicologo Sa\u00fcl Mart\u00ednez Horta tiene una conferenza sulla stimolazione cognitiva nei disturbi del movimento"},"content":{"rendered":"\n<div class=\"wp-block-group\"><div class=\"wp-block-group__inner-container is-layout-flow wp-block-group-is-layout-flow\">\n<p class=\"has-text-align-center is-style-subheading has-primary-color has-text-color\">NEURONUP ORGANIZZA la formazione online E GRATUITA il 14\/06\/2023<\/p>\n\n\n\n<p class=\"has-lg-font-size\">NeuronUP organizza una formazione online e gratuita su <strong>Stimolazione cognitiva nei disturbi del movimento<\/strong> il prossimo 14 giugno. Il neuropsicologo e ricercatore specializzato in disturbi del movimento <strong>Sa\u00fcl Mart\u00ednez Horta<\/strong> terr\u00e0 la conferenza rivolta ai professionisti della neuroriabilitazione in NeuronUP Academy, l&#8217;accademia di formazione di NeuronUP. Ti aspettiamo!<\/p>\n\n\n\n<p>E ricorda!<\/p>\n\n\n\n<p>1. Ci sar\u00e0 un <strong>turno di domande di 15 minuti<\/strong> dopo la conferenza in modo che il relatore possa risolvere i tuoi dubbi relativi ai disturbi del movimento.<\/p>\n\n\n\n<p>2. I clienti di NeuronUP e i professionisti che hanno una prova gratuita di NeuronUP e partecipano alla conferenza in diretta otterranno in esclusiva un <strong>certificato di partecipazione<\/strong>.<\/p>\n\n\n\n<hr class=\"wp-block-separator has-css-opacity is-style-wide has-xl-margin-top has-xl-margin-bottom\"\/>\n\n\n\n<p class=\"has-text-align-center\">Compila questo modulo e clicca su &#8216;REGISTRATI ORA&#8217; per poter partecipare alla conferenza.<\/p>\n\n\n<span class=\"mai-icon mai-icon-arrow-circle-down\" style=\"display:block;text-align:center;--icon-margin:0px 0px 0px 0px;--icon-padding:0px;--icon-size:40px;--icon-color:var(--color-primary);--icon-border-radius:var(--border-radius);\"><span class=\"mai-icon-wrap\"><svg xmlns=\"http:\/\/www.w3.org\/2000\/svg\" viewbox=\"0 0 512 512\" width=\"40\" height=\"40\"><!-- Font Awesome Pro 5.15.4 by @fontawesome - https:\/\/fontawesome.com License - https:\/\/fontawesome.com\/license (Commercial License) --><path d=\"M256 8C119 8 8 119 8 256s111 248 248 248 248-111 248-248S393 8 256 8zm216 248c0 118.7-96.1 216-216 216-118.7 0-216-96.1-216-216 0-118.7 96.1-216 216-216 118.7 0 216 96.1 216 216zm-92.5-4.5l-6.9-6.9c-4.7-4.7-12.5-4.7-17.1.2L273 330.3V140c0-6.6-5.4-12-12-12h-10c-6.6 0-12 5.4-12 12v190.3l-82.5-85.6c-4.7-4.8-12.4-4.9-17.1-.2l-6.9 6.9c-4.7 4.7-4.7 12.3 0 17l115 115.1c4.7 4.7 12.3 4.7 17 0l115-115.1c4.7-4.6 4.7-12.2 0-16.9z\"><\/path><\/svg><\/span><\/span>\n\n\n<div class=\"wp-block-group has-xl-margin-top\"><div class=\"wp-block-group__inner-container is-layout-flow wp-block-group-is-layout-flow\">\n<div class=\"wp-block-columns is-layout-flex wp-container-core-columns-is-layout-9d6595d7 wp-block-columns-is-layout-flex\" id=\"formulario-clickmeeting\">\n<div class=\"wp-block-column is-layout-flow wp-block-column-is-layout-flow\">\n<script type=\"text\/javascript\" src=\"https:\/\/embed.clickmeeting.com\/embed_conference.html?r=177082187499549&#038;w=1024&#038;h=2000\"><\/script>\n<\/div>\n<\/div>\n<\/div><\/div>\n<\/div><\/div>\n\n\n\n<div style=\"height:62px\" aria-hidden=\"true\" class=\"wp-block-spacer\"><\/div>\n\n\n\n<div class=\"wp-block-group testimonial-block\"><div class=\"wp-block-group__inner-container is-layout-flow wp-block-group-is-layout-flow\">\n<h2 class=\"wp-block-heading has-text-align-center\" id=\"datos-de-la-ponencia\">Dati della conferenza<\/h2>\n\n\n\n<div class=\"wp-block-columns is-layout-flex wp-container-core-columns-is-layout-9d6595d7 wp-block-columns-is-layout-flex\">\n<div class=\"wp-block-column is-layout-flow wp-block-column-is-layout-flow\">\n<p class=\"is-style-default\"><strong>Relatore:<\/strong><\/p>\n\n\n\n<p class=\"is-style-default\">Sa\u00fcl Mart\u00ednez Horta<\/p>\n\n\n\n<p class=\"is-style-default\"><strong>Titolo della conferenza<\/strong>:<\/p>\n\n\n\n<p class=\"is-style-default\"><em><em>Stimolazione cognitiva nei disturbi del movimento: Miti, dati e prospettive<\/em><\/em><\/p>\n\n\n\n<p class=\"is-style-default\"><strong>Certificato di partecipazione<\/strong> per clienti e professionisti con prova gratuita.<\/p>\n<\/div>\n\n\n\n<div class=\"wp-block-column is-layout-flow wp-block-column-is-layout-flow\">\n<p class=\"is-style-default\"><strong>Data<\/strong>: Marted\u00ec 14 giugno 2023.<\/p>\n\n\n\n<p class=\"is-style-default\"><strong>Orario<\/strong>:<\/p>\n\n\n\n<ul class=\"wp-block-list\">\n<li><img decoding=\"async\" width=\"20\" src=\"https:\/\/neuronup.com\/wp-content\/uploads\/2025\/03\/bandera-mexico.svg\" alt=\"Messico\"> Messico: 11:00<\/li>\n\n\n\n<li><img decoding=\"async\" width=\"20\" src=\"https:\/\/neuronup.com\/wp-content\/uploads\/2025\/03\/bandera-colombia.svg\" alt=\"Colombia\"> Colombia: 12:00<\/li>\n\n\n\n<li><img decoding=\"async\" width=\"20\" src=\"https:\/\/neuronup.com\/wp-content\/uploads\/2025\/03\/bandera-chile.svg\" alt=\"Cile\"> Cile: 13:00<\/li>\n\n\n\n<li><img decoding=\"async\" width=\"20\" src=\"https:\/\/neuronup.com\/wp-content\/uploads\/2025\/03\/bandera-argentina.svg\" alt=\"Argentina\"> Argentina: 14:00<\/li>\n\n\n\n<li><img decoding=\"async\" width=\"20\" src=\"https:\/\/neuronup.com\/wp-content\/uploads\/2025\/03\/bandera-espana.svg\" alt=\"Spagna\"> Spagna: 19:00 CEST (UTC +2) <\/li>\n<\/ul>\n<\/div>\n<\/div>\n<\/div><\/div>\n\n\n\n<div style=\"height:62px\" aria-hidden=\"true\" class=\"wp-block-spacer\"><\/div>\n\n\n<div class=\"wp-block-image\">\n<figure class=\"aligncenter size-large is-resized\"><img decoding=\"async\" width=\"1024\" height=\"1024\" src=\"https:\/\/neuronup.com\/it\/wp-content\/uploads\/2023\/05\/El-neuropsicologo-Saul-Martinez-Horta-imparte-una-ponencia-sobre-estimulacion-cognitiva-en-trastornos-del-movimiento-1024x1024.webp\" alt=\"Il neuropsicologo Sa\u00fcl Mart\u00ednez Horta tiene una conferenza sulla stimolazione cognitiva nei disturbi del movimento\" class=\"wp-image-25490\" style=\"width:512px;height:512px\" srcset=\"https:\/\/neuronup.com\/it\/wp-content\/uploads\/2023\/05\/El-neuropsicologo-Saul-Martinez-Horta-imparte-una-ponencia-sobre-estimulacion-cognitiva-en-trastornos-del-movimiento-150x150.webp 150w, https:\/\/neuronup.com\/it\/wp-content\/uploads\/2023\/05\/El-neuropsicologo-Saul-Martinez-Horta-imparte-una-ponencia-sobre-estimulacion-cognitiva-en-trastornos-del-movimiento-300x300.webp 300w, https:\/\/neuronup.com\/it\/wp-content\/uploads\/2023\/05\/El-neuropsicologo-Saul-Martinez-Horta-imparte-una-ponencia-sobre-estimulacion-cognitiva-en-trastornos-del-movimiento-768x768.webp 768w, https:\/\/neuronup.com\/it\/wp-content\/uploads\/2023\/05\/El-neuropsicologo-Saul-Martinez-Horta-imparte-una-ponencia-sobre-estimulacion-cognitiva-en-trastornos-del-movimiento-1024x1024.webp 1024w, https:\/\/neuronup.com\/it\/wp-content\/uploads\/2023\/05\/El-neuropsicologo-Saul-Martinez-Horta-imparte-una-ponencia-sobre-estimulacion-cognitiva-en-trastornos-del-movimiento.webp 1080w\" sizes=\"(max-width: 1024px) 100vw, 1024px\" \/><\/figure>\n<\/div>\n\n\n<h2 class=\"wp-block-heading\" id=\"perfil-de-mateu-servera\">Profilo di Sa\u00fcl Martinez-Horta<\/h2>\n\n\n\n<p>Sa\u00fcl Martinez-Horta \u00e8 <strong>neuropsicologo presso l&#8217;Unit\u00e0 dei Disturbi del Movimento<\/strong> del Servizio di Neurologia dell&#8217;Ospedale de la Santa Creu i Sant Pau, dove co-coordina l&#8217;ambulatorio monografico sulla malattia di Huntington e coordina l&#8217;ambulatorio monografico sulle patologie rare che presentano disturbi del movimento.<\/p>\n\n\n\n<p>\u00c8 inoltre <strong>ricercatore<\/strong> <strong>del Gruppo Malattia di Parkinson e altri disturbi del movimento<\/strong> dell&#8217;Istituto di Ricerca Biomedica Sant Pau e del Centro di Ricerca Biomedica in Rete sulle Malattie Neurodegenerative (CIBERNED) dell&#8217;Istituto di Salute Carlos III.<\/p>\n\n\n\n<p>\u00c8 inoltre <strong>coordinatore del <em>Cognitive Phenotype Working Group<\/em><\/strong> e membro del comitato scientifico consultivo della European Huntington\u2019s Disease Network, coordinatore del Gruppo di Lavoro in Neuropsicologia dei Disturbi del Movimento e componente della Sezione di Neuropsicologia dell\u2019Ordine degli Psicologi della Catalogna.<\/p>\n\n\n\n<p>A livello privato, \u00e8 direttore dell&#8217;unit\u00e0 di Neuropsicologia del Centro di Diagnosi e Intervento Neurocognitivo di Neurologia dell&#8217;Istituto Universitario di Barcellona.<\/p>\n\n\n\n<p>La sua attivit\u00e0 clinica e di ricerca \u00e8 incentrata sui disturbi del movimento come la malattia di Parkinson e in particolare la malattia di Huntington. Ha pubblicato oltre 100 articoli scientifici originali su riviste internazionali indicizzate, accumulando nel 2023 un indice H di 25, 8 capitoli di libro e ha tenuto numerose conferenze in congressi nazionali e internazionali.<\/p>\n\n\n\n<p><strong>Ha partecipato a oltre 20 progetti di ricerca<\/strong> competitivi, numerosi studi clinici su malattia di Parkinson, Huntington e parkinsonismi atipici.<\/p>\n\n\n\n<p>\u00c8 membro di diverse societ\u00e0 scientifiche come la International Movement Disorders Society, la European Huntington\u2019s Disease Network, la Sociedad Espa\u00f1ola de Neurolog\u00eda o la Sociedad Catalana de Neuropsicologia, tra le altre.<\/p>\n\n\n\n<p>Collabora con diversi programmi formativi associati all&#8217;Universit\u00e0 Autonoma di Barcellona e all&#8217;UOC ed \u00e8 inoltre revisore abituale di varie riviste di primo quartile nelle aree di neurologia, psichiatria, neuropsicologia e neuroscienze.<\/p>\n\n\n\n<p>&nbsp;<\/p>\n\n\n\n<div class=\"wp-block-buttons is-horizontal is-content-justification-center is-layout-flex wp-container-core-buttons-is-layout-499968f5 wp-block-buttons-is-layout-flex\">\n<div class=\"wp-block-button\"><a class=\"wp-block-button__link button wp-element-button\" href=\"#formulario-clickmeeting\"> Iscriviti alla conferenza <\/a><\/div>\n<\/div>\n\n\n\n<hr class=\"wp-block-separator has-css-opacity is-style-wide has-xxl-margin-top has-xxl-margin-bottom\"\/>\n\n\n\n<h2 class=\"wp-block-heading\" id=\"preguntas-frecuentes\">Domande frequenti <\/h2>\n\n\n\n<h3 class=\"wp-block-heading\" id=\"1-a-quien-va-dirigida-esta-ponencia\">1. A chi \u00e8 rivolta questa conferenza? <\/h3>\n\n\n\n<p>Questa conferenza \u00e8 rivolta a neuropsicologi, terapisti occupazionali, logopedisti, psicologi, neurologi, fisioterapisti, nonch\u00e9 a studenti e altri professionisti del settore della neuroriabilitazione.<\/p>\n\n\n\n<h3 class=\"wp-block-heading\" id=\"2-cuanto-vale-esta-ponencia\">2. Quanto costa questa conferenza?<\/h3>\n\n\n\n<p>Questa conferenza \u00e8 <strong>totalmente gratuita il giorno della trasmissione.<\/strong> Successivamente, la conferenza sar\u00e0 disponibile solo per i clienti di NeuronUP all&#8217;interno della piattaforma.<\/p>\n\n\n\n<h3 class=\"wp-block-heading\" id=\"3-donde-se-imparte-la-ponencia\">3. Dove si tiene la conferenza?<\/h3>\n\n\n\n<p>La conferenza \u00e8 <strong>online<\/strong> e puoi accedervi da dove vuoi.<\/p>\n\n\n\n<h3 class=\"wp-block-heading\" id=\"4-cuanto-dura\">4. Quanto dura? <\/h3>\n\n\n\n<p>La conferenza dura 1 ora.<\/p>\n\n\n\n<h3 class=\"wp-block-heading\" id=\"5-la-ponencia-es-en-directo\">5. La conferenza \u00e8 in diretta?<\/h3>\n\n\n\n<p><strong>Registriamo la conferenza<\/strong> in anticipo<strong> per garantire la massima qualit\u00e0<\/strong> e cercare di evitare possibili interruzioni dovute a cattiva connessione. Al termine della conferenza, <strong>il relatore sar\u00e0 disponibile IN DIRETTA per 30 minuti per rispondere alle domande<\/strong>.<\/p>\n\n\n\n<h3 class=\"wp-block-heading\" id=\"6-hay-turno-de-preguntas\">6. C&#8217;\u00e8 un turno di domande?<\/h3>\n\n\n\n<p>Il relatore risponder\u00e0 in diretta alle domande negli ultimi 30 minuti. Nel caso non fosse possibile rispondere a tutte le domande, il relatore lo far\u00e0 per iscritto sul blog di NeuronUP.<\/p>\n\n\n\n<hr class=\"wp-block-separator has-css-opacity is-style-wide has-xxl-margin-top has-xxl-margin-bottom\"\/>\n\n\n\n<h3 class=\"wp-block-heading\" id=\"recomendaciones-a-la-hora-de-asistir-a-la-ponencia\">Raccomandazioni per la partecipazione alla conferenza<\/h3>\n\n\n\n<ul class=\"wp-block-list\">\n<li><strong>Accedere da computer.<\/strong> Chi accede da un dispositivo mobile potrebbe avere problemi di visualizzazione o audio della conferenza a causa di un segnale Wi-Fi insufficiente, quindi consigliamo di accedere da un computer fisso o portatile.<\/li>\n\n\n\n<li><strong>Utilizzare una connessione via cavo<\/strong>, se possibile, invece della connessione Wi-Fi.<\/li>\n\n\n\n<li><strong>Eseguire un test di connessione prima di unirsi alla conferenza.<\/strong> Questa opzione \u00e8 disponibile per ogni utente sulla schermata di accesso all&#8217;evento.<\/li>\n<\/ul>\n\n\n\n<div class=\"wp-block-buttons is-horizontal is-content-justification-center is-layout-flex wp-container-core-buttons-is-layout-499968f5 wp-block-buttons-is-layout-flex\">\n<div class=\"wp-block-button\"><a class=\"wp-block-button__link button wp-element-button\" href=\"#formulario-clickmeeting\"> Iscriviti alla conferenza <\/a><\/div>\n<\/div>\n\n\n\n<hr class=\"wp-block-separator has-css-opacity is-style-wide has-xxl-margin-top has-xxl-margin-bottom\"\/>\n\n\n\n<div style=\"height:50px\" aria-hidden=\"true\" class=\"wp-block-spacer\"><\/div>\n\n\n\n<div class=\"wp-block-group br-0111 has-primary-background-color has-background has-dark-background has-sm-padding-top has-sm-padding-left has-sm-padding-right has-xxl-margin-top\"><div class=\"wp-block-group__inner-container is-layout-constrained wp-block-group-is-layout-constrained\">\n<div class=\"wp-block-columns is-layout-flex wp-container-core-columns-is-layout-9d6595d7 wp-block-columns-is-layout-flex\">\n<div class=\"wp-block-column is-layout-flow wp-block-column-is-layout-flow\">\n<figure class=\"wp-block-image size-full desktop-position-absolute desktop-bottom-0 mobile-width-50 mobile-m-inline-auto has-xl-margin-top\"><img decoding=\"async\" src=\"https:\/\/neuronup.com\/it\/wp-content\/uploads\/2022\/v3\/producto-certificado.webp\" alt=\"\" class=\"wp-image-31568\"><\/figure>\n<\/div>\n\n\n\n<div class=\"wp-block-column is-layout-flow wp-block-column-is-layout-flow\">\n<h2 class=\"wp-block-heading has-white-color has-text-color\"><strong>Iscriviti<\/strong> <br>alla nostra <br>Newsletter<\/h2>\n\n\n\n<div class=\"wp-block-buttons is-layout-flex wp-block-buttons-is-layout-flex\">\n<div class=\"wp-block-button--1\" style=\"--button-outline-color:var(--color-white);--button-outline-color-hover:rgba(0,0,0,0.8);\"><a class=\"wp-block-button__link button button-outline   wp-element-button\" href=\"https:\/\/neuronup.com\/it\/newsletter\/\">Iscriviti<\/a><\/div>\n\n<\/div>\n\n\n\n<div style=\"height:40px\" aria-hidden=\"true\" class=\"wp-block-spacer\"><\/div>\n<\/div>\n<\/div>\n<\/div><\/div>\n\n\n\n\n<div style=\"height:50px\" aria-hidden=\"true\" class=\"wp-block-spacer\"><\/div>\n\n\n<div class=\"mai-grid entries entries-grid has-boxed has-image-full\" style=\"--entry-title-font-size:var(--font-size-lg);--align-text:start;--entry-meta-text-align:start;\"><div class=\"entries-wrap has-columns\" style=\"--columns-xs:1\/1;--columns-sm:1\/1;--columns-md:1\/3;--columns-lg:1\/3;--flex-xs:0 0 var(--flex-basis);--flex-sm:0 0 var(--flex-basis);--flex-md:0 0 var(--flex-basis);--flex-lg:0 0 var(--flex-basis);--column-gap:var(--spacing-lg);--row-gap:var(--spacing-lg);--align-columns:start;\"><article class=\"entry entry-grid is-column has-entry-link has-image has-image-first type-post category-notizie-su-neuronup tag-notizie-su-neuronup\" style=\"--entry-index:1;\" aria-label=\"Marcos R\u00edos-Lago, referente per la neuropsicologia, si unisce a NeuronUP\" itemscope itemtype=\"https:\/\/schema.org\/CreativeWork\"><a class=\"entry-image-link\" href=\"https:\/\/neuronup.com\/it\/notizie-su-neuronup\/marcos-rios-lago-referente-per-la-neuropsicologia-si-unisce-a-neuronup\/\" tabindex=\"-1\" aria-hidden=\"true\"><img decoding=\"async\" width=\"400\" height=\"300\" src=\"https:\/\/neuronup.com\/it\/wp-content\/uploads\/2025\/03\/marcos-rios-lago-400x300.webp\" class=\"entry-image size-landscape-sm\" alt=\"Medico in camice bianco sorride nel corridoio di una struttura sanitaria, con piante in vasi, luce naturale e distintivo al collo.\" srcset=\"https:\/\/neuronup.com\/it\/wp-content\/uploads\/2025\/03\/marcos-rios-lago-400x300.webp 400w, https:\/\/neuronup.com\/it\/wp-content\/uploads\/2025\/03\/marcos-rios-lago-800x600.webp 800w\" sizes=\"(max-width:599px) 599px, (min-width:600px) and (max-width: 799px) 799px, (min-width:800px) and (max-width: 999px) 333px, (min-width:1000px) 400px\" \/><\/a><div class=\"entry-wrap entry-wrap-grid\"><h3 class=\"entry-title\" itemprop=\"headline\"><a class=\"entry-title-link\" href=\"https:\/\/neuronup.com\/it\/notizie-su-neuronup\/marcos-rios-lago-referente-per-la-neuropsicologia-si-unisce-a-neuronup\/\" rel=\"bookmark\">Marcos R\u00edos-Lago, referente per la neuropsicologia, si unisce a NeuronUP<\/a><\/h3>\n<\/div><\/article><article class=\"entry entry-grid is-column has-entry-link has-image has-image-first type-post category-ictus-o-malattie-cerebrovascolari-cva tag-attivita-di-stimolazione-cognitiva tag-bambini tag-danno-cerebrale-acquisito tag-ictus\" style=\"--entry-index:2;\" aria-label=\"Laboratorio cognitivo con NeuronUP per l&#8217;intervento dell&#8217;ictus infantile\" itemscope itemtype=\"https:\/\/schema.org\/CreativeWork\"><a class=\"entry-image-link\" href=\"https:\/\/neuronup.com\/it\/stimolazione-e-riabilitazione-cognitiva\/cerebrolesione-acquisita\/ictus-o-malattie-cerebrovascolari-cva\/laboratorio-cognitivo-con-neuronup-per-lintervento-dellictus-infantile\/\" tabindex=\"-1\" aria-hidden=\"true\"><img decoding=\"async\" width=\"400\" height=\"222\" src=\"https:\/\/neuronup.com\/it\/wp-content\/uploads\/2025\/02\/Fase-8-de-la-actividad-de-NeuronUP-Completa-el-puzzle.webp\" class=\"entry-image size-landscape-sm\" alt=\"Puzzle in corso su NeuronUP: paesaggio con statue Moai, pezzi sparsi e una persona al lavoro; interfaccia con rotazione pezzi\" srcset=\"https:\/\/neuronup.com\/it\/wp-content\/uploads\/2025\/02\/Fase-8-de-la-actividad-de-NeuronUP-Completa-el-puzzle-300x167.webp 300w, https:\/\/neuronup.com\/it\/wp-content\/uploads\/2025\/02\/Fase-8-de-la-actividad-de-NeuronUP-Completa-el-puzzle-768x426.webp 768w, https:\/\/neuronup.com\/it\/wp-content\/uploads\/2025\/02\/Fase-8-de-la-actividad-de-NeuronUP-Completa-el-puzzle-1024x568.webp 1024w, https:\/\/neuronup.com\/it\/wp-content\/uploads\/2025\/02\/Fase-8-de-la-actividad-de-NeuronUP-Completa-el-puzzle.webp 1216w\" sizes=\"(max-width:599px) 599px, (min-width:600px) and (max-width: 799px) 799px, (min-width:800px) and (max-width: 999px) 333px, (min-width:1000px) 400px\" \/><\/a><div class=\"entry-wrap entry-wrap-grid\"><h3 class=\"entry-title\" itemprop=\"headline\"><a class=\"entry-title-link\" href=\"https:\/\/neuronup.com\/it\/stimolazione-e-riabilitazione-cognitiva\/cerebrolesione-acquisita\/ictus-o-malattie-cerebrovascolari-cva\/laboratorio-cognitivo-con-neuronup-per-lintervento-dellictus-infantile\/\" rel=\"bookmark\">Laboratorio cognitivo con NeuronUP per l&#8217;intervento dell&#8217;ictus infantile<\/a><\/h3>\n<\/div><\/article><article class=\"entry entry-grid is-column has-entry-link has-image has-image-first type-post category-attivita-di-memoria tag-memoria tag-notizie-su-neuronup\" style=\"--entry-index:3;\" aria-label=\"Scoprite le 3 nuove attivit\u00e0 di memoria\" itemscope itemtype=\"https:\/\/schema.org\/CreativeWork\"><a class=\"entry-image-link\" href=\"https:\/\/neuronup.com\/it\/attivita-di-neuroriabilitazione\/attivita-per-le-funzioni-cognitive\/attivita-di-memoria\/scoprite-le-3-nuove-attivita-di-memoria\/\" tabindex=\"-1\" aria-hidden=\"true\"><img decoding=\"async\" width=\"400\" height=\"300\" src=\"https:\/\/neuronup.com\/it\/wp-content\/uploads\/2025\/01\/Maggiore-e-minore-400x300.webp\" class=\"entry-image size-landscape-sm\" alt=\"Schermata di un gioco di memoria numerica: tre numeri 70175, 70176, 70177, tastiera numerica e cuori di avanzamento.\" srcset=\"https:\/\/neuronup.com\/it\/wp-content\/uploads\/2025\/01\/Maggiore-e-minore-300x224.webp 300w, https:\/\/neuronup.com\/it\/wp-content\/uploads\/2025\/01\/Maggiore-e-minore-400x300.webp 400w, https:\/\/neuronup.com\/it\/wp-content\/uploads\/2025\/01\/Maggiore-e-minore-800x600.webp 800w\" sizes=\"(max-width:599px) 599px, (min-width:600px) and (max-width: 799px) 799px, (min-width:800px) and (max-width: 999px) 333px, (min-width:1000px) 400px\" \/><\/a><div class=\"entry-wrap entry-wrap-grid\"><h3 class=\"entry-title\" itemprop=\"headline\"><a class=\"entry-title-link\" href=\"https:\/\/neuronup.com\/it\/attivita-di-neuroriabilitazione\/attivita-per-le-funzioni-cognitive\/attivita-di-memoria\/scoprite-le-3-nuove-attivita-di-memoria\/\" rel=\"bookmark\">Scoprite le 3 nuove attivit\u00e0 di memoria<\/a><\/h3>\n<\/div><\/article><article class=\"entry entry-grid is-column has-entry-link has-image has-image-first type-post category-neuropsicologia tag-neuropsicologia\" style=\"--entry-index:4;\" aria-label=\"Neuropsicologia dell&#8217;alcol\" itemscope itemtype=\"https:\/\/schema.org\/CreativeWork\"><a class=\"entry-image-link\" href=\"https:\/\/neuronup.com\/it\/neuroscienze\/neuropsicologia\/neuropsicologia-dellalcol\/\" tabindex=\"-1\" aria-hidden=\"true\"><img decoding=\"async\" width=\"400\" height=\"300\" src=\"https:\/\/neuronup.com\/it\/wp-content\/uploads\/2024\/10\/Neuropsicologia-dellalcol-400x300.webp\" class=\"entry-image size-landscape-sm\" alt=\"Uomo anziano in giacca blu beve vino rosso in un contesto elegante, tavolo apparecchiato e illuminazione calda.\" srcset=\"https:\/\/neuronup.com\/it\/wp-content\/uploads\/2024\/10\/Neuropsicologia-dellalcol-400x300.webp 400w, https:\/\/neuronup.com\/it\/wp-content\/uploads\/2024\/10\/Neuropsicologia-dellalcol-800x600.webp 800w\" sizes=\"(max-width:599px) 599px, (min-width:600px) and (max-width: 799px) 799px, (min-width:800px) and (max-width: 999px) 333px, (min-width:1000px) 400px\" \/><\/a><div class=\"entry-wrap entry-wrap-grid\"><h3 class=\"entry-title\" itemprop=\"headline\"><a class=\"entry-title-link\" href=\"https:\/\/neuronup.com\/it\/neuroscienze\/neuropsicologia\/neuropsicologia-dellalcol\/\" rel=\"bookmark\">Neuropsicologia dell&#8217;alcol<\/a><\/h3>\n<\/div><\/article><article class=\"entry entry-grid is-column has-entry-link has-image has-image-first type-post category-memoria tag-memoria\" style=\"--entry-index:5;\" aria-label=\"Il fenomeno della confabulazione (Vol. I): classificazioni, neuropatologia e meccanismi cognitivi\" itemscope itemtype=\"https:\/\/schema.org\/CreativeWork\"><a class=\"entry-image-link\" href=\"https:\/\/neuronup.com\/it\/neuroscienze\/neuropsicologia\/memoria\/il-fenomeno-della-confabulazione-vol-i-classificazioni-neuropatologia-e-meccanismi-cognitivi\/\" tabindex=\"-1\" aria-hidden=\"true\"><img decoding=\"async\" width=\"400\" height=\"267\" src=\"https:\/\/neuronup.com\/it\/wp-content\/uploads\/2023\/03\/idea-negocio-cabeza-concepto-silueta-persona-luz-cerebro-innovacion-estrategica-mente-creativa-puesta-marcha-elemento-imagen-proporcionada-nasa-1-1-1-1-1-1-1.webp\" class=\"entry-image size-landscape-sm\" alt=\"Profilo di una figura femminile illuminata da un bagliore dorato contro uno sfondo cosmico con stelle e galassie.\" srcset=\"https:\/\/neuronup.com\/it\/wp-content\/uploads\/2023\/03\/idea-negocio-cabeza-concepto-silueta-persona-luz-cerebro-innovacion-estrategica-mente-creativa-puesta-marcha-elemento-imagen-proporcionada-nasa-1-1-1-1-1-1-1-300x200.webp 300w, https:\/\/neuronup.com\/it\/wp-content\/uploads\/2023\/03\/idea-negocio-cabeza-concepto-silueta-persona-luz-cerebro-innovacion-estrategica-mente-creativa-puesta-marcha-elemento-imagen-proporcionada-nasa-1-1-1-1-1-1-1-768x512.webp 768w, https:\/\/neuronup.com\/it\/wp-content\/uploads\/2023\/03\/idea-negocio-cabeza-concepto-silueta-persona-luz-cerebro-innovacion-estrategica-mente-creativa-puesta-marcha-elemento-imagen-proporcionada-nasa-1-1-1-1-1-1-1-1024x683.webp 1024w, https:\/\/neuronup.com\/it\/wp-content\/uploads\/2023\/03\/idea-negocio-cabeza-concepto-silueta-persona-luz-cerebro-innovacion-estrategica-mente-creativa-puesta-marcha-elemento-imagen-proporcionada-nasa-1-1-1-1-1-1-1.webp 1200w\" sizes=\"(max-width:599px) 599px, (min-width:600px) and (max-width: 799px) 799px, (min-width:800px) and (max-width: 999px) 333px, (min-width:1000px) 400px\" \/><\/a><div class=\"entry-wrap entry-wrap-grid\"><h3 class=\"entry-title\" itemprop=\"headline\"><a class=\"entry-title-link\" href=\"https:\/\/neuronup.com\/it\/neuroscienze\/neuropsicologia\/memoria\/il-fenomeno-della-confabulazione-vol-i-classificazioni-neuropatologia-e-meccanismi-cognitivi\/\" rel=\"bookmark\">Il fenomeno della confabulazione (Vol. I): classificazioni, neuropatologia e meccanismi cognitivi<\/a><\/h3>\n<\/div><\/article><article class=\"entry entry-grid is-column has-entry-link has-image has-image-first type-post category-neuroscienze-del-cervello tag-cervello tag-neuropsicologia\" style=\"--entry-index:6;\" aria-label=\"Il Cervello Sessuale: Neuroscienza e differenze legate al sesso\" itemscope itemtype=\"https:\/\/schema.org\/CreativeWork\"><a class=\"entry-image-link\" href=\"https:\/\/neuronup.com\/it\/neuroscienze\/neuroscienze-del-cervello\/il-cervello-sessuale-neuroscienza-e-differenze-legate-al-sesso\/\" tabindex=\"-1\" aria-hidden=\"true\"><img decoding=\"async\" width=\"400\" height=\"200\" src=\"https:\/\/neuronup.com\/it\/wp-content\/uploads\/2022\/09\/girl_29.webp\" class=\"entry-image size-landscape-sm\" alt=\"Due sagome: uomo con motivo astratto e colori vivaci a sinistra, donna con vortice fluido e punti colorati a destra.\" srcset=\"https:\/\/neuronup.com\/it\/wp-content\/uploads\/2022\/09\/girl_29-300x150.webp 300w, https:\/\/neuronup.com\/it\/wp-content\/uploads\/2022\/09\/girl_29-768x384.webp 768w, https:\/\/neuronup.com\/it\/wp-content\/uploads\/2022\/09\/girl_29.webp 1024w\" sizes=\"(max-width:599px) 599px, (min-width:600px) and (max-width: 799px) 799px, (min-width:800px) and (max-width: 999px) 333px, (min-width:1000px) 400px\" \/><\/a><div class=\"entry-wrap entry-wrap-grid\"><h3 class=\"entry-title\" itemprop=\"headline\"><a class=\"entry-title-link\" href=\"https:\/\/neuronup.com\/it\/neuroscienze\/neuroscienze-del-cervello\/il-cervello-sessuale-neuroscienza-e-differenze-legate-al-sesso\/\" rel=\"bookmark\">Il Cervello Sessuale: Neuroscienza e differenze legate al sesso<\/a><\/h3>\n<\/div><\/article><\/div><\/div>","protected":false},"excerpt":{"rendered":"<p>NEURONUP ORGANIZZA la formazione online E GRATUITA il 14\/06\/2023 NeuronUP organizza una formazione online e gratuita su Stimolazione cognitiva nei disturbi del movimento il prossimo 14 giugno. Il neuropsicologo e ricercatore specializzato in disturbi del movimento Sa\u00fcl Mart\u00ednez Horta terr\u00e0 la conferenza rivolta ai professionisti della neuroriabilitazione in NeuronUP Academy, l&#8217;accademia di formazione di NeuronUP. &hellip;<\/p>\n","protected":false},"author":7,"featured_media":25491,"comment_status":"open","ping_status":"open","sticky":false,"template":"","format":"standard","meta":{"_acf_changed":false,"_genesis_hide_title":false,"_genesis_hide_breadcrumbs":false,"_genesis_hide_singular_image":false,"_genesis_hide_footer_widgets":false,"_genesis_custom_body_class":"","_genesis_custom_post_class":"","_genesis_layout":"","footnotes":""},"categories":[70],"tags":[464,459,461,156],"class_list":{"2":"type-post","7":"category-neuronup-academy","8":"tag-morbo-di-parkinson","9":"tag-neuronup-academy","10":"tag-presentazione-di-neuronup-academy","11":"tag-stimolazione-cognitiva","12":"entry"},"acf":[],"_links":{"self":[{"href":"https:\/\/neuronup.com\/it\/wp-json\/wp\/v2\/posts\/25488","targetHints":{"allow":["GET"]}}],"collection":[{"href":"https:\/\/neuronup.com\/it\/wp-json\/wp\/v2\/posts"}],"about":[{"href":"https:\/\/neuronup.com\/it\/wp-json\/wp\/v2\/types\/post"}],"author":[{"embeddable":true,"href":"https:\/\/neuronup.com\/it\/wp-json\/wp\/v2\/users\/7"}],"replies":[{"embeddable":true,"href":"https:\/\/neuronup.com\/it\/wp-json\/wp\/v2\/comments?post=25488"}],"version-history":[{"count":0,"href":"https:\/\/neuronup.com\/it\/wp-json\/wp\/v2\/posts\/25488\/revisions"}],"wp:featuredmedia":[{"embeddable":true,"href":"https:\/\/neuronup.com\/it\/wp-json\/wp\/v2\/media\/25491"}],"wp:attachment":[{"href":"https:\/\/neuronup.com\/it\/wp-json\/wp\/v2\/media?parent=25488"}],"wp:term":[{"taxonomy":"category","embeddable":true,"href":"https:\/\/neuronup.com\/it\/wp-json\/wp\/v2\/categories?post=25488"},{"taxonomy":"post_tag","embeddable":true,"href":"https:\/\/neuronup.com\/it\/wp-json\/wp\/v2\/tags?post=25488"}],"curies":[{"name":"wp","href":"https:\/\/api.w.org\/{rel}","templated":true}]}}