
{"id":23262,"date":"2025-10-28T11:26:14","date_gmt":"2025-10-28T11:26:14","guid":{"rendered":"https:\/\/neuronup.com\/?p=23262"},"modified":"2025-10-28T11:26:14","modified_gmt":"2025-10-28T11:26:14","slug":"i-famosi-contribuiscono-a-normalizzare-i-problemi-di-salute-mentale","status":"publish","type":"post","link":"https:\/\/neuronup.com\/it\/psicologia\/i-famosi-contribuiscono-a-normalizzare-i-problemi-di-salute-mentale\/","title":{"rendered":"Le celebrit\u00e0 contribuiscono a normalizzare i problemi di salute mentale"},"content":{"rendered":"\n<p class=\"has-xl-font-size\">Una nuova tendenza si fa strada nell&#8217;apparente mondo perfetto in cui vivono i personaggi famosi. E negli ultimi anni il numero di volti noti che hanno deciso di aprirsi all\u2019opinione pubblica ed esporre i loro <strong>problemi di salute mentale<\/strong> si \u00e8 moltiplicato esponenzialmente.<\/p>\n\n\n\n<h2 class=\"wp-block-heading\">I problemi di salute mentale al centro della conversazione<\/h2>\n\n\n\n<p>Dagli attori ai musicisti, passando per i calciatori, hanno deciso di dare il loro contributo a una causa fondamentale: <strong>eliminare lo stigma che circonda la figura dello psicologo.<\/strong> Il timore di essere etichettati rappresenta un freno per molte persone, sebbene rivolgersi a uno specialista non significhi essere pazzi.<\/p>\n\n\n\n<p>Sono ormai in molti coloro che si sono aperti a condividere la loro esperienza, dando vita a un <strong>dialogo sulla salute mentale<\/strong> molto positivo per la societ\u00e0.<\/p>\n\n\n\n<p>Le dichiarazioni di personalit\u00e0 come <strong>Angelina Jolie<\/strong>, che ha sofferto di <strong>depressione<\/strong> e ha deciso di chiedere aiuto per cambiare il corso della sua vita; <strong>Elton John<\/strong>, che non ha permesso alla <strong>bulimia<\/strong> di avere la meglio; <strong>Adam Levine<\/strong> e l&#8217;<strong>ADHD<\/strong> di cui soffre; o <strong>Brad Pitt<\/strong> e la sua battaglia contro la <strong>depressione<\/strong>. Sono solo alcuni esempi che, <strong>oltre a sensibilizzare sull&#8217;importanza di affrontare i problemi di salute mentale, contribuiscono a renderli pi\u00f9 visibili.<\/strong><\/p>\n\n\n\n<h3 class=\"wp-block-heading\">Alcuni dei personaggi famosi che hanno contribuito alla causa<\/h3>\n\n\n\n<p><strong>Lady Gaga<\/strong>, vittima di un <strong>abuso sessuale<\/strong> all&#8217;et\u00e0 di 19 anni, si \u00e8 rivolta alla terapia dialettico-comportamentale. Questo l&#8217;ha aiutata a superare il trauma da stress post-traumatico che ne \u00e8 derivato e a ridurre radicalmente il dolore che la tormentava, permettendole cos\u00ec di vivere la vita che desiderava.<\/p>\n\n\n\n<p><strong>Leonardo DiCaprio<\/strong> ha rivelato di soffrire di <strong>DOC, Disturbo Ossessivo Compulsivo<\/strong> fin da bambino, e pur sostenendo di averlo sotto controllo, ha ammesso di aver attraversato momenti molto difficili. Il DOC si caratterizza per le ossessioni, pensieri che causano disagio e portano a eseguire rituali noti come compulsioni con l&#8217;obiettivo di alleviare l&#8217;ansia. \u00c8 una condizione che limita quotidianamente la persona e erode la qualit\u00e0 della vita. Nonostante soffra di questo disturbo, \u00e8 riuscito a diventare uno dei migliori attori della sua generazione e, per molti, il migliore.<\/p>\n\n\n\n<p>La cantante <strong>Demi Lovato<\/strong> \u00e8 incline a parlare pubblicamente dei <strong>diversi problemi di salute mentale<\/strong> che ha affrontato. \u00c8 diventata un vero simbolo, dando voce a migliaia di persone che soffrono di <strong>disturbo bipolare<\/strong> e trasmettendo il messaggio che, con molto impegno, \u00e8 possibile convivere con la malattia.<\/p>\n\n\n\n<p>Il celebre attore <strong>Jim Carrey<\/strong> \u00e8 caduto in una profonda <strong>depressione<\/strong> a causa del suicidio della sua ex fidanzata, di cui era stato ingiustamente accusato, ma la sua innocenza \u00e8 stata poi dimostrata. Nel 2017 \u00e8 riuscito a superarla grazie all&#8217;aiuto di un professionista, esperienza che, a suo dire, gli ha cambiato il modo di vedere la vita.<\/p>\n\n\n\n<h3 class=\"wp-block-heading\">Anche i personaggi famosi spagnoli parlano dei loro problemi di salute mentale<\/h3>\n\n\n\n<p>Il famoso streamer <strong>Ibai Llanos<\/strong> non \u00e8 estraneo ai <strong>problemi di salute mentale<\/strong>. Quando era giovane, e la fama stava iniziando a entrare nella sua vita, \u00e8 stato colpito da un episodio di <strong>ansia<\/strong>. Ha provato diversi trattamenti, ma \u00e8 stata una psicologa ad aiutarlo ad affrontare i suoi problemi e a trovare una soluzione. Lo youtuber lancia un messaggio di speranza e invita a cercare aiuto.<\/p>\n\n\n\n<p><strong>Mar\u00eda Pombo<\/strong>, l&#8217;influencer spagnola di moda, ha raccontato come l&#8217;<strong>ansia<\/strong> si fosse impadronita di lei negli ultimi mesi, a tal punto da dover ricorrere all&#8217;<strong>aiuto di uno psichiatra<\/strong>, con cui continua a lavorare. Sostiene l&#8217;importanza di prendersi cura della mente e di non provare vergogna per questo.<\/p>\n\n\n\n<p>Infine, colui che \u00e8 stato l&#8217;eroe del mondiale vinto dalla Spagna, <strong>Andr\u00e9s Iniesta<\/strong>, ha confessato che una serie di eventi lo hanno trascinato in un buco nero dal quale \u00e8 riuscito a risollevarsi grazie all&#8217;aiuto di diversi specialisti. Fedeli alla sua filosofia: <strong>alzarsi e ricominciare a lottare.<\/strong><\/p>\n\n\n\n<p>Infatti, sono molti gli sportivi che lavorano con un coach per <strong>aumentare le prestazioni e allenare la parte mentale<\/strong>, come accade per la stragrande maggioranza dei tennisti.<\/p>\n\n\n\n<h3 class=\"wp-block-heading\">La necessit\u00e0 di sensibilizzare sui problemi di salute mentale<\/h3>\n\n\n\n<p>Sempre pi\u00f9 persone hanno bisogno di supporto psicologico, ma solo 5 su 100 spagnoli ricevono un trattamento. Per questo motivo, gli esperti propongono di <strong>combattere la carenza di informazioni<\/strong>, trasmettendo il messaggio, in ambiti diversi come la scuola e il posto di lavoro, che <strong>rivolgersi a uno specialista \u00e8 estremamente vantaggioso<\/strong>. In fin dei conti si tratta di un professionista che ti guider\u00e0 nel prendere nuove decisioni per migliorare la tua vita.<\/p>\n\n\n\n<p>D&#8217;altra parte, bisogna essere consapevoli che non \u00e8 possibile essere felici in ogni momento; anzi, se fosse cos\u00ec, non sapremmo cosa sia la felicit\u00e0.<\/p>\n\n\n\n<p>Ci troviamo di fronte a un fenomeno che contribuisce in modo decisivo a normalizzare qualcosa di cos\u00ec intrinseco all&#8217;essere umano come le emozioni, oltre a promuovere che le persone con problemi chiedano aiuto, il che si traduce in <strong>un beneficio per la societ\u00e0 e per la salute pubblica.<\/strong><\/p>\n\n\n\n<h3 class=\"wp-block-heading\">Se ti \u00e8 piaciuto questo articolo sul contributo delle celebrit\u00e0 ai problemi di salute mentale, potrebbe interessarti anche i seguenti articoli:<\/h3>\n\n<div class=\"mai-grid entries entries-grid has-boxed has-image-full\" style=\"--entry-title-font-size:var(--font-size-lg);--align-text:start;--entry-meta-text-align:start;\"><div class=\"entries-wrap has-columns\" style=\"--columns-xs:1\/1;--columns-sm:1\/1;--columns-md:1\/3;--columns-lg:1\/3;--flex-xs:0 0 var(--flex-basis);--flex-sm:0 0 var(--flex-basis);--flex-md:0 0 var(--flex-basis);--flex-lg:0 0 var(--flex-basis);--column-gap:var(--spacing-lg);--row-gap:var(--spacing-lg);--align-columns:start;\"><article class=\"entry entry-grid is-column has-entry-link has-image has-image-first type-post category-memoria tag-memoria tag-stimolazione-cognitiva\" style=\"--entry-index:1;\" aria-label=\"La memoria: definizione, tipi, esercizi e valutazione\" itemscope itemtype=\"https:\/\/schema.org\/CreativeWork\"><a class=\"entry-image-link\" href=\"https:\/\/neuronup.com\/it\/neuroscienze\/neuropsicologia\/memoria\/la-memoria-definizione-tipi-esercizi-e-valutazione\/\" tabindex=\"-1\" aria-hidden=\"true\"><img decoding=\"async\" width=\"400\" height=\"225\" src=\"https:\/\/neuronup.com\/it\/wp-content\/uploads\/2022\/06\/La-memoria-definicion-tipos-ejercicios-y-evaluacion.webp\" class=\"entry-image size-landscape-sm\" alt=\"Parete ricoperta di post-it colorati con appunti scritti a mano, disposti in modo casuale in un ambiente di lavoro creativo.\" srcset=\"https:\/\/neuronup.com\/it\/wp-content\/uploads\/2022\/06\/La-memoria-definicion-tipos-ejercicios-y-evaluacion-300x169.webp 300w, https:\/\/neuronup.com\/it\/wp-content\/uploads\/2022\/06\/La-memoria-definicion-tipos-ejercicios-y-evaluacion-768x432.webp 768w, https:\/\/neuronup.com\/it\/wp-content\/uploads\/2022\/06\/La-memoria-definicion-tipos-ejercicios-y-evaluacion-1024x576.webp 1024w, https:\/\/neuronup.com\/it\/wp-content\/uploads\/2022\/06\/La-memoria-definicion-tipos-ejercicios-y-evaluacion.webp 1200w\" sizes=\"(max-width:599px) 599px, (min-width:600px) and (max-width: 799px) 799px, (min-width:800px) and (max-width: 999px) 333px, (min-width:1000px) 400px\" \/><\/a><div class=\"entry-wrap entry-wrap-grid\"><h3 class=\"entry-title\" itemprop=\"headline\"><a class=\"entry-title-link\" href=\"https:\/\/neuronup.com\/it\/neuroscienze\/neuropsicologia\/memoria\/la-memoria-definizione-tipi-esercizi-e-valutazione\/\" rel=\"bookmark\">La memoria: definizione, tipi, esercizi e valutazione<\/a><\/h3>\n<\/div><\/article><article class=\"entry entry-grid is-column has-entry-link has-image has-image-first type-post category-attivita-linguistiche tag-linguaggio tag-notizie-su-neuronup\" style=\"--entry-index:2;\" aria-label=\"Scheda per lavorare sulla discriminazione nei bambini: Che numero ascolti?\" itemscope itemtype=\"https:\/\/schema.org\/CreativeWork\"><a class=\"entry-image-link\" href=\"https:\/\/neuronup.com\/it\/attivita-di-neuroriabilitazione\/attivita-per-le-funzioni-cognitive\/attivita-linguistiche\/scheda-per-lavorare-sulla-discriminazione-nei-bambini-che-numero-ascolti\/\" tabindex=\"-1\" aria-hidden=\"true\"><img decoding=\"async\" width=\"400\" height=\"300\" src=\"https:\/\/neuronup.com\/it\/wp-content\/uploads\/2025\/02\/Captura-de-pantalla-2025-02-19-135033-400x300.webp\" class=\"entry-image size-landscape-sm\" alt=\"Quattro riquadri con numeri A:941, B:670, C:646, D:871 su sfondo azzurro; pulsante ascolto e icona altoparlante.\" \/><\/a><div class=\"entry-wrap entry-wrap-grid\"><h3 class=\"entry-title\" itemprop=\"headline\"><a class=\"entry-title-link\" href=\"https:\/\/neuronup.com\/it\/attivita-di-neuroriabilitazione\/attivita-per-le-funzioni-cognitive\/attivita-linguistiche\/scheda-per-lavorare-sulla-discriminazione-nei-bambini-che-numero-ascolti\/\" rel=\"bookmark\">Scheda per lavorare sulla discriminazione nei bambini: Che numero ascolti?<\/a><\/h3>\n<\/div><\/article><article class=\"entry entry-grid is-column has-entry-link has-image has-image-first type-post category-attivita-di-memoria tag-attivita-di-stimolazione-cognitiva tag-attivita-di-stimolazione-cognitiva-per-bambini tag-bambini tag-memoria tag-notizie-di-neuronup\" style=\"--entry-index:3;\" aria-label=\"Gioco per lavorare la memoria episodica nei bambini: Impara i nomi\" itemscope itemtype=\"https:\/\/schema.org\/CreativeWork\"><a class=\"entry-image-link\" href=\"https:\/\/neuronup.com\/it\/attivita-di-neuroriabilitazione\/attivita-per-le-funzioni-cognitive\/attivita-di-memoria\/gioco-per-lavorare-sulla-memoria-episodica-nei-bambini-impara-i-nomi\/\" tabindex=\"-1\" aria-hidden=\"true\"><img decoding=\"async\" width=\"400\" height=\"273\" src=\"https:\/\/neuronup.com\/it\/wp-content\/uploads\/2023\/02\/Captura-de-Pantalla-2023-02-22-a-las-20.16.43.webp\" class=\"entry-image size-landscape-sm\" alt=\"Sei ritratti di bambini disposti in due righe etichettate A\u2013F, con diverse acconciature e colori di capelli.\" srcset=\"https:\/\/neuronup.com\/it\/wp-content\/uploads\/2023\/02\/Captura-de-Pantalla-2023-02-22-a-las-20.16.43-300x205.webp 300w, https:\/\/neuronup.com\/it\/wp-content\/uploads\/2023\/02\/Captura-de-Pantalla-2023-02-22-a-las-20.16.43-768x524.webp 768w, https:\/\/neuronup.com\/it\/wp-content\/uploads\/2023\/02\/Captura-de-Pantalla-2023-02-22-a-las-20.16.43-1024x698.webp 1024w, https:\/\/neuronup.com\/it\/wp-content\/uploads\/2023\/02\/Captura-de-Pantalla-2023-02-22-a-las-20.16.43.webp 1210w\" sizes=\"(max-width:599px) 599px, (min-width:600px) and (max-width: 799px) 799px, (min-width:800px) and (max-width: 999px) 333px, (min-width:1000px) 400px\" \/><\/a><div class=\"entry-wrap entry-wrap-grid\"><h3 class=\"entry-title\" itemprop=\"headline\"><a class=\"entry-title-link\" href=\"https:\/\/neuronup.com\/it\/attivita-di-neuroriabilitazione\/attivita-per-le-funzioni-cognitive\/attivita-di-memoria\/gioco-per-lavorare-sulla-memoria-episodica-nei-bambini-impara-i-nomi\/\" rel=\"bookmark\">Gioco per lavorare la memoria episodica nei bambini: Impara i nomi<\/a><\/h3>\n<\/div><\/article><article class=\"entry entry-grid is-column has-entry-link has-image has-image-first type-post category-formazione tag-neuronup\" style=\"--entry-index:4;\" aria-label=\"Certificato NeuronUP: 3 modi semplici per aggiungere il tuo certificato a LinkedIn\" itemscope itemtype=\"https:\/\/schema.org\/CreativeWork\"><a class=\"entry-image-link\" href=\"https:\/\/neuronup.com\/it\/formazione\/certificato-neuronup-3-modi-facili-per-aggiungere-il-tuo-certificato-a-linkedin\/\" tabindex=\"-1\" aria-hidden=\"true\"><img decoding=\"async\" width=\"400\" height=\"282\" src=\"https:\/\/neuronup.com\/it\/wp-content\/uploads\/2022\/06\/Certificado-de-NeuronUP.webp\" class=\"entry-image size-landscape-sm\" alt=\"Certificato NeuronUP intitolato Experto en NeuronUP con simboli che rappresentano strumenti, data di emissione e firma\" srcset=\"https:\/\/neuronup.com\/it\/wp-content\/uploads\/2022\/06\/Certificado-de-NeuronUP-300x211.webp 300w, https:\/\/neuronup.com\/it\/wp-content\/uploads\/2022\/06\/Certificado-de-NeuronUP.webp 655w\" sizes=\"(max-width:599px) 599px, (min-width:600px) and (max-width: 799px) 799px, (min-width:800px) and (max-width: 999px) 333px, (min-width:1000px) 400px\" \/><\/a><div class=\"entry-wrap entry-wrap-grid\"><h3 class=\"entry-title\" itemprop=\"headline\"><a class=\"entry-title-link\" href=\"https:\/\/neuronup.com\/it\/formazione\/certificato-neuronup-3-modi-facili-per-aggiungere-il-tuo-certificato-a-linkedin\/\" rel=\"bookmark\">Certificato NeuronUP: 3 modi semplici per aggiungere il tuo certificato a LinkedIn<\/a><\/h3>\n<\/div><\/article><article class=\"entry entry-grid is-column has-entry-link has-image has-image-first type-post category-notizie-su-neuronup tag-notizie-di-neuronup\" style=\"--entry-index:5;\" aria-label=\"NOVIT\u00c0 Esperienza di navigazione migliorata dei risultati\" itemscope itemtype=\"https:\/\/schema.org\/CreativeWork\"><a class=\"entry-image-link\" href=\"https:\/\/neuronup.com\/it\/notizie-su-neuronup\/esperienza-di-navigazione-migliorata-dei-risultati\/\" tabindex=\"-1\" aria-hidden=\"true\"><img decoding=\"async\" width=\"400\" height=\"210\" src=\"https:\/\/neuronup.com\/it\/wp-content\/uploads\/2022\/07\/Experiencia-de-navegacion-mejorada-de-los-resultados.webp\" class=\"entry-image size-landscape-sm\" alt=\"Interfaccia di gestione risultati attivit\u00e0 con pannello Energia domestica, barre colorate e schede in alto in blu e bianco.\" srcset=\"https:\/\/neuronup.com\/it\/wp-content\/uploads\/2022\/07\/Experiencia-de-navegacion-mejorada-de-los-resultados-300x157.webp 300w, https:\/\/neuronup.com\/it\/wp-content\/uploads\/2022\/07\/Experiencia-de-navegacion-mejorada-de-los-resultados-768x403.webp 768w, https:\/\/neuronup.com\/it\/wp-content\/uploads\/2022\/07\/Experiencia-de-navegacion-mejorada-de-los-resultados-1024x537.webp 1024w, https:\/\/neuronup.com\/it\/wp-content\/uploads\/2022\/07\/Experiencia-de-navegacion-mejorada-de-los-resultados-1536x805.webp 1536w, https:\/\/neuronup.com\/it\/wp-content\/uploads\/2022\/07\/Experiencia-de-navegacion-mejorada-de-los-resultados.webp 1905w\" sizes=\"(max-width:599px) 599px, (min-width:600px) and (max-width: 799px) 799px, (min-width:800px) and (max-width: 999px) 333px, (min-width:1000px) 400px\" \/><\/a><div class=\"entry-wrap entry-wrap-grid\"><h3 class=\"entry-title\" itemprop=\"headline\"><a class=\"entry-title-link\" href=\"https:\/\/neuronup.com\/it\/notizie-su-neuronup\/esperienza-di-navigazione-migliorata-dei-risultati\/\" rel=\"bookmark\">[NOVIT\u00c0] Esperienza di navigazione migliorata dei risultati<\/a><\/h3>\n<\/div><\/article><article class=\"entry entry-grid is-column has-entry-link has-image has-image-first type-post category-attivita-di-neuroriabilitazione category-attivita-per-bambini-con-esigenze-speciali tag-attivita-di-stimolazione-cognitiva tag-attivita-di-stimolazione-cognitiva-per-bambini tag-bambini tag-disturbi-del-neurosviluppo\" style=\"--entry-index:6;\" aria-label=\"Attivit\u00e0 per bambini con autismo ad alto valore ecologico\" itemscope itemtype=\"https:\/\/schema.org\/CreativeWork\"><a class=\"entry-image-link\" href=\"https:\/\/neuronup.com\/it\/attivita-di-neuroriabilitazione\/attivita-per-bambini-con-autismo-ad-alto-valore-ecologico\/\" tabindex=\"-1\" aria-hidden=\"true\"><img decoding=\"async\" width=\"400\" height=\"300\" src=\"https:\/\/neuronup.com\/it\/wp-content\/uploads\/2026\/01\/Header_-actividades-autismo-400x300.webp\" class=\"entry-image size-landscape-sm\" alt=\"Sequenza di quattro illustrazioni: due ragazzi all&#039;ingresso di una scuola; donna in cucina; volti con emozioni; frigorifero.\" srcset=\"https:\/\/neuronup.com\/it\/wp-content\/uploads\/2026\/01\/Header_-actividades-autismo-400x300.webp 400w, https:\/\/neuronup.com\/it\/wp-content\/uploads\/2026\/01\/Header_-actividades-autismo-800x600.webp 800w, https:\/\/neuronup.com\/it\/wp-content\/uploads\/2026\/01\/Header_-actividades-autismo-1200x900.webp 1200w\" sizes=\"(max-width:599px) 599px, (min-width:600px) and (max-width: 799px) 799px, (min-width:800px) and (max-width: 999px) 333px, (min-width:1000px) 400px\" \/><\/a><div class=\"entry-wrap entry-wrap-grid\"><h3 class=\"entry-title\" itemprop=\"headline\"><a class=\"entry-title-link\" href=\"https:\/\/neuronup.com\/it\/attivita-di-neuroriabilitazione\/attivita-per-bambini-con-autismo-ad-alto-valore-ecologico\/\" rel=\"bookmark\">Attivit\u00e0 per bambini con autismo ad alto valore ecologico<\/a><\/h3>\n<\/div><\/article><\/div><\/div>","protected":false},"excerpt":{"rendered":"<p>Una nuova tendenza si fa strada nell&#8217;apparente mondo perfetto in cui vivono i personaggi famosi. E negli ultimi anni il numero di volti noti che hanno deciso di aprirsi all\u2019opinione pubblica ed esporre i loro problemi di salute mentale si \u00e8 moltiplicato esponenzialmente. I problemi di salute mentale al centro della conversazione Dagli attori ai &hellip;<\/p>\n","protected":false},"author":7,"featured_media":23264,"comment_status":"open","ping_status":"open","sticky":false,"template":"","format":"standard","meta":{"_acf_changed":false,"_genesis_hide_title":false,"_genesis_hide_breadcrumbs":false,"_genesis_hide_singular_image":false,"_genesis_hide_footer_widgets":false,"_genesis_custom_body_class":"","_genesis_custom_post_class":"","_genesis_layout":"","footnotes":""},"categories":[442],"tags":[321],"class_list":{"2":"type-post","7":"category-psicologia","8":"tag-salute-mentale","9":"entry"},"acf":[],"_links":{"self":[{"href":"https:\/\/neuronup.com\/it\/wp-json\/wp\/v2\/posts\/23262","targetHints":{"allow":["GET"]}}],"collection":[{"href":"https:\/\/neuronup.com\/it\/wp-json\/wp\/v2\/posts"}],"about":[{"href":"https:\/\/neuronup.com\/it\/wp-json\/wp\/v2\/types\/post"}],"author":[{"embeddable":true,"href":"https:\/\/neuronup.com\/it\/wp-json\/wp\/v2\/users\/7"}],"replies":[{"embeddable":true,"href":"https:\/\/neuronup.com\/it\/wp-json\/wp\/v2\/comments?post=23262"}],"version-history":[{"count":0,"href":"https:\/\/neuronup.com\/it\/wp-json\/wp\/v2\/posts\/23262\/revisions"}],"wp:featuredmedia":[{"embeddable":true,"href":"https:\/\/neuronup.com\/it\/wp-json\/wp\/v2\/media\/23264"}],"wp:attachment":[{"href":"https:\/\/neuronup.com\/it\/wp-json\/wp\/v2\/media?parent=23262"}],"wp:term":[{"taxonomy":"category","embeddable":true,"href":"https:\/\/neuronup.com\/it\/wp-json\/wp\/v2\/categories?post=23262"},{"taxonomy":"post_tag","embeddable":true,"href":"https:\/\/neuronup.com\/it\/wp-json\/wp\/v2\/tags?post=23262"}],"curies":[{"name":"wp","href":"https:\/\/api.w.org\/{rel}","templated":true}]}}