
{"id":22775,"date":"2025-10-26T11:26:14","date_gmt":"2025-10-26T11:26:14","guid":{"rendered":"https:\/\/neuronup.com\/?p=22775"},"modified":"2025-10-26T11:26:14","modified_gmt":"2025-10-26T11:26:14","slug":"valutazione-e-riabilitazione-neuropsicologica-nelle-afasie","status":"publish","type":"post","link":"https:\/\/neuronup.com\/it\/stimolazione-e-riabilitazione-cognitiva\/disturbi-del-linguaggio\/valutazione-e-riabilitazione-neuropsicologica-nelle-afasie\/","title":{"rendered":"Valutazione e riabilitazione neuropsicologica nelle afasie"},"content":{"rendered":"\n<p class=\"has-xl-font-size\">Il neuropsicologo Aar\u00f3n Fern\u00e1ndez spiega la valutazione neuropsicologica e la riabilitazione neuropsicologica nelle afasie.<\/p>\n\n\n\n<h2 class=\"wp-block-heading\">Il ruolo della neuropsicologia nelle afasie<\/h2>\n\n\n\n<p>Le afasie, definite come l&#8217;insieme di <strong>alterazioni del linguaggio e della comunicazione derivanti da un danno cerebrale,<\/strong> rappresentano una limitazione allo sviluppo della vita della persona che va ben oltre il semplice problema del linguaggio in s\u00e9.<\/p>\n\n\n\n<p>Data questa complessit\u00e0, \u00e8 necessario disporre di un team composto da diversi professionisti che, da differenti prospettive, cerchino di aiutare a recuperare la massima funzionalit\u00e0 possibile e di facilitare l&#8217;adattamento della persona alla sua nuova situazione di vita.<\/p>\n\n\n\n<p><strong>Logopedisti, terapisti occupazionali, fisioterapisti, assistenti sociali, psicologi<\/strong> clinici devono fornire la loro valutazione e, se necessario, le loro opzioni di intervento. Naturalmente, anche il <strong>neuropsicologo<\/strong> svolge un ruolo importante in tutto questo processo che cercheremo di esporre in questo articolo.<\/p>\n\n\n\n<p>Il neuropsicologo \u00e8 il responsabile della descrizione del profilo cognitivo che la persona presenta dopo il danno cerebrale che ha provocato quell&#8217;afasia. In questo senso, quando consideriamo il linguaggio come funzione cognitiva, \u00e8 difficile cercare di separarlo da altre funzioni su cui si basa e su cui influisce, come <strong>la memoria di lavoro, la funzione esecutiva, la memoria, tra le altre(1)<\/strong>. Conoscere questo profilo pu\u00f2 essere una chiave importante per sapere cosa abbiamo a disposizione e cosa no per la riabilitazione.<\/p>\n\n\n\n<p>Inoltre, la neuropsicologia \u00e8 una delle responsabili nel canalizzare i diversi progressi che stiamo ottenendo dalle neuroscienze sul funzionamento del linguaggio stesso e che stanno permettendo di proporre nuovi modi di affrontare la riabilitazione, passando da un modello di categorie sindromiche a <strong>un modello di approccio basato sui processi del linguaggio(2,3)<\/strong><\/p>\n\n\n\n<h2 class=\"wp-block-heading\">Valutazione neuropsicologica delle afasie<\/h2>\n\n\n\n<h3 class=\"wp-block-heading\">Il modello di base<\/h3>\n\n\n\n<p>Uno dei requisiti importanti per la valutazione neuropsicologica del linguaggio \u00e8 disporre di un modello che ci permetta di comprendere come esso funzioni.<\/p>\n\n\n\n<p>Di norma si ricorre al <strong>modello classico di Wernicke-Geschwind(4)<\/strong> che propone una serie di sindromi chiuse e segmentate, ma che si dimostra insufficiente per descrivere le alterazioni del linguaggio presenti nella persona con afasia e, pertanto, <strong>poco specifico per fungere da base valutativa<\/strong> per la successiva stesura di un programma di riabilitazione.<\/p>\n\n\n\n<p>A due livelli perfettamente complementari disponiamo di alcuni modelli che possono esserci di maggiore utilit\u00e0.<\/p>\n\n\n\n<p><strong>A livello anatomo-funzionale<\/strong>, disponiamo del modello a doppio percorso <strong>proposto da Hickok e Poeppel(5)<\/strong> che ci definisce due percorsi relativi rispettivamente alla produzione linguistica e alla comprensione del linguaggio.<\/p>\n\n\n\n<p><strong>Un percorso dorsale (equivalente al modello di Wernicke-Geschwind)<\/strong> relativo agli aspetti di costruzione fonologica, grammaticale e controllo articolatorio e un percorso ventrale maggiormente correlato agli aspetti della comprensione uditiva, sia della discriminazione dei suoni verbali, sia semantica o grammaticale.<\/p>\n\n\n\n<p>Successivamente, <strong>Friederici e Gierhan(6)<\/strong> hanno aggiunto <strong>due suddivisioni a tali percorsi<\/strong> che cercano di separare vari processi e associarli a diversi fasci.<\/p>\n\n\n\n<p><strong>A livello pi\u00f9 puramente cognitivo<\/strong> disponiamo del modello di elaborazione del linguaggio proposto da <strong>Ellis e Young(7)<\/strong> che ci permette di dissociare vari processi all&#8217;interno dei diversi aspetti del linguaggio che tradizionalmente abbiamo valutato e, quindi, di discernere in modo pi\u00f9 chiaro quale sia la causa del problema che osserviamo. La sua conoscenza diventa fondamentale per un corretto approccio nelle afasie.<\/p>\n\n\n<div class=\"wp-block-image wp-image-5712\">\n<figure class=\"aligncenter\"><img decoding=\"async\" src=\"https:\/\/blog.neuronup.com\/wp-content\/uploads\/2018\/03\/Modelo-animado-Ellis-Castellano.gif\" alt=\"Valutazione e riabilitazione neuropsicologica nelle afasie\" class=\"wp-image-5712\"\/><figcaption class=\"wp-element-caption\">Modello cognitivo del linguaggio e i suoi percorsi<\/figcaption><\/figure>\n<\/div>\n\n\n<h3 class=\"wp-block-heading\">Alcuni test per la valutazione neuropsicologica delle afasie<\/h3>\n\n\n\n<p>La chiave per stabilire un programma di riabilitazione, di conseguenza, risiede nella nostra capacit\u00e0 di <strong>individuare i processi del linguaggio che presentano difficolt\u00e0 e quelli che non ne presentano<\/strong>. A tal fine \u00e8 fondamentale identificare le diverse dissociazioni eseguendo compiti specifici e analizzando gli errori che ne derivano.<\/p>\n\n\n\n<p>Le batterie che ci permettono di raggiungere questo livello di analisi sono, per esempio, <strong>la batteria BETA e la batteria EPLA<\/strong>, che sono composte da diversi compiti che mettono in evidenza differenti processi di base del linguaggio. Risulta inoltre di interesse <strong>il test \u201cPiramidi e palme\u201d<\/strong> in relazione al componente semantico.<\/p>\n\n\n\n<p>Ma occorre anche tenere presente che nella maggior parte dei casi va effettuata una valutazione che ci permetta di determinare in che modo altre funzioni cognitive possano influenzare il linguaggio in generale o un processo in particolare.<\/p>\n\n\n\n<h3 class=\"wp-block-heading\">Un appunto su ci\u00f2 che tralasciamo<\/h3>\n\n\n\n<p>Non va dimenticato che in molti casi la valutazione non consiste solo nel localizzare quel processo alterato, ma \u00e8 importante <strong>considerare come quel problema influisca su ciascuna persona.<\/strong> E questo \u00e8 qualcosa di unico, per cui si pu\u00f2 dire che ogni persona abbia <strong>un tipo di afasia realmente diverso<\/strong> e che solo prendendo in considerazione la persona che abbiamo davanti potremo trovare l&#8217;approccio adeguato.<\/p>\n\n\n\n<p>I <strong>test di valutazione neurofunzionale<\/strong> che utilizziamo abitualmente per osservare l&#8217;impatto sulla vita quotidiana di un danno cerebrale sono poco o per nulla sensibili all&#8217;impatto che un&#8217;<strong>alterazione del linguaggio ha sulla nostra vita(8)<\/strong>. Si raccomanda di utilizzare test specifici come l&#8217;<strong>indice di efficacia comunicativa<\/strong>, il <strong>CADL-2<\/strong> (Comunicazione nelle attivit\u00e0 della vita quotidiana) o il <strong>Communicative Activity Log (CAL)<\/strong>.<\/p>\n\n\n\n<h2 class=\"wp-block-heading\">Riabilitazione neuropsicologica del linguaggio<\/h2>\n\n\n\n<h3 class=\"wp-block-heading\">Approccio alla riabilitazione delle afasie<\/h3>\n\n\n\n<p>Partendo da queste premesse, il nostro approccio a livello neuropsicologico deve essere incentrato sul lavoro con i processi che abbiamo riscontrato alterati a seguito della valutazione preliminare.<\/p>\n\n\n\n<p>Questi possono essere riabilitati utilizzando tecniche classiche come l&#8217;<strong>apprendimento senza errori<\/strong> o associando diversi elementi alle <strong>produzioni linguistiche<\/strong> (per esempio, associare elementi di una frase e il loro ordine a colori per lavorare sugli agrammatismi). Ci\u00f2 che si deduce arrivati a questo punto \u00e8 che <strong>ogni trattamento sar\u00e0 specifico e molto diverso<\/strong> <strong>per ciascuna persona.<\/strong><\/p>\n\n\n\n<p>Tuttavia, \u00e8 degno di nota il <strong>programma REGIA<\/strong> che utilizza il metodo di restrizione del movimento dell&#8217;arto sano nell&#8217;ambito del linguaggio, limitando in questo caso il linguaggio non verbale. Si tratta di un trattamento intensivo e di gruppo che vanta una solida evidenza scientifica circa il suo utilizzo (9).<\/p>\n\n\n\n<p>Un&#8217;altra delle chiavi importanti \u00e8 il <strong>utilizzo di sistemi alternativi di comunicazione<\/strong>, come variante per compensare le difficolt\u00e0 linguistiche pi\u00f9 gravi che la persona presenta.<\/p>\n\n\n\n<p>Non bisogna dimenticare che, dopo un&#8217;afasia, la persona finisce per aver bisogno di un <strong>adattamento completo al proprio ambiente<\/strong> e di <strong>comprendere il mondo in un nuovo modo<\/strong> (10), pertanto l&#8217;intervento non deve limitarsi al solo studio.<\/p>\n\n\n\n<h3 class=\"wp-block-heading\">Nella fase di cronicit\u00e0<\/h3>\n\n\n\n<p>Infine, va sottolineato che il trattamento neuropsicologico nelle afasie si \u00e8 dimostrato <strong>molto efficace nell&#8217;anno successivo alla lesione<\/strong>, ma anche quando entriamo nella fase cronica, poich\u00e9 ci sono evidenze a favore dell&#8217;estensione del trattamento nei pazienti cronici in termini di risultati (9).<\/p>\n\n\n\n<h2 class=\"wp-block-heading\">Bibliografia<\/h2>\n\n\n\n<ol class=\"has-sm-font-size wp-block-list\">\n<li>Cahana-Amitay D, Albert M. RedefiningRecoveryfromAphasia. Oxford, New York: OxfordUniversityPress; 2015. 296 p.<\/li>\n<li>Tremblay P, Dick AS. Broca and Wernicke are dead, ormovingpasttheclassicmodel of languageneurobiology. BrainLang. 1 de noviembre de 2016;162:60-71.<\/li>\n<li>Vega FC. Neurociencia del lenguaje: bases neurol\u00f3gicas e implicaciones cl\u00ednicas [Internet]. Madrid: Panamericana; 2011 [citado 7 de marzo de 2018]. Disponible en: https:\/\/dialnet.unirioja.es\/servlet\/libro?codigo=555469<\/li>\n<li>Geschwind N. Disconnexionsyndromes in animals and man. I. Brain J Neurol. junio de 1965;88(2):237-94.<\/li>\n<li>Hickok G, Poeppel D. Dorsal and ventral streams: a frameworkforunderstandingaspects of thefunctionalanatomy of language. Cognition. junio de 2004;92(1-2):67-99.<\/li>\n<li>Friederici AD, Gierhan SM. Thelanguagenetwork. CurrOpinNeurobiol. 1 de abril de 2013;23(2):250-4.<\/li>\n<li>Ellis AW, Young AW. Human CognitiveNeuropsychology: A TextbookWithReadings. PsychologyPress; 2013. 694 p.<\/li>\n<li>Terradillos E, L\u00f3pez-Higes R. Gu\u00eda de intervenci\u00f3n logop\u00e9dica en las afasias. 2016.<\/li>\n<li>Berthier ML, Green C, Lara JP, Higueras C, Barbancho MA, D\u00e1vila G, et al. Memantine and constraint-inducedaphasiatherapy in chronicpoststrokeaphasia. Ann Neurol. mayo de 2009;65(5):577-85.<\/li>\n<li>Paniagua PJ. El entorno como sistema de comunicaci\u00f3n [Internet]. Logocerebral. 2018 [citado 7 de marzo de 2018]. Disponible en: http:\/\/logocerebral.es\/entorno-sistema-comunicacion\/<\/li>\n<\/ol>\n\n\n\n<h3 class=\"wp-block-heading\">Se ti \u00e8 piaciuto questo post sulle afasie, potrebbero interessarti questi articoli di NeuronUP:<\/h3>\n\n<div class=\"mai-grid entries entries-grid has-boxed has-image-full\" style=\"--entry-title-font-size:var(--font-size-lg);--align-text:start;--entry-meta-text-align:start;\"><div class=\"entries-wrap has-columns\" style=\"--columns-xs:1\/1;--columns-sm:1\/1;--columns-md:1\/3;--columns-lg:1\/3;--flex-xs:0 0 var(--flex-basis);--flex-sm:0 0 var(--flex-basis);--flex-md:0 0 var(--flex-basis);--flex-lg:0 0 var(--flex-basis);--column-gap:var(--spacing-lg);--row-gap:var(--spacing-lg);--align-columns:start;\"><article class=\"entry entry-grid is-column has-entry-link has-image has-image-first type-post category-attivita-di-attenzione tag-attivita-per-la-stimolazione-cognitiva\" style=\"--entry-index:1;\" aria-label=\"Scopri 14 nuove attivit\u00e0 per migliorare l&#8217;attenzione!\" itemscope itemtype=\"https:\/\/schema.org\/CreativeWork\"><a class=\"entry-image-link\" href=\"https:\/\/neuronup.com\/it\/attivita-di-neuroriabilitazione\/attivita-per-le-funzioni-cognitive\/attivita-di-attenzione\/scopri-nuove-attivita-per-migliorare-lattenzione\/\" tabindex=\"-1\" aria-hidden=\"true\"><img decoding=\"async\" width=\"400\" height=\"300\" src=\"https:\/\/neuronup.com\/it\/wp-content\/uploads\/2024\/12\/Captura-de-pantalla-2024-12-20-173752-400x300.webp\" class=\"entry-image size-landscape-sm\" alt=\"Disegno astratto con contorno e cerchio blu centrale che confronta le opzioni &#039;dentro&#039; e &#039;fuori&#039;, per attivit\u00e0 di attenzione NeuronUP.\" srcset=\"https:\/\/neuronup.com\/it\/wp-content\/uploads\/2024\/12\/Captura-de-pantalla-2024-12-20-173752-400x300.webp 400w, https:\/\/neuronup.com\/it\/wp-content\/uploads\/2024\/12\/Captura-de-pantalla-2024-12-20-173752-800x600.webp 800w\" sizes=\"(max-width:599px) 599px, (min-width:600px) and (max-width: 799px) 799px, (min-width:800px) and (max-width: 999px) 333px, (min-width:1000px) 400px\" \/><\/a><div class=\"entry-wrap entry-wrap-grid\"><h3 class=\"entry-title\" itemprop=\"headline\"><a class=\"entry-title-link\" href=\"https:\/\/neuronup.com\/it\/attivita-di-neuroriabilitazione\/attivita-per-le-funzioni-cognitive\/attivita-di-attenzione\/scopri-nuove-attivita-per-migliorare-lattenzione\/\" rel=\"bookmark\">Scopri 14 nuove attivit\u00e0 per migliorare l&#8217;attenzione!<\/a><\/h3>\n<\/div><\/article><article class=\"entry entry-grid is-column has-entry-link has-image has-image-first type-post category-notizie-su-neuronup tag-notizie-su-neuronup\" style=\"--entry-index:2;\" aria-label=\"Nuove attivit\u00e0 di NeronUPper potenziare la neuroriabilitazione\" itemscope itemtype=\"https:\/\/schema.org\/CreativeWork\"><a class=\"entry-image-link\" href=\"https:\/\/neuronup.com\/it\/notizie-su-neuronup\/nuove-attivita-di-neronupper-potenziare-la-neuroriabilitazione\/\" tabindex=\"-1\" aria-hidden=\"true\"><img decoding=\"async\" width=\"400\" height=\"300\" src=\"https:\/\/neuronup.com\/it\/wp-content\/uploads\/2025\/04\/indovina-la-faccia-400x300.webp\" class=\"entry-image size-landscape-sm\" alt=\"Gruppo di bambini e un adulto in festa, decorazioni; al centro un bambino con torta, volti visibili e un&#039;icona emoticon.\" srcset=\"https:\/\/neuronup.com\/it\/wp-content\/uploads\/2025\/04\/indovina-la-faccia-400x300.webp 400w, https:\/\/neuronup.com\/it\/wp-content\/uploads\/2025\/04\/indovina-la-faccia-800x600.webp 800w\" sizes=\"(max-width:599px) 599px, (min-width:600px) and (max-width: 799px) 799px, (min-width:800px) and (max-width: 999px) 333px, (min-width:1000px) 400px\" \/><\/a><div class=\"entry-wrap entry-wrap-grid\"><h3 class=\"entry-title\" itemprop=\"headline\"><a class=\"entry-title-link\" href=\"https:\/\/neuronup.com\/it\/notizie-su-neuronup\/nuove-attivita-di-neronupper-potenziare-la-neuroriabilitazione\/\" rel=\"bookmark\">Nuove attivit\u00e0 di NeronUPper potenziare la neuroriabilitazione<\/a><\/h3>\n<\/div><\/article><article class=\"entry entry-grid is-column has-entry-link has-image has-image-first type-post category-funzioni-esecutive tag-funzioni-esecutive\" style=\"--entry-index:3;\" aria-label=\"Perch\u00e9 dobbiamo lavorare principalmente sullo sviluppo delle funzioni esecutive per migliorare l&#8217;autoregolazione emotiva nei bambini e negli adolescenti?\" itemscope itemtype=\"https:\/\/schema.org\/CreativeWork\"><a class=\"entry-image-link\" href=\"https:\/\/neuronup.com\/it\/neuroscienze\/neuropsicologia\/funzioni-esecutive\/perche-dobbiamo-lavorare-principalmente-sullo-sviluppo-delle-funzioni-esecutive-per-migliorare-lautoregolazione-emotiva-nei-bambini-e-negli-adolescenti\/\" tabindex=\"-1\" aria-hidden=\"true\"><img decoding=\"async\" width=\"302\" height=\"300\" src=\"https:\/\/neuronup.com\/it\/wp-content\/uploads\/2024\/03\/Funciones-ejecutivas-Anali-Naranjo-Garcia-1.webp\" class=\"entry-image size-landscape-sm\" alt=\"Ragazza sorridente al centro tiene un libro, circondata da illustrazioni colorate di emozioni, amicizia ed empatia.\" srcset=\"https:\/\/neuronup.com\/it\/wp-content\/uploads\/2024\/03\/Funciones-ejecutivas-Anali-Naranjo-Garcia-1-150x150.webp 150w, https:\/\/neuronup.com\/it\/wp-content\/uploads\/2024\/03\/Funciones-ejecutivas-Anali-Naranjo-Garcia-1-300x298.webp 300w, https:\/\/neuronup.com\/it\/wp-content\/uploads\/2024\/03\/Funciones-ejecutivas-Anali-Naranjo-Garcia-1-768x763.webp 768w, https:\/\/neuronup.com\/it\/wp-content\/uploads\/2024\/03\/Funciones-ejecutivas-Anali-Naranjo-Garcia-1-1024x1017.webp 1024w, https:\/\/neuronup.com\/it\/wp-content\/uploads\/2024\/03\/Funciones-ejecutivas-Anali-Naranjo-Garcia-1.webp 1200w\" sizes=\"(max-width:599px) 599px, (min-width:600px) and (max-width: 799px) 799px, (min-width:800px) and (max-width: 999px) 333px, (min-width:1000px) 400px\" \/><\/a><div class=\"entry-wrap entry-wrap-grid\"><h3 class=\"entry-title\" itemprop=\"headline\"><a class=\"entry-title-link\" href=\"https:\/\/neuronup.com\/it\/neuroscienze\/neuropsicologia\/funzioni-esecutive\/perche-dobbiamo-lavorare-principalmente-sullo-sviluppo-delle-funzioni-esecutive-per-migliorare-lautoregolazione-emotiva-nei-bambini-e-negli-adolescenti\/\" rel=\"bookmark\">Perch\u00e9 dobbiamo lavorare principalmente sullo sviluppo delle funzioni esecutive per migliorare l&#8217;autoregolazione emotiva nei bambini e negli adolescenti?<\/a><\/h3>\n<\/div><\/article><article class=\"entry entry-grid is-column has-entry-link has-image has-image-first type-post category-neuronup-talks tag-demenza tag-malattie-neurodegenerative tag-neuronup-talks\" style=\"--entry-index:4;\" aria-label=\"Letture consigliate sulle demenze neurodegenerative\" itemscope itemtype=\"https:\/\/schema.org\/CreativeWork\"><a class=\"entry-image-link\" href=\"https:\/\/neuronup.com\/it\/neuronup-talks\/letture-consigliate-sulle-demenze-neurodegenerative\/\" tabindex=\"-1\" aria-hidden=\"true\"><img decoding=\"async\" width=\"400\" height=\"225\" src=\"https:\/\/neuronup.com\/it\/wp-content\/uploads\/2025\/10\/Demencias-neurodegenerativas-de-investigacion-a-clinica-l-Carolina-Sastre-Adria-Tort-Merino-l-NeuronUP-Talks-l-Episodio-1-Temporada-2.webp\" class=\"entry-image size-landscape-sm\" alt=\"Uomo seduto al microfono durante una presentazione, sfondo blu, luci, con neurotalks in alto a sinistra.\" srcset=\"https:\/\/neuronup.com\/it\/wp-content\/uploads\/2025\/10\/Demencias-neurodegenerativas-de-investigacion-a-clinica-l-Carolina-Sastre-Adria-Tort-Merino-l-NeuronUP-Talks-l-Episodio-1-Temporada-2-300x169.webp 300w, https:\/\/neuronup.com\/it\/wp-content\/uploads\/2025\/10\/Demencias-neurodegenerativas-de-investigacion-a-clinica-l-Carolina-Sastre-Adria-Tort-Merino-l-NeuronUP-Talks-l-Episodio-1-Temporada-2-768x432.webp 768w, https:\/\/neuronup.com\/it\/wp-content\/uploads\/2025\/10\/Demencias-neurodegenerativas-de-investigacion-a-clinica-l-Carolina-Sastre-Adria-Tort-Merino-l-NeuronUP-Talks-l-Episodio-1-Temporada-2-1024x576.webp 1024w, https:\/\/neuronup.com\/it\/wp-content\/uploads\/2025\/10\/Demencias-neurodegenerativas-de-investigacion-a-clinica-l-Carolina-Sastre-Adria-Tort-Merino-l-NeuronUP-Talks-l-Episodio-1-Temporada-2.webp 1280w\" sizes=\"(max-width:599px) 599px, (min-width:600px) and (max-width: 799px) 799px, (min-width:800px) and (max-width: 999px) 333px, (min-width:1000px) 400px\" \/><\/a><div class=\"entry-wrap entry-wrap-grid\"><h3 class=\"entry-title\" itemprop=\"headline\"><a class=\"entry-title-link\" href=\"https:\/\/neuronup.com\/it\/neuronup-talks\/letture-consigliate-sulle-demenze-neurodegenerative\/\" rel=\"bookmark\">Letture consigliate sulle demenze neurodegenerative<\/a><\/h3>\n<\/div><\/article><article class=\"entry entry-grid is-column has-entry-link has-image has-image-first type-post category-metodi-e-tecniche-di-intervento-terapeutico-e-psicologico tag-adulti tag-anziani tag-invecchiamento-normale\" style=\"--entry-index:5;\" aria-label=\"Biofeedback della VFC per migliorare la cognizione negli anziani: Uno strumento basato sull&#8217;evidenza\" itemscope itemtype=\"https:\/\/schema.org\/CreativeWork\"><a class=\"entry-image-link\" href=\"https:\/\/neuronup.com\/it\/stimolazione-e-riabilitazione-cognitiva\/metodi-e-tecniche-di-intervento-terapeutico-e-psicologico\/biofeedback-della-variabilita-della-frequenza-cardiaca-per-migliorare-la-cognizione-negli-anziani-uno-strumento-basato-sull-evidenza\/\" tabindex=\"-1\" aria-hidden=\"true\"><img decoding=\"async\" width=\"400\" height=\"229\" src=\"https:\/\/neuronup.com\/it\/wp-content\/uploads\/2025\/08\/Biofeedback-de-la-VFC-para-mejorar-la-cognicion-en-adultos-mayores-Una-herramienta-basada-en-evidencia.webp\" class=\"entry-image size-landscape-sm\" alt=\"Medico in camice bianco ha uno smartwatch con grafico del battito cardiaco; ambiente clinico con luci soffuse.\" srcset=\"https:\/\/neuronup.com\/it\/wp-content\/uploads\/2025\/08\/Biofeedback-de-la-VFC-para-mejorar-la-cognicion-en-adultos-mayores-Una-herramienta-basada-en-evidencia-300x172.webp 300w, https:\/\/neuronup.com\/it\/wp-content\/uploads\/2025\/08\/Biofeedback-de-la-VFC-para-mejorar-la-cognicion-en-adultos-mayores-Una-herramienta-basada-en-evidencia-768x439.webp 768w, https:\/\/neuronup.com\/it\/wp-content\/uploads\/2025\/08\/Biofeedback-de-la-VFC-para-mejorar-la-cognicion-en-adultos-mayores-Una-herramienta-basada-en-evidencia-1024x585.webp 1024w, https:\/\/neuronup.com\/it\/wp-content\/uploads\/2025\/08\/Biofeedback-de-la-VFC-para-mejorar-la-cognicion-en-adultos-mayores-Una-herramienta-basada-en-evidencia.webp 1200w\" sizes=\"(max-width:599px) 599px, (min-width:600px) and (max-width: 799px) 799px, (min-width:800px) and (max-width: 999px) 333px, (min-width:1000px) 400px\" \/><\/a><div class=\"entry-wrap entry-wrap-grid\"><h3 class=\"entry-title\" itemprop=\"headline\"><a class=\"entry-title-link\" href=\"https:\/\/neuronup.com\/it\/stimolazione-e-riabilitazione-cognitiva\/metodi-e-tecniche-di-intervento-terapeutico-e-psicologico\/biofeedback-della-variabilita-della-frequenza-cardiaca-per-migliorare-la-cognizione-negli-anziani-uno-strumento-basato-sull-evidenza\/\" rel=\"bookmark\">Biofeedback della VFC per migliorare la cognizione negli anziani: Uno strumento basato sull&#8217;evidenza<\/a><\/h3>\n<\/div><\/article><article class=\"entry entry-grid is-column has-entry-link has-image has-image-first type-post category-disturbi-del-neurosviluppo tag-attenzione tag-attivita-per-la-stimolazione-cognitiva tag-stimolazione-cognitiva\" style=\"--entry-index:6;\" aria-label=\"Suggerimenti e attivit\u00e0 per migliorare l&#8217;attenzione\" itemscope itemtype=\"https:\/\/schema.org\/CreativeWork\"><a class=\"entry-image-link\" href=\"https:\/\/neuronup.com\/it\/stimolazione-e-riabilitazione-cognitiva\/disturbi-del-neurosviluppo\/suggerimenti-e-attivita-per-migliorare-lattenzione\/\" tabindex=\"-1\" aria-hidden=\"true\"><img decoding=\"async\" width=\"400\" height=\"300\" src=\"https:\/\/neuronup.com\/it\/wp-content\/uploads\/2024\/05\/Suggerimenti-e-attivita-per-migliorare-lattenzione-1-400x300.webp\" class=\"entry-image size-landscape-sm\" alt=\"Anziano con occhiali e maglione blu affianca un nipote al tavolo, intento a scrivere o disegnare su un foglio, con colori e penne sul tavolo.\" srcset=\"https:\/\/neuronup.com\/it\/wp-content\/uploads\/2024\/05\/Suggerimenti-e-attivita-per-migliorare-lattenzione-1-400x300.webp 400w, https:\/\/neuronup.com\/it\/wp-content\/uploads\/2024\/05\/Suggerimenti-e-attivita-per-migliorare-lattenzione-1-800x600.webp 800w\" sizes=\"(max-width:599px) 599px, (min-width:600px) and (max-width: 799px) 799px, (min-width:800px) and (max-width: 999px) 333px, (min-width:1000px) 400px\" \/><\/a><div class=\"entry-wrap entry-wrap-grid\"><h3 class=\"entry-title\" itemprop=\"headline\"><a class=\"entry-title-link\" href=\"https:\/\/neuronup.com\/it\/stimolazione-e-riabilitazione-cognitiva\/disturbi-del-neurosviluppo\/suggerimenti-e-attivita-per-migliorare-lattenzione\/\" rel=\"bookmark\">Suggerimenti e attivit\u00e0 per migliorare l&#8217;attenzione<\/a><\/h3>\n<\/div><\/article><\/div><\/div>","protected":false},"excerpt":{"rendered":"<p>Il neuropsicologo Aar\u00f3n Fern\u00e1ndez spiega la valutazione neuropsicologica e la riabilitazione neuropsicologica nelle afasie. Il ruolo della neuropsicologia nelle afasie Le afasie, definite come l&#8217;insieme di alterazioni del linguaggio e della comunicazione derivanti da un danno cerebrale, rappresentano una limitazione allo sviluppo della vita della persona che va ben oltre il semplice problema del linguaggio &hellip;<\/p>\n","protected":false},"author":196,"featured_media":22783,"comment_status":"open","ping_status":"open","sticky":false,"template":"","format":"standard","meta":{"_acf_changed":false,"_genesis_hide_title":false,"_genesis_hide_breadcrumbs":false,"_genesis_hide_singular_image":false,"_genesis_hide_footer_widgets":false,"_genesis_custom_body_class":"","_genesis_custom_post_class":"","_genesis_layout":"","footnotes":""},"categories":[385],"tags":[425,422,148],"class_list":{"2":"type-post","7":"category-disturbi-del-linguaggio","8":"tag-afasia","9":"tag-disturbi-del-neurosviluppo","10":"tag-linguaggio","11":"entry"},"acf":[],"_links":{"self":[{"href":"https:\/\/neuronup.com\/it\/wp-json\/wp\/v2\/posts\/22775","targetHints":{"allow":["GET"]}}],"collection":[{"href":"https:\/\/neuronup.com\/it\/wp-json\/wp\/v2\/posts"}],"about":[{"href":"https:\/\/neuronup.com\/it\/wp-json\/wp\/v2\/types\/post"}],"author":[{"embeddable":true,"href":"https:\/\/neuronup.com\/it\/wp-json\/wp\/v2\/users\/196"}],"replies":[{"embeddable":true,"href":"https:\/\/neuronup.com\/it\/wp-json\/wp\/v2\/comments?post=22775"}],"version-history":[{"count":0,"href":"https:\/\/neuronup.com\/it\/wp-json\/wp\/v2\/posts\/22775\/revisions"}],"wp:featuredmedia":[{"embeddable":true,"href":"https:\/\/neuronup.com\/it\/wp-json\/wp\/v2\/media\/22783"}],"wp:attachment":[{"href":"https:\/\/neuronup.com\/it\/wp-json\/wp\/v2\/media?parent=22775"}],"wp:term":[{"taxonomy":"category","embeddable":true,"href":"https:\/\/neuronup.com\/it\/wp-json\/wp\/v2\/categories?post=22775"},{"taxonomy":"post_tag","embeddable":true,"href":"https:\/\/neuronup.com\/it\/wp-json\/wp\/v2\/tags?post=22775"}],"curies":[{"name":"wp","href":"https:\/\/api.w.org\/{rel}","templated":true}]}}