
{"id":19576,"date":"2025-10-23T11:26:14","date_gmt":"2025-10-23T11:26:14","guid":{"rendered":"https:\/\/neuronup.com\/?p=19576"},"modified":"2025-10-23T11:26:14","modified_gmt":"2025-10-23T11:26:14","slug":"brevi-basi-anatomiche-dellattenzione","status":"publish","type":"post","link":"https:\/\/neuronup.com\/it\/neuroscienze\/neuroscienze-del-cervello\/brevi-basi-anatomiche-dellattenzione\/","title":{"rendered":"Brevi basi anatomiche dell&#8217;attenzione"},"content":{"rendered":"\n<p class=\"has-xl-font-size\">Questo articolo espone alcune brevi basi anatomiche dell&#8217;attenzione e una descrizione dei principali nodi che intervengono nel processo attentivo e del loro funzionamento.<\/p>\n\n\n\n<blockquote class=\"wp-block-quote is-layout-flow wp-block-quote-is-layout-flow\">\n<p><em>\u201c<\/em>L&#8217;attenzione \u00e8 la selezione delle informazioni per l&#8217;elaborazione e l&#8217;azione consapevoli, nonch\u00e9 il mantenimento dello stato di allerta richiesto per un&#8217;elaborazione attenta.<\/p>\n<cite>(Posner e Bourke, 1999)<\/cite><\/blockquote>\n\n\n\n<h2 class=\"wp-block-heading\">Concetti fondamentali dell&#8217;attenzione<\/h2>\n\n\n\n<p>Posner (1995) individua tre concetti fondamentali dell&#8217;attenzione:<\/p>\n\n\n\n<ol class=\"wp-block-list\">\n<li>L&#8217;attenzione <strong>non elabora informazioni<\/strong>; si limita a renderne possibile o a inibire tale elaborazione. L&#8217;attenzione pu\u00f2 essere distinta sul piano anatomico dai sistemi di elaborazione delle informazioni.<\/li>\n\n\n\n<li>L&#8217;attenzione si fonda su reti anatomiche, <strong>non appartiene a una zona specifica del cervello n\u00e9 \u00e8 un prodotto globale di esso<\/strong>.<\/li>\n\n\n\n<li>Le aree cerebrali coinvolte nell&#8217;attenzione non svolgono la stessa funzione; funzioni diverse sono supportate da aree diverse. <strong>Non si tratta di una funzione unitaria.<\/strong><\/li>\n<\/ol>\n\n\n\n<p>Ci\u00f2 \u00e8 molto importante, poich\u00e9 consente di distinguere il sistema di elaborazione attentiva dal sistema di elaborazione percettiva, o da altri, il che risulta molto rilevante dal punto di vista valutativo.<\/p>\n\n\n\n<p>L&#8217;attenzione, pertanto, presenta due funzioni principali: mantenere lo stato di vigilanza <strong>(VIGILANZA)<\/strong> e selezionare le informazioni a cui dedicare le risorse <strong>(MONITORAGGIO E CONTROLLO)<\/strong>. Seleziona i meccanismi e le informazioni che verranno manipolati. Il sistema attentivo ha una capacit\u00e0 limitata, ragion per cui necessita di selezionare il tipo di informazioni rilevanti.<\/p>\n\n\n\n<h2 class=\"wp-block-heading\">Sistemi attentivi<\/h2>\n\n\n\n<p>Posner distingue tre sistemi attentivi:<\/p>\n\n\n\n<ul class=\"wp-block-list\">\n<li><strong>Sistema reticolare ascendente<\/strong>: si occupa di compiti di tonicit\u00e0, regolazione degli stati di veglia e dello stato autonomico per il funzionamento. I suoi nuclei principali si trovano nel tronco encefalico, sebbene le sue reti si estendano lungo le vie ascendenti in tutto il cervello. Il suo principale neurotrasmettitore \u00e8 la noradrenalina (NA). I principali ingressi di NA dal locus coeruleus sono l&#8217;area parietale, il nucleo pulvinar del talamo e i collicoli, ovvero le aree che costituiscono la rete attentiva posteriore.<\/li>\n\n\n\n<li><strong>Sistema attentivo posteriore<\/strong>: questa rete \u00e8 correlata con l&#8217;orientamento visuo-spaziale dell&#8217;attenzione, per cui \u00e8 anche chiamata rete di orientamento. Il termine orientamento fa riferimento all&#8217;allineamento manifesto (degli organi sensoriali) o latente (dell&#8217;attenzione) con una fonte di informazione sensoriale o con un contenuto della memoria. L&#8217;orientamento pu\u00f2 essere esogeno o rispondere a elementi interni.<\/li>\n\n\n\n<li><strong>Sistema attentivo anteriore<\/strong>: svolge funzioni di selezione e discriminazione degli stimoli e di rilevazione dell&#8217;errore.<\/li>\n<\/ul>\n\n\n\n<p>L&#8217;attivit\u00e0 dei sistemi non \u00e8 indipendente di per s\u00e9, ma dipende dalle richieste attentive del compito.<\/p>\n\n\n\n<h2 class=\"wp-block-heading\">Sistema attentivo nella teoria di Posner<\/h2>\n\n\n\n<p>Secondo Benedet (2002), il sistema attentivo nella teoria di Posner implica:<\/p>\n\n\n\n<ol class=\"wp-block-list\">\n<li>Mantenere lo stato di allerta necessario in ogni momento,<\/li>\n\n\n\n<li>rilevare i cambiamenti di stimolo poco frequenti (<strong>vigilanza<\/strong>),<\/li>\n\n\n\n<li>selezionare le informazioni rilevanti <strong>(attenzione selettiva<\/strong>) e inibire le informazioni irrilevanti (<strong>resistenza alla distrazione<\/strong>),<\/li>\n\n\n\n<li>mantenere tale funzione selettiva durante l&#8217;esecuzione di un&#8217;attivit\u00e0 o compito di una certa durata (<strong>attenzione sostenuta<\/strong>),<\/li>\n\n\n\n<li>valutare lo stato del sistema in ogni momento (<strong>monitoraggio<\/strong>),<\/li>\n\n\n\n<li>distribuire in modo ottimale le risorse tra le diverse rappresentazioni e operazioni attivate (<strong>attenzione distribuita<\/strong>).<\/li>\n<\/ol>\n\n\n\n<h2 class=\"wp-block-heading\"><strong>Migliorare il modello di Posner<\/strong><\/h2>\n\n\n\n<p>Alcuni autori, pur essendo parzialmente d&#8217;accordo con Posner, implementano il suo modello attentivo. Dosenbach, Fair, Cohen, Schlaggar &amp; Petersen (2008) affermano che nello studio dell&#8217;attenzione, e in particolare della rete di controllo attentivo, esistono diversi <strong>metodi di analisi<\/strong> per estrarre conclusioni sulla connettivit\u00e0 delle reti attentive. Questi metodi limitano l&#8217;estensione delle conclusioni se usati separatamente o congiuntamente.<\/p>\n\n\n\n<p>Non negano la proposta iniziale di Posner, poich\u00e9 esistono diverse reti attentive con scopi differenti; tuttavia i loro risultati supportano una ridefinizione del sistema di controllo attentivo. A tal fine, Dosenbach et al. (2008) conducono uno studio sui <strong>fenomeni top-down<\/strong> mediante una combinazione di tecniche diverse, in un quadro teorico basato sulla teoria dei <strong>sistemi complessi<\/strong>.<\/p>\n\n\n\n<p>Questa teoria propone che esista una serie di <strong>nodi<\/strong> nel sistema nervoso centrale interconnessi in modo efficiente, tale da generare architetture neuronali di &#8216;small world&#8217;, in cui i nodi del sistema <strong>non sono n\u00e9 casuali n\u00e9 regolari<\/strong>.<\/p>\n\n\n\n<p>In primo luogo, propongono un disegno misto basato su blocchi ed eventi, che fornisce una misura molto pi\u00f9 raffinata dei diversi processi di monitoraggio: inizio del controllo attentivo, mantenimento del set cognitivo e rilevazione degli errori. In questo modo, l&#8217;analisi delle attivazioni in risonanza \u00e8 molto pi\u00f9 dettagliata, in quanto dissocia le attivazioni in diverse condizioni sperimentali.<\/p>\n\n\n\n<h3 class=\"wp-block-heading\">Reti di attivazione cognitiva<\/h3>\n\n\n\n<p>I risultati suggeriscono due reti di attivazione cognitiva: una rete in <strong>stato di riposo<\/strong> e una rete di attivazione cognitiva. Questa proposta \u00e8 stata avanzata dal gruppo di Dosenbach, ma anche da altri autori (Raichle et al., 2001; Corbetta et al., 2008), che hanno effettuato un&#8217;analisi di queste due reti. Come abbiamo detto in un altro articolo, sembra che in alcuni casi esse presentino una relazione inversa di attivazione: maggiore attivit\u00e0 della rete esecutiva comporta minore attivit\u00e0 della rete di riposo.<\/p>\n\n\n\n<p>Dosenbach et al. (2008) utilizzano altri metodi che permettono, dal modello dei sistemi complessi, di analizzare la dinamica delle reti di controllo attentivo. In primo luogo, la <strong>teoria dei grafi<\/strong>, un ramo della matematica che consente di effettuare analisi tra reti o nodi di reti diverse. Nel caso delle neuroscienze e della neuropsicologia, questa teoria dei grafi si applica a due tipi di dati: le <strong>ROI<\/strong> (<em>regions of interest<\/em>), che fungerebbero da nodi, e le correlazioni nel pattern di attivazione delle diverse ROI.<\/p>\n\n\n\n<p>D&#8217;altra parte, analizzano la <strong>direzionalit\u00e0 delle correlazioni<\/strong> nel pattern di attivazione delle ROI nella risonanza magnetica mediante una tecnica denominata con l&#8217;acronimo PPI (<em>psychophysiological interaction analysis<\/em>). Questa tecnica esamina la relazione specifica <strong>dipendente dal contesto<\/strong> tra due nodi su una base di acquisizione tra prove diverse. Insieme, questi dati forniscono una distribuzione e una definizione pi\u00f9 specifiche delle reti di controllo.<\/p>\n\n\n\n<h3 class=\"wp-block-heading\">Gli esperimenti di Dosenbach analizzano le aree che supportano tre tipi di funzioni:<\/h3>\n\n\n\n<ul class=\"wp-block-list\">\n<li><strong>Cambio o mantenimento del set<\/strong> \u2013 attenzione al segnale \u2013, che coinvolge l&#8217;insula anteriore, la CCA dorsale e la corteccia prefrontale anteriore;<\/li>\n\n\n\n<li><strong>Aggiustamento e feedback<\/strong>, che coinvolgono la corteccia prefrontale dorsolaterale e il lobo parietale inferiore,<\/li>\n\n\n\n<li><strong>Avvio del controllo cognitivo<\/strong>, che coinvolge il solco intraparietale e la corteccia frontale dorsale.<\/li>\n<\/ul>\n\n\n\n<p>Oltre ai metodi di analisi delle relazioni, si cerca anche di stabilire l&#8217;indipendenza dei sistemi, per il quale si procede a un&#8217;analisi delle componenti indipendenti.<\/p>\n\n\n\n<h2 class=\"wp-block-heading\"><strong><em>Reti fronto-parietale e cingolo-opercolari<\/em><\/strong><\/h2>\n\n\n\n<p>I risultati di Dosenbach et al. (2008) mostrano una distribuzione leggermente diversa e pi\u00f9 complessa rispetto a quella di Posner. Esistono due reti di controllo attentivo, una fronto-parietale e una cingolo-opercolare. Entrambe si connettono attraverso una struttura che, negli ultimi anni, ha iniziato a guadagnare rilievo nella ricerca come processore cognitivo complesso: il cervelletto.<\/p>\n\n\n\n<p>La<strong> rete fronto-parietale <\/strong>\u00e8 costituita dalla corteccia prefrontale dorsolaterale, dal lobo parietale inferiore, dalla corteccia frontale dorsale, dal solco intraparietale, dal precuneo e dalla corteccia cingolata mediale<strong>. La sua funzione principale \u00e8 quella di avviare e modulare il controllo cognitivo, rispondendo in modo differenziale al feedback ricevuto dall&#8217;esecuzione \u2013 prove corrette vs. errate -.<\/strong><\/p>\n\n\n\n<p>D&#8217;altra parte, <strong>la rete cingolo-opercolare<\/strong> \u00e8 costituita dalla corteccia prefrontale anteriore, dall&#8217;insula anteriore, dalla CCA dorsale e dal talamo. La sua funzione principale \u00e8 <strong>mantenere stabile il set cognitivo<\/strong> durante lo svolgimento delle attivit\u00e0.<\/p>\n\n\n\n<h2 class=\"wp-block-heading\"><strong>Il cervelletto<\/strong><\/h2>\n\n\n\n<p>Qual \u00e8 la funzione del cervelletto e perch\u00e9 mostra un&#8217;attivit\u00e0 significativa? Alcuni autori (Allen, Buxton, Wong e Courchesne; 1997) hanno proposto che <strong>il cervelletto<\/strong> sia un centro fondamentale per <strong>predire e prepararsi<\/strong> a un&#8217;imminente acquisizione di informazioni, analisi o azione. In questa duplice rete di controllo, il cervelletto funziona come una <strong>&#8216;stazione di passaggio&#8217;<\/strong> tra il talamo (cingolo-opercolare) e il precuneo, la corteccia parietale inferiore e la corteccia prefrontale dorsolaterale (fronto-parietale), agendo come un meccanismo di analisi dell&#8217;errore e collegandosi con aree che rilevano e adottano strategie di fronte all&#8217;errore.<\/p>\n\n\n\n<figure class=\"wp-block-image size-full\"><img decoding=\"async\" width=\"768\" height=\"408\" src=\"https:\/\/neuronup.com\/it\/wp-content\/uploads\/2022\/12\/Breves-bases-anatomicas-de-la-atencion.webp\" alt=\"Brevi basi anatomiche dell'attenzione\" class=\"wp-image-19585\" srcset=\"https:\/\/neuronup.com\/it\/wp-content\/uploads\/2022\/12\/Breves-bases-anatomicas-de-la-atencion-300x159.webp 300w, https:\/\/neuronup.com\/it\/wp-content\/uploads\/2022\/12\/Breves-bases-anatomicas-de-la-atencion.webp 768w\" sizes=\"(max-width: 768px) 100vw, 768px\" \/><figcaption class=\"wp-element-caption\"><em>Tratto da:<\/em>&nbsp;<a href=\"http:\/\/scienceblogs.com\/developingintelligence\/2010\/09\/15\/machines-learn-how-humans-lear\/\">http:\/\/scienceblogs.com\/developingintelligence\/2010\/09\/15\/machines-learn-how-humans-lear\/<\/a><\/figcaption><\/figure>\n\n\n\n<p>Il principale pregio del modello proposto dal gruppo di Dosenbach \u00e8 che questa elaborazione <strong>avviene in parallelo<\/strong>, con due reti neurali che elaborano informazioni rilevanti per il compito ma con un controllo top-down diverso.<\/p>\n\n\n\n<p>Da un lato, la rete fronto-parietale elaborerebbe informazioni rilevanti per il controllo adattativo, mantenendo attivamente nella mente informazioni rilevanti per il compito in un numero limitato di prove, al fine di implementare un controllo rapido di <strong>aggiustamenti dei parametri [di priorit\u00e0] quando si rileva un errore.<\/strong> Mentre la rete cingolo-opercolare, che implica il mantenimento del set cognitivo, comporta un&#8217;attivit\u00e0 sostenuta nel corso di diverse prove, rilevando l&#8217;errore in un primo momento ma senza produrre un cambiamento di parametri nell&#8217;esecuzione del compito.<\/p>\n\n\n\n<p>Questa scoperta \u00e8 coerente con la proposta di Corbetta e Shulman (2002) e di Corbetta et al. (2008), che individuano una <strong>doppia rete di esecuzione attentiva<\/strong>: una ventrale, responsabile di individuare la salienza degli stimoli ambientali, e una dorsale, che risulta attivata in compiti di attenzione focalizzata di lunga durata e che opera, inoltre, guidata dalla rete ventrale.<\/p>\n\n\n\n<p>Tuttavia, le due reti non interagiscono in modo diretto, ma si interconnettono attraverso la corteccia prefrontale. Nel caso di Dosenbach e del suo gruppo, si potrebbe parzialmente associare la rete di controllo fronto-parietale a strutture della rete di attenzione dorsale, mentre si potrebbe realizzare un&#8217;analogia tra il rilevamento della salienza ambientale (ventrale) e la rilevazione di un errore durante l&#8217;esecuzione di un compito.<\/p>\n\n\n\n<h2 class=\"wp-block-heading\">Conclusione<\/h2>\n\n\n\n<p>In definitiva, il modello di Posner che include la ACC come parte di un sistema di controllo attentivo non era del tutto completo, e i modelli di Dosenbach e Corbetta lo implementano, proponendo sistemi pi\u00f9 complessi, che implicano una maggiore interrelazione tra reti su larga scala in un&#8217;architettura di &#8216;small world&#8217;, e un controllo attentivo <strong>che non dipende quasi esclusivamente dalle strutture prefrontali<\/strong>.<\/p>\n\n\n\n<p>In questo senso, la ACC \u2013 e, in particolare, la ACC dorsale \u2013 sembrano essere un nodo di elaborazione che assume maggiore importanza rispetto alle strutture prefrontali come entit\u00e0 necessaria per svolgere compiti cognitivi di alto livello; specialmente quando \u00e8 necessario mantenere un set cognitivo e per rilevare che tale set sta fallendo nell&#8217;esecuzione di un compito.<\/p>\n\n\n\n<p>Infatti, i neuroni di von Economo si sono sviluppati pi\u00f9 tardi rispetto ad altre cellule che formano strutture neuronali con funzioni adattative. Ci\u00f2 significa che, grazie a questi neuroni, il nostro comportamento orientato a un obiettivo \u00e8 pi\u00f9 esteso rispetto ad altri animali, il che, ontogeneticamente, pu\u00f2 essere osservato anche rispetto allo sviluppo evolutivo degli umani.<\/p>\n\n\n\n<h2 class=\"wp-block-heading\">Bibliografia<\/h2>\n\n\n\n<ul class=\"wp-block-list has-sm-font-size\">\n<li>Allen G<sup>1<\/sup>, Buxton RB, Wong EC, Courchesne E (1997). Attentional activation of the cerebellum independent of motor involvement.<\/li>\n\n\n\n<li>Corbetta M<sup>1<\/sup>, Shulman GL (2002). Control of goal-directed and stimulus-driven attention in the brain<\/li>\n\n\n\n<li>Dosenbach, N. U. F., Fair, D., Cohen, A. L., Schlaggar, B. L., &amp; Petersen, S. E. (2008). A dual-networks architecture of top-down control. <em>Trends in Cognitive Sciences<\/em>, <em>12<\/em>(3), 99-105. https:\/\/doi.org\/10.1016\/j.tics.2008.01.001<\/li>\n\n\n\n<li><em>Posner<\/em>, M. I. (<em>1995<\/em>). Attention in cognitive neuroscience: An overview. In M. S. Gazzaniga (Ed.)<\/li>\n\n\n\n<li>Posner, M.I. e Bourke P. (1999): &#8220;Attention&#8221;.<\/li>\n\n\n\n<li>Raichle ME (2001). A default mode of brain function<\/li>\n<\/ul>\n\n\n\n<h3 class=\"wp-block-heading\">Se ti \u00e8 piaciuto questo articolo sulle brevi basi anatomiche dell&#8217;attenzione, potrebbero interessarti anche i seguenti articoli:<\/h3>\n\n<div class=\"mai-grid entries entries-grid has-boxed has-image-full\" style=\"--entry-title-font-size:var(--font-size-lg);--align-text:start;--entry-meta-text-align:start;\"><div class=\"entries-wrap has-columns\" style=\"--columns-xs:1\/1;--columns-sm:1\/1;--columns-md:1\/3;--columns-lg:1\/3;--flex-xs:0 0 var(--flex-basis);--flex-sm:0 0 var(--flex-basis);--flex-md:0 0 var(--flex-basis);--flex-lg:0 0 var(--flex-basis);--column-gap:var(--spacing-lg);--row-gap:var(--spacing-lg);--align-columns:start;\"><article class=\"entry entry-grid is-column has-entry-link has-image has-image-first type-post category-stimolazione-e-riabilitazione-cognitiva tag-cervello tag-stimolazione-cognitiva\" style=\"--entry-index:1;\" aria-label=\"Stimolazione magnetica transcranica e riabilitazione cognitiva\" itemscope itemtype=\"https:\/\/schema.org\/CreativeWork\"><a class=\"entry-image-link\" href=\"https:\/\/neuronup.com\/it\/stimolazione-e-riabilitazione-cognitiva\/stimolazione-magnetica-transcranica-e-riabilitazione-cognitiva\/\" tabindex=\"-1\" aria-hidden=\"true\"><img decoding=\"async\" width=\"400\" height=\"300\" src=\"https:\/\/neuronup.com\/it\/wp-content\/uploads\/2024\/07\/Stimolazione-magnetica-transcranica-e-riabilitazione-cognitiva-400x300.webp\" class=\"entry-image size-landscape-sm\" alt=\"Uomo seduto davanti a grande schermo interattivo, cuffia blu e auricolari; medico in camice osserva accanto, display mostra farfalle colorate.\" srcset=\"https:\/\/neuronup.com\/it\/wp-content\/uploads\/2024\/07\/Stimolazione-magnetica-transcranica-e-riabilitazione-cognitiva-400x300.webp 400w, https:\/\/neuronup.com\/it\/wp-content\/uploads\/2024\/07\/Stimolazione-magnetica-transcranica-e-riabilitazione-cognitiva-800x600.webp 800w\" sizes=\"(max-width:599px) 599px, (min-width:600px) and (max-width: 799px) 799px, (min-width:800px) and (max-width: 999px) 333px, (min-width:1000px) 400px\" \/><\/a><div class=\"entry-wrap entry-wrap-grid\"><h3 class=\"entry-title\" itemprop=\"headline\"><a class=\"entry-title-link\" href=\"https:\/\/neuronup.com\/it\/stimolazione-e-riabilitazione-cognitiva\/stimolazione-magnetica-transcranica-e-riabilitazione-cognitiva\/\" rel=\"bookmark\">Stimolazione magnetica transcranica e riabilitazione cognitiva<\/a><\/h3>\n<\/div><\/article><article class=\"entry entry-grid is-column has-entry-link has-image has-image-first type-post category-asd-disturbi-dello-spettro-autistico tag-autismo tag-disturbi-del-neurosviluppo\" style=\"--entry-index:2;\" aria-label=\"La enorme sfida di vivere con autismo\" itemscope itemtype=\"https:\/\/schema.org\/CreativeWork\"><a class=\"entry-image-link\" href=\"https:\/\/neuronup.com\/it\/stimolazione-e-riabilitazione-cognitiva\/disturbi-del-neurosviluppo\/asd-disturbi-dello-spettro-autistico\/limmenso-ritorno-di-portare-una-vita-con-autismo\/\" tabindex=\"-1\" aria-hidden=\"true\"><img decoding=\"async\" width=\"400\" height=\"267\" src=\"https:\/\/neuronup.com\/it\/wp-content\/uploads\/2023\/09\/vida-con-autismo.webp\" class=\"entry-image size-landscape-sm\" alt=\"Donna dai capelli rossi e bambino con camicia a quadri seduti a tavolo, gioco di pezzi colorati, ambiente domestico accogliente.\" srcset=\"https:\/\/neuronup.com\/it\/wp-content\/uploads\/2023\/09\/vida-con-autismo-300x200.webp 300w, https:\/\/neuronup.com\/it\/wp-content\/uploads\/2023\/09\/vida-con-autismo-768x512.webp 768w, https:\/\/neuronup.com\/it\/wp-content\/uploads\/2023\/09\/vida-con-autismo-1024x683.webp 1024w, https:\/\/neuronup.com\/it\/wp-content\/uploads\/2023\/09\/vida-con-autismo.webp 1200w\" sizes=\"(max-width:599px) 599px, (min-width:600px) and (max-width: 799px) 799px, (min-width:800px) and (max-width: 999px) 333px, (min-width:1000px) 400px\" \/><\/a><div class=\"entry-wrap entry-wrap-grid\"><h3 class=\"entry-title\" itemprop=\"headline\"><a class=\"entry-title-link\" href=\"https:\/\/neuronup.com\/it\/stimolazione-e-riabilitazione-cognitiva\/disturbi-del-neurosviluppo\/asd-disturbi-dello-spettro-autistico\/limmenso-ritorno-di-portare-una-vita-con-autismo\/\" rel=\"bookmark\">La enorme sfida di vivere con autismo<\/a><\/h3>\n<\/div><\/article><article class=\"entry entry-grid is-column has-entry-link has-image has-image-first type-post category-malattia-di-alzheimer tag-alzheimer tag-bambini tag-malattie-neurodegenerative\" style=\"--entry-index:3;\" aria-label=\"Come spiegare cos&#8217;\u00e8 l&#8217;Alzheimer ai pi\u00f9 piccoli, ai bambini\" itemscope itemtype=\"https:\/\/schema.org\/CreativeWork\"><a class=\"entry-image-link\" href=\"https:\/\/neuronup.com\/it\/stimolazione-e-riabilitazione-cognitiva\/malattie-neurodegenerative\/malattia-di-alzheimer\/come-spiegare-che-cose-lalzheimer-ai-piu-piccoli-i-bambini\/\" tabindex=\"-1\" aria-hidden=\"true\"><img decoding=\"async\" width=\"400\" height=\"267\" src=\"https:\/\/neuronup.com\/it\/wp-content\/uploads\/2021\/10\/grandfather-and-grandson-reading-the-news-8CLEBCE-1536x1025-1.webp\" class=\"entry-image size-landscape-sm\" alt=\"Nonno e nipotino seduti sul divano leggono insieme un giornale; nonno con cappello di feltro e occhiali, entrambi sorridenti, sfondo neutro.\" srcset=\"https:\/\/neuronup.com\/it\/wp-content\/uploads\/2021\/10\/grandfather-and-grandson-reading-the-news-8CLEBCE-1536x1025-1-300x200.webp 300w, https:\/\/neuronup.com\/it\/wp-content\/uploads\/2021\/10\/grandfather-and-grandson-reading-the-news-8CLEBCE-1536x1025-1-768x513.webp 768w, https:\/\/neuronup.com\/it\/wp-content\/uploads\/2021\/10\/grandfather-and-grandson-reading-the-news-8CLEBCE-1536x1025-1-1024x683.webp 1024w, https:\/\/neuronup.com\/it\/wp-content\/uploads\/2021\/10\/grandfather-and-grandson-reading-the-news-8CLEBCE-1536x1025-1.webp 1536w\" sizes=\"(max-width:599px) 599px, (min-width:600px) and (max-width: 799px) 799px, (min-width:800px) and (max-width: 999px) 333px, (min-width:1000px) 400px\" \/><\/a><div class=\"entry-wrap entry-wrap-grid\"><h3 class=\"entry-title\" itemprop=\"headline\"><a class=\"entry-title-link\" href=\"https:\/\/neuronup.com\/it\/stimolazione-e-riabilitazione-cognitiva\/malattie-neurodegenerative\/malattia-di-alzheimer\/come-spiegare-che-cose-lalzheimer-ai-piu-piccoli-i-bambini\/\" rel=\"bookmark\">Come spiegare cos&#8217;\u00e8 l&#8217;Alzheimer ai pi\u00f9 piccoli, ai bambini<\/a><\/h3>\n<\/div><\/article><article class=\"entry entry-grid is-column has-entry-link has-image has-image-first type-post category-malattie-neurodegenerative tag-adulti tag-malattie-neurodegenerative tag-stimolazione-cognitiva\" style=\"--entry-index:4;\" aria-label=\"La musicoterapia nel trattamento della demenza: benefici, tipologie e impatto sul cervello\" itemscope itemtype=\"https:\/\/schema.org\/CreativeWork\"><a class=\"entry-image-link\" href=\"https:\/\/neuronup.com\/it\/stimolazione-e-riabilitazione-cognitiva\/malattie-neurodegenerative\/la-musicoterapia-nel-trattamento-della-demenza-benefici-tipologie-e-impatto-sul-cervello\/\" tabindex=\"-1\" aria-hidden=\"true\"><img decoding=\"async\" width=\"400\" height=\"300\" src=\"https:\/\/neuronup.com\/it\/wp-content\/uploads\/2025\/05\/La-musicoterapia-nel-trattamento-della-demenza-400x300.webp\" class=\"entry-image size-landscape-sm\" alt=\"Anziana seduta sul divano indossa cuffie bianche, sorride e tiene un telefono in mano in un ambiente domestico accogliente.\" srcset=\"https:\/\/neuronup.com\/it\/wp-content\/uploads\/2025\/05\/La-musicoterapia-nel-trattamento-della-demenza-400x300.webp 400w, https:\/\/neuronup.com\/it\/wp-content\/uploads\/2025\/05\/La-musicoterapia-nel-trattamento-della-demenza-800x600.webp 800w\" sizes=\"(max-width:599px) 599px, (min-width:600px) and (max-width: 799px) 799px, (min-width:800px) and (max-width: 999px) 333px, (min-width:1000px) 400px\" \/><\/a><div class=\"entry-wrap entry-wrap-grid\"><h3 class=\"entry-title\" itemprop=\"headline\"><a class=\"entry-title-link\" href=\"https:\/\/neuronup.com\/it\/stimolazione-e-riabilitazione-cognitiva\/malattie-neurodegenerative\/la-musicoterapia-nel-trattamento-della-demenza-benefici-tipologie-e-impatto-sul-cervello\/\" rel=\"bookmark\">La musicoterapia nel trattamento della demenza: benefici, tipologie e impatto sul cervello<\/a><\/h3>\n<\/div><\/article><article class=\"entry entry-grid is-column has-entry-link has-image has-image-first type-post category-progetti tag-notizie-di-neuronup\" style=\"--entry-index:5;\" aria-label=\"Promuovendo un invecchiamento attivo: il pilota andaluso del Progetto PHArA-ON\" itemscope itemtype=\"https:\/\/schema.org\/CreativeWork\"><a class=\"entry-image-link\" href=\"https:\/\/neuronup.com\/it\/progetti\/promuovendo-un-invecchiamento-attivo-il-pilota-andaluso-del-progetto-phara-on\/\" tabindex=\"-1\" aria-hidden=\"true\"><img decoding=\"async\" width=\"400\" height=\"300\" src=\"https:\/\/neuronup.com\/it\/wp-content\/uploads\/2024\/05\/NeuronUP-PHArA-ON.webp\" class=\"entry-image size-landscape-sm\" alt=\"Donna anziana seduta su divano rosso usa tablet, occhiali e capelli ricci, concentrata sullo schermo; sfondo con tavolo e sedie.\" srcset=\"https:\/\/neuronup.com\/it\/wp-content\/uploads\/2024\/05\/NeuronUP-PHArA-ON-300x225.webp 300w, https:\/\/neuronup.com\/it\/wp-content\/uploads\/2024\/05\/NeuronUP-PHArA-ON-768x576.webp 768w, https:\/\/neuronup.com\/it\/wp-content\/uploads\/2024\/05\/NeuronUP-PHArA-ON-1024x768.webp 1024w, https:\/\/neuronup.com\/it\/wp-content\/uploads\/2024\/05\/NeuronUP-PHArA-ON.webp 1200w\" sizes=\"(max-width:599px) 599px, (min-width:600px) and (max-width: 799px) 799px, (min-width:800px) and (max-width: 999px) 333px, (min-width:1000px) 400px\" \/><\/a><div class=\"entry-wrap entry-wrap-grid\"><h3 class=\"entry-title\" itemprop=\"headline\"><a class=\"entry-title-link\" href=\"https:\/\/neuronup.com\/it\/progetti\/promuovendo-un-invecchiamento-attivo-il-pilota-andaluso-del-progetto-phara-on\/\" rel=\"bookmark\">Promuovendo un invecchiamento attivo: il pilota andaluso del Progetto PHArA-ON<\/a><\/h3>\n<\/div><\/article><article class=\"entry entry-grid is-column has-entry-link has-image has-image-first type-post category-stimolazione-e-riabilitazione-cognitiva tag-stimolazione-cognitiva tag-teleriabilitazione\" style=\"--entry-index:6;\" aria-label=\"Stimolazione cognitiva ibrida di gruppi di prevenzione con NeuronUP\" itemscope itemtype=\"https:\/\/schema.org\/CreativeWork\"><a class=\"entry-image-link\" href=\"https:\/\/neuronup.com\/it\/stimolazione-e-riabilitazione-cognitiva\/stimolazione-cognitiva-ibrida-di-gruppi-di-prevenzione-con-neuronup\/\" tabindex=\"-1\" aria-hidden=\"true\"><img decoding=\"async\" width=\"400\" height=\"300\" src=\"https:\/\/neuronup.com\/it\/wp-content\/uploads\/2021\/11\/Copia-della-tecnologia-fotografica-1-400x300.webp\" class=\"entry-image size-landscape-sm\" alt=\"Uomo anziano con barba interagisce con un computer; sullo schermo compaiono persone stilizzate sedute in un ambiente moderno.\" srcset=\"https:\/\/neuronup.com\/it\/wp-content\/uploads\/2021\/11\/Copia-della-tecnologia-fotografica-1-400x300.webp 400w, https:\/\/neuronup.com\/it\/wp-content\/uploads\/2021\/11\/Copia-della-tecnologia-fotografica-1-800x600.webp 800w\" sizes=\"(max-width:599px) 599px, (min-width:600px) and (max-width: 799px) 799px, (min-width:800px) and (max-width: 999px) 333px, (min-width:1000px) 400px\" \/><\/a><div class=\"entry-wrap entry-wrap-grid\"><h3 class=\"entry-title\" itemprop=\"headline\"><a class=\"entry-title-link\" href=\"https:\/\/neuronup.com\/it\/stimolazione-e-riabilitazione-cognitiva\/stimolazione-cognitiva-ibrida-di-gruppi-di-prevenzione-con-neuronup\/\" rel=\"bookmark\">Stimolazione cognitiva ibrida di gruppi di prevenzione con NeuronUP<\/a><\/h3>\n<\/div><\/article><\/div><\/div>","protected":false},"excerpt":{"rendered":"<p>Questo articolo espone alcune brevi basi anatomiche dell&#8217;attenzione e una descrizione dei principali nodi che intervengono nel processo attentivo e del loro funzionamento. \u201cL&#8217;attenzione \u00e8 la selezione delle informazioni per l&#8217;elaborazione e l&#8217;azione consapevoli, nonch\u00e9 il mantenimento dello stato di allerta richiesto per un&#8217;elaborazione attenta. (Posner e Bourke, 1999) Concetti fondamentali dell&#8217;attenzione Posner (1995) individua &hellip;<\/p>\n","protected":false},"author":219,"featured_media":19585,"comment_status":"open","ping_status":"closed","sticky":false,"template":"","format":"standard","meta":{"_acf_changed":false,"_genesis_hide_title":false,"_genesis_hide_breadcrumbs":false,"_genesis_hide_singular_image":false,"_genesis_hide_footer_widgets":false,"_genesis_custom_body_class":"","_genesis_custom_post_class":"","_genesis_layout":"","footnotes":""},"categories":[66],"tags":[58,216],"class_list":{"2":"type-post","7":"category-neuroscienze-del-cervello","8":"tag-attenzione","9":"tag-cervello","10":"entry"},"acf":[],"_links":{"self":[{"href":"https:\/\/neuronup.com\/it\/wp-json\/wp\/v2\/posts\/19576","targetHints":{"allow":["GET"]}}],"collection":[{"href":"https:\/\/neuronup.com\/it\/wp-json\/wp\/v2\/posts"}],"about":[{"href":"https:\/\/neuronup.com\/it\/wp-json\/wp\/v2\/types\/post"}],"author":[{"embeddable":true,"href":"https:\/\/neuronup.com\/it\/wp-json\/wp\/v2\/users\/219"}],"replies":[{"embeddable":true,"href":"https:\/\/neuronup.com\/it\/wp-json\/wp\/v2\/comments?post=19576"}],"version-history":[{"count":0,"href":"https:\/\/neuronup.com\/it\/wp-json\/wp\/v2\/posts\/19576\/revisions"}],"wp:featuredmedia":[{"embeddable":true,"href":"https:\/\/neuronup.com\/it\/wp-json\/wp\/v2\/media\/19585"}],"wp:attachment":[{"href":"https:\/\/neuronup.com\/it\/wp-json\/wp\/v2\/media?parent=19576"}],"wp:term":[{"taxonomy":"category","embeddable":true,"href":"https:\/\/neuronup.com\/it\/wp-json\/wp\/v2\/categories?post=19576"},{"taxonomy":"post_tag","embeddable":true,"href":"https:\/\/neuronup.com\/it\/wp-json\/wp\/v2\/tags?post=19576"}],"curies":[{"name":"wp","href":"https:\/\/api.w.org\/{rel}","templated":true}]}}