
{"id":19005,"date":"2026-01-23T10:57:02","date_gmt":"2026-01-23T08:57:02","guid":{"rendered":"https:\/\/neuronup.com\/?p=19005"},"modified":"2025-05-26T12:07:28","modified_gmt":"2025-05-26T10:07:28","slug":"master-in-neuropsicologia-infantile-e-adolescenziale","status":"publish","type":"post","link":"https:\/\/neuronup.com\/it\/formazione\/master-in-neuropsicologia-infantile-e-adolescenziale\/","title":{"rendered":"Perch\u00e9 fare un Master in Neuropsicologia Infanto-Giovanile?"},"content":{"rendered":"\n<p class=\"has-xl-font-size\">Il direttore accademico, Iban Onandia, ci spiega in questo articolo l&#8217;importanza di svolgere un <strong>Master in Neuropsicologia Infanto-Giovanile<\/strong> per offrire servizi di qualit\u00e0.<\/p>\n\n\n\n<h2 class=\"wp-block-heading\">La neuropsicologia infanto-giovanile<\/h2>\n\n\n\n<p>La neuropsicologia, disciplina incaricata di studiare e analizzare il funzionamento del cervello in<br \/>funzione del comportamento, rappresenta uno degli ambiti di conoscenza e di esercizio professionale pi\u00f9<br \/>richiesti oggi. Quando parliamo dell&#8217;ambito infantile o pediatrico di questa disciplina,<br \/>questa rilevanza e necessit\u00e0 aumenta esponenzialmente, come si pu\u00f2 osservare facilmente negli<br \/>ultimi anni in svariati indicatori. <\/p>\n\n\n\n<h2 class=\"wp-block-heading\">Master in neuropsicologia infanto-giovanile<\/h2>\n\n\n\n<p>Per questi motivi, <strong>\u00cdtaca Formaci\u00f3n<\/strong> ha deciso di creare un programma di Master in Neuropsicologia Infanto-Giovanile con <strong>Iban Onandia<\/strong> come direttore accademico. <\/p>\n\n\n\n<figure class=\"wp-block-image size-full\"><img decoding=\"async\" width=\"768\" height=\"546\" src=\"https:\/\/neuronup.com\/it\/wp-content\/uploads\/2022\/11\/Cartel-4o-MASTER-Neuropsicologia-INFANTO-JUVENIL-1.webp\" alt=\"\u00bfPor qu\u00e9 hacer un Experto en Neuropsicolog\u00eda Infantil?\" class=\"wp-image-19008\" srcset=\"https:\/\/neuronup.com\/it\/wp-content\/uploads\/2022\/11\/Cartel-4o-MASTER-Neuropsicologia-INFANTO-JUVENIL-1-300x213.webp 300w, https:\/\/neuronup.com\/it\/wp-content\/uploads\/2022\/11\/Cartel-4o-MASTER-Neuropsicologia-INFANTO-JUVENIL-1.webp 768w\" sizes=\"(max-width: 768px) 100vw, 768px\" \/><\/figure>\n\n\n\n<h2 class=\"wp-block-heading\">Qual \u00e8 l&#8217;obiettivo?<\/h2>\n\n\n\n<p>Questo Master intende diventare un punto di riferimento nella formazione di neuropsicologia infanto-giovanile, in modo da fornire agli studenti che lo seguono non solo le conoscenze teoriche necessarie alla comprensione e all&#8217;esercizio della disciplina, ma anche competenze e abilit\u00e0 teorico-pratiche che permettano di valutare e intervenire su un&#8217;ampia gamma di casi che necessitino di un neuropsicologo infanto-giovanile in qualunque dei contesti e servizi in cui possa essere richiesto un professionista di questo tipo.<\/p>\n\n\n\n<h2 class=\"wp-block-heading\">Corpo docente del Master in neuropsicologia infanto-giovanile<\/h2>\n\n\n\n<p>Tutte le materie del Master in Neuropsicologia Infanto-Giovanile saranno tenute da <strong>professori con un&#8217;ampia esperienza e riconoscimento a livello nazionale e internazionale<\/strong>. Il corpo docente \u00e8 composto da 19 professionisti. Hanno una carriera nella neuropsicologia che li rende<strong> un e<strong>squadra<\/strong> unica.<\/strong><\/p>\n\n\n\n<h3 class=\"wp-block-heading\">Direttore accademico<\/h3>\n\n\n\n<p>Iban Onandia \u00e8 dottore in Psicologia Clinica e della Salute, possiede un Master in Salute Mentale e Terapie Psicologiche. Psicologo e Neuropsicologo clinico dal 2008 in diversi centri e ospedali.<\/p>\n\n\n\n<h3 class=\"wp-block-heading\">Docenti<\/h3>\n\n\n\n<ul class=\"wp-block-list\">\n<li>Aar\u00f3n del Olmo, Ph.D.<\/li>\n\n\n\n<li>Ana F\u00e1tima G\u00f3mez Su\u00e1rez,<\/li>\n\n\n\n<li>Beatriz Gavil\u00e1n, Ph.D,<\/li>\n\n\n\n<li>Eulalia Sol\u00eds Coca,<\/li>\n\n\n\n<li>Ignacio S\u00e1nchez Cubillo,<\/li>\n\n\n\n<li>Javier Oltra Cucarella,<\/li>\n\n\n\n<li>Juan \u00c1lvarez Linera,<\/li>\n\n\n\n<li>Juan Anaya Ojeda,<\/li>\n\n\n\n<li>Laura Herrera,<\/li>\n\n\n\n<li>Luc\u00eda Zum\u00e1rraga, MS,<\/li>\n\n\n\n<li>Mar\u00eda Juncal, Ph,D.,<\/li>\n\n\n\n<li>Mar\u00eda Merino Mart\u00ednez<\/li>\n\n\n\n<li>Mar\u00eda Motos Mu\u00f1oz, Ph,D.,<\/li>\n\n\n\n<li>Marina Medina Cutillas<\/li>\n\n\n\n<li>Mar\u00eda Jos\u00e9 Mas Salguero.<\/li>\n\n\n\n<li>Oiane Rilo, Ph,D<\/li>\n\n\n\n<li>Ram\u00f3n Fern\u00e1ndez de Bobadilla, Ph,D<\/li>\n\n\n\n<li>Rub\u00e9n P\u00e9rez Elvira, Ph,D.<\/li>\n<\/ul>\n\n\n\n<h2 class=\"wp-block-heading\">Contenuto del master in neuropsicologia infanto-giovanile<\/h2>\n\n\n\n<p>Questo Master prevede inizialmente moduli di introduzione al neurosviluppo e alla cognizione.<\/p>\n\n\n\n<p>Successivamente, esiste un modulo in cui vengono analizzate le diverse competenze che pu\u00f2 avere il neuropsicologo al di l\u00e0 di quelle classicamente concepite e ampiamente note dell&#8217;esercizio clinico.<\/p>\n\n\n\n<p>Infine, e ci\u00f2 che risulta pi\u00f9 innovativo, avremo un workshop di casi clinici dove mettere in pratica tutto ci\u00f2 che \u00e8 stato appreso durante l&#8217;intero Master, sia in termini di conoscenze che<br \/>le abilit\u00e0.<\/p>\n\n\n\n<h3 class=\"wp-block-heading\">I moduli<\/h3>\n\n\n\n<ul class=\"wp-block-list\">\n<li>Modulo 1: neurosviluppo, fattori condizionanti e cognizione<\/li>\n\n\n\n<li>Modulo 2: competenze del neuropsicologo,<\/li>\n\n\n\n<li>Modulo 3: fondamenti della valutazione e dell&#8217;intervento in neuropsicologia infantile,<\/li>\n\n\n\n<li>Modulo 4: disturbi neurocognitivi infantili,<\/li>\n\n\n\n<li>Modulo 5: workshop di casi clinici,<\/li>\n\n\n\n<li>lavoro finale dello specialista universitario.<\/li>\n<\/ul>\n\n\n\n<h2 class=\"wp-block-heading\">Conclusioni<\/h2>\n\n\n\n<p>Questo <strong>Master in Neuropsicologia Infantile<\/strong> permette di apprendere con i migliori professionisti di neuropsicologia infantile <strong>da qualunque parte del mondo<\/strong> a un prezzo equo e con diverse modalit\u00e0 di pagamento. In questo modo, i suoi studenti potranno progredire nella loro formazione e specializzarsi in un&#8217;area di intervento necessaria in modo innovativo e aggiornato.<\/p>\n\n\n\n<p class=\"has-lg-font-size\"><strong>Hai bisogno di pi\u00f9 informazioni?<\/strong> Te le forniamo tutte. Visita https:\/\/itacaformacion.es\/cursos\/4o-master-en-neuropsicologia-infanto-juvenil\/ e potrai accedere al dossier completo, conoscere il corpo docente, consultare il cronoprogramma o effettuare la tua iscrizione.<\/p>\n\n\n\n<p class=\"has-lg-font-size\"><strong>Vuoi chiederci qualcos&#8217;altro?<\/strong> Saremo felici di assisterti all&#8217;indirizzo atencion@itacaformacion.es o al +34 683 61 11 36<\/p>\n\n\n\n<h3 class=\"wp-block-heading\">Se ti \u00e8 piaciuto questo articolo sull&#8217;<strong>importanza di fare un Master in Neuropsicologia Infanto-Giovanile,<\/strong>&nbsp;potrebbero interessarti&nbsp;queste pubblicazioni di&nbsp;<strong>NeuronUP<\/strong>:<\/h3>\n\n<div class=\"mai-grid entries entries-grid has-boxed has-image-full\" style=\"--entry-title-font-size:var(--font-size-lg);--align-text:start;--entry-meta-text-align:start;\"><div class=\"entries-wrap has-columns\" style=\"--columns-xs:1\/1;--columns-sm:1\/1;--columns-md:1\/3;--columns-lg:1\/3;--flex-xs:0 0 var(--flex-basis);--flex-sm:0 0 var(--flex-basis);--flex-md:0 0 var(--flex-basis);--flex-lg:0 0 var(--flex-basis);--column-gap:var(--spacing-lg);--row-gap:var(--spacing-lg);--align-columns:start;\"><article class=\"entry entry-grid is-column has-entry-link has-image has-image-first type-post category-malattia-mentale tag-salute-mentale\" style=\"--entry-index:1;\" aria-label=\"Il disturbo borderline di personalit\u00e0 raccontato in prima persona\" itemscope itemtype=\"https:\/\/schema.org\/CreativeWork\"><a class=\"entry-image-link\" href=\"https:\/\/neuronup.com\/it\/stimolazione-e-riabilitazione-cognitiva\/malattia-mentale\/il-disturbo-borderline-di-personalita-raccontato-in-prima-persona\/\" tabindex=\"-1\" aria-hidden=\"true\"><img decoding=\"async\" width=\"400\" height=\"300\" src=\"https:\/\/neuronup.com\/it\/wp-content\/uploads\/2022\/03\/El-trastorno-limite-de-personalidad-contado-en-primera-persona-1.webp\" class=\"entry-image size-landscape-sm\" alt=\"Una persona ha una tavola bianca davanti al volto con espressione arrabbiata; giubbotto beige in ambiente minimalista.\" srcset=\"https:\/\/neuronup.com\/it\/wp-content\/uploads\/2022\/03\/El-trastorno-limite-de-personalidad-contado-en-primera-persona-1-300x225.webp 300w, https:\/\/neuronup.com\/it\/wp-content\/uploads\/2022\/03\/El-trastorno-limite-de-personalidad-contado-en-primera-persona-1-768x576.webp 768w, https:\/\/neuronup.com\/it\/wp-content\/uploads\/2022\/03\/El-trastorno-limite-de-personalidad-contado-en-primera-persona-1-1024x768.webp 1024w, https:\/\/neuronup.com\/it\/wp-content\/uploads\/2022\/03\/El-trastorno-limite-de-personalidad-contado-en-primera-persona-1.webp 1200w\" sizes=\"(max-width:599px) 599px, (min-width:600px) and (max-width: 799px) 799px, (min-width:800px) and (max-width: 999px) 333px, (min-width:1000px) 400px\" \/><\/a><div class=\"entry-wrap entry-wrap-grid\"><h3 class=\"entry-title\" itemprop=\"headline\"><a class=\"entry-title-link\" href=\"https:\/\/neuronup.com\/it\/stimolazione-e-riabilitazione-cognitiva\/malattia-mentale\/il-disturbo-borderline-di-personalita-raccontato-in-prima-persona\/\" rel=\"bookmark\">Il disturbo borderline di personalit\u00e0 raccontato in prima persona<\/a><\/h3>\n<\/div><\/article><article class=\"entry entry-grid is-column has-entry-link has-image has-image-first type-post category-neuropsicologia tag-neuropsicologia\" style=\"--entry-index:2;\" aria-label=\"Neuropsicologia dell&#8217;alcol\" itemscope itemtype=\"https:\/\/schema.org\/CreativeWork\"><a class=\"entry-image-link\" href=\"https:\/\/neuronup.com\/it\/neuroscienze\/neuropsicologia\/neuropsicologia-dellalcol\/\" tabindex=\"-1\" aria-hidden=\"true\"><img decoding=\"async\" width=\"400\" height=\"300\" src=\"https:\/\/neuronup.com\/it\/wp-content\/uploads\/2024\/10\/Neuropsicologia-dellalcol-400x300.webp\" class=\"entry-image size-landscape-sm\" alt=\"Uomo anziano in giacca blu beve vino rosso in un contesto elegante, tavolo apparecchiato e illuminazione calda.\" srcset=\"https:\/\/neuronup.com\/it\/wp-content\/uploads\/2024\/10\/Neuropsicologia-dellalcol-400x300.webp 400w, https:\/\/neuronup.com\/it\/wp-content\/uploads\/2024\/10\/Neuropsicologia-dellalcol-800x600.webp 800w\" sizes=\"(max-width:599px) 599px, (min-width:600px) and (max-width: 799px) 799px, (min-width:800px) and (max-width: 999px) 333px, (min-width:1000px) 400px\" \/><\/a><div class=\"entry-wrap entry-wrap-grid\"><h3 class=\"entry-title\" itemprop=\"headline\"><a class=\"entry-title-link\" href=\"https:\/\/neuronup.com\/it\/neuroscienze\/neuropsicologia\/neuropsicologia-dellalcol\/\" rel=\"bookmark\">Neuropsicologia dell&#8217;alcol<\/a><\/h3>\n<\/div><\/article><article class=\"entry entry-grid is-column has-entry-link has-image has-image-first type-post category-formazione tag-neuronup\" style=\"--entry-index:3;\" aria-label=\"Certificato NeuronUP: 3 modi semplici per aggiungere il tuo certificato a LinkedIn\" itemscope itemtype=\"https:\/\/schema.org\/CreativeWork\"><a class=\"entry-image-link\" href=\"https:\/\/neuronup.com\/it\/formazione\/certificato-neuronup-3-modi-facili-per-aggiungere-il-tuo-certificato-a-linkedin\/\" tabindex=\"-1\" aria-hidden=\"true\"><img decoding=\"async\" width=\"400\" height=\"282\" src=\"https:\/\/neuronup.com\/it\/wp-content\/uploads\/2022\/06\/Certificado-de-NeuronUP.webp\" class=\"entry-image size-landscape-sm\" alt=\"Certificato NeuronUP intitolato Experto en NeuronUP con simboli che rappresentano strumenti, data di emissione e firma\" srcset=\"https:\/\/neuronup.com\/it\/wp-content\/uploads\/2022\/06\/Certificado-de-NeuronUP-300x211.webp 300w, https:\/\/neuronup.com\/it\/wp-content\/uploads\/2022\/06\/Certificado-de-NeuronUP.webp 655w\" sizes=\"(max-width:599px) 599px, (min-width:600px) and (max-width: 799px) 799px, (min-width:800px) and (max-width: 999px) 333px, (min-width:1000px) 400px\" \/><\/a><div class=\"entry-wrap entry-wrap-grid\"><h3 class=\"entry-title\" itemprop=\"headline\"><a class=\"entry-title-link\" href=\"https:\/\/neuronup.com\/it\/formazione\/certificato-neuronup-3-modi-facili-per-aggiungere-il-tuo-certificato-a-linkedin\/\" rel=\"bookmark\">Certificato NeuronUP: 3 modi semplici per aggiungere il tuo certificato a LinkedIn<\/a><\/h3>\n<\/div><\/article><article class=\"entry entry-grid is-column has-entry-link has-image has-image-first type-post category-neuroscienze-del-cervello tag-cervello\" style=\"--entry-index:4;\" aria-label=\"Organoidi: la nuova tecnica per fabbricare un cervello\" itemscope itemtype=\"https:\/\/schema.org\/CreativeWork\"><a class=\"entry-image-link\" href=\"https:\/\/neuronup.com\/it\/neuroscienze\/neuroscienze-del-cervello\/organoidi-la-nuova-tecnica-per-fabbricare-un-cervello\/\" tabindex=\"-1\" aria-hidden=\"true\"><img decoding=\"async\" width=\"400\" height=\"224\" src=\"https:\/\/neuronup.com\/it\/wp-content\/uploads\/2023\/05\/Organoides.webp\" class=\"entry-image size-landscape-sm\" alt=\"Rappresentazione al microscopio di cellule organoidi: pseudopodi visibili, ambiente scuro con effetto tridimensionale.\" srcset=\"https:\/\/neuronup.com\/it\/wp-content\/uploads\/2023\/05\/Organoides-300x168.webp 300w, https:\/\/neuronup.com\/it\/wp-content\/uploads\/2023\/05\/Organoides-768x430.webp 768w, https:\/\/neuronup.com\/it\/wp-content\/uploads\/2023\/05\/Organoides-1024x574.webp 1024w, https:\/\/neuronup.com\/it\/wp-content\/uploads\/2023\/05\/Organoides.webp 1215w\" sizes=\"(max-width:599px) 599px, (min-width:600px) and (max-width: 799px) 799px, (min-width:800px) and (max-width: 999px) 333px, (min-width:1000px) 400px\" \/><\/a><div class=\"entry-wrap entry-wrap-grid\"><h3 class=\"entry-title\" itemprop=\"headline\"><a class=\"entry-title-link\" href=\"https:\/\/neuronup.com\/it\/neuroscienze\/neuroscienze-del-cervello\/organoidi-la-nuova-tecnica-per-fabbricare-un-cervello\/\" rel=\"bookmark\">Organoidi: la nuova tecnica per fabbricare un cervello<\/a><\/h3>\n<\/div><\/article><article class=\"entry entry-grid is-column has-entry-link has-image has-image-first type-post category-malattia-di-alzheimer tag-alzheimer tag-malattie-neurodegenerative tag-memoria tag-riabilitazione-cognitiva\" style=\"--entry-index:5;\" aria-label=\"Riabilitazione cognitiva per persone con Alzheimer\" itemscope itemtype=\"https:\/\/schema.org\/CreativeWork\"><a class=\"entry-image-link\" href=\"https:\/\/neuronup.com\/it\/stimolazione-e-riabilitazione-cognitiva\/malattie-neurodegenerative\/malattia-di-alzheimer\/riabilitazione-cognitiva-per-persone-con-alzheimer\/\" tabindex=\"-1\" aria-hidden=\"true\"><img decoding=\"async\" width=\"400\" height=\"267\" src=\"https:\/\/neuronup.com\/it\/wp-content\/uploads\/2021\/11\/providing-care-for-elderly-2021-08-26-22-39-35-utc.webp\" class=\"entry-image size-landscape-sm\" alt=\"Anziana che guarda un tablet sorridendo, affiancata da una giovane in un ambiente domestico luminoso e accogliente.\" srcset=\"https:\/\/neuronup.com\/it\/wp-content\/uploads\/2021\/11\/providing-care-for-elderly-2021-08-26-22-39-35-utc-300x200.webp 300w, https:\/\/neuronup.com\/it\/wp-content\/uploads\/2021\/11\/providing-care-for-elderly-2021-08-26-22-39-35-utc-768x512.webp 768w, https:\/\/neuronup.com\/it\/wp-content\/uploads\/2021\/11\/providing-care-for-elderly-2021-08-26-22-39-35-utc-1024x683.webp 1024w, https:\/\/neuronup.com\/it\/wp-content\/uploads\/2021\/11\/providing-care-for-elderly-2021-08-26-22-39-35-utc.webp 1200w\" sizes=\"(max-width:599px) 599px, (min-width:600px) and (max-width: 799px) 799px, (min-width:800px) and (max-width: 999px) 333px, (min-width:1000px) 400px\" \/><\/a><div class=\"entry-wrap entry-wrap-grid\"><h3 class=\"entry-title\" itemprop=\"headline\"><a class=\"entry-title-link\" href=\"https:\/\/neuronup.com\/it\/stimolazione-e-riabilitazione-cognitiva\/malattie-neurodegenerative\/malattia-di-alzheimer\/riabilitazione-cognitiva-per-persone-con-alzheimer\/\" rel=\"bookmark\">Riabilitazione cognitiva per persone con Alzheimer<\/a><\/h3>\n<\/div><\/article><article class=\"entry entry-grid is-column has-entry-link has-image has-image-first type-post category-neuroscienze-del-cervello tag-cervello\" style=\"--entry-index:6;\" aria-label=\"Nuove proposte nella stimolazione sensoriale per il trattamento dei disturbi cronici della coscienza\" itemscope itemtype=\"https:\/\/schema.org\/CreativeWork\"><a class=\"entry-image-link\" href=\"https:\/\/neuronup.com\/it\/neuroscienze\/neuroscienze-del-cervello\/nuove-proposte-nella-stimolazione-sensoriale-per-il-trattamento-dei-disturbi-cronici-della-coscienza\/\" tabindex=\"-1\" aria-hidden=\"true\"><img decoding=\"async\" width=\"400\" height=\"267\" src=\"https:\/\/neuronup.com\/it\/wp-content\/uploads\/2023\/02\/trastorno-cronico-de-la-conciencia.webp\" class=\"entry-image size-landscape-sm\" alt=\"Persona seduta su un letto in ambiente domestico con postura di introspezione; sfondo arancione, pianta e pavimento in legno.\" srcset=\"https:\/\/neuronup.com\/it\/wp-content\/uploads\/2023\/02\/trastorno-cronico-de-la-conciencia-300x200.webp 300w, https:\/\/neuronup.com\/it\/wp-content\/uploads\/2023\/02\/trastorno-cronico-de-la-conciencia-768x512.webp 768w, https:\/\/neuronup.com\/it\/wp-content\/uploads\/2023\/02\/trastorno-cronico-de-la-conciencia-1024x683.webp 1024w, https:\/\/neuronup.com\/it\/wp-content\/uploads\/2023\/02\/trastorno-cronico-de-la-conciencia.webp 1200w\" sizes=\"(max-width:599px) 599px, (min-width:600px) and (max-width: 799px) 799px, (min-width:800px) and (max-width: 999px) 333px, (min-width:1000px) 400px\" \/><\/a><div class=\"entry-wrap entry-wrap-grid\"><h3 class=\"entry-title\" itemprop=\"headline\"><a class=\"entry-title-link\" href=\"https:\/\/neuronup.com\/it\/neuroscienze\/neuroscienze-del-cervello\/nuove-proposte-nella-stimolazione-sensoriale-per-il-trattamento-dei-disturbi-cronici-della-coscienza\/\" rel=\"bookmark\">Nuove proposte nella stimolazione sensoriale per il trattamento dei disturbi cronici della coscienza<\/a><\/h3>\n<\/div><\/article><\/div><\/div>","protected":false},"excerpt":{"rendered":"<p>Il direttore accademico, Iban Onandia, ci spiega in questo articolo l&#8217;importanza di svolgere un Master in Neuropsicologia Infanto-Giovanile per offrire servizi di qualit\u00e0. La neuropsicologia infanto-giovanile La neuropsicologia, disciplina incaricata di studiare e analizzare il funzionamento del cervello infunzione del comportamento, rappresenta uno degli ambiti di conoscenza e di esercizio professionale pi\u00f9richiesti oggi. Quando parliamo &hellip;<\/p>\n","protected":false},"author":103,"featured_media":19009,"comment_status":"open","ping_status":"open","sticky":false,"template":"","format":"standard","meta":{"_acf_changed":false,"_genesis_hide_title":false,"_genesis_hide_breadcrumbs":false,"_genesis_hide_singular_image":false,"_genesis_hide_footer_widgets":false,"_genesis_custom_body_class":"","_genesis_custom_post_class":"","_genesis_layout":"","footnotes":""},"categories":[423],"tags":[422,170],"class_list":{"2":"type-post","7":"category-formazione","8":"tag-disturbi-del-neurosviluppo","9":"tag-neuropsicologia","10":"entry"},"acf":[],"_links":{"self":[{"href":"https:\/\/neuronup.com\/it\/wp-json\/wp\/v2\/posts\/19005","targetHints":{"allow":["GET"]}}],"collection":[{"href":"https:\/\/neuronup.com\/it\/wp-json\/wp\/v2\/posts"}],"about":[{"href":"https:\/\/neuronup.com\/it\/wp-json\/wp\/v2\/types\/post"}],"author":[{"embeddable":true,"href":"https:\/\/neuronup.com\/it\/wp-json\/wp\/v2\/users\/103"}],"replies":[{"embeddable":true,"href":"https:\/\/neuronup.com\/it\/wp-json\/wp\/v2\/comments?post=19005"}],"version-history":[{"count":0,"href":"https:\/\/neuronup.com\/it\/wp-json\/wp\/v2\/posts\/19005\/revisions"}],"wp:featuredmedia":[{"embeddable":true,"href":"https:\/\/neuronup.com\/it\/wp-json\/wp\/v2\/media\/19009"}],"wp:attachment":[{"href":"https:\/\/neuronup.com\/it\/wp-json\/wp\/v2\/media?parent=19005"}],"wp:term":[{"taxonomy":"category","embeddable":true,"href":"https:\/\/neuronup.com\/it\/wp-json\/wp\/v2\/categories?post=19005"},{"taxonomy":"post_tag","embeddable":true,"href":"https:\/\/neuronup.com\/it\/wp-json\/wp\/v2\/tags?post=19005"}],"curies":[{"name":"wp","href":"https:\/\/api.w.org\/{rel}","templated":true}]}}