
{"id":18922,"date":"2026-01-22T10:57:02","date_gmt":"2026-01-22T08:57:02","guid":{"rendered":"https:\/\/neuronup.com\/?p=18922"},"modified":"2025-05-26T12:07:23","modified_gmt":"2025-05-26T10:07:23","slug":"la-sindrome-di-asperger-che-cose-aree-caratteristiche-e-neuropsicologia","status":"publish","type":"post","link":"https:\/\/neuronup.com\/it\/stimolazione-e-riabilitazione-cognitiva\/disturbi-del-neurosviluppo\/asd-disturbi-dello-spettro-autistico\/la-sindrome-di-asperger-che-cose-aree-caratteristiche-e-neuropsicologia\/","title":{"rendered":"La sindrome di Asperger: cos&#8217;\u00e8, aree, caratteristiche e neuropsicologia"},"content":{"rendered":"\n<p class=\"has-xl-font-size\">In occasione della Giornata Internazionale della Sindrome di Asperger, in questo articolo spieghiamo <strong>che cos\u2019\u00e8 la sindrome di Asperger<\/strong> dal punto di vista neuropsicologico, le sue caratteristiche e aree.<\/p>\n\n\n\n<div style=\"height:50px\" aria-hidden=\"true\" class=\"wp-block-spacer\"><\/div>\n\n\n\n<figure class=\"wp-block-image size-large image-interface\"><a href=\"https:\/\/neuronup.com\/wp-content\/uploads\/2025\/01\/Infografia-sindrome-de-Asperger-NeuronUP.pdf\"><img decoding=\"async\" src=\"https:\/\/neuronup.com\/wp-content\/uploads\/2025\/01\/Infografia-breve-Asperger-ES-NeuronUP-1024x576.webp\" alt=\"Breve infografica sulla sindrome di Asperger NeuronUP\" class=\"wp-image-36958\"\/><\/a><figcaption class=\"wp-element-caption\">Informazioni essenziali sulla sindrome di Asperger.<\/figcaption><\/figure>\n\n\n\n<div style=\"height:50px\" aria-hidden=\"true\" class=\"wp-block-spacer\"><\/div>\n\n\n\n<h2 class=\"wp-block-heading\">Che cos\u2019\u00e8 la sindrome di Asperger?<\/h2>\n\n\n\n<p>La sindrome di Asperger \u00e8 un <strong>disturbo neurologico<\/strong>, considerato un disturbo dello spettro autistico (DSA) che <strong>influenza il modo in cui il cervello elabora le informazioni<\/strong>.<\/p>\n\n\n\n<p>I bambini sono pi\u00f9 inclini all&#8217;autismo rispetto alle bambine. Per ogni quattro maschi con Asperger c\u2019\u00e8 una sola femmina diagnosticata.<\/p>\n\n\n\n<h2 class=\"wp-block-heading\">In quali ambiti incontrano difficolt\u00e0 le persone con Asperger?<\/h2>\n\n\n\n<p>Le persone con questa condizione manifestano difficolt\u00e0 nei seguenti ambiti:<\/p>\n\n\n\n<ol class=\"wp-block-list\">\n<li>Comunicazione,<\/li>\n\n\n\n<li>relazioni sociali,<\/li>\n\n\n\n<li>rigidit\u00e0 mentale e comportamentale.<\/li>\n<\/ol>\n\n\n\n<h2 class=\"wp-block-heading\">Caratteristiche<\/h2>\n\n\n\n<p>La sindrome di Asperger influisce su ogni individuo in modo diverso, sebbene esistano caratteristiche comuni:<\/p>\n\n\n\n<ol class=\"wp-block-list\">\n<li>Spesso sono persone con <strong>difficolt\u00e0 a gestire le relazioni sociali<\/strong>, sebbene ci\u00f2 non influisca sulle loro capacit\u00e0 intellettive. Di solito hanno un <strong>quoziente intellettivo da medio ad alto<\/strong>;<\/li>\n\n\n\n<li>sono <strong>ingenui e creduloni<\/strong>. Al contrario, sono persone oneste, sincere e <strong>fedeli<\/strong>,<\/li>\n\n\n\n<li>hanno <strong>difficolt\u00e0 a comprendere ci\u00f2 che un\u2019altra persona sta pensando o provando<\/strong>, ossia mettersi nei panni degli altri;<\/li>\n\n\n\n<li>faticano a <strong>mantenere il ritmo naturale di una conversazione<\/strong>. Al contrario, prestano una <strong>attenzione insolita ai dettagli<\/strong> della stessa;<\/li>\n\n\n\n<li><strong>si alterano facilmente per cambiamenti<\/strong> nelle routine e nelle transizioni,<\/li>\n\n\n\n<li><strong>letterali nel linguaggio e nella comprensione<\/strong>. Allo stesso tempo, possiedono un <strong>vocabolario ampio<\/strong>, tecnico e specializzato;<\/li>\n\n\n\n<li><strong>molto sensibili ai suoni forti<\/strong>, ai colori, alle luci, agli odori o ai sapori,<\/li>\n\n\n\n<li><strong>fissazione su un argomento o oggetto<\/strong>. Possono arrivare a diventare <strong>esperti sull\u2019argomento<\/strong>,<\/li>\n\n\n\n<li>fisicamente <strong>goffi nello sport<\/strong>,<\/li>\n\n\n\n<li><strong>difficolt\u00e0 nel prendere decisioni.<\/strong><\/li>\n<\/ol>\n\n\n<div class=\"wp-block-image\">\n<figure class=\"aligncenter size-large is-resized\"><img decoding=\"async\" width=\"1024\" height=\"1024\" src=\"https:\/\/neuronup.com\/it\/wp-content\/uploads\/2023\/02\/Sintomas-del-Chemobrain-2-1024x1024.webp\" alt=\"\" class=\"wp-image-23319\" style=\"width:500px\" srcset=\"https:\/\/neuronup.com\/it\/wp-content\/uploads\/2023\/02\/Sintomas-del-Chemobrain-2-150x150.webp 150w, https:\/\/neuronup.com\/it\/wp-content\/uploads\/2023\/02\/Sintomas-del-Chemobrain-2-300x300.webp 300w, https:\/\/neuronup.com\/it\/wp-content\/uploads\/2023\/02\/Sintomas-del-Chemobrain-2-768x768.webp 768w, https:\/\/neuronup.com\/it\/wp-content\/uploads\/2023\/02\/Sintomas-del-Chemobrain-2-1024x1024.webp 1024w, https:\/\/neuronup.com\/it\/wp-content\/uploads\/2023\/02\/Sintomas-del-Chemobrain-2.webp 1080w\" sizes=\"(max-width: 1024px) 100vw, 1024px\" \/><\/figure>\n<\/div>\n\n\n<h2 class=\"wp-block-heading\">Neuropsicologia e Asperger<\/h2>\n\n\n\n<p>Di seguito, offriamo un approccio alla sindrome di Asperger dal punto di vista neuropsicologico.<\/p>\n\n\n\n<h3 class=\"wp-block-heading\">Deficit nella Teoria della Mente<\/h3>\n\n\n\n<p>Quando prima citavamo l\u2019incapacit\u00e0 delle persone con Asperger di mettersi nei panni degli altri, stavamo proprio parlando della Teoria della Mente.<\/p>\n\n\n\n<p>Un termine che si riferisce alla <strong>capacit\u00e0 umana di formare una rappresentazione interna degli stati mentali di altre persone<\/strong>. Pertanto, le persone con Asperger devono apprendere questi schemi sociali perch\u00e9, per semplice osservazione, <strong>non possiedono questa capacit\u00e0<\/strong>.<\/p>\n\n\n\n<h3 class=\"wp-block-heading\">Teoria del deficit delle funzioni esecutive<\/h3>\n\n\n\n<p>&#8220;Le funzioni esecutive sono abilit\u00e0 di alto livello implicate nella generazione, nella regolazione, nell\u2019esecuzione efficace e nell\u2019adeguamento dei comportamenti diretti a obiettivi&#8221;. (Verdejo-Garc\u00eda e Bechara, 2010).<\/p>\n\n\n\n<p>Le funzioni esecutive includono processi quali:<\/p>\n\n\n\n<ul class=\"wp-block-list\">\n<li>la memoria di lavoro,<\/li>\n\n\n\n<li>la pianificazione,<\/li>\n\n\n\n<li>il ragionamento,<\/li>\n\n\n\n<li>la flessibilit\u00e0,<\/li>\n\n\n\n<li>l\u2019inibizione,<\/li>\n\n\n\n<li>la presa di decisioni.<\/li>\n<\/ul>\n\n\n\n<p>Se esistono difficolt\u00e0 in questi processi, non sar\u00e0 possibile svolgere correttamente le attivit\u00e0 della vita quotidiana. Tuttavia, <strong>un intervento neuropsicologico adeguato sar\u00e0 fondamentale per migliorare queste abilit\u00e0.<\/strong><\/p>\n\n\n\n<h4 class=\"wp-block-heading\">Teoria della disfunzione dell\u2019emisfero destro<\/h4>\n\n\n\n<p>Questa teoria \u00e8 legata alla capacit\u00e0 deficitaria di esprimere e interpretare le informazioni emotive. L\u2019emisfero destro \u00e8 fondamentale nell\u2019elaborazione delle informazioni visuo-spaziali. Inoltre, \u00e8 direttamente correlato alla capacit\u00e0 di riconoscere e comprendere gesti ed espressioni facciali e alla regolazione dell\u2019intonazione e della prosodia.<\/p>\n\n\n\n<div class=\"wp-block-group\"><div class=\"wp-block-group__inner-container is-layout-constrained wp-block-group-is-layout-constrained\">\n<div class=\"wp-block-columns br-0111 particle-bg p-5 has-primary-background-color has-background is-layout-flex wp-container-core-columns-is-layout-9d6595d7 wp-block-columns-is-layout-flex\">\n<div class=\"wp-block-column is-layout-flow wp-block-column-is-layout-flow\" style=\"flex-basis:66.66%\">\n<h2 class=\"wp-block-heading has-white-color has-text-color\">Prova NeuronUP gratis per 7 giorni<\/h2>\n\n\n\n<p class=\"has-white-color has-text-color\">Potrai collaborare con le nostre attivit\u00e0, progettare sedute o fare riabilitazione a distanza.<\/p>\n<\/div>\n\n\n\n<div class=\"wp-block-column is-layout-flow wp-block-column-is-layout-flow\" style=\"flex-basis:33.33%\">\n<div class=\"wp-block-buttons is-content-justification-center is-layout-flex wp-container-core-buttons-is-layout-16018d1d wp-block-buttons-is-layout-flex\">\n<div class=\"wp-block-button\" style=\"--button-background:var(--color-custom-1);--button-background-hover:#cc7e00;\"><a class=\"wp-block-button__link button   wp-element-button\" href=\"https:\/\/neuronup.com\/it\/landing-store-user\/\">Comincia la tua prova<\/a><\/div>\n\n<\/div>\n<\/div>\n<\/div>\n<\/div><\/div>\n\n\n\n<div style=\"height:18px\" aria-hidden=\"true\" class=\"wp-block-spacer\"><\/div>\n\n\n\n<h3 class=\"wp-block-heading\">Se ti \u00e8 piaciuto questo articolo sulla sindrome di Asperger, ti consigliamo di dare un\u2019occhiata a queste pubblicazioni di NeuronUP:<\/h3>\n\n<div class=\"mai-grid entries entries-grid has-boxed has-image-full\" style=\"--entry-title-font-size:var(--font-size-lg);--align-text:start;--entry-meta-text-align:start;\"><div class=\"entries-wrap has-columns\" style=\"--columns-xs:1\/1;--columns-sm:1\/1;--columns-md:1\/3;--columns-lg:1\/3;--flex-xs:0 0 var(--flex-basis);--flex-sm:0 0 var(--flex-basis);--flex-md:0 0 var(--flex-basis);--flex-lg:0 0 var(--flex-basis);--column-gap:var(--spacing-lg);--row-gap:var(--spacing-lg);--align-columns:start;\"><article class=\"entry entry-grid is-column has-entry-link has-image has-image-first type-post category-malattie-neurodegenerative tag-adulti tag-malattie-neurodegenerative tag-stimolazione-cognitiva\" style=\"--entry-index:1;\" aria-label=\"La musicoterapia nel trattamento della demenza: benefici, tipologie e impatto sul cervello\" itemscope itemtype=\"https:\/\/schema.org\/CreativeWork\"><a class=\"entry-image-link\" href=\"https:\/\/neuronup.com\/it\/stimolazione-e-riabilitazione-cognitiva\/malattie-neurodegenerative\/la-musicoterapia-nel-trattamento-della-demenza-benefici-tipologie-e-impatto-sul-cervello\/\" tabindex=\"-1\" aria-hidden=\"true\"><img decoding=\"async\" width=\"400\" height=\"300\" src=\"https:\/\/neuronup.com\/it\/wp-content\/uploads\/2025\/05\/La-musicoterapia-nel-trattamento-della-demenza-400x300.webp\" class=\"entry-image size-landscape-sm\" alt=\"Anziana seduta sul divano indossa cuffie bianche, sorride e tiene un telefono in mano in un ambiente domestico accogliente.\" srcset=\"https:\/\/neuronup.com\/it\/wp-content\/uploads\/2025\/05\/La-musicoterapia-nel-trattamento-della-demenza-400x300.webp 400w, https:\/\/neuronup.com\/it\/wp-content\/uploads\/2025\/05\/La-musicoterapia-nel-trattamento-della-demenza-800x600.webp 800w\" sizes=\"(max-width:599px) 599px, (min-width:600px) and (max-width: 799px) 799px, (min-width:800px) and (max-width: 999px) 333px, (min-width:1000px) 400px\" \/><\/a><div class=\"entry-wrap entry-wrap-grid\"><h3 class=\"entry-title\" itemprop=\"headline\"><a class=\"entry-title-link\" href=\"https:\/\/neuronup.com\/it\/stimolazione-e-riabilitazione-cognitiva\/malattie-neurodegenerative\/la-musicoterapia-nel-trattamento-della-demenza-benefici-tipologie-e-impatto-sul-cervello\/\" rel=\"bookmark\">La musicoterapia nel trattamento della demenza: benefici, tipologie e impatto sul cervello<\/a><\/h3>\n<\/div><\/article><article class=\"entry entry-grid is-column has-entry-link has-image has-image-first type-post category-neuropsicologia tag-alzheimer tag-anziani tag-autismo tag-disturbi-del-neurosviluppo tag-malattie-neurodegenerative tag-salute-mentale\" style=\"--entry-index:2;\" aria-label=\"La rete in riposo. Implicazioni nell&#8217;Alzheimer, nella schizofrenia e nell&#8217;autismo\" itemscope itemtype=\"https:\/\/schema.org\/CreativeWork\"><a class=\"entry-image-link\" href=\"https:\/\/neuronup.com\/it\/neuroscienze\/neuropsicologia\/la-rete-in-riposo-implicazioni-in-alzheimer-schizofrenia-e-autismo\/\" tabindex=\"-1\" aria-hidden=\"true\"><img decoding=\"async\" width=\"400\" height=\"246\" src=\"https:\/\/neuronup.com\/it\/wp-content\/uploads\/2021\/11\/10.webp\" class=\"entry-image size-landscape-sm\" alt=\"Modello 3D del cervello umano con aree blu evidenziate, etichette di regioni corticali e punti rossi di attivazione.\" srcset=\"https:\/\/neuronup.com\/it\/wp-content\/uploads\/2021\/11\/10-300x185.webp 300w, https:\/\/neuronup.com\/it\/wp-content\/uploads\/2021\/11\/10.webp 650w\" sizes=\"(max-width:599px) 599px, (min-width:600px) and (max-width: 799px) 799px, (min-width:800px) and (max-width: 999px) 333px, (min-width:1000px) 400px\" \/><\/a><div class=\"entry-wrap entry-wrap-grid\"><h3 class=\"entry-title\" itemprop=\"headline\"><a class=\"entry-title-link\" href=\"https:\/\/neuronup.com\/it\/neuroscienze\/neuropsicologia\/la-rete-in-riposo-implicazioni-in-alzheimer-schizofrenia-e-autismo\/\" rel=\"bookmark\">La rete in riposo. Implicazioni nell&#8217;Alzheimer, nella schizofrenia e nell&#8217;autismo<\/a><\/h3>\n<\/div><\/article><article class=\"entry entry-grid is-column has-entry-link has-image has-image-first type-post category-malattia-di-alzheimer tag-alzheimer tag-anziani tag-malattie-neurodegenerative tag-stimolazione-cognitiva\" style=\"--entry-index:3;\" aria-label=\"Rilevamento dell&#8217;Alzheimer negli anziani\" itemscope itemtype=\"https:\/\/schema.org\/CreativeWork\"><a class=\"entry-image-link\" href=\"https:\/\/neuronup.com\/it\/stimolazione-e-riabilitazione-cognitiva\/malattie-neurodegenerative\/malattia-di-alzheimer\/rilevamento-dellalzheimer-negli-anziani\/\" tabindex=\"-1\" aria-hidden=\"true\"><img decoding=\"async\" width=\"400\" height=\"225\" src=\"https:\/\/neuronup.com\/it\/wp-content\/uploads\/2024\/11\/La-enfermedad-de-alzheimer-como-constructo-clinico-biologico-recomendacion-de-un-grupo-de-trabajo-internacional-NeuronUP.webp\" class=\"entry-image size-landscape-sm\" alt=\"Uomo anziano con barba bianca e maglietta a righe scure, concentrato su un puzzle; accanto una persona appoggia una mano sulla spalla in ambiente luminoso.\" srcset=\"https:\/\/neuronup.com\/it\/wp-content\/uploads\/2024\/11\/La-enfermedad-de-alzheimer-como-constructo-clinico-biologico-recomendacion-de-un-grupo-de-trabajo-internacional-NeuronUP-300x169.webp 300w, https:\/\/neuronup.com\/it\/wp-content\/uploads\/2024\/11\/La-enfermedad-de-alzheimer-como-constructo-clinico-biologico-recomendacion-de-un-grupo-de-trabajo-internacional-NeuronUP-768x432.webp 768w, https:\/\/neuronup.com\/it\/wp-content\/uploads\/2024\/11\/La-enfermedad-de-alzheimer-como-constructo-clinico-biologico-recomendacion-de-un-grupo-de-trabajo-internacional-NeuronUP-1024x576.webp 1024w, https:\/\/neuronup.com\/it\/wp-content\/uploads\/2024\/11\/La-enfermedad-de-alzheimer-como-constructo-clinico-biologico-recomendacion-de-un-grupo-de-trabajo-internacional-NeuronUP.webp 1200w\" sizes=\"(max-width:599px) 599px, (min-width:600px) and (max-width: 799px) 799px, (min-width:800px) and (max-width: 999px) 333px, (min-width:1000px) 400px\" \/><\/a><div class=\"entry-wrap entry-wrap-grid\"><h3 class=\"entry-title\" itemprop=\"headline\"><a class=\"entry-title-link\" href=\"https:\/\/neuronup.com\/it\/stimolazione-e-riabilitazione-cognitiva\/malattie-neurodegenerative\/malattia-di-alzheimer\/rilevamento-dellalzheimer-negli-anziani\/\" rel=\"bookmark\">Rilevamento dell&#8217;Alzheimer negli anziani<\/a><\/h3>\n<\/div><\/article><article class=\"entry entry-grid is-column has-entry-link has-image has-image-first type-post category-disturbi-del-neurosviluppo tag-bambini tag-testimonianze\" style=\"--entry-index:4;\" aria-label=\"Stimolazione cognitiva a scuola: il caso dei Salesiani Los Boscos\" itemscope itemtype=\"https:\/\/schema.org\/CreativeWork\"><a class=\"entry-image-link\" href=\"https:\/\/neuronup.com\/it\/stimolazione-e-riabilitazione-cognitiva\/disturbi-del-neurosviluppo\/stimolazione-cognitiva-a-scuola-il-caso-dei-salesiani-los-boscos\/\" tabindex=\"-1\" aria-hidden=\"true\"><img decoding=\"async\" width=\"400\" height=\"300\" src=\"https:\/\/neuronup.com\/it\/wp-content\/uploads\/2024\/02\/Un-alumno-de-Salesianos-Los-Boscos-trabajando-la-estimulacion-cognitiva-con-NeuronUP-400x300-11-400x300.webp\" class=\"entry-image size-landscape-sm\" alt=\"Ragazzo in cappuccio digita su laptop con labirinto visibile sullo schermo, in ambiente di apprendimento informale con mascherina.\" srcset=\"https:\/\/neuronup.com\/it\/wp-content\/uploads\/2024\/02\/Un-alumno-de-Salesianos-Los-Boscos-trabajando-la-estimulacion-cognitiva-con-NeuronUP-400x300-11-300x225.webp 300w, https:\/\/neuronup.com\/it\/wp-content\/uploads\/2024\/02\/Un-alumno-de-Salesianos-Los-Boscos-trabajando-la-estimulacion-cognitiva-con-NeuronUP-400x300-11-400x300.webp 400w, https:\/\/neuronup.com\/it\/wp-content\/uploads\/2024\/02\/Un-alumno-de-Salesianos-Los-Boscos-trabajando-la-estimulacion-cognitiva-con-NeuronUP-400x300-11-768x576.webp 768w, https:\/\/neuronup.com\/it\/wp-content\/uploads\/2024\/02\/Un-alumno-de-Salesianos-Los-Boscos-trabajando-la-estimulacion-cognitiva-con-NeuronUP-400x300-11-800x600.webp 800w, https:\/\/neuronup.com\/it\/wp-content\/uploads\/2024\/02\/Un-alumno-de-Salesianos-Los-Boscos-trabajando-la-estimulacion-cognitiva-con-NeuronUP-400x300-11-1024x768.webp 1024w, https:\/\/neuronup.com\/it\/wp-content\/uploads\/2024\/02\/Un-alumno-de-Salesianos-Los-Boscos-trabajando-la-estimulacion-cognitiva-con-NeuronUP-400x300-11.webp 1200w\" sizes=\"(max-width:599px) 599px, (min-width:600px) and (max-width: 799px) 799px, (min-width:800px) and (max-width: 999px) 333px, (min-width:1000px) 400px\" \/><\/a><div class=\"entry-wrap entry-wrap-grid\"><h3 class=\"entry-title\" itemprop=\"headline\"><a class=\"entry-title-link\" href=\"https:\/\/neuronup.com\/it\/stimolazione-e-riabilitazione-cognitiva\/disturbi-del-neurosviluppo\/stimolazione-cognitiva-a-scuola-il-caso-dei-salesiani-los-boscos\/\" rel=\"bookmark\">Stimolazione cognitiva a scuola: il caso dei Salesiani Los Boscos<\/a><\/h3>\n<\/div><\/article><article class=\"entry entry-grid is-column has-entry-link has-image has-image-first type-post category-neuronup-academy tag-cervello tag-neuronup-academy tag-presentazione-di-neuronup-academy tag-stimolazione-cognitiva\" style=\"--entry-index:5;\" aria-label=\"Il neuropsicologo clinico Aaron F. Del Olmo tiene una relazione sul Neurosviluppo e le reti cerebrali\" itemscope itemtype=\"https:\/\/schema.org\/CreativeWork\"><a class=\"entry-image-link\" href=\"https:\/\/neuronup.com\/it\/formazione\/neuronup-academy\/il-neuropsicologo-clinico-aaron-f-del-olmo-tiene-una-conferenza-sul-neurosviluppo-e-le-reti-cerebrali\/\" tabindex=\"-1\" aria-hidden=\"true\"><img decoding=\"async\" width=\"400\" height=\"240\" src=\"https:\/\/neuronup.com\/it\/wp-content\/uploads\/2023\/08\/El-neuropsicologo-clinico-Aaron-F.-Del-Olmo-imparte-una-ponencia-sobre-Neurodesarrollo-y-redes-cerebrales-1.webp\" class=\"entry-image size-landscape-sm\" alt=\"Scena di una presentazione: una persona non identificabile seduta a un tavolo, sfondo sfocato, immagine in bianco e nero durante un talk su neurosviluppo e reti cerebrali.\" srcset=\"https:\/\/neuronup.com\/it\/wp-content\/uploads\/2023\/08\/El-neuropsicologo-clinico-Aaron-F.-Del-Olmo-imparte-una-ponencia-sobre-Neurodesarrollo-y-redes-cerebrales-1-300x180.webp 300w, https:\/\/neuronup.com\/it\/wp-content\/uploads\/2023\/08\/El-neuropsicologo-clinico-Aaron-F.-Del-Olmo-imparte-una-ponencia-sobre-Neurodesarrollo-y-redes-cerebrales-1-768x461.webp 768w, https:\/\/neuronup.com\/it\/wp-content\/uploads\/2023\/08\/El-neuropsicologo-clinico-Aaron-F.-Del-Olmo-imparte-una-ponencia-sobre-Neurodesarrollo-y-redes-cerebrales-1-1024x614.webp 1024w, https:\/\/neuronup.com\/it\/wp-content\/uploads\/2023\/08\/El-neuropsicologo-clinico-Aaron-F.-Del-Olmo-imparte-una-ponencia-sobre-Neurodesarrollo-y-redes-cerebrales-1.webp 1280w\" sizes=\"(max-width:599px) 599px, (min-width:600px) and (max-width: 799px) 799px, (min-width:800px) and (max-width: 999px) 333px, (min-width:1000px) 400px\" \/><\/a><div class=\"entry-wrap entry-wrap-grid\"><h3 class=\"entry-title\" itemprop=\"headline\"><a class=\"entry-title-link\" href=\"https:\/\/neuronup.com\/it\/formazione\/neuronup-academy\/il-neuropsicologo-clinico-aaron-f-del-olmo-tiene-una-conferenza-sul-neurosviluppo-e-le-reti-cerebrali\/\" rel=\"bookmark\">Il neuropsicologo clinico Aaron F. Del Olmo tiene una relazione sul Neurosviluppo e le reti cerebrali<\/a><\/h3>\n<\/div><\/article><article class=\"entry entry-grid is-column has-entry-link has-image has-image-first type-post category-malattie-neurodegenerative tag-adulti tag-malattie-neurodegenerative tag-stimolazione-cognitiva\" style=\"--entry-index:6;\" aria-label=\"Malattia dei corpi di Lewy\" itemscope itemtype=\"https:\/\/schema.org\/CreativeWork\"><a class=\"entry-image-link\" href=\"https:\/\/neuronup.com\/it\/stimolazione-e-riabilitazione-cognitiva\/malattie-neurodegenerative\/malattia-dei-corpi-di-lewy\/\" tabindex=\"-1\" aria-hidden=\"true\"><img decoding=\"async\" width=\"400\" height=\"300\" src=\"https:\/\/neuronup.com\/it\/wp-content\/uploads\/2024\/05\/Demenza-con-corpi-neuronali-di-tipo-Lewy-UP-1024x576-1-1-400x300.webp\" class=\"entry-image size-landscape-sm\" alt=\"Rappresentazione grafica del cranio e cervello in vista laterale, strutture interne arancione e giallo su sfondo scuro.\" srcset=\"https:\/\/neuronup.com\/it\/wp-content\/uploads\/2024\/05\/Demenza-con-corpi-neuronali-di-tipo-Lewy-UP-1024x576-1-1-400x300.webp 400w, https:\/\/neuronup.com\/it\/wp-content\/uploads\/2024\/05\/Demenza-con-corpi-neuronali-di-tipo-Lewy-UP-1024x576-1-1-800x600.webp 800w\" sizes=\"(max-width:599px) 599px, (min-width:600px) and (max-width: 799px) 799px, (min-width:800px) and (max-width: 999px) 333px, (min-width:1000px) 400px\" \/><\/a><div class=\"entry-wrap entry-wrap-grid\"><h3 class=\"entry-title\" itemprop=\"headline\"><a class=\"entry-title-link\" href=\"https:\/\/neuronup.com\/it\/stimolazione-e-riabilitazione-cognitiva\/malattie-neurodegenerative\/malattia-dei-corpi-di-lewy\/\" rel=\"bookmark\">Malattia dei corpi di Lewy<\/a><\/h3>\n<\/div><\/article><\/div><\/div>","protected":false},"excerpt":{"rendered":"<p>In occasione della Giornata Internazionale della Sindrome di Asperger, in questo articolo spieghiamo che cos\u2019\u00e8 la sindrome di Asperger dal punto di vista neuropsicologico, le sue caratteristiche e aree. Che cos\u2019\u00e8 la sindrome di Asperger? La sindrome di Asperger \u00e8 un disturbo neurologico, considerato un disturbo dello spettro autistico (DSA) che influenza il modo in &hellip;<\/p>\n","protected":false},"author":7,"featured_media":18928,"comment_status":"open","ping_status":"closed","sticky":false,"template":"","format":"standard","meta":{"_acf_changed":false,"_genesis_hide_title":false,"_genesis_hide_breadcrumbs":false,"_genesis_hide_singular_image":false,"_genesis_hide_footer_widgets":false,"_genesis_custom_body_class":"","_genesis_custom_post_class":"","_genesis_layout":"","footnotes":""},"categories":[19],"tags":[163,109,422,170],"class_list":{"2":"type-post","7":"category-asd-disturbi-dello-spettro-autistico","8":"tag-autismo","9":"tag-bambini","10":"tag-disturbi-del-neurosviluppo","11":"tag-neuropsicologia","12":"entry"},"acf":[],"_links":{"self":[{"href":"https:\/\/neuronup.com\/it\/wp-json\/wp\/v2\/posts\/18922","targetHints":{"allow":["GET"]}}],"collection":[{"href":"https:\/\/neuronup.com\/it\/wp-json\/wp\/v2\/posts"}],"about":[{"href":"https:\/\/neuronup.com\/it\/wp-json\/wp\/v2\/types\/post"}],"author":[{"embeddable":true,"href":"https:\/\/neuronup.com\/it\/wp-json\/wp\/v2\/users\/7"}],"replies":[{"embeddable":true,"href":"https:\/\/neuronup.com\/it\/wp-json\/wp\/v2\/comments?post=18922"}],"version-history":[{"count":0,"href":"https:\/\/neuronup.com\/it\/wp-json\/wp\/v2\/posts\/18922\/revisions"}],"wp:featuredmedia":[{"embeddable":true,"href":"https:\/\/neuronup.com\/it\/wp-json\/wp\/v2\/media\/18928"}],"wp:attachment":[{"href":"https:\/\/neuronup.com\/it\/wp-json\/wp\/v2\/media?parent=18922"}],"wp:term":[{"taxonomy":"category","embeddable":true,"href":"https:\/\/neuronup.com\/it\/wp-json\/wp\/v2\/categories?post=18922"},{"taxonomy":"post_tag","embeddable":true,"href":"https:\/\/neuronup.com\/it\/wp-json\/wp\/v2\/tags?post=18922"}],"curies":[{"name":"wp","href":"https:\/\/api.w.org\/{rel}","templated":true}]}}