
{"id":14968,"date":"2025-12-09T10:57:02","date_gmt":"2025-12-09T08:57:02","guid":{"rendered":"https:\/\/neuronup.com\/?p=14968"},"modified":"2025-05-26T12:02:21","modified_gmt":"2025-05-26T10:02:21","slug":"il-tda-h-nei-bambini-e-i-disturbi-del-sonno-associati","status":"publish","type":"post","link":"https:\/\/neuronup.com\/it\/stimolazione-e-riabilitazione-cognitiva\/disturbi-del-neurosviluppo\/adhd-disturbo-da-deficit-di-attenzione-iperattivita\/il-tda-h-nei-bambini-e-i-disturbi-del-sonno-associati\/","title":{"rendered":"L&#8217;ADHD nei bambini e i disturbi del sonno associati"},"content":{"rendered":"\n<h2 class=\"wp-block-heading\"><strong>Introduzione<\/strong><\/h2>\n\n\n\n<p>L&#8217;ADHD nei bambini \u00e8 un <strong>disturbo del neurosviluppo<\/strong> caratterizzato da iperattivit\u00e0, impulsivit\u00e0 e disattenzione. Spesso l&#8217;ADHD nei bambini \u00e8 anche associato a disturbi del sonno.&nbsp;<\/p>\n\n\n\n<p>Questi disturbi possono contribuire ai sintomi dell&#8217;ADHD e peggiorare il rendimento scolastico, il comportamento e la capacit\u00e0 di socializzare.&nbsp;<\/p>\n\n\n\n<p>Oggi parleremo dei <strong>disturbi del sonno associati all&#8217;ADHD nei bambini<\/strong>, nonch\u00e9 di alcune terapie e soluzioni proposte da vari studi scientifici.&nbsp;<\/p>\n\n\n\n<h3 class=\"wp-block-heading\"><strong>Quali sintomi provoca l&#8217;ADHD nel sonno dei bambini?<\/strong><\/h3>\n\n\n\n<p>Come accennato all&#8217;inizio, i bambini con questo disturbo possono spesso sperimentare diversi disturbi del sonno, quali: <strong>insonnia<\/strong>, <strong>sindrome delle gambe senza riposo<\/strong> e\/o <strong>parasomnie<\/strong>.&nbsp;<\/p>\n\n\n\n<ul class=\"wp-block-list\"><li>L&#8217;<strong>insonnia<\/strong> \u00e8 un disturbo del sonno molto comune nei bambini con ADHD, caratterizzato da difficolt\u00e0 ad addormentarsi o a mantenere il sonno per tutta la notte. In molti casi, questo disturbo del sonno nei bambini con ADHD \u00e8 associato a problemi di ansia o depressione.<\/li><li>La <strong>sindrome delle gambe senza riposo<\/strong> \u00e8 un altro dei disturbi del sonno frequenti. Si tratta di una sensazione spiacevole nelle gambe, che induce il bambino a muoverle costantemente per cercare di alleviare tale sensazione. Questo movimento involontario delle gambe pu\u00f2 interrompere il sonno e, quindi, provocare sonnolenza diurna.<\/li><li>Infine, sono state descritte anche alcune <strong>parasomnie<\/strong> nei bambini con ADHD, che sono disturbi del sonno caratterizzati da movimenti o comportamenti involontari durante il sonno. Le pi\u00f9 frequenti sono gli incubi, i terrori notturni e il sonnambulismo.<\/li><\/ul>\n\n\n\n<p>Sebbene i disturbi del sonno nei bambini con ADHD siano molto frequenti, non tutti i bambini con ADHD presentano questi sintomi. In effetti, alcuni bambini possono dormire bene e non manifestare alcun tipo di disturbo del sonno.<\/p>\n\n\n\n<h3 class=\"wp-block-heading\"><strong>Quali sono le principali cause dei disturbi del sonno nei bambini con ADHD?<\/strong><\/h3>\n\n\n\n<p>Non sono ancora note tutte le cause, tuttavia si sa che questi disturbi possono essere correlati alla neurobiologia dell&#8217;ADHD o a certi fattori psicologici e ambientali.&nbsp;<\/p>\n\n\n\n<p>Per quanto riguarda la neurobiologia, diversi studi indicano che i bambini con ADHD presentano un&#8217;alterazione del sistema nervoso centrale, che pu\u00f2 essere implicata nei disturbi del sonno.&nbsp;<\/p>\n\n\n\n<p>D&#8217;altra parte, in relazione ai fattori psicologici e ambientali, gli studi dimostrano che stress o ansia possono aggravare i disturbi del sonno nei bambini con ADHD.&nbsp;Andare a letto a orari irregolari o guardare la televisione in camera prima di dormire possono peggiorare i sintomi.<\/p>\n\n\n\n<h3 class=\"wp-block-heading\"><strong>Come si possono trattare i disturbi del sonno nei bambini con ADHD?<\/strong><\/h3>\n\n\n\n<p>Sebbene non esista ancora un trattamento specifico, sono state sviluppate diverse terapie e soluzioni che possono aiutare a migliorare il sonno:&nbsp;<\/p>\n\n\n\n<h4 class=\"wp-block-heading\"><strong>Terapie<\/strong><\/h4>\n\n\n\n<p>Una delle terapie pi\u00f9 utilizzate \u00e8 la <strong>terapia cognitivo-comportamentale per l&#8217;insonnia (TCC-I)<\/strong>, che si basa sul cambiamento di alcune abitudini e comportamenti legati al sonno.<\/p>\n\n\n\n<p>Un&#8217;altra terapia utilizzata per trattare i disturbi del sonno nei bambini con ADHD \u00e8 la <strong>terapia di rilassamento<\/strong>, che si basa su tecniche per ridurre stress e ansia.&nbsp;<\/p>\n\n\n\n<h4 class=\"wp-block-heading\"><strong>Farmaci<\/strong><\/h4>\n\n\n\n<p>Spesso, quando questi disturbi incidono significativamente sulla qualit\u00e0 della vita del bambino con ADHD, si ricorre alla somministrazione di farmaci:&nbsp;<\/p>\n\n\n\n<p>Questi farmaci possono aiutare a migliorare il sonno nei bambini con ADHD oltre a migliorare i sintomi del disturbo di base. Tra questi troviamo gli <strong>stimolanti del SNC<\/strong> (come il metilfenidato) e gli <strong>inibitori selettivi della ricaptazione della serotonina (SSRI)<\/strong> (come la fluoxetina).&nbsp;<\/p>\n\n\n\n<p>Recentemente, si \u00e8 smesso di raccomandare l&#8217;uso delle <strong>benzodiazepine<\/strong> (come il clonazepam) per gestire i disturbi del sonno nei bambini con ADHD, poich\u00e9 la loro somministrazione troppo a tarda sera o in dosi a lunga durata d&#8217;azione pu\u00f2 provocare insonnia.&nbsp;<\/p>\n\n\n\n<p>Sebbene i farmaci svolgano senza dubbio un ruolo importante nel trattamento dei disturbi correlati all&#8217;ADHD, \u00e8 sempre necessario un&#8217;attenta scelta e somministrazione, per evitare effetti avversi e favorire un&#8217;adeguata tolleranza agli stessi.&nbsp;<\/p>\n\n\n\n<h4 class=\"wp-block-heading\"><strong>Integratori&nbsp;<\/strong><\/h4>\n\n\n\n<p>Alcuni genitori e tutori hanno riportato un certo successo con integratori e rimedi naturali, i quali, pur non riuscendo a sostituire il trattamento farmacologico, contribuiscono a ridurre il dosaggio degli stessi e a migliorare la qualit\u00e0 generale del sonno. Questi integratori sono stati anche studiati per valutarne il livello di efficacia in diversi ambiti del trattamento dell&#8217;ADHD nei bambini:<\/p>\n\n\n\n<ul class=\"wp-block-list\"><li><strong>Melatonina<\/strong>: \u00e8 una sostanza prodotta naturalmente dall&#8217;organismo ed \u00e8 stata utilizzata con successo e sicurezza nei bambini come trattamento per l&#8217;insonnia.<\/li><li><strong>Olio di CBD<\/strong>: \u00c8 interessante notare alcune evidenze, tra studi e casi aneddotici, che suggeriscono un possibile utilizzo del cannabidiolo come supplemento per migliorare il sonno, aumentare la concentrazione e ridurre i livelli di energia nei bambini con ADHD.&nbsp;&nbsp;<\/li><li><strong>Estratto di valeriana<\/strong>: La valeriana agisce come un sedativo naturale e pu\u00f2 essere utile per trattare l&#8217;insonnia. \u00c8 bene per\u00f2 non utilizzarla nei bambini di et\u00e0 inferiore ai 3 anni. Uno studio interessante ha riscontrato miglioramenti nei livelli di iperattivit\u00e0 e impulsivit\u00e0 in bambini trattati con radice di valeriana e t\u00e8 di melissa.&nbsp;<\/li><\/ul>\n\n\n\n<p>Sebbene questi rimedi e integratori possano essere efficaci in alcuni bambini con ADHD, i genitori devono informarsi circa dosaggi e interazioni, poich\u00e9 alcuni rimedi &#8220;naturali&#8221;, come la valeriana o il CBD, possono presentare effetti avversi a dosi molto elevate o se combinati con determinati farmaci.&nbsp;<\/p>\n\n\n\n<h2 class=\"wp-block-heading\"><strong>Conclusione<\/strong><\/h2>\n\n\n\n<p>In sintesi, <strong>i disturbi del sonno sono molto frequenti nei bambini con ADHD e sono associati a una maggiore intensit\u00e0 e gravit\u00e0 dei sintomi del disturbo<\/strong>. L&#8217;aspetto fondamentale \u00e8 poter contare su un supporto professionale in ogni momento, sia per diagnosticare tali problemi sia per trovare il modo migliore per risolverli. In questo modo, possiamo contribuire anche noi al miglioramento della qualit\u00e0 di vita del bambino.<\/p>\n\n\n\n<h3 class=\"wp-block-heading\"><strong>Se ti \u00e8 piaciuto questo articolo sui disturbi del sonno associati all&#8217;ADHD nei bambini, potrebbero interessarti questi post di NeuronUP:<\/strong><\/h3>\n\n<div class=\"mai-grid entries entries-grid has-boxed has-image-full\" style=\"--entry-title-font-size:var(--font-size-lg);--align-text:start;--entry-meta-text-align:start;\"><div class=\"entries-wrap has-columns\" style=\"--columns-xs:1\/1;--columns-sm:1\/1;--columns-md:1\/3;--columns-lg:1\/3;--flex-xs:0 0 var(--flex-basis);--flex-sm:0 0 var(--flex-basis);--flex-md:0 0 var(--flex-basis);--flex-lg:0 0 var(--flex-basis);--column-gap:var(--spacing-lg);--row-gap:var(--spacing-lg);--align-columns:start;\"><article class=\"entry entry-grid is-column has-entry-link has-image has-image-first type-post category-attivita-sulla-sindrome-di-down tag-attivita-per-la-stimolazione-cognitiva tag-disabilita-intellettiva tag-sindrome-di-down tag-testimonianze\" style=\"--entry-index:1;\" aria-label=\"Attivit\u00e0 per persone con sindrome di Down\" itemscope itemtype=\"https:\/\/schema.org\/CreativeWork\"><a class=\"entry-image-link\" href=\"https:\/\/neuronup.com\/it\/attivita-di-neuroriabilitazione\/attivita-sulla-sindrome-di-down\/attivita-per-persone-con-sindrome-di-down\/\" tabindex=\"-1\" aria-hidden=\"true\"><img decoding=\"async\" width=\"400\" height=\"300\" src=\"https:\/\/neuronup.com\/it\/wp-content\/uploads\/2024\/10\/Attivita-per-persone-con-sindrome-di-Down-2-400x300.webp\" class=\"entry-image size-landscape-sm\" alt=\"Ragazza seduta davanti a un computer in una stanza luminosa, concentrata sull&#039;attivit\u00e0, maglione rosso e accessorio ai capelli.\" srcset=\"https:\/\/neuronup.com\/it\/wp-content\/uploads\/2024\/10\/Attivita-per-persone-con-sindrome-di-Down-2-400x300.webp 400w, https:\/\/neuronup.com\/it\/wp-content\/uploads\/2024\/10\/Attivita-per-persone-con-sindrome-di-Down-2-800x600.webp 800w\" sizes=\"(max-width:599px) 599px, (min-width:600px) and (max-width: 799px) 799px, (min-width:800px) and (max-width: 999px) 333px, (min-width:1000px) 400px\" \/><\/a><div class=\"entry-wrap entry-wrap-grid\"><h3 class=\"entry-title\" itemprop=\"headline\"><a class=\"entry-title-link\" href=\"https:\/\/neuronup.com\/it\/attivita-di-neuroriabilitazione\/attivita-sulla-sindrome-di-down\/attivita-per-persone-con-sindrome-di-down\/\" rel=\"bookmark\">Attivit\u00e0 per persone con sindrome di Down<\/a><\/h3>\n<\/div><\/article><article class=\"entry entry-grid is-column has-entry-link has-image has-image-first type-post category-formazione tag-formacion-universitaria tag-neuropsicologia tag-stimolazione-cognitiva tag-testimonianze\" style=\"--entry-index:2;\" aria-label=\"Come l&#8217;Universit\u00e0 Internazionale di Valencia (VIU) innova nella formazione universitaria sulla stimolazione cognitiva con NeuronUP\" itemscope itemtype=\"https:\/\/schema.org\/CreativeWork\"><a class=\"entry-image-link\" href=\"https:\/\/neuronup.com\/it\/formazione\/come-luniversita-internazionale-di-valencia-viu-innova-nella-formazione-universitaria-nella-stimolazione-cognitiva-con-neuronup\/\" tabindex=\"-1\" aria-hidden=\"true\"><img decoding=\"async\" width=\"400\" height=\"224\" src=\"https:\/\/neuronup.com\/it\/wp-content\/uploads\/2025\/09\/Como-la-Universidad-Internacional-de-Valencia-VIU-innova-en-la-formacion-universitaria-en-estimulacion-cognitiva-con-NeuronUP.webp\" class=\"entry-image size-landscape-sm\" alt=\"Esterno di un edificio universitario moderno con il logo VIU bianco, finestre arancioni, ingresso e cartello, illuminazione naturale.\" srcset=\"https:\/\/neuronup.com\/it\/wp-content\/uploads\/2025\/09\/Como-la-Universidad-Internacional-de-Valencia-VIU-innova-en-la-formacion-universitaria-en-estimulacion-cognitiva-con-NeuronUP-300x168.webp 300w, https:\/\/neuronup.com\/it\/wp-content\/uploads\/2025\/09\/Como-la-Universidad-Internacional-de-Valencia-VIU-innova-en-la-formacion-universitaria-en-estimulacion-cognitiva-con-NeuronUP-768x431.webp 768w, https:\/\/neuronup.com\/it\/wp-content\/uploads\/2025\/09\/Como-la-Universidad-Internacional-de-Valencia-VIU-innova-en-la-formacion-universitaria-en-estimulacion-cognitiva-con-NeuronUP-1024x575.webp 1024w, https:\/\/neuronup.com\/it\/wp-content\/uploads\/2025\/09\/Como-la-Universidad-Internacional-de-Valencia-VIU-innova-en-la-formacion-universitaria-en-estimulacion-cognitiva-con-NeuronUP.webp 1203w\" sizes=\"(max-width:599px) 599px, (min-width:600px) and (max-width: 799px) 799px, (min-width:800px) and (max-width: 999px) 333px, (min-width:1000px) 400px\" \/><\/a><div class=\"entry-wrap entry-wrap-grid\"><h3 class=\"entry-title\" itemprop=\"headline\"><a class=\"entry-title-link\" href=\"https:\/\/neuronup.com\/it\/formazione\/come-luniversita-internazionale-di-valencia-viu-innova-nella-formazione-universitaria-nella-stimolazione-cognitiva-con-neuronup\/\" rel=\"bookmark\">Come l&#8217;Universit\u00e0 Internazionale di Valencia (VIU) innova nella formazione universitaria sulla stimolazione cognitiva con NeuronUP<\/a><\/h3>\n<\/div><\/article><article class=\"entry entry-grid is-column has-entry-link has-image has-image-first type-post category-linee-di-ricerca tag-funzioni-esecutive tag-valutazione-neuropsicologica\" style=\"--entry-index:3;\" aria-label=\"La valutazione della presa di decisione in neuropsicologia\" itemscope itemtype=\"https:\/\/schema.org\/CreativeWork\"><a class=\"entry-image-link\" href=\"https:\/\/neuronup.com\/it\/ricerca\/linee-di-ricerca\/la-valutazione-del-processo-decisionale-in-neuropsicologia\/\" tabindex=\"-1\" aria-hidden=\"true\"><img decoding=\"async\" width=\"400\" height=\"267\" src=\"https:\/\/neuronup.com\/it\/wp-content\/uploads\/2025\/05\/La-evaluacion-de-la-toma-de-decisiones-en-neuropsicologia-Marcos-Rios-NeuronUP.webp\" class=\"entry-image size-landscape-sm\" alt=\"Una persona tiene in mano un cervello stilizzato che sembra fluttuare sopra la mano, circondato da una rete di punti e linee colorate in 3D.\" srcset=\"https:\/\/neuronup.com\/it\/wp-content\/uploads\/2025\/05\/La-evaluacion-de-la-toma-de-decisiones-en-neuropsicologia-Marcos-Rios-NeuronUP-300x200.webp 300w, https:\/\/neuronup.com\/it\/wp-content\/uploads\/2025\/05\/La-evaluacion-de-la-toma-de-decisiones-en-neuropsicologia-Marcos-Rios-NeuronUP-768x512.webp 768w, https:\/\/neuronup.com\/it\/wp-content\/uploads\/2025\/05\/La-evaluacion-de-la-toma-de-decisiones-en-neuropsicologia-Marcos-Rios-NeuronUP-1024x683.webp 1024w, https:\/\/neuronup.com\/it\/wp-content\/uploads\/2025\/05\/La-evaluacion-de-la-toma-de-decisiones-en-neuropsicologia-Marcos-Rios-NeuronUP.webp 1200w\" sizes=\"(max-width:599px) 599px, (min-width:600px) and (max-width: 799px) 799px, (min-width:800px) and (max-width: 999px) 333px, (min-width:1000px) 400px\" \/><\/a><div class=\"entry-wrap entry-wrap-grid\"><h3 class=\"entry-title\" itemprop=\"headline\"><a class=\"entry-title-link\" href=\"https:\/\/neuronup.com\/it\/ricerca\/linee-di-ricerca\/la-valutazione-del-processo-decisionale-in-neuropsicologia\/\" rel=\"bookmark\">La valutazione della presa di decisione in neuropsicologia<\/a><\/h3>\n<\/div><\/article><article class=\"entry entry-grid is-column has-entry-link has-image has-image-first type-post category-attivita-per-disabili-intelletivi tag-attivita-di-stimolazione-cognitiva tag-disabilita-intellettiva tag-disturbi-del-neurosviluppo\" style=\"--entry-index:4;\" aria-label=\"5 attivit\u00e0 di stimolazione cognitiva per la disabilit\u00e0 intellettiva\" itemscope itemtype=\"https:\/\/schema.org\/CreativeWork\"><a class=\"entry-image-link\" href=\"https:\/\/neuronup.com\/it\/attivita-di-neuroriabilitazione\/attivita-per-disabili-intelletivi\/5-attivita-di-stimolazione-cognitiva-per-la-disabilita-intellettuale\/\" tabindex=\"-1\" aria-hidden=\"true\"><img decoding=\"async\" width=\"400\" height=\"250\" src=\"https:\/\/neuronup.com\/it\/wp-content\/uploads\/2022\/03\/actividad-de-estimulacion-cognitiva-para-personas-con-discapacidad-intelectual-Relacionar-sustantivo-con-imagen-1.webp\" class=\"entry-image size-landscape-sm\" alt=\"Quattro oggetti etichettati in spagnolo: televisore con segno di spunta, frigorifero, lavatrice e seconda lavatrice.\" srcset=\"https:\/\/neuronup.com\/it\/wp-content\/uploads\/2022\/03\/actividad-de-estimulacion-cognitiva-para-personas-con-discapacidad-intelectual-Relacionar-sustantivo-con-imagen-1-300x187.webp 300w, https:\/\/neuronup.com\/it\/wp-content\/uploads\/2022\/03\/actividad-de-estimulacion-cognitiva-para-personas-con-discapacidad-intelectual-Relacionar-sustantivo-con-imagen-1-768x479.webp 768w, https:\/\/neuronup.com\/it\/wp-content\/uploads\/2022\/03\/actividad-de-estimulacion-cognitiva-para-personas-con-discapacidad-intelectual-Relacionar-sustantivo-con-imagen-1-1024x639.webp 1024w, https:\/\/neuronup.com\/it\/wp-content\/uploads\/2022\/03\/actividad-de-estimulacion-cognitiva-para-personas-con-discapacidad-intelectual-Relacionar-sustantivo-con-imagen-1.webp 1200w\" sizes=\"(max-width:599px) 599px, (min-width:600px) and (max-width: 799px) 799px, (min-width:800px) and (max-width: 999px) 333px, (min-width:1000px) 400px\" \/><\/a><div class=\"entry-wrap entry-wrap-grid\"><h3 class=\"entry-title\" itemprop=\"headline\"><a class=\"entry-title-link\" href=\"https:\/\/neuronup.com\/it\/attivita-di-neuroriabilitazione\/attivita-per-disabili-intelletivi\/5-attivita-di-stimolazione-cognitiva-per-la-disabilita-intellettuale\/\" rel=\"bookmark\">5 attivit\u00e0 di stimolazione cognitiva per la disabilit\u00e0 intellettiva<\/a><\/h3>\n<\/div><\/article><article class=\"entry entry-grid is-column has-entry-link has-image has-image-first type-post category-sindrome-di-down tag-disabilita-intellettiva tag-sindrome-di-down tag-testimonianze\" style=\"--entry-index:5;\" aria-label=\"Lavorare con persone con sindrome di Down per gruppi di et\u00e0\" itemscope itemtype=\"https:\/\/schema.org\/CreativeWork\"><a class=\"entry-image-link\" href=\"https:\/\/neuronup.com\/it\/stimolazione-e-riabilitazione-cognitiva\/disabilita-intelletiva\/sindrome-di-down\/lavorare-con-persone-con-sindrome-di-down-per-gruppi-di-eta\/\" tabindex=\"-1\" aria-hidden=\"true\"><img decoding=\"async\" width=\"400\" height=\"300\" src=\"https:\/\/neuronup.com\/it\/wp-content\/uploads\/2024\/11\/Una-bambina-utilizza-lattivita-di-NeuronUP-per-lavorare-sulle-gnosie-chiamata-Formazione-di-volti-400x300.webp\" class=\"entry-image size-landscape-sm\" alt=\"Ragazza seduta utilizza un tablet per l\u2019attivit\u00e0 Formazione di volti di NeuronUP, con maglione a scacchi giallo e nero.\" srcset=\"https:\/\/neuronup.com\/it\/wp-content\/uploads\/2024\/11\/Una-bambina-utilizza-lattivita-di-NeuronUP-per-lavorare-sulle-gnosie-chiamata-Formazione-di-volti-300x225.webp 300w, https:\/\/neuronup.com\/it\/wp-content\/uploads\/2024\/11\/Una-bambina-utilizza-lattivita-di-NeuronUP-per-lavorare-sulle-gnosie-chiamata-Formazione-di-volti-400x300.webp 400w, https:\/\/neuronup.com\/it\/wp-content\/uploads\/2024\/11\/Una-bambina-utilizza-lattivita-di-NeuronUP-per-lavorare-sulle-gnosie-chiamata-Formazione-di-volti.webp 768w\" sizes=\"(max-width:599px) 599px, (min-width:600px) and (max-width: 799px) 799px, (min-width:800px) and (max-width: 999px) 333px, (min-width:1000px) 400px\" \/><\/a><div class=\"entry-wrap entry-wrap-grid\"><h3 class=\"entry-title\" itemprop=\"headline\"><a class=\"entry-title-link\" href=\"https:\/\/neuronup.com\/it\/stimolazione-e-riabilitazione-cognitiva\/disabilita-intelletiva\/sindrome-di-down\/lavorare-con-persone-con-sindrome-di-down-per-gruppi-di-eta\/\" rel=\"bookmark\">Lavorare con persone con sindrome di Down per gruppi di et\u00e0<\/a><\/h3>\n<\/div><\/article><article class=\"entry entry-grid is-column has-entry-link has-image has-image-first type-post category-malattia-di-parkinson tag-linguaggio tag-malattie-neurodegenerative tag-morbo-di-parkinson\" style=\"--entry-index:6;\" aria-label=\"La logopedia e i disturbi del linguaggio nel Parkinson\" itemscope itemtype=\"https:\/\/schema.org\/CreativeWork\"><a class=\"entry-image-link\" href=\"https:\/\/neuronup.com\/it\/stimolazione-e-riabilitazione-cognitiva\/malattie-neurodegenerative\/malattia-di-parkinson\/la-logopedia-e-i-disturbi-del-linguaggio-nel-parkinson\/\" tabindex=\"-1\" aria-hidden=\"true\"><img decoding=\"async\" width=\"400\" height=\"300\" src=\"https:\/\/neuronup.com\/it\/wp-content\/uploads\/2022\/02\/closeup-of-support-hands-1-400x300-1.webp\" class=\"entry-image size-landscape-sm\" alt=\"Due mani: anziano sostenuto da un caregiver vicino a un bastone, simbolo di supporto e riabilitazione nel Parkinson.\" srcset=\"https:\/\/neuronup.com\/it\/wp-content\/uploads\/2022\/02\/closeup-of-support-hands-1-400x300-1-300x225.webp 300w, https:\/\/neuronup.com\/it\/wp-content\/uploads\/2022\/02\/closeup-of-support-hands-1-400x300-1-768x576.webp 768w, https:\/\/neuronup.com\/it\/wp-content\/uploads\/2022\/02\/closeup-of-support-hands-1-400x300-1-1024x768.webp 1024w, https:\/\/neuronup.com\/it\/wp-content\/uploads\/2022\/02\/closeup-of-support-hands-1-400x300-1.webp 1200w\" sizes=\"(max-width:599px) 599px, (min-width:600px) and (max-width: 799px) 799px, (min-width:800px) and (max-width: 999px) 333px, (min-width:1000px) 400px\" \/><\/a><div class=\"entry-wrap entry-wrap-grid\"><h3 class=\"entry-title\" itemprop=\"headline\"><a class=\"entry-title-link\" href=\"https:\/\/neuronup.com\/it\/stimolazione-e-riabilitazione-cognitiva\/malattie-neurodegenerative\/malattia-di-parkinson\/la-logopedia-e-i-disturbi-del-linguaggio-nel-parkinson\/\" rel=\"bookmark\">La logopedia e i disturbi del linguaggio nel Parkinson<\/a><\/h3>\n<\/div><\/article><\/div><\/div>","protected":false},"excerpt":{"rendered":"<p>Introduzione L&#8217;ADHD nei bambini \u00e8 un disturbo del neurosviluppo caratterizzato da iperattivit\u00e0, impulsivit\u00e0 e disattenzione. Spesso l&#8217;ADHD nei bambini \u00e8 anche associato a disturbi del sonno.&nbsp; Questi disturbi possono contribuire ai sintomi dell&#8217;ADHD e peggiorare il rendimento scolastico, il comportamento e la capacit\u00e0 di socializzare.&nbsp; Oggi parleremo dei disturbi del sonno associati all&#8217;ADHD nei bambini, &hellip;<\/p>\n","protected":false},"author":222,"featured_media":29272,"comment_status":"open","ping_status":"open","sticky":false,"template":"","format":"standard","meta":{"_acf_changed":false,"_genesis_hide_title":false,"_genesis_hide_breadcrumbs":false,"_genesis_hide_singular_image":false,"_genesis_hide_footer_widgets":false,"_genesis_custom_body_class":"","_genesis_custom_post_class":"","_genesis_layout":"","footnotes":""},"categories":[15],"tags":[109,458,422],"class_list":{"2":"type-post","7":"category-adhd-disturbo-da-deficit-di-attenzione-iperattivita","8":"tag-bambini","9":"tag-ddai","10":"tag-disturbi-del-neurosviluppo","11":"entry"},"acf":[],"_links":{"self":[{"href":"https:\/\/neuronup.com\/it\/wp-json\/wp\/v2\/posts\/14968","targetHints":{"allow":["GET"]}}],"collection":[{"href":"https:\/\/neuronup.com\/it\/wp-json\/wp\/v2\/posts"}],"about":[{"href":"https:\/\/neuronup.com\/it\/wp-json\/wp\/v2\/types\/post"}],"author":[{"embeddable":true,"href":"https:\/\/neuronup.com\/it\/wp-json\/wp\/v2\/users\/222"}],"replies":[{"embeddable":true,"href":"https:\/\/neuronup.com\/it\/wp-json\/wp\/v2\/comments?post=14968"}],"version-history":[{"count":0,"href":"https:\/\/neuronup.com\/it\/wp-json\/wp\/v2\/posts\/14968\/revisions"}],"wp:featuredmedia":[{"embeddable":true,"href":"https:\/\/neuronup.com\/it\/wp-json\/wp\/v2\/media\/29272"}],"wp:attachment":[{"href":"https:\/\/neuronup.com\/it\/wp-json\/wp\/v2\/media?parent=14968"}],"wp:term":[{"taxonomy":"category","embeddable":true,"href":"https:\/\/neuronup.com\/it\/wp-json\/wp\/v2\/categories?post=14968"},{"taxonomy":"post_tag","embeddable":true,"href":"https:\/\/neuronup.com\/it\/wp-json\/wp\/v2\/tags?post=14968"}],"curies":[{"name":"wp","href":"https:\/\/api.w.org\/{rel}","templated":true}]}}