
{"id":14378,"date":"2025-12-07T10:57:00","date_gmt":"2025-12-07T08:57:00","guid":{"rendered":"https:\/\/neuronup.com\/?p=14378"},"modified":"2025-05-26T12:01:30","modified_gmt":"2025-05-26T10:01:30","slug":"i-sintomi-della-depressione-da-un-punto-di-vista-cognitivo","status":"publish","type":"post","link":"https:\/\/neuronup.com\/it\/psicologia\/i-sintomi-della-depressione-da-un-punto-di-vista-cognitivo\/","title":{"rendered":"I sintomi della depressione da un punto di vista cognitivo"},"content":{"rendered":"\n<p>Oggi, 13 gennaio, \u00e8 la Giornata Mondiale della Lotta alla Depressione, un disturbo che colpisce milioni di persone e che si \u00e8 accentuato durante la pandemia. Da <strong>NeuronUP<\/strong> analizziamo i sintomi cognitivi della depressione affinch\u00e9 le persone che ne soffrono chiedano aiuto e possano iniziare un <strong>programma di neuroriabilitazione.<\/strong><\/p>\n\n\n\n<h2 class=\"wp-block-heading\"><strong>I sintomi cognitivi della depressione<\/strong><\/h2>\n\n\n\n<p>Di solito associamo la depressione a sintomi emotivi come: tristezza, perdita di interesse per attivit\u00e0 che prima risultavano attraenti, indifferenza, scoraggiamento, insonnia. Ma in realt\u00e0 non sono gli unici problemi che si affrontano. Le persone che soffrono di depressione sperimentano spesso difficolt\u00e0 di concentrazione, nello svolgimento delle attivit\u00e0 della vita quotidiana e perdite di memoria. Infatti, <strong>la depressione \u00e8 associata a un calo delle funzioni cognitive<\/strong> come attenzione, concentrazione, memoria, capacit\u00e0 decisionale, pianificazione, uso del vocabolario\u2026<\/p>\n\n\n\n<p>Questi sintomi hanno conseguenze molto negative. Le persone con depressione non sono in grado di svolgere correttamente il proprio lavoro, di ottenere buoni risultati negli studi o di svolgere normalmente le attivit\u00e0 della vita quotidiana.<\/p>\n\n\n\n<p>Durante un episodio depressivo i pazienti soffrono di sintomi cognitivi per oltre l&#8217;80% del tempo e per pi\u00f9 del 40% del tempo tra un episodio e l&#8217;altro.<\/p>\n\n\n\n<h3 class=\"wp-block-heading\"><strong>Deficit cognitivi:<\/strong><\/h3>\n\n\n\n<h4 class=\"wp-block-heading\"><strong>L&#8217;attenzione<\/strong><\/h4>\n\n\n\n<p>I pazienti con depressione hanno difficolt\u00e0 a mantenere l&#8217;attenzione quando svolgono compiti che richiedono uno sforzo continuato e l&#8217;elaborazione delle informazioni.<\/p>\n\n\n\n<h4 class=\"wp-block-heading\"><strong>La memoria<\/strong><\/h4>\n\n\n\n<p>Le persone con questo disturbo hanno difficolt\u00e0 a ricordare sia a breve che a lungo termine.<\/p>\n\n\n\n<h4 class=\"wp-block-heading\"><strong>Funzioni esecutive<\/strong><\/h4>\n\n\n\n<p>Le funzioni esecutive sono attivit\u00e0 mentali complesse, necessarie per pianificare, organizzare, guidare, rivedere, regolare e valutare il comportamento necessario per adattarsi efficacemente all&#8217;ambiente e per raggiungere obiettivi (Bauermeister, 2008). I pazienti depressi mostrano diverse alterazioni nelle funzioni esecutive, come pianificazione, memoria di lavoro o presa di decisioni.<\/p>\n\n\n\n<h4 class=\"wp-block-heading\"><strong>Prendere consapevolezza<\/strong><\/h4>\n\n\n\n<p>\u00c8 fondamentale prendere consapevolezza del fatto che la depressione ha conseguenze cognitive. Pertanto, \u00e8 necessario che le persone con questo disturbo si rivolgano a uno specialista per eseguire programmi di riabilitazione cognitiva incentrati sul miglioramento dell&#8217;attenzione, della memoria e delle funzioni esecutive.<\/p>\n\n\n\n<div style=\"height:100px\" aria-hidden=\"true\" class=\"wp-block-spacer\"><\/div>\n\n\n\n<hr class=\"wp-block-separator has-alpha-channel-opacity\"\/>\n\n\n\n<h3 class=\"wp-block-heading\">Se ti \u00e8 piaciuto questo articolo sui <strong>sintomi della depressione da un punto di vista cognitivo<\/strong>, potresti essere interessato anche a:<\/h3>\n\n\n<p><iframe id=\"audio_1462924\" style=\"border: 1px solid #EEE; box-sizing: border-box; width: 100%;\" src=\"https:\/\/www.ivoox.com\/player_ej_1462924_4_1.html?c1=ff6600\" height=\"200\" frameborder=\"0\" scrolling=\"no\" allowfullscreen=\"allowfullscreen\"><\/iframe><\/p>\n<p><iframe id=\"audio_18421622\" frameborder=\"0\" allowfullscreen=\"\" scrolling=\"no\" height=\"200\" style=\"border:1px solid #EEE; box-sizing:border-box; width:100%;\" src=\"https:\/\/www.ivoox.com\/player_ej_18421622_4_1.html?c1=ff6600\" loading=\"lazy\"><\/iframe><\/p>\n<div class=\"mai-grid entries entries-grid has-boxed has-image-full\" style=\"--entry-title-font-size:var(--font-size-lg);--align-text:start;--entry-meta-text-align:start;\"><div class=\"entries-wrap has-columns\" style=\"--columns-xs:1\/1;--columns-sm:1\/1;--columns-md:1\/3;--columns-lg:1\/3;--flex-xs:0 0 var(--flex-basis);--flex-sm:0 0 var(--flex-basis);--flex-md:0 0 var(--flex-basis);--flex-lg:0 0 var(--flex-basis);--column-gap:var(--spacing-lg);--row-gap:var(--spacing-lg);--align-columns:start;\"><article class=\"entry entry-grid is-column has-entry-link has-image has-image-first type-post category-metodi-e-tecniche-di-intervento-terapeutico-e-psicologico tag-adhd tag-alzheimer tag-disturbi-del-neurosviluppo tag-funzioni-esecutive tag-stimolazione-cognitiva tag-testimonianze\" style=\"--entry-index:1;\" aria-label=\"Trattamento neuropsicologico presso il centro IENSA tramite NeuronUP\" itemscope itemtype=\"https:\/\/schema.org\/CreativeWork\"><a class=\"entry-image-link\" href=\"https:\/\/neuronup.com\/it\/stimolazione-e-riabilitazione-cognitiva\/metodi-e-tecniche-di-intervento-terapeutico-e-psicologico\/trattamento-neuropsicologico-presso-il-centro-iensa-tramite-neuronup\/\" tabindex=\"-1\" aria-hidden=\"true\"><img decoding=\"async\" width=\"400\" height=\"300\" src=\"https:\/\/neuronup.com\/it\/wp-content\/uploads\/2024\/05\/Trattamento-neuropsicologico-presso-il-Centro-IENSA-attraverso-il-NeuroneUP-1-400x300.webp\" class=\"entry-image size-landscape-sm\" alt=\"Persona in camicia bianca seduta davanti a un computer desktop; mouse e penna sul tavolo, sfondo luminoso con finestra.\" srcset=\"https:\/\/neuronup.com\/it\/wp-content\/uploads\/2024\/05\/Trattamento-neuropsicologico-presso-il-Centro-IENSA-attraverso-il-NeuroneUP-1-300x225.webp 300w, https:\/\/neuronup.com\/it\/wp-content\/uploads\/2024\/05\/Trattamento-neuropsicologico-presso-il-Centro-IENSA-attraverso-il-NeuroneUP-1-400x300.webp 400w, https:\/\/neuronup.com\/it\/wp-content\/uploads\/2024\/05\/Trattamento-neuropsicologico-presso-il-Centro-IENSA-attraverso-il-NeuroneUP-1-768x576.webp 768w, https:\/\/neuronup.com\/it\/wp-content\/uploads\/2024\/05\/Trattamento-neuropsicologico-presso-il-Centro-IENSA-attraverso-il-NeuroneUP-1-800x600.webp 800w, https:\/\/neuronup.com\/it\/wp-content\/uploads\/2024\/05\/Trattamento-neuropsicologico-presso-il-Centro-IENSA-attraverso-il-NeuroneUP-1-1024x768.webp 1024w, https:\/\/neuronup.com\/it\/wp-content\/uploads\/2024\/05\/Trattamento-neuropsicologico-presso-il-Centro-IENSA-attraverso-il-NeuroneUP-1.webp 1200w\" sizes=\"(max-width:599px) 599px, (min-width:600px) and (max-width: 799px) 799px, (min-width:800px) and (max-width: 999px) 333px, (min-width:1000px) 400px\" \/><\/a><div class=\"entry-wrap entry-wrap-grid\"><h3 class=\"entry-title\" itemprop=\"headline\"><a class=\"entry-title-link\" href=\"https:\/\/neuronup.com\/it\/stimolazione-e-riabilitazione-cognitiva\/metodi-e-tecniche-di-intervento-terapeutico-e-psicologico\/trattamento-neuropsicologico-presso-il-centro-iensa-tramite-neuronup\/\" rel=\"bookmark\">Trattamento neuropsicologico presso il centro IENSA tramite NeuronUP<\/a><\/h3>\n<\/div><\/article><article class=\"entry entry-grid is-column has-entry-link has-image has-image-first type-post category-neuroscienze tag-cervello\" style=\"--entry-index:2;\" aria-label=\"Relazione tra cervello e comportamento: siamo il nostro cervello?\" itemscope itemtype=\"https:\/\/schema.org\/CreativeWork\"><a class=\"entry-image-link\" href=\"https:\/\/neuronup.com\/it\/neuroscienze\/relazione-tra-cervello-e-comportamento-siamo-il-nostro-cervello\/\" tabindex=\"-1\" aria-hidden=\"true\"><img decoding=\"async\" width=\"400\" height=\"267\" src=\"https:\/\/neuronup.com\/it\/wp-content\/uploads\/2023\/11\/El-lenguaje-como-factor-predictor-de-las-demencias-.webp\" class=\"entry-image size-landscape-sm\" alt=\"Illustrazione di cervello stilizzato con vasi neri; la met\u00e0 destra sembra dissolversi su sfondo chiaro con muro visibile.\" srcset=\"https:\/\/neuronup.com\/it\/wp-content\/uploads\/2023\/11\/El-lenguaje-como-factor-predictor-de-las-demencias--300x200.webp 300w, https:\/\/neuronup.com\/it\/wp-content\/uploads\/2023\/11\/El-lenguaje-como-factor-predictor-de-las-demencias--768x512.webp 768w, https:\/\/neuronup.com\/it\/wp-content\/uploads\/2023\/11\/El-lenguaje-como-factor-predictor-de-las-demencias--1024x683.webp 1024w, https:\/\/neuronup.com\/it\/wp-content\/uploads\/2023\/11\/El-lenguaje-como-factor-predictor-de-las-demencias-.webp 1200w\" sizes=\"(max-width:599px) 599px, (min-width:600px) and (max-width: 799px) 799px, (min-width:800px) and (max-width: 999px) 333px, (min-width:1000px) 400px\" \/><\/a><div class=\"entry-wrap entry-wrap-grid\"><h3 class=\"entry-title\" itemprop=\"headline\"><a class=\"entry-title-link\" href=\"https:\/\/neuronup.com\/it\/neuroscienze\/relazione-tra-cervello-e-comportamento-siamo-il-nostro-cervello\/\" rel=\"bookmark\">Relazione tra cervello e comportamento: siamo il nostro cervello?<\/a><\/h3>\n<\/div><\/article><article class=\"entry entry-grid is-column has-entry-link has-image has-image-first type-post category-notizie-su-neuronup tag-notizie-su-neuronup tag-ricerca\" style=\"--entry-index:3;\" aria-label=\"Previsione dell&#8217;incidenza della malattia di Alzheimer tramite machine learning utilizzando dati sanitari amministrativi su larga scala\" itemscope itemtype=\"https:\/\/schema.org\/CreativeWork\"><a class=\"entry-image-link\" href=\"https:\/\/neuronup.com\/it\/notizie-su-neuronup\/previsione-dellincidenza-della-malattia-di-alzheimer-tramite-machine-learning-utilizzando-dati-sanitari-amministrativi-su-larga-scala\/\" tabindex=\"-1\" aria-hidden=\"true\"><img decoding=\"async\" width=\"400\" height=\"300\" src=\"https:\/\/neuronup.com\/it\/wp-content\/uploads\/2024\/10\/Previsione-dellincidenza-della-malattia-di-Alzheimer-400x300.webp\" class=\"entry-image size-landscape-sm\" alt=\"Primo piano di uomo anziano con pelle segnata dal tempo, occhi verdi espressivi, davanti a una finestra con sfondo verde.\" srcset=\"https:\/\/neuronup.com\/it\/wp-content\/uploads\/2024\/10\/Previsione-dellincidenza-della-malattia-di-Alzheimer-400x300.webp 400w, https:\/\/neuronup.com\/it\/wp-content\/uploads\/2024\/10\/Previsione-dellincidenza-della-malattia-di-Alzheimer-800x600.webp 800w\" sizes=\"(max-width:599px) 599px, (min-width:600px) and (max-width: 799px) 799px, (min-width:800px) and (max-width: 999px) 333px, (min-width:1000px) 400px\" \/><\/a><div class=\"entry-wrap entry-wrap-grid\"><h3 class=\"entry-title\" itemprop=\"headline\"><a class=\"entry-title-link\" href=\"https:\/\/neuronup.com\/it\/notizie-su-neuronup\/previsione-dellincidenza-della-malattia-di-alzheimer-tramite-machine-learning-utilizzando-dati-sanitari-amministrativi-su-larga-scala\/\" rel=\"bookmark\">Previsione dell&#8217;incidenza della malattia di Alzheimer tramite machine learning utilizzando dati sanitari amministrativi su larga scala<\/a><\/h3>\n<\/div><\/article><article class=\"entry entry-grid is-column has-entry-link has-image has-image-first type-post category-malattie-neurodegenerative tag-demenza tag-malattie-neurodegenerative\" style=\"--entry-index:4;\" aria-label=\"Che cos&#8217;\u00e8 e come influisce sulla demenza frontotemporale?\" itemscope itemtype=\"https:\/\/schema.org\/CreativeWork\"><a class=\"entry-image-link\" href=\"https:\/\/neuronup.com\/it\/stimolazione-e-riabilitazione-cognitiva\/malattie-neurodegenerative\/che-cose-e-come-influisce-sulla-demenza-frontotemporale\/\" tabindex=\"-1\" aria-hidden=\"true\"><img decoding=\"async\" width=\"400\" height=\"300\" src=\"https:\/\/neuronup.com\/it\/wp-content\/uploads\/2024\/05\/Che-cose-e-come-influisce-sulla-demenza-frontotemporale-1-400x300.webp\" class=\"entry-image size-landscape-sm\" alt=\"Anziano che guarda un cervello luminoso sospeso in uno sfondo nebuloso, atmosfera di introspezione.\" srcset=\"https:\/\/neuronup.com\/it\/wp-content\/uploads\/2024\/05\/Che-cose-e-come-influisce-sulla-demenza-frontotemporale-1-400x300.webp 400w, https:\/\/neuronup.com\/it\/wp-content\/uploads\/2024\/05\/Che-cose-e-come-influisce-sulla-demenza-frontotemporale-1-800x600.webp 800w\" sizes=\"(max-width:599px) 599px, (min-width:600px) and (max-width: 799px) 799px, (min-width:800px) and (max-width: 999px) 333px, (min-width:1000px) 400px\" \/><\/a><div class=\"entry-wrap entry-wrap-grid\"><h3 class=\"entry-title\" itemprop=\"headline\"><a class=\"entry-title-link\" href=\"https:\/\/neuronup.com\/it\/stimolazione-e-riabilitazione-cognitiva\/malattie-neurodegenerative\/che-cose-e-come-influisce-sulla-demenza-frontotemporale\/\" rel=\"bookmark\">Che cos&#8217;\u00e8 e come influisce sulla demenza frontotemporale?<\/a><\/h3>\n<\/div><\/article><article class=\"entry entry-grid is-column has-entry-link has-image has-image-first type-post category-lesione-cerebrale-traumatica-tbi tag-cerebrolesione tag-cerebrolesione-acquisita tag-cervello\" style=\"--entry-index:5;\" aria-label=\"Lesione cerebrale traumatica: gestione e trattamento\" itemscope itemtype=\"https:\/\/schema.org\/CreativeWork\"><a class=\"entry-image-link\" href=\"https:\/\/neuronup.com\/it\/stimolazione-e-riabilitazione-cognitiva\/cerebrolesione-acquisita\/lesione-cerebrale-traumatica-tbi\/lesione-cerebrale-traumatica-gestione-e-trattamento\/\" tabindex=\"-1\" aria-hidden=\"true\"><img decoding=\"async\" width=\"400\" height=\"300\" src=\"https:\/\/neuronup.com\/it\/wp-content\/uploads\/2024\/03\/Lesione-cerebrale-traumatica_gestione-e-trattamento-400x300.webp\" class=\"entry-image size-landscape-sm\" alt=\"Figura stilizzata di una persona con maglietta rossa, mano sulla fronte, testa che si dissolve in pixel sullo sfondo bianco.\" srcset=\"https:\/\/neuronup.com\/it\/wp-content\/uploads\/2024\/03\/Lesione-cerebrale-traumatica_gestione-e-trattamento-400x300.webp 400w, https:\/\/neuronup.com\/it\/wp-content\/uploads\/2024\/03\/Lesione-cerebrale-traumatica_gestione-e-trattamento-800x600.webp 800w, https:\/\/neuronup.com\/it\/wp-content\/uploads\/2024\/03\/Lesione-cerebrale-traumatica_gestione-e-trattamento-1200x900.webp 1200w\" sizes=\"(max-width:599px) 599px, (min-width:600px) and (max-width: 799px) 799px, (min-width:800px) and (max-width: 999px) 333px, (min-width:1000px) 400px\" \/><\/a><div class=\"entry-wrap entry-wrap-grid\"><h3 class=\"entry-title\" itemprop=\"headline\"><a class=\"entry-title-link\" href=\"https:\/\/neuronup.com\/it\/stimolazione-e-riabilitazione-cognitiva\/cerebrolesione-acquisita\/lesione-cerebrale-traumatica-tbi\/lesione-cerebrale-traumatica-gestione-e-trattamento\/\" rel=\"bookmark\">Lesione cerebrale traumatica: gestione e trattamento<\/a><\/h3>\n<\/div><\/article><article class=\"entry entry-grid is-column has-entry-link has-image has-image-first type-post category-disturbi-specifici-dellapprendimento tag-attivita-di-stimolazione-cognitiva-per-bambini tag-bambini tag-disturbi-del-neurosviluppo tag-linguaggio tag-stimolazione-cognitiva\" style=\"--entry-index:6;\" aria-label=\"Stimolazione neuropsicologica nella dislessia con strumenti digitali\" itemscope itemtype=\"https:\/\/schema.org\/CreativeWork\"><a class=\"entry-image-link\" href=\"https:\/\/neuronup.com\/it\/stimolazione-e-riabilitazione-cognitiva\/disturbi-del-neurosviluppo\/disturbi-specifici-dellapprendimento\/stimolazione-neuropsicologica-nella-dislessia\/\" tabindex=\"-1\" aria-hidden=\"true\"><img decoding=\"async\" width=\"400\" height=\"246\" src=\"https:\/\/neuronup.com\/it\/wp-content\/uploads\/2022\/09\/Estimulacion-neuropsicologica-en-dislexia-1.webp\" class=\"entry-image size-landscape-sm\" alt=\"Bambino seduto al tavolo disegna e colora con penne e fogli, in un ambiente colorato dedicato a attivit\u00e0 creative.\" srcset=\"https:\/\/neuronup.com\/it\/wp-content\/uploads\/2022\/09\/Estimulacion-neuropsicologica-en-dislexia-1-300x185.webp 300w, https:\/\/neuronup.com\/it\/wp-content\/uploads\/2022\/09\/Estimulacion-neuropsicologica-en-dislexia-1-768x473.webp 768w, https:\/\/neuronup.com\/it\/wp-content\/uploads\/2022\/09\/Estimulacion-neuropsicologica-en-dislexia-1-1024x631.webp 1024w, https:\/\/neuronup.com\/it\/wp-content\/uploads\/2022\/09\/Estimulacion-neuropsicologica-en-dislexia-1.webp 1205w\" sizes=\"(max-width:599px) 599px, (min-width:600px) and (max-width: 799px) 799px, (min-width:800px) and (max-width: 999px) 333px, (min-width:1000px) 400px\" \/><\/a><div class=\"entry-wrap entry-wrap-grid\"><h3 class=\"entry-title\" itemprop=\"headline\"><a class=\"entry-title-link\" href=\"https:\/\/neuronup.com\/it\/stimolazione-e-riabilitazione-cognitiva\/disturbi-del-neurosviluppo\/disturbi-specifici-dellapprendimento\/stimolazione-neuropsicologica-nella-dislessia\/\" rel=\"bookmark\">Stimolazione neuropsicologica nella dislessia con strumenti digitali<\/a><\/h3>\n<\/div><\/article><\/div><\/div>","protected":false},"excerpt":{"rendered":"<p>Oggi, 13 gennaio, \u00e8 la Giornata Mondiale della Lotta alla Depressione, un disturbo che colpisce milioni di persone e che si \u00e8 accentuato durante la pandemia. Da NeuronUP analizziamo i sintomi cognitivi della depressione affinch\u00e9 le persone che ne soffrono chiedano aiuto e possano iniziare un programma di neuroriabilitazione. I sintomi cognitivi della depressione Di &hellip;<\/p>\n","protected":false},"author":7,"featured_media":14390,"comment_status":"open","ping_status":"open","sticky":false,"template":"","format":"standard","meta":{"_acf_changed":false,"_genesis_hide_title":false,"_genesis_hide_breadcrumbs":false,"_genesis_hide_singular_image":false,"_genesis_hide_footer_widgets":false,"_genesis_custom_body_class":"","_genesis_custom_post_class":"","_genesis_layout":"","footnotes":""},"categories":[442],"tags":[321],"class_list":{"2":"type-post","7":"category-psicologia","8":"tag-salute-mentale","9":"entry"},"acf":[],"_links":{"self":[{"href":"https:\/\/neuronup.com\/it\/wp-json\/wp\/v2\/posts\/14378","targetHints":{"allow":["GET"]}}],"collection":[{"href":"https:\/\/neuronup.com\/it\/wp-json\/wp\/v2\/posts"}],"about":[{"href":"https:\/\/neuronup.com\/it\/wp-json\/wp\/v2\/types\/post"}],"author":[{"embeddable":true,"href":"https:\/\/neuronup.com\/it\/wp-json\/wp\/v2\/users\/7"}],"replies":[{"embeddable":true,"href":"https:\/\/neuronup.com\/it\/wp-json\/wp\/v2\/comments?post=14378"}],"version-history":[{"count":0,"href":"https:\/\/neuronup.com\/it\/wp-json\/wp\/v2\/posts\/14378\/revisions"}],"wp:featuredmedia":[{"embeddable":true,"href":"https:\/\/neuronup.com\/it\/wp-json\/wp\/v2\/media\/14390"}],"wp:attachment":[{"href":"https:\/\/neuronup.com\/it\/wp-json\/wp\/v2\/media?parent=14378"}],"wp:term":[{"taxonomy":"category","embeddable":true,"href":"https:\/\/neuronup.com\/it\/wp-json\/wp\/v2\/categories?post=14378"},{"taxonomy":"post_tag","embeddable":true,"href":"https:\/\/neuronup.com\/it\/wp-json\/wp\/v2\/tags?post=14378"}],"curies":[{"name":"wp","href":"https:\/\/api.w.org\/{rel}","templated":true}]}}