
{"id":13882,"date":"2025-09-08T10:57:02","date_gmt":"2025-09-08T10:57:02","guid":{"rendered":"https:\/\/neuronup.com\/?p=13882"},"modified":"2025-07-11T10:04:51","modified_gmt":"2025-07-11T08:04:51","slug":"neuropsicologia-educativa-intervento-psicoeducativo-nel-neuro-sviluppo","status":"publish","type":"post","link":"https:\/\/neuronup.com\/it\/formazione\/neuronup-academy\/neuropsicologia-educativa-intervento-psicoeducativo-nel-neuro-sviluppo\/","title":{"rendered":"Neuropsicologia Educativa \u2013 Intervento Psicoeducativo nel Neurosviluppo"},"content":{"rendered":"\n<div class=\"wp-block-group\"><div class=\"wp-block-group__inner-container is-layout-flow wp-block-group-is-layout-flow\">\n<p class=\"has-text-align-center is-style-subheading has-primary-color has-text-color\">la psicologa educativa Johana B. Arg\u00fceso TERR\u00c0 LA CONFERENZA <\/p>\n\n\n\n<p class=\"has-text-align-center is-style-subheading has-primary-color has-text-color\">GRATUITA E ONLINE IL 07\/06 su NeuronUP Academy<\/p>\n\n\n\n<p class=\"has-lg-font-size\">La psicologa educativa <strong>Johana B. Arg\u00fceso<\/strong> terr\u00e0 una conferenza online e gratuita su NeuronUP Academy su <strong>Neuropsicologia Educativa &#8211; Intervento Psicoeducativo nel Neurosviluppo<\/strong> marted\u00ec 7 giugno 2022 alle 19:00 (ora Spagna). Ti aspettiamo!<\/p>\n\n\n\n<p>E ricorda!<\/p>\n\n\n\n<p>1. <strong>Abbiamo aumentato il tempo per la sessione di domande a 30 minuti<\/strong> affinch\u00e9 nessuna domanda resti senza risposta.<\/p>\n\n\n\n<p>2. I clienti di NeuronUP e i professionisti con prova gratuita di NeuronUP che partecipano alla conferenza in diretta riceveranno in esclusiva un <strong>certificato di partecipazione<\/strong>.<\/p>\n\n\n\n<hr class=\"wp-block-separator has-css-opacity is-style-wide has-xl-margin-top has-xl-margin-bottom\"\/>\n\n\n\n<p class=\"has-text-align-center\">Compila questo modulo e clicca su &#8216;REGISTRATI ORA&#8217; per poter partecipare alla conferenza.<\/p>\n\n\n<span class=\"mai-icon mai-icon-arrow-circle-down\" style=\"display:block;text-align:center;--icon-margin:0px 0px 0px 0px;--icon-padding:0px;--icon-size:40px;--icon-color:var(--color-primary);--icon-border-radius:var(--border-radius);\"><span class=\"mai-icon-wrap\"><svg xmlns=\"http:\/\/www.w3.org\/2000\/svg\" viewbox=\"0 0 512 512\" width=\"40\" height=\"40\"><!-- Font Awesome Pro 5.15.4 by @fontawesome - https:\/\/fontawesome.com License - https:\/\/fontawesome.com\/license (Commercial License) --><path d=\"M256 8C119 8 8 119 8 256s111 248 248 248 248-111 248-248S393 8 256 8zm216 248c0 118.7-96.1 216-216 216-118.7 0-216-96.1-216-216 0-118.7 96.1-216 216-216 118.7 0 216 96.1 216 216zm-92.5-4.5l-6.9-6.9c-4.7-4.7-12.5-4.7-17.1.2L273 330.3V140c0-6.6-5.4-12-12-12h-10c-6.6 0-12 5.4-12 12v190.3l-82.5-85.6c-4.7-4.8-12.4-4.9-17.1-.2l-6.9 6.9c-4.7 4.7-4.7 12.3 0 17l115 115.1c4.7 4.7 12.3 4.7 17 0l115-115.1c4.7-4.6 4.7-12.2 0-16.9z\"><\/path><\/svg><\/span><\/span>\n\n\n<div class=\"wp-block-group has-xl-margin-top\"><div class=\"wp-block-group__inner-container is-layout-flow wp-block-group-is-layout-flow\">\n<div class=\"wp-block-columns is-layout-flex wp-container-core-columns-is-layout-9d6595d7 wp-block-columns-is-layout-flex\" id=\"formulario-clickmeeting\">\n<div class=\"wp-block-column is-layout-flow wp-block-column-is-layout-flow\">\n<script type=\"text\/javascript\" src=\"https:\/\/embed.clickmeeting.com\/embed_conference.html?r=177082186595931&amp;w=1024&amp;h=1700\"><\/script>\n<\/div>\n<\/div>\n<\/div><\/div>\n<\/div><\/div>\n\n\n\n<div style=\"height:62px\" aria-hidden=\"true\" class=\"wp-block-spacer\"><\/div>\n\n\n\n<div class=\"wp-block-group testimonial-block\"><div class=\"wp-block-group__inner-container is-layout-flow wp-block-group-is-layout-flow\">\n<h2 class=\"wp-block-heading has-text-align-center\" id=\"datos-de-la-ponencia\">Dati della conferenza<\/h2>\n\n\n\n<div class=\"wp-block-columns is-layout-flex wp-container-core-columns-is-layout-9d6595d7 wp-block-columns-is-layout-flex\">\n<div class=\"wp-block-column is-layout-flow wp-block-column-is-layout-flow\">\n<p class=\"is-style-default\"><strong>Relatrice:<\/strong><\/p>\n\n\n\n<p class=\"is-style-default\">Johana B. Arg\u00fceso<\/p>\n\n\n\n<p class=\"is-style-default\"><strong>Titolo della conferenza<\/strong>:<\/p>\n\n\n\n<p class=\"is-style-default\"><em>Neuropsicologia Educativa &#8211; Intervento Psicoeducativo nel Neurosviluppo<\/em><\/p>\n\n\n\n<p class=\"is-style-default\"><strong>Certificato di partecipazione<\/strong><\/p>\n\n\n\n<p class=\"is-style-default\">Clienti e professionisti con prova gratuita.<\/p>\n<\/div>\n\n\n\n<div class=\"wp-block-column is-layout-flow wp-block-column-is-layout-flow\">\n<p class=\"is-style-default\"><strong>Data<\/strong>: marted\u00ec 7 giugno 2022.<\/p>\n\n\n\n<p class=\"is-style-default\"><strong>Orario<\/strong>:<\/p>\n\n\n\n<ul class=\"wp-block-list\">\n<li><img decoding=\"async\" width=\"20\" src=\"https:\/\/neuronup.com\/wp-content\/uploads\/2025\/03\/bandera-mexico.svg\" alt=\"M\u00e9xico\"> Messico: 12:00<\/li>\n\n\n\n<li><img decoding=\"async\" width=\"20\" src=\"https:\/\/neuronup.com\/wp-content\/uploads\/2025\/03\/bandera-colombia.svg\" alt=\"Espa\u00f1a\"> Colombia: 12:00<\/li>\n\n\n\n<li><img decoding=\"async\" width=\"20\" src=\"https:\/\/neuronup.com\/wp-content\/uploads\/2025\/03\/bandera-chile.svg\" alt=\"Chile\"> Cile: 13:00<\/li>\n\n\n\n<li><img decoding=\"async\" width=\"20\" src=\"https:\/\/neuronup.com\/wp-content\/uploads\/2025\/03\/bandera-argentina.svg\" alt=\"Argentina\"> Argentina: 14:00<\/li>\n\n\n\n<li><img decoding=\"async\" width=\"20\" src=\"https:\/\/neuronup.com\/wp-content\/uploads\/2025\/03\/bandera-espana.svg\" alt=\"Espa\u00f1a\"> Spagna: 19:00<\/li>\n<\/ul>\n<\/div>\n<\/div>\n<\/div><\/div>\n\n\n\n<div style=\"height:62px\" aria-hidden=\"true\" class=\"wp-block-spacer\"><\/div>\n\n\n<div class=\"wp-block-image\">\n<figure class=\"aligncenter size-large is-resized\"><img decoding=\"async\" width=\"1024\" height=\"1024\" src=\"https:\/\/neuronup.com\/it\/wp-content\/uploads\/2022\/05\/00_johana-b-argueso-1024x1024.webp\" alt=\"\" class=\"wp-image-13883\" style=\"object-fit:cover;width:400px;height:400px\" srcset=\"https:\/\/neuronup.com\/it\/wp-content\/uploads\/2022\/05\/00_johana-b-argueso-150x150.webp 150w, https:\/\/neuronup.com\/it\/wp-content\/uploads\/2022\/05\/00_johana-b-argueso-300x300.webp 300w, https:\/\/neuronup.com\/it\/wp-content\/uploads\/2022\/05\/00_johana-b-argueso-768x768.webp 768w, https:\/\/neuronup.com\/it\/wp-content\/uploads\/2022\/05\/00_johana-b-argueso-1024x1024.webp 1024w, https:\/\/neuronup.com\/it\/wp-content\/uploads\/2022\/05\/00_johana-b-argueso.webp 1080w\" sizes=\"(max-width: 1024px) 100vw, 1024px\" \/><\/figure>\n<\/div>\n\n\n<h2 class=\"wp-block-heading\" id=\"perfil-de-mateu-servera\">Profilo di Johana B. Arg\u00fceso<\/h2>\n\n\n\n<p>Laureata in Psicologia presso l&#8217;Universit\u00e0 Complutense di Madrid, con specializzazioni in Psicologia Educativa e Psicologia Sociale. Undici anni di esperienza professionale, con i primi tirocini in un centro multidisciplinare per un anno e mezzo (Psicologia Clinica, Logopedia, Pedagogia) prima di laurearsi, e i primi anni di attivit\u00e0 nell&#8217;ambito psicosocioeducativo per coprire il pi\u00f9 ampiamente possibile lo sviluppo infanto-giovanile.<\/p>\n\n\n\n<p>Nel 2016 ho aperto il mio <a rel=\"noreferrer noopener nofollow\" href=\"https:\/\/neuronup.com\/it\/\" target=\"_blank\">Centro di Psicologia Educativa<\/a> dedicato specificamente alle Difficolt\u00e0 di Apprendimento, ai Disturbi del Neurosviluppo e all&#8217;Alta Efficienza Cognitiva. Tra il 2020 e il 2021 ho sviluppato un programma di Neuropsicologia Educativa per imparare a realizzare valutazioni di qualit\u00e0, che si \u00e8 concluso nel 2022 con l&#8217;apertura della prima <a rel=\"noreferrer noopener nofollow\" href=\"https:\/\/neuronup.com\/it\/\" target=\"_blank\">Accademia Professionale di Psicologia Educativa<\/a>.<\/p>\n\n\n\n<p><br>&nbsp;<br><\/p>\n\n\n\n<div class=\"wp-block-buttons is-horizontal is-content-justification-center is-layout-flex wp-container-core-buttons-is-layout-499968f5 wp-block-buttons-is-layout-flex\">\n<div class=\"wp-block-button\"><a class=\"wp-block-button__link button wp-element-button\" href=\"#formulario-clickmeeting\">Iscriviti alla conferenza<\/a><\/div>\n<\/div>\n\n\n\n<hr class=\"wp-block-separator has-css-opacity is-style-wide has-xxl-margin-top has-xxl-margin-bottom\"\/>\n\n\n\n<h2 class=\"wp-block-heading\" id=\"preguntas-frecuentes\">Domande frequenti<\/h2>\n\n\n\n<h3 class=\"wp-block-heading\" id=\"1-a-quien-va-dirigida-esta-ponencia\">1. A chi \u00e8 rivolta questa conferenza?<\/h3>\n\n\n\n<p>Questa conferenza \u00e8 rivolta a neuropsicologi, psicologi, neurologi, terapisti occupazionali, logopedisti e fisioterapisti, nonch\u00e9 agli studenti del settore della neuroriabilitazione.<\/p>\n\n\n\n<h3 class=\"wp-block-heading\" id=\"2-cuanto-vale-esta-ponencia\">2. Quanto costa questa conferenza?<\/h3>\n\n\n\n<p>Questa conferenza \u00e8 <strong>completamente gratuita il giorno della trasmissione.<\/strong> Successivamente, la conferenza sar\u00e0 disponibile solo per i clienti di NeuronUP all&#8217;interno della piattaforma.<\/p>\n\n\n\n<h3 class=\"wp-block-heading\" id=\"3-donde-se-imparte-la-ponencia\">3. Dove si tiene la conferenza?<\/h3>\n\n\n\n<p>La conferenza \u00e8 <strong>online<\/strong> e puoi partecipare da qualsiasi luogo.<\/p>\n\n\n\n<h3 class=\"wp-block-heading\" id=\"4-cuanto-dura\">4. Quanto dura?<\/h3>\n\n\n\n<p>La conferenza dura 1 ora.<\/p>\n\n\n\n<h3 class=\"wp-block-heading\" id=\"5-la-ponencia-es-en-directo\">5. La conferenza \u00e8 in diretta?<\/h3>\n\n\n\n<p><strong>Registriamo la conferenza<\/strong> in anticipo<strong> per garantire la massima qualit\u00e0<\/strong> e cercare di evitare possibili interruzioni dovute a una connessione scadente. Al termine della conferenza, <strong>il relatore sar\u00e0 disponibile IN DIRETTA per 30 minuti per rispondere alle domande<\/strong>.<\/p>\n\n\n\n<h3 class=\"wp-block-heading\" id=\"6-hay-turno-de-preguntas\"><strong>6. Ci sar\u00e0 una sessione di domande?<\/strong><\/h3>\n\n\n\n<p>Il relatore risponder\u00e0 alle domande in diretta negli ultimi 30 minuti. Nel caso in cui non fosse possibile rispondere a tutte le domande, il relatore fornir\u00e0 le risposte per iscritto sul blog di NeuronUP.<\/p>\n\n\n\n<hr class=\"wp-block-separator has-css-opacity is-style-wide has-xxl-margin-top has-xxl-margin-bottom\"\/>\n\n\n\n<h3 class=\"wp-block-heading\" id=\"recomendaciones-a-la-hora-de-asistir-a-la-ponencia\">Raccomandazioni per la partecipazione alla conferenza<\/h3>\n\n\n\n<ul class=\"wp-block-list\">\n<li><strong>Accedere da un computer.<\/strong> Le persone che partecipano da un dispositivo mobile potrebbero avere problemi a visualizzare o ascoltare la conferenza a causa di un segnale Wi-Fi insufficiente, quindi consigliamo di accedere da un computer desktop o portatile.<\/li>\n\n\n\n<li><strong>Utilizzare una connessione via cavo<\/strong>, se possibile, anzich\u00e9 la connessione Wi-Fi.<\/li>\n\n\n\n<li><strong>Eseguire un test di connessione prima di unirsi alla conferenza.<\/strong> Questa opzione \u00e8 disponibile per ogni utente nella schermata di ingresso all&#8217;evento.<\/li>\n<\/ul>\n\n\n\n<div class=\"wp-block-buttons is-horizontal is-content-justification-center is-layout-flex wp-container-core-buttons-is-layout-499968f5 wp-block-buttons-is-layout-flex\">\n<div class=\"wp-block-button\"><a class=\"wp-block-button__link button wp-element-button\" href=\"#formulario-clickmeeting\">Iscriviti alla conferenza<\/a><\/div>\n<\/div>\n\n\n\n<hr class=\"wp-block-separator has-css-opacity is-style-wide has-xxl-margin-top has-xxl-margin-bottom\"\/>\n\n\n\n<div style=\"height:50px\" aria-hidden=\"true\" class=\"wp-block-spacer\"><\/div>\n\n\n\n<div class=\"wp-block-group br-0111 has-primary-background-color has-background has-dark-background has-sm-padding-top has-sm-padding-left has-sm-padding-right has-xxl-margin-top\"><div class=\"wp-block-group__inner-container is-layout-constrained wp-block-group-is-layout-constrained\">\n<div class=\"wp-block-columns is-layout-flex wp-container-core-columns-is-layout-9d6595d7 wp-block-columns-is-layout-flex\">\n<div class=\"wp-block-column is-layout-flow wp-block-column-is-layout-flow\">\n<figure class=\"wp-block-image size-full desktop-position-absolute desktop-bottom-0 mobile-width-50 mobile-m-inline-auto has-xl-margin-top\"><img decoding=\"async\" src=\"https:\/\/neuronup.com\/it\/wp-content\/uploads\/2022\/v3\/producto-certificado.webp\" alt=\"\" class=\"wp-image-31568\"><\/figure>\n<\/div>\n\n\n\n<div class=\"wp-block-column is-layout-flow wp-block-column-is-layout-flow\">\n<h2 class=\"wp-block-heading has-white-color has-text-color\"><strong>Iscriviti<\/strong> <br>alla nostra <br>Newsletter<\/h2>\n\n\n\n<div class=\"wp-block-buttons is-layout-flex wp-block-buttons-is-layout-flex\">\n<div class=\"wp-block-button--1\" style=\"--button-outline-color:var(--color-white);--button-outline-color-hover:rgba(0,0,0,0.8);\"><a class=\"wp-block-button__link button button-outline   wp-element-button\" href=\"https:\/\/neuronup.com\/it\/newsletter\/\">Iscriviti<\/a><\/div>\n\n<\/div>\n\n\n\n<div style=\"height:40px\" aria-hidden=\"true\" class=\"wp-block-spacer\"><\/div>\n<\/div>\n<\/div>\n<\/div><\/div>\n\n\n\n\n<div style=\"height:50px\" aria-hidden=\"true\" class=\"wp-block-spacer\"><\/div>\n\n\n<div class=\"mai-grid entries entries-grid has-boxed has-image-full\" style=\"--entry-title-font-size:var(--font-size-lg);--align-text:start;--entry-meta-text-align:start;\"><div class=\"entries-wrap has-columns\" style=\"--columns-xs:1\/1;--columns-sm:1\/1;--columns-md:1\/3;--columns-lg:1\/3;--flex-xs:0 0 var(--flex-basis);--flex-sm:0 0 var(--flex-basis);--flex-md:0 0 var(--flex-basis);--flex-lg:0 0 var(--flex-basis);--column-gap:var(--spacing-lg);--row-gap:var(--spacing-lg);--align-columns:start;\"><article class=\"entry entry-grid is-column has-entry-link has-image has-image-first type-post category-formazione category-neuronup-academy tag-neuronup-academy\" style=\"--entry-index:1;\" aria-label=\"La Dr.ssa Elena Mu\u00f1oz risponde ai dubbi sulla sua presentazione riguardo alla stimolazione magnetica transcranica nella riabilitazione neuropsicologica\" itemscope itemtype=\"https:\/\/schema.org\/CreativeWork\"><a class=\"entry-image-link\" href=\"https:\/\/neuronup.com\/it\/formazione\/neuronup-academy\/la-dottssa-elena-munoz-risponde-ai-dubbi-sulla-sua-relazione-riguardo-alla-stimolazione-magnetica-transcranica-nella-riabilitazione-neuropsicologica\/\" tabindex=\"-1\" aria-hidden=\"true\"><img decoding=\"async\" width=\"400\" height=\"228\" src=\"https:\/\/neuronup.com\/it\/wp-content\/uploads\/2023\/03\/Elena-Munoz-1.webp\" class=\"entry-image size-landscape-sm\" alt=\"Testo in spagnolo sulla stimolazione magnetica transcraniale; a sinistra foto di donna e logo Neuron Academy con Elena Mu\u00f1oz.\" srcset=\"https:\/\/neuronup.com\/it\/wp-content\/uploads\/2023\/03\/Elena-Munoz-1-300x171.webp 300w, https:\/\/neuronup.com\/it\/wp-content\/uploads\/2023\/03\/Elena-Munoz-1-768x438.webp 768w, https:\/\/neuronup.com\/it\/wp-content\/uploads\/2023\/03\/Elena-Munoz-1-1024x585.webp 1024w, https:\/\/neuronup.com\/it\/wp-content\/uploads\/2023\/03\/Elena-Munoz-1.webp 1200w\" sizes=\"(max-width:599px) 599px, (min-width:600px) and (max-width: 799px) 799px, (min-width:800px) and (max-width: 999px) 333px, (min-width:1000px) 400px\" \/><\/a><div class=\"entry-wrap entry-wrap-grid\"><h3 class=\"entry-title\" itemprop=\"headline\"><a class=\"entry-title-link\" href=\"https:\/\/neuronup.com\/it\/formazione\/neuronup-academy\/la-dottssa-elena-munoz-risponde-ai-dubbi-sulla-sua-relazione-riguardo-alla-stimolazione-magnetica-transcranica-nella-riabilitazione-neuropsicologica\/\" rel=\"bookmark\">La Dr.ssa Elena Mu\u00f1oz risponde ai dubbi sulla sua presentazione riguardo alla stimolazione magnetica transcranica nella riabilitazione neuropsicologica<\/a><\/h3>\n<\/div><\/article><article class=\"entry entry-grid is-column has-entry-link has-image has-image-first type-post category-cerebrolesione-acquisita tag-cerebrolesione-acquisita\" style=\"--entry-index:2;\" aria-label=\"Apprendimento motorio: cos&#8217;\u00e8, fattori, metodologia e obiettivi\" itemscope itemtype=\"https:\/\/schema.org\/CreativeWork\"><a class=\"entry-image-link\" href=\"https:\/\/neuronup.com\/it\/stimolazione-e-riabilitazione-cognitiva\/cerebrolesione-acquisita\/apprendimento-motorio-cose-fattori-metodologia-e-obiettivi\/\" tabindex=\"-1\" aria-hidden=\"true\"><img decoding=\"async\" width=\"400\" height=\"300\" src=\"https:\/\/neuronup.com\/it\/wp-content\/uploads\/2024\/04\/Apprendimento-motorio-cose-fattori-metodologia-e-obiettivi-2-400x300.webp\" class=\"entry-image size-landscape-sm\" alt=\"Struttura ramificata complessa con linee intrecciate, simile a diagramma vascolare; tonalit\u00e0 marrone e oro, aspetto organico.\" srcset=\"https:\/\/neuronup.com\/it\/wp-content\/uploads\/2024\/04\/Apprendimento-motorio-cose-fattori-metodologia-e-obiettivi-2-400x300.webp 400w, https:\/\/neuronup.com\/it\/wp-content\/uploads\/2024\/04\/Apprendimento-motorio-cose-fattori-metodologia-e-obiettivi-2-800x600.webp 800w\" sizes=\"(max-width:599px) 599px, (min-width:600px) and (max-width: 799px) 799px, (min-width:800px) and (max-width: 999px) 333px, (min-width:1000px) 400px\" \/><\/a><div class=\"entry-wrap entry-wrap-grid\"><h3 class=\"entry-title\" itemprop=\"headline\"><a class=\"entry-title-link\" href=\"https:\/\/neuronup.com\/it\/stimolazione-e-riabilitazione-cognitiva\/cerebrolesione-acquisita\/apprendimento-motorio-cose-fattori-metodologia-e-obiettivi\/\" rel=\"bookmark\">Apprendimento motorio: cos&#8217;\u00e8, fattori, metodologia e obiettivi<\/a><\/h3>\n<\/div><\/article><article class=\"entry entry-grid is-column has-entry-link has-image has-image-first type-post category-formazione tag-disturbi-del-neurosviluppo tag-neuropsicologia\" style=\"--entry-index:3;\" aria-label=\"Perch\u00e9 fare un Esperto in Neuropsicologia Infantile?\" itemscope itemtype=\"https:\/\/schema.org\/CreativeWork\"><a class=\"entry-image-link\" href=\"https:\/\/neuronup.com\/it\/formazione\/perche-diventare-un-esperto-in-neuropsicologia-infantile\/\" tabindex=\"-1\" aria-hidden=\"true\"><img decoding=\"async\" width=\"400\" height=\"282\" src=\"https:\/\/neuronup.com\/it\/wp-content\/uploads\/2021\/12\/WhatsApp-Image-2021-12-05-at-3-08-32-PM-1160x819-1.webp\" class=\"entry-image size-landscape-sm\" alt=\"Volantino promozionale per corso online 2\u00aa Edici\u00f3n Experto en Neuropsicolog\u00eda Infantil: contatti, sito web.\" srcset=\"https:\/\/neuronup.com\/it\/wp-content\/uploads\/2021\/12\/WhatsApp-Image-2021-12-05-at-3-08-32-PM-1160x819-1-300x212.webp 300w, https:\/\/neuronup.com\/it\/wp-content\/uploads\/2021\/12\/WhatsApp-Image-2021-12-05-at-3-08-32-PM-1160x819-1-768x542.webp 768w, https:\/\/neuronup.com\/it\/wp-content\/uploads\/2021\/12\/WhatsApp-Image-2021-12-05-at-3-08-32-PM-1160x819-1-1024x723.webp 1024w, https:\/\/neuronup.com\/it\/wp-content\/uploads\/2021\/12\/WhatsApp-Image-2021-12-05-at-3-08-32-PM-1160x819-1.webp 1160w\" sizes=\"(max-width:599px) 599px, (min-width:600px) and (max-width: 799px) 799px, (min-width:800px) and (max-width: 999px) 333px, (min-width:1000px) 400px\" \/><\/a><div class=\"entry-wrap entry-wrap-grid\"><h3 class=\"entry-title\" itemprop=\"headline\"><a class=\"entry-title-link\" href=\"https:\/\/neuronup.com\/it\/formazione\/perche-diventare-un-esperto-in-neuropsicologia-infantile\/\" rel=\"bookmark\">Perch\u00e9 fare un Esperto in Neuropsicologia Infantile?<\/a><\/h3>\n<\/div><\/article><article class=\"entry entry-grid is-column has-entry-link has-image has-image-first type-post category-psicologia tag-psicologia\" style=\"--entry-index:4;\" aria-label=\"Il lavoro della psicologia durante l&#8217;eruzione del vulcano di La Palma\" itemscope itemtype=\"https:\/\/schema.org\/CreativeWork\"><a class=\"entry-image-link\" href=\"https:\/\/neuronup.com\/it\/psicologia\/il-lavoro-della-psicologia-durante-leruzione-del-vulcano-di-la-palma\/\" tabindex=\"-1\" aria-hidden=\"true\"><img decoding=\"async\" width=\"400\" height=\"238\" src=\"https:\/\/neuronup.com\/it\/wp-content\/uploads\/2021\/10\/cd74dac5-307f-4219-939e-518743d546b6-1.webp\" class=\"entry-image size-landscape-sm\" alt=\"Persona vista di spalle osserva un paesaggio rurale con montagne, cielo nuvoloso e alcune abitazioni tra gli alberi.\" srcset=\"https:\/\/neuronup.com\/it\/wp-content\/uploads\/2021\/10\/cd74dac5-307f-4219-939e-518743d546b6-1-300x179.webp 300w, https:\/\/neuronup.com\/it\/wp-content\/uploads\/2021\/10\/cd74dac5-307f-4219-939e-518743d546b6-1-768x457.webp 768w, https:\/\/neuronup.com\/it\/wp-content\/uploads\/2021\/10\/cd74dac5-307f-4219-939e-518743d546b6-1-1024x609.webp 1024w, https:\/\/neuronup.com\/it\/wp-content\/uploads\/2021\/10\/cd74dac5-307f-4219-939e-518743d546b6-1.webp 1200w\" sizes=\"(max-width:599px) 599px, (min-width:600px) and (max-width: 799px) 799px, (min-width:800px) and (max-width: 999px) 333px, (min-width:1000px) 400px\" \/><\/a><div class=\"entry-wrap entry-wrap-grid\"><h3 class=\"entry-title\" itemprop=\"headline\"><a class=\"entry-title-link\" href=\"https:\/\/neuronup.com\/it\/psicologia\/il-lavoro-della-psicologia-durante-leruzione-del-vulcano-di-la-palma\/\" rel=\"bookmark\">Il lavoro della psicologia durante l&#8217;eruzione del vulcano di La Palma<\/a><\/h3>\n<\/div><\/article><article class=\"entry entry-grid is-column has-entry-link has-image has-image-first type-post category-psicologia tag-abilita-sociali tag-psicologia\" style=\"--entry-index:5;\" aria-label=\"L&#8217;effetto Pigmalione e la forza delle aspettative\" itemscope itemtype=\"https:\/\/schema.org\/CreativeWork\"><a class=\"entry-image-link\" href=\"https:\/\/neuronup.com\/it\/psicologia\/effetto-pigmalione\/\" tabindex=\"-1\" aria-hidden=\"true\"><img decoding=\"async\" width=\"400\" height=\"224\" src=\"https:\/\/neuronup.com\/it\/wp-content\/uploads\/2024\/09\/efecto-pigmalion-en-ninos.webp\" class=\"entry-image size-landscape-sm\" alt=\"Bambino in costume da supereroe con maschera blu e mantello rosso, pugno alzato e sguardo sicuro, cielo azzurro.\" srcset=\"https:\/\/neuronup.com\/it\/wp-content\/uploads\/2024\/09\/efecto-pigmalion-en-ninos-300x168.webp 300w, https:\/\/neuronup.com\/it\/wp-content\/uploads\/2024\/09\/efecto-pigmalion-en-ninos-768x431.webp 768w, https:\/\/neuronup.com\/it\/wp-content\/uploads\/2024\/09\/efecto-pigmalion-en-ninos-1024x574.webp 1024w, https:\/\/neuronup.com\/it\/wp-content\/uploads\/2024\/09\/efecto-pigmalion-en-ninos.webp 1220w\" sizes=\"(max-width:599px) 599px, (min-width:600px) and (max-width: 799px) 799px, (min-width:800px) and (max-width: 999px) 333px, (min-width:1000px) 400px\" \/><\/a><div class=\"entry-wrap entry-wrap-grid\"><h3 class=\"entry-title\" itemprop=\"headline\"><a class=\"entry-title-link\" href=\"https:\/\/neuronup.com\/it\/psicologia\/effetto-pigmalione\/\" rel=\"bookmark\">L&#8217;effetto Pigmalione e la forza delle aspettative<\/a><\/h3>\n<\/div><\/article><article class=\"entry entry-grid is-column has-entry-link has-image has-image-first type-post category-neuronup-academy tag-disturbi-del-neurosviluppo tag-neuronup-academy\" style=\"--entry-index:6;\" aria-label=\"Ana Bel\u00e9n Vintimilla risponde ai dubbi sulla sua presentazione sul neurosviluppo nel danno cerebrale pediatrico\" itemscope itemtype=\"https:\/\/schema.org\/CreativeWork\"><a class=\"entry-image-link\" href=\"https:\/\/neuronup.com\/it\/formazione\/neuronup-academy\/dubbi-sulla-relazione-sul-neurosviluppo-nel-danno-cerebrale-pediatrico\/\" tabindex=\"-1\" aria-hidden=\"true\"><img decoding=\"async\" width=\"400\" height=\"225\" src=\"https:\/\/neuronup.com\/it\/wp-content\/uploads\/2021\/10\/ana-belen-neurodesarrollo-dano-cerebral-pediatrico.webp\" class=\"entry-image size-landscape-sm\" alt=\"Donna in camice scuro con occhiali, testo con il nome Ana Bel\u00e9n Vintimilla-Tosi e la descrizione &#039;Neurodesarrollo en da\u00f1o cerebral pedi\u00e1trico&#039; sullo sfondo, logo Neuron Academy.\" srcset=\"https:\/\/neuronup.com\/it\/wp-content\/uploads\/2021\/10\/ana-belen-neurodesarrollo-dano-cerebral-pediatrico-300x169.webp 300w, https:\/\/neuronup.com\/it\/wp-content\/uploads\/2021\/10\/ana-belen-neurodesarrollo-dano-cerebral-pediatrico-768x432.webp 768w, https:\/\/neuronup.com\/it\/wp-content\/uploads\/2021\/10\/ana-belen-neurodesarrollo-dano-cerebral-pediatrico-1024x576.webp 1024w, https:\/\/neuronup.com\/it\/wp-content\/uploads\/2021\/10\/ana-belen-neurodesarrollo-dano-cerebral-pediatrico.webp 1200w\" sizes=\"(max-width:599px) 599px, (min-width:600px) and (max-width: 799px) 799px, (min-width:800px) and (max-width: 999px) 333px, (min-width:1000px) 400px\" \/><\/a><div class=\"entry-wrap entry-wrap-grid\"><h3 class=\"entry-title\" itemprop=\"headline\"><a class=\"entry-title-link\" href=\"https:\/\/neuronup.com\/it\/formazione\/neuronup-academy\/dubbi-sulla-relazione-sul-neurosviluppo-nel-danno-cerebrale-pediatrico\/\" rel=\"bookmark\">Ana Bel\u00e9n Vintimilla risponde ai dubbi sulla sua presentazione sul neurosviluppo nel danno cerebrale pediatrico<\/a><\/h3>\n<\/div><\/article><\/div><\/div>","protected":false},"excerpt":{"rendered":"<p>la psicologa educativa Johana B. Arg\u00fceso TERR\u00c0 LA CONFERENZA GRATUITA E ONLINE IL 07\/06 su NeuronUP Academy La psicologa educativa Johana B. Arg\u00fceso terr\u00e0 una conferenza online e gratuita su NeuronUP Academy su Neuropsicologia Educativa &#8211; Intervento Psicoeducativo nel Neurosviluppo marted\u00ec 7 giugno 2022 alle 19:00 (ora Spagna). Ti aspettiamo! E ricorda! 1. Abbiamo aumentato &hellip;<\/p>\n","protected":false},"author":7,"featured_media":22840,"comment_status":"open","ping_status":"open","sticky":false,"template":"","format":"standard","meta":{"_acf_changed":false,"_genesis_hide_title":false,"_genesis_hide_breadcrumbs":false,"_genesis_hide_singular_image":false,"_genesis_hide_footer_widgets":false,"_genesis_custom_body_class":"","_genesis_custom_post_class":"","_genesis_layout":"","footnotes":""},"categories":[70],"tags":[458,422,459,170,461],"class_list":{"2":"type-post","7":"category-neuronup-academy","8":"tag-ddai","9":"tag-disturbi-del-neurosviluppo","10":"tag-neuronup-academy","11":"tag-neuropsicologia","12":"tag-presentazione-di-neuronup-academy","13":"entry"},"acf":[],"_links":{"self":[{"href":"https:\/\/neuronup.com\/it\/wp-json\/wp\/v2\/posts\/13882","targetHints":{"allow":["GET"]}}],"collection":[{"href":"https:\/\/neuronup.com\/it\/wp-json\/wp\/v2\/posts"}],"about":[{"href":"https:\/\/neuronup.com\/it\/wp-json\/wp\/v2\/types\/post"}],"author":[{"embeddable":true,"href":"https:\/\/neuronup.com\/it\/wp-json\/wp\/v2\/users\/7"}],"replies":[{"embeddable":true,"href":"https:\/\/neuronup.com\/it\/wp-json\/wp\/v2\/comments?post=13882"}],"version-history":[{"count":0,"href":"https:\/\/neuronup.com\/it\/wp-json\/wp\/v2\/posts\/13882\/revisions"}],"wp:featuredmedia":[{"embeddable":true,"href":"https:\/\/neuronup.com\/it\/wp-json\/wp\/v2\/media\/22840"}],"wp:attachment":[{"href":"https:\/\/neuronup.com\/it\/wp-json\/wp\/v2\/media?parent=13882"}],"wp:term":[{"taxonomy":"category","embeddable":true,"href":"https:\/\/neuronup.com\/it\/wp-json\/wp\/v2\/categories?post=13882"},{"taxonomy":"post_tag","embeddable":true,"href":"https:\/\/neuronup.com\/it\/wp-json\/wp\/v2\/tags?post=13882"}],"curies":[{"name":"wp","href":"https:\/\/api.w.org\/{rel}","templated":true}]}}