{"id":9991,"date":"2024-06-11T11:56:32","date_gmt":"2024-06-11T11:56:32","guid":{"rendered":"https:\/\/neuronup.com\/fr\/?p=9991"},"modified":"2026-01-29T17:36:39","modified_gmt":"2026-01-29T15:36:39","slug":"quel-est-le-travail-dune-association-de-personnes-atteintes-de-trisomie-21-le-cas-de-down-navarra","status":"publish","type":"post","link":"https:\/\/neuronup.com\/fr\/actualites-de-la-stimulation-cognitive\/deficience-intellectuelle\/trisomie-21\/quel-est-le-travail-dune-association-de-personnes-atteintes-de-trisomie-21-le-cas-de-down-navarra\/","title":{"rendered":"Quel est le travail d&#8217;une association de personnes atteintes de Trisomie 21? Le cas de Down Navarra"},"content":{"rendered":"\n<p style=\"font-size:25px\">Dans cet article, Down Navarra explique <strong>le travail d&rsquo;une association de personnes atteintes de Trisomie 21 et son exp\u00e9rience<\/strong> de la stimulation cognitive <strong>avec NeuronUP<\/strong>.<\/p>\n\n\n\n<h2 class=\"wp-block-heading\">Qu&rsquo;est-ce que la Trisomie 21?<\/h2>\n\n\n\n<p>Le syndrome de Down (SD) est une anomalie cong\u00e9nitale due \u00e0 l&rsquo;apparition d&rsquo;un chromosome suppl\u00e9mentaire dans la 21e paire de chaque cellule. Cette alt\u00e9ration est connue sous le nom de trisomie 21.<\/p>\n\n\n\n<h3 class=\"wp-block-heading\">Questions fr\u00e9quemment pos\u00e9es sur la Trisomie 21<\/h3>\n\n\n\n<h4 class=\"wp-block-heading\">1. Pourquoi la Trisomie 21 appara\u00eet-il ?<\/h4>\n\n\n\n<p>La Trisomie 21 est la d\u00e9ficience intellectuelle d&rsquo;origine g\u00e9n\u00e9tique la plus fr\u00e9quente. Elle survient au moment de la f\u00e9condation et est due \u00e0 la pr\u00e9sence d&rsquo;un chromosome suppl\u00e9mentaire dans la 21e paire de chromosomes. Bien qu&rsquo;elle soit d\u00e9tectable pendant la grossesse, ses causes n&rsquo;ont pas \u00e9t\u00e9 d\u00e9termin\u00e9es \u00e0 l&rsquo;heure actuelle. Cela signifie que rien de ce que les parents d&rsquo;un b\u00e9b\u00e9 atteint de DS ont fait pendant la grossesse n&rsquo;est \u00e0 l&rsquo;origine de cette alt\u00e9ration g\u00e9n\u00e9tique. Le syndrome de Down ne peut pas \u00eatre \u00e9vit\u00e9, de sorte que tout couple peut avoir un b\u00e9b\u00e9 atteint de Trisomie 21.<\/p>\n\n\n\n<h4 class=\"wp-block-heading\">2. Sont-ils des personnes malades ?<\/h4>\n\n\n\n<ol start=\"2\" class=\"wp-block-list\">\n<li><\/li>\n<\/ol>\n\n\n\n<p><strong>La trisomie 21 n&rsquo;est pas une maladie car il ne peut pas \u00eatre gu\u00e9ri, il n&rsquo;y a pas de traitement<\/strong>. Le syndrome de Down est un handicap associ\u00e9 \u00e0 la personne, une caract\u00e9ristique de la personne. Les b\u00e9b\u00e9s n\u00e9s avec une Trisomie 21 peuvent pr\u00e9senter une pr\u00e9valence plus \u00e9lev\u00e9e de troubles de la sant\u00e9 (maladies cardiaques, infections des voies respiratoires et digestives dans les premi\u00e8res ann\u00e9es\u2026).<\/p>\n\n\n\n<p>Il est tr\u00e8s important de prendre en charge toutes ces alt\u00e9rations associ\u00e9es possibles par le biais d&rsquo;un bon programme de sant\u00e9 et en offrant des environnements positifs et stimulants qui favorisent l&rsquo;autonomie et le d\u00e9veloppement de toutes les capacit\u00e9s de l&rsquo;enfant.<\/p>\n\n\n\n<h5 class=\"wp-block-heading\">L&rsquo;importance des soins pr\u00e9coces<\/h5>\n\n\n\n<p><strong>Les soins pr\u00e9coces commencent quelques mois apr\u00e8s la naissance <\/strong>et se poursuivent jusqu&rsquo;\u00e0 ce que l&rsquo;enfant ait 6 ans, en profitant de la plasticit\u00e9 neuronale des premi\u00e8res ann\u00e9es, ce qui permet un d\u00e9veloppement psychomoteur, cognitif, linguistique, social et affectif. L&rsquo;enfant atteint de Trisomie 21 atteindra les m\u00eames \u00e9tapes de d\u00e9veloppement que n&rsquo;importe quel autre enfant ; il marchera, parlera, etc. La diff\u00e9rence est qu&rsquo;en raison de son retard psychomoteur, il les atteindra plus tard et cela d\u00e9pendra, comme pour tout autre enfant, de sa variabilit\u00e9 individuelle.<\/p>\n\n\n\n<p>Aujourd&rsquo;hui, l&rsquo;intervention pr\u00e9coce ne vise pas seulement \u00e0 atteindre les premi\u00e8res \u00e9tapes du d\u00e9veloppement, mais elle s&rsquo;adresse aussi \u00e0 la famille, afin que la personne atteinte puisse s&rsquo;accepter et \u00eatre aussi ind\u00e9pendante que possible.<\/p>\n\n\n<div class=\"wp-block-image image-interface\">\n<figure class=\"aligncenter size-full is-resized\"><img decoding=\"async\" width=\"650\" height=\"400\" src=\"https:\/\/neuronup.com\/fr\/wp-content\/uploads\/2024\/11\/Quel-est-le-travail-dune-association-de-personnes-atteintes-de-Trisomie-21.webp\" alt=\"Personne devant un ordinateur avec \u00e9couteurs, concentr\u00e9e sur un \u00e9cran affichant une cuisine virtuelle et des \u00e9quipements.\" class=\"wp-image-33938\" style=\"width:768px\" srcset=\"https:\/\/neuronup.com\/fr\/wp-content\/uploads\/2024\/11\/Quel-est-le-travail-dune-association-de-personnes-atteintes-de-Trisomie-21-300x185.webp 300w, https:\/\/neuronup.com\/fr\/wp-content\/uploads\/2024\/11\/Quel-est-le-travail-dune-association-de-personnes-atteintes-de-Trisomie-21.webp 650w\" sizes=\"(max-width: 650px) 100vw, 650px\" \/><\/figure>\n<\/div>\n\n\n<h4 class=\"wp-block-heading\">3. Peut-on pr\u00e9venir la trisomie 21 ?<\/h4>\n\n\n\n<p>Il n&rsquo;est pas possible de savoir avant la conception si un couple aura un enfant atteint de <strong>Trisomie 21<\/strong>. Une fois le f\u0153tus form\u00e9, la femme enceinte peut demander un diagnostic pr\u00e9natal pour conna\u00eetre le patrimoine chromosomique du f\u0153tus \u00e0 na\u00eetre. <strong>Il existe diff\u00e9rents tests, dont les plus courants sont : l&rsquo;amniocent\u00e8se, la biopsie du chorion et le d\u00e9pistage biochimique.<\/strong><\/p>\n\n\n\n<h3 class=\"wp-block-heading\">Les th\u00e8mes<\/h3>\n\n\n\n<p>La soci\u00e9t\u00e9 a st\u00e9r\u00e9otyp\u00e9 et catalogu\u00e9 les personnes atteintes du syndrome de Down et il est de notre devoir de d\u00e9fendre le fait qu&rsquo;elles sont uniques et non reproductibles comme tout le monde.<\/p>\n\n\n\n<ul class=\"wp-block-list\">\n<li>Les personnes atteintes du syndrome de Down ne sont pas plus affectueuses, plus heureuses ou n&rsquo;aiment pas plus la musique que les autres.<\/li>\n\n\n\n<li>Elles ne sont pas toujours des enfants, elles grandissent et se d\u00e9veloppent mentalement et physiquement comme les autres personnes, si on leur offre les conditions n\u00e9cessaires \u00e0 leur d\u00e9veloppement.<\/li>\n\n\n\n<li>Ils passent par toutes les \u00e9tapes de la vie : l&rsquo;enfance, l&rsquo;adolescence, l&rsquo;\u00e2ge adulte.<\/li>\n\n\n\n<li>Il n&rsquo;y a pas de degr\u00e9s de d\u00e9ficience dus \u00e0 la trisomie 21 : on l&rsquo;a ou on ne l&rsquo;a pas.<\/li>\n\n\n\n<li>Il n&rsquo;y a personne \u00e0 bl\u00e2mer.<\/li>\n\n\n\n<li>Ce n&rsquo;est pas une maladie.<\/li>\n\n\n\n<li>On ne peut pas la \u00ab gu\u00e9rir \u00bb.<\/li>\n<\/ul>\n\n\n\n<h2 class=\"wp-block-heading\">Association du syndrome de Down de Navarre<\/h2>\n\n\n\n<p>Nous sommes une organisation \u00e0 but non lucratif fond\u00e9e en 1990 \u00e0 l&rsquo;initiative d&rsquo;un groupe de parents de personnes atteintes du syndrome de Down qui cherchaient des solutions aux probl\u00e8mes particuliers li\u00e9s \u00e0 ce handicap.<\/p>\n\n\n\n<p>Depuis 30 ans, nous travaillons pour les personnes atteintes de trisomie 21 par le biais d&rsquo;actions qui contribuent \u00e0 am\u00e9liorer leur qualit\u00e9 de vie et la d\u00e9fense de leurs droits.<\/p>\n\n\n\n<p>Nous op\u00e9rons dans la r\u00e9gion de Navarre et nous sommes f\u00e9d\u00e9r\u00e9s au sein de Down Espa\u00f1a (F\u00e9d\u00e9ration espagnole des institutions pour le syndrome de Down). Nous comptons actuellement plus de 150 membres et 200 membres collaborateurs.<\/p>\n\n\n\n<h3 class=\"wp-block-heading\">Que faisons-nous dans notre association du syndrome de Down ?<\/h3>\n\n\n\n<h4 class=\"wp-block-heading\">1. Programme d&rsquo;accueil<\/h4>\n\n\n\n<p>Protocole de soins en cas de naissance d&rsquo;un enfant atteint de Trisomie 21 et attention \u00e0 tout type de demande (familles, organisations, \u00e9tudiants universitaires et \u00e9l\u00e8ves, personnes int\u00e9ress\u00e9es par notre travail, etc\u2026) en fournissant des informations sur les activit\u00e9s et les programmes de l&rsquo;association.<\/p>\n\n\n\n<h4 class=\"wp-block-heading\">2. Programme d&rsquo;aide aux familles<\/h4>\n\n\n\n<p>La famille, en tant que premier noyau naturel d&rsquo;inclusion de la personne atteinte de Trisomie 21, doit disposer d\u00e8s le d\u00e9part des informations les plus compl\u00e8tes, ainsi que de la formation appropri\u00e9e pour s&rsquo;impliquer dans les soins et l&rsquo;\u00e9ducation de leur enfant tout au long des diff\u00e9rentes \u00e9tapes de sa vie. Le programme de soins familiaux offre les ressources suivantes :<\/p>\n\n\n\n<ul class=\"wp-block-list\">\n<li>Groupe de soutien \u00e9motionnel pour les parents d&rsquo;enfants de 0 \u00e0 3 ans.<\/li>\n\n\n\n<li>Groupe de soutien \u00e9motionnel et \u00e9ducatif pour les parents d&rsquo;enfants scolaris\u00e9s en maternelle et en primaire.<\/li>\n\n\n\n<li>Groupe de soutien \u00e9motionnel pour les fr\u00e8res et s\u0153urs.<\/li>\n\n\n\n<li>Groupe de soutien \u00e9motionnel pour les grands-parents.<\/li>\n\n\n\n<li>Soins psychologiques individualis\u00e9s pour les personnes atteintes du syndrome de Down.<\/li>\n<\/ul>\n\n\n\n<h4 class=\"wp-block-heading\" id=\"3-programa-de-apoyo-psicopedagogico\">3. Programme de soutien psychop\u00e9dagogique<\/h4>\n\n\n\n<ul class=\"wp-block-list\">\n<li>Collaboration avec les centres \u00e9ducatifs : service offert dans le but de conseiller les centres \u00e9ducatifs sur les caract\u00e9ristiques des personnes atteintes du syndrome de Down, de fournir des conseils sur l&rsquo;acc\u00e8s au programme d&rsquo;\u00e9tudes, des conseils sur les diff\u00e9rentes m\u00e9thodologies d&rsquo;apprentissage, de sensibiliser les centres \u00e9ducatifs et les familles \u00e0 l&rsquo;importance de l&rsquo;inclusion, de conseiller les familles, d&rsquo;offrir des sessions de formation aux professionnels des centres \u00e9ducatifs et d&rsquo;\u00e9changer des exp\u00e9riences, du mat\u00e9riel \u00e9ducatif et des sujets d&rsquo;actualit\u00e9.<\/li>\n\n\n\n<li>Orthophonie.<\/li>\n\n\n\n<li>Lecture et \u00e9criture.<\/li>\n\n\n\n<li>Stimulation globale.<\/li>\n\n\n\n<li>Comp\u00e9tences sociales.<\/li>\n<\/ul>\n\n\n\n<h4 class=\"wp-block-heading\">4. Programme de loisirs et de temps libre<\/h4>\n\n\n\n<p>L&rsquo;objectif du programme Loisirs, temps libre et sports est de permettre \u00e0 nos jeunes de profiter d&rsquo;activit\u00e9s de loisirs normales et adapt\u00e9es \u00e0 leur \u00e2ge, et de d\u00e9cider eux-m\u00eames de l&rsquo;utilisation et de la gestion de leur temps libre, en fonction de leurs go\u00fbts et de leurs int\u00e9r\u00eats.<\/p>\n\n\n\n<p><strong>Le programme propose les activit\u00e9s suivantes :<\/strong><\/p>\n\n\n\n<ul class=\"wp-block-list\">\n<li>Sorties autour de Pampelune et sorties le week-end.<\/li>\n\n\n\n<li>Camps urbains.<\/li>\n\n\n\n<li>Camps d&rsquo;\u00e9t\u00e9.<\/li>\n\n\n\n<li>Vacances autog\u00e9r\u00e9es : destin\u00e9es aux jeunes et aux adultes dot\u00e9s d&rsquo;une autonomie personnelle, sociale et acquise, soutenus par un assistant personnel.<\/li>\n\n\n\n<li>TxalaparDown.<\/li>\n\n\n\n<li>Danses r\u00e9gionales.<\/li>\n\n\n\n<li>AfroDown.<\/li>\n\n\n\n<li>Natation.<\/li>\n\n\n\n<li>Football.<\/li>\n<\/ul>\n\n\n\n<h4 class=\"wp-block-heading\">5. Itaca Sepap Occupationnel<\/h4>\n\n\n\n<p>Service de promotion de l&rsquo;autonomie personnelle visant \u00e0 contribuer au d\u00e9veloppement des comp\u00e9tences et \u00e0 l&rsquo;autonomisation des personnes atteintes de Trisomie 21.<\/p>\n\n\n\n<ul class=\"wp-block-list\">\n<li>Service d&rsquo;adaptation personnelle et sociale.<\/li>\n\n\n\n<li>Service d&rsquo;ergoth\u00e9rapie et de formation professionnelle.\n<ul class=\"wp-block-list\">\n<li>Atelier de pratique administrative.<\/li>\n\n\n\n<li>Atelier de simulation d&rsquo;entreprise, Ulysse.<\/li>\n\n\n\n<li>Atelier de cuisine.<\/li>\n\n\n\n<li>Atelier de comp\u00e9tences domestiques.<\/li>\n\n\n\n<li>Exp\u00e9rience professionnelle dans une entreprise ordinaire.<\/li>\n<\/ul>\n<\/li>\n\n\n\n<li>Inclusion dans le march\u00e9 du travail ECA.<\/li>\n\n\n\n<li>Formation aux comp\u00e9tences socioprofessionnelles pour les personnes atteintes de troubles sp\u00e9cifiques du d\u00e9veloppement en activit\u00e9.<\/li>\n<\/ul>\n\n\n\n<h4 class=\"wp-block-heading\">6. Vie autonome Itaca<\/h4>\n\n\n\n<p>Un service global destin\u00e9 aux familles et en particulier aux personnes atteintes du syndrome de Down, qui facilite leur transition vers la vie adulte et les aide \u00e0 choisir leur projet de vie par le biais d&rsquo;une planification centr\u00e9e sur la personne et la famille :<\/p>\n\n\n\n<ul class=\"wp-block-list\">\n<li>Appartement pour la promotion de l&rsquo;autonomie personnelle.<\/li>\n\n\n\n<li>Appartements supervis\u00e9s.<\/li>\n\n\n\n<li>Service d&rsquo;accompagnement en milieu naturel.<\/li>\n\n\n\n<li>Orientation et conseil aux familles pour l&rsquo;\u00e9laboration de projets de vie.<\/li>\n\n\n\n<li>Accompagnement, conseil ou orientation vers des professionnels et\/ou des services sp\u00e9cifiques.<\/li>\n<\/ul>\n\n\n\n<h4 class=\"wp-block-heading\">7. Le volontariat<\/h4>\n\n\n\n<p>Programme d&rsquo;accueil, formation et suivi du volontaire.<\/p>\n\n\n\n<h2 class=\"wp-block-heading\">Notre exp\u00e9rience avec NeuronUP<\/h2>\n\n\n\n<p>A l&rsquo;Association du Syndrome de Down de Navarra, nous avons presque 3 ans d&rsquo;exp\u00e9rience de travail avec la<strong> Plateforme de r\u00e9habilitation cognitive NeuronUP<\/strong>. Les domaines sur lesquels elle travaille, les diff\u00e9rentes possibilit\u00e9s de concevoir des sessions (activit\u00e9s num\u00e9riques ou sur papier), les types d&rsquo;activit\u00e9s (feuilles de travail, jeux, simulateurs\u2026), l&rsquo;adaptation \u00e0 la population avec laquelle vous devez travailler (enfants ou adultes), etc. en font une ressource d&rsquo;intervention efficace et motivante pour nos associ\u00e9s.<\/p>\n\n\n<div class=\"wp-block-image image-interface\">\n<figure class=\"aligncenter size-full is-resized\"><img decoding=\"async\" width=\"1024\" height=\"768\" src=\"https:\/\/neuronup.com\/fr\/wp-content\/uploads\/2024\/11\/Quel-est-le-travail-dune-association-de-personnes-atteintes-de-Trisomie-21-1.webp\" alt=\"Personne assise devant un ordinateur; lunettes et chemise; \u00e9cran horloge 6:30, options d\u2019heure, souris en main.\" class=\"wp-image-33939\" style=\"width:768px\" srcset=\"https:\/\/neuronup.com\/fr\/wp-content\/uploads\/2024\/11\/Quel-est-le-travail-dune-association-de-personnes-atteintes-de-Trisomie-21-1-300x225.webp 300w, https:\/\/neuronup.com\/fr\/wp-content\/uploads\/2024\/11\/Quel-est-le-travail-dune-association-de-personnes-atteintes-de-Trisomie-21-1-400x300.webp 400w, https:\/\/neuronup.com\/fr\/wp-content\/uploads\/2024\/11\/Quel-est-le-travail-dune-association-de-personnes-atteintes-de-Trisomie-21-1-768x576.webp 768w, https:\/\/neuronup.com\/fr\/wp-content\/uploads\/2024\/11\/Quel-est-le-travail-dune-association-de-personnes-atteintes-de-Trisomie-21-1-800x600.webp 800w, https:\/\/neuronup.com\/fr\/wp-content\/uploads\/2024\/11\/Quel-est-le-travail-dune-association-de-personnes-atteintes-de-Trisomie-21-1.webp 1024w\" sizes=\"(max-width: 1024px) 100vw, 1024px\" \/><figcaption class=\"wp-element-caption\">Une personne atteinte de Trisomie 21 effectuant l&rsquo;activit\u00e9 NeuronUP <em>\u00ab Lire l&rsquo;heure des horloges (chiffres) \u00bb<\/em>.<\/figcaption><\/figure>\n<\/div>\n\n\n<p>La stimulation continue des <a href=\"https:\/\/neuronup.com\/fr\/domaines-dintervention\/fonctions-cognitives\/\"><strong><mark style=\"background-color:rgba(0, 0, 0, 0);color:#26c6da\" class=\"has-inline-color\">fonctions cognitives<\/mark><\/strong><\/a><mark style=\"background-color:rgba(0, 0, 0, 0)\" class=\"has-inline-color has-pale-cyan-blue-color\"> <\/mark>est essentielle pour les personnes atteintes du syndrome de Down, ce qui favorise le bon d\u00e9veloppement de leurs capacit\u00e9s et, d&rsquo;autre part, le processus de vieillissement intervient t\u00f4t et, dans de nombreux cas, est associ\u00e9 \u00e0 une d\u00e9t\u00e9rioration des fonctions cognitives. C&rsquo;est pourquoi il est n\u00e9cessaire de stimuler et de travailler les capacit\u00e9s cognitives d\u00e8s le plus jeune \u00e2ge.<\/p>\n\n\n\n<div style=\"height:50px\" aria-hidden=\"true\" class=\"wp-block-spacer\"><\/div>\n\n\n\n<div class=\"wp-block-group\"><div class=\"wp-block-group__inner-container is-layout-constrained wp-block-group-is-layout-constrained\">\n<div class=\"wp-block-columns br-0111 particle-bg p-5 has-primary-background-color has-background is-layout-flex wp-container-core-columns-is-layout-9d6595d7 wp-block-columns-is-layout-flex\">\n<div class=\"wp-block-column is-layout-flow wp-block-column-is-layout-flow\" style=\"flex-basis:66.66%\">\n<h2 class=\"wp-block-heading has-white-color has-text-color\">Essayez NeuronUP 7 jours gratuitement<\/h2>\n\n\n\n<p class=\"has-white-color has-text-color\">Vous pourrez travailler avec nos activit\u00e9s, concevoir des s\u00e9ances ou effectuer des r\u00e9habilitations \u00e0 distance<\/p>\n<\/div>\n\n\n\n<div class=\"wp-block-column is-layout-flow wp-block-column-is-layout-flow\" style=\"flex-basis:33.33%\">\n<div class=\"wp-block-buttons is-content-justification-center is-layout-flex wp-container-core-buttons-is-layout-16018d1d wp-block-buttons-is-layout-flex\">\n<div class=\"wp-block-button\" style=\"--button-background:var(--color-custom-1);--button-background-hover:#cc7e00;\"><a class=\"wp-block-button__link button   wp-element-button\" href=\"https:\/\/neuronup.com\/fr\/landing\/\">Commencez votre essai<\/a><\/div>\n\n<\/div>\n<\/div>\n<\/div>\n<\/div><\/div>\n\n\n\n<div style=\"height:50px\" aria-hidden=\"true\" class=\"wp-block-spacer\"><\/div>\n\n\n\n<h3 class=\"wp-block-heading\">NeuronUP en groupe<\/h3>\n\n\n<div class=\"wp-block-image image-interface\">\n<figure class=\"aligncenter size-full is-resized\"><img decoding=\"async\" width=\"1024\" height=\"768\" src=\"https:\/\/neuronup.com\/fr\/wp-content\/uploads\/2024\/11\/Quel-est-le-travail-dune-association-de-personnes-atteintes-de-Trisomie-21-2.webp\" alt=\"Groupe de personnes devant des ordinateurs dans un espace de bureau: chaises rouges et bleues, bureaux blancs, murs clairs.\" class=\"wp-image-33940\" style=\"width:768px\" srcset=\"https:\/\/neuronup.com\/fr\/wp-content\/uploads\/2024\/11\/Quel-est-le-travail-dune-association-de-personnes-atteintes-de-Trisomie-21-2-300x225.webp 300w, https:\/\/neuronup.com\/fr\/wp-content\/uploads\/2024\/11\/Quel-est-le-travail-dune-association-de-personnes-atteintes-de-Trisomie-21-2-400x300.webp 400w, https:\/\/neuronup.com\/fr\/wp-content\/uploads\/2024\/11\/Quel-est-le-travail-dune-association-de-personnes-atteintes-de-Trisomie-21-2-768x576.webp 768w, https:\/\/neuronup.com\/fr\/wp-content\/uploads\/2024\/11\/Quel-est-le-travail-dune-association-de-personnes-atteintes-de-Trisomie-21-2-800x600.webp 800w, https:\/\/neuronup.com\/fr\/wp-content\/uploads\/2024\/11\/Quel-est-le-travail-dune-association-de-personnes-atteintes-de-Trisomie-21-2.webp 1024w\" sizes=\"(max-width: 1024px) 100vw, 1024px\" \/><figcaption class=\"wp-element-caption\">Un groupe d&rsquo;utilisateurs de l&rsquo;association Down Navarra travaillant avec NeuronUP.<\/figcaption><\/figure>\n<\/div>\n\n\n<p>Dans notre organisation, nous utilisons NeuronUP dans des sessions de groupe pour travailler sur les comp\u00e9tences sociales de base et avanc\u00e9es pour des groupes d&rsquo;enfants et de jeunes \u00e0 partir de 10 ans. Nous utilisons fr\u00e9quemment des activit\u00e9s dans le domaine de l&rsquo;occupation (AVQ, jeux, loisirs, participation sociale, etc.) et des activit\u00e9s sp\u00e9cifiques d&rsquo;attention, de gestion de l&rsquo;argent, pour l&rsquo;entra\u00eenement \u00e0 ce type de comp\u00e9tences qui sont si importantes pour la promotion de leur autonomie personnelle et sociale \u00e0 partir de cet \u00e2ge.<\/p>\n\n\n\n<p>Pour les adultes, l&rsquo;\u00e9quipe d&rsquo;assistance psychologique \u00e9value l&rsquo;\u00e9tat cognitif de chaque usager d&rsquo;Itaca Sepap Ocupacional et con\u00e7oit des s\u00e9ances individualis\u00e9es adapt\u00e9es aux besoins de chacun, qui sont travaill\u00e9es chaque semaine en groupe et individuellement dans le cadre de s\u00e9ances de conseil psychologique.<\/p>\n\n\n\n<h3 class=\"wp-block-heading\">Ressources suppl\u00e9mentaires<\/h3>\n\n\n\n<p>Enfin, l&rsquo;une des sections les plus utilis\u00e9es de la plateforme est celle des \u00ab ressources suppl\u00e9mentaires \u00bb. Des images, des sons, des textes, des outils, etc., qui facilitent le travail d&rsquo;intervention individualis\u00e9e aupr\u00e8s de chacun de nos utilisateurs.<\/p>\n\n\n\n<h3 class=\"wp-block-heading\">Si vous avez aim\u00e9 ce post, ces articles de NeuronUP pourraient \u00e9galement vous int\u00e9resser:<\/h3>\n\n\n<div class=\"mai-grid entries entries-grid has-boxed has-image-full\" style=\"--entry-title-font-size:var(--font-size-lg);--align-text:start;--entry-meta-text-align:start;\"><div class=\"entries-wrap has-columns\" style=\"--columns-xs:1\/1;--columns-sm:1\/1;--columns-md:1\/3;--columns-lg:1\/3;--flex-xs:0 0 var(--flex-basis);--flex-sm:0 0 var(--flex-basis);--flex-md:0 0 var(--flex-basis);--flex-lg:0 0 var(--flex-basis);--column-gap:var(--spacing-lg);--row-gap:var(--spacing-lg);--align-columns:start;\"><article class=\"entry entry-grid is-column has-entry-link has-image has-image-first type-post category-activites-de-la-vie-quotidienne category-nouveautes-neuronup tag-activites-de-stimulation-cognitive tag-activites-de-stimulation-cognitive-pour-enfants tag-adulte tag-enfants tag-remediation-cognitive\" style=\"--entry-index:1;\" aria-label=\"Nouvelles activit\u00e9s NeuronUP : entra\u00eenez les fonctions cognitives dans des situations du quotidien\" itemscope itemtype=\"https:\/\/schema.org\/CreativeWork\"><a class=\"entry-image-link\" href=\"https:\/\/neuronup.com\/fr\/nouveautes-neuronup\/nouvelles-activites-neuronup-entrainez-les-fonctions-cognitives-dans-des-situations-du-quotidien\/\" tabindex=\"-1\" aria-hidden=\"true\"><img decoding=\"async\" width=\"400\" height=\"202\" src=\"https:\/\/neuronup.com\/fr\/wp-content\/uploads\/2026\/03\/Capture-decran-2026-03-30-111842-400x202.webp\" class=\"entry-image size-landscape-sm\" alt=\"\" \/><\/a><div class=\"entry-wrap entry-wrap-grid\"><h3 class=\"entry-title\" itemprop=\"headline\"><a class=\"entry-title-link\" href=\"https:\/\/neuronup.com\/fr\/nouveautes-neuronup\/nouvelles-activites-neuronup-entrainez-les-fonctions-cognitives-dans-des-situations-du-quotidien\/\" rel=\"bookmark\">Nouvelles activit\u00e9s NeuronUP : entra\u00eenez les fonctions cognitives dans des situations du quotidien<\/a><\/h3>\n<\/div><\/article><article class=\"entry entry-grid is-column has-entry-link has-image has-image-first type-post category-activites-dattention category-activites-de-neuro-reeducation category-activites-pour-les-fonctions-cognitives tag-adulte\" style=\"--entry-index:2;\" aria-label=\"Nouvelle activit\u00e9 Attention s\u00e9lective (Adultes)\" itemscope itemtype=\"https:\/\/schema.org\/CreativeWork\"><a class=\"entry-image-link\" href=\"https:\/\/neuronup.com\/fr\/activites-de-neuro-reeducation\/nouvelle-activite-attention-selective-adultes\/\" tabindex=\"-1\" aria-hidden=\"true\"><img decoding=\"async\" width=\"253\" height=\"230\" src=\"https:\/\/neuronup.com\/fr\/wp-content\/uploads\/2026\/03\/Capture-decran-2026-03-03-160917.webp\" class=\"entry-image size-landscape-sm\" alt=\"\" \/><\/a><div class=\"entry-wrap entry-wrap-grid\"><h3 class=\"entry-title\" itemprop=\"headline\"><a class=\"entry-title-link\" href=\"https:\/\/neuronup.com\/fr\/activites-de-neuro-reeducation\/nouvelle-activite-attention-selective-adultes\/\" rel=\"bookmark\">Nouvelle activit\u00e9 Attention s\u00e9lective (Adultes)<\/a><\/h3>\n<\/div><\/article><article class=\"entry entry-grid is-column has-entry-link has-image has-image-first type-post category-activites-de-cognition-sociale tag-activites-de-stimulation-cognitive tag-cognition-sociale tag-fonctions-executives\" style=\"--entry-index:3;\" aria-label=\"La cognition sociale ou comment comprendre les personnes : exercices de cognition sociale\" itemscope itemtype=\"https:\/\/schema.org\/CreativeWork\"><a class=\"entry-image-link\" href=\"https:\/\/neuronup.com\/fr\/activites-de-neuro-reeducation\/activites-pour-les-fonctions-cognitives\/activites-de-cognition-sociale\/la-cognition-sociale-ou-comment-comprendre-les-personnes-exercices-de-cognition-sociale\/\" tabindex=\"-1\" aria-hidden=\"true\"><img decoding=\"async\" width=\"396\" height=\"300\" src=\"https:\/\/neuronup.com\/fr\/wp-content\/uploads\/2022\/06\/Reaccion-emocional-ante-situaciones.webp\" class=\"entry-image size-landscape-sm\" alt=\"R\u00e9action \u00e9motionnelle face aux situations : Exercice de cognition sociale\" srcset=\"https:\/\/neuronup.com\/fr\/wp-content\/uploads\/2022\/06\/Reaccion-emocional-ante-situaciones-300x227.webp 300w, https:\/\/neuronup.com\/fr\/wp-content\/uploads\/2022\/06\/Reaccion-emocional-ante-situaciones-768x582.webp 768w, https:\/\/neuronup.com\/fr\/wp-content\/uploads\/2022\/06\/Reaccion-emocional-ante-situaciones-1024x776.webp 1024w, https:\/\/neuronup.com\/fr\/wp-content\/uploads\/2022\/06\/Reaccion-emocional-ante-situaciones.webp 1148w\" sizes=\"(max-width:599px) 599px, (min-width:600px) and (max-width: 799px) 799px, (min-width:800px) and (max-width: 999px) 333px, (min-width:1000px) 400px\" \/><\/a><div class=\"entry-wrap entry-wrap-grid\"><h3 class=\"entry-title\" itemprop=\"headline\"><a class=\"entry-title-link\" href=\"https:\/\/neuronup.com\/fr\/activites-de-neuro-reeducation\/activites-pour-les-fonctions-cognitives\/activites-de-cognition-sociale\/la-cognition-sociale-ou-comment-comprendre-les-personnes-exercices-de-cognition-sociale\/\" rel=\"bookmark\">La cognition sociale ou comment comprendre les personnes : exercices de cognition sociale<\/a><\/h3>\n<\/div><\/article><article class=\"entry entry-grid is-column has-entry-link has-image has-image-first type-post category-activites-pour-les-enfants-ayant-des-besoins-particuliers tag-activites-de-stimulation-cognitive tag-activites-de-stimulation-cognitive-pour-enfants tag-enfants\" style=\"--entry-index:4;\" aria-label=\"7+1 activit\u00e9s pour enfants avec des besoins \u00e9ducatifs sp\u00e9ciaux\" itemscope itemtype=\"https:\/\/schema.org\/CreativeWork\"><a class=\"entry-image-link\" href=\"https:\/\/neuronup.com\/fr\/activites-de-neuro-reeducation\/activites-pour-les-enfants-ayant-des-besoins-particuliers\/71-activites-pour-enfants-a-besoins-educatifs-speciaux\/\" tabindex=\"-1\" aria-hidden=\"true\"><img decoding=\"async\" width=\"400\" height=\"298\" src=\"https:\/\/neuronup.com\/fr\/wp-content\/uploads\/2022\/07\/Prepara-la-mochila.webp\" class=\"entry-image size-landscape-sm\" alt=\"Activit\u00e9 Pr\u00e9pare le sac \u00e0 dos pour les enfants ayant des besoins \u00e9ducatifs particuliers\" srcset=\"https:\/\/neuronup.com\/fr\/wp-content\/uploads\/2022\/07\/Prepara-la-mochila-300x224.webp 300w, https:\/\/neuronup.com\/fr\/wp-content\/uploads\/2022\/07\/Prepara-la-mochila-768x572.webp 768w, https:\/\/neuronup.com\/fr\/wp-content\/uploads\/2022\/07\/Prepara-la-mochila-1024x763.webp 1024w, https:\/\/neuronup.com\/fr\/wp-content\/uploads\/2022\/07\/Prepara-la-mochila.webp 1255w\" sizes=\"(max-width:599px) 599px, (min-width:600px) and (max-width: 799px) 799px, (min-width:800px) and (max-width: 999px) 333px, (min-width:1000px) 400px\" \/><\/a><div class=\"entry-wrap entry-wrap-grid\"><h3 class=\"entry-title\" itemprop=\"headline\"><a class=\"entry-title-link\" href=\"https:\/\/neuronup.com\/fr\/activites-de-neuro-reeducation\/activites-pour-les-enfants-ayant-des-besoins-particuliers\/71-activites-pour-enfants-a-besoins-educatifs-speciaux\/\" rel=\"bookmark\">7+1 activit\u00e9s pour enfants avec des besoins \u00e9ducatifs sp\u00e9ciaux<\/a><\/h3>\n<\/div><\/article><article class=\"entry entry-grid is-column has-entry-link has-image has-image-first type-post category-activites-de-cognition-sociale tag-activites-de-stimulation-cognitive tag-activites-de-stimulation-cognitive-pour-enfants tag-cognition-sociale\" style=\"--entry-index:5;\" aria-label=\"Exercices de cognition sociale pour enfants\" itemscope itemtype=\"https:\/\/schema.org\/CreativeWork\"><a class=\"entry-image-link\" href=\"https:\/\/neuronup.com\/fr\/activites-de-neuro-reeducation\/activites-pour-les-fonctions-cognitives\/activites-de-cognition-sociale\/exercices-de-cognition-sociale-pour-enfants\/\" tabindex=\"-1\" aria-hidden=\"true\"><img decoding=\"async\" width=\"400\" height=\"273\" src=\"https:\/\/neuronup.com\/fr\/wp-content\/uploads\/2022\/08\/Que-esperan-encontrar-4-1.webp\" class=\"entry-image size-landscape-sm\" alt=\"Exercices de cognition sociale pour enfants\" srcset=\"https:\/\/neuronup.com\/fr\/wp-content\/uploads\/2022\/08\/Que-esperan-encontrar-4-1-300x205.webp 300w, https:\/\/neuronup.com\/fr\/wp-content\/uploads\/2022\/08\/Que-esperan-encontrar-4-1-768x524.webp 768w, https:\/\/neuronup.com\/fr\/wp-content\/uploads\/2022\/08\/Que-esperan-encontrar-4-1-1024x699.webp 1024w, https:\/\/neuronup.com\/fr\/wp-content\/uploads\/2022\/08\/Que-esperan-encontrar-4-1.webp 1205w\" sizes=\"(max-width:599px) 599px, (min-width:600px) and (max-width: 799px) 799px, (min-width:800px) and (max-width: 999px) 333px, (min-width:1000px) 400px\" \/><\/a><div class=\"entry-wrap entry-wrap-grid\"><h3 class=\"entry-title\" itemprop=\"headline\"><a class=\"entry-title-link\" href=\"https:\/\/neuronup.com\/fr\/activites-de-neuro-reeducation\/activites-pour-les-fonctions-cognitives\/activites-de-cognition-sociale\/exercices-de-cognition-sociale-pour-enfants\/\" rel=\"bookmark\">Exercices de cognition sociale pour enfants<\/a><\/h3>\n<\/div><\/article><article class=\"entry entry-grid is-column has-entry-link has-image has-image-first type-post category-activites-de-cognition-sociale tag-activites-de-stimulation-cognitive tag-activites-de-stimulation-cognitive-pour-enfants tag-actualites-de-neuronup tag-cognition-sociale tag-enfants tag-intelligence-emotionnelle\" style=\"--entry-index:6;\" aria-label=\"Activit\u00e9 pour identifier les \u00e9motions : Devinez le visage ?\" itemscope itemtype=\"https:\/\/schema.org\/CreativeWork\"><a class=\"entry-image-link\" href=\"https:\/\/neuronup.com\/fr\/activites-de-neuro-reeducation\/activites-pour-les-fonctions-cognitives\/activites-de-cognition-sociale\/activite-pour-identifier-les-emotions\/\" tabindex=\"-1\" aria-hidden=\"true\"><img decoding=\"async\" width=\"400\" height=\"283\" src=\"https:\/\/neuronup.com\/fr\/wp-content\/uploads\/2022\/09\/Actividad-para-identificar-emociones-de-NeuronUP-Adivinas-la-cara-1-1-1.webp\" class=\"entry-image size-landscape-sm\" alt=\"Activit\u00e9 pour identifier les \u00e9motions de NeuronUP Tu devines le visage\" srcset=\"https:\/\/neuronup.com\/fr\/wp-content\/uploads\/2022\/09\/Actividad-para-identificar-emociones-de-NeuronUP-Adivinas-la-cara-1-1-1-300x212.webp 300w, https:\/\/neuronup.com\/fr\/wp-content\/uploads\/2022\/09\/Actividad-para-identificar-emociones-de-NeuronUP-Adivinas-la-cara-1-1-1-768x543.webp 768w, https:\/\/neuronup.com\/fr\/wp-content\/uploads\/2022\/09\/Actividad-para-identificar-emociones-de-NeuronUP-Adivinas-la-cara-1-1-1-1024x724.webp 1024w, https:\/\/neuronup.com\/fr\/wp-content\/uploads\/2022\/09\/Actividad-para-identificar-emociones-de-NeuronUP-Adivinas-la-cara-1-1-1.webp 1200w\" sizes=\"(max-width:599px) 599px, (min-width:600px) and (max-width: 799px) 799px, (min-width:800px) and (max-width: 999px) 333px, (min-width:1000px) 400px\" \/><\/a><div class=\"entry-wrap entry-wrap-grid\"><h3 class=\"entry-title\" itemprop=\"headline\"><a class=\"entry-title-link\" href=\"https:\/\/neuronup.com\/fr\/activites-de-neuro-reeducation\/activites-pour-les-fonctions-cognitives\/activites-de-cognition-sociale\/activite-pour-identifier-les-emotions\/\" rel=\"bookmark\">Activit\u00e9 pour identifier les \u00e9motions : Devinez le visage ?<\/a><\/h3>\n<\/div><\/article><\/div><\/div>","protected":false},"excerpt":{"rendered":"<p>Dans cet article, Down Navarra explique le travail d&rsquo;une association de personnes atteintes de Trisomie 21 et son exp\u00e9rience de la stimulation cognitive avec NeuronUP. Qu&rsquo;est-ce que la Trisomie 21? Le syndrome de Down (SD) est une anomalie cong\u00e9nitale due \u00e0 l&rsquo;apparition d&rsquo;un chromosome suppl\u00e9mentaire dans la 21e paire de chaque cellule. Cette alt\u00e9ration est &hellip;<\/p>\n","protected":false},"author":268,"featured_media":33941,"comment_status":"open","ping_status":"closed","sticky":false,"template":"","format":"standard","meta":{"_acf_changed":false,"_genesis_hide_title":false,"_genesis_hide_breadcrumbs":false,"_genesis_hide_singular_image":false,"_genesis_hide_footer_widgets":false,"_genesis_custom_body_class":"","_genesis_custom_post_class":"","_genesis_layout":"","footnotes":""},"categories":[570],"tags":[902,775,894],"class_list":{"2":"type-post","7":"category-trisomie-21","8":"tag-deficience-intellectuelle","9":"tag-temoignages","10":"tag-trisomie-21","11":"entry"},"acf":[],"_links":{"self":[{"href":"https:\/\/neuronup.com\/fr\/wp-json\/wp\/v2\/posts\/9991","targetHints":{"allow":["GET"]}}],"collection":[{"href":"https:\/\/neuronup.com\/fr\/wp-json\/wp\/v2\/posts"}],"about":[{"href":"https:\/\/neuronup.com\/fr\/wp-json\/wp\/v2\/types\/post"}],"author":[{"embeddable":true,"href":"https:\/\/neuronup.com\/fr\/wp-json\/wp\/v2\/users\/268"}],"replies":[{"embeddable":true,"href":"https:\/\/neuronup.com\/fr\/wp-json\/wp\/v2\/comments?post=9991"}],"version-history":[{"count":0,"href":"https:\/\/neuronup.com\/fr\/wp-json\/wp\/v2\/posts\/9991\/revisions"}],"wp:featuredmedia":[{"embeddable":true,"href":"https:\/\/neuronup.com\/fr\/wp-json\/wp\/v2\/media\/33941"}],"wp:attachment":[{"href":"https:\/\/neuronup.com\/fr\/wp-json\/wp\/v2\/media?parent=9991"}],"wp:term":[{"taxonomy":"category","embeddable":true,"href":"https:\/\/neuronup.com\/fr\/wp-json\/wp\/v2\/categories?post=9991"},{"taxonomy":"post_tag","embeddable":true,"href":"https:\/\/neuronup.com\/fr\/wp-json\/wp\/v2\/tags?post=9991"}],"curies":[{"name":"wp","href":"https:\/\/api.w.org\/{rel}","templated":true}]}}