{"id":9984,"date":"2024-06-11T10:31:27","date_gmt":"2024-06-11T10:31:27","guid":{"rendered":"https:\/\/neuronup.com\/fr\/?p=9984"},"modified":"2026-01-29T17:36:38","modified_gmt":"2026-01-29T15:36:38","slug":"vieillissement-des-personnes-atteintes-de-trisomie-21","status":"publish","type":"post","link":"https:\/\/neuronup.com\/fr\/actualites-de-la-stimulation-cognitive\/deficience-intellectuelle\/trisomie-21\/vieillissement-des-personnes-atteintes-de-trisomie-21\/","title":{"rendered":"Vieillissement des personnes atteintes de Trisomie 21"},"content":{"rendered":"\n<p style=\"font-size:25px\">L&rsquo;Association S\u00edndrome de Down de Castell\u00f3n explique dans cet article comment ils abordent le <strong>vieillissement des personnes atteintes de Trisomie 21 <\/strong>\u00e0 travers NeuronUP.<\/p>\n\n\n\n<h2 class=\"wp-block-heading\">Le travail de l&rsquo;Association S\u00edndrome de Down de Castell\u00f3n<\/h2>\n\n\n\n<p>Cette ann\u00e9e marque les 25 ans depuis que, en 1995, un groupe de parents a d\u00e9cid\u00e9 de rassembler leurs efforts pour r\u00e9pondre aux besoins des personnes atteintes du <strong>Trisomie 21 et\/ou d&rsquo;une d\u00e9ficience intellectuelle<\/strong> non combl\u00e9s.<\/p>\n\n\n\n<h3 class=\"wp-block-heading\">Leurs objectifs<\/h3>\n\n\n\n<p>Depuis ce moment-l\u00e0 et tout au long de leur parcours, l&rsquo;association a poursuivi les objectifs suivants:<\/p>\n\n\n\n<ul class=\"wp-block-list\">\n<li><strong>Promouvoir le d\u00e9veloppement cognitif, social et affectif<\/strong>, permettant aux personnes atteintes de Trisomie 21 de s&rsquo;\u00e9panouir pleinement.<\/li>\n\n\n\n<li><strong>Sensibiliser le reste de la soci\u00e9t\u00e9 \u00e0 leur r\u00e9alit\u00e9<\/strong>, afin de parvenir \u00e0 leur pleine int\u00e9gration.<\/li>\n\n\n\n<li><strong>D\u00e9fendre l&rsquo;inclusion \u00e9ducative<\/strong>. Parce que les personnes atteintes de trisomie 21 et de d\u00e9ficience intellectuelle en b\u00e9n\u00e9ficient. Ainsi que tous leurs coll\u00e8gues.<\/li>\n\n\n\n<li><strong>Activer leur inclusion au travail<\/strong>, afin d&rsquo;obtenir une image de soi positive et utile, ainsi qu&rsquo;une connaissance et un respect des autres.<\/li>\n\n\n\n<li><strong>Promouvoir les soins m\u00e9dicaux<\/strong>, revendiquer leurs droits en tant que personnes.<\/li>\n<\/ul>\n\n\n\n<h3 class=\"wp-block-heading\">Services et programmes<\/h3>\n\n\n\n<p>L&rsquo;association propose des services et des programmes qui contribuent \u00e0 am\u00e9liorer la qualit\u00e9 de vie des personnes qu&rsquo;elle sert. Ces services et programmes sont notamment les suivants :<\/p>\n\n\n\n<ul class=\"wp-block-list\">\n<li>Attention aux familles<\/li>\n\n\n\n<li>Cabinet psychop\u00e9dagogique<\/li>\n\n\n\n<li>Atelier sur les comp\u00e9tences d&rsquo;adaptation et la communication efficace<\/li>\n\n\n\n<li>\u00c9cole pour les fr\u00e8res et s\u0153urs<\/li>\n\n\n\n<li>Soins psychologiques<\/li>\n\n\n\n<li>Cours d&rsquo;\u00e9t\u00e9<\/li>\n\n\n\n<li>Programmes de b\u00e9n\u00e9volat, de loisirs et de temps libre<\/li>\n\n\n\n<li><strong>Projet sur le vieillissement<\/strong><\/li>\n\n\n\n<li>Programme de sant\u00e9 et de stimulation cognitive.<\/li>\n<\/ul>\n\n\n\n<h2 class=\"wp-block-heading\">Le vieillissement des personnes atteintes de Trisomie 21<\/h2>\n\n\n\n<p>Au cours des derni\u00e8res d\u00e9cennies, nous avons constat\u00e9 que, gr\u00e2ce \u00e0 des am\u00e9liorations dans diff\u00e9rents domaines, l&rsquo;esp\u00e9rance de vie des personnes atteintes de Trisomie 21 a augment\u00e9. Cette long\u00e9vit\u00e9 s&rsquo;accompagne d&rsquo;une am\u00e9lioration de leur qualit\u00e9 de vie.<\/p>\n\n\n\n<p>Nous savons que le vieillissement implique une s\u00e9rie de changements. Ces changements peuvent \u00eatre :<\/p>\n\n\n\n<ul class=\"wp-block-list\">\n<li><strong>Biologique<\/strong>s, dans laquelle des changements se produisent au niveau du lobe frontal. Il en r\u00e9sulte une atrophie du cerveau et une perte de neurones.<\/li>\n<\/ul>\n\n\n\n<ul class=\"wp-block-list\">\n<li><strong>Psychologiques<\/strong>, comme les oublis b\u00e9nins, les comportements obsessionnels, l&rsquo;irritabilit\u00e9, la rigidit\u00e9 mentale, etc.<\/li>\n<\/ul>\n\n\n\n<ul class=\"wp-block-list\">\n<li><strong>Sociaux<\/strong>, avec une diminution des amiti\u00e9s, une perte du soutien familial, une r\u00e9duction du niveau d&rsquo;autonomie, un besoin accru de soutien dans la r\u00e9alisation d&rsquo;activit\u00e9s, etc. Ce stade appara\u00eet \u00e0 un \u00e2ge plus avanc\u00e9 dans la population g\u00e9n\u00e9rale. Cependant, chez les personnes atteintes de Trisomie 21, ce processus se produit de plus en plus t\u00f4t. Bien entendu, en raison du lien g\u00e9n\u00e9tique sp\u00e9cifique que partagent le syndrome de Down et la maladie d&rsquo;Alzheimer, la pr\u00e9valence du d\u00e9veloppement de la maladie d&rsquo;Alzheimer est \u00e9lev\u00e9e.<\/li>\n<\/ul>\n\n\n\n<p>Le d\u00e9clin cognitif et la progression de la maladie d\u00e9pendront des caract\u00e9ristiques personnelles de chaque individu. C&rsquo;est pourquoi il est essentiel d&rsquo;\u00e9tablir et de maintenir des <strong>programmes de soins int\u00e9graux<\/strong>. Ces programmes reposent sur deux aspects fondamentaux : un <strong>vieillissement digne<\/strong> et une <strong>pr\u00e9paration au d\u00e9veloppement<\/strong>. Ces programmes doivent \u00eatre mis en place tant pour les personnes atteintes du syndrome de Down que pour leurs familles et leurs aidants.<\/p>\n\n\n\n<h2 class=\"wp-block-heading\">Projet de vieillissement des personnes atteintes de Trisomie 21<\/h2>\n\n\n\n<p>Le projet de vieillissement a \u00e9t\u00e9 d\u00e9velopp\u00e9 depuis 2016, date \u00e0 laquelle il a \u00e9t\u00e9 identifi\u00e9 qu&rsquo;il \u00e9tait n\u00e9cessaire de r\u00e9pondre aux besoins des personnes atteintes du syndrome de Down \u00e0 l&rsquo;\u00e2ge adulte. Depuis lors, deux personnes sont responsables de la mise en \u0153uvre du projet : une assistante sociale et une psychologue.<\/p>\n\n\n\n<p>Dans le cadre de ce programme, nous apportons un soutien aux personnes se trouvant dans la tranche d&rsquo;\u00e2ge o\u00f9 les premiers <strong>signes et sympt\u00f4mes du vieillissement<\/strong> peuvent appara\u00eetre. Nous agissons \u00e9galement en pr\u00e9vention, pour retarder l&rsquo;apparition de ces signes et sympt\u00f4mes, m\u00eame chez les personnes qui ne se trouvent pas dans cette tranche d&rsquo;\u00e2ge.<\/p>\n\n\n\n<h3 class=\"wp-block-heading\">Objectifs du projet<\/h3>\n\n\n\n<p>Il en d\u00e9coule que les objectifs sur lesquels repose le programme de vieillissement des personnes atteintes du syndrome de Down sont :<\/p>\n\n\n\n<ul class=\"wp-block-list\">\n<li><strong>Promouvoir le vieillissement actif<\/strong> en abordant les domaines suivants : \u00e9tat de sant\u00e9 et besoins m\u00e9dicaux, activit\u00e9 sportive, besoins affectivo-sexuels, loisirs et temps libre et stimulation des capacit\u00e9s cognitives.<\/li>\n<\/ul>\n\n\n\n<ul class=\"wp-block-list\">\n<li><strong>Accro\u00eetre l&rsquo;ind\u00e9pendance et l&rsquo;autonomie<\/strong> des personnes atteintes du syndrome de Down, ce qui aura un impact sur la qualit\u00e9 du vieillissement.<\/li>\n<\/ul>\n\n\n\n<ul class=\"wp-block-list\">\n<li><strong>D\u00e9tecter tout signe ou sympt\u00f4me pouvant \u00eatre consid\u00e9r\u00e9 comme la cause d&rsquo;une \u00e9ventuelle d\u00e9t\u00e9rioration cognitive<\/strong> au moyen de tests de d\u00e9pistage, afin d&rsquo;orienter ensuite la personne vers le service correspondant.<\/li>\n<\/ul>\n\n\n\n<ul class=\"wp-block-list\">\n<li><strong>Assurer le suivi <\/strong>de tous les b\u00e9n\u00e9ficiaires du programme.<\/li>\n<\/ul>\n\n\n\n<ul class=\"wp-block-list\">\n<li><strong>Pr\u00e9parer les familles et les aidants<\/strong> des adultes atteints de trisomie 21 et\/ou de d\u00e9ficience intellectuelle \u00e0 cette \u00e9tape.<\/li>\n<\/ul>\n\n\n\n<ul class=\"wp-block-list\">\n<li><strong>Offrir une orientation, une attention et un soutien sp\u00e9cifique <\/strong>tant aux personnes atteintes du syndrome de Down qu&rsquo;\u00e0 leurs familles et aux personnes qui s&rsquo;occupent d&rsquo;elles.<\/li>\n<\/ul>\n\n\n\n<h3 class=\"wp-block-heading\">Agentes impliqu\u00e9s<\/h3>\n\n\n\n<p>La collaboration \u00e9troite et conjointe des personnes intervenant dans l&rsquo;am\u00e9lioration des besoins individuels des personnes atteintes du syndrome de Down est n\u00e9cessaire. C&rsquo;est pourquoi nous consid\u00e9rons la famille et les r\u00e9seaux de soutien comme \u00e9tant importants. De m\u00eame, les professionnels qui travaillent avec eux ; ainsi que les synergies de collaboration avec d&rsquo;autres entit\u00e9s, universit\u00e9s et services de sant\u00e9.<\/p>\n\n\n\n<h3 class=\"wp-block-heading\">Reconnaissances du programme<\/h3>\n\n\n\n<p>En novembre dernier, l&rsquo;Association Syndrome de Down de Castell\u00f3n a re\u00e7u le Premier prix de la cat\u00e9gorie <em>\u00ab Professionnels du secteur : meilleure pratique dans les soins aux personnes \u00bb<\/em> d\u00e9cern\u00e9 par <em>DomusVi<\/em>. Cette reconnaissance encourage le travail des professionnels. Ainsi, il est possible d&rsquo;assurer aux personnes atteintes du syndrome de Down un programme garantissant un vieillissement de qualit\u00e9 dans toutes les dimensions.<\/p>\n\n\n\n<h2 class=\"wp-block-heading\">NeuronUP : outil de soutien<\/h2>\n\n\n<div class=\"wp-block-image image-interface\">\n<figure class=\"aligncenter size-full is-resized\"><img decoding=\"async\" width=\"1024\" height=\"768\" src=\"https:\/\/neuronup.com\/fr\/wp-content\/uploads\/2024\/11\/Vieillissement-des-personnes-atteintes-de-Trisomie-21-1.webp\" alt=\"Salle de formation avec deux personnes assises devant des ordinateurs; \u00e9cran montrant des visuels et des ic\u00f4nes, chaises rouges et murs clairs.\" class=\"wp-image-34137\" style=\"width:768px\" srcset=\"https:\/\/neuronup.com\/fr\/wp-content\/uploads\/2024\/11\/Vieillissement-des-personnes-atteintes-de-Trisomie-21-1-300x225.webp 300w, https:\/\/neuronup.com\/fr\/wp-content\/uploads\/2024\/11\/Vieillissement-des-personnes-atteintes-de-Trisomie-21-1-400x300.webp 400w, https:\/\/neuronup.com\/fr\/wp-content\/uploads\/2024\/11\/Vieillissement-des-personnes-atteintes-de-Trisomie-21-1-768x576.webp 768w, https:\/\/neuronup.com\/fr\/wp-content\/uploads\/2024\/11\/Vieillissement-des-personnes-atteintes-de-Trisomie-21-1-800x600.webp 800w, https:\/\/neuronup.com\/fr\/wp-content\/uploads\/2024\/11\/Vieillissement-des-personnes-atteintes-de-Trisomie-21-1.webp 1024w\" sizes=\"(max-width: 1024px) 100vw, 1024px\" \/><\/figure>\n<\/div>\n\n\n<p>Un des piliers du Programme du Vieillissement est que les personnes atteintes du syndrome de Down restent actives \u00e0 tous les niveaux, y compris cognitivement. \u00catre actif ralentit le <strong>d\u00e9clin cognitif<\/strong> et nous permet d&rsquo;\u00eatre plus autonomes et ind\u00e9pendants au quotidien. C&rsquo;est pour favoriser ces principes que notre \u00e9quipe de professionnels travaille avec le Syndrome de Down de Castell\u00f3n.<\/p>\n\n\n\n<p>Il y a plusieurs ann\u00e9es, nous avons d\u00e9cid\u00e9 d&rsquo;int\u00e9grer <strong>NeuronUP<\/strong> en tant qu&rsquo;outil de soutien pour les professionnels qui animent les sessions de stimulation des capacit\u00e9s cognitives. Ces sessions sont r\u00e9alis\u00e9es en groupe et adapt\u00e9es aux capacit\u00e9s individuelles. \u00c0 travers des jeux, des fiches sur papier, l&rsquo;utilisation de mat\u00e9riel de la vie quotidienne, l&rsquo;utilisation de la plateforme NeuronUP, entre autres, nous visons \u00e0 maintenir et am\u00e9liorer le fonctionnement cognitif des personnes qui participent aux sessions.<\/p>\n\n\n\n<h3 class=\"wp-block-heading\">Avantages de NeuronUP<\/h3>\n\n\n\n<p>L&rsquo;un des avantages offerts par NeuronUP est la <strong>personnalisation des sessions<\/strong> en fonction des besoins particuliers de chaque individu, ainsi que la r\u00e9troaction sur leur ex\u00e9cution. De plus, les <strong>activit\u00e9s sont constamment mises \u00e0 jour <\/strong>et des <strong>formations <\/strong>sont propos\u00e9es, ce qui a fait de l&rsquo;utilisation de cette plateforme l&rsquo;outil de soutien id\u00e9al pour le professionnel en charge de la planification des sessions.<\/p>\n\n\n\n<div style=\"height:50px\" aria-hidden=\"true\" class=\"wp-block-spacer\"><\/div>\n\n\n\n<div class=\"wp-block-group\"><div class=\"wp-block-group__inner-container is-layout-constrained wp-block-group-is-layout-constrained\">\n<div class=\"wp-block-columns br-0111 particle-bg p-5 has-primary-background-color has-background is-layout-flex wp-container-core-columns-is-layout-9d6595d7 wp-block-columns-is-layout-flex\">\n<div class=\"wp-block-column is-layout-flow wp-block-column-is-layout-flow\" style=\"flex-basis:66.66%\">\n<h2 class=\"wp-block-heading has-white-color has-text-color\">Essayez NeuronUP 7 jours gratuitement<\/h2>\n\n\n\n<p class=\"has-white-color has-text-color\">Vous pourrez travailler avec nos activit\u00e9s, concevoir des s\u00e9ances ou effectuer des r\u00e9habilitations \u00e0 distance<\/p>\n<\/div>\n\n\n\n<div class=\"wp-block-column is-layout-flow wp-block-column-is-layout-flow\" style=\"flex-basis:33.33%\">\n<div class=\"wp-block-buttons is-content-justification-center is-layout-flex wp-container-core-buttons-is-layout-16018d1d wp-block-buttons-is-layout-flex\">\n<div class=\"wp-block-button\" style=\"--button-background:var(--color-custom-1);--button-background-hover:#cc7e00;\"><a class=\"wp-block-button__link button   wp-element-button\" href=\"https:\/\/neuronup.com\/fr\/landing\/\">Commencez votre essai<\/a><\/div>\n\n<\/div>\n<\/div>\n<\/div>\n<\/div><\/div>\n\n\n\n<div style=\"height:50px\" aria-hidden=\"true\" class=\"wp-block-spacer\"><\/div>\n\n\n\n<h2 class=\"wp-block-heading\">Conclusion<\/h2>\n\n\n\n<p>De l&rsquo;Association S\u00edndrome de Down de Castell\u00f3n, nous travaillons pour faire en sorte que notre devise <em>\u00ab\u00a0je vieillis avec une qualit\u00e9 de vie : et toi ?<\/em>\u00a0\u00bb devienne une r\u00e9alit\u00e9 pour toutes les personnes qui viennent chez nous.<\/p>\n\n\n\n<p>Si vous souhaitez en savoir plus sur notre programme et notre m\u00e9thode de travail, n&rsquo;h\u00e9sitez pas \u00e0 visiter www.downcastellon.com. Nous serons ravis de recevoir des propositions qui auront un impact positif sur le bien-\u00eatre des personnes atteintes du syndrome de Down et\/ou d&rsquo;une d\u00e9ficience intellectuelle, ainsi que sur leur environnement.<\/p>\n\n\n\n<h3 class=\"wp-block-heading\">Si vous avez aim\u00e9 ce post, ces articles de NeuronUP pourraient \u00e9galement vous int\u00e9resser:<\/h3>\n\n\n<div class=\"mai-grid entries entries-grid has-boxed has-image-full\" style=\"--entry-title-font-size:var(--font-size-lg);--align-text:start;--entry-meta-text-align:start;\"><div class=\"entries-wrap has-columns\" style=\"--columns-xs:1\/1;--columns-sm:1\/1;--columns-md:1\/3;--columns-lg:1\/3;--flex-xs:0 0 var(--flex-basis);--flex-sm:0 0 var(--flex-basis);--flex-md:0 0 var(--flex-basis);--flex-lg:0 0 var(--flex-basis);--column-gap:var(--spacing-lg);--row-gap:var(--spacing-lg);--align-columns:start;\"><article class=\"entry entry-grid is-column has-entry-link has-image has-image-first type-post category-activites-de-la-vie-quotidienne category-nouveautes-neuronup tag-activites-de-stimulation-cognitive tag-activites-de-stimulation-cognitive-pour-enfants tag-adulte tag-enfants tag-remediation-cognitive\" style=\"--entry-index:1;\" aria-label=\"Nouvelles activit\u00e9s NeuronUP : entra\u00eenez les fonctions cognitives dans des situations du quotidien\" itemscope itemtype=\"https:\/\/schema.org\/CreativeWork\"><a class=\"entry-image-link\" href=\"https:\/\/neuronup.com\/fr\/nouveautes-neuronup\/nouvelles-activites-neuronup-entrainez-les-fonctions-cognitives-dans-des-situations-du-quotidien\/\" tabindex=\"-1\" aria-hidden=\"true\"><img decoding=\"async\" width=\"400\" height=\"202\" src=\"https:\/\/neuronup.com\/fr\/wp-content\/uploads\/2026\/03\/Capture-decran-2026-03-30-111842-400x202.webp\" class=\"entry-image size-landscape-sm\" alt=\"\" \/><\/a><div class=\"entry-wrap entry-wrap-grid\"><h3 class=\"entry-title\" itemprop=\"headline\"><a class=\"entry-title-link\" href=\"https:\/\/neuronup.com\/fr\/nouveautes-neuronup\/nouvelles-activites-neuronup-entrainez-les-fonctions-cognitives-dans-des-situations-du-quotidien\/\" rel=\"bookmark\">Nouvelles activit\u00e9s NeuronUP : entra\u00eenez les fonctions cognitives dans des situations du quotidien<\/a><\/h3>\n<\/div><\/article><article class=\"entry entry-grid is-column has-entry-link has-image has-image-first type-post category-activites-dattention category-activites-de-neuro-reeducation category-activites-pour-les-fonctions-cognitives tag-adulte\" style=\"--entry-index:2;\" aria-label=\"Nouvelle activit\u00e9 Attention s\u00e9lective (Adultes)\" itemscope itemtype=\"https:\/\/schema.org\/CreativeWork\"><a class=\"entry-image-link\" href=\"https:\/\/neuronup.com\/fr\/activites-de-neuro-reeducation\/nouvelle-activite-attention-selective-adultes\/\" tabindex=\"-1\" aria-hidden=\"true\"><img decoding=\"async\" width=\"253\" height=\"230\" src=\"https:\/\/neuronup.com\/fr\/wp-content\/uploads\/2026\/03\/Capture-decran-2026-03-03-160917.webp\" class=\"entry-image size-landscape-sm\" alt=\"\" \/><\/a><div class=\"entry-wrap entry-wrap-grid\"><h3 class=\"entry-title\" itemprop=\"headline\"><a class=\"entry-title-link\" href=\"https:\/\/neuronup.com\/fr\/activites-de-neuro-reeducation\/nouvelle-activite-attention-selective-adultes\/\" rel=\"bookmark\">Nouvelle activit\u00e9 Attention s\u00e9lective (Adultes)<\/a><\/h3>\n<\/div><\/article><article class=\"entry entry-grid is-column has-entry-link has-image has-image-first type-post category-activites-de-cognition-sociale tag-activites-de-stimulation-cognitive tag-cognition-sociale tag-fonctions-executives\" style=\"--entry-index:3;\" aria-label=\"La cognition sociale ou comment comprendre les personnes : exercices de cognition sociale\" itemscope itemtype=\"https:\/\/schema.org\/CreativeWork\"><a class=\"entry-image-link\" href=\"https:\/\/neuronup.com\/fr\/activites-de-neuro-reeducation\/activites-pour-les-fonctions-cognitives\/activites-de-cognition-sociale\/la-cognition-sociale-ou-comment-comprendre-les-personnes-exercices-de-cognition-sociale\/\" tabindex=\"-1\" aria-hidden=\"true\"><img decoding=\"async\" width=\"396\" height=\"300\" src=\"https:\/\/neuronup.com\/fr\/wp-content\/uploads\/2022\/06\/Reaccion-emocional-ante-situaciones.webp\" class=\"entry-image size-landscape-sm\" alt=\"R\u00e9action \u00e9motionnelle face aux situations : Exercice de cognition sociale\" srcset=\"https:\/\/neuronup.com\/fr\/wp-content\/uploads\/2022\/06\/Reaccion-emocional-ante-situaciones-300x227.webp 300w, https:\/\/neuronup.com\/fr\/wp-content\/uploads\/2022\/06\/Reaccion-emocional-ante-situaciones-768x582.webp 768w, https:\/\/neuronup.com\/fr\/wp-content\/uploads\/2022\/06\/Reaccion-emocional-ante-situaciones-1024x776.webp 1024w, https:\/\/neuronup.com\/fr\/wp-content\/uploads\/2022\/06\/Reaccion-emocional-ante-situaciones.webp 1148w\" sizes=\"(max-width:599px) 599px, (min-width:600px) and (max-width: 799px) 799px, (min-width:800px) and (max-width: 999px) 333px, (min-width:1000px) 400px\" \/><\/a><div class=\"entry-wrap entry-wrap-grid\"><h3 class=\"entry-title\" itemprop=\"headline\"><a class=\"entry-title-link\" href=\"https:\/\/neuronup.com\/fr\/activites-de-neuro-reeducation\/activites-pour-les-fonctions-cognitives\/activites-de-cognition-sociale\/la-cognition-sociale-ou-comment-comprendre-les-personnes-exercices-de-cognition-sociale\/\" rel=\"bookmark\">La cognition sociale ou comment comprendre les personnes : exercices de cognition sociale<\/a><\/h3>\n<\/div><\/article><article class=\"entry entry-grid is-column has-entry-link has-image has-image-first type-post category-activites-pour-les-enfants-ayant-des-besoins-particuliers tag-activites-de-stimulation-cognitive tag-activites-de-stimulation-cognitive-pour-enfants tag-enfants\" style=\"--entry-index:4;\" aria-label=\"7+1 activit\u00e9s pour enfants avec des besoins \u00e9ducatifs sp\u00e9ciaux\" itemscope itemtype=\"https:\/\/schema.org\/CreativeWork\"><a class=\"entry-image-link\" href=\"https:\/\/neuronup.com\/fr\/activites-de-neuro-reeducation\/activites-pour-les-enfants-ayant-des-besoins-particuliers\/71-activites-pour-enfants-a-besoins-educatifs-speciaux\/\" tabindex=\"-1\" aria-hidden=\"true\"><img decoding=\"async\" width=\"400\" height=\"298\" src=\"https:\/\/neuronup.com\/fr\/wp-content\/uploads\/2022\/07\/Prepara-la-mochila.webp\" class=\"entry-image size-landscape-sm\" alt=\"Activit\u00e9 Pr\u00e9pare le sac \u00e0 dos pour les enfants ayant des besoins \u00e9ducatifs particuliers\" srcset=\"https:\/\/neuronup.com\/fr\/wp-content\/uploads\/2022\/07\/Prepara-la-mochila-300x224.webp 300w, https:\/\/neuronup.com\/fr\/wp-content\/uploads\/2022\/07\/Prepara-la-mochila-768x572.webp 768w, https:\/\/neuronup.com\/fr\/wp-content\/uploads\/2022\/07\/Prepara-la-mochila-1024x763.webp 1024w, https:\/\/neuronup.com\/fr\/wp-content\/uploads\/2022\/07\/Prepara-la-mochila.webp 1255w\" sizes=\"(max-width:599px) 599px, (min-width:600px) and (max-width: 799px) 799px, (min-width:800px) and (max-width: 999px) 333px, (min-width:1000px) 400px\" \/><\/a><div class=\"entry-wrap entry-wrap-grid\"><h3 class=\"entry-title\" itemprop=\"headline\"><a class=\"entry-title-link\" href=\"https:\/\/neuronup.com\/fr\/activites-de-neuro-reeducation\/activites-pour-les-enfants-ayant-des-besoins-particuliers\/71-activites-pour-enfants-a-besoins-educatifs-speciaux\/\" rel=\"bookmark\">7+1 activit\u00e9s pour enfants avec des besoins \u00e9ducatifs sp\u00e9ciaux<\/a><\/h3>\n<\/div><\/article><article class=\"entry entry-grid is-column has-entry-link has-image has-image-first type-post category-activites-de-cognition-sociale tag-activites-de-stimulation-cognitive tag-activites-de-stimulation-cognitive-pour-enfants tag-cognition-sociale\" style=\"--entry-index:5;\" aria-label=\"Exercices de cognition sociale pour enfants\" itemscope itemtype=\"https:\/\/schema.org\/CreativeWork\"><a class=\"entry-image-link\" href=\"https:\/\/neuronup.com\/fr\/activites-de-neuro-reeducation\/activites-pour-les-fonctions-cognitives\/activites-de-cognition-sociale\/exercices-de-cognition-sociale-pour-enfants\/\" tabindex=\"-1\" aria-hidden=\"true\"><img decoding=\"async\" width=\"400\" height=\"273\" src=\"https:\/\/neuronup.com\/fr\/wp-content\/uploads\/2022\/08\/Que-esperan-encontrar-4-1.webp\" class=\"entry-image size-landscape-sm\" alt=\"Exercices de cognition sociale pour enfants\" srcset=\"https:\/\/neuronup.com\/fr\/wp-content\/uploads\/2022\/08\/Que-esperan-encontrar-4-1-300x205.webp 300w, https:\/\/neuronup.com\/fr\/wp-content\/uploads\/2022\/08\/Que-esperan-encontrar-4-1-768x524.webp 768w, https:\/\/neuronup.com\/fr\/wp-content\/uploads\/2022\/08\/Que-esperan-encontrar-4-1-1024x699.webp 1024w, https:\/\/neuronup.com\/fr\/wp-content\/uploads\/2022\/08\/Que-esperan-encontrar-4-1.webp 1205w\" sizes=\"(max-width:599px) 599px, (min-width:600px) and (max-width: 799px) 799px, (min-width:800px) and (max-width: 999px) 333px, (min-width:1000px) 400px\" \/><\/a><div class=\"entry-wrap entry-wrap-grid\"><h3 class=\"entry-title\" itemprop=\"headline\"><a class=\"entry-title-link\" href=\"https:\/\/neuronup.com\/fr\/activites-de-neuro-reeducation\/activites-pour-les-fonctions-cognitives\/activites-de-cognition-sociale\/exercices-de-cognition-sociale-pour-enfants\/\" rel=\"bookmark\">Exercices de cognition sociale pour enfants<\/a><\/h3>\n<\/div><\/article><article class=\"entry entry-grid is-column has-entry-link has-image has-image-first type-post category-activites-de-cognition-sociale tag-activites-de-stimulation-cognitive tag-activites-de-stimulation-cognitive-pour-enfants tag-actualites-de-neuronup tag-cognition-sociale tag-enfants tag-intelligence-emotionnelle\" style=\"--entry-index:6;\" aria-label=\"Activit\u00e9 pour identifier les \u00e9motions : Devinez le visage ?\" itemscope itemtype=\"https:\/\/schema.org\/CreativeWork\"><a class=\"entry-image-link\" href=\"https:\/\/neuronup.com\/fr\/activites-de-neuro-reeducation\/activites-pour-les-fonctions-cognitives\/activites-de-cognition-sociale\/activite-pour-identifier-les-emotions\/\" tabindex=\"-1\" aria-hidden=\"true\"><img decoding=\"async\" width=\"400\" height=\"283\" src=\"https:\/\/neuronup.com\/fr\/wp-content\/uploads\/2022\/09\/Actividad-para-identificar-emociones-de-NeuronUP-Adivinas-la-cara-1-1-1.webp\" class=\"entry-image size-landscape-sm\" alt=\"Activit\u00e9 pour identifier les \u00e9motions de NeuronUP Tu devines le visage\" srcset=\"https:\/\/neuronup.com\/fr\/wp-content\/uploads\/2022\/09\/Actividad-para-identificar-emociones-de-NeuronUP-Adivinas-la-cara-1-1-1-300x212.webp 300w, https:\/\/neuronup.com\/fr\/wp-content\/uploads\/2022\/09\/Actividad-para-identificar-emociones-de-NeuronUP-Adivinas-la-cara-1-1-1-768x543.webp 768w, https:\/\/neuronup.com\/fr\/wp-content\/uploads\/2022\/09\/Actividad-para-identificar-emociones-de-NeuronUP-Adivinas-la-cara-1-1-1-1024x724.webp 1024w, https:\/\/neuronup.com\/fr\/wp-content\/uploads\/2022\/09\/Actividad-para-identificar-emociones-de-NeuronUP-Adivinas-la-cara-1-1-1.webp 1200w\" sizes=\"(max-width:599px) 599px, (min-width:600px) and (max-width: 799px) 799px, (min-width:800px) and (max-width: 999px) 333px, (min-width:1000px) 400px\" \/><\/a><div class=\"entry-wrap entry-wrap-grid\"><h3 class=\"entry-title\" itemprop=\"headline\"><a class=\"entry-title-link\" href=\"https:\/\/neuronup.com\/fr\/activites-de-neuro-reeducation\/activites-pour-les-fonctions-cognitives\/activites-de-cognition-sociale\/activite-pour-identifier-les-emotions\/\" rel=\"bookmark\">Activit\u00e9 pour identifier les \u00e9motions : Devinez le visage ?<\/a><\/h3>\n<\/div><\/article><\/div><\/div>","protected":false},"excerpt":{"rendered":"<p>L&rsquo;Association S\u00edndrome de Down de Castell\u00f3n explique dans cet article comment ils abordent le vieillissement des personnes atteintes de Trisomie 21 \u00e0 travers NeuronUP. Le travail de l&rsquo;Association S\u00edndrome de Down de Castell\u00f3n Cette ann\u00e9e marque les 25 ans depuis que, en 1995, un groupe de parents a d\u00e9cid\u00e9 de rassembler leurs efforts pour r\u00e9pondre &hellip;<\/p>\n","protected":false},"author":267,"featured_media":34136,"comment_status":"open","ping_status":"closed","sticky":false,"template":"","format":"standard","meta":{"_acf_changed":false,"_genesis_hide_title":false,"_genesis_hide_breadcrumbs":false,"_genesis_hide_singular_image":false,"_genesis_hide_footer_widgets":false,"_genesis_custom_body_class":"","_genesis_custom_post_class":"","_genesis_layout":"","footnotes":""},"categories":[570],"tags":[902,775,894],"class_list":{"2":"type-post","7":"category-trisomie-21","8":"tag-deficience-intellectuelle","9":"tag-temoignages","10":"tag-trisomie-21","11":"entry"},"acf":[],"_links":{"self":[{"href":"https:\/\/neuronup.com\/fr\/wp-json\/wp\/v2\/posts\/9984","targetHints":{"allow":["GET"]}}],"collection":[{"href":"https:\/\/neuronup.com\/fr\/wp-json\/wp\/v2\/posts"}],"about":[{"href":"https:\/\/neuronup.com\/fr\/wp-json\/wp\/v2\/types\/post"}],"author":[{"embeddable":true,"href":"https:\/\/neuronup.com\/fr\/wp-json\/wp\/v2\/users\/267"}],"replies":[{"embeddable":true,"href":"https:\/\/neuronup.com\/fr\/wp-json\/wp\/v2\/comments?post=9984"}],"version-history":[{"count":0,"href":"https:\/\/neuronup.com\/fr\/wp-json\/wp\/v2\/posts\/9984\/revisions"}],"wp:featuredmedia":[{"embeddable":true,"href":"https:\/\/neuronup.com\/fr\/wp-json\/wp\/v2\/media\/34136"}],"wp:attachment":[{"href":"https:\/\/neuronup.com\/fr\/wp-json\/wp\/v2\/media?parent=9984"}],"wp:term":[{"taxonomy":"category","embeddable":true,"href":"https:\/\/neuronup.com\/fr\/wp-json\/wp\/v2\/categories?post=9984"},{"taxonomy":"post_tag","embeddable":true,"href":"https:\/\/neuronup.com\/fr\/wp-json\/wp\/v2\/tags?post=9984"}],"curies":[{"name":"wp","href":"https:\/\/api.w.org\/{rel}","templated":true}]}}