{"id":9744,"date":"2024-05-22T07:31:29","date_gmt":"2024-05-22T07:31:29","guid":{"rendered":"https:\/\/neuronup.com\/fr\/?p=9744"},"modified":"2024-12-20T15:54:24","modified_gmt":"2024-12-20T13:54:24","slug":"comment-lutter-contre-la-solitude-indesirable-des-personnes-agees","status":"publish","type":"post","link":"https:\/\/neuronup.com\/fr\/actualites-de-la-stimulation-cognitive\/vieillissement-normal\/comment-lutter-contre-la-solitude-indesirable-des-personnes-agees\/","title":{"rendered":"Comment lutter contre la solitude ind\u00e9sirable des personnes \u00e2g\u00e9es?"},"content":{"rendered":"\n<p style=\"font-size:25px\">Le coordinateur des projets d&rsquo;intervention sociale pour les personnes \u00e2g\u00e9es de l&rsquo;Association d&rsquo;inclusion Acomp\u00e1\u00f1ame, Cristian Mac\u00eda Rojas, nous parle dans cet article de la mani\u00e8re de<strong> lutter contre la solitude <\/strong>non d\u00e9sir\u00e9e chez les personnes \u00e2g\u00e9es.<\/p>\n\n\n\n<p>La <strong>solitude <\/strong>est un sentiment humain universel que nous ressentons tous \u00e0 un moment donn\u00e9 de notre vie. Cependant, lorsqu&rsquo;elle devient chronique et non d\u00e9sir\u00e9e, elle peut avoir des cons\u00e9quences d\u00e9vastatrices sur la<strong> sant\u00e9 et le bien-\u00eatre<\/strong>, notamment chez les<strong> personnes \u00e2g\u00e9es<\/strong>. La solitude chez les personnes \u00e2g\u00e9es est un probl\u00e8me croissant dans le monde entier, et il est essentiel de le traiter de mani\u00e8re efficace pour am\u00e9liorer la qualit\u00e9 de vie de nos proches \u00e0 ce stade de leur vie.<\/p>\n\n\n\n<p>Dans cet article de blog, nous explorerons en profondeur le sujet de la <strong>solitude non d\u00e9sir\u00e9e<\/strong> chez les personnes \u00e2g\u00e9es, <strong>ses causes et ses effets<\/strong>, et comment NeuronUP, en tant qu&rsquo;outil innovant, peut \u00eatre une solution efficace pour lutter contre ce probl\u00e8me.<\/p>\n\n\n\n<p>Tout au long de cet article, vous apprendrez l&rsquo;importance de <strong>traiter la solitude<\/strong> chez les personnes \u00e2g\u00e9es et comment, au sein de l&rsquo;<strong>Association d&rsquo;inclusion Acomp\u00e1\u00f1ame<\/strong>, nous utilisons une m\u00e9thodologie de travail qui \u00e9tablit un mod\u00e8le d&rsquo;intervention individualis\u00e9, participatif et sain o\u00f9 <strong>NeuronUP <\/strong>est devenu un alli\u00e9 inestimable dans cet effort.<\/p>\n\n\n\n<p>L&rsquo;<strong>Organisation mondiale de la sant\u00e9 <\/strong>d\u00e9finit le vieillissement comme : \u00ab\u00a0Le processus physiologique qui commence \u00e0 la conception et provoque des changements dans les caract\u00e9ristiques des esp\u00e8ces tout au long du cycle de vie ; ces changements entra\u00eenent une limitation de l&rsquo;adaptabilit\u00e9 de l&rsquo;organisme par rapport \u00e0 son environnement. Les rythmes auxquels ces changements se produisent dans les diff\u00e9rents organes d&rsquo;un m\u00eame individu ou entre diff\u00e9rents individus ne sont pas identiques\u00a0\u00bb (OMS, 2002).<\/p>\n\n\n\n<p>De plus, selon Hernando (2006), le <strong>vieillissement <\/strong>n&rsquo;a<strong> pas un m\u00e9canisme unique responsable<\/strong>, mais il est d\u00fb \u00e0 l&rsquo;accumulation de diverses causes interagissant les unes avec les autres ; \u00e9galement, selon Hern\u00e1ndez et Mart\u00ednez-Esparza et al. (2006), le concept de vieillissement est \u00e9tabli comme l&rsquo;ensemble de diverses <strong>modifications survenant<\/strong> chez une personne tout au long de son cycle de vie, r\u00e9sultant de l&rsquo;effet du temps sur les individus. Cela entra\u00eene des <strong>changements <\/strong>aux niveaux biochimiques, physiologiques, morphologiques, sociaux, psychologiques et fonctionnels.<\/p>\n\n\n\n<h2 class=\"wp-block-heading\">La solitude chez les personnes \u00e2g\u00e9es : un probl\u00e8me silencieux<\/h2>\n\n\n\n<p>La <strong>solitude non d\u00e9sir\u00e9e<\/strong> chez les personnes \u00e2g\u00e9es est un probl\u00e8me qui passe souvent inaper\u00e7u. De nombreux personnes \u00e2g\u00e9es peuvent se retrouver seules en raison de diverses circonstances telles que la retraite, la perte de proches, la diminution de la mobilit\u00e9 ou le manque de connexion avec la communaut\u00e9. La <strong>solitude <\/strong>peut affecter n&rsquo;importe qui, ind\u00e9pendamment de son \u00e9tat civil ou de sa situation \u00e9conomique, et elle n&rsquo;est pas toujours visible pour les autres.<\/p>\n\n\n\n<p>Selon Bourdieu (1991), le <strong>vieillissement <\/strong>est per\u00e7u comme une \u0153uvre socioculturelle dans laquelle des identit\u00e9s, des r\u00f4les et des structures sont assum\u00e9s par les diff\u00e9rents groupes sociaux, ce qui entra\u00eene des <strong>in\u00e9galit\u00e9s significatives <\/strong>entre eux. De plus, Izquierdo (2010) contribue \u00e0 la d\u00e9finition de ce concept en insistant sur le concept d\u00e9velopp\u00e9 pr\u00e9c\u00e9demment par Bourdieu, en soulignant l&rsquo;\u00e2ge comme une <strong>construction sociale et culturelle<\/strong> entra\u00eenant une s\u00e9paration tout au long du <strong>cycle de vie<\/strong> en diff\u00e9rents moments distincts.<\/p>\n\n\n\n<h3 class=\"wp-block-heading\">Causes de la solitude des personnes \u00e2g\u00e9es<\/h3>\n\n\n\n<ul class=\"wp-block-list\">\n<li><strong>Perte des \u00eatres chers <\/strong>: La perte d&rsquo;amis et de membres de la famille est l&rsquo;une des principales causes de solitude chez les personnes \u00e2g\u00e9es. \u00c0 mesure que nous vieillissons, il est naturel que nos proches d\u00e9c\u00e8dent, ce qui peut cr\u00e9er un vide \u00e9motionnel difficile \u00e0 combler.<\/li>\n\n\n\n<li><strong>Retraite <\/strong>: La retraite, bien qu&rsquo;elle puisse \u00eatre un moment attendu et bienvenu, peut \u00e9galement conduire \u00e0 la solitude. Beaucoup de personnes \u00e2g\u00e9es constatent que la routine quotidienne fournie par le travail dispara\u00eet, et elles peuvent se sentir perdues sans un but clair.<\/li>\n\n\n\n<li><strong>Probl\u00e8mes de mobilit\u00e9<\/strong> : La diminution de la mobilit\u00e9 due \u00e0 des probl\u00e8mes de sant\u00e9 ou des handicaps peut entra\u00eener la solitude en limitant la capacit\u00e9 des personnes \u00e2g\u00e9es \u00e0 participer \u00e0 des activit\u00e9s sociales.<\/li>\n\n\n\n<li><strong>Manque de r\u00e9seau de soutien<\/strong> : Certaines personnes \u00e2g\u00e9es peuvent manquer d&rsquo;un solide r\u00e9seau de soutien social en raison de la distance g\u00e9ographique avec leur famille et leurs amis, ou parce qu&rsquo;ils ont perdu le contact avec leur communaut\u00e9.<\/li>\n\n\n\n<li><strong>\u00c2gisme<\/strong> : La soci\u00e9t\u00e9 perp\u00e9tue souvent des st\u00e9r\u00e9otypes n\u00e9gatifs sur le vieillissement, ce qui peut amener les personnes \u00e2g\u00e9es \u00e0 se sentir exclues ou peu valoris\u00e9es.<\/li>\n<\/ul>\n\n\n\n<h3 class=\"wp-block-heading\">Effets de la solitude sur les personnes \u00e2g\u00e9es <\/h3>\n\n\n\n<p>Le <strong>vieillissement <\/strong>est cat\u00e9goris\u00e9 comme un processus irr\u00e9versible, intra-individuel et universel. Comme il a \u00e9t\u00e9 mentionn\u00e9 pr\u00e9c\u00e9demment, l&rsquo;\u00eatre humain est compos\u00e9 de diff\u00e9rentes parties qui sont : <strong>biologique, psychologique et sociale.&nbsp;<\/strong><\/p>\n\n\n\n<p>La solitude non d\u00e9sir\u00e9e chez les personnes \u00e2g\u00e9es peut avoir une s\u00e9rie d&rsquo;effets pr\u00e9judiciables sur leur bien-\u00eatre <strong>physique et \u00e9motionnel.<\/strong> Certains des effets les plus courants incluent :<\/p>\n\n\n\n<ul class=\"wp-block-list\">\n<li><strong>Probl\u00e8mes de sant\u00e9 mentale<\/strong> : La solitude peut contribuer \u00e0 la d\u00e9pression, \u00e0 l&rsquo;anxi\u00e9t\u00e9 et \u00e0 d&rsquo;autres troubles de sant\u00e9 mentale chez les personnes \u00e2g\u00e9es.<\/li>\n\n\n\n<li><strong>Probl\u00e8mes de sant\u00e9 physique<\/strong> : Diverses \u00e9tudes ont d\u00e9montr\u00e9 que les personnes \u00e2g\u00e9es seules pr\u00e9sentent un risque accru de d\u00e9velopper des maladies cardiovasculaires, de l&rsquo;hypertension et du diab\u00e8te.<\/li>\n\n\n\n<li><strong>Isolement <\/strong>: La solitude peut entra\u00eener l&rsquo;isolement social, ce qui \u00e0 son tour peut aggraver les probl\u00e8mes de sant\u00e9 mentale et rendre la gestion des maladies chroniques plus difficile.<\/li>\n\n\n\n<li><strong>Baisse de la qualit\u00e9 de vie <\/strong>: La solitude peut r\u00e9duire la qualit\u00e9 de vie des personnes \u00e2g\u00e9es en affectant leur satisfaction g\u00e9n\u00e9rale dans la vie et leur sentiment de but.<\/li>\n<\/ul>\n\n\n\n<h2 class=\"wp-block-heading\">NeuronUP : un outil innovant pour lutter contre la solitude non d\u00e9sir\u00e9e chez les personnes \u00e2g\u00e9es<\/h2>\n\n\n\n<p>La <strong>solitude<\/strong> chez les personnes \u00e2g\u00e9es est un probl\u00e8me complexe qui n\u00e9cessite des approches multifacettes pour son intervention. L&rsquo;un des outils les plus <strong>innovants et efficaces<\/strong> qui a \u00e9merg\u00e9 ces derni\u00e8res ann\u00e9es est NeuronUP.<\/p>\n\n\n\n<p>Cette plateforme num\u00e9rique est devenue une ressource indispensable dans la lutte contre la solitude non d\u00e9sir\u00e9e chez les personnes \u00e2g\u00e9es. De plus, cette application nous permet de travailler de mani\u00e8re transversale d&rsquo;autres comp\u00e9tences telles que la <strong>fracture num\u00e9rique<\/strong>, nous rapprochant ainsi des personnes \u00e2g\u00e9es et favorisant le maintien ou le r\u00e9tablissement de relations sociales nouvelles ou anciennes ax\u00e9es sur la communication technologique qui, pour diverses raisons, avaient \u00e9t\u00e9 perdues.<\/p>\n\n\n\n<p>NeuronUP <strong>travaille les diff\u00e9rentes fonctions cognitives<\/strong> selon les besoins de l&rsquo;utilisateur, ce qui nous permet, en tant qu&rsquo;Association Acomp\u00e1\u00f1ame, de nous adapter aux caract\u00e9ristiques et aux conditions de chacun de nos b\u00e9n\u00e9ficiaires, en<strong> favorisant un vieillissement actif <\/strong>et en pr\u00e9venant les troubles cognitifs l\u00e9gers (MCI) et\/ou en travaillant avec diff\u00e9rentes maladies neurod\u00e9g\u00e9n\u00e9ratives \u00e0 diff\u00e9rents stades.<\/p>\n\n\n\n<p>De plus, les outils num\u00e9riques contribuent \u00e0 la pr\u00e9servation de l&rsquo;environnement en <strong>r\u00e9duisant l&rsquo;utilisation de papier<\/strong> pour la cr\u00e9ation de fiches de s\u00e9ances. En tant qu&rsquo;Association Acomp\u00e1\u00f1ame pour l&rsquo;inclusion, nous nous effor\u00e7ons de poursuivre le plus grand nombre possible d&rsquo;objectifs de d\u00e9veloppement durable. Nous sommes pleinement engag\u00e9s dans la pr\u00e9servation de l&rsquo;environnement. Par cons\u00e9quent, l&rsquo;utilisation d&rsquo;un outil num\u00e9rique qui nous permet une <strong>grande variabilit\u00e9 dans la programmation de diff\u00e9rentes s\u00e9ances et avec diff\u00e9rentes activit\u00e9s<\/strong> sur une tablette ou un appareil portable nous aide \u00e0 atteindre nos objectifs et nos valeurs.<\/p>\n\n\n\n<h3 class=\"wp-block-heading\">Comment NeuronUP aborde la solitude non d\u00e9sir\u00e9e<\/h3>\n\n\n\n<p>NeuronUP s&rsquo;attaque \u00e0 la solitude ind\u00e9sirable des personnes \u00e2g\u00e9es de plusieurs fa\u00e7ons :<\/p>\n\n\n\n<ul class=\"wp-block-list\">\n<li><strong>Vari\u00e9t\u00e9 d&rsquo;activit\u00e9s :<\/strong> La plateforme propose une large gamme d&rsquo;activit\u00e9s con\u00e7ues pour stimuler diff\u00e9rentes zones cognitives, telles que la m\u00e9moire, l&rsquo;attention, la r\u00e9solution de probl\u00e8mes et la perception visuelle. Cette vari\u00e9t\u00e9 garantit que les personnes \u00e2g\u00e9es restent engag\u00e9es et profitent d&rsquo;une exp\u00e9rience diversifi\u00e9e.<\/li>\n\n\n\n<li><strong>Programmes personnalis\u00e9s<\/strong> : NeuronUP permet aux utilisateurs et aux professionnels de la sant\u00e9 de cr\u00e9er des programmes de stimulation cognitive personnalis\u00e9s. Cela signifie que les activit\u00e9s peuvent \u00eatre <strong>adapt\u00e9es aux besoins individuels et aux pr\u00e9f\u00e9rences de chaque personne \u00e2g\u00e9e<\/strong>, ce qui augmente la probabilit\u00e9 de participation et d&rsquo;engagement.<\/li>\n\n\n\n<li><strong>Suivi et \u00e9valuation<\/strong> : NeuronUP permet un suivi pr\u00e9cis des progr\u00e8s de chaque utilisateur. Cette fonction est essentielle pour adapter les activit\u00e9s en fonction de l&rsquo;\u00e9volution des besoins cognitifs et pour <strong>mesurer l&rsquo;impact de l&rsquo;intervention<\/strong> sur la solitude et le bien-\u00eatre g\u00e9n\u00e9ral.<\/li>\n\n\n\n<li><strong>Accessibilit\u00e9 :<\/strong> NeuronUP est une plateforme en ligne, ce qui signifie qu&rsquo;elle est accessible \u00e0 partir d&rsquo;appareils \u00e9lectroniques tels que les tablettes et les ordinateurs. Les personnes \u00e2g\u00e9es peuvent donc l&rsquo;<strong>utiliser facilement,<\/strong> m\u00eame si elles ne sont pas familiaris\u00e9es avec la technologie.<br><\/li>\n<\/ul>\n\n\n\n<h3 class=\"wp-block-heading\">Exemples d&rsquo;activit\u00e9s de NeuronUP<\/h3>\n\n\n\n<ul class=\"wp-block-list\">\n<li><strong>Jeux de logique et de r\u00e9solution de probl\u00e8mes <\/strong>: ces jeux stimulants stimulent l&rsquo;esprit et encouragent la r\u00e9solution de probl\u00e8mes. Les utilisateurs peuvent s&rsquo;attaquer \u00e0 des puzzles ou \u00e0 des activit\u00e9s n\u00e9cessitant une<strong> planification strat\u00e9gique.<\/strong><\/li>\n\n\n\n<li><strong>Exercice de m\u00e9moire<\/strong> : ce type d&rsquo;activit\u00e9 permet aux personnes \u00e2g\u00e9es d&rsquo;exercer leur m\u00e9moire \u00e0 court et \u00e0 long terme. Les exercices peuvent inclure la <strong>m\u00e9morisation de s\u00e9quences de chiffres ou de lettres<\/strong>, l&rsquo;association d&rsquo;images ou la r\u00e9alisation de puzzles n\u00e9cessitant la m\u00e9morisation de d\u00e9tails.<\/li>\n\n\n\n<li><strong>Stimulation visuelle et perception<\/strong> : pour maintenir un esprit actif, NeuronUP propose des exercices de stimulation visuelle et de perception, tels que l&rsquo;identification de <strong>diff\u00e9rences dans des images <\/strong>ou la reconnaissance de motifs visuels.<\/li>\n\n\n\n<li><strong>Entra\u00eenement \u00e0 l&rsquo;attention<\/strong> : L&rsquo;attention est une comp\u00e9tence cognitive cl\u00e9. NeuronUP propose des activit\u00e9s qui aident les personnes \u00e2g\u00e9es \u00e0 am\u00e9liorer leur capacit\u00e9 de concentration et d&rsquo;attention, ce qui peut \u00eatre b\u00e9n\u00e9fique pour<strong> r\u00e9duire le sentiment de solitude <\/strong>en \u00e9tant plus pr\u00e9sentes dans leurs interactions sociales.<\/li>\n<\/ul>\n\n\n\n<div style=\"height:50px\" aria-hidden=\"true\" class=\"wp-block-spacer\"><\/div>\n\n\n\n<aside class=\"wp-block-group br-1010 has-primary-background-color has-background has-dark-background has-sm-padding-top has-sm-padding-bottom has-sm-padding-left has-sm-padding-right\"><div class=\"wp-block-group__inner-container is-layout-constrained wp-block-group-is-layout-constrained\">\n<div class=\"wp-block-columns are-vertically-aligned-center is-layout-flex wp-container-core-columns-is-layout-9d6595d7 wp-block-columns-is-layout-flex\">\n<div class=\"wp-block-column is-vertically-aligned-center has-white-color has-text-color has-link-color wp-elements-c538c4e2cc571a084404387159215734 is-layout-flow wp-block-column-is-layout-flow\" style=\"flex-basis:60%\">\n<p>Obtenez 10 activit\u00e9s pour la <strong>r\u00e9\u00e9ducation et la stimulation cognitive<\/strong> \u00e0 utiliser avec vos patients<\/p>\n<\/div>\n\n\n\n<div class=\"wp-block-column is-vertically-aligned-center is-layout-flow wp-block-column-is-layout-flow\" style=\"flex-basis:40%\">\n<div class=\"wp-block-buttons is-content-justification-center is-layout-flex wp-container-core-buttons-is-layout-16018d1d wp-block-buttons-is-layout-flex\">\n<div class=\"wp-block-button\" style=\"--button-secondary-color:var(--color-white);--button-secondary-background:var(--color-custom-1);--button-secondary-background-hover:#cc7e00;\"><a class=\"wp-block-button__link button button-secondary     has-link-color wp-element-button\" href=\"https:\/\/neuronup.com\/redirect\/?target=typeform\/worksheets-kids?utm_first_source=Web&#038;utm_first_campaign_name=Worksheets_general_adults_kids\">Obtenir gratuitement<\/a><\/div>\n\n<\/div>\n<\/div>\n<\/div>\n<\/div><\/aside>\n\n\n\n\n<div style=\"height:52px\" aria-hidden=\"true\" class=\"wp-block-spacer\"><\/div>\n\n\n\n<h2 class=\"wp-block-heading\">L&rsquo;importance de la lutte contre la solitude non d\u00e9sir\u00e9e chez les personnes \u00e2g\u00e9es<\/h2>\n\n\n\n<p>Les<strong> progr\u00e8s m\u00e9dicaux et technologiques<\/strong> ont entra\u00een\u00e9 une diminution de la mortalit\u00e9 chez les personnes \u00e2g\u00e9es, ce qui s&rsquo;est traduit par une nette <strong>augmentation de l&rsquo;esp\u00e9rance de vie.<\/strong><\/p>\n\n\n\n<p>Nous sommes pass\u00e9s de 77 ans pour les hommes en 2004 \u00e0 80,2 ans en 2021. Pour les femmes, la tendance est similaire, puisque nous sommes pass\u00e9s d&rsquo;une esp\u00e9rance de vie moyenne de 83,6 ans en 2004 \u00e0 85,8 ans en 2021 (INE, 2022). Actuellement, nous nous trouvons avec des pourcentages tr\u00e8s importants dans la <strong>pyramide des \u00e2ges<\/strong> o\u00f9 la concentration des personnes \u00e2g\u00e9es de plus de 65 ans se distingue.<\/p>\n\n\n\n<p>La solitude non d\u00e9sir\u00e9e au sein de ce groupe de population conditionne et aggrave encore davantage les <strong>probl\u00e8mes actuels de sant\u00e9 publique<\/strong>, ce qui ne doit pas \u00eatre n\u00e9glig\u00e9. Alors que la population vieillit dans le monde entier, il est essentiel de traiter efficacement ce probl\u00e8me pour am\u00e9liorer la qualit\u00e9 de vie des personnes \u00e2g\u00e9es et r\u00e9duire l&rsquo;impact sur la sant\u00e9 publique en g\u00e9n\u00e9ral.<\/p>\n\n\n\n<h3 class=\"wp-block-heading\">Les avantages de la lutte contre la solitude chez les personnes \u00e2g\u00e9es<\/h3>\n\n\n\n<p>En luttant contre la solitude des personnes \u00e2g\u00e9es, nous pouvons obtenir les avantages suivants :<\/p>\n\n\n\n<ul class=\"wp-block-list\">\n<li><strong>Am\u00e9lioration de la sant\u00e9 mentale<\/strong> : R\u00e9duire la solitude peut aider \u00e0 pr\u00e9venir et \u00e0 traiter la d\u00e9pression et l&rsquo;anxi\u00e9t\u00e9 chez les personnes \u00e2g\u00e9es.<\/li>\n\n\n\n<li><strong>Am\u00e9lioration de la sant\u00e9 physique<\/strong> : En r\u00e9duisant l&rsquo;isolement social, on peut \u00e9galement r\u00e9duire les probl\u00e8mes de sant\u00e9 physique associ\u00e9s, tels que les maladies cardiovasculaires et le diab\u00e8te.<\/li>\n\n\n\n<li><strong>Meilleure qualit\u00e9 de vie<\/strong> : Les personnes \u00e2g\u00e9es qui se sentent plus connect\u00e9es avec les autres ont tendance \u00e0 \u00e9prouver une plus grande satisfaction dans la vie et un plus grand sentiment de but.<\/li>\n\n\n\n<li><strong>Moins de pression sur les syst\u00e8mes de sant\u00e9<\/strong> : En abordant la solitude, on peut r\u00e9duire les visites \u00e0 l&rsquo;h\u00f4pital et le besoin de soins m\u00e9dicaux, ce qui all\u00e8ge la charge sur les syst\u00e8mes de sant\u00e9.<\/li>\n<\/ul>\n\n\n\n<h3 class=\"wp-block-heading has-text-align-left\">Comment utiliser NeuronUP pour lutter contre la solitude des personnes \u00e2g\u00e9es ?<\/h3>\n\n\n\n<ul class=\"wp-block-list\">\n<li><strong>Personaliser les programmes<\/strong> : Travaille avec tes patients pour cr\u00e9er des programmes d&rsquo;intervention personnalis\u00e9s.<\/li>\n\n\n\n<li><strong>Se familiariser avec la plateforme<\/strong> : Explore la plateforme et familiarise-toi avec les activit\u00e9s et exercices disponibles. Comprends comment ils peuvent \u00eatre adapt\u00e9s aux besoins individuels.<\/li>\n\n\n\n<li><strong>Suivre les progr\u00e8s<\/strong> : Utilise les outils de suivi et d&rsquo;\u00e9valuation de NeuronUP pour mesurer les progr\u00e8s au fil du temps. Cela te permettra d&rsquo;adapter les activit\u00e9s selon les besoins.<\/li>\n\n\n\n<li><strong>Encourager la participation<\/strong> : Encourage la personne \u00e2g\u00e9e \u00e0 utiliser la plateforme r\u00e9guli\u00e8rement. Tu peux fixer des objectifs de participation et des <strong>r\u00e9compenses <\/strong>pour maintenir la motivation.<\/li>\n<\/ul>\n\n\n\n<h2 class=\"wp-block-heading\">Conclusions<\/h2>\n\n\n\n<p><strong>La solitude non d\u00e9sir\u00e9e<\/strong> chez les personnes \u00e2g\u00e9es est un probl\u00e8me significatif qui <strong>affecte la sant\u00e9 physique et mentale<\/strong> de ceux qui en font l&rsquo;exp\u00e9rience, \u00e9tant un groupe avec des conditions tr\u00e8s vuln\u00e9rables. Par cons\u00e9quent, il est essentiel d&rsquo;aborder ce probl\u00e8me de mani\u00e8re efficace pour am\u00e9liorer la qualit\u00e9 de vie des personnes \u00e2g\u00e9es et r\u00e9duire la charge sur les syst\u00e8mes de sant\u00e9.<\/p>\n\n\n\n<p>NeuronUP est devenu un outil tr\u00e8s pr\u00e9cieux dans cette lutte \u00e0 laquelle l&rsquo;Association pour l&rsquo;inclusion Acomp\u00e1\u00f1ame apporte sa contribution. NeuronUP nous offre une large gamme d&rsquo;activit\u00e9s de stimulation cognitive et favorise l&rsquo;<strong>interaction sociale<\/strong>, tout en ayant souvent une <strong>approche p\u00e9dagogique ludique<\/strong> pour les b\u00e9n\u00e9ficiaires.<\/p>\n\n\n\n<p><strong>La solitude ne doit pas n\u00e9cessairement faire partie du vieillissement.<\/strong> Avec des outils comme <strong>NeuronUP<\/strong>, nous pouvons fournir aux personnes \u00e2g\u00e9es les outils et le soutien dont ils ont besoin pour maintenir leur <strong>esprit actif <\/strong>et se connecter avec d&rsquo;autres.<\/p>\n\n\n\n<p>Alors que nous continuons \u00e0 explorer de nouvelles fa\u00e7ons de traiter la solitude chez les personnes \u00e2g\u00e9es, il est important de tirer parti des <strong>technologies innovantes<\/strong> qui <strong>peuvent faire la diff\u00e9rence <\/strong>dans la vie de ceux qui en ont le plus besoin. NeuronUP est un exemple de la fa\u00e7on dont la technologie peut \u00eatre une alli\u00e9e dans la promotion du <strong>bien-\u00eatre<\/strong> et la r\u00e9duction de la solitude chez les personnes \u00e2g\u00e9es.<\/p>\n\n\n\n<h2 class=\"wp-block-heading\">Bibliograf\u00eda<\/h2>\n\n\n\n<ul class=\"wp-block-list has-sm-font-size\">\n<li>Bourdieu, P. (1991). El sentido pr\u00e1ctico.<\/li>\n\n\n\n<li>Hernando Ibeas, M.V. (2006). Teor\u00edas sobre el fen\u00f3meno del envejecimiento. Envejecimiento activo, envejecimiento en positivo. Universidad de la Rioja, 37- 64.<\/li>\n\n\n\n<li>Hern\u00e1ndez Mart\u00ednez-Esparza, E., Barqu\u00edn Arribas, M., Mundet Riera, I., Royano Reigadas, L., &amp; Garc\u00eda Calder\u00f3n, M. (2006). La necesidad de un informe de enfermer\u00eda al alta o traslado en una residencia geri\u00e1trica. Gerokomos, 17(3), 132-139.<\/li>\n\n\n\n<li>Instituto Nacional de Estad\u00edstica (2022) Indicadores Demogr\u00e1fico<\/li>\n<\/ul>\n\n\n\n<h3 class=\"wp-block-heading\">Si vous avez aim\u00e9 ce post, ces articles de NeuronUP pourraient \u00e9galement vous int\u00e9resser:<\/h3>\n\n\n<div class=\"mai-grid entries entries-grid has-boxed has-image-full\" style=\"--entry-title-font-size:var(--font-size-lg);--align-text:start;--entry-meta-text-align:start;\"><div class=\"entries-wrap has-columns\" style=\"--columns-xs:1\/1;--columns-sm:1\/1;--columns-md:1\/3;--columns-lg:1\/3;--flex-xs:0 0 var(--flex-basis);--flex-sm:0 0 var(--flex-basis);--flex-md:0 0 var(--flex-basis);--flex-lg:0 0 var(--flex-basis);--column-gap:var(--spacing-lg);--row-gap:var(--spacing-lg);--align-columns:start;\"><article class=\"entry entry-grid is-column has-entry-link has-image has-image-first type-post category-activites-de-la-vie-quotidienne category-nouveautes-neuronup tag-activites-de-stimulation-cognitive tag-activites-de-stimulation-cognitive-pour-enfants tag-adulte tag-enfants tag-remediation-cognitive\" style=\"--entry-index:1;\" aria-label=\"Nouvelles activit\u00e9s NeuronUP : entra\u00eenez les fonctions cognitives dans des situations du quotidien\" itemscope itemtype=\"https:\/\/schema.org\/CreativeWork\"><a class=\"entry-image-link\" href=\"https:\/\/neuronup.com\/fr\/nouveautes-neuronup\/nouvelles-activites-neuronup-entrainez-les-fonctions-cognitives-dans-des-situations-du-quotidien\/\" tabindex=\"-1\" aria-hidden=\"true\"><img decoding=\"async\" width=\"400\" height=\"202\" src=\"https:\/\/neuronup.com\/fr\/wp-content\/uploads\/2026\/03\/Capture-decran-2026-03-30-111842-400x202.webp\" class=\"entry-image size-landscape-sm\" alt=\"\" \/><\/a><div class=\"entry-wrap entry-wrap-grid\"><h3 class=\"entry-title\" itemprop=\"headline\"><a class=\"entry-title-link\" href=\"https:\/\/neuronup.com\/fr\/nouveautes-neuronup\/nouvelles-activites-neuronup-entrainez-les-fonctions-cognitives-dans-des-situations-du-quotidien\/\" rel=\"bookmark\">Nouvelles activit\u00e9s NeuronUP : entra\u00eenez les fonctions cognitives dans des situations du quotidien<\/a><\/h3>\n<\/div><\/article><article class=\"entry entry-grid is-column has-entry-link has-image has-image-first type-post category-activites-dattention category-activites-de-neuro-reeducation category-activites-pour-les-fonctions-cognitives tag-adulte\" style=\"--entry-index:2;\" aria-label=\"Nouvelle activit\u00e9 Attention s\u00e9lective (Adultes)\" itemscope itemtype=\"https:\/\/schema.org\/CreativeWork\"><a class=\"entry-image-link\" href=\"https:\/\/neuronup.com\/fr\/activites-de-neuro-reeducation\/nouvelle-activite-attention-selective-adultes\/\" tabindex=\"-1\" aria-hidden=\"true\"><img decoding=\"async\" width=\"253\" height=\"230\" src=\"https:\/\/neuronup.com\/fr\/wp-content\/uploads\/2026\/03\/Capture-decran-2026-03-03-160917.webp\" class=\"entry-image size-landscape-sm\" alt=\"\" \/><\/a><div class=\"entry-wrap entry-wrap-grid\"><h3 class=\"entry-title\" itemprop=\"headline\"><a class=\"entry-title-link\" href=\"https:\/\/neuronup.com\/fr\/activites-de-neuro-reeducation\/nouvelle-activite-attention-selective-adultes\/\" rel=\"bookmark\">Nouvelle activit\u00e9 Attention s\u00e9lective (Adultes)<\/a><\/h3>\n<\/div><\/article><article class=\"entry entry-grid is-column has-entry-link has-image has-image-first type-post category-activites-de-cognition-sociale tag-activites-de-stimulation-cognitive tag-cognition-sociale tag-fonctions-executives\" style=\"--entry-index:3;\" aria-label=\"La cognition sociale ou comment comprendre les personnes : exercices de cognition sociale\" itemscope itemtype=\"https:\/\/schema.org\/CreativeWork\"><a class=\"entry-image-link\" href=\"https:\/\/neuronup.com\/fr\/activites-de-neuro-reeducation\/activites-pour-les-fonctions-cognitives\/activites-de-cognition-sociale\/la-cognition-sociale-ou-comment-comprendre-les-personnes-exercices-de-cognition-sociale\/\" tabindex=\"-1\" aria-hidden=\"true\"><img decoding=\"async\" width=\"396\" height=\"300\" src=\"https:\/\/neuronup.com\/fr\/wp-content\/uploads\/2022\/06\/Reaccion-emocional-ante-situaciones.webp\" class=\"entry-image size-landscape-sm\" alt=\"R\u00e9action \u00e9motionnelle face aux situations : Exercice de cognition sociale\" srcset=\"https:\/\/neuronup.com\/fr\/wp-content\/uploads\/2022\/06\/Reaccion-emocional-ante-situaciones-300x227.webp 300w, https:\/\/neuronup.com\/fr\/wp-content\/uploads\/2022\/06\/Reaccion-emocional-ante-situaciones-768x582.webp 768w, https:\/\/neuronup.com\/fr\/wp-content\/uploads\/2022\/06\/Reaccion-emocional-ante-situaciones-1024x776.webp 1024w, https:\/\/neuronup.com\/fr\/wp-content\/uploads\/2022\/06\/Reaccion-emocional-ante-situaciones.webp 1148w\" sizes=\"(max-width:599px) 599px, (min-width:600px) and (max-width: 799px) 799px, (min-width:800px) and (max-width: 999px) 333px, (min-width:1000px) 400px\" \/><\/a><div class=\"entry-wrap entry-wrap-grid\"><h3 class=\"entry-title\" itemprop=\"headline\"><a class=\"entry-title-link\" href=\"https:\/\/neuronup.com\/fr\/activites-de-neuro-reeducation\/activites-pour-les-fonctions-cognitives\/activites-de-cognition-sociale\/la-cognition-sociale-ou-comment-comprendre-les-personnes-exercices-de-cognition-sociale\/\" rel=\"bookmark\">La cognition sociale ou comment comprendre les personnes : exercices de cognition sociale<\/a><\/h3>\n<\/div><\/article><article class=\"entry entry-grid is-column has-entry-link has-image has-image-first type-post category-activites-pour-les-enfants-ayant-des-besoins-particuliers tag-activites-de-stimulation-cognitive tag-activites-de-stimulation-cognitive-pour-enfants tag-enfants\" style=\"--entry-index:4;\" aria-label=\"7+1 activit\u00e9s pour enfants avec des besoins \u00e9ducatifs sp\u00e9ciaux\" itemscope itemtype=\"https:\/\/schema.org\/CreativeWork\"><a class=\"entry-image-link\" href=\"https:\/\/neuronup.com\/fr\/activites-de-neuro-reeducation\/activites-pour-les-enfants-ayant-des-besoins-particuliers\/71-activites-pour-enfants-a-besoins-educatifs-speciaux\/\" tabindex=\"-1\" aria-hidden=\"true\"><img decoding=\"async\" width=\"400\" height=\"298\" src=\"https:\/\/neuronup.com\/fr\/wp-content\/uploads\/2022\/07\/Prepara-la-mochila.webp\" class=\"entry-image size-landscape-sm\" alt=\"Activit\u00e9 Pr\u00e9pare le sac \u00e0 dos pour les enfants ayant des besoins \u00e9ducatifs particuliers\" srcset=\"https:\/\/neuronup.com\/fr\/wp-content\/uploads\/2022\/07\/Prepara-la-mochila-300x224.webp 300w, https:\/\/neuronup.com\/fr\/wp-content\/uploads\/2022\/07\/Prepara-la-mochila-768x572.webp 768w, https:\/\/neuronup.com\/fr\/wp-content\/uploads\/2022\/07\/Prepara-la-mochila-1024x763.webp 1024w, https:\/\/neuronup.com\/fr\/wp-content\/uploads\/2022\/07\/Prepara-la-mochila.webp 1255w\" sizes=\"(max-width:599px) 599px, (min-width:600px) and (max-width: 799px) 799px, (min-width:800px) and (max-width: 999px) 333px, (min-width:1000px) 400px\" \/><\/a><div class=\"entry-wrap entry-wrap-grid\"><h3 class=\"entry-title\" itemprop=\"headline\"><a class=\"entry-title-link\" href=\"https:\/\/neuronup.com\/fr\/activites-de-neuro-reeducation\/activites-pour-les-enfants-ayant-des-besoins-particuliers\/71-activites-pour-enfants-a-besoins-educatifs-speciaux\/\" rel=\"bookmark\">7+1 activit\u00e9s pour enfants avec des besoins \u00e9ducatifs sp\u00e9ciaux<\/a><\/h3>\n<\/div><\/article><article class=\"entry entry-grid is-column has-entry-link has-image has-image-first type-post category-activites-de-cognition-sociale tag-activites-de-stimulation-cognitive tag-activites-de-stimulation-cognitive-pour-enfants tag-cognition-sociale\" style=\"--entry-index:5;\" aria-label=\"Exercices de cognition sociale pour enfants\" itemscope itemtype=\"https:\/\/schema.org\/CreativeWork\"><a class=\"entry-image-link\" href=\"https:\/\/neuronup.com\/fr\/activites-de-neuro-reeducation\/activites-pour-les-fonctions-cognitives\/activites-de-cognition-sociale\/exercices-de-cognition-sociale-pour-enfants\/\" tabindex=\"-1\" aria-hidden=\"true\"><img decoding=\"async\" width=\"400\" height=\"273\" src=\"https:\/\/neuronup.com\/fr\/wp-content\/uploads\/2022\/08\/Que-esperan-encontrar-4-1.webp\" class=\"entry-image size-landscape-sm\" alt=\"Exercices de cognition sociale pour enfants\" srcset=\"https:\/\/neuronup.com\/fr\/wp-content\/uploads\/2022\/08\/Que-esperan-encontrar-4-1-300x205.webp 300w, https:\/\/neuronup.com\/fr\/wp-content\/uploads\/2022\/08\/Que-esperan-encontrar-4-1-768x524.webp 768w, https:\/\/neuronup.com\/fr\/wp-content\/uploads\/2022\/08\/Que-esperan-encontrar-4-1-1024x699.webp 1024w, https:\/\/neuronup.com\/fr\/wp-content\/uploads\/2022\/08\/Que-esperan-encontrar-4-1.webp 1205w\" sizes=\"(max-width:599px) 599px, (min-width:600px) and (max-width: 799px) 799px, (min-width:800px) and (max-width: 999px) 333px, (min-width:1000px) 400px\" \/><\/a><div class=\"entry-wrap entry-wrap-grid\"><h3 class=\"entry-title\" itemprop=\"headline\"><a class=\"entry-title-link\" href=\"https:\/\/neuronup.com\/fr\/activites-de-neuro-reeducation\/activites-pour-les-fonctions-cognitives\/activites-de-cognition-sociale\/exercices-de-cognition-sociale-pour-enfants\/\" rel=\"bookmark\">Exercices de cognition sociale pour enfants<\/a><\/h3>\n<\/div><\/article><article class=\"entry entry-grid is-column has-entry-link has-image has-image-first type-post category-activites-de-cognition-sociale tag-activites-de-stimulation-cognitive tag-activites-de-stimulation-cognitive-pour-enfants tag-actualites-de-neuronup tag-cognition-sociale tag-enfants tag-intelligence-emotionnelle\" style=\"--entry-index:6;\" aria-label=\"Activit\u00e9 pour identifier les \u00e9motions : Devinez le visage ?\" itemscope itemtype=\"https:\/\/schema.org\/CreativeWork\"><a class=\"entry-image-link\" href=\"https:\/\/neuronup.com\/fr\/activites-de-neuro-reeducation\/activites-pour-les-fonctions-cognitives\/activites-de-cognition-sociale\/activite-pour-identifier-les-emotions\/\" tabindex=\"-1\" aria-hidden=\"true\"><img decoding=\"async\" width=\"400\" height=\"283\" src=\"https:\/\/neuronup.com\/fr\/wp-content\/uploads\/2022\/09\/Actividad-para-identificar-emociones-de-NeuronUP-Adivinas-la-cara-1-1-1.webp\" class=\"entry-image size-landscape-sm\" alt=\"Activit\u00e9 pour identifier les \u00e9motions de NeuronUP Tu devines le visage\" srcset=\"https:\/\/neuronup.com\/fr\/wp-content\/uploads\/2022\/09\/Actividad-para-identificar-emociones-de-NeuronUP-Adivinas-la-cara-1-1-1-300x212.webp 300w, https:\/\/neuronup.com\/fr\/wp-content\/uploads\/2022\/09\/Actividad-para-identificar-emociones-de-NeuronUP-Adivinas-la-cara-1-1-1-768x543.webp 768w, https:\/\/neuronup.com\/fr\/wp-content\/uploads\/2022\/09\/Actividad-para-identificar-emociones-de-NeuronUP-Adivinas-la-cara-1-1-1-1024x724.webp 1024w, https:\/\/neuronup.com\/fr\/wp-content\/uploads\/2022\/09\/Actividad-para-identificar-emociones-de-NeuronUP-Adivinas-la-cara-1-1-1.webp 1200w\" sizes=\"(max-width:599px) 599px, (min-width:600px) and (max-width: 799px) 799px, (min-width:800px) and (max-width: 999px) 333px, (min-width:1000px) 400px\" \/><\/a><div class=\"entry-wrap entry-wrap-grid\"><h3 class=\"entry-title\" itemprop=\"headline\"><a class=\"entry-title-link\" href=\"https:\/\/neuronup.com\/fr\/activites-de-neuro-reeducation\/activites-pour-les-fonctions-cognitives\/activites-de-cognition-sociale\/activite-pour-identifier-les-emotions\/\" rel=\"bookmark\">Activit\u00e9 pour identifier les \u00e9motions : Devinez le visage ?<\/a><\/h3>\n<\/div><\/article><\/div><\/div>","protected":false},"excerpt":{"rendered":"<p>Le coordinateur des projets d&rsquo;intervention sociale pour les personnes \u00e2g\u00e9es de l&rsquo;Association d&rsquo;inclusion Acomp\u00e1\u00f1ame, Cristian Mac\u00eda Rojas, nous parle dans cet article de la mani\u00e8re de lutter contre la solitude non d\u00e9sir\u00e9e chez les personnes \u00e2g\u00e9es. La solitude est un sentiment humain universel que nous ressentons tous \u00e0 un moment donn\u00e9 de notre vie. Cependant, &hellip;<\/p>\n","protected":false},"author":262,"featured_media":33308,"comment_status":"open","ping_status":"closed","sticky":false,"template":"","format":"standard","meta":{"_acf_changed":false,"_genesis_hide_title":false,"_genesis_hide_breadcrumbs":false,"_genesis_hide_singular_image":false,"_genesis_hide_footer_widgets":false,"_genesis_custom_body_class":"","_genesis_custom_post_class":"","_genesis_layout":"","footnotes":""},"categories":[592],"tags":[806,1001],"class_list":{"2":"type-post","7":"category-vieillissement-normal","8":"tag-personnes-agees","9":"tag-vieillissement-normal","10":"entry"},"acf":[],"_links":{"self":[{"href":"https:\/\/neuronup.com\/fr\/wp-json\/wp\/v2\/posts\/9744","targetHints":{"allow":["GET"]}}],"collection":[{"href":"https:\/\/neuronup.com\/fr\/wp-json\/wp\/v2\/posts"}],"about":[{"href":"https:\/\/neuronup.com\/fr\/wp-json\/wp\/v2\/types\/post"}],"author":[{"embeddable":true,"href":"https:\/\/neuronup.com\/fr\/wp-json\/wp\/v2\/users\/262"}],"replies":[{"embeddable":true,"href":"https:\/\/neuronup.com\/fr\/wp-json\/wp\/v2\/comments?post=9744"}],"version-history":[{"count":0,"href":"https:\/\/neuronup.com\/fr\/wp-json\/wp\/v2\/posts\/9744\/revisions"}],"wp:featuredmedia":[{"embeddable":true,"href":"https:\/\/neuronup.com\/fr\/wp-json\/wp\/v2\/media\/33308"}],"wp:attachment":[{"href":"https:\/\/neuronup.com\/fr\/wp-json\/wp\/v2\/media?parent=9744"}],"wp:term":[{"taxonomy":"category","embeddable":true,"href":"https:\/\/neuronup.com\/fr\/wp-json\/wp\/v2\/categories?post=9744"},{"taxonomy":"post_tag","embeddable":true,"href":"https:\/\/neuronup.com\/fr\/wp-json\/wp\/v2\/tags?post=9744"}],"curies":[{"name":"wp","href":"https:\/\/api.w.org\/{rel}","templated":true}]}}