{"id":9371,"date":"2024-04-25T14:12:43","date_gmt":"2024-04-25T14:12:43","guid":{"rendered":"https:\/\/neuronup.com\/fr\/?p=9371"},"modified":"2025-09-25T16:07:22","modified_gmt":"2025-09-25T14:07:22","slug":"la-neuropsychologie-clinique-dans-levaluation-et-la-preparation-a-la-neurochirurgie-eveillee","status":"publish","type":"post","link":"https:\/\/neuronup.com\/fr\/neurosciences\/neuropsychologie-et-informations\/la-neuropsychologie-clinique-dans-levaluation-et-la-preparation-a-la-neurochirurgie-eveillee\/","title":{"rendered":"La neuropsychologie clinique dans l&#8217;\u00e9valuation et la pr\u00e9paration \u00e0 la neurochirurgie \u00e9veill\u00e9e"},"content":{"rendered":"\n<p style=\"font-size:25px\">Dans cet article, le psychologue Cristian Francisco Li\u00e9banas Vega nous parle de la <strong>technique de cartographie c\u00e9r\u00e9brale en intraop\u00e9ratoire et de ses contributions au diagnostic des maladies.<\/strong><\/p>\n\n\n\n<p>La <strong>cartographie c\u00e9r\u00e9brale intraop\u00e9ratoire<\/strong> est une technique sp\u00e9cialis\u00e9e utilis\u00e9e pendant la chirurgie c\u00e9r\u00e9brale afin d&rsquo;optimiser l&rsquo;\u00e9quilibre entre l&rsquo;ablation de la tumeur et la pr\u00e9servation des fonctions c\u00e9r\u00e9brales importantes. Cette technique est principalement utilis\u00e9e chez les patients pr\u00e9sentant des tumeurs ou des l\u00e9sions proches de r\u00e9gions c\u00e9r\u00e9brales fonctionnelles importantes, telles que le langage, le mouvement, la vision et les \u00e9motions. L&rsquo;objectif principal de la cartographie c\u00e9r\u00e9brale intraop\u00e9ratoire est d<strong>&lsquo;identifier et d&rsquo;\u00e9viter les zones c\u00e9r\u00e9brales critiques lors de l&rsquo;ex\u00e9r\u00e8se de la tumeur.<\/strong><\/p>\n\n\n\n<h2 class=\"wp-block-heading\">Comment le cerveau est-il cartographi\u00e9 lors d&rsquo;une \u00e9tude ?<\/h2>\n\n\n\n<p>L&rsquo;\u00e9tude de cartographie c\u00e9r\u00e9brale intraop\u00e9ratoire est r\u00e9alis\u00e9e en utilisant des \u00e9lectrodes pour <strong>stimuler diff\u00e9rentes parties du cerveau pendant que le patient est \u00e9veill\u00e9<\/strong>. Pendant la proc\u00e9dure, diff\u00e9rentes t\u00e2ches de langage, de mouvement, de champs visuels et d&rsquo;expression des \u00e9motions sont effectu\u00e9es, sp\u00e9cifiquement con\u00e7ues pour chaque patient par des neuropsychologues.<\/p>\n\n\n\n<p>Ces t\u00e2ches permettent aux neurochirurgiens et aux neuropsychologues cliniques d&rsquo;\u00e9valuer les r\u00e9ponses du patient et de cr\u00e9er une cartographie personnalis\u00e9e des zones c\u00e9r\u00e9brales avec des fonctions \u00e0 pr\u00e9server. Cette cartographie fonctionnelle est compar\u00e9e \u00e0 la cartographie anatomique de la tumeur obtenue par \u00e9chographie et neuronavigation intraop\u00e9ratoires, ce qui permet une meilleure compr\u00e9hension du fonctionnement des fonctions c\u00e9r\u00e9brales sup\u00e9rieures et la r\u00e9alisation de r\u00e9s\u00e9ctions chirurgicales plus larges avec un risque moindre de l\u00e9sions neurologiques.<\/p>\n\n\n\n<h2 class=\"wp-block-heading\">Maladies d\u00e9tectables par cartographie c\u00e9r\u00e9brale<\/h2>\n\n\n\n<p>En plus des tumeurs c\u00e9r\u00e9brales, la cartographie c\u00e9r\u00e9brale peut \u00e9galement \u00eatre utilis\u00e9e dans le<strong> diagnostic et le traitement d&rsquo;autres maladies neurologiques<\/strong>, telles que l&rsquo;\u00e9pilepsie et les troubles du mouvement. La cartographie c\u00e9r\u00e9brale intra-op\u00e9ratoire peut fournir des informations cruciales sur les r\u00e9gions c\u00e9r\u00e9brales responsables des convulsions chez les patients atteints d&rsquo;\u00e9pilepsie, ce qui permet de planifier une excision chirurgicale pr\u00e9cise de la zone affect\u00e9e.<\/p>\n\n\n\n<h2 class=\"wp-block-heading\">Le r\u00f4le du neuropsychologue dans la cartographie c\u00e9r\u00e9brale.<\/h2>\n\n\n\n<p><strong>Le neuropsychologue joue un r\u00f4le fondamental<\/strong> dans l&rsquo;\u00e9tude de la cartographie c\u00e9r\u00e9brale intraop\u00e9ratoire. Il est charg\u00e9 de concevoir et de r\u00e9aliser des t\u00e2ches neuropsychologiques sp\u00e9cifiques afin d&rsquo;\u00e9valuer les fonctions c\u00e9r\u00e9brales du patient pendant la proc\u00e9dure.<\/p>\n\n\n\n<p>Le neuropsychologue travaille en \u00e9troite collaboration avec le chirurgien et l&rsquo;\u00e9quipe m\u00e9dicale pour identifier les zones c\u00e9r\u00e9brales critiques et cr\u00e9er une carte personnalis\u00e9e des fonctions qui doivent \u00eatre pr\u00e9serv\u00e9es pendant la chirurgie. De plus, le neuropsychologue peut \u00e9galement effectuer des \u00e9valuations pr\u00e9 et postop\u00e9ratoires afin d&rsquo;\u00e9valuer les \u00e9ventuels changements dans les fonctions c\u00e9r\u00e9brales apr\u00e8s la chirurgie.<\/p>\n\n\n\n<div style=\"height:50px\" aria-hidden=\"true\" class=\"wp-block-spacer\"><\/div>\n\n\n\n<div class=\"wp-block-group br-0111 has-primary-background-color has-background has-dark-background has-sm-padding-top has-sm-padding-left has-sm-padding-right has-xxl-margin-top\"><div class=\"wp-block-group__inner-container is-layout-constrained wp-block-group-is-layout-constrained\">\n<div class=\"wp-block-columns is-layout-flex wp-container-core-columns-is-layout-9d6595d7 wp-block-columns-is-layout-flex\">\n<div class=\"wp-block-column is-layout-flow wp-block-column-is-layout-flow\">\n<figure class=\"wp-block-image size-full desktop-position-absolute desktop-bottom-0 mobile-width-50 mobile-m-inline-auto has-xl-margin-top\"><img decoding=\"async\" width=\"292\" height=\"338\" src=\"https:\/\/neuronup.com\/fr\/wp-content\/uploads\/2024\/10\/certificat-produit.webp\" alt=\"\" class=\"wp-image-31568\" srcset=\"https:\/\/neuronup.com\/fr\/wp-content\/uploads\/2024\/10\/certificat-produit-259x300.webp 259w, https:\/\/neuronup.com\/fr\/wp-content\/uploads\/2024\/10\/certificat-produit.webp 292w\" sizes=\"(max-width: 292px) 100vw, 292px\" \/><\/figure>\n<\/div>\n\n\n\n<div class=\"wp-block-column is-layout-flow wp-block-column-is-layout-flow\">\n<h2 class=\"wp-block-heading has-white-color has-text-color\"><strong>Abonnez-vous<\/strong> <br>\u00e0 notre <br>Newsletter<\/h2>\n\n\n\n<div class=\"wp-block-buttons is-layout-flex wp-block-buttons-is-layout-flex\">\n<div class=\"wp-block-button--1\" style=\"--button-outline-color:var(--color-white);--button-outline-color-hover:rgba(0,0,0,0.8);\"><a class=\"wp-block-button__link button button-outline   wp-element-button\" href=\"https:\/\/neuronup.com\/fr\/newsletter\/\">Abonnez-vous<\/a><\/div>\n\n<\/div>\n\n\n\n<div style=\"height:40px\" aria-hidden=\"true\" class=\"wp-block-spacer\"><\/div>\n<\/div>\n<\/div>\n<\/div><\/div>\n\n\n\n\n<div style=\"height:50px\" aria-hidden=\"true\" class=\"wp-block-spacer\"><\/div>\n\n\n\n<h2 class=\"wp-block-heading\">Contributions de la cartographie c\u00e9r\u00e9brale dans le diagnostic des maladies<\/h2>\n\n\n\n<p><strong>La cartographie c\u00e9r\u00e9brale intra-op\u00e9ratoire s&rsquo;est r\u00e9v\u00e9l\u00e9e \u00eatre un outil pr\u00e9cieux dans le diagnostic des maladies neurologiques.<\/strong><\/p>\n\n\n\n<p>Outre la d\u00e9termination des limites anatomiques et fonctionnelles des tumeurs, comme nous venons de le voir, la cartographie c\u00e9r\u00e9brale peut \u00e9galement \u00eatre utilis\u00e9e pour le diagnostic et le traitement d&rsquo;autres maladies neurologiques, par exemple, dans le cas de l&rsquo;\u00e9pilepsie, pour aider \u00e0 d\u00e9terminer les zones responsables des crises et guider la planification de l&rsquo;intervention chirurgicale visant \u00e0 retirer les zones affect\u00e9es.<\/p>\n\n\n\n<h3 class=\"wp-block-heading\">\u00c9valuation psychologique et neuropsychologique clinique<\/h3>\n\n\n\n<p>Chez les candidats neurochirurgiens \u00e9veill\u00e9s, l&rsquo;<strong>identification des changements d&rsquo;humeur, de cognition, de comportement et de personnalit\u00e9 est un d\u00e9fi et seul un processus d&rsquo;\u00e9valuation approfondi et tr\u00e8s complet peut d\u00e9terminer s&rsquo;ils sont caus\u00e9s par la tumeur ou s&rsquo;il s&rsquo;agit d&rsquo;une r\u00e9ponse psychologique<\/strong> \u00e0 un stress secondaire, au diagnostic ou au traitement (Madhusoodanan, Ting,Farah, &amp; Ugur, 2015). \u00c0 cet \u00e9gard, la litt\u00e9rature met l&rsquo;accent sur une s\u00e9lection minutieuse et individualis\u00e9e des patients par le biais d&rsquo;une \u00e9valuation neuropsychologique pr\u00e9op\u00e9ratoire compl\u00e8te et objective, qui peut diminuer les risques et augmenter la probabilit\u00e9 d&rsquo;un bon diagnostic.<\/p>\n\n\n\n<h3 class=\"wp-block-heading\">Pr\u00e9dicteurs neuropsychologiques d&rsquo;un risque chirurgical \u00e9lev\u00e9<\/h3>\n\n\n\n<h4 class=\"wp-block-heading\">1. Facteurs personnels<\/h4>\n\n\n\n<p><strong>Il est important de prendre en consid\u00e9ration tous les facteurs personnels qui peuvent influencer positivement ou n\u00e9gativement les performances chirurgicales d&rsquo;une personne.<\/strong> Les ressources personnelles comprennent le type de personnalit\u00e9, la maturit\u00e9 \u00e9motionnelle, les strat\u00e9gies d&rsquo;adaptation et les exp\u00e9riences ant\u00e9rieures. L&rsquo;existence d&rsquo;exp\u00e9riences ant\u00e9rieures li\u00e9es au cancer ou le d\u00e9c\u00e8s d&rsquo;un membre de la famille \u00e0 cause d&rsquo;une tumeur sont li\u00e9s \u00e0 une charge \u00e9motionnelle plus importante pour le patient au d\u00e9but du processus, tandis que l&rsquo;existence de ressources sociales et familiales est consid\u00e9r\u00e9e comme un facteur de protection dans le d\u00e9veloppement de la maladie.<\/p>\n\n\n\n<p>Des variables telles que la consommation excessive d&rsquo;alcool ou de drogues et les troubles douloureux chroniques sont des facteurs de risque connus d&rsquo;\u00e9chec de la s\u00e9dation (Chui, 2015). En outre, le niveau de stress, les attentes du patient et la mani\u00e8re dont il fait face \u00e0 des situations effrayantes sont pris en compte dans diverses \u00e9tudes et sont consid\u00e9r\u00e9s comme des variables importantes.<\/p>\n\n\n\n<h4 class=\"wp-block-heading\">2. Capacit\u00e9 de d\u00e9cision<\/h4>\n\n\n\n<p>L&rsquo;\u00e9valuation de la capacit\u00e9 \u00e0 comprendre un traitement est une partie n\u00e9cessaire du processus de soins. Selon Palmer &amp; Harmell (2016) et Lutters &amp; Broekman (2019), l&rsquo;\u00e9valuation formelle de la capacit\u00e9 d\u00e9cisionnelle n&rsquo;est pas seulement une obligation \u00e9thique et l\u00e9gale de l&rsquo;\u00e9quipe soignante, mais constitue \u00e9galement un droit \u00e0 l&rsquo;autonomie du patient. Palmer &amp; Harmell (2016) affirment que <strong>la capacit\u00e9 d\u00e9cisionnelle du patient devrait \u00eatre d\u00e9finie selon quatre dimensions :<\/strong><\/p>\n\n\n\n<ul class=\"wp-block-list\">\n<li><strong>Compr\u00e9hension <\/strong>: il s&rsquo;agit de la capacit\u00e9 \u00e0 accepter et \u00e0 comprendre la maladie, les informations fournies, les risques, les avantages et les traitements possibles.<\/li>\n\n\n\n<li><strong>Appr\u00e9ciation <\/strong>: d\u00e9crite comme la capacit\u00e9 \u00e0 appliquer les informations fournies \u00e0 soi-m\u00eame et \u00e0 sa propre situation.<\/li>\n\n\n\n<li><strong>Raisonnement <\/strong>: se r\u00e9f\u00e8re \u00e0 la preuve que les d\u00e9cisions refl\u00e8tent la pr\u00e9sence d&rsquo;un processus comparatif et d&rsquo;une manipulation de l&rsquo;information.<\/li>\n\n\n\n<li><strong>Expression de la d\u00e9cision<\/strong> : entendue comme la capacit\u00e9 \u00e0 communiquer une d\u00e9cision claire et coh\u00e9rente.<\/li>\n<\/ul>\n\n\n\n<p>\u00c0 ce stade, il convient de prendre en consid\u00e9ration le fait que, dans les processus pathologiques, la capacit\u00e9 \u00e0 faire des choix devient plus complexe, de sorte qu&rsquo;il est courant que le patient et sa famille aient des difficult\u00e9s \u00e0 prendre des d\u00e9cisions concernant leur propre sant\u00e9 (Mattavelli, Casarotti, Forgiarini, Riva, Bello, &amp; Papagno, 2012). En outre, <strong>les patients atteints de tumeurs c\u00e9r\u00e9brales pr\u00e9sentent souvent des troubles cognitifs<\/strong>, <strong>qui sont li\u00e9s dans certains cas \u00e0 de graves d\u00e9ficiences des comp\u00e9tences d\u00e9cisionnelles<\/strong> dans la vie quotidienne (Ouerchefani, Ouerchefani, Allain, Rejeb, &amp; Le Gall, 2017, Lutters &amp; Broekman, 2019).<\/p>\n\n\n\n<p>En raison de la maladie elle-m\u00eame, de nombreux patients n&rsquo;ont qu&rsquo;une conscience limit\u00e9e de leurs sympt\u00f4mes et ont tendance \u00e0 en sous-estimer l&rsquo;impact sur leur vie. Le <strong>manque de conscience de soi<\/strong>, qui est une cons\u00e9quence de la tumeur elle-m\u00eame ou d&rsquo;un m\u00e9canisme de d\u00e9fense psychologique, <strong>entra\u00eene des difficult\u00e9s \u00e0 prendre des d\u00e9cisions<\/strong> \u00e9clair\u00e9es concernant leur \u00e9tat de sant\u00e9, ce qui a \u00e9t\u00e9 signal\u00e9 comme une limite \u00e0 la participation des patients \u00e0 ce type de proc\u00e9dure (Boele et al., 2015).<\/p>\n\n\n\n<h4 class=\"wp-block-heading\">3. Troubles \u00e9motionnels et psychiatriques<\/h4>\n\n\n\n<p>Selon la litt\u00e9rature, un patient tr\u00e8s anxieux aura tendance \u00e0 faire plus d&rsquo;erreurs et \u00e0 perdre ses niveaux d&rsquo;attention-concentration et de m\u00e9moire, de sorte que ni les r\u00e9sultats de base ni les r\u00e9sultats en temps r\u00e9el ne seraient fiables et affecteraient \u00e0 la fois le plan d&rsquo;action et la d\u00e9limitation de la r\u00e9section (Ruis et al., 2017 et Huget et al, 2019). <strong>En neurochirurgie \u00e9veill\u00e9e, il est tr\u00e8s important que le patient sache g\u00e9rer son anxi\u00e9t\u00e9 et ses propres mouvements, en s&rsquo;assurant qu&rsquo;il poss\u00e8de des comp\u00e9tences d&rsquo;auto-contention. <\/strong>L&rsquo;auto-contr\u00f4le est compris comme la capacit\u00e9 du patient \u00e0 r\u00e9guler volontairement son comportement pendant la proc\u00e9dure (Rughani, Rintel, Desai, Cushing &amp; Florman, 2011 ; Howie at al., 2016).<\/p>\n\n\n\n<h4 class=\"wp-block-heading\">4. Troubles neurocognitifs<\/h4>\n\n\n\n<p>L&rsquo;\u00e9valuation neuropsychologique est une proc\u00e9dure primaire qui permet non seulement de cr\u00e9er une base de r\u00e9f\u00e9rence du fonctionnement cognitif, mais aussi d&rsquo;identifier les d\u00e9ficits neuropsychologiques significatifs qui rendent le patient incapable d&rsquo;effectuer les t\u00e2ches requises pendant la cartographie du cerveau (Ruis, Wajer, Robe, &amp; van Zandvoort, 2014).<\/p>\n\n\n\n<p>Selon Hervey-Jumper &amp; Berger (2016), <strong>une alt\u00e9ration s\u00e9v\u00e8re du fonctionnement cognitif pr\u00e9op\u00e9ratoire, la pr\u00e9sence d&rsquo;une aphasie, des troubles neurologiques prononc\u00e9s et l&rsquo;incapacit\u00e9 \u00e0 \u00eatre examin\u00e9 en raison de probl\u00e8mes d&rsquo;attention et de conscience sont consid\u00e9r\u00e9s comme des facteurs d&rsquo;exclusion<\/strong>, car ils entravent la coop\u00e9ration du patient en salle d&rsquo;op\u00e9ration.<\/p>\n\n\n\n<p>D&rsquo;autre part, Becker (2016) mentionne quelques <strong>fonctions cognitives de base que la personne doit conserver afin de jouer un r\u00f4le actif lors d&rsquo;une neurochirurgie<\/strong> \u00e9veill\u00e9e :<\/p>\n\n\n\n<ul class=\"wp-block-list\">\n<li>Les personnes \u00e2g\u00e9es ont besoin d&rsquo;un <strong>langage <\/strong>suffisamment <strong>fluide <\/strong>pour s&rsquo;exprimer et \u00eatre en mesure de communiquer leurs d\u00e9ficiences cognitives et physiques ainsi que leur inconfort dans le processus ;<\/li>\n\n\n\n<li>la <strong>compr\u00e9hension verbale<\/strong> pour la coop\u00e9ration et le respect des instructions ;<\/li>\n\n\n\n<li>la <strong>m\u00e9moire <\/strong>pour assurer le stockage des informations et des instructions \u00e0 suivre concernant l&rsquo;intervention chirurgicale ;<\/li>\n\n\n\n<li>les <strong>soins <\/strong>pour la r\u00e9alisation des activit\u00e9s perop\u00e9ratoires ;<\/li>\n\n\n\n<li>et des <strong>comp\u00e9tences visuelles<\/strong> au cas o\u00f9 vous devriez nommer des images.<\/li>\n<\/ul>\n\n\n\n<h4 class=\"wp-block-heading\">5. Consid\u00e9rations relatives \u00e0 la pr\u00e9paration pr\u00e9-chirurgicale<\/h4>\n\n\n\n<p>En plus de passer les filtres de l&rsquo;\u00e9valuation psychologique clinique et neuropsychologique, <strong>il est n\u00e9cessaire que le patient r\u00e9ponde aux exigences de l&rsquo;\u00e9valuation de la pr\u00e9paration pr\u00e9-chirurgicale<\/strong> afin de s&rsquo;adapter aux exigences de la chirurgie (Rughani et al., 2011). L&rsquo;exp\u00e9rience d\u00e9velopp\u00e9e \u00e0 HM a permis \u00e0 l&rsquo;\u00e9quipe d&rsquo;identifier que cette pr\u00e9paration doit impliquer la famille ou le r\u00e9seau social et qu&rsquo;elle doit contenir les deux aspects fondamentaux qui seront d\u00e9velopp\u00e9s ci-dessous :<\/p>\n\n\n\n<h5 class=\"wp-block-heading\">A. Informations concernant l&rsquo;intervention chirurgicale<\/h5>\n\n\n\n<p>Ce type de chirurgie n\u00e9cessite la participation coordonn\u00e9e de chaque membre de l&rsquo;\u00e9quipe. Le patient, int\u00e9gr\u00e9 en tant qu&rsquo;agent actif, doit conna\u00eetre en d\u00e9tail ses fonctions, les proc\u00e9dures \u00e0 effectuer pendant l&rsquo;op\u00e9ration et ce \u00e0 quoi il doit s&rsquo;attendre \u00e0 chaque \u00e9tape. De plus, au-del\u00e0 de la connaissance de ces informations, il doit les comprendre.<\/p>\n\n\n\n<p>Des auteurs tels que Beez et al. (2013) et Ruis et al. (2014) sont d&rsquo;avis que si <strong>le patient se montre r\u00e9ticent ou refuse d&rsquo;obtenir des d\u00e9tails sur l&rsquo;op\u00e9ration, il ne peut pas \u00eatre op\u00e9r\u00e9 selon cette modalit\u00e9<\/strong>, car le patient doit conna\u00eetre les avantages et la n\u00e9cessit\u00e9 de rester \u00e9veill\u00e9 \u00e0 des moments cl\u00e9s de l&rsquo;op\u00e9ration.<\/p>\n\n\n\n<p>Toutefois, dans la pratique clinique, on constate que la mani\u00e8re dont les informations sont fournies doit \u00eatre adapt\u00e9e au style d&rsquo;adaptation du patient, et que certains patients ont besoin de plus de d\u00e9tails que d&rsquo;autres.<\/p>\n\n\n\n<p><strong>Ce qui va se passer dans la salle d&rsquo;op\u00e9ration doit \u00eatre expliqu\u00e9, y compris la proc\u00e9dure, les complications possibles, le niveau de coop\u00e9ration souhait\u00e9 et les t\u00e2ches \u00e0 accomplir <\/strong>(Carbone et al., 2019). Pour cela, des s\u00e9ances de psycho\u00e9ducation et de pr\u00e9paration avec le patient et sa famille sont essentielles pour atteindre cet objectif.<\/p>\n\n\n\n<p>La pr\u00e9paration psychologique \u00e0 la chirurgie passe \u00e9galement par une familiarisation sensorielle avec l&rsquo;environnement du bloc op\u00e9ratoire et les sensations corporelles. Une visite pr\u00e9op\u00e9ratoire ou la pr\u00e9sentation de stimuli visuels et auditifs qui familiarisent la personne avec la proc\u00e9dure, l&rsquo;espace physique et les instruments sont un bon outil et aident \u00e0 d\u00e9mystifier les croyances erron\u00e9es que le patient peut avoir sur la proc\u00e9dure (Ortega, 2013 ; Ortiz, 2014 ; Quesada, 2015 ; Molinari, 2015 ; Acu\u00f1a, 2017). <strong>Le fait de pouvoir anticiper d&rsquo;une certaine mani\u00e8re ce qui va se passer ou ce qu&rsquo;ils vont ressentir leur donnera un sentiment de contr\u00f4le pendant la proc\u00e9dure.<\/strong><\/p>\n\n\n\n<h5 class=\"wp-block-heading\">B. Liaison avec le professionnel de la neuropsychologie et l&rsquo;\u00e9quipe chirurgicale<\/h5>\n\n\n\n<p><strong>L&rsquo;un des aspects les plus importants qui distingue la chirurgie en milieu \u00e9veill\u00e9 des autres types de chirurgie est l&rsquo;importance pour le patient de cr\u00e9er un lien de confiance avec le neuropsychologue.<\/strong><\/p>\n\n\n\n<p>En raison de la nature exigeante de l&rsquo;intervention, des \u00e9tudes ont montr\u00e9 que les patients ont besoin d&rsquo;une personne famili\u00e8re qui soit disponible pour les soutenir \u00e9motionnellement tout au long de l&rsquo;intervention chirurgicale (Ruis et al., 2014).<\/p>\n\n\n\n<p>Des actions telles que l&rsquo;explication de ce qui se passe avant et pendant l&rsquo;op\u00e9ration, l&rsquo;accompagnement dans les moments d&rsquo;inconfort ou d&rsquo;anxi\u00e9t\u00e9, les paroles motivantes et le fait de leur tenir la main pendant l&rsquo;op\u00e9ration sont per\u00e7ues comme ayant une grande valeur pour les patients (Molinari, 2015 ; Acu\u00f1a, 2017 ; Ruis et al., 2014).<\/p>\n\n\n\n<p>Pour que ce type d&rsquo;interaction entre le patient et le clinicien soit possible, il est n\u00e9cessaire d&rsquo;investir du temps dans la pr\u00e9paration et d&rsquo;avoir la volont\u00e9 du patient de travailler ensemble (Ruis et al., 2014). Dans le cadre de la pr\u00e9paration, le professionnel de la neuropsychologie peut essayer de g\u00e9n\u00e9raliser le lien de confiance avec l&rsquo;ensemble de l&rsquo;\u00e9quipe chirurgicale, ce qui serait la situation id\u00e9ale en salle d&rsquo;op\u00e9ration.<\/p>\n\n\n\n<h2 class=\"wp-block-heading\">Bibliographie<\/h2>\n\n\n\n<ul class=\"wp-block-list has-sm-font-size\">\n<li class=\"has-small-font-size\">Duffau, H. (2017). Mapping the connectome in awake surgery for gliomas: an update. Journal of neurosurgical sciences, 61(6), 612-630.<\/li>\n\n\n\n<li class=\"has-small-font-size\">Feigl, G. C., Luerding, R., &amp; Milian, M. (2015). Awake Craniotomies: Burden or Benefit for the Patient? In Handbook of Neuroethics (pp. 949-962). Springer Netherlands.&nbsp;<\/li>\n\n\n\n<li class=\"has-small-font-size\">Freyschlag, C. F., &amp; Duffau, H. (2014). Awake brain mapping of cortex and subcortical pathways in brain tumor surgery. Journal of neurosurgical sciences, 58(4), 199-213.<\/li>\n\n\n\n<li class=\"has-small-font-size\">Howie, E., Bambrough, J., Karabatsou, K., &amp; Fox, J. R. (2016). Patient experiences of awake craniotomy: An Interpretative Phenomenological Analysis. Journal of health psychology, 21(11), 2612-2623.<\/li>\n\n\n\n<li class=\"has-small-font-size\">Kelm, A., Sollmann, N., Ille, S., Meyer, B., Ringel, F., &amp; Krieg, S. M. (2017). Resection of Gliomas with and without Neuropsychological Support during Awake Craniotomy\u2014Effects on Surgery and Clinical Outcome. Frontiers in Oncology, 7, 176.<\/li>\n\n\n\n<li class=\"has-small-font-size\">Klimek, M., van der Horst, P. H., Hoeks, S. E., &amp; Stolker, R. J. (2018). Quality and Quantity of Memories in Patients Who Underg Awake Brain Tumor Resection. World neurosurgery, 109, e258-e264.<\/li>\n\n\n\n<li class=\"has-small-font-size\">Khu, K. J., Doglietto, F., Radovanovic, I., Taleb, F., Mendelsohn, D., Zadeh, G., &amp; Bernstein, M. (2010). Patients\u2019 perceptions of awake and outpatient craniotomy for brain tumor: a qualitative study. Journal of neurosurgery, 112(5), 1056-1060.<\/li>\n\n\n\n<li class=\"has-small-font-size\">Leal, R. T. M., da Fonseca, C. O., &amp; Landeiro, J. A. (2017). Patients\u2019 perspective on awake craniotomy for brain tumors\u2014single center experience in Brazil. Acta neurochirurgica, 159(4), 725-731.<\/li>\n\n\n\n<li class=\"has-small-font-size\">Lutters, B., &amp; Broekman, M. L. (2019). Evaluating Awake Craniotomies in Glioma Patients: Meeting the Challenge. In Ethics of Innovation in Neurosurgery (pp. 113-118). Springer, Cham.<\/li>\n\n\n\n<li class=\"has-small-font-size\">Madhusoodanan, S., Ting, M. B., Farah, T., &amp; Ugur, U. (2015). Psychiatric aspects of brain tumors: A review. World journal of psychiatry, 5(3), 273.<\/li>\n\n\n\n<li class=\"has-small-font-size\">Mattavelli, G., Casarotti, A., Forgiarini, M., Riva, M., Bello, L., &amp; Papagno, C. (2012). Decision-making abilities in patients with frontal low-grade glioma. Journal of neuro-oncology, 110(1), 59-67.<\/li>\n\n\n\n<li class=\"has-small-font-size\">Ouerchefani, R., Ouerchefani, N., Allain, P., Rejeb, M. R. B., &amp; Le Gall, D. (2017). Contribution of different regions of the prefrontal cortex and lesion laterality to deficit of decision-making on the Iowa Gambling Task. Brain and cognition, 111, 73-85.<\/li>\n\n\n\n<li class=\"has-small-font-size\">Palese, A., Skrap, M., Fachin, M., Visioli, S. y Zannini, L. (2008). La experiencia de los pacientes sometidos a craneotom\u00eda despierta: en las propias palabras de los pacientes. Un estudio cualitativo. Enfermer\u00eda noncol\u00f3gica, 31 (2), 166-172.<\/li>\n\n\n\n<li class=\"has-small-font-size\">Palmer, B. W., &amp; Harmell, A. L. (2016). Assessment of healthcare decision making capacity. Archives of Clinical Neuropsychology, 31(6), 530-540.<\/li>\n\n\n\n<li class=\"has-small-font-size\">Pichierri, A., Bradley, M., &amp; Iyer, V. (2019). Intraoperative Magnetic Resonance Imaging\u2013Guided Glioma Resections in Awake or Asleep Settings and Feasibility in the Context of a Public Health System. World neurosurgery: X, 3, 100022.<\/li>\n\n\n\n<li class=\"has-small-font-size\">ughani, A. I., Rintel, T., Desai, R., Cushing, D. A., &amp; Florman, J. E. (2011). Development of a safe and pragmatic awake craniotomy program at Maine Medical Center. Journal of neurosurgical anesthesiology, 23(1), 18-24.<\/li>\n\n\n\n<li class=\"has-small-font-size\">Ruis, C., Wajer, I., Robe, P., &amp; van Zandvoort, M. (2014). Awake craniotomy and coaching. Open Journal of Medical Psychology, 3(5), 382-389.<\/li>\n\n\n\n<li class=\"has-small-font-size\">Ruis, C., Wajer, I. H., Robe, P., &amp; van Zandvoort, M. (2017). Anxiety in the preoperative phase of awake brain tumor surgery. Clinical Neurology and Neurosurgery, 157, 7-10.<\/li>\n\n\n\n<li class=\"has-small-font-size\">Salazar Villanea, M., Ortega Araya, L. E., Ortiz \u00c1lvarez, J., Esquivel Miranda, M. A., Vindas Montoya, R., &amp; Montero Vega, P. (2016). Calidad de vida en pacientes costarricenses con tumores cerebrales: aportes de la neuropsicolog\u00eda. Actualidades en Psicolog\u00eda, 30(121), 49-66.<\/li>\n\n\n\n<li class=\"has-small-font-size\">Santini, B., Talacchi, A., Casagrande, F., Casartelli, M., Savazzi, S., Procaccio, F., &amp; Gerosa, M. (2012). Eligibility criteria and psychological profiles in patient candidates for awake craniotomy: a pilot study. Journal of neurosurgical anesthesiology, 24(3), 209-216.<\/li>\n\n\n\n<li class=\"has-small-font-size\">Vit\u00f3n Mart\u00edn, R. (2010). Drogadicci\u00f3n y anestesia. Revista Cubana de Anestesiolog\u00eda y Reanimaci\u00f3n, 9(1), 39-47.<\/li>\n\n\n\n<li class=\"has-small-font-size\">Wrede, K. H., Stieglitz, L. H., Fiferna, A., Karst, M., Gerganov, V. M., Samii, M., \u2026 &amp; L\u00fcdemann, W. O. (2011). Patient acceptance of awake craniotomy. Clinical neurology and neurosurgery, 113(10), 880-884<\/li>\n<\/ul>\n\n\n\n<h3 class=\"wp-block-heading\">Si vous avez aim\u00e9 ce post, ces articles de NeuronUP pourraient \u00e9galement vous int\u00e9resser:<\/h3>\n\n\n<div class=\"mai-grid entries entries-grid has-boxed has-image-full\" style=\"--entry-title-font-size:var(--font-size-lg);--align-text:start;--entry-meta-text-align:start;\"><div class=\"entries-wrap has-columns\" style=\"--columns-xs:1\/1;--columns-sm:1\/1;--columns-md:1\/3;--columns-lg:1\/3;--flex-xs:0 0 var(--flex-basis);--flex-sm:0 0 var(--flex-basis);--flex-md:0 0 var(--flex-basis);--flex-lg:0 0 var(--flex-basis);--column-gap:var(--spacing-lg);--row-gap:var(--spacing-lg);--align-columns:start;\"><article class=\"entry entry-grid is-column has-entry-link has-image has-image-first type-post category-activites-de-la-vie-quotidienne category-nouveautes-neuronup tag-activites-de-stimulation-cognitive tag-activites-de-stimulation-cognitive-pour-enfants tag-adulte tag-enfants tag-remediation-cognitive\" style=\"--entry-index:1;\" aria-label=\"Nouvelles activit\u00e9s NeuronUP : entra\u00eenez les fonctions cognitives dans des situations du quotidien\" itemscope itemtype=\"https:\/\/schema.org\/CreativeWork\"><a class=\"entry-image-link\" href=\"https:\/\/neuronup.com\/fr\/nouveautes-neuronup\/nouvelles-activites-neuronup-entrainez-les-fonctions-cognitives-dans-des-situations-du-quotidien\/\" tabindex=\"-1\" aria-hidden=\"true\"><img decoding=\"async\" width=\"400\" height=\"202\" src=\"https:\/\/neuronup.com\/fr\/wp-content\/uploads\/2026\/03\/Capture-decran-2026-03-30-111842-400x202.webp\" class=\"entry-image size-landscape-sm\" alt=\"\" \/><\/a><div class=\"entry-wrap entry-wrap-grid\"><h3 class=\"entry-title\" itemprop=\"headline\"><a class=\"entry-title-link\" href=\"https:\/\/neuronup.com\/fr\/nouveautes-neuronup\/nouvelles-activites-neuronup-entrainez-les-fonctions-cognitives-dans-des-situations-du-quotidien\/\" rel=\"bookmark\">Nouvelles activit\u00e9s NeuronUP : entra\u00eenez les fonctions cognitives dans des situations du quotidien<\/a><\/h3>\n<\/div><\/article><article class=\"entry entry-grid is-column has-entry-link has-image has-image-first type-post category-activites-dattention category-activites-de-neuro-reeducation category-activites-pour-les-fonctions-cognitives tag-adulte\" style=\"--entry-index:2;\" aria-label=\"Nouvelle activit\u00e9 Attention s\u00e9lective (Adultes)\" itemscope itemtype=\"https:\/\/schema.org\/CreativeWork\"><a class=\"entry-image-link\" href=\"https:\/\/neuronup.com\/fr\/activites-de-neuro-reeducation\/nouvelle-activite-attention-selective-adultes\/\" tabindex=\"-1\" aria-hidden=\"true\"><img decoding=\"async\" width=\"253\" height=\"230\" src=\"https:\/\/neuronup.com\/fr\/wp-content\/uploads\/2026\/03\/Capture-decran-2026-03-03-160917.webp\" class=\"entry-image size-landscape-sm\" alt=\"\" \/><\/a><div class=\"entry-wrap entry-wrap-grid\"><h3 class=\"entry-title\" itemprop=\"headline\"><a class=\"entry-title-link\" href=\"https:\/\/neuronup.com\/fr\/activites-de-neuro-reeducation\/nouvelle-activite-attention-selective-adultes\/\" rel=\"bookmark\">Nouvelle activit\u00e9 Attention s\u00e9lective (Adultes)<\/a><\/h3>\n<\/div><\/article><article class=\"entry entry-grid is-column has-entry-link has-image has-image-first type-post category-activites-de-cognition-sociale tag-activites-de-stimulation-cognitive tag-cognition-sociale tag-fonctions-executives\" style=\"--entry-index:3;\" aria-label=\"La cognition sociale ou comment comprendre les personnes : exercices de cognition sociale\" itemscope itemtype=\"https:\/\/schema.org\/CreativeWork\"><a class=\"entry-image-link\" href=\"https:\/\/neuronup.com\/fr\/activites-de-neuro-reeducation\/activites-pour-les-fonctions-cognitives\/activites-de-cognition-sociale\/la-cognition-sociale-ou-comment-comprendre-les-personnes-exercices-de-cognition-sociale\/\" tabindex=\"-1\" aria-hidden=\"true\"><img decoding=\"async\" width=\"396\" height=\"300\" src=\"https:\/\/neuronup.com\/fr\/wp-content\/uploads\/2022\/06\/Reaccion-emocional-ante-situaciones.webp\" class=\"entry-image size-landscape-sm\" alt=\"R\u00e9action \u00e9motionnelle face aux situations : Exercice de cognition sociale\" srcset=\"https:\/\/neuronup.com\/fr\/wp-content\/uploads\/2022\/06\/Reaccion-emocional-ante-situaciones-300x227.webp 300w, https:\/\/neuronup.com\/fr\/wp-content\/uploads\/2022\/06\/Reaccion-emocional-ante-situaciones-768x582.webp 768w, https:\/\/neuronup.com\/fr\/wp-content\/uploads\/2022\/06\/Reaccion-emocional-ante-situaciones-1024x776.webp 1024w, https:\/\/neuronup.com\/fr\/wp-content\/uploads\/2022\/06\/Reaccion-emocional-ante-situaciones.webp 1148w\" sizes=\"(max-width:599px) 599px, (min-width:600px) and (max-width: 799px) 799px, (min-width:800px) and (max-width: 999px) 333px, (min-width:1000px) 400px\" \/><\/a><div class=\"entry-wrap entry-wrap-grid\"><h3 class=\"entry-title\" itemprop=\"headline\"><a class=\"entry-title-link\" href=\"https:\/\/neuronup.com\/fr\/activites-de-neuro-reeducation\/activites-pour-les-fonctions-cognitives\/activites-de-cognition-sociale\/la-cognition-sociale-ou-comment-comprendre-les-personnes-exercices-de-cognition-sociale\/\" rel=\"bookmark\">La cognition sociale ou comment comprendre les personnes : exercices de cognition sociale<\/a><\/h3>\n<\/div><\/article><article class=\"entry entry-grid is-column has-entry-link has-image has-image-first type-post category-activites-pour-les-enfants-ayant-des-besoins-particuliers tag-activites-de-stimulation-cognitive tag-activites-de-stimulation-cognitive-pour-enfants tag-enfants\" style=\"--entry-index:4;\" aria-label=\"7+1 activit\u00e9s pour enfants avec des besoins \u00e9ducatifs sp\u00e9ciaux\" itemscope itemtype=\"https:\/\/schema.org\/CreativeWork\"><a class=\"entry-image-link\" href=\"https:\/\/neuronup.com\/fr\/activites-de-neuro-reeducation\/activites-pour-les-enfants-ayant-des-besoins-particuliers\/71-activites-pour-enfants-a-besoins-educatifs-speciaux\/\" tabindex=\"-1\" aria-hidden=\"true\"><img decoding=\"async\" width=\"400\" height=\"298\" src=\"https:\/\/neuronup.com\/fr\/wp-content\/uploads\/2022\/07\/Prepara-la-mochila.webp\" class=\"entry-image size-landscape-sm\" alt=\"Activit\u00e9 Pr\u00e9pare le sac \u00e0 dos pour les enfants ayant des besoins \u00e9ducatifs particuliers\" srcset=\"https:\/\/neuronup.com\/fr\/wp-content\/uploads\/2022\/07\/Prepara-la-mochila-300x224.webp 300w, https:\/\/neuronup.com\/fr\/wp-content\/uploads\/2022\/07\/Prepara-la-mochila-768x572.webp 768w, https:\/\/neuronup.com\/fr\/wp-content\/uploads\/2022\/07\/Prepara-la-mochila-1024x763.webp 1024w, https:\/\/neuronup.com\/fr\/wp-content\/uploads\/2022\/07\/Prepara-la-mochila.webp 1255w\" sizes=\"(max-width:599px) 599px, (min-width:600px) and (max-width: 799px) 799px, (min-width:800px) and (max-width: 999px) 333px, (min-width:1000px) 400px\" \/><\/a><div class=\"entry-wrap entry-wrap-grid\"><h3 class=\"entry-title\" itemprop=\"headline\"><a class=\"entry-title-link\" href=\"https:\/\/neuronup.com\/fr\/activites-de-neuro-reeducation\/activites-pour-les-enfants-ayant-des-besoins-particuliers\/71-activites-pour-enfants-a-besoins-educatifs-speciaux\/\" rel=\"bookmark\">7+1 activit\u00e9s pour enfants avec des besoins \u00e9ducatifs sp\u00e9ciaux<\/a><\/h3>\n<\/div><\/article><article class=\"entry entry-grid is-column has-entry-link has-image has-image-first type-post category-activites-de-cognition-sociale tag-activites-de-stimulation-cognitive tag-activites-de-stimulation-cognitive-pour-enfants tag-cognition-sociale\" style=\"--entry-index:5;\" aria-label=\"Exercices de cognition sociale pour enfants\" itemscope itemtype=\"https:\/\/schema.org\/CreativeWork\"><a class=\"entry-image-link\" href=\"https:\/\/neuronup.com\/fr\/activites-de-neuro-reeducation\/activites-pour-les-fonctions-cognitives\/activites-de-cognition-sociale\/exercices-de-cognition-sociale-pour-enfants\/\" tabindex=\"-1\" aria-hidden=\"true\"><img decoding=\"async\" width=\"400\" height=\"273\" src=\"https:\/\/neuronup.com\/fr\/wp-content\/uploads\/2022\/08\/Que-esperan-encontrar-4-1.webp\" class=\"entry-image size-landscape-sm\" alt=\"Exercices de cognition sociale pour enfants\" srcset=\"https:\/\/neuronup.com\/fr\/wp-content\/uploads\/2022\/08\/Que-esperan-encontrar-4-1-300x205.webp 300w, https:\/\/neuronup.com\/fr\/wp-content\/uploads\/2022\/08\/Que-esperan-encontrar-4-1-768x524.webp 768w, https:\/\/neuronup.com\/fr\/wp-content\/uploads\/2022\/08\/Que-esperan-encontrar-4-1-1024x699.webp 1024w, https:\/\/neuronup.com\/fr\/wp-content\/uploads\/2022\/08\/Que-esperan-encontrar-4-1.webp 1205w\" sizes=\"(max-width:599px) 599px, (min-width:600px) and (max-width: 799px) 799px, (min-width:800px) and (max-width: 999px) 333px, (min-width:1000px) 400px\" \/><\/a><div class=\"entry-wrap entry-wrap-grid\"><h3 class=\"entry-title\" itemprop=\"headline\"><a class=\"entry-title-link\" href=\"https:\/\/neuronup.com\/fr\/activites-de-neuro-reeducation\/activites-pour-les-fonctions-cognitives\/activites-de-cognition-sociale\/exercices-de-cognition-sociale-pour-enfants\/\" rel=\"bookmark\">Exercices de cognition sociale pour enfants<\/a><\/h3>\n<\/div><\/article><article class=\"entry entry-grid is-column has-entry-link has-image has-image-first type-post category-activites-de-cognition-sociale tag-activites-de-stimulation-cognitive tag-activites-de-stimulation-cognitive-pour-enfants tag-actualites-de-neuronup tag-cognition-sociale tag-enfants tag-intelligence-emotionnelle\" style=\"--entry-index:6;\" aria-label=\"Activit\u00e9 pour identifier les \u00e9motions : Devinez le visage ?\" itemscope itemtype=\"https:\/\/schema.org\/CreativeWork\"><a class=\"entry-image-link\" href=\"https:\/\/neuronup.com\/fr\/activites-de-neuro-reeducation\/activites-pour-les-fonctions-cognitives\/activites-de-cognition-sociale\/activite-pour-identifier-les-emotions\/\" tabindex=\"-1\" aria-hidden=\"true\"><img decoding=\"async\" width=\"400\" height=\"283\" src=\"https:\/\/neuronup.com\/fr\/wp-content\/uploads\/2022\/09\/Actividad-para-identificar-emociones-de-NeuronUP-Adivinas-la-cara-1-1-1.webp\" class=\"entry-image size-landscape-sm\" alt=\"Activit\u00e9 pour identifier les \u00e9motions de NeuronUP Tu devines le visage\" srcset=\"https:\/\/neuronup.com\/fr\/wp-content\/uploads\/2022\/09\/Actividad-para-identificar-emociones-de-NeuronUP-Adivinas-la-cara-1-1-1-300x212.webp 300w, https:\/\/neuronup.com\/fr\/wp-content\/uploads\/2022\/09\/Actividad-para-identificar-emociones-de-NeuronUP-Adivinas-la-cara-1-1-1-768x543.webp 768w, https:\/\/neuronup.com\/fr\/wp-content\/uploads\/2022\/09\/Actividad-para-identificar-emociones-de-NeuronUP-Adivinas-la-cara-1-1-1-1024x724.webp 1024w, https:\/\/neuronup.com\/fr\/wp-content\/uploads\/2022\/09\/Actividad-para-identificar-emociones-de-NeuronUP-Adivinas-la-cara-1-1-1.webp 1200w\" sizes=\"(max-width:599px) 599px, (min-width:600px) and (max-width: 799px) 799px, (min-width:800px) and (max-width: 999px) 333px, (min-width:1000px) 400px\" \/><\/a><div class=\"entry-wrap entry-wrap-grid\"><h3 class=\"entry-title\" itemprop=\"headline\"><a class=\"entry-title-link\" href=\"https:\/\/neuronup.com\/fr\/activites-de-neuro-reeducation\/activites-pour-les-fonctions-cognitives\/activites-de-cognition-sociale\/activite-pour-identifier-les-emotions\/\" rel=\"bookmark\">Activit\u00e9 pour identifier les \u00e9motions : Devinez le visage ?<\/a><\/h3>\n<\/div><\/article><\/div><\/div>","protected":false},"excerpt":{"rendered":"<p>Dans cet article, le psychologue Cristian Francisco Li\u00e9banas Vega nous parle de la technique de cartographie c\u00e9r\u00e9brale en intraop\u00e9ratoire et de ses contributions au diagnostic des maladies. La cartographie c\u00e9r\u00e9brale intraop\u00e9ratoire est une technique sp\u00e9cialis\u00e9e utilis\u00e9e pendant la chirurgie c\u00e9r\u00e9brale afin d&rsquo;optimiser l&rsquo;\u00e9quilibre entre l&rsquo;ablation de la tumeur et la pr\u00e9servation des fonctions c\u00e9r\u00e9brales importantes. &hellip;<\/p>\n","protected":false},"author":252,"featured_media":33781,"comment_status":"open","ping_status":"open","sticky":false,"template":"","format":"standard","meta":{"_acf_changed":false,"_genesis_hide_title":false,"_genesis_hide_breadcrumbs":false,"_genesis_hide_singular_image":false,"_genesis_hide_footer_widgets":false,"_genesis_custom_body_class":"","_genesis_custom_post_class":"","_genesis_layout":"","footnotes":""},"categories":[598],"tags":[669],"class_list":{"2":"type-post","7":"category-neuropsychologie-et-informations","8":"tag-neuropsychologie","9":"entry"},"acf":[],"_links":{"self":[{"href":"https:\/\/neuronup.com\/fr\/wp-json\/wp\/v2\/posts\/9371","targetHints":{"allow":["GET"]}}],"collection":[{"href":"https:\/\/neuronup.com\/fr\/wp-json\/wp\/v2\/posts"}],"about":[{"href":"https:\/\/neuronup.com\/fr\/wp-json\/wp\/v2\/types\/post"}],"author":[{"embeddable":true,"href":"https:\/\/neuronup.com\/fr\/wp-json\/wp\/v2\/users\/252"}],"replies":[{"embeddable":true,"href":"https:\/\/neuronup.com\/fr\/wp-json\/wp\/v2\/comments?post=9371"}],"version-history":[{"count":0,"href":"https:\/\/neuronup.com\/fr\/wp-json\/wp\/v2\/posts\/9371\/revisions"}],"wp:featuredmedia":[{"embeddable":true,"href":"https:\/\/neuronup.com\/fr\/wp-json\/wp\/v2\/media\/33781"}],"wp:attachment":[{"href":"https:\/\/neuronup.com\/fr\/wp-json\/wp\/v2\/media?parent=9371"}],"wp:term":[{"taxonomy":"category","embeddable":true,"href":"https:\/\/neuronup.com\/fr\/wp-json\/wp\/v2\/categories?post=9371"},{"taxonomy":"post_tag","embeddable":true,"href":"https:\/\/neuronup.com\/fr\/wp-json\/wp\/v2\/tags?post=9371"}],"curies":[{"name":"wp","href":"https:\/\/api.w.org\/{rel}","templated":true}]}}