{"id":9325,"date":"2024-04-18T08:30:00","date_gmt":"2024-04-18T08:30:00","guid":{"rendered":"https:\/\/neuronup.com\/fr\/?p=9325"},"modified":"2026-01-29T17:36:10","modified_gmt":"2026-01-29T15:36:10","slug":"neuronup-du-point-de-vue-des-utilisateurs-souffrant-de-lesions-cerebrales","status":"publish","type":"post","link":"https:\/\/neuronup.com\/fr\/actualites-de-la-stimulation-cognitive\/lesions-cerebrales\/avc\/neuronup-du-point-de-vue-des-utilisateurs-souffrant-de-lesions-cerebrales\/","title":{"rendered":"NeuronUP du point de vue des utilisateurs souffrant de l\u00e9sions c\u00e9r\u00e9brales"},"content":{"rendered":"\n<p class=\"has-xl-font-size\">Les utilisateurs du <strong>Centre de R\u00e9f\u00e9rence National pour les L\u00e9sions C\u00e9r\u00e9brales<\/strong> nous donnent leur avis sur NeuronUP.<\/p>\n\n\n\n<p><em>\u00ab\u00a0<strong>On dirait que c&rsquo;est fait pour moi\u00a0\u00bb <\/strong>(commentaire d&rsquo;un ancien utilisateur du CEADAC qui a assist\u00e9 \u00e0 la pr\u00e9sentation de la plateforme).<\/em> Vendredi, nous avons eu le plaisir de pr\u00e9senter notre plateforme au <strong>Centre de r\u00e9f\u00e9rence de l&rsquo;Etat pour les traumatis\u00e9s cr\u00e2niens<\/strong> (CEADAC). La pr\u00e9sentation a \u00e9t\u00e9 suivie non seulement par des professionnels du secteur, comme c&rsquo;est habituellement le cas, mais aussi par d&rsquo;autres participants exceptionnels: d&rsquo;anciens et d&rsquo;actuels utilisateurs du centre qui ont donn\u00e9 leur avis sur NeuronUP.<\/p>\n\n\n\n<p>Nous n&rsquo;en \u00e9tions pas conscients jusqu&rsquo;\u00e0 ce que, \u00e0 la fin de la pr\u00e9sentation et au moment des questions et des commentaires, les premi\u00e8res mains qui se sont lev\u00e9es pour prendre la parole ont \u00e9t\u00e9 celles de deux personnes situ\u00e9es \u00e0 l&rsquo;arri\u00e8re. La premi\u00e8re \u00e9tait un homme qui s&rsquo;est pr\u00e9sent\u00e9 comme un ancien utilisateur du centre. Il nous a f\u00e9licit\u00e9s pour notre travail et a en outre propos\u00e9 une id\u00e9e li\u00e9e \u00e0 la motivation qu&rsquo;il aimerait trouver dans la r\u00e9adaptation. Cette contribution est sans doute tr\u00e8s pr\u00e9cieuse car, comme lui, beaucoup d&rsquo;autres usagers appr\u00e9cieront s\u00fbrement ce d\u00e9tail.<\/p>\n\n\n\n<p>Puis une jeune fille \u00e0 c\u00f4t\u00e9 de lui a pris la parole. La premi\u00e8re phrase qu&rsquo;elle a prononc\u00e9e lorsqu&rsquo;elle s&rsquo;est lev\u00e9e a \u00e9t\u00e9:<strong> <em>\u00ab\u00a0On dirait que cela a \u00e9t\u00e9 fait pour moi\u00a0\u00bb<\/em><\/strong>. Elle a ajout\u00e9: <em>\u00ab\u00a0Je me suis vraiment identifi\u00e9e aux activit\u00e9s que vous avez enseign\u00e9es, car ce sont celles qui me posent probl\u00e8me au quotidien\u00a0\u00bb<\/em>.<\/p>\n\n\n<div class=\"wp-block-image image-interface\">\n<figure class=\"aligncenter size-full\"><img decoding=\"async\" width=\"1024\" height=\"733\" src=\"https:\/\/neuronup.com\/fr\/wp-content\/uploads\/2024\/11\/Femme-travaillant-avec-NeuronUP.webp\" alt=\"Femme lisant un livre en plein air, allong\u00e9e sur l\u2019herbe, cheveux d\u00e9tach\u00e9s, entour\u00e9e de verdure et d\u2019une lumi\u00e8re douce.\" class=\"wp-image-33421\" srcset=\"https:\/\/neuronup.com\/fr\/wp-content\/uploads\/2024\/11\/Femme-travaillant-avec-NeuronUP-300x215.webp 300w, https:\/\/neuronup.com\/fr\/wp-content\/uploads\/2024\/11\/Femme-travaillant-avec-NeuronUP-768x550.webp 768w, https:\/\/neuronup.com\/fr\/wp-content\/uploads\/2024\/11\/Femme-travaillant-avec-NeuronUP.webp 1024w\" sizes=\"(max-width: 1024px) 100vw, 1024px\" \/><\/figure>\n<\/div>\n\n\n<h3 class=\"wp-block-heading\">La valeur du retour d&rsquo;information des utilisateurs<\/h3>\n\n\n\n<p>Il est curieux de penser qu&rsquo;une phrase aussi simple ait <strong>pu avoir autant d&rsquo;importance<\/strong>. Elle a \u00e9t\u00e9 une dose <strong>suppl\u00e9mentaire de motivation<\/strong> pour toute l&rsquo;\u00e9quipe de NeuronUP. Nous appr\u00e9cions beaucoup les points de vue des diff\u00e9rents professionnels, mais les suggestions de ceux qui seront les utilisateurs finaux <strong>ont une valeur particuli\u00e8re pour nous<\/strong>.<\/p>\n\n\n\n<h2 class=\"wp-block-heading\">Am\u00e9liorer NeuronUP jour apr\u00e8s jour<\/h2>\n\n\n\n<p>Jour apr\u00e8s jour, nous nous effor\u00e7ons de continuer \u00e0 <strong>cr\u00e9er et \u00e0 am\u00e9liorer<\/strong> cette plateforme. Et nous le faisons, non seulement dans le but d&rsquo;\u00eatre utile aux <strong>professionnels de la r\u00e9adaptation<\/strong>, mais aussi en pensant \u00e0 l&rsquo;<strong> utilisateur final<\/strong>, qui est la v\u00e9ritable raison d&rsquo;\u00eatre de ce projet. Comme nous le savons tous, le besoin de <strong>r\u00e9habilitation cognitive<\/strong> n&rsquo;est pas choisi, c&rsquo;est pourquoi, chez NeuronUP, nous avons toujours voulu rendre ce processus aussi agr\u00e9able et plaisant que possible pour toutes les personnes qui, en raison des circonstances de la vie, en ont besoin. Nous essayons donc de cr\u00e9er des activit\u00e9s au <strong>design stimulant et agr\u00e9able<\/strong>, avec un <strong>d\u00e9veloppement motivant et des stimuli attrayants<\/strong> et, surtout, avec des t\u00e2ches qui servent r\u00e9ellement au sujet pour <strong>faciliter sa vie quotidienne et am\u00e9liorer sa qualit\u00e9 de vie<\/strong>, ce qui est sans aucun doute le v\u00e9ritable objectif de la <strong>r\u00e9adaptation neuropsychologique<\/strong>.<\/p>\n\n\n\n<aside class=\"wp-block-group br-0101 anims-fadein-up has-primary-background-color has-background has-dark-background has-xs-padding-left has-xs-padding-right has-xxxl-margin-top\"><div class=\"wp-block-group__inner-container is-layout-constrained wp-block-group-is-layout-constrained\">\n<div class=\"wp-block-columns is-layout-flex wp-container-core-columns-is-layout-9d6595d7 wp-block-columns-is-layout-flex\">\n<div class=\"wp-block-column mobile-order-1 desktop-position-relative is-layout-flow wp-block-column-is-layout-flow\" style=\"flex-basis:25%\">\n<figure class=\"wp-block-image size-full desktop-position-absolute desktop-bottom-0 mobile-width-50 mobile-m-inline-auto has--xxxl-margin-top\"><img decoding=\"async\" width=\"885\" height=\"1024\" src=\"https:\/\/neuronup.com\/fr\/wp-content\/uploads\/2024\/10\/formation-sur-les-produits-pour-professionnels.webp\" alt=\"Training on products for professionals\" class=\"wp-image-31564\" srcset=\"https:\/\/neuronup.com\/fr\/wp-content\/uploads\/2024\/10\/formation-sur-les-produits-pour-professionnels-259x300.webp 259w, https:\/\/neuronup.com\/fr\/wp-content\/uploads\/2024\/10\/formation-sur-les-produits-pour-professionnels-768x889.webp 768w, https:\/\/neuronup.com\/fr\/wp-content\/uploads\/2024\/10\/formation-sur-les-produits-pour-professionnels.webp 885w\" sizes=\"(max-width: 885px) 100vw, 885px\" \/><\/figure>\n<\/div>\n\n\n\n<div class=\"wp-block-column is-vertically-aligned-center pt-3 pb-3 mobile-pb-0 is-layout-flow wp-block-column-is-layout-flow\" style=\"flex-basis:55%\">\n<p class=\"has-xl-font-size\"><span style=\"color:white\"><strong>Demandez<\/strong> des informations<\/span><\/p>\n\n\n\n<p class=\"has-white-color has-text-color has-md-font-size\">Apprenez \u00e0 tirer le meilleur parti de notre plateforme et d\u00e9couvrez pourquoi plus de 7 000 professionnels dans le monde l&rsquo;utilisent d\u00e9j\u00e0.<\/p>\n<\/div>\n\n\n\n<div class=\"wp-block-column is-vertically-aligned-center mobile-mb-3 is-layout-flow wp-block-column-is-layout-flow\" style=\"flex-basis:20%\">\n<div class=\"wp-block-buttons is-content-justification-center is-layout-flex wp-container-core-buttons-is-layout-16018d1d wp-block-buttons-is-layout-flex\">\n<div class=\"wp-block-button--1\" style=\"--button-outline-color:var(--color-white);--button-outline-color-hover:rgba(0,0,0,0.8);\"><a class=\"wp-block-button__link button button-outline   wp-element-button\" href=\"https:\/\/neuronup.com\/fr\/demande-informations\/\">Demander<\/a><\/div>\n\n<\/div>\n<\/div>\n<\/div>\n<\/div><\/aside>\n\n\n\n\n<p>Nous sommes tr\u00e8s heureux de constater que nous sommes sur la bonne voie et que notre objectif initial, \u00e0 savoir apporter notre contribution au monde de la r\u00e9adaptation, peut devenir un petit ch\u00e2teau. <strong>Nous continuons \u00e0 travailler!<\/strong><\/p>\n\n\n\n<h3 class=\"wp-block-heading\">Si vous avez aim\u00e9 ce post, ces articles de NeuronUP pourraient \u00e9galement vous int\u00e9resser:<\/h3>\n\n\n<div class=\"mai-grid entries entries-grid has-boxed has-image-full\" style=\"--entry-title-font-size:var(--font-size-lg);--align-text:start;--entry-meta-text-align:start;\"><div class=\"entries-wrap has-columns\" style=\"--columns-xs:1\/1;--columns-sm:1\/1;--columns-md:1\/3;--columns-lg:1\/3;--flex-xs:0 0 var(--flex-basis);--flex-sm:0 0 var(--flex-basis);--flex-md:0 0 var(--flex-basis);--flex-lg:0 0 var(--flex-basis);--column-gap:var(--spacing-lg);--row-gap:var(--spacing-lg);--align-columns:start;\"><article class=\"entry entry-grid is-column has-entry-link has-image has-image-first type-post category-activites-de-la-vie-quotidienne category-nouveautes-neuronup tag-activites-de-stimulation-cognitive tag-activites-de-stimulation-cognitive-pour-enfants tag-adulte tag-enfants tag-remediation-cognitive\" style=\"--entry-index:1;\" aria-label=\"Nouvelles activit\u00e9s NeuronUP : entra\u00eenez les fonctions cognitives dans des situations du quotidien\" itemscope itemtype=\"https:\/\/schema.org\/CreativeWork\"><a class=\"entry-image-link\" href=\"https:\/\/neuronup.com\/fr\/nouveautes-neuronup\/nouvelles-activites-neuronup-entrainez-les-fonctions-cognitives-dans-des-situations-du-quotidien\/\" tabindex=\"-1\" aria-hidden=\"true\"><img decoding=\"async\" width=\"400\" height=\"202\" src=\"https:\/\/neuronup.com\/fr\/wp-content\/uploads\/2026\/03\/Capture-decran-2026-03-30-111842-400x202.webp\" class=\"entry-image size-landscape-sm\" alt=\"\" \/><\/a><div class=\"entry-wrap entry-wrap-grid\"><h3 class=\"entry-title\" itemprop=\"headline\"><a class=\"entry-title-link\" href=\"https:\/\/neuronup.com\/fr\/nouveautes-neuronup\/nouvelles-activites-neuronup-entrainez-les-fonctions-cognitives-dans-des-situations-du-quotidien\/\" rel=\"bookmark\">Nouvelles activit\u00e9s NeuronUP : entra\u00eenez les fonctions cognitives dans des situations du quotidien<\/a><\/h3>\n<\/div><\/article><article class=\"entry entry-grid is-column has-entry-link has-image has-image-first type-post category-activites-dattention category-activites-de-neuro-reeducation category-activites-pour-les-fonctions-cognitives tag-adulte\" style=\"--entry-index:2;\" aria-label=\"Nouvelle activit\u00e9 Attention s\u00e9lective (Adultes)\" itemscope itemtype=\"https:\/\/schema.org\/CreativeWork\"><a class=\"entry-image-link\" href=\"https:\/\/neuronup.com\/fr\/activites-de-neuro-reeducation\/nouvelle-activite-attention-selective-adultes\/\" tabindex=\"-1\" aria-hidden=\"true\"><img decoding=\"async\" width=\"253\" height=\"230\" src=\"https:\/\/neuronup.com\/fr\/wp-content\/uploads\/2026\/03\/Capture-decran-2026-03-03-160917.webp\" class=\"entry-image size-landscape-sm\" alt=\"\" \/><\/a><div class=\"entry-wrap entry-wrap-grid\"><h3 class=\"entry-title\" itemprop=\"headline\"><a class=\"entry-title-link\" href=\"https:\/\/neuronup.com\/fr\/activites-de-neuro-reeducation\/nouvelle-activite-attention-selective-adultes\/\" rel=\"bookmark\">Nouvelle activit\u00e9 Attention s\u00e9lective (Adultes)<\/a><\/h3>\n<\/div><\/article><article class=\"entry entry-grid is-column has-entry-link has-image has-image-first type-post category-activites-de-cognition-sociale tag-activites-de-stimulation-cognitive tag-cognition-sociale tag-fonctions-executives\" style=\"--entry-index:3;\" aria-label=\"La cognition sociale ou comment comprendre les personnes : exercices de cognition sociale\" itemscope itemtype=\"https:\/\/schema.org\/CreativeWork\"><a class=\"entry-image-link\" href=\"https:\/\/neuronup.com\/fr\/activites-de-neuro-reeducation\/activites-pour-les-fonctions-cognitives\/activites-de-cognition-sociale\/la-cognition-sociale-ou-comment-comprendre-les-personnes-exercices-de-cognition-sociale\/\" tabindex=\"-1\" aria-hidden=\"true\"><img decoding=\"async\" width=\"396\" height=\"300\" src=\"https:\/\/neuronup.com\/fr\/wp-content\/uploads\/2022\/06\/Reaccion-emocional-ante-situaciones.webp\" class=\"entry-image size-landscape-sm\" alt=\"R\u00e9action \u00e9motionnelle face aux situations : Exercice de cognition sociale\" srcset=\"https:\/\/neuronup.com\/fr\/wp-content\/uploads\/2022\/06\/Reaccion-emocional-ante-situaciones-300x227.webp 300w, https:\/\/neuronup.com\/fr\/wp-content\/uploads\/2022\/06\/Reaccion-emocional-ante-situaciones-768x582.webp 768w, https:\/\/neuronup.com\/fr\/wp-content\/uploads\/2022\/06\/Reaccion-emocional-ante-situaciones-1024x776.webp 1024w, https:\/\/neuronup.com\/fr\/wp-content\/uploads\/2022\/06\/Reaccion-emocional-ante-situaciones.webp 1148w\" sizes=\"(max-width:599px) 599px, (min-width:600px) and (max-width: 799px) 799px, (min-width:800px) and (max-width: 999px) 333px, (min-width:1000px) 400px\" \/><\/a><div class=\"entry-wrap entry-wrap-grid\"><h3 class=\"entry-title\" itemprop=\"headline\"><a class=\"entry-title-link\" href=\"https:\/\/neuronup.com\/fr\/activites-de-neuro-reeducation\/activites-pour-les-fonctions-cognitives\/activites-de-cognition-sociale\/la-cognition-sociale-ou-comment-comprendre-les-personnes-exercices-de-cognition-sociale\/\" rel=\"bookmark\">La cognition sociale ou comment comprendre les personnes : exercices de cognition sociale<\/a><\/h3>\n<\/div><\/article><article class=\"entry entry-grid is-column has-entry-link has-image has-image-first type-post category-activites-pour-les-enfants-ayant-des-besoins-particuliers tag-activites-de-stimulation-cognitive tag-activites-de-stimulation-cognitive-pour-enfants tag-enfants\" style=\"--entry-index:4;\" aria-label=\"7+1 activit\u00e9s pour enfants avec des besoins \u00e9ducatifs sp\u00e9ciaux\" itemscope itemtype=\"https:\/\/schema.org\/CreativeWork\"><a class=\"entry-image-link\" href=\"https:\/\/neuronup.com\/fr\/activites-de-neuro-reeducation\/activites-pour-les-enfants-ayant-des-besoins-particuliers\/71-activites-pour-enfants-a-besoins-educatifs-speciaux\/\" tabindex=\"-1\" aria-hidden=\"true\"><img decoding=\"async\" width=\"400\" height=\"298\" src=\"https:\/\/neuronup.com\/fr\/wp-content\/uploads\/2022\/07\/Prepara-la-mochila.webp\" class=\"entry-image size-landscape-sm\" alt=\"Activit\u00e9 Pr\u00e9pare le sac \u00e0 dos pour les enfants ayant des besoins \u00e9ducatifs particuliers\" srcset=\"https:\/\/neuronup.com\/fr\/wp-content\/uploads\/2022\/07\/Prepara-la-mochila-300x224.webp 300w, https:\/\/neuronup.com\/fr\/wp-content\/uploads\/2022\/07\/Prepara-la-mochila-768x572.webp 768w, https:\/\/neuronup.com\/fr\/wp-content\/uploads\/2022\/07\/Prepara-la-mochila-1024x763.webp 1024w, https:\/\/neuronup.com\/fr\/wp-content\/uploads\/2022\/07\/Prepara-la-mochila.webp 1255w\" sizes=\"(max-width:599px) 599px, (min-width:600px) and (max-width: 799px) 799px, (min-width:800px) and (max-width: 999px) 333px, (min-width:1000px) 400px\" \/><\/a><div class=\"entry-wrap entry-wrap-grid\"><h3 class=\"entry-title\" itemprop=\"headline\"><a class=\"entry-title-link\" href=\"https:\/\/neuronup.com\/fr\/activites-de-neuro-reeducation\/activites-pour-les-enfants-ayant-des-besoins-particuliers\/71-activites-pour-enfants-a-besoins-educatifs-speciaux\/\" rel=\"bookmark\">7+1 activit\u00e9s pour enfants avec des besoins \u00e9ducatifs sp\u00e9ciaux<\/a><\/h3>\n<\/div><\/article><article class=\"entry entry-grid is-column has-entry-link has-image has-image-first type-post category-activites-de-cognition-sociale tag-activites-de-stimulation-cognitive tag-activites-de-stimulation-cognitive-pour-enfants tag-cognition-sociale\" style=\"--entry-index:5;\" aria-label=\"Exercices de cognition sociale pour enfants\" itemscope itemtype=\"https:\/\/schema.org\/CreativeWork\"><a class=\"entry-image-link\" href=\"https:\/\/neuronup.com\/fr\/activites-de-neuro-reeducation\/activites-pour-les-fonctions-cognitives\/activites-de-cognition-sociale\/exercices-de-cognition-sociale-pour-enfants\/\" tabindex=\"-1\" aria-hidden=\"true\"><img decoding=\"async\" width=\"400\" height=\"273\" src=\"https:\/\/neuronup.com\/fr\/wp-content\/uploads\/2022\/08\/Que-esperan-encontrar-4-1.webp\" class=\"entry-image size-landscape-sm\" alt=\"Exercices de cognition sociale pour enfants\" srcset=\"https:\/\/neuronup.com\/fr\/wp-content\/uploads\/2022\/08\/Que-esperan-encontrar-4-1-300x205.webp 300w, https:\/\/neuronup.com\/fr\/wp-content\/uploads\/2022\/08\/Que-esperan-encontrar-4-1-768x524.webp 768w, https:\/\/neuronup.com\/fr\/wp-content\/uploads\/2022\/08\/Que-esperan-encontrar-4-1-1024x699.webp 1024w, https:\/\/neuronup.com\/fr\/wp-content\/uploads\/2022\/08\/Que-esperan-encontrar-4-1.webp 1205w\" sizes=\"(max-width:599px) 599px, (min-width:600px) and (max-width: 799px) 799px, (min-width:800px) and (max-width: 999px) 333px, (min-width:1000px) 400px\" \/><\/a><div class=\"entry-wrap entry-wrap-grid\"><h3 class=\"entry-title\" itemprop=\"headline\"><a class=\"entry-title-link\" href=\"https:\/\/neuronup.com\/fr\/activites-de-neuro-reeducation\/activites-pour-les-fonctions-cognitives\/activites-de-cognition-sociale\/exercices-de-cognition-sociale-pour-enfants\/\" rel=\"bookmark\">Exercices de cognition sociale pour enfants<\/a><\/h3>\n<\/div><\/article><article class=\"entry entry-grid is-column has-entry-link has-image has-image-first type-post category-activites-de-cognition-sociale tag-activites-de-stimulation-cognitive tag-activites-de-stimulation-cognitive-pour-enfants tag-actualites-de-neuronup tag-cognition-sociale tag-enfants tag-intelligence-emotionnelle\" style=\"--entry-index:6;\" aria-label=\"Activit\u00e9 pour identifier les \u00e9motions : Devinez le visage ?\" itemscope itemtype=\"https:\/\/schema.org\/CreativeWork\"><a class=\"entry-image-link\" href=\"https:\/\/neuronup.com\/fr\/activites-de-neuro-reeducation\/activites-pour-les-fonctions-cognitives\/activites-de-cognition-sociale\/activite-pour-identifier-les-emotions\/\" tabindex=\"-1\" aria-hidden=\"true\"><img decoding=\"async\" width=\"400\" height=\"283\" src=\"https:\/\/neuronup.com\/fr\/wp-content\/uploads\/2022\/09\/Actividad-para-identificar-emociones-de-NeuronUP-Adivinas-la-cara-1-1-1.webp\" class=\"entry-image size-landscape-sm\" alt=\"Activit\u00e9 pour identifier les \u00e9motions de NeuronUP Tu devines le visage\" srcset=\"https:\/\/neuronup.com\/fr\/wp-content\/uploads\/2022\/09\/Actividad-para-identificar-emociones-de-NeuronUP-Adivinas-la-cara-1-1-1-300x212.webp 300w, https:\/\/neuronup.com\/fr\/wp-content\/uploads\/2022\/09\/Actividad-para-identificar-emociones-de-NeuronUP-Adivinas-la-cara-1-1-1-768x543.webp 768w, https:\/\/neuronup.com\/fr\/wp-content\/uploads\/2022\/09\/Actividad-para-identificar-emociones-de-NeuronUP-Adivinas-la-cara-1-1-1-1024x724.webp 1024w, https:\/\/neuronup.com\/fr\/wp-content\/uploads\/2022\/09\/Actividad-para-identificar-emociones-de-NeuronUP-Adivinas-la-cara-1-1-1.webp 1200w\" sizes=\"(max-width:599px) 599px, (min-width:600px) and (max-width: 799px) 799px, (min-width:800px) and (max-width: 999px) 333px, (min-width:1000px) 400px\" \/><\/a><div class=\"entry-wrap entry-wrap-grid\"><h3 class=\"entry-title\" itemprop=\"headline\"><a class=\"entry-title-link\" href=\"https:\/\/neuronup.com\/fr\/activites-de-neuro-reeducation\/activites-pour-les-fonctions-cognitives\/activites-de-cognition-sociale\/activite-pour-identifier-les-emotions\/\" rel=\"bookmark\">Activit\u00e9 pour identifier les \u00e9motions : Devinez le visage ?<\/a><\/h3>\n<\/div><\/article><\/div><\/div>","protected":false},"excerpt":{"rendered":"<p>Les utilisateurs du Centre de R\u00e9f\u00e9rence National pour les L\u00e9sions C\u00e9r\u00e9brales nous donnent leur avis sur NeuronUP. \u00ab\u00a0On dirait que c&rsquo;est fait pour moi\u00a0\u00bb (commentaire d&rsquo;un ancien utilisateur du CEADAC qui a assist\u00e9 \u00e0 la pr\u00e9sentation de la plateforme). Vendredi, nous avons eu le plaisir de pr\u00e9senter notre plateforme au Centre de r\u00e9f\u00e9rence de l&rsquo;Etat &hellip;<\/p>\n","protected":false},"author":7,"featured_media":33770,"comment_status":"open","ping_status":"closed","sticky":false,"template":"","format":"standard","meta":{"_acf_changed":false,"_genesis_hide_title":false,"_genesis_hide_breadcrumbs":false,"_genesis_hide_singular_image":false,"_genesis_hide_footer_widgets":false,"_genesis_custom_body_class":"","_genesis_custom_post_class":"","_genesis_layout":"","footnotes":""},"categories":[574],"tags":[798,775],"class_list":{"2":"type-post","7":"category-avc","8":"tag-lesions-cerebrales-acquises","9":"tag-temoignages","10":"entry"},"acf":[],"_links":{"self":[{"href":"https:\/\/neuronup.com\/fr\/wp-json\/wp\/v2\/posts\/9325","targetHints":{"allow":["GET"]}}],"collection":[{"href":"https:\/\/neuronup.com\/fr\/wp-json\/wp\/v2\/posts"}],"about":[{"href":"https:\/\/neuronup.com\/fr\/wp-json\/wp\/v2\/types\/post"}],"author":[{"embeddable":true,"href":"https:\/\/neuronup.com\/fr\/wp-json\/wp\/v2\/users\/7"}],"replies":[{"embeddable":true,"href":"https:\/\/neuronup.com\/fr\/wp-json\/wp\/v2\/comments?post=9325"}],"version-history":[{"count":0,"href":"https:\/\/neuronup.com\/fr\/wp-json\/wp\/v2\/posts\/9325\/revisions"}],"wp:featuredmedia":[{"embeddable":true,"href":"https:\/\/neuronup.com\/fr\/wp-json\/wp\/v2\/media\/33770"}],"wp:attachment":[{"href":"https:\/\/neuronup.com\/fr\/wp-json\/wp\/v2\/media?parent=9325"}],"wp:term":[{"taxonomy":"category","embeddable":true,"href":"https:\/\/neuronup.com\/fr\/wp-json\/wp\/v2\/categories?post=9325"},{"taxonomy":"post_tag","embeddable":true,"href":"https:\/\/neuronup.com\/fr\/wp-json\/wp\/v2\/tags?post=9325"}],"curies":[{"name":"wp","href":"https:\/\/api.w.org\/{rel}","templated":true}]}}