{"id":9306,"date":"2024-04-16T08:00:00","date_gmt":"2024-04-16T08:00:00","guid":{"rendered":"https:\/\/neuronup.com\/fr\/?p=9306"},"modified":"2026-01-29T17:36:09","modified_gmt":"2026-01-29T15:36:09","slug":"la-neuroreadaptation-en-cas-de-lesions-cerebrales-double-tache-et-nouvelles-technologies","status":"publish","type":"post","link":"https:\/\/neuronup.com\/fr\/actualites-de-la-stimulation-cognitive\/lesions-cerebrales\/la-neuroreadaptation-en-cas-de-lesions-cerebrales-double-tache-et-nouvelles-technologies\/","title":{"rendered":"La neuror\u00e9adaptation en cas de l\u00e9sions c\u00e9r\u00e9brales: double t\u00e2che et nouvelles technologies"},"content":{"rendered":"\n<p style=\"font-size:25px\">Loles Villalobos, neuropsychologue clinique au Centre Europ\u00e9en des Neurosciences, explique dans cet article <strong>l&rsquo;utilisation de la double t\u00e2che et des nouvelles technologies pour la neuror\u00e9habilitation en cas de l\u00e9sions c\u00e9r\u00e9brales<\/strong>.<\/p>\n\n\n\n<p>La r\u00e9alisation d&rsquo;<strong>activit\u00e9s de neuror\u00e9habilitation<\/strong> n\u00e9cessitant l&rsquo;implication de diff\u00e9rents processus permet une approche plus compl\u00e8te et plus proche de la r\u00e9alit\u00e9 du fonctionnement de notre cerveau et de la fa\u00e7on dont il r\u00e9cup\u00e8re apr\u00e8s avoir subi une <strong>l\u00e9sion c\u00e9r\u00e9brale<\/strong>. Aujourd&rsquo;hui, les nouvelles technologies nous permettent de r\u00e9aliser ces t\u00e2ches int\u00e9gr\u00e9es de mani\u00e8re efficace et motivante pour les patients. Nous obtenons ainsi de meilleurs r\u00e9sultats dans le processus de r\u00e9adaptation.<\/p>\n\n\n\n<h2 class=\"wp-block-heading\">L\u00e9sions c\u00e9r\u00e9brales et neuror\u00e9habilitation<\/h2>\n\n\n\n<p>Souffrir d&rsquo;une l\u00e9sion c\u00e9r\u00e9brale affecte g\u00e9n\u00e9ralement les patients dans diff\u00e9rentes sph\u00e8res de fonctionnement, dont les plus courantes sont <strong>motrices, cognitives, \u00e9motionnelles et comportementales<\/strong> (Wilson et al., 2017). Cette d\u00e9ficience entra\u00eene des changements significatifs dans leur fonctionnement quotidien, ainsi que dans celui des membres de leur famille (D&rsquo;Ippolito et al., 2018).<\/p>\n\n\n\n<p>Traditionnellement, en neuror\u00e9habilitation, chaque professionnel intervient dans la sph\u00e8re qui lui correspond. \u00c0 de nombreuses reprises, les physioth\u00e9rapeutes, les ergoth\u00e9rapeutes, les orthophonistes, les neuropsychologues, etc. ont adopt\u00e9 une approche id\u00e9alement coordonn\u00e9e et compl\u00e9mentaire, mais ind\u00e9pendante. Cependant, <strong>le cerveau humain fonctionne de mani\u00e8re int\u00e9gr\u00e9e<\/strong>, les diff\u00e9rents processus sont interconnect\u00e9s, par exemple, toute activit\u00e9 motrice relativement complexe n\u00e9cessite une performance cognitive adapt\u00e9e afin d&rsquo;\u00eatre ex\u00e9cut\u00e9e le plus efficacement possible.<\/p>\n\n\n\n<p>Ainsi, dans la vie quotidienne, nous n&rsquo;effectuons jamais une activit\u00e9 telle que la marche de mani\u00e8re isol\u00e9e, car nous pensons en m\u00eame temps \u00e0 l&rsquo;endroit o\u00f9 nous allons, \u00e0 l&rsquo;endroit o\u00f9 nous devons aller, \u00e0 ce que nous ferons une fois arriv\u00e9s \u00e0 destination, ou m\u00eame \u00e0 parler \u00e0 notre compagnon. De la m\u00eame mani\u00e8re, lors d&rsquo;une activit\u00e9 comme la cuisine, nous devons nous lever, nous d\u00e9placer dans la cuisine, utiliser nos mains pour manipuler les aliments et les ustensiles, et en m\u00eame temps planifier les diff\u00e9rentes \u00e9tapes de la recette, nous souvenir de l&#8217;emplacement des ingr\u00e9dients, de l&rsquo;\u00e9tape que nous avons r\u00e9alis\u00e9e, de celle qui vient ensuite, etc.<\/p>\n\n\n\n<h2 class=\"wp-block-heading\">Le paradigme de la double t\u00e2che<\/h2>\n\n\n\n<p>Il s&rsquo;agit d&rsquo;un ph\u00e9nom\u00e8ne courant dans notre vie quotidienne, que nous devons transposer au niveau de la <strong>neuror\u00e9habilitation des l\u00e9sions c\u00e9r\u00e9brales<\/strong>, et l&rsquo;inclure dans les programmes, les activit\u00e9s et les proc\u00e9dures qui int\u00e8grent les diff\u00e9rents processus. Partant de cette id\u00e9e, depuis quelques ann\u00e9es, en neuror\u00e9habilitation, il est courant d&rsquo;utiliser le <strong>paradigme de la double t\u00e2che<\/strong> (Woollacott &amp; Shumway-Cook, 2002)<strong>,<\/strong> dans lequel le patient, dans le cadre de son activit\u00e9 de r\u00e9habilitation, doit r\u00e9aliser <strong>simultan\u00e9ment et de mani\u00e8re coordonn\u00e9e<\/strong> plusieurs <strong>t\u00e2ches<\/strong>, g\u00e9n\u00e9ralement une \u00e0 composante<strong> motrice<\/strong> et une autre \u00e0 composante<strong> cognitive<\/strong>.<\/p>\n\n\n\n<h3 class=\"wp-block-heading\">Adaptation des doubles t\u00e2ches au profil du patient c\u00e9r\u00e9bro-l\u00e9s\u00e9<\/h3>\n\n\n\n<p><span style=\"font-size: revert; color: initial;\">Chez un patient qui, apr\u00e8s une l\u00e9sion c\u00e9r\u00e9brale, a des difficult\u00e9s \u00e0 marcher correctement, ainsi que des probl\u00e8mes <\/span><strong style=\"font-size: revert; color: initial;\">attentionnels<\/strong><span style=\"font-size: revert; color: initial;\"> ou divers processus de <\/span><strong><a href=\"https:\/\/neuronup.com\/fr\/domaines-dintervention\/fonctions-cognitives\/fonctions-executives\/\">fonctions ex\u00e9cutives<\/a><\/strong><span style=\"font-size: revert; color: initial;\">, il est courant de mener des activit\u00e9s dans lesquelles, pendant que le patient marche dans un environnement plus ou moins complexe (qui peut \u00eatre modifi\u00e9 de mani\u00e8re s\u00e9quentielle), on lui demande d&rsquo;effectuer certaines t\u00e2ches plus ou moins exigeantes sur <\/span><strong style=\"font-size: revert; color: initial;\">le plan cognitif<\/strong><span style=\"font-size: revert; color: initial;\">, comme compter le nombre de fois que le th\u00e9rapeute fait un certain geste ou dit un mot, effectuer des calculs mentaux, ou parler au t\u00e9l\u00e9phone. L&rsquo;utilisation de ces <\/span><strong style=\"font-size: revert; color: initial;\">doubles t\u00e2ches dans le cadre du programme de r\u00e9adaptation des patients souffrant de l\u00e9sions c\u00e9r\u00e9brales s&rsquo;est av\u00e9r\u00e9e efficace <\/strong><span style=\"font-size: revert; color: initial;\">(Kim et al., 2014; Park &amp; Lee, 2019)<\/span><strong style=\"font-size: revert; color: initial;\">.<\/strong><\/p>\n\n\n\n<p>Nous travaillons parfois avec des patients pr\u00e9sentant un niveau \u00e9lev\u00e9 de d\u00e9ficience apr\u00e8s une l\u00e9sion c\u00e9r\u00e9brale, et nous pourrions penser que l&rsquo;utilisation de ce type de t\u00e2che n&rsquo;est pas appropri\u00e9e ou qu&rsquo;elle est difficile \u00e0 r\u00e9aliser. Cependant, la possibilit\u00e9 d&rsquo;<strong>adapter et d&rsquo;ajuster<\/strong> ce type de t\u00e2che est tr\u00e8s large. En fait, nous avons pu l&rsquo;utiliser avec la plupart des patients ayant subi des l\u00e9sions c\u00e9r\u00e9brales.<\/p>\n\n\n\n<h4 class=\"wp-block-heading\">Un cas de l\u00e9sion c\u00e9r\u00e9brale apr\u00e8s un accident de circulation<\/h4>\n\n\n\n<p>Au <strong>Centre Europ\u00e9en des Neurosciences (CEN)<\/strong>, un centre de neuror\u00e9habilitation intensive situ\u00e9 \u00e0 Madrid, nous travaillons actuellement avec un patient souffrant de l\u00e9sions c\u00e9r\u00e9brales qui, \u00e0 la suite d&rsquo;un tr\u00e8s grave accident de la circulation, est gravement <strong>affect\u00e9 au niveau moteur<\/strong> (en plus de <strong>s\u00e9quelles cognitives et \u00e9motionnelles<\/strong>). L&rsquo;objectif actuel \u00e0 ce niveau est de pouvoir se tenir debout avec le moins d&rsquo;aide possible. Cependant, en raison de la douleur dans sa jambe due \u00e0 la gravit\u00e9 de la blessure qu&rsquo;il a subie, du nombre de fractures et du temps pass\u00e9 au lit, cela devient une t\u00e2che vraiment complexe et difficile pour lui.<\/p>\n\n\n\n<p>La r\u00e9alisation d&rsquo;une <strong>activit\u00e9 cognitive simultan\u00e9e<\/strong>, outre le b\u00e9n\u00e9fice de l&rsquo;activit\u00e9 elle-m\u00eame, produit dans ce cas une <strong>r\u00e9orientation de l&rsquo;attention<\/strong> vers cette activit\u00e9, une moindre concentration sur la douleur, et par cons\u00e9quent un plus grand b\u00e9n\u00e9fice de l&rsquo;<strong>exercice moteur en position debout<\/strong>. Par exemple, se tenir debout seul, en se concentrant sur la posture et le temps pass\u00e9, est possible pendant cinq ou dix minutes; cependant, en effectuant une activit\u00e9 cognitive simultan\u00e9e, le patient c\u00e9r\u00e9bro-l\u00e9s\u00e9 peut la maintenir et l&rsquo;effectuer efficacement pendant plus d&rsquo;une demi-heure.<\/p>\n\n\n\n<div style=\"height:50px\" aria-hidden=\"true\" class=\"wp-block-spacer\"><\/div>\n\n\n\n<div class=\"wp-block-group br-0111 has-primary-background-color has-background has-dark-background has-sm-padding-top has-sm-padding-left has-sm-padding-right has-xxl-margin-top\"><div class=\"wp-block-group__inner-container is-layout-constrained wp-block-group-is-layout-constrained\">\n<div class=\"wp-block-columns is-layout-flex wp-container-core-columns-is-layout-9d6595d7 wp-block-columns-is-layout-flex\">\n<div class=\"wp-block-column is-layout-flow wp-block-column-is-layout-flow\">\n<figure class=\"wp-block-image size-full desktop-position-absolute desktop-bottom-0 mobile-width-50 mobile-m-inline-auto has-xl-margin-top\"><img decoding=\"async\" width=\"292\" height=\"338\" src=\"https:\/\/neuronup.com\/fr\/wp-content\/uploads\/2024\/10\/certificat-produit.webp\" alt=\"\" class=\"wp-image-31568\" srcset=\"https:\/\/neuronup.com\/fr\/wp-content\/uploads\/2024\/10\/certificat-produit-259x300.webp 259w, https:\/\/neuronup.com\/fr\/wp-content\/uploads\/2024\/10\/certificat-produit.webp 292w\" sizes=\"(max-width: 292px) 100vw, 292px\" \/><\/figure>\n<\/div>\n\n\n\n<div class=\"wp-block-column is-layout-flow wp-block-column-is-layout-flow\">\n<h2 class=\"wp-block-heading has-white-color has-text-color\"><strong>Abonnez-vous<\/strong> <br>\u00e0 notre <br>Newsletter<\/h2>\n\n\n\n<div class=\"wp-block-buttons is-layout-flex wp-block-buttons-is-layout-flex\">\n<div class=\"wp-block-button--1\" style=\"--button-outline-color:var(--color-white);--button-outline-color-hover:rgba(0,0,0,0.8);\"><a class=\"wp-block-button__link button button-outline   wp-element-button\" href=\"https:\/\/neuronup.com\/fr\/newsletter\/\">Abonnez-vous<\/a><\/div>\n\n<\/div>\n\n\n\n<div style=\"height:40px\" aria-hidden=\"true\" class=\"wp-block-spacer\"><\/div>\n<\/div>\n<\/div>\n<\/div><\/div>\n\n\n\n\n<div style=\"height:50px\" aria-hidden=\"true\" class=\"wp-block-spacer\"><\/div>\n\n\n\n<h3 class=\"wp-block-heading\">Double t\u00e2che et nouvelles technologies<\/h3>\n\n\n\n<p>Les nouvelles technologies sont aujourd&rsquo;hui des outils indispensables dans l&rsquo;approche des <strong>patients souffrant de l\u00e9sions c\u00e9r\u00e9brales<\/strong>. Au CEN, nous disposons d&rsquo;un grand nombre de <strong>ressources technologiques et robotiques qui aident les patients<\/strong> et leur permettent d&rsquo;avancer dans leur <strong>processus de r\u00e9habilitation<\/strong>.<\/p>\n\n\n\n<p>Pour en revenir au patient atteint de l\u00e9sions c\u00e9r\u00e9brales, il n&rsquo;est pas encore en mesure de se tenir debout de mani\u00e8re autonome, en supportant tout son poids sur ses jambes. L&rsquo;utilisation d&rsquo;un appareil tel que le <strong>Rysen<\/strong> (le seul syst\u00e8me de portage en 3D au monde, qui permet l&rsquo;<strong>\u00e9quilibre et la marche<\/strong>) permet \u00e0 l&rsquo;appareil de supporter le pourcentage souhait\u00e9 du poids du patient par le biais d&rsquo;un harnais. Cela permet de le r\u00e9guler et de <strong>le faire progresser<\/strong> progressivement, de sorte que le patient puisse supporter une part de plus en plus importante de son poids. De cette mani\u00e8re, pendant que le patient est debout, nous pouvons introduire une deuxi\u00e8me t\u00e2che <strong>cognitive<\/strong> adapt\u00e9e \u00e0 son niveau de performance.<\/p>\n\n\n\n<h4 class=\"wp-block-heading\">Travail cognitif et moteur avec NeuronUP et Rysen<\/h4>\n\n\n\n<p>En outre, au centre, nous utilisons <strong>NeuronUP<\/strong> avec certains patients qui ont besoin d&rsquo;un entra\u00eenement dans certains <strong>processus cognitifs affect\u00e9s<\/strong>. Depuis quelque temps, nous disposons \u00e9galement d&rsquo;un grand \u00e9cran tactile, qui permet aux patients de <strong>mieux interagir <\/strong>avec lui, d&rsquo;avoir <strong>une plus grande immersion et motivation<\/strong> dans son utilisation, d&rsquo;utiliser les deux membres avec une <strong>plus grande amplitude de mouvement<\/strong>, ainsi que d&rsquo;effectuer le <strong>travail debout<\/strong>.<\/p>\n\n\n\n<p>Dans le cas mentionn\u00e9 ci-dessus, alors que le patient \u00e9tait debout avec le Rysen, nous avons plac\u00e9 l&rsquo;\u00e9cran devant lui avec des <strong>activit\u00e9s NeuronUP adapt\u00e9es \u00e0 ses caract\u00e9ristiques<\/strong>. Avec lui, en raison des <strong>s\u00e9quelles cognitives dues \u00e0 la l\u00e9sion c\u00e9r\u00e9brale<\/strong>, il est important de travailler au niveau des <strong>fonctions visuelles, attentionnelles et ex\u00e9cutives<\/strong>. Dans ce sens, une activit\u00e9 tr\u00e8s utile est <strong>\u00ab\u00a0Copier des plans\u00a0\u00bb<\/strong>. Dans cette activit\u00e9, le patient doit regarder un mod\u00e8le de plan avec une s\u00e9rie de cases et le reproduire en pla\u00e7ant les \u00e9l\u00e9ments exacts \u00e0 chaque endroit correspondant.<\/p>\n\n\n\n<p>De m\u00eame, si nous voulons introduire des <strong>\u00e9l\u00e9ments mobiles<\/strong> et augmenter la demande de processus <strong>attentionnels<\/strong> plus complexes, ainsi que la <strong>m\u00e9moire de travail<\/strong>, des activit\u00e9s telles que <strong>\u00ab\u00a0Plaques\u00a0\u00bb<\/strong> sont tr\u00e8s <strong>int\u00e9ressantes et motivantes pour le patient souffrant de l\u00e9sions c\u00e9r\u00e9brales<\/strong>. Dans cette activit\u00e9, une s\u00e9rie d&rsquo;assiettes avec des chiffres se d\u00e9placent sur l&rsquo;\u00e9cran et le patient doit les chercher et les marquer du plus haut au plus bas. Cette activit\u00e9 nous permet \u00e9galement de travailler sur la <strong>supervision et le contr\u00f4le inhibiteur<\/strong>.<\/p>\n\n\n<div class=\"wp-block-image image-interface\">\n<figure class=\"aligncenter size-full\"><img decoding=\"async\" width=\"1024\" height=\"768\" src=\"https:\/\/neuronup.com\/fr\/wp-content\/uploads\/2024\/11\/NeuronUP-activite.webp\" alt=\"Personne en harnais, assist\u00e9e par deux personnes, devant un \u00e9cran tactile lors d&#039;une s\u00e9ance; donn\u00e9es affich\u00e9es et cercles color\u00e9s.\" class=\"wp-image-33765\" srcset=\"https:\/\/neuronup.com\/fr\/wp-content\/uploads\/2024\/11\/NeuronUP-activite-300x225.webp 300w, https:\/\/neuronup.com\/fr\/wp-content\/uploads\/2024\/11\/NeuronUP-activite-400x300.webp 400w, https:\/\/neuronup.com\/fr\/wp-content\/uploads\/2024\/11\/NeuronUP-activite-768x576.webp 768w, https:\/\/neuronup.com\/fr\/wp-content\/uploads\/2024\/11\/NeuronUP-activite-800x600.webp 800w, https:\/\/neuronup.com\/fr\/wp-content\/uploads\/2024\/11\/NeuronUP-activite.webp 1024w\" sizes=\"(max-width: 1024px) 100vw, 1024px\" \/><\/figure>\n<\/div>\n\n\n<p>Une autre activit\u00e9 r\u00e9cemment introduite et <strong>motivante<\/strong> pour le patient est <strong>\u00ab\u00a0Linking concepts\u00a0\u00bb,<\/strong> dans laquelle il doit faire correspondre des paires de mots en fonction de leur relation s\u00e9mantique. Cette activit\u00e9 nous permet de travailler sur le <strong>raisonnement<\/strong> au niveau <strong>cognitif<\/strong> et au niveau <strong>moteur <\/strong>sur le <strong>mouvement des membres sup\u00e9rieurs avec une plus grande amplitude de mouvement du bras<\/strong>, car le patient doit faire glisser les mots sur l&rsquo;\u00e9cran tout en les maintenant enfonc\u00e9s.<\/p>\n\n\n<div class=\"wp-block-image image-interface\">\n<figure class=\"aligncenter size-full\"><img decoding=\"async\" width=\"1024\" height=\"768\" src=\"https:\/\/neuronup.com\/fr\/wp-content\/uploads\/2024\/11\/Activitee-NeuronUP.webp\" alt=\"Sc\u00e8ne de r\u00e9\u00e9ducation: une personne avec harnais interagit avec un \u00e9cran tactile, assist\u00e9e par deux th\u00e9rapeutes; mots coch\u00e9s en vert.\" class=\"wp-image-32873\" srcset=\"https:\/\/neuronup.com\/fr\/wp-content\/uploads\/2024\/11\/Activitee-NeuronUP-300x225.webp 300w, https:\/\/neuronup.com\/fr\/wp-content\/uploads\/2024\/11\/Activitee-NeuronUP-400x300.webp 400w, https:\/\/neuronup.com\/fr\/wp-content\/uploads\/2024\/11\/Activitee-NeuronUP-768x576.webp 768w, https:\/\/neuronup.com\/fr\/wp-content\/uploads\/2024\/11\/Activitee-NeuronUP-800x600.webp 800w, https:\/\/neuronup.com\/fr\/wp-content\/uploads\/2024\/11\/Activitee-NeuronUP.webp 1024w\" sizes=\"(max-width: 1024px) 100vw, 1024px\" \/><\/figure>\n<\/div>\n\n\n<h2 class=\"wp-block-heading\">Conclusion<\/h2>\n\n\n\n<p>De cette mani\u00e8re, nous sommes parvenus \u00e0 ce que le patient <strong>c\u00e9r\u00e9bro-l\u00e9s\u00e9<\/strong> se l\u00e8ve et effectue des activit\u00e9s pendant des <strong>p\u00e9riodes beaucoup plus longues<\/strong> que lorsqu&rsquo;aucune autre activit\u00e9 n&rsquo;\u00e9tait incorpor\u00e9e, avec un <strong>recentrage de l&rsquo;attention<\/strong>, moins ax\u00e9e sur la douleur et plus sur la demande ext\u00e9rieure. En outre, elle permet de travailler sur diff\u00e9rents <strong>processus moteurs et cognitifs<\/strong> d&rsquo;une mani\u00e8re int\u00e9gr\u00e9e, plus proche des <strong>activit\u00e9s quotidiennes<\/strong>.<\/p>\n\n\n\n<p>La <strong>neuror\u00e9habilitation des patients<\/strong> ayant subi des <strong>l\u00e9sions c\u00e9r\u00e9brales<\/strong> est un domaine en <strong>constante \u00e9volution<\/strong>. Le travail <strong>coordonn\u00e9 et int\u00e9gr\u00e9<\/strong> des diff\u00e9rents professionnels impliqu\u00e9s, qui utilisent des <strong>techniques et des outils scientifiquement prouv\u00e9s<\/strong>, ainsi que l&rsquo;utilisation de <strong>nouvelles technologies<\/strong>, nous permettent de d\u00e9velopper des <strong>programmes individualis\u00e9s<\/strong> qui aident consid\u00e9rablement le <strong>progr\u00e8s des patients<\/strong>.<\/p>\n\n\n\n<h2 class=\"wp-block-heading\">R\u00e9f\u00e9rences<\/h2>\n\n\n\n<ul class=\"wp-block-list has-sm-font-size\">\n<li class=\"has-small-font-size\">D\u2019Ippolito, M., Aloisi, M., Azicnuda, E., Silvestro, D., Giustini, M., Verni, F., Formisano, R., &amp; Bivona, U. (2018). Changes in Caregivers Lifestyle after Severe Acquired Brain Injury: A Preliminary Investigation. <em>BioMed Research International<\/em>, <em>1<\/em>, 1\u201314. https:\/\/doi.org\/10.1155\/2018\/2824081<\/li>\n\n\n\n<li class=\"has-small-font-size\">Kim, G. Y., Han, M. R., &amp; Lee, H. G. (2014). Effect of dual-task rehabilitative training on cognitive and motor function of stroke patients. <em>Journal of Physical Therapy Science<\/em>, <em>26<\/em>(1), 1\u20136. https:\/\/doi.org\/10.1589\/jpts.26.1<\/li>\n\n\n\n<li class=\"has-small-font-size\">Park, M. O., &amp; Lee, S. H. (2019). Effect of a dual-task program with different cognitive tasks applied to stroke patients: A pilot randomized controlled trial. <em>NeuroRehabilitation<\/em>, <em>44<\/em>(2), 239\u2013249. https:\/\/doi.org\/10.3233\/NRE-182563<\/li>\n\n\n\n<li class=\"has-small-font-size\">Wilson, L., Stewart, W., Dams-O\u2019Connor, K., Diaz-Arrastia, R., Horton, L., Menon, D. K., &amp; Polinder, S. (2017). The chronic and evolving neurological consequences of traumatic brain injury. <em>The Lancet Neurology<\/em>, <em>16<\/em>(10), 813\u2013825. https:\/\/doi.org\/10.1016\/S1474-4422(17)30279-X<\/li>\n\n\n\n<li class=\"has-small-font-size\">Woollacott, M &amp; Shumway-Cook, A. (2002). Attention and the control of posture and gait: a review of an emerging area of research. <em>Gait Posture, 16<\/em>: 1\u201314. https:\/\/doi.org\/10.1016\/S0966-6362(01)00156-4<\/li>\n<\/ul>\n\n\n<div class=\"mai-grid entries entries-grid has-boxed has-image-full\" style=\"--entry-title-font-size:var(--font-size-lg);--align-text:start;--entry-meta-text-align:start;\"><div class=\"entries-wrap has-columns\" style=\"--columns-xs:1\/1;--columns-sm:1\/1;--columns-md:1\/3;--columns-lg:1\/3;--flex-xs:0 0 var(--flex-basis);--flex-sm:0 0 var(--flex-basis);--flex-md:0 0 var(--flex-basis);--flex-lg:0 0 var(--flex-basis);--column-gap:var(--spacing-lg);--row-gap:var(--spacing-lg);--align-columns:start;\"><article class=\"entry entry-grid is-column has-entry-link has-image has-image-first type-post category-activites-de-la-vie-quotidienne category-nouveautes-neuronup tag-activites-de-stimulation-cognitive tag-activites-de-stimulation-cognitive-pour-enfants tag-adulte tag-enfants tag-remediation-cognitive\" style=\"--entry-index:1;\" aria-label=\"Nouvelles activit\u00e9s NeuronUP : entra\u00eenez les fonctions cognitives dans des situations du quotidien\" itemscope itemtype=\"https:\/\/schema.org\/CreativeWork\"><a class=\"entry-image-link\" href=\"https:\/\/neuronup.com\/fr\/nouveautes-neuronup\/nouvelles-activites-neuronup-entrainez-les-fonctions-cognitives-dans-des-situations-du-quotidien\/\" tabindex=\"-1\" aria-hidden=\"true\"><img decoding=\"async\" width=\"400\" height=\"202\" src=\"https:\/\/neuronup.com\/fr\/wp-content\/uploads\/2026\/03\/Capture-decran-2026-03-30-111842-400x202.webp\" class=\"entry-image size-landscape-sm\" alt=\"\" \/><\/a><div class=\"entry-wrap entry-wrap-grid\"><h3 class=\"entry-title\" itemprop=\"headline\"><a class=\"entry-title-link\" href=\"https:\/\/neuronup.com\/fr\/nouveautes-neuronup\/nouvelles-activites-neuronup-entrainez-les-fonctions-cognitives-dans-des-situations-du-quotidien\/\" rel=\"bookmark\">Nouvelles activit\u00e9s NeuronUP : entra\u00eenez les fonctions cognitives dans des situations du quotidien<\/a><\/h3>\n<\/div><\/article><article class=\"entry entry-grid is-column has-entry-link has-image has-image-first type-post category-activites-dattention category-activites-de-neuro-reeducation category-activites-pour-les-fonctions-cognitives tag-adulte\" style=\"--entry-index:2;\" aria-label=\"Nouvelle activit\u00e9 Attention s\u00e9lective (Adultes)\" itemscope itemtype=\"https:\/\/schema.org\/CreativeWork\"><a class=\"entry-image-link\" href=\"https:\/\/neuronup.com\/fr\/activites-de-neuro-reeducation\/nouvelle-activite-attention-selective-adultes\/\" tabindex=\"-1\" aria-hidden=\"true\"><img decoding=\"async\" width=\"253\" height=\"230\" src=\"https:\/\/neuronup.com\/fr\/wp-content\/uploads\/2026\/03\/Capture-decran-2026-03-03-160917.webp\" class=\"entry-image size-landscape-sm\" alt=\"\" \/><\/a><div class=\"entry-wrap entry-wrap-grid\"><h3 class=\"entry-title\" itemprop=\"headline\"><a class=\"entry-title-link\" href=\"https:\/\/neuronup.com\/fr\/activites-de-neuro-reeducation\/nouvelle-activite-attention-selective-adultes\/\" rel=\"bookmark\">Nouvelle activit\u00e9 Attention s\u00e9lective (Adultes)<\/a><\/h3>\n<\/div><\/article><article class=\"entry entry-grid is-column has-entry-link has-image has-image-first type-post category-activites-de-cognition-sociale tag-activites-de-stimulation-cognitive tag-cognition-sociale tag-fonctions-executives\" style=\"--entry-index:3;\" aria-label=\"La cognition sociale ou comment comprendre les personnes : exercices de cognition sociale\" itemscope itemtype=\"https:\/\/schema.org\/CreativeWork\"><a class=\"entry-image-link\" href=\"https:\/\/neuronup.com\/fr\/activites-de-neuro-reeducation\/activites-pour-les-fonctions-cognitives\/activites-de-cognition-sociale\/la-cognition-sociale-ou-comment-comprendre-les-personnes-exercices-de-cognition-sociale\/\" tabindex=\"-1\" aria-hidden=\"true\"><img decoding=\"async\" width=\"396\" height=\"300\" src=\"https:\/\/neuronup.com\/fr\/wp-content\/uploads\/2022\/06\/Reaccion-emocional-ante-situaciones.webp\" class=\"entry-image size-landscape-sm\" alt=\"R\u00e9action \u00e9motionnelle face aux situations : Exercice de cognition sociale\" srcset=\"https:\/\/neuronup.com\/fr\/wp-content\/uploads\/2022\/06\/Reaccion-emocional-ante-situaciones-300x227.webp 300w, https:\/\/neuronup.com\/fr\/wp-content\/uploads\/2022\/06\/Reaccion-emocional-ante-situaciones-768x582.webp 768w, https:\/\/neuronup.com\/fr\/wp-content\/uploads\/2022\/06\/Reaccion-emocional-ante-situaciones-1024x776.webp 1024w, https:\/\/neuronup.com\/fr\/wp-content\/uploads\/2022\/06\/Reaccion-emocional-ante-situaciones.webp 1148w\" sizes=\"(max-width:599px) 599px, (min-width:600px) and (max-width: 799px) 799px, (min-width:800px) and (max-width: 999px) 333px, (min-width:1000px) 400px\" \/><\/a><div class=\"entry-wrap entry-wrap-grid\"><h3 class=\"entry-title\" itemprop=\"headline\"><a class=\"entry-title-link\" href=\"https:\/\/neuronup.com\/fr\/activites-de-neuro-reeducation\/activites-pour-les-fonctions-cognitives\/activites-de-cognition-sociale\/la-cognition-sociale-ou-comment-comprendre-les-personnes-exercices-de-cognition-sociale\/\" rel=\"bookmark\">La cognition sociale ou comment comprendre les personnes : exercices de cognition sociale<\/a><\/h3>\n<\/div><\/article><article class=\"entry entry-grid is-column has-entry-link has-image has-image-first type-post category-activites-pour-les-enfants-ayant-des-besoins-particuliers tag-activites-de-stimulation-cognitive tag-activites-de-stimulation-cognitive-pour-enfants tag-enfants\" style=\"--entry-index:4;\" aria-label=\"7+1 activit\u00e9s pour enfants avec des besoins \u00e9ducatifs sp\u00e9ciaux\" itemscope itemtype=\"https:\/\/schema.org\/CreativeWork\"><a class=\"entry-image-link\" href=\"https:\/\/neuronup.com\/fr\/activites-de-neuro-reeducation\/activites-pour-les-enfants-ayant-des-besoins-particuliers\/71-activites-pour-enfants-a-besoins-educatifs-speciaux\/\" tabindex=\"-1\" aria-hidden=\"true\"><img decoding=\"async\" width=\"400\" height=\"298\" src=\"https:\/\/neuronup.com\/fr\/wp-content\/uploads\/2022\/07\/Prepara-la-mochila.webp\" class=\"entry-image size-landscape-sm\" alt=\"Activit\u00e9 Pr\u00e9pare le sac \u00e0 dos pour les enfants ayant des besoins \u00e9ducatifs particuliers\" srcset=\"https:\/\/neuronup.com\/fr\/wp-content\/uploads\/2022\/07\/Prepara-la-mochila-300x224.webp 300w, https:\/\/neuronup.com\/fr\/wp-content\/uploads\/2022\/07\/Prepara-la-mochila-768x572.webp 768w, https:\/\/neuronup.com\/fr\/wp-content\/uploads\/2022\/07\/Prepara-la-mochila-1024x763.webp 1024w, https:\/\/neuronup.com\/fr\/wp-content\/uploads\/2022\/07\/Prepara-la-mochila.webp 1255w\" sizes=\"(max-width:599px) 599px, (min-width:600px) and (max-width: 799px) 799px, (min-width:800px) and (max-width: 999px) 333px, (min-width:1000px) 400px\" \/><\/a><div class=\"entry-wrap entry-wrap-grid\"><h3 class=\"entry-title\" itemprop=\"headline\"><a class=\"entry-title-link\" href=\"https:\/\/neuronup.com\/fr\/activites-de-neuro-reeducation\/activites-pour-les-enfants-ayant-des-besoins-particuliers\/71-activites-pour-enfants-a-besoins-educatifs-speciaux\/\" rel=\"bookmark\">7+1 activit\u00e9s pour enfants avec des besoins \u00e9ducatifs sp\u00e9ciaux<\/a><\/h3>\n<\/div><\/article><article class=\"entry entry-grid is-column has-entry-link has-image has-image-first type-post category-activites-de-cognition-sociale tag-activites-de-stimulation-cognitive tag-activites-de-stimulation-cognitive-pour-enfants tag-cognition-sociale\" style=\"--entry-index:5;\" aria-label=\"Exercices de cognition sociale pour enfants\" itemscope itemtype=\"https:\/\/schema.org\/CreativeWork\"><a class=\"entry-image-link\" href=\"https:\/\/neuronup.com\/fr\/activites-de-neuro-reeducation\/activites-pour-les-fonctions-cognitives\/activites-de-cognition-sociale\/exercices-de-cognition-sociale-pour-enfants\/\" tabindex=\"-1\" aria-hidden=\"true\"><img decoding=\"async\" width=\"400\" height=\"273\" src=\"https:\/\/neuronup.com\/fr\/wp-content\/uploads\/2022\/08\/Que-esperan-encontrar-4-1.webp\" class=\"entry-image size-landscape-sm\" alt=\"Exercices de cognition sociale pour enfants\" srcset=\"https:\/\/neuronup.com\/fr\/wp-content\/uploads\/2022\/08\/Que-esperan-encontrar-4-1-300x205.webp 300w, https:\/\/neuronup.com\/fr\/wp-content\/uploads\/2022\/08\/Que-esperan-encontrar-4-1-768x524.webp 768w, https:\/\/neuronup.com\/fr\/wp-content\/uploads\/2022\/08\/Que-esperan-encontrar-4-1-1024x699.webp 1024w, https:\/\/neuronup.com\/fr\/wp-content\/uploads\/2022\/08\/Que-esperan-encontrar-4-1.webp 1205w\" sizes=\"(max-width:599px) 599px, (min-width:600px) and (max-width: 799px) 799px, (min-width:800px) and (max-width: 999px) 333px, (min-width:1000px) 400px\" \/><\/a><div class=\"entry-wrap entry-wrap-grid\"><h3 class=\"entry-title\" itemprop=\"headline\"><a class=\"entry-title-link\" href=\"https:\/\/neuronup.com\/fr\/activites-de-neuro-reeducation\/activites-pour-les-fonctions-cognitives\/activites-de-cognition-sociale\/exercices-de-cognition-sociale-pour-enfants\/\" rel=\"bookmark\">Exercices de cognition sociale pour enfants<\/a><\/h3>\n<\/div><\/article><article class=\"entry entry-grid is-column has-entry-link has-image has-image-first type-post category-activites-de-cognition-sociale tag-activites-de-stimulation-cognitive tag-activites-de-stimulation-cognitive-pour-enfants tag-actualites-de-neuronup tag-cognition-sociale tag-enfants tag-intelligence-emotionnelle\" style=\"--entry-index:6;\" aria-label=\"Activit\u00e9 pour identifier les \u00e9motions : Devinez le visage ?\" itemscope itemtype=\"https:\/\/schema.org\/CreativeWork\"><a class=\"entry-image-link\" href=\"https:\/\/neuronup.com\/fr\/activites-de-neuro-reeducation\/activites-pour-les-fonctions-cognitives\/activites-de-cognition-sociale\/activite-pour-identifier-les-emotions\/\" tabindex=\"-1\" aria-hidden=\"true\"><img decoding=\"async\" width=\"400\" height=\"283\" src=\"https:\/\/neuronup.com\/fr\/wp-content\/uploads\/2022\/09\/Actividad-para-identificar-emociones-de-NeuronUP-Adivinas-la-cara-1-1-1.webp\" class=\"entry-image size-landscape-sm\" alt=\"Activit\u00e9 pour identifier les \u00e9motions de NeuronUP Tu devines le visage\" srcset=\"https:\/\/neuronup.com\/fr\/wp-content\/uploads\/2022\/09\/Actividad-para-identificar-emociones-de-NeuronUP-Adivinas-la-cara-1-1-1-300x212.webp 300w, https:\/\/neuronup.com\/fr\/wp-content\/uploads\/2022\/09\/Actividad-para-identificar-emociones-de-NeuronUP-Adivinas-la-cara-1-1-1-768x543.webp 768w, https:\/\/neuronup.com\/fr\/wp-content\/uploads\/2022\/09\/Actividad-para-identificar-emociones-de-NeuronUP-Adivinas-la-cara-1-1-1-1024x724.webp 1024w, https:\/\/neuronup.com\/fr\/wp-content\/uploads\/2022\/09\/Actividad-para-identificar-emociones-de-NeuronUP-Adivinas-la-cara-1-1-1.webp 1200w\" sizes=\"(max-width:599px) 599px, (min-width:600px) and (max-width: 799px) 799px, (min-width:800px) and (max-width: 999px) 333px, (min-width:1000px) 400px\" \/><\/a><div class=\"entry-wrap entry-wrap-grid\"><h3 class=\"entry-title\" itemprop=\"headline\"><a class=\"entry-title-link\" href=\"https:\/\/neuronup.com\/fr\/activites-de-neuro-reeducation\/activites-pour-les-fonctions-cognitives\/activites-de-cognition-sociale\/activite-pour-identifier-les-emotions\/\" rel=\"bookmark\">Activit\u00e9 pour identifier les \u00e9motions : Devinez le visage ?<\/a><\/h3>\n<\/div><\/article><\/div><\/div>","protected":false},"excerpt":{"rendered":"<p>Loles Villalobos, neuropsychologue clinique au Centre Europ\u00e9en des Neurosciences, explique dans cet article l&rsquo;utilisation de la double t\u00e2che et des nouvelles technologies pour la neuror\u00e9habilitation en cas de l\u00e9sions c\u00e9r\u00e9brales. La r\u00e9alisation d&rsquo;activit\u00e9s de neuror\u00e9habilitation n\u00e9cessitant l&rsquo;implication de diff\u00e9rents processus permet une approche plus compl\u00e8te et plus proche de la r\u00e9alit\u00e9 du fonctionnement de notre &hellip;<\/p>\n","protected":false},"author":337,"featured_media":33641,"comment_status":"open","ping_status":"closed","sticky":false,"template":"","format":"standard","meta":{"_acf_changed":false,"_genesis_hide_title":false,"_genesis_hide_breadcrumbs":false,"_genesis_hide_singular_image":false,"_genesis_hide_footer_widgets":false,"_genesis_custom_body_class":"","_genesis_custom_post_class":"","_genesis_layout":"","footnotes":""},"categories":[573],"tags":[863,999,775],"class_list":{"2":"type-post","7":"category-lesions-cerebrales","8":"tag-lesions-cerebrales","9":"tag-rehabilitation-cognitive","10":"tag-temoignages","11":"entry"},"acf":[],"_links":{"self":[{"href":"https:\/\/neuronup.com\/fr\/wp-json\/wp\/v2\/posts\/9306","targetHints":{"allow":["GET"]}}],"collection":[{"href":"https:\/\/neuronup.com\/fr\/wp-json\/wp\/v2\/posts"}],"about":[{"href":"https:\/\/neuronup.com\/fr\/wp-json\/wp\/v2\/types\/post"}],"author":[{"embeddable":true,"href":"https:\/\/neuronup.com\/fr\/wp-json\/wp\/v2\/users\/337"}],"replies":[{"embeddable":true,"href":"https:\/\/neuronup.com\/fr\/wp-json\/wp\/v2\/comments?post=9306"}],"version-history":[{"count":0,"href":"https:\/\/neuronup.com\/fr\/wp-json\/wp\/v2\/posts\/9306\/revisions"}],"wp:featuredmedia":[{"embeddable":true,"href":"https:\/\/neuronup.com\/fr\/wp-json\/wp\/v2\/media\/33641"}],"wp:attachment":[{"href":"https:\/\/neuronup.com\/fr\/wp-json\/wp\/v2\/media?parent=9306"}],"wp:term":[{"taxonomy":"category","embeddable":true,"href":"https:\/\/neuronup.com\/fr\/wp-json\/wp\/v2\/categories?post=9306"},{"taxonomy":"post_tag","embeddable":true,"href":"https:\/\/neuronup.com\/fr\/wp-json\/wp\/v2\/tags?post=9306"}],"curies":[{"name":"wp","href":"https:\/\/api.w.org\/{rel}","templated":true}]}}