{"id":9296,"date":"2024-04-09T16:39:05","date_gmt":"2024-04-09T16:39:05","guid":{"rendered":"https:\/\/neuronup.com\/fr\/?p=9296"},"modified":"2026-01-29T17:36:07","modified_gmt":"2026-01-29T15:36:07","slug":"lesions-cerebrales-acquises-lca-readaptation-et-stimulation-cognitive","status":"publish","type":"post","link":"https:\/\/neuronup.com\/fr\/actualites-de-la-stimulation-cognitive\/lesions-cerebrales\/lesions-cerebrales-acquises-lca-readaptation-et-stimulation-cognitive\/","title":{"rendered":"L\u00e9sions c\u00e9r\u00e9brales acquises (LCA): r\u00e9adaptation et stimulation cognitive"},"content":{"rendered":"\n<p class=\"has-xl-font-size\">La neuropsychologue d&rsquo;Adacebur, Ver\u00f3nica Cerd\u00e1, explique dans cet article comment elle r\u00e9alise la <strong>r\u00e9\u00e9ducation et la stimulation cognitive des l\u00e9sions c\u00e9r\u00e9brales acquises (LCA) avec NeuronUP<\/strong>.<\/p>\n\n\n\n<h2 class=\"wp-block-heading\">L\u00e9sions c\u00e9r\u00e9brales acquises ou survenantes<\/h2>\n\n\n\n<h3 class=\"wp-block-heading\">Qu&rsquo;est-que sont les LCA?<\/h3>\n\n\n\n<p>Les <strong>l\u00e9sions c\u00e9r\u00e9brales acquises<\/strong> (LCA) sont le r\u00e9sultat d&rsquo;une l\u00e9sion c\u00e9r\u00e9brale soudaine qui entra\u00eene diverses s\u00e9quelles physiques, psychologiques et sensorielles, provoquant des anomalies de la perception sensorielle, des alt\u00e9rations cognitives et des troubles \u00e9motionnels.<\/p>\n\n\n\n<h3 class=\"wp-block-heading\">Causes les plus courantes de les LCA<\/h3>\n\n\n\n<p>Les causes les plus courantes de l&rsquo;ACD sont les accidents vasculaires c\u00e9r\u00e9braux (AVC), les l\u00e9sions c\u00e9r\u00e9brales traumatiques (LCT), les tumeurs c\u00e9r\u00e9brales, les anoxies c\u00e9r\u00e9brales et les infections c\u00e9r\u00e9brales.<\/p>\n\n\n\n<h4 class=\"wp-block-heading\">AVC<\/h4>\n\n\n\n<p><strong>Interruption plus ou moins brutale de la circulation sanguine dans une r\u00e9gion du cerveau<\/strong>. Il en r\u00e9sulte une<strong> isch\u00e9mie<\/strong> et une perte de la fonction dont la zone c\u00e9r\u00e9brale affect\u00e9e est responsable.<\/p>\n\n\n\n<h4 class=\"wp-block-heading\">LCT<\/h4>\n\n\n\n<p><strong>Absorption soudaine d&rsquo;une grande quantit\u00e9 d&rsquo;\u00e9nergie cin\u00e9tique.<\/strong> Les l\u00e9sions les plus courantes sont les contusions dues \u00e0 des coups et \u00e0 des rebonds, les contusions dues \u00e0 la friction avec les structures osseuses de la base du cr\u00e2ne et les l\u00e9sions axonales diffuses. Ces types de l\u00e9sions s&rsquo;accompagnent souvent, dans un premier temps, de la formation d&rsquo;un <strong>\u0153d\u00e8me c\u00e9r\u00e9bral<\/strong> et, par la suite, d&rsquo;une perte de conscience ou d&rsquo;un \u00ab\u00a0coma\u00a0\u00bb. La profondeur et la dur\u00e9e de la perte de conscience sont deux des principaux marqueurs permettant d&rsquo;\u00e9tablir la <strong>s\u00e9v\u00e9rit\u00e9 des l\u00e9sions c\u00e9r\u00e9brales<\/strong>.<\/p>\n\n\n\n<h4 class=\"wp-block-heading\">Tumeurs c\u00e9r\u00e9brales<\/h4>\n\n\n\n<p><strong style=\"font-size: revert; color: initial;\">Groupe de cellules anormales<\/strong><span style=\"font-size: revert; color: initial;\"> qui se d\u00e9veloppent et se multiplient dans ou autour du cerveau. Les tumeurs peuvent d\u00e9truire les cellules c\u00e9r\u00e9brales saines ou les endommager indirectement en envahissant d&rsquo;autres parties du cerveau et en provoquant un <\/span><strong style=\"font-size: revert; color: initial;\">gonflement, une tum\u00e9faction du cerveau et une pression<\/strong><span style=\"font-size: revert; color: initial;\"> \u00e0 l&rsquo;int\u00e9rieur du cr\u00e2ne. Elles sont class\u00e9es en fonction de leur localisation ou des types de cellules qu&rsquo;elles impliquent. Elles peuvent \u00eatre<\/span><strong style=\"font-size: revert; color: initial;\"> b\u00e9nignes ou malignes<\/strong><span style=\"font-size: revert; color: initial;\">, en fonction de leur <\/span><strong style=\"font-size: revert; color: initial;\">vitesse de croissance<\/strong><span style=\"font-size: revert; color: initial;\"> et de la possibilit\u00e9 de les r\u00e9s\u00e9quer ou de les gu\u00e9rir par un <\/span><strong style=\"font-size: revert; color: initial;\">traitement neurochirurgical<\/strong><span style=\"font-size: revert; color: initial;\"> (ASATE).<\/span><\/p>\n\n\n\n<h3 class=\"wp-block-heading\">Probl\u00e8mes r\u00e9sultant de les LCA<\/h3>\n\n\n\n<h4 class=\"wp-block-heading\">Niveau d&rsquo;alerte<\/h4>\n\n\n\n<p>L&rsquo;<strong>\u00e9chelle de coma de Glasgow<\/strong> mesure l&rsquo;activit\u00e9, la capacit\u00e9 \u00e0 garder les yeux ouverts spontan\u00e9ment ou en r\u00e9ponse \u00e0 un stimulus, la capacit\u00e9 \u00e0 bouger un membre sur commande ou par stimulation et la capacit\u00e9 du patient \u00e0 r\u00e9pondre verbalement.<\/p>\n\n\n\n<p>Certains patients, la minorit\u00e9, ne <strong>se \u00ab\u00a0r\u00e9veillent\u00a0\u00bb<\/strong> pas <strong>du coma<\/strong> et deviennent permanents <strong>(\u00e9tat v\u00e9g\u00e9tatif<\/strong>).<\/p>\n\n\n\n<h4 class=\"wp-block-heading\">Cognition et communication<\/h4>\n\n\n\n<p>Certains de ces probl\u00e8mes peuvent \u00eatre <strong>transitoires et r\u00e9versibles<\/strong> (amn\u00e9sie post-traumatique). D&rsquo;autres peuvent conditionner l&rsquo;autonomie de la personne de mani\u00e8re permanente.<\/p>\n\n\n\n<p>Dans d&rsquo;autres cas, elle peut rester intacte, cr\u00e9ant une <strong>fausse impression de sant\u00e9<\/strong>.<\/p>\n\n\n\n<p>Dans le domaine de la communication, il peut s&rsquo;agir de difficult\u00e9s de compr\u00e9hension du langage verbal <strong>(aphasie \u00e0 pr\u00e9dominance sensorielle<\/strong>), d&rsquo;incapacit\u00e9 \u00e0 lire <strong>(alexie<\/strong>) ou de difficult\u00e9s \u00e0 prononcer un langage compr\u00e9hensible <strong>(aphasie \u00e0 pr\u00e9dominance motrice<\/strong>).<\/p>\n\n\n\n<p>Parfois, la personne est incapable de nommer les objets de la vie quotidienne <strong>(anomie<\/strong>). Les troubles du langage s&rsquo;accompagnent souvent de probl\u00e8mes de compr\u00e9hension et d&rsquo;expression.<\/p>\n\n\n\n<p>Les <strong>troubles de l&rsquo;articulation de la parole<\/strong> sont tr\u00e8s fr\u00e9quents, les points d&rsquo;articulation des phon\u00e8mes ne sont pas retrouv\u00e9s, de sorte que l&rsquo;intelligibilit\u00e9 de la parole peut \u00eatre gravement affect\u00e9e, c&rsquo;est la <strong>dysarthrie<\/strong>. D&rsquo;autres fois, c&rsquo;est l&rsquo;\u00e9mission de la voix qui pose probl\u00e8me <strong>(dysphonie<\/strong>) et la personne ne parvient \u00e0 produire qu&rsquo;un petit murmure pour communiquer.<\/p>\n\n\n\n<h4 class=\"wp-block-heading\">Contr\u00f4le du moteur<\/h4>\n\n\n\n<p><span style=\"font-size: revert; color: initial;\">La faiblesse peut concerner la partie du corps oppos\u00e9e \u00e0 l&rsquo;h\u00e9misph\u00e8re c\u00e9r\u00e9bral l\u00e9s\u00e9 : <\/span><strong style=\"font-size: revert; color: initial;\">h\u00e9mipl\u00e9gie<\/strong><span style=\"font-size: revert; color: initial;\"> (paralysie de la moiti\u00e9 du corps), <\/span><strong style=\"font-size: revert; color: initial;\">h\u00e9mipar\u00e9sie<\/strong><span style=\"font-size: revert; color: initial;\"> (perte de force et de dext\u00e9rit\u00e9 de la moiti\u00e9 du corps).<\/span><\/p>\n\n\n\n<p><strong>\u00c9motions et personnalit\u00e9<\/strong><\/p>\n\n\n\n<p>L&rsquo;<strong>instabilit\u00e9 \u00e9motionnelle, la d\u00e9pression ou la perte de contr\u00f4le<\/strong> des pleurs et des rires sont fr\u00e9quentes. En cas d&rsquo;<strong>accident vasculaire c\u00e9r\u00e9bral<\/strong>, l&rsquo;apparition d&rsquo;un <strong>syndrome d\u00e9pressif<\/strong> est particuli\u00e8rement fr\u00e9quente.<\/p>\n\n\n\n<p>Les troubles de la personnalit\u00e9 comprennent la <strong>d\u00e9sinhibition<\/strong> (incapacit\u00e9 \u00e0 r\u00e9fr\u00e9ner ses impulsions) et l&rsquo;<strong>apathie<\/strong> (indiff\u00e9rence \u00e9motionnelle, manque de motivation et inactivit\u00e9). Des <strong>troubles du comportement<\/strong>, tels que l&rsquo;agressivit\u00e9, peuvent appara\u00eetre.<\/p>\n\n\n\n<p><strong>Activit\u00e9s de base de la vie quotidienne<\/strong><\/p>\n\n\n\n<p>Des difficult\u00e9s peuvent appara\u00eetre dans les <strong>activit\u00e9s courantes que nous r\u00e9alisons au quotidien<\/strong> (toilette, robe, contr\u00f4le sphinct\u00e9rien, d\u00e9placements, etc.) Les <strong>activit\u00e9s instrumentales<\/strong> concernent le fonctionnement de la personne dans son environnement (utilisation des transports en commun, transactions bancaires, achats, d\u00e9marches administratives, travail).<\/p>\n\n\n\n<h4 class=\"wp-block-heading\">R\u00e9ception des informations<\/h4>\n\n\n\n<p>La <strong>capacit\u00e9 visuelle<\/strong> peut \u00eatre affect\u00e9e, avec un trouble du champ visuel <strong>(h\u00e9mi ou quadrantanopsie<\/strong>) ou un trouble de la convergence visuelle <strong>(diplopie<\/strong>).<\/p>\n\n\n\n<p>La personne atteinte perd la capacit\u00e9 de percevoir les <strong>stimuli visuels<\/strong> provenant de la partie de l&rsquo;espace controlat\u00e9ral \u00e0 l&rsquo;h\u00e9misph\u00e8re o\u00f9 se situe la l\u00e9sion. On parle d&rsquo;<strong>h\u00e9mianopsie<\/strong> lorsque la moiti\u00e9 du champ visuel est affect\u00e9; lorsqu&rsquo;un quadrant est affect\u00e9, on parle de <strong>quadrantanopsie<\/strong>. En ce qui concerne les probl\u00e8mes de convergence, le probl\u00e8me le plus courant est la <strong>vision double<\/strong>.<\/p>\n\n\n\n<p>Il est fr\u00e9quent, chez les personnes ayant subi un traumatisme cr\u00e2nien (TCE) et pr\u00e9sentant des l\u00e9sions situ\u00e9es dans la r\u00e9gion la plus ventrale des lobes frontaux, de <strong>perdre l&rsquo;odorat<\/strong>, ce qui est appel\u00e9 <strong>hyposmie ou anosmie<\/strong>, selon le degr\u00e9 de s\u00e9v\u00e9rit\u00e9 du sympt\u00f4me. Souvent, ces personnes d\u00e9clarent que les aliments <strong>n&rsquo;ont pas de go\u00fbt (ageusia<\/strong>) en raison de la relation \u00e9troite qui existe entre l&rsquo;odorat et le go\u00fbt.<\/p>\n\n\n\n<p>L&rsquo;<strong>audition<\/strong> est principalement affect\u00e9e dans les traumatismes cr\u00e2niens avec fracture de l&rsquo;\u00e9caille de l&rsquo;os temporal<strong>(oreille interne<\/strong>), qui est responsable du sens de l&rsquo;ou\u00efe. Le sens de l&rsquo;<strong>\u00e9quilibre<\/strong> peut \u00e9galement \u00eatre affect\u00e9, car il d\u00e9pend fortement de structures \u00e9troitement li\u00e9es \u00e0 l&rsquo;oreille interne.<\/p>\n\n\n\n<p>Le le sens du toucher est affect\u00e9 car les l\u00e9sions dont souffrent les personnes atteintes entra\u00eenent souvent des <strong>troubles sensoriels<\/strong> dans la r\u00e9gion controlat\u00e9rale du corps. Par cons\u00e9quent, il y a des difficult\u00e9s \u00e0 identifier la douleur, la chaleur et la froideur, \u00e0 recevoir des informations sur la forme des objets, leur forme, leur toucher et la sensation de toucher dans la r\u00e9gion controlat\u00e9rale du corps.<\/p>\n\n\n\n<h3 class=\"wp-block-heading\">Caract\u00e9ristiques des personnes atteintes de les LCA<\/h3>\n\n\n\n<p>En plus de ce qui a d\u00e9j\u00e0 \u00e9t\u00e9 mentionn\u00e9, il est fr\u00e9quent que les personnes atteintes de TCA aient une tr\u00e8s faible conscience de leurs s\u00e9quelles et de leurs implications, au point de s&rsquo;assurer qu&rsquo;elles sont en <strong>parfaite condition<\/strong>. Par cons\u00e9quent, des <strong>tensions<\/strong> sont g\u00e9n\u00e9r\u00e9es <strong>dans le cercle familial<\/strong>, qui tente de prot\u00e9ger la personne affect\u00e9e d&rsquo;initiatives qui pourraient \u00eatre irresponsables compte tenu de la nouvelle situation. Des situations telles que la volont\u00e9 de reprendre la conduite ou le travail sont souvent \u00e0 l&rsquo;origine de ces d\u00e9saccords.<\/p>\n\n\n\n<h2 class=\"wp-block-heading\">Association ADACEBUR<\/h2>\n\n\n\n<p>ADACEBUR est l&rsquo;<strong> association des l\u00e9sions c\u00e9r\u00e9brales acquises de Burgos<\/strong>. Elle a \u00e9t\u00e9 cr\u00e9\u00e9e en mai 2006 dans le but d&rsquo;aider les personnes souffrant d&rsquo;une l\u00e9sion c\u00e9r\u00e9brale acquise et leurs familles qui, apr\u00e8s la l\u00e9sion, ont besoin d&rsquo;<strong>informations et de conseils<\/strong> sur leur situation, leurs possibilit\u00e9s, les ressources auxquelles elles peuvent acc\u00e9der, etc.<\/p>\n\n\n\n<p>Nous sommes une organisation \u00e0 but non lucratif, compos\u00e9e de personnes ayant subi une l\u00e9sion c\u00e9r\u00e9brale acquise (LCA), de leurs proches et de membres collaborateurs qui souhaitent aider l&rsquo;association. Nous sommes int\u00e9gr\u00e9s \u00e0 la <strong>F\u00e9d\u00e9ration espagnole des l\u00e9sions c\u00e9r\u00e9brales<\/strong>(FEDACE).<\/p>\n\n\n\n<h3 class=\"wp-block-heading\">Objectifs<\/h3>\n\n\n\n<ul class=\"wp-block-list\">\n<li>Aider la personne affect\u00e9 et sa famille \u00e0<strong> am\u00e9liorer la qualit\u00e9 de vie et l&rsquo;acceptation<\/strong> du handicap au sein du noyau familial.<\/li>\n\n\n\n<li>Promouvoir l&rsquo;<strong> int\u00e9gration sociale et communautaire<\/strong> des personnes atteintes de l\u00e9sions c\u00e9r\u00e9brales acquises.<\/li>\n\n\n\n<li><strong>Sensibiliser<\/strong> la soci\u00e9t\u00e9 et les institutions \u00e0 la <strong>r\u00e9alit\u00e9 des personnes atteintes de l\u00e9sions c\u00e9r\u00e9brales acquises<\/strong>.<\/li>\n\n\n\n<li>Sensibiliser la communaut\u00e9 \u00e0 <strong>ce qu&rsquo;est l&rsquo;ACD, \u00e0<\/strong> l&rsquo;existence de l&rsquo;<strong>association Burgos Brain Injury<\/strong> et aux <strong>probl\u00e8mes d\u00e9riv\u00e9s de l&rsquo;ACD<\/strong>.<\/li>\n\n\n\n<li><strong>Orienter, informer et conseiller les<\/strong> familles et les personnes touch\u00e9es par les l\u00e9sions c\u00e9r\u00e9brales acquises.<\/li>\n\n\n\n<li>Promouvoir les <strong>services sociaux<\/strong> appropri\u00e9s pour couvrir les besoins des personnes atteintes d&rsquo;ACD.<\/li>\n\n\n\n<li><strong>D\u00e9fendre les droits et les int\u00e9r\u00eats<\/strong> des personnes touch\u00e9es et de leurs familles.<\/li>\n\n\n\n<li>Soutenir un <strong>service de r\u00e9adaptation complet<\/strong> qui couvre les besoins des personnes touch\u00e9es par l&rsquo;ACD.<\/li>\n<\/ul>\n\n\n\n<h3 class=\"wp-block-heading\">Programmes<\/h3>\n\n\n\n<h4 class=\"wp-block-heading\">Information, orientation et conseil<\/h4>\n\n\n\n<p>Destin\u00e9 aux personnes affect\u00e9es et \u00e0 leurs familles. L&rsquo;objectif de ce service est de r\u00e9pondre aux <strong>besoins sociaux<\/strong> des utilisateurs et de leurs familles en fournissant des informations et en traitant les services sociaux et les ressources existants afin de faciliter l&rsquo;<strong>int\u00e9gration<\/strong> de ce groupe dans la soci\u00e9t\u00e9.<\/p>\n\n\n\n<h4 class=\"wp-block-heading\">R\u00e9adaptation neuropsychologique<\/h4>\n\n\n\n<p>Il s&rsquo;agit de r\u00e9cup\u00e9rer, dans la mesure du possible, le niveau de <strong>fonctionnement intellectuel<\/strong> par des techniques d&rsquo;intervention bas\u00e9es sur des exercices d&rsquo;attention, de m\u00e9moire ou de compr\u00e9hension, pour ne citer que les exemples les plus significatifs. Tout au long du processus de r\u00e9\u00e9ducation, le neuropsychologue \u00e9value l&rsquo;\u00e9volution du patient dans les diff\u00e9rents domaines impliqu\u00e9s dans la pens\u00e9e.<\/p>\n\n\n\n<h4 class=\"wp-block-heading\">Ergoth\u00e9rapie<\/h4>\n\n\n\n<p>Des activit\u00e9s individuelles sont organis\u00e9es, avec des exercices de <strong>changement de dominance et des formations<\/strong> visant \u00e0 am\u00e9liorer le sch\u00e9ma corporel des patients, par le biais d&rsquo;exercices de<strong> coordination, d&rsquo;habilet\u00e9 et de force<\/strong>.<\/p>\n\n\n\n<p>Des activit\u00e9s de groupe sont \u00e9galement organis\u00e9es, avec une <strong>stimulation cognitive et une gestion \u00e9motionnelle et sociale<\/strong>. Le travail est effectu\u00e9 en encourageant la collaboration et l&rsquo;interaction entre les membres du groupe.<\/p>\n\n\n\n<p>Activit\u00e9s de groupe et individuelles pour la formation aux aides techniques et \u00e0 l&rsquo;ex\u00e9cution des <strong>AVQ<\/strong>, afin de promouvoir l&rsquo;<strong>autonomie personnelle<\/strong> des personnes concern\u00e9es.<\/p>\n\n\n\n<h4 class=\"wp-block-heading\">Orthophonie<\/h4>\n\n\n\n<p>Le professionnel est charg\u00e9 d&rsquo;explorer, d&rsquo;\u00e9valuer et de diagnostiquer les <strong>troubles de la communication et du langage<\/strong> et d&rsquo;\u00e9tablir un pronostic quant \u00e0 leur \u00e9volution. L&rsquo;\u00e9valuation du langage s&rsquo;effectue aux niveaux suivants : phonologique, lexical, morphologique, syntaxique, s\u00e9mantique, pragmatique et compr\u00e9hension. La <strong>d\u00e9glutition<\/strong> est \u00e9galement examin\u00e9e, car cette fonction est fr\u00e9quemment alt\u00e9r\u00e9e dans les TCA.<\/p>\n\n\n\n<h4 class=\"wp-block-heading\">Physioth\u00e9rapie<\/h4>\n\n\n\n<p>S\u00e9ances \u00e0 <strong>domicile ou au centre<\/strong>. La r\u00e9\u00e9ducation fonctionnelle d\u00e9veloppe un ensemble de techniques de physioth\u00e9rapie individualis\u00e9es, adapt\u00e9es aux caract\u00e9ristiques et aux circonstances particuli\u00e8res de chaque personne. Elle comprend toute une s\u00e9rie d&rsquo;activit\u00e9s th\u00e9rapeutiques visant \u00e0 renforcer l&rsquo;<strong>autonomie fonctionnelle <\/strong>des patients atteints de TCA et \u00e0 am\u00e9liorer leur <strong>condition physique<\/strong>.<\/p>\n\n\n\n<h4 class=\"wp-block-heading\">Sensibilizaci\u00f3n comunitaria<\/h4>\n\n\n\n<p>Des campagnes de sensibilisation du grand public sont men\u00e9es par l&rsquo;interm\u00e9diaire d&rsquo;Adacebur. <strong>DCA et la pr\u00e9vention routi\u00e8re<\/strong>. Des conf\u00e9rences informatives sont donn\u00e9es dans les centres socioculturels, les \u00e9coles et les universit\u00e9s.<\/p>\n\n\n\n<h4 class=\"wp-block-heading\">Autres \u00e9v\u00e9nements<\/h4>\n\n\n\n<p>Visites d&rsquo;expositions, participation \u00e0 des activit\u00e9s sportives, de loisir et de temps libre, journ\u00e9es de formation sur l&rsquo;ACD.<\/p>\n\n\n\n<h3 class=\"wp-block-heading\">M\u00e9thodologie<\/h3>\n\n\n\n<p>Notre association propose le <strong>service de neuropsychologie<\/strong> depuis 2006, car de nombreuses personnes atteintes de l\u00e9sions c\u00e9r\u00e9brales acquises ont besoin de travailler sur diff\u00e9rents <strong>domaines cognitifs<\/strong>.<\/p>\n\n\n\n<p>Normalement, lorsqu&rsquo;une personne arrive \u00e0 l&rsquo;association, un bilan<strong> neuropsychologique<\/strong> est effectu\u00e9 pour v\u00e9rifier l&rsquo;\u00e9tat du patient et son degr\u00e9 (\u00e0 moins qu&rsquo;il n&rsquo;ait d\u00e9j\u00e0 \u00e9t\u00e9 \u00e9valu\u00e9 parce qu&rsquo;il a \u00e9t\u00e9 envoy\u00e9 par un autre centre), \u00e0 partir duquel un rapport est r\u00e9dig\u00e9 pour le patient avec des recommandations et des propositions de travail, avec toute l&rsquo;\u00e9quipe multidisciplinaire, en fonction de ses besoins. L&rsquo;\u00e9valuation peut \u00eatre renouvel\u00e9e au fil du temps, en raison de la n\u00e9cessit\u00e9 de la fournir dans le cadre d&rsquo;une proc\u00e9dure judiciaire ou d&rsquo;une proc\u00e9dure d&rsquo;incapacit\u00e9 de travail, et elle peut \u00e9galement \u00eatre r\u00e9alis\u00e9e au bout d&rsquo;au moins six mois pour v\u00e9rifier s&rsquo;il y a une am\u00e9lioration ou des progr\u00e8s dans les <strong>fonctions cognitives<\/strong> qui sont travaill\u00e9es depuis les <strong>s\u00e9ances de r\u00e9adaptation<\/strong>.<\/p>\n\n\n\n<h3 class=\"wp-block-heading\">Professionnels<\/h3>\n\n\n\n<p>Nous disposons d&rsquo;une <strong>\u00e9quipe multidisciplinaire de professionnels<\/strong> pour r\u00e9pondre aux besoins de chaque patient, car il n&rsquo;y a pas deux patients identiques.<\/p>\n\n\n\n<ul class=\"wp-block-list\">\n<li>\u00c9ducateur\/travailleur social<\/li>\n\n\n\n<li>Neuropsychologue\/psychologue<\/li>\n\n\n\n<li>\u00c9quipe d&rsquo;ergoth\u00e9rapeutes<\/li>\n\n\n\n<li>Kin\u00e9sith\u00e9rapeute<\/li>\n\n\n\n<li>Orthophoniste<\/li>\n<\/ul>\n\n\n\n<p>Nous organisons des r\u00e9unions r\u00e9guli\u00e8res pour coordonner la r\u00e9\u00e9ducation de chaque patient et v\u00e9rifier s&rsquo;il y a des progr\u00e8s ou s&rsquo;il est n\u00e9cessaire de modifier un aspect ou une th\u00e9rapie dans chaque cas sp\u00e9cifique.<\/p>\n\n\n\n<h2 class=\"wp-block-heading\">Notre exp\u00e9rience avec NeuronUP dans DCA<\/h2>\n\n\n\n<p>Pendant la pand\u00e9mie que nous avons v\u00e9cue, nous avons vu la n\u00e9cessit\u00e9 d&rsquo;offrir des opportunit\u00e9s de<strong> r\u00e9habilitation neurocognitive<\/strong> \u00e0 <strong>distance<\/strong> aux usagers de l&rsquo;association, car dans cette situation, beaucoup d&rsquo;entre eux ont vu leur processus de r\u00e9habilitation affect\u00e9 et, par cons\u00e9quent, leurs progr\u00e8s et leur am\u00e9lioration. De nombreux usagers ont d\u00fb arr\u00eater toutes les th\u00e9rapies qu&rsquo;ils suivaient auparavant, voyant diminuer certaines <strong>capacit\u00e9s et comp\u00e9tences<\/strong> qui s&rsquo;\u00e9taient d\u00e9j\u00e0 am\u00e9lior\u00e9es. Pour toutes ces raisons, nous avons envisag\u00e9 la possibilit\u00e9 d&rsquo;acqu\u00e9rir la plateforme <strong>NeuronUP<\/strong>, ce que nous avons fait gr\u00e2ce \u00e0 une subvention qui nous a \u00e9t\u00e9 accord\u00e9e en mars de cette ann\u00e9e. Depuis lors, nous utilisons NeuronUP avec nos utilisateurs.<\/p>\n\n\n\n<h3 class=\"wp-block-heading\">Que faisons-nous avec NeuronUP?<\/h3>\n\n\n\n<p>Nous utilisons r\u00e9guli\u00e8rement le programme NeuronUP pour des s\u00e9ances individuelles de <strong>r\u00e9\u00e9ducation cognitive<\/strong> et des s\u00e9ances de <strong>stimulation cognitive<\/strong> en groupe, toutes deux en personne.<\/p>\n\n\n\n<p>Nous avons r\u00e9cemment commenc\u00e9 \u00e0 utiliser les sessions <strong>NeuronUP2GO<\/strong> avec un patient sp\u00e9cifique pour travailler \u00e0 domicile, renfor\u00e7ant ainsi ce que nous voyons dans la <strong>session de r\u00e9habilitation<\/strong> et encourageant <strong>une plus grande autonomie de<\/strong> la personne.<\/p>\n\n\n\n<p>Gr\u00e2ce \u00e0 NeuronUP, nous pouvons acc\u00e9l\u00e9rer la pr\u00e9paration de certaines s\u00e9ances pour les patients, mais l&rsquo;id\u00e9e de pouvoir garder une <strong>trace<\/strong> des patients et des activit\u00e9s qu&rsquo;ils ont r\u00e9alis\u00e9es m\u00e9rite une attention particuli\u00e8re, car vous pouvez s\u00e9lectionner le domaine de travail que vous souhaitez traiter.<\/p>\n\n\n\n<p>D&rsquo;autre part, avec les s\u00e9ances NeuronUP2GO, nous avons l&rsquo;avantage de pouvoir voir les informations sur les <strong>r\u00e9sultats du patient<\/strong> dans les activit\u00e9s programm\u00e9es num\u00e9riquement \u00e0 la maison.<\/p>\n\n\n\n<p>Dans les <strong>s\u00e9ances de groupe<\/strong>, l&rsquo;\u00e9cran est projet\u00e9 et chaque utilisateur doit r\u00e9aliser l&rsquo;activit\u00e9, parfois individuellement, afin que tous parviennent \u00e0 la solution, et parfois conjointement.<\/p>\n\n\n\n<p>De m\u00eame, dans toutes les modalit\u00e9s avec lesquelles nous travaillons au sein de l&rsquo;association, les <strong>fiches, les g\u00e9n\u00e9rateurs et les jeux de<\/strong> la plateforme NeuronUP sont utilis\u00e9s.<\/p>\n\n\n<div class=\"wp-block-image image-interface\">\n<figure class=\"aligncenter size-full\"><img decoding=\"async\" width=\"1024\" height=\"768\" src=\"https:\/\/neuronup.com\/fr\/wp-content\/uploads\/2024\/11\/ADACEBUR.webp\" alt=\"Personne assise devant un ordinateur, pench\u00e9e vers l&#039;\u00e9cran, utilisant un dispositif de contr\u00f4le; lettres affich\u00e9es \u00e0 l&#039;\u00e9cran, documents et une affiche murale li\u00e9e \u00e0 une organisation d&#039;aide.\" class=\"wp-image-32908\" srcset=\"https:\/\/neuronup.com\/fr\/wp-content\/uploads\/2024\/11\/ADACEBUR-300x225.webp 300w, https:\/\/neuronup.com\/fr\/wp-content\/uploads\/2024\/11\/ADACEBUR-400x300.webp 400w, https:\/\/neuronup.com\/fr\/wp-content\/uploads\/2024\/11\/ADACEBUR-768x576.webp 768w, https:\/\/neuronup.com\/fr\/wp-content\/uploads\/2024\/11\/ADACEBUR-800x600.webp 800w, https:\/\/neuronup.com\/fr\/wp-content\/uploads\/2024\/11\/ADACEBUR.webp 1024w\" sizes=\"(max-width: 1024px) 100vw, 1024px\" \/><\/figure>\n<\/div>\n\n\n<h3 class=\"wp-block-heading\">D\u00e9sir d&rsquo;avenir<\/h3>\n\n\n\n<p>Notre souhait pour l&rsquo;avenir proche est de pouvoir continuer \u00e0 utiliser la plateforme <strong>NeuronUP<\/strong> avec nos patients et de voir des <strong>r\u00e9sultats \u00e0 moyen et long terme<\/strong>. De plus, nous aimerions voir de plus en plus de participants utiliser <strong>NeuronUP2GO<\/strong> depuis leur domicile et voir leurs efforts renforc\u00e9s.<\/p>\n\n\n\n<p>Une autre bonne exp\u00e9rience pourrait \u00eatre de partager avec d&rsquo;autres associations leur exp\u00e9rience directe de l&rsquo;utilisation de la plateforme.<\/p>\n\n\n\n<h3 class=\"wp-block-heading\">Conclusion<\/h3>\n\n\n\n<p>Bien que notre travail avec<strong> NeuronUP<\/strong> soit tr\u00e8s r\u00e9cent, nous pouvons appr\u00e9cier l&rsquo;<strong>int\u00e9r\u00eat qu<\/strong> &lsquo;il suscite chez nombre de nos patients et les <strong>avantages<\/strong> <strong>cognitifs<\/strong> qu&rsquo;il peut offrir aux utilisateurs. En outre, nous appr\u00e9cions les facilit\u00e9s qu&rsquo;il offre aux professionnels lorsqu&rsquo;ils <strong>planifient des s\u00e9ances de travail<\/strong>.<\/p>\n\n\n\n<aside class=\"wp-block-group br-0101 anims-fadein-up has-primary-background-color has-background has-dark-background has-xs-padding-left has-xs-padding-right has-xxxl-margin-top\"><div class=\"wp-block-group__inner-container is-layout-constrained wp-block-group-is-layout-constrained\">\n<div class=\"wp-block-columns is-layout-flex wp-container-core-columns-is-layout-9d6595d7 wp-block-columns-is-layout-flex\">\n<div class=\"wp-block-column mobile-order-1 desktop-position-relative is-layout-flow wp-block-column-is-layout-flow\" style=\"flex-basis:25%\">\n<figure class=\"wp-block-image size-full desktop-position-absolute desktop-bottom-0 mobile-width-50 mobile-m-inline-auto has--xxxl-margin-top\"><img decoding=\"async\" width=\"885\" height=\"1024\" src=\"https:\/\/neuronup.com\/fr\/wp-content\/uploads\/2024\/10\/formation-sur-les-produits-pour-professionnels.webp\" alt=\"Training on products for professionals\" class=\"wp-image-31564\" srcset=\"https:\/\/neuronup.com\/fr\/wp-content\/uploads\/2024\/10\/formation-sur-les-produits-pour-professionnels-259x300.webp 259w, https:\/\/neuronup.com\/fr\/wp-content\/uploads\/2024\/10\/formation-sur-les-produits-pour-professionnels-768x889.webp 768w, https:\/\/neuronup.com\/fr\/wp-content\/uploads\/2024\/10\/formation-sur-les-produits-pour-professionnels.webp 885w\" sizes=\"(max-width: 885px) 100vw, 885px\" \/><\/figure>\n<\/div>\n\n\n\n<div class=\"wp-block-column is-vertically-aligned-center pt-3 pb-3 mobile-pb-0 is-layout-flow wp-block-column-is-layout-flow\" style=\"flex-basis:55%\">\n<p class=\"has-xl-font-size\"><span style=\"color:white\"><strong>Demandez<\/strong> des informations<\/span><\/p>\n\n\n\n<p class=\"has-white-color has-text-color has-md-font-size\">Apprenez \u00e0 tirer le meilleur parti de notre plateforme et d\u00e9couvrez pourquoi plus de 7 000 professionnels dans le monde l&rsquo;utilisent d\u00e9j\u00e0.<\/p>\n<\/div>\n\n\n\n<div class=\"wp-block-column is-vertically-aligned-center mobile-mb-3 is-layout-flow wp-block-column-is-layout-flow\" style=\"flex-basis:20%\">\n<div class=\"wp-block-buttons is-content-justification-center is-layout-flex wp-container-core-buttons-is-layout-16018d1d wp-block-buttons-is-layout-flex\">\n<div class=\"wp-block-button--1\" style=\"--button-outline-color:var(--color-white);--button-outline-color-hover:rgba(0,0,0,0.8);\"><a class=\"wp-block-button__link button button-outline   wp-element-button\" href=\"https:\/\/neuronup.com\/fr\/demande-informations\/\">Demander<\/a><\/div>\n\n<\/div>\n<\/div>\n<\/div>\n<\/div><\/aside>\n\n\n\n<div class=\"mai-grid entries entries-grid has-boxed has-image-full\" style=\"--entry-title-font-size:var(--font-size-lg);--align-text:start;--entry-meta-text-align:start;\"><div class=\"entries-wrap has-columns\" style=\"--columns-xs:1\/1;--columns-sm:1\/1;--columns-md:1\/3;--columns-lg:1\/3;--flex-xs:0 0 var(--flex-basis);--flex-sm:0 0 var(--flex-basis);--flex-md:0 0 var(--flex-basis);--flex-lg:0 0 var(--flex-basis);--column-gap:var(--spacing-lg);--row-gap:var(--spacing-lg);--align-columns:start;\"><article class=\"entry entry-grid is-column has-entry-link has-image has-image-first type-post category-activites-de-la-vie-quotidienne category-nouveautes-neuronup tag-activites-de-stimulation-cognitive tag-activites-de-stimulation-cognitive-pour-enfants tag-adulte tag-enfants tag-remediation-cognitive\" style=\"--entry-index:1;\" aria-label=\"Nouvelles activit\u00e9s NeuronUP : entra\u00eenez les fonctions cognitives dans des situations du quotidien\" itemscope itemtype=\"https:\/\/schema.org\/CreativeWork\"><a class=\"entry-image-link\" href=\"https:\/\/neuronup.com\/fr\/nouveautes-neuronup\/nouvelles-activites-neuronup-entrainez-les-fonctions-cognitives-dans-des-situations-du-quotidien\/\" tabindex=\"-1\" aria-hidden=\"true\"><img decoding=\"async\" width=\"400\" height=\"202\" src=\"https:\/\/neuronup.com\/fr\/wp-content\/uploads\/2026\/03\/Capture-decran-2026-03-30-111842-400x202.webp\" class=\"entry-image size-landscape-sm\" alt=\"\" \/><\/a><div class=\"entry-wrap entry-wrap-grid\"><h3 class=\"entry-title\" itemprop=\"headline\"><a class=\"entry-title-link\" href=\"https:\/\/neuronup.com\/fr\/nouveautes-neuronup\/nouvelles-activites-neuronup-entrainez-les-fonctions-cognitives-dans-des-situations-du-quotidien\/\" rel=\"bookmark\">Nouvelles activit\u00e9s NeuronUP : entra\u00eenez les fonctions cognitives dans des situations du quotidien<\/a><\/h3>\n<\/div><\/article><article class=\"entry entry-grid is-column has-entry-link has-image has-image-first type-post category-activites-dattention category-activites-de-neuro-reeducation category-activites-pour-les-fonctions-cognitives tag-adulte\" style=\"--entry-index:2;\" aria-label=\"Nouvelle activit\u00e9 Attention s\u00e9lective (Adultes)\" itemscope itemtype=\"https:\/\/schema.org\/CreativeWork\"><a class=\"entry-image-link\" href=\"https:\/\/neuronup.com\/fr\/activites-de-neuro-reeducation\/nouvelle-activite-attention-selective-adultes\/\" tabindex=\"-1\" aria-hidden=\"true\"><img decoding=\"async\" width=\"253\" height=\"230\" src=\"https:\/\/neuronup.com\/fr\/wp-content\/uploads\/2026\/03\/Capture-decran-2026-03-03-160917.webp\" class=\"entry-image size-landscape-sm\" alt=\"\" \/><\/a><div class=\"entry-wrap entry-wrap-grid\"><h3 class=\"entry-title\" itemprop=\"headline\"><a class=\"entry-title-link\" href=\"https:\/\/neuronup.com\/fr\/activites-de-neuro-reeducation\/nouvelle-activite-attention-selective-adultes\/\" rel=\"bookmark\">Nouvelle activit\u00e9 Attention s\u00e9lective (Adultes)<\/a><\/h3>\n<\/div><\/article><article class=\"entry entry-grid is-column has-entry-link has-image has-image-first type-post category-activites-de-cognition-sociale tag-activites-de-stimulation-cognitive tag-cognition-sociale tag-fonctions-executives\" style=\"--entry-index:3;\" aria-label=\"La cognition sociale ou comment comprendre les personnes : exercices de cognition sociale\" itemscope itemtype=\"https:\/\/schema.org\/CreativeWork\"><a class=\"entry-image-link\" href=\"https:\/\/neuronup.com\/fr\/activites-de-neuro-reeducation\/activites-pour-les-fonctions-cognitives\/activites-de-cognition-sociale\/la-cognition-sociale-ou-comment-comprendre-les-personnes-exercices-de-cognition-sociale\/\" tabindex=\"-1\" aria-hidden=\"true\"><img decoding=\"async\" width=\"396\" height=\"300\" src=\"https:\/\/neuronup.com\/fr\/wp-content\/uploads\/2022\/06\/Reaccion-emocional-ante-situaciones.webp\" class=\"entry-image size-landscape-sm\" alt=\"R\u00e9action \u00e9motionnelle face aux situations : Exercice de cognition sociale\" srcset=\"https:\/\/neuronup.com\/fr\/wp-content\/uploads\/2022\/06\/Reaccion-emocional-ante-situaciones-300x227.webp 300w, https:\/\/neuronup.com\/fr\/wp-content\/uploads\/2022\/06\/Reaccion-emocional-ante-situaciones-768x582.webp 768w, https:\/\/neuronup.com\/fr\/wp-content\/uploads\/2022\/06\/Reaccion-emocional-ante-situaciones-1024x776.webp 1024w, https:\/\/neuronup.com\/fr\/wp-content\/uploads\/2022\/06\/Reaccion-emocional-ante-situaciones.webp 1148w\" sizes=\"(max-width:599px) 599px, (min-width:600px) and (max-width: 799px) 799px, (min-width:800px) and (max-width: 999px) 333px, (min-width:1000px) 400px\" \/><\/a><div class=\"entry-wrap entry-wrap-grid\"><h3 class=\"entry-title\" itemprop=\"headline\"><a class=\"entry-title-link\" href=\"https:\/\/neuronup.com\/fr\/activites-de-neuro-reeducation\/activites-pour-les-fonctions-cognitives\/activites-de-cognition-sociale\/la-cognition-sociale-ou-comment-comprendre-les-personnes-exercices-de-cognition-sociale\/\" rel=\"bookmark\">La cognition sociale ou comment comprendre les personnes : exercices de cognition sociale<\/a><\/h3>\n<\/div><\/article><article class=\"entry entry-grid is-column has-entry-link has-image has-image-first type-post category-activites-pour-les-enfants-ayant-des-besoins-particuliers tag-activites-de-stimulation-cognitive tag-activites-de-stimulation-cognitive-pour-enfants tag-enfants\" style=\"--entry-index:4;\" aria-label=\"7+1 activit\u00e9s pour enfants avec des besoins \u00e9ducatifs sp\u00e9ciaux\" itemscope itemtype=\"https:\/\/schema.org\/CreativeWork\"><a class=\"entry-image-link\" href=\"https:\/\/neuronup.com\/fr\/activites-de-neuro-reeducation\/activites-pour-les-enfants-ayant-des-besoins-particuliers\/71-activites-pour-enfants-a-besoins-educatifs-speciaux\/\" tabindex=\"-1\" aria-hidden=\"true\"><img decoding=\"async\" width=\"400\" height=\"298\" src=\"https:\/\/neuronup.com\/fr\/wp-content\/uploads\/2022\/07\/Prepara-la-mochila.webp\" class=\"entry-image size-landscape-sm\" alt=\"Activit\u00e9 Pr\u00e9pare le sac \u00e0 dos pour les enfants ayant des besoins \u00e9ducatifs particuliers\" srcset=\"https:\/\/neuronup.com\/fr\/wp-content\/uploads\/2022\/07\/Prepara-la-mochila-300x224.webp 300w, https:\/\/neuronup.com\/fr\/wp-content\/uploads\/2022\/07\/Prepara-la-mochila-768x572.webp 768w, https:\/\/neuronup.com\/fr\/wp-content\/uploads\/2022\/07\/Prepara-la-mochila-1024x763.webp 1024w, https:\/\/neuronup.com\/fr\/wp-content\/uploads\/2022\/07\/Prepara-la-mochila.webp 1255w\" sizes=\"(max-width:599px) 599px, (min-width:600px) and (max-width: 799px) 799px, (min-width:800px) and (max-width: 999px) 333px, (min-width:1000px) 400px\" \/><\/a><div class=\"entry-wrap entry-wrap-grid\"><h3 class=\"entry-title\" itemprop=\"headline\"><a class=\"entry-title-link\" href=\"https:\/\/neuronup.com\/fr\/activites-de-neuro-reeducation\/activites-pour-les-enfants-ayant-des-besoins-particuliers\/71-activites-pour-enfants-a-besoins-educatifs-speciaux\/\" rel=\"bookmark\">7+1 activit\u00e9s pour enfants avec des besoins \u00e9ducatifs sp\u00e9ciaux<\/a><\/h3>\n<\/div><\/article><article class=\"entry entry-grid is-column has-entry-link has-image has-image-first type-post category-activites-de-cognition-sociale tag-activites-de-stimulation-cognitive tag-activites-de-stimulation-cognitive-pour-enfants tag-cognition-sociale\" style=\"--entry-index:5;\" aria-label=\"Exercices de cognition sociale pour enfants\" itemscope itemtype=\"https:\/\/schema.org\/CreativeWork\"><a class=\"entry-image-link\" href=\"https:\/\/neuronup.com\/fr\/activites-de-neuro-reeducation\/activites-pour-les-fonctions-cognitives\/activites-de-cognition-sociale\/exercices-de-cognition-sociale-pour-enfants\/\" tabindex=\"-1\" aria-hidden=\"true\"><img decoding=\"async\" width=\"400\" height=\"273\" src=\"https:\/\/neuronup.com\/fr\/wp-content\/uploads\/2022\/08\/Que-esperan-encontrar-4-1.webp\" class=\"entry-image size-landscape-sm\" alt=\"Exercices de cognition sociale pour enfants\" srcset=\"https:\/\/neuronup.com\/fr\/wp-content\/uploads\/2022\/08\/Que-esperan-encontrar-4-1-300x205.webp 300w, https:\/\/neuronup.com\/fr\/wp-content\/uploads\/2022\/08\/Que-esperan-encontrar-4-1-768x524.webp 768w, https:\/\/neuronup.com\/fr\/wp-content\/uploads\/2022\/08\/Que-esperan-encontrar-4-1-1024x699.webp 1024w, https:\/\/neuronup.com\/fr\/wp-content\/uploads\/2022\/08\/Que-esperan-encontrar-4-1.webp 1205w\" sizes=\"(max-width:599px) 599px, (min-width:600px) and (max-width: 799px) 799px, (min-width:800px) and (max-width: 999px) 333px, (min-width:1000px) 400px\" \/><\/a><div class=\"entry-wrap entry-wrap-grid\"><h3 class=\"entry-title\" itemprop=\"headline\"><a class=\"entry-title-link\" href=\"https:\/\/neuronup.com\/fr\/activites-de-neuro-reeducation\/activites-pour-les-fonctions-cognitives\/activites-de-cognition-sociale\/exercices-de-cognition-sociale-pour-enfants\/\" rel=\"bookmark\">Exercices de cognition sociale pour enfants<\/a><\/h3>\n<\/div><\/article><article class=\"entry entry-grid is-column has-entry-link has-image has-image-first type-post category-activites-de-cognition-sociale tag-activites-de-stimulation-cognitive tag-activites-de-stimulation-cognitive-pour-enfants tag-actualites-de-neuronup tag-cognition-sociale tag-enfants tag-intelligence-emotionnelle\" style=\"--entry-index:6;\" aria-label=\"Activit\u00e9 pour identifier les \u00e9motions : Devinez le visage ?\" itemscope itemtype=\"https:\/\/schema.org\/CreativeWork\"><a class=\"entry-image-link\" href=\"https:\/\/neuronup.com\/fr\/activites-de-neuro-reeducation\/activites-pour-les-fonctions-cognitives\/activites-de-cognition-sociale\/activite-pour-identifier-les-emotions\/\" tabindex=\"-1\" aria-hidden=\"true\"><img decoding=\"async\" width=\"400\" height=\"283\" src=\"https:\/\/neuronup.com\/fr\/wp-content\/uploads\/2022\/09\/Actividad-para-identificar-emociones-de-NeuronUP-Adivinas-la-cara-1-1-1.webp\" class=\"entry-image size-landscape-sm\" alt=\"Activit\u00e9 pour identifier les \u00e9motions de NeuronUP Tu devines le visage\" srcset=\"https:\/\/neuronup.com\/fr\/wp-content\/uploads\/2022\/09\/Actividad-para-identificar-emociones-de-NeuronUP-Adivinas-la-cara-1-1-1-300x212.webp 300w, https:\/\/neuronup.com\/fr\/wp-content\/uploads\/2022\/09\/Actividad-para-identificar-emociones-de-NeuronUP-Adivinas-la-cara-1-1-1-768x543.webp 768w, https:\/\/neuronup.com\/fr\/wp-content\/uploads\/2022\/09\/Actividad-para-identificar-emociones-de-NeuronUP-Adivinas-la-cara-1-1-1-1024x724.webp 1024w, https:\/\/neuronup.com\/fr\/wp-content\/uploads\/2022\/09\/Actividad-para-identificar-emociones-de-NeuronUP-Adivinas-la-cara-1-1-1.webp 1200w\" sizes=\"(max-width:599px) 599px, (min-width:600px) and (max-width: 799px) 799px, (min-width:800px) and (max-width: 999px) 333px, (min-width:1000px) 400px\" \/><\/a><div class=\"entry-wrap entry-wrap-grid\"><h3 class=\"entry-title\" itemprop=\"headline\"><a class=\"entry-title-link\" href=\"https:\/\/neuronup.com\/fr\/activites-de-neuro-reeducation\/activites-pour-les-fonctions-cognitives\/activites-de-cognition-sociale\/activite-pour-identifier-les-emotions\/\" rel=\"bookmark\">Activit\u00e9 pour identifier les \u00e9motions : Devinez le visage ?<\/a><\/h3>\n<\/div><\/article><\/div><\/div>","protected":false},"excerpt":{"rendered":"<p>La neuropsychologue d&rsquo;Adacebur, Ver\u00f3nica Cerd\u00e1, explique dans cet article comment elle r\u00e9alise la r\u00e9\u00e9ducation et la stimulation cognitive des l\u00e9sions c\u00e9r\u00e9brales acquises (LCA) avec NeuronUP. L\u00e9sions c\u00e9r\u00e9brales acquises ou survenantes Qu&rsquo;est-que sont les LCA? Les l\u00e9sions c\u00e9r\u00e9brales acquises (LCA) sont le r\u00e9sultat d&rsquo;une l\u00e9sion c\u00e9r\u00e9brale soudaine qui entra\u00eene diverses s\u00e9quelles physiques, psychologiques et sensorielles, provoquant &hellip;<\/p>\n","protected":false},"author":384,"featured_media":32909,"comment_status":"open","ping_status":"closed","sticky":false,"template":"","format":"standard","meta":{"_acf_changed":false,"_genesis_hide_title":false,"_genesis_hide_breadcrumbs":false,"_genesis_hide_singular_image":false,"_genesis_hide_footer_widgets":false,"_genesis_custom_body_class":"","_genesis_custom_post_class":"","_genesis_layout":"","footnotes":""},"categories":[573],"tags":[1000,863,798,642,775],"class_list":{"2":"type-post","7":"category-lesions-cerebrales","8":"tag-ictus","9":"tag-lesions-cerebrales","10":"tag-lesions-cerebrales-acquises","11":"tag-stimulation-cognitive","12":"tag-temoignages","13":"entry"},"acf":[],"_links":{"self":[{"href":"https:\/\/neuronup.com\/fr\/wp-json\/wp\/v2\/posts\/9296","targetHints":{"allow":["GET"]}}],"collection":[{"href":"https:\/\/neuronup.com\/fr\/wp-json\/wp\/v2\/posts"}],"about":[{"href":"https:\/\/neuronup.com\/fr\/wp-json\/wp\/v2\/types\/post"}],"author":[{"embeddable":true,"href":"https:\/\/neuronup.com\/fr\/wp-json\/wp\/v2\/users\/384"}],"replies":[{"embeddable":true,"href":"https:\/\/neuronup.com\/fr\/wp-json\/wp\/v2\/comments?post=9296"}],"version-history":[{"count":0,"href":"https:\/\/neuronup.com\/fr\/wp-json\/wp\/v2\/posts\/9296\/revisions"}],"wp:featuredmedia":[{"embeddable":true,"href":"https:\/\/neuronup.com\/fr\/wp-json\/wp\/v2\/media\/32909"}],"wp:attachment":[{"href":"https:\/\/neuronup.com\/fr\/wp-json\/wp\/v2\/media?parent=9296"}],"wp:term":[{"taxonomy":"category","embeddable":true,"href":"https:\/\/neuronup.com\/fr\/wp-json\/wp\/v2\/categories?post=9296"},{"taxonomy":"post_tag","embeddable":true,"href":"https:\/\/neuronup.com\/fr\/wp-json\/wp\/v2\/tags?post=9296"}],"curies":[{"name":"wp","href":"https:\/\/api.w.org\/{rel}","templated":true}]}}