{"id":9002,"date":"2025-06-14T09:02:42","date_gmt":"2025-06-14T09:02:42","guid":{"rendered":"https:\/\/neuronup.com\/?p=9002"},"modified":"2025-10-16T15:17:35","modified_gmt":"2025-10-16T13:17:35","slug":"ergotherapie-caracteristiques-objectifs-et-fonctions-2","status":"publish","type":"post","link":"https:\/\/neuronup.com\/fr\/actualites-de-la-stimulation-cognitive\/ergotherapie\/ergotherapie-caracteristiques-objectifs-et-fonctions-2\/","title":{"rendered":"Ergoth\u00e9rapie : caract\u00e9ristiques, objectifs et fonctions"},"content":{"rendered":"\n<p class=\"has-lg-font-size\">Les ergoth\u00e9rapeutes, en tant que membres des \u00e9quipes transdisciplinaires sociosanitaires, sont en contact direct avec des personnes pr\u00e9sentant toutes sortes de handicaps, de d\u00e9pendance ou de limitations fonctionnelles et\/ou dans leur participation sociale ; par cons\u00e9quent, <strong>l\u2019application des traitements en ergoth\u00e9rapie a un impact direct sur la sant\u00e9<\/strong>, <strong>l\u2019autonomie personnelle<\/strong> <strong>et la qualit\u00e9 de vie des personnes<\/strong>.<\/p>\n\n\n\n<p>L\u2019ergoth\u00e9rapie occupe une position privil\u00e9gi\u00e9e dans le processus de r\u00e9\u00e9ducation car en abordant les&nbsp;<a href=\"https:\/\/neuronup.com\/fr\/domaines-dintervention\/les-activites-de-la-vie-quotidienne-avqs\/\" data-type=\"URL\" data-id=\"https:\/\/neuronup.com\/fr\/domaines-dintervention\/les-activites-de-la-vie-quotidienne-avqs\/\" target=\"_blank\" rel=\"noreferrer noopener\">activit\u00e9s de la vie quotidienne<\/a>&nbsp;(AVQ), elle doit n\u00e9cessairement coordonner les aspects physiques, cognitifs, \u00e9motionnels et comportementaux afin d\u2019atteindre le niveau maximal de fonctionnalit\u00e9 du patient&nbsp;<sup>(1)<\/sup>.<\/p>\n\n\n\n<p><strong>L\u2019ergoth\u00e9rapie est encadr\u00e9e par diverses lois et normes<\/strong>. La Loi relative \u00e0 l\u2019organisation des professions de sant\u00e9 stipule \u00e0 son article 7 la figure de l\u2019ergoth\u00e9rapeute ainsi : \u201cErgoth\u00e9rapeutes : il appartient aux titulaires du Dipl\u00f4me Universitaire en Ergoth\u00e9rapie d\u2019appliquer des techniques et de r\u00e9aliser des activit\u00e9s de caract\u00e8re occupationnel visant \u00e0 renforcer ou \u00e0 suppl\u00e9er des fonctions physiques ou psychiques diminu\u00e9es ou perdues, et \u00e0 guider et stimuler le d\u00e9veloppement de ces fonctions\u201d&nbsp;<sup>(2)<\/sup>. Par ailleurs, si l\u2019on prend comme r\u00e9f\u00e9rence les d\u00e9finitions consensuelles dans notre contexte europ\u00e9en, telles que celles du groupe de travail sur la terminologie ENOTHE&nbsp;<sup>(3)<\/sup>&nbsp;, le concept d\u2019<strong>\u00ab activit\u00e9s de caract\u00e8re occupationnel \u00bb<\/strong> est d\u00e9fini comme : \u201censemble d\u2019activit\u00e9s ayant une signification personnelle et socioculturelle d\u00e9termin\u00e9e par la culture et favorisant la participation \u00e0 la soci\u00e9t\u00e9. Les occupations peuvent \u00eatre class\u00e9es comme <strong>autosoins, productivit\u00e9 et\/ou loisirs et temps libre<\/strong>\u201d. Pour qu\u2019une activit\u00e9 soit consid\u00e9r\u00e9e comme th\u00e9rapeutique, elle doit r\u00e9unir plusieurs caract\u00e9ristiques, notamment :<\/p>\n\n\n\n<h2 class=\"wp-block-heading\">Caract\u00e9ristiques de l\u2019ergoth\u00e9rapie<\/h2>\n\n\n\n<ul class=\"wp-block-list\"><li>\u00catre orient\u00e9e vers un <strong>objectif<\/strong>.<\/li><li>Avoir une <strong>signification utile<\/strong> pour l\u2019usager.<\/li><li>\u00catre un <strong>outil<\/strong> adapt\u00e9 \u00e0 la pr\u00e9vention de la dysfonction, au maintien ou \u00e0 l\u2019am\u00e9lioration de la fonction, de l\u2019habilet\u00e9 et de la qualit\u00e9 de vie.<\/li><li>Stimuler la <strong>participation de l\u2019usager<\/strong> aux activit\u00e9s de la vie quotidienne.<\/li><li>\u00catre d\u00e9termin\u00e9e par le <strong>jugement professionnel<\/strong> de l\u2019ergoth\u00e9rapeute, qui s\u2019appuiera sur ses connaissances de la pathologie en question, les indications sp\u00e9cifiques, les relations interpersonnelles et la valeur sp\u00e9cifique de l\u2019activit\u00e9 prescrite.<\/li><\/ul>\n\n\n\n<p>Compte tenu des aspects pr\u00e9c\u00e9dents, l\u2019ergoth\u00e9rapie peut se d\u00e9finir comme l\u2019ensemble des techniques, m\u00e9thodes et interventions qui, par le biais d\u2019activit\u00e9s appliqu\u00e9es \u00e0 des fins th\u00e9rapeutiques, pr\u00e9vient et maintient la sant\u00e9, favorise la restauration de la fonction, compense les d\u00e9ficits invalidants et \u00e9value les r\u00e9ponses comportementales et leur signification afin d\u2019obtenir la plus grande ind\u00e9pendance possible dans les activit\u00e9s de la vie quotidienne, aussi bien fondamentales qu\u2019instrumentales, et la r\u00e9insertion possible de l\u2019individu, dans ses dimensions physique, psychique, cognitive, \u00e9motionnelle, sociale et professionnelle.<\/p>\n\n\n\n<p>Par ailleurs, l\u2019ergoth\u00e9rapie est d\u00e9finie par l\u2019American Occupational Therapy Association&nbsp;<sup>(4)<\/sup>&nbsp;en 1968 comme \u00ab l\u2019art et la science de diriger la r\u00e9ponse de l\u2019\u00eatre humain \u00e0 l\u2019activit\u00e9 choisie pour favoriser et maintenir la sant\u00e9, pour pr\u00e9venir l\u2019incapacit\u00e9, pour \u00e9valuer le comportement et pour traiter ou entra\u00eener les patients pr\u00e9sentant des dysfonctions physiques ou psychosociales \u00bb.<\/p>\n\n\n\n<h2 class=\"wp-block-heading\"><strong>Objectifs et fonctions de l\u2019ergoth\u00e9rapie<\/strong><\/h2>\n\n\n\n<p>Les <strong>objectifs g\u00e9n\u00e9raux<\/strong> poursuivis dans la pratique de l\u2019ergoth\u00e9rapie sont :<\/p>\n\n\n\n<ul class=\"wp-block-list\"><li>la pr\u00e9vention du handicap,<\/li><li>la promotion de la sant\u00e9 (COTEC, 2012),<\/li><li>et l\u2019obtention de niveaux de fonctionnement maximaux ou optimaux chez les individus dont la fonction est alt\u00e9r\u00e9e ou limit\u00e9e par une l\u00e9sion, une maladie physique ou mentale, une condition de dysfonctionnement, un trouble du d\u00e9veloppement ou de l\u2019apprentissage, ou des conditions contextuelles d\u00e9favorables.<\/li><\/ul>\n\n\n\n<p>L\u2019ergoth\u00e9rapie comprend quatre grands concepts&nbsp;<sup>(5)&nbsp;<\/sup>qui la d\u00e9finissent en tant que profession et d\u00e9terminent les objectifs globaux de son intervention :<\/p>\n\n\n\n<ul class=\"wp-block-list\"><li>L\u2019ergoth\u00e9rapie est une <strong>profession de sant\u00e9<\/strong> qui utilise l\u2019activit\u00e9 <strong>s\u00e9lectionn\u00e9e pour pr\u00e9venir et traiter toute incapacit\u00e9 physique, \u00e9motionnelle ou sociale<\/strong> \u00e0 tout \u00e2ge de la population. Son objectif fondamental est de promouvoir, maintenir et\/ou restaurer l\u2019ind\u00e9pendance fonctionnelle dans les activit\u00e9s de la vie quotidienne.<\/li><li>L\u2019<strong>objectif principal<\/strong> de l\u2019ergoth\u00e9rapie est <strong>l\u2019occupation humaine<\/strong> et son importance pour la sant\u00e9 des personnes de tout \u00e2ge. Elle \u00e9value les facteurs physiques, psychosociaux et environnementaux qui influent n\u00e9gativement sur la capacit\u00e9 des personnes \u00e0 participer aux activit\u00e9s quotidiennes qui composent l\u2019occupation.<\/li><li>Les <strong>objectifs th\u00e9rapeutiques<\/strong> sont atteints par des techniques ou activit\u00e9s con\u00e7ues pour :<ul><li>Contr\u00f4ler et att\u00e9nuer la pathologie.<\/li><li>Restaurer et\/ou renforcer la capacit\u00e9 fonctionnelle.<\/li><li>Faciliter l\u2019apprentissage de comp\u00e9tences et de fonctions essentielles \u00e0 l\u2019adaptation \u00e0 l\u2019environnement (physique, familial, social, professionnel, etc.).<\/li><li>Promouvoir et maintenir la sant\u00e9.<\/li><\/ul><\/li><li>L\u2019ergoth\u00e9rapie est une profession de sant\u00e9 qui <strong>enseigne, \u00e9duque, maintient et favorise des comportements comp\u00e9tents dans les activit\u00e9s de la vie quotidienne<\/strong>, travaillant avec les personnes \u00e9prouvant des maladies, des d\u00e9ficits de d\u00e9veloppement et\/ou des dysfonctions physiques et psychosociales, ou avec celles \u00e0 risque de les subir.<\/li><\/ul>\n\n\n\n<h3 class=\"wp-block-heading\">Promotion de la sant\u00e9 et du bien-\u00eatre<\/h3>\n\n\n\n<p>L\u2019ergoth\u00e9rapie est une profession fond\u00e9e sur la <strong>promotion de la sant\u00e9 et du bien-\u00eatre par l\u2019activit\u00e9-occupation<\/strong>, comme principe fondamental, dont l\u2019objectif principal est de permettre aux personnes de participer aux activit\u00e9s de la vie quotidienne. Pour cela, les ergoth\u00e9rapeutes disposent d\u2019une formation approfondie sur les comp\u00e9tences, habilet\u00e9s et capacit\u00e9s de l\u2019\u00eatre humain en relation avec sa participation \u00e0 diverses activit\u00e9s et contextes, ainsi que sur l\u2019interaction entre ces \u00e9l\u00e9ments en situation de sant\u00e9 ou de non-sant\u00e9, ce qui peut influencer tant leurs structures corporelles que leur capacit\u00e9 \u00e0 rencontrer des difficult\u00e9s de participation.<\/p>\n\n\n\n<p>De tout ce qui pr\u00e9c\u00e8de d\u00e9coulent les r\u00f4les sp\u00e9cifiques de l\u2019ergoth\u00e9rapeute dans les <strong>services de m\u00e9decine physique et de r\u00e9\u00e9ducation<\/strong> : l\u2019entra\u00eenement et la r\u00e9\u00e9ducation aux activit\u00e9s de la vie quotidienne de base et instrumentales, l\u2019utilisation d\u2019activit\u00e9s pour la r\u00e9cup\u00e9ration, l\u2019adaptation ou la r\u00e9habilitation de toute alt\u00e9ration des diff\u00e9rents syst\u00e8mes corporels (cognitivo-perceptif, musculo-squelettique, sensori-moteur, comportemental, entre autres), la conception, la fabrication et la formation \u00e0 l\u2019utilisation des aides techniques (adaptation et apprentissage de syst\u00e8mes de positionnement et de fauteuils roulants, par exemple), ainsi que l\u2019\u00e9valuation, la recommandation et le traitement concernant les principes d\u2019ergonomie et l\u2019adaptation de l\u2019environnement physique et sensoriel (barri\u00e8res architecturales ou adaptation du poste de travail, par exemple).<\/p>\n\n\n\n<h3 class=\"wp-block-heading\">Pr\u00e9vention de la d\u00e9ficience<\/h3>\n\n\n\n<p>Les ergoth\u00e9rapeutes sont form\u00e9s pour participer \u00e0 la pr\u00e9vention de la d\u00e9ficience, des limitations d\u2019activit\u00e9 et des restrictions de participation en formant la personne \u00e0 atteindre ses objectifs&nbsp;<sup>(5)<\/sup>.<\/p>\n\n\n\n<p>De mani\u00e8re plus concr\u00e8te, nous pouvons d\u00e9finir les objectifs ou finalit\u00e9s suivants de l\u2019ergoth\u00e9rapie.<\/p>\n\n\n\n<h4 class=\"wp-block-heading\">Pr\u00e9venir les handicaps :<\/h4>\n\n\n\n<p>\u00c9viter les d\u00e9s\u00e9quilibres dans les domaines des activit\u00e9s de la vie quotidienne ; pr\u00e9venir les dysfonctions dans ces domaines ; anticiper d\u2019\u00e9ventuelles blessures et pathologies affectant les composantes de l\u2019ex\u00e9cution des activit\u00e9s quotidiennes ; participer au niveau communautaire aux projets et aux actions visant la pr\u00e9vention du handicap.<\/p>\n\n\n\n<h4 class=\"wp-block-heading\">\u00c9valuer les composantes d\u2019ex\u00e9cution et de performance des activit\u00e9s de la vie quotidienne de mani\u00e8re g\u00e9n\u00e9rale et sp\u00e9cifique :<\/h4>\n\n\n\n<p>R\u00e9alisant des \u00e9valuations fonctionnelles, tant des amplitudes articulaires que de la force musculaire ; \u00e9valuant les limitations fonctionnelles ; analysant les gestes quotidiens ; d\u00e9terminant les capacit\u00e9s sensorielles, perceptives, cognitives et comportementales li\u00e9es aux activit\u00e9s de la vie quotidienne ; d\u00e9terminant les capacit\u00e9s sociales ; \u00e9valuant l\u2019environnement quotidien et professionnel.<\/p>\n\n\n\n<h4 class=\"wp-block-heading\">Maintenir, acqu\u00e9rir, am\u00e9liorer ou r\u00e9cup\u00e9rer les composantes des activit\u00e9s de la vie quotidienne :<\/h4>\n\n\n\n<p>Augmenter la mobilit\u00e9 et la force musculaire, am\u00e9liorer la coordination, accro\u00eetre la dext\u00e9rit\u00e9, \u00e9lever le seuil de fatigue en augmentant la tol\u00e9rance \u00e0 l\u2019effort, enseigner les compensations pour les fonctions perdues ou alt\u00e9r\u00e9es, donner des directives d\u2019\u00e9conomie articulaire et de conservation d\u2019\u00e9nergie, d\u00e9velopper les capacit\u00e9s r\u00e9siduelles, identifier les capacit\u00e9s r\u00e9siduelles, entra\u00eener, adapter et fabriquer des proth\u00e8ses et orth\u00e8ses, am\u00e9liorer et assurer l\u2019adh\u00e9sion au traitement, montrer au patient ses possibilit\u00e9s d\u2019am\u00e9lioration et d\u2019ind\u00e9pendance fonctionnelle, maximiser son autonomie dans les activit\u00e9s de la vie quotidienne, entra\u00eener et fabriquer des aides techniques tant pour les activit\u00e9s de la vie quotidienne de base qu\u2019instrumentales, ainsi que pour l\u2019utilisation de l\u00e8ve-personnes et de fauteuils roulants, r\u00e9orienter et adapter le milieu professionnel, supprimer ou adapter les \u00e9ventuelles barri\u00e8res architecturales, aider le patient \u00e0 vivre avec son handicap en lui offrant une vision r\u00e9aliste et optimiste de sa nouvelle situation, ainsi que recommander et conseiller sur ses int\u00e9r\u00eats et occupations.<\/p>\n\n\n\n<p>En r\u00e9sum\u00e9, <strong>maximiser les capacit\u00e9s fonctionnelles<\/strong>, d\u00e9velopper les capacit\u00e9s r\u00e9siduelles, compenser les d\u00e9ficits fonctionnels irr\u00e9cup\u00e9rables et parvenir \u00e0 la r\u00e9int\u00e9gration du patient dans la soci\u00e9t\u00e9, vivant avec son handicap, mais <strong>avec le plus haut degr\u00e9 possible d\u2019ind\u00e9pendance<\/strong>.<\/p>\n\n\n\n<div style=\"height:50px\" aria-hidden=\"true\" class=\"wp-block-spacer\"><\/div>\n\n\n\n<div class=\"wp-block-group br-0111 has-primary-background-color has-background has-dark-background has-sm-padding-top has-sm-padding-left has-sm-padding-right has-xxl-margin-top\"><div class=\"wp-block-group__inner-container is-layout-constrained wp-block-group-is-layout-constrained\">\n<div class=\"wp-block-columns is-layout-flex wp-container-core-columns-is-layout-9d6595d7 wp-block-columns-is-layout-flex\">\n<div class=\"wp-block-column is-layout-flow wp-block-column-is-layout-flow\">\n<figure class=\"wp-block-image size-full desktop-position-absolute desktop-bottom-0 mobile-width-50 mobile-m-inline-auto has-xl-margin-top\"><img decoding=\"async\" width=\"292\" height=\"338\" src=\"https:\/\/neuronup.com\/fr\/wp-content\/uploads\/2024\/10\/certificat-produit.webp\" alt=\"\" class=\"wp-image-31568\" srcset=\"https:\/\/neuronup.com\/fr\/wp-content\/uploads\/2024\/10\/certificat-produit-259x300.webp 259w, https:\/\/neuronup.com\/fr\/wp-content\/uploads\/2024\/10\/certificat-produit.webp 292w\" sizes=\"(max-width: 292px) 100vw, 292px\" \/><\/figure>\n<\/div>\n\n\n\n<div class=\"wp-block-column is-layout-flow wp-block-column-is-layout-flow\">\n<h2 class=\"wp-block-heading has-white-color has-text-color\"><strong>Abonnez-vous<\/strong> <br>\u00e0 notre <br>Newsletter<\/h2>\n\n\n\n<div class=\"wp-block-buttons is-layout-flex wp-block-buttons-is-layout-flex\">\n<div class=\"wp-block-button--1\" style=\"--button-outline-color:var(--color-white);--button-outline-color-hover:rgba(0,0,0,0.8);\"><a class=\"wp-block-button__link button button-outline   wp-element-button\" href=\"https:\/\/neuronup.com\/fr\/newsletter\/\">Abonnez-vous<\/a><\/div>\n\n<\/div>\n\n\n\n<div style=\"height:40px\" aria-hidden=\"true\" class=\"wp-block-spacer\"><\/div>\n<\/div>\n<\/div>\n<\/div><\/div>\n\n\n\n\n<div style=\"height:50px\" aria-hidden=\"true\" class=\"wp-block-spacer\"><\/div>\n\n\n<h2>Bibliographie<\/h2>\n\n\n<p class=\"has-sm-font-size\">1. S\u00e1nchez Cabeza, A. Qu\u2019est-ce qu\u2019un ergoth\u00e9rapeute en neurologie et comment peut-il vous aider ? Dans : Guide de neuro-ergoth\u00e9rapie. \u00c9ditions SEN. Madrid, 2016.<\/p>\n\n\n\n<p class=\"has-sm-font-size\">2. Bulletin Officiel de l\u2019\u00c9tat. 21340 Loi 44\/2003 du 21 novembre relative \u00e0 l\u2019organisation des professions de sant\u00e9, 2003.<\/p>\n\n\n\n<p class=\"has-sm-font-size\">3. European Network Occupational Therapy in Higher Education. European Occupational Therapy Terminology Database. (base de donn\u00e9es en ligne). (consult\u00e9 le 7 septembre 2009). Disponible sur : http:\/\/pedit.hio.no\/-brian\/enothe\/terminolgy\/<\/p>\n\n\n\n<p class=\"has-sm-font-size\">4. American Occupational Therapy Association : Rapport sommaire : enqu\u00eate sur les donn\u00e9es des membres de 1990, Rockville, MD, AOTA, 1990.<\/p>\n\n\n\n<p class=\"has-sm-font-size\">5. F\u00e9d\u00e9ration mondiale de l\u2019ergoth\u00e9rapie. D\u00e9finitions de l\u2019ergoth\u00e9rapie. Version provisoire du 7 ao\u00fbt 2005.<\/p>\n\n\n\n<p class=\"has-sm-font-size\">6. R\u00e9sum\u00e9 de la profession d\u2019ergoth\u00e9rapie en Europe 2012. Council of Occupational Therapists for the European Countries (COTEC). Mise \u00e0 jour 06\/06\/2012. Disponible sur : www.baot.org.uk.<\/p>\n\n\n\n<div style=\"height:100px\" aria-hidden=\"true\" class=\"wp-block-spacer\"><\/div>\n\n<div class=\"mai-grid entries entries-grid has-boxed has-image-full\" style=\"--entry-title-font-size:var(--font-size-lg);--align-text:start;--entry-meta-text-align:start;\"><div class=\"entries-wrap has-columns\" style=\"--columns-xs:1\/1;--columns-sm:1\/1;--columns-md:1\/3;--columns-lg:1\/3;--flex-xs:0 0 var(--flex-basis);--flex-sm:0 0 var(--flex-basis);--flex-md:0 0 var(--flex-basis);--flex-lg:0 0 var(--flex-basis);--column-gap:var(--spacing-lg);--row-gap:var(--spacing-lg);--align-columns:start;\"><article class=\"entry entry-grid is-column has-entry-link has-image has-image-first type-post category-tdah tag-tdah\" style=\"--entry-index:1;\" aria-label=\"Bref historique du TDAH et de son impact sur le fonctionnement ex\u00e9cutif\" itemscope itemtype=\"https:\/\/schema.org\/CreativeWork\"><a class=\"entry-image-link\" href=\"https:\/\/neuronup.com\/fr\/actualites-de-la-stimulation-cognitive\/troubles-neuro-developpementaux\/tdah\/bref-historique-du-tdah-et-de-son-impact-sur-le-fonctionnement-executif\/\" tabindex=\"-1\" aria-hidden=\"true\"><img decoding=\"async\" width=\"400\" height=\"300\" src=\"https:\/\/neuronup.com\/fr\/wp-content\/uploads\/2024\/11\/Histoire-du-TDAH-et-de-ses-effets-sur-les-fonctions-executives-400x300.webp\" class=\"entry-image size-landscape-sm\" alt=\"Jeune fille assise \u00e0 une table, pensivement, main sur le front; carnet et feutres color\u00e9s devant elle; arri\u00e8re-plan flou.\" srcset=\"https:\/\/neuronup.com\/fr\/wp-content\/uploads\/2024\/11\/Histoire-du-TDAH-et-de-ses-effets-sur-les-fonctions-executives-400x300.webp 400w, https:\/\/neuronup.com\/fr\/wp-content\/uploads\/2024\/11\/Histoire-du-TDAH-et-de-ses-effets-sur-les-fonctions-executives-800x600.webp 800w\" sizes=\"(max-width:599px) 599px, (min-width:600px) and (max-width: 799px) 799px, (min-width:800px) and (max-width: 999px) 333px, (min-width:1000px) 400px\" \/><\/a><div class=\"entry-wrap entry-wrap-grid\"><h3 class=\"entry-title\" itemprop=\"headline\"><a class=\"entry-title-link\" href=\"https:\/\/neuronup.com\/fr\/actualites-de-la-stimulation-cognitive\/troubles-neuro-developpementaux\/tdah\/bref-historique-du-tdah-et-de-son-impact-sur-le-fonctionnement-executif\/\" rel=\"bookmark\">Bref historique du TDAH et de son impact sur le fonctionnement ex\u00e9cutif<\/a><\/h3>\n<\/div><\/article><article class=\"entry entry-grid is-column has-entry-link has-image has-image-first type-post category-neuropsychologie-et-informations tag-memoire tag-neuropsychologie\" style=\"--entry-index:2;\" aria-label=\"M\u00e9moire prospective : d\u00e9finition, diff\u00e9rences avec la r\u00e9trospective, \u00e9valuation et variables\" itemscope itemtype=\"https:\/\/schema.org\/CreativeWork\"><a class=\"entry-image-link\" href=\"https:\/\/neuronup.com\/fr\/neurosciences\/neuropsychologie-et-informations\/memoire-prospective-definition-differences-avec-la-retrospective-evaluation-et-variables\/\" tabindex=\"-1\" aria-hidden=\"true\"><img decoding=\"async\" width=\"400\" height=\"300\" src=\"https:\/\/neuronup.com\/fr\/wp-content\/uploads\/2024\/11\/Memoire-prospective-definition-differences-avec-la-retrospective-evaluation-et-variables-2-400x300.webp\" class=\"entry-image size-landscape-sm\" alt=\"Calendrier et horloge 9:58 sur une table claire, avec trombones et fournitures de bureau, blog sur la m\u00e9moire prospective.\" srcset=\"https:\/\/neuronup.com\/fr\/wp-content\/uploads\/2024\/11\/Memoire-prospective-definition-differences-avec-la-retrospective-evaluation-et-variables-2-400x300.webp 400w, https:\/\/neuronup.com\/fr\/wp-content\/uploads\/2024\/11\/Memoire-prospective-definition-differences-avec-la-retrospective-evaluation-et-variables-2-800x600.webp 800w, https:\/\/neuronup.com\/fr\/wp-content\/uploads\/2024\/11\/Memoire-prospective-definition-differences-avec-la-retrospective-evaluation-et-variables-2-1200x900.webp 1200w\" sizes=\"(max-width:599px) 599px, (min-width:600px) and (max-width: 799px) 799px, (min-width:800px) and (max-width: 999px) 333px, (min-width:1000px) 400px\" \/><\/a><div class=\"entry-wrap entry-wrap-grid\"><h3 class=\"entry-title\" itemprop=\"headline\"><a class=\"entry-title-link\" href=\"https:\/\/neuronup.com\/fr\/neurosciences\/neuropsychologie-et-informations\/memoire-prospective-definition-differences-avec-la-retrospective-evaluation-et-variables\/\" rel=\"bookmark\">M\u00e9moire prospective : d\u00e9finition, diff\u00e9rences avec la r\u00e9trospective, \u00e9valuation et variables<\/a><\/h3>\n<\/div><\/article><article class=\"entry entry-grid is-column has-entry-link has-image has-image-first type-post category-nouveautes-neuronup tag-actualites-de-neuronup\" style=\"--entry-index:3;\" aria-label=\"Effets psychologiques de la DANA et d&rsquo;autres catastrophes sur les personnes atteintes de troubles cognitifs\" itemscope itemtype=\"https:\/\/schema.org\/CreativeWork\"><a class=\"entry-image-link\" href=\"https:\/\/neuronup.com\/fr\/nouveautes-neuronup\/effets-psychologiques-de-la-dana-et-autres-catastrophes-chez-les-personnes-presentant-une-atteinte-cognitive\/\" tabindex=\"-1\" aria-hidden=\"true\"><img decoding=\"async\" width=\"400\" height=\"267\" src=\"https:\/\/neuronup.com\/fr\/wp-content\/uploads\/2024\/11\/Efectos-de-la-DANA-NeuronUP.webp\" class=\"entry-image size-landscape-sm\" alt=\"Personne assise dans une rue inond\u00e9e, cheveux longs et boucl\u00e9s, sac \u00e0 dos; d\u00e9cor sombre, b\u00e2timents et d\u00e9bris flottants.\" srcset=\"https:\/\/neuronup.com\/fr\/wp-content\/uploads\/2024\/11\/Efectos-de-la-DANA-NeuronUP-300x200.webp 300w, https:\/\/neuronup.com\/fr\/wp-content\/uploads\/2024\/11\/Efectos-de-la-DANA-NeuronUP-768x512.webp 768w, https:\/\/neuronup.com\/fr\/wp-content\/uploads\/2024\/11\/Efectos-de-la-DANA-NeuronUP-1024x683.webp 1024w, https:\/\/neuronup.com\/fr\/wp-content\/uploads\/2024\/11\/Efectos-de-la-DANA-NeuronUP.webp 1200w\" sizes=\"(max-width:599px) 599px, (min-width:600px) and (max-width: 799px) 799px, (min-width:800px) and (max-width: 999px) 333px, (min-width:1000px) 400px\" \/><\/a><div class=\"entry-wrap entry-wrap-grid\"><h3 class=\"entry-title\" itemprop=\"headline\"><a class=\"entry-title-link\" href=\"https:\/\/neuronup.com\/fr\/nouveautes-neuronup\/effets-psychologiques-de-la-dana-et-autres-catastrophes-chez-les-personnes-presentant-une-atteinte-cognitive\/\" rel=\"bookmark\">Effets psychologiques de la DANA et d&rsquo;autres catastrophes sur les personnes atteintes de troubles cognitifs<\/a><\/h3>\n<\/div><\/article><article class=\"entry entry-grid is-column has-entry-link has-image has-image-first type-post category-alzheimer tag-maladie-dalzheimer tag-maladies-neurodegeneratives tag-personnes-agees tag-recherche\" style=\"--entry-index:4;\" aria-label=\"NeuronUP ralentit le d\u00e9clin cognitif chez les patients atteints d&#8217;Alzheimer\" itemscope itemtype=\"https:\/\/schema.org\/CreativeWork\"><a class=\"entry-image-link\" href=\"https:\/\/neuronup.com\/fr\/actualites-de-la-stimulation-cognitive\/maladies-neurodegeneratives\/alzheimer\/neuronup-ralentit-la-deterioration-cognitive-chez-les-patients-atteints-dalzheimer\/\" tabindex=\"-1\" aria-hidden=\"true\"><img decoding=\"async\" width=\"280\" height=\"300\" src=\"https:\/\/neuronup.com\/fr\/wp-content\/uploads\/2021\/10\/silva-logopeda.webp\" class=\"entry-image size-landscape-sm\" alt=\"Homme en blouse blanche souriant, debout devant un tableau color\u00e9 de l&#039;alphabet et d&#039;objets, dans une salle \u00e9ducative.\" srcset=\"https:\/\/neuronup.com\/fr\/wp-content\/uploads\/2021\/10\/silva-logopeda-280x300.webp 280w, https:\/\/neuronup.com\/fr\/wp-content\/uploads\/2021\/10\/silva-logopeda-768x822.webp 768w, https:\/\/neuronup.com\/fr\/wp-content\/uploads\/2021\/10\/silva-logopeda.webp 934w\" sizes=\"(max-width:599px) 599px, (min-width:600px) and (max-width: 799px) 799px, (min-width:800px) and (max-width: 999px) 333px, (min-width:1000px) 400px\" \/><\/a><div class=\"entry-wrap entry-wrap-grid\"><h3 class=\"entry-title\" itemprop=\"headline\"><a class=\"entry-title-link\" href=\"https:\/\/neuronup.com\/fr\/actualites-de-la-stimulation-cognitive\/maladies-neurodegeneratives\/alzheimer\/neuronup-ralentit-la-deterioration-cognitive-chez-les-patients-atteints-dalzheimer\/\" rel=\"bookmark\">NeuronUP ralentit le d\u00e9clin cognitif chez les patients atteints d&#8217;Alzheimer<\/a><\/h3>\n<\/div><\/article><article class=\"entry entry-grid is-column has-entry-link has-image has-image-first type-post category-lignes-de-recherche tag-recherche tag-sclerose-en-plaques\" style=\"--entry-index:5;\" aria-label=\"Modifications neuropsychologiques et du volume de substance grise chez les patients atteints de scl\u00e9rose en plaques apr\u00e8s une th\u00e9rapie de r\u00e9\u00e9ducation cognitive assist\u00e9e par ordinateur avec NeuronUP\" itemscope itemtype=\"https:\/\/schema.org\/CreativeWork\"><a class=\"entry-image-link\" href=\"https:\/\/neuronup.com\/fr\/investigation\/lignes-de-recherche\/changements-neuropsychologiques-et-volume-de-matiere-grise-chez-des-patients-atteints-de-sclerose-en-plaques-apres-une-therapie-de-reeducation-cognitive\/\" tabindex=\"-1\" aria-hidden=\"true\"><img decoding=\"async\" width=\"400\" height=\"267\" src=\"https:\/\/neuronup.com\/fr\/wp-content\/uploads\/2024\/04\/Esclerosis-multiple-y-nuevas-tecnologias-Yolanda-Virue-NeuronUP.webp\" class=\"entry-image size-landscape-sm\" alt=\"Femme assise au bureau utilisant un ordinateur portable, pull jaune, expression concentr\u00e9e, d\u00e9cor minimaliste.\" srcset=\"https:\/\/neuronup.com\/fr\/wp-content\/uploads\/2024\/04\/Esclerosis-multiple-y-nuevas-tecnologias-Yolanda-Virue-NeuronUP-300x200.webp 300w, https:\/\/neuronup.com\/fr\/wp-content\/uploads\/2024\/04\/Esclerosis-multiple-y-nuevas-tecnologias-Yolanda-Virue-NeuronUP-768x512.webp 768w, https:\/\/neuronup.com\/fr\/wp-content\/uploads\/2024\/04\/Esclerosis-multiple-y-nuevas-tecnologias-Yolanda-Virue-NeuronUP-1024x683.webp 1024w, https:\/\/neuronup.com\/fr\/wp-content\/uploads\/2024\/04\/Esclerosis-multiple-y-nuevas-tecnologias-Yolanda-Virue-NeuronUP.webp 1200w\" sizes=\"(max-width:599px) 599px, (min-width:600px) and (max-width: 799px) 799px, (min-width:800px) and (max-width: 999px) 333px, (min-width:1000px) 400px\" \/><\/a><div class=\"entry-wrap entry-wrap-grid\"><h3 class=\"entry-title\" itemprop=\"headline\"><a class=\"entry-title-link\" href=\"https:\/\/neuronup.com\/fr\/investigation\/lignes-de-recherche\/changements-neuropsychologiques-et-volume-de-matiere-grise-chez-des-patients-atteints-de-sclerose-en-plaques-apres-une-therapie-de-reeducation-cognitive\/\" rel=\"bookmark\">Modifications neuropsychologiques et du volume de substance grise chez les patients atteints de scl\u00e9rose en plaques apr\u00e8s une th\u00e9rapie de r\u00e9\u00e9ducation cognitive assist\u00e9e par ordinateur avec NeuronUP<\/a><\/h3>\n<\/div><\/article><article class=\"entry entry-grid is-column has-entry-link has-image has-image-first type-post category-actualites-de-la-stimulation-cognitive tag-cerveau tag-stimulation-cognitive\" style=\"--entry-index:6;\" aria-label=\"Stimulation magn\u00e9tique transcr\u00e2nienne et r\u00e9habilitation cognitive\" itemscope itemtype=\"https:\/\/schema.org\/CreativeWork\"><a class=\"entry-image-link\" href=\"https:\/\/neuronup.com\/fr\/actualites-de-la-stimulation-cognitive\/stimulation-magnetique-transcranienne-et-rehabilitation-cognitive\/\" tabindex=\"-1\" aria-hidden=\"true\"><img decoding=\"async\" width=\"400\" height=\"300\" src=\"https:\/\/neuronup.com\/fr\/wp-content\/uploads\/2024\/11\/image-1200x675-3-400x300.webp\" class=\"entry-image size-landscape-sm\" alt=\"Homme portant un bonnet bleu et des \u00e9couteurs, face \u00e0 un \u00e9cran affichant des papillons en grille; une m\u00e9decin en blouse observe dans un cadre clinique.\" srcset=\"https:\/\/neuronup.com\/fr\/wp-content\/uploads\/2024\/11\/image-1200x675-3-400x300.webp 400w, https:\/\/neuronup.com\/fr\/wp-content\/uploads\/2024\/11\/image-1200x675-3-800x600.webp 800w\" sizes=\"(max-width:599px) 599px, (min-width:600px) and (max-width: 799px) 799px, (min-width:800px) and (max-width: 999px) 333px, (min-width:1000px) 400px\" \/><\/a><div class=\"entry-wrap entry-wrap-grid\"><h3 class=\"entry-title\" itemprop=\"headline\"><a class=\"entry-title-link\" href=\"https:\/\/neuronup.com\/fr\/actualites-de-la-stimulation-cognitive\/stimulation-magnetique-transcranienne-et-rehabilitation-cognitive\/\" rel=\"bookmark\">Stimulation magn\u00e9tique transcr\u00e2nienne et r\u00e9habilitation cognitive<\/a><\/h3>\n<\/div><\/article><\/div><\/div>","protected":false},"excerpt":{"rendered":"<p>Les ergoth\u00e9rapeutes, en tant que membres des \u00e9quipes transdisciplinaires sociosanitaires, sont en contact direct avec des personnes pr\u00e9sentant toutes sortes de handicaps, de d\u00e9pendance ou de limitations fonctionnelles et\/ou dans leur participation sociale ; par cons\u00e9quent, l\u2019application des traitements en ergoth\u00e9rapie a un impact direct sur la sant\u00e9, l\u2019autonomie personnelle et la qualit\u00e9 de vie &hellip;<\/p>\n","protected":false},"author":186,"featured_media":9003,"comment_status":"open","ping_status":"closed","sticky":false,"template":"","format":"standard","meta":{"_acf_changed":false,"_genesis_hide_title":false,"_genesis_hide_breadcrumbs":false,"_genesis_hide_singular_image":false,"_genesis_hide_footer_widgets":false,"_genesis_custom_body_class":"","_genesis_custom_post_class":"","_genesis_layout":"","footnotes":""},"categories":[594],"tags":[678],"class_list":{"2":"type-post","7":"category-ergotherapie","8":"tag-ergotherapie","9":"entry"},"acf":[],"_links":{"self":[{"href":"https:\/\/neuronup.com\/fr\/wp-json\/wp\/v2\/posts\/9002","targetHints":{"allow":["GET"]}}],"collection":[{"href":"https:\/\/neuronup.com\/fr\/wp-json\/wp\/v2\/posts"}],"about":[{"href":"https:\/\/neuronup.com\/fr\/wp-json\/wp\/v2\/types\/post"}],"author":[{"embeddable":true,"href":"https:\/\/neuronup.com\/fr\/wp-json\/wp\/v2\/users\/186"}],"replies":[{"embeddable":true,"href":"https:\/\/neuronup.com\/fr\/wp-json\/wp\/v2\/comments?post=9002"}],"version-history":[{"count":0,"href":"https:\/\/neuronup.com\/fr\/wp-json\/wp\/v2\/posts\/9002\/revisions"}],"wp:featuredmedia":[{"embeddable":true,"href":"https:\/\/neuronup.com\/fr\/wp-json\/wp\/v2\/media\/9003"}],"wp:attachment":[{"href":"https:\/\/neuronup.com\/fr\/wp-json\/wp\/v2\/media?parent=9002"}],"wp:term":[{"taxonomy":"category","embeddable":true,"href":"https:\/\/neuronup.com\/fr\/wp-json\/wp\/v2\/categories?post=9002"},{"taxonomy":"post_tag","embeddable":true,"href":"https:\/\/neuronup.com\/fr\/wp-json\/wp\/v2\/tags?post=9002"}],"curies":[{"name":"wp","href":"https:\/\/api.w.org\/{rel}","templated":true}]}}