{"id":8442,"date":"2023-06-30T10:59:08","date_gmt":"2023-06-30T10:59:08","guid":{"rendered":"https:\/\/neuronup.com\/fr\/?p=8442"},"modified":"2024-12-20T16:16:28","modified_gmt":"2024-12-20T14:16:28","slug":"lautisme-et-le-cerveau-les-causes-neurobiologiques-de-lautisme","status":"publish","type":"post","link":"https:\/\/neuronup.com\/fr\/actualites-de-la-stimulation-cognitive\/troubles-neuro-developpementaux\/tsa\/lautisme-et-le-cerveau-les-causes-neurobiologiques-de-lautisme\/","title":{"rendered":"L&#8217;autisme et le cerveau: les causes neurobiologiques de l&#8217;autisme"},"content":{"rendered":"\n<p style=\"font-size:25px\">L&rsquo;Association murcienne des neurosciences explique la relation entre l&rsquo;autisme et le cerveau et les causes neurobiologiques qui conduisent \u00e0 l&rsquo;autisme.<\/p>\n\n\n\n<h2 class=\"wp-block-heading\">Introduction autisme et cerveau<\/h2>\n\n\n\n<p>L&rsquo;autisme est un <strong>trouble du d\u00e9veloppement neurobiologique<\/strong> qui se manifeste au cours des trois ou quatre premi\u00e8res ann\u00e9es de la vie. De plus, il s&rsquo;agit d&rsquo;un trouble qui dure tout au long du cycle de vie. Bien que chaque syndrome autistique soit diff\u00e9rent dans sa symptomatologie, deux facteurs sont communs \u00e0 ce trouble :<\/p>\n\n\n\n<ol class=\"wp-block-list\">\n<li>L&rsquo;enfant pr\u00e9sente des d\u00e9ficiences persistantes en mati\u00e8re d&rsquo;interaction sociale et de communication.<\/li>\n\n\n\n<li>Il a <strong>des comportements, des int\u00e9r\u00eats ou des activit\u00e9s restrictifs et r\u00e9p\u00e9titifs<\/strong> (Volden, 2017).<\/li>\n<\/ol>\n\n\n\n<h2 class=\"wp-block-heading\">Causes neurobiologiques<\/h2>\n\n\n\n<p>L&rsquo;autisme implique principalement des d\u00e9ficits comportementaux ; cependant, de nombreuses recherches ont montr\u00e9 que le probl\u00e8me commence dans le d\u00e9veloppement neuronal du f\u0153tus. Les lignes de recherche les plus r\u00e9centes sur les causes neurobiologiques de ce trouble sont d\u00e9crites ci-apr\u00e8s.<\/p>\n\n\n\n<h3 class=\"wp-block-heading\">Autisme et volume c\u00e9r\u00e9bral<\/h3>\n\n\n\n<p>Tout d&rsquo;abord, certains chercheurs ont trouv\u00e9 une relation entre le degr\u00e9 de surcroissance c\u00e9r\u00e9brale et la s\u00e9v\u00e9rit\u00e9 des sympt\u00f4mes autistiques. En effet, il a \u00e9t\u00e9 d\u00e9montr\u00e9 par des \u00e9tudes IRM et structurelles que la croissance excessive du cerveau chez les enfants autistes commence au cours de la premi\u00e8re ann\u00e9e de vie, voire avant (Amaral et al., 2017 ; Kessler, Seymour et Rippon, 2016). Bien que la cause de cette croissance acc\u00e9l\u00e9r\u00e9e soit actuellement inconnue, ces donn\u00e9es repr\u00e9sentent une avanc\u00e9e pour le diagnostic pr\u00e9coce et le traitement de l&rsquo;autisme.<\/p>\n\n\n\n<h3 class=\"wp-block-heading\">Autisme et organisation anormale du cortex c\u00e9r\u00e9bral<\/h3>\n\n\n\n<p>Deuxi\u00e8mement, nous avons le cortex c\u00e9r\u00e9bral, qui tend \u00e0 s&rsquo;organiser en r\u00e9gions diff\u00e9renci\u00e9es d\u00e8s les premiers mois de gestation du f\u0153tus. Cependant, il a \u00e9t\u00e9 observ\u00e9 que cette diff\u00e9renciation ne se produit pas de la m\u00eame mani\u00e8re chez les enfants autistes. Une \u00e9tude a compar\u00e9, au moyen d&rsquo;une technique tomographique, l&rsquo;organisation c\u00e9r\u00e9brale d&rsquo;enfants diagnostiqu\u00e9s autistes d\u00e9c\u00e9d\u00e9s et d&rsquo;autres non diagnostiqu\u00e9s. Dans cette \u00e9tude, les deux groupes \u00e9taient \u00e2g\u00e9s de 2 \u00e0 15 ans. Il en est ressorti que le cerveau des enfants autistes pr\u00e9sentait des zones d\u00e9sorganis\u00e9es, avec la pr\u00e9sence de cellules mal plac\u00e9es dans le cortex pr\u00e9frontal, \u00e9troitement li\u00e9 \u00e0 la communication et \u00e0 l&rsquo;interaction sociale (Sanz-Cortes, Egana-Ugrinovic, Zupan, Figueras et Gratacos, 2014). Des \u00e9tudes ult\u00e9rieures ont confirm\u00e9 cette d\u00e9couverte, l&rsquo;une des causes possibles \u00e9tant un mauvais d\u00e9veloppement neuronal au cours des deuxi\u00e8me et troisi\u00e8me trimestres de la gestation.<\/p>\n\n\n\n<div style=\"height:100px\" aria-hidden=\"true\" class=\"wp-block-spacer\"><\/div>\n\n\n\n<div class=\"wp-block-group\"><div class=\"wp-block-group__inner-container is-layout-constrained wp-block-group-is-layout-constrained\">\n<div class=\"wp-block-columns br-0101 has-custom-2-background-color has-background is-layout-flex wp-container-core-columns-is-layout-9d6595d7 wp-block-columns-is-layout-flex\">\n<div class=\"wp-block-column mobile-order-1 is-layout-flow wp-block-column-is-layout-flow\" style=\"flex-basis:25%\"><div class=\"wp-block-image opacity-gradient mobile-translate-y-4\">\n<figure class=\"aligncenter size-full has--xxxl-margin-top has--xxxl-margin-bottom\"><img decoding=\"async\" width=\"267\" height=\"437\" src=\"https:\/\/neuronup.com\/fr\/wp-content\/uploads\/2024\/10\/jeu-neuronup.webp\" alt=\"jeu neuronup\" class=\"wp-image-31665\" srcset=\"https:\/\/neuronup.com\/fr\/wp-content\/uploads\/2024\/10\/jeu-neuronup-183x300.webp 183w, https:\/\/neuronup.com\/fr\/wp-content\/uploads\/2024\/10\/jeu-neuronup.webp 267w\" sizes=\"(max-width: 267px) 100vw, 267px\" \/><\/figure>\n<\/div><\/div>\n\n\n\n<div class=\"wp-block-column is-vertically-aligned-center is-layout-flow wp-block-column-is-layout-flow\" style=\"flex-basis:50%\">\n<h2 class=\"wp-block-heading has-text-align-left has-white-color has-text-color\">D\u00e9couvrez des milliers <strong>d&rsquo;exercices<\/strong><br>plus sur notre plateforme<\/h2>\n<\/div>\n\n\n\n<div class=\"wp-block-column is-vertically-aligned-center is-layout-flow wp-block-column-is-layout-flow\" style=\"flex-basis:25%\">\n<div class=\"wp-block-buttons mobile-center\">\n<div class=\"wp-block-button orange-button\"><a href=\"https:\/\/neuronup.com\/fr\/landing-store-user\/\" class=\"wp-block-button__link button button-secondary\" style=\"flex-direction: row;\" >Essayez-le gratuitement <img decoding=\"async\" class=\"wp-image-18719\" style=\"width: 8px;\" src=\"https:\/\/neuronup.com\/fr\/wp-content\/uploads\/2024\/10\/icon_rightArrow-white.svg\" alt=\"\"><\/a><\/div>\n<\/div>\n<\/div>\n<\/div>\n<\/div><\/div>\n\n\n\n<div style=\"height:50px\" aria-hidden=\"true\" class=\"wp-block-spacer\"><\/div>\n\n\n\n<h3 class=\"wp-block-heading\">Autisme et hypo-activation de l&rsquo;amygdale<\/h3>\n\n\n\n<p>En effet, l&rsquo;amygdale est la structure c\u00e9r\u00e9brale charg\u00e9e du traitement des \u00e9motions. L&rsquo;ampleur de sa fonction \u00e9motionnelle est telle que lorsque l&rsquo;amygdale est endommag\u00e9e, la personne est incapable de reconna\u00eetre les \u00e9motions chez les autres, de les exprimer et m\u00eame de les nommer. Des \u00e9tudes pionni\u00e8res utilisant la technique de l&rsquo;imagerie par r\u00e9sonance magn\u00e9tique fonctionnelle ont montr\u00e9 que l&rsquo;amygdale d&rsquo;enfants diagnostiqu\u00e9s autistes avait un niveau fonctionnel plus faible lorsqu&rsquo;ils effectuaient un exercice de reconnaissance \u00e9motionnelle, par rapport au niveau d&rsquo;activation d&rsquo;enfants du m\u00eame \u00e2ge mais non diagnostiqu\u00e9s (Barnea-Goraly et al., 2014). D&rsquo;autres auteurs ont \u00e9galement constat\u00e9 certaines diff\u00e9rences morphologiques et de sensibilit\u00e9 entre la fonctionnalit\u00e9 de l&rsquo;amygdale d&rsquo;un enfant autiste et celle d&rsquo;un enfant non diagnostiqu\u00e9 (Kiefer et al., 2017).<\/p>\n\n\n\n<h3 class=\"wp-block-heading\">Autisme et ralentissement du d\u00e9veloppement fonctionnel du cerveau<\/h3>\n\n\n\n<p>Bien qu&rsquo;il n&rsquo;y ait pas encore de donn\u00e9es concluantes, certaines recherches ont montr\u00e9 que les zones du cerveau impliqu\u00e9es dans la communication et les interactions sociales se d\u00e9veloppent et deviennent fonctionnelles plus lentement chez les enfants autistes que chez les enfants ne pr\u00e9sentant pas ce trouble (Ameis et Catani, 2015 ; Washington et al., 2014). Cela expliquerait l&rsquo;incapacit\u00e9 de ces enfants \u00e0 tisser des liens affectifs et \u00e0 entrer en relation avec l&rsquo;environnement.<\/p>\n\n\n\n<p>Comme on peut le constater dans cette entr\u00e9e, il existe de nombreuses th\u00e9ories qui tentent de donner une explication \u00e0 l&rsquo;autisme. Cette multitude d&rsquo;hypoth\u00e8ses est certainement due \u00e0 la vari\u00e9t\u00e9 des sympt\u00f4mes que pr\u00e9sente le trouble lui-m\u00eame et \u00e0 la complexit\u00e9 que rec\u00e8le l&rsquo;autisme. N\u00e9anmoins, les futures lignes de recherche soutiennent les deux premi\u00e8res propositions qui sont encourageantes et permettront aux professionnels psychologues et neuropsychologues, entre autres, de mieux conna\u00eetre l&rsquo;autisme, sa pr\u00e9vention et son intervention tout au long du cycle de vie.<\/p>\n\n\n\n<div style=\"height:50px\" aria-hidden=\"true\" class=\"wp-block-spacer\"><\/div>\n\n\n\n<aside class=\"wp-block-group br-1010 has-primary-background-color has-background has-dark-background has-sm-padding-top has-sm-padding-bottom has-sm-padding-left has-sm-padding-right\"><div class=\"wp-block-group__inner-container is-layout-constrained wp-block-group-is-layout-constrained\">\n<div class=\"wp-block-columns are-vertically-aligned-center is-layout-flex wp-container-core-columns-is-layout-9d6595d7 wp-block-columns-is-layout-flex\">\n<div class=\"wp-block-column is-vertically-aligned-center has-white-color has-text-color has-link-color wp-elements-479019793e00cc4de0e5691436c348f7 is-layout-flow wp-block-column-is-layout-flow\" style=\"flex-basis:60%\">\n<p>Obtenez un<strong> guide d&rsquo;activit\u00e9s<\/strong> pour travailler avec les personnes souffrant d&rsquo;un<strong> trouble du spectre autistique<\/strong> + 1 activit\u00e9 imprimable gratuite<\/p>\n<\/div>\n\n\n\n<div class=\"wp-block-column is-vertically-aligned-center is-layout-flow wp-block-column-is-layout-flow\" style=\"flex-basis:40%\">\n<div class=\"wp-block-buttons is-content-justification-center is-layout-flex wp-container-core-buttons-is-layout-16018d1d wp-block-buttons-is-layout-flex\">\n<div class=\"wp-block-button\" style=\"--button-secondary-color:var(--color-white);--button-secondary-background:var(--color-custom-1);--button-secondary-background-hover:#cc7e00;\"><a class=\"wp-block-button__link button button-secondary     has-link-color wp-element-button\" href=\"https:\/\/neuronup.com\/redirect\/?target=typeform\/autisme?utm_first_source=Web&#038;utm_first_campaign_name=Worksheets_autism\">Obtenir gratuitement<\/a><\/div>\n\n<\/div>\n<\/div>\n<\/div>\n<\/div><\/aside>\n\n\n\n\n<div style=\"height:50px\" aria-hidden=\"true\" class=\"wp-block-spacer\"><\/div>\n\n\n\n<h2 class=\"wp-block-heading\">Bibliographie<\/h2>\n\n\n\n<ul class=\"wp-block-list has-sm-font-size\">\n<li class=\"has-small-font-size\">Amaral, D. G., Li, D., Libero, L., Solomon, M., Van de Water, J., Mastergeorge, A., &#8230; y Wu Nordahl, C. (2017). In pursuit of neurophenotypes: The consequences of having autism and a big brain. <em>Autism Research<\/em>, <em>10<\/em>(5), 711-722.<\/li>\n\n\n\n<li class=\"has-small-font-size\">Ameis, S. H. y Catani, M. (2015). Altered white matter connectivity as a neural substrate for social impairment in Autism Spectrum Disorder. <em>Cortex<\/em>, <em>62<\/em>, 158-181.<\/li>\n\n\n\n<li class=\"has-small-font-size\">Barnea-Goraly, N., Frazier, T. W., Piacenza, L., Minshew, N. J., Keshavan, M. S., Reiss, A. L. y Hardan, A. Y. (2014). A preliminary longitudinal volumetric MRI study of amygdala and hippocampal volumes in autism. <em>Progress in Neuro Psychopharmacology and Biological Psychiatry<\/em>, <em>48<\/em>, 124-128.<\/li>\n\n\n\n<li class=\"has-small-font-size\">Kessler, K., Seymour, R. A. y Rippon, G. (2016). Brain oscillations and connectivity in autism spectrum disorders (ASD): new approaches to methodology, measurement and modelling. <em>Neuroscience &amp; Biobehavioral Reviews<\/em>, <em>71<\/em>, 601-620.<\/li>\n\n\n\n<li class=\"has-small-font-size\">Kiefer, C., Kryza-Lacombe, M., Cole, K., Lord, C., Monk, C. y Wiggins, J. L. (2017). 126-Irritability and Amygdala-Ventral Prefrontal Cortex Connectivity in Children with High Functioning Autism Spectrum Disorder. <em>Biological Psychiatry<\/em>, <em>81<\/em>(10), 53-58.<\/li>\n\n\n\n<li class=\"has-small-font-size\">Sanz-Cortes, M., Egana-Ugrinovic, G., Zupan, R., Figueras, F. y Gratacos, E. (2014). Brainstem and cerebellar differences and their association with neurobehavior in term small-for-gestational-age fetuses assessed by fetal MRI. <em>American journal of obstetrics and gynecology<\/em>, <em>210<\/em>(5), 452-459.<\/li>\n\n\n\n<li class=\"has-small-font-size\">Volden, J. (2017). <em>Autism Spectrum Disorder. <\/em>California: Springer International Publishing.<\/li>\n\n\n\n<li class=\"has-small-font-size\">Washington, S. D., Gordon, E. M., Brar, J., Warburton, S., Sawyer, A. T., Wolfe, A., &#8230; y Gaillard, W. D. (2014). Dysmaturation of the default mode network in autism. <em>Human brain mapping<\/em>, <em>35<\/em>(4), 1284-1296.<\/li>\n<\/ul>\n\n\n\n<h3 class=\"wp-block-heading\">Si cet article sur l&rsquo;autisme et le cerveau vous a int\u00e9ress\u00e9, il est probable qu&rsquo;il vous int\u00e9resse \u00e9galement :<\/h3>\n\n\n<div class=\"mai-grid entries entries-grid has-boxed has-image-full\" style=\"--entry-title-font-size:var(--font-size-lg);--align-text:start;--entry-meta-text-align:start;\"><div class=\"entries-wrap has-columns\" style=\"--columns-xs:1\/1;--columns-sm:1\/1;--columns-md:1\/3;--columns-lg:1\/3;--flex-xs:0 0 var(--flex-basis);--flex-sm:0 0 var(--flex-basis);--flex-md:0 0 var(--flex-basis);--flex-lg:0 0 var(--flex-basis);--column-gap:var(--spacing-lg);--row-gap:var(--spacing-lg);--align-columns:start;\"><article class=\"entry entry-grid is-column has-entry-link has-image has-image-first type-post category-activites-de-la-vie-quotidienne category-nouveautes-neuronup tag-activites-de-stimulation-cognitive tag-activites-de-stimulation-cognitive-pour-enfants tag-adulte tag-enfants tag-remediation-cognitive\" style=\"--entry-index:1;\" aria-label=\"Nouvelles activit\u00e9s NeuronUP : entra\u00eenez les fonctions cognitives dans des situations du quotidien\" itemscope itemtype=\"https:\/\/schema.org\/CreativeWork\"><a class=\"entry-image-link\" href=\"https:\/\/neuronup.com\/fr\/nouveautes-neuronup\/nouvelles-activites-neuronup-entrainez-les-fonctions-cognitives-dans-des-situations-du-quotidien\/\" tabindex=\"-1\" aria-hidden=\"true\"><img decoding=\"async\" width=\"400\" height=\"202\" src=\"https:\/\/neuronup.com\/fr\/wp-content\/uploads\/2026\/03\/Capture-decran-2026-03-30-111842-400x202.webp\" class=\"entry-image size-landscape-sm\" alt=\"\" \/><\/a><div class=\"entry-wrap entry-wrap-grid\"><h3 class=\"entry-title\" itemprop=\"headline\"><a class=\"entry-title-link\" href=\"https:\/\/neuronup.com\/fr\/nouveautes-neuronup\/nouvelles-activites-neuronup-entrainez-les-fonctions-cognitives-dans-des-situations-du-quotidien\/\" rel=\"bookmark\">Nouvelles activit\u00e9s NeuronUP : entra\u00eenez les fonctions cognitives dans des situations du quotidien<\/a><\/h3>\n<\/div><\/article><article class=\"entry entry-grid is-column has-entry-link has-image has-image-first type-post category-activites-dattention category-activites-de-neuro-reeducation category-activites-pour-les-fonctions-cognitives tag-adulte\" style=\"--entry-index:2;\" aria-label=\"Nouvelle activit\u00e9 Attention s\u00e9lective (Adultes)\" itemscope itemtype=\"https:\/\/schema.org\/CreativeWork\"><a class=\"entry-image-link\" href=\"https:\/\/neuronup.com\/fr\/activites-de-neuro-reeducation\/nouvelle-activite-attention-selective-adultes\/\" tabindex=\"-1\" aria-hidden=\"true\"><img decoding=\"async\" width=\"253\" height=\"230\" src=\"https:\/\/neuronup.com\/fr\/wp-content\/uploads\/2026\/03\/Capture-decran-2026-03-03-160917.webp\" class=\"entry-image size-landscape-sm\" alt=\"\" \/><\/a><div class=\"entry-wrap entry-wrap-grid\"><h3 class=\"entry-title\" itemprop=\"headline\"><a class=\"entry-title-link\" href=\"https:\/\/neuronup.com\/fr\/activites-de-neuro-reeducation\/nouvelle-activite-attention-selective-adultes\/\" rel=\"bookmark\">Nouvelle activit\u00e9 Attention s\u00e9lective (Adultes)<\/a><\/h3>\n<\/div><\/article><article class=\"entry entry-grid is-column has-entry-link has-image has-image-first type-post category-activites-de-cognition-sociale tag-activites-de-stimulation-cognitive tag-cognition-sociale tag-fonctions-executives\" style=\"--entry-index:3;\" aria-label=\"La cognition sociale ou comment comprendre les personnes : exercices de cognition sociale\" itemscope itemtype=\"https:\/\/schema.org\/CreativeWork\"><a class=\"entry-image-link\" href=\"https:\/\/neuronup.com\/fr\/activites-de-neuro-reeducation\/activites-pour-les-fonctions-cognitives\/activites-de-cognition-sociale\/la-cognition-sociale-ou-comment-comprendre-les-personnes-exercices-de-cognition-sociale\/\" tabindex=\"-1\" aria-hidden=\"true\"><img decoding=\"async\" width=\"396\" height=\"300\" src=\"https:\/\/neuronup.com\/fr\/wp-content\/uploads\/2022\/06\/Reaccion-emocional-ante-situaciones.webp\" class=\"entry-image size-landscape-sm\" alt=\"R\u00e9action \u00e9motionnelle face aux situations : Exercice de cognition sociale\" srcset=\"https:\/\/neuronup.com\/fr\/wp-content\/uploads\/2022\/06\/Reaccion-emocional-ante-situaciones-300x227.webp 300w, https:\/\/neuronup.com\/fr\/wp-content\/uploads\/2022\/06\/Reaccion-emocional-ante-situaciones-768x582.webp 768w, https:\/\/neuronup.com\/fr\/wp-content\/uploads\/2022\/06\/Reaccion-emocional-ante-situaciones-1024x776.webp 1024w, https:\/\/neuronup.com\/fr\/wp-content\/uploads\/2022\/06\/Reaccion-emocional-ante-situaciones.webp 1148w\" sizes=\"(max-width:599px) 599px, (min-width:600px) and (max-width: 799px) 799px, (min-width:800px) and (max-width: 999px) 333px, (min-width:1000px) 400px\" \/><\/a><div class=\"entry-wrap entry-wrap-grid\"><h3 class=\"entry-title\" itemprop=\"headline\"><a class=\"entry-title-link\" href=\"https:\/\/neuronup.com\/fr\/activites-de-neuro-reeducation\/activites-pour-les-fonctions-cognitives\/activites-de-cognition-sociale\/la-cognition-sociale-ou-comment-comprendre-les-personnes-exercices-de-cognition-sociale\/\" rel=\"bookmark\">La cognition sociale ou comment comprendre les personnes : exercices de cognition sociale<\/a><\/h3>\n<\/div><\/article><article class=\"entry entry-grid is-column has-entry-link has-image has-image-first type-post category-activites-pour-les-enfants-ayant-des-besoins-particuliers tag-activites-de-stimulation-cognitive tag-activites-de-stimulation-cognitive-pour-enfants tag-enfants\" style=\"--entry-index:4;\" aria-label=\"7+1 activit\u00e9s pour enfants avec des besoins \u00e9ducatifs sp\u00e9ciaux\" itemscope itemtype=\"https:\/\/schema.org\/CreativeWork\"><a class=\"entry-image-link\" href=\"https:\/\/neuronup.com\/fr\/activites-de-neuro-reeducation\/activites-pour-les-enfants-ayant-des-besoins-particuliers\/71-activites-pour-enfants-a-besoins-educatifs-speciaux\/\" tabindex=\"-1\" aria-hidden=\"true\"><img decoding=\"async\" width=\"400\" height=\"298\" src=\"https:\/\/neuronup.com\/fr\/wp-content\/uploads\/2022\/07\/Prepara-la-mochila.webp\" class=\"entry-image size-landscape-sm\" alt=\"Activit\u00e9 Pr\u00e9pare le sac \u00e0 dos pour les enfants ayant des besoins \u00e9ducatifs particuliers\" srcset=\"https:\/\/neuronup.com\/fr\/wp-content\/uploads\/2022\/07\/Prepara-la-mochila-300x224.webp 300w, https:\/\/neuronup.com\/fr\/wp-content\/uploads\/2022\/07\/Prepara-la-mochila-768x572.webp 768w, https:\/\/neuronup.com\/fr\/wp-content\/uploads\/2022\/07\/Prepara-la-mochila-1024x763.webp 1024w, https:\/\/neuronup.com\/fr\/wp-content\/uploads\/2022\/07\/Prepara-la-mochila.webp 1255w\" sizes=\"(max-width:599px) 599px, (min-width:600px) and (max-width: 799px) 799px, (min-width:800px) and (max-width: 999px) 333px, (min-width:1000px) 400px\" \/><\/a><div class=\"entry-wrap entry-wrap-grid\"><h3 class=\"entry-title\" itemprop=\"headline\"><a class=\"entry-title-link\" href=\"https:\/\/neuronup.com\/fr\/activites-de-neuro-reeducation\/activites-pour-les-enfants-ayant-des-besoins-particuliers\/71-activites-pour-enfants-a-besoins-educatifs-speciaux\/\" rel=\"bookmark\">7+1 activit\u00e9s pour enfants avec des besoins \u00e9ducatifs sp\u00e9ciaux<\/a><\/h3>\n<\/div><\/article><article class=\"entry entry-grid is-column has-entry-link has-image has-image-first type-post category-activites-de-cognition-sociale tag-activites-de-stimulation-cognitive tag-activites-de-stimulation-cognitive-pour-enfants tag-cognition-sociale\" style=\"--entry-index:5;\" aria-label=\"Exercices de cognition sociale pour enfants\" itemscope itemtype=\"https:\/\/schema.org\/CreativeWork\"><a class=\"entry-image-link\" href=\"https:\/\/neuronup.com\/fr\/activites-de-neuro-reeducation\/activites-pour-les-fonctions-cognitives\/activites-de-cognition-sociale\/exercices-de-cognition-sociale-pour-enfants\/\" tabindex=\"-1\" aria-hidden=\"true\"><img decoding=\"async\" width=\"400\" height=\"273\" src=\"https:\/\/neuronup.com\/fr\/wp-content\/uploads\/2022\/08\/Que-esperan-encontrar-4-1.webp\" class=\"entry-image size-landscape-sm\" alt=\"Exercices de cognition sociale pour enfants\" srcset=\"https:\/\/neuronup.com\/fr\/wp-content\/uploads\/2022\/08\/Que-esperan-encontrar-4-1-300x205.webp 300w, https:\/\/neuronup.com\/fr\/wp-content\/uploads\/2022\/08\/Que-esperan-encontrar-4-1-768x524.webp 768w, https:\/\/neuronup.com\/fr\/wp-content\/uploads\/2022\/08\/Que-esperan-encontrar-4-1-1024x699.webp 1024w, https:\/\/neuronup.com\/fr\/wp-content\/uploads\/2022\/08\/Que-esperan-encontrar-4-1.webp 1205w\" sizes=\"(max-width:599px) 599px, (min-width:600px) and (max-width: 799px) 799px, (min-width:800px) and (max-width: 999px) 333px, (min-width:1000px) 400px\" \/><\/a><div class=\"entry-wrap entry-wrap-grid\"><h3 class=\"entry-title\" itemprop=\"headline\"><a class=\"entry-title-link\" href=\"https:\/\/neuronup.com\/fr\/activites-de-neuro-reeducation\/activites-pour-les-fonctions-cognitives\/activites-de-cognition-sociale\/exercices-de-cognition-sociale-pour-enfants\/\" rel=\"bookmark\">Exercices de cognition sociale pour enfants<\/a><\/h3>\n<\/div><\/article><article class=\"entry entry-grid is-column has-entry-link has-image has-image-first type-post category-activites-de-cognition-sociale tag-activites-de-stimulation-cognitive tag-activites-de-stimulation-cognitive-pour-enfants tag-actualites-de-neuronup tag-cognition-sociale tag-enfants tag-intelligence-emotionnelle\" style=\"--entry-index:6;\" aria-label=\"Activit\u00e9 pour identifier les \u00e9motions : Devinez le visage ?\" itemscope itemtype=\"https:\/\/schema.org\/CreativeWork\"><a class=\"entry-image-link\" href=\"https:\/\/neuronup.com\/fr\/activites-de-neuro-reeducation\/activites-pour-les-fonctions-cognitives\/activites-de-cognition-sociale\/activite-pour-identifier-les-emotions\/\" tabindex=\"-1\" aria-hidden=\"true\"><img decoding=\"async\" width=\"400\" height=\"283\" src=\"https:\/\/neuronup.com\/fr\/wp-content\/uploads\/2022\/09\/Actividad-para-identificar-emociones-de-NeuronUP-Adivinas-la-cara-1-1-1.webp\" class=\"entry-image size-landscape-sm\" alt=\"Activit\u00e9 pour identifier les \u00e9motions de NeuronUP Tu devines le visage\" srcset=\"https:\/\/neuronup.com\/fr\/wp-content\/uploads\/2022\/09\/Actividad-para-identificar-emociones-de-NeuronUP-Adivinas-la-cara-1-1-1-300x212.webp 300w, https:\/\/neuronup.com\/fr\/wp-content\/uploads\/2022\/09\/Actividad-para-identificar-emociones-de-NeuronUP-Adivinas-la-cara-1-1-1-768x543.webp 768w, https:\/\/neuronup.com\/fr\/wp-content\/uploads\/2022\/09\/Actividad-para-identificar-emociones-de-NeuronUP-Adivinas-la-cara-1-1-1-1024x724.webp 1024w, https:\/\/neuronup.com\/fr\/wp-content\/uploads\/2022\/09\/Actividad-para-identificar-emociones-de-NeuronUP-Adivinas-la-cara-1-1-1.webp 1200w\" sizes=\"(max-width:599px) 599px, (min-width:600px) and (max-width: 799px) 799px, (min-width:800px) and (max-width: 999px) 333px, (min-width:1000px) 400px\" \/><\/a><div class=\"entry-wrap entry-wrap-grid\"><h3 class=\"entry-title\" itemprop=\"headline\"><a class=\"entry-title-link\" href=\"https:\/\/neuronup.com\/fr\/activites-de-neuro-reeducation\/activites-pour-les-fonctions-cognitives\/activites-de-cognition-sociale\/activite-pour-identifier-les-emotions\/\" rel=\"bookmark\">Activit\u00e9 pour identifier les \u00e9motions : Devinez le visage ?<\/a><\/h3>\n<\/div><\/article><\/div><\/div>","protected":false},"excerpt":{"rendered":"<p>L&rsquo;Association murcienne des neurosciences explique la relation entre l&rsquo;autisme et le cerveau et les causes neurobiologiques qui conduisent \u00e0 l&rsquo;autisme. Introduction autisme et cerveau L&rsquo;autisme est un trouble du d\u00e9veloppement neurobiologique qui se manifeste au cours des trois ou quatre premi\u00e8res ann\u00e9es de la vie. De plus, il s&rsquo;agit d&rsquo;un trouble qui dure tout au &hellip;<\/p>\n","protected":false},"author":7,"featured_media":33548,"comment_status":"open","ping_status":"open","sticky":false,"template":"","format":"standard","meta":{"_acf_changed":false,"_genesis_hide_title":false,"_genesis_hide_breadcrumbs":false,"_genesis_hide_singular_image":false,"_genesis_hide_footer_widgets":false,"_genesis_custom_body_class":"","_genesis_custom_post_class":"","_genesis_layout":"","footnotes":""},"categories":[591],"tags":[688,657,776],"class_list":{"2":"type-post","7":"category-tsa","8":"tag-autisme","9":"tag-cerveau","10":"tag-troubles-neurodeveloppementaux","11":"entry"},"acf":[],"_links":{"self":[{"href":"https:\/\/neuronup.com\/fr\/wp-json\/wp\/v2\/posts\/8442","targetHints":{"allow":["GET"]}}],"collection":[{"href":"https:\/\/neuronup.com\/fr\/wp-json\/wp\/v2\/posts"}],"about":[{"href":"https:\/\/neuronup.com\/fr\/wp-json\/wp\/v2\/types\/post"}],"author":[{"embeddable":true,"href":"https:\/\/neuronup.com\/fr\/wp-json\/wp\/v2\/users\/7"}],"replies":[{"embeddable":true,"href":"https:\/\/neuronup.com\/fr\/wp-json\/wp\/v2\/comments?post=8442"}],"version-history":[{"count":0,"href":"https:\/\/neuronup.com\/fr\/wp-json\/wp\/v2\/posts\/8442\/revisions"}],"wp:featuredmedia":[{"embeddable":true,"href":"https:\/\/neuronup.com\/fr\/wp-json\/wp\/v2\/media\/33548"}],"wp:attachment":[{"href":"https:\/\/neuronup.com\/fr\/wp-json\/wp\/v2\/media?parent=8442"}],"wp:term":[{"taxonomy":"category","embeddable":true,"href":"https:\/\/neuronup.com\/fr\/wp-json\/wp\/v2\/categories?post=8442"},{"taxonomy":"post_tag","embeddable":true,"href":"https:\/\/neuronup.com\/fr\/wp-json\/wp\/v2\/tags?post=8442"}],"curies":[{"name":"wp","href":"https:\/\/api.w.org\/{rel}","templated":true}]}}