{"id":8314,"date":"2023-06-16T06:29:26","date_gmt":"2023-06-16T06:29:26","guid":{"rendered":"https:\/\/neuronup.com\/fr\/?p=8314"},"modified":"2026-01-29T17:35:22","modified_gmt":"2026-01-29T15:35:22","slug":"rehabilitation-neuropsychologique-des-lesions-cerebrales-acquises","status":"publish","type":"post","link":"https:\/\/neuronup.com\/fr\/actualites-de-la-stimulation-cognitive\/lesions-cerebrales\/rehabilitation-neuropsychologique-des-lesions-cerebrales-acquises\/","title":{"rendered":"R\u00e9habilitation neuropsychologique des l\u00e9sions c\u00e9r\u00e9brales acquises"},"content":{"rendered":"\n<p class=\"has-xl-font-size\">Rosa Espinosa, psychologue \u00e0 l&rsquo;h\u00f4pital Cl\u00ednico Universitario Virgen de la Arrixaca, explique comment la <strong>r\u00e9\u00e9ducation neuropsychologique pour les l\u00e9sions c\u00e9r\u00e9brales acquises est effectu\u00e9e \u00e0 l&rsquo;h\u00f4pital<\/strong>.<\/p>\n\n\n\n<p>La <strong>r\u00e9adaptation cognitive<\/strong> peut \u00eatre d\u00e9finie comme l&rsquo;ensemble des proc\u00e9dures appliqu\u00e9es pour am\u00e9liorer diverses <strong>capacit\u00e9s et comp\u00e9tences<\/strong> telles que l&rsquo;attention, la m\u00e9moire, le langage ou les fonctions ex\u00e9cutives, entre autres. L&rsquo;objectif est de promouvoir une plus grande <strong>ind\u00e9pendance fonctionnelle<\/strong> dans une grande vari\u00e9t\u00e9 de situations de la <strong>vie quotidienne<\/strong> (Wood, 1994). Dans cet article, nous nous concentrons sur la r\u00e9adaptation neuropsychologique des personnes souffrant de l\u00e9sions c\u00e9r\u00e9brales acquises.<\/p>\n\n\n\n<h2 class=\"wp-block-heading\">Programme de r\u00e9adaptation neuropsychologique pour les l\u00e9sions c\u00e9r\u00e9brales acquises<\/h2>\n\n\n\n<p>Depuis 2015, <strong>l&rsquo;Hospital Cl\u00ednico Universitario Virgen de la Arrixaca<\/strong>, appartenant au service de sant\u00e9 de Murcie, d\u00e9veloppe un programme de r\u00e9adaptation neuropsychologique pour les l\u00e9sions c\u00e9r\u00e9brales acquises avec l&rsquo;incorporation d&rsquo;un psychologue clinicien dans le service de neurologie\/m\u00e9decine physique et de r\u00e9adaptation.<\/p>\n\n\n\n<p>Le travail que nous avons effectu\u00e9 se concentre sur <strong>quatre blocs <\/strong>neuropsychologiques et cliniques principaux :<\/p>\n\n\n\n<h3 class=\"wp-block-heading\">Programa de estimulaci\u00f3n cognitiva<\/h3>\n\n\n\n<p>Elle est <strong>bas\u00e9e sur des mod\u00e8les neuropsychologiques<\/strong> qui offrent des preuves empiriques. Pour ce faire, nous planifions les s\u00e9ances et les patients d\u00e9veloppent des exercices papier-crayon, mais nous nous concentrons \u00e9galement <strong>sur la plateforme NeuronUP<\/strong>, afin de g\u00e9n\u00e9rer une base (r\u00e9cup\u00e9ration, substitution ou compensation de la fonction) o\u00f9 nous pourrons plus tard <strong>g\u00e9n\u00e9raliser ce qui a \u00e9t\u00e9 appris<\/strong> et promouvoir <strong>la validit\u00e9 \u00e9cologique<\/strong> de l&rsquo;intervention. NeuronUP permet de s\u00e9lectionner une fonction sp\u00e9cifique \u00e0 travailler, de comparer les r\u00e9sultats dans la m\u00eame activit\u00e9 et de donner un feedback.<\/p>\n\n\n\n<p>Bien que l&rsquo;attention soit individualis\u00e9e, le travail de groupe est une priorit\u00e9 pour la r\u00e9\u00e9ducation neuropsychologique des l\u00e9sions c\u00e9r\u00e9brales acquises. C&rsquo;est pourquoi nous organisons des <strong>groupes de stimulation<\/strong>, o\u00f9 nous utilisons la plateforme NeuronUP, afin de travailler sur les diff\u00e9rents points focaux neuropsychologiques.<\/p>\n\n\n<div class=\"wp-block-image image-interface\">\n<figure class=\"aligncenter size-large\"><img decoding=\"async\" width=\"1024\" height=\"661\" src=\"https:\/\/neuronup.com\/fr\/wp-content\/uploads\/2024\/11\/image-1200x775-1-1024x661.webp\" alt=\"R\u00e9union en salle sur une pr\u00e9sentation projet\u00e9e: participants assis autour d\u2019une table, certains en masque; projecteur et \u00e9cran mur.\" class=\"wp-image-33565\" srcset=\"https:\/\/neuronup.com\/fr\/wp-content\/uploads\/2024\/11\/image-1200x775-1-300x194.webp 300w, https:\/\/neuronup.com\/fr\/wp-content\/uploads\/2024\/11\/image-1200x775-1-768x496.webp 768w, https:\/\/neuronup.com\/fr\/wp-content\/uploads\/2024\/11\/image-1200x775-1-1024x661.webp 1024w, https:\/\/neuronup.com\/fr\/wp-content\/uploads\/2024\/11\/image-1200x775-1.webp 1200w\" sizes=\"(max-width: 1024px) 100vw, 1024px\" \/><\/figure>\n<\/div>\n\n\n<h3 class=\"wp-block-heading\">Th\u00e9rapie familiale syst\u00e9mique<\/h3>\n\n\n\n<p>Dans les cas o\u00f9 le cerveau est endommag\u00e9 et o\u00f9 des strat\u00e9gies n&rsquo;ont pas \u00e9t\u00e9 d\u00e9velopp\u00e9es pour favoriser des <strong>limites interg\u00e9n\u00e9rationnelles<\/strong> ad\u00e9quates. Favoriser le <strong>processus d&rsquo;adaptation<\/strong>, en se concentrant sur l&rsquo;approche structurelle de Salvador Minuchin et en s&rsquo;attaquant aux <strong>probl\u00e8mes comportementaux et \u00e9motionnels<\/strong> qui peuvent survenir au cours du processus de r\u00e9adaptation.<\/p>\n\n\n\n<h3 class=\"wp-block-heading\">Th\u00e9rapie interfamiliale\/interculturelle<\/h3>\n\n\n\n<p>Elle est r\u00e9alis\u00e9e dans le cadre du service de r\u00e9adaptation neuropsychologique pour les l\u00e9sions c\u00e9r\u00e9brales acquises. L&rsquo;application de cette <strong>psychoth\u00e9rapie<\/strong> aux l\u00e9sions c\u00e9r\u00e9brales acquises est nouvelle et, pour ainsi dire, pionni\u00e8re. Nous suivons les objectifs de la th\u00e9rapie interfamiliale, tels que la cr\u00e9ation d&rsquo;une <strong>coh\u00e9sion<\/strong> de groupe, la promotion d&rsquo;un <strong>dialogue<\/strong> ouvert et polyphonique, le <strong>soutien \u00e9motionnel <\/strong>entre les participants et la promotion de la <strong>flexibilit\u00e9<\/strong> dans la communication de groupe (Sempere et Fuenzalida, 2017). \u00c0 Murcie, o\u00f9 il y a une grande population immigr\u00e9e, nous prenons en compte le processus d&rsquo;immigration (<strong>acculturation<\/strong>) et la gestion familiale et interfamiliale pour aider \u00e0 la l\u00e9sion c\u00e9r\u00e9brale, qui si en soi est d\u00e9j\u00e0 un aspect qui d\u00e9passe les <strong>capacit\u00e9s d&rsquo;adaptation<\/strong> (famille et patient), \u00e9tant loin de ce qui g\u00e9n\u00e8re du soutien (langue, nourriture, odeurs, personnes, liens, musique), il devient beaucoup plus difficile.<\/p>\n\n\n\n<h3 class=\"wp-block-heading\">Ateliers par les patients pour les patients<\/h3>\n\n\n\n<p>Lorsque la r\u00e9\u00e9ducation neuropsychologique des l\u00e9sions c\u00e9r\u00e9brales acquises a \u00e9t\u00e9 consolid\u00e9e par le \u00ab\u00a0<strong>brain training<\/strong>\u00a0\u00bb avec des activit\u00e9s papier-crayon et <strong>NeuronUP<\/strong>, ou que nous avons commenc\u00e9 \u00e0 d\u00e9velopper la <strong>compensation et\/ou la substitution de la fonction<\/strong>, nous concevons des ateliers con\u00e7us par les patients eux-m\u00eames pour les patients, dans le but d&rsquo;am\u00e9liorer leur cr\u00e9ativit\u00e9, de <strong>stimuler les fonctions ex\u00e9cutives<\/strong> (planification, flexibilit\u00e9, vitesse de traitement, organisation, prise de d\u00e9cision et r\u00e9solution de probl\u00e8mes), d&rsquo;<strong>encourager l&rsquo;adh\u00e9sion au traitement et la coh\u00e9sion du groupe de ses membres.<\/strong><\/p>\n\n\n\n<aside class=\"wp-block-group br-0101 anims-fadein-up has-primary-background-color has-background has-dark-background has-xs-padding-left has-xs-padding-right has-xxxl-margin-top\"><div class=\"wp-block-group__inner-container is-layout-constrained wp-block-group-is-layout-constrained\">\n<div class=\"wp-block-columns is-layout-flex wp-container-core-columns-is-layout-9d6595d7 wp-block-columns-is-layout-flex\">\n<div class=\"wp-block-column mobile-order-1 desktop-position-relative is-layout-flow wp-block-column-is-layout-flow\" style=\"flex-basis:25%\">\n<figure class=\"wp-block-image size-full desktop-position-absolute desktop-bottom-0 mobile-width-50 mobile-m-inline-auto has--xxxl-margin-top\"><img decoding=\"async\" width=\"885\" height=\"1024\" src=\"https:\/\/neuronup.com\/fr\/wp-content\/uploads\/2024\/10\/formation-sur-les-produits-pour-professionnels.webp\" alt=\"Training on products for professionals\" class=\"wp-image-31564\" srcset=\"https:\/\/neuronup.com\/fr\/wp-content\/uploads\/2024\/10\/formation-sur-les-produits-pour-professionnels-259x300.webp 259w, https:\/\/neuronup.com\/fr\/wp-content\/uploads\/2024\/10\/formation-sur-les-produits-pour-professionnels-768x889.webp 768w, https:\/\/neuronup.com\/fr\/wp-content\/uploads\/2024\/10\/formation-sur-les-produits-pour-professionnels.webp 885w\" sizes=\"(max-width: 885px) 100vw, 885px\" \/><\/figure>\n<\/div>\n\n\n\n<div class=\"wp-block-column is-vertically-aligned-center pt-3 pb-3 mobile-pb-0 is-layout-flow wp-block-column-is-layout-flow\" style=\"flex-basis:55%\">\n<p class=\"has-xl-font-size\"><span style=\"color:white\"><strong>Demandez<\/strong> des informations<\/span><\/p>\n\n\n\n<p class=\"has-white-color has-text-color has-md-font-size\">Apprenez \u00e0 tirer le meilleur parti de notre plateforme et d\u00e9couvrez pourquoi plus de 7 000 professionnels dans le monde l&rsquo;utilisent d\u00e9j\u00e0.<\/p>\n<\/div>\n\n\n\n<div class=\"wp-block-column is-vertically-aligned-center mobile-mb-3 is-layout-flow wp-block-column-is-layout-flow\" style=\"flex-basis:20%\">\n<div class=\"wp-block-buttons is-content-justification-center is-layout-flex wp-container-core-buttons-is-layout-16018d1d wp-block-buttons-is-layout-flex\">\n<div class=\"wp-block-button--1\" style=\"--button-outline-color:var(--color-white);--button-outline-color-hover:rgba(0,0,0,0.8);\"><a class=\"wp-block-button__link button button-outline   wp-element-button\" href=\"https:\/\/neuronup.com\/fr\/demande-informations\/\">Demander<\/a><\/div>\n\n<\/div>\n<\/div>\n<\/div>\n<\/div><\/aside>\n\n\n\n\n<p>Les ateliers augmentent \u00e9galement la <strong>motivation<\/strong> et renforcent les liens entre les diff\u00e9rents patients qui viennent pour le traitement. Ainsi, par le biais de cette activit\u00e9 ludique, nous parvenons \u00e0 mettre en \u0153uvre les diff\u00e9rentes <strong>facettes cognitives et ph\u00e9nom\u00e9nologiques<\/strong> trait\u00e9es au cours de leur p\u00e9riode de r\u00e9adaptation en groupe. Il s&rsquo;agit de la concr\u00e9tisation et de la mise en \u0153uvre des <strong>comp\u00e9tences acquises ou compens\u00e9es<\/strong> tout au long du processus de r\u00e9adaptation.<\/p>\n\n\n\n<p>Le psychologue clinicien joue le r\u00f4le de facilitateur dans les ateliers, encourageant leur mise en \u0153uvre et \u00e9valuant les difficult\u00e9s rencontr\u00e9es. Divers obstacles peuvent survenir au niveau informatique dans la recherche d&rsquo;informations, lorsqu&rsquo;il s&rsquo;agit de pr\u00e9ciser les techniques, ou les blocages habituels face \u00e0 des situations qui g\u00e9n\u00e8rent un d\u00e9fi comme prendre la parole en public ou effectuer certaines d\u00e9monstrations.<\/p>\n\n\n<div class=\"wp-block-image image-interface\">\n<figure class=\"aligncenter size-full\"><img decoding=\"async\" width=\"850\" height=\"774\" src=\"https:\/\/neuronup.com\/fr\/wp-content\/uploads\/2024\/11\/ES-Pacientes-hospital.webp\" alt=\"Groupe de patients portant des masques r\u00e9unis dans une salle int\u00e9rieure, certains tenant des objets, ambiance conviviale.\" class=\"wp-image-33380\" srcset=\"https:\/\/neuronup.com\/fr\/wp-content\/uploads\/2024\/11\/ES-Pacientes-hospital-300x273.webp 300w, https:\/\/neuronup.com\/fr\/wp-content\/uploads\/2024\/11\/ES-Pacientes-hospital-768x699.webp 768w, https:\/\/neuronup.com\/fr\/wp-content\/uploads\/2024\/11\/ES-Pacientes-hospital.webp 850w\" sizes=\"(max-width: 850px) 100vw, 850px\" \/><\/figure>\n<\/div>\n\n\n<h2 class=\"wp-block-heading\">Conclusions sur la r\u00e9\u00e9ducation neuropsychologique des l\u00e9sions c\u00e9r\u00e9brales acquises<\/h2>\n\n\n\n<p>En r\u00e9sum\u00e9, le <strong>programme de r\u00e9adaptation neuropsychologique pour les l\u00e9sions c\u00e9r\u00e9brales acquises<\/strong> \u00e0 l&rsquo;h\u00f4pital Cl\u00ednico Universitario Virgen de la Arrixaca favorise le sentiment d&rsquo;<strong>auto-efficacit\u00e9 personnelle<\/strong>. Nous nous basons sur ce que Mu\u00f1oz-C\u00e9spedes et Tirapu-Ustarroz (2004) appellent, dans le contexte de la r\u00e9adaptation, <strong>la stimulation des fonctions ex\u00e9cutives<\/strong>, c&rsquo;est-\u00e0-dire l&rsquo;<strong>am\u00e9lioration de la capacit\u00e9 \u00e0 programmer le comportement et \u00e0 l&rsquo;orienter vers la r\u00e9alisation des objectifs<\/strong> vis\u00e9s. \u00c0 cette fin, diff\u00e9rentes activit\u00e9s peuvent \u00eatre utilis\u00e9es, certaines visant \u00e0 <strong>restaurer la fonction <\/strong>et d&rsquo;autres \u00e0 la <strong>compenser<\/strong>.<\/p>\n\n\n\n<h3 class=\"wp-block-heading\">Si vous avez aim\u00e9 cet article sur la r\u00e9\u00e9ducation neuropsychologique<strong> des l\u00e9sions c\u00e9r\u00e9brales acquises, nous vous recommandons de jeter un coup d&rsquo;\u0153il \u00e0 ces publications de <\/strong>NeuronUP<strong> :<\/strong><\/h3>\n\n\n<div class=\"mai-grid entries entries-grid has-boxed has-image-full\" style=\"--entry-title-font-size:var(--font-size-lg);--align-text:start;--entry-meta-text-align:start;\"><div class=\"entries-wrap has-columns\" style=\"--columns-xs:1\/1;--columns-sm:1\/1;--columns-md:1\/3;--columns-lg:1\/3;--flex-xs:0 0 var(--flex-basis);--flex-sm:0 0 var(--flex-basis);--flex-md:0 0 var(--flex-basis);--flex-lg:0 0 var(--flex-basis);--column-gap:var(--spacing-lg);--row-gap:var(--spacing-lg);--align-columns:start;\"><article class=\"entry entry-grid is-column has-entry-link has-image has-image-first type-post category-activites-de-la-vie-quotidienne category-nouveautes-neuronup tag-activites-de-stimulation-cognitive tag-activites-de-stimulation-cognitive-pour-enfants tag-adulte tag-enfants tag-remediation-cognitive\" style=\"--entry-index:1;\" aria-label=\"Nouvelles activit\u00e9s NeuronUP : entra\u00eenez les fonctions cognitives dans des situations du quotidien\" itemscope itemtype=\"https:\/\/schema.org\/CreativeWork\"><a class=\"entry-image-link\" href=\"https:\/\/neuronup.com\/fr\/nouveautes-neuronup\/nouvelles-activites-neuronup-entrainez-les-fonctions-cognitives-dans-des-situations-du-quotidien\/\" tabindex=\"-1\" aria-hidden=\"true\"><img decoding=\"async\" width=\"400\" height=\"202\" src=\"https:\/\/neuronup.com\/fr\/wp-content\/uploads\/2026\/03\/Capture-decran-2026-03-30-111842-400x202.webp\" class=\"entry-image size-landscape-sm\" alt=\"\" \/><\/a><div class=\"entry-wrap entry-wrap-grid\"><h3 class=\"entry-title\" itemprop=\"headline\"><a class=\"entry-title-link\" href=\"https:\/\/neuronup.com\/fr\/nouveautes-neuronup\/nouvelles-activites-neuronup-entrainez-les-fonctions-cognitives-dans-des-situations-du-quotidien\/\" rel=\"bookmark\">Nouvelles activit\u00e9s NeuronUP : entra\u00eenez les fonctions cognitives dans des situations du quotidien<\/a><\/h3>\n<\/div><\/article><article class=\"entry entry-grid is-column has-entry-link has-image has-image-first type-post category-activites-dattention category-activites-de-neuro-reeducation category-activites-pour-les-fonctions-cognitives tag-adulte\" style=\"--entry-index:2;\" aria-label=\"Nouvelle activit\u00e9 Attention s\u00e9lective (Adultes)\" itemscope itemtype=\"https:\/\/schema.org\/CreativeWork\"><a class=\"entry-image-link\" href=\"https:\/\/neuronup.com\/fr\/activites-de-neuro-reeducation\/nouvelle-activite-attention-selective-adultes\/\" tabindex=\"-1\" aria-hidden=\"true\"><img decoding=\"async\" width=\"253\" height=\"230\" src=\"https:\/\/neuronup.com\/fr\/wp-content\/uploads\/2026\/03\/Capture-decran-2026-03-03-160917.webp\" class=\"entry-image size-landscape-sm\" alt=\"\" \/><\/a><div class=\"entry-wrap entry-wrap-grid\"><h3 class=\"entry-title\" itemprop=\"headline\"><a class=\"entry-title-link\" href=\"https:\/\/neuronup.com\/fr\/activites-de-neuro-reeducation\/nouvelle-activite-attention-selective-adultes\/\" rel=\"bookmark\">Nouvelle activit\u00e9 Attention s\u00e9lective (Adultes)<\/a><\/h3>\n<\/div><\/article><article class=\"entry entry-grid is-column has-entry-link has-image has-image-first type-post category-activites-de-cognition-sociale tag-activites-de-stimulation-cognitive tag-cognition-sociale tag-fonctions-executives\" style=\"--entry-index:3;\" aria-label=\"La cognition sociale ou comment comprendre les personnes : exercices de cognition sociale\" itemscope itemtype=\"https:\/\/schema.org\/CreativeWork\"><a class=\"entry-image-link\" href=\"https:\/\/neuronup.com\/fr\/activites-de-neuro-reeducation\/activites-pour-les-fonctions-cognitives\/activites-de-cognition-sociale\/la-cognition-sociale-ou-comment-comprendre-les-personnes-exercices-de-cognition-sociale\/\" tabindex=\"-1\" aria-hidden=\"true\"><img decoding=\"async\" width=\"396\" height=\"300\" src=\"https:\/\/neuronup.com\/fr\/wp-content\/uploads\/2022\/06\/Reaccion-emocional-ante-situaciones.webp\" class=\"entry-image size-landscape-sm\" alt=\"R\u00e9action \u00e9motionnelle face aux situations : Exercice de cognition sociale\" srcset=\"https:\/\/neuronup.com\/fr\/wp-content\/uploads\/2022\/06\/Reaccion-emocional-ante-situaciones-300x227.webp 300w, https:\/\/neuronup.com\/fr\/wp-content\/uploads\/2022\/06\/Reaccion-emocional-ante-situaciones-768x582.webp 768w, https:\/\/neuronup.com\/fr\/wp-content\/uploads\/2022\/06\/Reaccion-emocional-ante-situaciones-1024x776.webp 1024w, https:\/\/neuronup.com\/fr\/wp-content\/uploads\/2022\/06\/Reaccion-emocional-ante-situaciones.webp 1148w\" sizes=\"(max-width:599px) 599px, (min-width:600px) and (max-width: 799px) 799px, (min-width:800px) and (max-width: 999px) 333px, (min-width:1000px) 400px\" \/><\/a><div class=\"entry-wrap entry-wrap-grid\"><h3 class=\"entry-title\" itemprop=\"headline\"><a class=\"entry-title-link\" href=\"https:\/\/neuronup.com\/fr\/activites-de-neuro-reeducation\/activites-pour-les-fonctions-cognitives\/activites-de-cognition-sociale\/la-cognition-sociale-ou-comment-comprendre-les-personnes-exercices-de-cognition-sociale\/\" rel=\"bookmark\">La cognition sociale ou comment comprendre les personnes : exercices de cognition sociale<\/a><\/h3>\n<\/div><\/article><article class=\"entry entry-grid is-column has-entry-link has-image has-image-first type-post category-activites-pour-les-enfants-ayant-des-besoins-particuliers tag-activites-de-stimulation-cognitive tag-activites-de-stimulation-cognitive-pour-enfants tag-enfants\" style=\"--entry-index:4;\" aria-label=\"7+1 activit\u00e9s pour enfants avec des besoins \u00e9ducatifs sp\u00e9ciaux\" itemscope itemtype=\"https:\/\/schema.org\/CreativeWork\"><a class=\"entry-image-link\" href=\"https:\/\/neuronup.com\/fr\/activites-de-neuro-reeducation\/activites-pour-les-enfants-ayant-des-besoins-particuliers\/71-activites-pour-enfants-a-besoins-educatifs-speciaux\/\" tabindex=\"-1\" aria-hidden=\"true\"><img decoding=\"async\" width=\"400\" height=\"298\" src=\"https:\/\/neuronup.com\/fr\/wp-content\/uploads\/2022\/07\/Prepara-la-mochila.webp\" class=\"entry-image size-landscape-sm\" alt=\"Activit\u00e9 Pr\u00e9pare le sac \u00e0 dos pour les enfants ayant des besoins \u00e9ducatifs particuliers\" srcset=\"https:\/\/neuronup.com\/fr\/wp-content\/uploads\/2022\/07\/Prepara-la-mochila-300x224.webp 300w, https:\/\/neuronup.com\/fr\/wp-content\/uploads\/2022\/07\/Prepara-la-mochila-768x572.webp 768w, https:\/\/neuronup.com\/fr\/wp-content\/uploads\/2022\/07\/Prepara-la-mochila-1024x763.webp 1024w, https:\/\/neuronup.com\/fr\/wp-content\/uploads\/2022\/07\/Prepara-la-mochila.webp 1255w\" sizes=\"(max-width:599px) 599px, (min-width:600px) and (max-width: 799px) 799px, (min-width:800px) and (max-width: 999px) 333px, (min-width:1000px) 400px\" \/><\/a><div class=\"entry-wrap entry-wrap-grid\"><h3 class=\"entry-title\" itemprop=\"headline\"><a class=\"entry-title-link\" href=\"https:\/\/neuronup.com\/fr\/activites-de-neuro-reeducation\/activites-pour-les-enfants-ayant-des-besoins-particuliers\/71-activites-pour-enfants-a-besoins-educatifs-speciaux\/\" rel=\"bookmark\">7+1 activit\u00e9s pour enfants avec des besoins \u00e9ducatifs sp\u00e9ciaux<\/a><\/h3>\n<\/div><\/article><article class=\"entry entry-grid is-column has-entry-link has-image has-image-first type-post category-activites-de-cognition-sociale tag-activites-de-stimulation-cognitive tag-activites-de-stimulation-cognitive-pour-enfants tag-cognition-sociale\" style=\"--entry-index:5;\" aria-label=\"Exercices de cognition sociale pour enfants\" itemscope itemtype=\"https:\/\/schema.org\/CreativeWork\"><a class=\"entry-image-link\" href=\"https:\/\/neuronup.com\/fr\/activites-de-neuro-reeducation\/activites-pour-les-fonctions-cognitives\/activites-de-cognition-sociale\/exercices-de-cognition-sociale-pour-enfants\/\" tabindex=\"-1\" aria-hidden=\"true\"><img decoding=\"async\" width=\"400\" height=\"273\" src=\"https:\/\/neuronup.com\/fr\/wp-content\/uploads\/2022\/08\/Que-esperan-encontrar-4-1.webp\" class=\"entry-image size-landscape-sm\" alt=\"Exercices de cognition sociale pour enfants\" srcset=\"https:\/\/neuronup.com\/fr\/wp-content\/uploads\/2022\/08\/Que-esperan-encontrar-4-1-300x205.webp 300w, https:\/\/neuronup.com\/fr\/wp-content\/uploads\/2022\/08\/Que-esperan-encontrar-4-1-768x524.webp 768w, https:\/\/neuronup.com\/fr\/wp-content\/uploads\/2022\/08\/Que-esperan-encontrar-4-1-1024x699.webp 1024w, https:\/\/neuronup.com\/fr\/wp-content\/uploads\/2022\/08\/Que-esperan-encontrar-4-1.webp 1205w\" sizes=\"(max-width:599px) 599px, (min-width:600px) and (max-width: 799px) 799px, (min-width:800px) and (max-width: 999px) 333px, (min-width:1000px) 400px\" \/><\/a><div class=\"entry-wrap entry-wrap-grid\"><h3 class=\"entry-title\" itemprop=\"headline\"><a class=\"entry-title-link\" href=\"https:\/\/neuronup.com\/fr\/activites-de-neuro-reeducation\/activites-pour-les-fonctions-cognitives\/activites-de-cognition-sociale\/exercices-de-cognition-sociale-pour-enfants\/\" rel=\"bookmark\">Exercices de cognition sociale pour enfants<\/a><\/h3>\n<\/div><\/article><article class=\"entry entry-grid is-column has-entry-link has-image has-image-first type-post category-activites-de-cognition-sociale tag-activites-de-stimulation-cognitive tag-activites-de-stimulation-cognitive-pour-enfants tag-actualites-de-neuronup tag-cognition-sociale tag-enfants tag-intelligence-emotionnelle\" style=\"--entry-index:6;\" aria-label=\"Activit\u00e9 pour identifier les \u00e9motions : Devinez le visage ?\" itemscope itemtype=\"https:\/\/schema.org\/CreativeWork\"><a class=\"entry-image-link\" href=\"https:\/\/neuronup.com\/fr\/activites-de-neuro-reeducation\/activites-pour-les-fonctions-cognitives\/activites-de-cognition-sociale\/activite-pour-identifier-les-emotions\/\" tabindex=\"-1\" aria-hidden=\"true\"><img decoding=\"async\" width=\"400\" height=\"283\" src=\"https:\/\/neuronup.com\/fr\/wp-content\/uploads\/2022\/09\/Actividad-para-identificar-emociones-de-NeuronUP-Adivinas-la-cara-1-1-1.webp\" class=\"entry-image size-landscape-sm\" alt=\"Activit\u00e9 pour identifier les \u00e9motions de NeuronUP Tu devines le visage\" srcset=\"https:\/\/neuronup.com\/fr\/wp-content\/uploads\/2022\/09\/Actividad-para-identificar-emociones-de-NeuronUP-Adivinas-la-cara-1-1-1-300x212.webp 300w, https:\/\/neuronup.com\/fr\/wp-content\/uploads\/2022\/09\/Actividad-para-identificar-emociones-de-NeuronUP-Adivinas-la-cara-1-1-1-768x543.webp 768w, https:\/\/neuronup.com\/fr\/wp-content\/uploads\/2022\/09\/Actividad-para-identificar-emociones-de-NeuronUP-Adivinas-la-cara-1-1-1-1024x724.webp 1024w, https:\/\/neuronup.com\/fr\/wp-content\/uploads\/2022\/09\/Actividad-para-identificar-emociones-de-NeuronUP-Adivinas-la-cara-1-1-1.webp 1200w\" sizes=\"(max-width:599px) 599px, (min-width:600px) and (max-width: 799px) 799px, (min-width:800px) and (max-width: 999px) 333px, (min-width:1000px) 400px\" \/><\/a><div class=\"entry-wrap entry-wrap-grid\"><h3 class=\"entry-title\" itemprop=\"headline\"><a class=\"entry-title-link\" href=\"https:\/\/neuronup.com\/fr\/activites-de-neuro-reeducation\/activites-pour-les-fonctions-cognitives\/activites-de-cognition-sociale\/activite-pour-identifier-les-emotions\/\" rel=\"bookmark\">Activit\u00e9 pour identifier les \u00e9motions : Devinez le visage ?<\/a><\/h3>\n<\/div><\/article><\/div><\/div>","protected":false},"excerpt":{"rendered":"<p>Rosa Espinosa, psychologue \u00e0 l&rsquo;h\u00f4pital Cl\u00ednico Universitario Virgen de la Arrixaca, explique comment la r\u00e9\u00e9ducation neuropsychologique pour les l\u00e9sions c\u00e9r\u00e9brales acquises est effectu\u00e9e \u00e0 l&rsquo;h\u00f4pital. La r\u00e9adaptation cognitive peut \u00eatre d\u00e9finie comme l&rsquo;ensemble des proc\u00e9dures appliqu\u00e9es pour am\u00e9liorer diverses capacit\u00e9s et comp\u00e9tences telles que l&rsquo;attention, la m\u00e9moire, le langage ou les fonctions ex\u00e9cutives, entre autres. &hellip;<\/p>\n","protected":false},"author":370,"featured_media":33565,"comment_status":"open","ping_status":"open","sticky":false,"template":"","format":"standard","meta":{"_acf_changed":false,"_genesis_hide_title":false,"_genesis_hide_breadcrumbs":false,"_genesis_hide_singular_image":false,"_genesis_hide_footer_widgets":false,"_genesis_custom_body_class":"","_genesis_custom_post_class":"","_genesis_layout":"","footnotes":""},"categories":[573],"tags":[798,632,775],"class_list":{"2":"type-post","7":"category-lesions-cerebrales","8":"tag-lesions-cerebrales-acquises","9":"tag-reeducation-cognitive","10":"tag-temoignages","11":"entry"},"acf":[],"_links":{"self":[{"href":"https:\/\/neuronup.com\/fr\/wp-json\/wp\/v2\/posts\/8314","targetHints":{"allow":["GET"]}}],"collection":[{"href":"https:\/\/neuronup.com\/fr\/wp-json\/wp\/v2\/posts"}],"about":[{"href":"https:\/\/neuronup.com\/fr\/wp-json\/wp\/v2\/types\/post"}],"author":[{"embeddable":true,"href":"https:\/\/neuronup.com\/fr\/wp-json\/wp\/v2\/users\/370"}],"replies":[{"embeddable":true,"href":"https:\/\/neuronup.com\/fr\/wp-json\/wp\/v2\/comments?post=8314"}],"version-history":[{"count":0,"href":"https:\/\/neuronup.com\/fr\/wp-json\/wp\/v2\/posts\/8314\/revisions"}],"wp:featuredmedia":[{"embeddable":true,"href":"https:\/\/neuronup.com\/fr\/wp-json\/wp\/v2\/media\/33565"}],"wp:attachment":[{"href":"https:\/\/neuronup.com\/fr\/wp-json\/wp\/v2\/media?parent=8314"}],"wp:term":[{"taxonomy":"category","embeddable":true,"href":"https:\/\/neuronup.com\/fr\/wp-json\/wp\/v2\/categories?post=8314"},{"taxonomy":"post_tag","embeddable":true,"href":"https:\/\/neuronup.com\/fr\/wp-json\/wp\/v2\/tags?post=8314"}],"curies":[{"name":"wp","href":"https:\/\/api.w.org\/{rel}","templated":true}]}}