{"id":8098,"date":"2023-06-14T17:57:46","date_gmt":"2023-06-14T17:57:46","guid":{"rendered":"https:\/\/neuronup.com\/fr\/?p=8098"},"modified":"2025-06-02T13:52:51","modified_gmt":"2025-06-02T11:52:51","slug":"recherche-sur-les-fonctions-cognitives-chez-les-adultes-souffrant-de-lesions-cerebrales-acquises-relation-avec-lactivite-physique-et-le-mode-de-vie-sedentaire","status":"publish","type":"post","link":"https:\/\/neuronup.com\/fr\/actualites-de-la-stimulation-cognitive\/lesions-cerebrales\/recherche-sur-les-fonctions-cognitives-chez-les-adultes-souffrant-de-lesions-cerebrales-acquises-relation-avec-lactivite-physique-et-le-mode-de-vie-sedentaire\/","title":{"rendered":"Recherche sur les fonctions cognitives chez les adultes souffrant de l\u00e9sions c\u00e9r\u00e9brales acquises: relation avec l&#8217;activit\u00e9 physique et le mode de vie s\u00e9dentaire"},"content":{"rendered":"\n<p class=\"has-xl-font-size\">Dans cet article, la neuropsychologue clinique Lidia P\u00e9rez nous pr\u00e9sente une \u00e9tude sur l&rsquo;<strong>\u00e9volution des fonctions cognitives chez les adultes souffrant de l\u00e9sions c\u00e9r\u00e9brales acquises<\/strong> gr\u00e2ce \u00e0 la mise en \u0153uvre d&rsquo;une activit\u00e9 physique dans la vie quotidienne.<\/p>\n\n\n\n<p>Les l\u00e9sions c\u00e9r\u00e9brales acquises (LCA), principalement les accidents vasculaires c\u00e9r\u00e9braux (AVC) et les l\u00e9sions c\u00e9r\u00e9brales traumatiques (LCT), sont la <strong>principale cause de handicap chez les adultes<\/strong>. Les s\u00e9quelles des l\u00e9sions c\u00e9r\u00e9brales acquises peuvent persister pendant des ann\u00e9es apr\u00e8s la blessure (phase chronique), avec des cons\u00e9quences pour le syst\u00e8me de soins de sant\u00e9 et aux niveaux personnel, familial, social et \u00e9conomique. Les s\u00e9quelles les plus courantes affectent les sph\u00e8res <strong>cognitive, communicative, motrice et sensorielle<\/strong>.<\/p>\n\n\n\n<p>Les <strong>traitements multidisciplinaires de neuror\u00e9adaptation<\/strong> ont fait leurs preuves, mais leur efficacit\u00e9 pourrait \u00eatre am\u00e9lior\u00e9e en combinant des strat\u00e9gies suppl\u00e9mentaires.<\/p>\n\n\n\n<p>La recherche sur des mod\u00e8les animaux a montr\u00e9 que l&rsquo;exercice physique peut exercer <strong>des effets neuroprotecteurs et neuror\u00e9habilitateurs<\/strong> et am\u00e9liorer la fonction cognitive apr\u00e8s un TCA.<\/p>\n\n\n\n<p>En outre, tant dans les populations saines que chez les personnes souffrant de d\u00e9ficits cognitifs, il semble y avoir <strong>un lien entre la quantit\u00e9 d&rsquo;activit\u00e9 physique dans la vie quotidienne et la fonction cognitive<\/strong>. Par cons\u00e9quent, l&rsquo;exercice et l&rsquo;activit\u00e9 physique pourraient contribuer \u00e0 la r\u00e9habilitation cognitive chez les personnes atteintes d&rsquo;ACD.<\/p>\n\n\n\n<h2 class=\"wp-block-heading\">Recherche sur les fonctions cognitives chez les adultes souffrant de l\u00e9sions c\u00e9r\u00e9brales acquises<\/h2>\n\n\n\n<p>La recherche se compose de deux \u00e9tudes :<\/p>\n\n\n\n<h3 class=\"wp-block-heading\">Premi\u00e8re \u00e9tude<\/h3>\n\n\n\n<p>La premi\u00e8re \u00e9tude a examin\u00e9 l&rsquo;<strong>\u00e9volution de la fonction cognitive et de la qualit\u00e9 de vie<\/strong> sur un an, avant et apr\u00e8s la mise en \u0153uvre d&rsquo;une intervention d&rsquo;<strong>exercice physique a\u00e9robique<\/strong> supervis\u00e9, dans un \u00e9chantillon d&rsquo;adultes souffrant d&rsquo;un traumatisme cr\u00e2nien s\u00e9v\u00e8re en phase chronique.<\/p>\n\n\n\n<h3 class=\"wp-block-heading\">Seconde \u00e9tude<\/h3>\n\n\n\n<p>La seconde \u00e9tude a examin\u00e9 l&rsquo;association entre <strong>la<\/strong> <strong>quantit\u00e9 d&rsquo;activit\u00e9 physique et le mode de vie s\u00e9dentaire<\/strong>, d&rsquo;une part, et la fonction cognitive, <strong>la qualit\u00e9 de vie et la fonction motrice<\/strong> chez les personnes ayant subi un accident vasculaire c\u00e9r\u00e9bral, d&rsquo;autre part. En outre, la t\u00e9l\u00e9r\u00e9adaptation cognitive a \u00e9t\u00e9 administr\u00e9e pendant 24 semaines \u00e0 l&rsquo;aide de la plateforme NeuronUP.<\/p>\n\n\n\n<p>R\u00e9sultats globaux de la recherche sur les fonctions cognitives chez les adultes atteints de l\u00e9sions c\u00e9r\u00e9brales acquises.<\/p>\n\n\n\n<h3 class=\"wp-block-heading\">R\u00e9sultats de la recherche<\/h3>\n\n\n\n<h4 class=\"wp-block-heading\">R\u00e9sultats de la premi\u00e8re \u00e9tude<\/h4>\n\n\n\n<p>Dans la premi\u00e8re \u00e9tude, le programme d&rsquo;exercices physiques supervis\u00e9s a \u00e9t\u00e9 associ\u00e9 \u00e0 une <strong>augmentation de l&rsquo;activit\u00e9 physique dans la vie quotidienne<\/strong> (enregistr\u00e9e par acc\u00e9l\u00e9rom\u00e9trie). Comme pour les donn\u00e9es pr\u00e9c\u00e9dentes concernant les personnes souffrant d&rsquo;un traumatisme cr\u00e2nien subaigu, les corr\u00e9lations entre les mesures subjectives (\u00e9chelle de Borg) et objectives (pourcentage de la r\u00e9serve de fr\u00e9quence cardiaque) de l&rsquo;intensit\u00e9 de l&rsquo;exercice ont \u00e9t\u00e9 tr\u00e8s faibles.<\/p>\n\n\n\n<h4 class=\"wp-block-heading\">R\u00e9sultats de la seconde \u00e9tude<\/h4>\n\n\n\n<p>La seconde \u00e9tude a \u00e9t\u00e9 men\u00e9e aupr\u00e8s d&rsquo;un \u00e9chantillon de patients souffrant d&rsquo;un accident vasculaire c\u00e9r\u00e9bral chronique pendant la pand\u00e9mie de Covid-19, de sorte qu&rsquo;aucune intervention en face-\u00e0-face n&rsquo;a \u00e9t\u00e9 possible. Des <strong>corr\u00e9lations positives significatives ont \u00e9t\u00e9 trouv\u00e9es entre le niveau d&rsquo;activit\u00e9 physique<\/strong> (\u00e0 l&rsquo;aide de l&rsquo;acc\u00e9l\u00e9rom\u00e9trie) <strong>et la performance de divers tests cognitifs<\/strong>. Cependant, cette association n&rsquo;\u00e9tait significative que chez les patients les plus jeunes (moins de 60 ans).<\/p>\n\n\n\n<p>En outre, la direction de l&rsquo;association \u00e9tait <strong>oppos\u00e9e chez les hommes et les femmes<\/strong> (chez ces derni\u00e8res, de mani\u00e8re surprenante, certaines fonctions cognitives \u00e9taient positivement corr\u00e9l\u00e9es \u00e0 une proportion plus \u00e9lev\u00e9e de temps s\u00e9dentaire par rapport au temps de marche).<\/p>\n\n\n\n<p>L&rsquo;<strong>adh\u00e9sion \u00e0 la t\u00e9l\u00e9r\u00e9adaptation<\/strong> a \u00e9t\u00e9 \u00e9lev\u00e9e, en particulier au cours des 12 premi\u00e8res semaines de l&rsquo;intervention et chez les participants qui avaient b\u00e9n\u00e9fici\u00e9 d&rsquo;une r\u00e9\u00e9ducation en face-\u00e0-face avant la pand\u00e9mie. L&rsquo;<strong>estimation subjective du temps s\u00e9dentaire et de l&rsquo;activit\u00e9 physique<\/strong> (par questionnaire) a montr\u00e9 une tr\u00e8s faible correspondance avec l&rsquo;enregistrement acc\u00e9l\u00e9rom\u00e9trique.<\/p>\n\n\n\n<h4 class=\"wp-block-heading\">R\u00e9sultats globaux<\/h4>\n\n\n\n<p>Dans les deux \u00e9tudes, les participants ont connu des <strong>am\u00e9liorations dans certaines fonctions cognitives<\/strong>, bien que la conception ne permette pas d&rsquo;attribuer ces am\u00e9liorations aux interventions appliqu\u00e9es.<\/p>\n\n\n\n<p>Les donn\u00e9es obtenues soutiennent l&rsquo;id\u00e9e que la mise en \u0153uvre de programmes visant \u00e0 promouvoir l&rsquo;activit\u00e9 physique et \u00e0 r\u00e9duire les modes de vie s\u00e9dentaires pourrait renforcer <strong>les avantages de la r\u00e9\u00e9ducation cognitive chez les personnes souffrant de d\u00e9mence chronique<\/strong>.<\/p>\n\n\n\n<p>Toutefois, des recherches suppl\u00e9mentaires sont n\u00e9cessaires pour \u00e9tudier les \u00e9ventuelles diff\u00e9rences de sexe ou d&rsquo;\u00e2ge (entre autres facteurs) afin d&rsquo;adapter ces programmes de mani\u00e8re plus individuelle \u00e0 ces diff\u00e9rences.<\/p>\n\n\n\n<p>La conception des programmes devrait \u00e9galement tenir compte du fait que les mesures autod\u00e9clar\u00e9es de l&rsquo;exercice et de l&rsquo;activit\u00e9 physique peuvent \u00eatre inad\u00e9quates chez les personnes souffrant de troubles cognitifs associ\u00e9s \u00e0 l&rsquo;ACD.<\/p>\n\n\n\n<h2 class=\"wp-block-heading\">Conclusion de la recherche sur les fonctions cognitives chez les adultes souffrant de l\u00e9sions c\u00e9r\u00e9brales acquises<\/h2>\n\n\n\n<p>En conclusion, malgr\u00e9 le profil h\u00e9t\u00e9rog\u00e8ne des s\u00e9quelles que pr\u00e9sentent les personnes ayant souffert d&rsquo;un TCA, <strong>m\u00eame dans la phase chronique, elles peuvent conna\u00eetre des am\u00e9liorations<\/strong>. Cela confirme l&rsquo;efficacit\u00e9 des programmes de neuror\u00e9habilitation.<\/p>\n\n\n\n<p>En outre, la participation \u00e0 un programme d&rsquo;exercice physique supervis\u00e9 semble se g\u00e9n\u00e9raliser et <strong>encourager l&rsquo;activit\u00e9 physique pendant la journ\u00e9e<\/strong>. Outre l&rsquo;am\u00e9lioration des aspects cognitifs, tels que la m\u00e9moire ou l&rsquo;apprentissage, il s&rsquo;agit d&rsquo;un facteur de protection contre la r\u00e9currence d&rsquo;autres types de TCA ou de futures pathologies neurod\u00e9g\u00e9n\u00e9ratives. Il existe \u00e9galement une <strong>association entre le degr\u00e9 de d\u00e9ficience cognitive et le niveau d&rsquo;activit\u00e9 physique\/s\u00e9dentaire<\/strong>, une variable importante et peu \u00e9tudi\u00e9e dans les programmes de neuror\u00e9habilitation.<\/p>\n\n\n\n<p>D&rsquo;autre part, les <strong>programmes de t\u00e9l\u00e9r\u00e9habilitation cognitive tels que NeuronUP, qui incluent un suivi individualis\u00e9<\/strong> et une supervision par un professionnel, montrent un bon degr\u00e9 d&rsquo;<strong>adh\u00e9sion chez les personnes souffrant de TCA chronique<\/strong>.<\/p>\n\n\n\n<p>De plus, une r\u00e9habilitation cognitive pr\u00e9alable en face-\u00e0-face est li\u00e9e \u00e0 un meilleur suivi des programmes de t\u00e9l\u00e9r\u00e9habilitation cognitive.<\/p>\n\n\n\n<div style=\"height:50px\" aria-hidden=\"true\" class=\"wp-block-spacer\"><\/div>\n\n\n\n<div class=\"wp-block-group\"><div class=\"wp-block-group__inner-container is-layout-constrained wp-block-group-is-layout-constrained\">\n<div class=\"wp-block-columns br-0111 particle-bg p-5 has-primary-background-color has-background is-layout-flex wp-container-core-columns-is-layout-9d6595d7 wp-block-columns-is-layout-flex\">\n<div class=\"wp-block-column is-layout-flow wp-block-column-is-layout-flow\" style=\"flex-basis:66.66%\">\n<h2 class=\"wp-block-heading has-white-color has-text-color\">Essayez NeuronUP 7 jours gratuitement<\/h2>\n\n\n\n<p class=\"has-white-color has-text-color\">Vous pourrez travailler avec nos activit\u00e9s, concevoir des s\u00e9ances ou effectuer des r\u00e9habilitations \u00e0 distance<\/p>\n<\/div>\n\n\n\n<div class=\"wp-block-column is-layout-flow wp-block-column-is-layout-flow\" style=\"flex-basis:33.33%\">\n<div class=\"wp-block-buttons is-content-justification-center is-layout-flex wp-container-core-buttons-is-layout-16018d1d wp-block-buttons-is-layout-flex\">\n<div class=\"wp-block-button\" style=\"--button-background:var(--color-custom-1);--button-background-hover:#cc7e00;\"><a class=\"wp-block-button__link button   wp-element-button\" href=\"https:\/\/neuronup.com\/fr\/landing\/\">Commencez votre essai<\/a><\/div>\n\n<\/div>\n<\/div>\n<\/div>\n<\/div><\/div>\n\n\n\n<div style=\"height:50px\" aria-hidden=\"true\" class=\"wp-block-spacer\"><\/div>\n\n\n\n<p>Dans l&rsquo;ensemble, la relation entre la cognition et l&rsquo;activit\u00e9 physique chez les personnes souffrant de TCA chronique reste \u00e0 explorer, mais \u00e0 la lumi\u00e8re des r\u00e9sultats obtenus, <strong>la n\u00e9cessit\u00e9 de concevoir des programmes visant \u00e0 r\u00e9duire les modes de vie s\u00e9dentaires<\/strong> et \u00e0 augmenter l&rsquo;activit\u00e9 physique quotidienne en tant que facteurs contribuant \u00e0 l&rsquo;am\u00e9lioration des s\u00e9quelles cognitives des ann\u00e9es apr\u00e8s l&rsquo;accident est \u00e9vidente.<\/p>\n\n\n\n<h2 class=\"wp-block-heading\">Bibliographie<\/h2>\n\n\n\n<p class=\"has-small-font-size\">Voir l&rsquo;int\u00e9gralit\u00e9 de l&rsquo;\u00e9tude : <a href=\"https:\/\/www.neuronup.com\/wp-content\/uploads\/2024\/11\/Perez%20Lopez%20Lidia%20Tesis.pdf\">P\u00e9rez-Lopez, Lidia, Coll-Andreu, Margalida, Morris.P.T. (2022)<\/a>. Funci\u00f3n cognitiva en adultos con da\u00f1o cerebral adquirido: relaci\u00f3n con la actividad f\u00edsica y el sedentarismo. Universitat Aut\u00f2noma de Barcelona.<\/p>\n\n\n\n<h3 class=\"wp-block-heading\">Si vous avez appr\u00e9ci\u00e9 cet article sur la recherche sur les fonctions cognitives chez les adultes souffrant de l\u00e9sions c\u00e9r\u00e9brales acquises, vous serez peut-\u00eatre int\u00e9ress\u00e9 par les articles suivants :<\/h3>\n\n\n<div class=\"mai-grid entries entries-grid has-boxed has-image-full\" style=\"--entry-title-font-size:var(--font-size-lg);--align-text:start;--entry-meta-text-align:start;\"><div class=\"entries-wrap has-columns\" style=\"--columns-xs:1\/1;--columns-sm:1\/1;--columns-md:1\/3;--columns-lg:1\/3;--flex-xs:0 0 var(--flex-basis);--flex-sm:0 0 var(--flex-basis);--flex-md:0 0 var(--flex-basis);--flex-lg:0 0 var(--flex-basis);--column-gap:var(--spacing-lg);--row-gap:var(--spacing-lg);--align-columns:start;\"><article class=\"entry entry-grid is-column has-entry-link has-image has-image-first type-post category-activites-de-la-vie-quotidienne category-nouveautes-neuronup tag-activites-de-stimulation-cognitive tag-activites-de-stimulation-cognitive-pour-enfants tag-adulte tag-enfants tag-remediation-cognitive\" style=\"--entry-index:1;\" aria-label=\"Nouvelles activit\u00e9s NeuronUP : entra\u00eenez les fonctions cognitives dans des situations du quotidien\" itemscope itemtype=\"https:\/\/schema.org\/CreativeWork\"><a class=\"entry-image-link\" href=\"https:\/\/neuronup.com\/fr\/nouveautes-neuronup\/nouvelles-activites-neuronup-entrainez-les-fonctions-cognitives-dans-des-situations-du-quotidien\/\" tabindex=\"-1\" aria-hidden=\"true\"><img decoding=\"async\" width=\"400\" height=\"202\" src=\"https:\/\/neuronup.com\/fr\/wp-content\/uploads\/2026\/03\/Capture-decran-2026-03-30-111842-400x202.webp\" class=\"entry-image size-landscape-sm\" alt=\"\" \/><\/a><div class=\"entry-wrap entry-wrap-grid\"><h3 class=\"entry-title\" itemprop=\"headline\"><a class=\"entry-title-link\" href=\"https:\/\/neuronup.com\/fr\/nouveautes-neuronup\/nouvelles-activites-neuronup-entrainez-les-fonctions-cognitives-dans-des-situations-du-quotidien\/\" rel=\"bookmark\">Nouvelles activit\u00e9s NeuronUP : entra\u00eenez les fonctions cognitives dans des situations du quotidien<\/a><\/h3>\n<\/div><\/article><article class=\"entry entry-grid is-column has-entry-link has-image has-image-first type-post category-activites-dattention category-activites-de-neuro-reeducation category-activites-pour-les-fonctions-cognitives tag-adulte\" style=\"--entry-index:2;\" aria-label=\"Nouvelle activit\u00e9 Attention s\u00e9lective (Adultes)\" itemscope itemtype=\"https:\/\/schema.org\/CreativeWork\"><a class=\"entry-image-link\" href=\"https:\/\/neuronup.com\/fr\/activites-de-neuro-reeducation\/nouvelle-activite-attention-selective-adultes\/\" tabindex=\"-1\" aria-hidden=\"true\"><img decoding=\"async\" width=\"253\" height=\"230\" src=\"https:\/\/neuronup.com\/fr\/wp-content\/uploads\/2026\/03\/Capture-decran-2026-03-03-160917.webp\" class=\"entry-image size-landscape-sm\" alt=\"\" \/><\/a><div class=\"entry-wrap entry-wrap-grid\"><h3 class=\"entry-title\" itemprop=\"headline\"><a class=\"entry-title-link\" href=\"https:\/\/neuronup.com\/fr\/activites-de-neuro-reeducation\/nouvelle-activite-attention-selective-adultes\/\" rel=\"bookmark\">Nouvelle activit\u00e9 Attention s\u00e9lective (Adultes)<\/a><\/h3>\n<\/div><\/article><article class=\"entry entry-grid is-column has-entry-link has-image has-image-first type-post category-activites-de-cognition-sociale tag-activites-de-stimulation-cognitive tag-cognition-sociale tag-fonctions-executives\" style=\"--entry-index:3;\" aria-label=\"La cognition sociale ou comment comprendre les personnes : exercices de cognition sociale\" itemscope itemtype=\"https:\/\/schema.org\/CreativeWork\"><a class=\"entry-image-link\" href=\"https:\/\/neuronup.com\/fr\/activites-de-neuro-reeducation\/activites-pour-les-fonctions-cognitives\/activites-de-cognition-sociale\/la-cognition-sociale-ou-comment-comprendre-les-personnes-exercices-de-cognition-sociale\/\" tabindex=\"-1\" aria-hidden=\"true\"><img decoding=\"async\" width=\"396\" height=\"300\" src=\"https:\/\/neuronup.com\/fr\/wp-content\/uploads\/2022\/06\/Reaccion-emocional-ante-situaciones.webp\" class=\"entry-image size-landscape-sm\" alt=\"R\u00e9action \u00e9motionnelle face aux situations : Exercice de cognition sociale\" srcset=\"https:\/\/neuronup.com\/fr\/wp-content\/uploads\/2022\/06\/Reaccion-emocional-ante-situaciones-300x227.webp 300w, https:\/\/neuronup.com\/fr\/wp-content\/uploads\/2022\/06\/Reaccion-emocional-ante-situaciones-768x582.webp 768w, https:\/\/neuronup.com\/fr\/wp-content\/uploads\/2022\/06\/Reaccion-emocional-ante-situaciones-1024x776.webp 1024w, https:\/\/neuronup.com\/fr\/wp-content\/uploads\/2022\/06\/Reaccion-emocional-ante-situaciones.webp 1148w\" sizes=\"(max-width:599px) 599px, (min-width:600px) and (max-width: 799px) 799px, (min-width:800px) and (max-width: 999px) 333px, (min-width:1000px) 400px\" \/><\/a><div class=\"entry-wrap entry-wrap-grid\"><h3 class=\"entry-title\" itemprop=\"headline\"><a class=\"entry-title-link\" href=\"https:\/\/neuronup.com\/fr\/activites-de-neuro-reeducation\/activites-pour-les-fonctions-cognitives\/activites-de-cognition-sociale\/la-cognition-sociale-ou-comment-comprendre-les-personnes-exercices-de-cognition-sociale\/\" rel=\"bookmark\">La cognition sociale ou comment comprendre les personnes : exercices de cognition sociale<\/a><\/h3>\n<\/div><\/article><article class=\"entry entry-grid is-column has-entry-link has-image has-image-first type-post category-activites-pour-les-enfants-ayant-des-besoins-particuliers tag-activites-de-stimulation-cognitive tag-activites-de-stimulation-cognitive-pour-enfants tag-enfants\" style=\"--entry-index:4;\" aria-label=\"7+1 activit\u00e9s pour enfants avec des besoins \u00e9ducatifs sp\u00e9ciaux\" itemscope itemtype=\"https:\/\/schema.org\/CreativeWork\"><a class=\"entry-image-link\" href=\"https:\/\/neuronup.com\/fr\/activites-de-neuro-reeducation\/activites-pour-les-enfants-ayant-des-besoins-particuliers\/71-activites-pour-enfants-a-besoins-educatifs-speciaux\/\" tabindex=\"-1\" aria-hidden=\"true\"><img decoding=\"async\" width=\"400\" height=\"298\" src=\"https:\/\/neuronup.com\/fr\/wp-content\/uploads\/2022\/07\/Prepara-la-mochila.webp\" class=\"entry-image size-landscape-sm\" alt=\"Activit\u00e9 Pr\u00e9pare le sac \u00e0 dos pour les enfants ayant des besoins \u00e9ducatifs particuliers\" srcset=\"https:\/\/neuronup.com\/fr\/wp-content\/uploads\/2022\/07\/Prepara-la-mochila-300x224.webp 300w, https:\/\/neuronup.com\/fr\/wp-content\/uploads\/2022\/07\/Prepara-la-mochila-768x572.webp 768w, https:\/\/neuronup.com\/fr\/wp-content\/uploads\/2022\/07\/Prepara-la-mochila-1024x763.webp 1024w, https:\/\/neuronup.com\/fr\/wp-content\/uploads\/2022\/07\/Prepara-la-mochila.webp 1255w\" sizes=\"(max-width:599px) 599px, (min-width:600px) and (max-width: 799px) 799px, (min-width:800px) and (max-width: 999px) 333px, (min-width:1000px) 400px\" \/><\/a><div class=\"entry-wrap entry-wrap-grid\"><h3 class=\"entry-title\" itemprop=\"headline\"><a class=\"entry-title-link\" href=\"https:\/\/neuronup.com\/fr\/activites-de-neuro-reeducation\/activites-pour-les-enfants-ayant-des-besoins-particuliers\/71-activites-pour-enfants-a-besoins-educatifs-speciaux\/\" rel=\"bookmark\">7+1 activit\u00e9s pour enfants avec des besoins \u00e9ducatifs sp\u00e9ciaux<\/a><\/h3>\n<\/div><\/article><article class=\"entry entry-grid is-column has-entry-link has-image has-image-first type-post category-activites-de-cognition-sociale tag-activites-de-stimulation-cognitive tag-activites-de-stimulation-cognitive-pour-enfants tag-cognition-sociale\" style=\"--entry-index:5;\" aria-label=\"Exercices de cognition sociale pour enfants\" itemscope itemtype=\"https:\/\/schema.org\/CreativeWork\"><a class=\"entry-image-link\" href=\"https:\/\/neuronup.com\/fr\/activites-de-neuro-reeducation\/activites-pour-les-fonctions-cognitives\/activites-de-cognition-sociale\/exercices-de-cognition-sociale-pour-enfants\/\" tabindex=\"-1\" aria-hidden=\"true\"><img decoding=\"async\" width=\"400\" height=\"273\" src=\"https:\/\/neuronup.com\/fr\/wp-content\/uploads\/2022\/08\/Que-esperan-encontrar-4-1.webp\" class=\"entry-image size-landscape-sm\" alt=\"Exercices de cognition sociale pour enfants\" srcset=\"https:\/\/neuronup.com\/fr\/wp-content\/uploads\/2022\/08\/Que-esperan-encontrar-4-1-300x205.webp 300w, https:\/\/neuronup.com\/fr\/wp-content\/uploads\/2022\/08\/Que-esperan-encontrar-4-1-768x524.webp 768w, https:\/\/neuronup.com\/fr\/wp-content\/uploads\/2022\/08\/Que-esperan-encontrar-4-1-1024x699.webp 1024w, https:\/\/neuronup.com\/fr\/wp-content\/uploads\/2022\/08\/Que-esperan-encontrar-4-1.webp 1205w\" sizes=\"(max-width:599px) 599px, (min-width:600px) and (max-width: 799px) 799px, (min-width:800px) and (max-width: 999px) 333px, (min-width:1000px) 400px\" \/><\/a><div class=\"entry-wrap entry-wrap-grid\"><h3 class=\"entry-title\" itemprop=\"headline\"><a class=\"entry-title-link\" href=\"https:\/\/neuronup.com\/fr\/activites-de-neuro-reeducation\/activites-pour-les-fonctions-cognitives\/activites-de-cognition-sociale\/exercices-de-cognition-sociale-pour-enfants\/\" rel=\"bookmark\">Exercices de cognition sociale pour enfants<\/a><\/h3>\n<\/div><\/article><article class=\"entry entry-grid is-column has-entry-link has-image has-image-first type-post category-activites-de-cognition-sociale tag-activites-de-stimulation-cognitive tag-activites-de-stimulation-cognitive-pour-enfants tag-actualites-de-neuronup tag-cognition-sociale tag-enfants tag-intelligence-emotionnelle\" style=\"--entry-index:6;\" aria-label=\"Activit\u00e9 pour identifier les \u00e9motions : Devinez le visage ?\" itemscope itemtype=\"https:\/\/schema.org\/CreativeWork\"><a class=\"entry-image-link\" href=\"https:\/\/neuronup.com\/fr\/activites-de-neuro-reeducation\/activites-pour-les-fonctions-cognitives\/activites-de-cognition-sociale\/activite-pour-identifier-les-emotions\/\" tabindex=\"-1\" aria-hidden=\"true\"><img decoding=\"async\" width=\"400\" height=\"283\" src=\"https:\/\/neuronup.com\/fr\/wp-content\/uploads\/2022\/09\/Actividad-para-identificar-emociones-de-NeuronUP-Adivinas-la-cara-1-1-1.webp\" class=\"entry-image size-landscape-sm\" alt=\"Activit\u00e9 pour identifier les \u00e9motions de NeuronUP Tu devines le visage\" srcset=\"https:\/\/neuronup.com\/fr\/wp-content\/uploads\/2022\/09\/Actividad-para-identificar-emociones-de-NeuronUP-Adivinas-la-cara-1-1-1-300x212.webp 300w, https:\/\/neuronup.com\/fr\/wp-content\/uploads\/2022\/09\/Actividad-para-identificar-emociones-de-NeuronUP-Adivinas-la-cara-1-1-1-768x543.webp 768w, https:\/\/neuronup.com\/fr\/wp-content\/uploads\/2022\/09\/Actividad-para-identificar-emociones-de-NeuronUP-Adivinas-la-cara-1-1-1-1024x724.webp 1024w, https:\/\/neuronup.com\/fr\/wp-content\/uploads\/2022\/09\/Actividad-para-identificar-emociones-de-NeuronUP-Adivinas-la-cara-1-1-1.webp 1200w\" sizes=\"(max-width:599px) 599px, (min-width:600px) and (max-width: 799px) 799px, (min-width:800px) and (max-width: 999px) 333px, (min-width:1000px) 400px\" \/><\/a><div class=\"entry-wrap entry-wrap-grid\"><h3 class=\"entry-title\" itemprop=\"headline\"><a class=\"entry-title-link\" href=\"https:\/\/neuronup.com\/fr\/activites-de-neuro-reeducation\/activites-pour-les-fonctions-cognitives\/activites-de-cognition-sociale\/activite-pour-identifier-les-emotions\/\" rel=\"bookmark\">Activit\u00e9 pour identifier les \u00e9motions : Devinez le visage ?<\/a><\/h3>\n<\/div><\/article><\/div><\/div>","protected":false},"excerpt":{"rendered":"<p>Dans cet article, la neuropsychologue clinique Lidia P\u00e9rez nous pr\u00e9sente une \u00e9tude sur l&rsquo;\u00e9volution des fonctions cognitives chez les adultes souffrant de l\u00e9sions c\u00e9r\u00e9brales acquises gr\u00e2ce \u00e0 la mise en \u0153uvre d&rsquo;une activit\u00e9 physique dans la vie quotidienne. Les l\u00e9sions c\u00e9r\u00e9brales acquises (LCA), principalement les accidents vasculaires c\u00e9r\u00e9braux (AVC) et les l\u00e9sions c\u00e9r\u00e9brales traumatiques (LCT), &hellip;<\/p>\n","protected":false},"author":336,"featured_media":33545,"comment_status":"open","ping_status":"open","sticky":false,"template":"","format":"standard","meta":{"_acf_changed":false,"_genesis_hide_title":false,"_genesis_hide_breadcrumbs":false,"_genesis_hide_singular_image":false,"_genesis_hide_footer_widgets":false,"_genesis_custom_body_class":"","_genesis_custom_post_class":"","_genesis_layout":"","footnotes":""},"categories":[573],"tags":[798,642],"class_list":{"2":"type-post","7":"category-lesions-cerebrales","8":"tag-lesions-cerebrales-acquises","9":"tag-stimulation-cognitive","10":"entry"},"acf":[],"_links":{"self":[{"href":"https:\/\/neuronup.com\/fr\/wp-json\/wp\/v2\/posts\/8098","targetHints":{"allow":["GET"]}}],"collection":[{"href":"https:\/\/neuronup.com\/fr\/wp-json\/wp\/v2\/posts"}],"about":[{"href":"https:\/\/neuronup.com\/fr\/wp-json\/wp\/v2\/types\/post"}],"author":[{"embeddable":true,"href":"https:\/\/neuronup.com\/fr\/wp-json\/wp\/v2\/users\/336"}],"replies":[{"embeddable":true,"href":"https:\/\/neuronup.com\/fr\/wp-json\/wp\/v2\/comments?post=8098"}],"version-history":[{"count":0,"href":"https:\/\/neuronup.com\/fr\/wp-json\/wp\/v2\/posts\/8098\/revisions"}],"wp:featuredmedia":[{"embeddable":true,"href":"https:\/\/neuronup.com\/fr\/wp-json\/wp\/v2\/media\/33545"}],"wp:attachment":[{"href":"https:\/\/neuronup.com\/fr\/wp-json\/wp\/v2\/media?parent=8098"}],"wp:term":[{"taxonomy":"category","embeddable":true,"href":"https:\/\/neuronup.com\/fr\/wp-json\/wp\/v2\/categories?post=8098"},{"taxonomy":"post_tag","embeddable":true,"href":"https:\/\/neuronup.com\/fr\/wp-json\/wp\/v2\/tags?post=8098"}],"curies":[{"name":"wp","href":"https:\/\/api.w.org\/{rel}","templated":true}]}}