{"id":8053,"date":"2023-06-12T07:54:15","date_gmt":"2023-06-12T07:54:15","guid":{"rendered":"https:\/\/neuronup.com\/fr\/?p=8053"},"modified":"2026-01-29T17:35:10","modified_gmt":"2026-01-29T15:35:10","slug":"demence-et-evaluation-neuropsychologique-lechelle-gds-et-son-applicabilite","status":"publish","type":"post","link":"https:\/\/neuronup.com\/fr\/neurosciences\/neuropsychologie-et-informations\/demence-et-evaluation-neuropsychologique-lechelle-gds-et-son-applicabilite\/","title":{"rendered":"D\u00e9mence et \u00e9valuation neuropsychologique: l&#8217;\u00e9chelle GDS et son applicabilit\u00e9"},"content":{"rendered":"\n<p style=\"font-size:25px\">Mar\u00eda J. Garc\u00eda-Rubio, docteur en psychologie clinique de la sant\u00e9, et Nancy Navarro, sp\u00e9cialiste en neuropsychologie clinique et en troubles cognitifs majeurs, expliquent dans cet article ce qu&rsquo;est la <strong>d\u00e9mence et l&rsquo;applicabilit\u00e9 clinique de l&rsquo;\u00e9chelle GDS.<\/strong><\/p>\n\n\n\n<p>Cet article vise \u00e0 d\u00e9crire la d\u00e9mence d&rsquo;un point de vue neuroanatomique et psychobiologique afin de justifier l&rsquo;application de l&rsquo;\u00e9chelle GDS lors de l&rsquo;\u00e9valuation neuropsychologique des patients diagnostiqu\u00e9s avec une d\u00e9mence.<\/p>\n\n\n\n<p>Bien que cette \u00e9chelle soit valid\u00e9e et fr\u00e9quemment utilis\u00e9e par les neuropsychologues et d&rsquo;autres professionnels de la sant\u00e9, elle doit \u00eatre d\u00e9finie et adapt\u00e9e au diagnostic afin d&rsquo;extraire le maximum de sa valeur \u00e9valuative.<\/p>\n\n\n<div class=\"wp-block-image image-interface\">\n<figure class=\"aligncenter size-large is-resized\"><img decoding=\"async\" width=\"1024\" height=\"576\" src=\"https:\/\/neuronup.com\/fr\/wp-content\/uploads\/2024\/11\/image-1200x675-1-2-1024x576.webp\" alt=\"Personne \u00e2g\u00e9e concentr\u00e9e sur l\u2019assemblage d\u2019un puzzle, mains et pi\u00e8ces au premier plan, fond flou.\"\u00e9chelle gds et son applicabilit\u00e9. Homme ag\u00e9 faisant un puzzle.\" class=\"wp-image-33536\" style=\"width:500px\" srcset=\"https:\/\/neuronup.com\/fr\/wp-content\/uploads\/2024\/11\/image-1200x675-1-2-300x169.webp 300w, https:\/\/neuronup.com\/fr\/wp-content\/uploads\/2024\/11\/image-1200x675-1-2-768x432.webp 768w, https:\/\/neuronup.com\/fr\/wp-content\/uploads\/2024\/11\/image-1200x675-1-2-1024x576.webp 1024w, https:\/\/neuronup.com\/fr\/wp-content\/uploads\/2024\/11\/image-1200x675-1-2.webp 1200w\" sizes=\"(max-width: 1024px) 100vw, 1024px\" \/><\/figure>\n<\/div>\n\n\n<h2 class=\"wp-block-heading\">Qu&rsquo;est-ce que la d\u00e9mence ?<\/h2>\n\n\n\n<p>La d\u00e9mence est un terme g\u00e9n\u00e9ral qui identifie des conditions dont l&rsquo;ensemble des signes et des sympt\u00f4mes se caract\u00e9rise par <strong>une diminution progressive des capacit\u00e9s mentales<\/strong> et ex\u00e9cutives dans les domaines cognitifs.<\/p>\n\n\n\n<p>Cette maladie neurologique <strong>r\u00e9duit le degr\u00e9 d&rsquo;autonomie et d&rsquo;ind\u00e9pendance<\/strong> des personnes atteintes, affectant ainsi leur capacit\u00e9 \u00e0 accomplir les activit\u00e9s instrumentales de la vie quotidienne. Par cons\u00e9quent, le patient a g\u00e9n\u00e9ralement besoin d&rsquo;un soutien continu de la part de son soignant (Alzheimer&rsquo;s Association, 2014).<\/p>\n\n\n\n<p>D&rsquo;un point de vue psychobiologique, les cellules nerveuses ou les neurones sont les premiers \u00e0 \u00eatre affect\u00e9s au cours de l&rsquo;\u00e9volution de la d\u00e9mence, bien que <strong>le marqueur cl\u00e9 soit l&rsquo;existence d&rsquo;enchev\u00eatrements neurofibrillaires<\/strong>, ainsi que la formation de plaques s\u00e9niles observ\u00e9es dans la d\u00e9mence corticale (Goriely et al., 2020).<\/p>\n\n\n\n<p>Il a \u00e9galement \u00e9t\u00e9 d\u00e9montr\u00e9 que la pr\u00e9sence de micro-infarctus c\u00e9r\u00e9braux affecte n\u00e9gativement la zone sous-corticale du cerveau, conduisant dans la plupart des cas au <strong>d\u00e9veloppement d&rsquo;une d\u00e9mence vasculaire<\/strong> (Bir et al., 2021).<\/p>\n\n\n\n<p>Il en r\u00e9sulte <strong>une destruction massive des neurones du cortex c\u00e9r\u00e9bral<\/strong>, entra\u00eenant des modifications de leur structure et de leur fonction.<\/p>\n\n\n\n<p>Au niveau neuroanatomique, le d\u00e9veloppement de la d\u00e9mence implique un processus anatomique pathologique du cerveau dans lequel, en tant que facteur commun \u00e0 tous les types de d\u00e9mence, <strong>les p\u00f4les temporaux sont diss\u00e9min\u00e9s, des dommages se produisant \u00e9galement dans la mati\u00e8re grise du n\u00e9ocortex pari\u00e9tal et pr\u00e9frontal<\/strong> dans le cas de la maladie d&rsquo;Alzheimer et de la maladie frontotemporale (Kang et al., 2019).<\/p>\n\n\n\n<p>Dans d&rsquo;autres maladies neurologiques telles que la <strong>d\u00e9mence \u00e0 corps de Lewy<\/strong>, les l\u00e9sions neuronales sont plus concentr\u00e9es dans les r\u00e9gions du tronc c\u00e9r\u00e9bral (Rodriguez, 2020).<\/p>\n\n\n\n<div style=\"height:50px\" aria-hidden=\"true\" class=\"wp-block-spacer\"><\/div>\n\n\n\n<div class=\"wp-block-group br-0111 has-primary-background-color has-background has-dark-background has-sm-padding-top has-sm-padding-left has-sm-padding-right has-xxl-margin-top\"><div class=\"wp-block-group__inner-container is-layout-constrained wp-block-group-is-layout-constrained\">\n<div class=\"wp-block-columns is-layout-flex wp-container-core-columns-is-layout-9d6595d7 wp-block-columns-is-layout-flex\">\n<div class=\"wp-block-column is-layout-flow wp-block-column-is-layout-flow\">\n<figure class=\"wp-block-image size-full desktop-position-absolute desktop-bottom-0 mobile-width-50 mobile-m-inline-auto has-xl-margin-top\"><img decoding=\"async\" width=\"292\" height=\"338\" src=\"https:\/\/neuronup.com\/fr\/wp-content\/uploads\/2024\/10\/certificat-produit.webp\" alt=\"\" class=\"wp-image-31568\" srcset=\"https:\/\/neuronup.com\/fr\/wp-content\/uploads\/2024\/10\/certificat-produit-259x300.webp 259w, https:\/\/neuronup.com\/fr\/wp-content\/uploads\/2024\/10\/certificat-produit.webp 292w\" sizes=\"(max-width: 292px) 100vw, 292px\" \/><\/figure>\n<\/div>\n\n\n\n<div class=\"wp-block-column is-layout-flow wp-block-column-is-layout-flow\">\n<h2 class=\"wp-block-heading has-white-color has-text-color\"><strong>Abonnez-vous<\/strong> <br>\u00e0 notre <br>Newsletter<\/h2>\n\n\n\n<div class=\"wp-block-buttons is-layout-flex wp-block-buttons-is-layout-flex\">\n<div class=\"wp-block-button--1\" style=\"--button-outline-color:var(--color-white);--button-outline-color-hover:rgba(0,0,0,0.8);\"><a class=\"wp-block-button__link button button-outline   wp-element-button\" href=\"https:\/\/neuronup.com\/fr\/newsletter\/\">Abonnez-vous<\/a><\/div>\n\n<\/div>\n\n\n\n<div style=\"height:40px\" aria-hidden=\"true\" class=\"wp-block-spacer\"><\/div>\n<\/div>\n<\/div>\n<\/div><\/div>\n\n\n\n\n<div style=\"height:50px\" aria-hidden=\"true\" class=\"wp-block-spacer\"><\/div>\n\n\n\n<h2 class=\"wp-block-heading\">Comment se d\u00e9roule l&rsquo;\u00e9valuation neuropsychologique de la d\u00e9mence ?<\/h2>\n\n\n\n<p>La d\u00e9mence a fait l&rsquo;objet de nombreuses recherches, dans le but de comprendre sa physiopathologie et ses cons\u00e9quences physiques et cognitives, dans la plupart des cas. Par la suite, des groupes et des lignes de recherche se sont int\u00e9ress\u00e9s non pas tant au concept qu&rsquo;\u00e0 son \u00e9valuation et \u00e0 son traitement.<\/p>\n\n\n\n<p>Le nombre de cas de d\u00e9mence augmentant, il fallait au moins un <strong>outil d&rsquo;\u00e9valuation neuropsychologique<\/strong> pour compl\u00e9ter le protocole m\u00e9dical consacr\u00e9 \u00e0 l&rsquo;approche du patient atteint de d\u00e9mence.<\/p>\n\n\n\n<p>C&rsquo;est ainsi qu&rsquo;en 1982, Barry Reisberg et ses coll\u00e8gues ont publi\u00e9 un outil d&rsquo;\u00e9valuation connu aujourd&rsquo;hui sous le nom d&rsquo;<strong>\u00ab\u00a0\u00e9chelle de d\u00e9t\u00e9rioration globale\u00a0\u00bb<\/strong> (Global Deterioration Scale ou GDS).<\/p>\n\n\n\n<h3 class=\"wp-block-heading\">Qu&rsquo;est-ce que l&rsquo;\u00e9chelle GDS ?<\/h3>\n\n\n\n<p>Cet instrument vise \u00e0 fournir une mesure neuropsychologique alternative pour chaque stade neurod\u00e9g\u00e9n\u00e9ratif li\u00e9 \u00e0 la d\u00e9mence.<\/p>\n\n\n\n<p>Ainsi, il prend en compte les capacit\u00e9s cognitives, <strong>en particulier les fonctions ex\u00e9cutives<\/strong>, les processus attentionnels et la m\u00e9moire, depuis l&rsquo;apparition des premi\u00e8res caract\u00e9ristiques de la d\u00e9ficience cognitive jusqu&rsquo;\u00e0 son dernier stade (Custodio et al., 2017).<\/p>\n\n\n\n<p>\u00c0 son tour, l&rsquo;\u00e9chelle GDS tient compte des limites de chaque stade \u00e9volutif de la d\u00e9mence qui se succ\u00e8dent comme un processus lent et continu. Avec ces caract\u00e9ristiques, l&rsquo;\u00e9chelle GDS vise \u00e0 fournir une <strong>aide \u00e0 l&rsquo;orientation aux professionnels, neuropsychologues<\/strong> ou autres professionnels de sant\u00e9 travaillant avec des patients diagnostiqu\u00e9s avec une d\u00e9mence.<\/p>\n\n\n\n<p>Selon Reisberg et al. (1999), <strong>le concept de r\u00e9trogen\u00e8se<\/strong> est une base fondamentale pour le d\u00e9veloppement de l&rsquo;\u00e9chelle, car il explique que l&rsquo;\u00e9volution de la d\u00e9mence s&rsquo;accompagne d&rsquo;une r\u00e9duction des capacit\u00e9s cognitives.<\/p>\n\n\n\n<p>En outre, <strong>le d\u00e9clin de la cognition<\/strong> est l&rsquo;inverse complet du processus d&rsquo;acquisition des connaissances r\u00e9alis\u00e9 pendant l&rsquo;enfance et l&rsquo;\u00e2ge adulte, ce qui se refl\u00e8te non seulement dans les processus cognitifs sup\u00e9rieurs, mais aussi dans le d\u00e9veloppement du cerveau (Strikwerda-Brown et al., 2019).<\/p>\n\n\n\n<p>Par exemple, la personne diagnostiqu\u00e9e avec une d\u00e9mence peut initialement perdre des informations de la m\u00e9moire \u00e0 court terme, \u00e0 des stades interm\u00e9diaires, elle aura des probl\u00e8mes pour acc\u00e9der aux souvenirs \u00e0 long terme, tandis qu&rsquo;\u00e0 des stades plus avanc\u00e9s, elle sera <strong>incapable de contr\u00f4ler les processus physiologiques<\/strong> acquis dans la petite enfance, tels que l&rsquo;autonomie dans l&rsquo;alimentation ou le contr\u00f4le du sphincter.<\/p>\n\n\n\n<div style=\"height:50px\" aria-hidden=\"true\" class=\"wp-block-spacer\"><\/div>\n\n\n\n<aside class=\"wp-block-group br-1010 has-primary-background-color has-background has-dark-background has-sm-padding-top has-sm-padding-bottom has-sm-padding-left has-sm-padding-right\"><div class=\"wp-block-group__inner-container is-layout-constrained wp-block-group-is-layout-constrained\">\n<div class=\"wp-block-columns are-vertically-aligned-center is-layout-flex wp-container-core-columns-is-layout-9d6595d7 wp-block-columns-is-layout-flex\">\n<div class=\"wp-block-column is-vertically-aligned-center has-white-color has-text-color has-link-color wp-elements-c75b473d403fcfb5c80dbf268917e985 is-layout-flow wp-block-column-is-layout-flow\" style=\"flex-basis:60%\">\n<p>Obtenez un<strong> guide d&rsquo;activit\u00e9s<\/strong> pour travailler avec les personnes souffrant de <strong>d\u00e9mence <\/strong>+ 1 activit\u00e9 imprimable gratuite<\/p>\n<\/div>\n\n\n\n<div class=\"wp-block-column is-vertically-aligned-center is-layout-flow wp-block-column-is-layout-flow\" style=\"flex-basis:40%\">\n<div class=\"wp-block-buttons is-content-justification-center is-layout-flex wp-container-core-buttons-is-layout-16018d1d wp-block-buttons-is-layout-flex\">\n<div class=\"wp-block-button\" style=\"--button-secondary-color:var(--color-white);--button-secondary-background:var(--color-custom-1);--button-secondary-background-hover:#cc7e00;\"><a class=\"wp-block-button__link button button-secondary     has-link-color wp-element-button\" href=\"https:\/\/neuronup.com\/redirect\/?target=typeform\/demence?utm_first_source=Web&#038;utm_first_campaign_name=Worksheets_dementia\">Obtenir gratuitement<\/a><\/div>\n\n<\/div>\n<\/div>\n<\/div>\n<\/div><\/aside>\n\n\n\n\n<div style=\"height:50px\" aria-hidden=\"true\" class=\"wp-block-spacer\"><\/div>\n\n\n\n<h3 class=\"wp-block-heading\">\u00c9tapes de l&rsquo;\u00e9chelle GDS<\/h3>\n\n\n\n<p>La version originale de l&rsquo;\u00e9chelle GDS de Reisberg et al. (1982) comprend <strong>7 stades li\u00e9s au d\u00e9veloppement de la d\u00e9mence<\/strong>. Ainsi, chacun d&rsquo;entre eux explique l&rsquo;alt\u00e9ration correspondant \u00e0 l&rsquo;\u00e9volution physique, cognitive et mentale de la maladie.<\/p>\n\n\n\n<p>De m\u00eame, la description de l&rsquo;\u00e9tat cognitif par stade est accompagn\u00e9e d&rsquo;une cotation approximative dans le minimental (MEC) de Lobo et al. (1999) afin de pouvoir <strong>relier les deux instruments chez un m\u00eame patient<\/strong>. Dans ce qui suit, un bref aper\u00e7u de chacun d&rsquo;entre eux et de leurs scores est donn\u00e9 :<\/p>\n\n\n\n<ul class=\"wp-block-list\">\n<li>GDS 1 : <strong>Absence de d\u00e9ficit cognitif<\/strong>. Dans cette phase, la personne ne pr\u00e9sente aucune d\u00e9ficience au niveau subjectif ou objectif, ce qui signifie qu&rsquo;elle pr\u00e9sente un \u00e9tat id\u00e9al au niveau cognitif. Elle correspond \u00e0 un score de 30-35 \u00e0 l&rsquo;\u00e9valuation MEC.<\/li>\n\n\n\n<li>GDS 2 : <strong>D\u00e9ficit cognitif tr\u00e8s l\u00e9ger<\/strong>. Au cours de cette p\u00e9riode, la personne se plaint de perdre des objets ou d&rsquo;oublier des noms, ce qui passe g\u00e9n\u00e9ralement inaper\u00e7u dans l&rsquo;environnement familial, professionnel et social. En m\u00eame temps, aucun d\u00e9ficit cognitif n&rsquo;est mis en \u00e9vidence par l&rsquo;examen clinique. Il correspond \u00e0 un score de 25-30 dans l&rsquo;\u00e9valuation MEC.<\/li>\n\n\n\n<li>GDS 3 : <strong>D\u00e9ficit cognitif l\u00e9ger<\/strong>. Des changements sont observ\u00e9s dans l&rsquo;ex\u00e9cution des t\u00e2ches professionnelles et sociales, tels que : difficult\u00e9s s\u00e9mantiques, difficult\u00e9s \u00e0 retenir de nouvelles informations ou \u00e0 se souvenir de nouvelles personnes d\u00e9j\u00e0 connues, oubli de la localisation spatiale, diminution de la concentration. Il peut s&rsquo;accompagner d&rsquo;une anxi\u00e9t\u00e9 mod\u00e9r\u00e9e. Elle correspond \u00e0 un score de 20-27 dans l&rsquo;\u00e9valuation MEC.<\/li>\n\n\n\n<li>GDS 4 : <strong>D\u00e9ficit cognitif mod\u00e9r\u00e9<\/strong>. La personne pr\u00e9sente des difficult\u00e9s \u00e0 \u00e9laborer des t\u00e2ches concernant des aspects de planification tels que : finances, cuisine, voyages, op\u00e9rations de calcul. Parall\u00e8lement, on observe une diminution de la localisation dans le temps et dans la personne, des \u00e9v\u00e9nements r\u00e9cents, une possible prosopagnosie et une labilit\u00e9 \u00e9motionnelle. Correspond \u00e0 un score de 16-23 dans l&rsquo;\u00e9valuation MEC.<\/li>\n\n\n\n<li>GDS 5 : <strong>D\u00e9ficit cognitif mod\u00e9r\u00e9ment s\u00e9v\u00e8re<\/strong>. \u00c0 ce stade, la capacit\u00e9 ex\u00e9cutive de la personne diminue dans les activit\u00e9s suivantes : choix des v\u00eatements, m\u00e9morisation des adresses, des t\u00e9l\u00e9phones, des noms des proches, mais elle reconna\u00eet son propre nom et celui de sa famille la plus proche. Il correspond \u00e0 un score de 10 \u00e0 19 \u00e0 l&rsquo;\u00e9valuation MEC.<\/li>\n\n\n\n<li>GDS 6 : <strong>D\u00e9ficit cognitif s\u00e9v\u00e8re<\/strong>. \u00c0 ce stade, la personne a besoin d&rsquo;aide pour accomplir les activit\u00e9s instrumentales de la vie quotidienne, comme s&rsquo;habiller, se laver, se souvenir des noms de ses proches ou des personnes qui s&rsquo;occupent d&rsquo;elle. La personne peut \u00e9galement pr\u00e9senter une diminution de la continence urinaire, des changements de personnalit\u00e9 et d&rsquo;affectivit\u00e9. Correspond \u00e0 un score de 0 \u00e0 12 sur l&rsquo;\u00e9valuation MEC.<\/li>\n\n\n\n<li>GDS 7 : <strong>D\u00e9ficit cognitif tr\u00e8s grave<\/strong>. \u00c0 ce stade, la personne a perdu ses capacit\u00e9s verbales et motrices, comme marcher sans aide, s&rsquo;asseoir, se tenir debout et tenir la t\u00eate droite. Elle ne sourit plus. Une aide \u00e0 l&rsquo;hygi\u00e8ne personnelle est n\u00e9cessaire. Des signes neurologiques sont observ\u00e9s. Correspond \u00e0 un score de 0 sur l&rsquo;\u00e9valuation MEC.<\/li>\n<\/ul>\n\n\n\n<h2 class=\"wp-block-heading\">Applicabilit\u00e9 clinique de l&rsquo;\u00e9chelle GDS<\/h2>\n\n\n\n<p>Comme pr\u00e9vu, l&rsquo;\u00e9chelle GDS a la particularit\u00e9 d&rsquo;\u00eatre compl\u00e9t\u00e9e par des instruments d&rsquo;\u00e9valuation cognitive, tels que la MEC, ce qui <strong>accro\u00eet le potentiel d&rsquo;\u00e9valuation de ces outils<\/strong> de d\u00e9pistage cognitif dans une maladie neurologique aussi complexe que la d\u00e9mence (Pe\u00f1a-Casanova et al., 2014).<\/p>\n\n\n\n<p>De plus, ce potentiel <strong>est plus pertinent dans les stades avanc\u00e9s de la d\u00e9mence<\/strong> o\u00f9 il existe une grande variabilit\u00e9 individuelle entre les patients. C&rsquo;est pourquoi il est si important de disposer d&rsquo;outils tels que l&rsquo;\u00e9chelle GDS, car elle sert de guide au processus \u00e9volutif de la d\u00e9mence pour le professionnel responsable du patient.<\/p>\n\n\n\n<p>Ainsi, en fonction de la d\u00e9t\u00e9rioration indiqu\u00e9e par l&rsquo;\u00e9chelle GDS, le professionnel peut \u00e9tablir de nouvelles lignes d&rsquo;intervention adapt\u00e9es aux caract\u00e9ristiques du stade de d\u00e9mence du patient, ainsi que concevoir d&rsquo;autres <strong>strat\u00e9gies de soutien<\/strong> en fonction des besoins de la vie quotidienne, des soins et du traitement.<\/p>\n\n\n\n<p>Il convient \u00e9galement de noter que, bien que l&rsquo;application de l&rsquo;\u00e9chelle GDS ait \u00e9t\u00e9 correctement associ\u00e9e \u00e0 la maladie d&rsquo;Alzheimer en raison de son \u00e9volution progressive, <strong>cet outil de d\u00e9pistage neuropsychologique peut \u00eatre appliqu\u00e9 \u00e0 d&rsquo;autres cas tels que la maladie \u00e0 corps de Lewy ou la d\u00e9mence vasculaire<\/strong> (Sousa et al., 2020).<\/p>\n\n\n\n<h2 class=\"wp-block-heading\">Conclusion<\/h2>\n\n\n\n<p>L&rsquo;<strong>\u00e9chelle GDS<\/strong> s&rsquo;est av\u00e9r\u00e9e <strong>valide et fiable pour la sp\u00e9cification du processus \u00e9volutif de la d\u00e9mence<\/strong>, en particulier pour sa capacit\u00e9 \u00e0 diff\u00e9rencier et \u00e0 d\u00e9crire l&rsquo;\u00e9volution et la progression de la maladie par rapport aux observations cliniques. En outre, elle est associ\u00e9e \u00e0 d&rsquo;autres implications cliniques telles que l&rsquo;am\u00e9lioration du pronostic des patients gr\u00e2ce \u00e0 des plans d&rsquo;intervention nouveaux et individualis\u00e9s.<\/p>\n\n\n\n<p>En fait, les scores GDS servent non seulement \u00e0 d\u00e9terminer le degr\u00e9 de d\u00e9ficience cognitive, mais aussi \u00e0 optimiser la prise de <strong>d\u00e9cision th\u00e9rapeutique et les choix pharmacologiques n\u00e9cessaires<\/strong> pour contribuer \u00e0 l&rsquo;am\u00e9lioration de la qualit\u00e9 de vie de ces patients.<\/p>\n\n\n\n<h2 class=\"wp-block-heading\">Bibliographie<\/h2>\n\n\n\n<ul class=\"wp-block-list has-sm-font-size\">\n<li>Alzheimer&rsquo;s Association (2014). 2014 Alzheimer&rsquo;s disease facts and figures. <em>Alzheimer&rsquo;s &amp; dementia: the journal of the Alzheimer&rsquo;s Association<\/em>, <em>10<\/em>(2), e47\u2013e92.<\/li>\n\n\n\n<li>Bir, S. C., Khan, M. W., Javalkar, V., Toledo, E. G., &amp; Kelley, R. E. (2021). Emerging concepts in vascular dementia: a review. <em>Journal of Stroke and Cerebrovascular Diseases, 30<\/em>(8), 105864.<\/li>\n\n\n\n<li>Custodio, N., Becerra-Becerra, Y., Alva-Diaz, C., Montesinos, R., Lira, D., Herrera-P\u00e9rez, E., &#8230; &amp; Castro-Su\u00e1rez, S. (2017). Validaci\u00f3n y precisi\u00f3n de la escala de deterioro global (GDS) para establecer severidad de demencia en una poblaci\u00f3n de Lima. <em>Ces Medicina, 31<\/em>(1), 14-26. &nbsp;<\/li>\n\n\n\n<li>Goriely, A., Kuhl, E., &amp; Bick, C. (2020). Neuronal oscillations on evolving networks: dynamics, damage, degradation, decline, dementia, and death. <em>Physical review letters, 125<\/em>(12), 128102.<\/li>\n\n\n\n<li>Kang, S. H., Park, Y. H., Lee, D., Kim, J. P., Chin, J., Ahn, Y., &#8230; &amp; Seo, S. W. (2019). The cortical neuroanatomy related to specific neuropsychological deficits in Alzheimer&rsquo;s continuum. <em>Dementia and neurocognitive disorders<\/em>, <em>18<\/em>(3), 77-95.<\/li>\n\n\n\n<li>Lobo, A., Saz, P., Marcos, G., D\u00eda, J. L., De La C\u00e1mara, C., Ventura, T., &#8230; &amp; Aznar, S. (1999). Revalidation and standardization of the cognition mini-exam (first Spanish version of the Mini-Mental Status Examination) in the general geriatric population. <em>Medicina clinica<\/em>, <em>112<\/em>(20), 767-774.&nbsp;<\/li>\n\n\n\n<li>Rodriguez Espinoza, T. F. (2020), Tratamientos farmacolo\u0301gicos y no farmacolo\u0301gicos del deterioro cognitivo y los si\u0301ntomas neuropsiquia\u0301tricos. <em>Neurologia de la congnici\u00f3n y la conducta, Editorial Medica Panamericana,<\/em>&nbsp;<\/li>\n\n\n\n<li>Reisberg, B., Franssen, E., Hasan, S. <em>et al. <\/em>Retrog\u00e9nesis: mecanismos cl\u00ednicos, fisiol\u00f3gicos y patol\u00f3gicos en el envejecimiento cerebral, el Alzheimer y otros procesos demenciales. <em>Archivos Europeos de Psiquiatr\u00eda y Neurociencias Cl\u00ed<\/em><em>nicas <\/em>249 (Suplemento 3), S28\u2013S36 (1999). <\/li>\n\n\n\n<li>Reisberg, B., Ferris, S. H., de Leon, M. J., &amp; Crook, T. (1982). The Global Deterioration Scale for assessment of primary degenerative dementia. <em>The American journal of psychiatry<\/em>, <em>139<\/em>(9), 1136\u20131139.<\/li>\n\n\n\n<li>Sousa, S., Teixeira, L., &amp; Pa\u00fal, C. (2020). Assessment of major neurocognitive disorders in primary health care: predictors of individual risk factors. <em>Frontiers in Psychology<\/em>, <em>11<\/em>, 1413. <\/li>\n\n\n\n<li>Strikwerda-Brown, C., Grilli, M. D., Andrews-Hanna, J., &amp; Irish, M. (2019). \u201cAll is not lost\u201d\u2014Rethinking the nature of memory and the self in dementia. <em>Ageing Research Reviews<\/em>, <em>54<\/em>, 100932. <\/li>\n\n\n\n<li>Pe\u00f1a-Casanova, J. Gramunt Fombuena, N. &amp; Gich Full\u00e1, J. (2004). Test Neuropsicol\u00f3gicos. <em>Fundamentos para una neuropsicolog\u00eda cl\u00ednica basada en evidencias. Masson: Barcelona.<\/em><\/li>\n<\/ul>\n\n\n\n<h3 class=\"wp-block-heading\">Si vous avez aim\u00e9 cet article sur la d\u00e9mence et l&rsquo;applicabilit\u00e9 clinique de l&rsquo;\u00e9chelle GDS, vous serez peut-\u00eatre int\u00e9ress\u00e9 par les articles suivants :<\/h3>\n\n\n<div class=\"mai-grid entries entries-grid has-boxed has-image-full\" style=\"--entry-title-font-size:var(--font-size-lg);--align-text:start;--entry-meta-text-align:start;\"><div class=\"entries-wrap has-columns\" style=\"--columns-xs:1\/1;--columns-sm:1\/1;--columns-md:1\/3;--columns-lg:1\/3;--flex-xs:0 0 var(--flex-basis);--flex-sm:0 0 var(--flex-basis);--flex-md:0 0 var(--flex-basis);--flex-lg:0 0 var(--flex-basis);--column-gap:var(--spacing-lg);--row-gap:var(--spacing-lg);--align-columns:start;\"><article class=\"entry entry-grid is-column has-entry-link has-image has-image-first type-post category-activites-de-la-vie-quotidienne category-nouveautes-neuronup tag-activites-de-stimulation-cognitive tag-activites-de-stimulation-cognitive-pour-enfants tag-adulte tag-enfants tag-remediation-cognitive\" style=\"--entry-index:1;\" aria-label=\"Nouvelles activit\u00e9s NeuronUP : entra\u00eenez les fonctions cognitives dans des situations du quotidien\" itemscope itemtype=\"https:\/\/schema.org\/CreativeWork\"><a class=\"entry-image-link\" href=\"https:\/\/neuronup.com\/fr\/nouveautes-neuronup\/nouvelles-activites-neuronup-entrainez-les-fonctions-cognitives-dans-des-situations-du-quotidien\/\" tabindex=\"-1\" aria-hidden=\"true\"><img decoding=\"async\" width=\"400\" height=\"202\" src=\"https:\/\/neuronup.com\/fr\/wp-content\/uploads\/2026\/03\/Capture-decran-2026-03-30-111842-400x202.webp\" class=\"entry-image size-landscape-sm\" alt=\"\" \/><\/a><div class=\"entry-wrap entry-wrap-grid\"><h3 class=\"entry-title\" itemprop=\"headline\"><a class=\"entry-title-link\" href=\"https:\/\/neuronup.com\/fr\/nouveautes-neuronup\/nouvelles-activites-neuronup-entrainez-les-fonctions-cognitives-dans-des-situations-du-quotidien\/\" rel=\"bookmark\">Nouvelles activit\u00e9s NeuronUP : entra\u00eenez les fonctions cognitives dans des situations du quotidien<\/a><\/h3>\n<\/div><\/article><article class=\"entry entry-grid is-column has-entry-link has-image has-image-first type-post category-activites-dattention category-activites-de-neuro-reeducation category-activites-pour-les-fonctions-cognitives tag-adulte\" style=\"--entry-index:2;\" aria-label=\"Nouvelle activit\u00e9 Attention s\u00e9lective (Adultes)\" itemscope itemtype=\"https:\/\/schema.org\/CreativeWork\"><a class=\"entry-image-link\" href=\"https:\/\/neuronup.com\/fr\/activites-de-neuro-reeducation\/nouvelle-activite-attention-selective-adultes\/\" tabindex=\"-1\" aria-hidden=\"true\"><img decoding=\"async\" width=\"253\" height=\"230\" src=\"https:\/\/neuronup.com\/fr\/wp-content\/uploads\/2026\/03\/Capture-decran-2026-03-03-160917.webp\" class=\"entry-image size-landscape-sm\" alt=\"\" \/><\/a><div class=\"entry-wrap entry-wrap-grid\"><h3 class=\"entry-title\" itemprop=\"headline\"><a class=\"entry-title-link\" href=\"https:\/\/neuronup.com\/fr\/activites-de-neuro-reeducation\/nouvelle-activite-attention-selective-adultes\/\" rel=\"bookmark\">Nouvelle activit\u00e9 Attention s\u00e9lective (Adultes)<\/a><\/h3>\n<\/div><\/article><article class=\"entry entry-grid is-column has-entry-link has-image has-image-first type-post category-activites-de-cognition-sociale tag-activites-de-stimulation-cognitive tag-cognition-sociale tag-fonctions-executives\" style=\"--entry-index:3;\" aria-label=\"La cognition sociale ou comment comprendre les personnes : exercices de cognition sociale\" itemscope itemtype=\"https:\/\/schema.org\/CreativeWork\"><a class=\"entry-image-link\" href=\"https:\/\/neuronup.com\/fr\/activites-de-neuro-reeducation\/activites-pour-les-fonctions-cognitives\/activites-de-cognition-sociale\/la-cognition-sociale-ou-comment-comprendre-les-personnes-exercices-de-cognition-sociale\/\" tabindex=\"-1\" aria-hidden=\"true\"><img decoding=\"async\" width=\"396\" height=\"300\" src=\"https:\/\/neuronup.com\/fr\/wp-content\/uploads\/2022\/06\/Reaccion-emocional-ante-situaciones.webp\" class=\"entry-image size-landscape-sm\" alt=\"R\u00e9action \u00e9motionnelle face aux situations : Exercice de cognition sociale\" srcset=\"https:\/\/neuronup.com\/fr\/wp-content\/uploads\/2022\/06\/Reaccion-emocional-ante-situaciones-300x227.webp 300w, https:\/\/neuronup.com\/fr\/wp-content\/uploads\/2022\/06\/Reaccion-emocional-ante-situaciones-768x582.webp 768w, https:\/\/neuronup.com\/fr\/wp-content\/uploads\/2022\/06\/Reaccion-emocional-ante-situaciones-1024x776.webp 1024w, https:\/\/neuronup.com\/fr\/wp-content\/uploads\/2022\/06\/Reaccion-emocional-ante-situaciones.webp 1148w\" sizes=\"(max-width:599px) 599px, (min-width:600px) and (max-width: 799px) 799px, (min-width:800px) and (max-width: 999px) 333px, (min-width:1000px) 400px\" \/><\/a><div class=\"entry-wrap entry-wrap-grid\"><h3 class=\"entry-title\" itemprop=\"headline\"><a class=\"entry-title-link\" href=\"https:\/\/neuronup.com\/fr\/activites-de-neuro-reeducation\/activites-pour-les-fonctions-cognitives\/activites-de-cognition-sociale\/la-cognition-sociale-ou-comment-comprendre-les-personnes-exercices-de-cognition-sociale\/\" rel=\"bookmark\">La cognition sociale ou comment comprendre les personnes : exercices de cognition sociale<\/a><\/h3>\n<\/div><\/article><article class=\"entry entry-grid is-column has-entry-link has-image has-image-first type-post category-activites-pour-les-enfants-ayant-des-besoins-particuliers tag-activites-de-stimulation-cognitive tag-activites-de-stimulation-cognitive-pour-enfants tag-enfants\" style=\"--entry-index:4;\" aria-label=\"7+1 activit\u00e9s pour enfants avec des besoins \u00e9ducatifs sp\u00e9ciaux\" itemscope itemtype=\"https:\/\/schema.org\/CreativeWork\"><a class=\"entry-image-link\" href=\"https:\/\/neuronup.com\/fr\/activites-de-neuro-reeducation\/activites-pour-les-enfants-ayant-des-besoins-particuliers\/71-activites-pour-enfants-a-besoins-educatifs-speciaux\/\" tabindex=\"-1\" aria-hidden=\"true\"><img decoding=\"async\" width=\"400\" height=\"298\" src=\"https:\/\/neuronup.com\/fr\/wp-content\/uploads\/2022\/07\/Prepara-la-mochila.webp\" class=\"entry-image size-landscape-sm\" alt=\"Activit\u00e9 Pr\u00e9pare le sac \u00e0 dos pour les enfants ayant des besoins \u00e9ducatifs particuliers\" srcset=\"https:\/\/neuronup.com\/fr\/wp-content\/uploads\/2022\/07\/Prepara-la-mochila-300x224.webp 300w, https:\/\/neuronup.com\/fr\/wp-content\/uploads\/2022\/07\/Prepara-la-mochila-768x572.webp 768w, https:\/\/neuronup.com\/fr\/wp-content\/uploads\/2022\/07\/Prepara-la-mochila-1024x763.webp 1024w, https:\/\/neuronup.com\/fr\/wp-content\/uploads\/2022\/07\/Prepara-la-mochila.webp 1255w\" sizes=\"(max-width:599px) 599px, (min-width:600px) and (max-width: 799px) 799px, (min-width:800px) and (max-width: 999px) 333px, (min-width:1000px) 400px\" \/><\/a><div class=\"entry-wrap entry-wrap-grid\"><h3 class=\"entry-title\" itemprop=\"headline\"><a class=\"entry-title-link\" href=\"https:\/\/neuronup.com\/fr\/activites-de-neuro-reeducation\/activites-pour-les-enfants-ayant-des-besoins-particuliers\/71-activites-pour-enfants-a-besoins-educatifs-speciaux\/\" rel=\"bookmark\">7+1 activit\u00e9s pour enfants avec des besoins \u00e9ducatifs sp\u00e9ciaux<\/a><\/h3>\n<\/div><\/article><article class=\"entry entry-grid is-column has-entry-link has-image has-image-first type-post category-activites-de-cognition-sociale tag-activites-de-stimulation-cognitive tag-activites-de-stimulation-cognitive-pour-enfants tag-cognition-sociale\" style=\"--entry-index:5;\" aria-label=\"Exercices de cognition sociale pour enfants\" itemscope itemtype=\"https:\/\/schema.org\/CreativeWork\"><a class=\"entry-image-link\" href=\"https:\/\/neuronup.com\/fr\/activites-de-neuro-reeducation\/activites-pour-les-fonctions-cognitives\/activites-de-cognition-sociale\/exercices-de-cognition-sociale-pour-enfants\/\" tabindex=\"-1\" aria-hidden=\"true\"><img decoding=\"async\" width=\"400\" height=\"273\" src=\"https:\/\/neuronup.com\/fr\/wp-content\/uploads\/2022\/08\/Que-esperan-encontrar-4-1.webp\" class=\"entry-image size-landscape-sm\" alt=\"Exercices de cognition sociale pour enfants\" srcset=\"https:\/\/neuronup.com\/fr\/wp-content\/uploads\/2022\/08\/Que-esperan-encontrar-4-1-300x205.webp 300w, https:\/\/neuronup.com\/fr\/wp-content\/uploads\/2022\/08\/Que-esperan-encontrar-4-1-768x524.webp 768w, https:\/\/neuronup.com\/fr\/wp-content\/uploads\/2022\/08\/Que-esperan-encontrar-4-1-1024x699.webp 1024w, https:\/\/neuronup.com\/fr\/wp-content\/uploads\/2022\/08\/Que-esperan-encontrar-4-1.webp 1205w\" sizes=\"(max-width:599px) 599px, (min-width:600px) and (max-width: 799px) 799px, (min-width:800px) and (max-width: 999px) 333px, (min-width:1000px) 400px\" \/><\/a><div class=\"entry-wrap entry-wrap-grid\"><h3 class=\"entry-title\" itemprop=\"headline\"><a class=\"entry-title-link\" href=\"https:\/\/neuronup.com\/fr\/activites-de-neuro-reeducation\/activites-pour-les-fonctions-cognitives\/activites-de-cognition-sociale\/exercices-de-cognition-sociale-pour-enfants\/\" rel=\"bookmark\">Exercices de cognition sociale pour enfants<\/a><\/h3>\n<\/div><\/article><article class=\"entry entry-grid is-column has-entry-link has-image has-image-first type-post category-activites-de-cognition-sociale tag-activites-de-stimulation-cognitive tag-activites-de-stimulation-cognitive-pour-enfants tag-actualites-de-neuronup tag-cognition-sociale tag-enfants tag-intelligence-emotionnelle\" style=\"--entry-index:6;\" aria-label=\"Activit\u00e9 pour identifier les \u00e9motions : Devinez le visage ?\" itemscope itemtype=\"https:\/\/schema.org\/CreativeWork\"><a class=\"entry-image-link\" href=\"https:\/\/neuronup.com\/fr\/activites-de-neuro-reeducation\/activites-pour-les-fonctions-cognitives\/activites-de-cognition-sociale\/activite-pour-identifier-les-emotions\/\" tabindex=\"-1\" aria-hidden=\"true\"><img decoding=\"async\" width=\"400\" height=\"283\" src=\"https:\/\/neuronup.com\/fr\/wp-content\/uploads\/2022\/09\/Actividad-para-identificar-emociones-de-NeuronUP-Adivinas-la-cara-1-1-1.webp\" class=\"entry-image size-landscape-sm\" alt=\"Activit\u00e9 pour identifier les \u00e9motions de NeuronUP Tu devines le visage\" srcset=\"https:\/\/neuronup.com\/fr\/wp-content\/uploads\/2022\/09\/Actividad-para-identificar-emociones-de-NeuronUP-Adivinas-la-cara-1-1-1-300x212.webp 300w, https:\/\/neuronup.com\/fr\/wp-content\/uploads\/2022\/09\/Actividad-para-identificar-emociones-de-NeuronUP-Adivinas-la-cara-1-1-1-768x543.webp 768w, https:\/\/neuronup.com\/fr\/wp-content\/uploads\/2022\/09\/Actividad-para-identificar-emociones-de-NeuronUP-Adivinas-la-cara-1-1-1-1024x724.webp 1024w, https:\/\/neuronup.com\/fr\/wp-content\/uploads\/2022\/09\/Actividad-para-identificar-emociones-de-NeuronUP-Adivinas-la-cara-1-1-1.webp 1200w\" sizes=\"(max-width:599px) 599px, (min-width:600px) and (max-width: 799px) 799px, (min-width:800px) and (max-width: 999px) 333px, (min-width:1000px) 400px\" \/><\/a><div class=\"entry-wrap entry-wrap-grid\"><h3 class=\"entry-title\" itemprop=\"headline\"><a class=\"entry-title-link\" href=\"https:\/\/neuronup.com\/fr\/activites-de-neuro-reeducation\/activites-pour-les-fonctions-cognitives\/activites-de-cognition-sociale\/activite-pour-identifier-les-emotions\/\" rel=\"bookmark\">Activit\u00e9 pour identifier les \u00e9motions : Devinez le visage ?<\/a><\/h3>\n<\/div><\/article><\/div><\/div>","protected":false},"excerpt":{"rendered":"<p>Mar\u00eda J. Garc\u00eda-Rubio, docteur en psychologie clinique de la sant\u00e9, et Nancy Navarro, sp\u00e9cialiste en neuropsychologie clinique et en troubles cognitifs majeurs, expliquent dans cet article ce qu&rsquo;est la d\u00e9mence et l&rsquo;applicabilit\u00e9 clinique de l&rsquo;\u00e9chelle GDS. Cet article vise \u00e0 d\u00e9crire la d\u00e9mence d&rsquo;un point de vue neuroanatomique et psychobiologique afin de justifier l&rsquo;application de &hellip;<\/p>\n","protected":false},"author":229,"featured_media":33536,"comment_status":"open","ping_status":"open","sticky":false,"template":"","format":"standard","meta":{"_acf_changed":false,"_genesis_hide_title":false,"_genesis_hide_breadcrumbs":false,"_genesis_hide_singular_image":false,"_genesis_hide_footer_widgets":false,"_genesis_custom_body_class":"","_genesis_custom_post_class":"","_genesis_layout":"","footnotes":""},"categories":[598],"tags":[696,669],"class_list":{"2":"type-post","7":"category-neuropsychologie-et-informations","8":"tag-demence","9":"tag-neuropsychologie","10":"entry"},"acf":[],"_links":{"self":[{"href":"https:\/\/neuronup.com\/fr\/wp-json\/wp\/v2\/posts\/8053","targetHints":{"allow":["GET"]}}],"collection":[{"href":"https:\/\/neuronup.com\/fr\/wp-json\/wp\/v2\/posts"}],"about":[{"href":"https:\/\/neuronup.com\/fr\/wp-json\/wp\/v2\/types\/post"}],"author":[{"embeddable":true,"href":"https:\/\/neuronup.com\/fr\/wp-json\/wp\/v2\/users\/229"}],"replies":[{"embeddable":true,"href":"https:\/\/neuronup.com\/fr\/wp-json\/wp\/v2\/comments?post=8053"}],"version-history":[{"count":0,"href":"https:\/\/neuronup.com\/fr\/wp-json\/wp\/v2\/posts\/8053\/revisions"}],"wp:featuredmedia":[{"embeddable":true,"href":"https:\/\/neuronup.com\/fr\/wp-json\/wp\/v2\/media\/33536"}],"wp:attachment":[{"href":"https:\/\/neuronup.com\/fr\/wp-json\/wp\/v2\/media?parent=8053"}],"wp:term":[{"taxonomy":"category","embeddable":true,"href":"https:\/\/neuronup.com\/fr\/wp-json\/wp\/v2\/categories?post=8053"},{"taxonomy":"post_tag","embeddable":true,"href":"https:\/\/neuronup.com\/fr\/wp-json\/wp\/v2\/tags?post=8053"}],"curies":[{"name":"wp","href":"https:\/\/api.w.org\/{rel}","templated":true}]}}