{"id":7874,"date":"2023-06-05T07:18:20","date_gmt":"2023-06-05T07:18:20","guid":{"rendered":"https:\/\/neuronup.com\/fr\/?p=7874"},"modified":"2026-01-29T17:34:59","modified_gmt":"2026-01-29T15:34:59","slug":"rehabilitation-neuropsychologique-chez-les-personnes-agees-atteintes-de-demence-dans-un-centre-de-jour-avec-neuronup","status":"publish","type":"post","link":"https:\/\/neuronup.com\/fr\/actualites-de-la-stimulation-cognitive\/rehabilitation-neuropsychologique-chez-les-personnes-agees-atteintes-de-demence-dans-un-centre-de-jour-avec-neuronup\/","title":{"rendered":"R\u00e9habilitation neuropsychologique chez les personnes \u00e2g\u00e9es atteintes de d\u00e9mence: dans un centre de jour avec NeuronUP"},"content":{"rendered":"\n<p style=\"font-size:25px\">Dans cet article, Claudia Mayza, neuropsychologue form\u00e9e en psycho-oncologie et neuropsychologie et ayant une longue pratique de la r\u00e9adaptation cognitive, nous parle de son exp\u00e9rience dans le centre de jour p\u00e9ruvien Caldevid Geriatric en mati\u00e8re de <strong>r\u00e9adaptation neuropsychologique des personnes \u00e2g\u00e9es atteintes de d\u00e9mence<\/strong>. Ce texte vise \u00e0 promouvoir la recherche et l&rsquo;utilisation des nouvelles technologies dans l&rsquo;approche de la d\u00e9mence.<\/p>\n\n\n\n<p>Ces derni\u00e8res ann\u00e9es, la pyramide des \u00e2ges et l&rsquo;esp\u00e9rance de vie des personnes \u00e2g\u00e9es ont augment\u00e9, ce qui a conduit \u00e0 s&rsquo;int\u00e9resser de plus pr\u00e8s au mode de vie, aux maladies associ\u00e9es et au champ d&rsquo;action du syst\u00e8me de soins de sant\u00e9.<\/p>\n\n\n\n<p>L&rsquo;Organisation mondiale de la sant\u00e9 estime que 5 \u00e0 8 % de la population mondiale \u00e2g\u00e9e de plus de 60 ans est atteinte de d\u00e9mence. En 2015, au moins 47 millions de personnes ont souffert de d\u00e9mence et les projections statistiques sugg\u00e8rent que la maladie touchera 75 millions de personnes d&rsquo;ici 2030 et 131 millions d&rsquo;ici 2050.<\/p>\n\n\n\n<p>Selon l&rsquo;Organisation panam\u00e9ricaine de la sant\u00e9 (OPS) (2020), la plupart des personnes atteintes de d\u00e9mence sont soign\u00e9es \u00e0 domicile, ce qui augmente les taux de mortalit\u00e9, tant pour les personnes atteintes que pour les soignants et\/ou les membres de la famille.<\/p>\n\n\n\n<p>En outre, de nombreux pays ne disposent pas de soins ad\u00e9quats dans les \u00e9tablissements de soins de longue dur\u00e9e ou les institutions, ce qui a un impact \u00e9conomique.<\/p>\n\n\n\n<p>En 2010, le co\u00fbt estim\u00e9 du traitement et de la prise en charge des personnes atteintes de d\u00e9mence \u00e9tait de 604 milliards de dollars US au niveau mondial et de 235,8 milliards de dollars US dans les pays des Am\u00e9riques, une grande partie de ce fardeau \u00e9conomique \u00e9tant support\u00e9 par les familles.<\/p>\n\n\n\n<h2 class=\"wp-block-heading\">Qu&rsquo;est-ce que la r\u00e9\u00e9ducation neuropsychologique ?<\/h2>\n\n\n\n<p>La r\u00e9adaptation neuropsychologique est d\u00e9finie comme <strong>un ensemble structur\u00e9 d&rsquo;activit\u00e9s th\u00e9rapeutiques<\/strong> sp\u00e9cifiquement con\u00e7ues pour <strong>r\u00e9entra\u00eener les capacit\u00e9s<\/strong> des personnes qui ont souffert d&rsquo;un d\u00e9ficit cognitif \u00e0 la suite d&rsquo;une blessure ou d&rsquo;une maladie.<\/p>\n\n\n\n<p>Dans un concept holistique, elle fait r\u00e9f\u00e9rence \u00e0 une intervention qui vise \u00e0 permettre aux patients et \u00e0 leurs familles de vivre avec, de g\u00e9rer, d&rsquo;\u00e9viter, de r\u00e9duire ou de faire face aux d\u00e9ficiences, ce qui est l\u00e9gitime dans le cas de la d\u00e9mence, <strong>en se concentrant sur l&rsquo;am\u00e9lioration de la qualit\u00e9 de vie, la promotion de l&rsquo;ind\u00e9pendance<\/strong>, le ralentissement du degr\u00e9 de d\u00e9t\u00e9rioration et l&rsquo;optimisation de la performance et de des fonctionnalit\u00e9s cognitives globales.<\/p>\n\n\n\n<h2 class=\"wp-block-heading\">R\u00e9habilitation neuropsychologique dans la d\u00e9mence<\/h2>\n\n\n\n<p>Actuellement, il existe une prise en charge globale de la r\u00e9\u00e9ducation neuropsychologique qui permet diverses strat\u00e9gies fond\u00e9es sur des donn\u00e9es probantes utilisant des<strong> m\u00e9thodes, des techniques cognitives, des th\u00e9rapies ou des interventions psychosociales<\/strong>, principalement ax\u00e9es sur le maintien de la fonctionnalit\u00e9 et de la qualit\u00e9 de vie des personnes \u00e2g\u00e9es et de leurs familles et\/ou aidants.<\/p>\n\n\n\n<p>Toute intervention doit \u00eatre adapt\u00e9e \u00e0 la difficult\u00e9, avec une <strong>supervision permanente par un sp\u00e9cialiste<\/strong>, ax\u00e9e sur un degr\u00e9 de repr\u00e9sentativit\u00e9 et de transf\u00e9rabilit\u00e9 dans les activit\u00e9s quotidiennes.<\/p>\n\n\n\n<p>Il est important de souligner l&rsquo;importance de l&rsquo;<strong>\u00e9valuation neuropsychologique<\/strong> comme point de d\u00e9part d&rsquo;une approche ad\u00e9quate et de la connaissance de la r\u00e9serve cognitive et des fonctions pr\u00e9serv\u00e9es et\/ou alt\u00e9r\u00e9es.<\/p>\n\n\n\n<h2 class=\"wp-block-heading\">L&rsquo;utilisation des nouvelles technologies et l&rsquo;\u00e8re num\u00e9rique<\/h2>\n\n\n\n<p>Selon les statistiques de la Commission \u00e9conomique pour l&rsquo;Am\u00e9rique latine et les Cara\u00efbes (CEPALC) (2019), le groupe des personnes \u00e2g\u00e9es est le plus isol\u00e9 dans l&rsquo;utilisation des technologies num\u00e9riques, ce qui r\u00e9v\u00e8le un profond foss\u00e9 dans l&rsquo;\u00e8re num\u00e9rique et le <strong>d\u00e9fi de la promotion de l&rsquo;inclusion<\/strong>.<\/p>\n\n\n\n<p>\u00c0 cet \u00e9gard, il est important de mentionner que le contexte pand\u00e9mique et post-pand\u00e9mique a mis en \u00e9vidence la n\u00e9cessit\u00e9 d&rsquo;utiliser les technologies comme une ressource pour maintenir la <strong>communication, la socialisation, les soins de sant\u00e9, la r\u00e9adaptation, le divertissement et l&rsquo;apprentissage chez les personnes \u00e2g\u00e9es.<\/strong><\/p>\n\n\n\n<p>Plusieurs \u00e9tudes recommandent l&rsquo;utilisation des nouvelles technologies (TIC) pour <strong>am\u00e9liorer la qualit\u00e9 de vie des personnes \u00e2g\u00e9es<\/strong> atteintes de maladies neurod\u00e9g\u00e9n\u00e9ratives, de troubles neurologiques, de d\u00e9ficiences cognitives, de d\u00e9pression, entre autres.<\/p>\n\n\n\n<p>Les ressources telles que la wiith\u00e9rapie, les applications, les plateformes, la r\u00e9alit\u00e9 virtuelle et augment\u00e9e, le RGS, la robotique, entre autres, sont les plus utilis\u00e9es.<\/p>\n\n\n\n<div style=\"height:50px\" aria-hidden=\"true\" class=\"wp-block-spacer\"><\/div>\n\n\n\n<aside class=\"wp-block-group br-1010 has-primary-background-color has-background has-dark-background has-sm-padding-top has-sm-padding-bottom has-sm-padding-left has-sm-padding-right\"><div class=\"wp-block-group__inner-container is-layout-constrained wp-block-group-is-layout-constrained\">\n<div class=\"wp-block-columns are-vertically-aligned-center is-layout-flex wp-container-core-columns-is-layout-9d6595d7 wp-block-columns-is-layout-flex\">\n<div class=\"wp-block-column is-vertically-aligned-center has-white-color has-text-color has-link-color wp-elements-fff38ff20fc0a3b2957b25e5484b5f8f is-layout-flow wp-block-column-is-layout-flow\" style=\"flex-basis:60%\">\n<p>Obtenez<strong> un<\/strong> <strong>programme de stimulation cognitive<\/strong> pour les patients atteints d&rsquo;<strong>Alzheimer<\/strong><\/p>\n<\/div>\n\n\n\n<div class=\"wp-block-column is-vertically-aligned-center is-layout-flow wp-block-column-is-layout-flow\" style=\"flex-basis:40%\">\n<div class=\"wp-block-buttons is-content-justification-center is-layout-flex wp-container-core-buttons-is-layout-16018d1d wp-block-buttons-is-layout-flex\">\n<div class=\"wp-block-button\" style=\"--button-secondary-color:var(--color-white);--button-secondary-background:var(--color-custom-1);--button-secondary-background-hover:#cc7e00;\"><a class=\"wp-block-button__link button button-secondary     has-link-color wp-element-button\" href=\"https:\/\/neuronup.com\/redirect\/?target=typeform\/afa-rioja?utm_first_source=Web&#038;utm_first_campaign_name=Use_case_afarioja\"><strong>Obtenir gratuitement<\/strong><\/a><\/div>\n\n<\/div>\n<\/div>\n<\/div>\n<\/div><\/aside>\n\n\n\n\n<div style=\"height:50px\" aria-hidden=\"true\" class=\"wp-block-spacer\"><\/div>\n\n\n\n<h2 class=\"wp-block-heading\">Neuror\u00e9adaptation : Exp\u00e9rience avec l&rsquo;utilisation de NeuronUP<\/h2>\n\n\n\n<p>La neuror\u00e9habilitation pourrait se concentrer sur deux types de processus : \u00e0 court terme et \u00e0 long terme.<\/p>\n\n\n\n<h3 class=\"wp-block-heading\">Processus \u00e0 court terme<\/h3>\n\n\n\n<p>Dans le premier cas, il doit \u00eatre <strong>sp\u00e9cifique, mesurable, adaptable<\/strong>, r\u00e9aliste et limit\u00e9 dans le temps.<\/p>\n\n\n\n<h3 class=\"wp-block-heading\">Processus \u00e0 long terme<\/h3>\n\n\n\n<p>Dans le second cas, l&rsquo;objectif est d&rsquo;<strong>aider \u00e0 r\u00e9cup\u00e9rer, et\/ou minimiser<\/strong>, compenser et\/ou remplacer les fonctions alt\u00e9r\u00e9es ou diminu\u00e9es, en aidant \u00e0 r\u00e9cup\u00e9rer le potentiel, la fonctionnalit\u00e9 et l&rsquo;ind\u00e9pendance maximum, afin de maintenir et\/ou de ralentir le processus, dans les cas de <strong>d\u00e9t\u00e9rioration cognitive et\/ou de d\u00e9mence.<\/strong><\/p>\n\n\n<div class=\"wp-block-image image-interface\">\n<figure class=\"aligncenter size-full\"><img decoding=\"async\" width=\"768\" height=\"1024\" src=\"https:\/\/neuronup.com\/fr\/wp-content\/uploads\/2024\/11\/Rehabilitacion-Neuropsicologica-768x1024-1.webp\" alt=\"Salle de consultation lumineuse: m\u00e9decin en blouse explique \u00e0 un patient; \u00e9cran affiche un exercice; murs bleus et bois.\" class=\"wp-image-33965\" srcset=\"https:\/\/neuronup.com\/fr\/wp-content\/uploads\/2024\/11\/Rehabilitacion-Neuropsicologica-768x1024-1-225x300.webp 225w, https:\/\/neuronup.com\/fr\/wp-content\/uploads\/2024\/11\/Rehabilitacion-Neuropsicologica-768x1024-1.webp 768w\" sizes=\"(max-width: 768px) 100vw, 768px\" \/><figcaption class=\"wp-element-caption\">R\u00e9habilitation neuropsychologique avec NeuronUP.<\/figcaption><\/figure>\n<\/div>\n\n\n<h3 class=\"wp-block-heading\">Alternative fond\u00e9e sur des preuves<\/h3>\n\n\n\n<p>Gr\u00e2ce \u00e0 notre exp\u00e9rience en soins priv\u00e9s et au Centre Caldevid, la <strong>plateforme NeuronUP<\/strong> nous a permis de <strong>fournir une alternative num\u00e9rique bas\u00e9e sur des preuves avec des techniques cognitives telles que<\/strong> :<\/p>\n\n\n\n<p>L&rsquo;apprentissage sans erreur (AsE), la r\u00e9cup\u00e9ration espac\u00e9e (RE), l&rsquo;effacement des indices (DP), l&rsquo;Attention Process Training d&rsquo;attention (APT), les strat\u00e9gies m\u00e9tacognitives, les acronymes, l&rsquo;essai-erreur, la visualisation, l&rsquo;association, la r\u00e9p\u00e9tition par approximation, la mod\u00e9lisation, les auto-instructions, entre autres, qui compl\u00e8tent l&rsquo;approche globale que nous fournissons aux personnes \u00e2g\u00e9es et \u00e0 leurs familles.<\/p>\n\n\n\n<h3 class=\"wp-block-heading\">M\u00e9thodes d&rsquo;intervention<\/h3>\n\n\n\n<p>Nous proposons \u00e9galement <strong>diverses formes d&rsquo;interventions de r\u00e9adaptation neuropsychologique<\/strong> :<\/p>\n\n\n\n<ul class=\"wp-block-list\">\n<li>Pr\u00e9sentiel : individuel et en groupe.<\/li>\n\n\n\n<li>T\u00e9l\u00e9r\u00e9adaptation : facilit\u00e9e par le sp\u00e9cialiste et avec l&rsquo;\u00e9cran partag\u00e9.<\/li>\n\n\n\n<li>\u00c0 domicile : individuel.<\/li>\n<\/ul>\n\n\n\n<h3 class=\"wp-block-heading\">Plateforme compl\u00e9mentaire \u00e0 d&rsquo;autres activit\u00e9s<\/h3>\n\n\n\n<p>La plateforme <strong>NeuronUP<\/strong> est utilis\u00e9e dans toutes les modalit\u00e9s, <strong>en compl\u00e9ment des autres activit\u00e9s que nous proposons au centre de jour<\/strong>, telles que les exercices sur papier, les jeux th\u00e9rapeutiques, la r\u00e9alit\u00e9 virtuelle, les activit\u00e9s dynamiques et de psychostimulation, la g\u00e9rontogymnastique, la kin\u00e9sith\u00e9rapie fonctionnelle, les activit\u00e9s sociales et r\u00e9cr\u00e9atives, l&rsquo;art-th\u00e9rapie, les g\u00e9ri-olympiques, les expositions d&rsquo;art, entre autres.<\/p>\n\n\n\n<p><strong>NeuronUP<\/strong> est convivial, <strong>adapt\u00e9 en fonction de la difficult\u00e9, de l&rsquo;\u00e2ge et du niveau d&rsquo;\u00e9ducation<\/strong>, et dispose de ressources qui favorisent la motivation et l&rsquo;adh\u00e9sion au traitement.<\/p>\n\n\n\n<p>Il contient des <strong>activit\u00e9s num\u00e9riques<\/strong>, class\u00e9es par <strong>domaines d&rsquo;intervention et fonctions cognitives<\/strong> (attention, m\u00e9moire, langage, fonctions ex\u00e9cutives, gnosies, praxies, aptitudes visuospatiales, cognition sociale) et par domaines d&rsquo;occupation (activit\u00e9s de base de la vie quotidienne et instrumentales, entre autres). Il <strong>permet la gestion des utilisateurs et des r\u00e9sultats des performances<\/strong>.<\/p>\n\n\n\n<div style=\"height:50px\" aria-hidden=\"true\" class=\"wp-block-spacer\"><\/div>\n\n\n\n<div class=\"wp-block-group\"><div class=\"wp-block-group__inner-container is-layout-constrained wp-block-group-is-layout-constrained\">\n<div class=\"wp-block-columns br-0111 particle-bg p-5 has-primary-background-color has-background is-layout-flex wp-container-core-columns-is-layout-9d6595d7 wp-block-columns-is-layout-flex\">\n<div class=\"wp-block-column is-layout-flow wp-block-column-is-layout-flow\" style=\"flex-basis:66.66%\">\n<h2 class=\"wp-block-heading has-white-color has-text-color\">Essayez NeuronUP 7 jours gratuitement<\/h2>\n\n\n\n<p class=\"has-white-color has-text-color\">Vous pourrez travailler avec nos activit\u00e9s, concevoir des s\u00e9ances ou effectuer des r\u00e9habilitations \u00e0 distance<\/p>\n<\/div>\n\n\n\n<div class=\"wp-block-column is-layout-flow wp-block-column-is-layout-flow\" style=\"flex-basis:33.33%\">\n<div class=\"wp-block-buttons is-content-justification-center is-layout-flex wp-container-core-buttons-is-layout-16018d1d wp-block-buttons-is-layout-flex\">\n<div class=\"wp-block-button\" style=\"--button-background:var(--color-custom-1);--button-background-hover:#cc7e00;\"><a class=\"wp-block-button__link button   wp-element-button\" href=\"https:\/\/neuronup.com\/fr\/landing\/\">Commencez votre essai<\/a><\/div>\n\n<\/div>\n<\/div>\n<\/div>\n<\/div><\/div>\n\n\n\n<div style=\"height:50px\" aria-hidden=\"true\" class=\"wp-block-spacer\"><\/div>\n\n\n\n<h3 class=\"wp-block-heading\">Travail de groupe avec NeuronUP<\/h3>\n\n\n\n<p>En septembre 2022, des <strong>mini g\u00e9ri-olympiades num\u00e9riques ont \u00e9t\u00e9 organis\u00e9es \u00e0 l&rsquo;aide de la plateforme NeuronUP.<\/strong><\/p>\n\n\n\n<p>L&rsquo;activit\u00e9 a \u00e9t\u00e9 programm\u00e9e en 2 temps :<\/p>\n\n\n\n<ol class=\"wp-block-list\">\n<li>Formation pr\u00e9alable aux g\u00e9ri-olympiades, <strong>renfor\u00e7ant l&rsquo;utilisation des activit\u00e9s num\u00e9riques tant pour les personnes \u00e2g\u00e9es que pour leurs familles<\/strong>, d&rsquo;une dur\u00e9e de 2 semaines et \u00e0 raison de 2 fois par semaine.<\/li>\n\n\n\n<li>L&rsquo;activit\u00e9 elle-m\u00eame, o\u00f9 des groupes de deux personnes ont \u00e9t\u00e9 form\u00e9s (personne \u00e2g\u00e9e et accompagnateur) <strong>en fonction des horaires et des caract\u00e9ristiques<\/strong>.<\/li>\n<\/ol>\n\n\n\n<p><strong>Cela a permis de travailler sur diff\u00e9rentes fonctions cognitives et professionnelles<\/strong>. En outre, la motivation, l&rsquo;autonomie, l&rsquo;identit\u00e9, le sentiment d&rsquo;appartenance et la comp\u00e9titivit\u00e9 face \u00e0 de nouveaux d\u00e9fis ont \u00e9t\u00e9 encourag\u00e9s.<\/p>\n\n\n<div class=\"wp-block-image image-interface\">\n<figure class=\"aligncenter size-full\"><img decoding=\"async\" width=\"1024\" height=\"768\" src=\"https:\/\/neuronup.com\/fr\/wp-content\/uploads\/2024\/11\/Rehabilitacion-Neuropsicologica-grupal-1-1024x768-1.webp\" alt=\"Groupe autour d&#039;une table en salle bleue, \u00e9cran de pr\u00e9sentation au mur, participants concentr\u00e9s et prenant des notes.\" class=\"wp-image-33968\" srcset=\"https:\/\/neuronup.com\/fr\/wp-content\/uploads\/2024\/11\/Rehabilitacion-Neuropsicologica-grupal-1-1024x768-1-300x225.webp 300w, https:\/\/neuronup.com\/fr\/wp-content\/uploads\/2024\/11\/Rehabilitacion-Neuropsicologica-grupal-1-1024x768-1-400x300.webp 400w, https:\/\/neuronup.com\/fr\/wp-content\/uploads\/2024\/11\/Rehabilitacion-Neuropsicologica-grupal-1-1024x768-1-768x576.webp 768w, https:\/\/neuronup.com\/fr\/wp-content\/uploads\/2024\/11\/Rehabilitacion-Neuropsicologica-grupal-1-1024x768-1-800x600.webp 800w, https:\/\/neuronup.com\/fr\/wp-content\/uploads\/2024\/11\/Rehabilitacion-Neuropsicologica-grupal-1-1024x768-1.webp 1024w\" sizes=\"(max-width: 1024px) 100vw, 1024px\" \/><figcaption class=\"wp-element-caption\">R\u00e9habilitation neuropsychologique de groupe avec NeuronUP.<\/figcaption><\/figure>\n<\/div>\n\n\n<h2 class=\"wp-block-heading\">Conclusion<\/h2>\n\n\n\n<ul class=\"wp-block-list\">\n<li>Il est important de garder \u00e0 l&rsquo;esprit que l&rsquo;<strong>utilisation de la technologie ne sera pas accessible dans certains cas<\/strong>, que ce soit en raison des ressources \u00e9conomiques ou sociales, du degr\u00e9 de d\u00e9t\u00e9rioration de la maladie ou des d\u00e9ficits associ\u00e9s.<\/li>\n\n\n\n<li>L&rsquo;approche neuropsychologique est large, avec diverses techniques et strat\u00e9gies qui seront <strong>adapt\u00e9es au cas par cas<\/strong>, en incluant toujours la famille, tant dans la participation aux s\u00e9ances que dans la psycho\u00e9ducation et le soutien \u00e9motionnel.<\/li>\n\n\n\n<li>Encourager la <strong>recherche et la formation <\/strong>sur les nouveaut\u00e9s en mati\u00e8re de neuror\u00e9adaptation et d&rsquo;autres strat\u00e9gies de r\u00e9adaptation neuropsychologique.<\/li>\n<\/ul>\n\n\n\n<p>Au P\u00e9rou, l&rsquo;acc\u00e8s \u00e0 l&rsquo;utilisation des nouvelles technologies et des techniques de neuror\u00e9habilitation pour les personnes \u00e2g\u00e9es souffrant de d\u00e9ficits cognitifs ou de d\u00e9mence est limit\u00e9, mais de nombreux professionnels dans diff\u00e9rents domaines <strong>des soins, de la recherche et de la formation<\/strong> d\u00e9ploient des efforts.<\/p>\n\n\n\n<p>Rien n&rsquo;est unique, il n&rsquo;y a pas qu&rsquo;une seule ressource, l&rsquo;intervention dans la d\u00e9mence est vaste, il est donc <strong>important d&rsquo;utiliser des outils qui montrent des preuves<\/strong>, puisque l&rsquo;objectif commun est de fournir une qualit\u00e9 de vie aux personnes \u00e2g\u00e9es et \u00e0 leurs familles.<\/p>\n\n\n\n<h2 class=\"wp-block-heading\">Bibliographie<\/h2>\n\n\n\n<ul class=\"wp-block-list has-sm-font-size\">\n<li>Custodio, N., Garc\u00eda, A., Montesinos, R., Escobar, J., Bendez\u00fa, L. Prevalencia de demencia en una poblaci\u00f3n urbana de Lima-Per\u00fa: Un estudio puerta a puerta. An Fac med. 2008; 69(4): 233-238.<\/li>\n\n\n\n<li>Le\u00f3n-Sarmiento, FE, Bayona, E., &amp; Bayona-Prieto, J. (2009).&nbsp;Neurorrehabilitaci\u00f3n: La otra revoluci\u00f3n del siglo XXI.&nbsp;Acta m\u00e9dica colombiana,&nbsp;34&nbsp;(2), 88-92.<\/li>\n\n\n\n<li>Prevalence of Dementia and Associated Factors among Older Adults in Latin America during the COVID-19 Pandemic Soto-A\u00f1ari M, Camargo L, [\u2026] L\u00f3pez N Dementia and Geriatric Cognitive Disorders Extra (2021) 11(3) 213-221<\/li>\n\n\n\n<li>Sunkel G, Ullmann H, Las personas mayores de Am\u00e9rica Latina en la era digital: superaci\u00f3n de la brecha digital, Revue de la CEPAL, 2019.<\/li>\n\n\n\n<li>Wilson. B, Winegardner.J, Van Heugten. C., Ownsworth., T, (2017), Rehabilitaci\u00f3n neuropsicol\u00f3gica. Manuel International, Editeur El Manual Moderno S.A de C.V.<\/li>\n\n\n\n<li>Zurique S\u00e1nchez C, Cadena Sanabria MO, Zurique S\u00e1nchez M, Camacho L\u00f3pez PA, S\u00e1nchez Sanabria M, Hernandez Hernandez S, et al. [Prevalence of dementia in the elderly in Latin America: a systematic review]. Rev Esp Geriatr Gerontol. 2019;54(6):346\u201355. Spanish.<\/li>\n<\/ul>\n","protected":false},"excerpt":{"rendered":"<p>Dans cet article, Claudia Mayza, neuropsychologue form\u00e9e en psycho-oncologie et neuropsychologie et ayant une longue pratique de la r\u00e9adaptation cognitive, nous parle de son exp\u00e9rience dans le centre de jour p\u00e9ruvien Caldevid Geriatric en mati\u00e8re de r\u00e9adaptation neuropsychologique des personnes \u00e2g\u00e9es atteintes de d\u00e9mence. Ce texte vise \u00e0 promouvoir la recherche et l&rsquo;utilisation des nouvelles &hellip;<\/p>\n","protected":false},"author":225,"featured_media":33984,"comment_status":"open","ping_status":"open","sticky":false,"template":"","format":"standard","meta":{"_acf_changed":false,"_genesis_hide_title":false,"_genesis_hide_breadcrumbs":false,"_genesis_hide_singular_image":false,"_genesis_hide_footer_widgets":false,"_genesis_custom_body_class":"","_genesis_custom_post_class":"","_genesis_layout":"","footnotes":""},"categories":[568],"tags":[694,669,632,886],"class_list":{"2":"type-post","7":"category-actualites-de-la-stimulation-cognitive","8":"tag-activites-de-stimulation-cognitive","9":"tag-neuropsychologie","10":"tag-reeducation-cognitive","11":"tag-sante-mentale","12":"entry"},"acf":[],"_links":{"self":[{"href":"https:\/\/neuronup.com\/fr\/wp-json\/wp\/v2\/posts\/7874","targetHints":{"allow":["GET"]}}],"collection":[{"href":"https:\/\/neuronup.com\/fr\/wp-json\/wp\/v2\/posts"}],"about":[{"href":"https:\/\/neuronup.com\/fr\/wp-json\/wp\/v2\/types\/post"}],"author":[{"embeddable":true,"href":"https:\/\/neuronup.com\/fr\/wp-json\/wp\/v2\/users\/225"}],"replies":[{"embeddable":true,"href":"https:\/\/neuronup.com\/fr\/wp-json\/wp\/v2\/comments?post=7874"}],"version-history":[{"count":0,"href":"https:\/\/neuronup.com\/fr\/wp-json\/wp\/v2\/posts\/7874\/revisions"}],"wp:featuredmedia":[{"embeddable":true,"href":"https:\/\/neuronup.com\/fr\/wp-json\/wp\/v2\/media\/33984"}],"wp:attachment":[{"href":"https:\/\/neuronup.com\/fr\/wp-json\/wp\/v2\/media?parent=7874"}],"wp:term":[{"taxonomy":"category","embeddable":true,"href":"https:\/\/neuronup.com\/fr\/wp-json\/wp\/v2\/categories?post=7874"},{"taxonomy":"post_tag","embeddable":true,"href":"https:\/\/neuronup.com\/fr\/wp-json\/wp\/v2\/tags?post=7874"}],"curies":[{"name":"wp","href":"https:\/\/api.w.org\/{rel}","templated":true}]}}