{"id":7573,"date":"2023-01-04T16:28:20","date_gmt":"2023-01-04T16:28:20","guid":{"rendered":"https:\/\/neuronup.com\/fr\/?p=7573"},"modified":"2025-06-02T11:59:15","modified_gmt":"2025-06-02T09:59:15","slug":"anosognosie-quest-ce-que-cest-histoire-et-realite-neuropsychologique","status":"publish","type":"post","link":"https:\/\/neuronup.com\/fr\/investigation\/lignes-de-recherche\/anosognosie-quest-ce-que-cest-histoire-et-realite-neuropsychologique\/","title":{"rendered":"Anosognosie: qu\u2019est-ce que c\u2019est, histoire et r\u00e9alit\u00e9 neuropsychologique"},"content":{"rendered":"\n<p class=\"has-xl-font-size\">Le neuropsychologue Eriz Badiola explique dans cet article ce qu&rsquo;est <strong>l&rsquo;anosognosie<\/strong>, \u00e0 quoi elle peut \u00eatre associ\u00e9e et ce que \u00e7a implique au quotidien.<\/p>\n\n\n\n<p><strong>L&rsquo;anosognosie<\/strong> est g\u00e9n\u00e9ralement un aspect qui reste en retrait lorsqu&rsquo;on parle de neuropsychologie. Cet article se propose de le mettre en lumi\u00e8re.<\/p>\n\n\n\n<h2 class=\"wp-block-heading\">Qu&rsquo;est-ce que l&rsquo;anosognosie ?<\/h2>\n\n\n\n<p><strong>L&rsquo;anosognosie<\/strong>, un <strong>n\u00e9ologisme<\/strong> des mots grecs a (sans), nosos (maladie) et gnosis (connaissance), serait litt\u00e9ralement quelque chose comme <strong>\u00ab\u00a0le manque de connaissance de la maladie\u00a0\u00bb<\/strong>. C&rsquo;est-\u00e0-dire que le point de vue sur certaines limitations (cognitives, comportementales, \u00e9motionnelles ou fonctionnelles) de la personne affect\u00e9e diff\u00e8re de celui d&rsquo;autres personnes ou des r\u00e9sultats de tests objectifs.<\/p>\n\n\n\n<p>Cela peut se produire \u00e0 la suite de<strong> l\u00e9sions c\u00e9r\u00e9brales<\/strong> r\u00e9sultant de traumatismes cr\u00e2niens ou de maladies neurod\u00e9g\u00e9n\u00e9ratives (Mograbi et Morris, 2018).<\/p>\n\n\n\n<p>Cette difficult\u00e9 \u00e0 percevoir les limitations peut recouvrir <strong>diff\u00e9rents aspects<\/strong> : croire que l&rsquo;on peut voir quand on souffre de c\u00e9cit\u00e9 corticale due \u00e0 une atteinte du lobe occipital (syndrome d&rsquo;Ant\u00f3n-Babinski), ignorer qu&rsquo;on oublie la liste de courses, avoir de nouveaux comportements et, encore une fois, sans en avoir conscience.<\/p>\n\n\n\n<p>De m\u00eame, il faut noter que <strong>l&rsquo;anosognosie<\/strong> peut \u00eatre <strong>partielle<\/strong>, le patient pouvant \u00eatre conscient d&rsquo;une certaine alt\u00e9ration, mais ignorer les autres, voire minimiser le probl\u00e8me.<\/p>\n\n\n\n<h2 class=\"wp-block-heading\">Histoire de l&rsquo;anosognosie<\/h2>\n\n\n\n<p>La d\u00e9couverte de cette condition particuli\u00e8re nous ram\u00e8ne \u00e0 1914, lorsque le <strong>neurologue<\/strong> franco-polonais Joseph Babinski travaillait avec des patients qui avaient subi des<strong> accidents vasculaires c\u00e9r\u00e9braux<\/strong> (AVC) dans <strong>l&rsquo;h\u00e9misph\u00e8re droit<\/strong>. Ils ont souffert de <strong>l&rsquo;h\u00e9mipl\u00e9gie gauche<\/strong>. Dans la traduction du texte original en anglais par Langer et Levine (2014), il est comment\u00e9 que lorsqu&rsquo;on demandait \u00e0 l&rsquo;une des patientes de lever les deux bras, elle levait son bras droit sans probl\u00e8me, mais pas le bras gauche et affirmait qu&rsquo;elle l&rsquo;avait lev\u00e9. \u00c9videmment, elle ne pouvait pas le soulever, mais elle croyait qu&rsquo;elle l&rsquo;avait fait.<\/p>\n\n\n\n<h3 class=\"wp-block-heading\">Anosodiaphorie<\/h3>\n\n\n\n<p>Dans l&rsquo;article de 1914, notre cher Joseph a invent\u00e9 le <strong>n\u00e9ologisme anosognosie<\/strong>, en effet, il a ajout\u00e9 un autre mot \u00e0 ce contexte : <strong>anosodiaphorie<\/strong> (indiff\u00e9rence). Il a utilis\u00e9 ce mot pour d\u00e9signer l&rsquo;\u00e9tat de ces patients o\u00f9 l&rsquo;h\u00e9mipl\u00e9gie \u00e9tait en vigueur, mais o\u00f9 l&rsquo;importance de la paralysie passait au second plan. En d&rsquo;autres termes : \u00e9tant conscients de leur h\u00e9mipl\u00e9gie, ils s&rsquo;en fichaient, ils ne rapportaient aucune g\u00eane \u00e0 ce sujet (Langer &amp; Levine, 2014).<\/p>\n\n\n\n<p>Beaucoup d&rsquo;aspects restaient en suspens et il en est r\u00e9sult\u00e9 un d\u00e9bat qui a dur\u00e9 un si\u00e8cle : <strong>l&rsquo;anosognosie existe-t-elle vraiment ou le patient fait-il semblant ? Il a ni\u00e9 ?<\/strong><\/p>\n\n\n\n<p><strong>Le d\u00e9bat entre anosognosie et d\u00e9ni du d\u00e9ficit<br><\/strong>Notre protagoniste croyait en l&rsquo;existence de <strong>l&rsquo;anosognosie<\/strong>, bien qu&rsquo;il ne sache pas comment le prouver. <\/p>\n\n\n\n<p>D&rsquo;autre part, certains auteurs sugg\u00e8rent que le d\u00e9ni du d\u00e9ficit peut \u00eatre expliqu\u00e9 \u00e0 travers le <strong>paradigme psychodynamique<\/strong>, mettant en relation le<strong> manque de conscience avec des m\u00e9canismes de r\u00e9sistance ou de d\u00e9fense <\/strong>(Ramachandran, 1995 ; Sims, 2014). Cependant, les perspectives neuroscientifiques actuelles mettent sur la table le fait que l&rsquo;utilisation des <strong>m\u00e9canismes de d\u00e9fense<\/strong> doit \u00eatre <strong>contextualis\u00e9e<\/strong> chez les patients dont l&rsquo;anosognosie ne d\u00e9pend pas d&rsquo;alt\u00e9rations neurocognitives (Mograbi &amp; Morris, 2018).<\/p>\n\n\n\n<p>Actuellement, on sait que <strong>l&rsquo;anosognosie<\/strong> est une r\u00e9alit\u00e9 largement <strong>neuropsychologique<\/strong> et que certaines l\u00e9sions c\u00e9r\u00e9brales peuvent conduire \u00e0 cette affection. De plus, il existe des corr\u00e9lats neuroanatomiques qui nous rapprochent de sa compr\u00e9hension.<\/p>\n\n\n\n<h2 class=\"wp-block-heading\">Bases neuroanatomiques de l&rsquo;anosognosie et pr\u00e9valence<\/h2>\n\n\n\n<p>Babinski a fait allusion au fait que <strong>l&rsquo;anosognosie<\/strong> puisse \u00eatre due \u00e0 des <strong>l\u00e9sions de l&rsquo;h\u00e9misph\u00e8re droit <\/strong>et que des alt\u00e9rations sensorielles pouvaient influer sur son existence (en fait, les patients ne r\u00e9agissaient pas aux stimuli externes dans lesdites extr\u00e9mit\u00e9s).<\/p>\n\n\n\n<p>Aujourd&rsquo;hui, ce serait une erreur de d\u00e9terminer qu&rsquo;une l\u00e9sion sp\u00e9cifique \u00e0 un endroit pr\u00e9cis peut provoquer des <strong>alt\u00e9rations neuropsychologiques sp\u00e9cifiques<\/strong>. N\u00e9anmoins, on peut dire que des l\u00e9sions dans certaines structures peuvent favoriser l&rsquo;apparition desdites alt\u00e9rations ou l\u00e9sions dans diverses r\u00e9gions qui leur sont potentiellement associ\u00e9es.<\/p>\n\n\n\n<p>Comme je l&rsquo;ai mentionn\u00e9 pr\u00e9c\u00e9demment, l&rsquo;<strong>\u00e9tiologie de l&rsquo;anosognosie <\/strong>est vari\u00e9e, avec une incidence comprise entre <strong>10 et 18&nbsp;%<\/strong> chez les patients qui ont subi des accidents vasculaires c\u00e9r\u00e9braux et qui pr\u00e9sentent une h\u00e9mipar\u00e9sie, alors que l&rsquo;on consid\u00e8re que jusqu&rsquo;\u00e0 <strong>81&nbsp;%<\/strong> des personnes diagnostiqu\u00e9es avec la maladie d&rsquo;Alzheimer souffrent d&rsquo;un type d&rsquo;anosognosie et<strong> 60&nbsp;%<\/strong> des personnes atteintes de troubles cognitifs l\u00e9gers en feront \u00e9galement l&rsquo;exp\u00e9rience (Acharya &amp; S\u00e1nchez-Manso, 2018).<\/p>\n\n\n\n<p>En cas <strong>d&rsquo;anosognosie pour h\u00e9mipl\u00e9gie<\/strong>, malgr\u00e9 le fait qu&rsquo;elle soit plus fr\u00e9quente dans les l\u00e9sions unilat\u00e9rales ou bilat\u00e9rales droites, la fr\u00e9quence d&rsquo;apparition de l&rsquo;anosognosie est similaire chez les personnes atteintes de l\u00e9sions temporales, pari\u00e9tales ou frontales (sous-corticales et\/ou corticales). Cependant, la probabilit\u00e9 d&rsquo;existence d&rsquo;anosognosie est plus \u00e9lev\u00e9e chez les personnes qui souffrent de <strong>l\u00e9sions aux niveaux frontal et pari\u00e9tal<\/strong>, par rapport aux l\u00e9sions dans d&rsquo;autres r\u00e9gions du cerveau (Pia, Neppi-Modona, Ricci &amp; Berti, 2004).<\/p>\n\n\n\n<div style=\"height:50px\" aria-hidden=\"true\" class=\"wp-block-spacer\"><\/div>\n\n\n\n<div class=\"wp-block-group\"><div class=\"wp-block-group__inner-container is-layout-constrained wp-block-group-is-layout-constrained\">\n<div class=\"wp-block-columns br-0111 particle-bg p-5 has-primary-background-color has-background is-layout-flex wp-container-core-columns-is-layout-9d6595d7 wp-block-columns-is-layout-flex\">\n<div class=\"wp-block-column is-layout-flow wp-block-column-is-layout-flow\" style=\"flex-basis:66.66%\">\n<h2 class=\"wp-block-heading has-white-color has-text-color\">Essayez NeuronUP 7 jours gratuitement<\/h2>\n\n\n\n<p class=\"has-white-color has-text-color\">Vous pourrez travailler avec nos activit\u00e9s, concevoir des s\u00e9ances ou effectuer des r\u00e9habilitations \u00e0 distance<\/p>\n<\/div>\n\n\n\n<div class=\"wp-block-column is-layout-flow wp-block-column-is-layout-flow\" style=\"flex-basis:33.33%\">\n<div class=\"wp-block-buttons is-content-justification-center is-layout-flex wp-container-core-buttons-is-layout-16018d1d wp-block-buttons-is-layout-flex\">\n<div class=\"wp-block-button\" style=\"--button-background:var(--color-custom-1);--button-background-hover:#cc7e00;\"><a class=\"wp-block-button__link button   wp-element-button\" href=\"https:\/\/neuronup.com\/fr\/landing\/\">Commencez votre essai<\/a><\/div>\n\n<\/div>\n<\/div>\n<\/div>\n<\/div><\/div>\n\n\n\n<div style=\"height:50px\" aria-hidden=\"true\" class=\"wp-block-spacer\"><\/div>\n\n\n\n<h3 class=\"wp-block-heading\">Anosognosie dans les troubles cognitifs l\u00e9gers<\/h3>\n\n\n\n<p>Dans une revue syst\u00e9matique actuelle (Mondrag\u00f3n, Maurits &amp; De Deyn, 2019), il est not\u00e9 que chez les patients pr\u00e9sentant une <strong>d\u00e9ficience cognitive l\u00e9g\u00e8re<\/strong>, l&rsquo;association entre anosognosie et perfusion r\u00e9duite est courante, en plus de l&rsquo;activit\u00e9 dans le lobe frontal et dans les structures de la ligne m\u00e9diane .<\/p>\n\n\n\n<h3 class=\"wp-block-heading\">Anosognosie dans la maladie d&rsquo;Alzheimer<\/h3>\n\n\n\n<p>De m\u00eame, en ce qui concerne l&rsquo;anosognosie dans la <strong>maladie d&rsquo;Alzheimer<\/strong>, dans les \u00e9tudes recens\u00e9es, on observe moins de perfusion, d&rsquo;activation et de m\u00e9tabolisme dans celles de la ligne m\u00e9diane corticale, d\u00e9tectant le m\u00eame ph\u00e9nom\u00e8ne au niveau des structures pari\u00e9totemporales, \u00e0 des stades plus avanc\u00e9s de la maladie.<\/p>\n\n\n\n<h2 class=\"wp-block-heading\">Implications dans l&rsquo;\u00e9valuation neuropsychologique et la r\u00e9adaptation<\/h2>\n\n\n\n<p>Premi\u00e8rement, dans<strong> l&rsquo;\u00e9valuation neuropsychologique<\/strong>, il est possible que compte tenu de l&rsquo;anosognosie, le patient remette en cause la proc\u00e9dure. \u00ab Pourquoi me poses-tu tant de questions ? Une patiente m&rsquo;a dit qu&rsquo;elle venait se faire explorer pour commencer une r\u00e9\u00e9ducation neuropsychologique apr\u00e8s un AVC. La non-collaboration lors de l&rsquo;\u00e9valuation pourrait l&rsquo;entraver et la confrontation ne serait pas toujours une solution (m\u00eame si c&rsquo;est \u00e9vident, j&rsquo;expliquerai pourquoi plus tard). Pour cette raison, et \u00e9tant donn\u00e9 que l&rsquo;<strong>apparition de l&rsquo;anosognosie est tr\u00e8s diverse<\/strong>, lors de la r\u00e9alisation de l&rsquo;\u00e9valuation neuropsychologique, les tests \u00e0 administrer doivent \u00eatre adapt\u00e9s \u00e0 la situation individuelle et unique du patient. Par cons\u00e9quent, il appartiendrait aux crit\u00e8res du professionnel d&rsquo;aborder la situation avec les comp\u00e9tences qu&rsquo;il acquiert dans son exp\u00e9rience.<\/p>\n\n\n\n<p>Une autre situation qui peut survenir lors des <strong>s\u00e9ances de r\u00e9\u00e9ducation<\/strong> est que le patient ayant des <strong>probl\u00e8mes de m\u00e9moire<\/strong> ignore l&rsquo;existence<strong> de d\u00e9ficits de m\u00e9moire<\/strong>, et il peut y avoir une plus grande probabilit\u00e9 d&rsquo;anosognosie, plus la progression de la maladie est importante (Hanseew et al ., 2019). Ce qui se passe avec l&rsquo;anosognosie associ\u00e9e aux probl\u00e8mes de m\u00e9moire et aux personnes qui en souffrent (en particulier la m\u00e9moire \u00e9pisodique), c&rsquo;est que peu importe \u00e0 quel point le patient est confront\u00e9 \u00e0 l&rsquo;existence de telles difficult\u00e9s, ce n&rsquo;est pas productif, car il se sentira plus mal et probablement par la prochaine session, ils ne se souviendront pas de ce qui s&rsquo;est pass\u00e9. En ce sens, je recommande de visionner \u00ab\u00a0<strong>Quand et comment aborder l&rsquo;anosognosie&nbsp;<\/strong>?\u00a0\u00bb, une vid\u00e9o o\u00f9 l&rsquo;approche pour les personnes atteintes d&rsquo;Alzheimer et celles qui souffrent d&rsquo;ACD diff\u00e8re (Ruiz-S\u00e1nchez de Le\u00f3n, 2020).<\/p>\n\n\n\n<h3 class=\"wp-block-heading\">En r\u00e9sum\u00e9<\/h3>\n\n\n\n<p>Pour toutes ces raisons, il ne faut pas oublier d<strong>&lsquo;informer et de sensibiliser les proches et les soignants<\/strong>, afin qu&rsquo;ils prennent en compte <strong>l&rsquo;anosognosie<\/strong>, car elle peut \u00eatre source de conflits o\u00f9 tant le patient que le proche peuvent se sentir mal. Dans ce contexte, deux piliers consid\u00e9rables pour faire face \u00e0 cette situation sont : la <strong>compr\u00e9hension et l&#8217;empathie<\/strong>. Tant par les membres de la famille que par le neuropsychologue clinicien.<\/p>\n\n\n\n<p>En r\u00e9sum\u00e9, <strong>l&rsquo;anosognosie<\/strong> est une fid\u00e8le compagne des l\u00e9sions c\u00e9r\u00e9brales acquises et des maladies neurod\u00e9g\u00e9n\u00e9ratives dont il faut tenir compte tant dans l&rsquo;\u00e9valuation que dans la r\u00e9\u00e9ducation neuropsychologique. L&rsquo;approche doit \u00eatre adapt\u00e9e au patient et \u00e9lev\u00e9e dans une perspective multidisciplinaire. De m\u00eame, les membres de la famille eux-m\u00eames doivent \u00eatre inclus et les faire participer au cheminement vers l&rsquo;am\u00e9lioration de la qualit\u00e9 de vie des personnes que nous voulons aider.<\/p>\n\n\n\n<h2 class=\"wp-block-heading\">Bibliographie<\/h2>\n\n\n\n<ul class=\"wp-block-list has-sm-font-size\">\n<li>Acharya, AB, et S\u00e1nchez-Manso, JC (2018). Anosognosie. StatPearls Publishing : Treasure Island (Floride).<\/li>\n\n\n\n<li>Hanseeuw, B. J., Scott, M. R., Sikkes, S. A., Properzi, M., Gatchel, J. R., Salmon, E., \u2026 et Alzheimer&rsquo;s Disease Neuroimaging Initiative. (2020). \u00c9volution de l&rsquo;anosognosie dans la maladie d&rsquo;Alzheimer et sa relation avec l&rsquo;amylo\u00efde. Annales de neurologie, 87(2), 267-280.<\/li>\n\n\n\n<li>Langer, KG et Levine, DN (2014). Babinski, J. (1914). Contribution \u00e0 l&rsquo;\u00e9tude des troubles mentaux dans l&rsquo;h\u00e9mipl\u00e9gie d&rsquo;origine c\u00e9r\u00e9brale organique (anosognosie). Traduit par K. G. Langer &amp; D.N. levine. Traduit de l&rsquo;original Contribution \u00e0 l&rsquo;\u00c9tude des Troubles Mentaux dans l&rsquo;H\u00e9mipl\u00e9gie Organique C\u00e9r\u00e9brale (Anosognosie). Cortex; une revue consacr\u00e9e \u00e0 <\/li>\n\n\n\n<li>l&rsquo;\u00e9tude du syst\u00e8me nerveux et du comportement, 61, 5\u20138.<\/li>\n\n\n\n<li>Mondrag\u00f3n, J. D., Maurits, N. M., &amp; De Deyn, P. P. (2019). Corr\u00e9lats neuronaux fonctionnels de l&rsquo;anosognosie dans les troubles cognitifs l\u00e9gers et la maladie d&rsquo;Alzheimer&nbsp;: une revue syst\u00e9matique. Revue de neuropsychologie, 29(2), 139-165.<\/li>\n\n\n\n<li>Mograbi, D.C., &amp; Morris, RG (2018). Anosognosie. Cortex; une revue consacr\u00e9e \u00e0 l&rsquo;\u00e9tude du syst\u00e8me nerveux et du comportement, 103, 385-386.<\/li>\n\n\n\n<li>Pia, L., Neppi-Modona, M., Ricci, R. et Berti, A. (2004). L&rsquo;anatomie de l&rsquo;anosognosie pour l&rsquo;h\u00e9mipl\u00e9gie&nbsp;: une m\u00e9ta-analyse. Cortex, 40(2), 367-377.<\/li>\n\n\n\n<li>Ruiz-Sanchez de L\u00e9on, J.M. [Neuropsychologie LOGICORTEX]. (2020, 2 septembre). Quand et comment traiter l&rsquo;anosognosie ? [Fichier vid\u00e9o]. R\u00e9cup\u00e9r\u00e9 de https:\/\/www.youtube.com\/watch?v=uJi7_v_CluM<\/li>\n\n\n\n<li>Ramachandran, VS (1995). Anosognosie dans le syndrome du lobe pari\u00e9tal. Conscience et cognition, 4(1), 22-51.<\/li>\n\n\n\n<li>En ligneSims, A. (2014). L&rsquo;anosognosie et l&rsquo;id\u00e9e m\u00eame de neurosciences psychodynamiques (No. Ph. D.). Universit\u00e9 Deakin.<\/li>\n<\/ul>\n\n\n\n<h4 class=\"wp-block-heading\">Bibliographie plus recommand\u00e9e<\/h4>\n\n\n\n<ul class=\"wp-block-list has-sm-font-size\">\n<li>Orfei, M.D., Caltagirone, C., &amp; Spalletta, G. (2009). L&rsquo;\u00e9valuation de l&rsquo;anosognosie chez les patients victimes d&rsquo;AVC. Maladies c\u00e9r\u00e9brovasculaires, 27(3), 280-289.<\/li>\n\n\n\n<li>Starkstein, SE (2014). Anosognosie dans la maladie d&rsquo;Alzheimer : diagnostic, fr\u00e9quence, m\u00e9canisme et corr\u00e9lats cliniques. Cortex, 61, 64-73.<\/li>\n<\/ul>\n\n\n\n<h3 class=\"wp-block-heading\">Si vous avez aim\u00e9 cet article sur l&rsquo;anosognosie, vous pourriez \u00e9galement \u00eatre int\u00e9ress\u00e9 par ces autres articles :<\/h3>\n\n\n<div class=\"mai-grid entries entries-grid has-boxed has-image-full\" style=\"--entry-title-font-size:var(--font-size-lg);--align-text:start;--entry-meta-text-align:start;\"><div class=\"entries-wrap has-columns\" style=\"--columns-xs:1\/1;--columns-sm:1\/1;--columns-md:1\/3;--columns-lg:1\/3;--flex-xs:0 0 var(--flex-basis);--flex-sm:0 0 var(--flex-basis);--flex-md:0 0 var(--flex-basis);--flex-lg:0 0 var(--flex-basis);--column-gap:var(--spacing-lg);--row-gap:var(--spacing-lg);--align-columns:start;\"><article class=\"entry entry-grid is-column has-entry-link has-image has-image-first type-post category-activites-de-la-vie-quotidienne category-nouveautes-neuronup tag-activites-de-stimulation-cognitive tag-activites-de-stimulation-cognitive-pour-enfants tag-adulte tag-enfants tag-remediation-cognitive\" style=\"--entry-index:1;\" aria-label=\"Nouvelles activit\u00e9s NeuronUP : entra\u00eenez les fonctions cognitives dans des situations du quotidien\" itemscope itemtype=\"https:\/\/schema.org\/CreativeWork\"><a class=\"entry-image-link\" href=\"https:\/\/neuronup.com\/fr\/nouveautes-neuronup\/nouvelles-activites-neuronup-entrainez-les-fonctions-cognitives-dans-des-situations-du-quotidien\/\" tabindex=\"-1\" aria-hidden=\"true\"><img decoding=\"async\" width=\"400\" height=\"202\" src=\"https:\/\/neuronup.com\/fr\/wp-content\/uploads\/2026\/03\/Capture-decran-2026-03-30-111842-400x202.webp\" class=\"entry-image size-landscape-sm\" alt=\"\" \/><\/a><div class=\"entry-wrap entry-wrap-grid\"><h3 class=\"entry-title\" itemprop=\"headline\"><a class=\"entry-title-link\" href=\"https:\/\/neuronup.com\/fr\/nouveautes-neuronup\/nouvelles-activites-neuronup-entrainez-les-fonctions-cognitives-dans-des-situations-du-quotidien\/\" rel=\"bookmark\">Nouvelles activit\u00e9s NeuronUP : entra\u00eenez les fonctions cognitives dans des situations du quotidien<\/a><\/h3>\n<\/div><\/article><article class=\"entry entry-grid is-column has-entry-link has-image has-image-first type-post category-activites-dattention category-activites-de-neuro-reeducation category-activites-pour-les-fonctions-cognitives tag-adulte\" style=\"--entry-index:2;\" aria-label=\"Nouvelle activit\u00e9 Attention s\u00e9lective (Adultes)\" itemscope itemtype=\"https:\/\/schema.org\/CreativeWork\"><a class=\"entry-image-link\" href=\"https:\/\/neuronup.com\/fr\/activites-de-neuro-reeducation\/nouvelle-activite-attention-selective-adultes\/\" tabindex=\"-1\" aria-hidden=\"true\"><img decoding=\"async\" width=\"253\" height=\"230\" src=\"https:\/\/neuronup.com\/fr\/wp-content\/uploads\/2026\/03\/Capture-decran-2026-03-03-160917.webp\" class=\"entry-image size-landscape-sm\" alt=\"\" \/><\/a><div class=\"entry-wrap entry-wrap-grid\"><h3 class=\"entry-title\" itemprop=\"headline\"><a class=\"entry-title-link\" href=\"https:\/\/neuronup.com\/fr\/activites-de-neuro-reeducation\/nouvelle-activite-attention-selective-adultes\/\" rel=\"bookmark\">Nouvelle activit\u00e9 Attention s\u00e9lective (Adultes)<\/a><\/h3>\n<\/div><\/article><article class=\"entry entry-grid is-column has-entry-link has-image has-image-first type-post category-activites-de-cognition-sociale tag-activites-de-stimulation-cognitive tag-cognition-sociale tag-fonctions-executives\" style=\"--entry-index:3;\" aria-label=\"La cognition sociale ou comment comprendre les personnes : exercices de cognition sociale\" itemscope itemtype=\"https:\/\/schema.org\/CreativeWork\"><a class=\"entry-image-link\" href=\"https:\/\/neuronup.com\/fr\/activites-de-neuro-reeducation\/activites-pour-les-fonctions-cognitives\/activites-de-cognition-sociale\/la-cognition-sociale-ou-comment-comprendre-les-personnes-exercices-de-cognition-sociale\/\" tabindex=\"-1\" aria-hidden=\"true\"><img decoding=\"async\" width=\"396\" height=\"300\" src=\"https:\/\/neuronup.com\/fr\/wp-content\/uploads\/2022\/06\/Reaccion-emocional-ante-situaciones.webp\" class=\"entry-image size-landscape-sm\" alt=\"R\u00e9action \u00e9motionnelle face aux situations : Exercice de cognition sociale\" srcset=\"https:\/\/neuronup.com\/fr\/wp-content\/uploads\/2022\/06\/Reaccion-emocional-ante-situaciones-300x227.webp 300w, https:\/\/neuronup.com\/fr\/wp-content\/uploads\/2022\/06\/Reaccion-emocional-ante-situaciones-768x582.webp 768w, https:\/\/neuronup.com\/fr\/wp-content\/uploads\/2022\/06\/Reaccion-emocional-ante-situaciones-1024x776.webp 1024w, https:\/\/neuronup.com\/fr\/wp-content\/uploads\/2022\/06\/Reaccion-emocional-ante-situaciones.webp 1148w\" sizes=\"(max-width:599px) 599px, (min-width:600px) and (max-width: 799px) 799px, (min-width:800px) and (max-width: 999px) 333px, (min-width:1000px) 400px\" \/><\/a><div class=\"entry-wrap entry-wrap-grid\"><h3 class=\"entry-title\" itemprop=\"headline\"><a class=\"entry-title-link\" href=\"https:\/\/neuronup.com\/fr\/activites-de-neuro-reeducation\/activites-pour-les-fonctions-cognitives\/activites-de-cognition-sociale\/la-cognition-sociale-ou-comment-comprendre-les-personnes-exercices-de-cognition-sociale\/\" rel=\"bookmark\">La cognition sociale ou comment comprendre les personnes : exercices de cognition sociale<\/a><\/h3>\n<\/div><\/article><article class=\"entry entry-grid is-column has-entry-link has-image has-image-first type-post category-activites-pour-les-enfants-ayant-des-besoins-particuliers tag-activites-de-stimulation-cognitive tag-activites-de-stimulation-cognitive-pour-enfants tag-enfants\" style=\"--entry-index:4;\" aria-label=\"7+1 activit\u00e9s pour enfants avec des besoins \u00e9ducatifs sp\u00e9ciaux\" itemscope itemtype=\"https:\/\/schema.org\/CreativeWork\"><a class=\"entry-image-link\" href=\"https:\/\/neuronup.com\/fr\/activites-de-neuro-reeducation\/activites-pour-les-enfants-ayant-des-besoins-particuliers\/71-activites-pour-enfants-a-besoins-educatifs-speciaux\/\" tabindex=\"-1\" aria-hidden=\"true\"><img decoding=\"async\" width=\"400\" height=\"298\" src=\"https:\/\/neuronup.com\/fr\/wp-content\/uploads\/2022\/07\/Prepara-la-mochila.webp\" class=\"entry-image size-landscape-sm\" alt=\"Activit\u00e9 Pr\u00e9pare le sac \u00e0 dos pour les enfants ayant des besoins \u00e9ducatifs particuliers\" srcset=\"https:\/\/neuronup.com\/fr\/wp-content\/uploads\/2022\/07\/Prepara-la-mochila-300x224.webp 300w, https:\/\/neuronup.com\/fr\/wp-content\/uploads\/2022\/07\/Prepara-la-mochila-768x572.webp 768w, https:\/\/neuronup.com\/fr\/wp-content\/uploads\/2022\/07\/Prepara-la-mochila-1024x763.webp 1024w, https:\/\/neuronup.com\/fr\/wp-content\/uploads\/2022\/07\/Prepara-la-mochila.webp 1255w\" sizes=\"(max-width:599px) 599px, (min-width:600px) and (max-width: 799px) 799px, (min-width:800px) and (max-width: 999px) 333px, (min-width:1000px) 400px\" \/><\/a><div class=\"entry-wrap entry-wrap-grid\"><h3 class=\"entry-title\" itemprop=\"headline\"><a class=\"entry-title-link\" href=\"https:\/\/neuronup.com\/fr\/activites-de-neuro-reeducation\/activites-pour-les-enfants-ayant-des-besoins-particuliers\/71-activites-pour-enfants-a-besoins-educatifs-speciaux\/\" rel=\"bookmark\">7+1 activit\u00e9s pour enfants avec des besoins \u00e9ducatifs sp\u00e9ciaux<\/a><\/h3>\n<\/div><\/article><article class=\"entry entry-grid is-column has-entry-link has-image has-image-first type-post category-activites-de-cognition-sociale tag-activites-de-stimulation-cognitive tag-activites-de-stimulation-cognitive-pour-enfants tag-cognition-sociale\" style=\"--entry-index:5;\" aria-label=\"Exercices de cognition sociale pour enfants\" itemscope itemtype=\"https:\/\/schema.org\/CreativeWork\"><a class=\"entry-image-link\" href=\"https:\/\/neuronup.com\/fr\/activites-de-neuro-reeducation\/activites-pour-les-fonctions-cognitives\/activites-de-cognition-sociale\/exercices-de-cognition-sociale-pour-enfants\/\" tabindex=\"-1\" aria-hidden=\"true\"><img decoding=\"async\" width=\"400\" height=\"273\" src=\"https:\/\/neuronup.com\/fr\/wp-content\/uploads\/2022\/08\/Que-esperan-encontrar-4-1.webp\" class=\"entry-image size-landscape-sm\" alt=\"Exercices de cognition sociale pour enfants\" srcset=\"https:\/\/neuronup.com\/fr\/wp-content\/uploads\/2022\/08\/Que-esperan-encontrar-4-1-300x205.webp 300w, https:\/\/neuronup.com\/fr\/wp-content\/uploads\/2022\/08\/Que-esperan-encontrar-4-1-768x524.webp 768w, https:\/\/neuronup.com\/fr\/wp-content\/uploads\/2022\/08\/Que-esperan-encontrar-4-1-1024x699.webp 1024w, https:\/\/neuronup.com\/fr\/wp-content\/uploads\/2022\/08\/Que-esperan-encontrar-4-1.webp 1205w\" sizes=\"(max-width:599px) 599px, (min-width:600px) and (max-width: 799px) 799px, (min-width:800px) and (max-width: 999px) 333px, (min-width:1000px) 400px\" \/><\/a><div class=\"entry-wrap entry-wrap-grid\"><h3 class=\"entry-title\" itemprop=\"headline\"><a class=\"entry-title-link\" href=\"https:\/\/neuronup.com\/fr\/activites-de-neuro-reeducation\/activites-pour-les-fonctions-cognitives\/activites-de-cognition-sociale\/exercices-de-cognition-sociale-pour-enfants\/\" rel=\"bookmark\">Exercices de cognition sociale pour enfants<\/a><\/h3>\n<\/div><\/article><article class=\"entry entry-grid is-column has-entry-link has-image has-image-first type-post category-activites-de-cognition-sociale tag-activites-de-stimulation-cognitive tag-activites-de-stimulation-cognitive-pour-enfants tag-actualites-de-neuronup tag-cognition-sociale tag-enfants tag-intelligence-emotionnelle\" style=\"--entry-index:6;\" aria-label=\"Activit\u00e9 pour identifier les \u00e9motions : Devinez le visage ?\" itemscope itemtype=\"https:\/\/schema.org\/CreativeWork\"><a class=\"entry-image-link\" href=\"https:\/\/neuronup.com\/fr\/activites-de-neuro-reeducation\/activites-pour-les-fonctions-cognitives\/activites-de-cognition-sociale\/activite-pour-identifier-les-emotions\/\" tabindex=\"-1\" aria-hidden=\"true\"><img decoding=\"async\" width=\"400\" height=\"283\" src=\"https:\/\/neuronup.com\/fr\/wp-content\/uploads\/2022\/09\/Actividad-para-identificar-emociones-de-NeuronUP-Adivinas-la-cara-1-1-1.webp\" class=\"entry-image size-landscape-sm\" alt=\"Activit\u00e9 pour identifier les \u00e9motions de NeuronUP Tu devines le visage\" srcset=\"https:\/\/neuronup.com\/fr\/wp-content\/uploads\/2022\/09\/Actividad-para-identificar-emociones-de-NeuronUP-Adivinas-la-cara-1-1-1-300x212.webp 300w, https:\/\/neuronup.com\/fr\/wp-content\/uploads\/2022\/09\/Actividad-para-identificar-emociones-de-NeuronUP-Adivinas-la-cara-1-1-1-768x543.webp 768w, https:\/\/neuronup.com\/fr\/wp-content\/uploads\/2022\/09\/Actividad-para-identificar-emociones-de-NeuronUP-Adivinas-la-cara-1-1-1-1024x724.webp 1024w, https:\/\/neuronup.com\/fr\/wp-content\/uploads\/2022\/09\/Actividad-para-identificar-emociones-de-NeuronUP-Adivinas-la-cara-1-1-1.webp 1200w\" sizes=\"(max-width:599px) 599px, (min-width:600px) and (max-width: 799px) 799px, (min-width:800px) and (max-width: 999px) 333px, (min-width:1000px) 400px\" \/><\/a><div class=\"entry-wrap entry-wrap-grid\"><h3 class=\"entry-title\" itemprop=\"headline\"><a class=\"entry-title-link\" href=\"https:\/\/neuronup.com\/fr\/activites-de-neuro-reeducation\/activites-pour-les-fonctions-cognitives\/activites-de-cognition-sociale\/activite-pour-identifier-les-emotions\/\" rel=\"bookmark\">Activit\u00e9 pour identifier les \u00e9motions : Devinez le visage ?<\/a><\/h3>\n<\/div><\/article><\/div><\/div>","protected":false},"excerpt":{"rendered":"<p>Le neuropsychologue Eriz Badiola explique dans cet article ce qu&rsquo;est l&rsquo;anosognosie, \u00e0 quoi elle peut \u00eatre associ\u00e9e et ce que \u00e7a implique au quotidien. L&rsquo;anosognosie est g\u00e9n\u00e9ralement un aspect qui reste en retrait lorsqu&rsquo;on parle de neuropsychologie. Cet article se propose de le mettre en lumi\u00e8re. Qu&rsquo;est-ce que l&rsquo;anosognosie ? L&rsquo;anosognosie, un n\u00e9ologisme des mots &hellip;<\/p>\n","protected":false},"author":223,"featured_media":32922,"comment_status":"open","ping_status":"closed","sticky":false,"template":"","format":"standard","meta":{"_acf_changed":false,"_genesis_hide_title":false,"_genesis_hide_breadcrumbs":false,"_genesis_hide_singular_image":false,"_genesis_hide_footer_widgets":false,"_genesis_custom_body_class":"","_genesis_custom_post_class":"","_genesis_layout":"","footnotes":""},"categories":[1042],"tags":[661],"class_list":{"2":"type-post","7":"category-lignes-de-recherche","8":"tag-publication-scientifique","9":"entry"},"acf":[],"_links":{"self":[{"href":"https:\/\/neuronup.com\/fr\/wp-json\/wp\/v2\/posts\/7573","targetHints":{"allow":["GET"]}}],"collection":[{"href":"https:\/\/neuronup.com\/fr\/wp-json\/wp\/v2\/posts"}],"about":[{"href":"https:\/\/neuronup.com\/fr\/wp-json\/wp\/v2\/types\/post"}],"author":[{"embeddable":true,"href":"https:\/\/neuronup.com\/fr\/wp-json\/wp\/v2\/users\/223"}],"replies":[{"embeddable":true,"href":"https:\/\/neuronup.com\/fr\/wp-json\/wp\/v2\/comments?post=7573"}],"version-history":[{"count":0,"href":"https:\/\/neuronup.com\/fr\/wp-json\/wp\/v2\/posts\/7573\/revisions"}],"wp:featuredmedia":[{"embeddable":true,"href":"https:\/\/neuronup.com\/fr\/wp-json\/wp\/v2\/media\/32922"}],"wp:attachment":[{"href":"https:\/\/neuronup.com\/fr\/wp-json\/wp\/v2\/media?parent=7573"}],"wp:term":[{"taxonomy":"category","embeddable":true,"href":"https:\/\/neuronup.com\/fr\/wp-json\/wp\/v2\/categories?post=7573"},{"taxonomy":"post_tag","embeddable":true,"href":"https:\/\/neuronup.com\/fr\/wp-json\/wp\/v2\/tags?post=7573"}],"curies":[{"name":"wp","href":"https:\/\/api.w.org\/{rel}","templated":true}]}}