{"id":7395,"date":"2025-06-11T09:02:42","date_gmt":"2025-06-11T09:02:42","guid":{"rendered":"https:\/\/neuronup.com\/?p=7395"},"modified":"2026-01-29T17:34:43","modified_gmt":"2026-01-29T15:34:43","slug":"la-conscience-des-deficits-dans-la-recuperation-de-la-lesion-cerebrale-acquise","status":"publish","type":"post","link":"https:\/\/neuronup.com\/fr\/actualites-de-la-stimulation-cognitive\/lesions-cerebrales\/la-conscience-des-deficits-dans-la-recuperation-de-la-lesion-cerebrale-acquise\/","title":{"rendered":"La conscience des d\u00e9ficits dans la r\u00e9cup\u00e9ration de la l\u00e9sion c\u00e9r\u00e9brale acquise"},"content":{"rendered":"\n<p>L\u2019\u00e9tude de la <strong>conscience<\/strong> reste un myst\u00e8re pour la science contemporaine. Cependant, elle devient de plus en plus un facteur cl\u00e9 pour la <strong>r\u00e9cup\u00e9ration des patients ayant subi un dommage c\u00e9r\u00e9bral acquis<\/strong>. De nombreux processus th\u00e9rapeutiques de r\u00e9\u00e9ducation neuropsychologique \u00e9chouent faute de la collaboration du patient, qui ne suit pas les directives prescrites, refuse de participer \u00e0 des s\u00e9ances de r\u00e9\u00e9ducation de groupe ou ne se pr\u00e9sente pas aux rendez-vous programm\u00e9s. Cela ne r\u00e9sulte ni d\u2019un manque de volont\u00e9 ni de compr\u00e9hension, mais fait partie d\u2019une <strong>alt\u00e9ration neuropsychologique<\/strong> qui emp\u00eache le patient de percevoir son d\u00e9ficit et l\u2019am\u00e8ne \u00e0 agir comme si tout allait bien.<\/p>\n\n\n\n<h2 class=\"wp-block-heading\"><strong>Qu\u2019est-ce que la conscience ?<\/strong><\/h2>\n\n\n\n<p>La conscience est un concept extr\u00eamement complexe. Si nous n\u2019avons pas aujourd\u2019hui de d\u00e9finition unique de cette fonction mentale, c\u2019est probablement en raison de son extraordinaire ubiquit\u00e9 dans le cerveau et de sa nature polyfac\u00e9tique. Le philosophe britannique John Locke (1632-1704) d\u00e9finissait la conscience comme la \u00ab <strong>perception de ce qui se passe dans son propre esprit<\/strong> \u00bb. Des d\u00e9finitions plus modernes affirment que la conscience se caract\u00e9rise par \u00eatre un \u00ab <strong>\u00e9tat mental<\/strong> priv\u00e9, personnel, subjectif et qualitatif qui int\u00e8gre de mani\u00e8re unifi\u00e9e, coh\u00e9rente et continue <strong>de multiples exp\u00e9riences personnelles<\/strong> (<em>qualia<\/em>) \u00bb.<\/p>\n\n\n\n<div style=\"height:50px\" aria-hidden=\"true\" class=\"wp-block-spacer\"><\/div>\n\n\n\n<div class=\"wp-block-group br-0111 has-primary-background-color has-background has-dark-background has-sm-padding-top has-sm-padding-left has-sm-padding-right has-xxl-margin-top\"><div class=\"wp-block-group__inner-container is-layout-constrained wp-block-group-is-layout-constrained\">\n<div class=\"wp-block-columns is-layout-flex wp-container-core-columns-is-layout-9d6595d7 wp-block-columns-is-layout-flex\">\n<div class=\"wp-block-column is-layout-flow wp-block-column-is-layout-flow\">\n<figure class=\"wp-block-image size-full desktop-position-absolute desktop-bottom-0 mobile-width-50 mobile-m-inline-auto has-xl-margin-top\"><img decoding=\"async\" width=\"292\" height=\"338\" src=\"https:\/\/neuronup.com\/fr\/wp-content\/uploads\/2024\/10\/certificat-produit.webp\" alt=\"\" class=\"wp-image-31568\" srcset=\"https:\/\/neuronup.com\/fr\/wp-content\/uploads\/2024\/10\/certificat-produit-259x300.webp 259w, https:\/\/neuronup.com\/fr\/wp-content\/uploads\/2024\/10\/certificat-produit.webp 292w\" sizes=\"(max-width: 292px) 100vw, 292px\" \/><\/figure>\n<\/div>\n\n\n\n<div class=\"wp-block-column is-layout-flow wp-block-column-is-layout-flow\">\n<h2 class=\"wp-block-heading has-white-color has-text-color\"><strong>Abonnez-vous<\/strong> <br>\u00e0 notre <br>Newsletter<\/h2>\n\n\n\n<div class=\"wp-block-buttons is-layout-flex wp-block-buttons-is-layout-flex\">\n<div class=\"wp-block-button--1\" style=\"--button-outline-color:var(--color-white);--button-outline-color-hover:rgba(0,0,0,0.8);\"><a class=\"wp-block-button__link button button-outline   wp-element-button\" href=\"https:\/\/neuronup.com\/fr\/newsletter\/\">Abonnez-vous<\/a><\/div>\n\n<\/div>\n\n\n\n<div style=\"height:40px\" aria-hidden=\"true\" class=\"wp-block-spacer\"><\/div>\n<\/div>\n<\/div>\n<\/div><\/div>\n\n\n\n\n<div style=\"height:50px\" aria-hidden=\"true\" class=\"wp-block-spacer\"><\/div>\n\n\n\n<h3 class=\"wp-block-heading\">Diff\u00e9rences entre \u00eatre \u00e9veill\u00e9 et avoir conscience<\/h3>\n\n\n\n<p>Une distinction utile est celle qu\u2019on \u00e9tablit en espagnol entre <strong>\u00ab \u00eatre conscient \u00bb<\/strong> et <strong>\u00ab avoir conscience \u00bb<\/strong>. <strong>\u00catre conscient<\/strong> reviendrait \u00e0 \u00eatre \u00e9veill\u00e9 et alerte, r\u00e9ceptif aux stimuli de l\u2019environnement, de sorte que la conscience, sous cet angle, est ce que l\u2019on poss\u00e8de lorsqu\u2019on est r\u00e9veill\u00e9 et ce que l\u2019on perd lorsque l\u2019on dort profond\u00e9ment ou que l\u2019on est sous anesth\u00e9sie. En revanche, <strong>avoir conscience<\/strong> renvoie plut\u00f4t \u00e0 la capacit\u00e9 de l\u2019\u00eatre humain \u00e0 conna\u00eetre sa propre pens\u00e9e et \u00e0 comprendre objectivement le monde et soi-m\u00eame, tout en gardant un sens de subjectivit\u00e9.<\/p>\n\n\n\n<p>Ces propri\u00e9t\u00e9s de la conscience reposeraient sur une base neuroanatomique identifiable dans le cerveau, bien que la connaissance de leur localisation neuronale demeure encore franchement incertaine. Pour rester \u00e9veill\u00e9s, nous avons besoin de <strong>d\u2019activation et de vigilance<\/strong>, fonctions de base qui d\u00e9pendraient des structures du tronc c\u00e9r\u00e9bral, du syst\u00e8me activateur r\u00e9ticulaire ascendant (S.A.R.A.) et des circuits noradr\u00e9nergiques fronto-pari\u00e9taux, lat\u00e9ralis\u00e9s dans l\u2019h\u00e9misph\u00e8re droit lorsque l\u2019on parle sp\u00e9cifiquement de <em>arousal<\/em>. La capacit\u00e9 \u00e0 focaliser l\u2019<strong>attention<\/strong> sur une perception pr\u00e9cise d\u00e9pendrait des aires pari\u00e9tales post\u00e9rieures et de certains noyaux thalamiques comme le pulvinar. La g\u00e9n\u00e9ration d\u2019<strong>exp\u00e9riences conscientes<\/strong> a \u00e9t\u00e9 associ\u00e9e \u00e0 des circuits cortico-thalamiques r\u00e9verb\u00e9rants, se manifestant de fa\u00e7on coh\u00e9rente par des bandes de d\u00e9charges neuronales synchronis\u00e9es \u00e0 40 hertz. Enfin, <strong>l\u2019autoconscience<\/strong>, c\u2019est-\u00e0-dire le substrat de la r\u00e9flexion sur soi-m\u00eame, l\u2019identit\u00e9 et la th\u00e9orie de l\u2019esprit, se situerait dans le cortex pr\u00e9frontal.<\/p>\n\n\n\n<p>Par cons\u00e9quent, comme nous le voyons, la conscience <strong>n\u2019est pas un concept unitaire<\/strong>. De fait, comme l\u2019avaient d\u00e9j\u00e0 distingu\u00e9 les philosophes, il existe <strong>diff\u00e9rents types de consciences avec des bases neuroanatomiques distinctes<\/strong>, qui contribuent \u00e0 g\u00e9n\u00e9rer les <strong>exp\u00e9riences conscientes et l\u2019autoconscience<\/strong> que nous avons dans notre vie quotidienne.<\/p>\n\n\n<div class=\"wp-block-image\">\n<figure class=\"aligncenter size-full\"><img decoding=\"async\" width=\"514\" height=\"386\" src=\"https:\/\/neuronup.com\/fr\/wp-content\/uploads\/2021\/11\/Imagen-7.webp\" alt=\"Silhouette f\u00e9minine au visage effac\u00e9, fusionn\u00e9e avec un motif de briques et une texture architecturale en arri\u00e8re-plan.\" class=\"wp-image-7399\" srcset=\"https:\/\/neuronup.com\/fr\/wp-content\/uploads\/2021\/11\/Imagen-7-300x225.webp 300w, https:\/\/neuronup.com\/fr\/wp-content\/uploads\/2021\/11\/Imagen-7.webp 514w\" sizes=\"(max-width: 514px) 100vw, 514px\" \/><\/figure>\n<\/div>\n\n\n<h2 class=\"wp-block-heading\"><strong>Manque de conscience des d\u00e9ficits : anosognosie<\/strong><\/h2>\n\n\n\n<p>Ce qui surprend le plus le neuropsychologue d\u00e9butant est le manque de conscience des d\u00e9ficits chez les patients ayant subi un dommage c\u00e9r\u00e9bral acquis. Des patients atteints d\u2019une <strong>aphasie de Wernicke<\/strong> qui croient s\u2019exprimer de fa\u00e7on coh\u00e9rente et \u00eatre compris, des patients souffrant d\u2019une <strong>h\u00e9min\u00e9gligence<\/strong> qui se cognent contre les portes ou ne mangent pas la nourriture situ\u00e9e du c\u00f4t\u00e9 contralat\u00e9ral de l\u2019assiette, des patients pr\u00e9sentant de graves probl\u00e8mes d\u2019autor\u00e9gulation \u00e9motionnelle et de prise de conscience \u00e0 la suite d\u2019une <strong>l\u00e9sion frontale<\/strong> qui nient tout probl\u00e8me, sont des cas fr\u00e9quents en consultation de neuropsychologie. Tous constituent un d\u00e9fi pour le clinicien tant dans l\u2019\u00e9valuation que dans la planification du traitement.<\/p>\n\n\n\n<h3 class=\"wp-block-heading\">Qu\u2019est-ce que l\u2019anosognosie ?<\/h3>\n\n\n\n<p>Le terme <strong>anosognosie<\/strong> a \u00e9t\u00e9 introduit pour la premi\u00e8re fois par le neurologue fran\u00e7ais Charles Babinski en 1914, lorsqu\u2019il a rapport\u00e9 un cas d\u2019h\u00e9mipl\u00e9gie o\u00f9 le patient n\u2019avait pas conscience de son d\u00e9ficit. Par la suite, le terme \u00ab anosognosie \u00bb s\u2019est popularis\u00e9 et \u00e9tendu pour d\u00e9signer, de mani\u00e8re g\u00e9n\u00e9rale, l\u2019absence de conscience des d\u00e9ficits, qu\u2019ils soient physiques, cognitifs, \u00e9motionnels, interpersonnels ou de personnalit\u00e9.<\/p>\n\n\n\n<p>L\u2019<strong>anosognosie<\/strong> ou absence de conscience des d\u00e9ficits est une alt\u00e9ration fr\u00e9quemment observ\u00e9e chez les patients ayant subi un dommage c\u00e9r\u00e9bral, qu\u2019il soit traumatique, d\u00fb \u00e0 un accident vasculaire c\u00e9r\u00e9bral, n\u00e9oplasique ou infectieux. Sa pr\u00e9valence, selon diverses \u00e9tudes, se situe entre 33 % et 52 %. De plus, pr\u00e8s de la moiti\u00e9 des patients pr\u00e9sentent encore cette alt\u00e9ration un an apr\u00e8s avoir subi un dommage c\u00e9r\u00e9bral acquis. Sa pr\u00e9sence constitue un <strong>facteur de mauvais pronostic<\/strong>, car elle se traduit souvent par un <strong>manque de motivation<\/strong>, une <strong>faible adh\u00e9sion au traitement<\/strong>, une <strong>participation limit\u00e9e<\/strong> aux activit\u00e9s programm\u00e9es et des <strong>d\u00e9calages<\/strong> entre les attentes que le patient a de ses capacit\u00e9s et la r\u00e9alit\u00e9.<\/p>\n\n\n\n<h2 class=\"wp-block-heading\"><strong>Approche th\u00e9rapeutique du manque de conscience des d\u00e9ficits dans le dommage c\u00e9r\u00e9bral acquis<\/strong><\/h2>\n\n\n\n<p>Lors de la <strong>planification<\/strong> d\u2019un <strong>programme d\u2019intervention en neuropsychologie<\/strong>, il est recommand\u00e9 de suivre une s\u00e9rie de principes qui nous aideront \u00e0 concevoir la meilleure intervention possible, adapt\u00e9e aux besoins sp\u00e9cifiques de notre patient. Pour ce faire, nous devons <strong>partir de mod\u00e8les th\u00e9oriques de r\u00e9f\u00e9rence<\/strong> qui nous permettent d\u2019interpr\u00e9ter les r\u00e9sultats obtenus aux tests, adopter une <strong>perspective interdisciplinaire et multiple<\/strong> et focaliser la r\u00e9\u00e9ducation davantage sur le <strong>handicap<\/strong> que sur les d\u00e9ficits. Cela implique g\u00e9n\u00e9ralement de r\u00e9aliser une analyse approfondie des cons\u00e9quences fonctionnelles que le dommage c\u00e9r\u00e9bral acquis a eues sur la vie du patient et de tenter d\u2019obtenir la meilleure adaptation socio-professionnelle possible.<\/p>\n\n\n\n<p>Le manque de conscience des d\u00e9ficits peut provoquer une interf\u00e9rence marqu\u00e9e dans la vie quotidienne des personnes souffrant d\u2019un trouble neuropsychologique. De m\u00eame, il peut entraver la <strong>adh\u00e9sion aux s\u00e9ances de r\u00e9\u00e9ducation<\/strong>. C\u2019est pourquoi l\u2019approche th\u00e9rapeutique du manque de conscience des d\u00e9ficits dans le contexte du dommage c\u00e9r\u00e9bral acquis, le cas \u00e9ch\u00e9ant, devient la premi\u00e8re cible th\u00e9rapeutique que le neuropsychologue doit prendre en compte lors de la planification du traitement.<\/p>\n\n\n\n<p>La plupart des programmes d\u2019intervention d\u00e9velopp\u00e9s pour am\u00e9liorer la conscience des d\u00e9ficits ont des <strong>objectifs<\/strong> communs ax\u00e9s sur <strong>l\u2019accroissement de la connaissance de la l\u00e9sion<\/strong> par le patient, le travail sur <strong>l\u2019acceptation de ses limitations<\/strong> et la <strong>r\u00e9duction du d\u00e9calage entre ses attentes de fonctionnement et la performance r\u00e9elle<\/strong>. De plus, \u00e9tablir une bonne <strong>alliance th\u00e9rapeutique<\/strong> est essentiel dans ce processus, surtout si, en augmentant la conscience des d\u00e9ficits, le patient commence \u00e0 manifester des sympt\u00f4mes d\u00e9pressifs, d\u2019anxi\u00e9t\u00e9 ou m\u00eame de d\u00e9ni.<\/p>\n\n\n\n<div style=\"height:50px\" aria-hidden=\"true\" class=\"wp-block-spacer\"><\/div>\n\n\n\n<div class=\"wp-block-group br-0111 has-primary-background-color has-background has-dark-background has-sm-padding-top has-sm-padding-left has-sm-padding-right has-xxl-margin-top\"><div class=\"wp-block-group__inner-container is-layout-constrained wp-block-group-is-layout-constrained\">\n<div class=\"wp-block-columns is-layout-flex wp-container-core-columns-is-layout-9d6595d7 wp-block-columns-is-layout-flex\">\n<div class=\"wp-block-column is-layout-flow wp-block-column-is-layout-flow\">\n<figure class=\"wp-block-image size-full desktop-position-absolute desktop-bottom-0 mobile-width-50 mobile-m-inline-auto has-xl-margin-top\"><img decoding=\"async\" width=\"292\" height=\"338\" src=\"https:\/\/neuronup.com\/fr\/wp-content\/uploads\/2024\/10\/certificat-produit.webp\" alt=\"\" class=\"wp-image-31568\" srcset=\"https:\/\/neuronup.com\/fr\/wp-content\/uploads\/2024\/10\/certificat-produit-259x300.webp 259w, https:\/\/neuronup.com\/fr\/wp-content\/uploads\/2024\/10\/certificat-produit.webp 292w\" sizes=\"(max-width: 292px) 100vw, 292px\" \/><\/figure>\n<\/div>\n\n\n\n<div class=\"wp-block-column is-layout-flow wp-block-column-is-layout-flow\">\n<h2 class=\"wp-block-heading has-white-color has-text-color\"><strong>Abonnez-vous<\/strong> <br>\u00e0 notre <br>Newsletter<\/h2>\n\n\n\n<div class=\"wp-block-buttons is-layout-flex wp-block-buttons-is-layout-flex\">\n<div class=\"wp-block-button--2\" style=\"--button-outline-color:var(--color-white);--button-outline-color-hover:rgba(0,0,0,0.8);\"><a class=\"wp-block-button__link button button-outline   wp-element-button\" href=\"https:\/\/neuronup.com\/fr\/newsletter\/\">Abonnez-vous<\/a><\/div>\n\n<\/div>\n\n\n\n<div style=\"height:40px\" aria-hidden=\"true\" class=\"wp-block-spacer\"><\/div>\n<\/div>\n<\/div>\n<\/div><\/div>\n\n\n\n\n<div style=\"height:50px\" aria-hidden=\"true\" class=\"wp-block-spacer\"><\/div>\n\n\n\n<h3 class=\"wp-block-heading\">Strat\u00e9gies d\u2019intervention pour la r\u00e9\u00e9ducation de la conscience des d\u00e9ficits dans le dommage c\u00e9r\u00e9bral acquis<\/h3>\n\n\n\n<p>Dans une <strong>revue syst\u00e9matique<\/strong> r\u00e9cente, Villalobos et ses collaborateurs (2020) exposent les strat\u00e9gies d\u2019intervention les plus couramment employ\u00e9es dans la r\u00e9\u00e9ducation de la conscience des d\u00e9ficits dans le dommage c\u00e9r\u00e9bral acquis : la <strong>psycho\u00e9ducation<\/strong>, le <strong>feedback<\/strong>, la <strong>confrontation<\/strong>, la <strong>th\u00e9rapie comportementale<\/strong> et la <strong>psychoth\u00e9rapie<\/strong>.<\/p>\n\n\n\n<h4 class=\"wp-block-heading\"><strong>Psycho\u00e9ducation<\/strong><\/h4>\n\n\n\n<p>La psycho\u00e9ducation offre <strong>une information adapt\u00e9e \u00e0 la capacit\u00e9 de compr\u00e9hension<\/strong> du patient sur la nature de son trouble, les d\u00e9ficits associ\u00e9s et les r\u00e9percussions fonctionnelles qu\u2019ils entra\u00eenent, dans le but d\u2019accro\u00eetre sa connaissance de son probl\u00e8me.<\/p>\n\n\n\n<h4 class=\"wp-block-heading\"><strong>Feedback<\/strong><\/h4>\n\n\n\n<p>L\u2019objectif du feedback est d\u2019informer le patient de sa <strong>performance dans une t\u00e2che sp\u00e9cifique<\/strong>. Cela lui permettra de savoir s\u2019il atteint l\u2019objectif ou \u00e0 quel point il en est \u00e9loign\u00e9 afin d\u2019ajuster sa performance ou de chercher des strat\u00e9gies appropri\u00e9es pour y parvenir.<\/p>\n\n\n\n<h4 class=\"wp-block-heading\"><strong>Confrontation<\/strong><\/h4>\n\n\n\n<p>La confrontation est utilis\u00e9e pour mesurer le d\u00e9calage entre les <strong>attentes du patient et sa performance r\u00e9elle<\/strong> dans une t\u00e2che. Pour ce faire, des t\u00e2ches structur\u00e9es sont con\u00e7ues pour permettre <strong>l\u2019autocontr\u00f4le et l\u2019auto\u00e9valuation<\/strong>, en partant toujours des capacit\u00e9s actuelles du patient. Le patient doit pr\u00e9voir sa performance dans la t\u00e2che avant de l\u2019ex\u00e9cuter puis, ensuite, l\u2019analyser et la comparer au r\u00e9sultat obtenu. L\u2019essai exp\u00e9rientiel a souvent un grand impact sur la prise de conscience de la nouvelle r\u00e9alit\u00e9 par les patients. C\u2019est pourquoi il est n\u00e9cessaire de proc\u00e9der avec prudence et d\u2019\u00e9valuer soigneusement les avantages et les inconv\u00e9nients de ce type d\u2019intervention, ainsi que de choisir le moment le plus opportun dans le processus de r\u00e9\u00e9ducation du dommage c\u00e9r\u00e9bral acquis.<\/p>\n\n\n\n<h4 class=\"wp-block-heading\"><strong>Th\u00e9rapie comportementale<\/strong><\/h4>\n\n\n\n<p>Pr\u00e9cis\u00e9ment, lorsque nous soup\u00e7onnons que la confrontation peut provoquer <strong>de l\u2019anxi\u00e9t\u00e9 ou \u00eatre psychologiquement pr\u00e9judiciable<\/strong> pour le patient, il convient de commencer par l\u2019entra\u00eenement aux strat\u00e9gies compensatoires ainsi que de travailler l\u2019acquisition d\u2019habitudes proc\u00e9durales permettant au patient de gagner en fonctionnalit\u00e9.<\/p>\n\n\n\n<h4 class=\"wp-block-heading\"><strong>Psychoth\u00e9rapie<\/strong><\/h4>\n\n\n\n<p>La psychoth\u00e9rapie peut \u00eatre utile \u00e0 diff\u00e9rentes \u00e9tapes de la r\u00e9cup\u00e9ration du dommage c\u00e9r\u00e9bral acquis, en particulier lorsqu\u2019elle int\u00e8gre <strong>le manque de conscience des d\u00e9ficits<\/strong>. Dans la communaut\u00e9 scientifique, la controverse porte sur l\u2019\u00e9tiologie de l\u2019<strong>anosognosie<\/strong>, qui pourrait avoir une origine neurologique, mais aussi psychologique, via des m\u00e9canismes de d\u00e9ni. Quoi qu\u2019il en soit, la psychoth\u00e9rapie peut \u00eatre utile tant pour aider le patient \u00e0 g\u00e9rer les <strong>troubles \u00e9motionnels<\/strong> que ce type de trouble entra\u00eene, que pour r\u00e9tablir un nouveau sens \u00e0 sa vie, ainsi que pour d\u00e9finir de nouveaux objectifs adapt\u00e9s \u00e0 sa nouvelle r\u00e9alit\u00e9.<\/p>\n\n\n\n<h2 class=\"wp-block-heading\"><strong>Conclusions sur la conscience des d\u00e9ficits comme facteur cl\u00e9 dans la r\u00e9cup\u00e9ration du dommage c\u00e9r\u00e9bral acquis<\/strong><\/h2>\n\n\n\n<p>L\u2019<strong>approche th\u00e9rapeutique du manque de conscience des d\u00e9ficits<\/strong> suscite un int\u00e9r\u00eat croissant tant chez les chercheurs que chez les neuropsychologues. Comme nous l\u2019avons vu, <strong>r\u00e9habiliter une alt\u00e9ration cognitive, \u00e9motionnelle ou comportementale<\/strong> apr\u00e8s un dommage c\u00e9r\u00e9bral acquis peut s\u2019av\u00e9rer bien plus difficile si le patient n\u2019est pas conscient de son d\u00e9ficit. De nombreuses recherches ont soulign\u00e9 la <strong>capacit\u00e9 pr\u00e9dictive<\/strong> du manque de conscience des d\u00e9ficits pour la r\u00e9insertion des patients affect\u00e9s par un dommage c\u00e9r\u00e9bral acquis. En effet, plus la conscience du d\u00e9ficit est faible, plus la r\u00e9insertion est m\u00e9diocre.<\/p>\n\n\n\n<p>C\u2019est pourquoi il devient de plus en plus n\u00e9cessaire de d\u00e9velopper de nouveaux mod\u00e8les th\u00e9oriques, des outils de mesure et des programmes de r\u00e9\u00e9ducation qui nous permettent de progresser afin d\u2019offrir aux patients les meilleures ressources th\u00e9rapeutiques adapt\u00e9es \u00e0 leur trouble. Il est \u00e9vident que, d\u2019une certaine fa\u00e7on, nous abordons d\u00e9j\u00e0 ces aspects avec les patients, mais cela doit se faire de mani\u00e8re plus <strong>syst\u00e9matique et structur\u00e9e<\/strong>. Ce n\u2019est qu\u2019ainsi que nous pourrons am\u00e9liorer la compr\u00e9hension des <strong>processus de surveillance de la conscience<\/strong> et contribuer au d\u00e9veloppement d\u2019une neuropsychologie bas\u00e9e sur les preuves.<\/p>\n\n\n\n<h2 class=\"wp-block-heading\"><strong>R\u00e9f\u00e9rences sur le dommage c\u00e9r\u00e9bral acquis et la conscience des d\u00e9ficits<\/strong><\/h2>\n\n\n\n<ul class=\"wp-block-list has-sm-font-size\">\n<li>Adolphs, R. (2015). The unsolved problems of neuroscience. <em>Trends in Cognitive Science<\/em>,<em> 19<\/em>(4) 173-75.<\/li>\n\n\n\n<li>Aznar-Casanova, J.A. (2017). <em>La consciencia: la interfaz polin\u00f3mica de la subjetividad<\/em>. Madrid: Pir\u00e1mide.<\/li>\n\n\n\n<li>Locke, J. (1690\/1980). <em>Ensayo sobre el entendimiento humano<\/em>. Editora Nacional, Madrid.<\/li>\n\n\n\n<li>Flashman, L. A. &amp; McAllister, T.W. (2002). Lack of awareness and its imact in traumatic brain injury. <em>Neurorrehabilitation, 17<\/em>(4), 185-96.<\/li>\n\n\n\n<li>Graziano, M. (2015). <em>Consciousness and the social brain<\/em>. New York: Oxford University Press.<\/li>\n\n\n\n<li>Gonz\u00e1lez, B., Pa\u00fal, N., Bl\u00e1zquez, J. L. &amp; R\u00edos, M. (2006). Factores relacionados con la falta de consciencia de los d\u00e9ficits en el da\u00f1o cerebral. <em>Acci\u00f3n Psicol\u00f3gica, 4<\/em>(3), 87-99.<\/li>\n\n\n\n<li>Mu\u00f1oz-C\u00e9spedes, J.M. &amp; Tirapu-Ust\u00e1rroz, J. (2001). <em>Rehabilitaci\u00f3n neuropsicol\u00f3gica<\/em>. Madrid: S\u00edntesis<\/li>\n\n\n\n<li>Robertson, K. &amp; Schmitter-Edgecombe, M. (2015). Self-awareness and traumatic brain injury outcome, <em>Brain Injury<\/em>, 29:7-8, 848-858, DOI: 10.3109\/02699052.2015.1005135.<\/li>\n\n\n\n<li>Tirapu-Ust\u00e1rroz, J. (2008). <em>\u00bfPara qu\u00e9 sirve el cerebro?<\/em> Bilbao: Descl\u00e9e de Brouwer.<\/li>\n<\/ul>\n\n\n\n<h3 class=\"wp-block-heading\">Si cet article sur<strong> la conscience des d\u00e9ficits dans la r\u00e9cup\u00e9ration du dommage c\u00e9r\u00e9bral acquis<\/strong> vous a plu, ces publications de&nbsp;<strong>NeuronUP<\/strong> pourraient vous int\u00e9resser&nbsp;:<\/h3>\n\n\n<div class=\"mai-grid entries entries-grid has-boxed has-image-full\" style=\"--entry-title-font-size:var(--font-size-lg);--align-text:start;--entry-meta-text-align:start;\"><div class=\"entries-wrap has-columns\" style=\"--columns-xs:1\/1;--columns-sm:1\/1;--columns-md:1\/3;--columns-lg:1\/3;--flex-xs:0 0 var(--flex-basis);--flex-sm:0 0 var(--flex-basis);--flex-md:0 0 var(--flex-basis);--flex-lg:0 0 var(--flex-basis);--column-gap:var(--spacing-lg);--row-gap:var(--spacing-lg);--align-columns:start;\"><article class=\"entry entry-grid is-column has-entry-link has-image has-image-first type-post category-alzheimer tag-alzheimer tag-enfants tag-maladie-dalzheimer tag-personnes-agees\" style=\"--entry-index:1;\" aria-label=\"Comment expliquer ce qu&#8217;est Alzheimer aux enfants?\" itemscope itemtype=\"https:\/\/schema.org\/CreativeWork\"><a class=\"entry-image-link\" href=\"https:\/\/neuronup.com\/fr\/actualites-de-la-stimulation-cognitive\/maladies-neurodegeneratives\/alzheimer\/comment-expliquer-ce-quest-alzheimer-aux-enfants\/\" tabindex=\"-1\" aria-hidden=\"true\"><img decoding=\"async\" width=\"400\" height=\"300\" src=\"https:\/\/neuronup.com\/fr\/wp-content\/uploads\/2024\/11\/Comment-expliquer-ce-quest-Alzheimer-aux-enfants--400x300.webp\" class=\"entry-image size-landscape-sm\" alt=\"Homme \u00e2g\u00e9 \u00e0 la barbe souriant interagit avec un jeune gar\u00e7on qui touche sa barbe, dans un d\u00e9cor naturel automnal.\" srcset=\"https:\/\/neuronup.com\/fr\/wp-content\/uploads\/2024\/11\/Comment-expliquer-ce-quest-Alzheimer-aux-enfants--400x300.webp 400w, https:\/\/neuronup.com\/fr\/wp-content\/uploads\/2024\/11\/Comment-expliquer-ce-quest-Alzheimer-aux-enfants--800x600.webp 800w, https:\/\/neuronup.com\/fr\/wp-content\/uploads\/2024\/11\/Comment-expliquer-ce-quest-Alzheimer-aux-enfants--1200x900.webp 1200w\" sizes=\"(max-width:599px) 599px, (min-width:600px) and (max-width: 799px) 799px, (min-width:800px) and (max-width: 999px) 333px, (min-width:1000px) 400px\" \/><\/a><div class=\"entry-wrap entry-wrap-grid\"><h3 class=\"entry-title\" itemprop=\"headline\"><a class=\"entry-title-link\" href=\"https:\/\/neuronup.com\/fr\/actualites-de-la-stimulation-cognitive\/maladies-neurodegeneratives\/alzheimer\/comment-expliquer-ce-quest-alzheimer-aux-enfants\/\" rel=\"bookmark\">Comment expliquer ce qu&#8217;est Alzheimer aux enfants?<\/a><\/h3>\n<\/div><\/article><article class=\"entry entry-grid is-column has-entry-link has-image has-image-first type-post category-troubles-du-langage tag-neuronup tag-troubles-neurodeveloppementaux\" style=\"--entry-index:2;\" aria-label=\"Intervention neuropsychologique avec NeuronUP pour les troubles sp\u00e9cifiques du langage\" itemscope itemtype=\"https:\/\/schema.org\/CreativeWork\"><a class=\"entry-image-link\" href=\"https:\/\/neuronup.com\/fr\/actualites-de-la-stimulation-cognitive\/troubles-du-langage\/intervention-neuropsychologique-avec-neuronup-pour-les-troubles-specifiques-du-langage\/\" tabindex=\"-1\" aria-hidden=\"true\"><img decoding=\"async\" width=\"400\" height=\"300\" src=\"https:\/\/neuronup.com\/fr\/wp-content\/uploads\/2024\/11\/image-1200x700-1-1-400x300.webp\" class=\"entry-image size-landscape-sm\" alt=\"Enfant blond assis \u00e0 une table tenant une carte de lettre S; sourire et \u00e9coute par une femme brune dans un cadre \u00e9ducatif.\" srcset=\"https:\/\/neuronup.com\/fr\/wp-content\/uploads\/2024\/11\/image-1200x700-1-1-400x300.webp 400w, https:\/\/neuronup.com\/fr\/wp-content\/uploads\/2024\/11\/image-1200x700-1-1-800x600.webp 800w\" sizes=\"(max-width:599px) 599px, (min-width:600px) and (max-width: 799px) 799px, (min-width:800px) and (max-width: 999px) 333px, (min-width:1000px) 400px\" \/><\/a><div class=\"entry-wrap entry-wrap-grid\"><h3 class=\"entry-title\" itemprop=\"headline\"><a class=\"entry-title-link\" href=\"https:\/\/neuronup.com\/fr\/actualites-de-la-stimulation-cognitive\/troubles-du-langage\/intervention-neuropsychologique-avec-neuronup-pour-les-troubles-specifiques-du-langage\/\" rel=\"bookmark\">Intervention neuropsychologique avec NeuronUP pour les troubles sp\u00e9cifiques du langage<\/a><\/h3>\n<\/div><\/article><article class=\"entry entry-grid is-column has-entry-link has-image has-image-first type-post category-nouveautes-neuronup tag-neuronup\" style=\"--entry-index:3;\" aria-label=\"Travail en groupe avec NeuronUP\" itemscope itemtype=\"https:\/\/schema.org\/CreativeWork\"><a class=\"entry-image-link\" href=\"https:\/\/neuronup.com\/fr\/nouveautes-neuronup\/travail-en-groupe-avec-neuronup\/\" tabindex=\"-1\" aria-hidden=\"true\"><img decoding=\"async\" width=\"400\" height=\"282\" src=\"https:\/\/neuronup.com\/fr\/wp-content\/uploads\/2021\/11\/Captura-1-1.webp\" class=\"entry-image size-landscape-sm\" alt=\"Grille color\u00e9e 5x10 avec A \u00e0 E et 1 \u00e0 10; case bleue ENCUENTRA en haut, exercice de rep\u00e9rage des couleurs.\" srcset=\"https:\/\/neuronup.com\/fr\/wp-content\/uploads\/2021\/11\/Captura-1-1-300x211.webp 300w, https:\/\/neuronup.com\/fr\/wp-content\/uploads\/2021\/11\/Captura-1-1.webp 612w\" sizes=\"(max-width:599px) 599px, (min-width:600px) and (max-width: 799px) 799px, (min-width:800px) and (max-width: 999px) 333px, (min-width:1000px) 400px\" \/><\/a><div class=\"entry-wrap entry-wrap-grid\"><h3 class=\"entry-title\" itemprop=\"headline\"><a class=\"entry-title-link\" href=\"https:\/\/neuronup.com\/fr\/nouveautes-neuronup\/travail-en-groupe-avec-neuronup\/\" rel=\"bookmark\">Travail en groupe avec NeuronUP<\/a><\/h3>\n<\/div><\/article><article class=\"entry entry-grid is-column has-entry-link has-image has-image-first type-post category-neuronup-academie tag-academie-neuronup\" style=\"--entry-index:4;\" aria-label=\"Syndromes de l\u2019h\u00e9misph\u00e8re droit : Aar\u00f3n Del Olmo r\u00e9pond aux questions\" itemscope itemtype=\"https:\/\/schema.org\/CreativeWork\"><a class=\"entry-image-link\" href=\"https:\/\/neuronup.com\/fr\/formation\/neuronup-academie\/syndromes-de-lhemisphere-droit-aaron-del-olmo-repond-aux-questions\/\" tabindex=\"-1\" aria-hidden=\"true\"><img decoding=\"async\" width=\"400\" height=\"240\" src=\"https:\/\/neuronup.com\/fr\/wp-content\/uploads\/2023\/08\/El-neuropsicologo-clinico-Aaron-F.-Del-Olmo-imparte-una-ponencia-sobre-Neurodesarrollo-y-redes-cerebrales-1.webp\" class=\"entry-image size-landscape-sm\" alt=\"Le neuropsychologue clinicien Aaron F. Del Olmo en pleine conf\u00e9rence sur le neurod\u00e9veloppement et les r\u00e9seaux c\u00e9r\u00e9braux.\" srcset=\"https:\/\/neuronup.com\/fr\/wp-content\/uploads\/2023\/08\/El-neuropsicologo-clinico-Aaron-F.-Del-Olmo-imparte-una-ponencia-sobre-Neurodesarrollo-y-redes-cerebrales-1-300x180.webp 300w, https:\/\/neuronup.com\/fr\/wp-content\/uploads\/2023\/08\/El-neuropsicologo-clinico-Aaron-F.-Del-Olmo-imparte-una-ponencia-sobre-Neurodesarrollo-y-redes-cerebrales-1-768x461.webp 768w, https:\/\/neuronup.com\/fr\/wp-content\/uploads\/2023\/08\/El-neuropsicologo-clinico-Aaron-F.-Del-Olmo-imparte-una-ponencia-sobre-Neurodesarrollo-y-redes-cerebrales-1-1024x614.webp 1024w, https:\/\/neuronup.com\/fr\/wp-content\/uploads\/2023\/08\/El-neuropsicologo-clinico-Aaron-F.-Del-Olmo-imparte-una-ponencia-sobre-Neurodesarrollo-y-redes-cerebrales-1.webp 1280w\" sizes=\"(max-width:599px) 599px, (min-width:600px) and (max-width: 799px) 799px, (min-width:800px) and (max-width: 999px) 333px, (min-width:1000px) 400px\" \/><\/a><div class=\"entry-wrap entry-wrap-grid\"><h3 class=\"entry-title\" itemprop=\"headline\"><a class=\"entry-title-link\" href=\"https:\/\/neuronup.com\/fr\/formation\/neuronup-academie\/syndromes-de-lhemisphere-droit-aaron-del-olmo-repond-aux-questions\/\" rel=\"bookmark\">Syndromes de l\u2019h\u00e9misph\u00e8re droit : Aar\u00f3n Del Olmo r\u00e9pond aux questions<\/a><\/h3>\n<\/div><\/article><article class=\"entry entry-grid is-column has-entry-link has-image has-image-first type-post category-alzheimer tag-alzheimer tag-memoire tag-mon-experience-avec-neuronup tag-neuronup tag-stimulation-cognitive\" style=\"--entry-index:5;\" aria-label=\"D\u00e9pistage de la maladie d&#8217;Alzheimer chez les personnes \u00e2g\u00e9es\" itemscope itemtype=\"https:\/\/schema.org\/CreativeWork\"><a class=\"entry-image-link\" href=\"https:\/\/neuronup.com\/fr\/actualites-de-la-stimulation-cognitive\/maladies-neurodegeneratives\/alzheimer\/depistage-de-la-maladie-dalzheimer-chez-les-personnes-agees\/\" tabindex=\"-1\" aria-hidden=\"true\"><img decoding=\"async\" width=\"400\" height=\"300\" src=\"https:\/\/neuronup.com\/fr\/wp-content\/uploads\/2024\/11\/Depistage-de-la-maladie-dAlzheimer-chez-les-personnes-agees-400x300.webp\" class=\"entry-image size-landscape-sm\" alt=\"Deux mains qui se touchent, symbole de soutien et de d\u00e9pistage, avec le bandeau D\u00e9pistage de la maladie d&#039;Alzheimer chez les personnes \u00e2g\u00e9es.\" srcset=\"https:\/\/neuronup.com\/fr\/wp-content\/uploads\/2024\/11\/Depistage-de-la-maladie-dAlzheimer-chez-les-personnes-agees-400x300.webp 400w, https:\/\/neuronup.com\/fr\/wp-content\/uploads\/2024\/11\/Depistage-de-la-maladie-dAlzheimer-chez-les-personnes-agees-800x600.webp 800w, https:\/\/neuronup.com\/fr\/wp-content\/uploads\/2024\/11\/Depistage-de-la-maladie-dAlzheimer-chez-les-personnes-agees-1200x900.webp 1200w\" sizes=\"(max-width:599px) 599px, (min-width:600px) and (max-width: 799px) 799px, (min-width:800px) and (max-width: 999px) 333px, (min-width:1000px) 400px\" \/><\/a><div class=\"entry-wrap entry-wrap-grid\"><h3 class=\"entry-title\" itemprop=\"headline\"><a class=\"entry-title-link\" href=\"https:\/\/neuronup.com\/fr\/actualites-de-la-stimulation-cognitive\/maladies-neurodegeneratives\/alzheimer\/depistage-de-la-maladie-dalzheimer-chez-les-personnes-agees\/\" rel=\"bookmark\">D\u00e9pistage de la maladie d&#8217;Alzheimer chez les personnes \u00e2g\u00e9es<\/a><\/h3>\n<\/div><\/article><article class=\"entry entry-grid is-column has-entry-link has-image has-image-first type-post category-avc tag-avc tag-heminegligence tag-reeducation-cognitive tag-reeducation-cognitive-avec-neuronup\" style=\"--entry-index:6;\" aria-label=\"La r\u00e9\u00e9ducation de l&#8217;h\u00e9min\u00e9gligence apr\u00e8s un AVC\" itemscope itemtype=\"https:\/\/schema.org\/CreativeWork\"><a class=\"entry-image-link\" href=\"https:\/\/neuronup.com\/fr\/actualites-de-la-stimulation-cognitive\/lesions-cerebrales\/avc\/la-reeducation-de-lheminegligence-apres-un-avc\/\" tabindex=\"-1\" aria-hidden=\"true\"><img decoding=\"async\" width=\"400\" height=\"300\" src=\"https:\/\/neuronup.com\/fr\/wp-content\/uploads\/2024\/11\/Reeducation-de-lheminegligence-apres-un-A.V.C.-2-400x300.webp\" class=\"entry-image size-landscape-sm\" alt=\"Personne portant un dispositif de stimulation cr\u00e2nienne sur la t\u00eate; texte explicatif sur l&#039;h\u00e9min\u00e9gligence apr\u00e8s AVC.\" srcset=\"https:\/\/neuronup.com\/fr\/wp-content\/uploads\/2024\/11\/Reeducation-de-lheminegligence-apres-un-A.V.C.-2-400x300.webp 400w, https:\/\/neuronup.com\/fr\/wp-content\/uploads\/2024\/11\/Reeducation-de-lheminegligence-apres-un-A.V.C.-2-800x600.webp 800w, https:\/\/neuronup.com\/fr\/wp-content\/uploads\/2024\/11\/Reeducation-de-lheminegligence-apres-un-A.V.C.-2-1200x900.webp 1200w\" sizes=\"(max-width:599px) 599px, (min-width:600px) and (max-width: 799px) 799px, (min-width:800px) and (max-width: 999px) 333px, (min-width:1000px) 400px\" \/><\/a><div class=\"entry-wrap entry-wrap-grid\"><h3 class=\"entry-title\" itemprop=\"headline\"><a class=\"entry-title-link\" href=\"https:\/\/neuronup.com\/fr\/actualites-de-la-stimulation-cognitive\/lesions-cerebrales\/avc\/la-reeducation-de-lheminegligence-apres-un-avc\/\" rel=\"bookmark\">La r\u00e9\u00e9ducation de l&#8217;h\u00e9min\u00e9gligence apr\u00e8s un AVC<\/a><\/h3>\n<\/div><\/article><\/div><\/div>","protected":false},"excerpt":{"rendered":"<p>L\u2019\u00e9tude de la conscience reste un myst\u00e8re pour la science contemporaine. Cependant, elle devient de plus en plus un facteur cl\u00e9 pour la r\u00e9cup\u00e9ration des patients ayant subi un dommage c\u00e9r\u00e9bral acquis. De nombreux processus th\u00e9rapeutiques de r\u00e9\u00e9ducation neuropsychologique \u00e9chouent faute de la collaboration du patient, qui ne suit pas les directives prescrites, refuse de &hellip;<\/p>\n","protected":false},"author":323,"featured_media":41694,"comment_status":"open","ping_status":"open","sticky":false,"template":"","format":"standard","meta":{"_acf_changed":false,"_genesis_hide_title":false,"_genesis_hide_breadcrumbs":false,"_genesis_hide_singular_image":false,"_genesis_hide_footer_widgets":false,"_genesis_custom_body_class":"","_genesis_custom_post_class":"","_genesis_layout":"","footnotes":""},"categories":[573],"tags":[1069,669],"class_list":{"2":"type-post","7":"category-lesions-cerebrales","8":"tag-lesion-cerebrale-acquise","9":"tag-neuropsychologie","10":"entry"},"acf":[],"_links":{"self":[{"href":"https:\/\/neuronup.com\/fr\/wp-json\/wp\/v2\/posts\/7395","targetHints":{"allow":["GET"]}}],"collection":[{"href":"https:\/\/neuronup.com\/fr\/wp-json\/wp\/v2\/posts"}],"about":[{"href":"https:\/\/neuronup.com\/fr\/wp-json\/wp\/v2\/types\/post"}],"author":[{"embeddable":true,"href":"https:\/\/neuronup.com\/fr\/wp-json\/wp\/v2\/users\/323"}],"replies":[{"embeddable":true,"href":"https:\/\/neuronup.com\/fr\/wp-json\/wp\/v2\/comments?post=7395"}],"version-history":[{"count":0,"href":"https:\/\/neuronup.com\/fr\/wp-json\/wp\/v2\/posts\/7395\/revisions"}],"wp:featuredmedia":[{"embeddable":true,"href":"https:\/\/neuronup.com\/fr\/wp-json\/wp\/v2\/media\/41694"}],"wp:attachment":[{"href":"https:\/\/neuronup.com\/fr\/wp-json\/wp\/v2\/media?parent=7395"}],"wp:term":[{"taxonomy":"category","embeddable":true,"href":"https:\/\/neuronup.com\/fr\/wp-json\/wp\/v2\/categories?post=7395"},{"taxonomy":"post_tag","embeddable":true,"href":"https:\/\/neuronup.com\/fr\/wp-json\/wp\/v2\/tags?post=7395"}],"curies":[{"name":"wp","href":"https:\/\/api.w.org\/{rel}","templated":true}]}}